{"id":11936,"date":"2025-06-27T10:31:55","date_gmt":"2025-06-27T13:31:55","guid":{"rendered":"https:\/\/www.padreeustaquio.com.br\/?p=11936"},"modified":"2025-06-27T10:31:55","modified_gmt":"2025-06-27T13:31:55","slug":"los-escritos-del-padre-eustaquio-retratan-el-corazon-de-jesus-como-un-oceano-de-bondad","status":"publish","type":"post","link":"https:\/\/www.padreeustaquio.com.br\/es\/los-escritos-del-padre-eustaquio-retratan-el-corazon-de-jesus-como-un-oceano-de-bondad\/","title":{"rendered":"Los escritos del Padre Eust\u00e1quio retratan el Coraz\u00f3n de Jes\u00fas como un \u201coc\u00e9ano de bondad\u201d.\u201d"},"content":{"rendered":"<p>El Beato Padre Eustaquio cultiv\u00f3 una profunda devoci\u00f3n al Sagrado Coraz\u00f3n de Jes\u00fas, que impregn\u00f3 toda su vida y misi\u00f3n sacerdotal. Miembro de la Congregaci\u00f3n de los Sagrados Corazones, vio en el Coraz\u00f3n de Jes\u00fas la fuente inagotable de amor y misericordia para la humanidad.<\/p>\n<p>\u201c&quot;Coraz\u00f3n de Jes\u00fas, oc\u00e9ano de bondad, fuente perenne de misericordia, d\u00edgnate escuchar mis oraciones.&quot;\u201d<\/p>\n<p>En sus escritos, el Padre Eustace enfatiz\u00f3 que la principal devoci\u00f3n del cristiano debe ser amar a Jesucristo. Record\u00f3 las revelaciones de Jes\u00fas a Santa Margarita Mar\u00eda Alacoque, en las que el Se\u00f1or expres\u00f3 el deseo de que su Coraz\u00f3n fuera honrado con especial devoci\u00f3n para reparar las ofensas recibidas en el Sacramento de la Eucarist\u00eda.<\/p>\n<p>\u201cPoseemos la realidad viva y palpitante de su amor. Ese Coraz\u00f3n vivo que fue el primer continente y motor de la vida org\u00e1nica de Jes\u00fas, lo poseemos.\u201d<\/p>","protected":false},"excerpt":{"rendered":"<p>O Beato Padre Eust\u00e1quio, cultivou uma profunda devo\u00e7\u00e3o ao Sagrado Cora\u00e7\u00e3o de Jesus, que permeou toda a sua vida e miss\u00e3o sacerdotal. Membro da Congrega\u00e7\u00e3o dos Sagrados Cora\u00e7\u00f5es, ele via no Cora\u00e7\u00e3o de Jesus a fonte inesgot\u00e1vel de amor e miseric\u00f3rdia para a humanidade. &#8220;Cora\u00e7\u00e3o de Jesus, oceano de bondade, fonte perene de miseric\u00f3rdia, dignai-vos atender as minhas ora\u00e7\u00f5es.&#8221; Em seus escritos, Padre Eust\u00e1quio enfatizava que a principal devo\u00e7\u00e3o do crist\u00e3o deve ser amar a Jesus Cristo. Ele recordava as revela\u00e7\u00f5es de Jesus a Santa Margarida Maria Alacoque, nas quais o Senhor expressava o desejo de que Seu Cora\u00e7\u00e3o fosse [&hellip;]<\/p>\n","protected":false},"author":2,"featured_media":11937,"comment_status":"open","ping_status":"closed","sticky":false,"template":"","format":"standard","meta":{"_acf_changed":false,"footnotes":""},"categories":[611],"tags":[],"class_list":["post-11936","post","type-post","status-publish","format-standard","has-post-thumbnail","hentry","category-noticias"],"acf":[],"yoast_head":"<!-- This site is optimized with the Yoast SEO plugin v27.2 - https:\/\/yoast.com\/product\/yoast-seo-wordpress\/ -->\n<title>Escritos do Padre Eust\u00e1quio trazem o Cora\u00e7\u00e3o de Jesus como &quot;oceano de bondade&quot;<\/title>\n<meta name=\"description\" content=\"O Beato Padre Eust\u00e1quio, cultivou uma profunda devo\u00e7\u00e3o ao Sagrado Cora\u00e7\u00e3o de Jesus, que permeou toda a sua vida e miss\u00e3o sacerdotal. Membro da Congrega\u00e7\u00e3o dos Sagrados Cora\u00e7\u00f5es, ele via no Cora\u00e7\u00e3o de Jesus a fonte inesgot\u00e1vel de amor e miseric\u00f3rdia para a humanidade.\" \/>\n<meta name=\"robots\" content=\"index, follow, max-snippet:-1, max-image-preview:large, max-video-preview:-1\" \/>\n<link rel=\"canonical\" href=\"https:\/\/www.padreeustaquio.com.br\/es\/los-escritos-del-padre-eustaquio-retratan-el-corazon-de-jesus-como-un-oceano-de-bondad\/\" \/>\n<meta property=\"og:locale\" content=\"es_ES\" \/>\n<meta property=\"og:type\" content=\"article\" \/>\n<meta property=\"og:title\" content=\"Escritos do Padre Eust\u00e1quio trazem o Cora\u00e7\u00e3o de Jesus como &quot;oceano de bondade&quot;\" \/>\n<meta property=\"og:description\" content=\"O Beato Padre Eust\u00e1quio, cultivou uma profunda devo\u00e7\u00e3o ao Sagrado Cora\u00e7\u00e3o de Jesus, que permeou toda a sua vida e miss\u00e3o sacerdotal. Membro da Congrega\u00e7\u00e3o dos Sagrados Cora\u00e7\u00f5es, ele via no Cora\u00e7\u00e3o de Jesus a fonte inesgot\u00e1vel de amor e miseric\u00f3rdia para a humanidade.\" \/>\n<meta property=\"og:url\" content=\"https:\/\/www.padreeustaquio.com.br\/es\/los-escritos-del-padre-eustaquio-retratan-el-corazon-de-jesus-como-un-oceano-de-bondad\/\" \/>\n<meta property=\"og:site_name\" content=\"Padre Eust\u00e1quio\" \/>\n<meta property=\"article:publisher\" content=\"https:\/\/www.facebook.com\/beatopadreeustaquio\/\" \/>\n<meta property=\"article:published_time\" content=\"2025-06-27T13:31:55+00:00\" \/>\n<meta property=\"og:image\" content=\"https:\/\/www.padreeustaquio.com.br\/wp-content\/uploads\/2025\/06\/pe-e-o-sag.-cor-de-jesus.jpg\" \/>\n\t<meta property=\"og:image:width\" content=\"748\" \/>\n\t<meta property=\"og:image:height\" content=\"394\" \/>\n\t<meta property=\"og:image:type\" content=\"image\/jpeg\" \/>\n<meta name=\"author\" content=\"@sscc\" \/>\n<meta name=\"twitter:card\" content=\"summary_large_image\" \/>\n<meta name=\"twitter:creator\" content=\"@beatopeustaquio\" \/>\n<meta name=\"twitter:site\" content=\"@beatopeustaquio\" \/>\n<meta name=\"twitter:label1\" content=\"Escrito por\" \/>\n\t<meta name=\"twitter:data1\" content=\"@sscc\" \/>\n\t<meta name=\"twitter:label2\" content=\"Tiempo de lectura\" \/>\n\t<meta name=\"twitter:data2\" content=\"1 minuto\" \/>\n<script type=\"application\/ld+json\" class=\"yoast-schema-graph\">{\"@context\":\"https:\/\/schema.org\",\"@graph\":[{\"@type\":\"Article\",\"@id\":\"https:\/\/www.padreeustaquio.com.br\/escritos-do-padre-eustaquio-trazem-o-coracao-de-jesus-como-oceano-de-bondade\/#article\",\"isPartOf\":{\"@id\":\"https:\/\/www.padreeustaquio.com.br\/escritos-do-padre-eustaquio-trazem-o-coracao-de-jesus-como-oceano-de-bondade\/\"},\"author\":{\"name\":\"@sscc\",\"@id\":\"https:\/\/www.padreeustaquio.com.br\/#\/schema\/person\/a2a51db1d00f1a7af0204a0f1ddb1566\"},\"headline\":\"Escritos do Padre Eust\u00e1quio trazem o Cora\u00e7\u00e3o de Jesus como &#8220;oceano de bondade&#8221;\",\"datePublished\":\"2025-06-27T13:31:55+00:00\",\"mainEntityOfPage\":{\"@id\":\"https:\/\/www.padreeustaquio.com.br\/escritos-do-padre-eustaquio-trazem-o-coracao-de-jesus-como-oceano-de-bondade\/\"},\"wordCount\":178,\"commentCount\":0,\"publisher\":{\"@id\":\"https:\/\/www.padreeustaquio.com.br\/#organization\"},\"image\":{\"@id\":\"https:\/\/www.padreeustaquio.com.br\/escritos-do-padre-eustaquio-trazem-o-coracao-de-jesus-como-oceano-de-bondade\/#primaryimage\"},\"thumbnailUrl\":\"https:\/\/www.padreeustaquio.com.br\/wp-content\/uploads\/2025\/06\/pe-e-o-sag.-cor-de-jesus.jpg\",\"articleSection\":[\"Not\u00edcias\"],\"inLanguage\":\"es\",\"potentialAction\":[{\"@type\":\"CommentAction\",\"name\":\"Comment\",\"target\":[\"https:\/\/www.padreeustaquio.com.br\/escritos-do-padre-eustaquio-trazem-o-coracao-de-jesus-como-oceano-de-bondade\/#respond\"]}]},{\"@type\":\"WebPage\",\"@id\":\"https:\/\/www.padreeustaquio.com.br\/escritos-do-padre-eustaquio-trazem-o-coracao-de-jesus-como-oceano-de-bondade\/\",\"url\":\"https:\/\/www.padreeustaquio.com.br\/escritos-do-padre-eustaquio-trazem-o-coracao-de-jesus-como-oceano-de-bondade\/\",\"name\":\"Escritos do Padre Eust\u00e1quio trazem o Cora\u00e7\u00e3o de Jesus como \\\"oceano de bondade\\\"\",\"isPartOf\":{\"@id\":\"https:\/\/www.padreeustaquio.com.br\/#website\"},\"primaryImageOfPage\":{\"@id\":\"https:\/\/www.padreeustaquio.com.br\/escritos-do-padre-eustaquio-trazem-o-coracao-de-jesus-como-oceano-de-bondade\/#primaryimage\"},\"image\":{\"@id\":\"https:\/\/www.padreeustaquio.com.br\/escritos-do-padre-eustaquio-trazem-o-coracao-de-jesus-como-oceano-de-bondade\/#primaryimage\"},\"thumbnailUrl\":\"https:\/\/www.padreeustaquio.com.br\/wp-content\/uploads\/2025\/06\/pe-e-o-sag.-cor-de-jesus.jpg\",\"datePublished\":\"2025-06-27T13:31:55+00:00\",\"description\":\"O Beato Padre Eust\u00e1quio, cultivou uma profunda devo\u00e7\u00e3o ao Sagrado Cora\u00e7\u00e3o de Jesus, que permeou toda a sua vida e miss\u00e3o sacerdotal. Membro da Congrega\u00e7\u00e3o dos Sagrados Cora\u00e7\u00f5es, ele via no Cora\u00e7\u00e3o de Jesus a fonte inesgot\u00e1vel de amor e miseric\u00f3rdia para a humanidade.\",\"breadcrumb\":{\"@id\":\"https:\/\/www.padreeustaquio.com.br\/escritos-do-padre-eustaquio-trazem-o-coracao-de-jesus-como-oceano-de-bondade\/#breadcrumb\"},\"inLanguage\":\"es\",\"potentialAction\":[{\"@type\":\"ReadAction\",\"target\":[\"https:\/\/www.padreeustaquio.com.br\/escritos-do-padre-eustaquio-trazem-o-coracao-de-jesus-como-oceano-de-bondade\/\"]}]},{\"@type\":\"ImageObject\",\"inLanguage\":\"es\",\"@id\":\"https:\/\/www.padreeustaquio.com.br\/escritos-do-padre-eustaquio-trazem-o-coracao-de-jesus-como-oceano-de-bondade\/#primaryimage\",\"url\":\"https:\/\/www.padreeustaquio.com.br\/wp-content\/uploads\/2025\/06\/pe-e-o-sag.-cor-de-jesus.jpg\",\"contentUrl\":\"https:\/\/www.padreeustaquio.com.br\/wp-content\/uploads\/2025\/06\/pe-e-o-sag.-cor-de-jesus.jpg\",\"width\":748,\"height\":394},{\"@type\":\"BreadcrumbList\",\"@id\":\"https:\/\/www.padreeustaquio.com.br\/escritos-do-padre-eustaquio-trazem-o-coracao-de-jesus-como-oceano-de-bondade\/#breadcrumb\",\"itemListElement\":[{\"@type\":\"ListItem\",\"position\":1,\"name\":\"In\u00edcio\",\"item\":\"https:\/\/www.padreeustaquio.com.br\/\"},{\"@type\":\"ListItem\",\"position\":2,\"name\":\"Escritos do Padre Eust\u00e1quio trazem o Cora\u00e7\u00e3o de Jesus como &#8220;oceano de bondade&#8221;\"}]},{\"@type\":\"WebSite\",\"@id\":\"https:\/\/www.padreeustaquio.com.br\/#website\",\"url\":\"https:\/\/www.padreeustaquio.com.br\/\",\"name\":\"Padre Eust\u00e1quio\",\"description\":\"Sa\u00fade e Paz\",\"publisher\":{\"@id\":\"https:\/\/www.padreeustaquio.com.br\/#organization\"},\"potentialAction\":[{\"@type\":\"SearchAction\",\"target\":{\"@type\":\"EntryPoint\",\"urlTemplate\":\"https:\/\/www.padreeustaquio.com.br\/?s={search_term_string}\"},\"query-input\":{\"@type\":\"PropertyValueSpecification\",\"valueRequired\":true,\"valueName\":\"search_term_string\"}}],\"inLanguage\":\"es\"},{\"@type\":\"Organization\",\"@id\":\"https:\/\/www.padreeustaquio.com.br\/#organization\",\"name\":\"Padre Eust\u00e1quio\",\"url\":\"https:\/\/www.padreeustaquio.com.br\/\",\"logo\":{\"@type\":\"ImageObject\",\"inLanguage\":\"es\",\"@id\":\"https:\/\/www.padreeustaquio.com.br\/#\/schema\/logo\/image\/\",\"url\":\"https:\/\/www.padreeustaquio.com.br\/wp-content\/uploads\/2019\/08\/marca.png\",\"contentUrl\":\"https:\/\/www.padreeustaquio.com.br\/wp-content\/uploads\/2019\/08\/marca.png\",\"width\":350,\"height\":400,\"caption\":\"Padre Eust\u00e1quio\"},\"image\":{\"@id\":\"https:\/\/www.padreeustaquio.com.br\/#\/schema\/logo\/image\/\"},\"sameAs\":[\"https:\/\/www.facebook.com\/beatopadreeustaquio\/\",\"https:\/\/x.com\/beatopeustaquio\",\"https:\/\/www.instagram.com\/beatopadreeustaquio\/\",\"https:\/\/www.youtube.com\/channel\/UCRhw7vfabnajwLxb1ZXMeIw\"]},{\"@type\":\"Person\",\"@id\":\"https:\/\/www.padreeustaquio.com.br\/#\/schema\/person\/a2a51db1d00f1a7af0204a0f1ddb1566\",\"name\":\"@sscc\",\"image\":{\"@type\":\"ImageObject\",\"inLanguage\":\"es\",\"@id\":\"https:\/\/secure.gravatar.com\/avatar\/68cfafa5f44617fea54071e215026e0ff06be366c3d54a8425f04fdcb86f8c5f?s=96&d=mm&r=g\",\"url\":\"https:\/\/secure.gravatar.com\/avatar\/68cfafa5f44617fea54071e215026e0ff06be366c3d54a8425f04fdcb86f8c5f?s=96&d=mm&r=g\",\"contentUrl\":\"https:\/\/secure.gravatar.com\/avatar\/68cfafa5f44617fea54071e215026e0ff06be366c3d54a8425f04fdcb86f8c5f?s=96&d=mm&r=g\",\"caption\":\"@sscc\"},\"url\":\"https:\/\/www.padreeustaquio.com.br\/es\/author\/sscc\/\"}]}<\/script>\n<!-- \/ Yoast SEO plugin. -->","yoast_head_json":{"title":"Los escritos del Padre Eustaquio describen el Coraz\u00f3n de Jes\u00fas como un &quot;oc\u00e9ano de bondad&quot;.\"","description":"El Beato Padre Eustaquio cultiv\u00f3 una profunda devoci\u00f3n al Sagrado Coraz\u00f3n de Jes\u00fas, que impregn\u00f3 toda su vida y misi\u00f3n sacerdotal. Miembro de la Congregaci\u00f3n de los Sagrados Corazones, vio en el Coraz\u00f3n de Jes\u00fas la fuente inagotable de amor y misericordia para la humanidad.","robots":{"index":"index","follow":"follow","max-snippet":"max-snippet:-1","max-image-preview":"max-image-preview:large","max-video-preview":"max-video-preview:-1"},"canonical":"https:\/\/www.padreeustaquio.com.br\/es\/los-escritos-del-padre-eustaquio-retratan-el-corazon-de-jesus-como-un-oceano-de-bondad\/","og_locale":"es_ES","og_type":"article","og_title":"Escritos do Padre Eust\u00e1quio trazem o Cora\u00e7\u00e3o de Jesus como \"oceano de bondade\"","og_description":"O Beato Padre Eust\u00e1quio, cultivou uma profunda devo\u00e7\u00e3o ao Sagrado Cora\u00e7\u00e3o de Jesus, que permeou toda a sua vida e miss\u00e3o sacerdotal. Membro da Congrega\u00e7\u00e3o dos Sagrados Cora\u00e7\u00f5es, ele via no Cora\u00e7\u00e3o de Jesus a fonte inesgot\u00e1vel de amor e miseric\u00f3rdia para a humanidade.","og_url":"https:\/\/www.padreeustaquio.com.br\/es\/los-escritos-del-padre-eustaquio-retratan-el-corazon-de-jesus-como-un-oceano-de-bondad\/","og_site_name":"Padre Eust\u00e1quio","article_publisher":"https:\/\/www.facebook.com\/beatopadreeustaquio\/","article_published_time":"2025-06-27T13:31:55+00:00","og_image":[{"width":748,"height":394,"url":"https:\/\/www.padreeustaquio.com.br\/wp-content\/uploads\/2025\/06\/pe-e-o-sag.-cor-de-jesus.jpg","type":"image\/jpeg"}],"author":"@sscc","twitter_card":"summary_large_image","twitter_creator":"@beatopeustaquio","twitter_site":"@beatopeustaquio","twitter_misc":{"Escrito por":"@sscc","Tiempo de lectura":"1 minuto"},"schema":{"@context":"https:\/\/schema.org","@graph":[{"@type":"Article","@id":"https:\/\/www.padreeustaquio.com.br\/escritos-do-padre-eustaquio-trazem-o-coracao-de-jesus-como-oceano-de-bondade\/#article","isPartOf":{"@id":"https:\/\/www.padreeustaquio.com.br\/escritos-do-padre-eustaquio-trazem-o-coracao-de-jesus-como-oceano-de-bondade\/"},"author":{"name":"@sscc","@id":"https:\/\/www.padreeustaquio.com.br\/#\/schema\/person\/a2a51db1d00f1a7af0204a0f1ddb1566"},"headline":"Escritos do Padre Eust\u00e1quio trazem o Cora\u00e7\u00e3o de Jesus como &#8220;oceano de bondade&#8221;","datePublished":"2025-06-27T13:31:55+00:00","mainEntityOfPage":{"@id":"https:\/\/www.padreeustaquio.com.br\/escritos-do-padre-eustaquio-trazem-o-coracao-de-jesus-como-oceano-de-bondade\/"},"wordCount":178,"commentCount":0,"publisher":{"@id":"https:\/\/www.padreeustaquio.com.br\/#organization"},"image":{"@id":"https:\/\/www.padreeustaquio.com.br\/escritos-do-padre-eustaquio-trazem-o-coracao-de-jesus-como-oceano-de-bondade\/#primaryimage"},"thumbnailUrl":"https:\/\/www.padreeustaquio.com.br\/wp-content\/uploads\/2025\/06\/pe-e-o-sag.-cor-de-jesus.jpg","articleSection":["Not\u00edcias"],"inLanguage":"es","potentialAction":[{"@type":"CommentAction","name":"Comment","target":["https:\/\/www.padreeustaquio.com.br\/escritos-do-padre-eustaquio-trazem-o-coracao-de-jesus-como-oceano-de-bondade\/#respond"]}]},{"@type":"WebPage","@id":"https:\/\/www.padreeustaquio.com.br\/escritos-do-padre-eustaquio-trazem-o-coracao-de-jesus-como-oceano-de-bondade\/","url":"https:\/\/www.padreeustaquio.com.br\/escritos-do-padre-eustaquio-trazem-o-coracao-de-jesus-como-oceano-de-bondade\/","name":"Los escritos del Padre Eustaquio describen el Coraz\u00f3n de Jes\u00fas como un &quot;oc\u00e9ano de bondad&quot;.\"","isPartOf":{"@id":"https:\/\/www.padreeustaquio.com.br\/#website"},"primaryImageOfPage":{"@id":"https:\/\/www.padreeustaquio.com.br\/escritos-do-padre-eustaquio-trazem-o-coracao-de-jesus-como-oceano-de-bondade\/#primaryimage"},"image":{"@id":"https:\/\/www.padreeustaquio.com.br\/escritos-do-padre-eustaquio-trazem-o-coracao-de-jesus-como-oceano-de-bondade\/#primaryimage"},"thumbnailUrl":"https:\/\/www.padreeustaquio.com.br\/wp-content\/uploads\/2025\/06\/pe-e-o-sag.-cor-de-jesus.jpg","datePublished":"2025-06-27T13:31:55+00:00","description":"El Beato Padre Eustaquio cultiv\u00f3 una profunda devoci\u00f3n al Sagrado Coraz\u00f3n de Jes\u00fas, que impregn\u00f3 toda su vida y misi\u00f3n sacerdotal. Miembro de la Congregaci\u00f3n de los Sagrados Corazones, vio en el Coraz\u00f3n de Jes\u00fas la fuente inagotable de amor y misericordia para la humanidad.","breadcrumb":{"@id":"https:\/\/www.padreeustaquio.com.br\/escritos-do-padre-eustaquio-trazem-o-coracao-de-jesus-como-oceano-de-bondade\/#breadcrumb"},"inLanguage":"es","potentialAction":[{"@type":"ReadAction","target":["https:\/\/www.padreeustaquio.com.br\/escritos-do-padre-eustaquio-trazem-o-coracao-de-jesus-como-oceano-de-bondade\/"]}]},{"@type":"ImageObject","inLanguage":"es","@id":"https:\/\/www.padreeustaquio.com.br\/escritos-do-padre-eustaquio-trazem-o-coracao-de-jesus-como-oceano-de-bondade\/#primaryimage","url":"https:\/\/www.padreeustaquio.com.br\/wp-content\/uploads\/2025\/06\/pe-e-o-sag.-cor-de-jesus.jpg","contentUrl":"https:\/\/www.padreeustaquio.com.br\/wp-content\/uploads\/2025\/06\/pe-e-o-sag.-cor-de-jesus.jpg","width":748,"height":394},{"@type":"BreadcrumbList","@id":"https:\/\/www.padreeustaquio.com.br\/escritos-do-padre-eustaquio-trazem-o-coracao-de-jesus-como-oceano-de-bondade\/#breadcrumb","itemListElement":[{"@type":"ListItem","position":1,"name":"In\u00edcio","item":"https:\/\/www.padreeustaquio.com.br\/"},{"@type":"ListItem","position":2,"name":"Escritos do Padre Eust\u00e1quio trazem o Cora\u00e7\u00e3o de Jesus como &#8220;oceano de bondade&#8221;"}]},{"@type":"WebSite","@id":"https:\/\/www.padreeustaquio.com.br\/#website","url":"https:\/\/www.padreeustaquio.com.br\/","name":"Padre Eustace","description":"Salud y Paz","publisher":{"@id":"https:\/\/www.padreeustaquio.com.br\/#organization"},"potentialAction":[{"@type":"SearchAction","target":{"@type":"EntryPoint","urlTemplate":"https:\/\/www.padreeustaquio.com.br\/?s={search_term_string}"},"query-input":{"@type":"PropertyValueSpecification","valueRequired":true,"valueName":"search_term_string"}}],"inLanguage":"es"},{"@type":"Organization","@id":"https:\/\/www.padreeustaquio.com.br\/#organization","name":"Padre Eustace","url":"https:\/\/www.padreeustaquio.com.br\/","logo":{"@type":"ImageObject","inLanguage":"es","@id":"https:\/\/www.padreeustaquio.com.br\/#\/schema\/logo\/image\/","url":"https:\/\/www.padreeustaquio.com.br\/wp-content\/uploads\/2019\/08\/marca.png","contentUrl":"https:\/\/www.padreeustaquio.com.br\/wp-content\/uploads\/2019\/08\/marca.png","width":350,"height":400,"caption":"Padre Eust\u00e1quio"},"image":{"@id":"https:\/\/www.padreeustaquio.com.br\/#\/schema\/logo\/image\/"},"sameAs":["https:\/\/www.facebook.com\/beatopadreeustaquio\/","https:\/\/x.com\/beatopeustaquio","https:\/\/www.instagram.com\/beatopadreeustaquio\/","https:\/\/www.youtube.com\/channel\/UCRhw7vfabnajwLxb1ZXMeIw"]},{"@type":"Person","@id":"https:\/\/www.padreeustaquio.com.br\/#\/schema\/person\/a2a51db1d00f1a7af0204a0f1ddb1566","name":"@sscc","image":{"@type":"ImageObject","inLanguage":"es","@id":"https:\/\/secure.gravatar.com\/avatar\/68cfafa5f44617fea54071e215026e0ff06be366c3d54a8425f04fdcb86f8c5f?s=96&d=mm&r=g","url":"https:\/\/secure.gravatar.com\/avatar\/68cfafa5f44617fea54071e215026e0ff06be366c3d54a8425f04fdcb86f8c5f?s=96&d=mm&r=g","contentUrl":"https:\/\/secure.gravatar.com\/avatar\/68cfafa5f44617fea54071e215026e0ff06be366c3d54a8425f04fdcb86f8c5f?s=96&d=mm&r=g","caption":"@sscc"},"url":"https:\/\/www.padreeustaquio.com.br\/es\/author\/sscc\/"}]}},"_links":{"self":[{"href":"https:\/\/www.padreeustaquio.com.br\/es\/wp-json\/wp\/v2\/posts\/11936","targetHints":{"allow":["GET"]}}],"collection":[{"href":"https:\/\/www.padreeustaquio.com.br\/es\/wp-json\/wp\/v2\/posts"}],"about":[{"href":"https:\/\/www.padreeustaquio.com.br\/es\/wp-json\/wp\/v2\/types\/post"}],"author":[{"embeddable":true,"href":"https:\/\/www.padreeustaquio.com.br\/es\/wp-json\/wp\/v2\/users\/2"}],"replies":[{"embeddable":true,"href":"https:\/\/www.padreeustaquio.com.br\/es\/wp-json\/wp\/v2\/comments?post=11936"}],"version-history":[{"count":0,"href":"https:\/\/www.padreeustaquio.com.br\/es\/wp-json\/wp\/v2\/posts\/11936\/revisions"}],"wp:featuredmedia":[{"embeddable":true,"href":"https:\/\/www.padreeustaquio.com.br\/es\/wp-json\/wp\/v2\/media\/11937"}],"wp:attachment":[{"href":"https:\/\/www.padreeustaquio.com.br\/es\/wp-json\/wp\/v2\/media?parent=11936"}],"wp:term":[{"taxonomy":"category","embeddable":true,"href":"https:\/\/www.padreeustaquio.com.br\/es\/wp-json\/wp\/v2\/categories?post=11936"},{"taxonomy":"post_tag","embeddable":true,"href":"https:\/\/www.padreeustaquio.com.br\/es\/wp-json\/wp\/v2\/tags?post=11936"}],"curies":[{"name":"wp","href":"https:\/\/api.w.org\/{rel}","templated":true}]}}