{"id":11843,"date":"2025-03-21T08:37:42","date_gmt":"2025-03-21T11:37:42","guid":{"rendered":"https:\/\/www.padreeustaquio.com.br\/?p=11843"},"modified":"2025-03-21T08:37:42","modified_gmt":"2025-03-21T11:37:42","slug":"el-padre-eustaquio-y-la-devocion-a-san-jose","status":"publish","type":"post","link":"https:\/\/www.padreeustaquio.com.br\/es\/el-padre-eustaquio-y-la-devocion-a-san-jose\/","title":{"rendered":"El Padre Eust\u00e1quio y la devoci\u00f3n a San Jos\u00e9"},"content":{"rendered":"<p>El Beato Padre Eustaquio fue un gran devoto de San Jos\u00e9, y confi\u00f3 su misi\u00f3n y fidelidad al Patr\u00f3n de la Iglesia. Al colocar la primera piedra del Santuario de la Salud y la Paz, el sacerdote holand\u00e9s puso la iglesia bajo la protecci\u00f3n del Santo.<\/p>\n<p>Incluso escribi\u00f3 una oraci\u00f3n a San Jos\u00e9, pidiendo su victoria e intercesi\u00f3n. Adem\u00e1s, anim\u00f3 a todos a elegir a San Jos\u00e9 como su santo patrono.<\/p>\n<p>Como santo patrono de los moribundos, San Jos\u00e9 fue invocado por el Padre Eustaquio para obtener la gracia del descanso eterno en los brazos de Jes\u00fas y Mar\u00eda.<\/p>\n<p>El Beato Padre Eustaquio sent\u00eda una gran devoci\u00f3n por el Santo, modelo de obediencia y fe. En su misi\u00f3n pastoral, siempre confi\u00f3 en la intercesi\u00f3n del Padre Adoptivo de Jes\u00fas para causas dif\u00edciles y la protecci\u00f3n de la justicia.<\/p>\n<p>Al igual que San Jos\u00e9, el Padre Eustaquio vivi\u00f3 una vida de dedicaci\u00f3n y humildad, buscando siempre la voluntad de Dios.<\/p>\n<p><strong>Oraci\u00f3n a San Jos\u00e9 compuesta por el Padre Eust\u00e1quio<\/strong><\/p>\n<p>San Jos\u00e9, abnegado esposo de Mar\u00eda, tierno padre nutricio del Ni\u00f1o Jes\u00fas, protector y apoyo de la Sagrada Familia, por tu intercesi\u00f3n junto con Jes\u00fas y Mar\u00eda, alc\u00e1nzame lo que tan ardientemente pido para m\u00ed y para mis seres queridos. Me pongo enteramente bajo tu poderosa protecci\u00f3n, junto a Jes\u00fas y Mar\u00eda, que bajo tu santa protecci\u00f3n huyeron a lugar seguro y regresaron sanos y salvos.<\/p>\n<p>San Jos\u00e9, si hay algo en mi comportamiento que desagrade a Jes\u00fas o a su Madre, ay\u00fadame a quitarlo, porque quiero ser santo como t\u00fa y Jes\u00fas y Mar\u00eda son santos. Quiero vivir con ellos bajo el mismo techo y no quiero guardar nada que pueda contradecirles.<\/p>\n<p>Oh, San Jos\u00e9, pide luz para mi esp\u00edritu, luz para mis ojos, valor para mi coraz\u00f3n, mayor temor del pecado.<\/p>\n<p>Oh San Jos\u00e9, te pido paz en medio de tantos que se odian y persiguen. Paz en la oraci\u00f3n, paz en los hogares, paz en todos los pa\u00edses.<\/p>\n<p>Oh, San Jos\u00e9, haz que el mundo vuelva a ser una santa familia, donde tanto el le\u00f3n sanguinario como el manso cordero encuentren la misma paz.<\/p>\n<p>S\u00ed, reconozco que soy un pecador, un pecador muy pecador, y que no merezco levantar los ojos hacia ti. Misericordia, ruega a Jes\u00fas, misericordia para m\u00ed y pide a Mar\u00eda su poderosa intercesi\u00f3n. Temo morir y comparecer ante el tribunal de Dios si t\u00fa, San Jos\u00e9, y t\u00fa, Mar\u00eda, no sois mis abogados.<\/p>\n<p>Pero conf\u00edo, oh gran santo, en que tu ayuda y la de Mar\u00eda no me faltar\u00e1n. San Jos\u00e9, aunque en el \u00faltimo momento ya no pueda hablar, intercede por m\u00ed. Es necesario, muy necesario, de lo contrario no podr\u00e9 salvarme.<\/p>\n<p>San Jos\u00e9, mira a todos los que conf\u00edan en ti. T\u00fa sabes lo que quiero para m\u00ed y los m\u00edos. Como Santa Teresa, conf\u00edo en que mis oraciones no ser\u00e1n en vano, sino que ser\u00e1n escuchadas y llevadas a los pies de Jes\u00fas y de Mar\u00eda. Si, por el contrario, es voluntad de Dios que tenga que sufrir, pide a mi la fuerza, la gran fuerza de no sucumbir bajo mi cruz.<\/p>\n<p>San Jos\u00e9, esc\u00fachame. Estoy ante la puerta de la Sagrada Familia. No quiero irme sin que me hayas escuchado. San Jos\u00e9, ay\u00fadame a sufrir, ay\u00fadame a soportar, ay\u00fadame a perdonar, ay\u00fadame a confiar, ay\u00fadame a salvar.<br \/>\nAm\u00e9n.<\/p>\n<p>San Jos\u00e9, Consuelo de los afligidos, \u00a1ruega por nosotros!<br \/>\nSan Jos\u00e9, Esperanza de los enfermos \u00a1ruega por nosotros!<br \/>\nSan Jos\u00e9, Patrono de los moribundos, \u00a1ruega por nosotros!<\/p>","protected":false},"excerpt":{"rendered":"<p>O Beato Padre Eust\u00e1quio era um grande devoto de S\u00e3o Jos\u00e9, confiando ao Patrono da Igreja sua miss\u00e3o e sua fidelidade. No lan\u00e7amento da pedra fundamental do Santu\u00e1rio Sa\u00fade e Paz, o padre holand\u00eas colocou a igreja sob a prote\u00e7\u00e3o do Santo. Ele chegou a escrever uma ora\u00e7\u00e3o a S\u00e3o Jos\u00e9, pedindo sua vit\u00f3ria e intercess\u00e3o. Al\u00e9m disso, incentivava todos a escolherem S\u00e3o Jos\u00e9 como padroeiro. Como Patrono dos moribundos, S\u00e3o Jos\u00e9 foi invocado por Padre Eust\u00e1quio para ter a gra\u00e7a do descanso eterno nos bra\u00e7os de Jesus e Maria. O Beato Padre Eust\u00e1quio tinha grande devo\u00e7\u00e3o ao Santo, modelo [&hellip;]<\/p>\n","protected":false},"author":2,"featured_media":11844,"comment_status":"open","ping_status":"closed","sticky":false,"template":"","format":"standard","meta":{"_acf_changed":false,"footnotes":""},"categories":[611],"tags":[],"class_list":["post-11843","post","type-post","status-publish","format-standard","has-post-thumbnail","hentry","category-noticias"],"acf":[],"yoast_head":"<!-- This site is optimized with the Yoast SEO plugin v27.2 - https:\/\/yoast.com\/product\/yoast-seo-wordpress\/ -->\n<title>Padre Eust\u00e1quio e a devo\u00e7\u00e3o a S\u00e3o Jos\u00e9 - Padre Eust\u00e1quio<\/title>\n<meta name=\"description\" content=\"O Beato Padre Eust\u00e1quio era um grande devoto de S\u00e3o Jos\u00e9, confiando ao Patrono da Igreja sua miss\u00e3o e sua fidelidade. No lan\u00e7amento da pedra fundamental do Santu\u00e1rio Sa\u00fade e Paz, o padre holand\u00eas colocou a igreja sob a prote\u00e7\u00e3o do Santo.\" \/>\n<meta name=\"robots\" content=\"index, follow, max-snippet:-1, max-image-preview:large, max-video-preview:-1\" \/>\n<link rel=\"canonical\" href=\"https:\/\/www.padreeustaquio.com.br\/es\/el-padre-eustaquio-y-la-devocion-a-san-jose\/\" \/>\n<meta property=\"og:locale\" content=\"es_ES\" \/>\n<meta property=\"og:type\" content=\"article\" \/>\n<meta property=\"og:title\" content=\"Padre Eust\u00e1quio e a devo\u00e7\u00e3o a S\u00e3o Jos\u00e9 - Padre Eust\u00e1quio\" \/>\n<meta property=\"og:description\" content=\"O Beato Padre Eust\u00e1quio era um grande devoto de S\u00e3o Jos\u00e9, confiando ao Patrono da Igreja sua miss\u00e3o e sua fidelidade. No lan\u00e7amento da pedra fundamental do Santu\u00e1rio Sa\u00fade e Paz, o padre holand\u00eas colocou a igreja sob a prote\u00e7\u00e3o do Santo.\" \/>\n<meta property=\"og:url\" content=\"https:\/\/www.padreeustaquio.com.br\/es\/el-padre-eustaquio-y-la-devocion-a-san-jose\/\" \/>\n<meta property=\"og:site_name\" content=\"Padre Eust\u00e1quio\" \/>\n<meta property=\"article:publisher\" content=\"https:\/\/www.facebook.com\/beatopadreeustaquio\/\" \/>\n<meta property=\"article:published_time\" content=\"2025-03-21T11:37:42+00:00\" \/>\n<meta property=\"og:image\" content=\"https:\/\/www.padreeustaquio.com.br\/wp-content\/uploads\/2025\/03\/Padre-Eustaquio-e-Sao-Jose.jpeg\" \/>\n\t<meta property=\"og:image:width\" content=\"1600\" \/>\n\t<meta property=\"og:image:height\" content=\"1096\" \/>\n\t<meta property=\"og:image:type\" content=\"image\/jpeg\" \/>\n<meta name=\"author\" content=\"@sscc\" \/>\n<meta name=\"twitter:card\" content=\"summary_large_image\" \/>\n<meta name=\"twitter:creator\" content=\"@beatopeustaquio\" \/>\n<meta name=\"twitter:site\" content=\"@beatopeustaquio\" \/>\n<meta name=\"twitter:label1\" content=\"Escrito por\" \/>\n\t<meta name=\"twitter:data1\" content=\"@sscc\" \/>\n\t<meta name=\"twitter:label2\" content=\"Tiempo de lectura\" \/>\n\t<meta name=\"twitter:data2\" content=\"4 minutos\" \/>\n<script type=\"application\/ld+json\" class=\"yoast-schema-graph\">{\"@context\":\"https:\/\/schema.org\",\"@graph\":[{\"@type\":\"Article\",\"@id\":\"https:\/\/www.padreeustaquio.com.br\/padre-eustaquio-e-a-devocao-a-sao-jose\/#article\",\"isPartOf\":{\"@id\":\"https:\/\/www.padreeustaquio.com.br\/padre-eustaquio-e-a-devocao-a-sao-jose\/\"},\"author\":{\"name\":\"@sscc\",\"@id\":\"https:\/\/www.padreeustaquio.com.br\/#\/schema\/person\/a2a51db1d00f1a7af0204a0f1ddb1566\"},\"headline\":\"Padre Eust\u00e1quio e a devo\u00e7\u00e3o a S\u00e3o Jos\u00e9\",\"datePublished\":\"2025-03-21T11:37:42+00:00\",\"mainEntityOfPage\":{\"@id\":\"https:\/\/www.padreeustaquio.com.br\/padre-eustaquio-e-a-devocao-a-sao-jose\/\"},\"wordCount\":678,\"commentCount\":0,\"publisher\":{\"@id\":\"https:\/\/www.padreeustaquio.com.br\/#organization\"},\"image\":{\"@id\":\"https:\/\/www.padreeustaquio.com.br\/padre-eustaquio-e-a-devocao-a-sao-jose\/#primaryimage\"},\"thumbnailUrl\":\"https:\/\/www.padreeustaquio.com.br\/wp-content\/uploads\/2025\/03\/Padre-Eustaquio-e-Sao-Jose.jpeg\",\"articleSection\":[\"Not\u00edcias\"],\"inLanguage\":\"es\",\"potentialAction\":[{\"@type\":\"CommentAction\",\"name\":\"Comment\",\"target\":[\"https:\/\/www.padreeustaquio.com.br\/padre-eustaquio-e-a-devocao-a-sao-jose\/#respond\"]}]},{\"@type\":\"WebPage\",\"@id\":\"https:\/\/www.padreeustaquio.com.br\/padre-eustaquio-e-a-devocao-a-sao-jose\/\",\"url\":\"https:\/\/www.padreeustaquio.com.br\/padre-eustaquio-e-a-devocao-a-sao-jose\/\",\"name\":\"Padre Eust\u00e1quio e a devo\u00e7\u00e3o a S\u00e3o Jos\u00e9 - Padre Eust\u00e1quio\",\"isPartOf\":{\"@id\":\"https:\/\/www.padreeustaquio.com.br\/#website\"},\"primaryImageOfPage\":{\"@id\":\"https:\/\/www.padreeustaquio.com.br\/padre-eustaquio-e-a-devocao-a-sao-jose\/#primaryimage\"},\"image\":{\"@id\":\"https:\/\/www.padreeustaquio.com.br\/padre-eustaquio-e-a-devocao-a-sao-jose\/#primaryimage\"},\"thumbnailUrl\":\"https:\/\/www.padreeustaquio.com.br\/wp-content\/uploads\/2025\/03\/Padre-Eustaquio-e-Sao-Jose.jpeg\",\"datePublished\":\"2025-03-21T11:37:42+00:00\",\"description\":\"O Beato Padre Eust\u00e1quio era um grande devoto de S\u00e3o Jos\u00e9, confiando ao Patrono da Igreja sua miss\u00e3o e sua fidelidade. No lan\u00e7amento da pedra fundamental do Santu\u00e1rio Sa\u00fade e Paz, o padre holand\u00eas colocou a igreja sob a prote\u00e7\u00e3o do Santo.\",\"breadcrumb\":{\"@id\":\"https:\/\/www.padreeustaquio.com.br\/padre-eustaquio-e-a-devocao-a-sao-jose\/#breadcrumb\"},\"inLanguage\":\"es\",\"potentialAction\":[{\"@type\":\"ReadAction\",\"target\":[\"https:\/\/www.padreeustaquio.com.br\/padre-eustaquio-e-a-devocao-a-sao-jose\/\"]}]},{\"@type\":\"ImageObject\",\"inLanguage\":\"es\",\"@id\":\"https:\/\/www.padreeustaquio.com.br\/padre-eustaquio-e-a-devocao-a-sao-jose\/#primaryimage\",\"url\":\"https:\/\/www.padreeustaquio.com.br\/wp-content\/uploads\/2025\/03\/Padre-Eustaquio-e-Sao-Jose.jpeg\",\"contentUrl\":\"https:\/\/www.padreeustaquio.com.br\/wp-content\/uploads\/2025\/03\/Padre-Eustaquio-e-Sao-Jose.jpeg\",\"width\":1600,\"height\":1096},{\"@type\":\"BreadcrumbList\",\"@id\":\"https:\/\/www.padreeustaquio.com.br\/padre-eustaquio-e-a-devocao-a-sao-jose\/#breadcrumb\",\"itemListElement\":[{\"@type\":\"ListItem\",\"position\":1,\"name\":\"In\u00edcio\",\"item\":\"https:\/\/www.padreeustaquio.com.br\/\"},{\"@type\":\"ListItem\",\"position\":2,\"name\":\"Padre Eust\u00e1quio e a devo\u00e7\u00e3o a S\u00e3o Jos\u00e9\"}]},{\"@type\":\"WebSite\",\"@id\":\"https:\/\/www.padreeustaquio.com.br\/#website\",\"url\":\"https:\/\/www.padreeustaquio.com.br\/\",\"name\":\"Padre Eust\u00e1quio\",\"description\":\"Sa\u00fade e Paz\",\"publisher\":{\"@id\":\"https:\/\/www.padreeustaquio.com.br\/#organization\"},\"potentialAction\":[{\"@type\":\"SearchAction\",\"target\":{\"@type\":\"EntryPoint\",\"urlTemplate\":\"https:\/\/www.padreeustaquio.com.br\/?s={search_term_string}\"},\"query-input\":{\"@type\":\"PropertyValueSpecification\",\"valueRequired\":true,\"valueName\":\"search_term_string\"}}],\"inLanguage\":\"es\"},{\"@type\":\"Organization\",\"@id\":\"https:\/\/www.padreeustaquio.com.br\/#organization\",\"name\":\"Padre Eust\u00e1quio\",\"url\":\"https:\/\/www.padreeustaquio.com.br\/\",\"logo\":{\"@type\":\"ImageObject\",\"inLanguage\":\"es\",\"@id\":\"https:\/\/www.padreeustaquio.com.br\/#\/schema\/logo\/image\/\",\"url\":\"https:\/\/www.padreeustaquio.com.br\/wp-content\/uploads\/2019\/08\/marca.png\",\"contentUrl\":\"https:\/\/www.padreeustaquio.com.br\/wp-content\/uploads\/2019\/08\/marca.png\",\"width\":350,\"height\":400,\"caption\":\"Padre Eust\u00e1quio\"},\"image\":{\"@id\":\"https:\/\/www.padreeustaquio.com.br\/#\/schema\/logo\/image\/\"},\"sameAs\":[\"https:\/\/www.facebook.com\/beatopadreeustaquio\/\",\"https:\/\/x.com\/beatopeustaquio\",\"https:\/\/www.instagram.com\/beatopadreeustaquio\/\",\"https:\/\/www.youtube.com\/channel\/UCRhw7vfabnajwLxb1ZXMeIw\"]},{\"@type\":\"Person\",\"@id\":\"https:\/\/www.padreeustaquio.com.br\/#\/schema\/person\/a2a51db1d00f1a7af0204a0f1ddb1566\",\"name\":\"@sscc\",\"image\":{\"@type\":\"ImageObject\",\"inLanguage\":\"es\",\"@id\":\"https:\/\/secure.gravatar.com\/avatar\/68cfafa5f44617fea54071e215026e0ff06be366c3d54a8425f04fdcb86f8c5f?s=96&d=mm&r=g\",\"url\":\"https:\/\/secure.gravatar.com\/avatar\/68cfafa5f44617fea54071e215026e0ff06be366c3d54a8425f04fdcb86f8c5f?s=96&d=mm&r=g\",\"contentUrl\":\"https:\/\/secure.gravatar.com\/avatar\/68cfafa5f44617fea54071e215026e0ff06be366c3d54a8425f04fdcb86f8c5f?s=96&d=mm&r=g\",\"caption\":\"@sscc\"},\"url\":\"https:\/\/www.padreeustaquio.com.br\/es\/author\/sscc\/\"}]}<\/script>\n<!-- \/ Yoast SEO plugin. -->","yoast_head_json":{"title":"El Padre Eustaquio y la devoci\u00f3n a San Jos\u00e9 - Padre Eustaquio","description":"El Beato Padre Eustaquio fue un gran devoto de San Jos\u00e9, y confi\u00f3 su misi\u00f3n y fidelidad al Patr\u00f3n de la Iglesia. Al colocar la primera piedra del Santuario de la Salud y la Paz, el sacerdote holand\u00e9s puso la iglesia bajo la protecci\u00f3n del Santo.","robots":{"index":"index","follow":"follow","max-snippet":"max-snippet:-1","max-image-preview":"max-image-preview:large","max-video-preview":"max-video-preview:-1"},"canonical":"https:\/\/www.padreeustaquio.com.br\/es\/el-padre-eustaquio-y-la-devocion-a-san-jose\/","og_locale":"es_ES","og_type":"article","og_title":"Padre Eust\u00e1quio e a devo\u00e7\u00e3o a S\u00e3o Jos\u00e9 - Padre Eust\u00e1quio","og_description":"O Beato Padre Eust\u00e1quio era um grande devoto de S\u00e3o Jos\u00e9, confiando ao Patrono da Igreja sua miss\u00e3o e sua fidelidade. No lan\u00e7amento da pedra fundamental do Santu\u00e1rio Sa\u00fade e Paz, o padre holand\u00eas colocou a igreja sob a prote\u00e7\u00e3o do Santo.","og_url":"https:\/\/www.padreeustaquio.com.br\/es\/el-padre-eustaquio-y-la-devocion-a-san-jose\/","og_site_name":"Padre Eust\u00e1quio","article_publisher":"https:\/\/www.facebook.com\/beatopadreeustaquio\/","article_published_time":"2025-03-21T11:37:42+00:00","og_image":[{"width":1600,"height":1096,"url":"https:\/\/www.padreeustaquio.com.br\/wp-content\/uploads\/2025\/03\/Padre-Eustaquio-e-Sao-Jose.jpeg","type":"image\/jpeg"}],"author":"@sscc","twitter_card":"summary_large_image","twitter_creator":"@beatopeustaquio","twitter_site":"@beatopeustaquio","twitter_misc":{"Escrito por":"@sscc","Tiempo de lectura":"4 minutos"},"schema":{"@context":"https:\/\/schema.org","@graph":[{"@type":"Article","@id":"https:\/\/www.padreeustaquio.com.br\/padre-eustaquio-e-a-devocao-a-sao-jose\/#article","isPartOf":{"@id":"https:\/\/www.padreeustaquio.com.br\/padre-eustaquio-e-a-devocao-a-sao-jose\/"},"author":{"name":"@sscc","@id":"https:\/\/www.padreeustaquio.com.br\/#\/schema\/person\/a2a51db1d00f1a7af0204a0f1ddb1566"},"headline":"Padre Eust\u00e1quio e a devo\u00e7\u00e3o a S\u00e3o Jos\u00e9","datePublished":"2025-03-21T11:37:42+00:00","mainEntityOfPage":{"@id":"https:\/\/www.padreeustaquio.com.br\/padre-eustaquio-e-a-devocao-a-sao-jose\/"},"wordCount":678,"commentCount":0,"publisher":{"@id":"https:\/\/www.padreeustaquio.com.br\/#organization"},"image":{"@id":"https:\/\/www.padreeustaquio.com.br\/padre-eustaquio-e-a-devocao-a-sao-jose\/#primaryimage"},"thumbnailUrl":"https:\/\/www.padreeustaquio.com.br\/wp-content\/uploads\/2025\/03\/Padre-Eustaquio-e-Sao-Jose.jpeg","articleSection":["Not\u00edcias"],"inLanguage":"es","potentialAction":[{"@type":"CommentAction","name":"Comment","target":["https:\/\/www.padreeustaquio.com.br\/padre-eustaquio-e-a-devocao-a-sao-jose\/#respond"]}]},{"@type":"WebPage","@id":"https:\/\/www.padreeustaquio.com.br\/padre-eustaquio-e-a-devocao-a-sao-jose\/","url":"https:\/\/www.padreeustaquio.com.br\/padre-eustaquio-e-a-devocao-a-sao-jose\/","name":"El Padre Eustaquio y la devoci\u00f3n a San Jos\u00e9 - Padre Eustaquio","isPartOf":{"@id":"https:\/\/www.padreeustaquio.com.br\/#website"},"primaryImageOfPage":{"@id":"https:\/\/www.padreeustaquio.com.br\/padre-eustaquio-e-a-devocao-a-sao-jose\/#primaryimage"},"image":{"@id":"https:\/\/www.padreeustaquio.com.br\/padre-eustaquio-e-a-devocao-a-sao-jose\/#primaryimage"},"thumbnailUrl":"https:\/\/www.padreeustaquio.com.br\/wp-content\/uploads\/2025\/03\/Padre-Eustaquio-e-Sao-Jose.jpeg","datePublished":"2025-03-21T11:37:42+00:00","description":"El Beato Padre Eustaquio fue un gran devoto de San Jos\u00e9, y confi\u00f3 su misi\u00f3n y fidelidad al Patr\u00f3n de la Iglesia. Al colocar la primera piedra del Santuario de la Salud y la Paz, el sacerdote holand\u00e9s puso la iglesia bajo la protecci\u00f3n del Santo.","breadcrumb":{"@id":"https:\/\/www.padreeustaquio.com.br\/padre-eustaquio-e-a-devocao-a-sao-jose\/#breadcrumb"},"inLanguage":"es","potentialAction":[{"@type":"ReadAction","target":["https:\/\/www.padreeustaquio.com.br\/padre-eustaquio-e-a-devocao-a-sao-jose\/"]}]},{"@type":"ImageObject","inLanguage":"es","@id":"https:\/\/www.padreeustaquio.com.br\/padre-eustaquio-e-a-devocao-a-sao-jose\/#primaryimage","url":"https:\/\/www.padreeustaquio.com.br\/wp-content\/uploads\/2025\/03\/Padre-Eustaquio-e-Sao-Jose.jpeg","contentUrl":"https:\/\/www.padreeustaquio.com.br\/wp-content\/uploads\/2025\/03\/Padre-Eustaquio-e-Sao-Jose.jpeg","width":1600,"height":1096},{"@type":"BreadcrumbList","@id":"https:\/\/www.padreeustaquio.com.br\/padre-eustaquio-e-a-devocao-a-sao-jose\/#breadcrumb","itemListElement":[{"@type":"ListItem","position":1,"name":"In\u00edcio","item":"https:\/\/www.padreeustaquio.com.br\/"},{"@type":"ListItem","position":2,"name":"Padre Eust\u00e1quio e a devo\u00e7\u00e3o a S\u00e3o Jos\u00e9"}]},{"@type":"WebSite","@id":"https:\/\/www.padreeustaquio.com.br\/#website","url":"https:\/\/www.padreeustaquio.com.br\/","name":"Padre Eustace","description":"Salud y Paz","publisher":{"@id":"https:\/\/www.padreeustaquio.com.br\/#organization"},"potentialAction":[{"@type":"SearchAction","target":{"@type":"EntryPoint","urlTemplate":"https:\/\/www.padreeustaquio.com.br\/?s={search_term_string}"},"query-input":{"@type":"PropertyValueSpecification","valueRequired":true,"valueName":"search_term_string"}}],"inLanguage":"es"},{"@type":"Organization","@id":"https:\/\/www.padreeustaquio.com.br\/#organization","name":"Padre Eustace","url":"https:\/\/www.padreeustaquio.com.br\/","logo":{"@type":"ImageObject","inLanguage":"es","@id":"https:\/\/www.padreeustaquio.com.br\/#\/schema\/logo\/image\/","url":"https:\/\/www.padreeustaquio.com.br\/wp-content\/uploads\/2019\/08\/marca.png","contentUrl":"https:\/\/www.padreeustaquio.com.br\/wp-content\/uploads\/2019\/08\/marca.png","width":350,"height":400,"caption":"Padre Eust\u00e1quio"},"image":{"@id":"https:\/\/www.padreeustaquio.com.br\/#\/schema\/logo\/image\/"},"sameAs":["https:\/\/www.facebook.com\/beatopadreeustaquio\/","https:\/\/x.com\/beatopeustaquio","https:\/\/www.instagram.com\/beatopadreeustaquio\/","https:\/\/www.youtube.com\/channel\/UCRhw7vfabnajwLxb1ZXMeIw"]},{"@type":"Person","@id":"https:\/\/www.padreeustaquio.com.br\/#\/schema\/person\/a2a51db1d00f1a7af0204a0f1ddb1566","name":"@sscc","image":{"@type":"ImageObject","inLanguage":"es","@id":"https:\/\/secure.gravatar.com\/avatar\/68cfafa5f44617fea54071e215026e0ff06be366c3d54a8425f04fdcb86f8c5f?s=96&d=mm&r=g","url":"https:\/\/secure.gravatar.com\/avatar\/68cfafa5f44617fea54071e215026e0ff06be366c3d54a8425f04fdcb86f8c5f?s=96&d=mm&r=g","contentUrl":"https:\/\/secure.gravatar.com\/avatar\/68cfafa5f44617fea54071e215026e0ff06be366c3d54a8425f04fdcb86f8c5f?s=96&d=mm&r=g","caption":"@sscc"},"url":"https:\/\/www.padreeustaquio.com.br\/es\/author\/sscc\/"}]}},"_links":{"self":[{"href":"https:\/\/www.padreeustaquio.com.br\/es\/wp-json\/wp\/v2\/posts\/11843","targetHints":{"allow":["GET"]}}],"collection":[{"href":"https:\/\/www.padreeustaquio.com.br\/es\/wp-json\/wp\/v2\/posts"}],"about":[{"href":"https:\/\/www.padreeustaquio.com.br\/es\/wp-json\/wp\/v2\/types\/post"}],"author":[{"embeddable":true,"href":"https:\/\/www.padreeustaquio.com.br\/es\/wp-json\/wp\/v2\/users\/2"}],"replies":[{"embeddable":true,"href":"https:\/\/www.padreeustaquio.com.br\/es\/wp-json\/wp\/v2\/comments?post=11843"}],"version-history":[{"count":0,"href":"https:\/\/www.padreeustaquio.com.br\/es\/wp-json\/wp\/v2\/posts\/11843\/revisions"}],"wp:featuredmedia":[{"embeddable":true,"href":"https:\/\/www.padreeustaquio.com.br\/es\/wp-json\/wp\/v2\/media\/11844"}],"wp:attachment":[{"href":"https:\/\/www.padreeustaquio.com.br\/es\/wp-json\/wp\/v2\/media?parent=11843"}],"wp:term":[{"taxonomy":"category","embeddable":true,"href":"https:\/\/www.padreeustaquio.com.br\/es\/wp-json\/wp\/v2\/categories?post=11843"},{"taxonomy":"post_tag","embeddable":true,"href":"https:\/\/www.padreeustaquio.com.br\/es\/wp-json\/wp\/v2\/tags?post=11843"}],"curies":[{"name":"wp","href":"https:\/\/api.w.org\/{rel}","templated":true}]}}