{"id":11837,"date":"2025-03-14T06:54:47","date_gmt":"2025-03-14T09:54:47","guid":{"rendered":"https:\/\/www.padreeustaquio.com.br\/?p=11837"},"modified":"2025-03-12T11:13:30","modified_gmt":"2025-03-12T14:13:30","slug":"causa-de-canonizacion-inicia-grabacion-de-serie-documental-sobre-el-padre-eustaquio","status":"publish","type":"post","link":"https:\/\/www.padreeustaquio.com.br\/es\/causa-de-canonizacion-inicia-grabacion-de-serie-documental-sobre-el-padre-eustaquio\/","title":{"rendered":"Inicia proceso de canonizaci\u00f3n. Se filma serie documental sobre el padre Eust\u00e1quio."},"content":{"rendered":"<p>El equipo de producci\u00f3n audiovisual de la Causa de Canonizaci\u00f3n del Beato Padre Eust\u00e1quio estuvo en Patroc\u00ednio y Romaria, ambas ciudades de Minas Gerais, grabando testimonios y escenas para una serie documental sobre la vida del Beato Padre Eust\u00e1quio.<\/p>\n<p>En Patroc\u00ednio, la primera parada del equipo, conversaron con Luc\u00e9lia Borges, devota y bi\u00f3grafa del Padre Eust\u00e1quio. La maestra jubilada dio la bienvenida a los productores y les mostr\u00f3 la extensa colecci\u00f3n que alberga su casa en el centro de Patroc\u00ednio.<\/p>\n<p>Luc\u00e9lia habl\u00f3 sobre el paso del Padre Eust\u00e1quio por la ciudad de Alto Parana\u00edba en Minas Gerais, la vida cotidiana del Beato y sobre historias curiosas que incluye en su libro.<\/p>\n<p><img fetchpriority=\"high\" decoding=\"async\" class=\"wp-image-11839 alignleft\" src=\"https:\/\/www.padreeustaquio.com.br\/wp-content\/uploads\/2025\/03\/gravacao-andre-225x300.jpeg\" alt=\"\" width=\"238\" height=\"317\" srcset=\"https:\/\/www.padreeustaquio.com.br\/wp-content\/uploads\/2025\/03\/gravacao-andre-225x300.jpeg 225w, https:\/\/www.padreeustaquio.com.br\/wp-content\/uploads\/2025\/03\/gravacao-andre-768x1024.jpeg 768w, https:\/\/www.padreeustaquio.com.br\/wp-content\/uploads\/2025\/03\/gravacao-andre-1152x1536.jpeg 1152w, https:\/\/www.padreeustaquio.com.br\/wp-content\/uploads\/2025\/03\/gravacao-andre.jpeg 1200w\" sizes=\"(max-width: 238px) 100vw, 238px\" \/>Otra parada del equipo fue Romaria (antes \u00c1gua Suja), la primera ciudad donde el Padre Eust\u00e1quio sirvi\u00f3 en su misi\u00f3n en Brasil. All\u00ed, filmaron con el devoto Andr\u00e9 Faleiros, quien conoce a fondo la historia del lugar y la estancia del Beato Padre. Los productores tambi\u00e9n se reunieron con Neid Em\u00edlia Oliveira, autora de un libro sobre el Padre Eust\u00e1quio; Eni, responsable del huerto concebido por el Beato Padre; y el Padre M\u00e1rcio Rubak, rector del Santuario-Bas\u00edlica de Nuestra Se\u00f1ora de la Abad\u00eda.<\/p>\n<p>Tambi\u00e9n se entrevist\u00f3 a devotos, quienes relataron las gracias recibidas por intercesi\u00f3n del Beato. La idea es regresar a la regi\u00f3n para recopilar m\u00e1s testimonios, como los de la devota Celeida Mar\u00eda y Monse\u00f1or Geraldo, grandes conocedores de la historia del Padre Eust\u00e1quio en esa regi\u00f3n.<\/p>\n<p>Adem\u00e1s del material documental, otros contenidos fueron producidos en las ciudades para conmemorar el centenario de la llegada del Bendito a Brasil.<\/p>","protected":false},"excerpt":{"rendered":"<p>A equipe de produ\u00e7\u00f5es audiovisuais da Causa de Canoniza\u00e7\u00e3o do Beato Padre Eust\u00e1quio esteve em Patroc\u00ednio e Romaria, ambas cidades mineiras, gravando depoimentos e cenas para uma s\u00e9rie documental sobre a vida do Bem-Aventurado Padre Eust\u00e1quio. Em Patroc\u00ednio, primeira parada da equipe, eles conversaram com Luc\u00e9lia Borges, devota e bi\u00f3grafa de Padre Eust\u00e1quio. A professora aposentada recebeu os produtores e mostrou o grande acervo que se encontra na casa dela, no centro de Patroc\u00ednio. Luc\u00e9lia falou sobre a passagem de Padre Eust\u00e1quio pela cidade do Alto Parana\u00edba mineiro, o dia a dia do Beato e sobre hist\u00f3rias curiosas que ela [&hellip;]<\/p>\n","protected":false},"author":2,"featured_media":11838,"comment_status":"open","ping_status":"closed","sticky":false,"template":"","format":"standard","meta":{"_acf_changed":false,"footnotes":""},"categories":[611],"tags":[],"class_list":["post-11837","post","type-post","status-publish","format-standard","has-post-thumbnail","hentry","category-noticias"],"acf":[],"yoast_head":"<!-- This site is optimized with the Yoast SEO plugin v27.2 - https:\/\/yoast.com\/product\/yoast-seo-wordpress\/ -->\n<title>Causa de Canoniza\u00e7\u00e3o inicia grava\u00e7\u00f5es de S\u00e9rie Documental sobre Padre Eust\u00e1quio<\/title>\n<meta name=\"description\" content=\"A equipe de produ\u00e7\u00f5es audiovisuais da Causa de Canoniza\u00e7\u00e3o do Beato Padre Eust\u00e1quio esteve em Patroc\u00ednio e Romaria, ambas cidades mineiras, gravando depoimentos e cenas para uma s\u00e9rie documental sobre a vida do Bem-Aventurado Padre Eust\u00e1quio.\" \/>\n<meta name=\"robots\" content=\"index, follow, max-snippet:-1, max-image-preview:large, max-video-preview:-1\" \/>\n<link rel=\"canonical\" href=\"https:\/\/www.padreeustaquio.com.br\/es\/causa-de-canonizacion-inicia-grabacion-de-serie-documental-sobre-el-padre-eustaquio\/\" \/>\n<meta property=\"og:locale\" content=\"es_ES\" \/>\n<meta property=\"og:type\" content=\"article\" \/>\n<meta property=\"og:title\" content=\"Causa de Canoniza\u00e7\u00e3o inicia grava\u00e7\u00f5es de S\u00e9rie Documental sobre Padre Eust\u00e1quio\" \/>\n<meta property=\"og:description\" content=\"A equipe de produ\u00e7\u00f5es audiovisuais da Causa de Canoniza\u00e7\u00e3o do Beato Padre Eust\u00e1quio esteve em Patroc\u00ednio e Romaria, ambas cidades mineiras, gravando depoimentos e cenas para uma s\u00e9rie documental sobre a vida do Bem-Aventurado Padre Eust\u00e1quio.\" \/>\n<meta property=\"og:url\" content=\"https:\/\/www.padreeustaquio.com.br\/es\/causa-de-canonizacion-inicia-grabacion-de-serie-documental-sobre-el-padre-eustaquio\/\" \/>\n<meta property=\"og:site_name\" content=\"Padre Eust\u00e1quio\" \/>\n<meta property=\"article:publisher\" content=\"https:\/\/www.facebook.com\/beatopadreeustaquio\/\" \/>\n<meta property=\"article:published_time\" content=\"2025-03-14T09:54:47+00:00\" \/>\n<meta property=\"og:image\" content=\"https:\/\/www.padreeustaquio.com.br\/wp-content\/uploads\/2025\/03\/gravacao-lucelia-e1741788743936.jpeg\" \/>\n\t<meta property=\"og:image:width\" content=\"960\" \/>\n\t<meta property=\"og:image:height\" content=\"587\" \/>\n\t<meta property=\"og:image:type\" content=\"image\/jpeg\" \/>\n<meta name=\"author\" content=\"@sscc\" \/>\n<meta name=\"twitter:card\" content=\"summary_large_image\" \/>\n<meta name=\"twitter:creator\" content=\"@beatopeustaquio\" \/>\n<meta name=\"twitter:site\" content=\"@beatopeustaquio\" \/>\n<meta name=\"twitter:label1\" content=\"Escrito por\" \/>\n\t<meta name=\"twitter:data1\" content=\"@sscc\" \/>\n\t<meta name=\"twitter:label2\" content=\"Tiempo de lectura\" \/>\n\t<meta name=\"twitter:data2\" content=\"2 minutos\" \/>\n<script type=\"application\/ld+json\" class=\"yoast-schema-graph\">{\"@context\":\"https:\/\/schema.org\",\"@graph\":[{\"@type\":\"Article\",\"@id\":\"https:\/\/www.padreeustaquio.com.br\/causa-de-canonizacao-inicia-gravacoes-de-serie-documental-sobre-padre-eustaquio\/#article\",\"isPartOf\":{\"@id\":\"https:\/\/www.padreeustaquio.com.br\/causa-de-canonizacao-inicia-gravacoes-de-serie-documental-sobre-padre-eustaquio\/\"},\"author\":{\"name\":\"@sscc\",\"@id\":\"https:\/\/www.padreeustaquio.com.br\/#\/schema\/person\/a2a51db1d00f1a7af0204a0f1ddb1566\"},\"headline\":\"Causa de Canoniza\u00e7\u00e3o inicia grava\u00e7\u00f5es de S\u00e9rie Documental sobre Padre Eust\u00e1quio\",\"datePublished\":\"2025-03-14T09:54:47+00:00\",\"mainEntityOfPage\":{\"@id\":\"https:\/\/www.padreeustaquio.com.br\/causa-de-canonizacao-inicia-gravacoes-de-serie-documental-sobre-padre-eustaquio\/\"},\"wordCount\":300,\"commentCount\":0,\"publisher\":{\"@id\":\"https:\/\/www.padreeustaquio.com.br\/#organization\"},\"image\":{\"@id\":\"https:\/\/www.padreeustaquio.com.br\/causa-de-canonizacao-inicia-gravacoes-de-serie-documental-sobre-padre-eustaquio\/#primaryimage\"},\"thumbnailUrl\":\"https:\/\/www.padreeustaquio.com.br\/wp-content\/uploads\/2025\/03\/gravacao-lucelia-e1741788743936.jpeg\",\"articleSection\":[\"Not\u00edcias\"],\"inLanguage\":\"es\",\"potentialAction\":[{\"@type\":\"CommentAction\",\"name\":\"Comment\",\"target\":[\"https:\/\/www.padreeustaquio.com.br\/causa-de-canonizacao-inicia-gravacoes-de-serie-documental-sobre-padre-eustaquio\/#respond\"]}]},{\"@type\":\"WebPage\",\"@id\":\"https:\/\/www.padreeustaquio.com.br\/causa-de-canonizacao-inicia-gravacoes-de-serie-documental-sobre-padre-eustaquio\/\",\"url\":\"https:\/\/www.padreeustaquio.com.br\/causa-de-canonizacao-inicia-gravacoes-de-serie-documental-sobre-padre-eustaquio\/\",\"name\":\"Causa de Canoniza\u00e7\u00e3o inicia grava\u00e7\u00f5es de S\u00e9rie Documental sobre Padre Eust\u00e1quio\",\"isPartOf\":{\"@id\":\"https:\/\/www.padreeustaquio.com.br\/#website\"},\"primaryImageOfPage\":{\"@id\":\"https:\/\/www.padreeustaquio.com.br\/causa-de-canonizacao-inicia-gravacoes-de-serie-documental-sobre-padre-eustaquio\/#primaryimage\"},\"image\":{\"@id\":\"https:\/\/www.padreeustaquio.com.br\/causa-de-canonizacao-inicia-gravacoes-de-serie-documental-sobre-padre-eustaquio\/#primaryimage\"},\"thumbnailUrl\":\"https:\/\/www.padreeustaquio.com.br\/wp-content\/uploads\/2025\/03\/gravacao-lucelia-e1741788743936.jpeg\",\"datePublished\":\"2025-03-14T09:54:47+00:00\",\"description\":\"A equipe de produ\u00e7\u00f5es audiovisuais da Causa de Canoniza\u00e7\u00e3o do Beato Padre Eust\u00e1quio esteve em Patroc\u00ednio e Romaria, ambas cidades mineiras, gravando depoimentos e cenas para uma s\u00e9rie documental sobre a vida do Bem-Aventurado Padre Eust\u00e1quio.\",\"breadcrumb\":{\"@id\":\"https:\/\/www.padreeustaquio.com.br\/causa-de-canonizacao-inicia-gravacoes-de-serie-documental-sobre-padre-eustaquio\/#breadcrumb\"},\"inLanguage\":\"es\",\"potentialAction\":[{\"@type\":\"ReadAction\",\"target\":[\"https:\/\/www.padreeustaquio.com.br\/causa-de-canonizacao-inicia-gravacoes-de-serie-documental-sobre-padre-eustaquio\/\"]}]},{\"@type\":\"ImageObject\",\"inLanguage\":\"es\",\"@id\":\"https:\/\/www.padreeustaquio.com.br\/causa-de-canonizacao-inicia-gravacoes-de-serie-documental-sobre-padre-eustaquio\/#primaryimage\",\"url\":\"https:\/\/www.padreeustaquio.com.br\/wp-content\/uploads\/2025\/03\/gravacao-lucelia-e1741788743936.jpeg\",\"contentUrl\":\"https:\/\/www.padreeustaquio.com.br\/wp-content\/uploads\/2025\/03\/gravacao-lucelia-e1741788743936.jpeg\",\"width\":960,\"height\":587},{\"@type\":\"BreadcrumbList\",\"@id\":\"https:\/\/www.padreeustaquio.com.br\/causa-de-canonizacao-inicia-gravacoes-de-serie-documental-sobre-padre-eustaquio\/#breadcrumb\",\"itemListElement\":[{\"@type\":\"ListItem\",\"position\":1,\"name\":\"In\u00edcio\",\"item\":\"https:\/\/www.padreeustaquio.com.br\/\"},{\"@type\":\"ListItem\",\"position\":2,\"name\":\"Causa de Canoniza\u00e7\u00e3o inicia grava\u00e7\u00f5es de S\u00e9rie Documental sobre Padre Eust\u00e1quio\"}]},{\"@type\":\"WebSite\",\"@id\":\"https:\/\/www.padreeustaquio.com.br\/#website\",\"url\":\"https:\/\/www.padreeustaquio.com.br\/\",\"name\":\"Padre Eust\u00e1quio\",\"description\":\"Sa\u00fade e Paz\",\"publisher\":{\"@id\":\"https:\/\/www.padreeustaquio.com.br\/#organization\"},\"potentialAction\":[{\"@type\":\"SearchAction\",\"target\":{\"@type\":\"EntryPoint\",\"urlTemplate\":\"https:\/\/www.padreeustaquio.com.br\/?s={search_term_string}\"},\"query-input\":{\"@type\":\"PropertyValueSpecification\",\"valueRequired\":true,\"valueName\":\"search_term_string\"}}],\"inLanguage\":\"es\"},{\"@type\":\"Organization\",\"@id\":\"https:\/\/www.padreeustaquio.com.br\/#organization\",\"name\":\"Padre Eust\u00e1quio\",\"url\":\"https:\/\/www.padreeustaquio.com.br\/\",\"logo\":{\"@type\":\"ImageObject\",\"inLanguage\":\"es\",\"@id\":\"https:\/\/www.padreeustaquio.com.br\/#\/schema\/logo\/image\/\",\"url\":\"https:\/\/www.padreeustaquio.com.br\/wp-content\/uploads\/2019\/08\/marca.png\",\"contentUrl\":\"https:\/\/www.padreeustaquio.com.br\/wp-content\/uploads\/2019\/08\/marca.png\",\"width\":350,\"height\":400,\"caption\":\"Padre Eust\u00e1quio\"},\"image\":{\"@id\":\"https:\/\/www.padreeustaquio.com.br\/#\/schema\/logo\/image\/\"},\"sameAs\":[\"https:\/\/www.facebook.com\/beatopadreeustaquio\/\",\"https:\/\/x.com\/beatopeustaquio\",\"https:\/\/www.instagram.com\/beatopadreeustaquio\/\",\"https:\/\/www.youtube.com\/channel\/UCRhw7vfabnajwLxb1ZXMeIw\"]},{\"@type\":\"Person\",\"@id\":\"https:\/\/www.padreeustaquio.com.br\/#\/schema\/person\/a2a51db1d00f1a7af0204a0f1ddb1566\",\"name\":\"@sscc\",\"image\":{\"@type\":\"ImageObject\",\"inLanguage\":\"es\",\"@id\":\"https:\/\/secure.gravatar.com\/avatar\/68cfafa5f44617fea54071e215026e0ff06be366c3d54a8425f04fdcb86f8c5f?s=96&d=mm&r=g\",\"url\":\"https:\/\/secure.gravatar.com\/avatar\/68cfafa5f44617fea54071e215026e0ff06be366c3d54a8425f04fdcb86f8c5f?s=96&d=mm&r=g\",\"contentUrl\":\"https:\/\/secure.gravatar.com\/avatar\/68cfafa5f44617fea54071e215026e0ff06be366c3d54a8425f04fdcb86f8c5f?s=96&d=mm&r=g\",\"caption\":\"@sscc\"},\"url\":\"https:\/\/www.padreeustaquio.com.br\/es\/author\/sscc\/\"}]}<\/script>\n<!-- \/ Yoast SEO plugin. -->","yoast_head_json":{"title":"Inicia proceso de canonizaci\u00f3n. Se filma serie documental sobre el padre Eust\u00e1quio.","description":"El equipo de producci\u00f3n audiovisual de la Causa de Canonizaci\u00f3n del Beato Padre Eust\u00e1quio estuvo en Patroc\u00ednio y Romaria, ambas ciudades de Minas Gerais, grabando testimonios y escenas para una serie documental sobre la vida del Beato Padre Eust\u00e1quio.","robots":{"index":"index","follow":"follow","max-snippet":"max-snippet:-1","max-image-preview":"max-image-preview:large","max-video-preview":"max-video-preview:-1"},"canonical":"https:\/\/www.padreeustaquio.com.br\/es\/causa-de-canonizacion-inicia-grabacion-de-serie-documental-sobre-el-padre-eustaquio\/","og_locale":"es_ES","og_type":"article","og_title":"Causa de Canoniza\u00e7\u00e3o inicia grava\u00e7\u00f5es de S\u00e9rie Documental sobre Padre Eust\u00e1quio","og_description":"A equipe de produ\u00e7\u00f5es audiovisuais da Causa de Canoniza\u00e7\u00e3o do Beato Padre Eust\u00e1quio esteve em Patroc\u00ednio e Romaria, ambas cidades mineiras, gravando depoimentos e cenas para uma s\u00e9rie documental sobre a vida do Bem-Aventurado Padre Eust\u00e1quio.","og_url":"https:\/\/www.padreeustaquio.com.br\/es\/causa-de-canonizacion-inicia-grabacion-de-serie-documental-sobre-el-padre-eustaquio\/","og_site_name":"Padre Eust\u00e1quio","article_publisher":"https:\/\/www.facebook.com\/beatopadreeustaquio\/","article_published_time":"2025-03-14T09:54:47+00:00","og_image":[{"width":960,"height":587,"url":"https:\/\/www.padreeustaquio.com.br\/wp-content\/uploads\/2025\/03\/gravacao-lucelia-e1741788743936.jpeg","type":"image\/jpeg"}],"author":"@sscc","twitter_card":"summary_large_image","twitter_creator":"@beatopeustaquio","twitter_site":"@beatopeustaquio","twitter_misc":{"Escrito por":"@sscc","Tiempo de lectura":"2 minutos"},"schema":{"@context":"https:\/\/schema.org","@graph":[{"@type":"Article","@id":"https:\/\/www.padreeustaquio.com.br\/causa-de-canonizacao-inicia-gravacoes-de-serie-documental-sobre-padre-eustaquio\/#article","isPartOf":{"@id":"https:\/\/www.padreeustaquio.com.br\/causa-de-canonizacao-inicia-gravacoes-de-serie-documental-sobre-padre-eustaquio\/"},"author":{"name":"@sscc","@id":"https:\/\/www.padreeustaquio.com.br\/#\/schema\/person\/a2a51db1d00f1a7af0204a0f1ddb1566"},"headline":"Causa de Canoniza\u00e7\u00e3o inicia grava\u00e7\u00f5es de S\u00e9rie Documental sobre Padre Eust\u00e1quio","datePublished":"2025-03-14T09:54:47+00:00","mainEntityOfPage":{"@id":"https:\/\/www.padreeustaquio.com.br\/causa-de-canonizacao-inicia-gravacoes-de-serie-documental-sobre-padre-eustaquio\/"},"wordCount":300,"commentCount":0,"publisher":{"@id":"https:\/\/www.padreeustaquio.com.br\/#organization"},"image":{"@id":"https:\/\/www.padreeustaquio.com.br\/causa-de-canonizacao-inicia-gravacoes-de-serie-documental-sobre-padre-eustaquio\/#primaryimage"},"thumbnailUrl":"https:\/\/www.padreeustaquio.com.br\/wp-content\/uploads\/2025\/03\/gravacao-lucelia-e1741788743936.jpeg","articleSection":["Not\u00edcias"],"inLanguage":"es","potentialAction":[{"@type":"CommentAction","name":"Comment","target":["https:\/\/www.padreeustaquio.com.br\/causa-de-canonizacao-inicia-gravacoes-de-serie-documental-sobre-padre-eustaquio\/#respond"]}]},{"@type":"WebPage","@id":"https:\/\/www.padreeustaquio.com.br\/causa-de-canonizacao-inicia-gravacoes-de-serie-documental-sobre-padre-eustaquio\/","url":"https:\/\/www.padreeustaquio.com.br\/causa-de-canonizacao-inicia-gravacoes-de-serie-documental-sobre-padre-eustaquio\/","name":"Inicia proceso de canonizaci\u00f3n. Se filma serie documental sobre el padre Eust\u00e1quio.","isPartOf":{"@id":"https:\/\/www.padreeustaquio.com.br\/#website"},"primaryImageOfPage":{"@id":"https:\/\/www.padreeustaquio.com.br\/causa-de-canonizacao-inicia-gravacoes-de-serie-documental-sobre-padre-eustaquio\/#primaryimage"},"image":{"@id":"https:\/\/www.padreeustaquio.com.br\/causa-de-canonizacao-inicia-gravacoes-de-serie-documental-sobre-padre-eustaquio\/#primaryimage"},"thumbnailUrl":"https:\/\/www.padreeustaquio.com.br\/wp-content\/uploads\/2025\/03\/gravacao-lucelia-e1741788743936.jpeg","datePublished":"2025-03-14T09:54:47+00:00","description":"El equipo de producci\u00f3n audiovisual de la Causa de Canonizaci\u00f3n del Beato Padre Eust\u00e1quio estuvo en Patroc\u00ednio y Romaria, ambas ciudades de Minas Gerais, grabando testimonios y escenas para una serie documental sobre la vida del Beato Padre Eust\u00e1quio.","breadcrumb":{"@id":"https:\/\/www.padreeustaquio.com.br\/causa-de-canonizacao-inicia-gravacoes-de-serie-documental-sobre-padre-eustaquio\/#breadcrumb"},"inLanguage":"es","potentialAction":[{"@type":"ReadAction","target":["https:\/\/www.padreeustaquio.com.br\/causa-de-canonizacao-inicia-gravacoes-de-serie-documental-sobre-padre-eustaquio\/"]}]},{"@type":"ImageObject","inLanguage":"es","@id":"https:\/\/www.padreeustaquio.com.br\/causa-de-canonizacao-inicia-gravacoes-de-serie-documental-sobre-padre-eustaquio\/#primaryimage","url":"https:\/\/www.padreeustaquio.com.br\/wp-content\/uploads\/2025\/03\/gravacao-lucelia-e1741788743936.jpeg","contentUrl":"https:\/\/www.padreeustaquio.com.br\/wp-content\/uploads\/2025\/03\/gravacao-lucelia-e1741788743936.jpeg","width":960,"height":587},{"@type":"BreadcrumbList","@id":"https:\/\/www.padreeustaquio.com.br\/causa-de-canonizacao-inicia-gravacoes-de-serie-documental-sobre-padre-eustaquio\/#breadcrumb","itemListElement":[{"@type":"ListItem","position":1,"name":"In\u00edcio","item":"https:\/\/www.padreeustaquio.com.br\/"},{"@type":"ListItem","position":2,"name":"Causa de Canoniza\u00e7\u00e3o inicia grava\u00e7\u00f5es de S\u00e9rie Documental sobre Padre Eust\u00e1quio"}]},{"@type":"WebSite","@id":"https:\/\/www.padreeustaquio.com.br\/#website","url":"https:\/\/www.padreeustaquio.com.br\/","name":"Padre Eustace","description":"Salud y Paz","publisher":{"@id":"https:\/\/www.padreeustaquio.com.br\/#organization"},"potentialAction":[{"@type":"SearchAction","target":{"@type":"EntryPoint","urlTemplate":"https:\/\/www.padreeustaquio.com.br\/?s={search_term_string}"},"query-input":{"@type":"PropertyValueSpecification","valueRequired":true,"valueName":"search_term_string"}}],"inLanguage":"es"},{"@type":"Organization","@id":"https:\/\/www.padreeustaquio.com.br\/#organization","name":"Padre Eustace","url":"https:\/\/www.padreeustaquio.com.br\/","logo":{"@type":"ImageObject","inLanguage":"es","@id":"https:\/\/www.padreeustaquio.com.br\/#\/schema\/logo\/image\/","url":"https:\/\/www.padreeustaquio.com.br\/wp-content\/uploads\/2019\/08\/marca.png","contentUrl":"https:\/\/www.padreeustaquio.com.br\/wp-content\/uploads\/2019\/08\/marca.png","width":350,"height":400,"caption":"Padre Eust\u00e1quio"},"image":{"@id":"https:\/\/www.padreeustaquio.com.br\/#\/schema\/logo\/image\/"},"sameAs":["https:\/\/www.facebook.com\/beatopadreeustaquio\/","https:\/\/x.com\/beatopeustaquio","https:\/\/www.instagram.com\/beatopadreeustaquio\/","https:\/\/www.youtube.com\/channel\/UCRhw7vfabnajwLxb1ZXMeIw"]},{"@type":"Person","@id":"https:\/\/www.padreeustaquio.com.br\/#\/schema\/person\/a2a51db1d00f1a7af0204a0f1ddb1566","name":"@sscc","image":{"@type":"ImageObject","inLanguage":"es","@id":"https:\/\/secure.gravatar.com\/avatar\/68cfafa5f44617fea54071e215026e0ff06be366c3d54a8425f04fdcb86f8c5f?s=96&d=mm&r=g","url":"https:\/\/secure.gravatar.com\/avatar\/68cfafa5f44617fea54071e215026e0ff06be366c3d54a8425f04fdcb86f8c5f?s=96&d=mm&r=g","contentUrl":"https:\/\/secure.gravatar.com\/avatar\/68cfafa5f44617fea54071e215026e0ff06be366c3d54a8425f04fdcb86f8c5f?s=96&d=mm&r=g","caption":"@sscc"},"url":"https:\/\/www.padreeustaquio.com.br\/es\/author\/sscc\/"}]}},"_links":{"self":[{"href":"https:\/\/www.padreeustaquio.com.br\/es\/wp-json\/wp\/v2\/posts\/11837","targetHints":{"allow":["GET"]}}],"collection":[{"href":"https:\/\/www.padreeustaquio.com.br\/es\/wp-json\/wp\/v2\/posts"}],"about":[{"href":"https:\/\/www.padreeustaquio.com.br\/es\/wp-json\/wp\/v2\/types\/post"}],"author":[{"embeddable":true,"href":"https:\/\/www.padreeustaquio.com.br\/es\/wp-json\/wp\/v2\/users\/2"}],"replies":[{"embeddable":true,"href":"https:\/\/www.padreeustaquio.com.br\/es\/wp-json\/wp\/v2\/comments?post=11837"}],"version-history":[{"count":0,"href":"https:\/\/www.padreeustaquio.com.br\/es\/wp-json\/wp\/v2\/posts\/11837\/revisions"}],"wp:featuredmedia":[{"embeddable":true,"href":"https:\/\/www.padreeustaquio.com.br\/es\/wp-json\/wp\/v2\/media\/11838"}],"wp:attachment":[{"href":"https:\/\/www.padreeustaquio.com.br\/es\/wp-json\/wp\/v2\/media?parent=11837"}],"wp:term":[{"taxonomy":"category","embeddable":true,"href":"https:\/\/www.padreeustaquio.com.br\/es\/wp-json\/wp\/v2\/categories?post=11837"},{"taxonomy":"post_tag","embeddable":true,"href":"https:\/\/www.padreeustaquio.com.br\/es\/wp-json\/wp\/v2\/tags?post=11837"}],"curies":[{"name":"wp","href":"https:\/\/api.w.org\/{rel}","templated":true}]}}