{"id":11831,"date":"2025-03-17T07:30:15","date_gmt":"2025-03-17T10:30:15","guid":{"rendered":"https:\/\/www.padreeustaquio.com.br\/?p=11831"},"modified":"2025-03-12T10:54:11","modified_gmt":"2025-03-12T13:54:11","slug":"beato-padre-eustaquio-peregrino-de-la-esperanza","status":"publish","type":"post","link":"https:\/\/www.padreeustaquio.com.br\/es\/beato-padre-eustaquio-peregrino-de-la-esperanza\/","title":{"rendered":"Beato Padre Eustaquio: Un peregrino de esperanza"},"content":{"rendered":"<p>En el camino de la fe, hay quienes, a trav\u00e9s de su vida y misi\u00f3n, se convierten en verdaderos peregrinos de la esperanza. El Beato Padre Eustaquio fue uno de ellos. Su testimonio resuena profundamente en el contexto del A\u00f1o Santo 2025, que nos invita a vivir la esperanza como don y compromiso.<\/p>\n<p>Desde su llegada a Brasil, el Padre Eust\u00e1quio recorri\u00f3 ciudades y conmovi\u00f3 corazones, llevando consuelo a los enfermos, acogiendo a los pobres y proclamando la paz de Cristo. Su misi\u00f3n no se limit\u00f3 a un lugar fijo; camin\u00f3, sembrando esperanza dondequiera que se necesitara. Su lema, &quot;Salud y Paz&quot;, no era solo un saludo, sino la promesa de un Dios que nunca abandona a sus hijos.<\/p>\n<p>As\u00ed como los peregrinos del Jubileo est\u00e1n llamados a cruzar la Puerta Santa en busca de una fe renovada, el Padre Eustace gui\u00f3 a la gente hacia una puerta a\u00fan mayor: Cristo, la esperanza que no decepciona. Su vida de oraci\u00f3n, sacrificio y dedicaci\u00f3n nos ense\u00f1a que, incluso en medio de las dificultades, la esperanza cristiana ilumina cada paso del camino.<\/p>\n<p>En este A\u00f1o Santo, al recordar su legado, se nos invita a seguir su ejemplo: ser peregrinos de esperanza, portadores de la luz de Cristo en el mundo. \u00a1Que la intercesi\u00f3n del Beato Padre Eustaquio nos fortalezca en este camino hacia el encuentro definitivo con Dios!<\/p>\n<p><strong>Santuario de Salud y Paz \u2013 Iglesia del Jubileo<\/strong><\/p>\n<p>El Santuario de la Salud y la Paz, Iglesia del Beato Padre Eust\u00e1quio, es tambi\u00e9n una de las Iglesias Jubilares de la Arquidi\u00f3cesis de Belo Horizonte. Nuestro Santuario espera y acoge la visita de fieles y peregrinos en este A\u00f1o Santo para vivir y fortalecer la espiritualidad necesaria para promover y compartir la esperanza.<\/p>\n<p>Quienes realizan los ejercicios esenciales para obtener la gracia de la indulgencia plenaria, si est\u00e1n verdaderamente arrepentidos de sus pecados, quedan liberados de la pena que les corresponde por el mal cometido, la cual debe cumplirse al llegar al purgatorio. Entre los ejercicios que pueden llevar a los fieles a obtener la indulgencia plenaria en el A\u00f1o Santo 2025 se encuentran las peregrinaciones a las puertas santas, abiertas por el papa Francisco en las bas\u00edlicas de Roma, o a las iglesias jubilares, designadas por los arzobispos y obispos titulares de cada archidi\u00f3cesis o di\u00f3cesis.<\/p>","protected":false},"excerpt":{"rendered":"<p>No caminho da f\u00e9, h\u00e1 aqueles que, com sua vida e miss\u00e3o, se tornam verdadeiros peregrinos da esperan\u00e7a. O Beato Padre Eust\u00e1quio foi um deles. Seu testemunho ressoa profundamente no contexto do Ano Santo 2025, que nos convida a viver a esperan\u00e7a como um dom e um compromisso. Desde sua chegada ao Brasil, Padre Eust\u00e1quio percorreu cidades e cora\u00e7\u00f5es, levando consolo aos enfermos, acolhendo os pobres e proclamando a paz de Cristo. Sua miss\u00e3o n\u00e3o se limitava a um lugar fixo; ele caminhava, semeando esperan\u00e7a onde fosse necess\u00e1rio. Seu lema, \u201cSa\u00fade e Paz\u201d, n\u00e3o era apenas uma sauda\u00e7\u00e3o, mas uma [&hellip;]<\/p>\n","protected":false},"author":2,"featured_media":11832,"comment_status":"open","ping_status":"closed","sticky":false,"template":"","format":"standard","meta":{"_acf_changed":false,"footnotes":""},"categories":[611],"tags":[],"class_list":["post-11831","post","type-post","status-publish","format-standard","has-post-thumbnail","hentry","category-noticias"],"acf":[],"yoast_head":"<!-- This site is optimized with the Yoast SEO plugin v27.2 - https:\/\/yoast.com\/product\/yoast-seo-wordpress\/ -->\n<title>Beato Padre Eust\u00e1quio: um Peregrino de Esperan\u00e7a<\/title>\n<meta name=\"description\" content=\"No caminho da f\u00e9, h\u00e1 aqueles que, com sua vida e miss\u00e3o, se tornam verdadeiros peregrinos da esperan\u00e7a. O Beato Padre Eust\u00e1quio foi um deles. Seu testemunho ressoa profundamente no contexto do Ano Santo 2025, que nos convida a viver a esperan\u00e7a como um dom e um compromisso.\" \/>\n<meta name=\"robots\" content=\"index, follow, max-snippet:-1, max-image-preview:large, max-video-preview:-1\" \/>\n<link rel=\"canonical\" href=\"https:\/\/www.padreeustaquio.com.br\/es\/beato-padre-eustaquio-peregrino-de-la-esperanza\/\" \/>\n<meta property=\"og:locale\" content=\"es_ES\" \/>\n<meta property=\"og:type\" content=\"article\" \/>\n<meta property=\"og:title\" content=\"Beato Padre Eust\u00e1quio: um Peregrino de Esperan\u00e7a\" \/>\n<meta property=\"og:description\" content=\"No caminho da f\u00e9, h\u00e1 aqueles que, com sua vida e miss\u00e3o, se tornam verdadeiros peregrinos da esperan\u00e7a. O Beato Padre Eust\u00e1quio foi um deles. Seu testemunho ressoa profundamente no contexto do Ano Santo 2025, que nos convida a viver a esperan\u00e7a como um dom e um compromisso.\" \/>\n<meta property=\"og:url\" content=\"https:\/\/www.padreeustaquio.com.br\/es\/beato-padre-eustaquio-peregrino-de-la-esperanza\/\" \/>\n<meta property=\"og:site_name\" content=\"Padre Eust\u00e1quio\" \/>\n<meta property=\"article:publisher\" content=\"https:\/\/www.facebook.com\/beatopadreeustaquio\/\" \/>\n<meta property=\"article:published_time\" content=\"2025-03-17T10:30:15+00:00\" \/>\n<meta property=\"og:image\" content=\"https:\/\/www.padreeustaquio.com.br\/wp-content\/uploads\/2025\/03\/jubileu-da-esperanca-logo.jpg\" \/>\n\t<meta property=\"og:image:width\" content=\"1536\" \/>\n\t<meta property=\"og:image:height\" content=\"864\" \/>\n\t<meta property=\"og:image:type\" content=\"image\/jpeg\" \/>\n<meta name=\"author\" content=\"@sscc\" \/>\n<meta name=\"twitter:card\" content=\"summary_large_image\" \/>\n<meta name=\"twitter:creator\" content=\"@beatopeustaquio\" \/>\n<meta name=\"twitter:site\" content=\"@beatopeustaquio\" \/>\n<meta name=\"twitter:label1\" content=\"Escrito por\" \/>\n\t<meta name=\"twitter:data1\" content=\"@sscc\" \/>\n\t<meta name=\"twitter:label2\" content=\"Tiempo de lectura\" \/>\n\t<meta name=\"twitter:data2\" content=\"3 minutos\" \/>\n<script type=\"application\/ld+json\" class=\"yoast-schema-graph\">{\"@context\":\"https:\/\/schema.org\",\"@graph\":[{\"@type\":\"Article\",\"@id\":\"https:\/\/www.padreeustaquio.com.br\/beato-padre-eustaquio-um-peregrino-de-esperanca\/#article\",\"isPartOf\":{\"@id\":\"https:\/\/www.padreeustaquio.com.br\/beato-padre-eustaquio-um-peregrino-de-esperanca\/\"},\"author\":{\"name\":\"@sscc\",\"@id\":\"https:\/\/www.padreeustaquio.com.br\/#\/schema\/person\/a2a51db1d00f1a7af0204a0f1ddb1566\"},\"headline\":\"Beato Padre Eust\u00e1quio: um Peregrino de Esperan\u00e7a\",\"datePublished\":\"2025-03-17T10:30:15+00:00\",\"mainEntityOfPage\":{\"@id\":\"https:\/\/www.padreeustaquio.com.br\/beato-padre-eustaquio-um-peregrino-de-esperanca\/\"},\"wordCount\":407,\"commentCount\":0,\"publisher\":{\"@id\":\"https:\/\/www.padreeustaquio.com.br\/#organization\"},\"image\":{\"@id\":\"https:\/\/www.padreeustaquio.com.br\/beato-padre-eustaquio-um-peregrino-de-esperanca\/#primaryimage\"},\"thumbnailUrl\":\"https:\/\/www.padreeustaquio.com.br\/wp-content\/uploads\/2025\/03\/jubileu-da-esperanca-logo.jpg\",\"articleSection\":[\"Not\u00edcias\"],\"inLanguage\":\"es\",\"potentialAction\":[{\"@type\":\"CommentAction\",\"name\":\"Comment\",\"target\":[\"https:\/\/www.padreeustaquio.com.br\/beato-padre-eustaquio-um-peregrino-de-esperanca\/#respond\"]}]},{\"@type\":\"WebPage\",\"@id\":\"https:\/\/www.padreeustaquio.com.br\/beato-padre-eustaquio-um-peregrino-de-esperanca\/\",\"url\":\"https:\/\/www.padreeustaquio.com.br\/beato-padre-eustaquio-um-peregrino-de-esperanca\/\",\"name\":\"Beato Padre Eust\u00e1quio: um Peregrino de Esperan\u00e7a\",\"isPartOf\":{\"@id\":\"https:\/\/www.padreeustaquio.com.br\/#website\"},\"primaryImageOfPage\":{\"@id\":\"https:\/\/www.padreeustaquio.com.br\/beato-padre-eustaquio-um-peregrino-de-esperanca\/#primaryimage\"},\"image\":{\"@id\":\"https:\/\/www.padreeustaquio.com.br\/beato-padre-eustaquio-um-peregrino-de-esperanca\/#primaryimage\"},\"thumbnailUrl\":\"https:\/\/www.padreeustaquio.com.br\/wp-content\/uploads\/2025\/03\/jubileu-da-esperanca-logo.jpg\",\"datePublished\":\"2025-03-17T10:30:15+00:00\",\"description\":\"No caminho da f\u00e9, h\u00e1 aqueles que, com sua vida e miss\u00e3o, se tornam verdadeiros peregrinos da esperan\u00e7a. O Beato Padre Eust\u00e1quio foi um deles. Seu testemunho ressoa profundamente no contexto do Ano Santo 2025, que nos convida a viver a esperan\u00e7a como um dom e um compromisso.\",\"breadcrumb\":{\"@id\":\"https:\/\/www.padreeustaquio.com.br\/beato-padre-eustaquio-um-peregrino-de-esperanca\/#breadcrumb\"},\"inLanguage\":\"es\",\"potentialAction\":[{\"@type\":\"ReadAction\",\"target\":[\"https:\/\/www.padreeustaquio.com.br\/beato-padre-eustaquio-um-peregrino-de-esperanca\/\"]}]},{\"@type\":\"ImageObject\",\"inLanguage\":\"es\",\"@id\":\"https:\/\/www.padreeustaquio.com.br\/beato-padre-eustaquio-um-peregrino-de-esperanca\/#primaryimage\",\"url\":\"https:\/\/www.padreeustaquio.com.br\/wp-content\/uploads\/2025\/03\/jubileu-da-esperanca-logo.jpg\",\"contentUrl\":\"https:\/\/www.padreeustaquio.com.br\/wp-content\/uploads\/2025\/03\/jubileu-da-esperanca-logo.jpg\",\"width\":1536,\"height\":864},{\"@type\":\"BreadcrumbList\",\"@id\":\"https:\/\/www.padreeustaquio.com.br\/beato-padre-eustaquio-um-peregrino-de-esperanca\/#breadcrumb\",\"itemListElement\":[{\"@type\":\"ListItem\",\"position\":1,\"name\":\"In\u00edcio\",\"item\":\"https:\/\/www.padreeustaquio.com.br\/\"},{\"@type\":\"ListItem\",\"position\":2,\"name\":\"Beato Padre Eust\u00e1quio: um Peregrino de Esperan\u00e7a\"}]},{\"@type\":\"WebSite\",\"@id\":\"https:\/\/www.padreeustaquio.com.br\/#website\",\"url\":\"https:\/\/www.padreeustaquio.com.br\/\",\"name\":\"Padre Eust\u00e1quio\",\"description\":\"Sa\u00fade e Paz\",\"publisher\":{\"@id\":\"https:\/\/www.padreeustaquio.com.br\/#organization\"},\"potentialAction\":[{\"@type\":\"SearchAction\",\"target\":{\"@type\":\"EntryPoint\",\"urlTemplate\":\"https:\/\/www.padreeustaquio.com.br\/?s={search_term_string}\"},\"query-input\":{\"@type\":\"PropertyValueSpecification\",\"valueRequired\":true,\"valueName\":\"search_term_string\"}}],\"inLanguage\":\"es\"},{\"@type\":\"Organization\",\"@id\":\"https:\/\/www.padreeustaquio.com.br\/#organization\",\"name\":\"Padre Eust\u00e1quio\",\"url\":\"https:\/\/www.padreeustaquio.com.br\/\",\"logo\":{\"@type\":\"ImageObject\",\"inLanguage\":\"es\",\"@id\":\"https:\/\/www.padreeustaquio.com.br\/#\/schema\/logo\/image\/\",\"url\":\"https:\/\/www.padreeustaquio.com.br\/wp-content\/uploads\/2019\/08\/marca.png\",\"contentUrl\":\"https:\/\/www.padreeustaquio.com.br\/wp-content\/uploads\/2019\/08\/marca.png\",\"width\":350,\"height\":400,\"caption\":\"Padre Eust\u00e1quio\"},\"image\":{\"@id\":\"https:\/\/www.padreeustaquio.com.br\/#\/schema\/logo\/image\/\"},\"sameAs\":[\"https:\/\/www.facebook.com\/beatopadreeustaquio\/\",\"https:\/\/x.com\/beatopeustaquio\",\"https:\/\/www.instagram.com\/beatopadreeustaquio\/\",\"https:\/\/www.youtube.com\/channel\/UCRhw7vfabnajwLxb1ZXMeIw\"]},{\"@type\":\"Person\",\"@id\":\"https:\/\/www.padreeustaquio.com.br\/#\/schema\/person\/a2a51db1d00f1a7af0204a0f1ddb1566\",\"name\":\"@sscc\",\"image\":{\"@type\":\"ImageObject\",\"inLanguage\":\"es\",\"@id\":\"https:\/\/secure.gravatar.com\/avatar\/68cfafa5f44617fea54071e215026e0ff06be366c3d54a8425f04fdcb86f8c5f?s=96&d=mm&r=g\",\"url\":\"https:\/\/secure.gravatar.com\/avatar\/68cfafa5f44617fea54071e215026e0ff06be366c3d54a8425f04fdcb86f8c5f?s=96&d=mm&r=g\",\"contentUrl\":\"https:\/\/secure.gravatar.com\/avatar\/68cfafa5f44617fea54071e215026e0ff06be366c3d54a8425f04fdcb86f8c5f?s=96&d=mm&r=g\",\"caption\":\"@sscc\"},\"url\":\"https:\/\/www.padreeustaquio.com.br\/es\/author\/sscc\/\"}]}<\/script>\n<!-- \/ Yoast SEO plugin. -->","yoast_head_json":{"title":"Beato Padre Eustaquio: Un peregrino de esperanza","description":"En el camino de la fe, hay quienes, a trav\u00e9s de su vida y misi\u00f3n, se convierten en verdaderos peregrinos de la esperanza. El Beato Padre Eustaquio fue uno de ellos. Su testimonio resuena profundamente en el contexto del A\u00f1o Santo 2025, que nos invita a vivir la esperanza como don y compromiso.","robots":{"index":"index","follow":"follow","max-snippet":"max-snippet:-1","max-image-preview":"max-image-preview:large","max-video-preview":"max-video-preview:-1"},"canonical":"https:\/\/www.padreeustaquio.com.br\/es\/beato-padre-eustaquio-peregrino-de-la-esperanza\/","og_locale":"es_ES","og_type":"article","og_title":"Beato Padre Eust\u00e1quio: um Peregrino de Esperan\u00e7a","og_description":"No caminho da f\u00e9, h\u00e1 aqueles que, com sua vida e miss\u00e3o, se tornam verdadeiros peregrinos da esperan\u00e7a. O Beato Padre Eust\u00e1quio foi um deles. Seu testemunho ressoa profundamente no contexto do Ano Santo 2025, que nos convida a viver a esperan\u00e7a como um dom e um compromisso.","og_url":"https:\/\/www.padreeustaquio.com.br\/es\/beato-padre-eustaquio-peregrino-de-la-esperanza\/","og_site_name":"Padre Eust\u00e1quio","article_publisher":"https:\/\/www.facebook.com\/beatopadreeustaquio\/","article_published_time":"2025-03-17T10:30:15+00:00","og_image":[{"width":1536,"height":864,"url":"https:\/\/www.padreeustaquio.com.br\/wp-content\/uploads\/2025\/03\/jubileu-da-esperanca-logo.jpg","type":"image\/jpeg"}],"author":"@sscc","twitter_card":"summary_large_image","twitter_creator":"@beatopeustaquio","twitter_site":"@beatopeustaquio","twitter_misc":{"Escrito por":"@sscc","Tiempo de lectura":"3 minutos"},"schema":{"@context":"https:\/\/schema.org","@graph":[{"@type":"Article","@id":"https:\/\/www.padreeustaquio.com.br\/beato-padre-eustaquio-um-peregrino-de-esperanca\/#article","isPartOf":{"@id":"https:\/\/www.padreeustaquio.com.br\/beato-padre-eustaquio-um-peregrino-de-esperanca\/"},"author":{"name":"@sscc","@id":"https:\/\/www.padreeustaquio.com.br\/#\/schema\/person\/a2a51db1d00f1a7af0204a0f1ddb1566"},"headline":"Beato Padre Eust\u00e1quio: um Peregrino de Esperan\u00e7a","datePublished":"2025-03-17T10:30:15+00:00","mainEntityOfPage":{"@id":"https:\/\/www.padreeustaquio.com.br\/beato-padre-eustaquio-um-peregrino-de-esperanca\/"},"wordCount":407,"commentCount":0,"publisher":{"@id":"https:\/\/www.padreeustaquio.com.br\/#organization"},"image":{"@id":"https:\/\/www.padreeustaquio.com.br\/beato-padre-eustaquio-um-peregrino-de-esperanca\/#primaryimage"},"thumbnailUrl":"https:\/\/www.padreeustaquio.com.br\/wp-content\/uploads\/2025\/03\/jubileu-da-esperanca-logo.jpg","articleSection":["Not\u00edcias"],"inLanguage":"es","potentialAction":[{"@type":"CommentAction","name":"Comment","target":["https:\/\/www.padreeustaquio.com.br\/beato-padre-eustaquio-um-peregrino-de-esperanca\/#respond"]}]},{"@type":"WebPage","@id":"https:\/\/www.padreeustaquio.com.br\/beato-padre-eustaquio-um-peregrino-de-esperanca\/","url":"https:\/\/www.padreeustaquio.com.br\/beato-padre-eustaquio-um-peregrino-de-esperanca\/","name":"Beato Padre Eustaquio: Un peregrino de esperanza","isPartOf":{"@id":"https:\/\/www.padreeustaquio.com.br\/#website"},"primaryImageOfPage":{"@id":"https:\/\/www.padreeustaquio.com.br\/beato-padre-eustaquio-um-peregrino-de-esperanca\/#primaryimage"},"image":{"@id":"https:\/\/www.padreeustaquio.com.br\/beato-padre-eustaquio-um-peregrino-de-esperanca\/#primaryimage"},"thumbnailUrl":"https:\/\/www.padreeustaquio.com.br\/wp-content\/uploads\/2025\/03\/jubileu-da-esperanca-logo.jpg","datePublished":"2025-03-17T10:30:15+00:00","description":"En el camino de la fe, hay quienes, a trav\u00e9s de su vida y misi\u00f3n, se convierten en verdaderos peregrinos de la esperanza. El Beato Padre Eustaquio fue uno de ellos. Su testimonio resuena profundamente en el contexto del A\u00f1o Santo 2025, que nos invita a vivir la esperanza como don y compromiso.","breadcrumb":{"@id":"https:\/\/www.padreeustaquio.com.br\/beato-padre-eustaquio-um-peregrino-de-esperanca\/#breadcrumb"},"inLanguage":"es","potentialAction":[{"@type":"ReadAction","target":["https:\/\/www.padreeustaquio.com.br\/beato-padre-eustaquio-um-peregrino-de-esperanca\/"]}]},{"@type":"ImageObject","inLanguage":"es","@id":"https:\/\/www.padreeustaquio.com.br\/beato-padre-eustaquio-um-peregrino-de-esperanca\/#primaryimage","url":"https:\/\/www.padreeustaquio.com.br\/wp-content\/uploads\/2025\/03\/jubileu-da-esperanca-logo.jpg","contentUrl":"https:\/\/www.padreeustaquio.com.br\/wp-content\/uploads\/2025\/03\/jubileu-da-esperanca-logo.jpg","width":1536,"height":864},{"@type":"BreadcrumbList","@id":"https:\/\/www.padreeustaquio.com.br\/beato-padre-eustaquio-um-peregrino-de-esperanca\/#breadcrumb","itemListElement":[{"@type":"ListItem","position":1,"name":"In\u00edcio","item":"https:\/\/www.padreeustaquio.com.br\/"},{"@type":"ListItem","position":2,"name":"Beato Padre Eust\u00e1quio: um Peregrino de Esperan\u00e7a"}]},{"@type":"WebSite","@id":"https:\/\/www.padreeustaquio.com.br\/#website","url":"https:\/\/www.padreeustaquio.com.br\/","name":"Padre Eustace","description":"Salud y Paz","publisher":{"@id":"https:\/\/www.padreeustaquio.com.br\/#organization"},"potentialAction":[{"@type":"SearchAction","target":{"@type":"EntryPoint","urlTemplate":"https:\/\/www.padreeustaquio.com.br\/?s={search_term_string}"},"query-input":{"@type":"PropertyValueSpecification","valueRequired":true,"valueName":"search_term_string"}}],"inLanguage":"es"},{"@type":"Organization","@id":"https:\/\/www.padreeustaquio.com.br\/#organization","name":"Padre Eustace","url":"https:\/\/www.padreeustaquio.com.br\/","logo":{"@type":"ImageObject","inLanguage":"es","@id":"https:\/\/www.padreeustaquio.com.br\/#\/schema\/logo\/image\/","url":"https:\/\/www.padreeustaquio.com.br\/wp-content\/uploads\/2019\/08\/marca.png","contentUrl":"https:\/\/www.padreeustaquio.com.br\/wp-content\/uploads\/2019\/08\/marca.png","width":350,"height":400,"caption":"Padre Eust\u00e1quio"},"image":{"@id":"https:\/\/www.padreeustaquio.com.br\/#\/schema\/logo\/image\/"},"sameAs":["https:\/\/www.facebook.com\/beatopadreeustaquio\/","https:\/\/x.com\/beatopeustaquio","https:\/\/www.instagram.com\/beatopadreeustaquio\/","https:\/\/www.youtube.com\/channel\/UCRhw7vfabnajwLxb1ZXMeIw"]},{"@type":"Person","@id":"https:\/\/www.padreeustaquio.com.br\/#\/schema\/person\/a2a51db1d00f1a7af0204a0f1ddb1566","name":"@sscc","image":{"@type":"ImageObject","inLanguage":"es","@id":"https:\/\/secure.gravatar.com\/avatar\/68cfafa5f44617fea54071e215026e0ff06be366c3d54a8425f04fdcb86f8c5f?s=96&d=mm&r=g","url":"https:\/\/secure.gravatar.com\/avatar\/68cfafa5f44617fea54071e215026e0ff06be366c3d54a8425f04fdcb86f8c5f?s=96&d=mm&r=g","contentUrl":"https:\/\/secure.gravatar.com\/avatar\/68cfafa5f44617fea54071e215026e0ff06be366c3d54a8425f04fdcb86f8c5f?s=96&d=mm&r=g","caption":"@sscc"},"url":"https:\/\/www.padreeustaquio.com.br\/es\/author\/sscc\/"}]}},"_links":{"self":[{"href":"https:\/\/www.padreeustaquio.com.br\/es\/wp-json\/wp\/v2\/posts\/11831","targetHints":{"allow":["GET"]}}],"collection":[{"href":"https:\/\/www.padreeustaquio.com.br\/es\/wp-json\/wp\/v2\/posts"}],"about":[{"href":"https:\/\/www.padreeustaquio.com.br\/es\/wp-json\/wp\/v2\/types\/post"}],"author":[{"embeddable":true,"href":"https:\/\/www.padreeustaquio.com.br\/es\/wp-json\/wp\/v2\/users\/2"}],"replies":[{"embeddable":true,"href":"https:\/\/www.padreeustaquio.com.br\/es\/wp-json\/wp\/v2\/comments?post=11831"}],"version-history":[{"count":0,"href":"https:\/\/www.padreeustaquio.com.br\/es\/wp-json\/wp\/v2\/posts\/11831\/revisions"}],"wp:featuredmedia":[{"embeddable":true,"href":"https:\/\/www.padreeustaquio.com.br\/es\/wp-json\/wp\/v2\/media\/11832"}],"wp:attachment":[{"href":"https:\/\/www.padreeustaquio.com.br\/es\/wp-json\/wp\/v2\/media?parent=11831"}],"wp:term":[{"taxonomy":"category","embeddable":true,"href":"https:\/\/www.padreeustaquio.com.br\/es\/wp-json\/wp\/v2\/categories?post=11831"},{"taxonomy":"post_tag","embeddable":true,"href":"https:\/\/www.padreeustaquio.com.br\/es\/wp-json\/wp\/v2\/tags?post=11831"}],"curies":[{"name":"wp","href":"https:\/\/api.w.org\/{rel}","templated":true}]}}