{"id":11826,"date":"2025-03-10T11:00:51","date_gmt":"2025-03-10T14:00:51","guid":{"rendered":"https:\/\/www.padreeustaquio.com.br\/?p=11826"},"modified":"2025-03-10T11:00:51","modified_gmt":"2025-03-10T14:00:51","slug":"la-campana-de-fraternidad-2025-tiene-como-tema-la-ecologia-integral","status":"publish","type":"post","link":"https:\/\/www.padreeustaquio.com.br\/es\/la-campana-de-fraternidad-2025-tiene-como-tema-la-ecologia-integral\/","title":{"rendered":"La Campa\u00f1a de Fraternidad 2025 tiene como tema \u201cEcolog\u00eda Integral\u201d."},"content":{"rendered":"<p><span class=\"TextRun SCXW101406448 BCX8\" lang=\"PT-BR\" xml:lang=\"PT-BR\" data-contrast=\"auto\"><span class=\"NormalTextRun SCXW101406448 BCX8\">Una c<\/span><span class=\"NormalTextRun SCXW101406448 BCX8\">Cada a\u00f1o, los obispos del Consejo Pastoral Episcopal (CONSEP) de la Conferencia Nacional de Obispos de Brasil (CNBB), acogiendo sugerencias de...\u00a0<\/span><span class=\"NormalTextRun SCXW101406448 BCX8\">r<\/span><span class=\"NormalTextRun SCXW101406448 BCX8\">regional, d<\/span><span class=\"NormalTextRun SCXW101406448 BCX8\">o<\/span><span class=\"NormalTextRun SCXW101406448 BCX8\">\u00f3rgano s<\/span><span class=\"NormalTextRun SCXW101406448 BCX8\">ismos del Pueblo de Dios<\/span><span class=\"NormalTextRun SCXW101406448 BCX8\">, de \u00f3rdenes y congregaciones<\/span><span class=\"NormalTextRun SCXW101406448 BCX8\">\u00a0religioso<\/span><span class=\"NormalTextRun SCXW101406448 BCX8\">\u00a0y de los fieles<\/span><span class=\"NormalTextRun SCXW101406448 BCX8\">\u00a0laicos y laicas<\/span><span class=\"NormalTextRun SCXW101406448 BCX8\">,<\/span><span class=\"NormalTextRun SCXW101406448 BCX8\">\u00a0Eligen un tema y un lema para la Campa\u00f1a de Fraternidad, con el objetivo de llamar la atenci\u00f3n sobre una situaci\u00f3n de la sociedad que requiere conversi\u00f3n.<\/span><span class=\"NormalTextRun SCXW101406448 BCX8\">,<\/span>\u00a0<span class=\"NormalTextRun SCXW101406448 BCX8\">en vista<\/span>\u00a0<span class=\"NormalTextRun SCXW101406448 BCX8\">d<\/span><span class=\"NormalTextRun SCXW101406448 BCX8\">por el bien de todos.<\/span><\/span><\/p>\n<p><span class=\"TextRun SCXW65196364 BCX8\" lang=\"PT-BR\" xml:lang=\"PT-BR\" data-contrast=\"auto\"><span class=\"NormalTextRun SCXW65196364 BCX8\">En el a\u00f1o 2025, con motivo del 800 aniversario de la composici\u00f3n del C\u00e1ntico de las Criaturas de San Francisco de As\u00eds; y del 10\u00ba aniversario de la publicaci\u00f3n de la Carta Enc\u00edclica\u00a0<\/span><\/span><span class=\"TextRun SCXW65196364 BCX8\" lang=\"PT-BR\" xml:lang=\"PT-BR\" data-contrast=\"auto\"><span class=\"NormalTextRun SpellingErrorV2Themed SCXW65196364 BCX8\">Laudato<\/span><span class=\"NormalTextRun SCXW65196364 BCX8\">\u00a0Si&#039;\u2019<\/span><\/span><span class=\"TextRun SCXW65196364 BCX8\" lang=\"PT-BR\" xml:lang=\"PT-BR\" data-contrast=\"auto\"><span class=\"NormalTextRun SCXW65196364 BCX8\">; debido a la reciente publicaci\u00f3n de la Exhortaci\u00f3n Apost\u00f3lica\u00a0<\/span><\/span><span class=\"TextRun SCXW65196364 BCX8\" lang=\"PT-BR\" xml:lang=\"PT-BR\" data-contrast=\"auto\"><span class=\"NormalTextRun SpellingErrorV2Themed SCXW65196364 BCX8\">Laudate<\/span><span class=\"NormalTextRun SCXW65196364 BCX8\">\u00a0Dios<\/span><\/span><span class=\"TextRun SCXW65196364 BCX8\" lang=\"PT-BR\" xml:lang=\"PT-BR\" data-contrast=\"auto\"><span class=\"NormalTextRun SCXW65196364 BCX8\">; con motivo del 10\u00ba aniversario de la creaci\u00f3n de la Red Eclesial\u00a0<\/span><span class=\"NormalTextRun SpellingErrorV2Themed SCXW65196364 BCX8\">Panamaz\u00f3nica<\/span><span class=\"NormalTextRun SCXW65196364 BCX8\">\u00a0(REPAM) y para la realizaci\u00f3n de la COP 30, en Bel\u00e9m (PA), la primera en la Amazon\u00eda, acogiendo la sugerencia de la Comisi\u00f3n Episcopal Especial de Miner\u00eda y Ecolog\u00eda Integral, se eligi\u00f3 el tema:\u00a0<\/span><\/span><strong><span class=\"TextRun SCXW65196364 BCX8\" lang=\"PT-BR\" xml:lang=\"PT-BR\" data-contrast=\"auto\"><span class=\"NormalTextRun SCXW65196364 BCX8\">Fraternidad y Ecolog\u00eda Integral<\/span><\/span><\/strong><span class=\"TextRun SCXW65196364 BCX8\" lang=\"PT-BR\" xml:lang=\"PT-BR\" data-contrast=\"auto\"><span class=\"NormalTextRun SCXW65196364 BCX8\">\u00a0y el lema:\u00a0<\/span><\/span><strong><span class=\"TextRun SCXW65196364 BCX8\" lang=\"PT-BR\" xml:lang=\"PT-BR\" data-contrast=\"auto\"><span class=\"NormalTextRun SCXW65196364 BCX8\">\u201c&quot;Dios vio que todo era muy bueno.&quot;\u201d<\/span><\/span><\/strong><span class=\"TextRun SCXW65196364 BCX8\" lang=\"PT-BR\" xml:lang=\"PT-BR\" data-contrast=\"auto\"><strong><span class=\"NormalTextRun SCXW65196364 BCX8\">\u00a0(<\/span><span class=\"NormalTextRun SpellingErrorV2Themed SCXW65196364 BCX8\">Gn<\/span><\/strong><span class=\"NormalTextRun SCXW65196364 BCX8\"><strong>\u00a01,31)<\/strong>.<\/span><\/span><\/p>\n<p>La ecolog\u00eda es el tema m\u00e1s abordado por los FC a lo largo de sus 61 a\u00f1os de existencia. Ocho FC han abordado este tema de alguna manera:<\/p>\n<p><b><span data-contrast=\"auto\">en la Constituci\u00f3n de 1979<\/span><\/b><span data-contrast=\"auto\">, Por un mundo m\u00e1s humano: Preservar lo que es de todos.<\/span><span data-contrast=\"auto\">\u201d<\/span><span data-contrast=\"auto\">;<\/span><span data-ccp-props=\"{&quot;201341983&quot;:0,&quot;335551550&quot;:6,&quot;335551620&quot;:6,&quot;335559739&quot;:0,&quot;335559740&quot;:276}\">\u00a0<\/span><\/p>\n<p><b><span data-contrast=\"auto\">en la Constituci\u00f3n de 1986<\/span><\/b><span data-contrast=\"auto\">, Fraternidad y Tierra: Tierra de Dios, tierra de hermanos;<\/span><span data-ccp-props=\"{&quot;201341983&quot;:0,&quot;335551550&quot;:6,&quot;335551620&quot;:6,&quot;335559739&quot;:0,&quot;335559740&quot;:276}\">\u00a0<\/span><\/p>\n<p><b><span data-contrast=\"auto\">en el CF 2002<\/span><\/b><span data-contrast=\"auto\">, Fraternidad y Pueblos Ind\u00edgenas: Hacia una Tierra sin Mal;<\/span><span data-ccp-props=\"{&quot;201341983&quot;:0,&quot;335551550&quot;:6,&quot;335551620&quot;:6,&quot;335559739&quot;:0,&quot;335559740&quot;:276}\">\u00a0<\/span><\/p>\n<p><b><span data-contrast=\"auto\">en el CF 2004<\/span><\/b><span data-contrast=\"auto\">, Fraternidad y agua: El agua, fuente de vida;<\/span><span data-ccp-props=\"{&quot;201341983&quot;:0,&quot;335551550&quot;:6,&quot;335551620&quot;:6,&quot;335559739&quot;:0,&quot;335559740&quot;:276}\">\u00a0<\/span><\/p>\n<p><b><span data-contrast=\"auto\">en el CF 2007<\/span><\/b><span data-contrast=\"auto\">, Fraternidad y Amazon\u00eda: vida y misi\u00f3n en esta tierra;<\/span><span data-ccp-props=\"{&quot;201341983&quot;:0,&quot;335551550&quot;:6,&quot;335551620&quot;:6,&quot;335559739&quot;:0,&quot;335559740&quot;:276}\">\u00a0<\/span><\/p>\n<p><b><span data-contrast=\"auto\">en el CF 2011<\/span><\/b><span data-contrast=\"auto\">, Fraternidad y Vida en el Planeta: \u201cLa creaci\u00f3n gime y sufre dolores de parto\u201d (Romanos 8,22);<\/span><span data-ccp-props=\"{&quot;201341983&quot;:0,&quot;335551550&quot;:6,&quot;335551620&quot;:6,&quot;335559739&quot;:0,&quot;335559740&quot;:276}\">\u00a0<\/span><\/p>\n<p><b><span data-contrast=\"auto\">en el CF 2016<\/span><\/b><span data-contrast=\"auto\">, Nuestra casa com\u00fan, nuestra responsabilidad: \u201cQue fluya el derecho como un r\u00edo, la justicia como un arroyo inagotable\u201d (Am\u00f3s 5,17) y<\/span><span data-ccp-props=\"{&quot;201341983&quot;:0,&quot;335551550&quot;:6,&quot;335551620&quot;:6,&quot;335559739&quot;:0,&quot;335559740&quot;:276}\">\u00a0<\/span><\/p>\n<p><b><span data-contrast=\"auto\">en el CF 2017<\/span><\/b><span data-contrast=\"auto\">, Fraternidad: Biomas Brasile\u00f1os y la defensa de la vida: \u201cCultivar y conservar la Creaci\u00f3n\u201d (G\u00e9nesis 2:15).<\/span><span data-ccp-props=\"{&quot;201341983&quot;:0,&quot;335551550&quot;:6,&quot;335551620&quot;:6,&quot;335559739&quot;:0,&quot;335559740&quot;:278}\">\u00a0<\/span><\/p>\n<p><span class=\"TextRun SCXW67071776 BCX8\" lang=\"PT-BR\" xml:lang=\"PT-BR\" data-contrast=\"auto\"><span class=\"NormalTextRun SCXW67071776 BCX8\">Por eso, este a\u00f1o, la Campa\u00f1a de la Fraternidad vuelve a abordar el tema ambiental, con el objetivo de \u201cpromover, en el esp\u00edritu cuaresmal y en tiempos de urgente crisis socioambiental, un proceso de conversi\u00f3n integral, a la escucha del grito de los pobres y de la Tierra\u201d (Objetivo General de la CF 2025).<\/span><\/span><span class=\"EOP SCXW67071776 BCX8\" data-ccp-props=\"{&quot;201341983&quot;:0,&quot;335551550&quot;:6,&quot;335551620&quot;:6,&quot;335559739&quot;:0,&quot;335559740&quot;:278}\">\u00a0<\/span><\/p>\n<blockquote><p>\u201c\u00a1Estamos en la d\u00e9cada decisiva para el planeta! O cambiamos, nos transformamos, o provocaremos un colapso planetario con nuestras actitudes individuales y colectivas. Ya estamos experimentando su presagio en las grandes cat\u00e1strofes que azotan a nuestro pa\u00eds. \u00a1Y no hay planeta de reserva! \u00a1Solo tenemos este! Y, aunque puede vivir sin nosotros, nosotros no podemos vivir sin \u00e9l. A\u00fan hay tiempo, \u00a1pero es ahora! Es urgente una conversi\u00f3n ecol\u00f3gica: pasar de la l\u00f3gica extractiva, que ve la Tierra como una reserva inagotable de recursos, de la que podemos extraer todo lo que queramos, como queramos y en la cantidad que queramos, a una l\u00f3gica del cuidado.<\/p><\/blockquote>\n<p>La Ecolog\u00eda reaparece en el conjunto de las CF (Campa\u00f1as de Fraternidad) de una manera nueva, como Ecolog\u00eda Integral, un concepto tan querido por el Papa Francisco y tan importante en su proyecto de un Nuevo Humanismo Integral y Solidario, para el que son fundamentales: la Amistad Social, abordada en la CF 2024; la Educaci\u00f3n, abordada en la CF 2022 y en el Pacto Educativo Global; el Di\u00e1logo, abordado en la CF 2021; y la Misericordia o Compasi\u00f3n, abordada en la CF 2020.<\/p>\n<p>Fuente: CNBB<\/p>","protected":false},"excerpt":{"rendered":"<p>A cada ano, os bispos do Conselho Episcopal Pastoral (CONSEP) da Confer\u00eancia Nacional dos Bispos do Brasil (CNBB), acolhendo as sugest\u00f5es vindas dos\u00a0regionais, dos organismos do Povo de Deus, das ordens e congrega\u00e7\u00f5es\u00a0religiosas\u00a0e dos fi\u00e9is\u00a0leigos e leigas,\u00a0escolhem um tema e um lema para a Campanha da Fraternidade, com o objetivo de chamar a aten\u00e7\u00e3o sobre uma situa\u00e7\u00e3o que, na sociedade, necessita de convers\u00e3o,\u00a0em vista\u00a0do bem de todos. Em 2025, motivados pelos 800 anos da composi\u00e7\u00e3o do C\u00e2ntico das Criaturas de S\u00e3o Francisco de Assis; pelos 10 anos de publica\u00e7\u00e3o da Carta Enc\u00edclica\u00a0Laudato\u00a0Si\u2019; pela recente publica\u00e7\u00e3o da Exorta\u00e7\u00e3o Apost\u00f3lica\u00a0Laudate\u00a0Deum; pelos 10 [&hellip;]<\/p>\n","protected":false},"author":2,"featured_media":11827,"comment_status":"open","ping_status":"closed","sticky":false,"template":"","format":"standard","meta":{"_acf_changed":false,"footnotes":""},"categories":[611],"tags":[],"class_list":["post-11826","post","type-post","status-publish","format-standard","has-post-thumbnail","hentry","category-noticias"],"acf":[],"yoast_head":"<!-- This site is optimized with the Yoast SEO plugin v27.2 - https:\/\/yoast.com\/product\/yoast-seo-wordpress\/ -->\n<title>Campanha da Fraternidade 2025 traz &quot;Ecologia Integral&quot; no seu tema - Padre Eust\u00e1quio<\/title>\n<meta name=\"robots\" content=\"index, follow, max-snippet:-1, max-image-preview:large, max-video-preview:-1\" \/>\n<link rel=\"canonical\" href=\"https:\/\/www.padreeustaquio.com.br\/es\/la-campana-de-fraternidad-2025-tiene-como-tema-la-ecologia-integral\/\" \/>\n<meta property=\"og:locale\" content=\"es_ES\" \/>\n<meta property=\"og:type\" content=\"article\" \/>\n<meta property=\"og:title\" content=\"Campanha da Fraternidade 2025 traz &quot;Ecologia Integral&quot; no seu tema - Padre Eust\u00e1quio\" \/>\n<meta property=\"og:description\" content=\"A cada ano, os bispos do Conselho Episcopal Pastoral (CONSEP) da Confer\u00eancia Nacional dos Bispos do Brasil (CNBB), acolhendo as sugest\u00f5es vindas dos\u00a0regionais, dos organismos do Povo de Deus, das ordens e congrega\u00e7\u00f5es\u00a0religiosas\u00a0e dos fi\u00e9is\u00a0leigos e leigas,\u00a0escolhem um tema e um lema para a Campanha da Fraternidade, com o objetivo de chamar a aten\u00e7\u00e3o sobre uma situa\u00e7\u00e3o que, na sociedade, necessita de convers\u00e3o,\u00a0em vista\u00a0do bem de todos. Em 2025, motivados pelos 800 anos da composi\u00e7\u00e3o do C\u00e2ntico das Criaturas de S\u00e3o Francisco de Assis; pelos 10 anos de publica\u00e7\u00e3o da Carta Enc\u00edclica\u00a0Laudato\u00a0Si\u2019; pela recente publica\u00e7\u00e3o da Exorta\u00e7\u00e3o Apost\u00f3lica\u00a0Laudate\u00a0Deum; pelos 10 [&hellip;]\" \/>\n<meta property=\"og:url\" content=\"https:\/\/www.padreeustaquio.com.br\/es\/la-campana-de-fraternidad-2025-tiene-como-tema-la-ecologia-integral\/\" \/>\n<meta property=\"og:site_name\" content=\"Padre Eust\u00e1quio\" \/>\n<meta property=\"article:publisher\" content=\"https:\/\/www.facebook.com\/beatopadreeustaquio\/\" \/>\n<meta property=\"article:published_time\" content=\"2025-03-10T14:00:51+00:00\" \/>\n<meta property=\"og:image\" content=\"https:\/\/www.padreeustaquio.com.br\/wp-content\/uploads\/2025\/03\/CF2025.png\" \/>\n\t<meta property=\"og:image:width\" content=\"963\" \/>\n\t<meta property=\"og:image:height\" content=\"508\" \/>\n\t<meta property=\"og:image:type\" content=\"image\/png\" \/>\n<meta name=\"author\" content=\"@sscc\" \/>\n<meta name=\"twitter:card\" content=\"summary_large_image\" \/>\n<meta name=\"twitter:creator\" content=\"@beatopeustaquio\" \/>\n<meta name=\"twitter:site\" content=\"@beatopeustaquio\" \/>\n<meta name=\"twitter:label1\" content=\"Escrito por\" \/>\n\t<meta name=\"twitter:data1\" content=\"@sscc\" \/>\n\t<meta name=\"twitter:label2\" content=\"Tiempo de lectura\" \/>\n\t<meta name=\"twitter:data2\" content=\"3 minutos\" \/>\n<script type=\"application\/ld+json\" class=\"yoast-schema-graph\">{\"@context\":\"https:\/\/schema.org\",\"@graph\":[{\"@type\":\"Article\",\"@id\":\"https:\/\/www.padreeustaquio.com.br\/campanha-da-fraternidade-2025-traz-ecologia-integral-no-seu-tema\/#article\",\"isPartOf\":{\"@id\":\"https:\/\/www.padreeustaquio.com.br\/campanha-da-fraternidade-2025-traz-ecologia-integral-no-seu-tema\/\"},\"author\":{\"name\":\"@sscc\",\"@id\":\"https:\/\/www.padreeustaquio.com.br\/#\/schema\/person\/a2a51db1d00f1a7af0204a0f1ddb1566\"},\"headline\":\"Campanha da Fraternidade 2025 traz &#8220;Ecologia Integral&#8221; no seu tema\",\"datePublished\":\"2025-03-10T14:00:51+00:00\",\"mainEntityOfPage\":{\"@id\":\"https:\/\/www.padreeustaquio.com.br\/campanha-da-fraternidade-2025-traz-ecologia-integral-no-seu-tema\/\"},\"wordCount\":582,\"commentCount\":0,\"publisher\":{\"@id\":\"https:\/\/www.padreeustaquio.com.br\/#organization\"},\"image\":{\"@id\":\"https:\/\/www.padreeustaquio.com.br\/campanha-da-fraternidade-2025-traz-ecologia-integral-no-seu-tema\/#primaryimage\"},\"thumbnailUrl\":\"https:\/\/www.padreeustaquio.com.br\/wp-content\/uploads\/2025\/03\/CF2025.png\",\"articleSection\":[\"Not\u00edcias\"],\"inLanguage\":\"es\",\"potentialAction\":[{\"@type\":\"CommentAction\",\"name\":\"Comment\",\"target\":[\"https:\/\/www.padreeustaquio.com.br\/campanha-da-fraternidade-2025-traz-ecologia-integral-no-seu-tema\/#respond\"]}]},{\"@type\":\"WebPage\",\"@id\":\"https:\/\/www.padreeustaquio.com.br\/campanha-da-fraternidade-2025-traz-ecologia-integral-no-seu-tema\/\",\"url\":\"https:\/\/www.padreeustaquio.com.br\/campanha-da-fraternidade-2025-traz-ecologia-integral-no-seu-tema\/\",\"name\":\"Campanha da Fraternidade 2025 traz \\\"Ecologia Integral\\\" no seu tema - Padre Eust\u00e1quio\",\"isPartOf\":{\"@id\":\"https:\/\/www.padreeustaquio.com.br\/#website\"},\"primaryImageOfPage\":{\"@id\":\"https:\/\/www.padreeustaquio.com.br\/campanha-da-fraternidade-2025-traz-ecologia-integral-no-seu-tema\/#primaryimage\"},\"image\":{\"@id\":\"https:\/\/www.padreeustaquio.com.br\/campanha-da-fraternidade-2025-traz-ecologia-integral-no-seu-tema\/#primaryimage\"},\"thumbnailUrl\":\"https:\/\/www.padreeustaquio.com.br\/wp-content\/uploads\/2025\/03\/CF2025.png\",\"datePublished\":\"2025-03-10T14:00:51+00:00\",\"breadcrumb\":{\"@id\":\"https:\/\/www.padreeustaquio.com.br\/campanha-da-fraternidade-2025-traz-ecologia-integral-no-seu-tema\/#breadcrumb\"},\"inLanguage\":\"es\",\"potentialAction\":[{\"@type\":\"ReadAction\",\"target\":[\"https:\/\/www.padreeustaquio.com.br\/campanha-da-fraternidade-2025-traz-ecologia-integral-no-seu-tema\/\"]}]},{\"@type\":\"ImageObject\",\"inLanguage\":\"es\",\"@id\":\"https:\/\/www.padreeustaquio.com.br\/campanha-da-fraternidade-2025-traz-ecologia-integral-no-seu-tema\/#primaryimage\",\"url\":\"https:\/\/www.padreeustaquio.com.br\/wp-content\/uploads\/2025\/03\/CF2025.png\",\"contentUrl\":\"https:\/\/www.padreeustaquio.com.br\/wp-content\/uploads\/2025\/03\/CF2025.png\",\"width\":963,\"height\":508},{\"@type\":\"BreadcrumbList\",\"@id\":\"https:\/\/www.padreeustaquio.com.br\/campanha-da-fraternidade-2025-traz-ecologia-integral-no-seu-tema\/#breadcrumb\",\"itemListElement\":[{\"@type\":\"ListItem\",\"position\":1,\"name\":\"In\u00edcio\",\"item\":\"https:\/\/www.padreeustaquio.com.br\/\"},{\"@type\":\"ListItem\",\"position\":2,\"name\":\"Campanha da Fraternidade 2025 traz &#8220;Ecologia Integral&#8221; no seu tema\"}]},{\"@type\":\"WebSite\",\"@id\":\"https:\/\/www.padreeustaquio.com.br\/#website\",\"url\":\"https:\/\/www.padreeustaquio.com.br\/\",\"name\":\"Padre Eust\u00e1quio\",\"description\":\"Sa\u00fade e Paz\",\"publisher\":{\"@id\":\"https:\/\/www.padreeustaquio.com.br\/#organization\"},\"potentialAction\":[{\"@type\":\"SearchAction\",\"target\":{\"@type\":\"EntryPoint\",\"urlTemplate\":\"https:\/\/www.padreeustaquio.com.br\/?s={search_term_string}\"},\"query-input\":{\"@type\":\"PropertyValueSpecification\",\"valueRequired\":true,\"valueName\":\"search_term_string\"}}],\"inLanguage\":\"es\"},{\"@type\":\"Organization\",\"@id\":\"https:\/\/www.padreeustaquio.com.br\/#organization\",\"name\":\"Padre Eust\u00e1quio\",\"url\":\"https:\/\/www.padreeustaquio.com.br\/\",\"logo\":{\"@type\":\"ImageObject\",\"inLanguage\":\"es\",\"@id\":\"https:\/\/www.padreeustaquio.com.br\/#\/schema\/logo\/image\/\",\"url\":\"https:\/\/www.padreeustaquio.com.br\/wp-content\/uploads\/2019\/08\/marca.png\",\"contentUrl\":\"https:\/\/www.padreeustaquio.com.br\/wp-content\/uploads\/2019\/08\/marca.png\",\"width\":350,\"height\":400,\"caption\":\"Padre Eust\u00e1quio\"},\"image\":{\"@id\":\"https:\/\/www.padreeustaquio.com.br\/#\/schema\/logo\/image\/\"},\"sameAs\":[\"https:\/\/www.facebook.com\/beatopadreeustaquio\/\",\"https:\/\/x.com\/beatopeustaquio\",\"https:\/\/www.instagram.com\/beatopadreeustaquio\/\",\"https:\/\/www.youtube.com\/channel\/UCRhw7vfabnajwLxb1ZXMeIw\"]},{\"@type\":\"Person\",\"@id\":\"https:\/\/www.padreeustaquio.com.br\/#\/schema\/person\/a2a51db1d00f1a7af0204a0f1ddb1566\",\"name\":\"@sscc\",\"image\":{\"@type\":\"ImageObject\",\"inLanguage\":\"es\",\"@id\":\"https:\/\/secure.gravatar.com\/avatar\/68cfafa5f44617fea54071e215026e0ff06be366c3d54a8425f04fdcb86f8c5f?s=96&d=mm&r=g\",\"url\":\"https:\/\/secure.gravatar.com\/avatar\/68cfafa5f44617fea54071e215026e0ff06be366c3d54a8425f04fdcb86f8c5f?s=96&d=mm&r=g\",\"contentUrl\":\"https:\/\/secure.gravatar.com\/avatar\/68cfafa5f44617fea54071e215026e0ff06be366c3d54a8425f04fdcb86f8c5f?s=96&d=mm&r=g\",\"caption\":\"@sscc\"},\"url\":\"https:\/\/www.padreeustaquio.com.br\/es\/author\/sscc\/\"}]}<\/script>\n<!-- \/ Yoast SEO plugin. -->","yoast_head_json":{"title":"La Campa\u00f1a de la Fraternidad 2025 tiene como tema \"Ecolog\u00eda Integral\" - Padre Eust\u00e1quio","robots":{"index":"index","follow":"follow","max-snippet":"max-snippet:-1","max-image-preview":"max-image-preview:large","max-video-preview":"max-video-preview:-1"},"canonical":"https:\/\/www.padreeustaquio.com.br\/es\/la-campana-de-fraternidad-2025-tiene-como-tema-la-ecologia-integral\/","og_locale":"es_ES","og_type":"article","og_title":"Campanha da Fraternidade 2025 traz \"Ecologia Integral\" no seu tema - Padre Eust\u00e1quio","og_description":"A cada ano, os bispos do Conselho Episcopal Pastoral (CONSEP) da Confer\u00eancia Nacional dos Bispos do Brasil (CNBB), acolhendo as sugest\u00f5es vindas dos\u00a0regionais, dos organismos do Povo de Deus, das ordens e congrega\u00e7\u00f5es\u00a0religiosas\u00a0e dos fi\u00e9is\u00a0leigos e leigas,\u00a0escolhem um tema e um lema para a Campanha da Fraternidade, com o objetivo de chamar a aten\u00e7\u00e3o sobre uma situa\u00e7\u00e3o que, na sociedade, necessita de convers\u00e3o,\u00a0em vista\u00a0do bem de todos. Em 2025, motivados pelos 800 anos da composi\u00e7\u00e3o do C\u00e2ntico das Criaturas de S\u00e3o Francisco de Assis; pelos 10 anos de publica\u00e7\u00e3o da Carta Enc\u00edclica\u00a0Laudato\u00a0Si\u2019; pela recente publica\u00e7\u00e3o da Exorta\u00e7\u00e3o Apost\u00f3lica\u00a0Laudate\u00a0Deum; pelos 10 [&hellip;]","og_url":"https:\/\/www.padreeustaquio.com.br\/es\/la-campana-de-fraternidad-2025-tiene-como-tema-la-ecologia-integral\/","og_site_name":"Padre Eust\u00e1quio","article_publisher":"https:\/\/www.facebook.com\/beatopadreeustaquio\/","article_published_time":"2025-03-10T14:00:51+00:00","og_image":[{"width":963,"height":508,"url":"https:\/\/www.padreeustaquio.com.br\/wp-content\/uploads\/2025\/03\/CF2025.png","type":"image\/png"}],"author":"@sscc","twitter_card":"summary_large_image","twitter_creator":"@beatopeustaquio","twitter_site":"@beatopeustaquio","twitter_misc":{"Escrito por":"@sscc","Tiempo de lectura":"3 minutos"},"schema":{"@context":"https:\/\/schema.org","@graph":[{"@type":"Article","@id":"https:\/\/www.padreeustaquio.com.br\/campanha-da-fraternidade-2025-traz-ecologia-integral-no-seu-tema\/#article","isPartOf":{"@id":"https:\/\/www.padreeustaquio.com.br\/campanha-da-fraternidade-2025-traz-ecologia-integral-no-seu-tema\/"},"author":{"name":"@sscc","@id":"https:\/\/www.padreeustaquio.com.br\/#\/schema\/person\/a2a51db1d00f1a7af0204a0f1ddb1566"},"headline":"Campanha da Fraternidade 2025 traz &#8220;Ecologia Integral&#8221; no seu tema","datePublished":"2025-03-10T14:00:51+00:00","mainEntityOfPage":{"@id":"https:\/\/www.padreeustaquio.com.br\/campanha-da-fraternidade-2025-traz-ecologia-integral-no-seu-tema\/"},"wordCount":582,"commentCount":0,"publisher":{"@id":"https:\/\/www.padreeustaquio.com.br\/#organization"},"image":{"@id":"https:\/\/www.padreeustaquio.com.br\/campanha-da-fraternidade-2025-traz-ecologia-integral-no-seu-tema\/#primaryimage"},"thumbnailUrl":"https:\/\/www.padreeustaquio.com.br\/wp-content\/uploads\/2025\/03\/CF2025.png","articleSection":["Not\u00edcias"],"inLanguage":"es","potentialAction":[{"@type":"CommentAction","name":"Comment","target":["https:\/\/www.padreeustaquio.com.br\/campanha-da-fraternidade-2025-traz-ecologia-integral-no-seu-tema\/#respond"]}]},{"@type":"WebPage","@id":"https:\/\/www.padreeustaquio.com.br\/campanha-da-fraternidade-2025-traz-ecologia-integral-no-seu-tema\/","url":"https:\/\/www.padreeustaquio.com.br\/campanha-da-fraternidade-2025-traz-ecologia-integral-no-seu-tema\/","name":"La Campa\u00f1a de la Fraternidad 2025 tiene como tema \"Ecolog\u00eda Integral\" - Padre Eust\u00e1quio","isPartOf":{"@id":"https:\/\/www.padreeustaquio.com.br\/#website"},"primaryImageOfPage":{"@id":"https:\/\/www.padreeustaquio.com.br\/campanha-da-fraternidade-2025-traz-ecologia-integral-no-seu-tema\/#primaryimage"},"image":{"@id":"https:\/\/www.padreeustaquio.com.br\/campanha-da-fraternidade-2025-traz-ecologia-integral-no-seu-tema\/#primaryimage"},"thumbnailUrl":"https:\/\/www.padreeustaquio.com.br\/wp-content\/uploads\/2025\/03\/CF2025.png","datePublished":"2025-03-10T14:00:51+00:00","breadcrumb":{"@id":"https:\/\/www.padreeustaquio.com.br\/campanha-da-fraternidade-2025-traz-ecologia-integral-no-seu-tema\/#breadcrumb"},"inLanguage":"es","potentialAction":[{"@type":"ReadAction","target":["https:\/\/www.padreeustaquio.com.br\/campanha-da-fraternidade-2025-traz-ecologia-integral-no-seu-tema\/"]}]},{"@type":"ImageObject","inLanguage":"es","@id":"https:\/\/www.padreeustaquio.com.br\/campanha-da-fraternidade-2025-traz-ecologia-integral-no-seu-tema\/#primaryimage","url":"https:\/\/www.padreeustaquio.com.br\/wp-content\/uploads\/2025\/03\/CF2025.png","contentUrl":"https:\/\/www.padreeustaquio.com.br\/wp-content\/uploads\/2025\/03\/CF2025.png","width":963,"height":508},{"@type":"BreadcrumbList","@id":"https:\/\/www.padreeustaquio.com.br\/campanha-da-fraternidade-2025-traz-ecologia-integral-no-seu-tema\/#breadcrumb","itemListElement":[{"@type":"ListItem","position":1,"name":"In\u00edcio","item":"https:\/\/www.padreeustaquio.com.br\/"},{"@type":"ListItem","position":2,"name":"Campanha da Fraternidade 2025 traz &#8220;Ecologia Integral&#8221; no seu tema"}]},{"@type":"WebSite","@id":"https:\/\/www.padreeustaquio.com.br\/#website","url":"https:\/\/www.padreeustaquio.com.br\/","name":"Padre Eustace","description":"Salud y Paz","publisher":{"@id":"https:\/\/www.padreeustaquio.com.br\/#organization"},"potentialAction":[{"@type":"SearchAction","target":{"@type":"EntryPoint","urlTemplate":"https:\/\/www.padreeustaquio.com.br\/?s={search_term_string}"},"query-input":{"@type":"PropertyValueSpecification","valueRequired":true,"valueName":"search_term_string"}}],"inLanguage":"es"},{"@type":"Organization","@id":"https:\/\/www.padreeustaquio.com.br\/#organization","name":"Padre Eustace","url":"https:\/\/www.padreeustaquio.com.br\/","logo":{"@type":"ImageObject","inLanguage":"es","@id":"https:\/\/www.padreeustaquio.com.br\/#\/schema\/logo\/image\/","url":"https:\/\/www.padreeustaquio.com.br\/wp-content\/uploads\/2019\/08\/marca.png","contentUrl":"https:\/\/www.padreeustaquio.com.br\/wp-content\/uploads\/2019\/08\/marca.png","width":350,"height":400,"caption":"Padre Eust\u00e1quio"},"image":{"@id":"https:\/\/www.padreeustaquio.com.br\/#\/schema\/logo\/image\/"},"sameAs":["https:\/\/www.facebook.com\/beatopadreeustaquio\/","https:\/\/x.com\/beatopeustaquio","https:\/\/www.instagram.com\/beatopadreeustaquio\/","https:\/\/www.youtube.com\/channel\/UCRhw7vfabnajwLxb1ZXMeIw"]},{"@type":"Person","@id":"https:\/\/www.padreeustaquio.com.br\/#\/schema\/person\/a2a51db1d00f1a7af0204a0f1ddb1566","name":"@sscc","image":{"@type":"ImageObject","inLanguage":"es","@id":"https:\/\/secure.gravatar.com\/avatar\/68cfafa5f44617fea54071e215026e0ff06be366c3d54a8425f04fdcb86f8c5f?s=96&d=mm&r=g","url":"https:\/\/secure.gravatar.com\/avatar\/68cfafa5f44617fea54071e215026e0ff06be366c3d54a8425f04fdcb86f8c5f?s=96&d=mm&r=g","contentUrl":"https:\/\/secure.gravatar.com\/avatar\/68cfafa5f44617fea54071e215026e0ff06be366c3d54a8425f04fdcb86f8c5f?s=96&d=mm&r=g","caption":"@sscc"},"url":"https:\/\/www.padreeustaquio.com.br\/es\/author\/sscc\/"}]}},"_links":{"self":[{"href":"https:\/\/www.padreeustaquio.com.br\/es\/wp-json\/wp\/v2\/posts\/11826","targetHints":{"allow":["GET"]}}],"collection":[{"href":"https:\/\/www.padreeustaquio.com.br\/es\/wp-json\/wp\/v2\/posts"}],"about":[{"href":"https:\/\/www.padreeustaquio.com.br\/es\/wp-json\/wp\/v2\/types\/post"}],"author":[{"embeddable":true,"href":"https:\/\/www.padreeustaquio.com.br\/es\/wp-json\/wp\/v2\/users\/2"}],"replies":[{"embeddable":true,"href":"https:\/\/www.padreeustaquio.com.br\/es\/wp-json\/wp\/v2\/comments?post=11826"}],"version-history":[{"count":0,"href":"https:\/\/www.padreeustaquio.com.br\/es\/wp-json\/wp\/v2\/posts\/11826\/revisions"}],"wp:featuredmedia":[{"embeddable":true,"href":"https:\/\/www.padreeustaquio.com.br\/es\/wp-json\/wp\/v2\/media\/11827"}],"wp:attachment":[{"href":"https:\/\/www.padreeustaquio.com.br\/es\/wp-json\/wp\/v2\/media?parent=11826"}],"wp:term":[{"taxonomy":"category","embeddable":true,"href":"https:\/\/www.padreeustaquio.com.br\/es\/wp-json\/wp\/v2\/categories?post=11826"},{"taxonomy":"post_tag","embeddable":true,"href":"https:\/\/www.padreeustaquio.com.br\/es\/wp-json\/wp\/v2\/tags?post=11826"}],"curies":[{"name":"wp","href":"https:\/\/api.w.org\/{rel}","templated":true}]}}