{"id":11741,"date":"2024-11-20T07:09:49","date_gmt":"2024-11-20T10:09:49","guid":{"rendered":"https:\/\/www.padreeustaquio.com.br\/?p=11741"},"modified":"2024-11-22T14:53:13","modified_gmt":"2024-11-22T17:53:13","slug":"fieles-de-aguas-vermelhas-mg-reciben-la-reliquia-peregrina-del-beato-padre-eustaquio","status":"publish","type":"post","link":"https:\/\/www.padreeustaquio.com.br\/es\/fieles-de-aguas-vermelhas-mg-reciben-la-reliquia-peregrina-del-beato-padre-eustaquio\/","title":{"rendered":"Fieles de \u00c1guas Vermelhas-MG reciben la reliquia peregrina del Beato Padre Eust\u00e1quio."},"content":{"rendered":"<p>La comunidad cat\u00f3lica de \u00c1guas Vermelhas, municipio del Valle de Jequitinhonha, Minas Gerais, recibi\u00f3 la Reliquia Peregrina del Beato Padre Eust\u00e1quio el fin de semana pasado. Cientos de personas participaron en el evento lit\u00fargico que destac\u00f3 la vida del Beato.<\/p>\n<p>La Celebraci\u00f3n Eucar\u00edstica con el relicario se celebr\u00f3 en la Iglesia de Nuestra Se\u00f1ora de Aparecida, en la comunidad de Campo Novo. El lugar, perteneciente a la Parroquia de San Sebasti\u00e1n, recibi\u00f3 la reliquia, tra\u00edda al presbiterio por el Hermano Tom\u00e1s, de la Congregaci\u00f3n de los Sagrados Corazones (Espa\u00f1a).<\/p>\n<p>Durante la Santa Misa, presidida por el Padre Vin\u00edcius Maciel, SS.CC., los fieles se conmovieron y conmovieron con la historia del Beato Padre Eust\u00e1quio. Al finalizar la celebraci\u00f3n, los residentes pudieron venerar y tocar la reliquia del Beato, en un gesto de fe y devoci\u00f3n.<\/p>\n\n\t\t<style type=\"text\/css\">\n\t\t\t#gallery-1 {\n\t\t\t\tmargin: auto;\n\t\t\t}\n\t\t\t#gallery-1 .gallery-item {\n\t\t\t\tfloat: left;\n\t\t\t\tmargin-top: 10px;\n\t\t\t\ttext-align: center;\n\t\t\t\twidth: 33%;\n\t\t\t}\n\t\t\t#gallery-1 img {\n\t\t\t\tborder: 2px solid #cfcfcf;\n\t\t\t}\n\t\t\t#gallery-1 .gallery-caption {\n\t\t\t\tmargin-left: 0;\n\t\t\t}\n\t\t\t\/* see gallery_shortcode() in wp-includes\/media.php *\/\n\t\t<\/style>\n\t\t<div id='gallery-1' class='gallery galleryid-11741 gallery-columns-3 gallery-size-thumbnail'><dl class='gallery-item'>\n\t\t\t<dt class='gallery-icon portrait'>\n\t\t\t\t<a href='https:\/\/www.padreeustaquio.com.br\/es\/fieles-de-aguas-vermelhas-mg-reciben-la-reliquia-peregrina-del-beato-padre-eustaquio\/reliquias-em-aguas-vermelhas-missa-2\/'><img decoding=\"async\" width=\"150\" height=\"150\" src=\"https:\/\/www.padreeustaquio.com.br\/wp-content\/uploads\/2024\/11\/Reliquias-em-Aguas-Vermelhas-Missa-2-150x150.jpeg\" class=\"attachment-thumbnail size-thumbnail\" alt=\"\" srcset=\"https:\/\/www.padreeustaquio.com.br\/wp-content\/uploads\/2024\/11\/Reliquias-em-Aguas-Vermelhas-Missa-2-150x150.jpeg 150w, https:\/\/www.padreeustaquio.com.br\/wp-content\/uploads\/2024\/11\/Reliquias-em-Aguas-Vermelhas-Missa-2-75x75.jpeg 75w, https:\/\/www.padreeustaquio.com.br\/wp-content\/uploads\/2024\/11\/Reliquias-em-Aguas-Vermelhas-Missa-2-180x180.jpeg 180w, https:\/\/www.padreeustaquio.com.br\/wp-content\/uploads\/2024\/11\/Reliquias-em-Aguas-Vermelhas-Missa-2-400x400.jpeg 400w, https:\/\/www.padreeustaquio.com.br\/wp-content\/uploads\/2024\/11\/Reliquias-em-Aguas-Vermelhas-Missa-2-600x600.jpeg 600w\" sizes=\"(max-width: 150px) 100vw, 150px\" \/><\/a>\n\t\t\t<\/dt><\/dl><dl class='gallery-item'>\n\t\t\t<dt class='gallery-icon landscape'>\n\t\t\t\t<a href='https:\/\/www.padreeustaquio.com.br\/es\/fieles-de-aguas-vermelhas-mg-reciben-la-reliquia-peregrina-del-beato-padre-eustaquio\/reliquias-em-aguas-vermelhas-missa-3\/'><img decoding=\"async\" width=\"150\" height=\"150\" src=\"https:\/\/www.padreeustaquio.com.br\/wp-content\/uploads\/2024\/11\/Reliquias-em-Aguas-Vermelhas-Missa-3-150x150.jpeg\" class=\"attachment-thumbnail size-thumbnail\" alt=\"\" srcset=\"https:\/\/www.padreeustaquio.com.br\/wp-content\/uploads\/2024\/11\/Reliquias-em-Aguas-Vermelhas-Missa-3-150x150.jpeg 150w, https:\/\/www.padreeustaquio.com.br\/wp-content\/uploads\/2024\/11\/Reliquias-em-Aguas-Vermelhas-Missa-3-75x75.jpeg 75w, https:\/\/www.padreeustaquio.com.br\/wp-content\/uploads\/2024\/11\/Reliquias-em-Aguas-Vermelhas-Missa-3-180x180.jpeg 180w, https:\/\/www.padreeustaquio.com.br\/wp-content\/uploads\/2024\/11\/Reliquias-em-Aguas-Vermelhas-Missa-3-400x400.jpeg 400w, https:\/\/www.padreeustaquio.com.br\/wp-content\/uploads\/2024\/11\/Reliquias-em-Aguas-Vermelhas-Missa-3-600x600.jpeg 600w\" sizes=\"(max-width: 150px) 100vw, 150px\" \/><\/a>\n\t\t\t<\/dt><\/dl><dl class='gallery-item'>\n\t\t\t<dt class='gallery-icon portrait'>\n\t\t\t\t<a href='https:\/\/www.padreeustaquio.com.br\/es\/fieles-de-aguas-vermelhas-mg-reciben-la-reliquia-peregrina-del-beato-padre-eustaquio\/reliquias-em-aguas-vermelhas-missa-4\/'><img decoding=\"async\" width=\"150\" height=\"150\" src=\"https:\/\/www.padreeustaquio.com.br\/wp-content\/uploads\/2024\/11\/Reliquias-em-Aguas-Vermelhas-Missa-4-150x150.jpeg\" class=\"attachment-thumbnail size-thumbnail\" alt=\"\" srcset=\"https:\/\/www.padreeustaquio.com.br\/wp-content\/uploads\/2024\/11\/Reliquias-em-Aguas-Vermelhas-Missa-4-150x150.jpeg 150w, https:\/\/www.padreeustaquio.com.br\/wp-content\/uploads\/2024\/11\/Reliquias-em-Aguas-Vermelhas-Missa-4-75x75.jpeg 75w, https:\/\/www.padreeustaquio.com.br\/wp-content\/uploads\/2024\/11\/Reliquias-em-Aguas-Vermelhas-Missa-4-180x180.jpeg 180w, https:\/\/www.padreeustaquio.com.br\/wp-content\/uploads\/2024\/11\/Reliquias-em-Aguas-Vermelhas-Missa-4-400x400.jpeg 400w, https:\/\/www.padreeustaquio.com.br\/wp-content\/uploads\/2024\/11\/Reliquias-em-Aguas-Vermelhas-Missa-4-600x600.jpeg 600w\" sizes=\"(max-width: 150px) 100vw, 150px\" \/><\/a>\n\t\t\t<\/dt><\/dl><br style=\"clear: both\" \/><dl class='gallery-item'>\n\t\t\t<dt class='gallery-icon landscape'>\n\t\t\t\t<a href='https:\/\/www.padreeustaquio.com.br\/es\/fieles-de-aguas-vermelhas-mg-reciben-la-reliquia-peregrina-del-beato-padre-eustaquio\/reliquias-em-aguas-vermelhas-missa-5\/'><img loading=\"lazy\" decoding=\"async\" width=\"150\" height=\"150\" src=\"https:\/\/www.padreeustaquio.com.br\/wp-content\/uploads\/2024\/11\/Reliquias-em-Aguas-Vermelhas-Missa-5-150x150.jpeg\" class=\"attachment-thumbnail size-thumbnail\" alt=\"\" srcset=\"https:\/\/www.padreeustaquio.com.br\/wp-content\/uploads\/2024\/11\/Reliquias-em-Aguas-Vermelhas-Missa-5-150x150.jpeg 150w, https:\/\/www.padreeustaquio.com.br\/wp-content\/uploads\/2024\/11\/Reliquias-em-Aguas-Vermelhas-Missa-5-75x75.jpeg 75w, https:\/\/www.padreeustaquio.com.br\/wp-content\/uploads\/2024\/11\/Reliquias-em-Aguas-Vermelhas-Missa-5-180x180.jpeg 180w, https:\/\/www.padreeustaquio.com.br\/wp-content\/uploads\/2024\/11\/Reliquias-em-Aguas-Vermelhas-Missa-5-400x400.jpeg 400w, https:\/\/www.padreeustaquio.com.br\/wp-content\/uploads\/2024\/11\/Reliquias-em-Aguas-Vermelhas-Missa-5-600x600.jpeg 600w\" sizes=\"(max-width: 150px) 100vw, 150px\" \/><\/a>\n\t\t\t<\/dt><\/dl><dl class='gallery-item'>\n\t\t\t<dt class='gallery-icon landscape'>\n\t\t\t\t<a href='https:\/\/www.padreeustaquio.com.br\/es\/fieles-de-aguas-vermelhas-mg-reciben-la-reliquia-peregrina-del-beato-padre-eustaquio\/reliquias-em-aguas-vermelhas-missa-6\/'><img loading=\"lazy\" decoding=\"async\" width=\"150\" height=\"150\" src=\"https:\/\/www.padreeustaquio.com.br\/wp-content\/uploads\/2024\/11\/Reliquias-em-Aguas-Vermelhas-Missa-6-150x150.jpeg\" class=\"attachment-thumbnail size-thumbnail\" alt=\"\" srcset=\"https:\/\/www.padreeustaquio.com.br\/wp-content\/uploads\/2024\/11\/Reliquias-em-Aguas-Vermelhas-Missa-6-150x150.jpeg 150w, https:\/\/www.padreeustaquio.com.br\/wp-content\/uploads\/2024\/11\/Reliquias-em-Aguas-Vermelhas-Missa-6-75x75.jpeg 75w, https:\/\/www.padreeustaquio.com.br\/wp-content\/uploads\/2024\/11\/Reliquias-em-Aguas-Vermelhas-Missa-6-180x180.jpeg 180w, https:\/\/www.padreeustaquio.com.br\/wp-content\/uploads\/2024\/11\/Reliquias-em-Aguas-Vermelhas-Missa-6-400x400.jpeg 400w, https:\/\/www.padreeustaquio.com.br\/wp-content\/uploads\/2024\/11\/Reliquias-em-Aguas-Vermelhas-Missa-6-600x600.jpeg 600w\" sizes=\"(max-width: 150px) 100vw, 150px\" \/><\/a>\n\t\t\t<\/dt><\/dl><dl class='gallery-item'>\n\t\t\t<dt class='gallery-icon landscape'>\n\t\t\t\t<a href='https:\/\/www.padreeustaquio.com.br\/es\/fieles-de-aguas-vermelhas-mg-reciben-la-reliquia-peregrina-del-beato-padre-eustaquio\/reliquias-em-aguas-vermelhas-missa-7\/'><img loading=\"lazy\" decoding=\"async\" width=\"150\" height=\"150\" src=\"https:\/\/www.padreeustaquio.com.br\/wp-content\/uploads\/2024\/11\/Reliquias-em-Aguas-Vermelhas-Missa-7-150x150.jpeg\" class=\"attachment-thumbnail size-thumbnail\" alt=\"\" srcset=\"https:\/\/www.padreeustaquio.com.br\/wp-content\/uploads\/2024\/11\/Reliquias-em-Aguas-Vermelhas-Missa-7-150x150.jpeg 150w, https:\/\/www.padreeustaquio.com.br\/wp-content\/uploads\/2024\/11\/Reliquias-em-Aguas-Vermelhas-Missa-7-75x75.jpeg 75w, https:\/\/www.padreeustaquio.com.br\/wp-content\/uploads\/2024\/11\/Reliquias-em-Aguas-Vermelhas-Missa-7-180x180.jpeg 180w, https:\/\/www.padreeustaquio.com.br\/wp-content\/uploads\/2024\/11\/Reliquias-em-Aguas-Vermelhas-Missa-7-400x400.jpeg 400w, https:\/\/www.padreeustaquio.com.br\/wp-content\/uploads\/2024\/11\/Reliquias-em-Aguas-Vermelhas-Missa-7-600x600.jpeg 600w\" sizes=\"(max-width: 150px) 100vw, 150px\" \/><\/a>\n\t\t\t<\/dt><\/dl><br style=\"clear: both\" \/><dl class='gallery-item'>\n\t\t\t<dt class='gallery-icon landscape'>\n\t\t\t\t<a href='https:\/\/www.padreeustaquio.com.br\/es\/fieles-de-aguas-vermelhas-mg-reciben-la-reliquia-peregrina-del-beato-padre-eustaquio\/reliquias-em-aguas-vermelhas-missa-8\/'><img loading=\"lazy\" decoding=\"async\" width=\"150\" height=\"150\" src=\"https:\/\/www.padreeustaquio.com.br\/wp-content\/uploads\/2024\/11\/Reliquias-em-Aguas-Vermelhas-Missa-8-150x150.jpeg\" class=\"attachment-thumbnail size-thumbnail\" alt=\"\" srcset=\"https:\/\/www.padreeustaquio.com.br\/wp-content\/uploads\/2024\/11\/Reliquias-em-Aguas-Vermelhas-Missa-8-150x150.jpeg 150w, https:\/\/www.padreeustaquio.com.br\/wp-content\/uploads\/2024\/11\/Reliquias-em-Aguas-Vermelhas-Missa-8-75x75.jpeg 75w, https:\/\/www.padreeustaquio.com.br\/wp-content\/uploads\/2024\/11\/Reliquias-em-Aguas-Vermelhas-Missa-8-180x180.jpeg 180w, https:\/\/www.padreeustaquio.com.br\/wp-content\/uploads\/2024\/11\/Reliquias-em-Aguas-Vermelhas-Missa-8-400x400.jpeg 400w, https:\/\/www.padreeustaquio.com.br\/wp-content\/uploads\/2024\/11\/Reliquias-em-Aguas-Vermelhas-Missa-8-600x600.jpeg 600w\" sizes=\"(max-width: 150px) 100vw, 150px\" \/><\/a>\n\t\t\t<\/dt><\/dl><dl class='gallery-item'>\n\t\t\t<dt class='gallery-icon landscape'>\n\t\t\t\t<a href='https:\/\/www.padreeustaquio.com.br\/es\/fieles-de-aguas-vermelhas-mg-reciben-la-reliquia-peregrina-del-beato-padre-eustaquio\/reliquias-em-aguas-vermelhas-missa-9\/'><img loading=\"lazy\" decoding=\"async\" width=\"150\" height=\"150\" src=\"https:\/\/www.padreeustaquio.com.br\/wp-content\/uploads\/2024\/11\/Reliquias-em-Aguas-Vermelhas-Missa-9-150x150.jpeg\" class=\"attachment-thumbnail size-thumbnail\" alt=\"\" srcset=\"https:\/\/www.padreeustaquio.com.br\/wp-content\/uploads\/2024\/11\/Reliquias-em-Aguas-Vermelhas-Missa-9-150x150.jpeg 150w, https:\/\/www.padreeustaquio.com.br\/wp-content\/uploads\/2024\/11\/Reliquias-em-Aguas-Vermelhas-Missa-9-75x75.jpeg 75w, https:\/\/www.padreeustaquio.com.br\/wp-content\/uploads\/2024\/11\/Reliquias-em-Aguas-Vermelhas-Missa-9-180x180.jpeg 180w, https:\/\/www.padreeustaquio.com.br\/wp-content\/uploads\/2024\/11\/Reliquias-em-Aguas-Vermelhas-Missa-9-400x400.jpeg 400w, https:\/\/www.padreeustaquio.com.br\/wp-content\/uploads\/2024\/11\/Reliquias-em-Aguas-Vermelhas-Missa-9-600x600.jpeg 600w\" sizes=\"(max-width: 150px) 100vw, 150px\" \/><\/a>\n\t\t\t<\/dt><\/dl><dl class='gallery-item'>\n\t\t\t<dt class='gallery-icon portrait'>\n\t\t\t\t<a href='https:\/\/www.padreeustaquio.com.br\/es\/fieles-de-aguas-vermelhas-mg-reciben-la-reliquia-peregrina-del-beato-padre-eustaquio\/reliquias-em-aguas-vermelhas-missa-10\/'><img loading=\"lazy\" decoding=\"async\" width=\"150\" height=\"150\" src=\"https:\/\/www.padreeustaquio.com.br\/wp-content\/uploads\/2024\/11\/Reliquias-em-Aguas-Vermelhas-Missa-10-150x150.jpeg\" class=\"attachment-thumbnail size-thumbnail\" alt=\"\" srcset=\"https:\/\/www.padreeustaquio.com.br\/wp-content\/uploads\/2024\/11\/Reliquias-em-Aguas-Vermelhas-Missa-10-150x150.jpeg 150w, https:\/\/www.padreeustaquio.com.br\/wp-content\/uploads\/2024\/11\/Reliquias-em-Aguas-Vermelhas-Missa-10-75x75.jpeg 75w, https:\/\/www.padreeustaquio.com.br\/wp-content\/uploads\/2024\/11\/Reliquias-em-Aguas-Vermelhas-Missa-10-180x180.jpeg 180w, https:\/\/www.padreeustaquio.com.br\/wp-content\/uploads\/2024\/11\/Reliquias-em-Aguas-Vermelhas-Missa-10-400x400.jpeg 400w, https:\/\/www.padreeustaquio.com.br\/wp-content\/uploads\/2024\/11\/Reliquias-em-Aguas-Vermelhas-Missa-10-600x600.jpeg 600w\" sizes=\"(max-width: 150px) 100vw, 150px\" \/><\/a>\n\t\t\t<\/dt><\/dl><br style=\"clear: both\" \/><dl class='gallery-item'>\n\t\t\t<dt class='gallery-icon landscape'>\n\t\t\t\t<a href='https:\/\/www.padreeustaquio.com.br\/es\/fieles-de-aguas-vermelhas-mg-reciben-la-reliquia-peregrina-del-beato-padre-eustaquio\/reliquias-em-aguas-vermelhas-missa-11\/'><img loading=\"lazy\" decoding=\"async\" width=\"150\" height=\"150\" src=\"https:\/\/www.padreeustaquio.com.br\/wp-content\/uploads\/2024\/11\/Reliquias-em-Aguas-Vermelhas-Missa-11-150x150.jpeg\" class=\"attachment-thumbnail size-thumbnail\" alt=\"\" srcset=\"https:\/\/www.padreeustaquio.com.br\/wp-content\/uploads\/2024\/11\/Reliquias-em-Aguas-Vermelhas-Missa-11-150x150.jpeg 150w, https:\/\/www.padreeustaquio.com.br\/wp-content\/uploads\/2024\/11\/Reliquias-em-Aguas-Vermelhas-Missa-11-75x75.jpeg 75w, https:\/\/www.padreeustaquio.com.br\/wp-content\/uploads\/2024\/11\/Reliquias-em-Aguas-Vermelhas-Missa-11-180x180.jpeg 180w, https:\/\/www.padreeustaquio.com.br\/wp-content\/uploads\/2024\/11\/Reliquias-em-Aguas-Vermelhas-Missa-11-400x400.jpeg 400w, https:\/\/www.padreeustaquio.com.br\/wp-content\/uploads\/2024\/11\/Reliquias-em-Aguas-Vermelhas-Missa-11-600x600.jpeg 600w\" sizes=\"(max-width: 150px) 100vw, 150px\" \/><\/a>\n\t\t\t<\/dt><\/dl><dl class='gallery-item'>\n\t\t\t<dt class='gallery-icon landscape'>\n\t\t\t\t<a href='https:\/\/www.padreeustaquio.com.br\/es\/fieles-de-aguas-vermelhas-mg-reciben-la-reliquia-peregrina-del-beato-padre-eustaquio\/reliquias-em-aguas-vermelhas-missa-12\/'><img loading=\"lazy\" decoding=\"async\" width=\"150\" height=\"150\" src=\"https:\/\/www.padreeustaquio.com.br\/wp-content\/uploads\/2024\/11\/Reliquias-em-Aguas-Vermelhas-Missa-12-150x150.jpeg\" class=\"attachment-thumbnail size-thumbnail\" alt=\"\" srcset=\"https:\/\/www.padreeustaquio.com.br\/wp-content\/uploads\/2024\/11\/Reliquias-em-Aguas-Vermelhas-Missa-12-150x150.jpeg 150w, https:\/\/www.padreeustaquio.com.br\/wp-content\/uploads\/2024\/11\/Reliquias-em-Aguas-Vermelhas-Missa-12-75x75.jpeg 75w, https:\/\/www.padreeustaquio.com.br\/wp-content\/uploads\/2024\/11\/Reliquias-em-Aguas-Vermelhas-Missa-12-180x180.jpeg 180w, https:\/\/www.padreeustaquio.com.br\/wp-content\/uploads\/2024\/11\/Reliquias-em-Aguas-Vermelhas-Missa-12-400x400.jpeg 400w, https:\/\/www.padreeustaquio.com.br\/wp-content\/uploads\/2024\/11\/Reliquias-em-Aguas-Vermelhas-Missa-12-600x600.jpeg 600w\" sizes=\"(max-width: 150px) 100vw, 150px\" \/><\/a>\n\t\t\t<\/dt><\/dl><dl class='gallery-item'>\n\t\t\t<dt class='gallery-icon landscape'>\n\t\t\t\t<a href='https:\/\/www.padreeustaquio.com.br\/es\/fieles-de-aguas-vermelhas-mg-reciben-la-reliquia-peregrina-del-beato-padre-eustaquio\/reliquias-em-aguas-vermelhas-missa-1-2\/'><img loading=\"lazy\" decoding=\"async\" width=\"150\" height=\"150\" src=\"https:\/\/www.padreeustaquio.com.br\/wp-content\/uploads\/2024\/11\/Reliquias-em-Aguas-Vermelhas-Missa-1-1-150x150.jpeg\" class=\"attachment-thumbnail size-thumbnail\" alt=\"\" srcset=\"https:\/\/www.padreeustaquio.com.br\/wp-content\/uploads\/2024\/11\/Reliquias-em-Aguas-Vermelhas-Missa-1-1-150x150.jpeg 150w, https:\/\/www.padreeustaquio.com.br\/wp-content\/uploads\/2024\/11\/Reliquias-em-Aguas-Vermelhas-Missa-1-1-75x75.jpeg 75w, https:\/\/www.padreeustaquio.com.br\/wp-content\/uploads\/2024\/11\/Reliquias-em-Aguas-Vermelhas-Missa-1-1-180x180.jpeg 180w, https:\/\/www.padreeustaquio.com.br\/wp-content\/uploads\/2024\/11\/Reliquias-em-Aguas-Vermelhas-Missa-1-1-400x400.jpeg 400w, https:\/\/www.padreeustaquio.com.br\/wp-content\/uploads\/2024\/11\/Reliquias-em-Aguas-Vermelhas-Missa-1-1-600x600.jpeg 600w\" sizes=\"(max-width: 150px) 100vw, 150px\" \/><\/a>\n\t\t\t<\/dt><\/dl><br style=\"clear: both\" \/>\n\t\t<\/div>","protected":false},"excerpt":{"rendered":"<p>A comunidade cat\u00f3lica em \u00c1guas Vermelhas, munic\u00edpio do Vale do Jequitinhonha-MG, recebeu, no \u00faltimo final de semana, a presen\u00e7a da Rel\u00edquia Peregrina do Beato Padre Eust\u00e1quio. Centenas de pessoas participaram do momento lit\u00fargico que destacou a vida do Beato. A Celebra\u00e7\u00e3o Eucar\u00edstica com o relic\u00e1rio, foi realizada na Igreja Nossa Senhora Aparecida, na comunidade Campo Novo. O local, que pertence \u00e0 Par\u00f3quia S\u00e3o Sebasti\u00e3o, acolheu a rel\u00edquia, levada ao presbit\u00e9rio pelo irm\u00e3o Tomaz, da Congrega\u00e7\u00e3o dos Sagrados Cora\u00e7\u00f5es (Espanha). Durante a Santa Missa, presidida pelo padre Vin\u00edcius Maciel, SS.CC, os fi\u00e9is ficaram emocionados e tocados pela hist\u00f3ria do Beato Padre [&hellip;]<\/p>\n","protected":false},"author":2,"featured_media":11742,"comment_status":"open","ping_status":"closed","sticky":false,"template":"","format":"standard","meta":{"_acf_changed":false,"footnotes":""},"categories":[611],"tags":[],"class_list":["post-11741","post","type-post","status-publish","format-standard","has-post-thumbnail","hentry","category-noticias"],"acf":[],"yoast_head":"<!-- This site is optimized with the Yoast SEO plugin v27.2 - https:\/\/yoast.com\/product\/yoast-seo-wordpress\/ -->\n<title>Fi\u00e9is de \u00c1guas Vermelhas-MG recebem Rel\u00edquia peregrina do Beato Padre Eust\u00e1quio<\/title>\n<meta name=\"description\" content=\"A comunidade cat\u00f3lica em \u00c1guas Vermelhas, munic\u00edpio do Vale do Jequitinhonha-MG, recebeu, no \u00faltimo final de semana, a presen\u00e7a da Rel\u00edquia Peregrina do Beato Padre Eust\u00e1quio. Centenas de pessoas participaram do momento lit\u00fargico que destacou a vida do Beato.\" \/>\n<meta name=\"robots\" content=\"index, follow, max-snippet:-1, max-image-preview:large, max-video-preview:-1\" \/>\n<link rel=\"canonical\" href=\"https:\/\/www.padreeustaquio.com.br\/es\/fieles-de-aguas-vermelhas-mg-reciben-la-reliquia-peregrina-del-beato-padre-eustaquio\/\" \/>\n<meta property=\"og:locale\" content=\"es_ES\" \/>\n<meta property=\"og:type\" content=\"article\" \/>\n<meta property=\"og:title\" content=\"Fi\u00e9is de \u00c1guas Vermelhas-MG recebem Rel\u00edquia peregrina do Beato Padre Eust\u00e1quio\" \/>\n<meta property=\"og:description\" content=\"A comunidade cat\u00f3lica em \u00c1guas Vermelhas, munic\u00edpio do Vale do Jequitinhonha-MG, recebeu, no \u00faltimo final de semana, a presen\u00e7a da Rel\u00edquia Peregrina do Beato Padre Eust\u00e1quio. Centenas de pessoas participaram do momento lit\u00fargico que destacou a vida do Beato.\" \/>\n<meta property=\"og:url\" content=\"https:\/\/www.padreeustaquio.com.br\/es\/fieles-de-aguas-vermelhas-mg-reciben-la-reliquia-peregrina-del-beato-padre-eustaquio\/\" \/>\n<meta property=\"og:site_name\" content=\"Padre Eust\u00e1quio\" \/>\n<meta property=\"article:publisher\" content=\"https:\/\/www.facebook.com\/beatopadreeustaquio\/\" \/>\n<meta property=\"article:published_time\" content=\"2024-11-20T10:09:49+00:00\" \/>\n<meta property=\"article:modified_time\" content=\"2024-11-22T17:53:13+00:00\" \/>\n<meta property=\"og:image\" content=\"https:\/\/www.padreeustaquio.com.br\/wp-content\/uploads\/2024\/11\/Reliquias-em-Aguas-Vermelhas-Missa-1.jpeg\" \/>\n\t<meta property=\"og:image:width\" content=\"1600\" \/>\n\t<meta property=\"og:image:height\" content=\"720\" \/>\n\t<meta property=\"og:image:type\" content=\"image\/jpeg\" \/>\n<meta name=\"author\" content=\"@sscc\" \/>\n<meta name=\"twitter:card\" content=\"summary_large_image\" \/>\n<meta name=\"twitter:creator\" content=\"@beatopeustaquio\" \/>\n<meta name=\"twitter:site\" content=\"@beatopeustaquio\" \/>\n<meta name=\"twitter:label1\" content=\"Escrito por\" \/>\n\t<meta name=\"twitter:data1\" content=\"@sscc\" \/>\n\t<meta name=\"twitter:label2\" content=\"Tiempo de lectura\" \/>\n\t<meta name=\"twitter:data2\" content=\"1 minuto\" \/>\n<script type=\"application\/ld+json\" class=\"yoast-schema-graph\">{\"@context\":\"https:\/\/schema.org\",\"@graph\":[{\"@type\":\"Article\",\"@id\":\"https:\/\/www.padreeustaquio.com.br\/fieis-de-aguas-vermelhas-mg-recebem-reliquia-peregrina-do-beato-padre-eustaquio\/#article\",\"isPartOf\":{\"@id\":\"https:\/\/www.padreeustaquio.com.br\/fieis-de-aguas-vermelhas-mg-recebem-reliquia-peregrina-do-beato-padre-eustaquio\/\"},\"author\":{\"name\":\"@sscc\",\"@id\":\"https:\/\/www.padreeustaquio.com.br\/#\/schema\/person\/a2a51db1d00f1a7af0204a0f1ddb1566\"},\"headline\":\"Fi\u00e9is de \u00c1guas Vermelhas-MG recebem Rel\u00edquia peregrina do Beato Padre Eust\u00e1quio\",\"datePublished\":\"2024-11-20T10:09:49+00:00\",\"dateModified\":\"2024-11-22T17:53:13+00:00\",\"mainEntityOfPage\":{\"@id\":\"https:\/\/www.padreeustaquio.com.br\/fieis-de-aguas-vermelhas-mg-recebem-reliquia-peregrina-do-beato-padre-eustaquio\/\"},\"wordCount\":161,\"commentCount\":0,\"publisher\":{\"@id\":\"https:\/\/www.padreeustaquio.com.br\/#organization\"},\"image\":{\"@id\":\"https:\/\/www.padreeustaquio.com.br\/fieis-de-aguas-vermelhas-mg-recebem-reliquia-peregrina-do-beato-padre-eustaquio\/#primaryimage\"},\"thumbnailUrl\":\"https:\/\/www.padreeustaquio.com.br\/wp-content\/uploads\/2024\/11\/Reliquias-em-Aguas-Vermelhas-Missa-1.jpeg\",\"articleSection\":[\"Not\u00edcias\"],\"inLanguage\":\"es\",\"potentialAction\":[{\"@type\":\"CommentAction\",\"name\":\"Comment\",\"target\":[\"https:\/\/www.padreeustaquio.com.br\/fieis-de-aguas-vermelhas-mg-recebem-reliquia-peregrina-do-beato-padre-eustaquio\/#respond\"]}]},{\"@type\":\"WebPage\",\"@id\":\"https:\/\/www.padreeustaquio.com.br\/fieis-de-aguas-vermelhas-mg-recebem-reliquia-peregrina-do-beato-padre-eustaquio\/\",\"url\":\"https:\/\/www.padreeustaquio.com.br\/fieis-de-aguas-vermelhas-mg-recebem-reliquia-peregrina-do-beato-padre-eustaquio\/\",\"name\":\"Fi\u00e9is de \u00c1guas Vermelhas-MG recebem Rel\u00edquia peregrina do Beato Padre Eust\u00e1quio\",\"isPartOf\":{\"@id\":\"https:\/\/www.padreeustaquio.com.br\/#website\"},\"primaryImageOfPage\":{\"@id\":\"https:\/\/www.padreeustaquio.com.br\/fieis-de-aguas-vermelhas-mg-recebem-reliquia-peregrina-do-beato-padre-eustaquio\/#primaryimage\"},\"image\":{\"@id\":\"https:\/\/www.padreeustaquio.com.br\/fieis-de-aguas-vermelhas-mg-recebem-reliquia-peregrina-do-beato-padre-eustaquio\/#primaryimage\"},\"thumbnailUrl\":\"https:\/\/www.padreeustaquio.com.br\/wp-content\/uploads\/2024\/11\/Reliquias-em-Aguas-Vermelhas-Missa-1.jpeg\",\"datePublished\":\"2024-11-20T10:09:49+00:00\",\"dateModified\":\"2024-11-22T17:53:13+00:00\",\"description\":\"A comunidade cat\u00f3lica em \u00c1guas Vermelhas, munic\u00edpio do Vale do Jequitinhonha-MG, recebeu, no \u00faltimo final de semana, a presen\u00e7a da Rel\u00edquia Peregrina do Beato Padre Eust\u00e1quio. Centenas de pessoas participaram do momento lit\u00fargico que destacou a vida do Beato.\",\"breadcrumb\":{\"@id\":\"https:\/\/www.padreeustaquio.com.br\/fieis-de-aguas-vermelhas-mg-recebem-reliquia-peregrina-do-beato-padre-eustaquio\/#breadcrumb\"},\"inLanguage\":\"es\",\"potentialAction\":[{\"@type\":\"ReadAction\",\"target\":[\"https:\/\/www.padreeustaquio.com.br\/fieis-de-aguas-vermelhas-mg-recebem-reliquia-peregrina-do-beato-padre-eustaquio\/\"]}]},{\"@type\":\"ImageObject\",\"inLanguage\":\"es\",\"@id\":\"https:\/\/www.padreeustaquio.com.br\/fieis-de-aguas-vermelhas-mg-recebem-reliquia-peregrina-do-beato-padre-eustaquio\/#primaryimage\",\"url\":\"https:\/\/www.padreeustaquio.com.br\/wp-content\/uploads\/2024\/11\/Reliquias-em-Aguas-Vermelhas-Missa-1.jpeg\",\"contentUrl\":\"https:\/\/www.padreeustaquio.com.br\/wp-content\/uploads\/2024\/11\/Reliquias-em-Aguas-Vermelhas-Missa-1.jpeg\",\"width\":1600,\"height\":720},{\"@type\":\"BreadcrumbList\",\"@id\":\"https:\/\/www.padreeustaquio.com.br\/fieis-de-aguas-vermelhas-mg-recebem-reliquia-peregrina-do-beato-padre-eustaquio\/#breadcrumb\",\"itemListElement\":[{\"@type\":\"ListItem\",\"position\":1,\"name\":\"In\u00edcio\",\"item\":\"https:\/\/www.padreeustaquio.com.br\/\"},{\"@type\":\"ListItem\",\"position\":2,\"name\":\"Fi\u00e9is de \u00c1guas Vermelhas-MG recebem Rel\u00edquia peregrina do Beato Padre Eust\u00e1quio\"}]},{\"@type\":\"WebSite\",\"@id\":\"https:\/\/www.padreeustaquio.com.br\/#website\",\"url\":\"https:\/\/www.padreeustaquio.com.br\/\",\"name\":\"Padre Eust\u00e1quio\",\"description\":\"Sa\u00fade e Paz\",\"publisher\":{\"@id\":\"https:\/\/www.padreeustaquio.com.br\/#organization\"},\"potentialAction\":[{\"@type\":\"SearchAction\",\"target\":{\"@type\":\"EntryPoint\",\"urlTemplate\":\"https:\/\/www.padreeustaquio.com.br\/?s={search_term_string}\"},\"query-input\":{\"@type\":\"PropertyValueSpecification\",\"valueRequired\":true,\"valueName\":\"search_term_string\"}}],\"inLanguage\":\"es\"},{\"@type\":\"Organization\",\"@id\":\"https:\/\/www.padreeustaquio.com.br\/#organization\",\"name\":\"Padre Eust\u00e1quio\",\"url\":\"https:\/\/www.padreeustaquio.com.br\/\",\"logo\":{\"@type\":\"ImageObject\",\"inLanguage\":\"es\",\"@id\":\"https:\/\/www.padreeustaquio.com.br\/#\/schema\/logo\/image\/\",\"url\":\"https:\/\/www.padreeustaquio.com.br\/wp-content\/uploads\/2019\/08\/marca.png\",\"contentUrl\":\"https:\/\/www.padreeustaquio.com.br\/wp-content\/uploads\/2019\/08\/marca.png\",\"width\":350,\"height\":400,\"caption\":\"Padre Eust\u00e1quio\"},\"image\":{\"@id\":\"https:\/\/www.padreeustaquio.com.br\/#\/schema\/logo\/image\/\"},\"sameAs\":[\"https:\/\/www.facebook.com\/beatopadreeustaquio\/\",\"https:\/\/x.com\/beatopeustaquio\",\"https:\/\/www.instagram.com\/beatopadreeustaquio\/\",\"https:\/\/www.youtube.com\/channel\/UCRhw7vfabnajwLxb1ZXMeIw\"]},{\"@type\":\"Person\",\"@id\":\"https:\/\/www.padreeustaquio.com.br\/#\/schema\/person\/a2a51db1d00f1a7af0204a0f1ddb1566\",\"name\":\"@sscc\",\"image\":{\"@type\":\"ImageObject\",\"inLanguage\":\"es\",\"@id\":\"https:\/\/secure.gravatar.com\/avatar\/68cfafa5f44617fea54071e215026e0ff06be366c3d54a8425f04fdcb86f8c5f?s=96&d=mm&r=g\",\"url\":\"https:\/\/secure.gravatar.com\/avatar\/68cfafa5f44617fea54071e215026e0ff06be366c3d54a8425f04fdcb86f8c5f?s=96&d=mm&r=g\",\"contentUrl\":\"https:\/\/secure.gravatar.com\/avatar\/68cfafa5f44617fea54071e215026e0ff06be366c3d54a8425f04fdcb86f8c5f?s=96&d=mm&r=g\",\"caption\":\"@sscc\"},\"url\":\"https:\/\/www.padreeustaquio.com.br\/es\/author\/sscc\/\"}]}<\/script>\n<!-- \/ Yoast SEO plugin. -->","yoast_head_json":{"title":"Fieles de \u00c1guas Vermelhas-MG reciben la reliquia peregrina del Beato Padre Eust\u00e1quio.","description":"La comunidad cat\u00f3lica de \u00c1guas Vermelhas, municipio del Valle de Jequitinhonha, Minas Gerais, recibi\u00f3 la Reliquia Peregrina del Beato Padre Eust\u00e1quio el fin de semana pasado. Cientos de personas participaron en el evento lit\u00fargico que destac\u00f3 la vida del Beato.","robots":{"index":"index","follow":"follow","max-snippet":"max-snippet:-1","max-image-preview":"max-image-preview:large","max-video-preview":"max-video-preview:-1"},"canonical":"https:\/\/www.padreeustaquio.com.br\/es\/fieles-de-aguas-vermelhas-mg-reciben-la-reliquia-peregrina-del-beato-padre-eustaquio\/","og_locale":"es_ES","og_type":"article","og_title":"Fi\u00e9is de \u00c1guas Vermelhas-MG recebem Rel\u00edquia peregrina do Beato Padre Eust\u00e1quio","og_description":"A comunidade cat\u00f3lica em \u00c1guas Vermelhas, munic\u00edpio do Vale do Jequitinhonha-MG, recebeu, no \u00faltimo final de semana, a presen\u00e7a da Rel\u00edquia Peregrina do Beato Padre Eust\u00e1quio. Centenas de pessoas participaram do momento lit\u00fargico que destacou a vida do Beato.","og_url":"https:\/\/www.padreeustaquio.com.br\/es\/fieles-de-aguas-vermelhas-mg-reciben-la-reliquia-peregrina-del-beato-padre-eustaquio\/","og_site_name":"Padre Eust\u00e1quio","article_publisher":"https:\/\/www.facebook.com\/beatopadreeustaquio\/","article_published_time":"2024-11-20T10:09:49+00:00","article_modified_time":"2024-11-22T17:53:13+00:00","og_image":[{"width":1600,"height":720,"url":"https:\/\/www.padreeustaquio.com.br\/wp-content\/uploads\/2024\/11\/Reliquias-em-Aguas-Vermelhas-Missa-1.jpeg","type":"image\/jpeg"}],"author":"@sscc","twitter_card":"summary_large_image","twitter_creator":"@beatopeustaquio","twitter_site":"@beatopeustaquio","twitter_misc":{"Escrito por":"@sscc","Tiempo de lectura":"1 minuto"},"schema":{"@context":"https:\/\/schema.org","@graph":[{"@type":"Article","@id":"https:\/\/www.padreeustaquio.com.br\/fieis-de-aguas-vermelhas-mg-recebem-reliquia-peregrina-do-beato-padre-eustaquio\/#article","isPartOf":{"@id":"https:\/\/www.padreeustaquio.com.br\/fieis-de-aguas-vermelhas-mg-recebem-reliquia-peregrina-do-beato-padre-eustaquio\/"},"author":{"name":"@sscc","@id":"https:\/\/www.padreeustaquio.com.br\/#\/schema\/person\/a2a51db1d00f1a7af0204a0f1ddb1566"},"headline":"Fi\u00e9is de \u00c1guas Vermelhas-MG recebem Rel\u00edquia peregrina do Beato Padre Eust\u00e1quio","datePublished":"2024-11-20T10:09:49+00:00","dateModified":"2024-11-22T17:53:13+00:00","mainEntityOfPage":{"@id":"https:\/\/www.padreeustaquio.com.br\/fieis-de-aguas-vermelhas-mg-recebem-reliquia-peregrina-do-beato-padre-eustaquio\/"},"wordCount":161,"commentCount":0,"publisher":{"@id":"https:\/\/www.padreeustaquio.com.br\/#organization"},"image":{"@id":"https:\/\/www.padreeustaquio.com.br\/fieis-de-aguas-vermelhas-mg-recebem-reliquia-peregrina-do-beato-padre-eustaquio\/#primaryimage"},"thumbnailUrl":"https:\/\/www.padreeustaquio.com.br\/wp-content\/uploads\/2024\/11\/Reliquias-em-Aguas-Vermelhas-Missa-1.jpeg","articleSection":["Not\u00edcias"],"inLanguage":"es","potentialAction":[{"@type":"CommentAction","name":"Comment","target":["https:\/\/www.padreeustaquio.com.br\/fieis-de-aguas-vermelhas-mg-recebem-reliquia-peregrina-do-beato-padre-eustaquio\/#respond"]}]},{"@type":"WebPage","@id":"https:\/\/www.padreeustaquio.com.br\/fieis-de-aguas-vermelhas-mg-recebem-reliquia-peregrina-do-beato-padre-eustaquio\/","url":"https:\/\/www.padreeustaquio.com.br\/fieis-de-aguas-vermelhas-mg-recebem-reliquia-peregrina-do-beato-padre-eustaquio\/","name":"Fieles de \u00c1guas Vermelhas-MG reciben la reliquia peregrina del Beato Padre Eust\u00e1quio.","isPartOf":{"@id":"https:\/\/www.padreeustaquio.com.br\/#website"},"primaryImageOfPage":{"@id":"https:\/\/www.padreeustaquio.com.br\/fieis-de-aguas-vermelhas-mg-recebem-reliquia-peregrina-do-beato-padre-eustaquio\/#primaryimage"},"image":{"@id":"https:\/\/www.padreeustaquio.com.br\/fieis-de-aguas-vermelhas-mg-recebem-reliquia-peregrina-do-beato-padre-eustaquio\/#primaryimage"},"thumbnailUrl":"https:\/\/www.padreeustaquio.com.br\/wp-content\/uploads\/2024\/11\/Reliquias-em-Aguas-Vermelhas-Missa-1.jpeg","datePublished":"2024-11-20T10:09:49+00:00","dateModified":"2024-11-22T17:53:13+00:00","description":"La comunidad cat\u00f3lica de \u00c1guas Vermelhas, municipio del Valle de Jequitinhonha, Minas Gerais, recibi\u00f3 la Reliquia Peregrina del Beato Padre Eust\u00e1quio el fin de semana pasado. Cientos de personas participaron en el evento lit\u00fargico que destac\u00f3 la vida del Beato.","breadcrumb":{"@id":"https:\/\/www.padreeustaquio.com.br\/fieis-de-aguas-vermelhas-mg-recebem-reliquia-peregrina-do-beato-padre-eustaquio\/#breadcrumb"},"inLanguage":"es","potentialAction":[{"@type":"ReadAction","target":["https:\/\/www.padreeustaquio.com.br\/fieis-de-aguas-vermelhas-mg-recebem-reliquia-peregrina-do-beato-padre-eustaquio\/"]}]},{"@type":"ImageObject","inLanguage":"es","@id":"https:\/\/www.padreeustaquio.com.br\/fieis-de-aguas-vermelhas-mg-recebem-reliquia-peregrina-do-beato-padre-eustaquio\/#primaryimage","url":"https:\/\/www.padreeustaquio.com.br\/wp-content\/uploads\/2024\/11\/Reliquias-em-Aguas-Vermelhas-Missa-1.jpeg","contentUrl":"https:\/\/www.padreeustaquio.com.br\/wp-content\/uploads\/2024\/11\/Reliquias-em-Aguas-Vermelhas-Missa-1.jpeg","width":1600,"height":720},{"@type":"BreadcrumbList","@id":"https:\/\/www.padreeustaquio.com.br\/fieis-de-aguas-vermelhas-mg-recebem-reliquia-peregrina-do-beato-padre-eustaquio\/#breadcrumb","itemListElement":[{"@type":"ListItem","position":1,"name":"In\u00edcio","item":"https:\/\/www.padreeustaquio.com.br\/"},{"@type":"ListItem","position":2,"name":"Fi\u00e9is de \u00c1guas Vermelhas-MG recebem Rel\u00edquia peregrina do Beato Padre Eust\u00e1quio"}]},{"@type":"WebSite","@id":"https:\/\/www.padreeustaquio.com.br\/#website","url":"https:\/\/www.padreeustaquio.com.br\/","name":"Padre Eustace","description":"Salud y Paz","publisher":{"@id":"https:\/\/www.padreeustaquio.com.br\/#organization"},"potentialAction":[{"@type":"SearchAction","target":{"@type":"EntryPoint","urlTemplate":"https:\/\/www.padreeustaquio.com.br\/?s={search_term_string}"},"query-input":{"@type":"PropertyValueSpecification","valueRequired":true,"valueName":"search_term_string"}}],"inLanguage":"es"},{"@type":"Organization","@id":"https:\/\/www.padreeustaquio.com.br\/#organization","name":"Padre Eustace","url":"https:\/\/www.padreeustaquio.com.br\/","logo":{"@type":"ImageObject","inLanguage":"es","@id":"https:\/\/www.padreeustaquio.com.br\/#\/schema\/logo\/image\/","url":"https:\/\/www.padreeustaquio.com.br\/wp-content\/uploads\/2019\/08\/marca.png","contentUrl":"https:\/\/www.padreeustaquio.com.br\/wp-content\/uploads\/2019\/08\/marca.png","width":350,"height":400,"caption":"Padre Eust\u00e1quio"},"image":{"@id":"https:\/\/www.padreeustaquio.com.br\/#\/schema\/logo\/image\/"},"sameAs":["https:\/\/www.facebook.com\/beatopadreeustaquio\/","https:\/\/x.com\/beatopeustaquio","https:\/\/www.instagram.com\/beatopadreeustaquio\/","https:\/\/www.youtube.com\/channel\/UCRhw7vfabnajwLxb1ZXMeIw"]},{"@type":"Person","@id":"https:\/\/www.padreeustaquio.com.br\/#\/schema\/person\/a2a51db1d00f1a7af0204a0f1ddb1566","name":"@sscc","image":{"@type":"ImageObject","inLanguage":"es","@id":"https:\/\/secure.gravatar.com\/avatar\/68cfafa5f44617fea54071e215026e0ff06be366c3d54a8425f04fdcb86f8c5f?s=96&d=mm&r=g","url":"https:\/\/secure.gravatar.com\/avatar\/68cfafa5f44617fea54071e215026e0ff06be366c3d54a8425f04fdcb86f8c5f?s=96&d=mm&r=g","contentUrl":"https:\/\/secure.gravatar.com\/avatar\/68cfafa5f44617fea54071e215026e0ff06be366c3d54a8425f04fdcb86f8c5f?s=96&d=mm&r=g","caption":"@sscc"},"url":"https:\/\/www.padreeustaquio.com.br\/es\/author\/sscc\/"}]}},"_links":{"self":[{"href":"https:\/\/www.padreeustaquio.com.br\/es\/wp-json\/wp\/v2\/posts\/11741","targetHints":{"allow":["GET"]}}],"collection":[{"href":"https:\/\/www.padreeustaquio.com.br\/es\/wp-json\/wp\/v2\/posts"}],"about":[{"href":"https:\/\/www.padreeustaquio.com.br\/es\/wp-json\/wp\/v2\/types\/post"}],"author":[{"embeddable":true,"href":"https:\/\/www.padreeustaquio.com.br\/es\/wp-json\/wp\/v2\/users\/2"}],"replies":[{"embeddable":true,"href":"https:\/\/www.padreeustaquio.com.br\/es\/wp-json\/wp\/v2\/comments?post=11741"}],"version-history":[{"count":0,"href":"https:\/\/www.padreeustaquio.com.br\/es\/wp-json\/wp\/v2\/posts\/11741\/revisions"}],"wp:featuredmedia":[{"embeddable":true,"href":"https:\/\/www.padreeustaquio.com.br\/es\/wp-json\/wp\/v2\/media\/11742"}],"wp:attachment":[{"href":"https:\/\/www.padreeustaquio.com.br\/es\/wp-json\/wp\/v2\/media?parent=11741"}],"wp:term":[{"taxonomy":"category","embeddable":true,"href":"https:\/\/www.padreeustaquio.com.br\/es\/wp-json\/wp\/v2\/categories?post=11741"},{"taxonomy":"post_tag","embeddable":true,"href":"https:\/\/www.padreeustaquio.com.br\/es\/wp-json\/wp\/v2\/tags?post=11741"}],"curies":[{"name":"wp","href":"https:\/\/api.w.org\/{rel}","templated":true}]}}