{"id":11733,"date":"2024-11-12T09:06:39","date_gmt":"2024-11-12T12:06:39","guid":{"rendered":"https:\/\/www.padreeustaquio.com.br\/?p=11733"},"modified":"2024-11-12T09:36:09","modified_gmt":"2024-11-12T12:36:09","slug":"divisa-alegre-y-aguas-vermelhas-en-jequitinhonha-reciben-la-visita-de-las-reliquias-del-padre-eustaquio","status":"publish","type":"post","link":"https:\/\/www.padreeustaquio.com.br\/es\/divisa-alegre-y-aguas-vermelhas-en-jequitinhonha-reciben-la-visita-de-las-reliquias-del-padre-eustaquio\/","title":{"rendered":"Divisa Alegre y \u00c1guas Vermelhas, en Jequitinhonha, reciben la visita de las reliquias del padre Eust\u00e1quio."},"content":{"rendered":"<p>El pr\u00f3ximo fin de semana, las ciudades de Divisa Alegre y \u00c1guas Vermelhas, ubicadas en el Valle de Jequitinhonha, Minas Gerais, recibir\u00e1n la visita de la reliquia peregrina del Beato Padre Eust\u00e1quio. Los municipios, que cuentan con parroquias administradas por la Congregaci\u00f3n de los Sagrados Corazones, est\u00e1n preparando un programa de oraci\u00f3n y celebraci\u00f3n.<\/p>\n<p>El s\u00e1bado 16 de noviembre, la Parroquia de S\u00e3o Sebasti\u00e3o, en la ciudad de \u00c1guas Vermelhas, celebrar\u00e1 una ma\u00f1ana de espiritualidad dedicada al Beato Padre Eust\u00e1quio. El programa contar\u00e1 con la presencia especial del Padre Vinicius Maciel, SSSCC, vicepostulador de la Causa de Canonizaci\u00f3n del Beato. Durante el evento, se presentar\u00e1n las reliquias del Misionero de la Salud y la Paz. Al finalizar el encuentro, el Padre Vinicius impartir\u00e1 la bendici\u00f3n a los enfermos.<\/p>\n<p>A las 19:00, el vicepostulador celebrar\u00e1 la Santa Misa en la comunidad de Nossa Senhora Aparecida. La ceremonia ser\u00e1 concelebrada por el Padre Francisco Gleison, SS.CC., y concluir\u00e1 la jornada de oraciones y homenajes con este acto lit\u00fargico en honor a la Beata.<\/p>\n<p>En la ciudad de Divisa Alegre, tambi\u00e9n en el Valle de Jequitinhonha, Minas Gerais, se celebrar\u00e1 un per\u00edodo preparatorio de tres d\u00edas en la Parroquia de Nossa Senhora do Carmo para esperar la llegada de las reliquias. El per\u00edodo de tres d\u00edas comenzar\u00e1 este jueves 14 de noviembre con la Santa Misa a las 19:00 h. Tambi\u00e9n se celebrar\u00e1n eucarist\u00edas los d\u00edas 15 y 16 a la misma hora.<\/p>\n<p>El programa en Divisa Alegre concluir\u00e1 el domingo 17 de noviembre a las 10:00 h con la llegada de las reliquias a la ciudad y una misa solemne que celebrar\u00e1 la vida y el legado del Beato Padre Eust\u00e1quio, reconocido por su apostolado dedicado a la acogida y la promoci\u00f3n de la salud y la paz. La Celebraci\u00f3n Eucar\u00edstica ser\u00e1 presidida por el Padre Vin\u00edcius Maciel, SS.CC., y concelebrada por el p\u00e1rroco local, Padre Jorge Felipe Campos, SS.CC. A la ceremonia tambi\u00e9n asistir\u00e1n las Hermanas de los Sagrados Corazones, quienes mantienen una misi\u00f3n en la ciudad de Minas Gerais.<\/p>","protected":false},"excerpt":{"rendered":"<p>No pr\u00f3ximo fim de semana, as cidades de Divisa Alegre e \u00c1guas Vermelhas, localizadas no Vale do Jequitinhonha, Minas Gerais ir\u00e3o receber a visita da rel\u00edquia peregrina do Beato Padre Eust\u00e1quio. Os munic\u00edpios, que t\u00eam par\u00f3quias administradas pela Congrega\u00e7\u00e3o dos Sagrados Cora\u00e7\u00f5es, est\u00e3o preparando uma programa\u00e7\u00e3o de ora\u00e7\u00e3o e festa. No s\u00e1bado, 16 de novembro, a Par\u00f3quia S\u00e3o Sebasti\u00e3o, da cidade de \u00c1guas Vermelhas ter\u00e1 uma manh\u00e3 de espiritualidade dedicada ao Beato Padre Eust\u00e1quio. A programa\u00e7\u00e3o contar\u00e1 com a presen\u00e7a especial do padre Vinicius Maciel, SSSCC, vice-postulador da Causa de Canoniza\u00e7\u00e3o do Beato. Durante o evento, ser\u00e3o apresentadas as rel\u00edquias [&hellip;]<\/p>\n","protected":false},"author":2,"featured_media":11734,"comment_status":"open","ping_status":"closed","sticky":false,"template":"","format":"standard","meta":{"_acf_changed":false,"footnotes":""},"categories":[611],"tags":[],"class_list":["post-11733","post","type-post","status-publish","format-standard","has-post-thumbnail","hentry","category-noticias"],"acf":[],"yoast_head":"<!-- This site is optimized with the Yoast SEO plugin v27.2 - https:\/\/yoast.com\/product\/yoast-seo-wordpress\/ -->\n<title>Divisa Alegre e \u00c1guas Vermelhas, no Jequitinhonha recebem visita das rel\u00edquias de Padre Eust\u00e1quio<\/title>\n<meta name=\"description\" content=\"No pr\u00f3ximo fim de semana, as cidades de Divisa Alegre e \u00c1guas Vermelhas, localizadas no Vale do Jequitinhonha, Minas Gerais ir\u00e3o receber a visita da rel\u00edquia peregrina do Beato Padre Eust\u00e1quio. Os munic\u00edpios, que t\u00eam par\u00f3quias administradas pela Congrega\u00e7\u00e3o dos Sagrados Cora\u00e7\u00f5es, est\u00e3o preparando uma programa\u00e7\u00e3o de ora\u00e7\u00e3o e festa.\" \/>\n<meta name=\"robots\" content=\"index, follow, max-snippet:-1, max-image-preview:large, max-video-preview:-1\" \/>\n<link rel=\"canonical\" href=\"https:\/\/www.padreeustaquio.com.br\/es\/divisa-alegre-y-aguas-vermelhas-en-jequitinhonha-reciben-la-visita-de-las-reliquias-del-padre-eustaquio\/\" \/>\n<meta property=\"og:locale\" content=\"es_ES\" \/>\n<meta property=\"og:type\" content=\"article\" \/>\n<meta property=\"og:title\" content=\"Divisa Alegre e \u00c1guas Vermelhas, no Jequitinhonha recebem visita das rel\u00edquias de Padre Eust\u00e1quio\" \/>\n<meta property=\"og:description\" content=\"No pr\u00f3ximo fim de semana, as cidades de Divisa Alegre e \u00c1guas Vermelhas, localizadas no Vale do Jequitinhonha, Minas Gerais ir\u00e3o receber a visita da rel\u00edquia peregrina do Beato Padre Eust\u00e1quio. Os munic\u00edpios, que t\u00eam par\u00f3quias administradas pela Congrega\u00e7\u00e3o dos Sagrados Cora\u00e7\u00f5es, est\u00e3o preparando uma programa\u00e7\u00e3o de ora\u00e7\u00e3o e festa.\" \/>\n<meta property=\"og:url\" content=\"https:\/\/www.padreeustaquio.com.br\/es\/divisa-alegre-y-aguas-vermelhas-en-jequitinhonha-reciben-la-visita-de-las-reliquias-del-padre-eustaquio\/\" \/>\n<meta property=\"og:site_name\" content=\"Padre Eust\u00e1quio\" \/>\n<meta property=\"article:publisher\" content=\"https:\/\/www.facebook.com\/beatopadreeustaquio\/\" \/>\n<meta property=\"article:published_time\" content=\"2024-11-12T12:06:39+00:00\" \/>\n<meta property=\"article:modified_time\" content=\"2024-11-12T12:36:09+00:00\" \/>\n<meta property=\"og:image\" content=\"https:\/\/www.padreeustaquio.com.br\/wp-content\/uploads\/2024\/11\/igreja-nossa-senhora-do-carmo-divisa-alegre-e1731412948269.jpg\" \/>\n\t<meta property=\"og:image:width\" content=\"500\" \/>\n\t<meta property=\"og:image:height\" content=\"311\" \/>\n\t<meta property=\"og:image:type\" content=\"image\/jpeg\" \/>\n<meta name=\"author\" content=\"@sscc\" \/>\n<meta name=\"twitter:card\" content=\"summary_large_image\" \/>\n<meta name=\"twitter:creator\" content=\"@beatopeustaquio\" \/>\n<meta name=\"twitter:site\" content=\"@beatopeustaquio\" \/>\n<meta name=\"twitter:label1\" content=\"Escrito por\" \/>\n\t<meta name=\"twitter:data1\" content=\"@sscc\" \/>\n\t<meta name=\"twitter:label2\" content=\"Tiempo de lectura\" \/>\n\t<meta name=\"twitter:data2\" content=\"2 minutos\" \/>\n<script type=\"application\/ld+json\" class=\"yoast-schema-graph\">{\"@context\":\"https:\/\/schema.org\",\"@graph\":[{\"@type\":\"Article\",\"@id\":\"https:\/\/www.padreeustaquio.com.br\/divisa-alegre-e-aguas-vermelhas-no-jequitinhonha-recebem-visita-das-reliquias-de-padre-eustaquio\/#article\",\"isPartOf\":{\"@id\":\"https:\/\/www.padreeustaquio.com.br\/divisa-alegre-e-aguas-vermelhas-no-jequitinhonha-recebem-visita-das-reliquias-de-padre-eustaquio\/\"},\"author\":{\"name\":\"@sscc\",\"@id\":\"https:\/\/www.padreeustaquio.com.br\/#\/schema\/person\/a2a51db1d00f1a7af0204a0f1ddb1566\"},\"headline\":\"Divisa Alegre e \u00c1guas Vermelhas, no Jequitinhonha recebem visita das rel\u00edquias de Padre Eust\u00e1quio\",\"datePublished\":\"2024-11-12T12:06:39+00:00\",\"dateModified\":\"2024-11-12T12:36:09+00:00\",\"mainEntityOfPage\":{\"@id\":\"https:\/\/www.padreeustaquio.com.br\/divisa-alegre-e-aguas-vermelhas-no-jequitinhonha-recebem-visita-das-reliquias-de-padre-eustaquio\/\"},\"wordCount\":364,\"commentCount\":0,\"publisher\":{\"@id\":\"https:\/\/www.padreeustaquio.com.br\/#organization\"},\"image\":{\"@id\":\"https:\/\/www.padreeustaquio.com.br\/divisa-alegre-e-aguas-vermelhas-no-jequitinhonha-recebem-visita-das-reliquias-de-padre-eustaquio\/#primaryimage\"},\"thumbnailUrl\":\"https:\/\/www.padreeustaquio.com.br\/wp-content\/uploads\/2024\/11\/igreja-nossa-senhora-do-carmo-divisa-alegre-e1731412948269.jpg\",\"articleSection\":[\"Not\u00edcias\"],\"inLanguage\":\"es\",\"potentialAction\":[{\"@type\":\"CommentAction\",\"name\":\"Comment\",\"target\":[\"https:\/\/www.padreeustaquio.com.br\/divisa-alegre-e-aguas-vermelhas-no-jequitinhonha-recebem-visita-das-reliquias-de-padre-eustaquio\/#respond\"]}]},{\"@type\":\"WebPage\",\"@id\":\"https:\/\/www.padreeustaquio.com.br\/divisa-alegre-e-aguas-vermelhas-no-jequitinhonha-recebem-visita-das-reliquias-de-padre-eustaquio\/\",\"url\":\"https:\/\/www.padreeustaquio.com.br\/divisa-alegre-e-aguas-vermelhas-no-jequitinhonha-recebem-visita-das-reliquias-de-padre-eustaquio\/\",\"name\":\"Divisa Alegre e \u00c1guas Vermelhas, no Jequitinhonha recebem visita das rel\u00edquias de Padre Eust\u00e1quio\",\"isPartOf\":{\"@id\":\"https:\/\/www.padreeustaquio.com.br\/#website\"},\"primaryImageOfPage\":{\"@id\":\"https:\/\/www.padreeustaquio.com.br\/divisa-alegre-e-aguas-vermelhas-no-jequitinhonha-recebem-visita-das-reliquias-de-padre-eustaquio\/#primaryimage\"},\"image\":{\"@id\":\"https:\/\/www.padreeustaquio.com.br\/divisa-alegre-e-aguas-vermelhas-no-jequitinhonha-recebem-visita-das-reliquias-de-padre-eustaquio\/#primaryimage\"},\"thumbnailUrl\":\"https:\/\/www.padreeustaquio.com.br\/wp-content\/uploads\/2024\/11\/igreja-nossa-senhora-do-carmo-divisa-alegre-e1731412948269.jpg\",\"datePublished\":\"2024-11-12T12:06:39+00:00\",\"dateModified\":\"2024-11-12T12:36:09+00:00\",\"description\":\"No pr\u00f3ximo fim de semana, as cidades de Divisa Alegre e \u00c1guas Vermelhas, localizadas no Vale do Jequitinhonha, Minas Gerais ir\u00e3o receber a visita da rel\u00edquia peregrina do Beato Padre Eust\u00e1quio. Os munic\u00edpios, que t\u00eam par\u00f3quias administradas pela Congrega\u00e7\u00e3o dos Sagrados Cora\u00e7\u00f5es, est\u00e3o preparando uma programa\u00e7\u00e3o de ora\u00e7\u00e3o e festa.\",\"breadcrumb\":{\"@id\":\"https:\/\/www.padreeustaquio.com.br\/divisa-alegre-e-aguas-vermelhas-no-jequitinhonha-recebem-visita-das-reliquias-de-padre-eustaquio\/#breadcrumb\"},\"inLanguage\":\"es\",\"potentialAction\":[{\"@type\":\"ReadAction\",\"target\":[\"https:\/\/www.padreeustaquio.com.br\/divisa-alegre-e-aguas-vermelhas-no-jequitinhonha-recebem-visita-das-reliquias-de-padre-eustaquio\/\"]}]},{\"@type\":\"ImageObject\",\"inLanguage\":\"es\",\"@id\":\"https:\/\/www.padreeustaquio.com.br\/divisa-alegre-e-aguas-vermelhas-no-jequitinhonha-recebem-visita-das-reliquias-de-padre-eustaquio\/#primaryimage\",\"url\":\"https:\/\/www.padreeustaquio.com.br\/wp-content\/uploads\/2024\/11\/igreja-nossa-senhora-do-carmo-divisa-alegre-e1731412948269.jpg\",\"contentUrl\":\"https:\/\/www.padreeustaquio.com.br\/wp-content\/uploads\/2024\/11\/igreja-nossa-senhora-do-carmo-divisa-alegre-e1731412948269.jpg\",\"width\":500,\"height\":311,\"caption\":\"Igreja Nossa Sra do Carmo, Divisa Alegre-MG\"},{\"@type\":\"BreadcrumbList\",\"@id\":\"https:\/\/www.padreeustaquio.com.br\/divisa-alegre-e-aguas-vermelhas-no-jequitinhonha-recebem-visita-das-reliquias-de-padre-eustaquio\/#breadcrumb\",\"itemListElement\":[{\"@type\":\"ListItem\",\"position\":1,\"name\":\"In\u00edcio\",\"item\":\"https:\/\/www.padreeustaquio.com.br\/\"},{\"@type\":\"ListItem\",\"position\":2,\"name\":\"Divisa Alegre e \u00c1guas Vermelhas, no Jequitinhonha recebem visita das rel\u00edquias de Padre Eust\u00e1quio\"}]},{\"@type\":\"WebSite\",\"@id\":\"https:\/\/www.padreeustaquio.com.br\/#website\",\"url\":\"https:\/\/www.padreeustaquio.com.br\/\",\"name\":\"Padre Eust\u00e1quio\",\"description\":\"Sa\u00fade e Paz\",\"publisher\":{\"@id\":\"https:\/\/www.padreeustaquio.com.br\/#organization\"},\"potentialAction\":[{\"@type\":\"SearchAction\",\"target\":{\"@type\":\"EntryPoint\",\"urlTemplate\":\"https:\/\/www.padreeustaquio.com.br\/?s={search_term_string}\"},\"query-input\":{\"@type\":\"PropertyValueSpecification\",\"valueRequired\":true,\"valueName\":\"search_term_string\"}}],\"inLanguage\":\"es\"},{\"@type\":\"Organization\",\"@id\":\"https:\/\/www.padreeustaquio.com.br\/#organization\",\"name\":\"Padre Eust\u00e1quio\",\"url\":\"https:\/\/www.padreeustaquio.com.br\/\",\"logo\":{\"@type\":\"ImageObject\",\"inLanguage\":\"es\",\"@id\":\"https:\/\/www.padreeustaquio.com.br\/#\/schema\/logo\/image\/\",\"url\":\"https:\/\/www.padreeustaquio.com.br\/wp-content\/uploads\/2019\/08\/marca.png\",\"contentUrl\":\"https:\/\/www.padreeustaquio.com.br\/wp-content\/uploads\/2019\/08\/marca.png\",\"width\":350,\"height\":400,\"caption\":\"Padre Eust\u00e1quio\"},\"image\":{\"@id\":\"https:\/\/www.padreeustaquio.com.br\/#\/schema\/logo\/image\/\"},\"sameAs\":[\"https:\/\/www.facebook.com\/beatopadreeustaquio\/\",\"https:\/\/x.com\/beatopeustaquio\",\"https:\/\/www.instagram.com\/beatopadreeustaquio\/\",\"https:\/\/www.youtube.com\/channel\/UCRhw7vfabnajwLxb1ZXMeIw\"]},{\"@type\":\"Person\",\"@id\":\"https:\/\/www.padreeustaquio.com.br\/#\/schema\/person\/a2a51db1d00f1a7af0204a0f1ddb1566\",\"name\":\"@sscc\",\"image\":{\"@type\":\"ImageObject\",\"inLanguage\":\"es\",\"@id\":\"https:\/\/secure.gravatar.com\/avatar\/68cfafa5f44617fea54071e215026e0ff06be366c3d54a8425f04fdcb86f8c5f?s=96&d=mm&r=g\",\"url\":\"https:\/\/secure.gravatar.com\/avatar\/68cfafa5f44617fea54071e215026e0ff06be366c3d54a8425f04fdcb86f8c5f?s=96&d=mm&r=g\",\"contentUrl\":\"https:\/\/secure.gravatar.com\/avatar\/68cfafa5f44617fea54071e215026e0ff06be366c3d54a8425f04fdcb86f8c5f?s=96&d=mm&r=g\",\"caption\":\"@sscc\"},\"url\":\"https:\/\/www.padreeustaquio.com.br\/es\/author\/sscc\/\"}]}<\/script>\n<!-- \/ Yoast SEO plugin. -->","yoast_head_json":{"title":"Divisa Alegre y \u00c1guas Vermelhas, en Jequitinhonha, reciben la visita de las reliquias del padre Eust\u00e1quio.","description":"El pr\u00f3ximo fin de semana, las ciudades de Divisa Alegre y \u00c1guas Vermelhas, ubicadas en el Valle de Jequitinhonha, Minas Gerais, recibir\u00e1n la visita de la reliquia peregrina del Beato Padre Eust\u00e1quio. Los municipios, que cuentan con parroquias administradas por la Congregaci\u00f3n de los Sagrados Corazones, est\u00e1n preparando un programa de oraci\u00f3n y celebraci\u00f3n.","robots":{"index":"index","follow":"follow","max-snippet":"max-snippet:-1","max-image-preview":"max-image-preview:large","max-video-preview":"max-video-preview:-1"},"canonical":"https:\/\/www.padreeustaquio.com.br\/es\/divisa-alegre-y-aguas-vermelhas-en-jequitinhonha-reciben-la-visita-de-las-reliquias-del-padre-eustaquio\/","og_locale":"es_ES","og_type":"article","og_title":"Divisa Alegre e \u00c1guas Vermelhas, no Jequitinhonha recebem visita das rel\u00edquias de Padre Eust\u00e1quio","og_description":"No pr\u00f3ximo fim de semana, as cidades de Divisa Alegre e \u00c1guas Vermelhas, localizadas no Vale do Jequitinhonha, Minas Gerais ir\u00e3o receber a visita da rel\u00edquia peregrina do Beato Padre Eust\u00e1quio. Os munic\u00edpios, que t\u00eam par\u00f3quias administradas pela Congrega\u00e7\u00e3o dos Sagrados Cora\u00e7\u00f5es, est\u00e3o preparando uma programa\u00e7\u00e3o de ora\u00e7\u00e3o e festa.","og_url":"https:\/\/www.padreeustaquio.com.br\/es\/divisa-alegre-y-aguas-vermelhas-en-jequitinhonha-reciben-la-visita-de-las-reliquias-del-padre-eustaquio\/","og_site_name":"Padre Eust\u00e1quio","article_publisher":"https:\/\/www.facebook.com\/beatopadreeustaquio\/","article_published_time":"2024-11-12T12:06:39+00:00","article_modified_time":"2024-11-12T12:36:09+00:00","og_image":[{"width":500,"height":311,"url":"https:\/\/www.padreeustaquio.com.br\/wp-content\/uploads\/2024\/11\/igreja-nossa-senhora-do-carmo-divisa-alegre-e1731412948269.jpg","type":"image\/jpeg"}],"author":"@sscc","twitter_card":"summary_large_image","twitter_creator":"@beatopeustaquio","twitter_site":"@beatopeustaquio","twitter_misc":{"Escrito por":"@sscc","Tiempo de lectura":"2 minutos"},"schema":{"@context":"https:\/\/schema.org","@graph":[{"@type":"Article","@id":"https:\/\/www.padreeustaquio.com.br\/divisa-alegre-e-aguas-vermelhas-no-jequitinhonha-recebem-visita-das-reliquias-de-padre-eustaquio\/#article","isPartOf":{"@id":"https:\/\/www.padreeustaquio.com.br\/divisa-alegre-e-aguas-vermelhas-no-jequitinhonha-recebem-visita-das-reliquias-de-padre-eustaquio\/"},"author":{"name":"@sscc","@id":"https:\/\/www.padreeustaquio.com.br\/#\/schema\/person\/a2a51db1d00f1a7af0204a0f1ddb1566"},"headline":"Divisa Alegre e \u00c1guas Vermelhas, no Jequitinhonha recebem visita das rel\u00edquias de Padre Eust\u00e1quio","datePublished":"2024-11-12T12:06:39+00:00","dateModified":"2024-11-12T12:36:09+00:00","mainEntityOfPage":{"@id":"https:\/\/www.padreeustaquio.com.br\/divisa-alegre-e-aguas-vermelhas-no-jequitinhonha-recebem-visita-das-reliquias-de-padre-eustaquio\/"},"wordCount":364,"commentCount":0,"publisher":{"@id":"https:\/\/www.padreeustaquio.com.br\/#organization"},"image":{"@id":"https:\/\/www.padreeustaquio.com.br\/divisa-alegre-e-aguas-vermelhas-no-jequitinhonha-recebem-visita-das-reliquias-de-padre-eustaquio\/#primaryimage"},"thumbnailUrl":"https:\/\/www.padreeustaquio.com.br\/wp-content\/uploads\/2024\/11\/igreja-nossa-senhora-do-carmo-divisa-alegre-e1731412948269.jpg","articleSection":["Not\u00edcias"],"inLanguage":"es","potentialAction":[{"@type":"CommentAction","name":"Comment","target":["https:\/\/www.padreeustaquio.com.br\/divisa-alegre-e-aguas-vermelhas-no-jequitinhonha-recebem-visita-das-reliquias-de-padre-eustaquio\/#respond"]}]},{"@type":"WebPage","@id":"https:\/\/www.padreeustaquio.com.br\/divisa-alegre-e-aguas-vermelhas-no-jequitinhonha-recebem-visita-das-reliquias-de-padre-eustaquio\/","url":"https:\/\/www.padreeustaquio.com.br\/divisa-alegre-e-aguas-vermelhas-no-jequitinhonha-recebem-visita-das-reliquias-de-padre-eustaquio\/","name":"Divisa Alegre y \u00c1guas Vermelhas, en Jequitinhonha, reciben la visita de las reliquias del padre Eust\u00e1quio.","isPartOf":{"@id":"https:\/\/www.padreeustaquio.com.br\/#website"},"primaryImageOfPage":{"@id":"https:\/\/www.padreeustaquio.com.br\/divisa-alegre-e-aguas-vermelhas-no-jequitinhonha-recebem-visita-das-reliquias-de-padre-eustaquio\/#primaryimage"},"image":{"@id":"https:\/\/www.padreeustaquio.com.br\/divisa-alegre-e-aguas-vermelhas-no-jequitinhonha-recebem-visita-das-reliquias-de-padre-eustaquio\/#primaryimage"},"thumbnailUrl":"https:\/\/www.padreeustaquio.com.br\/wp-content\/uploads\/2024\/11\/igreja-nossa-senhora-do-carmo-divisa-alegre-e1731412948269.jpg","datePublished":"2024-11-12T12:06:39+00:00","dateModified":"2024-11-12T12:36:09+00:00","description":"El pr\u00f3ximo fin de semana, las ciudades de Divisa Alegre y \u00c1guas Vermelhas, ubicadas en el Valle de Jequitinhonha, Minas Gerais, recibir\u00e1n la visita de la reliquia peregrina del Beato Padre Eust\u00e1quio. Los municipios, que cuentan con parroquias administradas por la Congregaci\u00f3n de los Sagrados Corazones, est\u00e1n preparando un programa de oraci\u00f3n y celebraci\u00f3n.","breadcrumb":{"@id":"https:\/\/www.padreeustaquio.com.br\/divisa-alegre-e-aguas-vermelhas-no-jequitinhonha-recebem-visita-das-reliquias-de-padre-eustaquio\/#breadcrumb"},"inLanguage":"es","potentialAction":[{"@type":"ReadAction","target":["https:\/\/www.padreeustaquio.com.br\/divisa-alegre-e-aguas-vermelhas-no-jequitinhonha-recebem-visita-das-reliquias-de-padre-eustaquio\/"]}]},{"@type":"ImageObject","inLanguage":"es","@id":"https:\/\/www.padreeustaquio.com.br\/divisa-alegre-e-aguas-vermelhas-no-jequitinhonha-recebem-visita-das-reliquias-de-padre-eustaquio\/#primaryimage","url":"https:\/\/www.padreeustaquio.com.br\/wp-content\/uploads\/2024\/11\/igreja-nossa-senhora-do-carmo-divisa-alegre-e1731412948269.jpg","contentUrl":"https:\/\/www.padreeustaquio.com.br\/wp-content\/uploads\/2024\/11\/igreja-nossa-senhora-do-carmo-divisa-alegre-e1731412948269.jpg","width":500,"height":311,"caption":"Igreja Nossa Sra do Carmo, Divisa Alegre-MG"},{"@type":"BreadcrumbList","@id":"https:\/\/www.padreeustaquio.com.br\/divisa-alegre-e-aguas-vermelhas-no-jequitinhonha-recebem-visita-das-reliquias-de-padre-eustaquio\/#breadcrumb","itemListElement":[{"@type":"ListItem","position":1,"name":"In\u00edcio","item":"https:\/\/www.padreeustaquio.com.br\/"},{"@type":"ListItem","position":2,"name":"Divisa Alegre e \u00c1guas Vermelhas, no Jequitinhonha recebem visita das rel\u00edquias de Padre Eust\u00e1quio"}]},{"@type":"WebSite","@id":"https:\/\/www.padreeustaquio.com.br\/#website","url":"https:\/\/www.padreeustaquio.com.br\/","name":"Padre Eustace","description":"Salud y Paz","publisher":{"@id":"https:\/\/www.padreeustaquio.com.br\/#organization"},"potentialAction":[{"@type":"SearchAction","target":{"@type":"EntryPoint","urlTemplate":"https:\/\/www.padreeustaquio.com.br\/?s={search_term_string}"},"query-input":{"@type":"PropertyValueSpecification","valueRequired":true,"valueName":"search_term_string"}}],"inLanguage":"es"},{"@type":"Organization","@id":"https:\/\/www.padreeustaquio.com.br\/#organization","name":"Padre Eustace","url":"https:\/\/www.padreeustaquio.com.br\/","logo":{"@type":"ImageObject","inLanguage":"es","@id":"https:\/\/www.padreeustaquio.com.br\/#\/schema\/logo\/image\/","url":"https:\/\/www.padreeustaquio.com.br\/wp-content\/uploads\/2019\/08\/marca.png","contentUrl":"https:\/\/www.padreeustaquio.com.br\/wp-content\/uploads\/2019\/08\/marca.png","width":350,"height":400,"caption":"Padre Eust\u00e1quio"},"image":{"@id":"https:\/\/www.padreeustaquio.com.br\/#\/schema\/logo\/image\/"},"sameAs":["https:\/\/www.facebook.com\/beatopadreeustaquio\/","https:\/\/x.com\/beatopeustaquio","https:\/\/www.instagram.com\/beatopadreeustaquio\/","https:\/\/www.youtube.com\/channel\/UCRhw7vfabnajwLxb1ZXMeIw"]},{"@type":"Person","@id":"https:\/\/www.padreeustaquio.com.br\/#\/schema\/person\/a2a51db1d00f1a7af0204a0f1ddb1566","name":"@sscc","image":{"@type":"ImageObject","inLanguage":"es","@id":"https:\/\/secure.gravatar.com\/avatar\/68cfafa5f44617fea54071e215026e0ff06be366c3d54a8425f04fdcb86f8c5f?s=96&d=mm&r=g","url":"https:\/\/secure.gravatar.com\/avatar\/68cfafa5f44617fea54071e215026e0ff06be366c3d54a8425f04fdcb86f8c5f?s=96&d=mm&r=g","contentUrl":"https:\/\/secure.gravatar.com\/avatar\/68cfafa5f44617fea54071e215026e0ff06be366c3d54a8425f04fdcb86f8c5f?s=96&d=mm&r=g","caption":"@sscc"},"url":"https:\/\/www.padreeustaquio.com.br\/es\/author\/sscc\/"}]}},"_links":{"self":[{"href":"https:\/\/www.padreeustaquio.com.br\/es\/wp-json\/wp\/v2\/posts\/11733","targetHints":{"allow":["GET"]}}],"collection":[{"href":"https:\/\/www.padreeustaquio.com.br\/es\/wp-json\/wp\/v2\/posts"}],"about":[{"href":"https:\/\/www.padreeustaquio.com.br\/es\/wp-json\/wp\/v2\/types\/post"}],"author":[{"embeddable":true,"href":"https:\/\/www.padreeustaquio.com.br\/es\/wp-json\/wp\/v2\/users\/2"}],"replies":[{"embeddable":true,"href":"https:\/\/www.padreeustaquio.com.br\/es\/wp-json\/wp\/v2\/comments?post=11733"}],"version-history":[{"count":0,"href":"https:\/\/www.padreeustaquio.com.br\/es\/wp-json\/wp\/v2\/posts\/11733\/revisions"}],"wp:featuredmedia":[{"embeddable":true,"href":"https:\/\/www.padreeustaquio.com.br\/es\/wp-json\/wp\/v2\/media\/11734"}],"wp:attachment":[{"href":"https:\/\/www.padreeustaquio.com.br\/es\/wp-json\/wp\/v2\/media?parent=11733"}],"wp:term":[{"taxonomy":"category","embeddable":true,"href":"https:\/\/www.padreeustaquio.com.br\/es\/wp-json\/wp\/v2\/categories?post=11733"},{"taxonomy":"post_tag","embeddable":true,"href":"https:\/\/www.padreeustaquio.com.br\/es\/wp-json\/wp\/v2\/tags?post=11733"}],"curies":[{"name":"wp","href":"https:\/\/api.w.org\/{rel}","templated":true}]}}