{"id":11721,"date":"2024-11-07T18:37:43","date_gmt":"2024-11-07T21:37:43","guid":{"rendered":"https:\/\/www.padreeustaquio.com.br\/?p=11721"},"modified":"2024-11-07T18:37:43","modified_gmt":"2024-11-07T21:37:43","slug":"retiro-de-espiritualidad-dirigido-por-el-padre-eustaquio-realizado-en-patrocinio-mg","status":"publish","type":"post","link":"https:\/\/www.padreeustaquio.com.br\/es\/retiro-de-espiritualidad-dirigido-por-el-padre-eustaquio-realizado-en-patrocinio-mg\/","title":{"rendered":"Se realiza retiro de espiritualidad del Padre Eust\u00e1quio en Patroc\u00ednio\/MG"},"content":{"rendered":"<p>El pasado domingo 3 de noviembre, d\u00eda en que celebramos el cumplea\u00f1os del Beato Padre Eustaquio, devotos de Patroc\u00ednio\/MG participaron en una ma\u00f1ana especial de estudios sobre la espiritualidad del Beato. El evento tuvo lugar en la finca Recanto do Lago de Dona Garcia, reuniendo a fieles y devotos para un retiro profundo y reflexivo. El Padre \u00c9lcio, ss.cc., fue el encargado de dirigir el curso, ofreciendo momentos de aprendizaje, soledad y adoraci\u00f3n al Sant\u00edsimo Sacramento.<\/p>\n<p>El programa del retiro fue cuidadosamente estructurado para permitir a los participantes una experiencia completa de la espiritualidad del Padre Eust\u00e1quio, una figura reconocida por su dedicaci\u00f3n a la oraci\u00f3n y al cuidado de los enfermos.<\/p>\n<p>Durante la reuni\u00f3n, el Padre \u00c9lcio dirigi\u00f3 sesiones de estudio, explorando aspectos fundamentales de la vida y el legado del Beato. Adem\u00e1s, el retiro brind\u00f3 una oportunidad para la reflexi\u00f3n personal, un tiempo en el que cada participante pudo meditar y conectar m\u00e1s profundamente con las ense\u00f1anzas del Beato.<\/p>\n\n\t\t<style type=\"text\/css\">\n\t\t\t#gallery-1 {\n\t\t\t\tmargin: auto;\n\t\t\t}\n\t\t\t#gallery-1 .gallery-item {\n\t\t\t\tfloat: left;\n\t\t\t\tmargin-top: 10px;\n\t\t\t\ttext-align: center;\n\t\t\t\twidth: 33%;\n\t\t\t}\n\t\t\t#gallery-1 img {\n\t\t\t\tborder: 2px solid #cfcfcf;\n\t\t\t}\n\t\t\t#gallery-1 .gallery-caption {\n\t\t\t\tmargin-left: 0;\n\t\t\t}\n\t\t\t\/* see gallery_shortcode() in wp-includes\/media.php *\/\n\t\t<\/style>\n\t\t<div id='gallery-1' class='gallery galleryid-11721 gallery-columns-3 gallery-size-thumbnail'><dl class='gallery-item'>\n\t\t\t<dt class='gallery-icon landscape'>\n\t\t\t\t<a href='https:\/\/www.padreeustaquio.com.br\/es\/retiro-de-espiritualidad-dirigido-por-el-padre-eustaquio-realizado-en-patrocinio-mg\/retiro-patrocinio-pe-8\/'><img decoding=\"async\" width=\"150\" height=\"150\" src=\"https:\/\/www.padreeustaquio.com.br\/wp-content\/uploads\/2024\/11\/retiro-patrocinio-pe-8-150x150.jpeg\" class=\"attachment-thumbnail size-thumbnail\" alt=\"\" srcset=\"https:\/\/www.padreeustaquio.com.br\/wp-content\/uploads\/2024\/11\/retiro-patrocinio-pe-8-150x150.jpeg 150w, https:\/\/www.padreeustaquio.com.br\/wp-content\/uploads\/2024\/11\/retiro-patrocinio-pe-8-75x75.jpeg 75w, https:\/\/www.padreeustaquio.com.br\/wp-content\/uploads\/2024\/11\/retiro-patrocinio-pe-8-180x180.jpeg 180w, https:\/\/www.padreeustaquio.com.br\/wp-content\/uploads\/2024\/11\/retiro-patrocinio-pe-8-400x400.jpeg 400w, https:\/\/www.padreeustaquio.com.br\/wp-content\/uploads\/2024\/11\/retiro-patrocinio-pe-8-600x600.jpeg 600w\" sizes=\"(max-width: 150px) 100vw, 150px\" \/><\/a>\n\t\t\t<\/dt><\/dl><dl class='gallery-item'>\n\t\t\t<dt class='gallery-icon landscape'>\n\t\t\t\t<a href='https:\/\/www.padreeustaquio.com.br\/es\/retiro-de-espiritualidad-dirigido-por-el-padre-eustaquio-realizado-en-patrocinio-mg\/retiro-patrocinio-pe-2\/'><img decoding=\"async\" width=\"150\" height=\"150\" src=\"https:\/\/www.padreeustaquio.com.br\/wp-content\/uploads\/2024\/11\/retiro-patrocinio-pe-2-150x150.jpeg\" class=\"attachment-thumbnail size-thumbnail\" alt=\"\" srcset=\"https:\/\/www.padreeustaquio.com.br\/wp-content\/uploads\/2024\/11\/retiro-patrocinio-pe-2-150x150.jpeg 150w, https:\/\/www.padreeustaquio.com.br\/wp-content\/uploads\/2024\/11\/retiro-patrocinio-pe-2-75x75.jpeg 75w, https:\/\/www.padreeustaquio.com.br\/wp-content\/uploads\/2024\/11\/retiro-patrocinio-pe-2-180x180.jpeg 180w, https:\/\/www.padreeustaquio.com.br\/wp-content\/uploads\/2024\/11\/retiro-patrocinio-pe-2-400x400.jpeg 400w, https:\/\/www.padreeustaquio.com.br\/wp-content\/uploads\/2024\/11\/retiro-patrocinio-pe-2-600x600.jpeg 600w\" sizes=\"(max-width: 150px) 100vw, 150px\" \/><\/a>\n\t\t\t<\/dt><\/dl><dl class='gallery-item'>\n\t\t\t<dt class='gallery-icon landscape'>\n\t\t\t\t<a href='https:\/\/www.padreeustaquio.com.br\/es\/retiro-de-espiritualidad-dirigido-por-el-padre-eustaquio-realizado-en-patrocinio-mg\/retiro-patrocinio-pe-5\/'><img decoding=\"async\" width=\"150\" height=\"150\" src=\"https:\/\/www.padreeustaquio.com.br\/wp-content\/uploads\/2024\/11\/retiro-patrocinio-pe-5-150x150.jpeg\" class=\"attachment-thumbnail size-thumbnail\" alt=\"\" srcset=\"https:\/\/www.padreeustaquio.com.br\/wp-content\/uploads\/2024\/11\/retiro-patrocinio-pe-5-150x150.jpeg 150w, https:\/\/www.padreeustaquio.com.br\/wp-content\/uploads\/2024\/11\/retiro-patrocinio-pe-5-75x75.jpeg 75w, https:\/\/www.padreeustaquio.com.br\/wp-content\/uploads\/2024\/11\/retiro-patrocinio-pe-5-180x180.jpeg 180w, https:\/\/www.padreeustaquio.com.br\/wp-content\/uploads\/2024\/11\/retiro-patrocinio-pe-5-400x400.jpeg 400w, https:\/\/www.padreeustaquio.com.br\/wp-content\/uploads\/2024\/11\/retiro-patrocinio-pe-5-600x600.jpeg 600w\" sizes=\"(max-width: 150px) 100vw, 150px\" \/><\/a>\n\t\t\t<\/dt><\/dl><br style=\"clear: both\" \/><dl class='gallery-item'>\n\t\t\t<dt class='gallery-icon landscape'>\n\t\t\t\t<a href='https:\/\/www.padreeustaquio.com.br\/es\/retiro-de-espiritualidad-dirigido-por-el-padre-eustaquio-realizado-en-patrocinio-mg\/retiro-patrocinio-pe-7\/'><img loading=\"lazy\" decoding=\"async\" width=\"150\" height=\"150\" src=\"https:\/\/www.padreeustaquio.com.br\/wp-content\/uploads\/2024\/11\/retiro-patrocinio-pe-7-150x150.jpeg\" class=\"attachment-thumbnail size-thumbnail\" alt=\"\" srcset=\"https:\/\/www.padreeustaquio.com.br\/wp-content\/uploads\/2024\/11\/retiro-patrocinio-pe-7-150x150.jpeg 150w, https:\/\/www.padreeustaquio.com.br\/wp-content\/uploads\/2024\/11\/retiro-patrocinio-pe-7-75x75.jpeg 75w, https:\/\/www.padreeustaquio.com.br\/wp-content\/uploads\/2024\/11\/retiro-patrocinio-pe-7-180x180.jpeg 180w, https:\/\/www.padreeustaquio.com.br\/wp-content\/uploads\/2024\/11\/retiro-patrocinio-pe-7-400x400.jpeg 400w, https:\/\/www.padreeustaquio.com.br\/wp-content\/uploads\/2024\/11\/retiro-patrocinio-pe-7-600x600.jpeg 600w\" sizes=\"(max-width: 150px) 100vw, 150px\" \/><\/a>\n\t\t\t<\/dt><\/dl><dl class='gallery-item'>\n\t\t\t<dt class='gallery-icon landscape'>\n\t\t\t\t<a href='https:\/\/www.padreeustaquio.com.br\/es\/retiro-de-espiritualidad-dirigido-por-el-padre-eustaquio-realizado-en-patrocinio-mg\/retiro-patrocinio-pe-3\/'><img loading=\"lazy\" decoding=\"async\" width=\"150\" height=\"150\" src=\"https:\/\/www.padreeustaquio.com.br\/wp-content\/uploads\/2024\/11\/retiro-patrocinio-pe-3-150x150.jpeg\" class=\"attachment-thumbnail size-thumbnail\" alt=\"\" srcset=\"https:\/\/www.padreeustaquio.com.br\/wp-content\/uploads\/2024\/11\/retiro-patrocinio-pe-3-150x150.jpeg 150w, https:\/\/www.padreeustaquio.com.br\/wp-content\/uploads\/2024\/11\/retiro-patrocinio-pe-3-75x75.jpeg 75w, https:\/\/www.padreeustaquio.com.br\/wp-content\/uploads\/2024\/11\/retiro-patrocinio-pe-3-180x180.jpeg 180w, https:\/\/www.padreeustaquio.com.br\/wp-content\/uploads\/2024\/11\/retiro-patrocinio-pe-3-400x400.jpeg 400w, https:\/\/www.padreeustaquio.com.br\/wp-content\/uploads\/2024\/11\/retiro-patrocinio-pe-3-600x600.jpeg 600w\" sizes=\"(max-width: 150px) 100vw, 150px\" \/><\/a>\n\t\t\t<\/dt><\/dl><dl class='gallery-item'>\n\t\t\t<dt class='gallery-icon landscape'>\n\t\t\t\t<a href='https:\/\/www.padreeustaquio.com.br\/es\/retiro-de-espiritualidad-dirigido-por-el-padre-eustaquio-realizado-en-patrocinio-mg\/retiro-patrocinio-pe-4\/'><img loading=\"lazy\" decoding=\"async\" width=\"150\" height=\"150\" src=\"https:\/\/www.padreeustaquio.com.br\/wp-content\/uploads\/2024\/11\/retiro-patrocinio-pe-4-150x150.jpeg\" class=\"attachment-thumbnail size-thumbnail\" alt=\"\" srcset=\"https:\/\/www.padreeustaquio.com.br\/wp-content\/uploads\/2024\/11\/retiro-patrocinio-pe-4-150x150.jpeg 150w, https:\/\/www.padreeustaquio.com.br\/wp-content\/uploads\/2024\/11\/retiro-patrocinio-pe-4-75x75.jpeg 75w, https:\/\/www.padreeustaquio.com.br\/wp-content\/uploads\/2024\/11\/retiro-patrocinio-pe-4-180x180.jpeg 180w, https:\/\/www.padreeustaquio.com.br\/wp-content\/uploads\/2024\/11\/retiro-patrocinio-pe-4-400x400.jpeg 400w, https:\/\/www.padreeustaquio.com.br\/wp-content\/uploads\/2024\/11\/retiro-patrocinio-pe-4-600x600.jpeg 600w\" sizes=\"(max-width: 150px) 100vw, 150px\" \/><\/a>\n\t\t\t<\/dt><\/dl><br style=\"clear: both\" \/><dl class='gallery-item'>\n\t\t\t<dt class='gallery-icon landscape'>\n\t\t\t\t<a href='https:\/\/www.padreeustaquio.com.br\/es\/retiro-de-espiritualidad-dirigido-por-el-padre-eustaquio-realizado-en-patrocinio-mg\/retiro-patrocinio-pe-1\/'><img loading=\"lazy\" decoding=\"async\" width=\"150\" height=\"150\" src=\"https:\/\/www.padreeustaquio.com.br\/wp-content\/uploads\/2024\/11\/retiro-patrocinio-pe-1-150x150.jpeg\" class=\"attachment-thumbnail size-thumbnail\" alt=\"\" srcset=\"https:\/\/www.padreeustaquio.com.br\/wp-content\/uploads\/2024\/11\/retiro-patrocinio-pe-1-150x150.jpeg 150w, https:\/\/www.padreeustaquio.com.br\/wp-content\/uploads\/2024\/11\/retiro-patrocinio-pe-1-75x75.jpeg 75w, https:\/\/www.padreeustaquio.com.br\/wp-content\/uploads\/2024\/11\/retiro-patrocinio-pe-1-180x180.jpeg 180w, https:\/\/www.padreeustaquio.com.br\/wp-content\/uploads\/2024\/11\/retiro-patrocinio-pe-1-400x400.jpeg 400w, https:\/\/www.padreeustaquio.com.br\/wp-content\/uploads\/2024\/11\/retiro-patrocinio-pe-1-600x600.jpeg 600w\" sizes=\"(max-width: 150px) 100vw, 150px\" \/><\/a>\n\t\t\t<\/dt><\/dl><dl class='gallery-item'>\n\t\t\t<dt class='gallery-icon landscape'>\n\t\t\t\t<a href='https:\/\/www.padreeustaquio.com.br\/es\/retiro-de-espiritualidad-dirigido-por-el-padre-eustaquio-realizado-en-patrocinio-mg\/retiro-patrocinio-pe-6\/'><img loading=\"lazy\" decoding=\"async\" width=\"150\" height=\"150\" src=\"https:\/\/www.padreeustaquio.com.br\/wp-content\/uploads\/2024\/11\/retiro-patrocinio-pe-6-150x150.jpeg\" class=\"attachment-thumbnail size-thumbnail\" alt=\"\" srcset=\"https:\/\/www.padreeustaquio.com.br\/wp-content\/uploads\/2024\/11\/retiro-patrocinio-pe-6-150x150.jpeg 150w, https:\/\/www.padreeustaquio.com.br\/wp-content\/uploads\/2024\/11\/retiro-patrocinio-pe-6-75x75.jpeg 75w, https:\/\/www.padreeustaquio.com.br\/wp-content\/uploads\/2024\/11\/retiro-patrocinio-pe-6-180x180.jpeg 180w, https:\/\/www.padreeustaquio.com.br\/wp-content\/uploads\/2024\/11\/retiro-patrocinio-pe-6-400x400.jpeg 400w, https:\/\/www.padreeustaquio.com.br\/wp-content\/uploads\/2024\/11\/retiro-patrocinio-pe-6-600x600.jpeg 600w\" sizes=\"(max-width: 150px) 100vw, 150px\" \/><\/a>\n\t\t\t<\/dt><\/dl><dl class='gallery-item'>\n\t\t\t<dt class='gallery-icon landscape'>\n\t\t\t\t<a href='https:\/\/www.padreeustaquio.com.br\/es\/retiro-de-espiritualidad-dirigido-por-el-padre-eustaquio-realizado-en-patrocinio-mg\/retiro-patrocinio-pe-9\/'><img loading=\"lazy\" decoding=\"async\" width=\"150\" height=\"150\" src=\"https:\/\/www.padreeustaquio.com.br\/wp-content\/uploads\/2024\/11\/retiro-patrocinio-pe-9-150x150.jpeg\" class=\"attachment-thumbnail size-thumbnail\" alt=\"\" srcset=\"https:\/\/www.padreeustaquio.com.br\/wp-content\/uploads\/2024\/11\/retiro-patrocinio-pe-9-150x150.jpeg 150w, https:\/\/www.padreeustaquio.com.br\/wp-content\/uploads\/2024\/11\/retiro-patrocinio-pe-9-75x75.jpeg 75w, https:\/\/www.padreeustaquio.com.br\/wp-content\/uploads\/2024\/11\/retiro-patrocinio-pe-9-180x180.jpeg 180w, https:\/\/www.padreeustaquio.com.br\/wp-content\/uploads\/2024\/11\/retiro-patrocinio-pe-9-400x400.jpeg 400w, https:\/\/www.padreeustaquio.com.br\/wp-content\/uploads\/2024\/11\/retiro-patrocinio-pe-9-600x600.jpeg 600w\" sizes=\"(max-width: 150px) 100vw, 150px\" \/><\/a>\n\t\t\t<\/dt><\/dl><br style=\"clear: both\" \/>\n\t\t<\/div>\n\n<p>&nbsp;<\/p>","protected":false},"excerpt":{"rendered":"<p>No \u00faltimo domingo, 3 de novembro, dia que celebramos o anivers\u00e1rio natal\u00edcio do Beato Padre Eust\u00e1quio, os devotos de Patroc\u00ednio\/MG, participaram de uma manh\u00e3 especial de estudos sobre a espiritualidade do Bem-aventurado. O evento aconteceu na ch\u00e1cara Recanto do Lago da Dona Garcia, reunindo fi\u00e9is e devotos para um retiro profundo e reflexivo. Padre \u00c9lcio, ss.cc., foi o respons\u00e1vel por ministrar o curso, proporcionando momentos de aprendizado, deserto e adora\u00e7\u00e3o ao Sant\u00edssimo Sacramento. A programa\u00e7\u00e3o do retiro foi cuidadosamente estruturada para permitir aos participantes uma experi\u00eancia completa da espiritualidade de Padre Eust\u00e1quio, figura reconhecida por sua dedica\u00e7\u00e3o a ora\u00e7\u00e3o e [&hellip;]<\/p>\n","protected":false},"author":2,"featured_media":11722,"comment_status":"open","ping_status":"closed","sticky":false,"template":"","format":"standard","meta":{"_acf_changed":false,"footnotes":""},"categories":[611],"tags":[],"class_list":["post-11721","post","type-post","status-publish","format-standard","has-post-thumbnail","hentry","category-noticias"],"acf":[],"yoast_head":"<!-- This site is optimized with the Yoast SEO plugin v27.2 - https:\/\/yoast.com\/product\/yoast-seo-wordpress\/ -->\n<title>Retiro sobre Espiritualidade do Padre Eust\u00e1quio \u00e9 realizado em Patroc\u00ednio\/MG<\/title>\n<meta name=\"description\" content=\"No \u00faltimo domingo, 3 de novembro, dia que celebramos o anivers\u00e1rio natal\u00edcio do Beato Padre Eust\u00e1quio, os devotos de Patroc\u00ednio\/MG, participaram de uma manh\u00e3 especial de estudos sobre a espiritualidade do Bem-aventurado.\" \/>\n<meta name=\"robots\" content=\"index, follow, max-snippet:-1, max-image-preview:large, max-video-preview:-1\" \/>\n<link rel=\"canonical\" href=\"https:\/\/www.padreeustaquio.com.br\/es\/retiro-de-espiritualidad-dirigido-por-el-padre-eustaquio-realizado-en-patrocinio-mg\/\" \/>\n<meta property=\"og:locale\" content=\"es_ES\" \/>\n<meta property=\"og:type\" content=\"article\" \/>\n<meta property=\"og:title\" content=\"Retiro sobre Espiritualidade do Padre Eust\u00e1quio \u00e9 realizado em Patroc\u00ednio\/MG\" \/>\n<meta property=\"og:description\" content=\"No \u00faltimo domingo, 3 de novembro, dia que celebramos o anivers\u00e1rio natal\u00edcio do Beato Padre Eust\u00e1quio, os devotos de Patroc\u00ednio\/MG, participaram de uma manh\u00e3 especial de estudos sobre a espiritualidade do Bem-aventurado.\" \/>\n<meta property=\"og:url\" content=\"https:\/\/www.padreeustaquio.com.br\/es\/retiro-de-espiritualidad-dirigido-por-el-padre-eustaquio-realizado-en-patrocinio-mg\/\" \/>\n<meta property=\"og:site_name\" content=\"Padre Eust\u00e1quio\" \/>\n<meta property=\"article:publisher\" content=\"https:\/\/www.facebook.com\/beatopadreeustaquio\/\" \/>\n<meta property=\"article:published_time\" content=\"2024-11-07T21:37:43+00:00\" \/>\n<meta property=\"og:image\" content=\"https:\/\/www.padreeustaquio.com.br\/wp-content\/uploads\/2024\/11\/retiro-patrocinio-pe-1.jpeg\" \/>\n\t<meta property=\"og:image:width\" content=\"1080\" \/>\n\t<meta property=\"og:image:height\" content=\"1009\" \/>\n\t<meta property=\"og:image:type\" content=\"image\/jpeg\" \/>\n<meta name=\"author\" content=\"@sscc\" \/>\n<meta name=\"twitter:card\" content=\"summary_large_image\" \/>\n<meta name=\"twitter:creator\" content=\"@beatopeustaquio\" \/>\n<meta name=\"twitter:site\" content=\"@beatopeustaquio\" \/>\n<meta name=\"twitter:label1\" content=\"Escrito por\" \/>\n\t<meta name=\"twitter:data1\" content=\"@sscc\" \/>\n\t<meta name=\"twitter:label2\" content=\"Tiempo de lectura\" \/>\n\t<meta name=\"twitter:data2\" content=\"2 minutos\" \/>\n<script type=\"application\/ld+json\" class=\"yoast-schema-graph\">{\"@context\":\"https:\/\/schema.org\",\"@graph\":[{\"@type\":\"Article\",\"@id\":\"https:\/\/www.padreeustaquio.com.br\/retiro-sobre-espiritualidade-do-padre-eustaquio-e-realizado-em-patrocinio-mg\/#article\",\"isPartOf\":{\"@id\":\"https:\/\/www.padreeustaquio.com.br\/retiro-sobre-espiritualidade-do-padre-eustaquio-e-realizado-em-patrocinio-mg\/\"},\"author\":{\"name\":\"@sscc\",\"@id\":\"https:\/\/www.padreeustaquio.com.br\/#\/schema\/person\/a2a51db1d00f1a7af0204a0f1ddb1566\"},\"headline\":\"Retiro sobre Espiritualidade do Padre Eust\u00e1quio \u00e9 realizado em Patroc\u00ednio\/MG\",\"datePublished\":\"2024-11-07T21:37:43+00:00\",\"mainEntityOfPage\":{\"@id\":\"https:\/\/www.padreeustaquio.com.br\/retiro-sobre-espiritualidade-do-padre-eustaquio-e-realizado-em-patrocinio-mg\/\"},\"wordCount\":193,\"commentCount\":0,\"publisher\":{\"@id\":\"https:\/\/www.padreeustaquio.com.br\/#organization\"},\"image\":{\"@id\":\"https:\/\/www.padreeustaquio.com.br\/retiro-sobre-espiritualidade-do-padre-eustaquio-e-realizado-em-patrocinio-mg\/#primaryimage\"},\"thumbnailUrl\":\"https:\/\/www.padreeustaquio.com.br\/wp-content\/uploads\/2024\/11\/retiro-patrocinio-pe-1.jpeg\",\"articleSection\":[\"Not\u00edcias\"],\"inLanguage\":\"es\",\"potentialAction\":[{\"@type\":\"CommentAction\",\"name\":\"Comment\",\"target\":[\"https:\/\/www.padreeustaquio.com.br\/retiro-sobre-espiritualidade-do-padre-eustaquio-e-realizado-em-patrocinio-mg\/#respond\"]}]},{\"@type\":\"WebPage\",\"@id\":\"https:\/\/www.padreeustaquio.com.br\/retiro-sobre-espiritualidade-do-padre-eustaquio-e-realizado-em-patrocinio-mg\/\",\"url\":\"https:\/\/www.padreeustaquio.com.br\/retiro-sobre-espiritualidade-do-padre-eustaquio-e-realizado-em-patrocinio-mg\/\",\"name\":\"Retiro sobre Espiritualidade do Padre Eust\u00e1quio \u00e9 realizado em Patroc\u00ednio\/MG\",\"isPartOf\":{\"@id\":\"https:\/\/www.padreeustaquio.com.br\/#website\"},\"primaryImageOfPage\":{\"@id\":\"https:\/\/www.padreeustaquio.com.br\/retiro-sobre-espiritualidade-do-padre-eustaquio-e-realizado-em-patrocinio-mg\/#primaryimage\"},\"image\":{\"@id\":\"https:\/\/www.padreeustaquio.com.br\/retiro-sobre-espiritualidade-do-padre-eustaquio-e-realizado-em-patrocinio-mg\/#primaryimage\"},\"thumbnailUrl\":\"https:\/\/www.padreeustaquio.com.br\/wp-content\/uploads\/2024\/11\/retiro-patrocinio-pe-1.jpeg\",\"datePublished\":\"2024-11-07T21:37:43+00:00\",\"description\":\"No \u00faltimo domingo, 3 de novembro, dia que celebramos o anivers\u00e1rio natal\u00edcio do Beato Padre Eust\u00e1quio, os devotos de Patroc\u00ednio\/MG, participaram de uma manh\u00e3 especial de estudos sobre a espiritualidade do Bem-aventurado.\",\"breadcrumb\":{\"@id\":\"https:\/\/www.padreeustaquio.com.br\/retiro-sobre-espiritualidade-do-padre-eustaquio-e-realizado-em-patrocinio-mg\/#breadcrumb\"},\"inLanguage\":\"es\",\"potentialAction\":[{\"@type\":\"ReadAction\",\"target\":[\"https:\/\/www.padreeustaquio.com.br\/retiro-sobre-espiritualidade-do-padre-eustaquio-e-realizado-em-patrocinio-mg\/\"]}]},{\"@type\":\"ImageObject\",\"inLanguage\":\"es\",\"@id\":\"https:\/\/www.padreeustaquio.com.br\/retiro-sobre-espiritualidade-do-padre-eustaquio-e-realizado-em-patrocinio-mg\/#primaryimage\",\"url\":\"https:\/\/www.padreeustaquio.com.br\/wp-content\/uploads\/2024\/11\/retiro-patrocinio-pe-1.jpeg\",\"contentUrl\":\"https:\/\/www.padreeustaquio.com.br\/wp-content\/uploads\/2024\/11\/retiro-patrocinio-pe-1.jpeg\",\"width\":1080,\"height\":1009},{\"@type\":\"BreadcrumbList\",\"@id\":\"https:\/\/www.padreeustaquio.com.br\/retiro-sobre-espiritualidade-do-padre-eustaquio-e-realizado-em-patrocinio-mg\/#breadcrumb\",\"itemListElement\":[{\"@type\":\"ListItem\",\"position\":1,\"name\":\"In\u00edcio\",\"item\":\"https:\/\/www.padreeustaquio.com.br\/\"},{\"@type\":\"ListItem\",\"position\":2,\"name\":\"Retiro sobre Espiritualidade do Padre Eust\u00e1quio \u00e9 realizado em Patroc\u00ednio\/MG\"}]},{\"@type\":\"WebSite\",\"@id\":\"https:\/\/www.padreeustaquio.com.br\/#website\",\"url\":\"https:\/\/www.padreeustaquio.com.br\/\",\"name\":\"Padre Eust\u00e1quio\",\"description\":\"Sa\u00fade e Paz\",\"publisher\":{\"@id\":\"https:\/\/www.padreeustaquio.com.br\/#organization\"},\"potentialAction\":[{\"@type\":\"SearchAction\",\"target\":{\"@type\":\"EntryPoint\",\"urlTemplate\":\"https:\/\/www.padreeustaquio.com.br\/?s={search_term_string}\"},\"query-input\":{\"@type\":\"PropertyValueSpecification\",\"valueRequired\":true,\"valueName\":\"search_term_string\"}}],\"inLanguage\":\"es\"},{\"@type\":\"Organization\",\"@id\":\"https:\/\/www.padreeustaquio.com.br\/#organization\",\"name\":\"Padre Eust\u00e1quio\",\"url\":\"https:\/\/www.padreeustaquio.com.br\/\",\"logo\":{\"@type\":\"ImageObject\",\"inLanguage\":\"es\",\"@id\":\"https:\/\/www.padreeustaquio.com.br\/#\/schema\/logo\/image\/\",\"url\":\"https:\/\/www.padreeustaquio.com.br\/wp-content\/uploads\/2019\/08\/marca.png\",\"contentUrl\":\"https:\/\/www.padreeustaquio.com.br\/wp-content\/uploads\/2019\/08\/marca.png\",\"width\":350,\"height\":400,\"caption\":\"Padre Eust\u00e1quio\"},\"image\":{\"@id\":\"https:\/\/www.padreeustaquio.com.br\/#\/schema\/logo\/image\/\"},\"sameAs\":[\"https:\/\/www.facebook.com\/beatopadreeustaquio\/\",\"https:\/\/x.com\/beatopeustaquio\",\"https:\/\/www.instagram.com\/beatopadreeustaquio\/\",\"https:\/\/www.youtube.com\/channel\/UCRhw7vfabnajwLxb1ZXMeIw\"]},{\"@type\":\"Person\",\"@id\":\"https:\/\/www.padreeustaquio.com.br\/#\/schema\/person\/a2a51db1d00f1a7af0204a0f1ddb1566\",\"name\":\"@sscc\",\"image\":{\"@type\":\"ImageObject\",\"inLanguage\":\"es\",\"@id\":\"https:\/\/secure.gravatar.com\/avatar\/68cfafa5f44617fea54071e215026e0ff06be366c3d54a8425f04fdcb86f8c5f?s=96&d=mm&r=g\",\"url\":\"https:\/\/secure.gravatar.com\/avatar\/68cfafa5f44617fea54071e215026e0ff06be366c3d54a8425f04fdcb86f8c5f?s=96&d=mm&r=g\",\"contentUrl\":\"https:\/\/secure.gravatar.com\/avatar\/68cfafa5f44617fea54071e215026e0ff06be366c3d54a8425f04fdcb86f8c5f?s=96&d=mm&r=g\",\"caption\":\"@sscc\"},\"url\":\"https:\/\/www.padreeustaquio.com.br\/es\/author\/sscc\/\"}]}<\/script>\n<!-- \/ Yoast SEO plugin. -->","yoast_head_json":{"title":"Se realiza retiro de espiritualidad del Padre Eust\u00e1quio en Patroc\u00ednio\/MG","description":"El pasado domingo, 3 de noviembre, d\u00eda en que conmemoramos el cumplea\u00f1os del Beato Padre Eustaquio, devotos de Patroc\u00ednio\/MG participaron de una ma\u00f1ana especial de estudios sobre la espiritualidad del Beato.","robots":{"index":"index","follow":"follow","max-snippet":"max-snippet:-1","max-image-preview":"max-image-preview:large","max-video-preview":"max-video-preview:-1"},"canonical":"https:\/\/www.padreeustaquio.com.br\/es\/retiro-de-espiritualidad-dirigido-por-el-padre-eustaquio-realizado-en-patrocinio-mg\/","og_locale":"es_ES","og_type":"article","og_title":"Retiro sobre Espiritualidade do Padre Eust\u00e1quio \u00e9 realizado em Patroc\u00ednio\/MG","og_description":"No \u00faltimo domingo, 3 de novembro, dia que celebramos o anivers\u00e1rio natal\u00edcio do Beato Padre Eust\u00e1quio, os devotos de Patroc\u00ednio\/MG, participaram de uma manh\u00e3 especial de estudos sobre a espiritualidade do Bem-aventurado.","og_url":"https:\/\/www.padreeustaquio.com.br\/es\/retiro-de-espiritualidad-dirigido-por-el-padre-eustaquio-realizado-en-patrocinio-mg\/","og_site_name":"Padre Eust\u00e1quio","article_publisher":"https:\/\/www.facebook.com\/beatopadreeustaquio\/","article_published_time":"2024-11-07T21:37:43+00:00","og_image":[{"width":1080,"height":1009,"url":"https:\/\/www.padreeustaquio.com.br\/wp-content\/uploads\/2024\/11\/retiro-patrocinio-pe-1.jpeg","type":"image\/jpeg"}],"author":"@sscc","twitter_card":"summary_large_image","twitter_creator":"@beatopeustaquio","twitter_site":"@beatopeustaquio","twitter_misc":{"Escrito por":"@sscc","Tiempo de lectura":"2 minutos"},"schema":{"@context":"https:\/\/schema.org","@graph":[{"@type":"Article","@id":"https:\/\/www.padreeustaquio.com.br\/retiro-sobre-espiritualidade-do-padre-eustaquio-e-realizado-em-patrocinio-mg\/#article","isPartOf":{"@id":"https:\/\/www.padreeustaquio.com.br\/retiro-sobre-espiritualidade-do-padre-eustaquio-e-realizado-em-patrocinio-mg\/"},"author":{"name":"@sscc","@id":"https:\/\/www.padreeustaquio.com.br\/#\/schema\/person\/a2a51db1d00f1a7af0204a0f1ddb1566"},"headline":"Retiro sobre Espiritualidade do Padre Eust\u00e1quio \u00e9 realizado em Patroc\u00ednio\/MG","datePublished":"2024-11-07T21:37:43+00:00","mainEntityOfPage":{"@id":"https:\/\/www.padreeustaquio.com.br\/retiro-sobre-espiritualidade-do-padre-eustaquio-e-realizado-em-patrocinio-mg\/"},"wordCount":193,"commentCount":0,"publisher":{"@id":"https:\/\/www.padreeustaquio.com.br\/#organization"},"image":{"@id":"https:\/\/www.padreeustaquio.com.br\/retiro-sobre-espiritualidade-do-padre-eustaquio-e-realizado-em-patrocinio-mg\/#primaryimage"},"thumbnailUrl":"https:\/\/www.padreeustaquio.com.br\/wp-content\/uploads\/2024\/11\/retiro-patrocinio-pe-1.jpeg","articleSection":["Not\u00edcias"],"inLanguage":"es","potentialAction":[{"@type":"CommentAction","name":"Comment","target":["https:\/\/www.padreeustaquio.com.br\/retiro-sobre-espiritualidade-do-padre-eustaquio-e-realizado-em-patrocinio-mg\/#respond"]}]},{"@type":"WebPage","@id":"https:\/\/www.padreeustaquio.com.br\/retiro-sobre-espiritualidade-do-padre-eustaquio-e-realizado-em-patrocinio-mg\/","url":"https:\/\/www.padreeustaquio.com.br\/retiro-sobre-espiritualidade-do-padre-eustaquio-e-realizado-em-patrocinio-mg\/","name":"Se realiza retiro de espiritualidad del Padre Eust\u00e1quio en Patroc\u00ednio\/MG","isPartOf":{"@id":"https:\/\/www.padreeustaquio.com.br\/#website"},"primaryImageOfPage":{"@id":"https:\/\/www.padreeustaquio.com.br\/retiro-sobre-espiritualidade-do-padre-eustaquio-e-realizado-em-patrocinio-mg\/#primaryimage"},"image":{"@id":"https:\/\/www.padreeustaquio.com.br\/retiro-sobre-espiritualidade-do-padre-eustaquio-e-realizado-em-patrocinio-mg\/#primaryimage"},"thumbnailUrl":"https:\/\/www.padreeustaquio.com.br\/wp-content\/uploads\/2024\/11\/retiro-patrocinio-pe-1.jpeg","datePublished":"2024-11-07T21:37:43+00:00","description":"El pasado domingo, 3 de noviembre, d\u00eda en que conmemoramos el cumplea\u00f1os del Beato Padre Eustaquio, devotos de Patroc\u00ednio\/MG participaron de una ma\u00f1ana especial de estudios sobre la espiritualidad del Beato.","breadcrumb":{"@id":"https:\/\/www.padreeustaquio.com.br\/retiro-sobre-espiritualidade-do-padre-eustaquio-e-realizado-em-patrocinio-mg\/#breadcrumb"},"inLanguage":"es","potentialAction":[{"@type":"ReadAction","target":["https:\/\/www.padreeustaquio.com.br\/retiro-sobre-espiritualidade-do-padre-eustaquio-e-realizado-em-patrocinio-mg\/"]}]},{"@type":"ImageObject","inLanguage":"es","@id":"https:\/\/www.padreeustaquio.com.br\/retiro-sobre-espiritualidade-do-padre-eustaquio-e-realizado-em-patrocinio-mg\/#primaryimage","url":"https:\/\/www.padreeustaquio.com.br\/wp-content\/uploads\/2024\/11\/retiro-patrocinio-pe-1.jpeg","contentUrl":"https:\/\/www.padreeustaquio.com.br\/wp-content\/uploads\/2024\/11\/retiro-patrocinio-pe-1.jpeg","width":1080,"height":1009},{"@type":"BreadcrumbList","@id":"https:\/\/www.padreeustaquio.com.br\/retiro-sobre-espiritualidade-do-padre-eustaquio-e-realizado-em-patrocinio-mg\/#breadcrumb","itemListElement":[{"@type":"ListItem","position":1,"name":"In\u00edcio","item":"https:\/\/www.padreeustaquio.com.br\/"},{"@type":"ListItem","position":2,"name":"Retiro sobre Espiritualidade do Padre Eust\u00e1quio \u00e9 realizado em Patroc\u00ednio\/MG"}]},{"@type":"WebSite","@id":"https:\/\/www.padreeustaquio.com.br\/#website","url":"https:\/\/www.padreeustaquio.com.br\/","name":"Padre Eustace","description":"Salud y Paz","publisher":{"@id":"https:\/\/www.padreeustaquio.com.br\/#organization"},"potentialAction":[{"@type":"SearchAction","target":{"@type":"EntryPoint","urlTemplate":"https:\/\/www.padreeustaquio.com.br\/?s={search_term_string}"},"query-input":{"@type":"PropertyValueSpecification","valueRequired":true,"valueName":"search_term_string"}}],"inLanguage":"es"},{"@type":"Organization","@id":"https:\/\/www.padreeustaquio.com.br\/#organization","name":"Padre Eustace","url":"https:\/\/www.padreeustaquio.com.br\/","logo":{"@type":"ImageObject","inLanguage":"es","@id":"https:\/\/www.padreeustaquio.com.br\/#\/schema\/logo\/image\/","url":"https:\/\/www.padreeustaquio.com.br\/wp-content\/uploads\/2019\/08\/marca.png","contentUrl":"https:\/\/www.padreeustaquio.com.br\/wp-content\/uploads\/2019\/08\/marca.png","width":350,"height":400,"caption":"Padre Eust\u00e1quio"},"image":{"@id":"https:\/\/www.padreeustaquio.com.br\/#\/schema\/logo\/image\/"},"sameAs":["https:\/\/www.facebook.com\/beatopadreeustaquio\/","https:\/\/x.com\/beatopeustaquio","https:\/\/www.instagram.com\/beatopadreeustaquio\/","https:\/\/www.youtube.com\/channel\/UCRhw7vfabnajwLxb1ZXMeIw"]},{"@type":"Person","@id":"https:\/\/www.padreeustaquio.com.br\/#\/schema\/person\/a2a51db1d00f1a7af0204a0f1ddb1566","name":"@sscc","image":{"@type":"ImageObject","inLanguage":"es","@id":"https:\/\/secure.gravatar.com\/avatar\/68cfafa5f44617fea54071e215026e0ff06be366c3d54a8425f04fdcb86f8c5f?s=96&d=mm&r=g","url":"https:\/\/secure.gravatar.com\/avatar\/68cfafa5f44617fea54071e215026e0ff06be366c3d54a8425f04fdcb86f8c5f?s=96&d=mm&r=g","contentUrl":"https:\/\/secure.gravatar.com\/avatar\/68cfafa5f44617fea54071e215026e0ff06be366c3d54a8425f04fdcb86f8c5f?s=96&d=mm&r=g","caption":"@sscc"},"url":"https:\/\/www.padreeustaquio.com.br\/es\/author\/sscc\/"}]}},"_links":{"self":[{"href":"https:\/\/www.padreeustaquio.com.br\/es\/wp-json\/wp\/v2\/posts\/11721","targetHints":{"allow":["GET"]}}],"collection":[{"href":"https:\/\/www.padreeustaquio.com.br\/es\/wp-json\/wp\/v2\/posts"}],"about":[{"href":"https:\/\/www.padreeustaquio.com.br\/es\/wp-json\/wp\/v2\/types\/post"}],"author":[{"embeddable":true,"href":"https:\/\/www.padreeustaquio.com.br\/es\/wp-json\/wp\/v2\/users\/2"}],"replies":[{"embeddable":true,"href":"https:\/\/www.padreeustaquio.com.br\/es\/wp-json\/wp\/v2\/comments?post=11721"}],"version-history":[{"count":0,"href":"https:\/\/www.padreeustaquio.com.br\/es\/wp-json\/wp\/v2\/posts\/11721\/revisions"}],"wp:featuredmedia":[{"embeddable":true,"href":"https:\/\/www.padreeustaquio.com.br\/es\/wp-json\/wp\/v2\/media\/11722"}],"wp:attachment":[{"href":"https:\/\/www.padreeustaquio.com.br\/es\/wp-json\/wp\/v2\/media?parent=11721"}],"wp:term":[{"taxonomy":"category","embeddable":true,"href":"https:\/\/www.padreeustaquio.com.br\/es\/wp-json\/wp\/v2\/categories?post=11721"},{"taxonomy":"post_tag","embeddable":true,"href":"https:\/\/www.padreeustaquio.com.br\/es\/wp-json\/wp\/v2\/tags?post=11721"}],"curies":[{"name":"wp","href":"https:\/\/api.w.org\/{rel}","templated":true}]}}