{"id":11709,"date":"2024-11-04T12:06:20","date_gmt":"2024-11-04T15:06:20","guid":{"rendered":"https:\/\/www.padreeustaquio.com.br\/?p=11709"},"modified":"2024-11-04T12:10:54","modified_gmt":"2024-11-04T15:10:54","slug":"homenajes-marcan-el-cierre-de-la-fiesta-del-beato-padre-eustaquio-en-romaria-mg","status":"publish","type":"post","link":"https:\/\/www.padreeustaquio.com.br\/es\/homenajes-marcan-el-cierre-de-la-fiesta-del-beato-padre-eustaquio-en-romaria-mg\/","title":{"rendered":"Homenajes marcan el cierre de la Fiesta del Beato Padre Eust\u00e1quio en Romaria-MG"},"content":{"rendered":"<p>El fin de semana pasado estuvo repleto de oraciones y homenajes al Beato Padre Eust\u00e1quio en la ciudad de Romaria, en la regi\u00f3n del Tri\u00e1ngulo Mineiro. Cientos de devotos se reunieron en la Capilla de la Paz, en la Bas\u00edlica Santuario de Nuestra Se\u00f1ora de la Abad\u00eda de \u00c1gua Suja, para celebrar la Santa Misa y participar en la procesi\u00f3n en honor al Beato.<\/p>\n<p>A las 10:00 h, el vicepostulador de la Causa de Canonizaci\u00f3n del Beato Padre Eust\u00e1quio, Padre Vin\u00edcius Maciel, SS.CC., celebr\u00f3 la Santa Misa en la Capilla de la Paz, anexa al Santuario-Bas\u00edlica. La ceremonia se transmiti\u00f3 por el Canal Padre Eust\u00e1quio en YouTube (<a href=\"https:\/\/www.youtube.com\/watch?v=2RZ5A8mIX04\">VER AQU\u00cd<\/a>).<\/p>\n<p><img fetchpriority=\"high\" decoding=\"async\" class=\"size-medium wp-image-11711 alignleft\" src=\"https:\/\/www.padreeustaquio.com.br\/wp-content\/uploads\/2024\/11\/encerramento-festa-pe-em-romaria-mg-1-300x169.jpg\" alt=\"\" width=\"300\" height=\"169\" srcset=\"https:\/\/www.padreeustaquio.com.br\/wp-content\/uploads\/2024\/11\/encerramento-festa-pe-em-romaria-mg-1-300x169.jpg 300w, https:\/\/www.padreeustaquio.com.br\/wp-content\/uploads\/2024\/11\/encerramento-festa-pe-em-romaria-mg-1-1024x576.jpg 1024w, https:\/\/www.padreeustaquio.com.br\/wp-content\/uploads\/2024\/11\/encerramento-festa-pe-em-romaria-mg-1-768x432.jpg 768w, https:\/\/www.padreeustaquio.com.br\/wp-content\/uploads\/2024\/11\/encerramento-festa-pe-em-romaria-mg-1-400x225.jpg 400w, https:\/\/www.padreeustaquio.com.br\/wp-content\/uploads\/2024\/11\/encerramento-festa-pe-em-romaria-mg-1-600x338.jpg 600w, https:\/\/www.padreeustaquio.com.br\/wp-content\/uploads\/2024\/11\/encerramento-festa-pe-em-romaria-mg-1-800x450.jpg 800w, https:\/\/www.padreeustaquio.com.br\/wp-content\/uploads\/2024\/11\/encerramento-festa-pe-em-romaria-mg-1.jpg 1080w\" sizes=\"(max-width: 300px) 100vw, 300px\" \/>A las 19 horas, se realiz\u00f3 la Misa Solemne de Clausura de la festividad, tambi\u00e9n presidida por el Padre Vin\u00edcius Maciel, que destac\u00f3 el paso del Bendito por aquella regi\u00f3n, recordando los 100 a\u00f1os de la llegada del Padre Eust\u00e1quio a \u00c1gua Suja (actual Romaria-MG).<\/p>\n<p>Inmediatamente despu\u00e9s de la Santa Misa, los devotos procesionaron con la imagen y una reliquia del Sant\u00edsimo por las calles de la ciudad, rumbo a la Bas\u00edlica. A su llegada, hubo un homenaje de los ni\u00f1os de Romaria, as\u00ed como una bendici\u00f3n de Salud y Paz, impartida por el Padre Vinicius. Un momento de profunda fe y gratitud, donde los fieles se unieron para honrar el legado del Padre Eust\u00e1quio y renovar su esperanza en su intercesi\u00f3n.<\/p>\n<p>El 3 de noviembre se conmemora en Romaria por ser la fecha del nacimiento del Padre Eust\u00e1quio. El Misionero de la Salud y la Paz naci\u00f3 en 1890 en la ciudad de Aarle Rixtel, Pa\u00edses Bajos. El Padre Eust\u00e1quio lleg\u00f3 a Brasil el 12 de mayo de 1925 y poco despu\u00e9s se estableci\u00f3 en \u00c1gua Suja, su primer campo de apostolado en el pa\u00eds, donde permaneci\u00f3 durante diez a\u00f1os.<\/p>\n\n\t\t<style type=\"text\/css\">\n\t\t\t#gallery-1 {\n\t\t\t\tmargin: auto;\n\t\t\t}\n\t\t\t#gallery-1 .gallery-item {\n\t\t\t\tfloat: left;\n\t\t\t\tmargin-top: 10px;\n\t\t\t\ttext-align: center;\n\t\t\t\twidth: 33%;\n\t\t\t}\n\t\t\t#gallery-1 img {\n\t\t\t\tborder: 2px solid #cfcfcf;\n\t\t\t}\n\t\t\t#gallery-1 .gallery-caption {\n\t\t\t\tmargin-left: 0;\n\t\t\t}\n\t\t\t\/* see gallery_shortcode() in wp-includes\/media.php *\/\n\t\t<\/style>\n\t\t<div id='gallery-1' class='gallery galleryid-11709 gallery-columns-3 gallery-size-thumbnail'><dl class='gallery-item'>\n\t\t\t<dt class='gallery-icon landscape'>\n\t\t\t\t<a href='https:\/\/www.padreeustaquio.com.br\/es\/homenajes-marcan-el-cierre-de-la-fiesta-del-beato-padre-eustaquio-en-romaria-mg\/encerramento-festa-pe-em-romaria-mg-5\/'><img decoding=\"async\" width=\"150\" height=\"150\" src=\"https:\/\/www.padreeustaquio.com.br\/wp-content\/uploads\/2024\/11\/encerramento-festa-pe-em-romaria-mg-5-150x150.jpg\" class=\"attachment-thumbnail size-thumbnail\" alt=\"\" srcset=\"https:\/\/www.padreeustaquio.com.br\/wp-content\/uploads\/2024\/11\/encerramento-festa-pe-em-romaria-mg-5-150x150.jpg 150w, https:\/\/www.padreeustaquio.com.br\/wp-content\/uploads\/2024\/11\/encerramento-festa-pe-em-romaria-mg-5-75x75.jpg 75w, https:\/\/www.padreeustaquio.com.br\/wp-content\/uploads\/2024\/11\/encerramento-festa-pe-em-romaria-mg-5-180x180.jpg 180w, https:\/\/www.padreeustaquio.com.br\/wp-content\/uploads\/2024\/11\/encerramento-festa-pe-em-romaria-mg-5-400x400.jpg 400w, https:\/\/www.padreeustaquio.com.br\/wp-content\/uploads\/2024\/11\/encerramento-festa-pe-em-romaria-mg-5-600x600.jpg 600w\" sizes=\"(max-width: 150px) 100vw, 150px\" \/><\/a>\n\t\t\t<\/dt><\/dl><dl class='gallery-item'>\n\t\t\t<dt class='gallery-icon landscape'>\n\t\t\t\t<a href='https:\/\/www.padreeustaquio.com.br\/es\/homenajes-marcan-el-cierre-de-la-fiesta-del-beato-padre-eustaquio-en-romaria-mg\/encerramento-festa-pe-em-romaria-mg-6-2\/'><img decoding=\"async\" width=\"150\" height=\"150\" src=\"https:\/\/www.padreeustaquio.com.br\/wp-content\/uploads\/2024\/11\/encerramento-festa-pe-em-romaria-mg-6-1-150x150.jpg\" class=\"attachment-thumbnail size-thumbnail\" alt=\"\" srcset=\"https:\/\/www.padreeustaquio.com.br\/wp-content\/uploads\/2024\/11\/encerramento-festa-pe-em-romaria-mg-6-1-150x150.jpg 150w, https:\/\/www.padreeustaquio.com.br\/wp-content\/uploads\/2024\/11\/encerramento-festa-pe-em-romaria-mg-6-1-75x75.jpg 75w, https:\/\/www.padreeustaquio.com.br\/wp-content\/uploads\/2024\/11\/encerramento-festa-pe-em-romaria-mg-6-1-180x180.jpg 180w, https:\/\/www.padreeustaquio.com.br\/wp-content\/uploads\/2024\/11\/encerramento-festa-pe-em-romaria-mg-6-1-400x400.jpg 400w, https:\/\/www.padreeustaquio.com.br\/wp-content\/uploads\/2024\/11\/encerramento-festa-pe-em-romaria-mg-6-1-600x600.jpg 600w\" sizes=\"(max-width: 150px) 100vw, 150px\" \/><\/a>\n\t\t\t<\/dt><\/dl><dl class='gallery-item'>\n\t\t\t<dt class='gallery-icon landscape'>\n\t\t\t\t<a href='https:\/\/www.padreeustaquio.com.br\/es\/homenajes-marcan-el-cierre-de-la-fiesta-del-beato-padre-eustaquio-en-romaria-mg\/encerramento-festa-pe-em-romaria-mg-2\/'><img loading=\"lazy\" decoding=\"async\" width=\"150\" height=\"150\" src=\"https:\/\/www.padreeustaquio.com.br\/wp-content\/uploads\/2024\/11\/encerramento-festa-pe-em-romaria-mg-2-150x150.jpg\" class=\"attachment-thumbnail size-thumbnail\" alt=\"\" srcset=\"https:\/\/www.padreeustaquio.com.br\/wp-content\/uploads\/2024\/11\/encerramento-festa-pe-em-romaria-mg-2-150x150.jpg 150w, https:\/\/www.padreeustaquio.com.br\/wp-content\/uploads\/2024\/11\/encerramento-festa-pe-em-romaria-mg-2-75x75.jpg 75w, https:\/\/www.padreeustaquio.com.br\/wp-content\/uploads\/2024\/11\/encerramento-festa-pe-em-romaria-mg-2-180x180.jpg 180w, https:\/\/www.padreeustaquio.com.br\/wp-content\/uploads\/2024\/11\/encerramento-festa-pe-em-romaria-mg-2-400x400.jpg 400w, https:\/\/www.padreeustaquio.com.br\/wp-content\/uploads\/2024\/11\/encerramento-festa-pe-em-romaria-mg-2-600x600.jpg 600w\" sizes=\"(max-width: 150px) 100vw, 150px\" \/><\/a>\n\t\t\t<\/dt><\/dl><br style=\"clear: both\" \/><dl class='gallery-item'>\n\t\t\t<dt class='gallery-icon landscape'>\n\t\t\t\t<a href='https:\/\/www.padreeustaquio.com.br\/es\/homenajes-marcan-el-cierre-de-la-fiesta-del-beato-padre-eustaquio-en-romaria-mg\/encerramento-festa-pe-em-romaria-mg-7\/'><img loading=\"lazy\" decoding=\"async\" width=\"150\" height=\"150\" src=\"https:\/\/www.padreeustaquio.com.br\/wp-content\/uploads\/2024\/11\/encerramento-festa-pe-em-romaria-mg-7-150x150.jpg\" class=\"attachment-thumbnail size-thumbnail\" alt=\"\" srcset=\"https:\/\/www.padreeustaquio.com.br\/wp-content\/uploads\/2024\/11\/encerramento-festa-pe-em-romaria-mg-7-150x150.jpg 150w, https:\/\/www.padreeustaquio.com.br\/wp-content\/uploads\/2024\/11\/encerramento-festa-pe-em-romaria-mg-7-75x75.jpg 75w, https:\/\/www.padreeustaquio.com.br\/wp-content\/uploads\/2024\/11\/encerramento-festa-pe-em-romaria-mg-7-180x180.jpg 180w, https:\/\/www.padreeustaquio.com.br\/wp-content\/uploads\/2024\/11\/encerramento-festa-pe-em-romaria-mg-7-400x400.jpg 400w, https:\/\/www.padreeustaquio.com.br\/wp-content\/uploads\/2024\/11\/encerramento-festa-pe-em-romaria-mg-7-600x600.jpg 600w\" sizes=\"(max-width: 150px) 100vw, 150px\" \/><\/a>\n\t\t\t<\/dt><\/dl><dl class='gallery-item'>\n\t\t\t<dt class='gallery-icon landscape'>\n\t\t\t\t<a href='https:\/\/www.padreeustaquio.com.br\/es\/homenajes-marcan-el-cierre-de-la-fiesta-del-beato-padre-eustaquio-en-romaria-mg\/encerramento-festa-pe-em-romaria-mg-3\/'><img loading=\"lazy\" decoding=\"async\" width=\"150\" height=\"150\" src=\"https:\/\/www.padreeustaquio.com.br\/wp-content\/uploads\/2024\/11\/encerramento-festa-pe-em-romaria-mg-3-150x150.jpg\" class=\"attachment-thumbnail size-thumbnail\" alt=\"\" srcset=\"https:\/\/www.padreeustaquio.com.br\/wp-content\/uploads\/2024\/11\/encerramento-festa-pe-em-romaria-mg-3-150x150.jpg 150w, https:\/\/www.padreeustaquio.com.br\/wp-content\/uploads\/2024\/11\/encerramento-festa-pe-em-romaria-mg-3-75x75.jpg 75w, https:\/\/www.padreeustaquio.com.br\/wp-content\/uploads\/2024\/11\/encerramento-festa-pe-em-romaria-mg-3-180x180.jpg 180w, https:\/\/www.padreeustaquio.com.br\/wp-content\/uploads\/2024\/11\/encerramento-festa-pe-em-romaria-mg-3-400x400.jpg 400w, https:\/\/www.padreeustaquio.com.br\/wp-content\/uploads\/2024\/11\/encerramento-festa-pe-em-romaria-mg-3-600x600.jpg 600w\" sizes=\"(max-width: 150px) 100vw, 150px\" \/><\/a>\n\t\t\t<\/dt><\/dl><dl class='gallery-item'>\n\t\t\t<dt class='gallery-icon landscape'>\n\t\t\t\t<a href='https:\/\/www.padreeustaquio.com.br\/es\/homenajes-marcan-el-cierre-de-la-fiesta-del-beato-padre-eustaquio-en-romaria-mg\/encerramento-festa-pe-em-romaria-mg-1\/'><img loading=\"lazy\" decoding=\"async\" width=\"150\" height=\"150\" src=\"https:\/\/www.padreeustaquio.com.br\/wp-content\/uploads\/2024\/11\/encerramento-festa-pe-em-romaria-mg-1-150x150.jpg\" class=\"attachment-thumbnail size-thumbnail\" alt=\"\" srcset=\"https:\/\/www.padreeustaquio.com.br\/wp-content\/uploads\/2024\/11\/encerramento-festa-pe-em-romaria-mg-1-150x150.jpg 150w, https:\/\/www.padreeustaquio.com.br\/wp-content\/uploads\/2024\/11\/encerramento-festa-pe-em-romaria-mg-1-75x75.jpg 75w, https:\/\/www.padreeustaquio.com.br\/wp-content\/uploads\/2024\/11\/encerramento-festa-pe-em-romaria-mg-1-180x180.jpg 180w, https:\/\/www.padreeustaquio.com.br\/wp-content\/uploads\/2024\/11\/encerramento-festa-pe-em-romaria-mg-1-400x400.jpg 400w, https:\/\/www.padreeustaquio.com.br\/wp-content\/uploads\/2024\/11\/encerramento-festa-pe-em-romaria-mg-1-600x600.jpg 600w\" sizes=\"(max-width: 150px) 100vw, 150px\" \/><\/a>\n\t\t\t<\/dt><\/dl><br style=\"clear: both\" \/>\n\t\t<\/div>","protected":false},"excerpt":{"rendered":"<p>O \u00faltimo final de semana foi de ora\u00e7\u00f5es e homenagens ao Beato Padre Eust\u00e1quio, na cidade de Romaria, no Tri\u00e2ngulo Mineiro. Centenas de devotos se reuniram na Capela da Paz do Santu\u00e1rio Bas\u00edlica Nossa Senhora da Abadia da \u00c1gua Suja para celebrar a Santa Missa e participar da prociss\u00e3o em honra ao Beato. \u00c0s 10h a Santa Missa foi celebrada pelo vice-postulador da Causa de Canonia\u00e7\u00e3o do Beato Padre Eust\u00e1quio, padre Vin\u00edcius Maciel, SS.CC, na Ca pela da Paz, anexa ao Santu\u00e1rio-Bas\u00edlica. A cerim\u00f4nia foi transmitida pelo Canal Padre Eust\u00e1quio no YouTube (VEJA AQUI). \u00c0s 19h houve a Missa Solene [&hellip;]<\/p>\n","protected":false},"author":2,"featured_media":11710,"comment_status":"open","ping_status":"closed","sticky":false,"template":"","format":"standard","meta":{"_acf_changed":false,"footnotes":""},"categories":[611],"tags":[],"class_list":["post-11709","post","type-post","status-publish","format-standard","has-post-thumbnail","hentry","category-noticias"],"acf":[],"yoast_head":"<!-- This site is optimized with the Yoast SEO plugin v27.2 - https:\/\/yoast.com\/product\/yoast-seo-wordpress\/ -->\n<title>Homenagens marcam encerramento da Festa do Beato Padre Eust\u00e1quio em Romaria-MG<\/title>\n<meta name=\"description\" content=\"O \u00faltimo final de semana foi de ora\u00e7\u00f5es e homenagens ao Beato Padre Eust\u00e1quio, na cidade de Romaria, no Tri\u00e2ngulo Mineiro. Centenas de devotos se reuniram na Capela da Paz do Santu\u00e1rio Bas\u00edlica Nossa Senhora da Abadia da \u00c1gua Suja para celebrar a Santa Missa e participar da prociss\u00e3o em honra ao Beato.\" \/>\n<meta name=\"robots\" content=\"index, follow, max-snippet:-1, max-image-preview:large, max-video-preview:-1\" \/>\n<link rel=\"canonical\" href=\"https:\/\/www.padreeustaquio.com.br\/es\/homenajes-marcan-el-cierre-de-la-fiesta-del-beato-padre-eustaquio-en-romaria-mg\/\" \/>\n<meta property=\"og:locale\" content=\"es_ES\" \/>\n<meta property=\"og:type\" content=\"article\" \/>\n<meta property=\"og:title\" content=\"Homenagens marcam encerramento da Festa do Beato Padre Eust\u00e1quio em Romaria-MG\" \/>\n<meta property=\"og:description\" content=\"O \u00faltimo final de semana foi de ora\u00e7\u00f5es e homenagens ao Beato Padre Eust\u00e1quio, na cidade de Romaria, no Tri\u00e2ngulo Mineiro. Centenas de devotos se reuniram na Capela da Paz do Santu\u00e1rio Bas\u00edlica Nossa Senhora da Abadia da \u00c1gua Suja para celebrar a Santa Missa e participar da prociss\u00e3o em honra ao Beato.\" \/>\n<meta property=\"og:url\" content=\"https:\/\/www.padreeustaquio.com.br\/es\/homenajes-marcan-el-cierre-de-la-fiesta-del-beato-padre-eustaquio-en-romaria-mg\/\" \/>\n<meta property=\"og:site_name\" content=\"Padre Eust\u00e1quio\" \/>\n<meta property=\"article:publisher\" content=\"https:\/\/www.facebook.com\/beatopadreeustaquio\/\" \/>\n<meta property=\"article:published_time\" content=\"2024-11-04T15:06:20+00:00\" \/>\n<meta property=\"article:modified_time\" content=\"2024-11-04T15:10:54+00:00\" \/>\n<meta property=\"og:image\" content=\"https:\/\/www.padreeustaquio.com.br\/wp-content\/uploads\/2024\/11\/encerramento-festa-pe-em-romaria-mg-6.jpg\" \/>\n\t<meta property=\"og:image:width\" content=\"1080\" \/>\n\t<meta property=\"og:image:height\" content=\"607\" \/>\n\t<meta property=\"og:image:type\" content=\"image\/jpeg\" \/>\n<meta name=\"author\" content=\"@sscc\" \/>\n<meta name=\"twitter:card\" content=\"summary_large_image\" \/>\n<meta name=\"twitter:creator\" content=\"@beatopeustaquio\" \/>\n<meta name=\"twitter:site\" content=\"@beatopeustaquio\" \/>\n<meta name=\"twitter:label1\" content=\"Escrito por\" \/>\n\t<meta name=\"twitter:data1\" content=\"@sscc\" \/>\n\t<meta name=\"twitter:label2\" content=\"Tiempo de lectura\" \/>\n\t<meta name=\"twitter:data2\" content=\"2 minutos\" \/>\n<script type=\"application\/ld+json\" class=\"yoast-schema-graph\">{\"@context\":\"https:\/\/schema.org\",\"@graph\":[{\"@type\":\"Article\",\"@id\":\"https:\/\/www.padreeustaquio.com.br\/homenagens-marcam-encerramento-da-festa-do-beato-padre-eustaquio-em-romaria-mg\/#article\",\"isPartOf\":{\"@id\":\"https:\/\/www.padreeustaquio.com.br\/homenagens-marcam-encerramento-da-festa-do-beato-padre-eustaquio-em-romaria-mg\/\"},\"author\":{\"name\":\"@sscc\",\"@id\":\"https:\/\/www.padreeustaquio.com.br\/#\/schema\/person\/a2a51db1d00f1a7af0204a0f1ddb1566\"},\"headline\":\"Homenagens marcam encerramento da Festa do Beato Padre Eust\u00e1quio em Romaria-MG\",\"datePublished\":\"2024-11-04T15:06:20+00:00\",\"dateModified\":\"2024-11-04T15:10:54+00:00\",\"mainEntityOfPage\":{\"@id\":\"https:\/\/www.padreeustaquio.com.br\/homenagens-marcam-encerramento-da-festa-do-beato-padre-eustaquio-em-romaria-mg\/\"},\"wordCount\":317,\"commentCount\":0,\"publisher\":{\"@id\":\"https:\/\/www.padreeustaquio.com.br\/#organization\"},\"image\":{\"@id\":\"https:\/\/www.padreeustaquio.com.br\/homenagens-marcam-encerramento-da-festa-do-beato-padre-eustaquio-em-romaria-mg\/#primaryimage\"},\"thumbnailUrl\":\"https:\/\/www.padreeustaquio.com.br\/wp-content\/uploads\/2024\/11\/encerramento-festa-pe-em-romaria-mg-6.jpg\",\"articleSection\":[\"Not\u00edcias\"],\"inLanguage\":\"es\",\"potentialAction\":[{\"@type\":\"CommentAction\",\"name\":\"Comment\",\"target\":[\"https:\/\/www.padreeustaquio.com.br\/homenagens-marcam-encerramento-da-festa-do-beato-padre-eustaquio-em-romaria-mg\/#respond\"]}]},{\"@type\":\"WebPage\",\"@id\":\"https:\/\/www.padreeustaquio.com.br\/homenagens-marcam-encerramento-da-festa-do-beato-padre-eustaquio-em-romaria-mg\/\",\"url\":\"https:\/\/www.padreeustaquio.com.br\/homenagens-marcam-encerramento-da-festa-do-beato-padre-eustaquio-em-romaria-mg\/\",\"name\":\"Homenagens marcam encerramento da Festa do Beato Padre Eust\u00e1quio em Romaria-MG\",\"isPartOf\":{\"@id\":\"https:\/\/www.padreeustaquio.com.br\/#website\"},\"primaryImageOfPage\":{\"@id\":\"https:\/\/www.padreeustaquio.com.br\/homenagens-marcam-encerramento-da-festa-do-beato-padre-eustaquio-em-romaria-mg\/#primaryimage\"},\"image\":{\"@id\":\"https:\/\/www.padreeustaquio.com.br\/homenagens-marcam-encerramento-da-festa-do-beato-padre-eustaquio-em-romaria-mg\/#primaryimage\"},\"thumbnailUrl\":\"https:\/\/www.padreeustaquio.com.br\/wp-content\/uploads\/2024\/11\/encerramento-festa-pe-em-romaria-mg-6.jpg\",\"datePublished\":\"2024-11-04T15:06:20+00:00\",\"dateModified\":\"2024-11-04T15:10:54+00:00\",\"description\":\"O \u00faltimo final de semana foi de ora\u00e7\u00f5es e homenagens ao Beato Padre Eust\u00e1quio, na cidade de Romaria, no Tri\u00e2ngulo Mineiro. Centenas de devotos se reuniram na Capela da Paz do Santu\u00e1rio Bas\u00edlica Nossa Senhora da Abadia da \u00c1gua Suja para celebrar a Santa Missa e participar da prociss\u00e3o em honra ao Beato.\",\"breadcrumb\":{\"@id\":\"https:\/\/www.padreeustaquio.com.br\/homenagens-marcam-encerramento-da-festa-do-beato-padre-eustaquio-em-romaria-mg\/#breadcrumb\"},\"inLanguage\":\"es\",\"potentialAction\":[{\"@type\":\"ReadAction\",\"target\":[\"https:\/\/www.padreeustaquio.com.br\/homenagens-marcam-encerramento-da-festa-do-beato-padre-eustaquio-em-romaria-mg\/\"]}]},{\"@type\":\"ImageObject\",\"inLanguage\":\"es\",\"@id\":\"https:\/\/www.padreeustaquio.com.br\/homenagens-marcam-encerramento-da-festa-do-beato-padre-eustaquio-em-romaria-mg\/#primaryimage\",\"url\":\"https:\/\/www.padreeustaquio.com.br\/wp-content\/uploads\/2024\/11\/encerramento-festa-pe-em-romaria-mg-6.jpg\",\"contentUrl\":\"https:\/\/www.padreeustaquio.com.br\/wp-content\/uploads\/2024\/11\/encerramento-festa-pe-em-romaria-mg-6.jpg\",\"width\":1080,\"height\":607},{\"@type\":\"BreadcrumbList\",\"@id\":\"https:\/\/www.padreeustaquio.com.br\/homenagens-marcam-encerramento-da-festa-do-beato-padre-eustaquio-em-romaria-mg\/#breadcrumb\",\"itemListElement\":[{\"@type\":\"ListItem\",\"position\":1,\"name\":\"In\u00edcio\",\"item\":\"https:\/\/www.padreeustaquio.com.br\/\"},{\"@type\":\"ListItem\",\"position\":2,\"name\":\"Homenagens marcam encerramento da Festa do Beato Padre Eust\u00e1quio em Romaria-MG\"}]},{\"@type\":\"WebSite\",\"@id\":\"https:\/\/www.padreeustaquio.com.br\/#website\",\"url\":\"https:\/\/www.padreeustaquio.com.br\/\",\"name\":\"Padre Eust\u00e1quio\",\"description\":\"Sa\u00fade e Paz\",\"publisher\":{\"@id\":\"https:\/\/www.padreeustaquio.com.br\/#organization\"},\"potentialAction\":[{\"@type\":\"SearchAction\",\"target\":{\"@type\":\"EntryPoint\",\"urlTemplate\":\"https:\/\/www.padreeustaquio.com.br\/?s={search_term_string}\"},\"query-input\":{\"@type\":\"PropertyValueSpecification\",\"valueRequired\":true,\"valueName\":\"search_term_string\"}}],\"inLanguage\":\"es\"},{\"@type\":\"Organization\",\"@id\":\"https:\/\/www.padreeustaquio.com.br\/#organization\",\"name\":\"Padre Eust\u00e1quio\",\"url\":\"https:\/\/www.padreeustaquio.com.br\/\",\"logo\":{\"@type\":\"ImageObject\",\"inLanguage\":\"es\",\"@id\":\"https:\/\/www.padreeustaquio.com.br\/#\/schema\/logo\/image\/\",\"url\":\"https:\/\/www.padreeustaquio.com.br\/wp-content\/uploads\/2019\/08\/marca.png\",\"contentUrl\":\"https:\/\/www.padreeustaquio.com.br\/wp-content\/uploads\/2019\/08\/marca.png\",\"width\":350,\"height\":400,\"caption\":\"Padre Eust\u00e1quio\"},\"image\":{\"@id\":\"https:\/\/www.padreeustaquio.com.br\/#\/schema\/logo\/image\/\"},\"sameAs\":[\"https:\/\/www.facebook.com\/beatopadreeustaquio\/\",\"https:\/\/x.com\/beatopeustaquio\",\"https:\/\/www.instagram.com\/beatopadreeustaquio\/\",\"https:\/\/www.youtube.com\/channel\/UCRhw7vfabnajwLxb1ZXMeIw\"]},{\"@type\":\"Person\",\"@id\":\"https:\/\/www.padreeustaquio.com.br\/#\/schema\/person\/a2a51db1d00f1a7af0204a0f1ddb1566\",\"name\":\"@sscc\",\"image\":{\"@type\":\"ImageObject\",\"inLanguage\":\"es\",\"@id\":\"https:\/\/secure.gravatar.com\/avatar\/68cfafa5f44617fea54071e215026e0ff06be366c3d54a8425f04fdcb86f8c5f?s=96&d=mm&r=g\",\"url\":\"https:\/\/secure.gravatar.com\/avatar\/68cfafa5f44617fea54071e215026e0ff06be366c3d54a8425f04fdcb86f8c5f?s=96&d=mm&r=g\",\"contentUrl\":\"https:\/\/secure.gravatar.com\/avatar\/68cfafa5f44617fea54071e215026e0ff06be366c3d54a8425f04fdcb86f8c5f?s=96&d=mm&r=g\",\"caption\":\"@sscc\"},\"url\":\"https:\/\/www.padreeustaquio.com.br\/es\/author\/sscc\/\"}]}<\/script>\n<!-- \/ Yoast SEO plugin. -->","yoast_head_json":{"title":"Homenajes marcan el cierre de la Fiesta del Beato Padre Eust\u00e1quio en Romaria-MG","description":"El fin de semana pasado estuvo repleto de oraciones y homenajes al Beato Padre Eust\u00e1quio en la ciudad de Romaria, en la regi\u00f3n del Tri\u00e1ngulo Mineiro. Cientos de devotos se reunieron en la Capilla de la Paz, en la Bas\u00edlica Santuario de Nuestra Se\u00f1ora de la Abad\u00eda de \u00c1gua Suja, para celebrar la Santa Misa y participar en la procesi\u00f3n en honor al Beato.","robots":{"index":"index","follow":"follow","max-snippet":"max-snippet:-1","max-image-preview":"max-image-preview:large","max-video-preview":"max-video-preview:-1"},"canonical":"https:\/\/www.padreeustaquio.com.br\/es\/homenajes-marcan-el-cierre-de-la-fiesta-del-beato-padre-eustaquio-en-romaria-mg\/","og_locale":"es_ES","og_type":"article","og_title":"Homenagens marcam encerramento da Festa do Beato Padre Eust\u00e1quio em Romaria-MG","og_description":"O \u00faltimo final de semana foi de ora\u00e7\u00f5es e homenagens ao Beato Padre Eust\u00e1quio, na cidade de Romaria, no Tri\u00e2ngulo Mineiro. Centenas de devotos se reuniram na Capela da Paz do Santu\u00e1rio Bas\u00edlica Nossa Senhora da Abadia da \u00c1gua Suja para celebrar a Santa Missa e participar da prociss\u00e3o em honra ao Beato.","og_url":"https:\/\/www.padreeustaquio.com.br\/es\/homenajes-marcan-el-cierre-de-la-fiesta-del-beato-padre-eustaquio-en-romaria-mg\/","og_site_name":"Padre Eust\u00e1quio","article_publisher":"https:\/\/www.facebook.com\/beatopadreeustaquio\/","article_published_time":"2024-11-04T15:06:20+00:00","article_modified_time":"2024-11-04T15:10:54+00:00","og_image":[{"width":1080,"height":607,"url":"https:\/\/www.padreeustaquio.com.br\/wp-content\/uploads\/2024\/11\/encerramento-festa-pe-em-romaria-mg-6.jpg","type":"image\/jpeg"}],"author":"@sscc","twitter_card":"summary_large_image","twitter_creator":"@beatopeustaquio","twitter_site":"@beatopeustaquio","twitter_misc":{"Escrito por":"@sscc","Tiempo de lectura":"2 minutos"},"schema":{"@context":"https:\/\/schema.org","@graph":[{"@type":"Article","@id":"https:\/\/www.padreeustaquio.com.br\/homenagens-marcam-encerramento-da-festa-do-beato-padre-eustaquio-em-romaria-mg\/#article","isPartOf":{"@id":"https:\/\/www.padreeustaquio.com.br\/homenagens-marcam-encerramento-da-festa-do-beato-padre-eustaquio-em-romaria-mg\/"},"author":{"name":"@sscc","@id":"https:\/\/www.padreeustaquio.com.br\/#\/schema\/person\/a2a51db1d00f1a7af0204a0f1ddb1566"},"headline":"Homenagens marcam encerramento da Festa do Beato Padre Eust\u00e1quio em Romaria-MG","datePublished":"2024-11-04T15:06:20+00:00","dateModified":"2024-11-04T15:10:54+00:00","mainEntityOfPage":{"@id":"https:\/\/www.padreeustaquio.com.br\/homenagens-marcam-encerramento-da-festa-do-beato-padre-eustaquio-em-romaria-mg\/"},"wordCount":317,"commentCount":0,"publisher":{"@id":"https:\/\/www.padreeustaquio.com.br\/#organization"},"image":{"@id":"https:\/\/www.padreeustaquio.com.br\/homenagens-marcam-encerramento-da-festa-do-beato-padre-eustaquio-em-romaria-mg\/#primaryimage"},"thumbnailUrl":"https:\/\/www.padreeustaquio.com.br\/wp-content\/uploads\/2024\/11\/encerramento-festa-pe-em-romaria-mg-6.jpg","articleSection":["Not\u00edcias"],"inLanguage":"es","potentialAction":[{"@type":"CommentAction","name":"Comment","target":["https:\/\/www.padreeustaquio.com.br\/homenagens-marcam-encerramento-da-festa-do-beato-padre-eustaquio-em-romaria-mg\/#respond"]}]},{"@type":"WebPage","@id":"https:\/\/www.padreeustaquio.com.br\/homenagens-marcam-encerramento-da-festa-do-beato-padre-eustaquio-em-romaria-mg\/","url":"https:\/\/www.padreeustaquio.com.br\/homenagens-marcam-encerramento-da-festa-do-beato-padre-eustaquio-em-romaria-mg\/","name":"Homenajes marcan el cierre de la Fiesta del Beato Padre Eust\u00e1quio en Romaria-MG","isPartOf":{"@id":"https:\/\/www.padreeustaquio.com.br\/#website"},"primaryImageOfPage":{"@id":"https:\/\/www.padreeustaquio.com.br\/homenagens-marcam-encerramento-da-festa-do-beato-padre-eustaquio-em-romaria-mg\/#primaryimage"},"image":{"@id":"https:\/\/www.padreeustaquio.com.br\/homenagens-marcam-encerramento-da-festa-do-beato-padre-eustaquio-em-romaria-mg\/#primaryimage"},"thumbnailUrl":"https:\/\/www.padreeustaquio.com.br\/wp-content\/uploads\/2024\/11\/encerramento-festa-pe-em-romaria-mg-6.jpg","datePublished":"2024-11-04T15:06:20+00:00","dateModified":"2024-11-04T15:10:54+00:00","description":"El fin de semana pasado estuvo repleto de oraciones y homenajes al Beato Padre Eust\u00e1quio en la ciudad de Romaria, en la regi\u00f3n del Tri\u00e1ngulo Mineiro. Cientos de devotos se reunieron en la Capilla de la Paz, en la Bas\u00edlica Santuario de Nuestra Se\u00f1ora de la Abad\u00eda de \u00c1gua Suja, para celebrar la Santa Misa y participar en la procesi\u00f3n en honor al Beato.","breadcrumb":{"@id":"https:\/\/www.padreeustaquio.com.br\/homenagens-marcam-encerramento-da-festa-do-beato-padre-eustaquio-em-romaria-mg\/#breadcrumb"},"inLanguage":"es","potentialAction":[{"@type":"ReadAction","target":["https:\/\/www.padreeustaquio.com.br\/homenagens-marcam-encerramento-da-festa-do-beato-padre-eustaquio-em-romaria-mg\/"]}]},{"@type":"ImageObject","inLanguage":"es","@id":"https:\/\/www.padreeustaquio.com.br\/homenagens-marcam-encerramento-da-festa-do-beato-padre-eustaquio-em-romaria-mg\/#primaryimage","url":"https:\/\/www.padreeustaquio.com.br\/wp-content\/uploads\/2024\/11\/encerramento-festa-pe-em-romaria-mg-6.jpg","contentUrl":"https:\/\/www.padreeustaquio.com.br\/wp-content\/uploads\/2024\/11\/encerramento-festa-pe-em-romaria-mg-6.jpg","width":1080,"height":607},{"@type":"BreadcrumbList","@id":"https:\/\/www.padreeustaquio.com.br\/homenagens-marcam-encerramento-da-festa-do-beato-padre-eustaquio-em-romaria-mg\/#breadcrumb","itemListElement":[{"@type":"ListItem","position":1,"name":"In\u00edcio","item":"https:\/\/www.padreeustaquio.com.br\/"},{"@type":"ListItem","position":2,"name":"Homenagens marcam encerramento da Festa do Beato Padre Eust\u00e1quio em Romaria-MG"}]},{"@type":"WebSite","@id":"https:\/\/www.padreeustaquio.com.br\/#website","url":"https:\/\/www.padreeustaquio.com.br\/","name":"Padre Eustace","description":"Salud y Paz","publisher":{"@id":"https:\/\/www.padreeustaquio.com.br\/#organization"},"potentialAction":[{"@type":"SearchAction","target":{"@type":"EntryPoint","urlTemplate":"https:\/\/www.padreeustaquio.com.br\/?s={search_term_string}"},"query-input":{"@type":"PropertyValueSpecification","valueRequired":true,"valueName":"search_term_string"}}],"inLanguage":"es"},{"@type":"Organization","@id":"https:\/\/www.padreeustaquio.com.br\/#organization","name":"Padre Eustace","url":"https:\/\/www.padreeustaquio.com.br\/","logo":{"@type":"ImageObject","inLanguage":"es","@id":"https:\/\/www.padreeustaquio.com.br\/#\/schema\/logo\/image\/","url":"https:\/\/www.padreeustaquio.com.br\/wp-content\/uploads\/2019\/08\/marca.png","contentUrl":"https:\/\/www.padreeustaquio.com.br\/wp-content\/uploads\/2019\/08\/marca.png","width":350,"height":400,"caption":"Padre Eust\u00e1quio"},"image":{"@id":"https:\/\/www.padreeustaquio.com.br\/#\/schema\/logo\/image\/"},"sameAs":["https:\/\/www.facebook.com\/beatopadreeustaquio\/","https:\/\/x.com\/beatopeustaquio","https:\/\/www.instagram.com\/beatopadreeustaquio\/","https:\/\/www.youtube.com\/channel\/UCRhw7vfabnajwLxb1ZXMeIw"]},{"@type":"Person","@id":"https:\/\/www.padreeustaquio.com.br\/#\/schema\/person\/a2a51db1d00f1a7af0204a0f1ddb1566","name":"@sscc","image":{"@type":"ImageObject","inLanguage":"es","@id":"https:\/\/secure.gravatar.com\/avatar\/68cfafa5f44617fea54071e215026e0ff06be366c3d54a8425f04fdcb86f8c5f?s=96&d=mm&r=g","url":"https:\/\/secure.gravatar.com\/avatar\/68cfafa5f44617fea54071e215026e0ff06be366c3d54a8425f04fdcb86f8c5f?s=96&d=mm&r=g","contentUrl":"https:\/\/secure.gravatar.com\/avatar\/68cfafa5f44617fea54071e215026e0ff06be366c3d54a8425f04fdcb86f8c5f?s=96&d=mm&r=g","caption":"@sscc"},"url":"https:\/\/www.padreeustaquio.com.br\/es\/author\/sscc\/"}]}},"_links":{"self":[{"href":"https:\/\/www.padreeustaquio.com.br\/es\/wp-json\/wp\/v2\/posts\/11709","targetHints":{"allow":["GET"]}}],"collection":[{"href":"https:\/\/www.padreeustaquio.com.br\/es\/wp-json\/wp\/v2\/posts"}],"about":[{"href":"https:\/\/www.padreeustaquio.com.br\/es\/wp-json\/wp\/v2\/types\/post"}],"author":[{"embeddable":true,"href":"https:\/\/www.padreeustaquio.com.br\/es\/wp-json\/wp\/v2\/users\/2"}],"replies":[{"embeddable":true,"href":"https:\/\/www.padreeustaquio.com.br\/es\/wp-json\/wp\/v2\/comments?post=11709"}],"version-history":[{"count":0,"href":"https:\/\/www.padreeustaquio.com.br\/es\/wp-json\/wp\/v2\/posts\/11709\/revisions"}],"wp:featuredmedia":[{"embeddable":true,"href":"https:\/\/www.padreeustaquio.com.br\/es\/wp-json\/wp\/v2\/media\/11710"}],"wp:attachment":[{"href":"https:\/\/www.padreeustaquio.com.br\/es\/wp-json\/wp\/v2\/media?parent=11709"}],"wp:term":[{"taxonomy":"category","embeddable":true,"href":"https:\/\/www.padreeustaquio.com.br\/es\/wp-json\/wp\/v2\/categories?post=11709"},{"taxonomy":"post_tag","embeddable":true,"href":"https:\/\/www.padreeustaquio.com.br\/es\/wp-json\/wp\/v2\/tags?post=11709"}],"curies":[{"name":"wp","href":"https:\/\/api.w.org\/{rel}","templated":true}]}}