{"id":11701,"date":"2024-10-31T08:57:54","date_gmt":"2024-10-31T11:57:54","guid":{"rendered":"https:\/\/www.padreeustaquio.com.br\/?p=11701"},"modified":"2024-10-31T08:59:10","modified_gmt":"2024-10-31T11:59:10","slug":"comunidad-celebra-en-honor-al-beato-padre-eustaquio-en-patrocinio-mg","status":"publish","type":"post","link":"https:\/\/www.padreeustaquio.com.br\/es\/comunidad-celebra-en-honor-al-beato-padre-eustaquio-en-patrocinio-mg\/","title":{"rendered":"Comunidad celebra en honor del Beato Padre Eust\u00e1quio, en Patroc\u00ednio-MG"},"content":{"rendered":"<p>La Comunidad del Beato Eustaquio de Patroc\u00ednio, MG, celebr\u00f3 este mes otra de sus tradicionales celebraciones en honor al Beato Padre Eustaquio. Siguiendo la tradici\u00f3n de las reuniones mensuales, en esta ocasi\u00f3n la celebraci\u00f3n fue organizada por la familia de la Sra. Fabr\u00edzia, quien abri\u00f3 las puertas de su casa para reunir a la comunidad en un momento de fe y comuni\u00f3n.<\/p>\n<p>La misa es una ocasi\u00f3n especial de devoci\u00f3n y acci\u00f3n de gracias, donde los fieles tienen la oportunidad de conocer la historia y el legado del Padre Eust\u00e1quio, reconocido por su vida de santidad y amor al pr\u00f3jimo. En estas celebraciones, la comunidad no solo reza por la intercesi\u00f3n del Beato, sino que tambi\u00e9n fortalece lazos de amistad y solidaridad.<\/p>\n<p>Estos encuentros mensuales son esperados con entusiasmo por todos los participantes, quienes los ven como una oportunidad de renovaci\u00f3n espiritual y de testimoniar el ejemplo del Padre Eust\u00e1quio.<\/p>\n\n\t\t<style type=\"text\/css\">\n\t\t\t#gallery-1 {\n\t\t\t\tmargin: auto;\n\t\t\t}\n\t\t\t#gallery-1 .gallery-item {\n\t\t\t\tfloat: left;\n\t\t\t\tmargin-top: 10px;\n\t\t\t\ttext-align: center;\n\t\t\t\twidth: 50%;\n\t\t\t}\n\t\t\t#gallery-1 img {\n\t\t\t\tborder: 2px solid #cfcfcf;\n\t\t\t}\n\t\t\t#gallery-1 .gallery-caption {\n\t\t\t\tmargin-left: 0;\n\t\t\t}\n\t\t\t\/* see gallery_shortcode() in wp-includes\/media.php *\/\n\t\t<\/style>\n\t\t<div id='gallery-1' class='gallery galleryid-11701 gallery-columns-2 gallery-size-thumbnail'><dl class='gallery-item'>\n\t\t\t<dt class='gallery-icon landscape'>\n\t\t\t\t<a href='https:\/\/www.padreeustaquio.com.br\/es\/comunidad-celebra-en-honor-al-beato-padre-eustaquio-en-patrocinio-mg\/pe-ptc-missa-outubro-3\/'><img decoding=\"async\" width=\"150\" height=\"150\" src=\"https:\/\/www.padreeustaquio.com.br\/wp-content\/uploads\/2024\/10\/PE-ptc-missa-outubro-3-150x150.jpeg\" class=\"attachment-thumbnail size-thumbnail\" alt=\"\" srcset=\"https:\/\/www.padreeustaquio.com.br\/wp-content\/uploads\/2024\/10\/PE-ptc-missa-outubro-3-150x150.jpeg 150w, https:\/\/www.padreeustaquio.com.br\/wp-content\/uploads\/2024\/10\/PE-ptc-missa-outubro-3-75x75.jpeg 75w, https:\/\/www.padreeustaquio.com.br\/wp-content\/uploads\/2024\/10\/PE-ptc-missa-outubro-3-180x180.jpeg 180w, https:\/\/www.padreeustaquio.com.br\/wp-content\/uploads\/2024\/10\/PE-ptc-missa-outubro-3-400x400.jpeg 400w\" sizes=\"(max-width: 150px) 100vw, 150px\" \/><\/a>\n\t\t\t<\/dt><\/dl><dl class='gallery-item'>\n\t\t\t<dt class='gallery-icon landscape'>\n\t\t\t\t<a href='https:\/\/www.padreeustaquio.com.br\/es\/comunidad-celebra-en-honor-al-beato-padre-eustaquio-en-patrocinio-mg\/pe-ptc-missa-outubro-1\/'><img decoding=\"async\" width=\"150\" height=\"150\" src=\"https:\/\/www.padreeustaquio.com.br\/wp-content\/uploads\/2024\/10\/PE-ptc-missa-outubro-1-150x150.jpeg\" class=\"attachment-thumbnail size-thumbnail\" alt=\"\" srcset=\"https:\/\/www.padreeustaquio.com.br\/wp-content\/uploads\/2024\/10\/PE-ptc-missa-outubro-1-150x150.jpeg 150w, https:\/\/www.padreeustaquio.com.br\/wp-content\/uploads\/2024\/10\/PE-ptc-missa-outubro-1-75x75.jpeg 75w, https:\/\/www.padreeustaquio.com.br\/wp-content\/uploads\/2024\/10\/PE-ptc-missa-outubro-1-180x180.jpeg 180w, https:\/\/www.padreeustaquio.com.br\/wp-content\/uploads\/2024\/10\/PE-ptc-missa-outubro-1-400x400.jpeg 400w\" sizes=\"(max-width: 150px) 100vw, 150px\" \/><\/a>\n\t\t\t<\/dt><\/dl><br style=\"clear: both\" \/><dl class='gallery-item'>\n\t\t\t<dt class='gallery-icon landscape'>\n\t\t\t\t<a href='https:\/\/www.padreeustaquio.com.br\/es\/comunidad-celebra-en-honor-al-beato-padre-eustaquio-en-patrocinio-mg\/pe-ptc-missa-outubro-2\/'><img decoding=\"async\" width=\"150\" height=\"150\" src=\"https:\/\/www.padreeustaquio.com.br\/wp-content\/uploads\/2024\/10\/PE-ptc-missa-outubro-2-150x150.jpeg\" class=\"attachment-thumbnail size-thumbnail\" alt=\"\" srcset=\"https:\/\/www.padreeustaquio.com.br\/wp-content\/uploads\/2024\/10\/PE-ptc-missa-outubro-2-150x150.jpeg 150w, https:\/\/www.padreeustaquio.com.br\/wp-content\/uploads\/2024\/10\/PE-ptc-missa-outubro-2-75x75.jpeg 75w, https:\/\/www.padreeustaquio.com.br\/wp-content\/uploads\/2024\/10\/PE-ptc-missa-outubro-2-180x180.jpeg 180w, https:\/\/www.padreeustaquio.com.br\/wp-content\/uploads\/2024\/10\/PE-ptc-missa-outubro-2-400x400.jpeg 400w, https:\/\/www.padreeustaquio.com.br\/wp-content\/uploads\/2024\/10\/PE-ptc-missa-outubro-2-600x600.jpeg 600w\" sizes=\"(max-width: 150px) 100vw, 150px\" \/><\/a>\n\t\t\t<\/dt><\/dl><dl class='gallery-item'>\n\t\t\t<dt class='gallery-icon landscape'>\n\t\t\t\t<a href='https:\/\/www.padreeustaquio.com.br\/es\/comunidad-celebra-en-honor-al-beato-padre-eustaquio-en-patrocinio-mg\/pe-ptc-missa-outubro-4-2\/'><img loading=\"lazy\" decoding=\"async\" width=\"150\" height=\"150\" src=\"https:\/\/www.padreeustaquio.com.br\/wp-content\/uploads\/2024\/10\/PE-ptc-missa-outubro-4-1-150x150.jpeg\" class=\"attachment-thumbnail size-thumbnail\" alt=\"\" srcset=\"https:\/\/www.padreeustaquio.com.br\/wp-content\/uploads\/2024\/10\/PE-ptc-missa-outubro-4-1-150x150.jpeg 150w, https:\/\/www.padreeustaquio.com.br\/wp-content\/uploads\/2024\/10\/PE-ptc-missa-outubro-4-1-75x75.jpeg 75w, https:\/\/www.padreeustaquio.com.br\/wp-content\/uploads\/2024\/10\/PE-ptc-missa-outubro-4-1-180x180.jpeg 180w, https:\/\/www.padreeustaquio.com.br\/wp-content\/uploads\/2024\/10\/PE-ptc-missa-outubro-4-1-400x400.jpeg 400w\" sizes=\"(max-width: 150px) 100vw, 150px\" \/><\/a>\n\t\t\t<\/dt><\/dl><br style=\"clear: both\" \/>\n\t\t<\/div>","protected":false},"excerpt":{"rendered":"<p>A Comunidade Beato Eust\u00e1quio, em Patroc\u00ednio, MG, realizou neste m\u00eas, mais uma de suas tradicionais celebra\u00e7\u00f5es em honra ao Bem-aventurado Padre Eust\u00e1quio. Seguindo uma tradi\u00e7\u00e3o de encontros mensais, desta vez a celebra\u00e7\u00e3o foi acolhida pela fam\u00edlia da Sra. Fabr\u00edzia, que abriu as portas do seu lar para reunir a comunidade em um momento de f\u00e9 e comunh\u00e3o. A missa \u00e9 uma ocasi\u00e3o especial de devo\u00e7\u00e3o e agradecimento, onde os fi\u00e9is t\u00eam a oportunidade de se aproximar da hist\u00f3ria e do legado do Padre Eust\u00e1quio, reconhecido por sua vida de santidade e amor ao pr\u00f3ximo. Nessas celebra\u00e7\u00f5es, a comunidade n\u00e3o s\u00f3 [&hellip;]<\/p>\n","protected":false},"author":2,"featured_media":11702,"comment_status":"open","ping_status":"closed","sticky":false,"template":"","format":"standard","meta":{"_acf_changed":false,"footnotes":""},"categories":[611],"tags":[],"class_list":["post-11701","post","type-post","status-publish","format-standard","has-post-thumbnail","hentry","category-noticias"],"acf":[],"yoast_head":"<!-- This site is optimized with the Yoast SEO plugin v27.2 - https:\/\/yoast.com\/product\/yoast-seo-wordpress\/ -->\n<title>Comunidade celebra em honra ao Beato Padre Eust\u00e1quio, em Patroc\u00ednio-MG<\/title>\n<meta name=\"description\" content=\"A Comunidade Beato Eust\u00e1quio, em Patroc\u00ednio, MG, realizou neste m\u00eas, mais uma de suas tradicionais celebra\u00e7\u00f5es em honra ao Bem-aventurado Padre Eust\u00e1quio. Seguindo uma tradi\u00e7\u00e3o de encontros mensais, desta vez a celebra\u00e7\u00e3o foi acolhida pela fam\u00edlia da Sra. Fabr\u00edzia, que abriu as portas do seu lar para reunir a comunidade em um momento de f\u00e9 e comunh\u00e3o.\" \/>\n<meta name=\"robots\" content=\"index, follow, max-snippet:-1, max-image-preview:large, max-video-preview:-1\" \/>\n<link rel=\"canonical\" href=\"https:\/\/www.padreeustaquio.com.br\/es\/comunidad-celebra-en-honor-al-beato-padre-eustaquio-en-patrocinio-mg\/\" \/>\n<meta property=\"og:locale\" content=\"es_ES\" \/>\n<meta property=\"og:type\" content=\"article\" \/>\n<meta property=\"og:title\" content=\"Comunidade celebra em honra ao Beato Padre Eust\u00e1quio, em Patroc\u00ednio-MG\" \/>\n<meta property=\"og:description\" content=\"A Comunidade Beato Eust\u00e1quio, em Patroc\u00ednio, MG, realizou neste m\u00eas, mais uma de suas tradicionais celebra\u00e7\u00f5es em honra ao Bem-aventurado Padre Eust\u00e1quio. Seguindo uma tradi\u00e7\u00e3o de encontros mensais, desta vez a celebra\u00e7\u00e3o foi acolhida pela fam\u00edlia da Sra. Fabr\u00edzia, que abriu as portas do seu lar para reunir a comunidade em um momento de f\u00e9 e comunh\u00e3o.\" \/>\n<meta property=\"og:url\" content=\"https:\/\/www.padreeustaquio.com.br\/es\/comunidad-celebra-en-honor-al-beato-padre-eustaquio-en-patrocinio-mg\/\" \/>\n<meta property=\"og:site_name\" content=\"Padre Eust\u00e1quio\" \/>\n<meta property=\"article:publisher\" content=\"https:\/\/www.facebook.com\/beatopadreeustaquio\/\" \/>\n<meta property=\"article:published_time\" content=\"2024-10-31T11:57:54+00:00\" \/>\n<meta property=\"article:modified_time\" content=\"2024-10-31T11:59:10+00:00\" \/>\n<meta property=\"og:image\" content=\"https:\/\/www.padreeustaquio.com.br\/wp-content\/uploads\/2024\/10\/PE-ptc-missa-outubro-4.jpeg\" \/>\n\t<meta property=\"og:image:width\" content=\"1080\" \/>\n\t<meta property=\"og:image:height\" content=\"566\" \/>\n\t<meta property=\"og:image:type\" content=\"image\/jpeg\" \/>\n<meta name=\"author\" content=\"@sscc\" \/>\n<meta name=\"twitter:card\" content=\"summary_large_image\" \/>\n<meta name=\"twitter:creator\" content=\"@beatopeustaquio\" \/>\n<meta name=\"twitter:site\" content=\"@beatopeustaquio\" \/>\n<meta name=\"twitter:label1\" content=\"Escrito por\" \/>\n\t<meta name=\"twitter:data1\" content=\"@sscc\" \/>\n\t<meta name=\"twitter:label2\" content=\"Tiempo de lectura\" \/>\n\t<meta name=\"twitter:data2\" content=\"2 minutos\" \/>\n<script type=\"application\/ld+json\" class=\"yoast-schema-graph\">{\"@context\":\"https:\/\/schema.org\",\"@graph\":[{\"@type\":\"Article\",\"@id\":\"https:\/\/www.padreeustaquio.com.br\/comunidade-celebra-em-homenagem-ao-beato-pe-eustaquio-em-patrocinio-mg\/#article\",\"isPartOf\":{\"@id\":\"https:\/\/www.padreeustaquio.com.br\/comunidade-celebra-em-homenagem-ao-beato-pe-eustaquio-em-patrocinio-mg\/\"},\"author\":{\"name\":\"@sscc\",\"@id\":\"https:\/\/www.padreeustaquio.com.br\/#\/schema\/person\/a2a51db1d00f1a7af0204a0f1ddb1566\"},\"headline\":\"Comunidade celebra em honra ao Beato Padre Eust\u00e1quio, em Patroc\u00ednio-MG\",\"datePublished\":\"2024-10-31T11:57:54+00:00\",\"dateModified\":\"2024-10-31T11:59:10+00:00\",\"mainEntityOfPage\":{\"@id\":\"https:\/\/www.padreeustaquio.com.br\/comunidade-celebra-em-homenagem-ao-beato-pe-eustaquio-em-patrocinio-mg\/\"},\"wordCount\":182,\"commentCount\":0,\"publisher\":{\"@id\":\"https:\/\/www.padreeustaquio.com.br\/#organization\"},\"image\":{\"@id\":\"https:\/\/www.padreeustaquio.com.br\/comunidade-celebra-em-homenagem-ao-beato-pe-eustaquio-em-patrocinio-mg\/#primaryimage\"},\"thumbnailUrl\":\"https:\/\/www.padreeustaquio.com.br\/wp-content\/uploads\/2024\/10\/PE-ptc-missa-outubro-4.jpeg\",\"articleSection\":[\"Not\u00edcias\"],\"inLanguage\":\"es\",\"potentialAction\":[{\"@type\":\"CommentAction\",\"name\":\"Comment\",\"target\":[\"https:\/\/www.padreeustaquio.com.br\/comunidade-celebra-em-homenagem-ao-beato-pe-eustaquio-em-patrocinio-mg\/#respond\"]}]},{\"@type\":\"WebPage\",\"@id\":\"https:\/\/www.padreeustaquio.com.br\/comunidade-celebra-em-homenagem-ao-beato-pe-eustaquio-em-patrocinio-mg\/\",\"url\":\"https:\/\/www.padreeustaquio.com.br\/comunidade-celebra-em-homenagem-ao-beato-pe-eustaquio-em-patrocinio-mg\/\",\"name\":\"Comunidade celebra em honra ao Beato Padre Eust\u00e1quio, em Patroc\u00ednio-MG\",\"isPartOf\":{\"@id\":\"https:\/\/www.padreeustaquio.com.br\/#website\"},\"primaryImageOfPage\":{\"@id\":\"https:\/\/www.padreeustaquio.com.br\/comunidade-celebra-em-homenagem-ao-beato-pe-eustaquio-em-patrocinio-mg\/#primaryimage\"},\"image\":{\"@id\":\"https:\/\/www.padreeustaquio.com.br\/comunidade-celebra-em-homenagem-ao-beato-pe-eustaquio-em-patrocinio-mg\/#primaryimage\"},\"thumbnailUrl\":\"https:\/\/www.padreeustaquio.com.br\/wp-content\/uploads\/2024\/10\/PE-ptc-missa-outubro-4.jpeg\",\"datePublished\":\"2024-10-31T11:57:54+00:00\",\"dateModified\":\"2024-10-31T11:59:10+00:00\",\"description\":\"A Comunidade Beato Eust\u00e1quio, em Patroc\u00ednio, MG, realizou neste m\u00eas, mais uma de suas tradicionais celebra\u00e7\u00f5es em honra ao Bem-aventurado Padre Eust\u00e1quio. Seguindo uma tradi\u00e7\u00e3o de encontros mensais, desta vez a celebra\u00e7\u00e3o foi acolhida pela fam\u00edlia da Sra. Fabr\u00edzia, que abriu as portas do seu lar para reunir a comunidade em um momento de f\u00e9 e comunh\u00e3o.\",\"breadcrumb\":{\"@id\":\"https:\/\/www.padreeustaquio.com.br\/comunidade-celebra-em-homenagem-ao-beato-pe-eustaquio-em-patrocinio-mg\/#breadcrumb\"},\"inLanguage\":\"es\",\"potentialAction\":[{\"@type\":\"ReadAction\",\"target\":[\"https:\/\/www.padreeustaquio.com.br\/comunidade-celebra-em-homenagem-ao-beato-pe-eustaquio-em-patrocinio-mg\/\"]}]},{\"@type\":\"ImageObject\",\"inLanguage\":\"es\",\"@id\":\"https:\/\/www.padreeustaquio.com.br\/comunidade-celebra-em-homenagem-ao-beato-pe-eustaquio-em-patrocinio-mg\/#primaryimage\",\"url\":\"https:\/\/www.padreeustaquio.com.br\/wp-content\/uploads\/2024\/10\/PE-ptc-missa-outubro-4.jpeg\",\"contentUrl\":\"https:\/\/www.padreeustaquio.com.br\/wp-content\/uploads\/2024\/10\/PE-ptc-missa-outubro-4.jpeg\",\"width\":1080,\"height\":566},{\"@type\":\"BreadcrumbList\",\"@id\":\"https:\/\/www.padreeustaquio.com.br\/comunidade-celebra-em-homenagem-ao-beato-pe-eustaquio-em-patrocinio-mg\/#breadcrumb\",\"itemListElement\":[{\"@type\":\"ListItem\",\"position\":1,\"name\":\"In\u00edcio\",\"item\":\"https:\/\/www.padreeustaquio.com.br\/\"},{\"@type\":\"ListItem\",\"position\":2,\"name\":\"Comunidade celebra em honra ao Beato Padre Eust\u00e1quio, em Patroc\u00ednio-MG\"}]},{\"@type\":\"WebSite\",\"@id\":\"https:\/\/www.padreeustaquio.com.br\/#website\",\"url\":\"https:\/\/www.padreeustaquio.com.br\/\",\"name\":\"Padre Eust\u00e1quio\",\"description\":\"Sa\u00fade e Paz\",\"publisher\":{\"@id\":\"https:\/\/www.padreeustaquio.com.br\/#organization\"},\"potentialAction\":[{\"@type\":\"SearchAction\",\"target\":{\"@type\":\"EntryPoint\",\"urlTemplate\":\"https:\/\/www.padreeustaquio.com.br\/?s={search_term_string}\"},\"query-input\":{\"@type\":\"PropertyValueSpecification\",\"valueRequired\":true,\"valueName\":\"search_term_string\"}}],\"inLanguage\":\"es\"},{\"@type\":\"Organization\",\"@id\":\"https:\/\/www.padreeustaquio.com.br\/#organization\",\"name\":\"Padre Eust\u00e1quio\",\"url\":\"https:\/\/www.padreeustaquio.com.br\/\",\"logo\":{\"@type\":\"ImageObject\",\"inLanguage\":\"es\",\"@id\":\"https:\/\/www.padreeustaquio.com.br\/#\/schema\/logo\/image\/\",\"url\":\"https:\/\/www.padreeustaquio.com.br\/wp-content\/uploads\/2019\/08\/marca.png\",\"contentUrl\":\"https:\/\/www.padreeustaquio.com.br\/wp-content\/uploads\/2019\/08\/marca.png\",\"width\":350,\"height\":400,\"caption\":\"Padre Eust\u00e1quio\"},\"image\":{\"@id\":\"https:\/\/www.padreeustaquio.com.br\/#\/schema\/logo\/image\/\"},\"sameAs\":[\"https:\/\/www.facebook.com\/beatopadreeustaquio\/\",\"https:\/\/x.com\/beatopeustaquio\",\"https:\/\/www.instagram.com\/beatopadreeustaquio\/\",\"https:\/\/www.youtube.com\/channel\/UCRhw7vfabnajwLxb1ZXMeIw\"]},{\"@type\":\"Person\",\"@id\":\"https:\/\/www.padreeustaquio.com.br\/#\/schema\/person\/a2a51db1d00f1a7af0204a0f1ddb1566\",\"name\":\"@sscc\",\"image\":{\"@type\":\"ImageObject\",\"inLanguage\":\"es\",\"@id\":\"https:\/\/secure.gravatar.com\/avatar\/68cfafa5f44617fea54071e215026e0ff06be366c3d54a8425f04fdcb86f8c5f?s=96&d=mm&r=g\",\"url\":\"https:\/\/secure.gravatar.com\/avatar\/68cfafa5f44617fea54071e215026e0ff06be366c3d54a8425f04fdcb86f8c5f?s=96&d=mm&r=g\",\"contentUrl\":\"https:\/\/secure.gravatar.com\/avatar\/68cfafa5f44617fea54071e215026e0ff06be366c3d54a8425f04fdcb86f8c5f?s=96&d=mm&r=g\",\"caption\":\"@sscc\"},\"url\":\"https:\/\/www.padreeustaquio.com.br\/es\/author\/sscc\/\"}]}<\/script>\n<!-- \/ Yoast SEO plugin. -->","yoast_head_json":{"title":"Comunidad celebra en honor del Beato Padre Eust\u00e1quio, en Patroc\u00ednio-MG","description":"La Comunidad del Beato Eustaquio de Patroc\u00ednio, MG, celebr\u00f3 este mes otra de sus tradicionales celebraciones en honor al Beato Padre Eustaquio. Siguiendo la tradici\u00f3n de las reuniones mensuales, en esta ocasi\u00f3n la celebraci\u00f3n fue organizada por la familia de la Sra. Fabr\u00edzia, quien abri\u00f3 las puertas de su casa para reunir a la comunidad en un momento de fe y comuni\u00f3n.","robots":{"index":"index","follow":"follow","max-snippet":"max-snippet:-1","max-image-preview":"max-image-preview:large","max-video-preview":"max-video-preview:-1"},"canonical":"https:\/\/www.padreeustaquio.com.br\/es\/comunidad-celebra-en-honor-al-beato-padre-eustaquio-en-patrocinio-mg\/","og_locale":"es_ES","og_type":"article","og_title":"Comunidade celebra em honra ao Beato Padre Eust\u00e1quio, em Patroc\u00ednio-MG","og_description":"A Comunidade Beato Eust\u00e1quio, em Patroc\u00ednio, MG, realizou neste m\u00eas, mais uma de suas tradicionais celebra\u00e7\u00f5es em honra ao Bem-aventurado Padre Eust\u00e1quio. Seguindo uma tradi\u00e7\u00e3o de encontros mensais, desta vez a celebra\u00e7\u00e3o foi acolhida pela fam\u00edlia da Sra. Fabr\u00edzia, que abriu as portas do seu lar para reunir a comunidade em um momento de f\u00e9 e comunh\u00e3o.","og_url":"https:\/\/www.padreeustaquio.com.br\/es\/comunidad-celebra-en-honor-al-beato-padre-eustaquio-en-patrocinio-mg\/","og_site_name":"Padre Eust\u00e1quio","article_publisher":"https:\/\/www.facebook.com\/beatopadreeustaquio\/","article_published_time":"2024-10-31T11:57:54+00:00","article_modified_time":"2024-10-31T11:59:10+00:00","og_image":[{"width":1080,"height":566,"url":"https:\/\/www.padreeustaquio.com.br\/wp-content\/uploads\/2024\/10\/PE-ptc-missa-outubro-4.jpeg","type":"image\/jpeg"}],"author":"@sscc","twitter_card":"summary_large_image","twitter_creator":"@beatopeustaquio","twitter_site":"@beatopeustaquio","twitter_misc":{"Escrito por":"@sscc","Tiempo de lectura":"2 minutos"},"schema":{"@context":"https:\/\/schema.org","@graph":[{"@type":"Article","@id":"https:\/\/www.padreeustaquio.com.br\/comunidade-celebra-em-homenagem-ao-beato-pe-eustaquio-em-patrocinio-mg\/#article","isPartOf":{"@id":"https:\/\/www.padreeustaquio.com.br\/comunidade-celebra-em-homenagem-ao-beato-pe-eustaquio-em-patrocinio-mg\/"},"author":{"name":"@sscc","@id":"https:\/\/www.padreeustaquio.com.br\/#\/schema\/person\/a2a51db1d00f1a7af0204a0f1ddb1566"},"headline":"Comunidade celebra em honra ao Beato Padre Eust\u00e1quio, em Patroc\u00ednio-MG","datePublished":"2024-10-31T11:57:54+00:00","dateModified":"2024-10-31T11:59:10+00:00","mainEntityOfPage":{"@id":"https:\/\/www.padreeustaquio.com.br\/comunidade-celebra-em-homenagem-ao-beato-pe-eustaquio-em-patrocinio-mg\/"},"wordCount":182,"commentCount":0,"publisher":{"@id":"https:\/\/www.padreeustaquio.com.br\/#organization"},"image":{"@id":"https:\/\/www.padreeustaquio.com.br\/comunidade-celebra-em-homenagem-ao-beato-pe-eustaquio-em-patrocinio-mg\/#primaryimage"},"thumbnailUrl":"https:\/\/www.padreeustaquio.com.br\/wp-content\/uploads\/2024\/10\/PE-ptc-missa-outubro-4.jpeg","articleSection":["Not\u00edcias"],"inLanguage":"es","potentialAction":[{"@type":"CommentAction","name":"Comment","target":["https:\/\/www.padreeustaquio.com.br\/comunidade-celebra-em-homenagem-ao-beato-pe-eustaquio-em-patrocinio-mg\/#respond"]}]},{"@type":"WebPage","@id":"https:\/\/www.padreeustaquio.com.br\/comunidade-celebra-em-homenagem-ao-beato-pe-eustaquio-em-patrocinio-mg\/","url":"https:\/\/www.padreeustaquio.com.br\/comunidade-celebra-em-homenagem-ao-beato-pe-eustaquio-em-patrocinio-mg\/","name":"Comunidad celebra en honor del Beato Padre Eust\u00e1quio, en Patroc\u00ednio-MG","isPartOf":{"@id":"https:\/\/www.padreeustaquio.com.br\/#website"},"primaryImageOfPage":{"@id":"https:\/\/www.padreeustaquio.com.br\/comunidade-celebra-em-homenagem-ao-beato-pe-eustaquio-em-patrocinio-mg\/#primaryimage"},"image":{"@id":"https:\/\/www.padreeustaquio.com.br\/comunidade-celebra-em-homenagem-ao-beato-pe-eustaquio-em-patrocinio-mg\/#primaryimage"},"thumbnailUrl":"https:\/\/www.padreeustaquio.com.br\/wp-content\/uploads\/2024\/10\/PE-ptc-missa-outubro-4.jpeg","datePublished":"2024-10-31T11:57:54+00:00","dateModified":"2024-10-31T11:59:10+00:00","description":"La Comunidad del Beato Eustaquio de Patroc\u00ednio, MG, celebr\u00f3 este mes otra de sus tradicionales celebraciones en honor al Beato Padre Eustaquio. Siguiendo la tradici\u00f3n de las reuniones mensuales, en esta ocasi\u00f3n la celebraci\u00f3n fue organizada por la familia de la Sra. Fabr\u00edzia, quien abri\u00f3 las puertas de su casa para reunir a la comunidad en un momento de fe y comuni\u00f3n.","breadcrumb":{"@id":"https:\/\/www.padreeustaquio.com.br\/comunidade-celebra-em-homenagem-ao-beato-pe-eustaquio-em-patrocinio-mg\/#breadcrumb"},"inLanguage":"es","potentialAction":[{"@type":"ReadAction","target":["https:\/\/www.padreeustaquio.com.br\/comunidade-celebra-em-homenagem-ao-beato-pe-eustaquio-em-patrocinio-mg\/"]}]},{"@type":"ImageObject","inLanguage":"es","@id":"https:\/\/www.padreeustaquio.com.br\/comunidade-celebra-em-homenagem-ao-beato-pe-eustaquio-em-patrocinio-mg\/#primaryimage","url":"https:\/\/www.padreeustaquio.com.br\/wp-content\/uploads\/2024\/10\/PE-ptc-missa-outubro-4.jpeg","contentUrl":"https:\/\/www.padreeustaquio.com.br\/wp-content\/uploads\/2024\/10\/PE-ptc-missa-outubro-4.jpeg","width":1080,"height":566},{"@type":"BreadcrumbList","@id":"https:\/\/www.padreeustaquio.com.br\/comunidade-celebra-em-homenagem-ao-beato-pe-eustaquio-em-patrocinio-mg\/#breadcrumb","itemListElement":[{"@type":"ListItem","position":1,"name":"In\u00edcio","item":"https:\/\/www.padreeustaquio.com.br\/"},{"@type":"ListItem","position":2,"name":"Comunidade celebra em honra ao Beato Padre Eust\u00e1quio, em Patroc\u00ednio-MG"}]},{"@type":"WebSite","@id":"https:\/\/www.padreeustaquio.com.br\/#website","url":"https:\/\/www.padreeustaquio.com.br\/","name":"Padre Eustace","description":"Salud y Paz","publisher":{"@id":"https:\/\/www.padreeustaquio.com.br\/#organization"},"potentialAction":[{"@type":"SearchAction","target":{"@type":"EntryPoint","urlTemplate":"https:\/\/www.padreeustaquio.com.br\/?s={search_term_string}"},"query-input":{"@type":"PropertyValueSpecification","valueRequired":true,"valueName":"search_term_string"}}],"inLanguage":"es"},{"@type":"Organization","@id":"https:\/\/www.padreeustaquio.com.br\/#organization","name":"Padre Eustace","url":"https:\/\/www.padreeustaquio.com.br\/","logo":{"@type":"ImageObject","inLanguage":"es","@id":"https:\/\/www.padreeustaquio.com.br\/#\/schema\/logo\/image\/","url":"https:\/\/www.padreeustaquio.com.br\/wp-content\/uploads\/2019\/08\/marca.png","contentUrl":"https:\/\/www.padreeustaquio.com.br\/wp-content\/uploads\/2019\/08\/marca.png","width":350,"height":400,"caption":"Padre Eust\u00e1quio"},"image":{"@id":"https:\/\/www.padreeustaquio.com.br\/#\/schema\/logo\/image\/"},"sameAs":["https:\/\/www.facebook.com\/beatopadreeustaquio\/","https:\/\/x.com\/beatopeustaquio","https:\/\/www.instagram.com\/beatopadreeustaquio\/","https:\/\/www.youtube.com\/channel\/UCRhw7vfabnajwLxb1ZXMeIw"]},{"@type":"Person","@id":"https:\/\/www.padreeustaquio.com.br\/#\/schema\/person\/a2a51db1d00f1a7af0204a0f1ddb1566","name":"@sscc","image":{"@type":"ImageObject","inLanguage":"es","@id":"https:\/\/secure.gravatar.com\/avatar\/68cfafa5f44617fea54071e215026e0ff06be366c3d54a8425f04fdcb86f8c5f?s=96&d=mm&r=g","url":"https:\/\/secure.gravatar.com\/avatar\/68cfafa5f44617fea54071e215026e0ff06be366c3d54a8425f04fdcb86f8c5f?s=96&d=mm&r=g","contentUrl":"https:\/\/secure.gravatar.com\/avatar\/68cfafa5f44617fea54071e215026e0ff06be366c3d54a8425f04fdcb86f8c5f?s=96&d=mm&r=g","caption":"@sscc"},"url":"https:\/\/www.padreeustaquio.com.br\/es\/author\/sscc\/"}]}},"_links":{"self":[{"href":"https:\/\/www.padreeustaquio.com.br\/es\/wp-json\/wp\/v2\/posts\/11701","targetHints":{"allow":["GET"]}}],"collection":[{"href":"https:\/\/www.padreeustaquio.com.br\/es\/wp-json\/wp\/v2\/posts"}],"about":[{"href":"https:\/\/www.padreeustaquio.com.br\/es\/wp-json\/wp\/v2\/types\/post"}],"author":[{"embeddable":true,"href":"https:\/\/www.padreeustaquio.com.br\/es\/wp-json\/wp\/v2\/users\/2"}],"replies":[{"embeddable":true,"href":"https:\/\/www.padreeustaquio.com.br\/es\/wp-json\/wp\/v2\/comments?post=11701"}],"version-history":[{"count":0,"href":"https:\/\/www.padreeustaquio.com.br\/es\/wp-json\/wp\/v2\/posts\/11701\/revisions"}],"wp:featuredmedia":[{"embeddable":true,"href":"https:\/\/www.padreeustaquio.com.br\/es\/wp-json\/wp\/v2\/media\/11702"}],"wp:attachment":[{"href":"https:\/\/www.padreeustaquio.com.br\/es\/wp-json\/wp\/v2\/media?parent=11701"}],"wp:term":[{"taxonomy":"category","embeddable":true,"href":"https:\/\/www.padreeustaquio.com.br\/es\/wp-json\/wp\/v2\/categories?post=11701"},{"taxonomy":"post_tag","embeddable":true,"href":"https:\/\/www.padreeustaquio.com.br\/es\/wp-json\/wp\/v2\/tags?post=11701"}],"curies":[{"name":"wp","href":"https:\/\/api.w.org\/{rel}","templated":true}]}}