{"id":11689,"date":"2024-10-28T18:43:09","date_gmt":"2024-10-28T21:43:09","guid":{"rendered":"https:\/\/www.padreeustaquio.com.br\/?p=11689"},"modified":"2024-10-28T18:49:06","modified_gmt":"2024-10-28T21:49:06","slug":"devotos-de-romaria-mg-inician-novena-al-beato-padre-eustaquio","status":"publish","type":"post","link":"https:\/\/www.padreeustaquio.com.br\/es\/devotos-de-romaria-mg-inician-novena-al-beato-padre-eustaquio\/","title":{"rendered":"Devotos de Romaria-MG inician Novena al Beato Padre Eust\u00e1quio"},"content":{"rendered":"<p>El 25 de octubre, devotos de Romaria-MG y alrededores iniciaron la Novena en honor al Beato Padre Eust\u00e1quio en la Bas\u00edlica Santuario de Nuestra Se\u00f1ora de la Abad\u00eda de \u00c1gua Suja.<\/p>\n<p>Las celebraciones comenzaron con una misa especial en la Capilla de la Paz, en la que se bendijo a todos aquellos que buscaban adquirir una vivienda propia o pagar su hipoteca. Este momento tambi\u00e9n marc\u00f3 la apertura del Jubileo del centenario de la llegada del Padre Eust\u00e1quio a Romaria, fortaleciendo la fe y la esperanza de la comunidad.<\/p>\n<p>Que la intercesi\u00f3n del Sant\u00edsimo gu\u00ede a los devotos en este camino de devoci\u00f3n y realizaciones.<\/p>\n\n\t\t<style type=\"text\/css\">\n\t\t\t#gallery-1 {\n\t\t\t\tmargin: auto;\n\t\t\t}\n\t\t\t#gallery-1 .gallery-item {\n\t\t\t\tfloat: left;\n\t\t\t\tmargin-top: 10px;\n\t\t\t\ttext-align: center;\n\t\t\t\twidth: 33%;\n\t\t\t}\n\t\t\t#gallery-1 img {\n\t\t\t\tborder: 2px solid #cfcfcf;\n\t\t\t}\n\t\t\t#gallery-1 .gallery-caption {\n\t\t\t\tmargin-left: 0;\n\t\t\t}\n\t\t\t\/* see gallery_shortcode() in wp-includes\/media.php *\/\n\t\t<\/style>\n\t\t<div id='gallery-1' class='gallery galleryid-11689 gallery-columns-3 gallery-size-thumbnail'><dl class='gallery-item'>\n\t\t\t<dt class='gallery-icon portrait'>\n\t\t\t\t<a href='https:\/\/www.padreeustaquio.com.br\/es\/devotos-de-romaria-mg-inician-novena-al-beato-padre-eustaquio\/festa-beato-p-eustaquio-romaria-2024-5\/'><img decoding=\"async\" width=\"150\" height=\"150\" src=\"https:\/\/www.padreeustaquio.com.br\/wp-content\/uploads\/2024\/10\/Festa-Beato-P-Eustaquio-Romaria-2024-5-150x150.jpeg\" class=\"attachment-thumbnail size-thumbnail\" alt=\"\" srcset=\"https:\/\/www.padreeustaquio.com.br\/wp-content\/uploads\/2024\/10\/Festa-Beato-P-Eustaquio-Romaria-2024-5-150x150.jpeg 150w, https:\/\/www.padreeustaquio.com.br\/wp-content\/uploads\/2024\/10\/Festa-Beato-P-Eustaquio-Romaria-2024-5-75x75.jpeg 75w, https:\/\/www.padreeustaquio.com.br\/wp-content\/uploads\/2024\/10\/Festa-Beato-P-Eustaquio-Romaria-2024-5-180x180.jpeg 180w, https:\/\/www.padreeustaquio.com.br\/wp-content\/uploads\/2024\/10\/Festa-Beato-P-Eustaquio-Romaria-2024-5-400x400.jpeg 400w, https:\/\/www.padreeustaquio.com.br\/wp-content\/uploads\/2024\/10\/Festa-Beato-P-Eustaquio-Romaria-2024-5-600x600.jpeg 600w\" sizes=\"(max-width: 150px) 100vw, 150px\" \/><\/a>\n\t\t\t<\/dt><\/dl><dl class='gallery-item'>\n\t\t\t<dt class='gallery-icon portrait'>\n\t\t\t\t<a href='https:\/\/www.padreeustaquio.com.br\/es\/devotos-de-romaria-mg-inician-novena-al-beato-padre-eustaquio\/festa-beato-p-eustaquio-romaria-2024-4\/'><img decoding=\"async\" width=\"150\" height=\"150\" src=\"https:\/\/www.padreeustaquio.com.br\/wp-content\/uploads\/2024\/10\/Festa-Beato-P-Eustaquio-Romaria-2024-4-150x150.jpeg\" class=\"attachment-thumbnail size-thumbnail\" alt=\"\" srcset=\"https:\/\/www.padreeustaquio.com.br\/wp-content\/uploads\/2024\/10\/Festa-Beato-P-Eustaquio-Romaria-2024-4-150x150.jpeg 150w, https:\/\/www.padreeustaquio.com.br\/wp-content\/uploads\/2024\/10\/Festa-Beato-P-Eustaquio-Romaria-2024-4-75x75.jpeg 75w, https:\/\/www.padreeustaquio.com.br\/wp-content\/uploads\/2024\/10\/Festa-Beato-P-Eustaquio-Romaria-2024-4-180x180.jpeg 180w, https:\/\/www.padreeustaquio.com.br\/wp-content\/uploads\/2024\/10\/Festa-Beato-P-Eustaquio-Romaria-2024-4-400x400.jpeg 400w, https:\/\/www.padreeustaquio.com.br\/wp-content\/uploads\/2024\/10\/Festa-Beato-P-Eustaquio-Romaria-2024-4-600x600.jpeg 600w\" sizes=\"(max-width: 150px) 100vw, 150px\" \/><\/a>\n\t\t\t<\/dt><\/dl><dl class='gallery-item'>\n\t\t\t<dt class='gallery-icon portrait'>\n\t\t\t\t<a href='https:\/\/www.padreeustaquio.com.br\/es\/devotos-de-romaria-mg-inician-novena-al-beato-padre-eustaquio\/festa-beato-p-eustaquio-romaria-2024-8\/'><img decoding=\"async\" width=\"150\" height=\"150\" src=\"https:\/\/www.padreeustaquio.com.br\/wp-content\/uploads\/2024\/10\/Festa-Beato-P-Eustaquio-Romaria-2024-8-150x150.jpeg\" class=\"attachment-thumbnail size-thumbnail\" alt=\"\" srcset=\"https:\/\/www.padreeustaquio.com.br\/wp-content\/uploads\/2024\/10\/Festa-Beato-P-Eustaquio-Romaria-2024-8-150x150.jpeg 150w, https:\/\/www.padreeustaquio.com.br\/wp-content\/uploads\/2024\/10\/Festa-Beato-P-Eustaquio-Romaria-2024-8-75x75.jpeg 75w, https:\/\/www.padreeustaquio.com.br\/wp-content\/uploads\/2024\/10\/Festa-Beato-P-Eustaquio-Romaria-2024-8-180x180.jpeg 180w, https:\/\/www.padreeustaquio.com.br\/wp-content\/uploads\/2024\/10\/Festa-Beato-P-Eustaquio-Romaria-2024-8-400x400.jpeg 400w, https:\/\/www.padreeustaquio.com.br\/wp-content\/uploads\/2024\/10\/Festa-Beato-P-Eustaquio-Romaria-2024-8-600x600.jpeg 600w\" sizes=\"(max-width: 150px) 100vw, 150px\" \/><\/a>\n\t\t\t<\/dt><\/dl><br style=\"clear: both\" \/><dl class='gallery-item'>\n\t\t\t<dt class='gallery-icon portrait'>\n\t\t\t\t<a href='https:\/\/www.padreeustaquio.com.br\/es\/devotos-de-romaria-mg-inician-novena-al-beato-padre-eustaquio\/festa-beato-p-eustaquio-romaria-2024-7\/'><img loading=\"lazy\" decoding=\"async\" width=\"150\" height=\"150\" src=\"https:\/\/www.padreeustaquio.com.br\/wp-content\/uploads\/2024\/10\/Festa-Beato-P-Eustaquio-Romaria-2024-7-150x150.jpeg\" class=\"attachment-thumbnail size-thumbnail\" alt=\"\" srcset=\"https:\/\/www.padreeustaquio.com.br\/wp-content\/uploads\/2024\/10\/Festa-Beato-P-Eustaquio-Romaria-2024-7-150x150.jpeg 150w, https:\/\/www.padreeustaquio.com.br\/wp-content\/uploads\/2024\/10\/Festa-Beato-P-Eustaquio-Romaria-2024-7-75x75.jpeg 75w, https:\/\/www.padreeustaquio.com.br\/wp-content\/uploads\/2024\/10\/Festa-Beato-P-Eustaquio-Romaria-2024-7-180x180.jpeg 180w, https:\/\/www.padreeustaquio.com.br\/wp-content\/uploads\/2024\/10\/Festa-Beato-P-Eustaquio-Romaria-2024-7-400x400.jpeg 400w, https:\/\/www.padreeustaquio.com.br\/wp-content\/uploads\/2024\/10\/Festa-Beato-P-Eustaquio-Romaria-2024-7-600x600.jpeg 600w\" sizes=\"(max-width: 150px) 100vw, 150px\" \/><\/a>\n\t\t\t<\/dt><\/dl><dl class='gallery-item'>\n\t\t\t<dt class='gallery-icon portrait'>\n\t\t\t\t<a href='https:\/\/www.padreeustaquio.com.br\/es\/devotos-de-romaria-mg-inician-novena-al-beato-padre-eustaquio\/festa-beato-p-eustaquio-romaria-2024-2\/'><img loading=\"lazy\" decoding=\"async\" width=\"150\" height=\"150\" src=\"https:\/\/www.padreeustaquio.com.br\/wp-content\/uploads\/2024\/10\/Festa-Beato-P-Eustaquio-Romaria-2024-2-150x150.jpeg\" class=\"attachment-thumbnail size-thumbnail\" alt=\"\" srcset=\"https:\/\/www.padreeustaquio.com.br\/wp-content\/uploads\/2024\/10\/Festa-Beato-P-Eustaquio-Romaria-2024-2-150x150.jpeg 150w, https:\/\/www.padreeustaquio.com.br\/wp-content\/uploads\/2024\/10\/Festa-Beato-P-Eustaquio-Romaria-2024-2-75x75.jpeg 75w, https:\/\/www.padreeustaquio.com.br\/wp-content\/uploads\/2024\/10\/Festa-Beato-P-Eustaquio-Romaria-2024-2-180x180.jpeg 180w, https:\/\/www.padreeustaquio.com.br\/wp-content\/uploads\/2024\/10\/Festa-Beato-P-Eustaquio-Romaria-2024-2-400x400.jpeg 400w, https:\/\/www.padreeustaquio.com.br\/wp-content\/uploads\/2024\/10\/Festa-Beato-P-Eustaquio-Romaria-2024-2-600x600.jpeg 600w\" sizes=\"(max-width: 150px) 100vw, 150px\" \/><\/a>\n\t\t\t<\/dt><\/dl><dl class='gallery-item'>\n\t\t\t<dt class='gallery-icon portrait'>\n\t\t\t\t<a href='https:\/\/www.padreeustaquio.com.br\/es\/devotos-de-romaria-mg-inician-novena-al-beato-padre-eustaquio\/festa-beato-p-eustaquio-romaria-2024-3\/'><img loading=\"lazy\" decoding=\"async\" width=\"150\" height=\"150\" src=\"https:\/\/www.padreeustaquio.com.br\/wp-content\/uploads\/2024\/10\/Festa-Beato-P-Eustaquio-Romaria-2024-3-150x150.jpeg\" class=\"attachment-thumbnail size-thumbnail\" alt=\"\" srcset=\"https:\/\/www.padreeustaquio.com.br\/wp-content\/uploads\/2024\/10\/Festa-Beato-P-Eustaquio-Romaria-2024-3-150x150.jpeg 150w, https:\/\/www.padreeustaquio.com.br\/wp-content\/uploads\/2024\/10\/Festa-Beato-P-Eustaquio-Romaria-2024-3-75x75.jpeg 75w, https:\/\/www.padreeustaquio.com.br\/wp-content\/uploads\/2024\/10\/Festa-Beato-P-Eustaquio-Romaria-2024-3-180x180.jpeg 180w, https:\/\/www.padreeustaquio.com.br\/wp-content\/uploads\/2024\/10\/Festa-Beato-P-Eustaquio-Romaria-2024-3-400x400.jpeg 400w, https:\/\/www.padreeustaquio.com.br\/wp-content\/uploads\/2024\/10\/Festa-Beato-P-Eustaquio-Romaria-2024-3-600x600.jpeg 600w\" sizes=\"(max-width: 150px) 100vw, 150px\" \/><\/a>\n\t\t\t<\/dt><\/dl><br style=\"clear: both\" \/><dl class='gallery-item'>\n\t\t\t<dt class='gallery-icon portrait'>\n\t\t\t\t<a href='https:\/\/www.padreeustaquio.com.br\/es\/devotos-de-romaria-mg-inician-novena-al-beato-padre-eustaquio\/festa-beato-p-eustaquio-romaria-2024-6\/'><img loading=\"lazy\" decoding=\"async\" width=\"150\" height=\"150\" src=\"https:\/\/www.padreeustaquio.com.br\/wp-content\/uploads\/2024\/10\/Festa-Beato-P-Eustaquio-Romaria-2024-6-150x150.jpeg\" class=\"attachment-thumbnail size-thumbnail\" alt=\"\" srcset=\"https:\/\/www.padreeustaquio.com.br\/wp-content\/uploads\/2024\/10\/Festa-Beato-P-Eustaquio-Romaria-2024-6-150x150.jpeg 150w, https:\/\/www.padreeustaquio.com.br\/wp-content\/uploads\/2024\/10\/Festa-Beato-P-Eustaquio-Romaria-2024-6-75x75.jpeg 75w, https:\/\/www.padreeustaquio.com.br\/wp-content\/uploads\/2024\/10\/Festa-Beato-P-Eustaquio-Romaria-2024-6-180x180.jpeg 180w, https:\/\/www.padreeustaquio.com.br\/wp-content\/uploads\/2024\/10\/Festa-Beato-P-Eustaquio-Romaria-2024-6-400x400.jpeg 400w, https:\/\/www.padreeustaquio.com.br\/wp-content\/uploads\/2024\/10\/Festa-Beato-P-Eustaquio-Romaria-2024-6-600x600.jpeg 600w\" sizes=\"(max-width: 150px) 100vw, 150px\" \/><\/a>\n\t\t\t<\/dt><\/dl><dl class='gallery-item'>\n\t\t\t<dt class='gallery-icon portrait'>\n\t\t\t\t<a href='https:\/\/www.padreeustaquio.com.br\/es\/devotos-de-romaria-mg-inician-novena-al-beato-padre-eustaquio\/festa-beato-p-eustaquio-romaria-2024-1\/'><img loading=\"lazy\" decoding=\"async\" width=\"150\" height=\"150\" src=\"https:\/\/www.padreeustaquio.com.br\/wp-content\/uploads\/2024\/10\/Festa-Beato-P-Eustaquio-Romaria-2024-1-150x150.jpeg\" class=\"attachment-thumbnail size-thumbnail\" alt=\"\" srcset=\"https:\/\/www.padreeustaquio.com.br\/wp-content\/uploads\/2024\/10\/Festa-Beato-P-Eustaquio-Romaria-2024-1-150x150.jpeg 150w, https:\/\/www.padreeustaquio.com.br\/wp-content\/uploads\/2024\/10\/Festa-Beato-P-Eustaquio-Romaria-2024-1-75x75.jpeg 75w, https:\/\/www.padreeustaquio.com.br\/wp-content\/uploads\/2024\/10\/Festa-Beato-P-Eustaquio-Romaria-2024-1-180x180.jpeg 180w, https:\/\/www.padreeustaquio.com.br\/wp-content\/uploads\/2024\/10\/Festa-Beato-P-Eustaquio-Romaria-2024-1-400x400.jpeg 400w, https:\/\/www.padreeustaquio.com.br\/wp-content\/uploads\/2024\/10\/Festa-Beato-P-Eustaquio-Romaria-2024-1-600x600.jpeg 600w\" sizes=\"(max-width: 150px) 100vw, 150px\" \/><\/a>\n\t\t\t<\/dt><\/dl>\n\t\t\t<br style='clear: both' \/>\n\t\t<\/div>","protected":false},"excerpt":{"rendered":"<p>No dia 25 de outubro, os devotos de Romaria-MG e entorno iniciaram a Novena em honra ao Beato Padre Eust\u00e1quio do Santu\u00e1rio Bas\u00edlica Nossa Senhora da Abadia de \u00c1gua Suja. As comemora\u00e7\u00f5es come\u00e7aram com uma missa especial, aben\u00e7oando todos que buscam a conquista da casa pr\u00f3pria ou a quita\u00e7\u00e3o do seu im\u00f3vel, na Capela da Paz. Este momento tamb\u00e9m marcou a abertura do Jubileu dos 100 anos da chegada de Padre Eust\u00e1quio a Romaria, fortalecendo a f\u00e9 e a esperan\u00e7a da comunidade. Que a intercess\u00e3o do Beato guie os devotos nessa jornada de devo\u00e7\u00e3o e realiza\u00e7\u00f5es.<\/p>","protected":false},"author":2,"featured_media":11690,"comment_status":"open","ping_status":"closed","sticky":false,"template":"","format":"standard","meta":{"_acf_changed":false,"footnotes":""},"categories":[611],"tags":[],"class_list":["post-11689","post","type-post","status-publish","format-standard","has-post-thumbnail","hentry","category-noticias"],"acf":[],"yoast_head":"<!-- This site is optimized with the Yoast SEO plugin v27.2 - https:\/\/yoast.com\/product\/yoast-seo-wordpress\/ -->\n<title>Devotos de Romaria-MG iniciam Novena ao Beato Padre Eust\u00e1quio<\/title>\n<meta name=\"description\" content=\"No dia 25 de outubro, os devotos de Romaria-MG e entorno iniciaram a Novena em honra ao Beato Padre Eust\u00e1quio do Santu\u00e1rio Bas\u00edlica Nossa Senhora da Abadia de \u00c1gua Suja.\" \/>\n<meta name=\"robots\" content=\"index, follow, max-snippet:-1, max-image-preview:large, max-video-preview:-1\" \/>\n<link rel=\"canonical\" href=\"https:\/\/www.padreeustaquio.com.br\/es\/devotos-de-romaria-mg-inician-novena-al-beato-padre-eustaquio\/\" \/>\n<meta property=\"og:locale\" content=\"es_ES\" \/>\n<meta property=\"og:type\" content=\"article\" \/>\n<meta property=\"og:title\" content=\"Devotos de Romaria-MG iniciam Novena ao Beato Padre Eust\u00e1quio\" \/>\n<meta property=\"og:description\" content=\"No dia 25 de outubro, os devotos de Romaria-MG e entorno iniciaram a Novena em honra ao Beato Padre Eust\u00e1quio do Santu\u00e1rio Bas\u00edlica Nossa Senhora da Abadia de \u00c1gua Suja.\" \/>\n<meta property=\"og:url\" content=\"https:\/\/www.padreeustaquio.com.br\/es\/devotos-de-romaria-mg-inician-novena-al-beato-padre-eustaquio\/\" \/>\n<meta property=\"og:site_name\" content=\"Padre Eust\u00e1quio\" \/>\n<meta property=\"article:publisher\" content=\"https:\/\/www.facebook.com\/beatopadreeustaquio\/\" \/>\n<meta property=\"article:published_time\" content=\"2024-10-28T21:43:09+00:00\" \/>\n<meta property=\"article:modified_time\" content=\"2024-10-28T21:49:06+00:00\" \/>\n<meta property=\"og:image\" content=\"https:\/\/www.padreeustaquio.com.br\/wp-content\/uploads\/2024\/10\/Festa-Beato-P-Eustaquio-Romaria-2024-9-e1730151777836.jpeg\" \/>\n\t<meta property=\"og:image:width\" content=\"960\" \/>\n\t<meta property=\"og:image:height\" content=\"594\" \/>\n\t<meta property=\"og:image:type\" content=\"image\/jpeg\" \/>\n<meta name=\"author\" content=\"@sscc\" \/>\n<meta name=\"twitter:card\" content=\"summary_large_image\" \/>\n<meta name=\"twitter:creator\" content=\"@beatopeustaquio\" \/>\n<meta name=\"twitter:site\" content=\"@beatopeustaquio\" \/>\n<meta name=\"twitter:label1\" content=\"Escrito por\" \/>\n\t<meta name=\"twitter:data1\" content=\"@sscc\" \/>\n\t<meta name=\"twitter:label2\" content=\"Tiempo de lectura\" \/>\n\t<meta name=\"twitter:data2\" content=\"1 minuto\" \/>\n<script type=\"application\/ld+json\" class=\"yoast-schema-graph\">{\"@context\":\"https:\/\/schema.org\",\"@graph\":[{\"@type\":\"Article\",\"@id\":\"https:\/\/www.padreeustaquio.com.br\/devotos-de-romaria-mg-iniciam-novena-ao-beato-padre-eustaquio\/#article\",\"isPartOf\":{\"@id\":\"https:\/\/www.padreeustaquio.com.br\/devotos-de-romaria-mg-iniciam-novena-ao-beato-padre-eustaquio\/\"},\"author\":{\"name\":\"@sscc\",\"@id\":\"https:\/\/www.padreeustaquio.com.br\/#\/schema\/person\/a2a51db1d00f1a7af0204a0f1ddb1566\"},\"headline\":\"Devotos de Romaria-MG iniciam Novena ao Beato Padre Eust\u00e1quio\",\"datePublished\":\"2024-10-28T21:43:09+00:00\",\"dateModified\":\"2024-10-28T21:49:06+00:00\",\"mainEntityOfPage\":{\"@id\":\"https:\/\/www.padreeustaquio.com.br\/devotos-de-romaria-mg-iniciam-novena-ao-beato-padre-eustaquio\/\"},\"wordCount\":123,\"commentCount\":0,\"publisher\":{\"@id\":\"https:\/\/www.padreeustaquio.com.br\/#organization\"},\"image\":{\"@id\":\"https:\/\/www.padreeustaquio.com.br\/devotos-de-romaria-mg-iniciam-novena-ao-beato-padre-eustaquio\/#primaryimage\"},\"thumbnailUrl\":\"https:\/\/www.padreeustaquio.com.br\/wp-content\/uploads\/2024\/10\/Festa-Beato-P-Eustaquio-Romaria-2024-9-e1730151777836.jpeg\",\"articleSection\":[\"Not\u00edcias\"],\"inLanguage\":\"es\",\"potentialAction\":[{\"@type\":\"CommentAction\",\"name\":\"Comment\",\"target\":[\"https:\/\/www.padreeustaquio.com.br\/devotos-de-romaria-mg-iniciam-novena-ao-beato-padre-eustaquio\/#respond\"]}]},{\"@type\":\"WebPage\",\"@id\":\"https:\/\/www.padreeustaquio.com.br\/devotos-de-romaria-mg-iniciam-novena-ao-beato-padre-eustaquio\/\",\"url\":\"https:\/\/www.padreeustaquio.com.br\/devotos-de-romaria-mg-iniciam-novena-ao-beato-padre-eustaquio\/\",\"name\":\"Devotos de Romaria-MG iniciam Novena ao Beato Padre Eust\u00e1quio\",\"isPartOf\":{\"@id\":\"https:\/\/www.padreeustaquio.com.br\/#website\"},\"primaryImageOfPage\":{\"@id\":\"https:\/\/www.padreeustaquio.com.br\/devotos-de-romaria-mg-iniciam-novena-ao-beato-padre-eustaquio\/#primaryimage\"},\"image\":{\"@id\":\"https:\/\/www.padreeustaquio.com.br\/devotos-de-romaria-mg-iniciam-novena-ao-beato-padre-eustaquio\/#primaryimage\"},\"thumbnailUrl\":\"https:\/\/www.padreeustaquio.com.br\/wp-content\/uploads\/2024\/10\/Festa-Beato-P-Eustaquio-Romaria-2024-9-e1730151777836.jpeg\",\"datePublished\":\"2024-10-28T21:43:09+00:00\",\"dateModified\":\"2024-10-28T21:49:06+00:00\",\"description\":\"No dia 25 de outubro, os devotos de Romaria-MG e entorno iniciaram a Novena em honra ao Beato Padre Eust\u00e1quio do Santu\u00e1rio Bas\u00edlica Nossa Senhora da Abadia de \u00c1gua Suja.\",\"breadcrumb\":{\"@id\":\"https:\/\/www.padreeustaquio.com.br\/devotos-de-romaria-mg-iniciam-novena-ao-beato-padre-eustaquio\/#breadcrumb\"},\"inLanguage\":\"es\",\"potentialAction\":[{\"@type\":\"ReadAction\",\"target\":[\"https:\/\/www.padreeustaquio.com.br\/devotos-de-romaria-mg-iniciam-novena-ao-beato-padre-eustaquio\/\"]}]},{\"@type\":\"ImageObject\",\"inLanguage\":\"es\",\"@id\":\"https:\/\/www.padreeustaquio.com.br\/devotos-de-romaria-mg-iniciam-novena-ao-beato-padre-eustaquio\/#primaryimage\",\"url\":\"https:\/\/www.padreeustaquio.com.br\/wp-content\/uploads\/2024\/10\/Festa-Beato-P-Eustaquio-Romaria-2024-9-e1730151777836.jpeg\",\"contentUrl\":\"https:\/\/www.padreeustaquio.com.br\/wp-content\/uploads\/2024\/10\/Festa-Beato-P-Eustaquio-Romaria-2024-9-e1730151777836.jpeg\",\"width\":960,\"height\":594},{\"@type\":\"BreadcrumbList\",\"@id\":\"https:\/\/www.padreeustaquio.com.br\/devotos-de-romaria-mg-iniciam-novena-ao-beato-padre-eustaquio\/#breadcrumb\",\"itemListElement\":[{\"@type\":\"ListItem\",\"position\":1,\"name\":\"In\u00edcio\",\"item\":\"https:\/\/www.padreeustaquio.com.br\/\"},{\"@type\":\"ListItem\",\"position\":2,\"name\":\"Devotos de Romaria-MG iniciam Novena ao Beato Padre Eust\u00e1quio\"}]},{\"@type\":\"WebSite\",\"@id\":\"https:\/\/www.padreeustaquio.com.br\/#website\",\"url\":\"https:\/\/www.padreeustaquio.com.br\/\",\"name\":\"Padre Eust\u00e1quio\",\"description\":\"Sa\u00fade e Paz\",\"publisher\":{\"@id\":\"https:\/\/www.padreeustaquio.com.br\/#organization\"},\"potentialAction\":[{\"@type\":\"SearchAction\",\"target\":{\"@type\":\"EntryPoint\",\"urlTemplate\":\"https:\/\/www.padreeustaquio.com.br\/?s={search_term_string}\"},\"query-input\":{\"@type\":\"PropertyValueSpecification\",\"valueRequired\":true,\"valueName\":\"search_term_string\"}}],\"inLanguage\":\"es\"},{\"@type\":\"Organization\",\"@id\":\"https:\/\/www.padreeustaquio.com.br\/#organization\",\"name\":\"Padre Eust\u00e1quio\",\"url\":\"https:\/\/www.padreeustaquio.com.br\/\",\"logo\":{\"@type\":\"ImageObject\",\"inLanguage\":\"es\",\"@id\":\"https:\/\/www.padreeustaquio.com.br\/#\/schema\/logo\/image\/\",\"url\":\"https:\/\/www.padreeustaquio.com.br\/wp-content\/uploads\/2019\/08\/marca.png\",\"contentUrl\":\"https:\/\/www.padreeustaquio.com.br\/wp-content\/uploads\/2019\/08\/marca.png\",\"width\":350,\"height\":400,\"caption\":\"Padre Eust\u00e1quio\"},\"image\":{\"@id\":\"https:\/\/www.padreeustaquio.com.br\/#\/schema\/logo\/image\/\"},\"sameAs\":[\"https:\/\/www.facebook.com\/beatopadreeustaquio\/\",\"https:\/\/x.com\/beatopeustaquio\",\"https:\/\/www.instagram.com\/beatopadreeustaquio\/\",\"https:\/\/www.youtube.com\/channel\/UCRhw7vfabnajwLxb1ZXMeIw\"]},{\"@type\":\"Person\",\"@id\":\"https:\/\/www.padreeustaquio.com.br\/#\/schema\/person\/a2a51db1d00f1a7af0204a0f1ddb1566\",\"name\":\"@sscc\",\"image\":{\"@type\":\"ImageObject\",\"inLanguage\":\"es\",\"@id\":\"https:\/\/secure.gravatar.com\/avatar\/68cfafa5f44617fea54071e215026e0ff06be366c3d54a8425f04fdcb86f8c5f?s=96&d=mm&r=g\",\"url\":\"https:\/\/secure.gravatar.com\/avatar\/68cfafa5f44617fea54071e215026e0ff06be366c3d54a8425f04fdcb86f8c5f?s=96&d=mm&r=g\",\"contentUrl\":\"https:\/\/secure.gravatar.com\/avatar\/68cfafa5f44617fea54071e215026e0ff06be366c3d54a8425f04fdcb86f8c5f?s=96&d=mm&r=g\",\"caption\":\"@sscc\"},\"url\":\"https:\/\/www.padreeustaquio.com.br\/es\/author\/sscc\/\"}]}<\/script>\n<!-- \/ Yoast SEO plugin. -->","yoast_head_json":{"title":"Devotos de Romaria-MG inician Novena al Beato Padre Eust\u00e1quio","description":"El 25 de octubre, devotos de Romaria-MG y alrededores iniciaron la Novena en honor al Beato Padre Eust\u00e1quio en la Bas\u00edlica Santuario de Nuestra Se\u00f1ora de la Abad\u00eda de \u00c1gua Suja.","robots":{"index":"index","follow":"follow","max-snippet":"max-snippet:-1","max-image-preview":"max-image-preview:large","max-video-preview":"max-video-preview:-1"},"canonical":"https:\/\/www.padreeustaquio.com.br\/es\/devotos-de-romaria-mg-inician-novena-al-beato-padre-eustaquio\/","og_locale":"es_ES","og_type":"article","og_title":"Devotos de Romaria-MG iniciam Novena ao Beato Padre Eust\u00e1quio","og_description":"No dia 25 de outubro, os devotos de Romaria-MG e entorno iniciaram a Novena em honra ao Beato Padre Eust\u00e1quio do Santu\u00e1rio Bas\u00edlica Nossa Senhora da Abadia de \u00c1gua Suja.","og_url":"https:\/\/www.padreeustaquio.com.br\/es\/devotos-de-romaria-mg-inician-novena-al-beato-padre-eustaquio\/","og_site_name":"Padre Eust\u00e1quio","article_publisher":"https:\/\/www.facebook.com\/beatopadreeustaquio\/","article_published_time":"2024-10-28T21:43:09+00:00","article_modified_time":"2024-10-28T21:49:06+00:00","og_image":[{"width":960,"height":594,"url":"https:\/\/www.padreeustaquio.com.br\/wp-content\/uploads\/2024\/10\/Festa-Beato-P-Eustaquio-Romaria-2024-9-e1730151777836.jpeg","type":"image\/jpeg"}],"author":"@sscc","twitter_card":"summary_large_image","twitter_creator":"@beatopeustaquio","twitter_site":"@beatopeustaquio","twitter_misc":{"Escrito por":"@sscc","Tiempo de lectura":"1 minuto"},"schema":{"@context":"https:\/\/schema.org","@graph":[{"@type":"Article","@id":"https:\/\/www.padreeustaquio.com.br\/devotos-de-romaria-mg-iniciam-novena-ao-beato-padre-eustaquio\/#article","isPartOf":{"@id":"https:\/\/www.padreeustaquio.com.br\/devotos-de-romaria-mg-iniciam-novena-ao-beato-padre-eustaquio\/"},"author":{"name":"@sscc","@id":"https:\/\/www.padreeustaquio.com.br\/#\/schema\/person\/a2a51db1d00f1a7af0204a0f1ddb1566"},"headline":"Devotos de Romaria-MG iniciam Novena ao Beato Padre Eust\u00e1quio","datePublished":"2024-10-28T21:43:09+00:00","dateModified":"2024-10-28T21:49:06+00:00","mainEntityOfPage":{"@id":"https:\/\/www.padreeustaquio.com.br\/devotos-de-romaria-mg-iniciam-novena-ao-beato-padre-eustaquio\/"},"wordCount":123,"commentCount":0,"publisher":{"@id":"https:\/\/www.padreeustaquio.com.br\/#organization"},"image":{"@id":"https:\/\/www.padreeustaquio.com.br\/devotos-de-romaria-mg-iniciam-novena-ao-beato-padre-eustaquio\/#primaryimage"},"thumbnailUrl":"https:\/\/www.padreeustaquio.com.br\/wp-content\/uploads\/2024\/10\/Festa-Beato-P-Eustaquio-Romaria-2024-9-e1730151777836.jpeg","articleSection":["Not\u00edcias"],"inLanguage":"es","potentialAction":[{"@type":"CommentAction","name":"Comment","target":["https:\/\/www.padreeustaquio.com.br\/devotos-de-romaria-mg-iniciam-novena-ao-beato-padre-eustaquio\/#respond"]}]},{"@type":"WebPage","@id":"https:\/\/www.padreeustaquio.com.br\/devotos-de-romaria-mg-iniciam-novena-ao-beato-padre-eustaquio\/","url":"https:\/\/www.padreeustaquio.com.br\/devotos-de-romaria-mg-iniciam-novena-ao-beato-padre-eustaquio\/","name":"Devotos de Romaria-MG inician Novena al Beato Padre Eust\u00e1quio","isPartOf":{"@id":"https:\/\/www.padreeustaquio.com.br\/#website"},"primaryImageOfPage":{"@id":"https:\/\/www.padreeustaquio.com.br\/devotos-de-romaria-mg-iniciam-novena-ao-beato-padre-eustaquio\/#primaryimage"},"image":{"@id":"https:\/\/www.padreeustaquio.com.br\/devotos-de-romaria-mg-iniciam-novena-ao-beato-padre-eustaquio\/#primaryimage"},"thumbnailUrl":"https:\/\/www.padreeustaquio.com.br\/wp-content\/uploads\/2024\/10\/Festa-Beato-P-Eustaquio-Romaria-2024-9-e1730151777836.jpeg","datePublished":"2024-10-28T21:43:09+00:00","dateModified":"2024-10-28T21:49:06+00:00","description":"El 25 de octubre, devotos de Romaria-MG y alrededores iniciaron la Novena en honor al Beato Padre Eust\u00e1quio en la Bas\u00edlica Santuario de Nuestra Se\u00f1ora de la Abad\u00eda de \u00c1gua Suja.","breadcrumb":{"@id":"https:\/\/www.padreeustaquio.com.br\/devotos-de-romaria-mg-iniciam-novena-ao-beato-padre-eustaquio\/#breadcrumb"},"inLanguage":"es","potentialAction":[{"@type":"ReadAction","target":["https:\/\/www.padreeustaquio.com.br\/devotos-de-romaria-mg-iniciam-novena-ao-beato-padre-eustaquio\/"]}]},{"@type":"ImageObject","inLanguage":"es","@id":"https:\/\/www.padreeustaquio.com.br\/devotos-de-romaria-mg-iniciam-novena-ao-beato-padre-eustaquio\/#primaryimage","url":"https:\/\/www.padreeustaquio.com.br\/wp-content\/uploads\/2024\/10\/Festa-Beato-P-Eustaquio-Romaria-2024-9-e1730151777836.jpeg","contentUrl":"https:\/\/www.padreeustaquio.com.br\/wp-content\/uploads\/2024\/10\/Festa-Beato-P-Eustaquio-Romaria-2024-9-e1730151777836.jpeg","width":960,"height":594},{"@type":"BreadcrumbList","@id":"https:\/\/www.padreeustaquio.com.br\/devotos-de-romaria-mg-iniciam-novena-ao-beato-padre-eustaquio\/#breadcrumb","itemListElement":[{"@type":"ListItem","position":1,"name":"In\u00edcio","item":"https:\/\/www.padreeustaquio.com.br\/"},{"@type":"ListItem","position":2,"name":"Devotos de Romaria-MG iniciam Novena ao Beato Padre Eust\u00e1quio"}]},{"@type":"WebSite","@id":"https:\/\/www.padreeustaquio.com.br\/#website","url":"https:\/\/www.padreeustaquio.com.br\/","name":"Padre Eustace","description":"Salud y Paz","publisher":{"@id":"https:\/\/www.padreeustaquio.com.br\/#organization"},"potentialAction":[{"@type":"SearchAction","target":{"@type":"EntryPoint","urlTemplate":"https:\/\/www.padreeustaquio.com.br\/?s={search_term_string}"},"query-input":{"@type":"PropertyValueSpecification","valueRequired":true,"valueName":"search_term_string"}}],"inLanguage":"es"},{"@type":"Organization","@id":"https:\/\/www.padreeustaquio.com.br\/#organization","name":"Padre Eustace","url":"https:\/\/www.padreeustaquio.com.br\/","logo":{"@type":"ImageObject","inLanguage":"es","@id":"https:\/\/www.padreeustaquio.com.br\/#\/schema\/logo\/image\/","url":"https:\/\/www.padreeustaquio.com.br\/wp-content\/uploads\/2019\/08\/marca.png","contentUrl":"https:\/\/www.padreeustaquio.com.br\/wp-content\/uploads\/2019\/08\/marca.png","width":350,"height":400,"caption":"Padre Eust\u00e1quio"},"image":{"@id":"https:\/\/www.padreeustaquio.com.br\/#\/schema\/logo\/image\/"},"sameAs":["https:\/\/www.facebook.com\/beatopadreeustaquio\/","https:\/\/x.com\/beatopeustaquio","https:\/\/www.instagram.com\/beatopadreeustaquio\/","https:\/\/www.youtube.com\/channel\/UCRhw7vfabnajwLxb1ZXMeIw"]},{"@type":"Person","@id":"https:\/\/www.padreeustaquio.com.br\/#\/schema\/person\/a2a51db1d00f1a7af0204a0f1ddb1566","name":"@sscc","image":{"@type":"ImageObject","inLanguage":"es","@id":"https:\/\/secure.gravatar.com\/avatar\/68cfafa5f44617fea54071e215026e0ff06be366c3d54a8425f04fdcb86f8c5f?s=96&d=mm&r=g","url":"https:\/\/secure.gravatar.com\/avatar\/68cfafa5f44617fea54071e215026e0ff06be366c3d54a8425f04fdcb86f8c5f?s=96&d=mm&r=g","contentUrl":"https:\/\/secure.gravatar.com\/avatar\/68cfafa5f44617fea54071e215026e0ff06be366c3d54a8425f04fdcb86f8c5f?s=96&d=mm&r=g","caption":"@sscc"},"url":"https:\/\/www.padreeustaquio.com.br\/es\/author\/sscc\/"}]}},"_links":{"self":[{"href":"https:\/\/www.padreeustaquio.com.br\/es\/wp-json\/wp\/v2\/posts\/11689","targetHints":{"allow":["GET"]}}],"collection":[{"href":"https:\/\/www.padreeustaquio.com.br\/es\/wp-json\/wp\/v2\/posts"}],"about":[{"href":"https:\/\/www.padreeustaquio.com.br\/es\/wp-json\/wp\/v2\/types\/post"}],"author":[{"embeddable":true,"href":"https:\/\/www.padreeustaquio.com.br\/es\/wp-json\/wp\/v2\/users\/2"}],"replies":[{"embeddable":true,"href":"https:\/\/www.padreeustaquio.com.br\/es\/wp-json\/wp\/v2\/comments?post=11689"}],"version-history":[{"count":0,"href":"https:\/\/www.padreeustaquio.com.br\/es\/wp-json\/wp\/v2\/posts\/11689\/revisions"}],"wp:featuredmedia":[{"embeddable":true,"href":"https:\/\/www.padreeustaquio.com.br\/es\/wp-json\/wp\/v2\/media\/11690"}],"wp:attachment":[{"href":"https:\/\/www.padreeustaquio.com.br\/es\/wp-json\/wp\/v2\/media?parent=11689"}],"wp:term":[{"taxonomy":"category","embeddable":true,"href":"https:\/\/www.padreeustaquio.com.br\/es\/wp-json\/wp\/v2\/categories?post=11689"},{"taxonomy":"post_tag","embeddable":true,"href":"https:\/\/www.padreeustaquio.com.br\/es\/wp-json\/wp\/v2\/tags?post=11689"}],"curies":[{"name":"wp","href":"https:\/\/api.w.org\/{rel}","templated":true}]}}