{"id":11686,"date":"2024-10-23T06:23:43","date_gmt":"2024-10-23T09:23:43","guid":{"rendered":"https:\/\/www.padreeustaquio.com.br\/?p=11686"},"modified":"2024-10-22T17:39:26","modified_gmt":"2024-10-22T20:39:26","slug":"relatos-de-fe-del-beato-padre-eustaquio-y-de-gracias-inspiradoras","status":"publish","type":"post","link":"https:\/\/www.padreeustaquio.com.br\/es\/relatos-de-fe-del-beato-padre-eustaquio-y-de-gracias-inspiradoras\/","title":{"rendered":"HISTORIAS DE FE \u2013 El Beato Padre Eustaquio y gracias inspiradoras"},"content":{"rendered":"<p>El Padre Eust\u00e1quio, conocido por su carisma y devoci\u00f3n, dej\u00f3 un legado de fe que sigue inspirando a muchos. Entre los numerosos relatos de su vida, dos episodios destacan por su profundidad espiritual y el impacto que tuvieron en los presentes.<\/p>\n<p>Uno de estos incidentes ocurri\u00f3 ante una multitud de unas 12.000 personas, todas ansiosas por recibir la bendici\u00f3n del Padre Eust\u00e1quio. Entre ellas, un hombre sobresal\u00eda. Con una jarra al hombro, desafi\u00f3 la fe y la autoridad del sacerdote, diciendo: \u201cQuiero ver si el Padre bendice este licor\u201d. En el momento en que el sacerdote comenz\u00f3 a bendecir a la gente, ocurri\u00f3 algo asombroso: la jarra se parti\u00f3 en dos, empapando al hombre por completo, pero sin derramar ni una gota al suelo.<\/p>\n<p>Otro relato significativo es el de una mujer de 20 a\u00f1os, paralizada de nacimiento, que busc\u00f3 la bendici\u00f3n del Padre Eust\u00e1quio un domingo despu\u00e9s de la misa. Acompa\u00f1ada de su familia y rodeada de devotos, se acerc\u00f3 al altar con esperanza. El Padre Eust\u00e1quio, con profunda fe, la bendijo repitiendo tres veces: \u201cLev\u00e1ntate en el nombre de San Jos\u00e9\u201d. La joven, incr\u00e9dula, respondi\u00f3 que no pod\u00eda caminar. Sin embargo, ante la insistencia del sacerdote y la fuerza de su fe, se levant\u00f3 y camin\u00f3 hacia el altar de San Jos\u00e9, rodeada de una multitud emocionada, llorando de alegr\u00eda y gratitud por presenciar el milagro.<\/p>\n<p>Estos episodios, presenciados por Ra\u00fal Bolsari, fueron presentados al Tribunal de la Causa de Canonizaci\u00f3n del Padre Eust\u00e1quio en 1963, y siguen siendo s\u00edmbolos poderosos de la obra de Dios a trav\u00e9s del sacerdote.<\/p>\n<p>Estos relatos refuerzan la importancia de su intercesi\u00f3n y el cari\u00f1o que el pueblo le profesa, considerado a\u00fan hoy una figura de profunda devoci\u00f3n y poder espiritual. Que su historia siga iluminando los corazones de los fieles y difundiendo su mensaje de salud y paz.<\/p>","protected":false},"excerpt":{"rendered":"<p>Padre Eust\u00e1quio, conhecido por seu carisma e devo\u00e7\u00e3o, deixou um legado de f\u00e9 que continua a inspirar muitos. Entre os in\u00fameros relatos de sua vida, dois epis\u00f3dios chamam a aten\u00e7\u00e3o pela profundidade espiritual e pelo impacto que tiveram nas pessoas presentes. Um desses relatos ocorreu diante de uma multid\u00e3o de cerca de 12 mil pessoas, todas ansiosas por receber a b\u00ean\u00e7\u00e3o do Padre Eust\u00e1quio. Entre elas, um homem se destacou. Carregando no ombro um garraf\u00e3o, ele desafiou a f\u00e9 e a autoridade do sacerdote, dizendo: &#8220;Quero ver se o Padre benzer esta pinga&#8221;. No momento em que o padre come\u00e7ou [&hellip;]<\/p>\n","protected":false},"author":2,"featured_media":11687,"comment_status":"open","ping_status":"closed","sticky":false,"template":"","format":"standard","meta":{"_acf_changed":false,"footnotes":""},"categories":[611],"tags":[],"class_list":["post-11686","post","type-post","status-publish","format-standard","has-post-thumbnail","hentry","category-noticias"],"acf":[],"yoast_head":"<!-- This site is optimized with the Yoast SEO plugin v27.2 - https:\/\/yoast.com\/product\/yoast-seo-wordpress\/ -->\n<title>RELATOS DE F\u00c9 - O Beato Padre Eust\u00e1quio e as gra\u00e7as inspiradoras<\/title>\n<meta name=\"description\" content=\"Padre Eust\u00e1quio, conhecido por seu carisma e devo\u00e7\u00e3o, deixou um legado de f\u00e9 que continua a inspirar muitos. Entre os in\u00fameros relatos de sua vida, dois epis\u00f3dios chamam a aten\u00e7\u00e3o pela profundidade espiritual e pelo impacto que tiveram nas pessoas presentes.\" \/>\n<meta name=\"robots\" content=\"index, follow, max-snippet:-1, max-image-preview:large, max-video-preview:-1\" \/>\n<link rel=\"canonical\" href=\"https:\/\/www.padreeustaquio.com.br\/es\/relatos-de-fe-del-beato-padre-eustaquio-y-de-gracias-inspiradoras\/\" \/>\n<meta property=\"og:locale\" content=\"es_ES\" \/>\n<meta property=\"og:type\" content=\"article\" \/>\n<meta property=\"og:title\" content=\"RELATOS DE F\u00c9 - O Beato Padre Eust\u00e1quio e as gra\u00e7as inspiradoras\" \/>\n<meta property=\"og:description\" content=\"Padre Eust\u00e1quio, conhecido por seu carisma e devo\u00e7\u00e3o, deixou um legado de f\u00e9 que continua a inspirar muitos. Entre os in\u00fameros relatos de sua vida, dois epis\u00f3dios chamam a aten\u00e7\u00e3o pela profundidade espiritual e pelo impacto que tiveram nas pessoas presentes.\" \/>\n<meta property=\"og:url\" content=\"https:\/\/www.padreeustaquio.com.br\/es\/relatos-de-fe-del-beato-padre-eustaquio-y-de-gracias-inspiradoras\/\" \/>\n<meta property=\"og:site_name\" content=\"Padre Eust\u00e1quio\" \/>\n<meta property=\"article:publisher\" content=\"https:\/\/www.facebook.com\/beatopadreeustaquio\/\" \/>\n<meta property=\"article:published_time\" content=\"2024-10-23T09:23:43+00:00\" \/>\n<meta property=\"og:image\" content=\"https:\/\/www.padreeustaquio.com.br\/wp-content\/uploads\/2024\/10\/Padre-Eustaquio-em-trabalho-missionario.jpeg\" \/>\n\t<meta property=\"og:image:width\" content=\"1600\" \/>\n\t<meta property=\"og:image:height\" content=\"1066\" \/>\n\t<meta property=\"og:image:type\" content=\"image\/jpeg\" \/>\n<meta name=\"author\" content=\"@sscc\" \/>\n<meta name=\"twitter:card\" content=\"summary_large_image\" \/>\n<meta name=\"twitter:creator\" content=\"@beatopeustaquio\" \/>\n<meta name=\"twitter:site\" content=\"@beatopeustaquio\" \/>\n<meta name=\"twitter:label1\" content=\"Escrito por\" \/>\n\t<meta name=\"twitter:data1\" content=\"@sscc\" \/>\n\t<meta name=\"twitter:label2\" content=\"Tiempo de lectura\" \/>\n\t<meta name=\"twitter:data2\" content=\"2 minutos\" \/>\n<script type=\"application\/ld+json\" class=\"yoast-schema-graph\">{\"@context\":\"https:\/\/schema.org\",\"@graph\":[{\"@type\":\"Article\",\"@id\":\"https:\/\/www.padreeustaquio.com.br\/relatos-de-fe-o-beato-padre-eustaquio-e-as-gracas-inspiradoras\/#article\",\"isPartOf\":{\"@id\":\"https:\/\/www.padreeustaquio.com.br\/relatos-de-fe-o-beato-padre-eustaquio-e-as-gracas-inspiradoras\/\"},\"author\":{\"name\":\"@sscc\",\"@id\":\"https:\/\/www.padreeustaquio.com.br\/#\/schema\/person\/a2a51db1d00f1a7af0204a0f1ddb1566\"},\"headline\":\"RELATOS DE F\u00c9 &#8211; O Beato Padre Eust\u00e1quio e as gra\u00e7as inspiradoras\",\"datePublished\":\"2024-10-23T09:23:43+00:00\",\"mainEntityOfPage\":{\"@id\":\"https:\/\/www.padreeustaquio.com.br\/relatos-de-fe-o-beato-padre-eustaquio-e-as-gracas-inspiradoras\/\"},\"wordCount\":363,\"commentCount\":0,\"publisher\":{\"@id\":\"https:\/\/www.padreeustaquio.com.br\/#organization\"},\"image\":{\"@id\":\"https:\/\/www.padreeustaquio.com.br\/relatos-de-fe-o-beato-padre-eustaquio-e-as-gracas-inspiradoras\/#primaryimage\"},\"thumbnailUrl\":\"https:\/\/www.padreeustaquio.com.br\/wp-content\/uploads\/2024\/10\/Padre-Eustaquio-em-trabalho-missionario.jpeg\",\"articleSection\":[\"Not\u00edcias\"],\"inLanguage\":\"es\",\"potentialAction\":[{\"@type\":\"CommentAction\",\"name\":\"Comment\",\"target\":[\"https:\/\/www.padreeustaquio.com.br\/relatos-de-fe-o-beato-padre-eustaquio-e-as-gracas-inspiradoras\/#respond\"]}]},{\"@type\":\"WebPage\",\"@id\":\"https:\/\/www.padreeustaquio.com.br\/relatos-de-fe-o-beato-padre-eustaquio-e-as-gracas-inspiradoras\/\",\"url\":\"https:\/\/www.padreeustaquio.com.br\/relatos-de-fe-o-beato-padre-eustaquio-e-as-gracas-inspiradoras\/\",\"name\":\"RELATOS DE F\u00c9 - O Beato Padre Eust\u00e1quio e as gra\u00e7as inspiradoras\",\"isPartOf\":{\"@id\":\"https:\/\/www.padreeustaquio.com.br\/#website\"},\"primaryImageOfPage\":{\"@id\":\"https:\/\/www.padreeustaquio.com.br\/relatos-de-fe-o-beato-padre-eustaquio-e-as-gracas-inspiradoras\/#primaryimage\"},\"image\":{\"@id\":\"https:\/\/www.padreeustaquio.com.br\/relatos-de-fe-o-beato-padre-eustaquio-e-as-gracas-inspiradoras\/#primaryimage\"},\"thumbnailUrl\":\"https:\/\/www.padreeustaquio.com.br\/wp-content\/uploads\/2024\/10\/Padre-Eustaquio-em-trabalho-missionario.jpeg\",\"datePublished\":\"2024-10-23T09:23:43+00:00\",\"description\":\"Padre Eust\u00e1quio, conhecido por seu carisma e devo\u00e7\u00e3o, deixou um legado de f\u00e9 que continua a inspirar muitos. Entre os in\u00fameros relatos de sua vida, dois epis\u00f3dios chamam a aten\u00e7\u00e3o pela profundidade espiritual e pelo impacto que tiveram nas pessoas presentes.\",\"breadcrumb\":{\"@id\":\"https:\/\/www.padreeustaquio.com.br\/relatos-de-fe-o-beato-padre-eustaquio-e-as-gracas-inspiradoras\/#breadcrumb\"},\"inLanguage\":\"es\",\"potentialAction\":[{\"@type\":\"ReadAction\",\"target\":[\"https:\/\/www.padreeustaquio.com.br\/relatos-de-fe-o-beato-padre-eustaquio-e-as-gracas-inspiradoras\/\"]}]},{\"@type\":\"ImageObject\",\"inLanguage\":\"es\",\"@id\":\"https:\/\/www.padreeustaquio.com.br\/relatos-de-fe-o-beato-padre-eustaquio-e-as-gracas-inspiradoras\/#primaryimage\",\"url\":\"https:\/\/www.padreeustaquio.com.br\/wp-content\/uploads\/2024\/10\/Padre-Eustaquio-em-trabalho-missionario.jpeg\",\"contentUrl\":\"https:\/\/www.padreeustaquio.com.br\/wp-content\/uploads\/2024\/10\/Padre-Eustaquio-em-trabalho-missionario.jpeg\",\"width\":1600,\"height\":1066},{\"@type\":\"BreadcrumbList\",\"@id\":\"https:\/\/www.padreeustaquio.com.br\/relatos-de-fe-o-beato-padre-eustaquio-e-as-gracas-inspiradoras\/#breadcrumb\",\"itemListElement\":[{\"@type\":\"ListItem\",\"position\":1,\"name\":\"In\u00edcio\",\"item\":\"https:\/\/www.padreeustaquio.com.br\/\"},{\"@type\":\"ListItem\",\"position\":2,\"name\":\"RELATOS DE F\u00c9 &#8211; O Beato Padre Eust\u00e1quio e as gra\u00e7as inspiradoras\"}]},{\"@type\":\"WebSite\",\"@id\":\"https:\/\/www.padreeustaquio.com.br\/#website\",\"url\":\"https:\/\/www.padreeustaquio.com.br\/\",\"name\":\"Padre Eust\u00e1quio\",\"description\":\"Sa\u00fade e Paz\",\"publisher\":{\"@id\":\"https:\/\/www.padreeustaquio.com.br\/#organization\"},\"potentialAction\":[{\"@type\":\"SearchAction\",\"target\":{\"@type\":\"EntryPoint\",\"urlTemplate\":\"https:\/\/www.padreeustaquio.com.br\/?s={search_term_string}\"},\"query-input\":{\"@type\":\"PropertyValueSpecification\",\"valueRequired\":true,\"valueName\":\"search_term_string\"}}],\"inLanguage\":\"es\"},{\"@type\":\"Organization\",\"@id\":\"https:\/\/www.padreeustaquio.com.br\/#organization\",\"name\":\"Padre Eust\u00e1quio\",\"url\":\"https:\/\/www.padreeustaquio.com.br\/\",\"logo\":{\"@type\":\"ImageObject\",\"inLanguage\":\"es\",\"@id\":\"https:\/\/www.padreeustaquio.com.br\/#\/schema\/logo\/image\/\",\"url\":\"https:\/\/www.padreeustaquio.com.br\/wp-content\/uploads\/2019\/08\/marca.png\",\"contentUrl\":\"https:\/\/www.padreeustaquio.com.br\/wp-content\/uploads\/2019\/08\/marca.png\",\"width\":350,\"height\":400,\"caption\":\"Padre Eust\u00e1quio\"},\"image\":{\"@id\":\"https:\/\/www.padreeustaquio.com.br\/#\/schema\/logo\/image\/\"},\"sameAs\":[\"https:\/\/www.facebook.com\/beatopadreeustaquio\/\",\"https:\/\/x.com\/beatopeustaquio\",\"https:\/\/www.instagram.com\/beatopadreeustaquio\/\",\"https:\/\/www.youtube.com\/channel\/UCRhw7vfabnajwLxb1ZXMeIw\"]},{\"@type\":\"Person\",\"@id\":\"https:\/\/www.padreeustaquio.com.br\/#\/schema\/person\/a2a51db1d00f1a7af0204a0f1ddb1566\",\"name\":\"@sscc\",\"image\":{\"@type\":\"ImageObject\",\"inLanguage\":\"es\",\"@id\":\"https:\/\/secure.gravatar.com\/avatar\/68cfafa5f44617fea54071e215026e0ff06be366c3d54a8425f04fdcb86f8c5f?s=96&d=mm&r=g\",\"url\":\"https:\/\/secure.gravatar.com\/avatar\/68cfafa5f44617fea54071e215026e0ff06be366c3d54a8425f04fdcb86f8c5f?s=96&d=mm&r=g\",\"contentUrl\":\"https:\/\/secure.gravatar.com\/avatar\/68cfafa5f44617fea54071e215026e0ff06be366c3d54a8425f04fdcb86f8c5f?s=96&d=mm&r=g\",\"caption\":\"@sscc\"},\"url\":\"https:\/\/www.padreeustaquio.com.br\/es\/author\/sscc\/\"}]}<\/script>\n<!-- \/ Yoast SEO plugin. -->","yoast_head_json":{"title":"HISTORIAS DE FE - El Beato Padre Eustaquio y gracias inspiradoras","description":"El Padre Eust\u00e1quio, conocido por su carisma y devoci\u00f3n, dej\u00f3 un legado de fe que sigue inspirando a muchos. Entre los numerosos relatos de su vida, dos episodios destacan por su profundidad espiritual y el impacto que tuvieron en los presentes.","robots":{"index":"index","follow":"follow","max-snippet":"max-snippet:-1","max-image-preview":"max-image-preview:large","max-video-preview":"max-video-preview:-1"},"canonical":"https:\/\/www.padreeustaquio.com.br\/es\/relatos-de-fe-del-beato-padre-eustaquio-y-de-gracias-inspiradoras\/","og_locale":"es_ES","og_type":"article","og_title":"RELATOS DE F\u00c9 - O Beato Padre Eust\u00e1quio e as gra\u00e7as inspiradoras","og_description":"Padre Eust\u00e1quio, conhecido por seu carisma e devo\u00e7\u00e3o, deixou um legado de f\u00e9 que continua a inspirar muitos. Entre os in\u00fameros relatos de sua vida, dois epis\u00f3dios chamam a aten\u00e7\u00e3o pela profundidade espiritual e pelo impacto que tiveram nas pessoas presentes.","og_url":"https:\/\/www.padreeustaquio.com.br\/es\/relatos-de-fe-del-beato-padre-eustaquio-y-de-gracias-inspiradoras\/","og_site_name":"Padre Eust\u00e1quio","article_publisher":"https:\/\/www.facebook.com\/beatopadreeustaquio\/","article_published_time":"2024-10-23T09:23:43+00:00","og_image":[{"width":1600,"height":1066,"url":"https:\/\/www.padreeustaquio.com.br\/wp-content\/uploads\/2024\/10\/Padre-Eustaquio-em-trabalho-missionario.jpeg","type":"image\/jpeg"}],"author":"@sscc","twitter_card":"summary_large_image","twitter_creator":"@beatopeustaquio","twitter_site":"@beatopeustaquio","twitter_misc":{"Escrito por":"@sscc","Tiempo de lectura":"2 minutos"},"schema":{"@context":"https:\/\/schema.org","@graph":[{"@type":"Article","@id":"https:\/\/www.padreeustaquio.com.br\/relatos-de-fe-o-beato-padre-eustaquio-e-as-gracas-inspiradoras\/#article","isPartOf":{"@id":"https:\/\/www.padreeustaquio.com.br\/relatos-de-fe-o-beato-padre-eustaquio-e-as-gracas-inspiradoras\/"},"author":{"name":"@sscc","@id":"https:\/\/www.padreeustaquio.com.br\/#\/schema\/person\/a2a51db1d00f1a7af0204a0f1ddb1566"},"headline":"RELATOS DE F\u00c9 &#8211; O Beato Padre Eust\u00e1quio e as gra\u00e7as inspiradoras","datePublished":"2024-10-23T09:23:43+00:00","mainEntityOfPage":{"@id":"https:\/\/www.padreeustaquio.com.br\/relatos-de-fe-o-beato-padre-eustaquio-e-as-gracas-inspiradoras\/"},"wordCount":363,"commentCount":0,"publisher":{"@id":"https:\/\/www.padreeustaquio.com.br\/#organization"},"image":{"@id":"https:\/\/www.padreeustaquio.com.br\/relatos-de-fe-o-beato-padre-eustaquio-e-as-gracas-inspiradoras\/#primaryimage"},"thumbnailUrl":"https:\/\/www.padreeustaquio.com.br\/wp-content\/uploads\/2024\/10\/Padre-Eustaquio-em-trabalho-missionario.jpeg","articleSection":["Not\u00edcias"],"inLanguage":"es","potentialAction":[{"@type":"CommentAction","name":"Comment","target":["https:\/\/www.padreeustaquio.com.br\/relatos-de-fe-o-beato-padre-eustaquio-e-as-gracas-inspiradoras\/#respond"]}]},{"@type":"WebPage","@id":"https:\/\/www.padreeustaquio.com.br\/relatos-de-fe-o-beato-padre-eustaquio-e-as-gracas-inspiradoras\/","url":"https:\/\/www.padreeustaquio.com.br\/relatos-de-fe-o-beato-padre-eustaquio-e-as-gracas-inspiradoras\/","name":"HISTORIAS DE FE - El Beato Padre Eustaquio y gracias inspiradoras","isPartOf":{"@id":"https:\/\/www.padreeustaquio.com.br\/#website"},"primaryImageOfPage":{"@id":"https:\/\/www.padreeustaquio.com.br\/relatos-de-fe-o-beato-padre-eustaquio-e-as-gracas-inspiradoras\/#primaryimage"},"image":{"@id":"https:\/\/www.padreeustaquio.com.br\/relatos-de-fe-o-beato-padre-eustaquio-e-as-gracas-inspiradoras\/#primaryimage"},"thumbnailUrl":"https:\/\/www.padreeustaquio.com.br\/wp-content\/uploads\/2024\/10\/Padre-Eustaquio-em-trabalho-missionario.jpeg","datePublished":"2024-10-23T09:23:43+00:00","description":"El Padre Eust\u00e1quio, conocido por su carisma y devoci\u00f3n, dej\u00f3 un legado de fe que sigue inspirando a muchos. Entre los numerosos relatos de su vida, dos episodios destacan por su profundidad espiritual y el impacto que tuvieron en los presentes.","breadcrumb":{"@id":"https:\/\/www.padreeustaquio.com.br\/relatos-de-fe-o-beato-padre-eustaquio-e-as-gracas-inspiradoras\/#breadcrumb"},"inLanguage":"es","potentialAction":[{"@type":"ReadAction","target":["https:\/\/www.padreeustaquio.com.br\/relatos-de-fe-o-beato-padre-eustaquio-e-as-gracas-inspiradoras\/"]}]},{"@type":"ImageObject","inLanguage":"es","@id":"https:\/\/www.padreeustaquio.com.br\/relatos-de-fe-o-beato-padre-eustaquio-e-as-gracas-inspiradoras\/#primaryimage","url":"https:\/\/www.padreeustaquio.com.br\/wp-content\/uploads\/2024\/10\/Padre-Eustaquio-em-trabalho-missionario.jpeg","contentUrl":"https:\/\/www.padreeustaquio.com.br\/wp-content\/uploads\/2024\/10\/Padre-Eustaquio-em-trabalho-missionario.jpeg","width":1600,"height":1066},{"@type":"BreadcrumbList","@id":"https:\/\/www.padreeustaquio.com.br\/relatos-de-fe-o-beato-padre-eustaquio-e-as-gracas-inspiradoras\/#breadcrumb","itemListElement":[{"@type":"ListItem","position":1,"name":"In\u00edcio","item":"https:\/\/www.padreeustaquio.com.br\/"},{"@type":"ListItem","position":2,"name":"RELATOS DE F\u00c9 &#8211; O Beato Padre Eust\u00e1quio e as gra\u00e7as inspiradoras"}]},{"@type":"WebSite","@id":"https:\/\/www.padreeustaquio.com.br\/#website","url":"https:\/\/www.padreeustaquio.com.br\/","name":"Padre Eustace","description":"Salud y Paz","publisher":{"@id":"https:\/\/www.padreeustaquio.com.br\/#organization"},"potentialAction":[{"@type":"SearchAction","target":{"@type":"EntryPoint","urlTemplate":"https:\/\/www.padreeustaquio.com.br\/?s={search_term_string}"},"query-input":{"@type":"PropertyValueSpecification","valueRequired":true,"valueName":"search_term_string"}}],"inLanguage":"es"},{"@type":"Organization","@id":"https:\/\/www.padreeustaquio.com.br\/#organization","name":"Padre Eustace","url":"https:\/\/www.padreeustaquio.com.br\/","logo":{"@type":"ImageObject","inLanguage":"es","@id":"https:\/\/www.padreeustaquio.com.br\/#\/schema\/logo\/image\/","url":"https:\/\/www.padreeustaquio.com.br\/wp-content\/uploads\/2019\/08\/marca.png","contentUrl":"https:\/\/www.padreeustaquio.com.br\/wp-content\/uploads\/2019\/08\/marca.png","width":350,"height":400,"caption":"Padre Eust\u00e1quio"},"image":{"@id":"https:\/\/www.padreeustaquio.com.br\/#\/schema\/logo\/image\/"},"sameAs":["https:\/\/www.facebook.com\/beatopadreeustaquio\/","https:\/\/x.com\/beatopeustaquio","https:\/\/www.instagram.com\/beatopadreeustaquio\/","https:\/\/www.youtube.com\/channel\/UCRhw7vfabnajwLxb1ZXMeIw"]},{"@type":"Person","@id":"https:\/\/www.padreeustaquio.com.br\/#\/schema\/person\/a2a51db1d00f1a7af0204a0f1ddb1566","name":"@sscc","image":{"@type":"ImageObject","inLanguage":"es","@id":"https:\/\/secure.gravatar.com\/avatar\/68cfafa5f44617fea54071e215026e0ff06be366c3d54a8425f04fdcb86f8c5f?s=96&d=mm&r=g","url":"https:\/\/secure.gravatar.com\/avatar\/68cfafa5f44617fea54071e215026e0ff06be366c3d54a8425f04fdcb86f8c5f?s=96&d=mm&r=g","contentUrl":"https:\/\/secure.gravatar.com\/avatar\/68cfafa5f44617fea54071e215026e0ff06be366c3d54a8425f04fdcb86f8c5f?s=96&d=mm&r=g","caption":"@sscc"},"url":"https:\/\/www.padreeustaquio.com.br\/es\/author\/sscc\/"}]}},"_links":{"self":[{"href":"https:\/\/www.padreeustaquio.com.br\/es\/wp-json\/wp\/v2\/posts\/11686","targetHints":{"allow":["GET"]}}],"collection":[{"href":"https:\/\/www.padreeustaquio.com.br\/es\/wp-json\/wp\/v2\/posts"}],"about":[{"href":"https:\/\/www.padreeustaquio.com.br\/es\/wp-json\/wp\/v2\/types\/post"}],"author":[{"embeddable":true,"href":"https:\/\/www.padreeustaquio.com.br\/es\/wp-json\/wp\/v2\/users\/2"}],"replies":[{"embeddable":true,"href":"https:\/\/www.padreeustaquio.com.br\/es\/wp-json\/wp\/v2\/comments?post=11686"}],"version-history":[{"count":0,"href":"https:\/\/www.padreeustaquio.com.br\/es\/wp-json\/wp\/v2\/posts\/11686\/revisions"}],"wp:featuredmedia":[{"embeddable":true,"href":"https:\/\/www.padreeustaquio.com.br\/es\/wp-json\/wp\/v2\/media\/11687"}],"wp:attachment":[{"href":"https:\/\/www.padreeustaquio.com.br\/es\/wp-json\/wp\/v2\/media?parent=11686"}],"wp:term":[{"taxonomy":"category","embeddable":true,"href":"https:\/\/www.padreeustaquio.com.br\/es\/wp-json\/wp\/v2\/categories?post=11686"},{"taxonomy":"post_tag","embeddable":true,"href":"https:\/\/www.padreeustaquio.com.br\/es\/wp-json\/wp\/v2\/tags?post=11686"}],"curies":[{"name":"wp","href":"https:\/\/api.w.org\/{rel}","templated":true}]}}