{"id":11656,"date":"2024-10-21T08:21:37","date_gmt":"2024-10-21T11:21:37","guid":{"rendered":"https:\/\/www.padreeustaquio.com.br\/?p=11656"},"modified":"2024-10-21T08:24:21","modified_gmt":"2024-10-21T11:24:21","slug":"candidatura-a-vicepresidente-divulga-fotos-ineditas-del-beato-padre-eustaquio-en-porto-alegre-sp","status":"publish","type":"post","link":"https:\/\/www.padreeustaquio.com.br\/es\/candidatura-a-vicepresidente-divulga-fotos-ineditas-del-beato-padre-eustaquio-en-porto-alegre-sp\/","title":{"rendered":"Vicepostulaci\u00f3n divulga fotos in\u00e9ditas del Beato Padre Eust\u00e1quio en Po\u00e1-SP."},"content":{"rendered":"<p>La Causa de Canonizaci\u00f3n del Beato ha publicado fotos in\u00e9ditas del Beato Padre Eust\u00e1quio en Po\u00e1. Las fotos muestran a personas buscando al sacerdote holand\u00e9s en Po\u00e1, una regi\u00f3n metropolitana de S\u00e3o Paulo, y la ayuda que les brind\u00f3.<\/p>\n<p><strong>El paso del padre Eust\u00e1quio por Po\u00e1<\/strong><\/p>\n<p>Durante su misi\u00f3n pastoral, el Beato Padre Eust\u00e1quio dej\u00f3 una profunda huella dondequiera que estuvo, y la ciudad de Po\u00e1, en S\u00e3o Paulo, fue uno de esos lugares bendecidos por su presencia. Entre 1935 y 1941, fue p\u00e1rroco de la ciudad, convirti\u00e9ndose en una figura de gran inspiraci\u00f3n espiritual y social.<\/p>\n<p>El Padre Eust\u00e1quio era conocido por su dedicaci\u00f3n al cuidado de los enfermos y a la promoci\u00f3n de la paz, tanto espiritual como social. Su lema, &quot;Salud y Paz&quot;, no era solo un saludo, sino un ideal que practicaba con fervor, transmitiendo esperanza y sanaci\u00f3n con sus acciones y sermones. Su sencillez y cercan\u00eda al pueblo lo convirtieron en un sacerdote muy querido entre los fieles.<\/p>\n\n\t\t<style type=\"text\/css\">\n\t\t\t#gallery-1 {\n\t\t\t\tmargin: auto;\n\t\t\t}\n\t\t\t#gallery-1 .gallery-item {\n\t\t\t\tfloat: left;\n\t\t\t\tmargin-top: 10px;\n\t\t\t\ttext-align: center;\n\t\t\t\twidth: 33%;\n\t\t\t}\n\t\t\t#gallery-1 img {\n\t\t\t\tborder: 2px solid #cfcfcf;\n\t\t\t}\n\t\t\t#gallery-1 .gallery-caption {\n\t\t\t\tmargin-left: 0;\n\t\t\t}\n\t\t\t\/* see gallery_shortcode() in wp-includes\/media.php *\/\n\t\t<\/style>\n\t\t<div id='gallery-1' class='gallery galleryid-11656 gallery-columns-3 gallery-size-thumbnail'><dl class='gallery-item'>\n\t\t\t<dt class='gallery-icon portrait'>\n\t\t\t\t<a href='https:\/\/www.padreeustaquio.com.br\/es\/candidatura-a-vicepresidente-divulga-fotos-ineditas-del-beato-padre-eustaquio-en-porto-alegre-sp\/padre-eustaquio-em-poa-sp-2\/'><img decoding=\"async\" width=\"150\" height=\"150\" src=\"https:\/\/www.padreeustaquio.com.br\/wp-content\/uploads\/2024\/10\/Padre-Eustaquio-em-POA-SP-2-150x150.jpeg\" class=\"attachment-thumbnail size-thumbnail\" alt=\"\" srcset=\"https:\/\/www.padreeustaquio.com.br\/wp-content\/uploads\/2024\/10\/Padre-Eustaquio-em-POA-SP-2-150x150.jpeg 150w, https:\/\/www.padreeustaquio.com.br\/wp-content\/uploads\/2024\/10\/Padre-Eustaquio-em-POA-SP-2-75x75.jpeg 75w, https:\/\/www.padreeustaquio.com.br\/wp-content\/uploads\/2024\/10\/Padre-Eustaquio-em-POA-SP-2-180x180.jpeg 180w, https:\/\/www.padreeustaquio.com.br\/wp-content\/uploads\/2024\/10\/Padre-Eustaquio-em-POA-SP-2-400x400.jpeg 400w, https:\/\/www.padreeustaquio.com.br\/wp-content\/uploads\/2024\/10\/Padre-Eustaquio-em-POA-SP-2-600x600.jpeg 600w\" sizes=\"(max-width: 150px) 100vw, 150px\" \/><\/a>\n\t\t\t<\/dt><\/dl><dl class='gallery-item'>\n\t\t\t<dt class='gallery-icon portrait'>\n\t\t\t\t<a href='https:\/\/www.padreeustaquio.com.br\/es\/candidatura-a-vicepresidente-divulga-fotos-ineditas-del-beato-padre-eustaquio-en-porto-alegre-sp\/padre-eustaquio-em-poa-sp-3\/'><img decoding=\"async\" width=\"150\" height=\"150\" src=\"https:\/\/www.padreeustaquio.com.br\/wp-content\/uploads\/2024\/10\/Padre-Eustaquio-em-POA-SP-3-150x150.jpeg\" class=\"attachment-thumbnail size-thumbnail\" alt=\"\" srcset=\"https:\/\/www.padreeustaquio.com.br\/wp-content\/uploads\/2024\/10\/Padre-Eustaquio-em-POA-SP-3-150x150.jpeg 150w, https:\/\/www.padreeustaquio.com.br\/wp-content\/uploads\/2024\/10\/Padre-Eustaquio-em-POA-SP-3-75x75.jpeg 75w, https:\/\/www.padreeustaquio.com.br\/wp-content\/uploads\/2024\/10\/Padre-Eustaquio-em-POA-SP-3-180x180.jpeg 180w, https:\/\/www.padreeustaquio.com.br\/wp-content\/uploads\/2024\/10\/Padre-Eustaquio-em-POA-SP-3-400x400.jpeg 400w, https:\/\/www.padreeustaquio.com.br\/wp-content\/uploads\/2024\/10\/Padre-Eustaquio-em-POA-SP-3-600x600.jpeg 600w\" sizes=\"(max-width: 150px) 100vw, 150px\" \/><\/a>\n\t\t\t<\/dt><\/dl><dl class='gallery-item'>\n\t\t\t<dt class='gallery-icon portrait'>\n\t\t\t\t<a href='https:\/\/www.padreeustaquio.com.br\/es\/candidatura-a-vicepresidente-divulga-fotos-ineditas-del-beato-padre-eustaquio-en-porto-alegre-sp\/padre-eustaquio-em-poa-sp-4\/'><img decoding=\"async\" width=\"150\" height=\"150\" src=\"https:\/\/www.padreeustaquio.com.br\/wp-content\/uploads\/2024\/10\/Padre-Eustaquio-em-POA-SP-4-150x150.jpeg\" class=\"attachment-thumbnail size-thumbnail\" alt=\"\" srcset=\"https:\/\/www.padreeustaquio.com.br\/wp-content\/uploads\/2024\/10\/Padre-Eustaquio-em-POA-SP-4-150x150.jpeg 150w, https:\/\/www.padreeustaquio.com.br\/wp-content\/uploads\/2024\/10\/Padre-Eustaquio-em-POA-SP-4-75x75.jpeg 75w, https:\/\/www.padreeustaquio.com.br\/wp-content\/uploads\/2024\/10\/Padre-Eustaquio-em-POA-SP-4-180x180.jpeg 180w, https:\/\/www.padreeustaquio.com.br\/wp-content\/uploads\/2024\/10\/Padre-Eustaquio-em-POA-SP-4-400x400.jpeg 400w, https:\/\/www.padreeustaquio.com.br\/wp-content\/uploads\/2024\/10\/Padre-Eustaquio-em-POA-SP-4-600x600.jpeg 600w\" sizes=\"(max-width: 150px) 100vw, 150px\" \/><\/a>\n\t\t\t<\/dt><\/dl><br style=\"clear: both\" \/><dl class='gallery-item'>\n\t\t\t<dt class='gallery-icon portrait'>\n\t\t\t\t<a href='https:\/\/www.padreeustaquio.com.br\/es\/candidatura-a-vicepresidente-divulga-fotos-ineditas-del-beato-padre-eustaquio-en-porto-alegre-sp\/padre-eustaquio-em-poa-sp-5\/'><img loading=\"lazy\" decoding=\"async\" width=\"150\" height=\"150\" src=\"https:\/\/www.padreeustaquio.com.br\/wp-content\/uploads\/2024\/10\/Padre-Eustaquio-em-POA-SP-5-150x150.jpeg\" class=\"attachment-thumbnail size-thumbnail\" alt=\"\" srcset=\"https:\/\/www.padreeustaquio.com.br\/wp-content\/uploads\/2024\/10\/Padre-Eustaquio-em-POA-SP-5-150x150.jpeg 150w, https:\/\/www.padreeustaquio.com.br\/wp-content\/uploads\/2024\/10\/Padre-Eustaquio-em-POA-SP-5-75x75.jpeg 75w, https:\/\/www.padreeustaquio.com.br\/wp-content\/uploads\/2024\/10\/Padre-Eustaquio-em-POA-SP-5-180x180.jpeg 180w, https:\/\/www.padreeustaquio.com.br\/wp-content\/uploads\/2024\/10\/Padre-Eustaquio-em-POA-SP-5-400x400.jpeg 400w, https:\/\/www.padreeustaquio.com.br\/wp-content\/uploads\/2024\/10\/Padre-Eustaquio-em-POA-SP-5-600x600.jpeg 600w\" sizes=\"(max-width: 150px) 100vw, 150px\" \/><\/a>\n\t\t\t<\/dt><\/dl><dl class='gallery-item'>\n\t\t\t<dt class='gallery-icon portrait'>\n\t\t\t\t<a href='https:\/\/www.padreeustaquio.com.br\/es\/candidatura-a-vicepresidente-divulga-fotos-ineditas-del-beato-padre-eustaquio-en-porto-alegre-sp\/padre-eustaquio-em-poa-sp-6\/'><img loading=\"lazy\" decoding=\"async\" width=\"150\" height=\"150\" src=\"https:\/\/www.padreeustaquio.com.br\/wp-content\/uploads\/2024\/10\/Padre-Eustaquio-em-POA-SP-6-150x150.jpeg\" class=\"attachment-thumbnail size-thumbnail\" alt=\"\" srcset=\"https:\/\/www.padreeustaquio.com.br\/wp-content\/uploads\/2024\/10\/Padre-Eustaquio-em-POA-SP-6-150x150.jpeg 150w, https:\/\/www.padreeustaquio.com.br\/wp-content\/uploads\/2024\/10\/Padre-Eustaquio-em-POA-SP-6-75x75.jpeg 75w, https:\/\/www.padreeustaquio.com.br\/wp-content\/uploads\/2024\/10\/Padre-Eustaquio-em-POA-SP-6-180x180.jpeg 180w, https:\/\/www.padreeustaquio.com.br\/wp-content\/uploads\/2024\/10\/Padre-Eustaquio-em-POA-SP-6-400x400.jpeg 400w, https:\/\/www.padreeustaquio.com.br\/wp-content\/uploads\/2024\/10\/Padre-Eustaquio-em-POA-SP-6-600x600.jpeg 600w\" sizes=\"(max-width: 150px) 100vw, 150px\" \/><\/a>\n\t\t\t<\/dt><\/dl><dl class='gallery-item'>\n\t\t\t<dt class='gallery-icon portrait'>\n\t\t\t\t<a href='https:\/\/www.padreeustaquio.com.br\/es\/candidatura-a-vicepresidente-divulga-fotos-ineditas-del-beato-padre-eustaquio-en-porto-alegre-sp\/padre-eustaquio-em-poa-sp-7\/'><img loading=\"lazy\" decoding=\"async\" width=\"150\" height=\"150\" src=\"https:\/\/www.padreeustaquio.com.br\/wp-content\/uploads\/2024\/10\/Padre-Eustaquio-em-POA-SP-7-150x150.jpeg\" class=\"attachment-thumbnail size-thumbnail\" alt=\"\" srcset=\"https:\/\/www.padreeustaquio.com.br\/wp-content\/uploads\/2024\/10\/Padre-Eustaquio-em-POA-SP-7-150x150.jpeg 150w, https:\/\/www.padreeustaquio.com.br\/wp-content\/uploads\/2024\/10\/Padre-Eustaquio-em-POA-SP-7-75x75.jpeg 75w, https:\/\/www.padreeustaquio.com.br\/wp-content\/uploads\/2024\/10\/Padre-Eustaquio-em-POA-SP-7-180x180.jpeg 180w, https:\/\/www.padreeustaquio.com.br\/wp-content\/uploads\/2024\/10\/Padre-Eustaquio-em-POA-SP-7-400x400.jpeg 400w, https:\/\/www.padreeustaquio.com.br\/wp-content\/uploads\/2024\/10\/Padre-Eustaquio-em-POA-SP-7-600x600.jpeg 600w\" sizes=\"(max-width: 150px) 100vw, 150px\" \/><\/a>\n\t\t\t<\/dt><\/dl><br style=\"clear: both\" \/><dl class='gallery-item'>\n\t\t\t<dt class='gallery-icon portrait'>\n\t\t\t\t<a href='https:\/\/www.padreeustaquio.com.br\/es\/candidatura-a-vicepresidente-divulga-fotos-ineditas-del-beato-padre-eustaquio-en-porto-alegre-sp\/padre-eustaquio-em-poa-sp-8\/'><img loading=\"lazy\" decoding=\"async\" width=\"150\" height=\"150\" src=\"https:\/\/www.padreeustaquio.com.br\/wp-content\/uploads\/2024\/10\/Padre-Eustaquio-em-POA-SP-8-150x150.jpeg\" class=\"attachment-thumbnail size-thumbnail\" alt=\"\" srcset=\"https:\/\/www.padreeustaquio.com.br\/wp-content\/uploads\/2024\/10\/Padre-Eustaquio-em-POA-SP-8-150x150.jpeg 150w, https:\/\/www.padreeustaquio.com.br\/wp-content\/uploads\/2024\/10\/Padre-Eustaquio-em-POA-SP-8-75x75.jpeg 75w, https:\/\/www.padreeustaquio.com.br\/wp-content\/uploads\/2024\/10\/Padre-Eustaquio-em-POA-SP-8-180x180.jpeg 180w, https:\/\/www.padreeustaquio.com.br\/wp-content\/uploads\/2024\/10\/Padre-Eustaquio-em-POA-SP-8-400x400.jpeg 400w, https:\/\/www.padreeustaquio.com.br\/wp-content\/uploads\/2024\/10\/Padre-Eustaquio-em-POA-SP-8-600x600.jpeg 600w\" sizes=\"(max-width: 150px) 100vw, 150px\" \/><\/a>\n\t\t\t<\/dt><\/dl><dl class='gallery-item'>\n\t\t\t<dt class='gallery-icon landscape'>\n\t\t\t\t<a href='https:\/\/www.padreeustaquio.com.br\/es\/candidatura-a-vicepresidente-divulga-fotos-ineditas-del-beato-padre-eustaquio-en-porto-alegre-sp\/padre-eustaquio-em-poa-sp-9\/'><img loading=\"lazy\" decoding=\"async\" width=\"150\" height=\"150\" src=\"https:\/\/www.padreeustaquio.com.br\/wp-content\/uploads\/2024\/10\/Padre-Eustaquio-em-POA-SP-9-150x150.jpeg\" class=\"attachment-thumbnail size-thumbnail\" alt=\"\" srcset=\"https:\/\/www.padreeustaquio.com.br\/wp-content\/uploads\/2024\/10\/Padre-Eustaquio-em-POA-SP-9-150x150.jpeg 150w, https:\/\/www.padreeustaquio.com.br\/wp-content\/uploads\/2024\/10\/Padre-Eustaquio-em-POA-SP-9-75x75.jpeg 75w, https:\/\/www.padreeustaquio.com.br\/wp-content\/uploads\/2024\/10\/Padre-Eustaquio-em-POA-SP-9-180x180.jpeg 180w, https:\/\/www.padreeustaquio.com.br\/wp-content\/uploads\/2024\/10\/Padre-Eustaquio-em-POA-SP-9-400x400.jpeg 400w, https:\/\/www.padreeustaquio.com.br\/wp-content\/uploads\/2024\/10\/Padre-Eustaquio-em-POA-SP-9-600x600.jpeg 600w\" sizes=\"(max-width: 150px) 100vw, 150px\" \/><\/a>\n\t\t\t<\/dt><\/dl><dl class='gallery-item'>\n\t\t\t<dt class='gallery-icon landscape'>\n\t\t\t\t<a href='https:\/\/www.padreeustaquio.com.br\/es\/candidatura-a-vicepresidente-divulga-fotos-ineditas-del-beato-padre-eustaquio-en-porto-alegre-sp\/padre-eustaquio-em-poa-sp-10\/'><img loading=\"lazy\" decoding=\"async\" width=\"150\" height=\"150\" src=\"https:\/\/www.padreeustaquio.com.br\/wp-content\/uploads\/2024\/10\/Padre-Eustaquio-em-POA-SP-10-150x150.jpeg\" class=\"attachment-thumbnail size-thumbnail\" alt=\"\" srcset=\"https:\/\/www.padreeustaquio.com.br\/wp-content\/uploads\/2024\/10\/Padre-Eustaquio-em-POA-SP-10-150x150.jpeg 150w, https:\/\/www.padreeustaquio.com.br\/wp-content\/uploads\/2024\/10\/Padre-Eustaquio-em-POA-SP-10-75x75.jpeg 75w, https:\/\/www.padreeustaquio.com.br\/wp-content\/uploads\/2024\/10\/Padre-Eustaquio-em-POA-SP-10-180x180.jpeg 180w, https:\/\/www.padreeustaquio.com.br\/wp-content\/uploads\/2024\/10\/Padre-Eustaquio-em-POA-SP-10-400x400.jpeg 400w, https:\/\/www.padreeustaquio.com.br\/wp-content\/uploads\/2024\/10\/Padre-Eustaquio-em-POA-SP-10-600x600.jpeg 600w\" sizes=\"(max-width: 150px) 100vw, 150px\" \/><\/a>\n\t\t\t<\/dt><\/dl><br style=\"clear: both\" \/><dl class='gallery-item'>\n\t\t\t<dt class='gallery-icon portrait'>\n\t\t\t\t<a href='https:\/\/www.padreeustaquio.com.br\/es\/candidatura-a-vicepresidente-divulga-fotos-ineditas-del-beato-padre-eustaquio-en-porto-alegre-sp\/padre-eustaquio-em-poa-sp-11\/'><img loading=\"lazy\" decoding=\"async\" width=\"150\" height=\"150\" src=\"https:\/\/www.padreeustaquio.com.br\/wp-content\/uploads\/2024\/10\/Padre-Eustaquio-em-POA-SP-11-150x150.jpeg\" class=\"attachment-thumbnail size-thumbnail\" alt=\"\" srcset=\"https:\/\/www.padreeustaquio.com.br\/wp-content\/uploads\/2024\/10\/Padre-Eustaquio-em-POA-SP-11-150x150.jpeg 150w, https:\/\/www.padreeustaquio.com.br\/wp-content\/uploads\/2024\/10\/Padre-Eustaquio-em-POA-SP-11-75x75.jpeg 75w, https:\/\/www.padreeustaquio.com.br\/wp-content\/uploads\/2024\/10\/Padre-Eustaquio-em-POA-SP-11-180x180.jpeg 180w, https:\/\/www.padreeustaquio.com.br\/wp-content\/uploads\/2024\/10\/Padre-Eustaquio-em-POA-SP-11-400x400.jpeg 400w, https:\/\/www.padreeustaquio.com.br\/wp-content\/uploads\/2024\/10\/Padre-Eustaquio-em-POA-SP-11-600x600.jpeg 600w\" sizes=\"(max-width: 150px) 100vw, 150px\" \/><\/a>\n\t\t\t<\/dt><\/dl><dl class='gallery-item'>\n\t\t\t<dt class='gallery-icon portrait'>\n\t\t\t\t<a href='https:\/\/www.padreeustaquio.com.br\/es\/candidatura-a-vicepresidente-divulga-fotos-ineditas-del-beato-padre-eustaquio-en-porto-alegre-sp\/padre-eustaquio-em-poa-sp-12\/'><img loading=\"lazy\" decoding=\"async\" width=\"150\" height=\"150\" src=\"https:\/\/www.padreeustaquio.com.br\/wp-content\/uploads\/2024\/10\/Padre-Eustaquio-em-POA-SP-12-150x150.jpeg\" class=\"attachment-thumbnail size-thumbnail\" alt=\"\" srcset=\"https:\/\/www.padreeustaquio.com.br\/wp-content\/uploads\/2024\/10\/Padre-Eustaquio-em-POA-SP-12-150x150.jpeg 150w, https:\/\/www.padreeustaquio.com.br\/wp-content\/uploads\/2024\/10\/Padre-Eustaquio-em-POA-SP-12-75x75.jpeg 75w, https:\/\/www.padreeustaquio.com.br\/wp-content\/uploads\/2024\/10\/Padre-Eustaquio-em-POA-SP-12-180x180.jpeg 180w, https:\/\/www.padreeustaquio.com.br\/wp-content\/uploads\/2024\/10\/Padre-Eustaquio-em-POA-SP-12-400x400.jpeg 400w, https:\/\/www.padreeustaquio.com.br\/wp-content\/uploads\/2024\/10\/Padre-Eustaquio-em-POA-SP-12-600x600.jpeg 600w\" sizes=\"(max-width: 150px) 100vw, 150px\" \/><\/a>\n\t\t\t<\/dt><\/dl><dl class='gallery-item'>\n\t\t\t<dt class='gallery-icon landscape'>\n\t\t\t\t<a href='https:\/\/www.padreeustaquio.com.br\/es\/candidatura-a-vicepresidente-divulga-fotos-ineditas-del-beato-padre-eustaquio-en-porto-alegre-sp\/padre-eustaquio-em-poa-sp-13\/'><img loading=\"lazy\" decoding=\"async\" width=\"150\" height=\"150\" src=\"https:\/\/www.padreeustaquio.com.br\/wp-content\/uploads\/2024\/10\/Padre-Eustaquio-em-POA-SP-13-150x150.jpeg\" class=\"attachment-thumbnail size-thumbnail\" alt=\"\" srcset=\"https:\/\/www.padreeustaquio.com.br\/wp-content\/uploads\/2024\/10\/Padre-Eustaquio-em-POA-SP-13-150x150.jpeg 150w, https:\/\/www.padreeustaquio.com.br\/wp-content\/uploads\/2024\/10\/Padre-Eustaquio-em-POA-SP-13-75x75.jpeg 75w, https:\/\/www.padreeustaquio.com.br\/wp-content\/uploads\/2024\/10\/Padre-Eustaquio-em-POA-SP-13-180x180.jpeg 180w, https:\/\/www.padreeustaquio.com.br\/wp-content\/uploads\/2024\/10\/Padre-Eustaquio-em-POA-SP-13-400x400.jpeg 400w, https:\/\/www.padreeustaquio.com.br\/wp-content\/uploads\/2024\/10\/Padre-Eustaquio-em-POA-SP-13-600x600.jpeg 600w\" sizes=\"(max-width: 150px) 100vw, 150px\" \/><\/a>\n\t\t\t<\/dt><\/dl><br style=\"clear: both\" \/><dl class='gallery-item'>\n\t\t\t<dt class='gallery-icon landscape'>\n\t\t\t\t<a href='https:\/\/www.padreeustaquio.com.br\/es\/candidatura-a-vicepresidente-divulga-fotos-ineditas-del-beato-padre-eustaquio-en-porto-alegre-sp\/padre-eustaquio-em-poa-sp-14\/'><img loading=\"lazy\" decoding=\"async\" width=\"150\" height=\"150\" src=\"https:\/\/www.padreeustaquio.com.br\/wp-content\/uploads\/2024\/10\/Padre-Eustaquio-em-POA-SP-14-150x150.jpeg\" class=\"attachment-thumbnail size-thumbnail\" alt=\"\" srcset=\"https:\/\/www.padreeustaquio.com.br\/wp-content\/uploads\/2024\/10\/Padre-Eustaquio-em-POA-SP-14-150x150.jpeg 150w, https:\/\/www.padreeustaquio.com.br\/wp-content\/uploads\/2024\/10\/Padre-Eustaquio-em-POA-SP-14-75x75.jpeg 75w, https:\/\/www.padreeustaquio.com.br\/wp-content\/uploads\/2024\/10\/Padre-Eustaquio-em-POA-SP-14-180x180.jpeg 180w, https:\/\/www.padreeustaquio.com.br\/wp-content\/uploads\/2024\/10\/Padre-Eustaquio-em-POA-SP-14-400x400.jpeg 400w, https:\/\/www.padreeustaquio.com.br\/wp-content\/uploads\/2024\/10\/Padre-Eustaquio-em-POA-SP-14-600x600.jpeg 600w\" sizes=\"(max-width: 150px) 100vw, 150px\" \/><\/a>\n\t\t\t<\/dt><\/dl><dl class='gallery-item'>\n\t\t\t<dt class='gallery-icon landscape'>\n\t\t\t\t<a href='https:\/\/www.padreeustaquio.com.br\/es\/candidatura-a-vicepresidente-divulga-fotos-ineditas-del-beato-padre-eustaquio-en-porto-alegre-sp\/padre-eustaquio-em-poa-sp-15\/'><img loading=\"lazy\" decoding=\"async\" width=\"150\" height=\"150\" src=\"https:\/\/www.padreeustaquio.com.br\/wp-content\/uploads\/2024\/10\/Padre-Eustaquio-em-POA-SP-15-150x150.jpeg\" class=\"attachment-thumbnail size-thumbnail\" alt=\"\" srcset=\"https:\/\/www.padreeustaquio.com.br\/wp-content\/uploads\/2024\/10\/Padre-Eustaquio-em-POA-SP-15-150x150.jpeg 150w, https:\/\/www.padreeustaquio.com.br\/wp-content\/uploads\/2024\/10\/Padre-Eustaquio-em-POA-SP-15-75x75.jpeg 75w, https:\/\/www.padreeustaquio.com.br\/wp-content\/uploads\/2024\/10\/Padre-Eustaquio-em-POA-SP-15-180x180.jpeg 180w, https:\/\/www.padreeustaquio.com.br\/wp-content\/uploads\/2024\/10\/Padre-Eustaquio-em-POA-SP-15-400x400.jpeg 400w, https:\/\/www.padreeustaquio.com.br\/wp-content\/uploads\/2024\/10\/Padre-Eustaquio-em-POA-SP-15-600x600.jpeg 600w\" sizes=\"(max-width: 150px) 100vw, 150px\" \/><\/a>\n\t\t\t<\/dt><\/dl><dl class='gallery-item'>\n\t\t\t<dt class='gallery-icon landscape'>\n\t\t\t\t<a href='https:\/\/www.padreeustaquio.com.br\/es\/candidatura-a-vicepresidente-divulga-fotos-ineditas-del-beato-padre-eustaquio-en-porto-alegre-sp\/padre-eustaquio-em-poa-sp-16\/'><img loading=\"lazy\" decoding=\"async\" width=\"150\" height=\"150\" src=\"https:\/\/www.padreeustaquio.com.br\/wp-content\/uploads\/2024\/10\/Padre-Eustaquio-em-POA-SP-16-150x150.jpeg\" class=\"attachment-thumbnail size-thumbnail\" alt=\"\" srcset=\"https:\/\/www.padreeustaquio.com.br\/wp-content\/uploads\/2024\/10\/Padre-Eustaquio-em-POA-SP-16-150x150.jpeg 150w, https:\/\/www.padreeustaquio.com.br\/wp-content\/uploads\/2024\/10\/Padre-Eustaquio-em-POA-SP-16-75x75.jpeg 75w, https:\/\/www.padreeustaquio.com.br\/wp-content\/uploads\/2024\/10\/Padre-Eustaquio-em-POA-SP-16-180x180.jpeg 180w, https:\/\/www.padreeustaquio.com.br\/wp-content\/uploads\/2024\/10\/Padre-Eustaquio-em-POA-SP-16-400x400.jpeg 400w, https:\/\/www.padreeustaquio.com.br\/wp-content\/uploads\/2024\/10\/Padre-Eustaquio-em-POA-SP-16-600x600.jpeg 600w\" sizes=\"(max-width: 150px) 100vw, 150px\" \/><\/a>\n\t\t\t<\/dt><\/dl><br style=\"clear: both\" \/><dl class='gallery-item'>\n\t\t\t<dt class='gallery-icon landscape'>\n\t\t\t\t<a href='https:\/\/www.padreeustaquio.com.br\/es\/candidatura-a-vicepresidente-divulga-fotos-ineditas-del-beato-padre-eustaquio-en-porto-alegre-sp\/padre-eustaquio-em-poa-sp-17\/'><img loading=\"lazy\" decoding=\"async\" width=\"150\" height=\"150\" src=\"https:\/\/www.padreeustaquio.com.br\/wp-content\/uploads\/2024\/10\/Padre-Eustaquio-em-POA-SP-17-150x150.jpeg\" class=\"attachment-thumbnail size-thumbnail\" alt=\"\" srcset=\"https:\/\/www.padreeustaquio.com.br\/wp-content\/uploads\/2024\/10\/Padre-Eustaquio-em-POA-SP-17-150x150.jpeg 150w, https:\/\/www.padreeustaquio.com.br\/wp-content\/uploads\/2024\/10\/Padre-Eustaquio-em-POA-SP-17-75x75.jpeg 75w, https:\/\/www.padreeustaquio.com.br\/wp-content\/uploads\/2024\/10\/Padre-Eustaquio-em-POA-SP-17-180x180.jpeg 180w, https:\/\/www.padreeustaquio.com.br\/wp-content\/uploads\/2024\/10\/Padre-Eustaquio-em-POA-SP-17-400x400.jpeg 400w, https:\/\/www.padreeustaquio.com.br\/wp-content\/uploads\/2024\/10\/Padre-Eustaquio-em-POA-SP-17-600x600.jpeg 600w\" sizes=\"(max-width: 150px) 100vw, 150px\" \/><\/a>\n\t\t\t<\/dt><\/dl><dl class='gallery-item'>\n\t\t\t<dt class='gallery-icon landscape'>\n\t\t\t\t<a href='https:\/\/www.padreeustaquio.com.br\/es\/candidatura-a-vicepresidente-divulga-fotos-ineditas-del-beato-padre-eustaquio-en-porto-alegre-sp\/padre-eustaquio-em-poa-sp-18\/'><img loading=\"lazy\" decoding=\"async\" width=\"150\" height=\"150\" src=\"https:\/\/www.padreeustaquio.com.br\/wp-content\/uploads\/2024\/10\/Padre-Eustaquio-em-POA-SP-18-150x150.jpeg\" class=\"attachment-thumbnail size-thumbnail\" alt=\"\" srcset=\"https:\/\/www.padreeustaquio.com.br\/wp-content\/uploads\/2024\/10\/Padre-Eustaquio-em-POA-SP-18-150x150.jpeg 150w, https:\/\/www.padreeustaquio.com.br\/wp-content\/uploads\/2024\/10\/Padre-Eustaquio-em-POA-SP-18-75x75.jpeg 75w, https:\/\/www.padreeustaquio.com.br\/wp-content\/uploads\/2024\/10\/Padre-Eustaquio-em-POA-SP-18-180x180.jpeg 180w, https:\/\/www.padreeustaquio.com.br\/wp-content\/uploads\/2024\/10\/Padre-Eustaquio-em-POA-SP-18-400x400.jpeg 400w, https:\/\/www.padreeustaquio.com.br\/wp-content\/uploads\/2024\/10\/Padre-Eustaquio-em-POA-SP-18-600x600.jpeg 600w\" sizes=\"(max-width: 150px) 100vw, 150px\" \/><\/a>\n\t\t\t<\/dt><\/dl><dl class='gallery-item'>\n\t\t\t<dt class='gallery-icon landscape'>\n\t\t\t\t<a href='https:\/\/www.padreeustaquio.com.br\/es\/candidatura-a-vicepresidente-divulga-fotos-ineditas-del-beato-padre-eustaquio-en-porto-alegre-sp\/padre-eustaquio-em-poa-sp-19\/'><img loading=\"lazy\" decoding=\"async\" width=\"150\" height=\"150\" src=\"https:\/\/www.padreeustaquio.com.br\/wp-content\/uploads\/2024\/10\/Padre-Eustaquio-em-POA-SP-19-150x150.jpeg\" class=\"attachment-thumbnail size-thumbnail\" alt=\"\" srcset=\"https:\/\/www.padreeustaquio.com.br\/wp-content\/uploads\/2024\/10\/Padre-Eustaquio-em-POA-SP-19-150x150.jpeg 150w, https:\/\/www.padreeustaquio.com.br\/wp-content\/uploads\/2024\/10\/Padre-Eustaquio-em-POA-SP-19-75x75.jpeg 75w, https:\/\/www.padreeustaquio.com.br\/wp-content\/uploads\/2024\/10\/Padre-Eustaquio-em-POA-SP-19-180x180.jpeg 180w, https:\/\/www.padreeustaquio.com.br\/wp-content\/uploads\/2024\/10\/Padre-Eustaquio-em-POA-SP-19-400x400.jpeg 400w, https:\/\/www.padreeustaquio.com.br\/wp-content\/uploads\/2024\/10\/Padre-Eustaquio-em-POA-SP-19-600x600.jpeg 600w\" sizes=\"(max-width: 150px) 100vw, 150px\" \/><\/a>\n\t\t\t<\/dt><\/dl><br style=\"clear: both\" \/><dl class='gallery-item'>\n\t\t\t<dt class='gallery-icon landscape'>\n\t\t\t\t<a href='https:\/\/www.padreeustaquio.com.br\/es\/candidatura-a-vicepresidente-divulga-fotos-ineditas-del-beato-padre-eustaquio-en-porto-alegre-sp\/padre-eustaquio-em-poa-sp-20\/'><img loading=\"lazy\" decoding=\"async\" width=\"150\" height=\"150\" src=\"https:\/\/www.padreeustaquio.com.br\/wp-content\/uploads\/2024\/10\/Padre-Eustaquio-em-POA-SP-20-150x150.jpeg\" class=\"attachment-thumbnail size-thumbnail\" alt=\"\" srcset=\"https:\/\/www.padreeustaquio.com.br\/wp-content\/uploads\/2024\/10\/Padre-Eustaquio-em-POA-SP-20-150x150.jpeg 150w, https:\/\/www.padreeustaquio.com.br\/wp-content\/uploads\/2024\/10\/Padre-Eustaquio-em-POA-SP-20-75x75.jpeg 75w, https:\/\/www.padreeustaquio.com.br\/wp-content\/uploads\/2024\/10\/Padre-Eustaquio-em-POA-SP-20-180x180.jpeg 180w, https:\/\/www.padreeustaquio.com.br\/wp-content\/uploads\/2024\/10\/Padre-Eustaquio-em-POA-SP-20-400x400.jpeg 400w, https:\/\/www.padreeustaquio.com.br\/wp-content\/uploads\/2024\/10\/Padre-Eustaquio-em-POA-SP-20-600x600.jpeg 600w\" sizes=\"(max-width: 150px) 100vw, 150px\" \/><\/a>\n\t\t\t<\/dt><\/dl><dl class='gallery-item'>\n\t\t\t<dt class='gallery-icon landscape'>\n\t\t\t\t<a href='https:\/\/www.padreeustaquio.com.br\/es\/candidatura-a-vicepresidente-divulga-fotos-ineditas-del-beato-padre-eustaquio-en-porto-alegre-sp\/padre-eustaquio-em-poa-sp-21\/'><img loading=\"lazy\" decoding=\"async\" width=\"150\" height=\"150\" src=\"https:\/\/www.padreeustaquio.com.br\/wp-content\/uploads\/2024\/10\/Padre-Eustaquio-em-POA-SP-21-150x150.jpeg\" class=\"attachment-thumbnail size-thumbnail\" alt=\"\" srcset=\"https:\/\/www.padreeustaquio.com.br\/wp-content\/uploads\/2024\/10\/Padre-Eustaquio-em-POA-SP-21-150x150.jpeg 150w, https:\/\/www.padreeustaquio.com.br\/wp-content\/uploads\/2024\/10\/Padre-Eustaquio-em-POA-SP-21-75x75.jpeg 75w, https:\/\/www.padreeustaquio.com.br\/wp-content\/uploads\/2024\/10\/Padre-Eustaquio-em-POA-SP-21-180x180.jpeg 180w, https:\/\/www.padreeustaquio.com.br\/wp-content\/uploads\/2024\/10\/Padre-Eustaquio-em-POA-SP-21-400x400.jpeg 400w, https:\/\/www.padreeustaquio.com.br\/wp-content\/uploads\/2024\/10\/Padre-Eustaquio-em-POA-SP-21-600x600.jpeg 600w\" sizes=\"(max-width: 150px) 100vw, 150px\" \/><\/a>\n\t\t\t<\/dt><\/dl><dl class='gallery-item'>\n\t\t\t<dt class='gallery-icon landscape'>\n\t\t\t\t<a href='https:\/\/www.padreeustaquio.com.br\/es\/candidatura-a-vicepresidente-divulga-fotos-ineditas-del-beato-padre-eustaquio-en-porto-alegre-sp\/padre-eustaquio-em-poa-sp-22\/'><img loading=\"lazy\" decoding=\"async\" width=\"150\" height=\"150\" src=\"https:\/\/www.padreeustaquio.com.br\/wp-content\/uploads\/2024\/10\/Padre-Eustaquio-em-POA-SP-22-150x150.jpeg\" class=\"attachment-thumbnail size-thumbnail\" alt=\"\" srcset=\"https:\/\/www.padreeustaquio.com.br\/wp-content\/uploads\/2024\/10\/Padre-Eustaquio-em-POA-SP-22-150x150.jpeg 150w, https:\/\/www.padreeustaquio.com.br\/wp-content\/uploads\/2024\/10\/Padre-Eustaquio-em-POA-SP-22-75x75.jpeg 75w, https:\/\/www.padreeustaquio.com.br\/wp-content\/uploads\/2024\/10\/Padre-Eustaquio-em-POA-SP-22-180x180.jpeg 180w, https:\/\/www.padreeustaquio.com.br\/wp-content\/uploads\/2024\/10\/Padre-Eustaquio-em-POA-SP-22-400x400.jpeg 400w, https:\/\/www.padreeustaquio.com.br\/wp-content\/uploads\/2024\/10\/Padre-Eustaquio-em-POA-SP-22-600x600.jpeg 600w\" sizes=\"(max-width: 150px) 100vw, 150px\" \/><\/a>\n\t\t\t<\/dt><\/dl><br style=\"clear: both\" \/><dl class='gallery-item'>\n\t\t\t<dt class='gallery-icon landscape'>\n\t\t\t\t<a href='https:\/\/www.padreeustaquio.com.br\/es\/candidatura-a-vicepresidente-divulga-fotos-ineditas-del-beato-padre-eustaquio-en-porto-alegre-sp\/padre-eustaquio-em-poa-sp-23\/'><img loading=\"lazy\" decoding=\"async\" width=\"150\" height=\"150\" src=\"https:\/\/www.padreeustaquio.com.br\/wp-content\/uploads\/2024\/10\/Padre-Eustaquio-em-POA-SP-23-150x150.jpeg\" class=\"attachment-thumbnail size-thumbnail\" alt=\"\" srcset=\"https:\/\/www.padreeustaquio.com.br\/wp-content\/uploads\/2024\/10\/Padre-Eustaquio-em-POA-SP-23-150x150.jpeg 150w, https:\/\/www.padreeustaquio.com.br\/wp-content\/uploads\/2024\/10\/Padre-Eustaquio-em-POA-SP-23-75x75.jpeg 75w, https:\/\/www.padreeustaquio.com.br\/wp-content\/uploads\/2024\/10\/Padre-Eustaquio-em-POA-SP-23-180x180.jpeg 180w, https:\/\/www.padreeustaquio.com.br\/wp-content\/uploads\/2024\/10\/Padre-Eustaquio-em-POA-SP-23-400x400.jpeg 400w, https:\/\/www.padreeustaquio.com.br\/wp-content\/uploads\/2024\/10\/Padre-Eustaquio-em-POA-SP-23-600x600.jpeg 600w\" sizes=\"(max-width: 150px) 100vw, 150px\" \/><\/a>\n\t\t\t<\/dt><\/dl><dl class='gallery-item'>\n\t\t\t<dt class='gallery-icon landscape'>\n\t\t\t\t<a href='https:\/\/www.padreeustaquio.com.br\/es\/candidatura-a-vicepresidente-divulga-fotos-ineditas-del-beato-padre-eustaquio-en-porto-alegre-sp\/padre-eustaquio-em-poa-sp-24\/'><img loading=\"lazy\" decoding=\"async\" width=\"150\" height=\"150\" src=\"https:\/\/www.padreeustaquio.com.br\/wp-content\/uploads\/2024\/10\/Padre-Eustaquio-em-POA-SP-24-150x150.jpeg\" class=\"attachment-thumbnail size-thumbnail\" alt=\"\" srcset=\"https:\/\/www.padreeustaquio.com.br\/wp-content\/uploads\/2024\/10\/Padre-Eustaquio-em-POA-SP-24-150x150.jpeg 150w, https:\/\/www.padreeustaquio.com.br\/wp-content\/uploads\/2024\/10\/Padre-Eustaquio-em-POA-SP-24-75x75.jpeg 75w, https:\/\/www.padreeustaquio.com.br\/wp-content\/uploads\/2024\/10\/Padre-Eustaquio-em-POA-SP-24-180x180.jpeg 180w, https:\/\/www.padreeustaquio.com.br\/wp-content\/uploads\/2024\/10\/Padre-Eustaquio-em-POA-SP-24-400x400.jpeg 400w, https:\/\/www.padreeustaquio.com.br\/wp-content\/uploads\/2024\/10\/Padre-Eustaquio-em-POA-SP-24-600x600.jpeg 600w\" sizes=\"(max-width: 150px) 100vw, 150px\" \/><\/a>\n\t\t\t<\/dt><\/dl><dl class='gallery-item'>\n\t\t\t<dt class='gallery-icon landscape'>\n\t\t\t\t<a href='https:\/\/www.padreeustaquio.com.br\/es\/candidatura-a-vicepresidente-divulga-fotos-ineditas-del-beato-padre-eustaquio-en-porto-alegre-sp\/padre-eustaquio-em-poa-sp-25\/'><img loading=\"lazy\" decoding=\"async\" width=\"150\" height=\"150\" src=\"https:\/\/www.padreeustaquio.com.br\/wp-content\/uploads\/2024\/10\/Padre-Eustaquio-em-POA-SP-25-150x150.jpeg\" class=\"attachment-thumbnail size-thumbnail\" alt=\"\" srcset=\"https:\/\/www.padreeustaquio.com.br\/wp-content\/uploads\/2024\/10\/Padre-Eustaquio-em-POA-SP-25-150x150.jpeg 150w, https:\/\/www.padreeustaquio.com.br\/wp-content\/uploads\/2024\/10\/Padre-Eustaquio-em-POA-SP-25-75x75.jpeg 75w, https:\/\/www.padreeustaquio.com.br\/wp-content\/uploads\/2024\/10\/Padre-Eustaquio-em-POA-SP-25-180x180.jpeg 180w, https:\/\/www.padreeustaquio.com.br\/wp-content\/uploads\/2024\/10\/Padre-Eustaquio-em-POA-SP-25-400x400.jpeg 400w, https:\/\/www.padreeustaquio.com.br\/wp-content\/uploads\/2024\/10\/Padre-Eustaquio-em-POA-SP-25-600x600.jpeg 600w\" sizes=\"(max-width: 150px) 100vw, 150px\" \/><\/a>\n\t\t\t<\/dt><\/dl><br style=\"clear: both\" \/><dl class='gallery-item'>\n\t\t\t<dt class='gallery-icon landscape'>\n\t\t\t\t<a href='https:\/\/www.padreeustaquio.com.br\/es\/candidatura-a-vicepresidente-divulga-fotos-ineditas-del-beato-padre-eustaquio-en-porto-alegre-sp\/padre-eustaquio-em-poa-sp-26\/'><img loading=\"lazy\" decoding=\"async\" width=\"150\" height=\"150\" src=\"https:\/\/www.padreeustaquio.com.br\/wp-content\/uploads\/2024\/10\/Padre-Eustaquio-em-POA-SP-26-150x150.jpeg\" class=\"attachment-thumbnail size-thumbnail\" alt=\"\" srcset=\"https:\/\/www.padreeustaquio.com.br\/wp-content\/uploads\/2024\/10\/Padre-Eustaquio-em-POA-SP-26-150x150.jpeg 150w, https:\/\/www.padreeustaquio.com.br\/wp-content\/uploads\/2024\/10\/Padre-Eustaquio-em-POA-SP-26-75x75.jpeg 75w, https:\/\/www.padreeustaquio.com.br\/wp-content\/uploads\/2024\/10\/Padre-Eustaquio-em-POA-SP-26-180x180.jpeg 180w, https:\/\/www.padreeustaquio.com.br\/wp-content\/uploads\/2024\/10\/Padre-Eustaquio-em-POA-SP-26-400x400.jpeg 400w, https:\/\/www.padreeustaquio.com.br\/wp-content\/uploads\/2024\/10\/Padre-Eustaquio-em-POA-SP-26-600x600.jpeg 600w\" sizes=\"(max-width: 150px) 100vw, 150px\" \/><\/a>\n\t\t\t<\/dt><\/dl><dl class='gallery-item'>\n\t\t\t<dt class='gallery-icon landscape'>\n\t\t\t\t<a href='https:\/\/www.padreeustaquio.com.br\/es\/candidatura-a-vicepresidente-divulga-fotos-ineditas-del-beato-padre-eustaquio-en-porto-alegre-sp\/padre-eustaquio-em-poa-sp-27\/'><img loading=\"lazy\" decoding=\"async\" width=\"150\" height=\"150\" src=\"https:\/\/www.padreeustaquio.com.br\/wp-content\/uploads\/2024\/10\/Padre-Eustaquio-em-POA-SP-27-150x150.jpeg\" class=\"attachment-thumbnail size-thumbnail\" alt=\"\" srcset=\"https:\/\/www.padreeustaquio.com.br\/wp-content\/uploads\/2024\/10\/Padre-Eustaquio-em-POA-SP-27-150x150.jpeg 150w, https:\/\/www.padreeustaquio.com.br\/wp-content\/uploads\/2024\/10\/Padre-Eustaquio-em-POA-SP-27-75x75.jpeg 75w, https:\/\/www.padreeustaquio.com.br\/wp-content\/uploads\/2024\/10\/Padre-Eustaquio-em-POA-SP-27-180x180.jpeg 180w, https:\/\/www.padreeustaquio.com.br\/wp-content\/uploads\/2024\/10\/Padre-Eustaquio-em-POA-SP-27-400x400.jpeg 400w, https:\/\/www.padreeustaquio.com.br\/wp-content\/uploads\/2024\/10\/Padre-Eustaquio-em-POA-SP-27-600x600.jpeg 600w\" sizes=\"(max-width: 150px) 100vw, 150px\" \/><\/a>\n\t\t\t<\/dt><\/dl><dl class='gallery-item'>\n\t\t\t<dt class='gallery-icon portrait'>\n\t\t\t\t<a href='https:\/\/www.padreeustaquio.com.br\/es\/candidatura-a-vicepresidente-divulga-fotos-ineditas-del-beato-padre-eustaquio-en-porto-alegre-sp\/padre-eustaquio-em-poa-sp-1\/'><img loading=\"lazy\" decoding=\"async\" width=\"150\" height=\"150\" src=\"https:\/\/www.padreeustaquio.com.br\/wp-content\/uploads\/2024\/10\/Padre-Eustaquio-em-POA-SP-1-150x150.jpeg\" class=\"attachment-thumbnail size-thumbnail\" alt=\"\" srcset=\"https:\/\/www.padreeustaquio.com.br\/wp-content\/uploads\/2024\/10\/Padre-Eustaquio-em-POA-SP-1-150x150.jpeg 150w, https:\/\/www.padreeustaquio.com.br\/wp-content\/uploads\/2024\/10\/Padre-Eustaquio-em-POA-SP-1-75x75.jpeg 75w, https:\/\/www.padreeustaquio.com.br\/wp-content\/uploads\/2024\/10\/Padre-Eustaquio-em-POA-SP-1-180x180.jpeg 180w, https:\/\/www.padreeustaquio.com.br\/wp-content\/uploads\/2024\/10\/Padre-Eustaquio-em-POA-SP-1-400x400.jpeg 400w, https:\/\/www.padreeustaquio.com.br\/wp-content\/uploads\/2024\/10\/Padre-Eustaquio-em-POA-SP-1-600x600.jpeg 600w\" sizes=\"(max-width: 150px) 100vw, 150px\" \/><\/a>\n\t\t\t<\/dt><\/dl><br style=\"clear: both\" \/>\n\t\t<\/div>\n\n<p><strong>Gracias recibidas<\/strong><\/p>\n<p>Con el tiempo, muchos creyentes comenzaron a atribuirle las gracias recibidas, aumentando la devoci\u00f3n a su figura. Siguen cont\u00e1ndose historias de personas sanadas por su bendici\u00f3n o intercesi\u00f3n, lo que refuerza su fama de santidad.<\/p>\n<p>Incluso despu\u00e9s de su fallecimiento, la ciudad de Po\u00e1 mantiene viva la memoria del Beato Padre Eust\u00e1quio. Se siguen celebrando homenajes y eventos religiosos en su honor, celebrando el impacto de su ministerio en la vida de la comunidad. El legado de su misi\u00f3n, especialmente su atenci\u00f3n a los m\u00e1s necesitados, sigue siendo una fuente de inspiraci\u00f3n para muchos.<\/p>\n<p>El Padre Eust\u00e1quio fue, y sigue siendo, un modelo de dedicaci\u00f3n a la Iglesia y al pr\u00f3jimo. Su testimonio de fe, humildad y amor al servicio de Dios permanece vivo en el coraz\u00f3n de los fieles que lo conocieron y en quienes a\u00fan hoy se conmueven con su historia.<\/p>","protected":false},"excerpt":{"rendered":"<p>Fotos in\u00e9ditas do Beato Padre Eust\u00e1quio em Po\u00e1 foram divulgadas pela Causa de Canoniza\u00e7\u00e3o do Bem-Aventurado. As fotos mostram a procura das pessoas pelo padre holand\u00eas em Po\u00e1, regi\u00e3o metropolitana de S\u00e3o Paulo e o atendimento feito por ele. A passagem de Padre Eust\u00e1quio por Po\u00e1 Durante sua miss\u00e3o pastoral, o Beato Padre Eust\u00e1quio deixou uma marca profunda por onde passou, e a cidade de Po\u00e1, em S\u00e3o Paulo, foi um desses lugares aben\u00e7oados por sua presen\u00e7a. Entre 1935 e 1941, ele atuou como p\u00e1roco na cidade, tornando-se uma figura de grande inspira\u00e7\u00e3o espiritual e social. Padre Eust\u00e1quio era conhecido [&hellip;]<\/p>\n","protected":false},"author":2,"featured_media":11680,"comment_status":"open","ping_status":"closed","sticky":false,"template":"","format":"standard","meta":{"_acf_changed":false,"footnotes":""},"categories":[611],"tags":[],"class_list":["post-11656","post","type-post","status-publish","format-standard","has-post-thumbnail","hentry","category-noticias"],"acf":[],"yoast_head":"<!-- This site is optimized with the Yoast SEO plugin v27.2 - https:\/\/yoast.com\/product\/yoast-seo-wordpress\/ -->\n<title>Vice-postula\u00e7\u00e3o divulga fotos in\u00e9ditas do Beato Padre Eust\u00e1quio em Po\u00e1-SP<\/title>\n<meta name=\"description\" content=\"Fotos in\u00e9ditas do Beato Padre Eust\u00e1quio em Po\u00e1 foram divulgadas pela Causa de Canoniza\u00e7\u00e3o do Bem-Aventurado. As fotos mostram a procura das pessoas pelo padre holand\u00eas em Po\u00e1, regi\u00e3o metropolitana de S\u00e3o Paulo e o atendimento feito por ele.\" \/>\n<meta name=\"robots\" content=\"index, follow, max-snippet:-1, max-image-preview:large, max-video-preview:-1\" \/>\n<link rel=\"canonical\" href=\"https:\/\/www.padreeustaquio.com.br\/es\/candidatura-a-vicepresidente-divulga-fotos-ineditas-del-beato-padre-eustaquio-en-porto-alegre-sp\/\" \/>\n<meta property=\"og:locale\" content=\"es_ES\" \/>\n<meta property=\"og:type\" content=\"article\" \/>\n<meta property=\"og:title\" content=\"Vice-postula\u00e7\u00e3o divulga fotos in\u00e9ditas do Beato Padre Eust\u00e1quio em Po\u00e1-SP\" \/>\n<meta property=\"og:description\" content=\"Fotos in\u00e9ditas do Beato Padre Eust\u00e1quio em Po\u00e1 foram divulgadas pela Causa de Canoniza\u00e7\u00e3o do Bem-Aventurado. As fotos mostram a procura das pessoas pelo padre holand\u00eas em Po\u00e1, regi\u00e3o metropolitana de S\u00e3o Paulo e o atendimento feito por ele.\" \/>\n<meta property=\"og:url\" content=\"https:\/\/www.padreeustaquio.com.br\/es\/candidatura-a-vicepresidente-divulga-fotos-ineditas-del-beato-padre-eustaquio-en-porto-alegre-sp\/\" \/>\n<meta property=\"og:site_name\" content=\"Padre Eust\u00e1quio\" \/>\n<meta property=\"article:publisher\" content=\"https:\/\/www.facebook.com\/beatopadreeustaquio\/\" \/>\n<meta property=\"article:published_time\" content=\"2024-10-21T11:21:37+00:00\" \/>\n<meta property=\"article:modified_time\" content=\"2024-10-21T11:24:21+00:00\" \/>\n<meta property=\"og:image\" content=\"https:\/\/www.padreeustaquio.com.br\/wp-content\/uploads\/2024\/10\/Padre-Eustaquio-em-POA-SP-25.jpeg\" \/>\n\t<meta property=\"og:image:width\" content=\"1600\" \/>\n\t<meta property=\"og:image:height\" content=\"1145\" \/>\n\t<meta property=\"og:image:type\" content=\"image\/jpeg\" \/>\n<meta name=\"author\" content=\"@sscc\" \/>\n<meta name=\"twitter:card\" content=\"summary_large_image\" \/>\n<meta name=\"twitter:creator\" content=\"@beatopeustaquio\" \/>\n<meta name=\"twitter:site\" content=\"@beatopeustaquio\" \/>\n<meta name=\"twitter:label1\" content=\"Escrito por\" \/>\n\t<meta name=\"twitter:data1\" content=\"@sscc\" \/>\n\t<meta name=\"twitter:label2\" content=\"Tiempo de lectura\" \/>\n\t<meta name=\"twitter:data2\" content=\"2 minutos\" \/>\n<script type=\"application\/ld+json\" class=\"yoast-schema-graph\">{\"@context\":\"https:\/\/schema.org\",\"@graph\":[{\"@type\":\"Article\",\"@id\":\"https:\/\/www.padreeustaquio.com.br\/vice-postulacao-divulga-fotos-ineditas-do-beato-padre-eustaquio-em-poa-sp\/#article\",\"isPartOf\":{\"@id\":\"https:\/\/www.padreeustaquio.com.br\/vice-postulacao-divulga-fotos-ineditas-do-beato-padre-eustaquio-em-poa-sp\/\"},\"author\":{\"name\":\"@sscc\",\"@id\":\"https:\/\/www.padreeustaquio.com.br\/#\/schema\/person\/a2a51db1d00f1a7af0204a0f1ddb1566\"},\"headline\":\"Vice-postula\u00e7\u00e3o divulga fotos in\u00e9ditas do Beato Padre Eust\u00e1quio em Po\u00e1-SP\",\"datePublished\":\"2024-10-21T11:21:37+00:00\",\"dateModified\":\"2024-10-21T11:24:21+00:00\",\"mainEntityOfPage\":{\"@id\":\"https:\/\/www.padreeustaquio.com.br\/vice-postulacao-divulga-fotos-ineditas-do-beato-padre-eustaquio-em-poa-sp\/\"},\"wordCount\":360,\"commentCount\":0,\"publisher\":{\"@id\":\"https:\/\/www.padreeustaquio.com.br\/#organization\"},\"image\":{\"@id\":\"https:\/\/www.padreeustaquio.com.br\/vice-postulacao-divulga-fotos-ineditas-do-beato-padre-eustaquio-em-poa-sp\/#primaryimage\"},\"thumbnailUrl\":\"https:\/\/www.padreeustaquio.com.br\/wp-content\/uploads\/2024\/10\/Padre-Eustaquio-em-POA-SP-25.jpeg\",\"articleSection\":[\"Not\u00edcias\"],\"inLanguage\":\"es\",\"potentialAction\":[{\"@type\":\"CommentAction\",\"name\":\"Comment\",\"target\":[\"https:\/\/www.padreeustaquio.com.br\/vice-postulacao-divulga-fotos-ineditas-do-beato-padre-eustaquio-em-poa-sp\/#respond\"]}]},{\"@type\":\"WebPage\",\"@id\":\"https:\/\/www.padreeustaquio.com.br\/vice-postulacao-divulga-fotos-ineditas-do-beato-padre-eustaquio-em-poa-sp\/\",\"url\":\"https:\/\/www.padreeustaquio.com.br\/vice-postulacao-divulga-fotos-ineditas-do-beato-padre-eustaquio-em-poa-sp\/\",\"name\":\"Vice-postula\u00e7\u00e3o divulga fotos in\u00e9ditas do Beato Padre Eust\u00e1quio em Po\u00e1-SP\",\"isPartOf\":{\"@id\":\"https:\/\/www.padreeustaquio.com.br\/#website\"},\"primaryImageOfPage\":{\"@id\":\"https:\/\/www.padreeustaquio.com.br\/vice-postulacao-divulga-fotos-ineditas-do-beato-padre-eustaquio-em-poa-sp\/#primaryimage\"},\"image\":{\"@id\":\"https:\/\/www.padreeustaquio.com.br\/vice-postulacao-divulga-fotos-ineditas-do-beato-padre-eustaquio-em-poa-sp\/#primaryimage\"},\"thumbnailUrl\":\"https:\/\/www.padreeustaquio.com.br\/wp-content\/uploads\/2024\/10\/Padre-Eustaquio-em-POA-SP-25.jpeg\",\"datePublished\":\"2024-10-21T11:21:37+00:00\",\"dateModified\":\"2024-10-21T11:24:21+00:00\",\"description\":\"Fotos in\u00e9ditas do Beato Padre Eust\u00e1quio em Po\u00e1 foram divulgadas pela Causa de Canoniza\u00e7\u00e3o do Bem-Aventurado. As fotos mostram a procura das pessoas pelo padre holand\u00eas em Po\u00e1, regi\u00e3o metropolitana de S\u00e3o Paulo e o atendimento feito por ele.\",\"breadcrumb\":{\"@id\":\"https:\/\/www.padreeustaquio.com.br\/vice-postulacao-divulga-fotos-ineditas-do-beato-padre-eustaquio-em-poa-sp\/#breadcrumb\"},\"inLanguage\":\"es\",\"potentialAction\":[{\"@type\":\"ReadAction\",\"target\":[\"https:\/\/www.padreeustaquio.com.br\/vice-postulacao-divulga-fotos-ineditas-do-beato-padre-eustaquio-em-poa-sp\/\"]}]},{\"@type\":\"ImageObject\",\"inLanguage\":\"es\",\"@id\":\"https:\/\/www.padreeustaquio.com.br\/vice-postulacao-divulga-fotos-ineditas-do-beato-padre-eustaquio-em-poa-sp\/#primaryimage\",\"url\":\"https:\/\/www.padreeustaquio.com.br\/wp-content\/uploads\/2024\/10\/Padre-Eustaquio-em-POA-SP-25.jpeg\",\"contentUrl\":\"https:\/\/www.padreeustaquio.com.br\/wp-content\/uploads\/2024\/10\/Padre-Eustaquio-em-POA-SP-25.jpeg\",\"width\":1600,\"height\":1145},{\"@type\":\"BreadcrumbList\",\"@id\":\"https:\/\/www.padreeustaquio.com.br\/vice-postulacao-divulga-fotos-ineditas-do-beato-padre-eustaquio-em-poa-sp\/#breadcrumb\",\"itemListElement\":[{\"@type\":\"ListItem\",\"position\":1,\"name\":\"In\u00edcio\",\"item\":\"https:\/\/www.padreeustaquio.com.br\/\"},{\"@type\":\"ListItem\",\"position\":2,\"name\":\"Vice-postula\u00e7\u00e3o divulga fotos in\u00e9ditas do Beato Padre Eust\u00e1quio em Po\u00e1-SP\"}]},{\"@type\":\"WebSite\",\"@id\":\"https:\/\/www.padreeustaquio.com.br\/#website\",\"url\":\"https:\/\/www.padreeustaquio.com.br\/\",\"name\":\"Padre Eust\u00e1quio\",\"description\":\"Sa\u00fade e Paz\",\"publisher\":{\"@id\":\"https:\/\/www.padreeustaquio.com.br\/#organization\"},\"potentialAction\":[{\"@type\":\"SearchAction\",\"target\":{\"@type\":\"EntryPoint\",\"urlTemplate\":\"https:\/\/www.padreeustaquio.com.br\/?s={search_term_string}\"},\"query-input\":{\"@type\":\"PropertyValueSpecification\",\"valueRequired\":true,\"valueName\":\"search_term_string\"}}],\"inLanguage\":\"es\"},{\"@type\":\"Organization\",\"@id\":\"https:\/\/www.padreeustaquio.com.br\/#organization\",\"name\":\"Padre Eust\u00e1quio\",\"url\":\"https:\/\/www.padreeustaquio.com.br\/\",\"logo\":{\"@type\":\"ImageObject\",\"inLanguage\":\"es\",\"@id\":\"https:\/\/www.padreeustaquio.com.br\/#\/schema\/logo\/image\/\",\"url\":\"https:\/\/www.padreeustaquio.com.br\/wp-content\/uploads\/2019\/08\/marca.png\",\"contentUrl\":\"https:\/\/www.padreeustaquio.com.br\/wp-content\/uploads\/2019\/08\/marca.png\",\"width\":350,\"height\":400,\"caption\":\"Padre Eust\u00e1quio\"},\"image\":{\"@id\":\"https:\/\/www.padreeustaquio.com.br\/#\/schema\/logo\/image\/\"},\"sameAs\":[\"https:\/\/www.facebook.com\/beatopadreeustaquio\/\",\"https:\/\/x.com\/beatopeustaquio\",\"https:\/\/www.instagram.com\/beatopadreeustaquio\/\",\"https:\/\/www.youtube.com\/channel\/UCRhw7vfabnajwLxb1ZXMeIw\"]},{\"@type\":\"Person\",\"@id\":\"https:\/\/www.padreeustaquio.com.br\/#\/schema\/person\/a2a51db1d00f1a7af0204a0f1ddb1566\",\"name\":\"@sscc\",\"image\":{\"@type\":\"ImageObject\",\"inLanguage\":\"es\",\"@id\":\"https:\/\/secure.gravatar.com\/avatar\/68cfafa5f44617fea54071e215026e0ff06be366c3d54a8425f04fdcb86f8c5f?s=96&d=mm&r=g\",\"url\":\"https:\/\/secure.gravatar.com\/avatar\/68cfafa5f44617fea54071e215026e0ff06be366c3d54a8425f04fdcb86f8c5f?s=96&d=mm&r=g\",\"contentUrl\":\"https:\/\/secure.gravatar.com\/avatar\/68cfafa5f44617fea54071e215026e0ff06be366c3d54a8425f04fdcb86f8c5f?s=96&d=mm&r=g\",\"caption\":\"@sscc\"},\"url\":\"https:\/\/www.padreeustaquio.com.br\/es\/author\/sscc\/\"}]}<\/script>\n<!-- \/ Yoast SEO plugin. -->","yoast_head_json":{"title":"Vicepostulaci\u00f3n divulga fotos in\u00e9ditas del Beato Padre Eust\u00e1quio en Po\u00e1-SP.","description":"La Causa de Canonizaci\u00f3n del Beato ha publicado fotos in\u00e9ditas del Beato Padre Eust\u00e1quio en Po\u00e1. Las fotos muestran a personas buscando al sacerdote holand\u00e9s en Po\u00e1, una regi\u00f3n metropolitana de S\u00e3o Paulo, y la ayuda que les brind\u00f3.","robots":{"index":"index","follow":"follow","max-snippet":"max-snippet:-1","max-image-preview":"max-image-preview:large","max-video-preview":"max-video-preview:-1"},"canonical":"https:\/\/www.padreeustaquio.com.br\/es\/candidatura-a-vicepresidente-divulga-fotos-ineditas-del-beato-padre-eustaquio-en-porto-alegre-sp\/","og_locale":"es_ES","og_type":"article","og_title":"Vice-postula\u00e7\u00e3o divulga fotos in\u00e9ditas do Beato Padre Eust\u00e1quio em Po\u00e1-SP","og_description":"Fotos in\u00e9ditas do Beato Padre Eust\u00e1quio em Po\u00e1 foram divulgadas pela Causa de Canoniza\u00e7\u00e3o do Bem-Aventurado. As fotos mostram a procura das pessoas pelo padre holand\u00eas em Po\u00e1, regi\u00e3o metropolitana de S\u00e3o Paulo e o atendimento feito por ele.","og_url":"https:\/\/www.padreeustaquio.com.br\/es\/candidatura-a-vicepresidente-divulga-fotos-ineditas-del-beato-padre-eustaquio-en-porto-alegre-sp\/","og_site_name":"Padre Eust\u00e1quio","article_publisher":"https:\/\/www.facebook.com\/beatopadreeustaquio\/","article_published_time":"2024-10-21T11:21:37+00:00","article_modified_time":"2024-10-21T11:24:21+00:00","og_image":[{"width":1600,"height":1145,"url":"https:\/\/www.padreeustaquio.com.br\/wp-content\/uploads\/2024\/10\/Padre-Eustaquio-em-POA-SP-25.jpeg","type":"image\/jpeg"}],"author":"@sscc","twitter_card":"summary_large_image","twitter_creator":"@beatopeustaquio","twitter_site":"@beatopeustaquio","twitter_misc":{"Escrito por":"@sscc","Tiempo de lectura":"2 minutos"},"schema":{"@context":"https:\/\/schema.org","@graph":[{"@type":"Article","@id":"https:\/\/www.padreeustaquio.com.br\/vice-postulacao-divulga-fotos-ineditas-do-beato-padre-eustaquio-em-poa-sp\/#article","isPartOf":{"@id":"https:\/\/www.padreeustaquio.com.br\/vice-postulacao-divulga-fotos-ineditas-do-beato-padre-eustaquio-em-poa-sp\/"},"author":{"name":"@sscc","@id":"https:\/\/www.padreeustaquio.com.br\/#\/schema\/person\/a2a51db1d00f1a7af0204a0f1ddb1566"},"headline":"Vice-postula\u00e7\u00e3o divulga fotos in\u00e9ditas do Beato Padre Eust\u00e1quio em Po\u00e1-SP","datePublished":"2024-10-21T11:21:37+00:00","dateModified":"2024-10-21T11:24:21+00:00","mainEntityOfPage":{"@id":"https:\/\/www.padreeustaquio.com.br\/vice-postulacao-divulga-fotos-ineditas-do-beato-padre-eustaquio-em-poa-sp\/"},"wordCount":360,"commentCount":0,"publisher":{"@id":"https:\/\/www.padreeustaquio.com.br\/#organization"},"image":{"@id":"https:\/\/www.padreeustaquio.com.br\/vice-postulacao-divulga-fotos-ineditas-do-beato-padre-eustaquio-em-poa-sp\/#primaryimage"},"thumbnailUrl":"https:\/\/www.padreeustaquio.com.br\/wp-content\/uploads\/2024\/10\/Padre-Eustaquio-em-POA-SP-25.jpeg","articleSection":["Not\u00edcias"],"inLanguage":"es","potentialAction":[{"@type":"CommentAction","name":"Comment","target":["https:\/\/www.padreeustaquio.com.br\/vice-postulacao-divulga-fotos-ineditas-do-beato-padre-eustaquio-em-poa-sp\/#respond"]}]},{"@type":"WebPage","@id":"https:\/\/www.padreeustaquio.com.br\/vice-postulacao-divulga-fotos-ineditas-do-beato-padre-eustaquio-em-poa-sp\/","url":"https:\/\/www.padreeustaquio.com.br\/vice-postulacao-divulga-fotos-ineditas-do-beato-padre-eustaquio-em-poa-sp\/","name":"Vicepostulaci\u00f3n divulga fotos in\u00e9ditas del Beato Padre Eust\u00e1quio en Po\u00e1-SP.","isPartOf":{"@id":"https:\/\/www.padreeustaquio.com.br\/#website"},"primaryImageOfPage":{"@id":"https:\/\/www.padreeustaquio.com.br\/vice-postulacao-divulga-fotos-ineditas-do-beato-padre-eustaquio-em-poa-sp\/#primaryimage"},"image":{"@id":"https:\/\/www.padreeustaquio.com.br\/vice-postulacao-divulga-fotos-ineditas-do-beato-padre-eustaquio-em-poa-sp\/#primaryimage"},"thumbnailUrl":"https:\/\/www.padreeustaquio.com.br\/wp-content\/uploads\/2024\/10\/Padre-Eustaquio-em-POA-SP-25.jpeg","datePublished":"2024-10-21T11:21:37+00:00","dateModified":"2024-10-21T11:24:21+00:00","description":"La Causa de Canonizaci\u00f3n del Beato ha publicado fotos in\u00e9ditas del Beato Padre Eust\u00e1quio en Po\u00e1. Las fotos muestran a personas buscando al sacerdote holand\u00e9s en Po\u00e1, una regi\u00f3n metropolitana de S\u00e3o Paulo, y la ayuda que les brind\u00f3.","breadcrumb":{"@id":"https:\/\/www.padreeustaquio.com.br\/vice-postulacao-divulga-fotos-ineditas-do-beato-padre-eustaquio-em-poa-sp\/#breadcrumb"},"inLanguage":"es","potentialAction":[{"@type":"ReadAction","target":["https:\/\/www.padreeustaquio.com.br\/vice-postulacao-divulga-fotos-ineditas-do-beato-padre-eustaquio-em-poa-sp\/"]}]},{"@type":"ImageObject","inLanguage":"es","@id":"https:\/\/www.padreeustaquio.com.br\/vice-postulacao-divulga-fotos-ineditas-do-beato-padre-eustaquio-em-poa-sp\/#primaryimage","url":"https:\/\/www.padreeustaquio.com.br\/wp-content\/uploads\/2024\/10\/Padre-Eustaquio-em-POA-SP-25.jpeg","contentUrl":"https:\/\/www.padreeustaquio.com.br\/wp-content\/uploads\/2024\/10\/Padre-Eustaquio-em-POA-SP-25.jpeg","width":1600,"height":1145},{"@type":"BreadcrumbList","@id":"https:\/\/www.padreeustaquio.com.br\/vice-postulacao-divulga-fotos-ineditas-do-beato-padre-eustaquio-em-poa-sp\/#breadcrumb","itemListElement":[{"@type":"ListItem","position":1,"name":"In\u00edcio","item":"https:\/\/www.padreeustaquio.com.br\/"},{"@type":"ListItem","position":2,"name":"Vice-postula\u00e7\u00e3o divulga fotos in\u00e9ditas do Beato Padre Eust\u00e1quio em Po\u00e1-SP"}]},{"@type":"WebSite","@id":"https:\/\/www.padreeustaquio.com.br\/#website","url":"https:\/\/www.padreeustaquio.com.br\/","name":"Padre Eustace","description":"Salud y Paz","publisher":{"@id":"https:\/\/www.padreeustaquio.com.br\/#organization"},"potentialAction":[{"@type":"SearchAction","target":{"@type":"EntryPoint","urlTemplate":"https:\/\/www.padreeustaquio.com.br\/?s={search_term_string}"},"query-input":{"@type":"PropertyValueSpecification","valueRequired":true,"valueName":"search_term_string"}}],"inLanguage":"es"},{"@type":"Organization","@id":"https:\/\/www.padreeustaquio.com.br\/#organization","name":"Padre Eustace","url":"https:\/\/www.padreeustaquio.com.br\/","logo":{"@type":"ImageObject","inLanguage":"es","@id":"https:\/\/www.padreeustaquio.com.br\/#\/schema\/logo\/image\/","url":"https:\/\/www.padreeustaquio.com.br\/wp-content\/uploads\/2019\/08\/marca.png","contentUrl":"https:\/\/www.padreeustaquio.com.br\/wp-content\/uploads\/2019\/08\/marca.png","width":350,"height":400,"caption":"Padre Eust\u00e1quio"},"image":{"@id":"https:\/\/www.padreeustaquio.com.br\/#\/schema\/logo\/image\/"},"sameAs":["https:\/\/www.facebook.com\/beatopadreeustaquio\/","https:\/\/x.com\/beatopeustaquio","https:\/\/www.instagram.com\/beatopadreeustaquio\/","https:\/\/www.youtube.com\/channel\/UCRhw7vfabnajwLxb1ZXMeIw"]},{"@type":"Person","@id":"https:\/\/www.padreeustaquio.com.br\/#\/schema\/person\/a2a51db1d00f1a7af0204a0f1ddb1566","name":"@sscc","image":{"@type":"ImageObject","inLanguage":"es","@id":"https:\/\/secure.gravatar.com\/avatar\/68cfafa5f44617fea54071e215026e0ff06be366c3d54a8425f04fdcb86f8c5f?s=96&d=mm&r=g","url":"https:\/\/secure.gravatar.com\/avatar\/68cfafa5f44617fea54071e215026e0ff06be366c3d54a8425f04fdcb86f8c5f?s=96&d=mm&r=g","contentUrl":"https:\/\/secure.gravatar.com\/avatar\/68cfafa5f44617fea54071e215026e0ff06be366c3d54a8425f04fdcb86f8c5f?s=96&d=mm&r=g","caption":"@sscc"},"url":"https:\/\/www.padreeustaquio.com.br\/es\/author\/sscc\/"}]}},"_links":{"self":[{"href":"https:\/\/www.padreeustaquio.com.br\/es\/wp-json\/wp\/v2\/posts\/11656","targetHints":{"allow":["GET"]}}],"collection":[{"href":"https:\/\/www.padreeustaquio.com.br\/es\/wp-json\/wp\/v2\/posts"}],"about":[{"href":"https:\/\/www.padreeustaquio.com.br\/es\/wp-json\/wp\/v2\/types\/post"}],"author":[{"embeddable":true,"href":"https:\/\/www.padreeustaquio.com.br\/es\/wp-json\/wp\/v2\/users\/2"}],"replies":[{"embeddable":true,"href":"https:\/\/www.padreeustaquio.com.br\/es\/wp-json\/wp\/v2\/comments?post=11656"}],"version-history":[{"count":0,"href":"https:\/\/www.padreeustaquio.com.br\/es\/wp-json\/wp\/v2\/posts\/11656\/revisions"}],"wp:featuredmedia":[{"embeddable":true,"href":"https:\/\/www.padreeustaquio.com.br\/es\/wp-json\/wp\/v2\/media\/11680"}],"wp:attachment":[{"href":"https:\/\/www.padreeustaquio.com.br\/es\/wp-json\/wp\/v2\/media?parent=11656"}],"wp:term":[{"taxonomy":"category","embeddable":true,"href":"https:\/\/www.padreeustaquio.com.br\/es\/wp-json\/wp\/v2\/categories?post=11656"},{"taxonomy":"post_tag","embeddable":true,"href":"https:\/\/www.padreeustaquio.com.br\/es\/wp-json\/wp\/v2\/tags?post=11656"}],"curies":[{"name":"wp","href":"https:\/\/api.w.org\/{rel}","templated":true}]}}