{"id":11652,"date":"2024-10-11T06:52:53","date_gmt":"2024-10-11T09:52:53","guid":{"rendered":"https:\/\/www.padreeustaquio.com.br\/?p=11652"},"modified":"2024-10-10T10:10:24","modified_gmt":"2024-10-10T13:10:24","slug":"vease-el-texto-del-padre-eustaquio-sobre-el-cristo-redentor-inaugurado-el-12-de-octubre-de-1931","status":"publish","type":"post","link":"https:\/\/www.padreeustaquio.com.br\/es\/vease-el-texto-del-padre-eustaquio-sobre-el-cristo-redentor-inaugurado-el-12-de-octubre-de-1931\/","title":{"rendered":"V\u00e9ase el texto del Padre Eust\u00e1quio sobre el Cristo Redentor, inaugurado el 12 de octubre de 1931."},"content":{"rendered":"<p>Inaugurado el 12 de octubre de 1931, el Cristo Redentor de R\u00edo de Janeiro es uno de los mayores s\u00edmbolos cristianos del mundo. Con 30 metros de altura, la estatua es considerada una de las 7 maravillas del mundo moderno.<\/p>\n<p>En el momento de su inauguraci\u00f3n, el Padre Eust\u00e1quio, atento a la noticia, estando en \u00c1gua Suja (actual Romaria), en la regi\u00f3n del Tri\u00e1ngulo Mineiro donde ejerc\u00eda su misi\u00f3n, escribi\u00f3 un art\u00edculo que fue publicado en el Jornal Romeiro el 25 de octubre de 1931.<\/p>\n<p>Lea el texto completo a continuaci\u00f3n:<\/p>\n<p><em><img fetchpriority=\"high\" decoding=\"async\" class=\"size-medium wp-image-11654 alignleft\" src=\"https:\/\/www.padreeustaquio.com.br\/wp-content\/uploads\/2024\/10\/pe-no-rj-225x300.jpg\" alt=\"\" width=\"225\" height=\"300\" srcset=\"https:\/\/www.padreeustaquio.com.br\/wp-content\/uploads\/2024\/10\/pe-no-rj-225x300.jpg 225w, https:\/\/www.padreeustaquio.com.br\/wp-content\/uploads\/2024\/10\/pe-no-rj-768x1024.jpg 768w, https:\/\/www.padreeustaquio.com.br\/wp-content\/uploads\/2024\/10\/pe-no-rj-1152x1536.jpg 1152w, https:\/\/www.padreeustaquio.com.br\/wp-content\/uploads\/2024\/10\/pe-no-rj.jpg 1200w\" sizes=\"(max-width: 225px) 100vw, 225px\" \/>El d\u00eda 12 de este mes se realiz\u00f3 lo que todo coraz\u00f3n cat\u00f3lico brasile\u00f1o anhelaba \u2013 un hecho que quedar\u00e1 escrito con letras de oro en la historia de Brasil \u2013 la inauguraci\u00f3n de la gigantesca estatua en lo alto del Corcovado, el punto m\u00e1s alto que se eleva desde el coraz\u00f3n de R\u00edo de Janeiro hasta el cielo azul de nuestro amado Brasil.<br \/>\n<\/em><br \/>\n<em>S\u00ed, el Brasil puede escribir con letras de oro en su historia cat\u00f3lica este hecho inolvidable, indeleble, en el coraz\u00f3n humano; no hay, por tanto, hecho igual en los tiempos pasados, ninguna prueba m\u00e1s evidente, ning\u00fan homenaje m\u00e1s valioso, con que el pueblo brasile\u00f1o, con todo el respeto humano a sus pies, levantando la cabeza s\u00f3lo al Rey de Reyes, se mostr\u00f3 pueblo de Dios, pueblo crecido bajo los brazos benditos de la Santa Cruz.<\/em><\/p>\n<p><em>\u00a1Oh Brasil! Que tu ejemplo se extienda por el mundo. Que la oraci\u00f3n del gran Cardenal Dom Leme llegue a los o\u00eddos ben\u00e9volos de la Divina Misericordia: Oh Cristo Redentor, que tus brazos abiertos sobre la ciudad, sobre Brasil y sobre el mundo entero acojan en tu misericordia no solo a los cat\u00f3licos, sino tambi\u00e9n a los protestantes, a los seguidores de todas las religiones y a los no creyentes, para que todos regresen a sus creencias y a su fe.<\/em><\/p>\n<p><em>Y el gran obispo D. Jo\u00e3o Becker, de pie ante la imagen de Cristo Redentor, no pudo evitar dirigir sus palabras de s\u00faplica a todo Brasil, diciendo: \u00abPido, suplico, imploro a todas las fuerzas vivas del pa\u00eds, a todas las clases sociales, que, junto al buen y meritorio Gobierno Provisional, dediquen sus m\u00e1s nobles esfuerzos a colaborar en la reconstrucci\u00f3n moral y pol\u00edtica de la Rep\u00fablica, para consolidar y establecer, en las leyes y ense\u00f1anzas de Cristo Redentor, la integridad, el progreso y la felicidad de nuestra gran patria\u00bb.<\/em><\/p>\n<p><em>Y habiendo terminado este art\u00edculo, no puedo ofrecer mejores palabras para concluirlo que las del Reverendo Can\u00f3nigo Dr. Henrique de Magalh\u00e3es:<\/em><\/p>\n<p><em>Cristo Redentor, Brasil es tuyo. <\/em><br \/>\n<em>Cristo Rey salva a nuestro pueblo.<\/em><br \/>\n<em>Cristo Redentor, ten piedad de tu pueblo.<\/em><br \/>\n<em>Cristo Redentor, Brasil espera todo de ti.<\/em><br \/>\n<em>Cristo Rey, Brasil te aclama.<\/p>\n<p><\/em><\/p>","protected":false},"excerpt":{"rendered":"<p>Inaugurado no dia 12 de outubro de 1931, o Cristo Redentor, no Rio de Janeiro \u00e9 um dos maiores s\u00edmbolos crist\u00e3os do mundo. Com 30 metros de altura, a est\u00e1tua \u00e9 considerada uma das 7 maravilhas do mundo moderno. Na \u00e9poca de sua inaugura\u00e7\u00e3o, Padre Eust\u00e1quio, atento \u00e0s not\u00edcias, estando em \u00c1gua Suja (atual Romaria), no Tri\u00e2ngulo Mineiro onde exercia sua miss\u00e3o, escreve um artigo, que foi publicado no Jornal Romeiro, em 25 de outubro de 1931. Leia, abaixo, o texto na \u00edntegra: Realizou se no dia 12 deste m\u00eas o que cada cora\u00e7\u00e3o brasileiro cat\u00f3lico, com o maior anelo [&hellip;]<\/p>\n","protected":false},"author":2,"featured_media":11653,"comment_status":"open","ping_status":"closed","sticky":false,"template":"","format":"standard","meta":{"_acf_changed":false,"footnotes":""},"categories":[611],"tags":[],"class_list":["post-11652","post","type-post","status-publish","format-standard","has-post-thumbnail","hentry","category-noticias"],"acf":[],"yoast_head":"<!-- This site is optimized with the Yoast SEO plugin v27.2 - https:\/\/yoast.com\/product\/yoast-seo-wordpress\/ -->\n<title>Veja texto de Padre Eust\u00e1quio sobre Cristo Redentor, inaugurado em 12 de outubro de 1931<\/title>\n<meta name=\"description\" content=\"Inaugurado no dia 12 de outubro de 1931, o Cristo Redentor, no Rio de Janeiro \u00e9 um dos maiores s\u00edmbolos crist\u00e3os do mundo. Com 30 metros de altura, a est\u00e1tua \u00e9 considerada uma das 7 maravilhas do mundo moderno. Na \u00e9poca de sua inaugura\u00e7\u00e3o, Padre Eust\u00e1quio, atento \u00e0s not\u00edcias, estando em \u00c1gua Suja (atual Romaria), no Tri\u00e2ngulo Mineiro onde exercia sua miss\u00e3o, escreve um artigo, que foi publicado no Jornal Romeiro, em 25 de outubro de 1931.\" \/>\n<meta name=\"robots\" content=\"index, follow, max-snippet:-1, max-image-preview:large, max-video-preview:-1\" \/>\n<link rel=\"canonical\" href=\"https:\/\/www.padreeustaquio.com.br\/es\/vease-el-texto-del-padre-eustaquio-sobre-el-cristo-redentor-inaugurado-el-12-de-octubre-de-1931\/\" \/>\n<meta property=\"og:locale\" content=\"es_ES\" \/>\n<meta property=\"og:type\" content=\"article\" \/>\n<meta property=\"og:title\" content=\"Veja texto de Padre Eust\u00e1quio sobre Cristo Redentor, inaugurado em 12 de outubro de 1931\" \/>\n<meta property=\"og:description\" content=\"Inaugurado no dia 12 de outubro de 1931, o Cristo Redentor, no Rio de Janeiro \u00e9 um dos maiores s\u00edmbolos crist\u00e3os do mundo. Com 30 metros de altura, a est\u00e1tua \u00e9 considerada uma das 7 maravilhas do mundo moderno. Na \u00e9poca de sua inaugura\u00e7\u00e3o, Padre Eust\u00e1quio, atento \u00e0s not\u00edcias, estando em \u00c1gua Suja (atual Romaria), no Tri\u00e2ngulo Mineiro onde exercia sua miss\u00e3o, escreve um artigo, que foi publicado no Jornal Romeiro, em 25 de outubro de 1931.\" \/>\n<meta property=\"og:url\" content=\"https:\/\/www.padreeustaquio.com.br\/es\/vease-el-texto-del-padre-eustaquio-sobre-el-cristo-redentor-inaugurado-el-12-de-octubre-de-1931\/\" \/>\n<meta property=\"og:site_name\" content=\"Padre Eust\u00e1quio\" \/>\n<meta property=\"article:publisher\" content=\"https:\/\/www.facebook.com\/beatopadreeustaquio\/\" \/>\n<meta property=\"article:published_time\" content=\"2024-10-11T09:52:53+00:00\" \/>\n<meta property=\"og:image\" content=\"https:\/\/www.padreeustaquio.com.br\/wp-content\/uploads\/2024\/10\/cristo-redentor-17-10-1931.jpeg\" \/>\n\t<meta property=\"og:image:width\" content=\"1099\" \/>\n\t<meta property=\"og:image:height\" content=\"837\" \/>\n\t<meta property=\"og:image:type\" content=\"image\/jpeg\" \/>\n<meta name=\"author\" content=\"@sscc\" \/>\n<meta name=\"twitter:card\" content=\"summary_large_image\" \/>\n<meta name=\"twitter:creator\" content=\"@beatopeustaquio\" \/>\n<meta name=\"twitter:site\" content=\"@beatopeustaquio\" \/>\n<meta name=\"twitter:label1\" content=\"Escrito por\" \/>\n\t<meta name=\"twitter:data1\" content=\"@sscc\" \/>\n\t<meta name=\"twitter:label2\" content=\"Tiempo de lectura\" \/>\n\t<meta name=\"twitter:data2\" content=\"3 minutos\" \/>\n<script type=\"application\/ld+json\" class=\"yoast-schema-graph\">{\"@context\":\"https:\/\/schema.org\",\"@graph\":[{\"@type\":\"Article\",\"@id\":\"https:\/\/www.padreeustaquio.com.br\/veja-texto-de-padre-eustaquio-sobre-cristo-redentor-inaugurado-em-12-de-outubro-de-1931\/#article\",\"isPartOf\":{\"@id\":\"https:\/\/www.padreeustaquio.com.br\/veja-texto-de-padre-eustaquio-sobre-cristo-redentor-inaugurado-em-12-de-outubro-de-1931\/\"},\"author\":{\"name\":\"@sscc\",\"@id\":\"https:\/\/www.padreeustaquio.com.br\/#\/schema\/person\/a2a51db1d00f1a7af0204a0f1ddb1566\"},\"headline\":\"Veja texto de Padre Eust\u00e1quio sobre Cristo Redentor, inaugurado em 12 de outubro de 1931\",\"datePublished\":\"2024-10-11T09:52:53+00:00\",\"mainEntityOfPage\":{\"@id\":\"https:\/\/www.padreeustaquio.com.br\/veja-texto-de-padre-eustaquio-sobre-cristo-redentor-inaugurado-em-12-de-outubro-de-1931\/\"},\"wordCount\":494,\"commentCount\":0,\"publisher\":{\"@id\":\"https:\/\/www.padreeustaquio.com.br\/#organization\"},\"image\":{\"@id\":\"https:\/\/www.padreeustaquio.com.br\/veja-texto-de-padre-eustaquio-sobre-cristo-redentor-inaugurado-em-12-de-outubro-de-1931\/#primaryimage\"},\"thumbnailUrl\":\"https:\/\/www.padreeustaquio.com.br\/wp-content\/uploads\/2024\/10\/cristo-redentor-17-10-1931.jpeg\",\"articleSection\":[\"Not\u00edcias\"],\"inLanguage\":\"es\",\"potentialAction\":[{\"@type\":\"CommentAction\",\"name\":\"Comment\",\"target\":[\"https:\/\/www.padreeustaquio.com.br\/veja-texto-de-padre-eustaquio-sobre-cristo-redentor-inaugurado-em-12-de-outubro-de-1931\/#respond\"]}]},{\"@type\":\"WebPage\",\"@id\":\"https:\/\/www.padreeustaquio.com.br\/veja-texto-de-padre-eustaquio-sobre-cristo-redentor-inaugurado-em-12-de-outubro-de-1931\/\",\"url\":\"https:\/\/www.padreeustaquio.com.br\/veja-texto-de-padre-eustaquio-sobre-cristo-redentor-inaugurado-em-12-de-outubro-de-1931\/\",\"name\":\"Veja texto de Padre Eust\u00e1quio sobre Cristo Redentor, inaugurado em 12 de outubro de 1931\",\"isPartOf\":{\"@id\":\"https:\/\/www.padreeustaquio.com.br\/#website\"},\"primaryImageOfPage\":{\"@id\":\"https:\/\/www.padreeustaquio.com.br\/veja-texto-de-padre-eustaquio-sobre-cristo-redentor-inaugurado-em-12-de-outubro-de-1931\/#primaryimage\"},\"image\":{\"@id\":\"https:\/\/www.padreeustaquio.com.br\/veja-texto-de-padre-eustaquio-sobre-cristo-redentor-inaugurado-em-12-de-outubro-de-1931\/#primaryimage\"},\"thumbnailUrl\":\"https:\/\/www.padreeustaquio.com.br\/wp-content\/uploads\/2024\/10\/cristo-redentor-17-10-1931.jpeg\",\"datePublished\":\"2024-10-11T09:52:53+00:00\",\"description\":\"Inaugurado no dia 12 de outubro de 1931, o Cristo Redentor, no Rio de Janeiro \u00e9 um dos maiores s\u00edmbolos crist\u00e3os do mundo. Com 30 metros de altura, a est\u00e1tua \u00e9 considerada uma das 7 maravilhas do mundo moderno. Na \u00e9poca de sua inaugura\u00e7\u00e3o, Padre Eust\u00e1quio, atento \u00e0s not\u00edcias, estando em \u00c1gua Suja (atual Romaria), no Tri\u00e2ngulo Mineiro onde exercia sua miss\u00e3o, escreve um artigo, que foi publicado no Jornal Romeiro, em 25 de outubro de 1931.\",\"breadcrumb\":{\"@id\":\"https:\/\/www.padreeustaquio.com.br\/veja-texto-de-padre-eustaquio-sobre-cristo-redentor-inaugurado-em-12-de-outubro-de-1931\/#breadcrumb\"},\"inLanguage\":\"es\",\"potentialAction\":[{\"@type\":\"ReadAction\",\"target\":[\"https:\/\/www.padreeustaquio.com.br\/veja-texto-de-padre-eustaquio-sobre-cristo-redentor-inaugurado-em-12-de-outubro-de-1931\/\"]}]},{\"@type\":\"ImageObject\",\"inLanguage\":\"es\",\"@id\":\"https:\/\/www.padreeustaquio.com.br\/veja-texto-de-padre-eustaquio-sobre-cristo-redentor-inaugurado-em-12-de-outubro-de-1931\/#primaryimage\",\"url\":\"https:\/\/www.padreeustaquio.com.br\/wp-content\/uploads\/2024\/10\/cristo-redentor-17-10-1931.jpeg\",\"contentUrl\":\"https:\/\/www.padreeustaquio.com.br\/wp-content\/uploads\/2024\/10\/cristo-redentor-17-10-1931.jpeg\",\"width\":1099,\"height\":837,\"caption\":\"Fonte: Revista FonFon: (RJ) - Ano 1931\\\\Edi\u00e7\u00e3o 00042\"},{\"@type\":\"BreadcrumbList\",\"@id\":\"https:\/\/www.padreeustaquio.com.br\/veja-texto-de-padre-eustaquio-sobre-cristo-redentor-inaugurado-em-12-de-outubro-de-1931\/#breadcrumb\",\"itemListElement\":[{\"@type\":\"ListItem\",\"position\":1,\"name\":\"In\u00edcio\",\"item\":\"https:\/\/www.padreeustaquio.com.br\/\"},{\"@type\":\"ListItem\",\"position\":2,\"name\":\"Veja texto de Padre Eust\u00e1quio sobre Cristo Redentor, inaugurado em 12 de outubro de 1931\"}]},{\"@type\":\"WebSite\",\"@id\":\"https:\/\/www.padreeustaquio.com.br\/#website\",\"url\":\"https:\/\/www.padreeustaquio.com.br\/\",\"name\":\"Padre Eust\u00e1quio\",\"description\":\"Sa\u00fade e Paz\",\"publisher\":{\"@id\":\"https:\/\/www.padreeustaquio.com.br\/#organization\"},\"potentialAction\":[{\"@type\":\"SearchAction\",\"target\":{\"@type\":\"EntryPoint\",\"urlTemplate\":\"https:\/\/www.padreeustaquio.com.br\/?s={search_term_string}\"},\"query-input\":{\"@type\":\"PropertyValueSpecification\",\"valueRequired\":true,\"valueName\":\"search_term_string\"}}],\"inLanguage\":\"es\"},{\"@type\":\"Organization\",\"@id\":\"https:\/\/www.padreeustaquio.com.br\/#organization\",\"name\":\"Padre Eust\u00e1quio\",\"url\":\"https:\/\/www.padreeustaquio.com.br\/\",\"logo\":{\"@type\":\"ImageObject\",\"inLanguage\":\"es\",\"@id\":\"https:\/\/www.padreeustaquio.com.br\/#\/schema\/logo\/image\/\",\"url\":\"https:\/\/www.padreeustaquio.com.br\/wp-content\/uploads\/2019\/08\/marca.png\",\"contentUrl\":\"https:\/\/www.padreeustaquio.com.br\/wp-content\/uploads\/2019\/08\/marca.png\",\"width\":350,\"height\":400,\"caption\":\"Padre Eust\u00e1quio\"},\"image\":{\"@id\":\"https:\/\/www.padreeustaquio.com.br\/#\/schema\/logo\/image\/\"},\"sameAs\":[\"https:\/\/www.facebook.com\/beatopadreeustaquio\/\",\"https:\/\/x.com\/beatopeustaquio\",\"https:\/\/www.instagram.com\/beatopadreeustaquio\/\",\"https:\/\/www.youtube.com\/channel\/UCRhw7vfabnajwLxb1ZXMeIw\"]},{\"@type\":\"Person\",\"@id\":\"https:\/\/www.padreeustaquio.com.br\/#\/schema\/person\/a2a51db1d00f1a7af0204a0f1ddb1566\",\"name\":\"@sscc\",\"image\":{\"@type\":\"ImageObject\",\"inLanguage\":\"es\",\"@id\":\"https:\/\/secure.gravatar.com\/avatar\/68cfafa5f44617fea54071e215026e0ff06be366c3d54a8425f04fdcb86f8c5f?s=96&d=mm&r=g\",\"url\":\"https:\/\/secure.gravatar.com\/avatar\/68cfafa5f44617fea54071e215026e0ff06be366c3d54a8425f04fdcb86f8c5f?s=96&d=mm&r=g\",\"contentUrl\":\"https:\/\/secure.gravatar.com\/avatar\/68cfafa5f44617fea54071e215026e0ff06be366c3d54a8425f04fdcb86f8c5f?s=96&d=mm&r=g\",\"caption\":\"@sscc\"},\"url\":\"https:\/\/www.padreeustaquio.com.br\/es\/author\/sscc\/\"}]}<\/script>\n<!-- \/ Yoast SEO plugin. -->","yoast_head_json":{"title":"V\u00e9ase el texto del Padre Eust\u00e1quio sobre el Cristo Redentor, inaugurado el 12 de octubre de 1931.","description":"Inaugurado el 12 de octubre de 1931, el Cristo Redentor de R\u00edo de Janeiro es uno de los mayores s\u00edmbolos cristianos del mundo. Con 30 metros de altura, la estatua es considerada una de las 7 maravillas del mundo moderno. En el momento de su inauguraci\u00f3n, el padre Eust\u00e1quio, atento a las noticias mientras se encontraba en \u00c1gua Suja (actual Romaria), en la regi\u00f3n del Tri\u00e1ngulo Minero donde ejerc\u00eda su misi\u00f3n, escribi\u00f3 un art\u00edculo que se public\u00f3 en el Jornal Romeiro el 25 de octubre de 1931.","robots":{"index":"index","follow":"follow","max-snippet":"max-snippet:-1","max-image-preview":"max-image-preview:large","max-video-preview":"max-video-preview:-1"},"canonical":"https:\/\/www.padreeustaquio.com.br\/es\/vease-el-texto-del-padre-eustaquio-sobre-el-cristo-redentor-inaugurado-el-12-de-octubre-de-1931\/","og_locale":"es_ES","og_type":"article","og_title":"Veja texto de Padre Eust\u00e1quio sobre Cristo Redentor, inaugurado em 12 de outubro de 1931","og_description":"Inaugurado no dia 12 de outubro de 1931, o Cristo Redentor, no Rio de Janeiro \u00e9 um dos maiores s\u00edmbolos crist\u00e3os do mundo. Com 30 metros de altura, a est\u00e1tua \u00e9 considerada uma das 7 maravilhas do mundo moderno. Na \u00e9poca de sua inaugura\u00e7\u00e3o, Padre Eust\u00e1quio, atento \u00e0s not\u00edcias, estando em \u00c1gua Suja (atual Romaria), no Tri\u00e2ngulo Mineiro onde exercia sua miss\u00e3o, escreve um artigo, que foi publicado no Jornal Romeiro, em 25 de outubro de 1931.","og_url":"https:\/\/www.padreeustaquio.com.br\/es\/vease-el-texto-del-padre-eustaquio-sobre-el-cristo-redentor-inaugurado-el-12-de-octubre-de-1931\/","og_site_name":"Padre Eust\u00e1quio","article_publisher":"https:\/\/www.facebook.com\/beatopadreeustaquio\/","article_published_time":"2024-10-11T09:52:53+00:00","og_image":[{"width":1099,"height":837,"url":"https:\/\/www.padreeustaquio.com.br\/wp-content\/uploads\/2024\/10\/cristo-redentor-17-10-1931.jpeg","type":"image\/jpeg"}],"author":"@sscc","twitter_card":"summary_large_image","twitter_creator":"@beatopeustaquio","twitter_site":"@beatopeustaquio","twitter_misc":{"Escrito por":"@sscc","Tiempo de lectura":"3 minutos"},"schema":{"@context":"https:\/\/schema.org","@graph":[{"@type":"Article","@id":"https:\/\/www.padreeustaquio.com.br\/veja-texto-de-padre-eustaquio-sobre-cristo-redentor-inaugurado-em-12-de-outubro-de-1931\/#article","isPartOf":{"@id":"https:\/\/www.padreeustaquio.com.br\/veja-texto-de-padre-eustaquio-sobre-cristo-redentor-inaugurado-em-12-de-outubro-de-1931\/"},"author":{"name":"@sscc","@id":"https:\/\/www.padreeustaquio.com.br\/#\/schema\/person\/a2a51db1d00f1a7af0204a0f1ddb1566"},"headline":"Veja texto de Padre Eust\u00e1quio sobre Cristo Redentor, inaugurado em 12 de outubro de 1931","datePublished":"2024-10-11T09:52:53+00:00","mainEntityOfPage":{"@id":"https:\/\/www.padreeustaquio.com.br\/veja-texto-de-padre-eustaquio-sobre-cristo-redentor-inaugurado-em-12-de-outubro-de-1931\/"},"wordCount":494,"commentCount":0,"publisher":{"@id":"https:\/\/www.padreeustaquio.com.br\/#organization"},"image":{"@id":"https:\/\/www.padreeustaquio.com.br\/veja-texto-de-padre-eustaquio-sobre-cristo-redentor-inaugurado-em-12-de-outubro-de-1931\/#primaryimage"},"thumbnailUrl":"https:\/\/www.padreeustaquio.com.br\/wp-content\/uploads\/2024\/10\/cristo-redentor-17-10-1931.jpeg","articleSection":["Not\u00edcias"],"inLanguage":"es","potentialAction":[{"@type":"CommentAction","name":"Comment","target":["https:\/\/www.padreeustaquio.com.br\/veja-texto-de-padre-eustaquio-sobre-cristo-redentor-inaugurado-em-12-de-outubro-de-1931\/#respond"]}]},{"@type":"WebPage","@id":"https:\/\/www.padreeustaquio.com.br\/veja-texto-de-padre-eustaquio-sobre-cristo-redentor-inaugurado-em-12-de-outubro-de-1931\/","url":"https:\/\/www.padreeustaquio.com.br\/veja-texto-de-padre-eustaquio-sobre-cristo-redentor-inaugurado-em-12-de-outubro-de-1931\/","name":"V\u00e9ase el texto del Padre Eust\u00e1quio sobre el Cristo Redentor, inaugurado el 12 de octubre de 1931.","isPartOf":{"@id":"https:\/\/www.padreeustaquio.com.br\/#website"},"primaryImageOfPage":{"@id":"https:\/\/www.padreeustaquio.com.br\/veja-texto-de-padre-eustaquio-sobre-cristo-redentor-inaugurado-em-12-de-outubro-de-1931\/#primaryimage"},"image":{"@id":"https:\/\/www.padreeustaquio.com.br\/veja-texto-de-padre-eustaquio-sobre-cristo-redentor-inaugurado-em-12-de-outubro-de-1931\/#primaryimage"},"thumbnailUrl":"https:\/\/www.padreeustaquio.com.br\/wp-content\/uploads\/2024\/10\/cristo-redentor-17-10-1931.jpeg","datePublished":"2024-10-11T09:52:53+00:00","description":"Inaugurado el 12 de octubre de 1931, el Cristo Redentor de R\u00edo de Janeiro es uno de los mayores s\u00edmbolos cristianos del mundo. Con 30 metros de altura, la estatua es considerada una de las 7 maravillas del mundo moderno. En el momento de su inauguraci\u00f3n, el padre Eust\u00e1quio, atento a las noticias mientras se encontraba en \u00c1gua Suja (actual Romaria), en la regi\u00f3n del Tri\u00e1ngulo Minero donde ejerc\u00eda su misi\u00f3n, escribi\u00f3 un art\u00edculo que se public\u00f3 en el Jornal Romeiro el 25 de octubre de 1931.","breadcrumb":{"@id":"https:\/\/www.padreeustaquio.com.br\/veja-texto-de-padre-eustaquio-sobre-cristo-redentor-inaugurado-em-12-de-outubro-de-1931\/#breadcrumb"},"inLanguage":"es","potentialAction":[{"@type":"ReadAction","target":["https:\/\/www.padreeustaquio.com.br\/veja-texto-de-padre-eustaquio-sobre-cristo-redentor-inaugurado-em-12-de-outubro-de-1931\/"]}]},{"@type":"ImageObject","inLanguage":"es","@id":"https:\/\/www.padreeustaquio.com.br\/veja-texto-de-padre-eustaquio-sobre-cristo-redentor-inaugurado-em-12-de-outubro-de-1931\/#primaryimage","url":"https:\/\/www.padreeustaquio.com.br\/wp-content\/uploads\/2024\/10\/cristo-redentor-17-10-1931.jpeg","contentUrl":"https:\/\/www.padreeustaquio.com.br\/wp-content\/uploads\/2024\/10\/cristo-redentor-17-10-1931.jpeg","width":1099,"height":837,"caption":"Fonte: Revista FonFon: (RJ) - Ano 1931\\Edi\u00e7\u00e3o 00042"},{"@type":"BreadcrumbList","@id":"https:\/\/www.padreeustaquio.com.br\/veja-texto-de-padre-eustaquio-sobre-cristo-redentor-inaugurado-em-12-de-outubro-de-1931\/#breadcrumb","itemListElement":[{"@type":"ListItem","position":1,"name":"In\u00edcio","item":"https:\/\/www.padreeustaquio.com.br\/"},{"@type":"ListItem","position":2,"name":"Veja texto de Padre Eust\u00e1quio sobre Cristo Redentor, inaugurado em 12 de outubro de 1931"}]},{"@type":"WebSite","@id":"https:\/\/www.padreeustaquio.com.br\/#website","url":"https:\/\/www.padreeustaquio.com.br\/","name":"Padre Eustace","description":"Salud y Paz","publisher":{"@id":"https:\/\/www.padreeustaquio.com.br\/#organization"},"potentialAction":[{"@type":"SearchAction","target":{"@type":"EntryPoint","urlTemplate":"https:\/\/www.padreeustaquio.com.br\/?s={search_term_string}"},"query-input":{"@type":"PropertyValueSpecification","valueRequired":true,"valueName":"search_term_string"}}],"inLanguage":"es"},{"@type":"Organization","@id":"https:\/\/www.padreeustaquio.com.br\/#organization","name":"Padre Eustace","url":"https:\/\/www.padreeustaquio.com.br\/","logo":{"@type":"ImageObject","inLanguage":"es","@id":"https:\/\/www.padreeustaquio.com.br\/#\/schema\/logo\/image\/","url":"https:\/\/www.padreeustaquio.com.br\/wp-content\/uploads\/2019\/08\/marca.png","contentUrl":"https:\/\/www.padreeustaquio.com.br\/wp-content\/uploads\/2019\/08\/marca.png","width":350,"height":400,"caption":"Padre Eust\u00e1quio"},"image":{"@id":"https:\/\/www.padreeustaquio.com.br\/#\/schema\/logo\/image\/"},"sameAs":["https:\/\/www.facebook.com\/beatopadreeustaquio\/","https:\/\/x.com\/beatopeustaquio","https:\/\/www.instagram.com\/beatopadreeustaquio\/","https:\/\/www.youtube.com\/channel\/UCRhw7vfabnajwLxb1ZXMeIw"]},{"@type":"Person","@id":"https:\/\/www.padreeustaquio.com.br\/#\/schema\/person\/a2a51db1d00f1a7af0204a0f1ddb1566","name":"@sscc","image":{"@type":"ImageObject","inLanguage":"es","@id":"https:\/\/secure.gravatar.com\/avatar\/68cfafa5f44617fea54071e215026e0ff06be366c3d54a8425f04fdcb86f8c5f?s=96&d=mm&r=g","url":"https:\/\/secure.gravatar.com\/avatar\/68cfafa5f44617fea54071e215026e0ff06be366c3d54a8425f04fdcb86f8c5f?s=96&d=mm&r=g","contentUrl":"https:\/\/secure.gravatar.com\/avatar\/68cfafa5f44617fea54071e215026e0ff06be366c3d54a8425f04fdcb86f8c5f?s=96&d=mm&r=g","caption":"@sscc"},"url":"https:\/\/www.padreeustaquio.com.br\/es\/author\/sscc\/"}]}},"_links":{"self":[{"href":"https:\/\/www.padreeustaquio.com.br\/es\/wp-json\/wp\/v2\/posts\/11652","targetHints":{"allow":["GET"]}}],"collection":[{"href":"https:\/\/www.padreeustaquio.com.br\/es\/wp-json\/wp\/v2\/posts"}],"about":[{"href":"https:\/\/www.padreeustaquio.com.br\/es\/wp-json\/wp\/v2\/types\/post"}],"author":[{"embeddable":true,"href":"https:\/\/www.padreeustaquio.com.br\/es\/wp-json\/wp\/v2\/users\/2"}],"replies":[{"embeddable":true,"href":"https:\/\/www.padreeustaquio.com.br\/es\/wp-json\/wp\/v2\/comments?post=11652"}],"version-history":[{"count":0,"href":"https:\/\/www.padreeustaquio.com.br\/es\/wp-json\/wp\/v2\/posts\/11652\/revisions"}],"wp:featuredmedia":[{"embeddable":true,"href":"https:\/\/www.padreeustaquio.com.br\/es\/wp-json\/wp\/v2\/media\/11653"}],"wp:attachment":[{"href":"https:\/\/www.padreeustaquio.com.br\/es\/wp-json\/wp\/v2\/media?parent=11652"}],"wp:term":[{"taxonomy":"category","embeddable":true,"href":"https:\/\/www.padreeustaquio.com.br\/es\/wp-json\/wp\/v2\/categories?post=11652"},{"taxonomy":"post_tag","embeddable":true,"href":"https:\/\/www.padreeustaquio.com.br\/es\/wp-json\/wp\/v2\/tags?post=11652"}],"curies":[{"name":"wp","href":"https:\/\/api.w.org\/{rel}","templated":true}]}}