{"id":11644,"date":"2024-10-08T06:08:14","date_gmt":"2024-10-08T09:08:14","guid":{"rendered":"https:\/\/www.padreeustaquio.com.br\/?p=11644"},"modified":"2024-10-07T11:25:09","modified_gmt":"2024-10-07T14:25:09","slug":"devotos-del-padre-eustaquio-visitan-museo-dedicado-al-beato-en-porto-alegre","status":"publish","type":"post","link":"https:\/\/www.padreeustaquio.com.br\/es\/devotos-del-padre-eustaquio-visitan-museo-dedicado-al-beato-en-porto-alegre\/","title":{"rendered":"Devotos del Padre Eust\u00e1quio visitan el museo dedicado al Beato en Po\u00e1."},"content":{"rendered":"<p>El Museo Padre Eust\u00e1quio en Po\u00e1, S\u00e3o Paulo, recibi\u00f3 la visita de devotos del Beato, provenientes de Belo Horizonte y de la capital paulista. El grupo, compuesto por la Sra. Bernadete, ministra de la Eucarist\u00eda en la Iglesia Padre Eust\u00e1quio de BH, y sus hijas: Dayane, Daniele y Gl\u00e1ucia, cautivaron a todos con su amor por el Beato y su conexi\u00f3n con la comunidad.<\/p>\n<p><img fetchpriority=\"high\" decoding=\"async\" class=\"size-medium wp-image-11646 alignleft\" src=\"https:\/\/www.padreeustaquio.com.br\/wp-content\/uploads\/2024\/10\/visita-museu-poa-4-300x169.jpeg\" alt=\"\" width=\"300\" height=\"169\" srcset=\"https:\/\/www.padreeustaquio.com.br\/wp-content\/uploads\/2024\/10\/visita-museu-poa-4-300x169.jpeg 300w, https:\/\/www.padreeustaquio.com.br\/wp-content\/uploads\/2024\/10\/visita-museu-poa-4-1024x576.jpeg 1024w, https:\/\/www.padreeustaquio.com.br\/wp-content\/uploads\/2024\/10\/visita-museu-poa-4-768x432.jpeg 768w, https:\/\/www.padreeustaquio.com.br\/wp-content\/uploads\/2024\/10\/visita-museu-poa-4-400x225.jpeg 400w, https:\/\/www.padreeustaquio.com.br\/wp-content\/uploads\/2024\/10\/visita-museu-poa-4-600x338.jpeg 600w, https:\/\/www.padreeustaquio.com.br\/wp-content\/uploads\/2024\/10\/visita-museu-poa-4-800x450.jpeg 800w, https:\/\/www.padreeustaquio.com.br\/wp-content\/uploads\/2024\/10\/visita-museu-poa-4.jpeg 1080w\" sizes=\"(max-width: 300px) 100vw, 300px\" \/>Acompa\u00f1ados por el gu\u00eda del museo, Richard, pudieron visitar los lugares donde el Bendito dej\u00f3 su huella y compartieron hermosas composiciones musicales en su honor.<\/p>\n<p>El Museo Padre Eust\u00e1quio, en Po\u00e1, est\u00e1 abierto a todos los devotos. Para visitarlo, solo tiene que programar una cita por WhatsApp: (11) 99165-8409.<\/p>\n\n\t\t<style type=\"text\/css\">\n\t\t\t#gallery-1 {\n\t\t\t\tmargin: auto;\n\t\t\t}\n\t\t\t#gallery-1 .gallery-item {\n\t\t\t\tfloat: left;\n\t\t\t\tmargin-top: 10px;\n\t\t\t\ttext-align: center;\n\t\t\t\twidth: 50%;\n\t\t\t}\n\t\t\t#gallery-1 img {\n\t\t\t\tborder: 2px solid #cfcfcf;\n\t\t\t}\n\t\t\t#gallery-1 .gallery-caption {\n\t\t\t\tmargin-left: 0;\n\t\t\t}\n\t\t\t\/* see gallery_shortcode() in wp-includes\/media.php *\/\n\t\t<\/style>\n\t\t<div id='gallery-1' class='gallery galleryid-11644 gallery-columns-2 gallery-size-thumbnail'><dl class='gallery-item'>\n\t\t\t<dt class='gallery-icon landscape'>\n\t\t\t\t<a href='https:\/\/www.padreeustaquio.com.br\/es\/devotos-del-padre-eustaquio-visitan-museo-dedicado-al-beato-en-porto-alegre\/visita-museu-poa-2-2\/'><img decoding=\"async\" width=\"150\" height=\"150\" src=\"https:\/\/www.padreeustaquio.com.br\/wp-content\/uploads\/2024\/10\/visita-museu-poa-2-1-150x150.jpeg\" class=\"attachment-thumbnail size-thumbnail\" alt=\"\" srcset=\"https:\/\/www.padreeustaquio.com.br\/wp-content\/uploads\/2024\/10\/visita-museu-poa-2-1-150x150.jpeg 150w, https:\/\/www.padreeustaquio.com.br\/wp-content\/uploads\/2024\/10\/visita-museu-poa-2-1-75x75.jpeg 75w, https:\/\/www.padreeustaquio.com.br\/wp-content\/uploads\/2024\/10\/visita-museu-poa-2-1-180x180.jpeg 180w, https:\/\/www.padreeustaquio.com.br\/wp-content\/uploads\/2024\/10\/visita-museu-poa-2-1-400x400.jpeg 400w, https:\/\/www.padreeustaquio.com.br\/wp-content\/uploads\/2024\/10\/visita-museu-poa-2-1-600x600.jpeg 600w\" sizes=\"(max-width: 150px) 100vw, 150px\" \/><\/a>\n\t\t\t<\/dt><\/dl><dl class='gallery-item'>\n\t\t\t<dt class='gallery-icon landscape'>\n\t\t\t\t<a href='https:\/\/www.padreeustaquio.com.br\/es\/devotos-del-padre-eustaquio-visitan-museo-dedicado-al-beato-en-porto-alegre\/visita-museu-poa-3\/'><img decoding=\"async\" width=\"150\" height=\"150\" src=\"https:\/\/www.padreeustaquio.com.br\/wp-content\/uploads\/2024\/10\/visita-museu-poa-3-150x150.jpeg\" class=\"attachment-thumbnail size-thumbnail\" alt=\"\" srcset=\"https:\/\/www.padreeustaquio.com.br\/wp-content\/uploads\/2024\/10\/visita-museu-poa-3-150x150.jpeg 150w, https:\/\/www.padreeustaquio.com.br\/wp-content\/uploads\/2024\/10\/visita-museu-poa-3-75x75.jpeg 75w, https:\/\/www.padreeustaquio.com.br\/wp-content\/uploads\/2024\/10\/visita-museu-poa-3-180x180.jpeg 180w, https:\/\/www.padreeustaquio.com.br\/wp-content\/uploads\/2024\/10\/visita-museu-poa-3-400x400.jpeg 400w, https:\/\/www.padreeustaquio.com.br\/wp-content\/uploads\/2024\/10\/visita-museu-poa-3-600x600.jpeg 600w\" sizes=\"(max-width: 150px) 100vw, 150px\" \/><\/a>\n\t\t\t<\/dt><\/dl><br style=\"clear: both\" \/><dl class='gallery-item'>\n\t\t\t<dt class='gallery-icon landscape'>\n\t\t\t\t<a href='https:\/\/www.padreeustaquio.com.br\/es\/devotos-del-padre-eustaquio-visitan-museo-dedicado-al-beato-en-porto-alegre\/visita-museu-poa-4-2\/'><img loading=\"lazy\" decoding=\"async\" width=\"150\" height=\"150\" src=\"https:\/\/www.padreeustaquio.com.br\/wp-content\/uploads\/2024\/10\/visita-museu-poa-4-1-150x150.jpeg\" class=\"attachment-thumbnail size-thumbnail\" alt=\"\" srcset=\"https:\/\/www.padreeustaquio.com.br\/wp-content\/uploads\/2024\/10\/visita-museu-poa-4-1-150x150.jpeg 150w, https:\/\/www.padreeustaquio.com.br\/wp-content\/uploads\/2024\/10\/visita-museu-poa-4-1-75x75.jpeg 75w, https:\/\/www.padreeustaquio.com.br\/wp-content\/uploads\/2024\/10\/visita-museu-poa-4-1-180x180.jpeg 180w, https:\/\/www.padreeustaquio.com.br\/wp-content\/uploads\/2024\/10\/visita-museu-poa-4-1-400x400.jpeg 400w, https:\/\/www.padreeustaquio.com.br\/wp-content\/uploads\/2024\/10\/visita-museu-poa-4-1-600x600.jpeg 600w\" sizes=\"(max-width: 150px) 100vw, 150px\" \/><\/a>\n\t\t\t<\/dt><\/dl><dl class='gallery-item'>\n\t\t\t<dt class='gallery-icon landscape'>\n\t\t\t\t<a href='https:\/\/www.padreeustaquio.com.br\/es\/devotos-del-padre-eustaquio-visitan-museo-dedicado-al-beato-en-porto-alegre\/visita-museu-poa-1\/'><img loading=\"lazy\" decoding=\"async\" width=\"150\" height=\"150\" src=\"https:\/\/www.padreeustaquio.com.br\/wp-content\/uploads\/2024\/10\/visita-museu-poa-1-150x150.jpeg\" class=\"attachment-thumbnail size-thumbnail\" alt=\"\" srcset=\"https:\/\/www.padreeustaquio.com.br\/wp-content\/uploads\/2024\/10\/visita-museu-poa-1-150x150.jpeg 150w, https:\/\/www.padreeustaquio.com.br\/wp-content\/uploads\/2024\/10\/visita-museu-poa-1-75x75.jpeg 75w, https:\/\/www.padreeustaquio.com.br\/wp-content\/uploads\/2024\/10\/visita-museu-poa-1-180x180.jpeg 180w, https:\/\/www.padreeustaquio.com.br\/wp-content\/uploads\/2024\/10\/visita-museu-poa-1-400x400.jpeg 400w, https:\/\/www.padreeustaquio.com.br\/wp-content\/uploads\/2024\/10\/visita-museu-poa-1-600x600.jpeg 600w\" sizes=\"(max-width: 150px) 100vw, 150px\" \/><\/a>\n\t\t\t<\/dt><\/dl><br style=\"clear: both\" \/>\n\t\t<\/div>","protected":false},"excerpt":{"rendered":"<p>O Museu Padre Eust\u00e1quio, em Po\u00e1-SP, recebeu a visita de devotos do Bem-aventurado, vindos de Belo Horizonte e da capital paulista. O grupo, formado por dona Bernadete, ministra da Eucaristia na Igreja do Padre Eust\u00e1quio em BH e as filhas dela: Dayane, Daniele e Gl\u00e1ucia, que encantaram a todos com seu amor pelo Beato e sua conex\u00e3o com a comunidade. Acompanhadas pelo monitor do museu, Richard, elas puderam conhecer os locais onde o Beato deixou sua marca e compartilharam belas composi\u00e7\u00f5es musicais em sua homenagem. O Museu Padre Eust\u00e1quio, em Po\u00e1, est\u00e1 de portas abertas para todos os devotos. Para [&hellip;]<\/p>\n","protected":false},"author":2,"featured_media":11645,"comment_status":"open","ping_status":"closed","sticky":false,"template":"","format":"standard","meta":{"_acf_changed":false,"footnotes":""},"categories":[611],"tags":[],"class_list":["post-11644","post","type-post","status-publish","format-standard","has-post-thumbnail","hentry","category-noticias"],"acf":[],"yoast_head":"<!-- This site is optimized with the Yoast SEO plugin v27.2 - https:\/\/yoast.com\/product\/yoast-seo-wordpress\/ -->\n<title>Devotos do Padre Eust\u00e1quio visitam Museu dedicado ao Beato em Po\u00e1<\/title>\n<meta name=\"description\" content=\"O Museu Padre Eust\u00e1quio, em Po\u00e1-SP, recebeu a visita de devotos do Bem-aventurado, vindos de Belo Horizonte e da capital paulista. O grupo, formado por dona Bernadete, ministra da Eucaristia na Igreja do Padre Eust\u00e1quio em BH e as filhas dela: Dayane, Daniele e Gl\u00e1ucia, que encantaram a todos com seu amor pelo Beato e sua conex\u00e3o com a comunidade.\" \/>\n<meta name=\"robots\" content=\"index, follow, max-snippet:-1, max-image-preview:large, max-video-preview:-1\" \/>\n<link rel=\"canonical\" href=\"https:\/\/www.padreeustaquio.com.br\/es\/devotos-del-padre-eustaquio-visitan-museo-dedicado-al-beato-en-porto-alegre\/\" \/>\n<meta property=\"og:locale\" content=\"es_ES\" \/>\n<meta property=\"og:type\" content=\"article\" \/>\n<meta property=\"og:title\" content=\"Devotos do Padre Eust\u00e1quio visitam Museu dedicado ao Beato em Po\u00e1\" \/>\n<meta property=\"og:description\" content=\"O Museu Padre Eust\u00e1quio, em Po\u00e1-SP, recebeu a visita de devotos do Bem-aventurado, vindos de Belo Horizonte e da capital paulista. O grupo, formado por dona Bernadete, ministra da Eucaristia na Igreja do Padre Eust\u00e1quio em BH e as filhas dela: Dayane, Daniele e Gl\u00e1ucia, que encantaram a todos com seu amor pelo Beato e sua conex\u00e3o com a comunidade.\" \/>\n<meta property=\"og:url\" content=\"https:\/\/www.padreeustaquio.com.br\/es\/devotos-del-padre-eustaquio-visitan-museo-dedicado-al-beato-en-porto-alegre\/\" \/>\n<meta property=\"og:site_name\" content=\"Padre Eust\u00e1quio\" \/>\n<meta property=\"article:publisher\" content=\"https:\/\/www.facebook.com\/beatopadreeustaquio\/\" \/>\n<meta property=\"article:published_time\" content=\"2024-10-08T09:08:14+00:00\" \/>\n<meta property=\"og:image\" content=\"https:\/\/www.padreeustaquio.com.br\/wp-content\/uploads\/2024\/10\/visita-museu-poa-2.jpeg\" \/>\n\t<meta property=\"og:image:width\" content=\"1080\" \/>\n\t<meta property=\"og:image:height\" content=\"608\" \/>\n\t<meta property=\"og:image:type\" content=\"image\/jpeg\" \/>\n<meta name=\"author\" content=\"@sscc\" \/>\n<meta name=\"twitter:card\" content=\"summary_large_image\" \/>\n<meta name=\"twitter:creator\" content=\"@beatopeustaquio\" \/>\n<meta name=\"twitter:site\" content=\"@beatopeustaquio\" \/>\n<meta name=\"twitter:label1\" content=\"Escrito por\" \/>\n\t<meta name=\"twitter:data1\" content=\"@sscc\" \/>\n\t<meta name=\"twitter:label2\" content=\"Tiempo de lectura\" \/>\n\t<meta name=\"twitter:data2\" content=\"2 minutos\" \/>\n<script type=\"application\/ld+json\" class=\"yoast-schema-graph\">{\"@context\":\"https:\/\/schema.org\",\"@graph\":[{\"@type\":\"Article\",\"@id\":\"https:\/\/www.padreeustaquio.com.br\/devotos-do-padre-eustaquio-visitam-museu-dedicado-ao-beato-em-poa\/#article\",\"isPartOf\":{\"@id\":\"https:\/\/www.padreeustaquio.com.br\/devotos-do-padre-eustaquio-visitam-museu-dedicado-ao-beato-em-poa\/\"},\"author\":{\"name\":\"@sscc\",\"@id\":\"https:\/\/www.padreeustaquio.com.br\/#\/schema\/person\/a2a51db1d00f1a7af0204a0f1ddb1566\"},\"headline\":\"Devotos do Padre Eust\u00e1quio visitam Museu dedicado ao Beato em Po\u00e1\",\"datePublished\":\"2024-10-08T09:08:14+00:00\",\"mainEntityOfPage\":{\"@id\":\"https:\/\/www.padreeustaquio.com.br\/devotos-do-padre-eustaquio-visitam-museu-dedicado-ao-beato-em-poa\/\"},\"wordCount\":133,\"commentCount\":0,\"publisher\":{\"@id\":\"https:\/\/www.padreeustaquio.com.br\/#organization\"},\"image\":{\"@id\":\"https:\/\/www.padreeustaquio.com.br\/devotos-do-padre-eustaquio-visitam-museu-dedicado-ao-beato-em-poa\/#primaryimage\"},\"thumbnailUrl\":\"https:\/\/www.padreeustaquio.com.br\/wp-content\/uploads\/2024\/10\/visita-museu-poa-2.jpeg\",\"articleSection\":[\"Not\u00edcias\"],\"inLanguage\":\"es\",\"potentialAction\":[{\"@type\":\"CommentAction\",\"name\":\"Comment\",\"target\":[\"https:\/\/www.padreeustaquio.com.br\/devotos-do-padre-eustaquio-visitam-museu-dedicado-ao-beato-em-poa\/#respond\"]}]},{\"@type\":\"WebPage\",\"@id\":\"https:\/\/www.padreeustaquio.com.br\/devotos-do-padre-eustaquio-visitam-museu-dedicado-ao-beato-em-poa\/\",\"url\":\"https:\/\/www.padreeustaquio.com.br\/devotos-do-padre-eustaquio-visitam-museu-dedicado-ao-beato-em-poa\/\",\"name\":\"Devotos do Padre Eust\u00e1quio visitam Museu dedicado ao Beato em Po\u00e1\",\"isPartOf\":{\"@id\":\"https:\/\/www.padreeustaquio.com.br\/#website\"},\"primaryImageOfPage\":{\"@id\":\"https:\/\/www.padreeustaquio.com.br\/devotos-do-padre-eustaquio-visitam-museu-dedicado-ao-beato-em-poa\/#primaryimage\"},\"image\":{\"@id\":\"https:\/\/www.padreeustaquio.com.br\/devotos-do-padre-eustaquio-visitam-museu-dedicado-ao-beato-em-poa\/#primaryimage\"},\"thumbnailUrl\":\"https:\/\/www.padreeustaquio.com.br\/wp-content\/uploads\/2024\/10\/visita-museu-poa-2.jpeg\",\"datePublished\":\"2024-10-08T09:08:14+00:00\",\"description\":\"O Museu Padre Eust\u00e1quio, em Po\u00e1-SP, recebeu a visita de devotos do Bem-aventurado, vindos de Belo Horizonte e da capital paulista. O grupo, formado por dona Bernadete, ministra da Eucaristia na Igreja do Padre Eust\u00e1quio em BH e as filhas dela: Dayane, Daniele e Gl\u00e1ucia, que encantaram a todos com seu amor pelo Beato e sua conex\u00e3o com a comunidade.\",\"breadcrumb\":{\"@id\":\"https:\/\/www.padreeustaquio.com.br\/devotos-do-padre-eustaquio-visitam-museu-dedicado-ao-beato-em-poa\/#breadcrumb\"},\"inLanguage\":\"es\",\"potentialAction\":[{\"@type\":\"ReadAction\",\"target\":[\"https:\/\/www.padreeustaquio.com.br\/devotos-do-padre-eustaquio-visitam-museu-dedicado-ao-beato-em-poa\/\"]}]},{\"@type\":\"ImageObject\",\"inLanguage\":\"es\",\"@id\":\"https:\/\/www.padreeustaquio.com.br\/devotos-do-padre-eustaquio-visitam-museu-dedicado-ao-beato-em-poa\/#primaryimage\",\"url\":\"https:\/\/www.padreeustaquio.com.br\/wp-content\/uploads\/2024\/10\/visita-museu-poa-2.jpeg\",\"contentUrl\":\"https:\/\/www.padreeustaquio.com.br\/wp-content\/uploads\/2024\/10\/visita-museu-poa-2.jpeg\",\"width\":1080,\"height\":608},{\"@type\":\"BreadcrumbList\",\"@id\":\"https:\/\/www.padreeustaquio.com.br\/devotos-do-padre-eustaquio-visitam-museu-dedicado-ao-beato-em-poa\/#breadcrumb\",\"itemListElement\":[{\"@type\":\"ListItem\",\"position\":1,\"name\":\"In\u00edcio\",\"item\":\"https:\/\/www.padreeustaquio.com.br\/\"},{\"@type\":\"ListItem\",\"position\":2,\"name\":\"Devotos do Padre Eust\u00e1quio visitam Museu dedicado ao Beato em Po\u00e1\"}]},{\"@type\":\"WebSite\",\"@id\":\"https:\/\/www.padreeustaquio.com.br\/#website\",\"url\":\"https:\/\/www.padreeustaquio.com.br\/\",\"name\":\"Padre Eust\u00e1quio\",\"description\":\"Sa\u00fade e Paz\",\"publisher\":{\"@id\":\"https:\/\/www.padreeustaquio.com.br\/#organization\"},\"potentialAction\":[{\"@type\":\"SearchAction\",\"target\":{\"@type\":\"EntryPoint\",\"urlTemplate\":\"https:\/\/www.padreeustaquio.com.br\/?s={search_term_string}\"},\"query-input\":{\"@type\":\"PropertyValueSpecification\",\"valueRequired\":true,\"valueName\":\"search_term_string\"}}],\"inLanguage\":\"es\"},{\"@type\":\"Organization\",\"@id\":\"https:\/\/www.padreeustaquio.com.br\/#organization\",\"name\":\"Padre Eust\u00e1quio\",\"url\":\"https:\/\/www.padreeustaquio.com.br\/\",\"logo\":{\"@type\":\"ImageObject\",\"inLanguage\":\"es\",\"@id\":\"https:\/\/www.padreeustaquio.com.br\/#\/schema\/logo\/image\/\",\"url\":\"https:\/\/www.padreeustaquio.com.br\/wp-content\/uploads\/2019\/08\/marca.png\",\"contentUrl\":\"https:\/\/www.padreeustaquio.com.br\/wp-content\/uploads\/2019\/08\/marca.png\",\"width\":350,\"height\":400,\"caption\":\"Padre Eust\u00e1quio\"},\"image\":{\"@id\":\"https:\/\/www.padreeustaquio.com.br\/#\/schema\/logo\/image\/\"},\"sameAs\":[\"https:\/\/www.facebook.com\/beatopadreeustaquio\/\",\"https:\/\/x.com\/beatopeustaquio\",\"https:\/\/www.instagram.com\/beatopadreeustaquio\/\",\"https:\/\/www.youtube.com\/channel\/UCRhw7vfabnajwLxb1ZXMeIw\"]},{\"@type\":\"Person\",\"@id\":\"https:\/\/www.padreeustaquio.com.br\/#\/schema\/person\/a2a51db1d00f1a7af0204a0f1ddb1566\",\"name\":\"@sscc\",\"image\":{\"@type\":\"ImageObject\",\"inLanguage\":\"es\",\"@id\":\"https:\/\/secure.gravatar.com\/avatar\/68cfafa5f44617fea54071e215026e0ff06be366c3d54a8425f04fdcb86f8c5f?s=96&d=mm&r=g\",\"url\":\"https:\/\/secure.gravatar.com\/avatar\/68cfafa5f44617fea54071e215026e0ff06be366c3d54a8425f04fdcb86f8c5f?s=96&d=mm&r=g\",\"contentUrl\":\"https:\/\/secure.gravatar.com\/avatar\/68cfafa5f44617fea54071e215026e0ff06be366c3d54a8425f04fdcb86f8c5f?s=96&d=mm&r=g\",\"caption\":\"@sscc\"},\"url\":\"https:\/\/www.padreeustaquio.com.br\/es\/author\/sscc\/\"}]}<\/script>\n<!-- \/ Yoast SEO plugin. -->","yoast_head_json":{"title":"Devotos del Padre Eust\u00e1quio visitan el museo dedicado al Beato en Po\u00e1.","description":"El Museo Padre Eust\u00e1quio en Po\u00e1, S\u00e3o Paulo, recibi\u00f3 la visita de devotos del Beato, provenientes de Belo Horizonte y de la capital paulista. El grupo, compuesto por la Sra. Bernadete, ministra de la Eucarist\u00eda en la Iglesia Padre Eust\u00e1quio de BH, y sus hijas: Dayane, Daniele y Gl\u00e1ucia, cautivaron a todos con su amor por el Beato y su conexi\u00f3n con la comunidad.","robots":{"index":"index","follow":"follow","max-snippet":"max-snippet:-1","max-image-preview":"max-image-preview:large","max-video-preview":"max-video-preview:-1"},"canonical":"https:\/\/www.padreeustaquio.com.br\/es\/devotos-del-padre-eustaquio-visitan-museo-dedicado-al-beato-en-porto-alegre\/","og_locale":"es_ES","og_type":"article","og_title":"Devotos do Padre Eust\u00e1quio visitam Museu dedicado ao Beato em Po\u00e1","og_description":"O Museu Padre Eust\u00e1quio, em Po\u00e1-SP, recebeu a visita de devotos do Bem-aventurado, vindos de Belo Horizonte e da capital paulista. O grupo, formado por dona Bernadete, ministra da Eucaristia na Igreja do Padre Eust\u00e1quio em BH e as filhas dela: Dayane, Daniele e Gl\u00e1ucia, que encantaram a todos com seu amor pelo Beato e sua conex\u00e3o com a comunidade.","og_url":"https:\/\/www.padreeustaquio.com.br\/es\/devotos-del-padre-eustaquio-visitan-museo-dedicado-al-beato-en-porto-alegre\/","og_site_name":"Padre Eust\u00e1quio","article_publisher":"https:\/\/www.facebook.com\/beatopadreeustaquio\/","article_published_time":"2024-10-08T09:08:14+00:00","og_image":[{"width":1080,"height":608,"url":"https:\/\/www.padreeustaquio.com.br\/wp-content\/uploads\/2024\/10\/visita-museu-poa-2.jpeg","type":"image\/jpeg"}],"author":"@sscc","twitter_card":"summary_large_image","twitter_creator":"@beatopeustaquio","twitter_site":"@beatopeustaquio","twitter_misc":{"Escrito por":"@sscc","Tiempo de lectura":"2 minutos"},"schema":{"@context":"https:\/\/schema.org","@graph":[{"@type":"Article","@id":"https:\/\/www.padreeustaquio.com.br\/devotos-do-padre-eustaquio-visitam-museu-dedicado-ao-beato-em-poa\/#article","isPartOf":{"@id":"https:\/\/www.padreeustaquio.com.br\/devotos-do-padre-eustaquio-visitam-museu-dedicado-ao-beato-em-poa\/"},"author":{"name":"@sscc","@id":"https:\/\/www.padreeustaquio.com.br\/#\/schema\/person\/a2a51db1d00f1a7af0204a0f1ddb1566"},"headline":"Devotos do Padre Eust\u00e1quio visitam Museu dedicado ao Beato em Po\u00e1","datePublished":"2024-10-08T09:08:14+00:00","mainEntityOfPage":{"@id":"https:\/\/www.padreeustaquio.com.br\/devotos-do-padre-eustaquio-visitam-museu-dedicado-ao-beato-em-poa\/"},"wordCount":133,"commentCount":0,"publisher":{"@id":"https:\/\/www.padreeustaquio.com.br\/#organization"},"image":{"@id":"https:\/\/www.padreeustaquio.com.br\/devotos-do-padre-eustaquio-visitam-museu-dedicado-ao-beato-em-poa\/#primaryimage"},"thumbnailUrl":"https:\/\/www.padreeustaquio.com.br\/wp-content\/uploads\/2024\/10\/visita-museu-poa-2.jpeg","articleSection":["Not\u00edcias"],"inLanguage":"es","potentialAction":[{"@type":"CommentAction","name":"Comment","target":["https:\/\/www.padreeustaquio.com.br\/devotos-do-padre-eustaquio-visitam-museu-dedicado-ao-beato-em-poa\/#respond"]}]},{"@type":"WebPage","@id":"https:\/\/www.padreeustaquio.com.br\/devotos-do-padre-eustaquio-visitam-museu-dedicado-ao-beato-em-poa\/","url":"https:\/\/www.padreeustaquio.com.br\/devotos-do-padre-eustaquio-visitam-museu-dedicado-ao-beato-em-poa\/","name":"Devotos del Padre Eust\u00e1quio visitan el museo dedicado al Beato en Po\u00e1.","isPartOf":{"@id":"https:\/\/www.padreeustaquio.com.br\/#website"},"primaryImageOfPage":{"@id":"https:\/\/www.padreeustaquio.com.br\/devotos-do-padre-eustaquio-visitam-museu-dedicado-ao-beato-em-poa\/#primaryimage"},"image":{"@id":"https:\/\/www.padreeustaquio.com.br\/devotos-do-padre-eustaquio-visitam-museu-dedicado-ao-beato-em-poa\/#primaryimage"},"thumbnailUrl":"https:\/\/www.padreeustaquio.com.br\/wp-content\/uploads\/2024\/10\/visita-museu-poa-2.jpeg","datePublished":"2024-10-08T09:08:14+00:00","description":"El Museo Padre Eust\u00e1quio en Po\u00e1, S\u00e3o Paulo, recibi\u00f3 la visita de devotos del Beato, provenientes de Belo Horizonte y de la capital paulista. El grupo, compuesto por la Sra. Bernadete, ministra de la Eucarist\u00eda en la Iglesia Padre Eust\u00e1quio de BH, y sus hijas: Dayane, Daniele y Gl\u00e1ucia, cautivaron a todos con su amor por el Beato y su conexi\u00f3n con la comunidad.","breadcrumb":{"@id":"https:\/\/www.padreeustaquio.com.br\/devotos-do-padre-eustaquio-visitam-museu-dedicado-ao-beato-em-poa\/#breadcrumb"},"inLanguage":"es","potentialAction":[{"@type":"ReadAction","target":["https:\/\/www.padreeustaquio.com.br\/devotos-do-padre-eustaquio-visitam-museu-dedicado-ao-beato-em-poa\/"]}]},{"@type":"ImageObject","inLanguage":"es","@id":"https:\/\/www.padreeustaquio.com.br\/devotos-do-padre-eustaquio-visitam-museu-dedicado-ao-beato-em-poa\/#primaryimage","url":"https:\/\/www.padreeustaquio.com.br\/wp-content\/uploads\/2024\/10\/visita-museu-poa-2.jpeg","contentUrl":"https:\/\/www.padreeustaquio.com.br\/wp-content\/uploads\/2024\/10\/visita-museu-poa-2.jpeg","width":1080,"height":608},{"@type":"BreadcrumbList","@id":"https:\/\/www.padreeustaquio.com.br\/devotos-do-padre-eustaquio-visitam-museu-dedicado-ao-beato-em-poa\/#breadcrumb","itemListElement":[{"@type":"ListItem","position":1,"name":"In\u00edcio","item":"https:\/\/www.padreeustaquio.com.br\/"},{"@type":"ListItem","position":2,"name":"Devotos do Padre Eust\u00e1quio visitam Museu dedicado ao Beato em Po\u00e1"}]},{"@type":"WebSite","@id":"https:\/\/www.padreeustaquio.com.br\/#website","url":"https:\/\/www.padreeustaquio.com.br\/","name":"Padre Eustace","description":"Salud y Paz","publisher":{"@id":"https:\/\/www.padreeustaquio.com.br\/#organization"},"potentialAction":[{"@type":"SearchAction","target":{"@type":"EntryPoint","urlTemplate":"https:\/\/www.padreeustaquio.com.br\/?s={search_term_string}"},"query-input":{"@type":"PropertyValueSpecification","valueRequired":true,"valueName":"search_term_string"}}],"inLanguage":"es"},{"@type":"Organization","@id":"https:\/\/www.padreeustaquio.com.br\/#organization","name":"Padre Eustace","url":"https:\/\/www.padreeustaquio.com.br\/","logo":{"@type":"ImageObject","inLanguage":"es","@id":"https:\/\/www.padreeustaquio.com.br\/#\/schema\/logo\/image\/","url":"https:\/\/www.padreeustaquio.com.br\/wp-content\/uploads\/2019\/08\/marca.png","contentUrl":"https:\/\/www.padreeustaquio.com.br\/wp-content\/uploads\/2019\/08\/marca.png","width":350,"height":400,"caption":"Padre Eust\u00e1quio"},"image":{"@id":"https:\/\/www.padreeustaquio.com.br\/#\/schema\/logo\/image\/"},"sameAs":["https:\/\/www.facebook.com\/beatopadreeustaquio\/","https:\/\/x.com\/beatopeustaquio","https:\/\/www.instagram.com\/beatopadreeustaquio\/","https:\/\/www.youtube.com\/channel\/UCRhw7vfabnajwLxb1ZXMeIw"]},{"@type":"Person","@id":"https:\/\/www.padreeustaquio.com.br\/#\/schema\/person\/a2a51db1d00f1a7af0204a0f1ddb1566","name":"@sscc","image":{"@type":"ImageObject","inLanguage":"es","@id":"https:\/\/secure.gravatar.com\/avatar\/68cfafa5f44617fea54071e215026e0ff06be366c3d54a8425f04fdcb86f8c5f?s=96&d=mm&r=g","url":"https:\/\/secure.gravatar.com\/avatar\/68cfafa5f44617fea54071e215026e0ff06be366c3d54a8425f04fdcb86f8c5f?s=96&d=mm&r=g","contentUrl":"https:\/\/secure.gravatar.com\/avatar\/68cfafa5f44617fea54071e215026e0ff06be366c3d54a8425f04fdcb86f8c5f?s=96&d=mm&r=g","caption":"@sscc"},"url":"https:\/\/www.padreeustaquio.com.br\/es\/author\/sscc\/"}]}},"_links":{"self":[{"href":"https:\/\/www.padreeustaquio.com.br\/es\/wp-json\/wp\/v2\/posts\/11644","targetHints":{"allow":["GET"]}}],"collection":[{"href":"https:\/\/www.padreeustaquio.com.br\/es\/wp-json\/wp\/v2\/posts"}],"about":[{"href":"https:\/\/www.padreeustaquio.com.br\/es\/wp-json\/wp\/v2\/types\/post"}],"author":[{"embeddable":true,"href":"https:\/\/www.padreeustaquio.com.br\/es\/wp-json\/wp\/v2\/users\/2"}],"replies":[{"embeddable":true,"href":"https:\/\/www.padreeustaquio.com.br\/es\/wp-json\/wp\/v2\/comments?post=11644"}],"version-history":[{"count":0,"href":"https:\/\/www.padreeustaquio.com.br\/es\/wp-json\/wp\/v2\/posts\/11644\/revisions"}],"wp:featuredmedia":[{"embeddable":true,"href":"https:\/\/www.padreeustaquio.com.br\/es\/wp-json\/wp\/v2\/media\/11645"}],"wp:attachment":[{"href":"https:\/\/www.padreeustaquio.com.br\/es\/wp-json\/wp\/v2\/media?parent=11644"}],"wp:term":[{"taxonomy":"category","embeddable":true,"href":"https:\/\/www.padreeustaquio.com.br\/es\/wp-json\/wp\/v2\/categories?post=11644"},{"taxonomy":"post_tag","embeddable":true,"href":"https:\/\/www.padreeustaquio.com.br\/es\/wp-json\/wp\/v2\/tags?post=11644"}],"curies":[{"name":"wp","href":"https:\/\/api.w.org\/{rel}","templated":true}]}}