{"id":11629,"date":"2024-09-26T15:14:54","date_gmt":"2024-09-26T18:14:54","guid":{"rendered":"https:\/\/www.padreeustaquio.com.br\/?p=11629"},"modified":"2024-09-26T19:35:43","modified_gmt":"2024-09-26T22:35:43","slug":"la-casa-brasilena-en-espana-recibe-una-reliquia-del-beato-padre-eustaquio","status":"publish","type":"post","link":"https:\/\/www.padreeustaquio.com.br\/es\/la-casa-brasilena-en-espana-recibe-una-reliquia-del-beato-padre-eustaquio\/","title":{"rendered":"\u201c&quot;Casa do Brasil&quot; en Espa\u00f1a recibe reliquia del Beato Padre Eust\u00e1quio"},"content":{"rendered":"<p>El vicepostulador de la Causa de Canonizaci\u00f3n del Beato Padre Eust\u00e1quio, Padre Vinicius Maciel, SS.CC, entreg\u00f3 este mi\u00e9rcoles, 25 de septiembre, una reliquia y una imagen del Beato, para ser colocadas en la Capilla de Nuestra Se\u00f1ora de Aparecida, en la Casa do Brasil en Madrid, Espa\u00f1a.<\/p>\n<p><img fetchpriority=\"high\" decoding=\"async\" class=\"size-medium wp-image-11631 alignleft\" src=\"https:\/\/www.padreeustaquio.com.br\/wp-content\/uploads\/2024\/09\/entrega-reliquia-espanha-1-e1727374442205-243x300.jpg\" alt=\"\" width=\"243\" height=\"300\" srcset=\"https:\/\/www.padreeustaquio.com.br\/wp-content\/uploads\/2024\/09\/entrega-reliquia-espanha-1-e1727374442205-243x300.jpg 243w, https:\/\/www.padreeustaquio.com.br\/wp-content\/uploads\/2024\/09\/entrega-reliquia-espanha-1-e1727374442205-831x1024.jpg 831w, https:\/\/www.padreeustaquio.com.br\/wp-content\/uploads\/2024\/09\/entrega-reliquia-espanha-1-e1727374442205-768x946.jpg 768w, https:\/\/www.padreeustaquio.com.br\/wp-content\/uploads\/2024\/09\/entrega-reliquia-espanha-1-e1727374442205.jpg 900w\" sizes=\"(max-width: 243px) 100vw, 243px\" \/>Los responsables del sitio pretenden tener en la Capilla reliquias de todos los Santos y Beatos de Brasil.<\/p>\n<p>Adem\u00e1s del padre Vin\u00edcius, estuvieron presentes en la entrega el Provincial de los Sagrados Corazones de Brasil, el padre Osv\u00e2nio Mariano, SSCC, el director de la casa, C\u00e1ssio Romano, el padre Pedro Gordillo Vila, SSCC, Superior Provincial, el Superior Regional de Paraguay, el Padre Maximino Pe\u00f1a, SSCC, y el estudiante espa\u00f1ol Tom\u00e1s Esquerdo Estalella.<\/p>\n<p><strong>Sobre la Casa de Brasil en Madrid<\/strong><\/p>\n<p>La Casa do Brasil de Madrid es un centro cultural y escuela p\u00fablica con casi 60 a\u00f1os de historia, dedicado a promover la cultura brasile\u00f1a en Espa\u00f1a.<\/p>\n<div id=\"attachment_11632\" style=\"width: 235px\" class=\"wp-caption alignright\"><img decoding=\"async\" aria-describedby=\"caption-attachment-11632\" class=\"size-medium wp-image-11632\" src=\"https:\/\/www.padreeustaquio.com.br\/wp-content\/uploads\/2024\/09\/Capela-da-Casa-do-Brasil-Espanha-225x300.jpg\" alt=\"\" width=\"225\" height=\"300\" srcset=\"https:\/\/www.padreeustaquio.com.br\/wp-content\/uploads\/2024\/09\/Capela-da-Casa-do-Brasil-Espanha-225x300.jpg 225w, https:\/\/www.padreeustaquio.com.br\/wp-content\/uploads\/2024\/09\/Capela-da-Casa-do-Brasil-Espanha-768x1024.jpg 768w, https:\/\/www.padreeustaquio.com.br\/wp-content\/uploads\/2024\/09\/Capela-da-Casa-do-Brasil-Espanha-1152x1536.jpg 1152w, https:\/\/www.padreeustaquio.com.br\/wp-content\/uploads\/2024\/09\/Capela-da-Casa-do-Brasil-Espanha.jpg 1200w\" sizes=\"(max-width: 225px) 100vw, 225px\" \/><p id=\"caption-attachment-11632\" class=\"wp-caption-text\">Capilla de la Casa de Brasil en Espa\u00f1a<\/p><\/div>\n<p>Su creaci\u00f3n se remonta a 1959, cuando, durante una visita del presidente Juscelino Kubitschek, el gobierno espa\u00f1ol ofreci\u00f3 a Brasil un terreno para construir el Colegio Mayor Brasile\u00f1o.<\/p>\n<p>Inaugurada en 1962, la Casa do Brasil funciona como residencia de estudiantes, promueve actividades culturales como exposiciones y conferencias, ofrece ense\u00f1anza del idioma portugu\u00e9s y alberga la C\u00e1mara de Comercio Brasil-Espa\u00f1a, fortaleciendo los lazos culturales y comerciales entre los dos pa\u00edses.<\/p>","protected":false},"excerpt":{"rendered":"<p>O vice-postulador da Causa de Canoniza\u00e7\u00e3o do Beato Padre Eust\u00e1quio, padre Vinicius Maciel, SS.CC, entregou nessa quarta-feira, 25 de setembro, uma rel\u00edquia e uma imagem do Bem-aventurado, para ser colocada na Capela Nossa Senhora Aparecida, da Casa do Brasil em Madri, na Espanha. Os respons\u00e1veis pelo local t\u00eam como objetivo ter rel\u00edquias de todos os Santos e Beatos do Brasil na Capela. Al\u00e9m do padre Vin\u00edcius, estiveram presentes na entrega o provincial dos Sagrados Cora\u00e7\u00f5es no Brasil, padre Osv\u00e2nio Mariano, SSCC, o diretor da casa, C\u00e1ssio Romano, padre Pedro Gordillo Vila, SSCC, superior provincial, o superior regional do Paraguai padre [&hellip;]<\/p>\n","protected":false},"author":2,"featured_media":11630,"comment_status":"open","ping_status":"closed","sticky":false,"template":"","format":"standard","meta":{"_acf_changed":false,"footnotes":""},"categories":[611],"tags":[],"class_list":["post-11629","post","type-post","status-publish","format-standard","has-post-thumbnail","hentry","category-noticias"],"acf":[],"yoast_head":"<!-- This site is optimized with the Yoast SEO plugin v27.2 - https:\/\/yoast.com\/product\/yoast-seo-wordpress\/ -->\n<title>&quot;Casa do Brasil&quot; na Espanha recebe rel\u00edquia do Beato Padre Eust\u00e1quio<\/title>\n<meta name=\"description\" content=\"O vice-postulador da Causa de Canoniza\u00e7\u00e3o do Beato Padre Eust\u00e1quio, padre Viniciu Maciel, SS.CC, entregou nessa quarta-feira, 25 de setembro, uma rel\u00edquia e uma imagem do Bem-aventurado, para ser colocada na Capela Nossa Senhora Aparecida, da Casa do Brasil em Madri, na Espanha.\" \/>\n<meta name=\"robots\" content=\"index, follow, max-snippet:-1, max-image-preview:large, max-video-preview:-1\" \/>\n<link rel=\"canonical\" href=\"https:\/\/www.padreeustaquio.com.br\/es\/la-casa-brasilena-en-espana-recibe-una-reliquia-del-beato-padre-eustaquio\/\" \/>\n<meta property=\"og:locale\" content=\"es_ES\" \/>\n<meta property=\"og:type\" content=\"article\" \/>\n<meta property=\"og:title\" content=\"&quot;Casa do Brasil&quot; na Espanha recebe rel\u00edquia do Beato Padre Eust\u00e1quio\" \/>\n<meta property=\"og:description\" content=\"O vice-postulador da Causa de Canoniza\u00e7\u00e3o do Beato Padre Eust\u00e1quio, padre Viniciu Maciel, SS.CC, entregou nessa quarta-feira, 25 de setembro, uma rel\u00edquia e uma imagem do Bem-aventurado, para ser colocada na Capela Nossa Senhora Aparecida, da Casa do Brasil em Madri, na Espanha.\" \/>\n<meta property=\"og:url\" content=\"https:\/\/www.padreeustaquio.com.br\/es\/la-casa-brasilena-en-espana-recibe-una-reliquia-del-beato-padre-eustaquio\/\" \/>\n<meta property=\"og:site_name\" content=\"Padre Eust\u00e1quio\" \/>\n<meta property=\"article:publisher\" content=\"https:\/\/www.facebook.com\/beatopadreeustaquio\/\" \/>\n<meta property=\"article:published_time\" content=\"2024-09-26T18:14:54+00:00\" \/>\n<meta property=\"article:modified_time\" content=\"2024-09-26T22:35:43+00:00\" \/>\n<meta property=\"og:image\" content=\"https:\/\/www.padreeustaquio.com.br\/wp-content\/uploads\/2024\/09\/entrega-reliquia-espanha.jpg\" \/>\n\t<meta property=\"og:image:width\" content=\"1600\" \/>\n\t<meta property=\"og:image:height\" content=\"1200\" \/>\n\t<meta property=\"og:image:type\" content=\"image\/jpeg\" \/>\n<meta name=\"author\" content=\"@sscc\" \/>\n<meta name=\"twitter:card\" content=\"summary_large_image\" \/>\n<meta name=\"twitter:creator\" content=\"@beatopeustaquio\" \/>\n<meta name=\"twitter:site\" content=\"@beatopeustaquio\" \/>\n<meta name=\"twitter:label1\" content=\"Escrito por\" \/>\n\t<meta name=\"twitter:data1\" content=\"@sscc\" \/>\n\t<meta name=\"twitter:label2\" content=\"Tiempo de lectura\" \/>\n\t<meta name=\"twitter:data2\" content=\"2 minutos\" \/>\n<script type=\"application\/ld+json\" class=\"yoast-schema-graph\">{\"@context\":\"https:\/\/schema.org\",\"@graph\":[{\"@type\":\"Article\",\"@id\":\"https:\/\/www.padreeustaquio.com.br\/casa-do-brasil-na-espanha-recebe-reliquia-do-beato-padre-eustaquio\/#article\",\"isPartOf\":{\"@id\":\"https:\/\/www.padreeustaquio.com.br\/casa-do-brasil-na-espanha-recebe-reliquia-do-beato-padre-eustaquio\/\"},\"author\":{\"name\":\"@sscc\",\"@id\":\"https:\/\/www.padreeustaquio.com.br\/#\/schema\/person\/a2a51db1d00f1a7af0204a0f1ddb1566\"},\"headline\":\"&#8220;Casa do Brasil&#8221; na Espanha recebe rel\u00edquia do Beato Padre Eust\u00e1quio\",\"datePublished\":\"2024-09-26T18:14:54+00:00\",\"dateModified\":\"2024-09-26T22:35:43+00:00\",\"mainEntityOfPage\":{\"@id\":\"https:\/\/www.padreeustaquio.com.br\/casa-do-brasil-na-espanha-recebe-reliquia-do-beato-padre-eustaquio\/\"},\"wordCount\":258,\"commentCount\":0,\"publisher\":{\"@id\":\"https:\/\/www.padreeustaquio.com.br\/#organization\"},\"image\":{\"@id\":\"https:\/\/www.padreeustaquio.com.br\/casa-do-brasil-na-espanha-recebe-reliquia-do-beato-padre-eustaquio\/#primaryimage\"},\"thumbnailUrl\":\"https:\/\/www.padreeustaquio.com.br\/wp-content\/uploads\/2024\/09\/entrega-reliquia-espanha.jpg\",\"articleSection\":[\"Not\u00edcias\"],\"inLanguage\":\"es\",\"potentialAction\":[{\"@type\":\"CommentAction\",\"name\":\"Comment\",\"target\":[\"https:\/\/www.padreeustaquio.com.br\/casa-do-brasil-na-espanha-recebe-reliquia-do-beato-padre-eustaquio\/#respond\"]}]},{\"@type\":\"WebPage\",\"@id\":\"https:\/\/www.padreeustaquio.com.br\/casa-do-brasil-na-espanha-recebe-reliquia-do-beato-padre-eustaquio\/\",\"url\":\"https:\/\/www.padreeustaquio.com.br\/casa-do-brasil-na-espanha-recebe-reliquia-do-beato-padre-eustaquio\/\",\"name\":\"\\\"Casa do Brasil\\\" na Espanha recebe rel\u00edquia do Beato Padre Eust\u00e1quio\",\"isPartOf\":{\"@id\":\"https:\/\/www.padreeustaquio.com.br\/#website\"},\"primaryImageOfPage\":{\"@id\":\"https:\/\/www.padreeustaquio.com.br\/casa-do-brasil-na-espanha-recebe-reliquia-do-beato-padre-eustaquio\/#primaryimage\"},\"image\":{\"@id\":\"https:\/\/www.padreeustaquio.com.br\/casa-do-brasil-na-espanha-recebe-reliquia-do-beato-padre-eustaquio\/#primaryimage\"},\"thumbnailUrl\":\"https:\/\/www.padreeustaquio.com.br\/wp-content\/uploads\/2024\/09\/entrega-reliquia-espanha.jpg\",\"datePublished\":\"2024-09-26T18:14:54+00:00\",\"dateModified\":\"2024-09-26T22:35:43+00:00\",\"description\":\"O vice-postulador da Causa de Canoniza\u00e7\u00e3o do Beato Padre Eust\u00e1quio, padre Viniciu Maciel, SS.CC, entregou nessa quarta-feira, 25 de setembro, uma rel\u00edquia e uma imagem do Bem-aventurado, para ser colocada na Capela Nossa Senhora Aparecida, da Casa do Brasil em Madri, na Espanha.\",\"breadcrumb\":{\"@id\":\"https:\/\/www.padreeustaquio.com.br\/casa-do-brasil-na-espanha-recebe-reliquia-do-beato-padre-eustaquio\/#breadcrumb\"},\"inLanguage\":\"es\",\"potentialAction\":[{\"@type\":\"ReadAction\",\"target\":[\"https:\/\/www.padreeustaquio.com.br\/casa-do-brasil-na-espanha-recebe-reliquia-do-beato-padre-eustaquio\/\"]}]},{\"@type\":\"ImageObject\",\"inLanguage\":\"es\",\"@id\":\"https:\/\/www.padreeustaquio.com.br\/casa-do-brasil-na-espanha-recebe-reliquia-do-beato-padre-eustaquio\/#primaryimage\",\"url\":\"https:\/\/www.padreeustaquio.com.br\/wp-content\/uploads\/2024\/09\/entrega-reliquia-espanha.jpg\",\"contentUrl\":\"https:\/\/www.padreeustaquio.com.br\/wp-content\/uploads\/2024\/09\/entrega-reliquia-espanha.jpg\",\"width\":1600,\"height\":1200},{\"@type\":\"BreadcrumbList\",\"@id\":\"https:\/\/www.padreeustaquio.com.br\/casa-do-brasil-na-espanha-recebe-reliquia-do-beato-padre-eustaquio\/#breadcrumb\",\"itemListElement\":[{\"@type\":\"ListItem\",\"position\":1,\"name\":\"In\u00edcio\",\"item\":\"https:\/\/www.padreeustaquio.com.br\/\"},{\"@type\":\"ListItem\",\"position\":2,\"name\":\"&#8220;Casa do Brasil&#8221; na Espanha recebe rel\u00edquia do Beato Padre Eust\u00e1quio\"}]},{\"@type\":\"WebSite\",\"@id\":\"https:\/\/www.padreeustaquio.com.br\/#website\",\"url\":\"https:\/\/www.padreeustaquio.com.br\/\",\"name\":\"Padre Eust\u00e1quio\",\"description\":\"Sa\u00fade e Paz\",\"publisher\":{\"@id\":\"https:\/\/www.padreeustaquio.com.br\/#organization\"},\"potentialAction\":[{\"@type\":\"SearchAction\",\"target\":{\"@type\":\"EntryPoint\",\"urlTemplate\":\"https:\/\/www.padreeustaquio.com.br\/?s={search_term_string}\"},\"query-input\":{\"@type\":\"PropertyValueSpecification\",\"valueRequired\":true,\"valueName\":\"search_term_string\"}}],\"inLanguage\":\"es\"},{\"@type\":\"Organization\",\"@id\":\"https:\/\/www.padreeustaquio.com.br\/#organization\",\"name\":\"Padre Eust\u00e1quio\",\"url\":\"https:\/\/www.padreeustaquio.com.br\/\",\"logo\":{\"@type\":\"ImageObject\",\"inLanguage\":\"es\",\"@id\":\"https:\/\/www.padreeustaquio.com.br\/#\/schema\/logo\/image\/\",\"url\":\"https:\/\/www.padreeustaquio.com.br\/wp-content\/uploads\/2019\/08\/marca.png\",\"contentUrl\":\"https:\/\/www.padreeustaquio.com.br\/wp-content\/uploads\/2019\/08\/marca.png\",\"width\":350,\"height\":400,\"caption\":\"Padre Eust\u00e1quio\"},\"image\":{\"@id\":\"https:\/\/www.padreeustaquio.com.br\/#\/schema\/logo\/image\/\"},\"sameAs\":[\"https:\/\/www.facebook.com\/beatopadreeustaquio\/\",\"https:\/\/x.com\/beatopeustaquio\",\"https:\/\/www.instagram.com\/beatopadreeustaquio\/\",\"https:\/\/www.youtube.com\/channel\/UCRhw7vfabnajwLxb1ZXMeIw\"]},{\"@type\":\"Person\",\"@id\":\"https:\/\/www.padreeustaquio.com.br\/#\/schema\/person\/a2a51db1d00f1a7af0204a0f1ddb1566\",\"name\":\"@sscc\",\"image\":{\"@type\":\"ImageObject\",\"inLanguage\":\"es\",\"@id\":\"https:\/\/secure.gravatar.com\/avatar\/68cfafa5f44617fea54071e215026e0ff06be366c3d54a8425f04fdcb86f8c5f?s=96&d=mm&r=g\",\"url\":\"https:\/\/secure.gravatar.com\/avatar\/68cfafa5f44617fea54071e215026e0ff06be366c3d54a8425f04fdcb86f8c5f?s=96&d=mm&r=g\",\"contentUrl\":\"https:\/\/secure.gravatar.com\/avatar\/68cfafa5f44617fea54071e215026e0ff06be366c3d54a8425f04fdcb86f8c5f?s=96&d=mm&r=g\",\"caption\":\"@sscc\"},\"url\":\"https:\/\/www.padreeustaquio.com.br\/es\/author\/sscc\/\"}]}<\/script>\n<!-- \/ Yoast SEO plugin. -->","yoast_head_json":{"title":"\"&quot;Casa do Brasil&quot; en Espa\u00f1a recibe reliquia del Beato Padre Eust\u00e1quio","description":"El vicepostulador de la Causa de Canonizaci\u00f3n del Beato Padre Eust\u00e1quio, Padre Vinicius Maciel, SS.CC, entreg\u00f3 este mi\u00e9rcoles, 25 de septiembre, una reliquia y una imagen del Beato, para ser colocadas en la Capilla de Nuestra Se\u00f1ora de Aparecida, en la Casa do Brasil en Madrid, Espa\u00f1a.","robots":{"index":"index","follow":"follow","max-snippet":"max-snippet:-1","max-image-preview":"max-image-preview:large","max-video-preview":"max-video-preview:-1"},"canonical":"https:\/\/www.padreeustaquio.com.br\/es\/la-casa-brasilena-en-espana-recibe-una-reliquia-del-beato-padre-eustaquio\/","og_locale":"es_ES","og_type":"article","og_title":"\"Casa do Brasil\" na Espanha recebe rel\u00edquia do Beato Padre Eust\u00e1quio","og_description":"O vice-postulador da Causa de Canoniza\u00e7\u00e3o do Beato Padre Eust\u00e1quio, padre Viniciu Maciel, SS.CC, entregou nessa quarta-feira, 25 de setembro, uma rel\u00edquia e uma imagem do Bem-aventurado, para ser colocada na Capela Nossa Senhora Aparecida, da Casa do Brasil em Madri, na Espanha.","og_url":"https:\/\/www.padreeustaquio.com.br\/es\/la-casa-brasilena-en-espana-recibe-una-reliquia-del-beato-padre-eustaquio\/","og_site_name":"Padre Eust\u00e1quio","article_publisher":"https:\/\/www.facebook.com\/beatopadreeustaquio\/","article_published_time":"2024-09-26T18:14:54+00:00","article_modified_time":"2024-09-26T22:35:43+00:00","og_image":[{"width":1600,"height":1200,"url":"https:\/\/www.padreeustaquio.com.br\/wp-content\/uploads\/2024\/09\/entrega-reliquia-espanha.jpg","type":"image\/jpeg"}],"author":"@sscc","twitter_card":"summary_large_image","twitter_creator":"@beatopeustaquio","twitter_site":"@beatopeustaquio","twitter_misc":{"Escrito por":"@sscc","Tiempo de lectura":"2 minutos"},"schema":{"@context":"https:\/\/schema.org","@graph":[{"@type":"Article","@id":"https:\/\/www.padreeustaquio.com.br\/casa-do-brasil-na-espanha-recebe-reliquia-do-beato-padre-eustaquio\/#article","isPartOf":{"@id":"https:\/\/www.padreeustaquio.com.br\/casa-do-brasil-na-espanha-recebe-reliquia-do-beato-padre-eustaquio\/"},"author":{"name":"@sscc","@id":"https:\/\/www.padreeustaquio.com.br\/#\/schema\/person\/a2a51db1d00f1a7af0204a0f1ddb1566"},"headline":"&#8220;Casa do Brasil&#8221; na Espanha recebe rel\u00edquia do Beato Padre Eust\u00e1quio","datePublished":"2024-09-26T18:14:54+00:00","dateModified":"2024-09-26T22:35:43+00:00","mainEntityOfPage":{"@id":"https:\/\/www.padreeustaquio.com.br\/casa-do-brasil-na-espanha-recebe-reliquia-do-beato-padre-eustaquio\/"},"wordCount":258,"commentCount":0,"publisher":{"@id":"https:\/\/www.padreeustaquio.com.br\/#organization"},"image":{"@id":"https:\/\/www.padreeustaquio.com.br\/casa-do-brasil-na-espanha-recebe-reliquia-do-beato-padre-eustaquio\/#primaryimage"},"thumbnailUrl":"https:\/\/www.padreeustaquio.com.br\/wp-content\/uploads\/2024\/09\/entrega-reliquia-espanha.jpg","articleSection":["Not\u00edcias"],"inLanguage":"es","potentialAction":[{"@type":"CommentAction","name":"Comment","target":["https:\/\/www.padreeustaquio.com.br\/casa-do-brasil-na-espanha-recebe-reliquia-do-beato-padre-eustaquio\/#respond"]}]},{"@type":"WebPage","@id":"https:\/\/www.padreeustaquio.com.br\/casa-do-brasil-na-espanha-recebe-reliquia-do-beato-padre-eustaquio\/","url":"https:\/\/www.padreeustaquio.com.br\/casa-do-brasil-na-espanha-recebe-reliquia-do-beato-padre-eustaquio\/","name":"\"&quot;Casa do Brasil&quot; en Espa\u00f1a recibe reliquia del Beato Padre Eust\u00e1quio","isPartOf":{"@id":"https:\/\/www.padreeustaquio.com.br\/#website"},"primaryImageOfPage":{"@id":"https:\/\/www.padreeustaquio.com.br\/casa-do-brasil-na-espanha-recebe-reliquia-do-beato-padre-eustaquio\/#primaryimage"},"image":{"@id":"https:\/\/www.padreeustaquio.com.br\/casa-do-brasil-na-espanha-recebe-reliquia-do-beato-padre-eustaquio\/#primaryimage"},"thumbnailUrl":"https:\/\/www.padreeustaquio.com.br\/wp-content\/uploads\/2024\/09\/entrega-reliquia-espanha.jpg","datePublished":"2024-09-26T18:14:54+00:00","dateModified":"2024-09-26T22:35:43+00:00","description":"El vicepostulador de la Causa de Canonizaci\u00f3n del Beato Padre Eust\u00e1quio, Padre Vinicius Maciel, SS.CC, entreg\u00f3 este mi\u00e9rcoles, 25 de septiembre, una reliquia y una imagen del Beato, para ser colocadas en la Capilla de Nuestra Se\u00f1ora de Aparecida, en la Casa do Brasil en Madrid, Espa\u00f1a.","breadcrumb":{"@id":"https:\/\/www.padreeustaquio.com.br\/casa-do-brasil-na-espanha-recebe-reliquia-do-beato-padre-eustaquio\/#breadcrumb"},"inLanguage":"es","potentialAction":[{"@type":"ReadAction","target":["https:\/\/www.padreeustaquio.com.br\/casa-do-brasil-na-espanha-recebe-reliquia-do-beato-padre-eustaquio\/"]}]},{"@type":"ImageObject","inLanguage":"es","@id":"https:\/\/www.padreeustaquio.com.br\/casa-do-brasil-na-espanha-recebe-reliquia-do-beato-padre-eustaquio\/#primaryimage","url":"https:\/\/www.padreeustaquio.com.br\/wp-content\/uploads\/2024\/09\/entrega-reliquia-espanha.jpg","contentUrl":"https:\/\/www.padreeustaquio.com.br\/wp-content\/uploads\/2024\/09\/entrega-reliquia-espanha.jpg","width":1600,"height":1200},{"@type":"BreadcrumbList","@id":"https:\/\/www.padreeustaquio.com.br\/casa-do-brasil-na-espanha-recebe-reliquia-do-beato-padre-eustaquio\/#breadcrumb","itemListElement":[{"@type":"ListItem","position":1,"name":"In\u00edcio","item":"https:\/\/www.padreeustaquio.com.br\/"},{"@type":"ListItem","position":2,"name":"&#8220;Casa do Brasil&#8221; na Espanha recebe rel\u00edquia do Beato Padre Eust\u00e1quio"}]},{"@type":"WebSite","@id":"https:\/\/www.padreeustaquio.com.br\/#website","url":"https:\/\/www.padreeustaquio.com.br\/","name":"Padre Eustace","description":"Salud y Paz","publisher":{"@id":"https:\/\/www.padreeustaquio.com.br\/#organization"},"potentialAction":[{"@type":"SearchAction","target":{"@type":"EntryPoint","urlTemplate":"https:\/\/www.padreeustaquio.com.br\/?s={search_term_string}"},"query-input":{"@type":"PropertyValueSpecification","valueRequired":true,"valueName":"search_term_string"}}],"inLanguage":"es"},{"@type":"Organization","@id":"https:\/\/www.padreeustaquio.com.br\/#organization","name":"Padre Eustace","url":"https:\/\/www.padreeustaquio.com.br\/","logo":{"@type":"ImageObject","inLanguage":"es","@id":"https:\/\/www.padreeustaquio.com.br\/#\/schema\/logo\/image\/","url":"https:\/\/www.padreeustaquio.com.br\/wp-content\/uploads\/2019\/08\/marca.png","contentUrl":"https:\/\/www.padreeustaquio.com.br\/wp-content\/uploads\/2019\/08\/marca.png","width":350,"height":400,"caption":"Padre Eust\u00e1quio"},"image":{"@id":"https:\/\/www.padreeustaquio.com.br\/#\/schema\/logo\/image\/"},"sameAs":["https:\/\/www.facebook.com\/beatopadreeustaquio\/","https:\/\/x.com\/beatopeustaquio","https:\/\/www.instagram.com\/beatopadreeustaquio\/","https:\/\/www.youtube.com\/channel\/UCRhw7vfabnajwLxb1ZXMeIw"]},{"@type":"Person","@id":"https:\/\/www.padreeustaquio.com.br\/#\/schema\/person\/a2a51db1d00f1a7af0204a0f1ddb1566","name":"@sscc","image":{"@type":"ImageObject","inLanguage":"es","@id":"https:\/\/secure.gravatar.com\/avatar\/68cfafa5f44617fea54071e215026e0ff06be366c3d54a8425f04fdcb86f8c5f?s=96&d=mm&r=g","url":"https:\/\/secure.gravatar.com\/avatar\/68cfafa5f44617fea54071e215026e0ff06be366c3d54a8425f04fdcb86f8c5f?s=96&d=mm&r=g","contentUrl":"https:\/\/secure.gravatar.com\/avatar\/68cfafa5f44617fea54071e215026e0ff06be366c3d54a8425f04fdcb86f8c5f?s=96&d=mm&r=g","caption":"@sscc"},"url":"https:\/\/www.padreeustaquio.com.br\/es\/author\/sscc\/"}]}},"_links":{"self":[{"href":"https:\/\/www.padreeustaquio.com.br\/es\/wp-json\/wp\/v2\/posts\/11629","targetHints":{"allow":["GET"]}}],"collection":[{"href":"https:\/\/www.padreeustaquio.com.br\/es\/wp-json\/wp\/v2\/posts"}],"about":[{"href":"https:\/\/www.padreeustaquio.com.br\/es\/wp-json\/wp\/v2\/types\/post"}],"author":[{"embeddable":true,"href":"https:\/\/www.padreeustaquio.com.br\/es\/wp-json\/wp\/v2\/users\/2"}],"replies":[{"embeddable":true,"href":"https:\/\/www.padreeustaquio.com.br\/es\/wp-json\/wp\/v2\/comments?post=11629"}],"version-history":[{"count":0,"href":"https:\/\/www.padreeustaquio.com.br\/es\/wp-json\/wp\/v2\/posts\/11629\/revisions"}],"wp:featuredmedia":[{"embeddable":true,"href":"https:\/\/www.padreeustaquio.com.br\/es\/wp-json\/wp\/v2\/media\/11630"}],"wp:attachment":[{"href":"https:\/\/www.padreeustaquio.com.br\/es\/wp-json\/wp\/v2\/media?parent=11629"}],"wp:term":[{"taxonomy":"category","embeddable":true,"href":"https:\/\/www.padreeustaquio.com.br\/es\/wp-json\/wp\/v2\/categories?post=11629"},{"taxonomy":"post_tag","embeddable":true,"href":"https:\/\/www.padreeustaquio.com.br\/es\/wp-json\/wp\/v2\/tags?post=11629"}],"curies":[{"name":"wp","href":"https:\/\/api.w.org\/{rel}","templated":true}]}}