{"id":11624,"date":"2024-09-21T11:37:41","date_gmt":"2024-09-21T14:37:41","guid":{"rendered":"https:\/\/www.padreeustaquio.com.br\/?p=11624"},"modified":"2024-09-20T22:08:47","modified_gmt":"2024-09-21T01:08:47","slug":"el-papa-francisco-bendice-la-imagen-del-beato-padre-eustaquio-en-roma","status":"publish","type":"post","link":"https:\/\/www.padreeustaquio.com.br\/es\/el-papa-francisco-bendice-la-imagen-del-beato-padre-eustaquio-en-roma\/","title":{"rendered":"El Papa Francisco bendice la imagen del Beato Padre Eustaquio en Roma"},"content":{"rendered":"<p>El Padre Vin\u00edcius Maciel, SS.CC, vicepostulador de la Causa de Canonizaci\u00f3n del Beato Padre Eustaquio, se reuni\u00f3 con el Papa Francisco en el Palacio Pontificio, en el Vaticano, la audiencia tuvo lugar este jueves (19).<\/p>\n<p>En esa ocasi\u00f3n, el Padre Vin\u00edcius trajo una imagen del Beato Padre Eust\u00e1quio y pidi\u00f3 al Papa que impartiera una bendici\u00f3n especial a todos los devotos del Beato en Brasil y en el mundo, especialmente a quienes sufren y sufren. La imagen bendecida por el Papa regresa a Belo Horizonte con el Padre Vin\u00edcius y formar\u00e1 parte de la reliquia y los objetos de peregrinaci\u00f3n del Beato.<\/p>\n<p><img fetchpriority=\"high\" decoding=\"async\" class=\"size-medium wp-image-11626 alignleft\" src=\"https:\/\/www.padreeustaquio.com.br\/wp-content\/uploads\/2024\/09\/irmaos-sscc-no-vaticano-300x233.jpeg\" alt=\"\" width=\"300\" height=\"233\" srcset=\"https:\/\/www.padreeustaquio.com.br\/wp-content\/uploads\/2024\/09\/irmaos-sscc-no-vaticano-300x233.jpeg 300w, https:\/\/www.padreeustaquio.com.br\/wp-content\/uploads\/2024\/09\/irmaos-sscc-no-vaticano-1024x794.jpeg 1024w, https:\/\/www.padreeustaquio.com.br\/wp-content\/uploads\/2024\/09\/irmaos-sscc-no-vaticano-768x595.jpeg 768w, https:\/\/www.padreeustaquio.com.br\/wp-content\/uploads\/2024\/09\/irmaos-sscc-no-vaticano-1536x1190.jpeg 1536w, https:\/\/www.padreeustaquio.com.br\/wp-content\/uploads\/2024\/09\/irmaos-sscc-no-vaticano.jpeg 1600w\" sizes=\"(max-width: 300px) 100vw, 300px\" \/>La audiencia privada con el Papa Francisco tuvo lugar durante la asamblea general de la Congregaci\u00f3n de los Sagrados Corazones, a la que asistieron aproximadamente 40 hermanas y hermanos de varios pa\u00edses del mundo y que tuvo como objetivo trazar el rumbo de la congregaci\u00f3n para los pr\u00f3ximos seis a\u00f1os.<\/p>\n<p>Antes de su discurso, Francisco pregunt\u00f3 a los superiores sobre las vocaciones, y escuch\u00f3 las respuestas de diversos pa\u00edses. En su saludo, record\u00f3 que celebrar un Cap\u00edtulo no responde a una l\u00f3gica humana ni a una necesidad institucional, sino a una exigencia del seguimiento de Cristo. <em>\u201cEsto implica siempre seguir, escuchar atentamente lo que el Esp\u00edritu Santo sugiere para vivir fielmente la identidad y la misi\u00f3n propias de la Congregaci\u00f3n\u201d.\u201d<\/em><\/p>\n<p>Al igual que los disc\u00edpulos, los capitulares est\u00e1n llamados a escuchar la voz de Jes\u00fas, a profundizar su contemplaci\u00f3n y a poder vivir y proclamar el amor de Dios encarnado en \u00c9l, especialmente a trav\u00e9s del servicio a los m\u00e1s necesitados y tambi\u00e9n a trav\u00e9s de la oraci\u00f3n eucar\u00edstica y reparadora.<\/p>\n<p>Solo siguiendo a Cristo con fidelidad y docilidad la Congregaci\u00f3n podr\u00e1 disfrutar de una &quot;primavera renovada&quot;, que har\u00e1 brillar su carisma en el momento actual de la historia humana. &quot;Que los Sagrados Corazones de Jes\u00fas y de Mar\u00eda os impulsen a encontrar siempre nuevas maneras de dar testimonio a vuestros hermanos y de colaborar con la obra de Dios que se realiza en la Iglesia&quot;, fueron los deseos del Papa.<\/p>","protected":false},"excerpt":{"rendered":"<p>O padre Vin\u00edcius Maciel, SS.CC, vice-postulador da Causa de Canoniza\u00e7\u00e3o do Beato Padre Eust\u00e1quio, esteve com o Papa Francisco no Pal\u00e1cio Pontif\u00edcio, no Vaticano, a audi\u00eancia aconteceu nessa quinta-feira (19). Na ocasi\u00e3o, padre Vin\u00edcius levou uma imagem do Bem-aventurado Padre Eust\u00e1quio e pediu que o Papa desse uma b\u00ean\u00e7\u00e3o especial a todos os devotos do Beato no Brasil e no mundo, principalmente \u00e0queles que sofrem e padecem. A imagem aben\u00e7oada pelo Papa volta para Belo Horizonte com o Padre Vin\u00edcius e far\u00e1 parte da rel\u00edquia e objetos peregrinos do Beato. A audi\u00eancia particular com o Papa Francisco ocorreu durante a [&hellip;]<\/p>\n","protected":false},"author":2,"featured_media":11625,"comment_status":"open","ping_status":"closed","sticky":false,"template":"","format":"standard","meta":{"_acf_changed":false,"footnotes":""},"categories":[611],"tags":[],"class_list":["post-11624","post","type-post","status-publish","format-standard","has-post-thumbnail","hentry","category-noticias"],"acf":[],"yoast_head":"<!-- This site is optimized with the Yoast SEO plugin v27.2 - https:\/\/yoast.com\/product\/yoast-seo-wordpress\/ -->\n<title>Papa Francisco aben\u00e7oa imagem do Beato Padre Eust\u00e1quio em Roma<\/title>\n<meta name=\"description\" content=\"O padre Vin\u00edcius Maciel, SS.CC, vice-postulador da Causa de Canoniza\u00e7\u00e3o do Beato Padre Eust\u00e1quio, esteve com o Papa Francisco no Pal\u00e1cio Pontif\u00edcio, no Vaticano, a audi\u00eancia aconteceu nessa quinta-feira (19).\" \/>\n<meta name=\"robots\" content=\"index, follow, max-snippet:-1, max-image-preview:large, max-video-preview:-1\" \/>\n<link rel=\"canonical\" href=\"https:\/\/www.padreeustaquio.com.br\/es\/el-papa-francisco-bendice-la-imagen-del-beato-padre-eustaquio-en-roma\/\" \/>\n<meta property=\"og:locale\" content=\"es_ES\" \/>\n<meta property=\"og:type\" content=\"article\" \/>\n<meta property=\"og:title\" content=\"Papa Francisco aben\u00e7oa imagem do Beato Padre Eust\u00e1quio em Roma\" \/>\n<meta property=\"og:description\" content=\"O padre Vin\u00edcius Maciel, SS.CC, vice-postulador da Causa de Canoniza\u00e7\u00e3o do Beato Padre Eust\u00e1quio, esteve com o Papa Francisco no Pal\u00e1cio Pontif\u00edcio, no Vaticano, a audi\u00eancia aconteceu nessa quinta-feira (19).\" \/>\n<meta property=\"og:url\" content=\"https:\/\/www.padreeustaquio.com.br\/es\/el-papa-francisco-bendice-la-imagen-del-beato-padre-eustaquio-en-roma\/\" \/>\n<meta property=\"og:site_name\" content=\"Padre Eust\u00e1quio\" \/>\n<meta property=\"article:publisher\" content=\"https:\/\/www.facebook.com\/beatopadreeustaquio\/\" \/>\n<meta property=\"article:published_time\" content=\"2024-09-21T14:37:41+00:00\" \/>\n<meta property=\"og:image\" content=\"https:\/\/www.padreeustaquio.com.br\/wp-content\/uploads\/2024\/09\/papa-e-vinicius.jpg\" \/>\n\t<meta property=\"og:image:width\" content=\"748\" \/>\n\t<meta property=\"og:image:height\" content=\"394\" \/>\n\t<meta property=\"og:image:type\" content=\"image\/jpeg\" \/>\n<meta name=\"author\" content=\"@sscc\" \/>\n<meta name=\"twitter:card\" content=\"summary_large_image\" \/>\n<meta name=\"twitter:creator\" content=\"@beatopeustaquio\" \/>\n<meta name=\"twitter:site\" content=\"@beatopeustaquio\" \/>\n<meta name=\"twitter:label1\" content=\"Escrito por\" \/>\n\t<meta name=\"twitter:data1\" content=\"@sscc\" \/>\n\t<meta name=\"twitter:label2\" content=\"Tiempo de lectura\" \/>\n\t<meta name=\"twitter:data2\" content=\"3 minutos\" \/>\n<script type=\"application\/ld+json\" class=\"yoast-schema-graph\">{\"@context\":\"https:\/\/schema.org\",\"@graph\":[{\"@type\":\"Article\",\"@id\":\"https:\/\/www.padreeustaquio.com.br\/papa-francisco-abencoa-imagem-do-beato-padre-eustaquio-em-roma\/#article\",\"isPartOf\":{\"@id\":\"https:\/\/www.padreeustaquio.com.br\/papa-francisco-abencoa-imagem-do-beato-padre-eustaquio-em-roma\/\"},\"author\":{\"name\":\"@sscc\",\"@id\":\"https:\/\/www.padreeustaquio.com.br\/#\/schema\/person\/a2a51db1d00f1a7af0204a0f1ddb1566\"},\"headline\":\"Papa Francisco aben\u00e7oa imagem do Beato Padre Eust\u00e1quio em Roma\",\"datePublished\":\"2024-09-21T14:37:41+00:00\",\"mainEntityOfPage\":{\"@id\":\"https:\/\/www.padreeustaquio.com.br\/papa-francisco-abencoa-imagem-do-beato-padre-eustaquio-em-roma\/\"},\"wordCount\":390,\"commentCount\":0,\"publisher\":{\"@id\":\"https:\/\/www.padreeustaquio.com.br\/#organization\"},\"image\":{\"@id\":\"https:\/\/www.padreeustaquio.com.br\/papa-francisco-abencoa-imagem-do-beato-padre-eustaquio-em-roma\/#primaryimage\"},\"thumbnailUrl\":\"https:\/\/www.padreeustaquio.com.br\/wp-content\/uploads\/2024\/09\/papa-e-vinicius.jpg\",\"articleSection\":[\"Not\u00edcias\"],\"inLanguage\":\"es\",\"potentialAction\":[{\"@type\":\"CommentAction\",\"name\":\"Comment\",\"target\":[\"https:\/\/www.padreeustaquio.com.br\/papa-francisco-abencoa-imagem-do-beato-padre-eustaquio-em-roma\/#respond\"]}]},{\"@type\":\"WebPage\",\"@id\":\"https:\/\/www.padreeustaquio.com.br\/papa-francisco-abencoa-imagem-do-beato-padre-eustaquio-em-roma\/\",\"url\":\"https:\/\/www.padreeustaquio.com.br\/papa-francisco-abencoa-imagem-do-beato-padre-eustaquio-em-roma\/\",\"name\":\"Papa Francisco aben\u00e7oa imagem do Beato Padre Eust\u00e1quio em Roma\",\"isPartOf\":{\"@id\":\"https:\/\/www.padreeustaquio.com.br\/#website\"},\"primaryImageOfPage\":{\"@id\":\"https:\/\/www.padreeustaquio.com.br\/papa-francisco-abencoa-imagem-do-beato-padre-eustaquio-em-roma\/#primaryimage\"},\"image\":{\"@id\":\"https:\/\/www.padreeustaquio.com.br\/papa-francisco-abencoa-imagem-do-beato-padre-eustaquio-em-roma\/#primaryimage\"},\"thumbnailUrl\":\"https:\/\/www.padreeustaquio.com.br\/wp-content\/uploads\/2024\/09\/papa-e-vinicius.jpg\",\"datePublished\":\"2024-09-21T14:37:41+00:00\",\"description\":\"O padre Vin\u00edcius Maciel, SS.CC, vice-postulador da Causa de Canoniza\u00e7\u00e3o do Beato Padre Eust\u00e1quio, esteve com o Papa Francisco no Pal\u00e1cio Pontif\u00edcio, no Vaticano, a audi\u00eancia aconteceu nessa quinta-feira (19).\",\"breadcrumb\":{\"@id\":\"https:\/\/www.padreeustaquio.com.br\/papa-francisco-abencoa-imagem-do-beato-padre-eustaquio-em-roma\/#breadcrumb\"},\"inLanguage\":\"es\",\"potentialAction\":[{\"@type\":\"ReadAction\",\"target\":[\"https:\/\/www.padreeustaquio.com.br\/papa-francisco-abencoa-imagem-do-beato-padre-eustaquio-em-roma\/\"]}]},{\"@type\":\"ImageObject\",\"inLanguage\":\"es\",\"@id\":\"https:\/\/www.padreeustaquio.com.br\/papa-francisco-abencoa-imagem-do-beato-padre-eustaquio-em-roma\/#primaryimage\",\"url\":\"https:\/\/www.padreeustaquio.com.br\/wp-content\/uploads\/2024\/09\/papa-e-vinicius.jpg\",\"contentUrl\":\"https:\/\/www.padreeustaquio.com.br\/wp-content\/uploads\/2024\/09\/papa-e-vinicius.jpg\",\"width\":748,\"height\":394},{\"@type\":\"BreadcrumbList\",\"@id\":\"https:\/\/www.padreeustaquio.com.br\/papa-francisco-abencoa-imagem-do-beato-padre-eustaquio-em-roma\/#breadcrumb\",\"itemListElement\":[{\"@type\":\"ListItem\",\"position\":1,\"name\":\"In\u00edcio\",\"item\":\"https:\/\/www.padreeustaquio.com.br\/\"},{\"@type\":\"ListItem\",\"position\":2,\"name\":\"Papa Francisco aben\u00e7oa imagem do Beato Padre Eust\u00e1quio em Roma\"}]},{\"@type\":\"WebSite\",\"@id\":\"https:\/\/www.padreeustaquio.com.br\/#website\",\"url\":\"https:\/\/www.padreeustaquio.com.br\/\",\"name\":\"Padre Eust\u00e1quio\",\"description\":\"Sa\u00fade e Paz\",\"publisher\":{\"@id\":\"https:\/\/www.padreeustaquio.com.br\/#organization\"},\"potentialAction\":[{\"@type\":\"SearchAction\",\"target\":{\"@type\":\"EntryPoint\",\"urlTemplate\":\"https:\/\/www.padreeustaquio.com.br\/?s={search_term_string}\"},\"query-input\":{\"@type\":\"PropertyValueSpecification\",\"valueRequired\":true,\"valueName\":\"search_term_string\"}}],\"inLanguage\":\"es\"},{\"@type\":\"Organization\",\"@id\":\"https:\/\/www.padreeustaquio.com.br\/#organization\",\"name\":\"Padre Eust\u00e1quio\",\"url\":\"https:\/\/www.padreeustaquio.com.br\/\",\"logo\":{\"@type\":\"ImageObject\",\"inLanguage\":\"es\",\"@id\":\"https:\/\/www.padreeustaquio.com.br\/#\/schema\/logo\/image\/\",\"url\":\"https:\/\/www.padreeustaquio.com.br\/wp-content\/uploads\/2019\/08\/marca.png\",\"contentUrl\":\"https:\/\/www.padreeustaquio.com.br\/wp-content\/uploads\/2019\/08\/marca.png\",\"width\":350,\"height\":400,\"caption\":\"Padre Eust\u00e1quio\"},\"image\":{\"@id\":\"https:\/\/www.padreeustaquio.com.br\/#\/schema\/logo\/image\/\"},\"sameAs\":[\"https:\/\/www.facebook.com\/beatopadreeustaquio\/\",\"https:\/\/x.com\/beatopeustaquio\",\"https:\/\/www.instagram.com\/beatopadreeustaquio\/\",\"https:\/\/www.youtube.com\/channel\/UCRhw7vfabnajwLxb1ZXMeIw\"]},{\"@type\":\"Person\",\"@id\":\"https:\/\/www.padreeustaquio.com.br\/#\/schema\/person\/a2a51db1d00f1a7af0204a0f1ddb1566\",\"name\":\"@sscc\",\"image\":{\"@type\":\"ImageObject\",\"inLanguage\":\"es\",\"@id\":\"https:\/\/secure.gravatar.com\/avatar\/68cfafa5f44617fea54071e215026e0ff06be366c3d54a8425f04fdcb86f8c5f?s=96&d=mm&r=g\",\"url\":\"https:\/\/secure.gravatar.com\/avatar\/68cfafa5f44617fea54071e215026e0ff06be366c3d54a8425f04fdcb86f8c5f?s=96&d=mm&r=g\",\"contentUrl\":\"https:\/\/secure.gravatar.com\/avatar\/68cfafa5f44617fea54071e215026e0ff06be366c3d54a8425f04fdcb86f8c5f?s=96&d=mm&r=g\",\"caption\":\"@sscc\"},\"url\":\"https:\/\/www.padreeustaquio.com.br\/es\/author\/sscc\/\"}]}<\/script>\n<!-- \/ Yoast SEO plugin. -->","yoast_head_json":{"title":"El Papa Francisco bendice la imagen del Beato Padre Eustaquio en Roma","description":"El Padre Vin\u00edcius Maciel, SS.CC, vicepostulador de la Causa de Canonizaci\u00f3n del Beato Padre Eustaquio, se reuni\u00f3 con el Papa Francisco en el Palacio Pontificio, en el Vaticano, la audiencia tuvo lugar este jueves (19).","robots":{"index":"index","follow":"follow","max-snippet":"max-snippet:-1","max-image-preview":"max-image-preview:large","max-video-preview":"max-video-preview:-1"},"canonical":"https:\/\/www.padreeustaquio.com.br\/es\/el-papa-francisco-bendice-la-imagen-del-beato-padre-eustaquio-en-roma\/","og_locale":"es_ES","og_type":"article","og_title":"Papa Francisco aben\u00e7oa imagem do Beato Padre Eust\u00e1quio em Roma","og_description":"O padre Vin\u00edcius Maciel, SS.CC, vice-postulador da Causa de Canoniza\u00e7\u00e3o do Beato Padre Eust\u00e1quio, esteve com o Papa Francisco no Pal\u00e1cio Pontif\u00edcio, no Vaticano, a audi\u00eancia aconteceu nessa quinta-feira (19).","og_url":"https:\/\/www.padreeustaquio.com.br\/es\/el-papa-francisco-bendice-la-imagen-del-beato-padre-eustaquio-en-roma\/","og_site_name":"Padre Eust\u00e1quio","article_publisher":"https:\/\/www.facebook.com\/beatopadreeustaquio\/","article_published_time":"2024-09-21T14:37:41+00:00","og_image":[{"width":748,"height":394,"url":"https:\/\/www.padreeustaquio.com.br\/wp-content\/uploads\/2024\/09\/papa-e-vinicius.jpg","type":"image\/jpeg"}],"author":"@sscc","twitter_card":"summary_large_image","twitter_creator":"@beatopeustaquio","twitter_site":"@beatopeustaquio","twitter_misc":{"Escrito por":"@sscc","Tiempo de lectura":"3 minutos"},"schema":{"@context":"https:\/\/schema.org","@graph":[{"@type":"Article","@id":"https:\/\/www.padreeustaquio.com.br\/papa-francisco-abencoa-imagem-do-beato-padre-eustaquio-em-roma\/#article","isPartOf":{"@id":"https:\/\/www.padreeustaquio.com.br\/papa-francisco-abencoa-imagem-do-beato-padre-eustaquio-em-roma\/"},"author":{"name":"@sscc","@id":"https:\/\/www.padreeustaquio.com.br\/#\/schema\/person\/a2a51db1d00f1a7af0204a0f1ddb1566"},"headline":"Papa Francisco aben\u00e7oa imagem do Beato Padre Eust\u00e1quio em Roma","datePublished":"2024-09-21T14:37:41+00:00","mainEntityOfPage":{"@id":"https:\/\/www.padreeustaquio.com.br\/papa-francisco-abencoa-imagem-do-beato-padre-eustaquio-em-roma\/"},"wordCount":390,"commentCount":0,"publisher":{"@id":"https:\/\/www.padreeustaquio.com.br\/#organization"},"image":{"@id":"https:\/\/www.padreeustaquio.com.br\/papa-francisco-abencoa-imagem-do-beato-padre-eustaquio-em-roma\/#primaryimage"},"thumbnailUrl":"https:\/\/www.padreeustaquio.com.br\/wp-content\/uploads\/2024\/09\/papa-e-vinicius.jpg","articleSection":["Not\u00edcias"],"inLanguage":"es","potentialAction":[{"@type":"CommentAction","name":"Comment","target":["https:\/\/www.padreeustaquio.com.br\/papa-francisco-abencoa-imagem-do-beato-padre-eustaquio-em-roma\/#respond"]}]},{"@type":"WebPage","@id":"https:\/\/www.padreeustaquio.com.br\/papa-francisco-abencoa-imagem-do-beato-padre-eustaquio-em-roma\/","url":"https:\/\/www.padreeustaquio.com.br\/papa-francisco-abencoa-imagem-do-beato-padre-eustaquio-em-roma\/","name":"El Papa Francisco bendice la imagen del Beato Padre Eustaquio en Roma","isPartOf":{"@id":"https:\/\/www.padreeustaquio.com.br\/#website"},"primaryImageOfPage":{"@id":"https:\/\/www.padreeustaquio.com.br\/papa-francisco-abencoa-imagem-do-beato-padre-eustaquio-em-roma\/#primaryimage"},"image":{"@id":"https:\/\/www.padreeustaquio.com.br\/papa-francisco-abencoa-imagem-do-beato-padre-eustaquio-em-roma\/#primaryimage"},"thumbnailUrl":"https:\/\/www.padreeustaquio.com.br\/wp-content\/uploads\/2024\/09\/papa-e-vinicius.jpg","datePublished":"2024-09-21T14:37:41+00:00","description":"El Padre Vin\u00edcius Maciel, SS.CC, vicepostulador de la Causa de Canonizaci\u00f3n del Beato Padre Eustaquio, se reuni\u00f3 con el Papa Francisco en el Palacio Pontificio, en el Vaticano, la audiencia tuvo lugar este jueves (19).","breadcrumb":{"@id":"https:\/\/www.padreeustaquio.com.br\/papa-francisco-abencoa-imagem-do-beato-padre-eustaquio-em-roma\/#breadcrumb"},"inLanguage":"es","potentialAction":[{"@type":"ReadAction","target":["https:\/\/www.padreeustaquio.com.br\/papa-francisco-abencoa-imagem-do-beato-padre-eustaquio-em-roma\/"]}]},{"@type":"ImageObject","inLanguage":"es","@id":"https:\/\/www.padreeustaquio.com.br\/papa-francisco-abencoa-imagem-do-beato-padre-eustaquio-em-roma\/#primaryimage","url":"https:\/\/www.padreeustaquio.com.br\/wp-content\/uploads\/2024\/09\/papa-e-vinicius.jpg","contentUrl":"https:\/\/www.padreeustaquio.com.br\/wp-content\/uploads\/2024\/09\/papa-e-vinicius.jpg","width":748,"height":394},{"@type":"BreadcrumbList","@id":"https:\/\/www.padreeustaquio.com.br\/papa-francisco-abencoa-imagem-do-beato-padre-eustaquio-em-roma\/#breadcrumb","itemListElement":[{"@type":"ListItem","position":1,"name":"In\u00edcio","item":"https:\/\/www.padreeustaquio.com.br\/"},{"@type":"ListItem","position":2,"name":"Papa Francisco aben\u00e7oa imagem do Beato Padre Eust\u00e1quio em Roma"}]},{"@type":"WebSite","@id":"https:\/\/www.padreeustaquio.com.br\/#website","url":"https:\/\/www.padreeustaquio.com.br\/","name":"Padre Eustace","description":"Salud y Paz","publisher":{"@id":"https:\/\/www.padreeustaquio.com.br\/#organization"},"potentialAction":[{"@type":"SearchAction","target":{"@type":"EntryPoint","urlTemplate":"https:\/\/www.padreeustaquio.com.br\/?s={search_term_string}"},"query-input":{"@type":"PropertyValueSpecification","valueRequired":true,"valueName":"search_term_string"}}],"inLanguage":"es"},{"@type":"Organization","@id":"https:\/\/www.padreeustaquio.com.br\/#organization","name":"Padre Eustace","url":"https:\/\/www.padreeustaquio.com.br\/","logo":{"@type":"ImageObject","inLanguage":"es","@id":"https:\/\/www.padreeustaquio.com.br\/#\/schema\/logo\/image\/","url":"https:\/\/www.padreeustaquio.com.br\/wp-content\/uploads\/2019\/08\/marca.png","contentUrl":"https:\/\/www.padreeustaquio.com.br\/wp-content\/uploads\/2019\/08\/marca.png","width":350,"height":400,"caption":"Padre Eust\u00e1quio"},"image":{"@id":"https:\/\/www.padreeustaquio.com.br\/#\/schema\/logo\/image\/"},"sameAs":["https:\/\/www.facebook.com\/beatopadreeustaquio\/","https:\/\/x.com\/beatopeustaquio","https:\/\/www.instagram.com\/beatopadreeustaquio\/","https:\/\/www.youtube.com\/channel\/UCRhw7vfabnajwLxb1ZXMeIw"]},{"@type":"Person","@id":"https:\/\/www.padreeustaquio.com.br\/#\/schema\/person\/a2a51db1d00f1a7af0204a0f1ddb1566","name":"@sscc","image":{"@type":"ImageObject","inLanguage":"es","@id":"https:\/\/secure.gravatar.com\/avatar\/68cfafa5f44617fea54071e215026e0ff06be366c3d54a8425f04fdcb86f8c5f?s=96&d=mm&r=g","url":"https:\/\/secure.gravatar.com\/avatar\/68cfafa5f44617fea54071e215026e0ff06be366c3d54a8425f04fdcb86f8c5f?s=96&d=mm&r=g","contentUrl":"https:\/\/secure.gravatar.com\/avatar\/68cfafa5f44617fea54071e215026e0ff06be366c3d54a8425f04fdcb86f8c5f?s=96&d=mm&r=g","caption":"@sscc"},"url":"https:\/\/www.padreeustaquio.com.br\/es\/author\/sscc\/"}]}},"_links":{"self":[{"href":"https:\/\/www.padreeustaquio.com.br\/es\/wp-json\/wp\/v2\/posts\/11624","targetHints":{"allow":["GET"]}}],"collection":[{"href":"https:\/\/www.padreeustaquio.com.br\/es\/wp-json\/wp\/v2\/posts"}],"about":[{"href":"https:\/\/www.padreeustaquio.com.br\/es\/wp-json\/wp\/v2\/types\/post"}],"author":[{"embeddable":true,"href":"https:\/\/www.padreeustaquio.com.br\/es\/wp-json\/wp\/v2\/users\/2"}],"replies":[{"embeddable":true,"href":"https:\/\/www.padreeustaquio.com.br\/es\/wp-json\/wp\/v2\/comments?post=11624"}],"version-history":[{"count":0,"href":"https:\/\/www.padreeustaquio.com.br\/es\/wp-json\/wp\/v2\/posts\/11624\/revisions"}],"wp:featuredmedia":[{"embeddable":true,"href":"https:\/\/www.padreeustaquio.com.br\/es\/wp-json\/wp\/v2\/media\/11625"}],"wp:attachment":[{"href":"https:\/\/www.padreeustaquio.com.br\/es\/wp-json\/wp\/v2\/media?parent=11624"}],"wp:term":[{"taxonomy":"category","embeddable":true,"href":"https:\/\/www.padreeustaquio.com.br\/es\/wp-json\/wp\/v2\/categories?post=11624"},{"taxonomy":"post_tag","embeddable":true,"href":"https:\/\/www.padreeustaquio.com.br\/es\/wp-json\/wp\/v2\/tags?post=11624"}],"curies":[{"name":"wp","href":"https:\/\/api.w.org\/{rel}","templated":true}]}}