{"id":11619,"date":"2024-10-01T06:31:23","date_gmt":"2024-10-01T09:31:23","guid":{"rendered":"https:\/\/www.padreeustaquio.com.br\/?p=11619"},"modified":"2024-09-18T14:41:18","modified_gmt":"2024-09-18T17:41:18","slug":"escritos-del-beato-padre-eustaquio-devocion-a-santa-teresita","status":"publish","type":"post","link":"https:\/\/www.padreeustaquio.com.br\/es\/escritos-del-beato-padre-eustaquio-devocion-a-santa-teresita\/","title":{"rendered":"Escritos del Beato Padre Eustaquio: Devoci\u00f3n a Santa Teresita"},"content":{"rendered":"<p>El Padre Eust\u00e1quio sent\u00eda un afecto especial por Santa Teresita del Ni\u00f1o Jes\u00fas, canonizada en 1925. En uno de los escritos que dej\u00f3 la Beata, habla brevemente sobre la devoci\u00f3n a Santa Teresita. Lea a continuaci\u00f3n:<\/p>\n<p><strong>Devoci\u00f3n a Santa Teresita<\/strong><\/p>\n<p><em>As\u00ed como de vez en cuando se descubre una nueva estrella, as\u00ed tambi\u00e9n nuestra Madre Iglesia nos muestra de vez en cuando una nueva Santa, una nueva Mujer Santa, que no s\u00f3lo sirve como nuestra gu\u00eda en este valle de l\u00e1grimas, sino tambi\u00e9n como intercesora y ayudadora.<\/em><\/p>\n<p><em>Esta nueva santa es Santa Teresita del Ni\u00f1o Jes\u00fas. Podemos llamarla tan milagrosa que en poco tiempo llen\u00f3 el mundo de milagros, y estos milagros son tan convincentes que no dejan lugar a dudas; al contrario, son tan atractivos que no dejan a nadie, excepto a los m\u00e1s decididos, incapaz de buscar su poderosa protecci\u00f3n.<\/p>\n<p>Y todos tienen necesidad de protecci\u00f3n, porque el hombre en toda su debilidad no es capaz de protegerse a s\u00ed mismo, ni le sirve de nada la protecci\u00f3n del pr\u00f3jimo; debe pedir ayuda, una protecci\u00f3n m\u00e1s valiosa, es decir, a un Santo, que representa a Dios.<\/p>\n<p>As\u00ed que acudamos a Teresita, la gran hacedora de milagros. Acudamos a Teresita, la Santa de las Rosas. Acudamos a Teresita, \u00a1quien est\u00e1 dispuesta a ayudarnos!<\/em><\/p>","protected":false},"excerpt":{"rendered":"<p>Padre Eust\u00e1quio tinha um especial carinho por Santa Teresinha do Menino Jesus, canonizada em 1925. Em um dos escritos deixados pelo Bem-aventurado, ele fala um pouco sobre a devo\u00e7\u00e3o \u00e0 Santa Teresinha. Leia a seguir: A devo\u00e7\u00e3o \u00e0 Santa Teresinha Como se descobre de vez em quando uma nova estrela, assim a nossa madre igreja nos mostra de tempos em tempos um novo Santo &#8211; uma nova Santa &#8211; que n\u00e3o somente nos serve de guia neste vale de l\u00e1grimas como tamb\u00e9m de intercessor e auxiliador. Essa nova Santa \u00e9 Santa Teresinha do Menino Jesus. Essa Santa podemos chamar t\u00e3o [&hellip;]<\/p>\n","protected":false},"author":2,"featured_media":11620,"comment_status":"open","ping_status":"closed","sticky":false,"template":"","format":"standard","meta":{"_acf_changed":false,"footnotes":""},"categories":[611],"tags":[],"class_list":["post-11619","post","type-post","status-publish","format-standard","has-post-thumbnail","hentry","category-noticias"],"acf":[],"yoast_head":"<!-- This site is optimized with the Yoast SEO plugin v27.2 - https:\/\/yoast.com\/product\/yoast-seo-wordpress\/ -->\n<title>Escritos do Beato Padre Eust\u00e1quio: Devo\u00e7\u00e3o \u00e0 Santa Teresinha<\/title>\n<meta name=\"description\" content=\"Padre Eust\u00e1quio tinha um especial carinho por Santa Teresinha do Menino Jesus, canonizada em 1925. Em um dos escritos deixados pelo Bem-aventurado, ele fala um pouco sobre a devo\u00e7\u00e3o \u00e0 Santa Teresinha. Leia a mat\u00e9ria o texto completo.\" \/>\n<meta name=\"robots\" content=\"index, follow, max-snippet:-1, max-image-preview:large, max-video-preview:-1\" \/>\n<link rel=\"canonical\" href=\"https:\/\/www.padreeustaquio.com.br\/es\/escritos-del-beato-padre-eustaquio-devocion-a-santa-teresita\/\" \/>\n<meta property=\"og:locale\" content=\"es_ES\" \/>\n<meta property=\"og:type\" content=\"article\" \/>\n<meta property=\"og:title\" content=\"Escritos do Beato Padre Eust\u00e1quio: Devo\u00e7\u00e3o \u00e0 Santa Teresinha\" \/>\n<meta property=\"og:description\" content=\"Padre Eust\u00e1quio tinha um especial carinho por Santa Teresinha do Menino Jesus, canonizada em 1925. Em um dos escritos deixados pelo Bem-aventurado, ele fala um pouco sobre a devo\u00e7\u00e3o \u00e0 Santa Teresinha. Leia a mat\u00e9ria o texto completo.\" \/>\n<meta property=\"og:url\" content=\"https:\/\/www.padreeustaquio.com.br\/es\/escritos-del-beato-padre-eustaquio-devocion-a-santa-teresita\/\" \/>\n<meta property=\"og:site_name\" content=\"Padre Eust\u00e1quio\" \/>\n<meta property=\"article:publisher\" content=\"https:\/\/www.facebook.com\/beatopadreeustaquio\/\" \/>\n<meta property=\"article:published_time\" content=\"2024-10-01T09:31:23+00:00\" \/>\n<meta property=\"og:image\" content=\"https:\/\/www.padreeustaquio.com.br\/wp-content\/uploads\/2024\/09\/pe-em-poa.jpg\" \/>\n\t<meta property=\"og:image:width\" content=\"748\" \/>\n\t<meta property=\"og:image:height\" content=\"394\" \/>\n\t<meta property=\"og:image:type\" content=\"image\/jpeg\" \/>\n<meta name=\"author\" content=\"@sscc\" \/>\n<meta name=\"twitter:card\" content=\"summary_large_image\" \/>\n<meta name=\"twitter:creator\" content=\"@beatopeustaquio\" \/>\n<meta name=\"twitter:site\" content=\"@beatopeustaquio\" \/>\n<meta name=\"twitter:label1\" content=\"Escrito por\" \/>\n\t<meta name=\"twitter:data1\" content=\"@sscc\" \/>\n\t<meta name=\"twitter:label2\" content=\"Tiempo de lectura\" \/>\n\t<meta name=\"twitter:data2\" content=\"2 minutos\" \/>\n<script type=\"application\/ld+json\" class=\"yoast-schema-graph\">{\"@context\":\"https:\/\/schema.org\",\"@graph\":[{\"@type\":\"Article\",\"@id\":\"https:\/\/www.padreeustaquio.com.br\/escritos-do-beato-padre-eustaquio-devocao-a-santa-teresinha\/#article\",\"isPartOf\":{\"@id\":\"https:\/\/www.padreeustaquio.com.br\/escritos-do-beato-padre-eustaquio-devocao-a-santa-teresinha\/\"},\"author\":{\"name\":\"@sscc\",\"@id\":\"https:\/\/www.padreeustaquio.com.br\/#\/schema\/person\/a2a51db1d00f1a7af0204a0f1ddb1566\"},\"headline\":\"Escritos do Beato Padre Eust\u00e1quio: Devo\u00e7\u00e3o \u00e0 Santa Teresinha\",\"datePublished\":\"2024-10-01T09:31:23+00:00\",\"mainEntityOfPage\":{\"@id\":\"https:\/\/www.padreeustaquio.com.br\/escritos-do-beato-padre-eustaquio-devocao-a-santa-teresinha\/\"},\"wordCount\":242,\"commentCount\":0,\"publisher\":{\"@id\":\"https:\/\/www.padreeustaquio.com.br\/#organization\"},\"image\":{\"@id\":\"https:\/\/www.padreeustaquio.com.br\/escritos-do-beato-padre-eustaquio-devocao-a-santa-teresinha\/#primaryimage\"},\"thumbnailUrl\":\"https:\/\/www.padreeustaquio.com.br\/wp-content\/uploads\/2024\/09\/pe-em-poa.jpg\",\"articleSection\":[\"Not\u00edcias\"],\"inLanguage\":\"es\",\"potentialAction\":[{\"@type\":\"CommentAction\",\"name\":\"Comment\",\"target\":[\"https:\/\/www.padreeustaquio.com.br\/escritos-do-beato-padre-eustaquio-devocao-a-santa-teresinha\/#respond\"]}]},{\"@type\":\"WebPage\",\"@id\":\"https:\/\/www.padreeustaquio.com.br\/escritos-do-beato-padre-eustaquio-devocao-a-santa-teresinha\/\",\"url\":\"https:\/\/www.padreeustaquio.com.br\/escritos-do-beato-padre-eustaquio-devocao-a-santa-teresinha\/\",\"name\":\"Escritos do Beato Padre Eust\u00e1quio: Devo\u00e7\u00e3o \u00e0 Santa Teresinha\",\"isPartOf\":{\"@id\":\"https:\/\/www.padreeustaquio.com.br\/#website\"},\"primaryImageOfPage\":{\"@id\":\"https:\/\/www.padreeustaquio.com.br\/escritos-do-beato-padre-eustaquio-devocao-a-santa-teresinha\/#primaryimage\"},\"image\":{\"@id\":\"https:\/\/www.padreeustaquio.com.br\/escritos-do-beato-padre-eustaquio-devocao-a-santa-teresinha\/#primaryimage\"},\"thumbnailUrl\":\"https:\/\/www.padreeustaquio.com.br\/wp-content\/uploads\/2024\/09\/pe-em-poa.jpg\",\"datePublished\":\"2024-10-01T09:31:23+00:00\",\"description\":\"Padre Eust\u00e1quio tinha um especial carinho por Santa Teresinha do Menino Jesus, canonizada em 1925. Em um dos escritos deixados pelo Bem-aventurado, ele fala um pouco sobre a devo\u00e7\u00e3o \u00e0 Santa Teresinha. Leia a mat\u00e9ria o texto completo.\",\"breadcrumb\":{\"@id\":\"https:\/\/www.padreeustaquio.com.br\/escritos-do-beato-padre-eustaquio-devocao-a-santa-teresinha\/#breadcrumb\"},\"inLanguage\":\"es\",\"potentialAction\":[{\"@type\":\"ReadAction\",\"target\":[\"https:\/\/www.padreeustaquio.com.br\/escritos-do-beato-padre-eustaquio-devocao-a-santa-teresinha\/\"]}]},{\"@type\":\"ImageObject\",\"inLanguage\":\"es\",\"@id\":\"https:\/\/www.padreeustaquio.com.br\/escritos-do-beato-padre-eustaquio-devocao-a-santa-teresinha\/#primaryimage\",\"url\":\"https:\/\/www.padreeustaquio.com.br\/wp-content\/uploads\/2024\/09\/pe-em-poa.jpg\",\"contentUrl\":\"https:\/\/www.padreeustaquio.com.br\/wp-content\/uploads\/2024\/09\/pe-em-poa.jpg\",\"width\":748,\"height\":394},{\"@type\":\"BreadcrumbList\",\"@id\":\"https:\/\/www.padreeustaquio.com.br\/escritos-do-beato-padre-eustaquio-devocao-a-santa-teresinha\/#breadcrumb\",\"itemListElement\":[{\"@type\":\"ListItem\",\"position\":1,\"name\":\"In\u00edcio\",\"item\":\"https:\/\/www.padreeustaquio.com.br\/\"},{\"@type\":\"ListItem\",\"position\":2,\"name\":\"Escritos do Beato Padre Eust\u00e1quio: Devo\u00e7\u00e3o \u00e0 Santa Teresinha\"}]},{\"@type\":\"WebSite\",\"@id\":\"https:\/\/www.padreeustaquio.com.br\/#website\",\"url\":\"https:\/\/www.padreeustaquio.com.br\/\",\"name\":\"Padre Eust\u00e1quio\",\"description\":\"Sa\u00fade e Paz\",\"publisher\":{\"@id\":\"https:\/\/www.padreeustaquio.com.br\/#organization\"},\"potentialAction\":[{\"@type\":\"SearchAction\",\"target\":{\"@type\":\"EntryPoint\",\"urlTemplate\":\"https:\/\/www.padreeustaquio.com.br\/?s={search_term_string}\"},\"query-input\":{\"@type\":\"PropertyValueSpecification\",\"valueRequired\":true,\"valueName\":\"search_term_string\"}}],\"inLanguage\":\"es\"},{\"@type\":\"Organization\",\"@id\":\"https:\/\/www.padreeustaquio.com.br\/#organization\",\"name\":\"Padre Eust\u00e1quio\",\"url\":\"https:\/\/www.padreeustaquio.com.br\/\",\"logo\":{\"@type\":\"ImageObject\",\"inLanguage\":\"es\",\"@id\":\"https:\/\/www.padreeustaquio.com.br\/#\/schema\/logo\/image\/\",\"url\":\"https:\/\/www.padreeustaquio.com.br\/wp-content\/uploads\/2019\/08\/marca.png\",\"contentUrl\":\"https:\/\/www.padreeustaquio.com.br\/wp-content\/uploads\/2019\/08\/marca.png\",\"width\":350,\"height\":400,\"caption\":\"Padre Eust\u00e1quio\"},\"image\":{\"@id\":\"https:\/\/www.padreeustaquio.com.br\/#\/schema\/logo\/image\/\"},\"sameAs\":[\"https:\/\/www.facebook.com\/beatopadreeustaquio\/\",\"https:\/\/x.com\/beatopeustaquio\",\"https:\/\/www.instagram.com\/beatopadreeustaquio\/\",\"https:\/\/www.youtube.com\/channel\/UCRhw7vfabnajwLxb1ZXMeIw\"]},{\"@type\":\"Person\",\"@id\":\"https:\/\/www.padreeustaquio.com.br\/#\/schema\/person\/a2a51db1d00f1a7af0204a0f1ddb1566\",\"name\":\"@sscc\",\"image\":{\"@type\":\"ImageObject\",\"inLanguage\":\"es\",\"@id\":\"https:\/\/secure.gravatar.com\/avatar\/68cfafa5f44617fea54071e215026e0ff06be366c3d54a8425f04fdcb86f8c5f?s=96&d=mm&r=g\",\"url\":\"https:\/\/secure.gravatar.com\/avatar\/68cfafa5f44617fea54071e215026e0ff06be366c3d54a8425f04fdcb86f8c5f?s=96&d=mm&r=g\",\"contentUrl\":\"https:\/\/secure.gravatar.com\/avatar\/68cfafa5f44617fea54071e215026e0ff06be366c3d54a8425f04fdcb86f8c5f?s=96&d=mm&r=g\",\"caption\":\"@sscc\"},\"url\":\"https:\/\/www.padreeustaquio.com.br\/es\/author\/sscc\/\"}]}<\/script>\n<!-- \/ Yoast SEO plugin. -->","yoast_head_json":{"title":"Escritos del Beato Padre Eustaquio: Devoci\u00f3n a Santa Teresita","description":"El Padre Eust\u00e1quio sent\u00eda un afecto especial por Santa Teresita del Ni\u00f1o Jes\u00fas, canonizada en 1925. En uno de los escritos que dej\u00f3 la Beata, habla brevemente sobre la devoci\u00f3n a Santa Teresita. Lea el texto completo en el art\u00edculo.","robots":{"index":"index","follow":"follow","max-snippet":"max-snippet:-1","max-image-preview":"max-image-preview:large","max-video-preview":"max-video-preview:-1"},"canonical":"https:\/\/www.padreeustaquio.com.br\/es\/escritos-del-beato-padre-eustaquio-devocion-a-santa-teresita\/","og_locale":"es_ES","og_type":"article","og_title":"Escritos do Beato Padre Eust\u00e1quio: Devo\u00e7\u00e3o \u00e0 Santa Teresinha","og_description":"Padre Eust\u00e1quio tinha um especial carinho por Santa Teresinha do Menino Jesus, canonizada em 1925. Em um dos escritos deixados pelo Bem-aventurado, ele fala um pouco sobre a devo\u00e7\u00e3o \u00e0 Santa Teresinha. Leia a mat\u00e9ria o texto completo.","og_url":"https:\/\/www.padreeustaquio.com.br\/es\/escritos-del-beato-padre-eustaquio-devocion-a-santa-teresita\/","og_site_name":"Padre Eust\u00e1quio","article_publisher":"https:\/\/www.facebook.com\/beatopadreeustaquio\/","article_published_time":"2024-10-01T09:31:23+00:00","og_image":[{"width":748,"height":394,"url":"https:\/\/www.padreeustaquio.com.br\/wp-content\/uploads\/2024\/09\/pe-em-poa.jpg","type":"image\/jpeg"}],"author":"@sscc","twitter_card":"summary_large_image","twitter_creator":"@beatopeustaquio","twitter_site":"@beatopeustaquio","twitter_misc":{"Escrito por":"@sscc","Tiempo de lectura":"2 minutos"},"schema":{"@context":"https:\/\/schema.org","@graph":[{"@type":"Article","@id":"https:\/\/www.padreeustaquio.com.br\/escritos-do-beato-padre-eustaquio-devocao-a-santa-teresinha\/#article","isPartOf":{"@id":"https:\/\/www.padreeustaquio.com.br\/escritos-do-beato-padre-eustaquio-devocao-a-santa-teresinha\/"},"author":{"name":"@sscc","@id":"https:\/\/www.padreeustaquio.com.br\/#\/schema\/person\/a2a51db1d00f1a7af0204a0f1ddb1566"},"headline":"Escritos do Beato Padre Eust\u00e1quio: Devo\u00e7\u00e3o \u00e0 Santa Teresinha","datePublished":"2024-10-01T09:31:23+00:00","mainEntityOfPage":{"@id":"https:\/\/www.padreeustaquio.com.br\/escritos-do-beato-padre-eustaquio-devocao-a-santa-teresinha\/"},"wordCount":242,"commentCount":0,"publisher":{"@id":"https:\/\/www.padreeustaquio.com.br\/#organization"},"image":{"@id":"https:\/\/www.padreeustaquio.com.br\/escritos-do-beato-padre-eustaquio-devocao-a-santa-teresinha\/#primaryimage"},"thumbnailUrl":"https:\/\/www.padreeustaquio.com.br\/wp-content\/uploads\/2024\/09\/pe-em-poa.jpg","articleSection":["Not\u00edcias"],"inLanguage":"es","potentialAction":[{"@type":"CommentAction","name":"Comment","target":["https:\/\/www.padreeustaquio.com.br\/escritos-do-beato-padre-eustaquio-devocao-a-santa-teresinha\/#respond"]}]},{"@type":"WebPage","@id":"https:\/\/www.padreeustaquio.com.br\/escritos-do-beato-padre-eustaquio-devocao-a-santa-teresinha\/","url":"https:\/\/www.padreeustaquio.com.br\/escritos-do-beato-padre-eustaquio-devocao-a-santa-teresinha\/","name":"Escritos del Beato Padre Eustaquio: Devoci\u00f3n a Santa Teresita","isPartOf":{"@id":"https:\/\/www.padreeustaquio.com.br\/#website"},"primaryImageOfPage":{"@id":"https:\/\/www.padreeustaquio.com.br\/escritos-do-beato-padre-eustaquio-devocao-a-santa-teresinha\/#primaryimage"},"image":{"@id":"https:\/\/www.padreeustaquio.com.br\/escritos-do-beato-padre-eustaquio-devocao-a-santa-teresinha\/#primaryimage"},"thumbnailUrl":"https:\/\/www.padreeustaquio.com.br\/wp-content\/uploads\/2024\/09\/pe-em-poa.jpg","datePublished":"2024-10-01T09:31:23+00:00","description":"El Padre Eust\u00e1quio sent\u00eda un afecto especial por Santa Teresita del Ni\u00f1o Jes\u00fas, canonizada en 1925. En uno de los escritos que dej\u00f3 la Beata, habla brevemente sobre la devoci\u00f3n a Santa Teresita. Lea el texto completo en el art\u00edculo.","breadcrumb":{"@id":"https:\/\/www.padreeustaquio.com.br\/escritos-do-beato-padre-eustaquio-devocao-a-santa-teresinha\/#breadcrumb"},"inLanguage":"es","potentialAction":[{"@type":"ReadAction","target":["https:\/\/www.padreeustaquio.com.br\/escritos-do-beato-padre-eustaquio-devocao-a-santa-teresinha\/"]}]},{"@type":"ImageObject","inLanguage":"es","@id":"https:\/\/www.padreeustaquio.com.br\/escritos-do-beato-padre-eustaquio-devocao-a-santa-teresinha\/#primaryimage","url":"https:\/\/www.padreeustaquio.com.br\/wp-content\/uploads\/2024\/09\/pe-em-poa.jpg","contentUrl":"https:\/\/www.padreeustaquio.com.br\/wp-content\/uploads\/2024\/09\/pe-em-poa.jpg","width":748,"height":394},{"@type":"BreadcrumbList","@id":"https:\/\/www.padreeustaquio.com.br\/escritos-do-beato-padre-eustaquio-devocao-a-santa-teresinha\/#breadcrumb","itemListElement":[{"@type":"ListItem","position":1,"name":"In\u00edcio","item":"https:\/\/www.padreeustaquio.com.br\/"},{"@type":"ListItem","position":2,"name":"Escritos do Beato Padre Eust\u00e1quio: Devo\u00e7\u00e3o \u00e0 Santa Teresinha"}]},{"@type":"WebSite","@id":"https:\/\/www.padreeustaquio.com.br\/#website","url":"https:\/\/www.padreeustaquio.com.br\/","name":"Padre Eustace","description":"Salud y Paz","publisher":{"@id":"https:\/\/www.padreeustaquio.com.br\/#organization"},"potentialAction":[{"@type":"SearchAction","target":{"@type":"EntryPoint","urlTemplate":"https:\/\/www.padreeustaquio.com.br\/?s={search_term_string}"},"query-input":{"@type":"PropertyValueSpecification","valueRequired":true,"valueName":"search_term_string"}}],"inLanguage":"es"},{"@type":"Organization","@id":"https:\/\/www.padreeustaquio.com.br\/#organization","name":"Padre Eustace","url":"https:\/\/www.padreeustaquio.com.br\/","logo":{"@type":"ImageObject","inLanguage":"es","@id":"https:\/\/www.padreeustaquio.com.br\/#\/schema\/logo\/image\/","url":"https:\/\/www.padreeustaquio.com.br\/wp-content\/uploads\/2019\/08\/marca.png","contentUrl":"https:\/\/www.padreeustaquio.com.br\/wp-content\/uploads\/2019\/08\/marca.png","width":350,"height":400,"caption":"Padre Eust\u00e1quio"},"image":{"@id":"https:\/\/www.padreeustaquio.com.br\/#\/schema\/logo\/image\/"},"sameAs":["https:\/\/www.facebook.com\/beatopadreeustaquio\/","https:\/\/x.com\/beatopeustaquio","https:\/\/www.instagram.com\/beatopadreeustaquio\/","https:\/\/www.youtube.com\/channel\/UCRhw7vfabnajwLxb1ZXMeIw"]},{"@type":"Person","@id":"https:\/\/www.padreeustaquio.com.br\/#\/schema\/person\/a2a51db1d00f1a7af0204a0f1ddb1566","name":"@sscc","image":{"@type":"ImageObject","inLanguage":"es","@id":"https:\/\/secure.gravatar.com\/avatar\/68cfafa5f44617fea54071e215026e0ff06be366c3d54a8425f04fdcb86f8c5f?s=96&d=mm&r=g","url":"https:\/\/secure.gravatar.com\/avatar\/68cfafa5f44617fea54071e215026e0ff06be366c3d54a8425f04fdcb86f8c5f?s=96&d=mm&r=g","contentUrl":"https:\/\/secure.gravatar.com\/avatar\/68cfafa5f44617fea54071e215026e0ff06be366c3d54a8425f04fdcb86f8c5f?s=96&d=mm&r=g","caption":"@sscc"},"url":"https:\/\/www.padreeustaquio.com.br\/es\/author\/sscc\/"}]}},"_links":{"self":[{"href":"https:\/\/www.padreeustaquio.com.br\/es\/wp-json\/wp\/v2\/posts\/11619","targetHints":{"allow":["GET"]}}],"collection":[{"href":"https:\/\/www.padreeustaquio.com.br\/es\/wp-json\/wp\/v2\/posts"}],"about":[{"href":"https:\/\/www.padreeustaquio.com.br\/es\/wp-json\/wp\/v2\/types\/post"}],"author":[{"embeddable":true,"href":"https:\/\/www.padreeustaquio.com.br\/es\/wp-json\/wp\/v2\/users\/2"}],"replies":[{"embeddable":true,"href":"https:\/\/www.padreeustaquio.com.br\/es\/wp-json\/wp\/v2\/comments?post=11619"}],"version-history":[{"count":0,"href":"https:\/\/www.padreeustaquio.com.br\/es\/wp-json\/wp\/v2\/posts\/11619\/revisions"}],"wp:featuredmedia":[{"embeddable":true,"href":"https:\/\/www.padreeustaquio.com.br\/es\/wp-json\/wp\/v2\/media\/11620"}],"wp:attachment":[{"href":"https:\/\/www.padreeustaquio.com.br\/es\/wp-json\/wp\/v2\/media?parent=11619"}],"wp:term":[{"taxonomy":"category","embeddable":true,"href":"https:\/\/www.padreeustaquio.com.br\/es\/wp-json\/wp\/v2\/categories?post=11619"},{"taxonomy":"post_tag","embeddable":true,"href":"https:\/\/www.padreeustaquio.com.br\/es\/wp-json\/wp\/v2\/tags?post=11619"}],"curies":[{"name":"wp","href":"https:\/\/api.w.org\/{rel}","templated":true}]}}