{"id":11612,"date":"2024-09-20T06:38:50","date_gmt":"2024-09-20T09:38:50","guid":{"rendered":"https:\/\/www.padreeustaquio.com.br\/?p=11612"},"modified":"2024-09-18T14:29:33","modified_gmt":"2024-09-18T17:29:33","slug":"el-vicepostulador-de-la-causa-del-padre-eustaquio-habla-sobre-el-patrimonio-historico-y-espiritual-en-el-40o-capitulo-general-en-roma","status":"publish","type":"post","link":"https:\/\/www.padreeustaquio.com.br\/es\/el-vicepostulador-de-la-causa-del-padre-eustaquio-habla-sobre-el-patrimonio-historico-y-espiritual-en-el-40o-capitulo-general-en-roma\/","title":{"rendered":"El Vicepostulador de la Causa del Padre Eust\u00e1quio habla sobre Patrimonio Hist\u00f3rico y Espiritual en el 40\u00ba Cap\u00edtulo General en Roma."},"content":{"rendered":"<p>El vicepostulador de la Causa de Canonizaci\u00f3n del Beato Padre Eust\u00e1quio, Padre Vinicio Maciel, SS.CC., se encuentra en Roma, Italia, participando en el 40.\u00ba Cap\u00edtulo General de la Congregaci\u00f3n de los Sagrados Corazones. Durante la reuni\u00f3n, el sacerdote fue invitado a hablar sobre la Comisi\u00f3n para el Patrimonio Hist\u00f3rico y Espiritual de la Congregaci\u00f3n.<\/p>\n<p>El Padre Vinicius explic\u00f3 que, en Brasil, la vicepostulaci\u00f3n de la Causa del Padre Eust\u00e1quio contin\u00faa recopilando documentos, objetos y todo material que exprese algo relacionado con el Beato. El sacerdote tambi\u00e9n explic\u00f3 que se tiene mucho cuidado en preservar y mantener todo el material para que las nuevas generaciones puedan acceder y estudiar mejor la labor misionera de los Hermanos de los Sagrados Corazones.<\/p>\n<p>En un v\u00eddeo, grabado en espa\u00f1ol, es posible seguir este momento. <a href=\"https:\/\/www.youtube.com\/watch?v=AvsuS7fJa8I\">MIRA AQU\u00cd<\/a>. Adem\u00e1s del Padre Vin\u00edcius (delegado de la Provincia de Brasil), tambi\u00e9n registraron sus testimonios los siguientes hermanos: Mary McCloskey (delegada de la zona Europa\/\u00c1frica) y Michiaki Chihara (provincial de Jap\u00f3n-Filipinas).<\/p>","protected":false},"excerpt":{"rendered":"<p>O vice-postulador da Causa de Canoniza\u00e7\u00e3o do Beato Padre Eust\u00e1quio, padre Vinicius Maciel, SS.CC., est\u00e1 em Roma &#8211; It\u00e1lia, participando do 40\u00ba Cap\u00edtulo Geral da Congrega\u00e7\u00e3o dos Sagrados Cora\u00e7\u00f5es. Durante o encontro, o sacerdote foi convidado a falar sobre a Comiss\u00e3o do Patrim\u00f4nio Hist\u00f3rico e Espiritual da Congrega\u00e7\u00e3o. Padre Vinicius contou que, no Brasil, a vice-postula\u00e7\u00e3o da Causa de Padre Eust\u00e1quio, continua recolhendo documentos, objetos e todos os materiais que expressam algo relacionado ao Bem-Aventurado. O padre tamb\u00e9m explicou que h\u00e1 um cuidado muito grande em guardar e manter todo o material para que as novas gera\u00e7\u00f5es tenham acesso e [&hellip;]<\/p>\n","protected":false},"author":2,"featured_media":11614,"comment_status":"open","ping_status":"closed","sticky":false,"template":"","format":"standard","meta":{"_acf_changed":false,"footnotes":""},"categories":[611],"tags":[],"class_list":["post-11612","post","type-post","status-publish","format-standard","has-post-thumbnail","hentry","category-noticias"],"acf":[],"yoast_head":"<!-- This site is optimized with the Yoast SEO plugin v27.2 - https:\/\/yoast.com\/product\/yoast-seo-wordpress\/ -->\n<title>Vice-postulador da Causa de Pe Eust\u00e1quio fala sobre Patrim\u00f4nio Hist\u00f3rico e Espiritual no 40\u00ba Cap\u00edtulo Geral em Roma<\/title>\n<meta name=\"description\" content=\"O vice-postulador da Causa de Canoniza\u00e7\u00e3o do Beato Padre Eust\u00e1quio, padre Vinicius Maciel, SS.CC., est\u00e1 em Roma - It\u00e1lia, participando do 40\u00ba Cap\u00edtulo Geral da Congrega\u00e7\u00e3o dos Sagrados Cora\u00e7\u00f5es. Durante o encontro, o sacerdote foi convidado a falar sobre a Comiss\u00e3o do Patrim\u00f4nio Hist\u00f3rico e Espiritual da Congrega\u00e7\u00e3o.\" \/>\n<meta name=\"robots\" content=\"index, follow, max-snippet:-1, max-image-preview:large, max-video-preview:-1\" \/>\n<link rel=\"canonical\" href=\"https:\/\/www.padreeustaquio.com.br\/es\/el-vicepostulador-de-la-causa-del-padre-eustaquio-habla-sobre-el-patrimonio-historico-y-espiritual-en-el-40o-capitulo-general-en-roma\/\" \/>\n<meta property=\"og:locale\" content=\"es_ES\" \/>\n<meta property=\"og:type\" content=\"article\" \/>\n<meta property=\"og:title\" content=\"Vice-postulador da Causa de Pe Eust\u00e1quio fala sobre Patrim\u00f4nio Hist\u00f3rico e Espiritual no 40\u00ba Cap\u00edtulo Geral em Roma\" \/>\n<meta property=\"og:description\" content=\"O vice-postulador da Causa de Canoniza\u00e7\u00e3o do Beato Padre Eust\u00e1quio, padre Vinicius Maciel, SS.CC., est\u00e1 em Roma - It\u00e1lia, participando do 40\u00ba Cap\u00edtulo Geral da Congrega\u00e7\u00e3o dos Sagrados Cora\u00e7\u00f5es. Durante o encontro, o sacerdote foi convidado a falar sobre a Comiss\u00e3o do Patrim\u00f4nio Hist\u00f3rico e Espiritual da Congrega\u00e7\u00e3o.\" \/>\n<meta property=\"og:url\" content=\"https:\/\/www.padreeustaquio.com.br\/es\/el-vicepostulador-de-la-causa-del-padre-eustaquio-habla-sobre-el-patrimonio-historico-y-espiritual-en-el-40o-capitulo-general-en-roma\/\" \/>\n<meta property=\"og:site_name\" content=\"Padre Eust\u00e1quio\" \/>\n<meta property=\"article:publisher\" content=\"https:\/\/www.facebook.com\/beatopadreeustaquio\/\" \/>\n<meta property=\"article:published_time\" content=\"2024-09-20T09:38:50+00:00\" \/>\n<meta property=\"og:image\" content=\"https:\/\/www.padreeustaquio.com.br\/wp-content\/uploads\/2024\/09\/pv-no-40-capitulo.jpg\" \/>\n\t<meta property=\"og:image:width\" content=\"748\" \/>\n\t<meta property=\"og:image:height\" content=\"394\" \/>\n\t<meta property=\"og:image:type\" content=\"image\/jpeg\" \/>\n<meta name=\"author\" content=\"@sscc\" \/>\n<meta name=\"twitter:card\" content=\"summary_large_image\" \/>\n<meta name=\"twitter:creator\" content=\"@beatopeustaquio\" \/>\n<meta name=\"twitter:site\" content=\"@beatopeustaquio\" \/>\n<meta name=\"twitter:label1\" content=\"Escrito por\" \/>\n\t<meta name=\"twitter:data1\" content=\"@sscc\" \/>\n\t<meta name=\"twitter:label2\" content=\"Tiempo de lectura\" \/>\n\t<meta name=\"twitter:data2\" content=\"2 minutos\" \/>\n<script type=\"application\/ld+json\" class=\"yoast-schema-graph\">{\"@context\":\"https:\/\/schema.org\",\"@graph\":[{\"@type\":\"Article\",\"@id\":\"https:\/\/www.padreeustaquio.com.br\/vice-postulador-da-causa-de-pe-eustaquio-fala-sobre-patrimonio-historico-e-espiritual-no-40o-capitulo-geral-em-roma\/#article\",\"isPartOf\":{\"@id\":\"https:\/\/www.padreeustaquio.com.br\/vice-postulador-da-causa-de-pe-eustaquio-fala-sobre-patrimonio-historico-e-espiritual-no-40o-capitulo-geral-em-roma\/\"},\"author\":{\"name\":\"@sscc\",\"@id\":\"https:\/\/www.padreeustaquio.com.br\/#\/schema\/person\/a2a51db1d00f1a7af0204a0f1ddb1566\"},\"headline\":\"Vice-postulador da Causa de Pe Eust\u00e1quio fala sobre Patrim\u00f4nio Hist\u00f3rico e Espiritual no 40\u00ba Cap\u00edtulo Geral em Roma\",\"datePublished\":\"2024-09-20T09:38:50+00:00\",\"mainEntityOfPage\":{\"@id\":\"https:\/\/www.padreeustaquio.com.br\/vice-postulador-da-causa-de-pe-eustaquio-fala-sobre-patrimonio-historico-e-espiritual-no-40o-capitulo-geral-em-roma\/\"},\"wordCount\":197,\"commentCount\":0,\"publisher\":{\"@id\":\"https:\/\/www.padreeustaquio.com.br\/#organization\"},\"image\":{\"@id\":\"https:\/\/www.padreeustaquio.com.br\/vice-postulador-da-causa-de-pe-eustaquio-fala-sobre-patrimonio-historico-e-espiritual-no-40o-capitulo-geral-em-roma\/#primaryimage\"},\"thumbnailUrl\":\"https:\/\/www.padreeustaquio.com.br\/wp-content\/uploads\/2024\/09\/pv-no-40-capitulo.jpg\",\"articleSection\":[\"Not\u00edcias\"],\"inLanguage\":\"es\",\"potentialAction\":[{\"@type\":\"CommentAction\",\"name\":\"Comment\",\"target\":[\"https:\/\/www.padreeustaquio.com.br\/vice-postulador-da-causa-de-pe-eustaquio-fala-sobre-patrimonio-historico-e-espiritual-no-40o-capitulo-geral-em-roma\/#respond\"]}]},{\"@type\":\"WebPage\",\"@id\":\"https:\/\/www.padreeustaquio.com.br\/vice-postulador-da-causa-de-pe-eustaquio-fala-sobre-patrimonio-historico-e-espiritual-no-40o-capitulo-geral-em-roma\/\",\"url\":\"https:\/\/www.padreeustaquio.com.br\/vice-postulador-da-causa-de-pe-eustaquio-fala-sobre-patrimonio-historico-e-espiritual-no-40o-capitulo-geral-em-roma\/\",\"name\":\"Vice-postulador da Causa de Pe Eust\u00e1quio fala sobre Patrim\u00f4nio Hist\u00f3rico e Espiritual no 40\u00ba Cap\u00edtulo Geral em Roma\",\"isPartOf\":{\"@id\":\"https:\/\/www.padreeustaquio.com.br\/#website\"},\"primaryImageOfPage\":{\"@id\":\"https:\/\/www.padreeustaquio.com.br\/vice-postulador-da-causa-de-pe-eustaquio-fala-sobre-patrimonio-historico-e-espiritual-no-40o-capitulo-geral-em-roma\/#primaryimage\"},\"image\":{\"@id\":\"https:\/\/www.padreeustaquio.com.br\/vice-postulador-da-causa-de-pe-eustaquio-fala-sobre-patrimonio-historico-e-espiritual-no-40o-capitulo-geral-em-roma\/#primaryimage\"},\"thumbnailUrl\":\"https:\/\/www.padreeustaquio.com.br\/wp-content\/uploads\/2024\/09\/pv-no-40-capitulo.jpg\",\"datePublished\":\"2024-09-20T09:38:50+00:00\",\"description\":\"O vice-postulador da Causa de Canoniza\u00e7\u00e3o do Beato Padre Eust\u00e1quio, padre Vinicius Maciel, SS.CC., est\u00e1 em Roma - It\u00e1lia, participando do 40\u00ba Cap\u00edtulo Geral da Congrega\u00e7\u00e3o dos Sagrados Cora\u00e7\u00f5es. Durante o encontro, o sacerdote foi convidado a falar sobre a Comiss\u00e3o do Patrim\u00f4nio Hist\u00f3rico e Espiritual da Congrega\u00e7\u00e3o.\",\"breadcrumb\":{\"@id\":\"https:\/\/www.padreeustaquio.com.br\/vice-postulador-da-causa-de-pe-eustaquio-fala-sobre-patrimonio-historico-e-espiritual-no-40o-capitulo-geral-em-roma\/#breadcrumb\"},\"inLanguage\":\"es\",\"potentialAction\":[{\"@type\":\"ReadAction\",\"target\":[\"https:\/\/www.padreeustaquio.com.br\/vice-postulador-da-causa-de-pe-eustaquio-fala-sobre-patrimonio-historico-e-espiritual-no-40o-capitulo-geral-em-roma\/\"]}]},{\"@type\":\"ImageObject\",\"inLanguage\":\"es\",\"@id\":\"https:\/\/www.padreeustaquio.com.br\/vice-postulador-da-causa-de-pe-eustaquio-fala-sobre-patrimonio-historico-e-espiritual-no-40o-capitulo-geral-em-roma\/#primaryimage\",\"url\":\"https:\/\/www.padreeustaquio.com.br\/wp-content\/uploads\/2024\/09\/pv-no-40-capitulo.jpg\",\"contentUrl\":\"https:\/\/www.padreeustaquio.com.br\/wp-content\/uploads\/2024\/09\/pv-no-40-capitulo.jpg\",\"width\":748,\"height\":394},{\"@type\":\"BreadcrumbList\",\"@id\":\"https:\/\/www.padreeustaquio.com.br\/vice-postulador-da-causa-de-pe-eustaquio-fala-sobre-patrimonio-historico-e-espiritual-no-40o-capitulo-geral-em-roma\/#breadcrumb\",\"itemListElement\":[{\"@type\":\"ListItem\",\"position\":1,\"name\":\"In\u00edcio\",\"item\":\"https:\/\/www.padreeustaquio.com.br\/\"},{\"@type\":\"ListItem\",\"position\":2,\"name\":\"Vice-postulador da Causa de Pe Eust\u00e1quio fala sobre Patrim\u00f4nio Hist\u00f3rico e Espiritual no 40\u00ba Cap\u00edtulo Geral em Roma\"}]},{\"@type\":\"WebSite\",\"@id\":\"https:\/\/www.padreeustaquio.com.br\/#website\",\"url\":\"https:\/\/www.padreeustaquio.com.br\/\",\"name\":\"Padre Eust\u00e1quio\",\"description\":\"Sa\u00fade e Paz\",\"publisher\":{\"@id\":\"https:\/\/www.padreeustaquio.com.br\/#organization\"},\"potentialAction\":[{\"@type\":\"SearchAction\",\"target\":{\"@type\":\"EntryPoint\",\"urlTemplate\":\"https:\/\/www.padreeustaquio.com.br\/?s={search_term_string}\"},\"query-input\":{\"@type\":\"PropertyValueSpecification\",\"valueRequired\":true,\"valueName\":\"search_term_string\"}}],\"inLanguage\":\"es\"},{\"@type\":\"Organization\",\"@id\":\"https:\/\/www.padreeustaquio.com.br\/#organization\",\"name\":\"Padre Eust\u00e1quio\",\"url\":\"https:\/\/www.padreeustaquio.com.br\/\",\"logo\":{\"@type\":\"ImageObject\",\"inLanguage\":\"es\",\"@id\":\"https:\/\/www.padreeustaquio.com.br\/#\/schema\/logo\/image\/\",\"url\":\"https:\/\/www.padreeustaquio.com.br\/wp-content\/uploads\/2019\/08\/marca.png\",\"contentUrl\":\"https:\/\/www.padreeustaquio.com.br\/wp-content\/uploads\/2019\/08\/marca.png\",\"width\":350,\"height\":400,\"caption\":\"Padre Eust\u00e1quio\"},\"image\":{\"@id\":\"https:\/\/www.padreeustaquio.com.br\/#\/schema\/logo\/image\/\"},\"sameAs\":[\"https:\/\/www.facebook.com\/beatopadreeustaquio\/\",\"https:\/\/x.com\/beatopeustaquio\",\"https:\/\/www.instagram.com\/beatopadreeustaquio\/\",\"https:\/\/www.youtube.com\/channel\/UCRhw7vfabnajwLxb1ZXMeIw\"]},{\"@type\":\"Person\",\"@id\":\"https:\/\/www.padreeustaquio.com.br\/#\/schema\/person\/a2a51db1d00f1a7af0204a0f1ddb1566\",\"name\":\"@sscc\",\"image\":{\"@type\":\"ImageObject\",\"inLanguage\":\"es\",\"@id\":\"https:\/\/secure.gravatar.com\/avatar\/68cfafa5f44617fea54071e215026e0ff06be366c3d54a8425f04fdcb86f8c5f?s=96&d=mm&r=g\",\"url\":\"https:\/\/secure.gravatar.com\/avatar\/68cfafa5f44617fea54071e215026e0ff06be366c3d54a8425f04fdcb86f8c5f?s=96&d=mm&r=g\",\"contentUrl\":\"https:\/\/secure.gravatar.com\/avatar\/68cfafa5f44617fea54071e215026e0ff06be366c3d54a8425f04fdcb86f8c5f?s=96&d=mm&r=g\",\"caption\":\"@sscc\"},\"url\":\"https:\/\/www.padreeustaquio.com.br\/es\/author\/sscc\/\"}]}<\/script>\n<!-- \/ Yoast SEO plugin. -->","yoast_head_json":{"title":"El Vicepostulador de la Causa del Padre Eust\u00e1quio habla sobre Patrimonio Hist\u00f3rico y Espiritual en el 40\u00ba Cap\u00edtulo General en Roma.","description":"El vicepostulador de la Causa de Canonizaci\u00f3n del Beato Padre Eust\u00e1quio, Padre Vinicio Maciel, SS.CC., se encuentra en Roma, Italia, participando en el 40.\u00ba Cap\u00edtulo General de la Congregaci\u00f3n de los Sagrados Corazones. Durante la reuni\u00f3n, el sacerdote fue invitado a hablar sobre la Comisi\u00f3n para el Patrimonio Hist\u00f3rico y Espiritual de la Congregaci\u00f3n.","robots":{"index":"index","follow":"follow","max-snippet":"max-snippet:-1","max-image-preview":"max-image-preview:large","max-video-preview":"max-video-preview:-1"},"canonical":"https:\/\/www.padreeustaquio.com.br\/es\/el-vicepostulador-de-la-causa-del-padre-eustaquio-habla-sobre-el-patrimonio-historico-y-espiritual-en-el-40o-capitulo-general-en-roma\/","og_locale":"es_ES","og_type":"article","og_title":"Vice-postulador da Causa de Pe Eust\u00e1quio fala sobre Patrim\u00f4nio Hist\u00f3rico e Espiritual no 40\u00ba Cap\u00edtulo Geral em Roma","og_description":"O vice-postulador da Causa de Canoniza\u00e7\u00e3o do Beato Padre Eust\u00e1quio, padre Vinicius Maciel, SS.CC., est\u00e1 em Roma - It\u00e1lia, participando do 40\u00ba Cap\u00edtulo Geral da Congrega\u00e7\u00e3o dos Sagrados Cora\u00e7\u00f5es. Durante o encontro, o sacerdote foi convidado a falar sobre a Comiss\u00e3o do Patrim\u00f4nio Hist\u00f3rico e Espiritual da Congrega\u00e7\u00e3o.","og_url":"https:\/\/www.padreeustaquio.com.br\/es\/el-vicepostulador-de-la-causa-del-padre-eustaquio-habla-sobre-el-patrimonio-historico-y-espiritual-en-el-40o-capitulo-general-en-roma\/","og_site_name":"Padre Eust\u00e1quio","article_publisher":"https:\/\/www.facebook.com\/beatopadreeustaquio\/","article_published_time":"2024-09-20T09:38:50+00:00","og_image":[{"width":748,"height":394,"url":"https:\/\/www.padreeustaquio.com.br\/wp-content\/uploads\/2024\/09\/pv-no-40-capitulo.jpg","type":"image\/jpeg"}],"author":"@sscc","twitter_card":"summary_large_image","twitter_creator":"@beatopeustaquio","twitter_site":"@beatopeustaquio","twitter_misc":{"Escrito por":"@sscc","Tiempo de lectura":"2 minutos"},"schema":{"@context":"https:\/\/schema.org","@graph":[{"@type":"Article","@id":"https:\/\/www.padreeustaquio.com.br\/vice-postulador-da-causa-de-pe-eustaquio-fala-sobre-patrimonio-historico-e-espiritual-no-40o-capitulo-geral-em-roma\/#article","isPartOf":{"@id":"https:\/\/www.padreeustaquio.com.br\/vice-postulador-da-causa-de-pe-eustaquio-fala-sobre-patrimonio-historico-e-espiritual-no-40o-capitulo-geral-em-roma\/"},"author":{"name":"@sscc","@id":"https:\/\/www.padreeustaquio.com.br\/#\/schema\/person\/a2a51db1d00f1a7af0204a0f1ddb1566"},"headline":"Vice-postulador da Causa de Pe Eust\u00e1quio fala sobre Patrim\u00f4nio Hist\u00f3rico e Espiritual no 40\u00ba Cap\u00edtulo Geral em Roma","datePublished":"2024-09-20T09:38:50+00:00","mainEntityOfPage":{"@id":"https:\/\/www.padreeustaquio.com.br\/vice-postulador-da-causa-de-pe-eustaquio-fala-sobre-patrimonio-historico-e-espiritual-no-40o-capitulo-geral-em-roma\/"},"wordCount":197,"commentCount":0,"publisher":{"@id":"https:\/\/www.padreeustaquio.com.br\/#organization"},"image":{"@id":"https:\/\/www.padreeustaquio.com.br\/vice-postulador-da-causa-de-pe-eustaquio-fala-sobre-patrimonio-historico-e-espiritual-no-40o-capitulo-geral-em-roma\/#primaryimage"},"thumbnailUrl":"https:\/\/www.padreeustaquio.com.br\/wp-content\/uploads\/2024\/09\/pv-no-40-capitulo.jpg","articleSection":["Not\u00edcias"],"inLanguage":"es","potentialAction":[{"@type":"CommentAction","name":"Comment","target":["https:\/\/www.padreeustaquio.com.br\/vice-postulador-da-causa-de-pe-eustaquio-fala-sobre-patrimonio-historico-e-espiritual-no-40o-capitulo-geral-em-roma\/#respond"]}]},{"@type":"WebPage","@id":"https:\/\/www.padreeustaquio.com.br\/vice-postulador-da-causa-de-pe-eustaquio-fala-sobre-patrimonio-historico-e-espiritual-no-40o-capitulo-geral-em-roma\/","url":"https:\/\/www.padreeustaquio.com.br\/vice-postulador-da-causa-de-pe-eustaquio-fala-sobre-patrimonio-historico-e-espiritual-no-40o-capitulo-geral-em-roma\/","name":"El Vicepostulador de la Causa del Padre Eust\u00e1quio habla sobre Patrimonio Hist\u00f3rico y Espiritual en el 40\u00ba Cap\u00edtulo General en Roma.","isPartOf":{"@id":"https:\/\/www.padreeustaquio.com.br\/#website"},"primaryImageOfPage":{"@id":"https:\/\/www.padreeustaquio.com.br\/vice-postulador-da-causa-de-pe-eustaquio-fala-sobre-patrimonio-historico-e-espiritual-no-40o-capitulo-geral-em-roma\/#primaryimage"},"image":{"@id":"https:\/\/www.padreeustaquio.com.br\/vice-postulador-da-causa-de-pe-eustaquio-fala-sobre-patrimonio-historico-e-espiritual-no-40o-capitulo-geral-em-roma\/#primaryimage"},"thumbnailUrl":"https:\/\/www.padreeustaquio.com.br\/wp-content\/uploads\/2024\/09\/pv-no-40-capitulo.jpg","datePublished":"2024-09-20T09:38:50+00:00","description":"El vicepostulador de la Causa de Canonizaci\u00f3n del Beato Padre Eust\u00e1quio, Padre Vinicio Maciel, SS.CC., se encuentra en Roma, Italia, participando en el 40.\u00ba Cap\u00edtulo General de la Congregaci\u00f3n de los Sagrados Corazones. Durante la reuni\u00f3n, el sacerdote fue invitado a hablar sobre la Comisi\u00f3n para el Patrimonio Hist\u00f3rico y Espiritual de la Congregaci\u00f3n.","breadcrumb":{"@id":"https:\/\/www.padreeustaquio.com.br\/vice-postulador-da-causa-de-pe-eustaquio-fala-sobre-patrimonio-historico-e-espiritual-no-40o-capitulo-geral-em-roma\/#breadcrumb"},"inLanguage":"es","potentialAction":[{"@type":"ReadAction","target":["https:\/\/www.padreeustaquio.com.br\/vice-postulador-da-causa-de-pe-eustaquio-fala-sobre-patrimonio-historico-e-espiritual-no-40o-capitulo-geral-em-roma\/"]}]},{"@type":"ImageObject","inLanguage":"es","@id":"https:\/\/www.padreeustaquio.com.br\/vice-postulador-da-causa-de-pe-eustaquio-fala-sobre-patrimonio-historico-e-espiritual-no-40o-capitulo-geral-em-roma\/#primaryimage","url":"https:\/\/www.padreeustaquio.com.br\/wp-content\/uploads\/2024\/09\/pv-no-40-capitulo.jpg","contentUrl":"https:\/\/www.padreeustaquio.com.br\/wp-content\/uploads\/2024\/09\/pv-no-40-capitulo.jpg","width":748,"height":394},{"@type":"BreadcrumbList","@id":"https:\/\/www.padreeustaquio.com.br\/vice-postulador-da-causa-de-pe-eustaquio-fala-sobre-patrimonio-historico-e-espiritual-no-40o-capitulo-geral-em-roma\/#breadcrumb","itemListElement":[{"@type":"ListItem","position":1,"name":"In\u00edcio","item":"https:\/\/www.padreeustaquio.com.br\/"},{"@type":"ListItem","position":2,"name":"Vice-postulador da Causa de Pe Eust\u00e1quio fala sobre Patrim\u00f4nio Hist\u00f3rico e Espiritual no 40\u00ba Cap\u00edtulo Geral em Roma"}]},{"@type":"WebSite","@id":"https:\/\/www.padreeustaquio.com.br\/#website","url":"https:\/\/www.padreeustaquio.com.br\/","name":"Padre Eustace","description":"Salud y Paz","publisher":{"@id":"https:\/\/www.padreeustaquio.com.br\/#organization"},"potentialAction":[{"@type":"SearchAction","target":{"@type":"EntryPoint","urlTemplate":"https:\/\/www.padreeustaquio.com.br\/?s={search_term_string}"},"query-input":{"@type":"PropertyValueSpecification","valueRequired":true,"valueName":"search_term_string"}}],"inLanguage":"es"},{"@type":"Organization","@id":"https:\/\/www.padreeustaquio.com.br\/#organization","name":"Padre Eustace","url":"https:\/\/www.padreeustaquio.com.br\/","logo":{"@type":"ImageObject","inLanguage":"es","@id":"https:\/\/www.padreeustaquio.com.br\/#\/schema\/logo\/image\/","url":"https:\/\/www.padreeustaquio.com.br\/wp-content\/uploads\/2019\/08\/marca.png","contentUrl":"https:\/\/www.padreeustaquio.com.br\/wp-content\/uploads\/2019\/08\/marca.png","width":350,"height":400,"caption":"Padre Eust\u00e1quio"},"image":{"@id":"https:\/\/www.padreeustaquio.com.br\/#\/schema\/logo\/image\/"},"sameAs":["https:\/\/www.facebook.com\/beatopadreeustaquio\/","https:\/\/x.com\/beatopeustaquio","https:\/\/www.instagram.com\/beatopadreeustaquio\/","https:\/\/www.youtube.com\/channel\/UCRhw7vfabnajwLxb1ZXMeIw"]},{"@type":"Person","@id":"https:\/\/www.padreeustaquio.com.br\/#\/schema\/person\/a2a51db1d00f1a7af0204a0f1ddb1566","name":"@sscc","image":{"@type":"ImageObject","inLanguage":"es","@id":"https:\/\/secure.gravatar.com\/avatar\/68cfafa5f44617fea54071e215026e0ff06be366c3d54a8425f04fdcb86f8c5f?s=96&d=mm&r=g","url":"https:\/\/secure.gravatar.com\/avatar\/68cfafa5f44617fea54071e215026e0ff06be366c3d54a8425f04fdcb86f8c5f?s=96&d=mm&r=g","contentUrl":"https:\/\/secure.gravatar.com\/avatar\/68cfafa5f44617fea54071e215026e0ff06be366c3d54a8425f04fdcb86f8c5f?s=96&d=mm&r=g","caption":"@sscc"},"url":"https:\/\/www.padreeustaquio.com.br\/es\/author\/sscc\/"}]}},"_links":{"self":[{"href":"https:\/\/www.padreeustaquio.com.br\/es\/wp-json\/wp\/v2\/posts\/11612","targetHints":{"allow":["GET"]}}],"collection":[{"href":"https:\/\/www.padreeustaquio.com.br\/es\/wp-json\/wp\/v2\/posts"}],"about":[{"href":"https:\/\/www.padreeustaquio.com.br\/es\/wp-json\/wp\/v2\/types\/post"}],"author":[{"embeddable":true,"href":"https:\/\/www.padreeustaquio.com.br\/es\/wp-json\/wp\/v2\/users\/2"}],"replies":[{"embeddable":true,"href":"https:\/\/www.padreeustaquio.com.br\/es\/wp-json\/wp\/v2\/comments?post=11612"}],"version-history":[{"count":0,"href":"https:\/\/www.padreeustaquio.com.br\/es\/wp-json\/wp\/v2\/posts\/11612\/revisions"}],"wp:featuredmedia":[{"embeddable":true,"href":"https:\/\/www.padreeustaquio.com.br\/es\/wp-json\/wp\/v2\/media\/11614"}],"wp:attachment":[{"href":"https:\/\/www.padreeustaquio.com.br\/es\/wp-json\/wp\/v2\/media?parent=11612"}],"wp:term":[{"taxonomy":"category","embeddable":true,"href":"https:\/\/www.padreeustaquio.com.br\/es\/wp-json\/wp\/v2\/categories?post=11612"},{"taxonomy":"post_tag","embeddable":true,"href":"https:\/\/www.padreeustaquio.com.br\/es\/wp-json\/wp\/v2\/tags?post=11612"}],"curies":[{"name":"wp","href":"https:\/\/api.w.org\/{rel}","templated":true}]}}