{"id":11608,"date":"2024-09-18T12:25:00","date_gmt":"2024-09-18T15:25:00","guid":{"rendered":"https:\/\/www.padreeustaquio.com.br\/?p=11608"},"modified":"2024-09-18T12:25:00","modified_gmt":"2024-09-18T15:25:00","slug":"el-gobierno-general-de-los-sagrados-corazones-fue-reelegido-en-un-capitulo-celebrado-en-roma-italia","status":"publish","type":"post","link":"https:\/\/www.padreeustaquio.com.br\/es\/el-gobierno-general-de-los-sagrados-corazones-fue-reelegido-en-un-capitulo-celebrado-en-roma-italia\/","title":{"rendered":"El Gobierno General de los Sagrados Corazones es reelegido en un Cap\u00edtulo celebrado en Roma, Italia."},"content":{"rendered":"<p>El actual Superior General, Alberto Toutin, SS.CC., fue reelegido el lunes 16 de septiembre para un nuevo mandato al frente de la Congregaci\u00f3n de los Sagrados Corazones. La reelecci\u00f3n tuvo lugar durante el 40.\u00ba Cap\u00edtulo General, que se celebra hasta finales de esta semana en Roma, Italia.<\/p>\n<div id=\"attachment_11610\" style=\"width: 330px\" class=\"wp-caption alignleft\"><img fetchpriority=\"high\" decoding=\"async\" aria-describedby=\"caption-attachment-11610\" class=\"wp-image-11610\" src=\"https:\/\/www.padreeustaquio.com.br\/wp-content\/uploads\/2024\/09\/Toutin-e-Patricia-300x169.jpeg\" alt=\"Los Superiores Generales: P. Alberto Toutin, SSCC (hermanos) y Patricial Villarroel, SSCC (hermanas)\" width=\"320\" height=\"180\" srcset=\"https:\/\/www.padreeustaquio.com.br\/wp-content\/uploads\/2024\/09\/Toutin-e-Patricia-300x169.jpeg 300w, https:\/\/www.padreeustaquio.com.br\/wp-content\/uploads\/2024\/09\/Toutin-e-Patricia-1024x576.jpeg 1024w, https:\/\/www.padreeustaquio.com.br\/wp-content\/uploads\/2024\/09\/Toutin-e-Patricia-768x432.jpeg 768w, https:\/\/www.padreeustaquio.com.br\/wp-content\/uploads\/2024\/09\/Toutin-e-Patricia-1536x864.jpeg 1536w, https:\/\/www.padreeustaquio.com.br\/wp-content\/uploads\/2024\/09\/Toutin-e-Patricia-400x225.jpeg 400w, https:\/\/www.padreeustaquio.com.br\/wp-content\/uploads\/2024\/09\/Toutin-e-Patricia-600x338.jpeg 600w, https:\/\/www.padreeustaquio.com.br\/wp-content\/uploads\/2024\/09\/Toutin-e-Patricia-800x450.jpeg 800w, https:\/\/www.padreeustaquio.com.br\/wp-content\/uploads\/2024\/09\/Toutin-e-Patricia-1200x675.jpeg 1200w, https:\/\/www.padreeustaquio.com.br\/wp-content\/uploads\/2024\/09\/Toutin-e-Patricia-1600x900.jpeg 1600w, https:\/\/www.padreeustaquio.com.br\/wp-content\/uploads\/2024\/09\/Toutin-e-Patricia.jpeg 1920w\" sizes=\"(max-width: 320px) 100vw, 320px\" \/><p id=\"caption-attachment-11610\" class=\"wp-caption-text\">Los Superiores Generales: P. Alberto Toutin, SSCC (hermanos) y Patricial Villarroel, SSCC (hermanas)<\/p><\/div>\n<p>Adem\u00e1s del P. Alberto Toutin, SS.CC, el d\u00eda 17 fueron elegidos los siguientes miembros del Consejo General: Fernando Cordero, Jean Blaise Mwanda, Stephen Banjare y Enrique Ram\u00edrez.<\/p>\n<p>El Cap\u00edtulo General, que re\u00fane a cerca de 80 representantes de los Sagrados Corazones de todo el mundo, tambi\u00e9n incluy\u00f3 la elecci\u00f3n de las Hermanas: Patricia Villarroel, Noem\u00ed Garc\u00eda, Susana Villarreal y Pushpa Rani.<\/p>\n<p>Demos gracias a Dios por la disponibilidad y el servicio de cada uno de estos hermanos y hermanas que, como misioneros, nos traen el Reino de Dios cada d\u00eda y en todo lugar.<\/p>\n<p><strong>El Cap\u00edtulo General<\/strong><\/p>\n<p>El 40.\u00ba Cap\u00edtulo General de las Religiosas de los Sagrados Corazones se celebra en Roma del 1 al 22 de septiembre. La reuni\u00f3n desarrolla el tema principal de los Sagrados Corazones: identidad y misi\u00f3n, que permea y gu\u00eda las estructuras, el liderazgo, la econom\u00eda y la solidaridad, as\u00ed como la formaci\u00f3n y el patrimonio espiritual e hist\u00f3rico de la Congregaci\u00f3n. Representando a Brasil est\u00e1n el superior provincial, P. Osv\u00e2nio Humberto Mariano, SS.CC., y el vicepostulador de la Causa del Padre Eust\u00e1quio, P. Vin\u00edcius Maciel, SS.CC.<\/p>\n<p>Un aspecto fundamental de la Congregaci\u00f3n de los Sagrados Corazones es que es una sola familia de hermanos y hermanas, a la que se asocian la espiritualidad y la misi\u00f3n laical. En este contexto, y al mismo tiempo que las religiosas, las monjas de los SS.CC. tambi\u00e9n celebraron en Roma el 37.\u00ba Cap\u00edtulo General de las Hermanas, bajo el lema \u201cCaminando juntas en fidelidad y esperanza\u201d. Durante su desarrollo...<\/p>\n<p>&nbsp;<\/p>","protected":false},"excerpt":{"rendered":"<p>O atual Superior Geral, Alberto Toutin, SS.CC, foi reeleito, nessa segunda-feira, dia 16 de setembro, para mais um mandato \u00e0 frente da Congrega\u00e7\u00e3o dos Sagrados Cora\u00e7\u00f5es. A reelei\u00e7\u00e3o foi realizada durante o 40\u00ba Cap\u00edtulo Geral que acontece at\u00e9 o fim desta semana em Roma, na It\u00e1lia. Al\u00e9m de Pe. Alberto Toutin, SS.CC, no dia 17 foram eleitos os membros do Conselho Geral: Fernando Cordero, Jean Blaise Mwanda, Stephen Banjare e Enrique Ram\u00edrez. O Cap\u00edtulo Geral, que re\u00fane cerca de 80 representantes dos Sagrados Cora\u00e7\u00f5es no mundo todo, tamb\u00e9m teve a elei\u00e7\u00e3o das Irm\u00e3s:\u00a0Patricia Villarroel, Noem\u00ed Garc\u00eda, Susana Villarreal\u00a0e Pushpa Rani. [&hellip;]<\/p>\n","protected":false},"author":2,"featured_media":11609,"comment_status":"open","ping_status":"closed","sticky":false,"template":"","format":"standard","meta":{"_acf_changed":false,"footnotes":""},"categories":[611],"tags":[],"class_list":["post-11608","post","type-post","status-publish","format-standard","has-post-thumbnail","hentry","category-noticias"],"acf":[],"yoast_head":"<!-- This site is optimized with the Yoast SEO plugin v27.2 - https:\/\/yoast.com\/product\/yoast-seo-wordpress\/ -->\n<title>Governo Geral dos Sagrados Cora\u00e7\u00f5es \u00e9 reeleito em Cap\u00edtulo realizado em Roma, It\u00e1lia<\/title>\n<meta name=\"description\" content=\"O atual Superior Geral, Alberto Toutin, SS.CC, foi reeleito, nessa segunda-feira, dia 16 de setembro, para mais um mandato \u00e0 frente da Congrega\u00e7\u00e3o dos Sagrados Cora\u00e7\u00f5es. A reelei\u00e7\u00e3o foi realizada durante o 40\u00ba Cap\u00edtulo Geral que acontece at\u00e9 o fim desta semana em Roma, na It\u00e1lia.\" \/>\n<meta name=\"robots\" content=\"index, follow, max-snippet:-1, max-image-preview:large, max-video-preview:-1\" \/>\n<link rel=\"canonical\" href=\"https:\/\/www.padreeustaquio.com.br\/es\/el-gobierno-general-de-los-sagrados-corazones-fue-reelegido-en-un-capitulo-celebrado-en-roma-italia\/\" \/>\n<meta property=\"og:locale\" content=\"es_ES\" \/>\n<meta property=\"og:type\" content=\"article\" \/>\n<meta property=\"og:title\" content=\"Governo Geral dos Sagrados Cora\u00e7\u00f5es \u00e9 reeleito em Cap\u00edtulo realizado em Roma, It\u00e1lia\" \/>\n<meta property=\"og:description\" content=\"O atual Superior Geral, Alberto Toutin, SS.CC, foi reeleito, nessa segunda-feira, dia 16 de setembro, para mais um mandato \u00e0 frente da Congrega\u00e7\u00e3o dos Sagrados Cora\u00e7\u00f5es. A reelei\u00e7\u00e3o foi realizada durante o 40\u00ba Cap\u00edtulo Geral que acontece at\u00e9 o fim desta semana em Roma, na It\u00e1lia.\" \/>\n<meta property=\"og:url\" content=\"https:\/\/www.padreeustaquio.com.br\/es\/el-gobierno-general-de-los-sagrados-corazones-fue-reelegido-en-un-capitulo-celebrado-en-roma-italia\/\" \/>\n<meta property=\"og:site_name\" content=\"Padre Eust\u00e1quio\" \/>\n<meta property=\"article:publisher\" content=\"https:\/\/www.facebook.com\/beatopadreeustaquio\/\" \/>\n<meta property=\"article:published_time\" content=\"2024-09-18T15:25:00+00:00\" \/>\n<meta property=\"og:image\" content=\"https:\/\/www.padreeustaquio.com.br\/wp-content\/uploads\/2024\/09\/reeleicao-dos-governos-gerais-irmaos-e-irmas-SSCC.jpeg\" \/>\n\t<meta property=\"og:image:width\" content=\"2048\" \/>\n\t<meta property=\"og:image:height\" content=\"1536\" \/>\n\t<meta property=\"og:image:type\" content=\"image\/jpeg\" \/>\n<meta name=\"author\" content=\"@sscc\" \/>\n<meta name=\"twitter:card\" content=\"summary_large_image\" \/>\n<meta name=\"twitter:creator\" content=\"@beatopeustaquio\" \/>\n<meta name=\"twitter:site\" content=\"@beatopeustaquio\" \/>\n<meta name=\"twitter:label1\" content=\"Escrito por\" \/>\n\t<meta name=\"twitter:data1\" content=\"@sscc\" \/>\n\t<meta name=\"twitter:label2\" content=\"Tiempo de lectura\" \/>\n\t<meta name=\"twitter:data2\" content=\"3 minutos\" \/>\n<script type=\"application\/ld+json\" class=\"yoast-schema-graph\">{\"@context\":\"https:\/\/schema.org\",\"@graph\":[{\"@type\":\"Article\",\"@id\":\"https:\/\/www.padreeustaquio.com.br\/governo-geral-dos-sagrados-coracoes-e-reeleito-em-capitulo-realizado-em-roma-italia\/#article\",\"isPartOf\":{\"@id\":\"https:\/\/www.padreeustaquio.com.br\/governo-geral-dos-sagrados-coracoes-e-reeleito-em-capitulo-realizado-em-roma-italia\/\"},\"author\":{\"name\":\"@sscc\",\"@id\":\"https:\/\/www.padreeustaquio.com.br\/#\/schema\/person\/a2a51db1d00f1a7af0204a0f1ddb1566\"},\"headline\":\"Governo Geral dos Sagrados Cora\u00e7\u00f5es \u00e9 reeleito em Cap\u00edtulo realizado em Roma, It\u00e1lia\",\"datePublished\":\"2024-09-18T15:25:00+00:00\",\"mainEntityOfPage\":{\"@id\":\"https:\/\/www.padreeustaquio.com.br\/governo-geral-dos-sagrados-coracoes-e-reeleito-em-capitulo-realizado-em-roma-italia\/\"},\"wordCount\":364,\"commentCount\":0,\"publisher\":{\"@id\":\"https:\/\/www.padreeustaquio.com.br\/#organization\"},\"image\":{\"@id\":\"https:\/\/www.padreeustaquio.com.br\/governo-geral-dos-sagrados-coracoes-e-reeleito-em-capitulo-realizado-em-roma-italia\/#primaryimage\"},\"thumbnailUrl\":\"https:\/\/www.padreeustaquio.com.br\/wp-content\/uploads\/2024\/09\/reeleicao-dos-governos-gerais-irmaos-e-irmas-SSCC.jpeg\",\"articleSection\":[\"Not\u00edcias\"],\"inLanguage\":\"es\",\"potentialAction\":[{\"@type\":\"CommentAction\",\"name\":\"Comment\",\"target\":[\"https:\/\/www.padreeustaquio.com.br\/governo-geral-dos-sagrados-coracoes-e-reeleito-em-capitulo-realizado-em-roma-italia\/#respond\"]}]},{\"@type\":\"WebPage\",\"@id\":\"https:\/\/www.padreeustaquio.com.br\/governo-geral-dos-sagrados-coracoes-e-reeleito-em-capitulo-realizado-em-roma-italia\/\",\"url\":\"https:\/\/www.padreeustaquio.com.br\/governo-geral-dos-sagrados-coracoes-e-reeleito-em-capitulo-realizado-em-roma-italia\/\",\"name\":\"Governo Geral dos Sagrados Cora\u00e7\u00f5es \u00e9 reeleito em Cap\u00edtulo realizado em Roma, It\u00e1lia\",\"isPartOf\":{\"@id\":\"https:\/\/www.padreeustaquio.com.br\/#website\"},\"primaryImageOfPage\":{\"@id\":\"https:\/\/www.padreeustaquio.com.br\/governo-geral-dos-sagrados-coracoes-e-reeleito-em-capitulo-realizado-em-roma-italia\/#primaryimage\"},\"image\":{\"@id\":\"https:\/\/www.padreeustaquio.com.br\/governo-geral-dos-sagrados-coracoes-e-reeleito-em-capitulo-realizado-em-roma-italia\/#primaryimage\"},\"thumbnailUrl\":\"https:\/\/www.padreeustaquio.com.br\/wp-content\/uploads\/2024\/09\/reeleicao-dos-governos-gerais-irmaos-e-irmas-SSCC.jpeg\",\"datePublished\":\"2024-09-18T15:25:00+00:00\",\"description\":\"O atual Superior Geral, Alberto Toutin, SS.CC, foi reeleito, nessa segunda-feira, dia 16 de setembro, para mais um mandato \u00e0 frente da Congrega\u00e7\u00e3o dos Sagrados Cora\u00e7\u00f5es. A reelei\u00e7\u00e3o foi realizada durante o 40\u00ba Cap\u00edtulo Geral que acontece at\u00e9 o fim desta semana em Roma, na It\u00e1lia.\",\"breadcrumb\":{\"@id\":\"https:\/\/www.padreeustaquio.com.br\/governo-geral-dos-sagrados-coracoes-e-reeleito-em-capitulo-realizado-em-roma-italia\/#breadcrumb\"},\"inLanguage\":\"es\",\"potentialAction\":[{\"@type\":\"ReadAction\",\"target\":[\"https:\/\/www.padreeustaquio.com.br\/governo-geral-dos-sagrados-coracoes-e-reeleito-em-capitulo-realizado-em-roma-italia\/\"]}]},{\"@type\":\"ImageObject\",\"inLanguage\":\"es\",\"@id\":\"https:\/\/www.padreeustaquio.com.br\/governo-geral-dos-sagrados-coracoes-e-reeleito-em-capitulo-realizado-em-roma-italia\/#primaryimage\",\"url\":\"https:\/\/www.padreeustaquio.com.br\/wp-content\/uploads\/2024\/09\/reeleicao-dos-governos-gerais-irmaos-e-irmas-SSCC.jpeg\",\"contentUrl\":\"https:\/\/www.padreeustaquio.com.br\/wp-content\/uploads\/2024\/09\/reeleicao-dos-governos-gerais-irmaos-e-irmas-SSCC.jpeg\",\"width\":2048,\"height\":1536},{\"@type\":\"BreadcrumbList\",\"@id\":\"https:\/\/www.padreeustaquio.com.br\/governo-geral-dos-sagrados-coracoes-e-reeleito-em-capitulo-realizado-em-roma-italia\/#breadcrumb\",\"itemListElement\":[{\"@type\":\"ListItem\",\"position\":1,\"name\":\"In\u00edcio\",\"item\":\"https:\/\/www.padreeustaquio.com.br\/\"},{\"@type\":\"ListItem\",\"position\":2,\"name\":\"Governo Geral dos Sagrados Cora\u00e7\u00f5es \u00e9 reeleito em Cap\u00edtulo realizado em Roma, It\u00e1lia\"}]},{\"@type\":\"WebSite\",\"@id\":\"https:\/\/www.padreeustaquio.com.br\/#website\",\"url\":\"https:\/\/www.padreeustaquio.com.br\/\",\"name\":\"Padre Eust\u00e1quio\",\"description\":\"Sa\u00fade e Paz\",\"publisher\":{\"@id\":\"https:\/\/www.padreeustaquio.com.br\/#organization\"},\"potentialAction\":[{\"@type\":\"SearchAction\",\"target\":{\"@type\":\"EntryPoint\",\"urlTemplate\":\"https:\/\/www.padreeustaquio.com.br\/?s={search_term_string}\"},\"query-input\":{\"@type\":\"PropertyValueSpecification\",\"valueRequired\":true,\"valueName\":\"search_term_string\"}}],\"inLanguage\":\"es\"},{\"@type\":\"Organization\",\"@id\":\"https:\/\/www.padreeustaquio.com.br\/#organization\",\"name\":\"Padre Eust\u00e1quio\",\"url\":\"https:\/\/www.padreeustaquio.com.br\/\",\"logo\":{\"@type\":\"ImageObject\",\"inLanguage\":\"es\",\"@id\":\"https:\/\/www.padreeustaquio.com.br\/#\/schema\/logo\/image\/\",\"url\":\"https:\/\/www.padreeustaquio.com.br\/wp-content\/uploads\/2019\/08\/marca.png\",\"contentUrl\":\"https:\/\/www.padreeustaquio.com.br\/wp-content\/uploads\/2019\/08\/marca.png\",\"width\":350,\"height\":400,\"caption\":\"Padre Eust\u00e1quio\"},\"image\":{\"@id\":\"https:\/\/www.padreeustaquio.com.br\/#\/schema\/logo\/image\/\"},\"sameAs\":[\"https:\/\/www.facebook.com\/beatopadreeustaquio\/\",\"https:\/\/x.com\/beatopeustaquio\",\"https:\/\/www.instagram.com\/beatopadreeustaquio\/\",\"https:\/\/www.youtube.com\/channel\/UCRhw7vfabnajwLxb1ZXMeIw\"]},{\"@type\":\"Person\",\"@id\":\"https:\/\/www.padreeustaquio.com.br\/#\/schema\/person\/a2a51db1d00f1a7af0204a0f1ddb1566\",\"name\":\"@sscc\",\"image\":{\"@type\":\"ImageObject\",\"inLanguage\":\"es\",\"@id\":\"https:\/\/secure.gravatar.com\/avatar\/68cfafa5f44617fea54071e215026e0ff06be366c3d54a8425f04fdcb86f8c5f?s=96&d=mm&r=g\",\"url\":\"https:\/\/secure.gravatar.com\/avatar\/68cfafa5f44617fea54071e215026e0ff06be366c3d54a8425f04fdcb86f8c5f?s=96&d=mm&r=g\",\"contentUrl\":\"https:\/\/secure.gravatar.com\/avatar\/68cfafa5f44617fea54071e215026e0ff06be366c3d54a8425f04fdcb86f8c5f?s=96&d=mm&r=g\",\"caption\":\"@sscc\"},\"url\":\"https:\/\/www.padreeustaquio.com.br\/es\/author\/sscc\/\"}]}<\/script>\n<!-- \/ Yoast SEO plugin. -->","yoast_head_json":{"title":"El Gobierno General de los Sagrados Corazones es reelegido en un Cap\u00edtulo celebrado en Roma, Italia.","description":"El actual Superior General, Alberto Toutin, SS.CC., fue reelegido el lunes 16 de septiembre para un nuevo mandato al frente de la Congregaci\u00f3n de los Sagrados Corazones. La reelecci\u00f3n tuvo lugar durante el 40.\u00ba Cap\u00edtulo General, que se celebra hasta finales de esta semana en Roma, Italia.","robots":{"index":"index","follow":"follow","max-snippet":"max-snippet:-1","max-image-preview":"max-image-preview:large","max-video-preview":"max-video-preview:-1"},"canonical":"https:\/\/www.padreeustaquio.com.br\/es\/el-gobierno-general-de-los-sagrados-corazones-fue-reelegido-en-un-capitulo-celebrado-en-roma-italia\/","og_locale":"es_ES","og_type":"article","og_title":"Governo Geral dos Sagrados Cora\u00e7\u00f5es \u00e9 reeleito em Cap\u00edtulo realizado em Roma, It\u00e1lia","og_description":"O atual Superior Geral, Alberto Toutin, SS.CC, foi reeleito, nessa segunda-feira, dia 16 de setembro, para mais um mandato \u00e0 frente da Congrega\u00e7\u00e3o dos Sagrados Cora\u00e7\u00f5es. A reelei\u00e7\u00e3o foi realizada durante o 40\u00ba Cap\u00edtulo Geral que acontece at\u00e9 o fim desta semana em Roma, na It\u00e1lia.","og_url":"https:\/\/www.padreeustaquio.com.br\/es\/el-gobierno-general-de-los-sagrados-corazones-fue-reelegido-en-un-capitulo-celebrado-en-roma-italia\/","og_site_name":"Padre Eust\u00e1quio","article_publisher":"https:\/\/www.facebook.com\/beatopadreeustaquio\/","article_published_time":"2024-09-18T15:25:00+00:00","og_image":[{"width":2048,"height":1536,"url":"https:\/\/www.padreeustaquio.com.br\/wp-content\/uploads\/2024\/09\/reeleicao-dos-governos-gerais-irmaos-e-irmas-SSCC.jpeg","type":"image\/jpeg"}],"author":"@sscc","twitter_card":"summary_large_image","twitter_creator":"@beatopeustaquio","twitter_site":"@beatopeustaquio","twitter_misc":{"Escrito por":"@sscc","Tiempo de lectura":"3 minutos"},"schema":{"@context":"https:\/\/schema.org","@graph":[{"@type":"Article","@id":"https:\/\/www.padreeustaquio.com.br\/governo-geral-dos-sagrados-coracoes-e-reeleito-em-capitulo-realizado-em-roma-italia\/#article","isPartOf":{"@id":"https:\/\/www.padreeustaquio.com.br\/governo-geral-dos-sagrados-coracoes-e-reeleito-em-capitulo-realizado-em-roma-italia\/"},"author":{"name":"@sscc","@id":"https:\/\/www.padreeustaquio.com.br\/#\/schema\/person\/a2a51db1d00f1a7af0204a0f1ddb1566"},"headline":"Governo Geral dos Sagrados Cora\u00e7\u00f5es \u00e9 reeleito em Cap\u00edtulo realizado em Roma, It\u00e1lia","datePublished":"2024-09-18T15:25:00+00:00","mainEntityOfPage":{"@id":"https:\/\/www.padreeustaquio.com.br\/governo-geral-dos-sagrados-coracoes-e-reeleito-em-capitulo-realizado-em-roma-italia\/"},"wordCount":364,"commentCount":0,"publisher":{"@id":"https:\/\/www.padreeustaquio.com.br\/#organization"},"image":{"@id":"https:\/\/www.padreeustaquio.com.br\/governo-geral-dos-sagrados-coracoes-e-reeleito-em-capitulo-realizado-em-roma-italia\/#primaryimage"},"thumbnailUrl":"https:\/\/www.padreeustaquio.com.br\/wp-content\/uploads\/2024\/09\/reeleicao-dos-governos-gerais-irmaos-e-irmas-SSCC.jpeg","articleSection":["Not\u00edcias"],"inLanguage":"es","potentialAction":[{"@type":"CommentAction","name":"Comment","target":["https:\/\/www.padreeustaquio.com.br\/governo-geral-dos-sagrados-coracoes-e-reeleito-em-capitulo-realizado-em-roma-italia\/#respond"]}]},{"@type":"WebPage","@id":"https:\/\/www.padreeustaquio.com.br\/governo-geral-dos-sagrados-coracoes-e-reeleito-em-capitulo-realizado-em-roma-italia\/","url":"https:\/\/www.padreeustaquio.com.br\/governo-geral-dos-sagrados-coracoes-e-reeleito-em-capitulo-realizado-em-roma-italia\/","name":"El Gobierno General de los Sagrados Corazones es reelegido en un Cap\u00edtulo celebrado en Roma, Italia.","isPartOf":{"@id":"https:\/\/www.padreeustaquio.com.br\/#website"},"primaryImageOfPage":{"@id":"https:\/\/www.padreeustaquio.com.br\/governo-geral-dos-sagrados-coracoes-e-reeleito-em-capitulo-realizado-em-roma-italia\/#primaryimage"},"image":{"@id":"https:\/\/www.padreeustaquio.com.br\/governo-geral-dos-sagrados-coracoes-e-reeleito-em-capitulo-realizado-em-roma-italia\/#primaryimage"},"thumbnailUrl":"https:\/\/www.padreeustaquio.com.br\/wp-content\/uploads\/2024\/09\/reeleicao-dos-governos-gerais-irmaos-e-irmas-SSCC.jpeg","datePublished":"2024-09-18T15:25:00+00:00","description":"El actual Superior General, Alberto Toutin, SS.CC., fue reelegido el lunes 16 de septiembre para un nuevo mandato al frente de la Congregaci\u00f3n de los Sagrados Corazones. La reelecci\u00f3n tuvo lugar durante el 40.\u00ba Cap\u00edtulo General, que se celebra hasta finales de esta semana en Roma, Italia.","breadcrumb":{"@id":"https:\/\/www.padreeustaquio.com.br\/governo-geral-dos-sagrados-coracoes-e-reeleito-em-capitulo-realizado-em-roma-italia\/#breadcrumb"},"inLanguage":"es","potentialAction":[{"@type":"ReadAction","target":["https:\/\/www.padreeustaquio.com.br\/governo-geral-dos-sagrados-coracoes-e-reeleito-em-capitulo-realizado-em-roma-italia\/"]}]},{"@type":"ImageObject","inLanguage":"es","@id":"https:\/\/www.padreeustaquio.com.br\/governo-geral-dos-sagrados-coracoes-e-reeleito-em-capitulo-realizado-em-roma-italia\/#primaryimage","url":"https:\/\/www.padreeustaquio.com.br\/wp-content\/uploads\/2024\/09\/reeleicao-dos-governos-gerais-irmaos-e-irmas-SSCC.jpeg","contentUrl":"https:\/\/www.padreeustaquio.com.br\/wp-content\/uploads\/2024\/09\/reeleicao-dos-governos-gerais-irmaos-e-irmas-SSCC.jpeg","width":2048,"height":1536},{"@type":"BreadcrumbList","@id":"https:\/\/www.padreeustaquio.com.br\/governo-geral-dos-sagrados-coracoes-e-reeleito-em-capitulo-realizado-em-roma-italia\/#breadcrumb","itemListElement":[{"@type":"ListItem","position":1,"name":"In\u00edcio","item":"https:\/\/www.padreeustaquio.com.br\/"},{"@type":"ListItem","position":2,"name":"Governo Geral dos Sagrados Cora\u00e7\u00f5es \u00e9 reeleito em Cap\u00edtulo realizado em Roma, It\u00e1lia"}]},{"@type":"WebSite","@id":"https:\/\/www.padreeustaquio.com.br\/#website","url":"https:\/\/www.padreeustaquio.com.br\/","name":"Padre Eustace","description":"Salud y Paz","publisher":{"@id":"https:\/\/www.padreeustaquio.com.br\/#organization"},"potentialAction":[{"@type":"SearchAction","target":{"@type":"EntryPoint","urlTemplate":"https:\/\/www.padreeustaquio.com.br\/?s={search_term_string}"},"query-input":{"@type":"PropertyValueSpecification","valueRequired":true,"valueName":"search_term_string"}}],"inLanguage":"es"},{"@type":"Organization","@id":"https:\/\/www.padreeustaquio.com.br\/#organization","name":"Padre Eustace","url":"https:\/\/www.padreeustaquio.com.br\/","logo":{"@type":"ImageObject","inLanguage":"es","@id":"https:\/\/www.padreeustaquio.com.br\/#\/schema\/logo\/image\/","url":"https:\/\/www.padreeustaquio.com.br\/wp-content\/uploads\/2019\/08\/marca.png","contentUrl":"https:\/\/www.padreeustaquio.com.br\/wp-content\/uploads\/2019\/08\/marca.png","width":350,"height":400,"caption":"Padre Eust\u00e1quio"},"image":{"@id":"https:\/\/www.padreeustaquio.com.br\/#\/schema\/logo\/image\/"},"sameAs":["https:\/\/www.facebook.com\/beatopadreeustaquio\/","https:\/\/x.com\/beatopeustaquio","https:\/\/www.instagram.com\/beatopadreeustaquio\/","https:\/\/www.youtube.com\/channel\/UCRhw7vfabnajwLxb1ZXMeIw"]},{"@type":"Person","@id":"https:\/\/www.padreeustaquio.com.br\/#\/schema\/person\/a2a51db1d00f1a7af0204a0f1ddb1566","name":"@sscc","image":{"@type":"ImageObject","inLanguage":"es","@id":"https:\/\/secure.gravatar.com\/avatar\/68cfafa5f44617fea54071e215026e0ff06be366c3d54a8425f04fdcb86f8c5f?s=96&d=mm&r=g","url":"https:\/\/secure.gravatar.com\/avatar\/68cfafa5f44617fea54071e215026e0ff06be366c3d54a8425f04fdcb86f8c5f?s=96&d=mm&r=g","contentUrl":"https:\/\/secure.gravatar.com\/avatar\/68cfafa5f44617fea54071e215026e0ff06be366c3d54a8425f04fdcb86f8c5f?s=96&d=mm&r=g","caption":"@sscc"},"url":"https:\/\/www.padreeustaquio.com.br\/es\/author\/sscc\/"}]}},"_links":{"self":[{"href":"https:\/\/www.padreeustaquio.com.br\/es\/wp-json\/wp\/v2\/posts\/11608","targetHints":{"allow":["GET"]}}],"collection":[{"href":"https:\/\/www.padreeustaquio.com.br\/es\/wp-json\/wp\/v2\/posts"}],"about":[{"href":"https:\/\/www.padreeustaquio.com.br\/es\/wp-json\/wp\/v2\/types\/post"}],"author":[{"embeddable":true,"href":"https:\/\/www.padreeustaquio.com.br\/es\/wp-json\/wp\/v2\/users\/2"}],"replies":[{"embeddable":true,"href":"https:\/\/www.padreeustaquio.com.br\/es\/wp-json\/wp\/v2\/comments?post=11608"}],"version-history":[{"count":0,"href":"https:\/\/www.padreeustaquio.com.br\/es\/wp-json\/wp\/v2\/posts\/11608\/revisions"}],"wp:featuredmedia":[{"embeddable":true,"href":"https:\/\/www.padreeustaquio.com.br\/es\/wp-json\/wp\/v2\/media\/11609"}],"wp:attachment":[{"href":"https:\/\/www.padreeustaquio.com.br\/es\/wp-json\/wp\/v2\/media?parent=11608"}],"wp:term":[{"taxonomy":"category","embeddable":true,"href":"https:\/\/www.padreeustaquio.com.br\/es\/wp-json\/wp\/v2\/categories?post=11608"},{"taxonomy":"post_tag","embeddable":true,"href":"https:\/\/www.padreeustaquio.com.br\/es\/wp-json\/wp\/v2\/tags?post=11608"}],"curies":[{"name":"wp","href":"https:\/\/api.w.org\/{rel}","templated":true}]}}