{"id":11600,"date":"2024-09-10T20:32:33","date_gmt":"2024-09-10T23:32:33","guid":{"rendered":"https:\/\/www.padreeustaquio.com.br\/?p=11600"},"modified":"2024-09-10T20:43:47","modified_gmt":"2024-09-10T23:43:47","slug":"parroquia-del-beato-padre-eustace-anuncia-proyecto-de-iglesia-en-guarapari-es","status":"publish","type":"post","link":"https:\/\/www.padreeustaquio.com.br\/es\/parroquia-del-beato-padre-eustace-anuncia-proyecto-de-iglesia-en-guarapari-es\/","title":{"rendered":"Parroquia Beato Padre Eustace anuncia proyecto de iglesia en Guarapari-ES"},"content":{"rendered":"<p>A <a href=\"https:\/\/www.instagram.com\/pbapeg\/\">Parroquia del Beato Padre Eustaquio<\/a>, La iglesia, ubicada en el barrio Olaria en Guarapari, Esp\u00edrito Santo, estren\u00f3 recientemente un proyecto que tiene como objetivo acoger un mayor n\u00famero de fieles y proporcionar un ambiente m\u00e1s c\u00f3modo y accesible para la comunidad.<\/p>\n<p><img fetchpriority=\"high\" decoding=\"async\" class=\"size-medium wp-image-11602 alignleft\" src=\"https:\/\/www.padreeustaquio.com.br\/wp-content\/uploads\/2024\/09\/bape-guarapari-3-300x169.jpeg\" alt=\"\" width=\"300\" height=\"169\" srcset=\"https:\/\/www.padreeustaquio.com.br\/wp-content\/uploads\/2024\/09\/bape-guarapari-3-300x169.jpeg 300w, https:\/\/www.padreeustaquio.com.br\/wp-content\/uploads\/2024\/09\/bape-guarapari-3-1024x576.jpeg 1024w, https:\/\/www.padreeustaquio.com.br\/wp-content\/uploads\/2024\/09\/bape-guarapari-3-768x432.jpeg 768w, https:\/\/www.padreeustaquio.com.br\/wp-content\/uploads\/2024\/09\/bape-guarapari-3-400x225.jpeg 400w, https:\/\/www.padreeustaquio.com.br\/wp-content\/uploads\/2024\/09\/bape-guarapari-3-600x338.jpeg 600w, https:\/\/www.padreeustaquio.com.br\/wp-content\/uploads\/2024\/09\/bape-guarapari-3-800x450.jpeg 800w, https:\/\/www.padreeustaquio.com.br\/wp-content\/uploads\/2024\/09\/bape-guarapari-3-1200x675.jpeg 1200w, https:\/\/www.padreeustaquio.com.br\/wp-content\/uploads\/2024\/09\/bape-guarapari-3.jpeg 1280w\" sizes=\"(max-width: 300px) 100vw, 300px\" \/>Este proyecto tiene como objetivo construir la Iglesia de San Expedito. Se espera que sea la iglesia m\u00e1s grande de la parroquia del Beato Padre Eustaquio, con capacidad para aproximadamente 300 personas sentadas.<\/p>\n<p>La comunidad est\u00e1 entusiasmada con esta nueva etapa, que refuerza el compromiso de seguir las ense\u00f1anzas y el legado del sacerdote, promoviendo \u201cSalud y Paz\u201d en la vida de los feligreses y la ciudad.<\/p>\n<p><img decoding=\"async\" class=\"size-medium wp-image-11603 alignright\" src=\"https:\/\/www.padreeustaquio.com.br\/wp-content\/uploads\/2024\/09\/bape-guarapari-2-300x140.jpeg\" alt=\"\" width=\"300\" height=\"140\" srcset=\"https:\/\/www.padreeustaquio.com.br\/wp-content\/uploads\/2024\/09\/bape-guarapari-2-300x140.jpeg 300w, https:\/\/www.padreeustaquio.com.br\/wp-content\/uploads\/2024\/09\/bape-guarapari-2-1024x478.jpeg 1024w, https:\/\/www.padreeustaquio.com.br\/wp-content\/uploads\/2024\/09\/bape-guarapari-2-768x358.jpeg 768w, https:\/\/www.padreeustaquio.com.br\/wp-content\/uploads\/2024\/09\/bape-guarapari-2.jpeg 1280w\" sizes=\"(max-width: 300px) 100vw, 300px\" \/>La participaci\u00f3n de los feligreses en actividades de recaudaci\u00f3n de fondos, como festivales, eventos y donaciones, tambi\u00e9n ha sido fomentada por el liderazgo parroquial, con el prop\u00f3sito de unir a la comunidad en torno a esta misi\u00f3n.<\/p>","protected":false},"excerpt":{"rendered":"<p>A Par\u00f3quia Bem-aventurado Padre Eust\u00e1quio, localizada no bairro Olaria em Guarapari, Esp\u00edrito Santo, recentemente divulgou o projeto da igreja local, voltado para acolher um n\u00famero maior de fi\u00e9is e proporcionar um ambiente mais confort\u00e1vel e acess\u00edvel para a comunidade. Esse projeto tem como objetivo construir a Igreja de Santo Expedito. A expectativa \u00e9 que ela seja o maior templo da par\u00f3quia Bem-Aventurado Padre Eust\u00e1quio, abrigando cerca de 300 pessoas sentadas. A comunidade est\u00e1 entusiasmada com essa nova fase, que refor\u00e7a o compromisso de seguir os ensinamentos e o legado do padre, promovendo &#8220;Sa\u00fade e Paz&#8221; na vida dos paroquianos e [&hellip;]<\/p>\n","protected":false},"author":2,"featured_media":11601,"comment_status":"open","ping_status":"closed","sticky":false,"template":"","format":"standard","meta":{"_acf_changed":false,"footnotes":""},"categories":[611],"tags":[],"class_list":["post-11600","post","type-post","status-publish","format-standard","has-post-thumbnail","hentry","category-noticias"],"acf":[],"yoast_head":"<!-- This site is optimized with the Yoast SEO plugin v27.2 - https:\/\/yoast.com\/product\/yoast-seo-wordpress\/ -->\n<title>Par\u00f3quia Bem-aventurado Padre Eust\u00e1quio divulga projeto de Igreja em Guarapari-ES<\/title>\n<meta name=\"description\" content=\"A Par\u00f3quia Bem-aventurado Padre Eust\u00e1quio, localizada em Guarapari, Esp\u00edrito Santo, recentemente divulgou o projeto da igreja local, voltado para acolher um n\u00famero maior de fi\u00e9is e proporcionar um ambiente mais confort\u00e1vel e acess\u00edvel para a comunidade.\" \/>\n<meta name=\"robots\" content=\"index, follow, max-snippet:-1, max-image-preview:large, max-video-preview:-1\" \/>\n<link rel=\"canonical\" href=\"https:\/\/www.padreeustaquio.com.br\/es\/parroquia-del-beato-padre-eustace-anuncia-proyecto-de-iglesia-en-guarapari-es\/\" \/>\n<meta property=\"og:locale\" content=\"es_ES\" \/>\n<meta property=\"og:type\" content=\"article\" \/>\n<meta property=\"og:title\" content=\"Par\u00f3quia Bem-aventurado Padre Eust\u00e1quio divulga projeto de Igreja em Guarapari-ES\" \/>\n<meta property=\"og:description\" content=\"A Par\u00f3quia Bem-aventurado Padre Eust\u00e1quio, localizada em Guarapari, Esp\u00edrito Santo, recentemente divulgou o projeto da igreja local, voltado para acolher um n\u00famero maior de fi\u00e9is e proporcionar um ambiente mais confort\u00e1vel e acess\u00edvel para a comunidade.\" \/>\n<meta property=\"og:url\" content=\"https:\/\/www.padreeustaquio.com.br\/es\/parroquia-del-beato-padre-eustace-anuncia-proyecto-de-iglesia-en-guarapari-es\/\" \/>\n<meta property=\"og:site_name\" content=\"Padre Eust\u00e1quio\" \/>\n<meta property=\"article:publisher\" content=\"https:\/\/www.facebook.com\/beatopadreeustaquio\/\" \/>\n<meta property=\"article:published_time\" content=\"2024-09-10T23:32:33+00:00\" \/>\n<meta property=\"article:modified_time\" content=\"2024-09-10T23:43:47+00:00\" \/>\n<meta property=\"og:image\" content=\"https:\/\/www.padreeustaquio.com.br\/wp-content\/uploads\/2024\/09\/bape-guarapari-1.jpeg\" \/>\n\t<meta property=\"og:image:width\" content=\"1280\" \/>\n\t<meta property=\"og:image:height\" content=\"720\" \/>\n\t<meta property=\"og:image:type\" content=\"image\/jpeg\" \/>\n<meta name=\"author\" content=\"@sscc\" \/>\n<meta name=\"twitter:card\" content=\"summary_large_image\" \/>\n<meta name=\"twitter:creator\" content=\"@beatopeustaquio\" \/>\n<meta name=\"twitter:site\" content=\"@beatopeustaquio\" \/>\n<meta name=\"twitter:label1\" content=\"Escrito por\" \/>\n\t<meta name=\"twitter:data1\" content=\"@sscc\" \/>\n\t<meta name=\"twitter:label2\" content=\"Tiempo de lectura\" \/>\n\t<meta name=\"twitter:data2\" content=\"2 minutos\" \/>\n<script type=\"application\/ld+json\" class=\"yoast-schema-graph\">{\"@context\":\"https:\/\/schema.org\",\"@graph\":[{\"@type\":\"Article\",\"@id\":\"https:\/\/www.padreeustaquio.com.br\/paroquia-bem-aventurado-padre-eustaquio-divulga-projeto-de-igreja-em-guarapari-es\/#article\",\"isPartOf\":{\"@id\":\"https:\/\/www.padreeustaquio.com.br\/paroquia-bem-aventurado-padre-eustaquio-divulga-projeto-de-igreja-em-guarapari-es\/\"},\"author\":{\"name\":\"@sscc\",\"@id\":\"https:\/\/www.padreeustaquio.com.br\/#\/schema\/person\/a2a51db1d00f1a7af0204a0f1ddb1566\"},\"headline\":\"Par\u00f3quia Bem-aventurado Padre Eust\u00e1quio divulga projeto de Igreja em Guarapari-ES\",\"datePublished\":\"2024-09-10T23:32:33+00:00\",\"dateModified\":\"2024-09-10T23:43:47+00:00\",\"mainEntityOfPage\":{\"@id\":\"https:\/\/www.padreeustaquio.com.br\/paroquia-bem-aventurado-padre-eustaquio-divulga-projeto-de-igreja-em-guarapari-es\/\"},\"wordCount\":163,\"commentCount\":0,\"publisher\":{\"@id\":\"https:\/\/www.padreeustaquio.com.br\/#organization\"},\"image\":{\"@id\":\"https:\/\/www.padreeustaquio.com.br\/paroquia-bem-aventurado-padre-eustaquio-divulga-projeto-de-igreja-em-guarapari-es\/#primaryimage\"},\"thumbnailUrl\":\"https:\/\/www.padreeustaquio.com.br\/wp-content\/uploads\/2024\/09\/bape-guarapari-1.jpeg\",\"articleSection\":[\"Not\u00edcias\"],\"inLanguage\":\"es\",\"potentialAction\":[{\"@type\":\"CommentAction\",\"name\":\"Comment\",\"target\":[\"https:\/\/www.padreeustaquio.com.br\/paroquia-bem-aventurado-padre-eustaquio-divulga-projeto-de-igreja-em-guarapari-es\/#respond\"]}]},{\"@type\":\"WebPage\",\"@id\":\"https:\/\/www.padreeustaquio.com.br\/paroquia-bem-aventurado-padre-eustaquio-divulga-projeto-de-igreja-em-guarapari-es\/\",\"url\":\"https:\/\/www.padreeustaquio.com.br\/paroquia-bem-aventurado-padre-eustaquio-divulga-projeto-de-igreja-em-guarapari-es\/\",\"name\":\"Par\u00f3quia Bem-aventurado Padre Eust\u00e1quio divulga projeto de Igreja em Guarapari-ES\",\"isPartOf\":{\"@id\":\"https:\/\/www.padreeustaquio.com.br\/#website\"},\"primaryImageOfPage\":{\"@id\":\"https:\/\/www.padreeustaquio.com.br\/paroquia-bem-aventurado-padre-eustaquio-divulga-projeto-de-igreja-em-guarapari-es\/#primaryimage\"},\"image\":{\"@id\":\"https:\/\/www.padreeustaquio.com.br\/paroquia-bem-aventurado-padre-eustaquio-divulga-projeto-de-igreja-em-guarapari-es\/#primaryimage\"},\"thumbnailUrl\":\"https:\/\/www.padreeustaquio.com.br\/wp-content\/uploads\/2024\/09\/bape-guarapari-1.jpeg\",\"datePublished\":\"2024-09-10T23:32:33+00:00\",\"dateModified\":\"2024-09-10T23:43:47+00:00\",\"description\":\"A Par\u00f3quia Bem-aventurado Padre Eust\u00e1quio, localizada em Guarapari, Esp\u00edrito Santo, recentemente divulgou o projeto da igreja local, voltado para acolher um n\u00famero maior de fi\u00e9is e proporcionar um ambiente mais confort\u00e1vel e acess\u00edvel para a comunidade.\",\"breadcrumb\":{\"@id\":\"https:\/\/www.padreeustaquio.com.br\/paroquia-bem-aventurado-padre-eustaquio-divulga-projeto-de-igreja-em-guarapari-es\/#breadcrumb\"},\"inLanguage\":\"es\",\"potentialAction\":[{\"@type\":\"ReadAction\",\"target\":[\"https:\/\/www.padreeustaquio.com.br\/paroquia-bem-aventurado-padre-eustaquio-divulga-projeto-de-igreja-em-guarapari-es\/\"]}]},{\"@type\":\"ImageObject\",\"inLanguage\":\"es\",\"@id\":\"https:\/\/www.padreeustaquio.com.br\/paroquia-bem-aventurado-padre-eustaquio-divulga-projeto-de-igreja-em-guarapari-es\/#primaryimage\",\"url\":\"https:\/\/www.padreeustaquio.com.br\/wp-content\/uploads\/2024\/09\/bape-guarapari-1.jpeg\",\"contentUrl\":\"https:\/\/www.padreeustaquio.com.br\/wp-content\/uploads\/2024\/09\/bape-guarapari-1.jpeg\",\"width\":1280,\"height\":720},{\"@type\":\"BreadcrumbList\",\"@id\":\"https:\/\/www.padreeustaquio.com.br\/paroquia-bem-aventurado-padre-eustaquio-divulga-projeto-de-igreja-em-guarapari-es\/#breadcrumb\",\"itemListElement\":[{\"@type\":\"ListItem\",\"position\":1,\"name\":\"In\u00edcio\",\"item\":\"https:\/\/www.padreeustaquio.com.br\/\"},{\"@type\":\"ListItem\",\"position\":2,\"name\":\"Par\u00f3quia Bem-aventurado Padre Eust\u00e1quio divulga projeto de Igreja em Guarapari-ES\"}]},{\"@type\":\"WebSite\",\"@id\":\"https:\/\/www.padreeustaquio.com.br\/#website\",\"url\":\"https:\/\/www.padreeustaquio.com.br\/\",\"name\":\"Padre Eust\u00e1quio\",\"description\":\"Sa\u00fade e Paz\",\"publisher\":{\"@id\":\"https:\/\/www.padreeustaquio.com.br\/#organization\"},\"potentialAction\":[{\"@type\":\"SearchAction\",\"target\":{\"@type\":\"EntryPoint\",\"urlTemplate\":\"https:\/\/www.padreeustaquio.com.br\/?s={search_term_string}\"},\"query-input\":{\"@type\":\"PropertyValueSpecification\",\"valueRequired\":true,\"valueName\":\"search_term_string\"}}],\"inLanguage\":\"es\"},{\"@type\":\"Organization\",\"@id\":\"https:\/\/www.padreeustaquio.com.br\/#organization\",\"name\":\"Padre Eust\u00e1quio\",\"url\":\"https:\/\/www.padreeustaquio.com.br\/\",\"logo\":{\"@type\":\"ImageObject\",\"inLanguage\":\"es\",\"@id\":\"https:\/\/www.padreeustaquio.com.br\/#\/schema\/logo\/image\/\",\"url\":\"https:\/\/www.padreeustaquio.com.br\/wp-content\/uploads\/2019\/08\/marca.png\",\"contentUrl\":\"https:\/\/www.padreeustaquio.com.br\/wp-content\/uploads\/2019\/08\/marca.png\",\"width\":350,\"height\":400,\"caption\":\"Padre Eust\u00e1quio\"},\"image\":{\"@id\":\"https:\/\/www.padreeustaquio.com.br\/#\/schema\/logo\/image\/\"},\"sameAs\":[\"https:\/\/www.facebook.com\/beatopadreeustaquio\/\",\"https:\/\/x.com\/beatopeustaquio\",\"https:\/\/www.instagram.com\/beatopadreeustaquio\/\",\"https:\/\/www.youtube.com\/channel\/UCRhw7vfabnajwLxb1ZXMeIw\"]},{\"@type\":\"Person\",\"@id\":\"https:\/\/www.padreeustaquio.com.br\/#\/schema\/person\/a2a51db1d00f1a7af0204a0f1ddb1566\",\"name\":\"@sscc\",\"image\":{\"@type\":\"ImageObject\",\"inLanguage\":\"es\",\"@id\":\"https:\/\/secure.gravatar.com\/avatar\/68cfafa5f44617fea54071e215026e0ff06be366c3d54a8425f04fdcb86f8c5f?s=96&d=mm&r=g\",\"url\":\"https:\/\/secure.gravatar.com\/avatar\/68cfafa5f44617fea54071e215026e0ff06be366c3d54a8425f04fdcb86f8c5f?s=96&d=mm&r=g\",\"contentUrl\":\"https:\/\/secure.gravatar.com\/avatar\/68cfafa5f44617fea54071e215026e0ff06be366c3d54a8425f04fdcb86f8c5f?s=96&d=mm&r=g\",\"caption\":\"@sscc\"},\"url\":\"https:\/\/www.padreeustaquio.com.br\/es\/author\/sscc\/\"}]}<\/script>\n<!-- \/ Yoast SEO plugin. -->","yoast_head_json":{"title":"Parroquia Beato Padre Eustace anuncia proyecto de iglesia en Guarapari-ES","description":"La Parroquia Beato Padre Eustaquio, ubicada en Guarapari, Esp\u00edrito Santo, lanz\u00f3 recientemente un proyecto para la iglesia local, con el objetivo de acoger un mayor n\u00famero de feligreses y proporcionar un ambiente m\u00e1s c\u00f3modo y accesible para la comunidad.","robots":{"index":"index","follow":"follow","max-snippet":"max-snippet:-1","max-image-preview":"max-image-preview:large","max-video-preview":"max-video-preview:-1"},"canonical":"https:\/\/www.padreeustaquio.com.br\/es\/parroquia-del-beato-padre-eustace-anuncia-proyecto-de-iglesia-en-guarapari-es\/","og_locale":"es_ES","og_type":"article","og_title":"Par\u00f3quia Bem-aventurado Padre Eust\u00e1quio divulga projeto de Igreja em Guarapari-ES","og_description":"A Par\u00f3quia Bem-aventurado Padre Eust\u00e1quio, localizada em Guarapari, Esp\u00edrito Santo, recentemente divulgou o projeto da igreja local, voltado para acolher um n\u00famero maior de fi\u00e9is e proporcionar um ambiente mais confort\u00e1vel e acess\u00edvel para a comunidade.","og_url":"https:\/\/www.padreeustaquio.com.br\/es\/parroquia-del-beato-padre-eustace-anuncia-proyecto-de-iglesia-en-guarapari-es\/","og_site_name":"Padre Eust\u00e1quio","article_publisher":"https:\/\/www.facebook.com\/beatopadreeustaquio\/","article_published_time":"2024-09-10T23:32:33+00:00","article_modified_time":"2024-09-10T23:43:47+00:00","og_image":[{"width":1280,"height":720,"url":"https:\/\/www.padreeustaquio.com.br\/wp-content\/uploads\/2024\/09\/bape-guarapari-1.jpeg","type":"image\/jpeg"}],"author":"@sscc","twitter_card":"summary_large_image","twitter_creator":"@beatopeustaquio","twitter_site":"@beatopeustaquio","twitter_misc":{"Escrito por":"@sscc","Tiempo de lectura":"2 minutos"},"schema":{"@context":"https:\/\/schema.org","@graph":[{"@type":"Article","@id":"https:\/\/www.padreeustaquio.com.br\/paroquia-bem-aventurado-padre-eustaquio-divulga-projeto-de-igreja-em-guarapari-es\/#article","isPartOf":{"@id":"https:\/\/www.padreeustaquio.com.br\/paroquia-bem-aventurado-padre-eustaquio-divulga-projeto-de-igreja-em-guarapari-es\/"},"author":{"name":"@sscc","@id":"https:\/\/www.padreeustaquio.com.br\/#\/schema\/person\/a2a51db1d00f1a7af0204a0f1ddb1566"},"headline":"Par\u00f3quia Bem-aventurado Padre Eust\u00e1quio divulga projeto de Igreja em Guarapari-ES","datePublished":"2024-09-10T23:32:33+00:00","dateModified":"2024-09-10T23:43:47+00:00","mainEntityOfPage":{"@id":"https:\/\/www.padreeustaquio.com.br\/paroquia-bem-aventurado-padre-eustaquio-divulga-projeto-de-igreja-em-guarapari-es\/"},"wordCount":163,"commentCount":0,"publisher":{"@id":"https:\/\/www.padreeustaquio.com.br\/#organization"},"image":{"@id":"https:\/\/www.padreeustaquio.com.br\/paroquia-bem-aventurado-padre-eustaquio-divulga-projeto-de-igreja-em-guarapari-es\/#primaryimage"},"thumbnailUrl":"https:\/\/www.padreeustaquio.com.br\/wp-content\/uploads\/2024\/09\/bape-guarapari-1.jpeg","articleSection":["Not\u00edcias"],"inLanguage":"es","potentialAction":[{"@type":"CommentAction","name":"Comment","target":["https:\/\/www.padreeustaquio.com.br\/paroquia-bem-aventurado-padre-eustaquio-divulga-projeto-de-igreja-em-guarapari-es\/#respond"]}]},{"@type":"WebPage","@id":"https:\/\/www.padreeustaquio.com.br\/paroquia-bem-aventurado-padre-eustaquio-divulga-projeto-de-igreja-em-guarapari-es\/","url":"https:\/\/www.padreeustaquio.com.br\/paroquia-bem-aventurado-padre-eustaquio-divulga-projeto-de-igreja-em-guarapari-es\/","name":"Parroquia Beato Padre Eustace anuncia proyecto de iglesia en Guarapari-ES","isPartOf":{"@id":"https:\/\/www.padreeustaquio.com.br\/#website"},"primaryImageOfPage":{"@id":"https:\/\/www.padreeustaquio.com.br\/paroquia-bem-aventurado-padre-eustaquio-divulga-projeto-de-igreja-em-guarapari-es\/#primaryimage"},"image":{"@id":"https:\/\/www.padreeustaquio.com.br\/paroquia-bem-aventurado-padre-eustaquio-divulga-projeto-de-igreja-em-guarapari-es\/#primaryimage"},"thumbnailUrl":"https:\/\/www.padreeustaquio.com.br\/wp-content\/uploads\/2024\/09\/bape-guarapari-1.jpeg","datePublished":"2024-09-10T23:32:33+00:00","dateModified":"2024-09-10T23:43:47+00:00","description":"La Parroquia Beato Padre Eustaquio, ubicada en Guarapari, Esp\u00edrito Santo, lanz\u00f3 recientemente un proyecto para la iglesia local, con el objetivo de acoger un mayor n\u00famero de feligreses y proporcionar un ambiente m\u00e1s c\u00f3modo y accesible para la comunidad.","breadcrumb":{"@id":"https:\/\/www.padreeustaquio.com.br\/paroquia-bem-aventurado-padre-eustaquio-divulga-projeto-de-igreja-em-guarapari-es\/#breadcrumb"},"inLanguage":"es","potentialAction":[{"@type":"ReadAction","target":["https:\/\/www.padreeustaquio.com.br\/paroquia-bem-aventurado-padre-eustaquio-divulga-projeto-de-igreja-em-guarapari-es\/"]}]},{"@type":"ImageObject","inLanguage":"es","@id":"https:\/\/www.padreeustaquio.com.br\/paroquia-bem-aventurado-padre-eustaquio-divulga-projeto-de-igreja-em-guarapari-es\/#primaryimage","url":"https:\/\/www.padreeustaquio.com.br\/wp-content\/uploads\/2024\/09\/bape-guarapari-1.jpeg","contentUrl":"https:\/\/www.padreeustaquio.com.br\/wp-content\/uploads\/2024\/09\/bape-guarapari-1.jpeg","width":1280,"height":720},{"@type":"BreadcrumbList","@id":"https:\/\/www.padreeustaquio.com.br\/paroquia-bem-aventurado-padre-eustaquio-divulga-projeto-de-igreja-em-guarapari-es\/#breadcrumb","itemListElement":[{"@type":"ListItem","position":1,"name":"In\u00edcio","item":"https:\/\/www.padreeustaquio.com.br\/"},{"@type":"ListItem","position":2,"name":"Par\u00f3quia Bem-aventurado Padre Eust\u00e1quio divulga projeto de Igreja em Guarapari-ES"}]},{"@type":"WebSite","@id":"https:\/\/www.padreeustaquio.com.br\/#website","url":"https:\/\/www.padreeustaquio.com.br\/","name":"Padre Eustace","description":"Salud y Paz","publisher":{"@id":"https:\/\/www.padreeustaquio.com.br\/#organization"},"potentialAction":[{"@type":"SearchAction","target":{"@type":"EntryPoint","urlTemplate":"https:\/\/www.padreeustaquio.com.br\/?s={search_term_string}"},"query-input":{"@type":"PropertyValueSpecification","valueRequired":true,"valueName":"search_term_string"}}],"inLanguage":"es"},{"@type":"Organization","@id":"https:\/\/www.padreeustaquio.com.br\/#organization","name":"Padre Eustace","url":"https:\/\/www.padreeustaquio.com.br\/","logo":{"@type":"ImageObject","inLanguage":"es","@id":"https:\/\/www.padreeustaquio.com.br\/#\/schema\/logo\/image\/","url":"https:\/\/www.padreeustaquio.com.br\/wp-content\/uploads\/2019\/08\/marca.png","contentUrl":"https:\/\/www.padreeustaquio.com.br\/wp-content\/uploads\/2019\/08\/marca.png","width":350,"height":400,"caption":"Padre Eust\u00e1quio"},"image":{"@id":"https:\/\/www.padreeustaquio.com.br\/#\/schema\/logo\/image\/"},"sameAs":["https:\/\/www.facebook.com\/beatopadreeustaquio\/","https:\/\/x.com\/beatopeustaquio","https:\/\/www.instagram.com\/beatopadreeustaquio\/","https:\/\/www.youtube.com\/channel\/UCRhw7vfabnajwLxb1ZXMeIw"]},{"@type":"Person","@id":"https:\/\/www.padreeustaquio.com.br\/#\/schema\/person\/a2a51db1d00f1a7af0204a0f1ddb1566","name":"@sscc","image":{"@type":"ImageObject","inLanguage":"es","@id":"https:\/\/secure.gravatar.com\/avatar\/68cfafa5f44617fea54071e215026e0ff06be366c3d54a8425f04fdcb86f8c5f?s=96&d=mm&r=g","url":"https:\/\/secure.gravatar.com\/avatar\/68cfafa5f44617fea54071e215026e0ff06be366c3d54a8425f04fdcb86f8c5f?s=96&d=mm&r=g","contentUrl":"https:\/\/secure.gravatar.com\/avatar\/68cfafa5f44617fea54071e215026e0ff06be366c3d54a8425f04fdcb86f8c5f?s=96&d=mm&r=g","caption":"@sscc"},"url":"https:\/\/www.padreeustaquio.com.br\/es\/author\/sscc\/"}]}},"_links":{"self":[{"href":"https:\/\/www.padreeustaquio.com.br\/es\/wp-json\/wp\/v2\/posts\/11600","targetHints":{"allow":["GET"]}}],"collection":[{"href":"https:\/\/www.padreeustaquio.com.br\/es\/wp-json\/wp\/v2\/posts"}],"about":[{"href":"https:\/\/www.padreeustaquio.com.br\/es\/wp-json\/wp\/v2\/types\/post"}],"author":[{"embeddable":true,"href":"https:\/\/www.padreeustaquio.com.br\/es\/wp-json\/wp\/v2\/users\/2"}],"replies":[{"embeddable":true,"href":"https:\/\/www.padreeustaquio.com.br\/es\/wp-json\/wp\/v2\/comments?post=11600"}],"version-history":[{"count":0,"href":"https:\/\/www.padreeustaquio.com.br\/es\/wp-json\/wp\/v2\/posts\/11600\/revisions"}],"wp:featuredmedia":[{"embeddable":true,"href":"https:\/\/www.padreeustaquio.com.br\/es\/wp-json\/wp\/v2\/media\/11601"}],"wp:attachment":[{"href":"https:\/\/www.padreeustaquio.com.br\/es\/wp-json\/wp\/v2\/media?parent=11600"}],"wp:term":[{"taxonomy":"category","embeddable":true,"href":"https:\/\/www.padreeustaquio.com.br\/es\/wp-json\/wp\/v2\/categories?post=11600"},{"taxonomy":"post_tag","embeddable":true,"href":"https:\/\/www.padreeustaquio.com.br\/es\/wp-json\/wp\/v2\/tags?post=11600"}],"curies":[{"name":"wp","href":"https:\/\/api.w.org\/{rel}","templated":true}]}}