{"id":11594,"date":"2024-09-12T06:05:36","date_gmt":"2024-09-12T09:05:36","guid":{"rendered":"https:\/\/www.padreeustaquio.com.br\/?p=11594"},"modified":"2024-09-12T09:31:25","modified_gmt":"2024-09-12T12:31:25","slug":"texto-inedito-del-padre-eustaquio-muestra-el-cuidado-del-beato-por-los-enfermos","status":"publish","type":"post","link":"https:\/\/www.padreeustaquio.com.br\/es\/texto-inedito-del-padre-eustaquio-muestra-el-cuidado-del-beato-por-los-enfermos\/","title":{"rendered":"Un texto in\u00e9dito del Padre Eust\u00e1quio revela el cuidado del Bendito por los enfermos."},"content":{"rendered":"<p>El Padre Eust\u00e1quio dedic\u00f3 su vida al servicio de los enfermos y los que sufren, dejando un legado de compasi\u00f3n y cuidado que perdura hasta nuestros d\u00edas. En Brasil, su labor misionera se dedic\u00f3 por completo al servicio del pr\u00f3jimo.<\/p>\n<p>Existen muchas historias de personas que, al acudir al sacerdote holand\u00e9s, recibieron no solo consuelo espiritual, sino tambi\u00e9n atenci\u00f3n pr\u00e1ctica y asistencia m\u00e9dica. Con sus t\u00e9s y hierbas, pudo atender a sus feligreses cuando la escasez de m\u00e9dicos y profesionales de la salud era muy grave.<\/p>\n<p>Su inquebrantable compromiso con los m\u00e1s vulnerables lo convirti\u00f3 en una figura recordada por su humildad y dedicaci\u00f3n incondicional al bienestar de los dem\u00e1s. Esta dedicaci\u00f3n se refleja en numerosos relatos y escritos del Beato.<\/p>\n<p>Uno de los textos, in\u00e9dito hasta ahora y escrito en romania, relata los cuidados que el padre Eust\u00e1quio brind\u00f3 a un ni\u00f1o abandonado por su familia.<\/p>\n<p><em>\u201cEl \u00faltimo d\u00eda del a\u00f1o pasado, falleci\u00f3 un ni\u00f1o enfermo de 13 a\u00f1os. Durante m\u00e1s de tres meses lo cuid\u00e9 dos veces al d\u00eda. El ni\u00f1o fue herido accidentalmente por un rev\u00f3lver disparado por su compa\u00f1ero de juegos. Sus heridas eran incurables y qued\u00f3 completamente paralizado de cintura para abajo. \u00a1Cu\u00e1nto sufrimiento soport\u00f3 ese ni\u00f1o! \u00a1S\u00ed, cu\u00e1nto sufrimiento! Era pobre y, adem\u00e1s, abandonado por sus padres. Quiero poner en la cruz de su tumba: Abandonado por mis padres, pero Dios me cuid\u00f3.\u201d<\/em><\/p>\n<p>Por esta y muchas otras historias, el Padre Eustaquio lleg\u00f3 a ser conocido como el Misionero de la Salud y la Paz.<\/p>","protected":false},"excerpt":{"rendered":"<p>Padre Eust\u00e1quio dedicou sua vida ao servi\u00e7o dos enfermos e sofredores, deixando um legado de compaix\u00e3o e cuidado que ecoa at\u00e9 os dias de hoje. No Brasil, seu trabalho mission\u00e1rio foi todo dedicado ao pr\u00f3ximo. S\u00e3o muitas as hist\u00f3rias de pessoas que, ao procurar o padre holand\u00eas, recebia, al\u00e9m do conforto espiritual, cuidados pr\u00e1ticos e assist\u00eancia m\u00e9dica. Com seus ch\u00e1s e ervas, ele conseguia cuidar de seus paroquianos, quando a falta de m\u00e9dicos e profissionais da sa\u00fade era muito grande. Seu compromisso inabal\u00e1vel com os mais vulner\u00e1veis o tornou uma figura lembrada por sua humildade e dedica\u00e7\u00e3o incondicional ao bem-estar [&hellip;]<\/p>\n","protected":false},"author":2,"featured_media":11599,"comment_status":"open","ping_status":"closed","sticky":false,"template":"","format":"standard","meta":{"_acf_changed":false,"footnotes":""},"categories":[611],"tags":[],"class_list":["post-11594","post","type-post","status-publish","format-standard","has-post-thumbnail","hentry","category-noticias"],"acf":[],"yoast_head":"<!-- This site is optimized with the Yoast SEO plugin v27.2 - https:\/\/yoast.com\/product\/yoast-seo-wordpress\/ -->\n<title>Texto in\u00e9dito de Padre Eust\u00e1quio mostra o cuidado do Beato com os enfermos<\/title>\n<meta name=\"description\" content=\"S\u00e3o muitas as hist\u00f3rias de pessoas que, ao procurar Padre Eust\u00e1quio, recebia, al\u00e9m do conforto espiritual, cuidados pr\u00e1ticos e assist\u00eancia m\u00e9dica. Com seus ch\u00e1s e ervas, ele conseguia cuidar de seus paroquianos, quando a falta de m\u00e9dicos e profissionais da sa\u00fade era muito grande. Um dos textos, in\u00e9dito, escrito em Romaria, narra o cuidado que Padre Eust\u00e1quio teve com uma crian\u00e7a abandonada pela fam\u00edlia.\" \/>\n<meta name=\"robots\" content=\"index, follow, max-snippet:-1, max-image-preview:large, max-video-preview:-1\" \/>\n<link rel=\"canonical\" href=\"https:\/\/www.padreeustaquio.com.br\/es\/texto-inedito-del-padre-eustaquio-muestra-el-cuidado-del-beato-por-los-enfermos\/\" \/>\n<meta property=\"og:locale\" content=\"es_ES\" \/>\n<meta property=\"og:type\" content=\"article\" \/>\n<meta property=\"og:title\" content=\"Texto in\u00e9dito de Padre Eust\u00e1quio mostra o cuidado do Beato com os enfermos\" \/>\n<meta property=\"og:description\" content=\"S\u00e3o muitas as hist\u00f3rias de pessoas que, ao procurar Padre Eust\u00e1quio, recebia, al\u00e9m do conforto espiritual, cuidados pr\u00e1ticos e assist\u00eancia m\u00e9dica. Com seus ch\u00e1s e ervas, ele conseguia cuidar de seus paroquianos, quando a falta de m\u00e9dicos e profissionais da sa\u00fade era muito grande. Um dos textos, in\u00e9dito, escrito em Romaria, narra o cuidado que Padre Eust\u00e1quio teve com uma crian\u00e7a abandonada pela fam\u00edlia.\" \/>\n<meta property=\"og:url\" content=\"https:\/\/www.padreeustaquio.com.br\/es\/texto-inedito-del-padre-eustaquio-muestra-el-cuidado-del-beato-por-los-enfermos\/\" \/>\n<meta property=\"og:site_name\" content=\"Padre Eust\u00e1quio\" \/>\n<meta property=\"article:publisher\" content=\"https:\/\/www.facebook.com\/beatopadreeustaquio\/\" \/>\n<meta property=\"article:published_time\" content=\"2024-09-12T09:05:36+00:00\" \/>\n<meta property=\"article:modified_time\" content=\"2024-09-12T12:31:25+00:00\" \/>\n<meta property=\"og:image\" content=\"https:\/\/www.padreeustaquio.com.br\/wp-content\/uploads\/2024\/09\/PE-em-romaria.jpg\" \/>\n\t<meta property=\"og:image:width\" content=\"748\" \/>\n\t<meta property=\"og:image:height\" content=\"394\" \/>\n\t<meta property=\"og:image:type\" content=\"image\/jpeg\" \/>\n<meta name=\"author\" content=\"@sscc\" \/>\n<meta name=\"twitter:card\" content=\"summary_large_image\" \/>\n<meta name=\"twitter:creator\" content=\"@beatopeustaquio\" \/>\n<meta name=\"twitter:site\" content=\"@beatopeustaquio\" \/>\n<meta name=\"twitter:label1\" content=\"Escrito por\" \/>\n\t<meta name=\"twitter:data1\" content=\"@sscc\" \/>\n\t<meta name=\"twitter:label2\" content=\"Tiempo de lectura\" \/>\n\t<meta name=\"twitter:data2\" content=\"2 minutos\" \/>\n<script type=\"application\/ld+json\" class=\"yoast-schema-graph\">{\"@context\":\"https:\/\/schema.org\",\"@graph\":[{\"@type\":\"Article\",\"@id\":\"https:\/\/www.padreeustaquio.com.br\/texto-inedito-de-padre-eustaquio-mostra-o-cuidado-do-beato-com-os-enfermos\/#article\",\"isPartOf\":{\"@id\":\"https:\/\/www.padreeustaquio.com.br\/texto-inedito-de-padre-eustaquio-mostra-o-cuidado-do-beato-com-os-enfermos\/\"},\"author\":{\"name\":\"@sscc\",\"@id\":\"https:\/\/www.padreeustaquio.com.br\/#\/schema\/person\/a2a51db1d00f1a7af0204a0f1ddb1566\"},\"headline\":\"Texto in\u00e9dito de Padre Eust\u00e1quio mostra o cuidado do Beato com os enfermos\",\"datePublished\":\"2024-09-12T09:05:36+00:00\",\"dateModified\":\"2024-09-12T12:31:25+00:00\",\"mainEntityOfPage\":{\"@id\":\"https:\/\/www.padreeustaquio.com.br\/texto-inedito-de-padre-eustaquio-mostra-o-cuidado-do-beato-com-os-enfermos\/\"},\"wordCount\":287,\"commentCount\":0,\"publisher\":{\"@id\":\"https:\/\/www.padreeustaquio.com.br\/#organization\"},\"image\":{\"@id\":\"https:\/\/www.padreeustaquio.com.br\/texto-inedito-de-padre-eustaquio-mostra-o-cuidado-do-beato-com-os-enfermos\/#primaryimage\"},\"thumbnailUrl\":\"https:\/\/www.padreeustaquio.com.br\/wp-content\/uploads\/2024\/09\/PE-em-romaria.jpg\",\"articleSection\":[\"Not\u00edcias\"],\"inLanguage\":\"es\",\"potentialAction\":[{\"@type\":\"CommentAction\",\"name\":\"Comment\",\"target\":[\"https:\/\/www.padreeustaquio.com.br\/texto-inedito-de-padre-eustaquio-mostra-o-cuidado-do-beato-com-os-enfermos\/#respond\"]}]},{\"@type\":\"WebPage\",\"@id\":\"https:\/\/www.padreeustaquio.com.br\/texto-inedito-de-padre-eustaquio-mostra-o-cuidado-do-beato-com-os-enfermos\/\",\"url\":\"https:\/\/www.padreeustaquio.com.br\/texto-inedito-de-padre-eustaquio-mostra-o-cuidado-do-beato-com-os-enfermos\/\",\"name\":\"Texto in\u00e9dito de Padre Eust\u00e1quio mostra o cuidado do Beato com os enfermos\",\"isPartOf\":{\"@id\":\"https:\/\/www.padreeustaquio.com.br\/#website\"},\"primaryImageOfPage\":{\"@id\":\"https:\/\/www.padreeustaquio.com.br\/texto-inedito-de-padre-eustaquio-mostra-o-cuidado-do-beato-com-os-enfermos\/#primaryimage\"},\"image\":{\"@id\":\"https:\/\/www.padreeustaquio.com.br\/texto-inedito-de-padre-eustaquio-mostra-o-cuidado-do-beato-com-os-enfermos\/#primaryimage\"},\"thumbnailUrl\":\"https:\/\/www.padreeustaquio.com.br\/wp-content\/uploads\/2024\/09\/PE-em-romaria.jpg\",\"datePublished\":\"2024-09-12T09:05:36+00:00\",\"dateModified\":\"2024-09-12T12:31:25+00:00\",\"description\":\"S\u00e3o muitas as hist\u00f3rias de pessoas que, ao procurar Padre Eust\u00e1quio, recebia, al\u00e9m do conforto espiritual, cuidados pr\u00e1ticos e assist\u00eancia m\u00e9dica. Com seus ch\u00e1s e ervas, ele conseguia cuidar de seus paroquianos, quando a falta de m\u00e9dicos e profissionais da sa\u00fade era muito grande. Um dos textos, in\u00e9dito, escrito em Romaria, narra o cuidado que Padre Eust\u00e1quio teve com uma crian\u00e7a abandonada pela fam\u00edlia.\",\"breadcrumb\":{\"@id\":\"https:\/\/www.padreeustaquio.com.br\/texto-inedito-de-padre-eustaquio-mostra-o-cuidado-do-beato-com-os-enfermos\/#breadcrumb\"},\"inLanguage\":\"es\",\"potentialAction\":[{\"@type\":\"ReadAction\",\"target\":[\"https:\/\/www.padreeustaquio.com.br\/texto-inedito-de-padre-eustaquio-mostra-o-cuidado-do-beato-com-os-enfermos\/\"]}]},{\"@type\":\"ImageObject\",\"inLanguage\":\"es\",\"@id\":\"https:\/\/www.padreeustaquio.com.br\/texto-inedito-de-padre-eustaquio-mostra-o-cuidado-do-beato-com-os-enfermos\/#primaryimage\",\"url\":\"https:\/\/www.padreeustaquio.com.br\/wp-content\/uploads\/2024\/09\/PE-em-romaria.jpg\",\"contentUrl\":\"https:\/\/www.padreeustaquio.com.br\/wp-content\/uploads\/2024\/09\/PE-em-romaria.jpg\",\"width\":748,\"height\":394},{\"@type\":\"BreadcrumbList\",\"@id\":\"https:\/\/www.padreeustaquio.com.br\/texto-inedito-de-padre-eustaquio-mostra-o-cuidado-do-beato-com-os-enfermos\/#breadcrumb\",\"itemListElement\":[{\"@type\":\"ListItem\",\"position\":1,\"name\":\"In\u00edcio\",\"item\":\"https:\/\/www.padreeustaquio.com.br\/\"},{\"@type\":\"ListItem\",\"position\":2,\"name\":\"Texto in\u00e9dito de Padre Eust\u00e1quio mostra o cuidado do Beato com os enfermos\"}]},{\"@type\":\"WebSite\",\"@id\":\"https:\/\/www.padreeustaquio.com.br\/#website\",\"url\":\"https:\/\/www.padreeustaquio.com.br\/\",\"name\":\"Padre Eust\u00e1quio\",\"description\":\"Sa\u00fade e Paz\",\"publisher\":{\"@id\":\"https:\/\/www.padreeustaquio.com.br\/#organization\"},\"potentialAction\":[{\"@type\":\"SearchAction\",\"target\":{\"@type\":\"EntryPoint\",\"urlTemplate\":\"https:\/\/www.padreeustaquio.com.br\/?s={search_term_string}\"},\"query-input\":{\"@type\":\"PropertyValueSpecification\",\"valueRequired\":true,\"valueName\":\"search_term_string\"}}],\"inLanguage\":\"es\"},{\"@type\":\"Organization\",\"@id\":\"https:\/\/www.padreeustaquio.com.br\/#organization\",\"name\":\"Padre Eust\u00e1quio\",\"url\":\"https:\/\/www.padreeustaquio.com.br\/\",\"logo\":{\"@type\":\"ImageObject\",\"inLanguage\":\"es\",\"@id\":\"https:\/\/www.padreeustaquio.com.br\/#\/schema\/logo\/image\/\",\"url\":\"https:\/\/www.padreeustaquio.com.br\/wp-content\/uploads\/2019\/08\/marca.png\",\"contentUrl\":\"https:\/\/www.padreeustaquio.com.br\/wp-content\/uploads\/2019\/08\/marca.png\",\"width\":350,\"height\":400,\"caption\":\"Padre Eust\u00e1quio\"},\"image\":{\"@id\":\"https:\/\/www.padreeustaquio.com.br\/#\/schema\/logo\/image\/\"},\"sameAs\":[\"https:\/\/www.facebook.com\/beatopadreeustaquio\/\",\"https:\/\/x.com\/beatopeustaquio\",\"https:\/\/www.instagram.com\/beatopadreeustaquio\/\",\"https:\/\/www.youtube.com\/channel\/UCRhw7vfabnajwLxb1ZXMeIw\"]},{\"@type\":\"Person\",\"@id\":\"https:\/\/www.padreeustaquio.com.br\/#\/schema\/person\/a2a51db1d00f1a7af0204a0f1ddb1566\",\"name\":\"@sscc\",\"image\":{\"@type\":\"ImageObject\",\"inLanguage\":\"es\",\"@id\":\"https:\/\/secure.gravatar.com\/avatar\/68cfafa5f44617fea54071e215026e0ff06be366c3d54a8425f04fdcb86f8c5f?s=96&d=mm&r=g\",\"url\":\"https:\/\/secure.gravatar.com\/avatar\/68cfafa5f44617fea54071e215026e0ff06be366c3d54a8425f04fdcb86f8c5f?s=96&d=mm&r=g\",\"contentUrl\":\"https:\/\/secure.gravatar.com\/avatar\/68cfafa5f44617fea54071e215026e0ff06be366c3d54a8425f04fdcb86f8c5f?s=96&d=mm&r=g\",\"caption\":\"@sscc\"},\"url\":\"https:\/\/www.padreeustaquio.com.br\/es\/author\/sscc\/\"}]}<\/script>\n<!-- \/ Yoast SEO plugin. -->","yoast_head_json":{"title":"Un texto in\u00e9dito del Padre Eust\u00e1quio revela el cuidado del Bendito por los enfermos.","description":"Existen numerosas historias de personas que, al acudir al Padre Eust\u00e1quio, recibieron no solo consuelo espiritual, sino tambi\u00e9n atenci\u00f3n pr\u00e1ctica y asistencia m\u00e9dica. Con sus t\u00e9s y hierbas, pudo atender a sus feligreses cuando la escasez de m\u00e9dicos y profesionales de la salud era muy alta. Uno de los textos in\u00e9ditos, escrito durante su peregrinaci\u00f3n, relata la atenci\u00f3n que el Padre Eust\u00e1quio brind\u00f3 a un ni\u00f1o abandonado por su familia.","robots":{"index":"index","follow":"follow","max-snippet":"max-snippet:-1","max-image-preview":"max-image-preview:large","max-video-preview":"max-video-preview:-1"},"canonical":"https:\/\/www.padreeustaquio.com.br\/es\/texto-inedito-del-padre-eustaquio-muestra-el-cuidado-del-beato-por-los-enfermos\/","og_locale":"es_ES","og_type":"article","og_title":"Texto in\u00e9dito de Padre Eust\u00e1quio mostra o cuidado do Beato com os enfermos","og_description":"S\u00e3o muitas as hist\u00f3rias de pessoas que, ao procurar Padre Eust\u00e1quio, recebia, al\u00e9m do conforto espiritual, cuidados pr\u00e1ticos e assist\u00eancia m\u00e9dica. Com seus ch\u00e1s e ervas, ele conseguia cuidar de seus paroquianos, quando a falta de m\u00e9dicos e profissionais da sa\u00fade era muito grande. Um dos textos, in\u00e9dito, escrito em Romaria, narra o cuidado que Padre Eust\u00e1quio teve com uma crian\u00e7a abandonada pela fam\u00edlia.","og_url":"https:\/\/www.padreeustaquio.com.br\/es\/texto-inedito-del-padre-eustaquio-muestra-el-cuidado-del-beato-por-los-enfermos\/","og_site_name":"Padre Eust\u00e1quio","article_publisher":"https:\/\/www.facebook.com\/beatopadreeustaquio\/","article_published_time":"2024-09-12T09:05:36+00:00","article_modified_time":"2024-09-12T12:31:25+00:00","og_image":[{"width":748,"height":394,"url":"https:\/\/www.padreeustaquio.com.br\/wp-content\/uploads\/2024\/09\/PE-em-romaria.jpg","type":"image\/jpeg"}],"author":"@sscc","twitter_card":"summary_large_image","twitter_creator":"@beatopeustaquio","twitter_site":"@beatopeustaquio","twitter_misc":{"Escrito por":"@sscc","Tiempo de lectura":"2 minutos"},"schema":{"@context":"https:\/\/schema.org","@graph":[{"@type":"Article","@id":"https:\/\/www.padreeustaquio.com.br\/texto-inedito-de-padre-eustaquio-mostra-o-cuidado-do-beato-com-os-enfermos\/#article","isPartOf":{"@id":"https:\/\/www.padreeustaquio.com.br\/texto-inedito-de-padre-eustaquio-mostra-o-cuidado-do-beato-com-os-enfermos\/"},"author":{"name":"@sscc","@id":"https:\/\/www.padreeustaquio.com.br\/#\/schema\/person\/a2a51db1d00f1a7af0204a0f1ddb1566"},"headline":"Texto in\u00e9dito de Padre Eust\u00e1quio mostra o cuidado do Beato com os enfermos","datePublished":"2024-09-12T09:05:36+00:00","dateModified":"2024-09-12T12:31:25+00:00","mainEntityOfPage":{"@id":"https:\/\/www.padreeustaquio.com.br\/texto-inedito-de-padre-eustaquio-mostra-o-cuidado-do-beato-com-os-enfermos\/"},"wordCount":287,"commentCount":0,"publisher":{"@id":"https:\/\/www.padreeustaquio.com.br\/#organization"},"image":{"@id":"https:\/\/www.padreeustaquio.com.br\/texto-inedito-de-padre-eustaquio-mostra-o-cuidado-do-beato-com-os-enfermos\/#primaryimage"},"thumbnailUrl":"https:\/\/www.padreeustaquio.com.br\/wp-content\/uploads\/2024\/09\/PE-em-romaria.jpg","articleSection":["Not\u00edcias"],"inLanguage":"es","potentialAction":[{"@type":"CommentAction","name":"Comment","target":["https:\/\/www.padreeustaquio.com.br\/texto-inedito-de-padre-eustaquio-mostra-o-cuidado-do-beato-com-os-enfermos\/#respond"]}]},{"@type":"WebPage","@id":"https:\/\/www.padreeustaquio.com.br\/texto-inedito-de-padre-eustaquio-mostra-o-cuidado-do-beato-com-os-enfermos\/","url":"https:\/\/www.padreeustaquio.com.br\/texto-inedito-de-padre-eustaquio-mostra-o-cuidado-do-beato-com-os-enfermos\/","name":"Un texto in\u00e9dito del Padre Eust\u00e1quio revela el cuidado del Bendito por los enfermos.","isPartOf":{"@id":"https:\/\/www.padreeustaquio.com.br\/#website"},"primaryImageOfPage":{"@id":"https:\/\/www.padreeustaquio.com.br\/texto-inedito-de-padre-eustaquio-mostra-o-cuidado-do-beato-com-os-enfermos\/#primaryimage"},"image":{"@id":"https:\/\/www.padreeustaquio.com.br\/texto-inedito-de-padre-eustaquio-mostra-o-cuidado-do-beato-com-os-enfermos\/#primaryimage"},"thumbnailUrl":"https:\/\/www.padreeustaquio.com.br\/wp-content\/uploads\/2024\/09\/PE-em-romaria.jpg","datePublished":"2024-09-12T09:05:36+00:00","dateModified":"2024-09-12T12:31:25+00:00","description":"Existen numerosas historias de personas que, al acudir al Padre Eust\u00e1quio, recibieron no solo consuelo espiritual, sino tambi\u00e9n atenci\u00f3n pr\u00e1ctica y asistencia m\u00e9dica. Con sus t\u00e9s y hierbas, pudo atender a sus feligreses cuando la escasez de m\u00e9dicos y profesionales de la salud era muy alta. Uno de los textos in\u00e9ditos, escrito durante su peregrinaci\u00f3n, relata la atenci\u00f3n que el Padre Eust\u00e1quio brind\u00f3 a un ni\u00f1o abandonado por su familia.","breadcrumb":{"@id":"https:\/\/www.padreeustaquio.com.br\/texto-inedito-de-padre-eustaquio-mostra-o-cuidado-do-beato-com-os-enfermos\/#breadcrumb"},"inLanguage":"es","potentialAction":[{"@type":"ReadAction","target":["https:\/\/www.padreeustaquio.com.br\/texto-inedito-de-padre-eustaquio-mostra-o-cuidado-do-beato-com-os-enfermos\/"]}]},{"@type":"ImageObject","inLanguage":"es","@id":"https:\/\/www.padreeustaquio.com.br\/texto-inedito-de-padre-eustaquio-mostra-o-cuidado-do-beato-com-os-enfermos\/#primaryimage","url":"https:\/\/www.padreeustaquio.com.br\/wp-content\/uploads\/2024\/09\/PE-em-romaria.jpg","contentUrl":"https:\/\/www.padreeustaquio.com.br\/wp-content\/uploads\/2024\/09\/PE-em-romaria.jpg","width":748,"height":394},{"@type":"BreadcrumbList","@id":"https:\/\/www.padreeustaquio.com.br\/texto-inedito-de-padre-eustaquio-mostra-o-cuidado-do-beato-com-os-enfermos\/#breadcrumb","itemListElement":[{"@type":"ListItem","position":1,"name":"In\u00edcio","item":"https:\/\/www.padreeustaquio.com.br\/"},{"@type":"ListItem","position":2,"name":"Texto in\u00e9dito de Padre Eust\u00e1quio mostra o cuidado do Beato com os enfermos"}]},{"@type":"WebSite","@id":"https:\/\/www.padreeustaquio.com.br\/#website","url":"https:\/\/www.padreeustaquio.com.br\/","name":"Padre Eustace","description":"Salud y Paz","publisher":{"@id":"https:\/\/www.padreeustaquio.com.br\/#organization"},"potentialAction":[{"@type":"SearchAction","target":{"@type":"EntryPoint","urlTemplate":"https:\/\/www.padreeustaquio.com.br\/?s={search_term_string}"},"query-input":{"@type":"PropertyValueSpecification","valueRequired":true,"valueName":"search_term_string"}}],"inLanguage":"es"},{"@type":"Organization","@id":"https:\/\/www.padreeustaquio.com.br\/#organization","name":"Padre Eustace","url":"https:\/\/www.padreeustaquio.com.br\/","logo":{"@type":"ImageObject","inLanguage":"es","@id":"https:\/\/www.padreeustaquio.com.br\/#\/schema\/logo\/image\/","url":"https:\/\/www.padreeustaquio.com.br\/wp-content\/uploads\/2019\/08\/marca.png","contentUrl":"https:\/\/www.padreeustaquio.com.br\/wp-content\/uploads\/2019\/08\/marca.png","width":350,"height":400,"caption":"Padre Eust\u00e1quio"},"image":{"@id":"https:\/\/www.padreeustaquio.com.br\/#\/schema\/logo\/image\/"},"sameAs":["https:\/\/www.facebook.com\/beatopadreeustaquio\/","https:\/\/x.com\/beatopeustaquio","https:\/\/www.instagram.com\/beatopadreeustaquio\/","https:\/\/www.youtube.com\/channel\/UCRhw7vfabnajwLxb1ZXMeIw"]},{"@type":"Person","@id":"https:\/\/www.padreeustaquio.com.br\/#\/schema\/person\/a2a51db1d00f1a7af0204a0f1ddb1566","name":"@sscc","image":{"@type":"ImageObject","inLanguage":"es","@id":"https:\/\/secure.gravatar.com\/avatar\/68cfafa5f44617fea54071e215026e0ff06be366c3d54a8425f04fdcb86f8c5f?s=96&d=mm&r=g","url":"https:\/\/secure.gravatar.com\/avatar\/68cfafa5f44617fea54071e215026e0ff06be366c3d54a8425f04fdcb86f8c5f?s=96&d=mm&r=g","contentUrl":"https:\/\/secure.gravatar.com\/avatar\/68cfafa5f44617fea54071e215026e0ff06be366c3d54a8425f04fdcb86f8c5f?s=96&d=mm&r=g","caption":"@sscc"},"url":"https:\/\/www.padreeustaquio.com.br\/es\/author\/sscc\/"}]}},"_links":{"self":[{"href":"https:\/\/www.padreeustaquio.com.br\/es\/wp-json\/wp\/v2\/posts\/11594","targetHints":{"allow":["GET"]}}],"collection":[{"href":"https:\/\/www.padreeustaquio.com.br\/es\/wp-json\/wp\/v2\/posts"}],"about":[{"href":"https:\/\/www.padreeustaquio.com.br\/es\/wp-json\/wp\/v2\/types\/post"}],"author":[{"embeddable":true,"href":"https:\/\/www.padreeustaquio.com.br\/es\/wp-json\/wp\/v2\/users\/2"}],"replies":[{"embeddable":true,"href":"https:\/\/www.padreeustaquio.com.br\/es\/wp-json\/wp\/v2\/comments?post=11594"}],"version-history":[{"count":0,"href":"https:\/\/www.padreeustaquio.com.br\/es\/wp-json\/wp\/v2\/posts\/11594\/revisions"}],"wp:featuredmedia":[{"embeddable":true,"href":"https:\/\/www.padreeustaquio.com.br\/es\/wp-json\/wp\/v2\/media\/11599"}],"wp:attachment":[{"href":"https:\/\/www.padreeustaquio.com.br\/es\/wp-json\/wp\/v2\/media?parent=11594"}],"wp:term":[{"taxonomy":"category","embeddable":true,"href":"https:\/\/www.padreeustaquio.com.br\/es\/wp-json\/wp\/v2\/categories?post=11594"},{"taxonomy":"post_tag","embeddable":true,"href":"https:\/\/www.padreeustaquio.com.br\/es\/wp-json\/wp\/v2\/tags?post=11594"}],"curies":[{"name":"wp","href":"https:\/\/api.w.org\/{rel}","templated":true}]}}