{"id":11576,"date":"2024-08-28T06:06:05","date_gmt":"2024-08-28T09:06:05","guid":{"rendered":"https:\/\/www.padreeustaquio.com.br\/?p=11576"},"modified":"2024-08-27T21:49:46","modified_gmt":"2024-08-28T00:49:46","slug":"se-presentan-imagenes-raras-del-padre-eustaquio-en-brasil-en-apoyo-a-su-campana-de-canonizacion","status":"publish","type":"post","link":"https:\/\/www.padreeustaquio.com.br\/es\/se-presentan-imagenes-raras-del-padre-eustaquio-en-brasil-en-apoyo-a-su-campana-de-canonizacion\/","title":{"rendered":"Im\u00e1genes raras del Padre Eustaquio en Brasil son presentadas por la Causa de Canonizaci\u00f3n."},"content":{"rendered":"<p>Un correo electr\u00f3nico recibido por el Padre Vin\u00edcius Maciel, SSCC, vicepostulador de la Causa de Canonizaci\u00f3n del Beato Padre Eust\u00e1quio en Brasil, sorprendi\u00f3 y conmovi\u00f3 al equipo que investigaba detalles de la vida del sacerdote. El mensaje, enviado por el sobrino del Beato, Will van den Boomem, conten\u00eda tres videos grabados en Brasil a mediados de la d\u00e9cada de 1930, que se encontraban almacenados en los Pa\u00edses Bajos.<\/p>\n<p>En total, se obtuvieron diez minutos de material, de los cuales poco m\u00e1s de tres minutos contienen im\u00e1genes del Padre Eust\u00e1quio trabajando en ciudades de S\u00e3o Paulo y Minas Gerais. Los videos (pel\u00edculas de 16 mm) se encontraban en el Instituto de Imagen y Sonido (un museo audiovisual) de Hilversum, al norte de los Pa\u00edses Bajos. Fueron descubiertos y digitalizados a petici\u00f3n del sobrino que asiste a la Causa de Canonizaci\u00f3n en la investigaci\u00f3n.<\/p>\n<p><img fetchpriority=\"high\" decoding=\"async\" class=\"size-medium wp-image-11578 alignleft\" src=\"https:\/\/www.padreeustaquio.com.br\/wp-content\/uploads\/2024\/08\/apresenta-videos-3-300x225.jpeg\" alt=\"\" width=\"300\" height=\"225\" srcset=\"https:\/\/www.padreeustaquio.com.br\/wp-content\/uploads\/2024\/08\/apresenta-videos-3-300x225.jpeg 300w, https:\/\/www.padreeustaquio.com.br\/wp-content\/uploads\/2024\/08\/apresenta-videos-3-1024x768.jpeg 1024w, https:\/\/www.padreeustaquio.com.br\/wp-content\/uploads\/2024\/08\/apresenta-videos-3-768x576.jpeg 768w, https:\/\/www.padreeustaquio.com.br\/wp-content\/uploads\/2024\/08\/apresenta-videos-3-1536x1152.jpeg 1536w, https:\/\/www.padreeustaquio.com.br\/wp-content\/uploads\/2024\/08\/apresenta-videos-3-180x135.jpeg 180w, https:\/\/www.padreeustaquio.com.br\/wp-content\/uploads\/2024\/08\/apresenta-videos-3-400x300.jpeg 400w, https:\/\/www.padreeustaquio.com.br\/wp-content\/uploads\/2024\/08\/apresenta-videos-3-600x450.jpeg 600w, https:\/\/www.padreeustaquio.com.br\/wp-content\/uploads\/2024\/08\/apresenta-videos-3-800x600.jpeg 800w, https:\/\/www.padreeustaquio.com.br\/wp-content\/uploads\/2024\/08\/apresenta-videos-3-1200x900.jpeg 1200w, https:\/\/www.padreeustaquio.com.br\/wp-content\/uploads\/2024\/08\/apresenta-videos-3.jpeg 1600w\" sizes=\"(max-width: 300px) 100vw, 300px\" \/>Los videos (<a href=\"https:\/\/youtu.be\/F0HxEAJoQNA\">MIRA AQU\u00cd<\/a>) fueron presentados a la comunidad y a la prensa, este martes (27) en el Museo Padre Eust\u00e1quio, anexo al Santuario de Salud y Paz, en Belo Horizonte-MG, con la presencia de los sobrinos del Padre Eust\u00e1quio, Ian van den Boomen y Will van den Boomen, as\u00ed como del Superior Provincial, P. Osv\u00e2nio Mariano, SS.CC. y del representante de la Causa en Brasil, P. Vin\u00edcius Maciel, SSCC.<\/p>\n<p><strong>LOS VIDEOS<br \/>\n<\/strong><br \/>\nEn uno de los videos, el Padre Eust\u00e1quio aparece brevemente en las escaleras de la Iglesia de Nossa Senhora do Carmo en Itaquera, SP, junto a ni\u00f1os, posando para la c\u00e1mara; en otro segmento, el Padre Eust\u00e1quio visita la Iglesia de S\u00e3o Miguel Paulista. Aparece sentado, flanqueado por un feligr\u00e9s y un sacerdote, conversando con un ni\u00f1o.<\/p>\n<p>En otro momento, las im\u00e1genes muestran al Beato en Po\u00e1-SP, donde se encuentra la iglesia principal donde fue p\u00e1rroco (Iglesia de Nuestra Se\u00f1ora de Lourdes). Inicialmente, aparece de pie en los jardines de la Casa Parroquial (que \u00e9l mismo construy\u00f3) junto a otros hermanos de la Congregaci\u00f3n. Parecen conversar durante un momento de ocio. M\u00e1s tarde, la pel\u00edcula muestra una procesi\u00f3n f\u00fanebre, aparentemente el entierro de una persona humilde. El Padre Eust\u00e1quio sigue el cortejo f\u00fanebre con sus propias vestimentas (piezas que se encuentran en el Museo Padre Eust\u00e1quio en Belo Horizonte), se detiene en la puerta del Cementerio de Po\u00e1, pronuncia un breve serm\u00f3n y, acto seguido, aparece impartiendo la bendici\u00f3n en la tumba.<\/p>\n<p>Finalmente, hay im\u00e1genes de \u00c1gua Suja (actual Romaria) en la regi\u00f3n del Tri\u00e1ngulo Mineiro. En uno de los caminos de tierra de la zona, el coche que transportaba a los sacerdotes se qued\u00f3 atascado en un charco de lodo, y el padre Eust\u00e1quio apareci\u00f3 r\u00e1pidamente junto al veh\u00edculo mientras se resolv\u00eda la situaci\u00f3n.<\/p>\n<p><strong>IMPACTO Y CENTENARIO<br \/>\n<\/strong><br \/>\n<img decoding=\"async\" class=\"size-medium wp-image-11579 alignright\" src=\"https:\/\/www.padreeustaquio.com.br\/wp-content\/uploads\/2024\/08\/apresenta-videos-2-300x225.jpeg\" alt=\"\" width=\"300\" height=\"225\" srcset=\"https:\/\/www.padreeustaquio.com.br\/wp-content\/uploads\/2024\/08\/apresenta-videos-2-300x225.jpeg 300w, https:\/\/www.padreeustaquio.com.br\/wp-content\/uploads\/2024\/08\/apresenta-videos-2-1024x768.jpeg 1024w, https:\/\/www.padreeustaquio.com.br\/wp-content\/uploads\/2024\/08\/apresenta-videos-2-768x576.jpeg 768w, https:\/\/www.padreeustaquio.com.br\/wp-content\/uploads\/2024\/08\/apresenta-videos-2-1536x1152.jpeg 1536w, https:\/\/www.padreeustaquio.com.br\/wp-content\/uploads\/2024\/08\/apresenta-videos-2-180x135.jpeg 180w, https:\/\/www.padreeustaquio.com.br\/wp-content\/uploads\/2024\/08\/apresenta-videos-2-400x300.jpeg 400w, https:\/\/www.padreeustaquio.com.br\/wp-content\/uploads\/2024\/08\/apresenta-videos-2-600x450.jpeg 600w, https:\/\/www.padreeustaquio.com.br\/wp-content\/uploads\/2024\/08\/apresenta-videos-2-800x600.jpeg 800w, https:\/\/www.padreeustaquio.com.br\/wp-content\/uploads\/2024\/08\/apresenta-videos-2-1200x900.jpeg 1200w, https:\/\/www.padreeustaquio.com.br\/wp-content\/uploads\/2024\/08\/apresenta-videos-2.jpeg 1600w\" sizes=\"(max-width: 300px) 100vw, 300px\" \/>El padre Vin\u00edcius Maciel, SSCC, en representaci\u00f3n del proceso que supervisa la Causa de Canonizaci\u00f3n del Padre Eust\u00e1quio en Brasil, destac\u00f3 dos puntos importantes: <em>\u201cDestaco el aspecto hist\u00f3rico, ya que hasta ahora no exist\u00eda registro de la obra del Padre Eust\u00e1quio, que mostrara sus gestos y acciones piadosas en el velorio y en su cuidado de los ni\u00f1os; y la dimensi\u00f3n emotiva. Es imposible describir la emoci\u00f3n de ver al Padre Eust\u00e1quio en acci\u00f3n; cualquier devoto se conmueve profundamente.<\/em><\/p>\n<p>Este a\u00f1o, la Causa de Canonizaci\u00f3n lanza el logotipo que conmemora el centenario de la llegada del Padre Eust\u00e1quio a Brasil. El logotipo combina im\u00e1genes impactantes de los lugares que el Beato Padre visit\u00f3, siempre haciendo el bien y sanando a la gente. La fecha exacta es el 12 de mayo de 1925, cuando el barco Flandria atrac\u00f3 en R\u00edo de Janeiro, trayendo al Padre Eust\u00e1quio y a otros dos compa\u00f1eros (el Padre Gil y el Padre Mathias) desde Holanda.<\/p>\n<p><strong>CONTEXTO HIST\u00d3RICO<\/strong><\/p>\n<p>El lanzamiento del Centenario y de los v\u00eddeos tendr\u00e1 lugar en el Museo Padre Eust\u00e1quio, que est\u00e1 siendo reabierto a los devotos, especialmente despu\u00e9s de la instalaci\u00f3n de la plataforma elevadora, que permitir\u00e1 la visita de personas mayores y con movilidad reducida.<\/p>\n<p>El logro de la comunidad fue posible gracias a la ayuda de muchos devotos y tambi\u00e9n del poder p\u00fablico para crear este nuevo espacio de arte y cultura, mostrando la profunda devoci\u00f3n del pueblo de Belo Horizonte a este hombre que, si Dios quiere, pronto ser\u00e1 proclamado Santo por nuestra Iglesia.<\/p>\n<p>Con un trabajo meticuloso e incansable, el equipo de la Causa de Canonizaci\u00f3n, dirigido por el vicepostulador, P. Vin\u00edcius Maciel, SSCC, ha estado desarrollando diversas tareas en la b\u00fasqueda de documentos, cartas, objetos, recortes de peri\u00f3dico, fotos y videos que puedan ayudar a contar los detalles de la historia del Padre Eust\u00e1quio, sacerdote holand\u00e9s de la Congregaci\u00f3n de los Sagrados Corazones, quien vivi\u00f3 su misi\u00f3n en Brasil. Recientemente, el Padre Vin\u00edcius Maciel estuvo en Roma, Italia, investigando los archivos de la Congregaci\u00f3n, y tambi\u00e9n en los Pa\u00edses Bajos, en contacto con los archivos de la familia del Padre Eust\u00e1quio y documentos relacionados con la vida religiosa en el pa\u00eds.<\/p>\n<p>Los videos ahora encontrados se sumar\u00e1n a los dem\u00e1s materiales ya separados y catalogados que paulatinamente se van poniendo a disposici\u00f3n para la investigaci\u00f3n y apreciaci\u00f3n del p\u00fablico en el Museo Padre Eust\u00e1quio, cumpliendo el compromiso de la Iglesia con los valores cristianos, con los devotos y con la cultura de todo nuestro pueblo.<\/p>","protected":false},"excerpt":{"rendered":"<p>Um e-mail recebido pelo padre Vin\u00edcius Maciel, SSCC, vice-postulador da Causa de Canoniza\u00e7\u00e3o do Beato Padre Eust\u00e1quio no Brasil, deixou a equipe que pesquisa detalhes da vida do sacerdote surpresa e emocionada. A mensagem, enviada pelo sobrinho do Beato, Will van den Boomem, continha tr\u00eas v\u00eddeos gravados no Brasil, em meados da d\u00e9cada de 1930, que estavam guardados no Holanda. Ao todo vieram dez minutos de material, na qual em pouco mais de tr\u00eas minutos h\u00e1 imagens de Padre Eust\u00e1quio trabalhando em cidades paulistas e mineira. Os v\u00eddeos (filmes de 16mm) estavam no Institute for Image &amp; Sound (um museu [&hellip;]<\/p>\n","protected":false},"author":2,"featured_media":11577,"comment_status":"open","ping_status":"closed","sticky":false,"template":"","format":"standard","meta":{"_acf_changed":false,"footnotes":""},"categories":[611],"tags":[],"class_list":["post-11576","post","type-post","status-publish","format-standard","has-post-thumbnail","hentry","category-noticias"],"acf":[],"yoast_head":"<!-- This site is optimized with the Yoast SEO plugin v27.2 - https:\/\/yoast.com\/product\/yoast-seo-wordpress\/ -->\n<title>Imagens raras de Padre Eust\u00e1quio no Brasil s\u00e3o apresentadas pela Causa de Canoniza\u00e7\u00e3o<\/title>\n<meta name=\"description\" content=\"Um e-mail recebido pelo padre Vin\u00edcius Maciel, SSCC, vice-postulador da Causa de Canoniza\u00e7\u00e3o do Beato Padre Eust\u00e1quio no Brasil, deixou a equipe que pesquisa detalhes da vida do sacerdote surpresa e emocionada. A mensagem, enviada pelo sobrinho do Beato, Will van den Boomem, continha tr\u00eas v\u00eddeos gravados no Brasil, em meados da d\u00e9cada de 1930, que estavam guardados no Holanda.\" \/>\n<meta name=\"robots\" content=\"index, follow, max-snippet:-1, max-image-preview:large, max-video-preview:-1\" \/>\n<link rel=\"canonical\" href=\"https:\/\/www.padreeustaquio.com.br\/es\/se-presentan-imagenes-raras-del-padre-eustaquio-en-brasil-en-apoyo-a-su-campana-de-canonizacion\/\" \/>\n<meta property=\"og:locale\" content=\"es_ES\" \/>\n<meta property=\"og:type\" content=\"article\" \/>\n<meta property=\"og:title\" content=\"Imagens raras de Padre Eust\u00e1quio no Brasil s\u00e3o apresentadas pela Causa de Canoniza\u00e7\u00e3o\" \/>\n<meta property=\"og:description\" content=\"Um e-mail recebido pelo padre Vin\u00edcius Maciel, SSCC, vice-postulador da Causa de Canoniza\u00e7\u00e3o do Beato Padre Eust\u00e1quio no Brasil, deixou a equipe que pesquisa detalhes da vida do sacerdote surpresa e emocionada. A mensagem, enviada pelo sobrinho do Beato, Will van den Boomem, continha tr\u00eas v\u00eddeos gravados no Brasil, em meados da d\u00e9cada de 1930, que estavam guardados no Holanda.\" \/>\n<meta property=\"og:url\" content=\"https:\/\/www.padreeustaquio.com.br\/es\/se-presentan-imagenes-raras-del-padre-eustaquio-en-brasil-en-apoyo-a-su-campana-de-canonizacion\/\" \/>\n<meta property=\"og:site_name\" content=\"Padre Eust\u00e1quio\" \/>\n<meta property=\"article:publisher\" content=\"https:\/\/www.facebook.com\/beatopadreeustaquio\/\" \/>\n<meta property=\"article:published_time\" content=\"2024-08-28T09:06:05+00:00\" \/>\n<meta property=\"og:image\" content=\"https:\/\/www.padreeustaquio.com.br\/wp-content\/uploads\/2024\/08\/apresenta-videos-1.jpeg\" \/>\n\t<meta property=\"og:image:width\" content=\"1280\" \/>\n\t<meta property=\"og:image:height\" content=\"960\" \/>\n\t<meta property=\"og:image:type\" content=\"image\/jpeg\" \/>\n<meta name=\"author\" content=\"@sscc\" \/>\n<meta name=\"twitter:card\" content=\"summary_large_image\" \/>\n<meta name=\"twitter:creator\" content=\"@beatopeustaquio\" \/>\n<meta name=\"twitter:site\" content=\"@beatopeustaquio\" \/>\n<meta name=\"twitter:label1\" content=\"Escrito por\" \/>\n\t<meta name=\"twitter:data1\" content=\"@sscc\" \/>\n\t<meta name=\"twitter:label2\" content=\"Tiempo de lectura\" \/>\n\t<meta name=\"twitter:data2\" content=\"5 minutos\" \/>\n<script type=\"application\/ld+json\" class=\"yoast-schema-graph\">{\"@context\":\"https:\/\/schema.org\",\"@graph\":[{\"@type\":\"Article\",\"@id\":\"https:\/\/www.padreeustaquio.com.br\/imagens-raras-de-padre-eustaquio-no-brasil-sao-apresentadas-pela-causa-de-canonizacao\/#article\",\"isPartOf\":{\"@id\":\"https:\/\/www.padreeustaquio.com.br\/imagens-raras-de-padre-eustaquio-no-brasil-sao-apresentadas-pela-causa-de-canonizacao\/\"},\"author\":{\"name\":\"@sscc\",\"@id\":\"https:\/\/www.padreeustaquio.com.br\/#\/schema\/person\/a2a51db1d00f1a7af0204a0f1ddb1566\"},\"headline\":\"Imagens raras de Padre Eust\u00e1quio no Brasil s\u00e3o apresentadas pela Causa de Canoniza\u00e7\u00e3o\",\"datePublished\":\"2024-08-28T09:06:05+00:00\",\"mainEntityOfPage\":{\"@id\":\"https:\/\/www.padreeustaquio.com.br\/imagens-raras-de-padre-eustaquio-no-brasil-sao-apresentadas-pela-causa-de-canonizacao\/\"},\"wordCount\":898,\"commentCount\":0,\"publisher\":{\"@id\":\"https:\/\/www.padreeustaquio.com.br\/#organization\"},\"image\":{\"@id\":\"https:\/\/www.padreeustaquio.com.br\/imagens-raras-de-padre-eustaquio-no-brasil-sao-apresentadas-pela-causa-de-canonizacao\/#primaryimage\"},\"thumbnailUrl\":\"https:\/\/www.padreeustaquio.com.br\/wp-content\/uploads\/2024\/08\/apresenta-videos-1.jpeg\",\"articleSection\":[\"Not\u00edcias\"],\"inLanguage\":\"es\",\"potentialAction\":[{\"@type\":\"CommentAction\",\"name\":\"Comment\",\"target\":[\"https:\/\/www.padreeustaquio.com.br\/imagens-raras-de-padre-eustaquio-no-brasil-sao-apresentadas-pela-causa-de-canonizacao\/#respond\"]}]},{\"@type\":\"WebPage\",\"@id\":\"https:\/\/www.padreeustaquio.com.br\/imagens-raras-de-padre-eustaquio-no-brasil-sao-apresentadas-pela-causa-de-canonizacao\/\",\"url\":\"https:\/\/www.padreeustaquio.com.br\/imagens-raras-de-padre-eustaquio-no-brasil-sao-apresentadas-pela-causa-de-canonizacao\/\",\"name\":\"Imagens raras de Padre Eust\u00e1quio no Brasil s\u00e3o apresentadas pela Causa de Canoniza\u00e7\u00e3o\",\"isPartOf\":{\"@id\":\"https:\/\/www.padreeustaquio.com.br\/#website\"},\"primaryImageOfPage\":{\"@id\":\"https:\/\/www.padreeustaquio.com.br\/imagens-raras-de-padre-eustaquio-no-brasil-sao-apresentadas-pela-causa-de-canonizacao\/#primaryimage\"},\"image\":{\"@id\":\"https:\/\/www.padreeustaquio.com.br\/imagens-raras-de-padre-eustaquio-no-brasil-sao-apresentadas-pela-causa-de-canonizacao\/#primaryimage\"},\"thumbnailUrl\":\"https:\/\/www.padreeustaquio.com.br\/wp-content\/uploads\/2024\/08\/apresenta-videos-1.jpeg\",\"datePublished\":\"2024-08-28T09:06:05+00:00\",\"description\":\"Um e-mail recebido pelo padre Vin\u00edcius Maciel, SSCC, vice-postulador da Causa de Canoniza\u00e7\u00e3o do Beato Padre Eust\u00e1quio no Brasil, deixou a equipe que pesquisa detalhes da vida do sacerdote surpresa e emocionada. A mensagem, enviada pelo sobrinho do Beato, Will van den Boomem, continha tr\u00eas v\u00eddeos gravados no Brasil, em meados da d\u00e9cada de 1930, que estavam guardados no Holanda.\",\"breadcrumb\":{\"@id\":\"https:\/\/www.padreeustaquio.com.br\/imagens-raras-de-padre-eustaquio-no-brasil-sao-apresentadas-pela-causa-de-canonizacao\/#breadcrumb\"},\"inLanguage\":\"es\",\"potentialAction\":[{\"@type\":\"ReadAction\",\"target\":[\"https:\/\/www.padreeustaquio.com.br\/imagens-raras-de-padre-eustaquio-no-brasil-sao-apresentadas-pela-causa-de-canonizacao\/\"]}]},{\"@type\":\"ImageObject\",\"inLanguage\":\"es\",\"@id\":\"https:\/\/www.padreeustaquio.com.br\/imagens-raras-de-padre-eustaquio-no-brasil-sao-apresentadas-pela-causa-de-canonizacao\/#primaryimage\",\"url\":\"https:\/\/www.padreeustaquio.com.br\/wp-content\/uploads\/2024\/08\/apresenta-videos-1.jpeg\",\"contentUrl\":\"https:\/\/www.padreeustaquio.com.br\/wp-content\/uploads\/2024\/08\/apresenta-videos-1.jpeg\",\"width\":1280,\"height\":960},{\"@type\":\"BreadcrumbList\",\"@id\":\"https:\/\/www.padreeustaquio.com.br\/imagens-raras-de-padre-eustaquio-no-brasil-sao-apresentadas-pela-causa-de-canonizacao\/#breadcrumb\",\"itemListElement\":[{\"@type\":\"ListItem\",\"position\":1,\"name\":\"In\u00edcio\",\"item\":\"https:\/\/www.padreeustaquio.com.br\/\"},{\"@type\":\"ListItem\",\"position\":2,\"name\":\"Imagens raras de Padre Eust\u00e1quio no Brasil s\u00e3o apresentadas pela Causa de Canoniza\u00e7\u00e3o\"}]},{\"@type\":\"WebSite\",\"@id\":\"https:\/\/www.padreeustaquio.com.br\/#website\",\"url\":\"https:\/\/www.padreeustaquio.com.br\/\",\"name\":\"Padre Eust\u00e1quio\",\"description\":\"Sa\u00fade e Paz\",\"publisher\":{\"@id\":\"https:\/\/www.padreeustaquio.com.br\/#organization\"},\"potentialAction\":[{\"@type\":\"SearchAction\",\"target\":{\"@type\":\"EntryPoint\",\"urlTemplate\":\"https:\/\/www.padreeustaquio.com.br\/?s={search_term_string}\"},\"query-input\":{\"@type\":\"PropertyValueSpecification\",\"valueRequired\":true,\"valueName\":\"search_term_string\"}}],\"inLanguage\":\"es\"},{\"@type\":\"Organization\",\"@id\":\"https:\/\/www.padreeustaquio.com.br\/#organization\",\"name\":\"Padre Eust\u00e1quio\",\"url\":\"https:\/\/www.padreeustaquio.com.br\/\",\"logo\":{\"@type\":\"ImageObject\",\"inLanguage\":\"es\",\"@id\":\"https:\/\/www.padreeustaquio.com.br\/#\/schema\/logo\/image\/\",\"url\":\"https:\/\/www.padreeustaquio.com.br\/wp-content\/uploads\/2019\/08\/marca.png\",\"contentUrl\":\"https:\/\/www.padreeustaquio.com.br\/wp-content\/uploads\/2019\/08\/marca.png\",\"width\":350,\"height\":400,\"caption\":\"Padre Eust\u00e1quio\"},\"image\":{\"@id\":\"https:\/\/www.padreeustaquio.com.br\/#\/schema\/logo\/image\/\"},\"sameAs\":[\"https:\/\/www.facebook.com\/beatopadreeustaquio\/\",\"https:\/\/x.com\/beatopeustaquio\",\"https:\/\/www.instagram.com\/beatopadreeustaquio\/\",\"https:\/\/www.youtube.com\/channel\/UCRhw7vfabnajwLxb1ZXMeIw\"]},{\"@type\":\"Person\",\"@id\":\"https:\/\/www.padreeustaquio.com.br\/#\/schema\/person\/a2a51db1d00f1a7af0204a0f1ddb1566\",\"name\":\"@sscc\",\"image\":{\"@type\":\"ImageObject\",\"inLanguage\":\"es\",\"@id\":\"https:\/\/secure.gravatar.com\/avatar\/68cfafa5f44617fea54071e215026e0ff06be366c3d54a8425f04fdcb86f8c5f?s=96&d=mm&r=g\",\"url\":\"https:\/\/secure.gravatar.com\/avatar\/68cfafa5f44617fea54071e215026e0ff06be366c3d54a8425f04fdcb86f8c5f?s=96&d=mm&r=g\",\"contentUrl\":\"https:\/\/secure.gravatar.com\/avatar\/68cfafa5f44617fea54071e215026e0ff06be366c3d54a8425f04fdcb86f8c5f?s=96&d=mm&r=g\",\"caption\":\"@sscc\"},\"url\":\"https:\/\/www.padreeustaquio.com.br\/es\/author\/sscc\/\"}]}<\/script>\n<!-- \/ Yoast SEO plugin. -->","yoast_head_json":{"title":"Im\u00e1genes raras del Padre Eustaquio en Brasil son presentadas por la Causa de Canonizaci\u00f3n.","description":"Un correo electr\u00f3nico recibido por el Padre Vin\u00edcius Maciel, SSCC, vicepostulador de la Causa de Canonizaci\u00f3n del Beato Padre Eust\u00e1quio en Brasil, sorprendi\u00f3 y conmovi\u00f3 al equipo que investigaba detalles de la vida del sacerdote. El mensaje, enviado por el sobrino del Beato, Will van den Boomem, conten\u00eda tres videos grabados en Brasil a mediados de la d\u00e9cada de 1930, que se encontraban almacenados en los Pa\u00edses Bajos.","robots":{"index":"index","follow":"follow","max-snippet":"max-snippet:-1","max-image-preview":"max-image-preview:large","max-video-preview":"max-video-preview:-1"},"canonical":"https:\/\/www.padreeustaquio.com.br\/es\/se-presentan-imagenes-raras-del-padre-eustaquio-en-brasil-en-apoyo-a-su-campana-de-canonizacion\/","og_locale":"es_ES","og_type":"article","og_title":"Imagens raras de Padre Eust\u00e1quio no Brasil s\u00e3o apresentadas pela Causa de Canoniza\u00e7\u00e3o","og_description":"Um e-mail recebido pelo padre Vin\u00edcius Maciel, SSCC, vice-postulador da Causa de Canoniza\u00e7\u00e3o do Beato Padre Eust\u00e1quio no Brasil, deixou a equipe que pesquisa detalhes da vida do sacerdote surpresa e emocionada. A mensagem, enviada pelo sobrinho do Beato, Will van den Boomem, continha tr\u00eas v\u00eddeos gravados no Brasil, em meados da d\u00e9cada de 1930, que estavam guardados no Holanda.","og_url":"https:\/\/www.padreeustaquio.com.br\/es\/se-presentan-imagenes-raras-del-padre-eustaquio-en-brasil-en-apoyo-a-su-campana-de-canonizacion\/","og_site_name":"Padre Eust\u00e1quio","article_publisher":"https:\/\/www.facebook.com\/beatopadreeustaquio\/","article_published_time":"2024-08-28T09:06:05+00:00","og_image":[{"width":1280,"height":960,"url":"https:\/\/www.padreeustaquio.com.br\/wp-content\/uploads\/2024\/08\/apresenta-videos-1.jpeg","type":"image\/jpeg"}],"author":"@sscc","twitter_card":"summary_large_image","twitter_creator":"@beatopeustaquio","twitter_site":"@beatopeustaquio","twitter_misc":{"Escrito por":"@sscc","Tiempo de lectura":"5 minutos"},"schema":{"@context":"https:\/\/schema.org","@graph":[{"@type":"Article","@id":"https:\/\/www.padreeustaquio.com.br\/imagens-raras-de-padre-eustaquio-no-brasil-sao-apresentadas-pela-causa-de-canonizacao\/#article","isPartOf":{"@id":"https:\/\/www.padreeustaquio.com.br\/imagens-raras-de-padre-eustaquio-no-brasil-sao-apresentadas-pela-causa-de-canonizacao\/"},"author":{"name":"@sscc","@id":"https:\/\/www.padreeustaquio.com.br\/#\/schema\/person\/a2a51db1d00f1a7af0204a0f1ddb1566"},"headline":"Imagens raras de Padre Eust\u00e1quio no Brasil s\u00e3o apresentadas pela Causa de Canoniza\u00e7\u00e3o","datePublished":"2024-08-28T09:06:05+00:00","mainEntityOfPage":{"@id":"https:\/\/www.padreeustaquio.com.br\/imagens-raras-de-padre-eustaquio-no-brasil-sao-apresentadas-pela-causa-de-canonizacao\/"},"wordCount":898,"commentCount":0,"publisher":{"@id":"https:\/\/www.padreeustaquio.com.br\/#organization"},"image":{"@id":"https:\/\/www.padreeustaquio.com.br\/imagens-raras-de-padre-eustaquio-no-brasil-sao-apresentadas-pela-causa-de-canonizacao\/#primaryimage"},"thumbnailUrl":"https:\/\/www.padreeustaquio.com.br\/wp-content\/uploads\/2024\/08\/apresenta-videos-1.jpeg","articleSection":["Not\u00edcias"],"inLanguage":"es","potentialAction":[{"@type":"CommentAction","name":"Comment","target":["https:\/\/www.padreeustaquio.com.br\/imagens-raras-de-padre-eustaquio-no-brasil-sao-apresentadas-pela-causa-de-canonizacao\/#respond"]}]},{"@type":"WebPage","@id":"https:\/\/www.padreeustaquio.com.br\/imagens-raras-de-padre-eustaquio-no-brasil-sao-apresentadas-pela-causa-de-canonizacao\/","url":"https:\/\/www.padreeustaquio.com.br\/imagens-raras-de-padre-eustaquio-no-brasil-sao-apresentadas-pela-causa-de-canonizacao\/","name":"Im\u00e1genes raras del Padre Eustaquio en Brasil son presentadas por la Causa de Canonizaci\u00f3n.","isPartOf":{"@id":"https:\/\/www.padreeustaquio.com.br\/#website"},"primaryImageOfPage":{"@id":"https:\/\/www.padreeustaquio.com.br\/imagens-raras-de-padre-eustaquio-no-brasil-sao-apresentadas-pela-causa-de-canonizacao\/#primaryimage"},"image":{"@id":"https:\/\/www.padreeustaquio.com.br\/imagens-raras-de-padre-eustaquio-no-brasil-sao-apresentadas-pela-causa-de-canonizacao\/#primaryimage"},"thumbnailUrl":"https:\/\/www.padreeustaquio.com.br\/wp-content\/uploads\/2024\/08\/apresenta-videos-1.jpeg","datePublished":"2024-08-28T09:06:05+00:00","description":"Un correo electr\u00f3nico recibido por el Padre Vin\u00edcius Maciel, SSCC, vicepostulador de la Causa de Canonizaci\u00f3n del Beato Padre Eust\u00e1quio en Brasil, sorprendi\u00f3 y conmovi\u00f3 al equipo que investigaba detalles de la vida del sacerdote. El mensaje, enviado por el sobrino del Beato, Will van den Boomem, conten\u00eda tres videos grabados en Brasil a mediados de la d\u00e9cada de 1930, que se encontraban almacenados en los Pa\u00edses Bajos.","breadcrumb":{"@id":"https:\/\/www.padreeustaquio.com.br\/imagens-raras-de-padre-eustaquio-no-brasil-sao-apresentadas-pela-causa-de-canonizacao\/#breadcrumb"},"inLanguage":"es","potentialAction":[{"@type":"ReadAction","target":["https:\/\/www.padreeustaquio.com.br\/imagens-raras-de-padre-eustaquio-no-brasil-sao-apresentadas-pela-causa-de-canonizacao\/"]}]},{"@type":"ImageObject","inLanguage":"es","@id":"https:\/\/www.padreeustaquio.com.br\/imagens-raras-de-padre-eustaquio-no-brasil-sao-apresentadas-pela-causa-de-canonizacao\/#primaryimage","url":"https:\/\/www.padreeustaquio.com.br\/wp-content\/uploads\/2024\/08\/apresenta-videos-1.jpeg","contentUrl":"https:\/\/www.padreeustaquio.com.br\/wp-content\/uploads\/2024\/08\/apresenta-videos-1.jpeg","width":1280,"height":960},{"@type":"BreadcrumbList","@id":"https:\/\/www.padreeustaquio.com.br\/imagens-raras-de-padre-eustaquio-no-brasil-sao-apresentadas-pela-causa-de-canonizacao\/#breadcrumb","itemListElement":[{"@type":"ListItem","position":1,"name":"In\u00edcio","item":"https:\/\/www.padreeustaquio.com.br\/"},{"@type":"ListItem","position":2,"name":"Imagens raras de Padre Eust\u00e1quio no Brasil s\u00e3o apresentadas pela Causa de Canoniza\u00e7\u00e3o"}]},{"@type":"WebSite","@id":"https:\/\/www.padreeustaquio.com.br\/#website","url":"https:\/\/www.padreeustaquio.com.br\/","name":"Padre Eustace","description":"Salud y Paz","publisher":{"@id":"https:\/\/www.padreeustaquio.com.br\/#organization"},"potentialAction":[{"@type":"SearchAction","target":{"@type":"EntryPoint","urlTemplate":"https:\/\/www.padreeustaquio.com.br\/?s={search_term_string}"},"query-input":{"@type":"PropertyValueSpecification","valueRequired":true,"valueName":"search_term_string"}}],"inLanguage":"es"},{"@type":"Organization","@id":"https:\/\/www.padreeustaquio.com.br\/#organization","name":"Padre Eustace","url":"https:\/\/www.padreeustaquio.com.br\/","logo":{"@type":"ImageObject","inLanguage":"es","@id":"https:\/\/www.padreeustaquio.com.br\/#\/schema\/logo\/image\/","url":"https:\/\/www.padreeustaquio.com.br\/wp-content\/uploads\/2019\/08\/marca.png","contentUrl":"https:\/\/www.padreeustaquio.com.br\/wp-content\/uploads\/2019\/08\/marca.png","width":350,"height":400,"caption":"Padre Eust\u00e1quio"},"image":{"@id":"https:\/\/www.padreeustaquio.com.br\/#\/schema\/logo\/image\/"},"sameAs":["https:\/\/www.facebook.com\/beatopadreeustaquio\/","https:\/\/x.com\/beatopeustaquio","https:\/\/www.instagram.com\/beatopadreeustaquio\/","https:\/\/www.youtube.com\/channel\/UCRhw7vfabnajwLxb1ZXMeIw"]},{"@type":"Person","@id":"https:\/\/www.padreeustaquio.com.br\/#\/schema\/person\/a2a51db1d00f1a7af0204a0f1ddb1566","name":"@sscc","image":{"@type":"ImageObject","inLanguage":"es","@id":"https:\/\/secure.gravatar.com\/avatar\/68cfafa5f44617fea54071e215026e0ff06be366c3d54a8425f04fdcb86f8c5f?s=96&d=mm&r=g","url":"https:\/\/secure.gravatar.com\/avatar\/68cfafa5f44617fea54071e215026e0ff06be366c3d54a8425f04fdcb86f8c5f?s=96&d=mm&r=g","contentUrl":"https:\/\/secure.gravatar.com\/avatar\/68cfafa5f44617fea54071e215026e0ff06be366c3d54a8425f04fdcb86f8c5f?s=96&d=mm&r=g","caption":"@sscc"},"url":"https:\/\/www.padreeustaquio.com.br\/es\/author\/sscc\/"}]}},"_links":{"self":[{"href":"https:\/\/www.padreeustaquio.com.br\/es\/wp-json\/wp\/v2\/posts\/11576","targetHints":{"allow":["GET"]}}],"collection":[{"href":"https:\/\/www.padreeustaquio.com.br\/es\/wp-json\/wp\/v2\/posts"}],"about":[{"href":"https:\/\/www.padreeustaquio.com.br\/es\/wp-json\/wp\/v2\/types\/post"}],"author":[{"embeddable":true,"href":"https:\/\/www.padreeustaquio.com.br\/es\/wp-json\/wp\/v2\/users\/2"}],"replies":[{"embeddable":true,"href":"https:\/\/www.padreeustaquio.com.br\/es\/wp-json\/wp\/v2\/comments?post=11576"}],"version-history":[{"count":0,"href":"https:\/\/www.padreeustaquio.com.br\/es\/wp-json\/wp\/v2\/posts\/11576\/revisions"}],"wp:featuredmedia":[{"embeddable":true,"href":"https:\/\/www.padreeustaquio.com.br\/es\/wp-json\/wp\/v2\/media\/11577"}],"wp:attachment":[{"href":"https:\/\/www.padreeustaquio.com.br\/es\/wp-json\/wp\/v2\/media?parent=11576"}],"wp:term":[{"taxonomy":"category","embeddable":true,"href":"https:\/\/www.padreeustaquio.com.br\/es\/wp-json\/wp\/v2\/categories?post=11576"},{"taxonomy":"post_tag","embeddable":true,"href":"https:\/\/www.padreeustaquio.com.br\/es\/wp-json\/wp\/v2\/tags?post=11576"}],"curies":[{"name":"wp","href":"https:\/\/api.w.org\/{rel}","templated":true}]}}