{"id":11570,"date":"2024-08-27T21:02:37","date_gmt":"2024-08-28T00:02:37","guid":{"rendered":"https:\/\/www.padreeustaquio.com.br\/?p=11570"},"modified":"2024-08-27T21:04:09","modified_gmt":"2024-08-28T00:04:09","slug":"la-virtud-de-la-justicia-es-el-tema-del-sexto-dia-de-la-novena-al-beato-padre-eustaquio","status":"publish","type":"post","link":"https:\/\/www.padreeustaquio.com.br\/es\/la-virtud-de-la-justicia-es-el-tema-del-sexto-dia-de-la-novena-al-beato-padre-eustaquio\/","title":{"rendered":"La Virtud de la Justicia es el tema del sexto d\u00eda de la Novena al Beato Padre Eustaquio."},"content":{"rendered":"<p>El sexto d\u00eda de la Novena al Beato Padre Eust\u00e1quio, rezada este lunes (26), reuni\u00f3 a cientos de personas en el Santuario Arquidiocesano de Salud y Paz, en Bosnia y Herzegovina. El Padre Eribaldo dos Santos, de la Parroquia de Nuestra Se\u00f1ora de la Concepci\u00f3n, en Sabar\u00e1, MG, presidi\u00f3 la celebraci\u00f3n.<\/p>\n<p><img fetchpriority=\"high\" decoding=\"async\" class=\"size-medium wp-image-11573 alignleft\" src=\"https:\/\/www.padreeustaquio.com.br\/wp-content\/uploads\/2024\/08\/sexto-dia-novena-1-300x300.jpg\" alt=\"\" width=\"300\" height=\"300\" srcset=\"https:\/\/www.padreeustaquio.com.br\/wp-content\/uploads\/2024\/08\/sexto-dia-novena-1-300x300.jpg 300w, https:\/\/www.padreeustaquio.com.br\/wp-content\/uploads\/2024\/08\/sexto-dia-novena-1-1024x1024.jpg 1024w, https:\/\/www.padreeustaquio.com.br\/wp-content\/uploads\/2024\/08\/sexto-dia-novena-1-150x150.jpg 150w, https:\/\/www.padreeustaquio.com.br\/wp-content\/uploads\/2024\/08\/sexto-dia-novena-1-768x768.jpg 768w, https:\/\/www.padreeustaquio.com.br\/wp-content\/uploads\/2024\/08\/sexto-dia-novena-1-75x75.jpg 75w, https:\/\/www.padreeustaquio.com.br\/wp-content\/uploads\/2024\/08\/sexto-dia-novena-1-180x180.jpg 180w, https:\/\/www.padreeustaquio.com.br\/wp-content\/uploads\/2024\/08\/sexto-dia-novena-1-400x400.jpg 400w, https:\/\/www.padreeustaquio.com.br\/wp-content\/uploads\/2024\/08\/sexto-dia-novena-1-600x600.jpg 600w, https:\/\/www.padreeustaquio.com.br\/wp-content\/uploads\/2024\/08\/sexto-dia-novena-1.jpg 1080w\" sizes=\"(max-width: 300px) 100vw, 300px\" \/>Durante la meditaci\u00f3n de la novena, el Padre Eribaldo ley\u00f3 el pasaje que vinculaba al Sant\u00edsimo con la virtud de la Justicia:\u201c<em>Todos consideraban al Padre Eustaquio un hombre justo. Siempre defendi\u00f3 los derechos de los menos afortunados. No toleraba prejuicios en el ejercicio de sus funciones ni en la pr\u00e1ctica de la caridad cristiana. Cuando la justicia le exig\u00eda actuar con cierto rigor, siempre lo hac\u00eda con la debida moderaci\u00f3n, centr\u00e1ndose m\u00e1s en el agravio que en el ofensor.\u201d<\/em><\/p>\n<p><img decoding=\"async\" class=\"size-medium wp-image-11574 alignright\" src=\"https:\/\/www.padreeustaquio.com.br\/wp-content\/uploads\/2024\/08\/sexto-dia-novena-3-300x300.jpg\" alt=\"\" width=\"300\" height=\"300\" srcset=\"https:\/\/www.padreeustaquio.com.br\/wp-content\/uploads\/2024\/08\/sexto-dia-novena-3-300x300.jpg 300w, https:\/\/www.padreeustaquio.com.br\/wp-content\/uploads\/2024\/08\/sexto-dia-novena-3-1024x1024.jpg 1024w, https:\/\/www.padreeustaquio.com.br\/wp-content\/uploads\/2024\/08\/sexto-dia-novena-3-150x150.jpg 150w, https:\/\/www.padreeustaquio.com.br\/wp-content\/uploads\/2024\/08\/sexto-dia-novena-3-768x768.jpg 768w, https:\/\/www.padreeustaquio.com.br\/wp-content\/uploads\/2024\/08\/sexto-dia-novena-3-75x75.jpg 75w, https:\/\/www.padreeustaquio.com.br\/wp-content\/uploads\/2024\/08\/sexto-dia-novena-3-180x180.jpg 180w, https:\/\/www.padreeustaquio.com.br\/wp-content\/uploads\/2024\/08\/sexto-dia-novena-3-400x400.jpg 400w, https:\/\/www.padreeustaquio.com.br\/wp-content\/uploads\/2024\/08\/sexto-dia-novena-3-600x600.jpg 600w, https:\/\/www.padreeustaquio.com.br\/wp-content\/uploads\/2024\/08\/sexto-dia-novena-3.jpg 1080w\" sizes=\"(max-width: 300px) 100vw, 300px\" \/>La Santa Misa reuni\u00f3 a los Eustaquianos, sus hermanas, los miembros de las Damas de la Caridad y los miembros del Ministerio del Diezmo. Inmediatamente despu\u00e9s, los catequistas de Primera Comuni\u00f3n y los monaguillos instalaron sus puestos en el Espacio Molokai y el Centro Comunitario.<\/p>","protected":false},"excerpt":{"rendered":"<p>O sexto dia da Novena ao Beato Padre Eust\u00e1quio, rezado nessa segunda-feira (26) reuniu centenas de pessoas no Santu\u00e1rio Arquidiocesano da Sa\u00fade e da Paz, em BH. Quem presidiu a celebra\u00e7\u00e3o foi o padre Eribaldo dos Santos, da Par\u00f3quia Nossa Senhora da Concei\u00e7\u00e3o, de Sabar\u00e1-MG. Durante a medita\u00e7\u00e3o da novena, padre Eribaldo leu o trecho que relacionava o Beato \u00e0 virtude da Justi\u00e7a: &#8220;Todos consideravam Padre Eust\u00e1quio um homem justo. Defendia sempre os direitos dos menos favorecidos. N\u00e3o admitia o pr\u00e9-julgamento de pessoas no cumprimento de seus deveres e na pr\u00e1tica da caridade crist\u00e3. Quando a justi\u00e7a lhe impunha agir [&hellip;]<\/p>\n","protected":false},"author":2,"featured_media":11571,"comment_status":"open","ping_status":"closed","sticky":false,"template":"","format":"standard","meta":{"_acf_changed":false,"footnotes":""},"categories":[611],"tags":[],"class_list":["post-11570","post","type-post","status-publish","format-standard","has-post-thumbnail","hentry","category-noticias"],"acf":[],"yoast_head":"<!-- This site is optimized with the Yoast SEO plugin v27.2 - https:\/\/yoast.com\/product\/yoast-seo-wordpress\/ -->\n<title>Virtude da Justi\u00e7a \u00e9 tema do 6\u00ba dia da Novena ao Bem-Aventurado Padre Eust\u00e1quio<\/title>\n<meta name=\"description\" content=\"O sexto dia da Novena ao Beato Padre Eust\u00e1quio, rezado nessa segunda-feira (26) reuniu centenas de pessoas no Santu\u00e1rio Arquidiocesano da Sa\u00fade e da Paz, em BH. Quem presidiu a celebra\u00e7\u00e3o foi o padre Eribaldo dos Santos, da Par\u00f3quia Nossa Senhora da Concei\u00e7\u00e3o, de Sabar\u00e1-MG.\" \/>\n<meta name=\"robots\" content=\"index, follow, max-snippet:-1, max-image-preview:large, max-video-preview:-1\" \/>\n<link rel=\"canonical\" href=\"https:\/\/www.padreeustaquio.com.br\/es\/la-virtud-de-la-justicia-es-el-tema-del-sexto-dia-de-la-novena-al-beato-padre-eustaquio\/\" \/>\n<meta property=\"og:locale\" content=\"es_ES\" \/>\n<meta property=\"og:type\" content=\"article\" \/>\n<meta property=\"og:title\" content=\"Virtude da Justi\u00e7a \u00e9 tema do 6\u00ba dia da Novena ao Bem-Aventurado Padre Eust\u00e1quio\" \/>\n<meta property=\"og:description\" content=\"O sexto dia da Novena ao Beato Padre Eust\u00e1quio, rezado nessa segunda-feira (26) reuniu centenas de pessoas no Santu\u00e1rio Arquidiocesano da Sa\u00fade e da Paz, em BH. Quem presidiu a celebra\u00e7\u00e3o foi o padre Eribaldo dos Santos, da Par\u00f3quia Nossa Senhora da Concei\u00e7\u00e3o, de Sabar\u00e1-MG.\" \/>\n<meta property=\"og:url\" content=\"https:\/\/www.padreeustaquio.com.br\/es\/la-virtud-de-la-justicia-es-el-tema-del-sexto-dia-de-la-novena-al-beato-padre-eustaquio\/\" \/>\n<meta property=\"og:site_name\" content=\"Padre Eust\u00e1quio\" \/>\n<meta property=\"article:publisher\" content=\"https:\/\/www.facebook.com\/beatopadreeustaquio\/\" \/>\n<meta property=\"article:published_time\" content=\"2024-08-28T00:02:37+00:00\" \/>\n<meta property=\"article:modified_time\" content=\"2024-08-28T00:04:09+00:00\" \/>\n<meta property=\"og:image\" content=\"https:\/\/www.padreeustaquio.com.br\/wp-content\/uploads\/2024\/08\/sexto-dia-novena-2.jpg\" \/>\n\t<meta property=\"og:image:width\" content=\"1080\" \/>\n\t<meta property=\"og:image:height\" content=\"1080\" \/>\n\t<meta property=\"og:image:type\" content=\"image\/jpeg\" \/>\n<meta name=\"author\" content=\"@sscc\" \/>\n<meta name=\"twitter:card\" content=\"summary_large_image\" \/>\n<meta name=\"twitter:creator\" content=\"@beatopeustaquio\" \/>\n<meta name=\"twitter:site\" content=\"@beatopeustaquio\" \/>\n<meta name=\"twitter:label1\" content=\"Escrito por\" \/>\n\t<meta name=\"twitter:data1\" content=\"@sscc\" \/>\n\t<meta name=\"twitter:label2\" content=\"Tiempo de lectura\" \/>\n\t<meta name=\"twitter:data2\" content=\"2 minutos\" \/>\n<script type=\"application\/ld+json\" class=\"yoast-schema-graph\">{\"@context\":\"https:\/\/schema.org\",\"@graph\":[{\"@type\":\"Article\",\"@id\":\"https:\/\/www.padreeustaquio.com.br\/virtude-da-justica-e-tema-do-6o-dia-da-novena-ao-bem-aventurado-padre-eustaquio\/#article\",\"isPartOf\":{\"@id\":\"https:\/\/www.padreeustaquio.com.br\/virtude-da-justica-e-tema-do-6o-dia-da-novena-ao-bem-aventurado-padre-eustaquio\/\"},\"author\":{\"name\":\"@sscc\",\"@id\":\"https:\/\/www.padreeustaquio.com.br\/#\/schema\/person\/a2a51db1d00f1a7af0204a0f1ddb1566\"},\"headline\":\"Virtude da Justi\u00e7a \u00e9 tema do 6\u00ba dia da Novena ao Bem-Aventurado Padre Eust\u00e1quio\",\"datePublished\":\"2024-08-28T00:02:37+00:00\",\"dateModified\":\"2024-08-28T00:04:09+00:00\",\"mainEntityOfPage\":{\"@id\":\"https:\/\/www.padreeustaquio.com.br\/virtude-da-justica-e-tema-do-6o-dia-da-novena-ao-bem-aventurado-padre-eustaquio\/\"},\"wordCount\":193,\"commentCount\":0,\"publisher\":{\"@id\":\"https:\/\/www.padreeustaquio.com.br\/#organization\"},\"image\":{\"@id\":\"https:\/\/www.padreeustaquio.com.br\/virtude-da-justica-e-tema-do-6o-dia-da-novena-ao-bem-aventurado-padre-eustaquio\/#primaryimage\"},\"thumbnailUrl\":\"https:\/\/www.padreeustaquio.com.br\/wp-content\/uploads\/2024\/08\/sexto-dia-novena-2.jpg\",\"articleSection\":[\"Not\u00edcias\"],\"inLanguage\":\"es\",\"potentialAction\":[{\"@type\":\"CommentAction\",\"name\":\"Comment\",\"target\":[\"https:\/\/www.padreeustaquio.com.br\/virtude-da-justica-e-tema-do-6o-dia-da-novena-ao-bem-aventurado-padre-eustaquio\/#respond\"]}]},{\"@type\":\"WebPage\",\"@id\":\"https:\/\/www.padreeustaquio.com.br\/virtude-da-justica-e-tema-do-6o-dia-da-novena-ao-bem-aventurado-padre-eustaquio\/\",\"url\":\"https:\/\/www.padreeustaquio.com.br\/virtude-da-justica-e-tema-do-6o-dia-da-novena-ao-bem-aventurado-padre-eustaquio\/\",\"name\":\"Virtude da Justi\u00e7a \u00e9 tema do 6\u00ba dia da Novena ao Bem-Aventurado Padre Eust\u00e1quio\",\"isPartOf\":{\"@id\":\"https:\/\/www.padreeustaquio.com.br\/#website\"},\"primaryImageOfPage\":{\"@id\":\"https:\/\/www.padreeustaquio.com.br\/virtude-da-justica-e-tema-do-6o-dia-da-novena-ao-bem-aventurado-padre-eustaquio\/#primaryimage\"},\"image\":{\"@id\":\"https:\/\/www.padreeustaquio.com.br\/virtude-da-justica-e-tema-do-6o-dia-da-novena-ao-bem-aventurado-padre-eustaquio\/#primaryimage\"},\"thumbnailUrl\":\"https:\/\/www.padreeustaquio.com.br\/wp-content\/uploads\/2024\/08\/sexto-dia-novena-2.jpg\",\"datePublished\":\"2024-08-28T00:02:37+00:00\",\"dateModified\":\"2024-08-28T00:04:09+00:00\",\"description\":\"O sexto dia da Novena ao Beato Padre Eust\u00e1quio, rezado nessa segunda-feira (26) reuniu centenas de pessoas no Santu\u00e1rio Arquidiocesano da Sa\u00fade e da Paz, em BH. Quem presidiu a celebra\u00e7\u00e3o foi o padre Eribaldo dos Santos, da Par\u00f3quia Nossa Senhora da Concei\u00e7\u00e3o, de Sabar\u00e1-MG.\",\"breadcrumb\":{\"@id\":\"https:\/\/www.padreeustaquio.com.br\/virtude-da-justica-e-tema-do-6o-dia-da-novena-ao-bem-aventurado-padre-eustaquio\/#breadcrumb\"},\"inLanguage\":\"es\",\"potentialAction\":[{\"@type\":\"ReadAction\",\"target\":[\"https:\/\/www.padreeustaquio.com.br\/virtude-da-justica-e-tema-do-6o-dia-da-novena-ao-bem-aventurado-padre-eustaquio\/\"]}]},{\"@type\":\"ImageObject\",\"inLanguage\":\"es\",\"@id\":\"https:\/\/www.padreeustaquio.com.br\/virtude-da-justica-e-tema-do-6o-dia-da-novena-ao-bem-aventurado-padre-eustaquio\/#primaryimage\",\"url\":\"https:\/\/www.padreeustaquio.com.br\/wp-content\/uploads\/2024\/08\/sexto-dia-novena-2.jpg\",\"contentUrl\":\"https:\/\/www.padreeustaquio.com.br\/wp-content\/uploads\/2024\/08\/sexto-dia-novena-2.jpg\",\"width\":1080,\"height\":1080},{\"@type\":\"BreadcrumbList\",\"@id\":\"https:\/\/www.padreeustaquio.com.br\/virtude-da-justica-e-tema-do-6o-dia-da-novena-ao-bem-aventurado-padre-eustaquio\/#breadcrumb\",\"itemListElement\":[{\"@type\":\"ListItem\",\"position\":1,\"name\":\"In\u00edcio\",\"item\":\"https:\/\/www.padreeustaquio.com.br\/\"},{\"@type\":\"ListItem\",\"position\":2,\"name\":\"Virtude da Justi\u00e7a \u00e9 tema do 6\u00ba dia da Novena ao Bem-Aventurado Padre Eust\u00e1quio\"}]},{\"@type\":\"WebSite\",\"@id\":\"https:\/\/www.padreeustaquio.com.br\/#website\",\"url\":\"https:\/\/www.padreeustaquio.com.br\/\",\"name\":\"Padre Eust\u00e1quio\",\"description\":\"Sa\u00fade e Paz\",\"publisher\":{\"@id\":\"https:\/\/www.padreeustaquio.com.br\/#organization\"},\"potentialAction\":[{\"@type\":\"SearchAction\",\"target\":{\"@type\":\"EntryPoint\",\"urlTemplate\":\"https:\/\/www.padreeustaquio.com.br\/?s={search_term_string}\"},\"query-input\":{\"@type\":\"PropertyValueSpecification\",\"valueRequired\":true,\"valueName\":\"search_term_string\"}}],\"inLanguage\":\"es\"},{\"@type\":\"Organization\",\"@id\":\"https:\/\/www.padreeustaquio.com.br\/#organization\",\"name\":\"Padre Eust\u00e1quio\",\"url\":\"https:\/\/www.padreeustaquio.com.br\/\",\"logo\":{\"@type\":\"ImageObject\",\"inLanguage\":\"es\",\"@id\":\"https:\/\/www.padreeustaquio.com.br\/#\/schema\/logo\/image\/\",\"url\":\"https:\/\/www.padreeustaquio.com.br\/wp-content\/uploads\/2019\/08\/marca.png\",\"contentUrl\":\"https:\/\/www.padreeustaquio.com.br\/wp-content\/uploads\/2019\/08\/marca.png\",\"width\":350,\"height\":400,\"caption\":\"Padre Eust\u00e1quio\"},\"image\":{\"@id\":\"https:\/\/www.padreeustaquio.com.br\/#\/schema\/logo\/image\/\"},\"sameAs\":[\"https:\/\/www.facebook.com\/beatopadreeustaquio\/\",\"https:\/\/x.com\/beatopeustaquio\",\"https:\/\/www.instagram.com\/beatopadreeustaquio\/\",\"https:\/\/www.youtube.com\/channel\/UCRhw7vfabnajwLxb1ZXMeIw\"]},{\"@type\":\"Person\",\"@id\":\"https:\/\/www.padreeustaquio.com.br\/#\/schema\/person\/a2a51db1d00f1a7af0204a0f1ddb1566\",\"name\":\"@sscc\",\"image\":{\"@type\":\"ImageObject\",\"inLanguage\":\"es\",\"@id\":\"https:\/\/secure.gravatar.com\/avatar\/68cfafa5f44617fea54071e215026e0ff06be366c3d54a8425f04fdcb86f8c5f?s=96&d=mm&r=g\",\"url\":\"https:\/\/secure.gravatar.com\/avatar\/68cfafa5f44617fea54071e215026e0ff06be366c3d54a8425f04fdcb86f8c5f?s=96&d=mm&r=g\",\"contentUrl\":\"https:\/\/secure.gravatar.com\/avatar\/68cfafa5f44617fea54071e215026e0ff06be366c3d54a8425f04fdcb86f8c5f?s=96&d=mm&r=g\",\"caption\":\"@sscc\"},\"url\":\"https:\/\/www.padreeustaquio.com.br\/es\/author\/sscc\/\"}]}<\/script>\n<!-- \/ Yoast SEO plugin. -->","yoast_head_json":{"title":"La Virtud de la Justicia es el tema del sexto d\u00eda de la Novena al Beato Padre Eustaquio.","description":"El sexto d\u00eda de la Novena al Beato Padre Eust\u00e1quio, rezada este lunes (26), reuni\u00f3 a cientos de personas en el Santuario Arquidiocesano de Salud y Paz, en Bosnia y Herzegovina. El Padre Eribaldo dos Santos, de la Parroquia de Nuestra Se\u00f1ora de la Concepci\u00f3n, en Sabar\u00e1, MG, presidi\u00f3 la celebraci\u00f3n.","robots":{"index":"index","follow":"follow","max-snippet":"max-snippet:-1","max-image-preview":"max-image-preview:large","max-video-preview":"max-video-preview:-1"},"canonical":"https:\/\/www.padreeustaquio.com.br\/es\/la-virtud-de-la-justicia-es-el-tema-del-sexto-dia-de-la-novena-al-beato-padre-eustaquio\/","og_locale":"es_ES","og_type":"article","og_title":"Virtude da Justi\u00e7a \u00e9 tema do 6\u00ba dia da Novena ao Bem-Aventurado Padre Eust\u00e1quio","og_description":"O sexto dia da Novena ao Beato Padre Eust\u00e1quio, rezado nessa segunda-feira (26) reuniu centenas de pessoas no Santu\u00e1rio Arquidiocesano da Sa\u00fade e da Paz, em BH. Quem presidiu a celebra\u00e7\u00e3o foi o padre Eribaldo dos Santos, da Par\u00f3quia Nossa Senhora da Concei\u00e7\u00e3o, de Sabar\u00e1-MG.","og_url":"https:\/\/www.padreeustaquio.com.br\/es\/la-virtud-de-la-justicia-es-el-tema-del-sexto-dia-de-la-novena-al-beato-padre-eustaquio\/","og_site_name":"Padre Eust\u00e1quio","article_publisher":"https:\/\/www.facebook.com\/beatopadreeustaquio\/","article_published_time":"2024-08-28T00:02:37+00:00","article_modified_time":"2024-08-28T00:04:09+00:00","og_image":[{"width":1080,"height":1080,"url":"https:\/\/www.padreeustaquio.com.br\/wp-content\/uploads\/2024\/08\/sexto-dia-novena-2.jpg","type":"image\/jpeg"}],"author":"@sscc","twitter_card":"summary_large_image","twitter_creator":"@beatopeustaquio","twitter_site":"@beatopeustaquio","twitter_misc":{"Escrito por":"@sscc","Tiempo de lectura":"2 minutos"},"schema":{"@context":"https:\/\/schema.org","@graph":[{"@type":"Article","@id":"https:\/\/www.padreeustaquio.com.br\/virtude-da-justica-e-tema-do-6o-dia-da-novena-ao-bem-aventurado-padre-eustaquio\/#article","isPartOf":{"@id":"https:\/\/www.padreeustaquio.com.br\/virtude-da-justica-e-tema-do-6o-dia-da-novena-ao-bem-aventurado-padre-eustaquio\/"},"author":{"name":"@sscc","@id":"https:\/\/www.padreeustaquio.com.br\/#\/schema\/person\/a2a51db1d00f1a7af0204a0f1ddb1566"},"headline":"Virtude da Justi\u00e7a \u00e9 tema do 6\u00ba dia da Novena ao Bem-Aventurado Padre Eust\u00e1quio","datePublished":"2024-08-28T00:02:37+00:00","dateModified":"2024-08-28T00:04:09+00:00","mainEntityOfPage":{"@id":"https:\/\/www.padreeustaquio.com.br\/virtude-da-justica-e-tema-do-6o-dia-da-novena-ao-bem-aventurado-padre-eustaquio\/"},"wordCount":193,"commentCount":0,"publisher":{"@id":"https:\/\/www.padreeustaquio.com.br\/#organization"},"image":{"@id":"https:\/\/www.padreeustaquio.com.br\/virtude-da-justica-e-tema-do-6o-dia-da-novena-ao-bem-aventurado-padre-eustaquio\/#primaryimage"},"thumbnailUrl":"https:\/\/www.padreeustaquio.com.br\/wp-content\/uploads\/2024\/08\/sexto-dia-novena-2.jpg","articleSection":["Not\u00edcias"],"inLanguage":"es","potentialAction":[{"@type":"CommentAction","name":"Comment","target":["https:\/\/www.padreeustaquio.com.br\/virtude-da-justica-e-tema-do-6o-dia-da-novena-ao-bem-aventurado-padre-eustaquio\/#respond"]}]},{"@type":"WebPage","@id":"https:\/\/www.padreeustaquio.com.br\/virtude-da-justica-e-tema-do-6o-dia-da-novena-ao-bem-aventurado-padre-eustaquio\/","url":"https:\/\/www.padreeustaquio.com.br\/virtude-da-justica-e-tema-do-6o-dia-da-novena-ao-bem-aventurado-padre-eustaquio\/","name":"La Virtud de la Justicia es el tema del sexto d\u00eda de la Novena al Beato Padre Eustaquio.","isPartOf":{"@id":"https:\/\/www.padreeustaquio.com.br\/#website"},"primaryImageOfPage":{"@id":"https:\/\/www.padreeustaquio.com.br\/virtude-da-justica-e-tema-do-6o-dia-da-novena-ao-bem-aventurado-padre-eustaquio\/#primaryimage"},"image":{"@id":"https:\/\/www.padreeustaquio.com.br\/virtude-da-justica-e-tema-do-6o-dia-da-novena-ao-bem-aventurado-padre-eustaquio\/#primaryimage"},"thumbnailUrl":"https:\/\/www.padreeustaquio.com.br\/wp-content\/uploads\/2024\/08\/sexto-dia-novena-2.jpg","datePublished":"2024-08-28T00:02:37+00:00","dateModified":"2024-08-28T00:04:09+00:00","description":"El sexto d\u00eda de la Novena al Beato Padre Eust\u00e1quio, rezada este lunes (26), reuni\u00f3 a cientos de personas en el Santuario Arquidiocesano de Salud y Paz, en Bosnia y Herzegovina. El Padre Eribaldo dos Santos, de la Parroquia de Nuestra Se\u00f1ora de la Concepci\u00f3n, en Sabar\u00e1, MG, presidi\u00f3 la celebraci\u00f3n.","breadcrumb":{"@id":"https:\/\/www.padreeustaquio.com.br\/virtude-da-justica-e-tema-do-6o-dia-da-novena-ao-bem-aventurado-padre-eustaquio\/#breadcrumb"},"inLanguage":"es","potentialAction":[{"@type":"ReadAction","target":["https:\/\/www.padreeustaquio.com.br\/virtude-da-justica-e-tema-do-6o-dia-da-novena-ao-bem-aventurado-padre-eustaquio\/"]}]},{"@type":"ImageObject","inLanguage":"es","@id":"https:\/\/www.padreeustaquio.com.br\/virtude-da-justica-e-tema-do-6o-dia-da-novena-ao-bem-aventurado-padre-eustaquio\/#primaryimage","url":"https:\/\/www.padreeustaquio.com.br\/wp-content\/uploads\/2024\/08\/sexto-dia-novena-2.jpg","contentUrl":"https:\/\/www.padreeustaquio.com.br\/wp-content\/uploads\/2024\/08\/sexto-dia-novena-2.jpg","width":1080,"height":1080},{"@type":"BreadcrumbList","@id":"https:\/\/www.padreeustaquio.com.br\/virtude-da-justica-e-tema-do-6o-dia-da-novena-ao-bem-aventurado-padre-eustaquio\/#breadcrumb","itemListElement":[{"@type":"ListItem","position":1,"name":"In\u00edcio","item":"https:\/\/www.padreeustaquio.com.br\/"},{"@type":"ListItem","position":2,"name":"Virtude da Justi\u00e7a \u00e9 tema do 6\u00ba dia da Novena ao Bem-Aventurado Padre Eust\u00e1quio"}]},{"@type":"WebSite","@id":"https:\/\/www.padreeustaquio.com.br\/#website","url":"https:\/\/www.padreeustaquio.com.br\/","name":"Padre Eustace","description":"Salud y Paz","publisher":{"@id":"https:\/\/www.padreeustaquio.com.br\/#organization"},"potentialAction":[{"@type":"SearchAction","target":{"@type":"EntryPoint","urlTemplate":"https:\/\/www.padreeustaquio.com.br\/?s={search_term_string}"},"query-input":{"@type":"PropertyValueSpecification","valueRequired":true,"valueName":"search_term_string"}}],"inLanguage":"es"},{"@type":"Organization","@id":"https:\/\/www.padreeustaquio.com.br\/#organization","name":"Padre Eustace","url":"https:\/\/www.padreeustaquio.com.br\/","logo":{"@type":"ImageObject","inLanguage":"es","@id":"https:\/\/www.padreeustaquio.com.br\/#\/schema\/logo\/image\/","url":"https:\/\/www.padreeustaquio.com.br\/wp-content\/uploads\/2019\/08\/marca.png","contentUrl":"https:\/\/www.padreeustaquio.com.br\/wp-content\/uploads\/2019\/08\/marca.png","width":350,"height":400,"caption":"Padre Eust\u00e1quio"},"image":{"@id":"https:\/\/www.padreeustaquio.com.br\/#\/schema\/logo\/image\/"},"sameAs":["https:\/\/www.facebook.com\/beatopadreeustaquio\/","https:\/\/x.com\/beatopeustaquio","https:\/\/www.instagram.com\/beatopadreeustaquio\/","https:\/\/www.youtube.com\/channel\/UCRhw7vfabnajwLxb1ZXMeIw"]},{"@type":"Person","@id":"https:\/\/www.padreeustaquio.com.br\/#\/schema\/person\/a2a51db1d00f1a7af0204a0f1ddb1566","name":"@sscc","image":{"@type":"ImageObject","inLanguage":"es","@id":"https:\/\/secure.gravatar.com\/avatar\/68cfafa5f44617fea54071e215026e0ff06be366c3d54a8425f04fdcb86f8c5f?s=96&d=mm&r=g","url":"https:\/\/secure.gravatar.com\/avatar\/68cfafa5f44617fea54071e215026e0ff06be366c3d54a8425f04fdcb86f8c5f?s=96&d=mm&r=g","contentUrl":"https:\/\/secure.gravatar.com\/avatar\/68cfafa5f44617fea54071e215026e0ff06be366c3d54a8425f04fdcb86f8c5f?s=96&d=mm&r=g","caption":"@sscc"},"url":"https:\/\/www.padreeustaquio.com.br\/es\/author\/sscc\/"}]}},"_links":{"self":[{"href":"https:\/\/www.padreeustaquio.com.br\/es\/wp-json\/wp\/v2\/posts\/11570","targetHints":{"allow":["GET"]}}],"collection":[{"href":"https:\/\/www.padreeustaquio.com.br\/es\/wp-json\/wp\/v2\/posts"}],"about":[{"href":"https:\/\/www.padreeustaquio.com.br\/es\/wp-json\/wp\/v2\/types\/post"}],"author":[{"embeddable":true,"href":"https:\/\/www.padreeustaquio.com.br\/es\/wp-json\/wp\/v2\/users\/2"}],"replies":[{"embeddable":true,"href":"https:\/\/www.padreeustaquio.com.br\/es\/wp-json\/wp\/v2\/comments?post=11570"}],"version-history":[{"count":0,"href":"https:\/\/www.padreeustaquio.com.br\/es\/wp-json\/wp\/v2\/posts\/11570\/revisions"}],"wp:featuredmedia":[{"embeddable":true,"href":"https:\/\/www.padreeustaquio.com.br\/es\/wp-json\/wp\/v2\/media\/11571"}],"wp:attachment":[{"href":"https:\/\/www.padreeustaquio.com.br\/es\/wp-json\/wp\/v2\/media?parent=11570"}],"wp:term":[{"taxonomy":"category","embeddable":true,"href":"https:\/\/www.padreeustaquio.com.br\/es\/wp-json\/wp\/v2\/categories?post=11570"},{"taxonomy":"post_tag","embeddable":true,"href":"https:\/\/www.padreeustaquio.com.br\/es\/wp-json\/wp\/v2\/tags?post=11570"}],"curies":[{"name":"wp","href":"https:\/\/api.w.org\/{rel}","templated":true}]}}