{"id":11558,"date":"2024-08-25T19:04:48","date_gmt":"2024-08-25T22:04:48","guid":{"rendered":"https:\/\/www.padreeustaquio.com.br\/?p=11558"},"modified":"2024-08-25T19:05:42","modified_gmt":"2024-08-25T22:05:42","slug":"los-sobrinos-del-padre-eustaquio-llegan-a-belo-horizonte-el-4o-dia-de-la-novena-al-santuario-de-la-salud-y-la-paz","status":"publish","type":"post","link":"https:\/\/www.padreeustaquio.com.br\/es\/los-sobrinos-del-padre-eustaquio-llegan-a-belo-horizonte-el-4o-dia-de-la-novena-al-santuario-de-la-salud-y-la-paz\/","title":{"rendered":"Los sobrinos del Padre Eust\u00e1quio llegan a Belo Horizonte el 4\u00ba d\u00eda de la Novena al Santuario de la Salud y la Paz."},"content":{"rendered":"<p>Will van den Boomen e Ian van den Boomen ya se encuentran en la capital de Minas Gerais para la festividad del Beato Padre Eust\u00e1quio de 2024. Los sobrinos del sacerdote neerland\u00e9s llegaron ayer de los Pa\u00edses Bajos y ya participaron en la Santa Misa del cuarto d\u00eda de la Novena.<\/p>\n<p style=\"font-size: 19.4286px;\"><img fetchpriority=\"high\" decoding=\"async\" class=\"size-medium wp-image-11560 alignleft\" style=\"font-size: 19.4286px;\" src=\"https:\/\/www.padreeustaquio.com.br\/wp-content\/uploads\/2024\/08\/novena-4o-dia-will-e-ian-2-300x169.jpeg\" alt=\"\" width=\"300\" height=\"169\" srcset=\"https:\/\/www.padreeustaquio.com.br\/wp-content\/uploads\/2024\/08\/novena-4o-dia-will-e-ian-2-300x169.jpeg 300w, https:\/\/www.padreeustaquio.com.br\/wp-content\/uploads\/2024\/08\/novena-4o-dia-will-e-ian-2-1024x576.jpeg 1024w, https:\/\/www.padreeustaquio.com.br\/wp-content\/uploads\/2024\/08\/novena-4o-dia-will-e-ian-2-768x432.jpeg 768w, https:\/\/www.padreeustaquio.com.br\/wp-content\/uploads\/2024\/08\/novena-4o-dia-will-e-ian-2-1536x864.jpeg 1536w, https:\/\/www.padreeustaquio.com.br\/wp-content\/uploads\/2024\/08\/novena-4o-dia-will-e-ian-2-400x225.jpeg 400w, https:\/\/www.padreeustaquio.com.br\/wp-content\/uploads\/2024\/08\/novena-4o-dia-will-e-ian-2-600x338.jpeg 600w, https:\/\/www.padreeustaquio.com.br\/wp-content\/uploads\/2024\/08\/novena-4o-dia-will-e-ian-2-800x450.jpeg 800w, https:\/\/www.padreeustaquio.com.br\/wp-content\/uploads\/2024\/08\/novena-4o-dia-will-e-ian-2-1200x675.jpeg 1200w, https:\/\/www.padreeustaquio.com.br\/wp-content\/uploads\/2024\/08\/novena-4o-dia-will-e-ian-2.jpeg 1599w\" sizes=\"(max-width: 300px) 100vw, 300px\" \/><\/p>\n<p><span style=\"font-size: 1.21429rem;\">Como es tradici\u00f3n en la familia, al menos uno de los hijos de Do\u00f1a Adriana (hermana menor del Padre Eust\u00e1quio) asiste anualmente a la celebraci\u00f3n en Brasil. Will e Ian siempre han estado presentes para celebrar la memoria de su t\u00edo, y esta vez trajeron algo nuevo. Will encontr\u00f3 videos poco comunes en los Pa\u00edses Bajos que muestran al Padre Eust\u00e1quio en una misi\u00f3n en \u00c1gua Suja (actual Romaria-MG) y ciudades del estado de S\u00e3o Paulo. Se presentar\u00e1n fragmentos de los videos el pr\u00f3ximo martes a las 10:00 h en el Museo Padre Eust\u00e1quio, anexo a la iglesia de Belo Horizonte.<\/span><\/p>\n<p><img decoding=\"async\" class=\"size-medium wp-image-11561 alignright\" src=\"https:\/\/www.padreeustaquio.com.br\/wp-content\/uploads\/2024\/08\/novena-4o-dia-will-e-ian-3-e1724623442759-184x300.jpeg\" alt=\"\" width=\"184\" height=\"300\" srcset=\"https:\/\/www.padreeustaquio.com.br\/wp-content\/uploads\/2024\/08\/novena-4o-dia-will-e-ian-3-e1724623442759-184x300.jpeg 184w, https:\/\/www.padreeustaquio.com.br\/wp-content\/uploads\/2024\/08\/novena-4o-dia-will-e-ian-3-e1724623442759.jpeg 628w\" sizes=\"(max-width: 184px) 100vw, 184px\" \/>Este s\u00e1bado, los Ministros de la Sagrada Comuni\u00f3n, miembros del Equipo de Liturgia y la Pastoral Vocacional del Santuario rezaron el Santo Rosario por la Canonizaci\u00f3n alrededor de las 16 horas, luego participaron de la Santa Misa, que fue presidida por el rector del Santuario, Padre Edmar Oliveira, SSCC, y cont\u00f3 con la presencia de los holandeses.<\/p>\n<p>Durante todo el fin de semana, se instalar\u00e1n puestos de comida en la plaza con m\u00e1s opciones de comida y bebida y m\u00e1s espacio para los feligreses y visitantes que celebran la novena de este a\u00f1o.<\/p>\n<p>Toda la programaci\u00f3n se transmite en vivo por <a href=\"https:\/\/www.youtube.com\/channel\/UCRhw7vfabnajwLxb1ZXMeIw\">Canal Padre Eust\u00e1quio, en YouTube<\/a>, que acaba de alcanzar el hito de 20.000 suscriptores.<\/p>","protected":false},"excerpt":{"rendered":"<p>Will van den Boomen e Ian van den Boomen j\u00e1 est\u00e3o na capital mineira para a Festa do Beato Padre Eust\u00e1quio 2024. Os sobrinhos do sacerdote holand\u00eas chegaram ontem dos Pa\u00edses Baixos e j\u00e1 participaram da Santa Missa com o 4\u00ba dia da Novena. Como j\u00e1 \u00e9 tradi\u00e7\u00e3o na fam\u00edlia, pelo menos um dos filhos de D. Adriana (irm\u00e3 mais nova de padre Eust\u00e1quio) comparece \u00e0 festa no Brasil, anualmente. Will e Ian sempre se fizeram presentes para celebrar a mem\u00f3ria do tio e dessa vez trouxeram uma novidade. Will encontrou v\u00eddeos raros na Holanda, na qual Padre Eust\u00e1quio aparece [&hellip;]<\/p>\n","protected":false},"author":2,"featured_media":11559,"comment_status":"open","ping_status":"closed","sticky":false,"template":"","format":"standard","meta":{"_acf_changed":false,"footnotes":""},"categories":[611],"tags":[],"class_list":["post-11558","post","type-post","status-publish","format-standard","has-post-thumbnail","hentry","category-noticias"],"acf":[],"yoast_head":"<!-- This site is optimized with the Yoast SEO plugin v27.2 - https:\/\/yoast.com\/product\/yoast-seo-wordpress\/ -->\n<title>Sobrinhos do Padre Eust\u00e1quio chegam a BH no 4\u00ba dia da Novena no Santu\u00e1rio da Sa\u00fade e da Paz<\/title>\n<meta name=\"description\" content=\"Will van den Boomen e Ian van den Boomen j\u00e1 est\u00e3o na capital mineira para a Festa do Beato Padre Eust\u00e1quio 2024. Os sobrinhos do sacerdote holand\u00eas chegaram ontem dos Pa\u00edses Baixos e j\u00e1 participaram da Santa Missa com o 4\u00ba dia da Novena.\" \/>\n<meta name=\"robots\" content=\"index, follow, max-snippet:-1, max-image-preview:large, max-video-preview:-1\" \/>\n<link rel=\"canonical\" href=\"https:\/\/www.padreeustaquio.com.br\/es\/los-sobrinos-del-padre-eustaquio-llegan-a-belo-horizonte-el-4o-dia-de-la-novena-al-santuario-de-la-salud-y-la-paz\/\" \/>\n<meta property=\"og:locale\" content=\"es_ES\" \/>\n<meta property=\"og:type\" content=\"article\" \/>\n<meta property=\"og:title\" content=\"Sobrinhos do Padre Eust\u00e1quio chegam a BH no 4\u00ba dia da Novena no Santu\u00e1rio da Sa\u00fade e da Paz\" \/>\n<meta property=\"og:description\" content=\"Will van den Boomen e Ian van den Boomen j\u00e1 est\u00e3o na capital mineira para a Festa do Beato Padre Eust\u00e1quio 2024. Os sobrinhos do sacerdote holand\u00eas chegaram ontem dos Pa\u00edses Baixos e j\u00e1 participaram da Santa Missa com o 4\u00ba dia da Novena.\" \/>\n<meta property=\"og:url\" content=\"https:\/\/www.padreeustaquio.com.br\/es\/los-sobrinos-del-padre-eustaquio-llegan-a-belo-horizonte-el-4o-dia-de-la-novena-al-santuario-de-la-salud-y-la-paz\/\" \/>\n<meta property=\"og:site_name\" content=\"Padre Eust\u00e1quio\" \/>\n<meta property=\"article:publisher\" content=\"https:\/\/www.facebook.com\/beatopadreeustaquio\/\" \/>\n<meta property=\"article:published_time\" content=\"2024-08-25T22:04:48+00:00\" \/>\n<meta property=\"article:modified_time\" content=\"2024-08-25T22:05:42+00:00\" \/>\n<meta property=\"og:image\" content=\"https:\/\/www.padreeustaquio.com.br\/wp-content\/uploads\/2024\/08\/novena-4o-dia-will-e-ian-1-e1724623319417.jpeg\" \/>\n\t<meta property=\"og:image:width\" content=\"1042\" \/>\n\t<meta property=\"og:image:height\" content=\"511\" \/>\n\t<meta property=\"og:image:type\" content=\"image\/jpeg\" \/>\n<meta name=\"author\" content=\"@sscc\" \/>\n<meta name=\"twitter:card\" content=\"summary_large_image\" \/>\n<meta name=\"twitter:creator\" content=\"@beatopeustaquio\" \/>\n<meta name=\"twitter:site\" content=\"@beatopeustaquio\" \/>\n<meta name=\"twitter:label1\" content=\"Escrito por\" \/>\n\t<meta name=\"twitter:data1\" content=\"@sscc\" \/>\n\t<meta name=\"twitter:label2\" content=\"Tiempo de lectura\" \/>\n\t<meta name=\"twitter:data2\" content=\"2 minutos\" \/>\n<script type=\"application\/ld+json\" class=\"yoast-schema-graph\">{\"@context\":\"https:\/\/schema.org\",\"@graph\":[{\"@type\":\"Article\",\"@id\":\"https:\/\/www.padreeustaquio.com.br\/sobrinhos-do-padre-eustaquio-chegam-a-bh-no-4o-dia-da-novena-no-santuario-da-saude-e-da-paz\/#article\",\"isPartOf\":{\"@id\":\"https:\/\/www.padreeustaquio.com.br\/sobrinhos-do-padre-eustaquio-chegam-a-bh-no-4o-dia-da-novena-no-santuario-da-saude-e-da-paz\/\"},\"author\":{\"name\":\"@sscc\",\"@id\":\"https:\/\/www.padreeustaquio.com.br\/#\/schema\/person\/a2a51db1d00f1a7af0204a0f1ddb1566\"},\"headline\":\"Sobrinhos do Padre Eust\u00e1quio chegam a BH no 4\u00ba dia da Novena no Santu\u00e1rio da Sa\u00fade e da Paz\",\"datePublished\":\"2024-08-25T22:04:48+00:00\",\"dateModified\":\"2024-08-25T22:05:42+00:00\",\"mainEntityOfPage\":{\"@id\":\"https:\/\/www.padreeustaquio.com.br\/sobrinhos-do-padre-eustaquio-chegam-a-bh-no-4o-dia-da-novena-no-santuario-da-saude-e-da-paz\/\"},\"wordCount\":285,\"commentCount\":0,\"publisher\":{\"@id\":\"https:\/\/www.padreeustaquio.com.br\/#organization\"},\"image\":{\"@id\":\"https:\/\/www.padreeustaquio.com.br\/sobrinhos-do-padre-eustaquio-chegam-a-bh-no-4o-dia-da-novena-no-santuario-da-saude-e-da-paz\/#primaryimage\"},\"thumbnailUrl\":\"https:\/\/www.padreeustaquio.com.br\/wp-content\/uploads\/2024\/08\/novena-4o-dia-will-e-ian-1-e1724623319417.jpeg\",\"articleSection\":[\"Not\u00edcias\"],\"inLanguage\":\"es\",\"potentialAction\":[{\"@type\":\"CommentAction\",\"name\":\"Comment\",\"target\":[\"https:\/\/www.padreeustaquio.com.br\/sobrinhos-do-padre-eustaquio-chegam-a-bh-no-4o-dia-da-novena-no-santuario-da-saude-e-da-paz\/#respond\"]}]},{\"@type\":\"WebPage\",\"@id\":\"https:\/\/www.padreeustaquio.com.br\/sobrinhos-do-padre-eustaquio-chegam-a-bh-no-4o-dia-da-novena-no-santuario-da-saude-e-da-paz\/\",\"url\":\"https:\/\/www.padreeustaquio.com.br\/sobrinhos-do-padre-eustaquio-chegam-a-bh-no-4o-dia-da-novena-no-santuario-da-saude-e-da-paz\/\",\"name\":\"Sobrinhos do Padre Eust\u00e1quio chegam a BH no 4\u00ba dia da Novena no Santu\u00e1rio da Sa\u00fade e da Paz\",\"isPartOf\":{\"@id\":\"https:\/\/www.padreeustaquio.com.br\/#website\"},\"primaryImageOfPage\":{\"@id\":\"https:\/\/www.padreeustaquio.com.br\/sobrinhos-do-padre-eustaquio-chegam-a-bh-no-4o-dia-da-novena-no-santuario-da-saude-e-da-paz\/#primaryimage\"},\"image\":{\"@id\":\"https:\/\/www.padreeustaquio.com.br\/sobrinhos-do-padre-eustaquio-chegam-a-bh-no-4o-dia-da-novena-no-santuario-da-saude-e-da-paz\/#primaryimage\"},\"thumbnailUrl\":\"https:\/\/www.padreeustaquio.com.br\/wp-content\/uploads\/2024\/08\/novena-4o-dia-will-e-ian-1-e1724623319417.jpeg\",\"datePublished\":\"2024-08-25T22:04:48+00:00\",\"dateModified\":\"2024-08-25T22:05:42+00:00\",\"description\":\"Will van den Boomen e Ian van den Boomen j\u00e1 est\u00e3o na capital mineira para a Festa do Beato Padre Eust\u00e1quio 2024. Os sobrinhos do sacerdote holand\u00eas chegaram ontem dos Pa\u00edses Baixos e j\u00e1 participaram da Santa Missa com o 4\u00ba dia da Novena.\",\"breadcrumb\":{\"@id\":\"https:\/\/www.padreeustaquio.com.br\/sobrinhos-do-padre-eustaquio-chegam-a-bh-no-4o-dia-da-novena-no-santuario-da-saude-e-da-paz\/#breadcrumb\"},\"inLanguage\":\"es\",\"potentialAction\":[{\"@type\":\"ReadAction\",\"target\":[\"https:\/\/www.padreeustaquio.com.br\/sobrinhos-do-padre-eustaquio-chegam-a-bh-no-4o-dia-da-novena-no-santuario-da-saude-e-da-paz\/\"]}]},{\"@type\":\"ImageObject\",\"inLanguage\":\"es\",\"@id\":\"https:\/\/www.padreeustaquio.com.br\/sobrinhos-do-padre-eustaquio-chegam-a-bh-no-4o-dia-da-novena-no-santuario-da-saude-e-da-paz\/#primaryimage\",\"url\":\"https:\/\/www.padreeustaquio.com.br\/wp-content\/uploads\/2024\/08\/novena-4o-dia-will-e-ian-1-e1724623319417.jpeg\",\"contentUrl\":\"https:\/\/www.padreeustaquio.com.br\/wp-content\/uploads\/2024\/08\/novena-4o-dia-will-e-ian-1-e1724623319417.jpeg\",\"width\":1042,\"height\":511},{\"@type\":\"BreadcrumbList\",\"@id\":\"https:\/\/www.padreeustaquio.com.br\/sobrinhos-do-padre-eustaquio-chegam-a-bh-no-4o-dia-da-novena-no-santuario-da-saude-e-da-paz\/#breadcrumb\",\"itemListElement\":[{\"@type\":\"ListItem\",\"position\":1,\"name\":\"In\u00edcio\",\"item\":\"https:\/\/www.padreeustaquio.com.br\/\"},{\"@type\":\"ListItem\",\"position\":2,\"name\":\"Sobrinhos do Padre Eust\u00e1quio chegam a BH no 4\u00ba dia da Novena no Santu\u00e1rio da Sa\u00fade e da Paz\"}]},{\"@type\":\"WebSite\",\"@id\":\"https:\/\/www.padreeustaquio.com.br\/#website\",\"url\":\"https:\/\/www.padreeustaquio.com.br\/\",\"name\":\"Padre Eust\u00e1quio\",\"description\":\"Sa\u00fade e Paz\",\"publisher\":{\"@id\":\"https:\/\/www.padreeustaquio.com.br\/#organization\"},\"potentialAction\":[{\"@type\":\"SearchAction\",\"target\":{\"@type\":\"EntryPoint\",\"urlTemplate\":\"https:\/\/www.padreeustaquio.com.br\/?s={search_term_string}\"},\"query-input\":{\"@type\":\"PropertyValueSpecification\",\"valueRequired\":true,\"valueName\":\"search_term_string\"}}],\"inLanguage\":\"es\"},{\"@type\":\"Organization\",\"@id\":\"https:\/\/www.padreeustaquio.com.br\/#organization\",\"name\":\"Padre Eust\u00e1quio\",\"url\":\"https:\/\/www.padreeustaquio.com.br\/\",\"logo\":{\"@type\":\"ImageObject\",\"inLanguage\":\"es\",\"@id\":\"https:\/\/www.padreeustaquio.com.br\/#\/schema\/logo\/image\/\",\"url\":\"https:\/\/www.padreeustaquio.com.br\/wp-content\/uploads\/2019\/08\/marca.png\",\"contentUrl\":\"https:\/\/www.padreeustaquio.com.br\/wp-content\/uploads\/2019\/08\/marca.png\",\"width\":350,\"height\":400,\"caption\":\"Padre Eust\u00e1quio\"},\"image\":{\"@id\":\"https:\/\/www.padreeustaquio.com.br\/#\/schema\/logo\/image\/\"},\"sameAs\":[\"https:\/\/www.facebook.com\/beatopadreeustaquio\/\",\"https:\/\/x.com\/beatopeustaquio\",\"https:\/\/www.instagram.com\/beatopadreeustaquio\/\",\"https:\/\/www.youtube.com\/channel\/UCRhw7vfabnajwLxb1ZXMeIw\"]},{\"@type\":\"Person\",\"@id\":\"https:\/\/www.padreeustaquio.com.br\/#\/schema\/person\/a2a51db1d00f1a7af0204a0f1ddb1566\",\"name\":\"@sscc\",\"image\":{\"@type\":\"ImageObject\",\"inLanguage\":\"es\",\"@id\":\"https:\/\/secure.gravatar.com\/avatar\/68cfafa5f44617fea54071e215026e0ff06be366c3d54a8425f04fdcb86f8c5f?s=96&d=mm&r=g\",\"url\":\"https:\/\/secure.gravatar.com\/avatar\/68cfafa5f44617fea54071e215026e0ff06be366c3d54a8425f04fdcb86f8c5f?s=96&d=mm&r=g\",\"contentUrl\":\"https:\/\/secure.gravatar.com\/avatar\/68cfafa5f44617fea54071e215026e0ff06be366c3d54a8425f04fdcb86f8c5f?s=96&d=mm&r=g\",\"caption\":\"@sscc\"},\"url\":\"https:\/\/www.padreeustaquio.com.br\/es\/author\/sscc\/\"}]}<\/script>\n<!-- \/ Yoast SEO plugin. -->","yoast_head_json":{"title":"Los sobrinos del Padre Eust\u00e1quio llegan a Belo Horizonte el 4\u00ba d\u00eda de la Novena al Santuario de la Salud y la Paz.","description":"Will van den Boomen e Ian van den Boomen ya se encuentran en la capital de Minas Gerais para la festividad del Beato Padre Eust\u00e1quio de 2024. Los sobrinos del sacerdote neerland\u00e9s llegaron ayer de los Pa\u00edses Bajos y ya participaron en la Santa Misa del cuarto d\u00eda de la Novena.","robots":{"index":"index","follow":"follow","max-snippet":"max-snippet:-1","max-image-preview":"max-image-preview:large","max-video-preview":"max-video-preview:-1"},"canonical":"https:\/\/www.padreeustaquio.com.br\/es\/los-sobrinos-del-padre-eustaquio-llegan-a-belo-horizonte-el-4o-dia-de-la-novena-al-santuario-de-la-salud-y-la-paz\/","og_locale":"es_ES","og_type":"article","og_title":"Sobrinhos do Padre Eust\u00e1quio chegam a BH no 4\u00ba dia da Novena no Santu\u00e1rio da Sa\u00fade e da Paz","og_description":"Will van den Boomen e Ian van den Boomen j\u00e1 est\u00e3o na capital mineira para a Festa do Beato Padre Eust\u00e1quio 2024. Os sobrinhos do sacerdote holand\u00eas chegaram ontem dos Pa\u00edses Baixos e j\u00e1 participaram da Santa Missa com o 4\u00ba dia da Novena.","og_url":"https:\/\/www.padreeustaquio.com.br\/es\/los-sobrinos-del-padre-eustaquio-llegan-a-belo-horizonte-el-4o-dia-de-la-novena-al-santuario-de-la-salud-y-la-paz\/","og_site_name":"Padre Eust\u00e1quio","article_publisher":"https:\/\/www.facebook.com\/beatopadreeustaquio\/","article_published_time":"2024-08-25T22:04:48+00:00","article_modified_time":"2024-08-25T22:05:42+00:00","og_image":[{"width":1042,"height":511,"url":"https:\/\/www.padreeustaquio.com.br\/wp-content\/uploads\/2024\/08\/novena-4o-dia-will-e-ian-1-e1724623319417.jpeg","type":"image\/jpeg"}],"author":"@sscc","twitter_card":"summary_large_image","twitter_creator":"@beatopeustaquio","twitter_site":"@beatopeustaquio","twitter_misc":{"Escrito por":"@sscc","Tiempo de lectura":"2 minutos"},"schema":{"@context":"https:\/\/schema.org","@graph":[{"@type":"Article","@id":"https:\/\/www.padreeustaquio.com.br\/sobrinhos-do-padre-eustaquio-chegam-a-bh-no-4o-dia-da-novena-no-santuario-da-saude-e-da-paz\/#article","isPartOf":{"@id":"https:\/\/www.padreeustaquio.com.br\/sobrinhos-do-padre-eustaquio-chegam-a-bh-no-4o-dia-da-novena-no-santuario-da-saude-e-da-paz\/"},"author":{"name":"@sscc","@id":"https:\/\/www.padreeustaquio.com.br\/#\/schema\/person\/a2a51db1d00f1a7af0204a0f1ddb1566"},"headline":"Sobrinhos do Padre Eust\u00e1quio chegam a BH no 4\u00ba dia da Novena no Santu\u00e1rio da Sa\u00fade e da Paz","datePublished":"2024-08-25T22:04:48+00:00","dateModified":"2024-08-25T22:05:42+00:00","mainEntityOfPage":{"@id":"https:\/\/www.padreeustaquio.com.br\/sobrinhos-do-padre-eustaquio-chegam-a-bh-no-4o-dia-da-novena-no-santuario-da-saude-e-da-paz\/"},"wordCount":285,"commentCount":0,"publisher":{"@id":"https:\/\/www.padreeustaquio.com.br\/#organization"},"image":{"@id":"https:\/\/www.padreeustaquio.com.br\/sobrinhos-do-padre-eustaquio-chegam-a-bh-no-4o-dia-da-novena-no-santuario-da-saude-e-da-paz\/#primaryimage"},"thumbnailUrl":"https:\/\/www.padreeustaquio.com.br\/wp-content\/uploads\/2024\/08\/novena-4o-dia-will-e-ian-1-e1724623319417.jpeg","articleSection":["Not\u00edcias"],"inLanguage":"es","potentialAction":[{"@type":"CommentAction","name":"Comment","target":["https:\/\/www.padreeustaquio.com.br\/sobrinhos-do-padre-eustaquio-chegam-a-bh-no-4o-dia-da-novena-no-santuario-da-saude-e-da-paz\/#respond"]}]},{"@type":"WebPage","@id":"https:\/\/www.padreeustaquio.com.br\/sobrinhos-do-padre-eustaquio-chegam-a-bh-no-4o-dia-da-novena-no-santuario-da-saude-e-da-paz\/","url":"https:\/\/www.padreeustaquio.com.br\/sobrinhos-do-padre-eustaquio-chegam-a-bh-no-4o-dia-da-novena-no-santuario-da-saude-e-da-paz\/","name":"Los sobrinos del Padre Eust\u00e1quio llegan a Belo Horizonte el 4\u00ba d\u00eda de la Novena al Santuario de la Salud y la Paz.","isPartOf":{"@id":"https:\/\/www.padreeustaquio.com.br\/#website"},"primaryImageOfPage":{"@id":"https:\/\/www.padreeustaquio.com.br\/sobrinhos-do-padre-eustaquio-chegam-a-bh-no-4o-dia-da-novena-no-santuario-da-saude-e-da-paz\/#primaryimage"},"image":{"@id":"https:\/\/www.padreeustaquio.com.br\/sobrinhos-do-padre-eustaquio-chegam-a-bh-no-4o-dia-da-novena-no-santuario-da-saude-e-da-paz\/#primaryimage"},"thumbnailUrl":"https:\/\/www.padreeustaquio.com.br\/wp-content\/uploads\/2024\/08\/novena-4o-dia-will-e-ian-1-e1724623319417.jpeg","datePublished":"2024-08-25T22:04:48+00:00","dateModified":"2024-08-25T22:05:42+00:00","description":"Will van den Boomen e Ian van den Boomen ya se encuentran en la capital de Minas Gerais para la festividad del Beato Padre Eust\u00e1quio de 2024. Los sobrinos del sacerdote neerland\u00e9s llegaron ayer de los Pa\u00edses Bajos y ya participaron en la Santa Misa del cuarto d\u00eda de la Novena.","breadcrumb":{"@id":"https:\/\/www.padreeustaquio.com.br\/sobrinhos-do-padre-eustaquio-chegam-a-bh-no-4o-dia-da-novena-no-santuario-da-saude-e-da-paz\/#breadcrumb"},"inLanguage":"es","potentialAction":[{"@type":"ReadAction","target":["https:\/\/www.padreeustaquio.com.br\/sobrinhos-do-padre-eustaquio-chegam-a-bh-no-4o-dia-da-novena-no-santuario-da-saude-e-da-paz\/"]}]},{"@type":"ImageObject","inLanguage":"es","@id":"https:\/\/www.padreeustaquio.com.br\/sobrinhos-do-padre-eustaquio-chegam-a-bh-no-4o-dia-da-novena-no-santuario-da-saude-e-da-paz\/#primaryimage","url":"https:\/\/www.padreeustaquio.com.br\/wp-content\/uploads\/2024\/08\/novena-4o-dia-will-e-ian-1-e1724623319417.jpeg","contentUrl":"https:\/\/www.padreeustaquio.com.br\/wp-content\/uploads\/2024\/08\/novena-4o-dia-will-e-ian-1-e1724623319417.jpeg","width":1042,"height":511},{"@type":"BreadcrumbList","@id":"https:\/\/www.padreeustaquio.com.br\/sobrinhos-do-padre-eustaquio-chegam-a-bh-no-4o-dia-da-novena-no-santuario-da-saude-e-da-paz\/#breadcrumb","itemListElement":[{"@type":"ListItem","position":1,"name":"In\u00edcio","item":"https:\/\/www.padreeustaquio.com.br\/"},{"@type":"ListItem","position":2,"name":"Sobrinhos do Padre Eust\u00e1quio chegam a BH no 4\u00ba dia da Novena no Santu\u00e1rio da Sa\u00fade e da Paz"}]},{"@type":"WebSite","@id":"https:\/\/www.padreeustaquio.com.br\/#website","url":"https:\/\/www.padreeustaquio.com.br\/","name":"Padre Eustace","description":"Salud y Paz","publisher":{"@id":"https:\/\/www.padreeustaquio.com.br\/#organization"},"potentialAction":[{"@type":"SearchAction","target":{"@type":"EntryPoint","urlTemplate":"https:\/\/www.padreeustaquio.com.br\/?s={search_term_string}"},"query-input":{"@type":"PropertyValueSpecification","valueRequired":true,"valueName":"search_term_string"}}],"inLanguage":"es"},{"@type":"Organization","@id":"https:\/\/www.padreeustaquio.com.br\/#organization","name":"Padre Eustace","url":"https:\/\/www.padreeustaquio.com.br\/","logo":{"@type":"ImageObject","inLanguage":"es","@id":"https:\/\/www.padreeustaquio.com.br\/#\/schema\/logo\/image\/","url":"https:\/\/www.padreeustaquio.com.br\/wp-content\/uploads\/2019\/08\/marca.png","contentUrl":"https:\/\/www.padreeustaquio.com.br\/wp-content\/uploads\/2019\/08\/marca.png","width":350,"height":400,"caption":"Padre Eust\u00e1quio"},"image":{"@id":"https:\/\/www.padreeustaquio.com.br\/#\/schema\/logo\/image\/"},"sameAs":["https:\/\/www.facebook.com\/beatopadreeustaquio\/","https:\/\/x.com\/beatopeustaquio","https:\/\/www.instagram.com\/beatopadreeustaquio\/","https:\/\/www.youtube.com\/channel\/UCRhw7vfabnajwLxb1ZXMeIw"]},{"@type":"Person","@id":"https:\/\/www.padreeustaquio.com.br\/#\/schema\/person\/a2a51db1d00f1a7af0204a0f1ddb1566","name":"@sscc","image":{"@type":"ImageObject","inLanguage":"es","@id":"https:\/\/secure.gravatar.com\/avatar\/68cfafa5f44617fea54071e215026e0ff06be366c3d54a8425f04fdcb86f8c5f?s=96&d=mm&r=g","url":"https:\/\/secure.gravatar.com\/avatar\/68cfafa5f44617fea54071e215026e0ff06be366c3d54a8425f04fdcb86f8c5f?s=96&d=mm&r=g","contentUrl":"https:\/\/secure.gravatar.com\/avatar\/68cfafa5f44617fea54071e215026e0ff06be366c3d54a8425f04fdcb86f8c5f?s=96&d=mm&r=g","caption":"@sscc"},"url":"https:\/\/www.padreeustaquio.com.br\/es\/author\/sscc\/"}]}},"_links":{"self":[{"href":"https:\/\/www.padreeustaquio.com.br\/es\/wp-json\/wp\/v2\/posts\/11558","targetHints":{"allow":["GET"]}}],"collection":[{"href":"https:\/\/www.padreeustaquio.com.br\/es\/wp-json\/wp\/v2\/posts"}],"about":[{"href":"https:\/\/www.padreeustaquio.com.br\/es\/wp-json\/wp\/v2\/types\/post"}],"author":[{"embeddable":true,"href":"https:\/\/www.padreeustaquio.com.br\/es\/wp-json\/wp\/v2\/users\/2"}],"replies":[{"embeddable":true,"href":"https:\/\/www.padreeustaquio.com.br\/es\/wp-json\/wp\/v2\/comments?post=11558"}],"version-history":[{"count":0,"href":"https:\/\/www.padreeustaquio.com.br\/es\/wp-json\/wp\/v2\/posts\/11558\/revisions"}],"wp:featuredmedia":[{"embeddable":true,"href":"https:\/\/www.padreeustaquio.com.br\/es\/wp-json\/wp\/v2\/media\/11559"}],"wp:attachment":[{"href":"https:\/\/www.padreeustaquio.com.br\/es\/wp-json\/wp\/v2\/media?parent=11558"}],"wp:term":[{"taxonomy":"category","embeddable":true,"href":"https:\/\/www.padreeustaquio.com.br\/es\/wp-json\/wp\/v2\/categories?post=11558"},{"taxonomy":"post_tag","embeddable":true,"href":"https:\/\/www.padreeustaquio.com.br\/es\/wp-json\/wp\/v2\/tags?post=11558"}],"curies":[{"name":"wp","href":"https:\/\/api.w.org\/{rel}","templated":true}]}}