{"id":11537,"date":"2024-08-20T07:21:31","date_gmt":"2024-08-20T10:21:31","guid":{"rendered":"https:\/\/www.padreeustaquio.com.br\/?p=11537"},"modified":"2024-08-20T21:00:59","modified_gmt":"2024-08-21T00:00:59","slug":"la-iglesia-del-beato-padre-eustaquio-recibe-una-reliquia-de-la-beata-nha-chica","status":"publish","type":"post","link":"https:\/\/www.padreeustaquio.com.br\/es\/la-iglesia-del-beato-padre-eustaquio-recibe-una-reliquia-de-la-beata-nha-chica\/","title":{"rendered":"La Iglesia del Beato Padre Eust\u00e1quio recibe una reliquia de la Beata Nha Chica."},"content":{"rendered":"<p>El Santuario de la Salud y la Paz, Iglesia del Beato Padre Eust\u00e1quio, en Belo Horizonte, recibi\u00f3 el fin de semana pasado la visita de una reliquia de primer grado (fragmento \u00f3seo) del Beato Nh\u00e1 Chica. La visita de la reliquia al Santuario forma parte del programa especial de la Festividad del Beato Padre Eust\u00e1quio de 2024.<\/p>\n<p>Para conmemorar la fecha, a las 15:00 h se rez\u00f3 el Santo Rosario, se ofreci\u00f3 una alabanza y se ofreci\u00f3 una charla sobre la santidad. A las 15:00 h, el Padre Edson Pereira, rector del Santuario de Nuestra Se\u00f1ora de la Concepci\u00f3n (de la Beata Nh\u00e1 Chica), en Baependi, MG, presidi\u00f3 la Santa Misa para recibir el relicario.<\/p>\n<p>Las festividades tambi\u00e9n incluyeron la bienvenida a los peregrinos de la ciudad de Po\u00e1\/SP, quienes siempre acuden al Santuario para recibir la bendici\u00f3n e iniciar las celebraciones en su ciudad. Despu\u00e9s de la misa, hubo puestos de comida en el Centro Comunitario.<\/p>\n<p>Pod\u00e9is encontrar el programa completo de la Fiesta del Beato Padre Eustaquio aqu\u00ed. <a href=\"https:\/\/www.padreeustaquio.com.br\/es\/consulte-la-programacion-de-la-fiesta-del-beato-padre-eustaquio-en-belo-horizonte-en-2024\/\">AQU\u00cd<\/a>. \u00a1Haz clic, mira y participa con nosotros!<\/p>","protected":false},"excerpt":{"rendered":"<p>O Santu\u00e1rio da Sa\u00fade e da Paz, Igreja do Beato Padre Eust\u00e1quio, em Belo Horizonte, recebeu, no \u00faltimo final de semana, a visita de uma rel\u00edquia de primeiro grau (fragmento do osso) da Beata Nh\u00e1 Chica. A passagem da rel\u00edquia pelo Santu\u00e1rio faz parte da programa\u00e7\u00e3o especial da Festa do Beato Padre Eust\u00e1quio 2024. Para marcar a data, \u00e0s 15h houve a recita\u00e7\u00e3o do Santo Ter\u00e7o, louvor e uma palestra sobre santidade. \u00c0s 15h, o padre Edson Pereira, reitor do Santu\u00e1rio Nossa Senhora da Concei\u00e7\u00e3o (da Beata Nh\u00e1 Chica), em Baependi-MG, presidiu a Santa Missa de acolhida do relic\u00e1rio. A [&hellip;]<\/p>\n","protected":false},"author":2,"featured_media":11538,"comment_status":"open","ping_status":"closed","sticky":false,"template":"","format":"standard","meta":{"_acf_changed":false,"footnotes":""},"categories":[611],"tags":[],"class_list":["post-11537","post","type-post","status-publish","format-standard","has-post-thumbnail","hentry","category-noticias"],"acf":[],"yoast_head":"<!-- This site is optimized with the Yoast SEO plugin v27.2 - https:\/\/yoast.com\/product\/yoast-seo-wordpress\/ -->\n<title>Igreja do Beato Padre Eust\u00e1quio recebe rel\u00edquia da Beata Nha Chica<\/title>\n<meta name=\"description\" content=\"O Santu\u00e1rio da Sa\u00fade e da Paz, Igreja do Beato Padre Eust\u00e1quio, em Belo Horizonte, recebeu, no \u00faltimo final de semana, a visita de uma rel\u00edquia de primeiro grau (fragmento do osso) da Beata Nh\u00e1 Chica. A passagem da rel\u00edquia pelo Santu\u00e1rio faz parte da programa\u00e7\u00e3o especial da Festa do Beato Padre Eust\u00e1quio 2024.\" \/>\n<meta name=\"robots\" content=\"index, follow, max-snippet:-1, max-image-preview:large, max-video-preview:-1\" \/>\n<link rel=\"canonical\" href=\"https:\/\/www.padreeustaquio.com.br\/es\/la-iglesia-del-beato-padre-eustaquio-recibe-una-reliquia-de-la-beata-nha-chica\/\" \/>\n<meta property=\"og:locale\" content=\"es_ES\" \/>\n<meta property=\"og:type\" content=\"article\" \/>\n<meta property=\"og:title\" content=\"Igreja do Beato Padre Eust\u00e1quio recebe rel\u00edquia da Beata Nha Chica\" \/>\n<meta property=\"og:description\" content=\"O Santu\u00e1rio da Sa\u00fade e da Paz, Igreja do Beato Padre Eust\u00e1quio, em Belo Horizonte, recebeu, no \u00faltimo final de semana, a visita de uma rel\u00edquia de primeiro grau (fragmento do osso) da Beata Nh\u00e1 Chica. A passagem da rel\u00edquia pelo Santu\u00e1rio faz parte da programa\u00e7\u00e3o especial da Festa do Beato Padre Eust\u00e1quio 2024.\" \/>\n<meta property=\"og:url\" content=\"https:\/\/www.padreeustaquio.com.br\/es\/la-iglesia-del-beato-padre-eustaquio-recibe-una-reliquia-de-la-beata-nha-chica\/\" \/>\n<meta property=\"og:site_name\" content=\"Padre Eust\u00e1quio\" \/>\n<meta property=\"article:publisher\" content=\"https:\/\/www.facebook.com\/beatopadreeustaquio\/\" \/>\n<meta property=\"article:published_time\" content=\"2024-08-20T10:21:31+00:00\" \/>\n<meta property=\"article:modified_time\" content=\"2024-08-21T00:00:59+00:00\" \/>\n<meta property=\"og:image\" content=\"https:\/\/www.padreeustaquio.com.br\/wp-content\/uploads\/2024\/08\/Visita-Nha-Chica.jpeg\" \/>\n\t<meta property=\"og:image:width\" content=\"1600\" \/>\n\t<meta property=\"og:image:height\" content=\"720\" \/>\n\t<meta property=\"og:image:type\" content=\"image\/jpeg\" \/>\n<meta name=\"author\" content=\"@sscc\" \/>\n<meta name=\"twitter:card\" content=\"summary_large_image\" \/>\n<meta name=\"twitter:creator\" content=\"@beatopeustaquio\" \/>\n<meta name=\"twitter:site\" content=\"@beatopeustaquio\" \/>\n<meta name=\"twitter:label1\" content=\"Escrito por\" \/>\n\t<meta name=\"twitter:data1\" content=\"@sscc\" \/>\n\t<meta name=\"twitter:label2\" content=\"Tiempo de lectura\" \/>\n\t<meta name=\"twitter:data2\" content=\"2 minutos\" \/>\n<script type=\"application\/ld+json\" class=\"yoast-schema-graph\">{\"@context\":\"https:\/\/schema.org\",\"@graph\":[{\"@type\":\"Article\",\"@id\":\"https:\/\/www.padreeustaquio.com.br\/igreja-do-beato-padre-eustaquio-recebe-reliquia-da-beata-nha-chica\/#article\",\"isPartOf\":{\"@id\":\"https:\/\/www.padreeustaquio.com.br\/igreja-do-beato-padre-eustaquio-recebe-reliquia-da-beata-nha-chica\/\"},\"author\":{\"name\":\"@sscc\",\"@id\":\"https:\/\/www.padreeustaquio.com.br\/#\/schema\/person\/a2a51db1d00f1a7af0204a0f1ddb1566\"},\"headline\":\"Igreja do Beato Padre Eust\u00e1quio recebe rel\u00edquia da Beata Nha Chica\",\"datePublished\":\"2024-08-20T10:21:31+00:00\",\"dateModified\":\"2024-08-21T00:00:59+00:00\",\"mainEntityOfPage\":{\"@id\":\"https:\/\/www.padreeustaquio.com.br\/igreja-do-beato-padre-eustaquio-recebe-reliquia-da-beata-nha-chica\/\"},\"wordCount\":186,\"commentCount\":0,\"publisher\":{\"@id\":\"https:\/\/www.padreeustaquio.com.br\/#organization\"},\"image\":{\"@id\":\"https:\/\/www.padreeustaquio.com.br\/igreja-do-beato-padre-eustaquio-recebe-reliquia-da-beata-nha-chica\/#primaryimage\"},\"thumbnailUrl\":\"https:\/\/www.padreeustaquio.com.br\/wp-content\/uploads\/2024\/08\/Visita-Nha-Chica.jpeg\",\"articleSection\":[\"Not\u00edcias\"],\"inLanguage\":\"es\",\"potentialAction\":[{\"@type\":\"CommentAction\",\"name\":\"Comment\",\"target\":[\"https:\/\/www.padreeustaquio.com.br\/igreja-do-beato-padre-eustaquio-recebe-reliquia-da-beata-nha-chica\/#respond\"]}]},{\"@type\":\"WebPage\",\"@id\":\"https:\/\/www.padreeustaquio.com.br\/igreja-do-beato-padre-eustaquio-recebe-reliquia-da-beata-nha-chica\/\",\"url\":\"https:\/\/www.padreeustaquio.com.br\/igreja-do-beato-padre-eustaquio-recebe-reliquia-da-beata-nha-chica\/\",\"name\":\"Igreja do Beato Padre Eust\u00e1quio recebe rel\u00edquia da Beata Nha Chica\",\"isPartOf\":{\"@id\":\"https:\/\/www.padreeustaquio.com.br\/#website\"},\"primaryImageOfPage\":{\"@id\":\"https:\/\/www.padreeustaquio.com.br\/igreja-do-beato-padre-eustaquio-recebe-reliquia-da-beata-nha-chica\/#primaryimage\"},\"image\":{\"@id\":\"https:\/\/www.padreeustaquio.com.br\/igreja-do-beato-padre-eustaquio-recebe-reliquia-da-beata-nha-chica\/#primaryimage\"},\"thumbnailUrl\":\"https:\/\/www.padreeustaquio.com.br\/wp-content\/uploads\/2024\/08\/Visita-Nha-Chica.jpeg\",\"datePublished\":\"2024-08-20T10:21:31+00:00\",\"dateModified\":\"2024-08-21T00:00:59+00:00\",\"description\":\"O Santu\u00e1rio da Sa\u00fade e da Paz, Igreja do Beato Padre Eust\u00e1quio, em Belo Horizonte, recebeu, no \u00faltimo final de semana, a visita de uma rel\u00edquia de primeiro grau (fragmento do osso) da Beata Nh\u00e1 Chica. A passagem da rel\u00edquia pelo Santu\u00e1rio faz parte da programa\u00e7\u00e3o especial da Festa do Beato Padre Eust\u00e1quio 2024.\",\"breadcrumb\":{\"@id\":\"https:\/\/www.padreeustaquio.com.br\/igreja-do-beato-padre-eustaquio-recebe-reliquia-da-beata-nha-chica\/#breadcrumb\"},\"inLanguage\":\"es\",\"potentialAction\":[{\"@type\":\"ReadAction\",\"target\":[\"https:\/\/www.padreeustaquio.com.br\/igreja-do-beato-padre-eustaquio-recebe-reliquia-da-beata-nha-chica\/\"]}]},{\"@type\":\"ImageObject\",\"inLanguage\":\"es\",\"@id\":\"https:\/\/www.padreeustaquio.com.br\/igreja-do-beato-padre-eustaquio-recebe-reliquia-da-beata-nha-chica\/#primaryimage\",\"url\":\"https:\/\/www.padreeustaquio.com.br\/wp-content\/uploads\/2024\/08\/Visita-Nha-Chica.jpeg\",\"contentUrl\":\"https:\/\/www.padreeustaquio.com.br\/wp-content\/uploads\/2024\/08\/Visita-Nha-Chica.jpeg\",\"width\":1600,\"height\":720},{\"@type\":\"BreadcrumbList\",\"@id\":\"https:\/\/www.padreeustaquio.com.br\/igreja-do-beato-padre-eustaquio-recebe-reliquia-da-beata-nha-chica\/#breadcrumb\",\"itemListElement\":[{\"@type\":\"ListItem\",\"position\":1,\"name\":\"In\u00edcio\",\"item\":\"https:\/\/www.padreeustaquio.com.br\/\"},{\"@type\":\"ListItem\",\"position\":2,\"name\":\"Igreja do Beato Padre Eust\u00e1quio recebe rel\u00edquia da Beata Nha Chica\"}]},{\"@type\":\"WebSite\",\"@id\":\"https:\/\/www.padreeustaquio.com.br\/#website\",\"url\":\"https:\/\/www.padreeustaquio.com.br\/\",\"name\":\"Padre Eust\u00e1quio\",\"description\":\"Sa\u00fade e Paz\",\"publisher\":{\"@id\":\"https:\/\/www.padreeustaquio.com.br\/#organization\"},\"potentialAction\":[{\"@type\":\"SearchAction\",\"target\":{\"@type\":\"EntryPoint\",\"urlTemplate\":\"https:\/\/www.padreeustaquio.com.br\/?s={search_term_string}\"},\"query-input\":{\"@type\":\"PropertyValueSpecification\",\"valueRequired\":true,\"valueName\":\"search_term_string\"}}],\"inLanguage\":\"es\"},{\"@type\":\"Organization\",\"@id\":\"https:\/\/www.padreeustaquio.com.br\/#organization\",\"name\":\"Padre Eust\u00e1quio\",\"url\":\"https:\/\/www.padreeustaquio.com.br\/\",\"logo\":{\"@type\":\"ImageObject\",\"inLanguage\":\"es\",\"@id\":\"https:\/\/www.padreeustaquio.com.br\/#\/schema\/logo\/image\/\",\"url\":\"https:\/\/www.padreeustaquio.com.br\/wp-content\/uploads\/2019\/08\/marca.png\",\"contentUrl\":\"https:\/\/www.padreeustaquio.com.br\/wp-content\/uploads\/2019\/08\/marca.png\",\"width\":350,\"height\":400,\"caption\":\"Padre Eust\u00e1quio\"},\"image\":{\"@id\":\"https:\/\/www.padreeustaquio.com.br\/#\/schema\/logo\/image\/\"},\"sameAs\":[\"https:\/\/www.facebook.com\/beatopadreeustaquio\/\",\"https:\/\/x.com\/beatopeustaquio\",\"https:\/\/www.instagram.com\/beatopadreeustaquio\/\",\"https:\/\/www.youtube.com\/channel\/UCRhw7vfabnajwLxb1ZXMeIw\"]},{\"@type\":\"Person\",\"@id\":\"https:\/\/www.padreeustaquio.com.br\/#\/schema\/person\/a2a51db1d00f1a7af0204a0f1ddb1566\",\"name\":\"@sscc\",\"image\":{\"@type\":\"ImageObject\",\"inLanguage\":\"es\",\"@id\":\"https:\/\/secure.gravatar.com\/avatar\/68cfafa5f44617fea54071e215026e0ff06be366c3d54a8425f04fdcb86f8c5f?s=96&d=mm&r=g\",\"url\":\"https:\/\/secure.gravatar.com\/avatar\/68cfafa5f44617fea54071e215026e0ff06be366c3d54a8425f04fdcb86f8c5f?s=96&d=mm&r=g\",\"contentUrl\":\"https:\/\/secure.gravatar.com\/avatar\/68cfafa5f44617fea54071e215026e0ff06be366c3d54a8425f04fdcb86f8c5f?s=96&d=mm&r=g\",\"caption\":\"@sscc\"},\"url\":\"https:\/\/www.padreeustaquio.com.br\/es\/author\/sscc\/\"}]}<\/script>\n<!-- \/ Yoast SEO plugin. -->","yoast_head_json":{"title":"La Iglesia del Beato Padre Eust\u00e1quio recibe una reliquia de la Beata Nha Chica.","description":"El Santuario de la Salud y la Paz, Iglesia del Beato Padre Eust\u00e1quio, en Belo Horizonte, recibi\u00f3 el fin de semana pasado la visita de una reliquia de primer grado (fragmento \u00f3seo) del Beato Nh\u00e1 Chica. La visita de la reliquia al Santuario forma parte del programa especial de la Festividad del Beato Padre Eust\u00e1quio de 2024.","robots":{"index":"index","follow":"follow","max-snippet":"max-snippet:-1","max-image-preview":"max-image-preview:large","max-video-preview":"max-video-preview:-1"},"canonical":"https:\/\/www.padreeustaquio.com.br\/es\/la-iglesia-del-beato-padre-eustaquio-recibe-una-reliquia-de-la-beata-nha-chica\/","og_locale":"es_ES","og_type":"article","og_title":"Igreja do Beato Padre Eust\u00e1quio recebe rel\u00edquia da Beata Nha Chica","og_description":"O Santu\u00e1rio da Sa\u00fade e da Paz, Igreja do Beato Padre Eust\u00e1quio, em Belo Horizonte, recebeu, no \u00faltimo final de semana, a visita de uma rel\u00edquia de primeiro grau (fragmento do osso) da Beata Nh\u00e1 Chica. A passagem da rel\u00edquia pelo Santu\u00e1rio faz parte da programa\u00e7\u00e3o especial da Festa do Beato Padre Eust\u00e1quio 2024.","og_url":"https:\/\/www.padreeustaquio.com.br\/es\/la-iglesia-del-beato-padre-eustaquio-recibe-una-reliquia-de-la-beata-nha-chica\/","og_site_name":"Padre Eust\u00e1quio","article_publisher":"https:\/\/www.facebook.com\/beatopadreeustaquio\/","article_published_time":"2024-08-20T10:21:31+00:00","article_modified_time":"2024-08-21T00:00:59+00:00","og_image":[{"width":1600,"height":720,"url":"https:\/\/www.padreeustaquio.com.br\/wp-content\/uploads\/2024\/08\/Visita-Nha-Chica.jpeg","type":"image\/jpeg"}],"author":"@sscc","twitter_card":"summary_large_image","twitter_creator":"@beatopeustaquio","twitter_site":"@beatopeustaquio","twitter_misc":{"Escrito por":"@sscc","Tiempo de lectura":"2 minutos"},"schema":{"@context":"https:\/\/schema.org","@graph":[{"@type":"Article","@id":"https:\/\/www.padreeustaquio.com.br\/igreja-do-beato-padre-eustaquio-recebe-reliquia-da-beata-nha-chica\/#article","isPartOf":{"@id":"https:\/\/www.padreeustaquio.com.br\/igreja-do-beato-padre-eustaquio-recebe-reliquia-da-beata-nha-chica\/"},"author":{"name":"@sscc","@id":"https:\/\/www.padreeustaquio.com.br\/#\/schema\/person\/a2a51db1d00f1a7af0204a0f1ddb1566"},"headline":"Igreja do Beato Padre Eust\u00e1quio recebe rel\u00edquia da Beata Nha Chica","datePublished":"2024-08-20T10:21:31+00:00","dateModified":"2024-08-21T00:00:59+00:00","mainEntityOfPage":{"@id":"https:\/\/www.padreeustaquio.com.br\/igreja-do-beato-padre-eustaquio-recebe-reliquia-da-beata-nha-chica\/"},"wordCount":186,"commentCount":0,"publisher":{"@id":"https:\/\/www.padreeustaquio.com.br\/#organization"},"image":{"@id":"https:\/\/www.padreeustaquio.com.br\/igreja-do-beato-padre-eustaquio-recebe-reliquia-da-beata-nha-chica\/#primaryimage"},"thumbnailUrl":"https:\/\/www.padreeustaquio.com.br\/wp-content\/uploads\/2024\/08\/Visita-Nha-Chica.jpeg","articleSection":["Not\u00edcias"],"inLanguage":"es","potentialAction":[{"@type":"CommentAction","name":"Comment","target":["https:\/\/www.padreeustaquio.com.br\/igreja-do-beato-padre-eustaquio-recebe-reliquia-da-beata-nha-chica\/#respond"]}]},{"@type":"WebPage","@id":"https:\/\/www.padreeustaquio.com.br\/igreja-do-beato-padre-eustaquio-recebe-reliquia-da-beata-nha-chica\/","url":"https:\/\/www.padreeustaquio.com.br\/igreja-do-beato-padre-eustaquio-recebe-reliquia-da-beata-nha-chica\/","name":"La Iglesia del Beato Padre Eust\u00e1quio recibe una reliquia de la Beata Nha Chica.","isPartOf":{"@id":"https:\/\/www.padreeustaquio.com.br\/#website"},"primaryImageOfPage":{"@id":"https:\/\/www.padreeustaquio.com.br\/igreja-do-beato-padre-eustaquio-recebe-reliquia-da-beata-nha-chica\/#primaryimage"},"image":{"@id":"https:\/\/www.padreeustaquio.com.br\/igreja-do-beato-padre-eustaquio-recebe-reliquia-da-beata-nha-chica\/#primaryimage"},"thumbnailUrl":"https:\/\/www.padreeustaquio.com.br\/wp-content\/uploads\/2024\/08\/Visita-Nha-Chica.jpeg","datePublished":"2024-08-20T10:21:31+00:00","dateModified":"2024-08-21T00:00:59+00:00","description":"El Santuario de la Salud y la Paz, Iglesia del Beato Padre Eust\u00e1quio, en Belo Horizonte, recibi\u00f3 el fin de semana pasado la visita de una reliquia de primer grado (fragmento \u00f3seo) del Beato Nh\u00e1 Chica. La visita de la reliquia al Santuario forma parte del programa especial de la Festividad del Beato Padre Eust\u00e1quio de 2024.","breadcrumb":{"@id":"https:\/\/www.padreeustaquio.com.br\/igreja-do-beato-padre-eustaquio-recebe-reliquia-da-beata-nha-chica\/#breadcrumb"},"inLanguage":"es","potentialAction":[{"@type":"ReadAction","target":["https:\/\/www.padreeustaquio.com.br\/igreja-do-beato-padre-eustaquio-recebe-reliquia-da-beata-nha-chica\/"]}]},{"@type":"ImageObject","inLanguage":"es","@id":"https:\/\/www.padreeustaquio.com.br\/igreja-do-beato-padre-eustaquio-recebe-reliquia-da-beata-nha-chica\/#primaryimage","url":"https:\/\/www.padreeustaquio.com.br\/wp-content\/uploads\/2024\/08\/Visita-Nha-Chica.jpeg","contentUrl":"https:\/\/www.padreeustaquio.com.br\/wp-content\/uploads\/2024\/08\/Visita-Nha-Chica.jpeg","width":1600,"height":720},{"@type":"BreadcrumbList","@id":"https:\/\/www.padreeustaquio.com.br\/igreja-do-beato-padre-eustaquio-recebe-reliquia-da-beata-nha-chica\/#breadcrumb","itemListElement":[{"@type":"ListItem","position":1,"name":"In\u00edcio","item":"https:\/\/www.padreeustaquio.com.br\/"},{"@type":"ListItem","position":2,"name":"Igreja do Beato Padre Eust\u00e1quio recebe rel\u00edquia da Beata Nha Chica"}]},{"@type":"WebSite","@id":"https:\/\/www.padreeustaquio.com.br\/#website","url":"https:\/\/www.padreeustaquio.com.br\/","name":"Padre Eustace","description":"Salud y Paz","publisher":{"@id":"https:\/\/www.padreeustaquio.com.br\/#organization"},"potentialAction":[{"@type":"SearchAction","target":{"@type":"EntryPoint","urlTemplate":"https:\/\/www.padreeustaquio.com.br\/?s={search_term_string}"},"query-input":{"@type":"PropertyValueSpecification","valueRequired":true,"valueName":"search_term_string"}}],"inLanguage":"es"},{"@type":"Organization","@id":"https:\/\/www.padreeustaquio.com.br\/#organization","name":"Padre Eustace","url":"https:\/\/www.padreeustaquio.com.br\/","logo":{"@type":"ImageObject","inLanguage":"es","@id":"https:\/\/www.padreeustaquio.com.br\/#\/schema\/logo\/image\/","url":"https:\/\/www.padreeustaquio.com.br\/wp-content\/uploads\/2019\/08\/marca.png","contentUrl":"https:\/\/www.padreeustaquio.com.br\/wp-content\/uploads\/2019\/08\/marca.png","width":350,"height":400,"caption":"Padre Eust\u00e1quio"},"image":{"@id":"https:\/\/www.padreeustaquio.com.br\/#\/schema\/logo\/image\/"},"sameAs":["https:\/\/www.facebook.com\/beatopadreeustaquio\/","https:\/\/x.com\/beatopeustaquio","https:\/\/www.instagram.com\/beatopadreeustaquio\/","https:\/\/www.youtube.com\/channel\/UCRhw7vfabnajwLxb1ZXMeIw"]},{"@type":"Person","@id":"https:\/\/www.padreeustaquio.com.br\/#\/schema\/person\/a2a51db1d00f1a7af0204a0f1ddb1566","name":"@sscc","image":{"@type":"ImageObject","inLanguage":"es","@id":"https:\/\/secure.gravatar.com\/avatar\/68cfafa5f44617fea54071e215026e0ff06be366c3d54a8425f04fdcb86f8c5f?s=96&d=mm&r=g","url":"https:\/\/secure.gravatar.com\/avatar\/68cfafa5f44617fea54071e215026e0ff06be366c3d54a8425f04fdcb86f8c5f?s=96&d=mm&r=g","contentUrl":"https:\/\/secure.gravatar.com\/avatar\/68cfafa5f44617fea54071e215026e0ff06be366c3d54a8425f04fdcb86f8c5f?s=96&d=mm&r=g","caption":"@sscc"},"url":"https:\/\/www.padreeustaquio.com.br\/es\/author\/sscc\/"}]}},"_links":{"self":[{"href":"https:\/\/www.padreeustaquio.com.br\/es\/wp-json\/wp\/v2\/posts\/11537","targetHints":{"allow":["GET"]}}],"collection":[{"href":"https:\/\/www.padreeustaquio.com.br\/es\/wp-json\/wp\/v2\/posts"}],"about":[{"href":"https:\/\/www.padreeustaquio.com.br\/es\/wp-json\/wp\/v2\/types\/post"}],"author":[{"embeddable":true,"href":"https:\/\/www.padreeustaquio.com.br\/es\/wp-json\/wp\/v2\/users\/2"}],"replies":[{"embeddable":true,"href":"https:\/\/www.padreeustaquio.com.br\/es\/wp-json\/wp\/v2\/comments?post=11537"}],"version-history":[{"count":0,"href":"https:\/\/www.padreeustaquio.com.br\/es\/wp-json\/wp\/v2\/posts\/11537\/revisions"}],"wp:featuredmedia":[{"embeddable":true,"href":"https:\/\/www.padreeustaquio.com.br\/es\/wp-json\/wp\/v2\/media\/11538"}],"wp:attachment":[{"href":"https:\/\/www.padreeustaquio.com.br\/es\/wp-json\/wp\/v2\/media?parent=11537"}],"wp:term":[{"taxonomy":"category","embeddable":true,"href":"https:\/\/www.padreeustaquio.com.br\/es\/wp-json\/wp\/v2\/categories?post=11537"},{"taxonomy":"post_tag","embeddable":true,"href":"https:\/\/www.padreeustaquio.com.br\/es\/wp-json\/wp\/v2\/tags?post=11537"}],"curies":[{"name":"wp","href":"https:\/\/api.w.org\/{rel}","templated":true}]}}