{"id":11532,"date":"2024-08-19T06:21:50","date_gmt":"2024-08-19T09:21:50","guid":{"rendered":"https:\/\/www.padreeustaquio.com.br\/?p=11532"},"modified":"2024-08-14T16:48:24","modified_gmt":"2024-08-14T19:48:24","slug":"consulte-la-programacion-de-la-fiesta-del-beato-padre-eustaquio-en-belo-horizonte-en-2024","status":"publish","type":"post","link":"https:\/\/www.padreeustaquio.com.br\/es\/consulte-la-programacion-de-la-fiesta-del-beato-padre-eustaquio-en-belo-horizonte-en-2024\/","title":{"rendered":"Consulte la programaci\u00f3n del Festival del Beato Padre Eust\u00e1quio 2024 en Belo Horizonte."},"content":{"rendered":"<p>En el a\u00f1o en que se espera con ilusi\u00f3n el Jubileo de los 100 a\u00f1os de la llegada del Padre Eust\u00e1quio a Brasil, el Santuario Arquidiocesano de Salud y Paz, en alianza con la Causa de Canonizaci\u00f3n, realizar\u00e1 una vasta programaci\u00f3n de eventos presenciales y virtuales a trav\u00e9s del Canal Padre Eust\u00e1quio.<\/p>\n<p>Consulta el programa de este a\u00f1o en el Santuario y \u00fanete a nosotros. Si no puedes asistir o est\u00e1s lejos, sigue las transmisiones y los entrenamientos en nuestro canal de YouTube:<\/p>\n<p><strong>15 de agosto \u2013 Jueves \u2013 Fiesta de Nuestra Se\u00f1ora de la Abad\u00eda<br \/>\n<\/strong>7 am \u2013 Santa Misa<br \/>\n16.00 horas \u2013 Santa Misa y procesi\u00f3n, seguida de puestos de comida en la plaza.<br \/>\n<em>(No habr\u00e1 celebraci\u00f3n a las 7pm)<\/em><\/p>\n<p><strong>17 de agosto \u2013 s\u00e1bado<br \/>\n<\/strong>15:00 \u2013 Rosario para recibir las Reliquias de la Beata Nh\u00e1 Chica<br \/>\n17:00 horas \u2013 Santa Misa de bienvenida a los peregrinos de Po\u00e1-SP<\/p>\n<p><strong>21 de agosto \u2013 Mi\u00e9rcoles \u2013 1er d\u00eda de la Novena<br \/>\n<\/strong>18:15 \u2013 Rosario de Canonizaci\u00f3n<br \/>\n19:00 horas \u2013 Santa Misa y Apertura de la Novena<\/p>\n<p><strong>22 de agosto \u2013 Jueves \u2013 2\u00ba D\u00eda de la Novena<br \/>\n<\/strong>18:15 \u2013 Rosario de Canonizaci\u00f3n<br \/>\n19:00 \u2013 Santa Misa y Novena<\/p>\n<p><strong>23 de agosto \u2013 Viernes \u2013 3er d\u00eda de la Novena<br \/>\n<\/strong>18:15 \u2013 Rosario de Canonizaci\u00f3n<br \/>\n19:00 \u2013 Santa Misa y Novena<br \/>\n<strong><br \/>\n24 de agosto \u2013 S\u00e1bado \u2013 4\u00ba D\u00eda de la Novena<br \/>\n<\/strong>16:15 \u2013 Rosario de Canonizaci\u00f3n<br \/>\n17:00 \u2013 Santa Misa y Novena<br \/>\n<strong><br \/>\n25 de agosto \u2013 Domingo \u2013 5\u00ba D\u00eda de la Novena<br \/>\n<\/strong>7:00, 8:30, 10:00, 17:00 y 19:00 \u2013 Santa Misa y Novena<\/p>\n<p><strong>26 de agosto \u2013 Lunes \u2013 6to d\u00eda de la Novena<br \/>\n<\/strong>18:15 \u2013 Rosario de Canonizaci\u00f3n<br \/>\n19:00 \u2013 Santa Misa y Novena<\/p>\n<p><strong>27 de agosto \u2013 Martes \u2013 7\u00ba D\u00eda de la Novena<br \/>\n<\/strong>18:15 \u2013 Rosario de Canonizaci\u00f3n<br \/>\n19:00 \u2013 Santa Misa y Novena<\/p>\n<p><strong>28 de agosto \u2013 Mi\u00e9rcoles \u2013 8\u00ba D\u00eda de la Novena<br \/>\n<\/strong>18:15 \u2013 Rosario de Canonizaci\u00f3n<br \/>\n19:00 \u2013 Santa Misa y Novena<br \/>\n<strong><br \/>\n29 de agosto \u2013 Jueves \u2013 9\u00ba D\u00eda de la Novena<br \/>\n<\/strong>18:15 \u2013 Rosario de Canonizaci\u00f3n<br \/>\n19:00 \u2013 Santa Misa y Novena<\/p>\n<p><strong>30 de agosto \u2013 Viernes \u2013 Festividad del Beato Padre Eustaquio<\/strong><br \/>\n5:00, 6:00, 7:00, 9:00, 11:00, 13:00, 15:00, 17:00 \u2013 Santa Misa<br \/>\n8am y 6pm \u2013 Rosario por la Canonizaci\u00f3n<br \/>\n12:00 PM \u2013 Adoraci\u00f3n al Sant\u00edsimo Sacramento<br \/>\n19:00 h \u2013 Misa solemne seguida de procesi\u00f3n<\/p>\n<p>-Confesiones en el Col\u00e9gio Marista Padre Eust\u00e1quio: 8:30 a 10:30 \u2013 14:30 a 16:00<br \/>\n- Bendici\u00f3n de objetos y devotos: Al finalizar cada misa y aspersi\u00f3n de agua bendita al salir.<br \/>\n-Puestos de comida abiertos todo el d\u00eda.<\/p>\n<p><em>*Misas transmitidas por el Canal Padre Eust\u00e1quio en YouTube<\/em><br \/>\n<em>Los entrenamientos realizados en el Santuario ser\u00e1n transmitidos el d\u00eda 30 durante la programaci\u00f3n en vivo y luego permanecer\u00e1n publicados en el Canal de YouTube del Padre Eust\u00e1quio.<\/em><\/p>\n<p><strong>Clausura del Festival \u2013 S\u00e1bado 31 de agosto<br \/>\n<\/strong>17:00 \u2013 Santa Misa<\/p>","protected":false},"excerpt":{"rendered":"<p>No ano em que se aguarda, ansiosamente, o Jubileu dos 100 anos da Chegada de Padre Eust\u00e1quio no Brasil, o Santu\u00e1rio Arquidiocesano da Sa\u00fade e da Paz, em parceria com a Causa de Canoniza\u00e7\u00e3o, estar\u00e1 realizando uma vasta programa\u00e7\u00e3o presencial e online, por meio do Canal Padre Eust\u00e1quio. Confira a programa\u00e7\u00e3o deste ano no Santu\u00e1rio e participe conosco. Se n\u00e3o puder ou estiver longe, acompanhe as transmiss\u00f5es e forma\u00e7\u00e3o pelo Canal no YouTube: 15\/08 \u2013 Quinta-feira &#8211; Festa de Nossa Senhora da Abadia 7h \u2013 Santa Missa 16h \u2013 Santa Missa e prociss\u00e3o, seguida de barraquinhas na pra\u00e7a (n\u00e3o haver\u00e1 [&hellip;]<\/p>\n","protected":false},"author":2,"featured_media":11535,"comment_status":"open","ping_status":"closed","sticky":false,"template":"","format":"standard","meta":{"_acf_changed":false,"footnotes":""},"categories":[611],"tags":[],"class_list":["post-11532","post","type-post","status-publish","format-standard","has-post-thumbnail","hentry","category-noticias"],"acf":[],"yoast_head":"<!-- This site is optimized with the Yoast SEO plugin v27.2 - https:\/\/yoast.com\/product\/yoast-seo-wordpress\/ -->\n<title>Confira a programa\u00e7\u00e3o da Festa do Beato Padre Eust\u00e1quio 2024, em BH<\/title>\n<meta name=\"description\" content=\"No ano em que se aguarda, ansiosamente, o Jubileu dos 100 anos da Chegada de Padre Eust\u00e1quio no Brasil, o Santu\u00e1rio Arquidiocesano da Sa\u00fade e da Paz, em parceria com a Causa de Canoniza\u00e7\u00e3o, estar\u00e1 realizando uma vasta programa\u00e7\u00e3o presencial e online, por meio do Canal Padre Eust\u00e1quio.\" \/>\n<meta name=\"robots\" content=\"index, follow, max-snippet:-1, max-image-preview:large, max-video-preview:-1\" \/>\n<link rel=\"canonical\" href=\"https:\/\/www.padreeustaquio.com.br\/es\/consulte-la-programacion-de-la-fiesta-del-beato-padre-eustaquio-en-belo-horizonte-en-2024\/\" \/>\n<meta property=\"og:locale\" content=\"es_ES\" \/>\n<meta property=\"og:type\" content=\"article\" \/>\n<meta property=\"og:title\" content=\"Confira a programa\u00e7\u00e3o da Festa do Beato Padre Eust\u00e1quio 2024, em BH\" \/>\n<meta property=\"og:description\" content=\"No ano em que se aguarda, ansiosamente, o Jubileu dos 100 anos da Chegada de Padre Eust\u00e1quio no Brasil, o Santu\u00e1rio Arquidiocesano da Sa\u00fade e da Paz, em parceria com a Causa de Canoniza\u00e7\u00e3o, estar\u00e1 realizando uma vasta programa\u00e7\u00e3o presencial e online, por meio do Canal Padre Eust\u00e1quio.\" \/>\n<meta property=\"og:url\" content=\"https:\/\/www.padreeustaquio.com.br\/es\/consulte-la-programacion-de-la-fiesta-del-beato-padre-eustaquio-en-belo-horizonte-en-2024\/\" \/>\n<meta property=\"og:site_name\" content=\"Padre Eust\u00e1quio\" \/>\n<meta property=\"article:publisher\" content=\"https:\/\/www.facebook.com\/beatopadreeustaquio\/\" \/>\n<meta property=\"article:published_time\" content=\"2024-08-19T09:21:50+00:00\" \/>\n<meta property=\"og:image\" content=\"https:\/\/www.padreeustaquio.com.br\/wp-content\/uploads\/2024\/08\/30-FESTA.jpg\" \/>\n\t<meta property=\"og:image:width\" content=\"1920\" \/>\n\t<meta property=\"og:image:height\" content=\"1080\" \/>\n\t<meta property=\"og:image:type\" content=\"image\/jpeg\" \/>\n<meta name=\"author\" content=\"@sscc\" \/>\n<meta name=\"twitter:card\" content=\"summary_large_image\" \/>\n<meta name=\"twitter:creator\" content=\"@beatopeustaquio\" \/>\n<meta name=\"twitter:site\" content=\"@beatopeustaquio\" \/>\n<meta name=\"twitter:label1\" content=\"Escrito por\" \/>\n\t<meta name=\"twitter:data1\" content=\"@sscc\" \/>\n\t<meta name=\"twitter:label2\" content=\"Tiempo de lectura\" \/>\n\t<meta name=\"twitter:data2\" content=\"3 minutos\" \/>\n<script type=\"application\/ld+json\" class=\"yoast-schema-graph\">{\"@context\":\"https:\/\/schema.org\",\"@graph\":[{\"@type\":\"Article\",\"@id\":\"https:\/\/www.padreeustaquio.com.br\/confira-a-programacao-da-festa-do-beato-padre-eustaquio-2024-em-bh\/#article\",\"isPartOf\":{\"@id\":\"https:\/\/www.padreeustaquio.com.br\/confira-a-programacao-da-festa-do-beato-padre-eustaquio-2024-em-bh\/\"},\"author\":{\"name\":\"@sscc\",\"@id\":\"https:\/\/www.padreeustaquio.com.br\/#\/schema\/person\/a2a51db1d00f1a7af0204a0f1ddb1566\"},\"headline\":\"Confira a programa\u00e7\u00e3o da Festa do Beato Padre Eust\u00e1quio 2024, em BH\",\"datePublished\":\"2024-08-19T09:21:50+00:00\",\"mainEntityOfPage\":{\"@id\":\"https:\/\/www.padreeustaquio.com.br\/confira-a-programacao-da-festa-do-beato-padre-eustaquio-2024-em-bh\/\"},\"wordCount\":412,\"commentCount\":0,\"publisher\":{\"@id\":\"https:\/\/www.padreeustaquio.com.br\/#organization\"},\"image\":{\"@id\":\"https:\/\/www.padreeustaquio.com.br\/confira-a-programacao-da-festa-do-beato-padre-eustaquio-2024-em-bh\/#primaryimage\"},\"thumbnailUrl\":\"https:\/\/www.padreeustaquio.com.br\/wp-content\/uploads\/2024\/08\/30-FESTA.jpg\",\"articleSection\":[\"Not\u00edcias\"],\"inLanguage\":\"es\",\"potentialAction\":[{\"@type\":\"CommentAction\",\"name\":\"Comment\",\"target\":[\"https:\/\/www.padreeustaquio.com.br\/confira-a-programacao-da-festa-do-beato-padre-eustaquio-2024-em-bh\/#respond\"]}]},{\"@type\":\"WebPage\",\"@id\":\"https:\/\/www.padreeustaquio.com.br\/confira-a-programacao-da-festa-do-beato-padre-eustaquio-2024-em-bh\/\",\"url\":\"https:\/\/www.padreeustaquio.com.br\/confira-a-programacao-da-festa-do-beato-padre-eustaquio-2024-em-bh\/\",\"name\":\"Confira a programa\u00e7\u00e3o da Festa do Beato Padre Eust\u00e1quio 2024, em BH\",\"isPartOf\":{\"@id\":\"https:\/\/www.padreeustaquio.com.br\/#website\"},\"primaryImageOfPage\":{\"@id\":\"https:\/\/www.padreeustaquio.com.br\/confira-a-programacao-da-festa-do-beato-padre-eustaquio-2024-em-bh\/#primaryimage\"},\"image\":{\"@id\":\"https:\/\/www.padreeustaquio.com.br\/confira-a-programacao-da-festa-do-beato-padre-eustaquio-2024-em-bh\/#primaryimage\"},\"thumbnailUrl\":\"https:\/\/www.padreeustaquio.com.br\/wp-content\/uploads\/2024\/08\/30-FESTA.jpg\",\"datePublished\":\"2024-08-19T09:21:50+00:00\",\"description\":\"No ano em que se aguarda, ansiosamente, o Jubileu dos 100 anos da Chegada de Padre Eust\u00e1quio no Brasil, o Santu\u00e1rio Arquidiocesano da Sa\u00fade e da Paz, em parceria com a Causa de Canoniza\u00e7\u00e3o, estar\u00e1 realizando uma vasta programa\u00e7\u00e3o presencial e online, por meio do Canal Padre Eust\u00e1quio.\",\"breadcrumb\":{\"@id\":\"https:\/\/www.padreeustaquio.com.br\/confira-a-programacao-da-festa-do-beato-padre-eustaquio-2024-em-bh\/#breadcrumb\"},\"inLanguage\":\"es\",\"potentialAction\":[{\"@type\":\"ReadAction\",\"target\":[\"https:\/\/www.padreeustaquio.com.br\/confira-a-programacao-da-festa-do-beato-padre-eustaquio-2024-em-bh\/\"]}]},{\"@type\":\"ImageObject\",\"inLanguage\":\"es\",\"@id\":\"https:\/\/www.padreeustaquio.com.br\/confira-a-programacao-da-festa-do-beato-padre-eustaquio-2024-em-bh\/#primaryimage\",\"url\":\"https:\/\/www.padreeustaquio.com.br\/wp-content\/uploads\/2024\/08\/30-FESTA.jpg\",\"contentUrl\":\"https:\/\/www.padreeustaquio.com.br\/wp-content\/uploads\/2024\/08\/30-FESTA.jpg\",\"width\":1920,\"height\":1080},{\"@type\":\"BreadcrumbList\",\"@id\":\"https:\/\/www.padreeustaquio.com.br\/confira-a-programacao-da-festa-do-beato-padre-eustaquio-2024-em-bh\/#breadcrumb\",\"itemListElement\":[{\"@type\":\"ListItem\",\"position\":1,\"name\":\"In\u00edcio\",\"item\":\"https:\/\/www.padreeustaquio.com.br\/\"},{\"@type\":\"ListItem\",\"position\":2,\"name\":\"Confira a programa\u00e7\u00e3o da Festa do Beato Padre Eust\u00e1quio 2024, em BH\"}]},{\"@type\":\"WebSite\",\"@id\":\"https:\/\/www.padreeustaquio.com.br\/#website\",\"url\":\"https:\/\/www.padreeustaquio.com.br\/\",\"name\":\"Padre Eust\u00e1quio\",\"description\":\"Sa\u00fade e Paz\",\"publisher\":{\"@id\":\"https:\/\/www.padreeustaquio.com.br\/#organization\"},\"potentialAction\":[{\"@type\":\"SearchAction\",\"target\":{\"@type\":\"EntryPoint\",\"urlTemplate\":\"https:\/\/www.padreeustaquio.com.br\/?s={search_term_string}\"},\"query-input\":{\"@type\":\"PropertyValueSpecification\",\"valueRequired\":true,\"valueName\":\"search_term_string\"}}],\"inLanguage\":\"es\"},{\"@type\":\"Organization\",\"@id\":\"https:\/\/www.padreeustaquio.com.br\/#organization\",\"name\":\"Padre Eust\u00e1quio\",\"url\":\"https:\/\/www.padreeustaquio.com.br\/\",\"logo\":{\"@type\":\"ImageObject\",\"inLanguage\":\"es\",\"@id\":\"https:\/\/www.padreeustaquio.com.br\/#\/schema\/logo\/image\/\",\"url\":\"https:\/\/www.padreeustaquio.com.br\/wp-content\/uploads\/2019\/08\/marca.png\",\"contentUrl\":\"https:\/\/www.padreeustaquio.com.br\/wp-content\/uploads\/2019\/08\/marca.png\",\"width\":350,\"height\":400,\"caption\":\"Padre Eust\u00e1quio\"},\"image\":{\"@id\":\"https:\/\/www.padreeustaquio.com.br\/#\/schema\/logo\/image\/\"},\"sameAs\":[\"https:\/\/www.facebook.com\/beatopadreeustaquio\/\",\"https:\/\/x.com\/beatopeustaquio\",\"https:\/\/www.instagram.com\/beatopadreeustaquio\/\",\"https:\/\/www.youtube.com\/channel\/UCRhw7vfabnajwLxb1ZXMeIw\"]},{\"@type\":\"Person\",\"@id\":\"https:\/\/www.padreeustaquio.com.br\/#\/schema\/person\/a2a51db1d00f1a7af0204a0f1ddb1566\",\"name\":\"@sscc\",\"image\":{\"@type\":\"ImageObject\",\"inLanguage\":\"es\",\"@id\":\"https:\/\/secure.gravatar.com\/avatar\/68cfafa5f44617fea54071e215026e0ff06be366c3d54a8425f04fdcb86f8c5f?s=96&d=mm&r=g\",\"url\":\"https:\/\/secure.gravatar.com\/avatar\/68cfafa5f44617fea54071e215026e0ff06be366c3d54a8425f04fdcb86f8c5f?s=96&d=mm&r=g\",\"contentUrl\":\"https:\/\/secure.gravatar.com\/avatar\/68cfafa5f44617fea54071e215026e0ff06be366c3d54a8425f04fdcb86f8c5f?s=96&d=mm&r=g\",\"caption\":\"@sscc\"},\"url\":\"https:\/\/www.padreeustaquio.com.br\/es\/author\/sscc\/\"}]}<\/script>\n<!-- \/ Yoast SEO plugin. -->","yoast_head_json":{"title":"Consulte la programaci\u00f3n del Festival del Beato Padre Eust\u00e1quio 2024 en Belo Horizonte.","description":"En el a\u00f1o en que se espera con ilusi\u00f3n el Jubileo de los 100 a\u00f1os de la llegada del Padre Eust\u00e1quio a Brasil, el Santuario Arquidiocesano de Salud y Paz, en alianza con la Causa de Canonizaci\u00f3n, realizar\u00e1 una vasta programaci\u00f3n de eventos presenciales y virtuales a trav\u00e9s del Canal Padre Eust\u00e1quio.","robots":{"index":"index","follow":"follow","max-snippet":"max-snippet:-1","max-image-preview":"max-image-preview:large","max-video-preview":"max-video-preview:-1"},"canonical":"https:\/\/www.padreeustaquio.com.br\/es\/consulte-la-programacion-de-la-fiesta-del-beato-padre-eustaquio-en-belo-horizonte-en-2024\/","og_locale":"es_ES","og_type":"article","og_title":"Confira a programa\u00e7\u00e3o da Festa do Beato Padre Eust\u00e1quio 2024, em BH","og_description":"No ano em que se aguarda, ansiosamente, o Jubileu dos 100 anos da Chegada de Padre Eust\u00e1quio no Brasil, o Santu\u00e1rio Arquidiocesano da Sa\u00fade e da Paz, em parceria com a Causa de Canoniza\u00e7\u00e3o, estar\u00e1 realizando uma vasta programa\u00e7\u00e3o presencial e online, por meio do Canal Padre Eust\u00e1quio.","og_url":"https:\/\/www.padreeustaquio.com.br\/es\/consulte-la-programacion-de-la-fiesta-del-beato-padre-eustaquio-en-belo-horizonte-en-2024\/","og_site_name":"Padre Eust\u00e1quio","article_publisher":"https:\/\/www.facebook.com\/beatopadreeustaquio\/","article_published_time":"2024-08-19T09:21:50+00:00","og_image":[{"width":1920,"height":1080,"url":"https:\/\/www.padreeustaquio.com.br\/wp-content\/uploads\/2024\/08\/30-FESTA.jpg","type":"image\/jpeg"}],"author":"@sscc","twitter_card":"summary_large_image","twitter_creator":"@beatopeustaquio","twitter_site":"@beatopeustaquio","twitter_misc":{"Escrito por":"@sscc","Tiempo de lectura":"3 minutos"},"schema":{"@context":"https:\/\/schema.org","@graph":[{"@type":"Article","@id":"https:\/\/www.padreeustaquio.com.br\/confira-a-programacao-da-festa-do-beato-padre-eustaquio-2024-em-bh\/#article","isPartOf":{"@id":"https:\/\/www.padreeustaquio.com.br\/confira-a-programacao-da-festa-do-beato-padre-eustaquio-2024-em-bh\/"},"author":{"name":"@sscc","@id":"https:\/\/www.padreeustaquio.com.br\/#\/schema\/person\/a2a51db1d00f1a7af0204a0f1ddb1566"},"headline":"Confira a programa\u00e7\u00e3o da Festa do Beato Padre Eust\u00e1quio 2024, em BH","datePublished":"2024-08-19T09:21:50+00:00","mainEntityOfPage":{"@id":"https:\/\/www.padreeustaquio.com.br\/confira-a-programacao-da-festa-do-beato-padre-eustaquio-2024-em-bh\/"},"wordCount":412,"commentCount":0,"publisher":{"@id":"https:\/\/www.padreeustaquio.com.br\/#organization"},"image":{"@id":"https:\/\/www.padreeustaquio.com.br\/confira-a-programacao-da-festa-do-beato-padre-eustaquio-2024-em-bh\/#primaryimage"},"thumbnailUrl":"https:\/\/www.padreeustaquio.com.br\/wp-content\/uploads\/2024\/08\/30-FESTA.jpg","articleSection":["Not\u00edcias"],"inLanguage":"es","potentialAction":[{"@type":"CommentAction","name":"Comment","target":["https:\/\/www.padreeustaquio.com.br\/confira-a-programacao-da-festa-do-beato-padre-eustaquio-2024-em-bh\/#respond"]}]},{"@type":"WebPage","@id":"https:\/\/www.padreeustaquio.com.br\/confira-a-programacao-da-festa-do-beato-padre-eustaquio-2024-em-bh\/","url":"https:\/\/www.padreeustaquio.com.br\/confira-a-programacao-da-festa-do-beato-padre-eustaquio-2024-em-bh\/","name":"Consulte la programaci\u00f3n del Festival del Beato Padre Eust\u00e1quio 2024 en Belo Horizonte.","isPartOf":{"@id":"https:\/\/www.padreeustaquio.com.br\/#website"},"primaryImageOfPage":{"@id":"https:\/\/www.padreeustaquio.com.br\/confira-a-programacao-da-festa-do-beato-padre-eustaquio-2024-em-bh\/#primaryimage"},"image":{"@id":"https:\/\/www.padreeustaquio.com.br\/confira-a-programacao-da-festa-do-beato-padre-eustaquio-2024-em-bh\/#primaryimage"},"thumbnailUrl":"https:\/\/www.padreeustaquio.com.br\/wp-content\/uploads\/2024\/08\/30-FESTA.jpg","datePublished":"2024-08-19T09:21:50+00:00","description":"En el a\u00f1o en que se espera con ilusi\u00f3n el Jubileo de los 100 a\u00f1os de la llegada del Padre Eust\u00e1quio a Brasil, el Santuario Arquidiocesano de Salud y Paz, en alianza con la Causa de Canonizaci\u00f3n, realizar\u00e1 una vasta programaci\u00f3n de eventos presenciales y virtuales a trav\u00e9s del Canal Padre Eust\u00e1quio.","breadcrumb":{"@id":"https:\/\/www.padreeustaquio.com.br\/confira-a-programacao-da-festa-do-beato-padre-eustaquio-2024-em-bh\/#breadcrumb"},"inLanguage":"es","potentialAction":[{"@type":"ReadAction","target":["https:\/\/www.padreeustaquio.com.br\/confira-a-programacao-da-festa-do-beato-padre-eustaquio-2024-em-bh\/"]}]},{"@type":"ImageObject","inLanguage":"es","@id":"https:\/\/www.padreeustaquio.com.br\/confira-a-programacao-da-festa-do-beato-padre-eustaquio-2024-em-bh\/#primaryimage","url":"https:\/\/www.padreeustaquio.com.br\/wp-content\/uploads\/2024\/08\/30-FESTA.jpg","contentUrl":"https:\/\/www.padreeustaquio.com.br\/wp-content\/uploads\/2024\/08\/30-FESTA.jpg","width":1920,"height":1080},{"@type":"BreadcrumbList","@id":"https:\/\/www.padreeustaquio.com.br\/confira-a-programacao-da-festa-do-beato-padre-eustaquio-2024-em-bh\/#breadcrumb","itemListElement":[{"@type":"ListItem","position":1,"name":"In\u00edcio","item":"https:\/\/www.padreeustaquio.com.br\/"},{"@type":"ListItem","position":2,"name":"Confira a programa\u00e7\u00e3o da Festa do Beato Padre Eust\u00e1quio 2024, em BH"}]},{"@type":"WebSite","@id":"https:\/\/www.padreeustaquio.com.br\/#website","url":"https:\/\/www.padreeustaquio.com.br\/","name":"Padre Eustace","description":"Salud y Paz","publisher":{"@id":"https:\/\/www.padreeustaquio.com.br\/#organization"},"potentialAction":[{"@type":"SearchAction","target":{"@type":"EntryPoint","urlTemplate":"https:\/\/www.padreeustaquio.com.br\/?s={search_term_string}"},"query-input":{"@type":"PropertyValueSpecification","valueRequired":true,"valueName":"search_term_string"}}],"inLanguage":"es"},{"@type":"Organization","@id":"https:\/\/www.padreeustaquio.com.br\/#organization","name":"Padre Eustace","url":"https:\/\/www.padreeustaquio.com.br\/","logo":{"@type":"ImageObject","inLanguage":"es","@id":"https:\/\/www.padreeustaquio.com.br\/#\/schema\/logo\/image\/","url":"https:\/\/www.padreeustaquio.com.br\/wp-content\/uploads\/2019\/08\/marca.png","contentUrl":"https:\/\/www.padreeustaquio.com.br\/wp-content\/uploads\/2019\/08\/marca.png","width":350,"height":400,"caption":"Padre Eust\u00e1quio"},"image":{"@id":"https:\/\/www.padreeustaquio.com.br\/#\/schema\/logo\/image\/"},"sameAs":["https:\/\/www.facebook.com\/beatopadreeustaquio\/","https:\/\/x.com\/beatopeustaquio","https:\/\/www.instagram.com\/beatopadreeustaquio\/","https:\/\/www.youtube.com\/channel\/UCRhw7vfabnajwLxb1ZXMeIw"]},{"@type":"Person","@id":"https:\/\/www.padreeustaquio.com.br\/#\/schema\/person\/a2a51db1d00f1a7af0204a0f1ddb1566","name":"@sscc","image":{"@type":"ImageObject","inLanguage":"es","@id":"https:\/\/secure.gravatar.com\/avatar\/68cfafa5f44617fea54071e215026e0ff06be366c3d54a8425f04fdcb86f8c5f?s=96&d=mm&r=g","url":"https:\/\/secure.gravatar.com\/avatar\/68cfafa5f44617fea54071e215026e0ff06be366c3d54a8425f04fdcb86f8c5f?s=96&d=mm&r=g","contentUrl":"https:\/\/secure.gravatar.com\/avatar\/68cfafa5f44617fea54071e215026e0ff06be366c3d54a8425f04fdcb86f8c5f?s=96&d=mm&r=g","caption":"@sscc"},"url":"https:\/\/www.padreeustaquio.com.br\/es\/author\/sscc\/"}]}},"_links":{"self":[{"href":"https:\/\/www.padreeustaquio.com.br\/es\/wp-json\/wp\/v2\/posts\/11532","targetHints":{"allow":["GET"]}}],"collection":[{"href":"https:\/\/www.padreeustaquio.com.br\/es\/wp-json\/wp\/v2\/posts"}],"about":[{"href":"https:\/\/www.padreeustaquio.com.br\/es\/wp-json\/wp\/v2\/types\/post"}],"author":[{"embeddable":true,"href":"https:\/\/www.padreeustaquio.com.br\/es\/wp-json\/wp\/v2\/users\/2"}],"replies":[{"embeddable":true,"href":"https:\/\/www.padreeustaquio.com.br\/es\/wp-json\/wp\/v2\/comments?post=11532"}],"version-history":[{"count":0,"href":"https:\/\/www.padreeustaquio.com.br\/es\/wp-json\/wp\/v2\/posts\/11532\/revisions"}],"wp:featuredmedia":[{"embeddable":true,"href":"https:\/\/www.padreeustaquio.com.br\/es\/wp-json\/wp\/v2\/media\/11535"}],"wp:attachment":[{"href":"https:\/\/www.padreeustaquio.com.br\/es\/wp-json\/wp\/v2\/media?parent=11532"}],"wp:term":[{"taxonomy":"category","embeddable":true,"href":"https:\/\/www.padreeustaquio.com.br\/es\/wp-json\/wp\/v2\/categories?post=11532"},{"taxonomy":"post_tag","embeddable":true,"href":"https:\/\/www.padreeustaquio.com.br\/es\/wp-json\/wp\/v2\/tags?post=11532"}],"curies":[{"name":"wp","href":"https:\/\/api.w.org\/{rel}","templated":true}]}}