{"id":11527,"date":"2024-08-14T07:10:51","date_gmt":"2024-08-14T10:10:51","guid":{"rendered":"https:\/\/www.padreeustaquio.com.br\/?p=11527"},"modified":"2024-08-14T08:21:19","modified_gmt":"2024-08-14T11:21:19","slug":"reliquias-de-la-beata-nha-chica-visitan-el-santuario-de-la-salud-y-la-paz","status":"publish","type":"post","link":"https:\/\/www.padreeustaquio.com.br\/es\/reliquias-de-la-beata-nha-chica-visitan-el-santuario-de-la-salud-y-la-paz\/","title":{"rendered":"Reliquias de la Beata Nh\u00e1 Chica visitar\u00e1n el Santuario de la Salud y la Paz."},"content":{"rendered":"<p>Como parte del programa de la Fiesta del Beato Padre Eustaquio de 2024 en Belo Horizonte, las reliquias del Beato Nh\u00e1 Chica visitar\u00e1n el Santuario de la Salud y la Paz, la Iglesia del Beato Padre Eustaquio, en Belo Horizonte. La ceremonia de bienvenida tendr\u00e1 lugar este s\u00e1bado 17 de agosto.<\/p>\n<p>El programa del d\u00eda comienza a las 15:00 h con la meditaci\u00f3n del Santo Rosario, seguida de un momento de alabanza y una charla sobre la Santidad. A las 17:00 h se celebrar\u00e1 la Santa Misa, donde se recibir\u00e1 a los peregrinos de Po\u00e1-SP en el Santuario. Inmediatamente despu\u00e9s, todos est\u00e1n invitados a un momento de convivencia en los puestos instalados en la plaza de la iglesia.<\/p>\n<p><a href=\"https:\/\/youtu.be\/sygtZ5qBjc8?si=M0a62WRfy3uxNwFi\"><strong>Beata Nh\u00e1 Chica<\/strong><\/a><\/p>\n<p>Francisca de Paula de Jesus, nacida en Santo Ant\u00f4nio do Rio das Mortes, distrito de S\u00e3o Jo\u00e3o del-Rei (MG), lleg\u00f3 a Baependi (MG) siendo ni\u00f1a. Lleg\u00f3 acompa\u00f1ada de su madre y su hermano, Teot\u00f4nio. Entre sus escasas pertenencias, trajeron una imagen de Nuestra Se\u00f1ora de la Concepci\u00f3n.<\/p>\n<p>En 1818, con tan solo 10 a\u00f1os, la madre de Nh\u00e1 Chica falleci\u00f3, dejando a sus dos hijos, Francisca de Paula de Jesus, de 10 a\u00f1os, y a su hermano, de 12, al cuidado de Dios y de la Virgen Mar\u00eda. Hu\u00e9rfanos de madre y solos en el mundo, Francisca de Paula y Teot\u00f4nio crecieron bajo el cuidado y la protecci\u00f3n de Nuestra Se\u00f1ora, quien poco a poco se gan\u00f3 el coraz\u00f3n de Nh\u00e1 Chica. La llamaba cari\u00f1osamente &quot;Minha Sinh\u00e1&quot;, que significa &quot;Mi Se\u00f1ora&quot;, y no hac\u00eda nada sin consultarla primero.<\/p>\n<p>Nh\u00e1 Chica supo administrar muy bien y hacer prosperar la herencia espiritual que recibi\u00f3 de su madre. Nunca se cas\u00f3. Rechaz\u00f3 con gusto todas las propuestas de matrimonio que le llegaban. Estaba completamente dedicada al Se\u00f1or. Se llevaba bien con pobres, ricos y necesitados. Atend\u00eda a todos los que la buscaban, sin discriminar a nadie, y para todos ten\u00eda una palabra de consuelo, un consejo o la promesa de orar. Incluso de joven, la buscaban para pedirle consejo, oraciones y sugerencias a personas del mundo empresarial. Muchos no tomaban decisiones sin consultarla primero, y para muchos era considerada una &quot;santa&quot;. Sin embargo, a quienes quer\u00edan saber qui\u00e9n era realmente, respond\u00eda con calma: &quot;...Es porque rezo con fe&quot;.<\/p>\n<p>Su fama de santidad se extendi\u00f3 tanto que gente de todas partes empez\u00f3 a visitar a Baependi para conocerla, hablar con ella, contarle sus penas y necesidades, y sobre todo, para pedirle oraciones. Atend\u00eda a todos con la misma paciencia y dedicaci\u00f3n, pero los viernes no atend\u00eda a nadie. Era el d\u00eda en que lavaba su ropa y se dedicaba m\u00e1s a la oraci\u00f3n y la penitencia. Esto se debe a que el viernes es el d\u00eda en que se conmemora la Pasi\u00f3n y Muerte de Nuestro Se\u00f1or Jesucristo por la salvaci\u00f3n de todos. A las tres de la tarde, intensificaba sus oraciones y manten\u00eda una veneraci\u00f3n particular por la Virgen de la Concepci\u00f3n, a quien trataba con cari\u00f1o, como a una amiga.<\/p>\n<p>Nh\u00e1 Chica era analfabeta, pues nunca hab\u00eda aprendido a leer ni a escribir; solo deseaba leer las Sagradas Escrituras, pero alguien se las le\u00eda, lo cual la hac\u00eda feliz. Compuso una novena a Nuestra Se\u00f1ora de la Concepci\u00f3n y, en su honor, construy\u00f3 una peque\u00f1a iglesia junto a su casa, donde veneraba una peque\u00f1a imagen de Nuestra Se\u00f1ora de la Concepci\u00f3n que hab\u00eda pertenecido a su madre, y ante la cual rezaba con devoci\u00f3n por todos los que se encomendaban a ella. Esta imagen a\u00fan se encuentra hoy en la sala de la casita donde viv\u00eda, en el altar de la antigua capilla.<\/p>\n<p>En 1954, la Iglesia de Nh\u00e1 Chica fue confiada a la Congregaci\u00f3n de las Hermanas Franciscanas del Se\u00f1or. Desde entonces, junto a la iglesia funciona un programa de asistencia social para ni\u00f1os necesitados, mantenido por benefactores dedicados a Nh\u00e1 Chica. Hoy en d\u00eda, el INC \u2013 Instituto Nh\u00e1 Chica alberga a m\u00e1s de 150 ni\u00f1os y ni\u00f1as.<\/p>\n<p>La &quot;Peque\u00f1a Iglesia de Nh\u00e1 Chica&quot;, tras algunas renovaciones, es ahora el &quot;Santuario de Nuestra Se\u00f1ora de la Concepci\u00f3n&quot;, que recibe a peregrinos de todo Brasil y de diversas partes del mundo. Numerosos fieles que visitan el lugar piden gracias y rezan con fe. Muchos regresan para agradecer y registrar las gracias recibidas. Actualmente, en el &quot;Registro de Gracias del Santuario&quot;, se pueden leer aproximadamente 20.000 gracias obtenidas por la intercesi\u00f3n de Nh\u00e1 Chica.<\/p>\n<p>Nh\u00e1 Chica falleci\u00f3 el 14 de junio de 1895 a los 87 a\u00f1os, pero fue enterrada el 18, en la capilla que ella misma mand\u00f3 construir. Quienes estuvieron presentes sintieron un misterioso perfume de rosas que emanaba de su cuerpo durante los cuatro d\u00edas que dur\u00f3 su velatorio. Este perfume fue percibido de nuevo el 18 de junio de 1998, 103 a\u00f1os despu\u00e9s, por las Autoridades Eclesi\u00e1sticas y los miembros del Tribunal Eclesi\u00e1stico para la Causa de Beatificaci\u00f3n de Nh\u00e1 Chica, as\u00ed como por los canteros, con motivo de la exhumaci\u00f3n de su cuerpo. Los restos mortales de la Venerable se encuentran hoy en el mismo lugar, dentro del Santuario de Nuestra Se\u00f1ora de la Concepci\u00f3n en Baependi, protegidos por una urna de acr\u00edlico colocada dentro de otra de granito, donde son venerados por los fieles.<\/p>","protected":false},"excerpt":{"rendered":"<p>Como parte da programa\u00e7\u00e3o da Festa do Beato Padre Eust\u00e1quio 2024, em Belo Horizonte, as rel\u00edquias da Bem-Aventurada Nh\u00e1 Chica, visitar\u00e3o o Santu\u00e1rio da Sa\u00fade e da Paz, a Igreja do Beato Padre Eust\u00e1quio, em Belo Horizonte. A acolhida ser\u00e1 realizada neste s\u00e1bado, dia 17 de agosto. A programa\u00e7\u00e3o do dia come\u00e7a \u00e0s 15h com a medita\u00e7\u00e3o do Santo Ter\u00e7o, na sequ\u00eancia, haver\u00e1 um momento de louvor e, em seguida, uma palestra sobre &#8220;Santidade&#8221;. \u00c0s 17h ser\u00e1 celebrada a Santa Missa, onde os peregrinos de Po\u00e1-SP, ser\u00e3o acolhidos no Santu\u00e1rio. Logo ap\u00f3s, todos est\u00e3o convidados a um momento de confraterniza\u00e7\u00e3o [&hellip;]<\/p>\n","protected":false},"author":2,"featured_media":11528,"comment_status":"open","ping_status":"closed","sticky":false,"template":"","format":"standard","meta":{"_acf_changed":false,"footnotes":""},"categories":[611],"tags":[],"class_list":["post-11527","post","type-post","status-publish","format-standard","has-post-thumbnail","hentry","category-noticias"],"acf":[],"yoast_head":"<!-- This site is optimized with the Yoast SEO plugin v27.2 - https:\/\/yoast.com\/product\/yoast-seo-wordpress\/ -->\n<title>Rel\u00edquias da Beata Nh\u00e1 Chica visitar\u00e3o o Santu\u00e1rio da Sa\u00fade e da Paz<\/title>\n<meta name=\"description\" content=\"Como parte da programa\u00e7\u00e3o da Festa do Beato Padre Eust\u00e1quio 2024, em Belo Horizonte, as rel\u00edquias da Bem-Aventurada Nh\u00e1 Chica, visitar\u00e3o o Santu\u00e1rio da Sa\u00fade e da Paz, a Igreja do Beato Padre Eust\u00e1quio, em Belo Horizonte. A acolhida ser\u00e1 realizada neste s\u00e1bado, dia 17 de agosto.\" \/>\n<meta name=\"robots\" content=\"index, follow, max-snippet:-1, max-image-preview:large, max-video-preview:-1\" \/>\n<link rel=\"canonical\" href=\"https:\/\/www.padreeustaquio.com.br\/es\/reliquias-de-la-beata-nha-chica-visitan-el-santuario-de-la-salud-y-la-paz\/\" \/>\n<meta property=\"og:locale\" content=\"es_ES\" \/>\n<meta property=\"og:type\" content=\"article\" \/>\n<meta property=\"og:title\" content=\"Rel\u00edquias da Beata Nh\u00e1 Chica visitar\u00e3o o Santu\u00e1rio da Sa\u00fade e da Paz\" \/>\n<meta property=\"og:description\" content=\"Como parte da programa\u00e7\u00e3o da Festa do Beato Padre Eust\u00e1quio 2024, em Belo Horizonte, as rel\u00edquias da Bem-Aventurada Nh\u00e1 Chica, visitar\u00e3o o Santu\u00e1rio da Sa\u00fade e da Paz, a Igreja do Beato Padre Eust\u00e1quio, em Belo Horizonte. A acolhida ser\u00e1 realizada neste s\u00e1bado, dia 17 de agosto.\" \/>\n<meta property=\"og:url\" content=\"https:\/\/www.padreeustaquio.com.br\/es\/reliquias-de-la-beata-nha-chica-visitan-el-santuario-de-la-salud-y-la-paz\/\" \/>\n<meta property=\"og:site_name\" content=\"Padre Eust\u00e1quio\" \/>\n<meta property=\"article:publisher\" content=\"https:\/\/www.facebook.com\/beatopadreeustaquio\/\" \/>\n<meta property=\"article:published_time\" content=\"2024-08-14T10:10:51+00:00\" \/>\n<meta property=\"article:modified_time\" content=\"2024-08-14T11:21:19+00:00\" \/>\n<meta property=\"og:image\" content=\"https:\/\/www.padreeustaquio.com.br\/wp-content\/uploads\/2024\/08\/nha-chica.jpg\" \/>\n\t<meta property=\"og:image:width\" content=\"1440\" \/>\n\t<meta property=\"og:image:height\" content=\"810\" \/>\n\t<meta property=\"og:image:type\" content=\"image\/jpeg\" \/>\n<meta name=\"author\" content=\"@sscc\" \/>\n<meta name=\"twitter:card\" content=\"summary_large_image\" \/>\n<meta name=\"twitter:creator\" content=\"@beatopeustaquio\" \/>\n<meta name=\"twitter:site\" content=\"@beatopeustaquio\" \/>\n<meta name=\"twitter:label1\" content=\"Escrito por\" \/>\n\t<meta name=\"twitter:data1\" content=\"@sscc\" \/>\n\t<meta name=\"twitter:label2\" content=\"Tiempo de lectura\" \/>\n\t<meta name=\"twitter:data2\" content=\"5 minutos\" \/>\n<script type=\"application\/ld+json\" class=\"yoast-schema-graph\">{\"@context\":\"https:\/\/schema.org\",\"@graph\":[{\"@type\":\"Article\",\"@id\":\"https:\/\/www.padreeustaquio.com.br\/reliquias-da-beata-nha-chica-visitam-o-santuario-da-saude-e-da-paz\/#article\",\"isPartOf\":{\"@id\":\"https:\/\/www.padreeustaquio.com.br\/reliquias-da-beata-nha-chica-visitam-o-santuario-da-saude-e-da-paz\/\"},\"author\":{\"name\":\"@sscc\",\"@id\":\"https:\/\/www.padreeustaquio.com.br\/#\/schema\/person\/a2a51db1d00f1a7af0204a0f1ddb1566\"},\"headline\":\"Rel\u00edquias da Beata Nh\u00e1 Chica visitar\u00e3o o Santu\u00e1rio da Sa\u00fade e da Paz\",\"datePublished\":\"2024-08-14T10:10:51+00:00\",\"dateModified\":\"2024-08-14T11:21:19+00:00\",\"mainEntityOfPage\":{\"@id\":\"https:\/\/www.padreeustaquio.com.br\/reliquias-da-beata-nha-chica-visitam-o-santuario-da-saude-e-da-paz\/\"},\"wordCount\":951,\"commentCount\":0,\"publisher\":{\"@id\":\"https:\/\/www.padreeustaquio.com.br\/#organization\"},\"image\":{\"@id\":\"https:\/\/www.padreeustaquio.com.br\/reliquias-da-beata-nha-chica-visitam-o-santuario-da-saude-e-da-paz\/#primaryimage\"},\"thumbnailUrl\":\"https:\/\/www.padreeustaquio.com.br\/wp-content\/uploads\/2024\/08\/nha-chica.jpg\",\"articleSection\":[\"Not\u00edcias\"],\"inLanguage\":\"es\",\"potentialAction\":[{\"@type\":\"CommentAction\",\"name\":\"Comment\",\"target\":[\"https:\/\/www.padreeustaquio.com.br\/reliquias-da-beata-nha-chica-visitam-o-santuario-da-saude-e-da-paz\/#respond\"]}]},{\"@type\":\"WebPage\",\"@id\":\"https:\/\/www.padreeustaquio.com.br\/reliquias-da-beata-nha-chica-visitam-o-santuario-da-saude-e-da-paz\/\",\"url\":\"https:\/\/www.padreeustaquio.com.br\/reliquias-da-beata-nha-chica-visitam-o-santuario-da-saude-e-da-paz\/\",\"name\":\"Rel\u00edquias da Beata Nh\u00e1 Chica visitar\u00e3o o Santu\u00e1rio da Sa\u00fade e da Paz\",\"isPartOf\":{\"@id\":\"https:\/\/www.padreeustaquio.com.br\/#website\"},\"primaryImageOfPage\":{\"@id\":\"https:\/\/www.padreeustaquio.com.br\/reliquias-da-beata-nha-chica-visitam-o-santuario-da-saude-e-da-paz\/#primaryimage\"},\"image\":{\"@id\":\"https:\/\/www.padreeustaquio.com.br\/reliquias-da-beata-nha-chica-visitam-o-santuario-da-saude-e-da-paz\/#primaryimage\"},\"thumbnailUrl\":\"https:\/\/www.padreeustaquio.com.br\/wp-content\/uploads\/2024\/08\/nha-chica.jpg\",\"datePublished\":\"2024-08-14T10:10:51+00:00\",\"dateModified\":\"2024-08-14T11:21:19+00:00\",\"description\":\"Como parte da programa\u00e7\u00e3o da Festa do Beato Padre Eust\u00e1quio 2024, em Belo Horizonte, as rel\u00edquias da Bem-Aventurada Nh\u00e1 Chica, visitar\u00e3o o Santu\u00e1rio da Sa\u00fade e da Paz, a Igreja do Beato Padre Eust\u00e1quio, em Belo Horizonte. A acolhida ser\u00e1 realizada neste s\u00e1bado, dia 17 de agosto.\",\"breadcrumb\":{\"@id\":\"https:\/\/www.padreeustaquio.com.br\/reliquias-da-beata-nha-chica-visitam-o-santuario-da-saude-e-da-paz\/#breadcrumb\"},\"inLanguage\":\"es\",\"potentialAction\":[{\"@type\":\"ReadAction\",\"target\":[\"https:\/\/www.padreeustaquio.com.br\/reliquias-da-beata-nha-chica-visitam-o-santuario-da-saude-e-da-paz\/\"]}]},{\"@type\":\"ImageObject\",\"inLanguage\":\"es\",\"@id\":\"https:\/\/www.padreeustaquio.com.br\/reliquias-da-beata-nha-chica-visitam-o-santuario-da-saude-e-da-paz\/#primaryimage\",\"url\":\"https:\/\/www.padreeustaquio.com.br\/wp-content\/uploads\/2024\/08\/nha-chica.jpg\",\"contentUrl\":\"https:\/\/www.padreeustaquio.com.br\/wp-content\/uploads\/2024\/08\/nha-chica.jpg\",\"width\":1440,\"height\":810},{\"@type\":\"BreadcrumbList\",\"@id\":\"https:\/\/www.padreeustaquio.com.br\/reliquias-da-beata-nha-chica-visitam-o-santuario-da-saude-e-da-paz\/#breadcrumb\",\"itemListElement\":[{\"@type\":\"ListItem\",\"position\":1,\"name\":\"In\u00edcio\",\"item\":\"https:\/\/www.padreeustaquio.com.br\/\"},{\"@type\":\"ListItem\",\"position\":2,\"name\":\"Rel\u00edquias da Beata Nh\u00e1 Chica visitar\u00e3o o Santu\u00e1rio da Sa\u00fade e da Paz\"}]},{\"@type\":\"WebSite\",\"@id\":\"https:\/\/www.padreeustaquio.com.br\/#website\",\"url\":\"https:\/\/www.padreeustaquio.com.br\/\",\"name\":\"Padre Eust\u00e1quio\",\"description\":\"Sa\u00fade e Paz\",\"publisher\":{\"@id\":\"https:\/\/www.padreeustaquio.com.br\/#organization\"},\"potentialAction\":[{\"@type\":\"SearchAction\",\"target\":{\"@type\":\"EntryPoint\",\"urlTemplate\":\"https:\/\/www.padreeustaquio.com.br\/?s={search_term_string}\"},\"query-input\":{\"@type\":\"PropertyValueSpecification\",\"valueRequired\":true,\"valueName\":\"search_term_string\"}}],\"inLanguage\":\"es\"},{\"@type\":\"Organization\",\"@id\":\"https:\/\/www.padreeustaquio.com.br\/#organization\",\"name\":\"Padre Eust\u00e1quio\",\"url\":\"https:\/\/www.padreeustaquio.com.br\/\",\"logo\":{\"@type\":\"ImageObject\",\"inLanguage\":\"es\",\"@id\":\"https:\/\/www.padreeustaquio.com.br\/#\/schema\/logo\/image\/\",\"url\":\"https:\/\/www.padreeustaquio.com.br\/wp-content\/uploads\/2019\/08\/marca.png\",\"contentUrl\":\"https:\/\/www.padreeustaquio.com.br\/wp-content\/uploads\/2019\/08\/marca.png\",\"width\":350,\"height\":400,\"caption\":\"Padre Eust\u00e1quio\"},\"image\":{\"@id\":\"https:\/\/www.padreeustaquio.com.br\/#\/schema\/logo\/image\/\"},\"sameAs\":[\"https:\/\/www.facebook.com\/beatopadreeustaquio\/\",\"https:\/\/x.com\/beatopeustaquio\",\"https:\/\/www.instagram.com\/beatopadreeustaquio\/\",\"https:\/\/www.youtube.com\/channel\/UCRhw7vfabnajwLxb1ZXMeIw\"]},{\"@type\":\"Person\",\"@id\":\"https:\/\/www.padreeustaquio.com.br\/#\/schema\/person\/a2a51db1d00f1a7af0204a0f1ddb1566\",\"name\":\"@sscc\",\"image\":{\"@type\":\"ImageObject\",\"inLanguage\":\"es\",\"@id\":\"https:\/\/secure.gravatar.com\/avatar\/68cfafa5f44617fea54071e215026e0ff06be366c3d54a8425f04fdcb86f8c5f?s=96&d=mm&r=g\",\"url\":\"https:\/\/secure.gravatar.com\/avatar\/68cfafa5f44617fea54071e215026e0ff06be366c3d54a8425f04fdcb86f8c5f?s=96&d=mm&r=g\",\"contentUrl\":\"https:\/\/secure.gravatar.com\/avatar\/68cfafa5f44617fea54071e215026e0ff06be366c3d54a8425f04fdcb86f8c5f?s=96&d=mm&r=g\",\"caption\":\"@sscc\"},\"url\":\"https:\/\/www.padreeustaquio.com.br\/es\/author\/sscc\/\"}]}<\/script>\n<!-- \/ Yoast SEO plugin. -->","yoast_head_json":{"title":"Reliquias de la Beata Nh\u00e1 Chica visitar\u00e1n el Santuario de la Salud y la Paz.","description":"Como parte del programa de la Fiesta del Beato Padre Eustaquio de 2024 en Belo Horizonte, las reliquias del Beato Nh\u00e1 Chica visitar\u00e1n el Santuario de la Salud y la Paz, la Iglesia del Beato Padre Eustaquio, en Belo Horizonte. La ceremonia de bienvenida tendr\u00e1 lugar este s\u00e1bado 17 de agosto.","robots":{"index":"index","follow":"follow","max-snippet":"max-snippet:-1","max-image-preview":"max-image-preview:large","max-video-preview":"max-video-preview:-1"},"canonical":"https:\/\/www.padreeustaquio.com.br\/es\/reliquias-de-la-beata-nha-chica-visitan-el-santuario-de-la-salud-y-la-paz\/","og_locale":"es_ES","og_type":"article","og_title":"Rel\u00edquias da Beata Nh\u00e1 Chica visitar\u00e3o o Santu\u00e1rio da Sa\u00fade e da Paz","og_description":"Como parte da programa\u00e7\u00e3o da Festa do Beato Padre Eust\u00e1quio 2024, em Belo Horizonte, as rel\u00edquias da Bem-Aventurada Nh\u00e1 Chica, visitar\u00e3o o Santu\u00e1rio da Sa\u00fade e da Paz, a Igreja do Beato Padre Eust\u00e1quio, em Belo Horizonte. A acolhida ser\u00e1 realizada neste s\u00e1bado, dia 17 de agosto.","og_url":"https:\/\/www.padreeustaquio.com.br\/es\/reliquias-de-la-beata-nha-chica-visitan-el-santuario-de-la-salud-y-la-paz\/","og_site_name":"Padre Eust\u00e1quio","article_publisher":"https:\/\/www.facebook.com\/beatopadreeustaquio\/","article_published_time":"2024-08-14T10:10:51+00:00","article_modified_time":"2024-08-14T11:21:19+00:00","og_image":[{"width":1440,"height":810,"url":"https:\/\/www.padreeustaquio.com.br\/wp-content\/uploads\/2024\/08\/nha-chica.jpg","type":"image\/jpeg"}],"author":"@sscc","twitter_card":"summary_large_image","twitter_creator":"@beatopeustaquio","twitter_site":"@beatopeustaquio","twitter_misc":{"Escrito por":"@sscc","Tiempo de lectura":"5 minutos"},"schema":{"@context":"https:\/\/schema.org","@graph":[{"@type":"Article","@id":"https:\/\/www.padreeustaquio.com.br\/reliquias-da-beata-nha-chica-visitam-o-santuario-da-saude-e-da-paz\/#article","isPartOf":{"@id":"https:\/\/www.padreeustaquio.com.br\/reliquias-da-beata-nha-chica-visitam-o-santuario-da-saude-e-da-paz\/"},"author":{"name":"@sscc","@id":"https:\/\/www.padreeustaquio.com.br\/#\/schema\/person\/a2a51db1d00f1a7af0204a0f1ddb1566"},"headline":"Rel\u00edquias da Beata Nh\u00e1 Chica visitar\u00e3o o Santu\u00e1rio da Sa\u00fade e da Paz","datePublished":"2024-08-14T10:10:51+00:00","dateModified":"2024-08-14T11:21:19+00:00","mainEntityOfPage":{"@id":"https:\/\/www.padreeustaquio.com.br\/reliquias-da-beata-nha-chica-visitam-o-santuario-da-saude-e-da-paz\/"},"wordCount":951,"commentCount":0,"publisher":{"@id":"https:\/\/www.padreeustaquio.com.br\/#organization"},"image":{"@id":"https:\/\/www.padreeustaquio.com.br\/reliquias-da-beata-nha-chica-visitam-o-santuario-da-saude-e-da-paz\/#primaryimage"},"thumbnailUrl":"https:\/\/www.padreeustaquio.com.br\/wp-content\/uploads\/2024\/08\/nha-chica.jpg","articleSection":["Not\u00edcias"],"inLanguage":"es","potentialAction":[{"@type":"CommentAction","name":"Comment","target":["https:\/\/www.padreeustaquio.com.br\/reliquias-da-beata-nha-chica-visitam-o-santuario-da-saude-e-da-paz\/#respond"]}]},{"@type":"WebPage","@id":"https:\/\/www.padreeustaquio.com.br\/reliquias-da-beata-nha-chica-visitam-o-santuario-da-saude-e-da-paz\/","url":"https:\/\/www.padreeustaquio.com.br\/reliquias-da-beata-nha-chica-visitam-o-santuario-da-saude-e-da-paz\/","name":"Reliquias de la Beata Nh\u00e1 Chica visitar\u00e1n el Santuario de la Salud y la Paz.","isPartOf":{"@id":"https:\/\/www.padreeustaquio.com.br\/#website"},"primaryImageOfPage":{"@id":"https:\/\/www.padreeustaquio.com.br\/reliquias-da-beata-nha-chica-visitam-o-santuario-da-saude-e-da-paz\/#primaryimage"},"image":{"@id":"https:\/\/www.padreeustaquio.com.br\/reliquias-da-beata-nha-chica-visitam-o-santuario-da-saude-e-da-paz\/#primaryimage"},"thumbnailUrl":"https:\/\/www.padreeustaquio.com.br\/wp-content\/uploads\/2024\/08\/nha-chica.jpg","datePublished":"2024-08-14T10:10:51+00:00","dateModified":"2024-08-14T11:21:19+00:00","description":"Como parte del programa de la Fiesta del Beato Padre Eustaquio de 2024 en Belo Horizonte, las reliquias del Beato Nh\u00e1 Chica visitar\u00e1n el Santuario de la Salud y la Paz, la Iglesia del Beato Padre Eustaquio, en Belo Horizonte. La ceremonia de bienvenida tendr\u00e1 lugar este s\u00e1bado 17 de agosto.","breadcrumb":{"@id":"https:\/\/www.padreeustaquio.com.br\/reliquias-da-beata-nha-chica-visitam-o-santuario-da-saude-e-da-paz\/#breadcrumb"},"inLanguage":"es","potentialAction":[{"@type":"ReadAction","target":["https:\/\/www.padreeustaquio.com.br\/reliquias-da-beata-nha-chica-visitam-o-santuario-da-saude-e-da-paz\/"]}]},{"@type":"ImageObject","inLanguage":"es","@id":"https:\/\/www.padreeustaquio.com.br\/reliquias-da-beata-nha-chica-visitam-o-santuario-da-saude-e-da-paz\/#primaryimage","url":"https:\/\/www.padreeustaquio.com.br\/wp-content\/uploads\/2024\/08\/nha-chica.jpg","contentUrl":"https:\/\/www.padreeustaquio.com.br\/wp-content\/uploads\/2024\/08\/nha-chica.jpg","width":1440,"height":810},{"@type":"BreadcrumbList","@id":"https:\/\/www.padreeustaquio.com.br\/reliquias-da-beata-nha-chica-visitam-o-santuario-da-saude-e-da-paz\/#breadcrumb","itemListElement":[{"@type":"ListItem","position":1,"name":"In\u00edcio","item":"https:\/\/www.padreeustaquio.com.br\/"},{"@type":"ListItem","position":2,"name":"Rel\u00edquias da Beata Nh\u00e1 Chica visitar\u00e3o o Santu\u00e1rio da Sa\u00fade e da Paz"}]},{"@type":"WebSite","@id":"https:\/\/www.padreeustaquio.com.br\/#website","url":"https:\/\/www.padreeustaquio.com.br\/","name":"Padre Eustace","description":"Salud y Paz","publisher":{"@id":"https:\/\/www.padreeustaquio.com.br\/#organization"},"potentialAction":[{"@type":"SearchAction","target":{"@type":"EntryPoint","urlTemplate":"https:\/\/www.padreeustaquio.com.br\/?s={search_term_string}"},"query-input":{"@type":"PropertyValueSpecification","valueRequired":true,"valueName":"search_term_string"}}],"inLanguage":"es"},{"@type":"Organization","@id":"https:\/\/www.padreeustaquio.com.br\/#organization","name":"Padre Eustace","url":"https:\/\/www.padreeustaquio.com.br\/","logo":{"@type":"ImageObject","inLanguage":"es","@id":"https:\/\/www.padreeustaquio.com.br\/#\/schema\/logo\/image\/","url":"https:\/\/www.padreeustaquio.com.br\/wp-content\/uploads\/2019\/08\/marca.png","contentUrl":"https:\/\/www.padreeustaquio.com.br\/wp-content\/uploads\/2019\/08\/marca.png","width":350,"height":400,"caption":"Padre Eust\u00e1quio"},"image":{"@id":"https:\/\/www.padreeustaquio.com.br\/#\/schema\/logo\/image\/"},"sameAs":["https:\/\/www.facebook.com\/beatopadreeustaquio\/","https:\/\/x.com\/beatopeustaquio","https:\/\/www.instagram.com\/beatopadreeustaquio\/","https:\/\/www.youtube.com\/channel\/UCRhw7vfabnajwLxb1ZXMeIw"]},{"@type":"Person","@id":"https:\/\/www.padreeustaquio.com.br\/#\/schema\/person\/a2a51db1d00f1a7af0204a0f1ddb1566","name":"@sscc","image":{"@type":"ImageObject","inLanguage":"es","@id":"https:\/\/secure.gravatar.com\/avatar\/68cfafa5f44617fea54071e215026e0ff06be366c3d54a8425f04fdcb86f8c5f?s=96&d=mm&r=g","url":"https:\/\/secure.gravatar.com\/avatar\/68cfafa5f44617fea54071e215026e0ff06be366c3d54a8425f04fdcb86f8c5f?s=96&d=mm&r=g","contentUrl":"https:\/\/secure.gravatar.com\/avatar\/68cfafa5f44617fea54071e215026e0ff06be366c3d54a8425f04fdcb86f8c5f?s=96&d=mm&r=g","caption":"@sscc"},"url":"https:\/\/www.padreeustaquio.com.br\/es\/author\/sscc\/"}]}},"_links":{"self":[{"href":"https:\/\/www.padreeustaquio.com.br\/es\/wp-json\/wp\/v2\/posts\/11527","targetHints":{"allow":["GET"]}}],"collection":[{"href":"https:\/\/www.padreeustaquio.com.br\/es\/wp-json\/wp\/v2\/posts"}],"about":[{"href":"https:\/\/www.padreeustaquio.com.br\/es\/wp-json\/wp\/v2\/types\/post"}],"author":[{"embeddable":true,"href":"https:\/\/www.padreeustaquio.com.br\/es\/wp-json\/wp\/v2\/users\/2"}],"replies":[{"embeddable":true,"href":"https:\/\/www.padreeustaquio.com.br\/es\/wp-json\/wp\/v2\/comments?post=11527"}],"version-history":[{"count":0,"href":"https:\/\/www.padreeustaquio.com.br\/es\/wp-json\/wp\/v2\/posts\/11527\/revisions"}],"wp:featuredmedia":[{"embeddable":true,"href":"https:\/\/www.padreeustaquio.com.br\/es\/wp-json\/wp\/v2\/media\/11528"}],"wp:attachment":[{"href":"https:\/\/www.padreeustaquio.com.br\/es\/wp-json\/wp\/v2\/media?parent=11527"}],"wp:term":[{"taxonomy":"category","embeddable":true,"href":"https:\/\/www.padreeustaquio.com.br\/es\/wp-json\/wp\/v2\/categories?post=11527"},{"taxonomy":"post_tag","embeddable":true,"href":"https:\/\/www.padreeustaquio.com.br\/es\/wp-json\/wp\/v2\/tags?post=11527"}],"curies":[{"name":"wp","href":"https:\/\/api.w.org\/{rel}","templated":true}]}}