{"id":11503,"date":"2024-08-12T09:07:02","date_gmt":"2024-08-12T12:07:02","guid":{"rendered":"https:\/\/www.padreeustaquio.com.br\/?p=11503"},"modified":"2024-08-12T09:11:16","modified_gmt":"2024-08-12T12:11:16","slug":"encuentro-tematico-sobre-el-padre-eustaquio-organizado-por-el-programa-de-catequesis-del-santuario-de-la-salud-y-la-paz","status":"publish","type":"post","link":"https:\/\/www.padreeustaquio.com.br\/es\/encuentro-tematico-sobre-el-padre-eustaquio-organizado-por-el-programa-de-catequesis-del-santuario-de-la-salud-y-la-paz\/","title":{"rendered":"Un encuentro tem\u00e1tico sobre el Padre Eust\u00e1quio se realiza por parte del programa de catequesis del Santuario de Salud y Paz."},"content":{"rendered":"<p>Durante este mes dedicado al Beato Padre Eustaquio, el Santuario de la Salud y la Paz ha sido escenario de una serie de reuniones tem\u00e1ticas destinadas a profundizar el conocimiento de los feligreses sobre la vida y el legado del Beato. Estas reuniones no solo honran al Padre Eustaquio, sino que tambi\u00e9n promueven la integraci\u00f3n y el fortalecimiento de la comunidad local.<\/p>\n<p><img fetchpriority=\"high\" decoding=\"async\" class=\"wp-image-11507 alignright\" style=\"font-size: 19.4286px;\" src=\"https:\/\/www.padreeustaquio.com.br\/wp-content\/uploads\/2024\/08\/Enc.-Temat.-criancas-PE-4-300x169.jpeg\" alt=\"\" width=\"330\" height=\"186\" srcset=\"https:\/\/www.padreeustaquio.com.br\/wp-content\/uploads\/2024\/08\/Enc.-Temat.-criancas-PE-4-300x169.jpeg 300w, https:\/\/www.padreeustaquio.com.br\/wp-content\/uploads\/2024\/08\/Enc.-Temat.-criancas-PE-4-1024x577.jpeg 1024w, https:\/\/www.padreeustaquio.com.br\/wp-content\/uploads\/2024\/08\/Enc.-Temat.-criancas-PE-4-768x432.jpeg 768w, https:\/\/www.padreeustaquio.com.br\/wp-content\/uploads\/2024\/08\/Enc.-Temat.-criancas-PE-4-1536x865.jpeg 1536w, https:\/\/www.padreeustaquio.com.br\/wp-content\/uploads\/2024\/08\/Enc.-Temat.-criancas-PE-4-400x225.jpeg 400w, https:\/\/www.padreeustaquio.com.br\/wp-content\/uploads\/2024\/08\/Enc.-Temat.-criancas-PE-4-600x338.jpeg 600w, https:\/\/www.padreeustaquio.com.br\/wp-content\/uploads\/2024\/08\/Enc.-Temat.-criancas-PE-4-800x450.jpeg 800w, https:\/\/www.padreeustaquio.com.br\/wp-content\/uploads\/2024\/08\/Enc.-Temat.-criancas-PE-4-1200x675.jpeg 1200w, https:\/\/www.padreeustaquio.com.br\/wp-content\/uploads\/2024\/08\/Enc.-Temat.-criancas-PE-4.jpeg 1600w\" sizes=\"(max-width: 330px) 100vw, 330px\" \/>Este s\u00e1bado, la Catequesis de Primera Comuni\u00f3n, con la\u00a0<span style=\"font-size: 19.4286px;\">Con el apoyo de la IAM (Infancia y Adolescencia Misionera), monaguillos y ac\u00f3litos, se organiz\u00f3 una reuni\u00f3n especial, marcada por momentos de aprendizaje, integraci\u00f3n y mucha diversi\u00f3n. El evento cont\u00f3 con la participaci\u00f3n de...<\/span><span style=\"font-size: 1.21429rem;\">La acci\u00f3n fue encabezada por el rector del Santuario, Padre Edmar Oliveira, SS.CC, los catequistas, los catec\u00famenos y ni\u00f1os de otros movimientos del santuario, as\u00ed como ni\u00f1os y ni\u00f1as de la comunidad.<\/span><\/p>\n<p>Estas reuniones tem\u00e1ticas, que se celebran todos los s\u00e1bados de agosto, siempre a partir de las 14:00, est\u00e1n abiertas a toda la comunidad. Ofrecen una oportunidad \u00fanica para que los fieles conozcan mejor al Beato Padre Eustaquio, cuya vida se dedic\u00f3 a la caridad y a la propagaci\u00f3n de la fe, y tambi\u00e9n para fortalecer los v\u00ednculos entre los feligreses y la comunidad en general.<\/p>\n<p>Participar en estos eventos es una excelente manera de honrar la memoria del Beato e inspirarse en sus ense\u00f1anzas para vivir una vida m\u00e1s plena y dedicada al pr\u00f3jimo. Todos est\u00e1n invitados a participar y vivir estos momentos de espiritualidad y comuni\u00f3n.<\/p>\n\n\t\t<style type=\"text\/css\">\n\t\t\t#gallery-1 {\n\t\t\t\tmargin: auto;\n\t\t\t}\n\t\t\t#gallery-1 .gallery-item {\n\t\t\t\tfloat: left;\n\t\t\t\tmargin-top: 10px;\n\t\t\t\ttext-align: center;\n\t\t\t\twidth: 33%;\n\t\t\t}\n\t\t\t#gallery-1 img {\n\t\t\t\tborder: 2px solid #cfcfcf;\n\t\t\t}\n\t\t\t#gallery-1 .gallery-caption {\n\t\t\t\tmargin-left: 0;\n\t\t\t}\n\t\t\t\/* see gallery_shortcode() in wp-includes\/media.php *\/\n\t\t<\/style>\n\t\t<div id='gallery-1' class='gallery galleryid-11503 gallery-columns-3 gallery-size-thumbnail'><dl class='gallery-item'>\n\t\t\t<dt class='gallery-icon landscape'>\n\t\t\t\t<a href='https:\/\/www.padreeustaquio.com.br\/es\/encuentro-tematico-sobre-el-padre-eustaquio-organizado-por-el-programa-de-catequesis-del-santuario-de-la-salud-y-la-paz\/enc-temat-criancas-pe-7\/'><img decoding=\"async\" width=\"150\" height=\"150\" src=\"https:\/\/www.padreeustaquio.com.br\/wp-content\/uploads\/2024\/08\/Enc.-Temat.-criancas-PE-7-150x150.jpeg\" class=\"attachment-thumbnail size-thumbnail\" alt=\"\" srcset=\"https:\/\/www.padreeustaquio.com.br\/wp-content\/uploads\/2024\/08\/Enc.-Temat.-criancas-PE-7-150x150.jpeg 150w, https:\/\/www.padreeustaquio.com.br\/wp-content\/uploads\/2024\/08\/Enc.-Temat.-criancas-PE-7-75x75.jpeg 75w, https:\/\/www.padreeustaquio.com.br\/wp-content\/uploads\/2024\/08\/Enc.-Temat.-criancas-PE-7-180x180.jpeg 180w, https:\/\/www.padreeustaquio.com.br\/wp-content\/uploads\/2024\/08\/Enc.-Temat.-criancas-PE-7-400x400.jpeg 400w, https:\/\/www.padreeustaquio.com.br\/wp-content\/uploads\/2024\/08\/Enc.-Temat.-criancas-PE-7-600x600.jpeg 600w\" sizes=\"(max-width: 150px) 100vw, 150px\" \/><\/a>\n\t\t\t<\/dt><\/dl><dl class='gallery-item'>\n\t\t\t<dt class='gallery-icon landscape'>\n\t\t\t\t<a href='https:\/\/www.padreeustaquio.com.br\/es\/encuentro-tematico-sobre-el-padre-eustaquio-organizado-por-el-programa-de-catequesis-del-santuario-de-la-salud-y-la-paz\/enc-temat-criancas-pe-6\/'><img decoding=\"async\" width=\"150\" height=\"150\" src=\"https:\/\/www.padreeustaquio.com.br\/wp-content\/uploads\/2024\/08\/Enc.-Temat.-criancas-PE-6-150x150.jpeg\" class=\"attachment-thumbnail size-thumbnail\" alt=\"\" srcset=\"https:\/\/www.padreeustaquio.com.br\/wp-content\/uploads\/2024\/08\/Enc.-Temat.-criancas-PE-6-150x150.jpeg 150w, https:\/\/www.padreeustaquio.com.br\/wp-content\/uploads\/2024\/08\/Enc.-Temat.-criancas-PE-6-75x75.jpeg 75w, https:\/\/www.padreeustaquio.com.br\/wp-content\/uploads\/2024\/08\/Enc.-Temat.-criancas-PE-6-180x180.jpeg 180w, https:\/\/www.padreeustaquio.com.br\/wp-content\/uploads\/2024\/08\/Enc.-Temat.-criancas-PE-6-400x400.jpeg 400w, https:\/\/www.padreeustaquio.com.br\/wp-content\/uploads\/2024\/08\/Enc.-Temat.-criancas-PE-6-600x600.jpeg 600w\" sizes=\"(max-width: 150px) 100vw, 150px\" \/><\/a>\n\t\t\t<\/dt><\/dl><dl class='gallery-item'>\n\t\t\t<dt class='gallery-icon landscape'>\n\t\t\t\t<a href='https:\/\/www.padreeustaquio.com.br\/es\/encuentro-tematico-sobre-el-padre-eustaquio-organizado-por-el-programa-de-catequesis-del-santuario-de-la-salud-y-la-paz\/enc-temat-criancas-pe-1-2\/'><img loading=\"lazy\" decoding=\"async\" width=\"150\" height=\"150\" src=\"https:\/\/www.padreeustaquio.com.br\/wp-content\/uploads\/2024\/08\/Enc.-Temat.-criancas-PE-1-1-150x150.jpeg\" class=\"attachment-thumbnail size-thumbnail\" alt=\"\" srcset=\"https:\/\/www.padreeustaquio.com.br\/wp-content\/uploads\/2024\/08\/Enc.-Temat.-criancas-PE-1-1-150x150.jpeg 150w, https:\/\/www.padreeustaquio.com.br\/wp-content\/uploads\/2024\/08\/Enc.-Temat.-criancas-PE-1-1-75x75.jpeg 75w, https:\/\/www.padreeustaquio.com.br\/wp-content\/uploads\/2024\/08\/Enc.-Temat.-criancas-PE-1-1-180x180.jpeg 180w, https:\/\/www.padreeustaquio.com.br\/wp-content\/uploads\/2024\/08\/Enc.-Temat.-criancas-PE-1-1-400x400.jpeg 400w, https:\/\/www.padreeustaquio.com.br\/wp-content\/uploads\/2024\/08\/Enc.-Temat.-criancas-PE-1-1-600x600.jpeg 600w\" sizes=\"(max-width: 150px) 100vw, 150px\" \/><\/a>\n\t\t\t<\/dt><\/dl><br style=\"clear: both\" \/><dl class='gallery-item'>\n\t\t\t<dt class='gallery-icon landscape'>\n\t\t\t\t<a href='https:\/\/www.padreeustaquio.com.br\/es\/encuentro-tematico-sobre-el-padre-eustaquio-organizado-por-el-programa-de-catequesis-del-santuario-de-la-salud-y-la-paz\/enc-temat-criancas-pe-2\/'><img loading=\"lazy\" decoding=\"async\" width=\"150\" height=\"150\" src=\"https:\/\/www.padreeustaquio.com.br\/wp-content\/uploads\/2024\/08\/Enc.-Temat.-criancas-PE-2-150x150.jpeg\" class=\"attachment-thumbnail size-thumbnail\" alt=\"\" srcset=\"https:\/\/www.padreeustaquio.com.br\/wp-content\/uploads\/2024\/08\/Enc.-Temat.-criancas-PE-2-150x150.jpeg 150w, https:\/\/www.padreeustaquio.com.br\/wp-content\/uploads\/2024\/08\/Enc.-Temat.-criancas-PE-2-75x75.jpeg 75w, https:\/\/www.padreeustaquio.com.br\/wp-content\/uploads\/2024\/08\/Enc.-Temat.-criancas-PE-2-180x180.jpeg 180w, https:\/\/www.padreeustaquio.com.br\/wp-content\/uploads\/2024\/08\/Enc.-Temat.-criancas-PE-2-400x400.jpeg 400w, https:\/\/www.padreeustaquio.com.br\/wp-content\/uploads\/2024\/08\/Enc.-Temat.-criancas-PE-2-600x600.jpeg 600w\" sizes=\"(max-width: 150px) 100vw, 150px\" \/><\/a>\n\t\t\t<\/dt><\/dl><dl class='gallery-item'>\n\t\t\t<dt class='gallery-icon landscape'>\n\t\t\t\t<a href='https:\/\/www.padreeustaquio.com.br\/es\/encuentro-tematico-sobre-el-padre-eustaquio-organizado-por-el-programa-de-catequesis-del-santuario-de-la-salud-y-la-paz\/enc-temat-criancas-pe-5\/'><img loading=\"lazy\" decoding=\"async\" width=\"150\" height=\"150\" src=\"https:\/\/www.padreeustaquio.com.br\/wp-content\/uploads\/2024\/08\/Enc.-Temat.-criancas-PE-5-150x150.jpeg\" class=\"attachment-thumbnail size-thumbnail\" alt=\"\" srcset=\"https:\/\/www.padreeustaquio.com.br\/wp-content\/uploads\/2024\/08\/Enc.-Temat.-criancas-PE-5-150x150.jpeg 150w, https:\/\/www.padreeustaquio.com.br\/wp-content\/uploads\/2024\/08\/Enc.-Temat.-criancas-PE-5-75x75.jpeg 75w, https:\/\/www.padreeustaquio.com.br\/wp-content\/uploads\/2024\/08\/Enc.-Temat.-criancas-PE-5-180x180.jpeg 180w, https:\/\/www.padreeustaquio.com.br\/wp-content\/uploads\/2024\/08\/Enc.-Temat.-criancas-PE-5-400x400.jpeg 400w, https:\/\/www.padreeustaquio.com.br\/wp-content\/uploads\/2024\/08\/Enc.-Temat.-criancas-PE-5-600x600.jpeg 600w\" sizes=\"(max-width: 150px) 100vw, 150px\" \/><\/a>\n\t\t\t<\/dt><\/dl><dl class='gallery-item'>\n\t\t\t<dt class='gallery-icon landscape'>\n\t\t\t\t<a href='https:\/\/www.padreeustaquio.com.br\/es\/encuentro-tematico-sobre-el-padre-eustaquio-organizado-por-el-programa-de-catequesis-del-santuario-de-la-salud-y-la-paz\/enc-temat-criancas-pe-3\/'><img loading=\"lazy\" decoding=\"async\" width=\"150\" height=\"150\" src=\"https:\/\/www.padreeustaquio.com.br\/wp-content\/uploads\/2024\/08\/Enc.-Temat.-criancas-PE-3-150x150.jpeg\" class=\"attachment-thumbnail size-thumbnail\" alt=\"\" srcset=\"https:\/\/www.padreeustaquio.com.br\/wp-content\/uploads\/2024\/08\/Enc.-Temat.-criancas-PE-3-150x150.jpeg 150w, https:\/\/www.padreeustaquio.com.br\/wp-content\/uploads\/2024\/08\/Enc.-Temat.-criancas-PE-3-75x75.jpeg 75w, https:\/\/www.padreeustaquio.com.br\/wp-content\/uploads\/2024\/08\/Enc.-Temat.-criancas-PE-3-180x180.jpeg 180w, https:\/\/www.padreeustaquio.com.br\/wp-content\/uploads\/2024\/08\/Enc.-Temat.-criancas-PE-3-400x400.jpeg 400w, https:\/\/www.padreeustaquio.com.br\/wp-content\/uploads\/2024\/08\/Enc.-Temat.-criancas-PE-3-600x600.jpeg 600w\" sizes=\"(max-width: 150px) 100vw, 150px\" \/><\/a>\n\t\t\t<\/dt><\/dl><br style=\"clear: both\" \/><dl class='gallery-item'>\n\t\t\t<dt class='gallery-icon landscape'>\n\t\t\t\t<a href='https:\/\/www.padreeustaquio.com.br\/es\/encuentro-tematico-sobre-el-padre-eustaquio-organizado-por-el-programa-de-catequesis-del-santuario-de-la-salud-y-la-paz\/enc-temat-criancas-pe-4-2\/'><img loading=\"lazy\" decoding=\"async\" width=\"150\" height=\"150\" src=\"https:\/\/www.padreeustaquio.com.br\/wp-content\/uploads\/2024\/08\/Enc.-Temat.-criancas-PE-4-1-150x150.jpeg\" class=\"attachment-thumbnail size-thumbnail\" alt=\"\" srcset=\"https:\/\/www.padreeustaquio.com.br\/wp-content\/uploads\/2024\/08\/Enc.-Temat.-criancas-PE-4-1-150x150.jpeg 150w, https:\/\/www.padreeustaquio.com.br\/wp-content\/uploads\/2024\/08\/Enc.-Temat.-criancas-PE-4-1-75x75.jpeg 75w, https:\/\/www.padreeustaquio.com.br\/wp-content\/uploads\/2024\/08\/Enc.-Temat.-criancas-PE-4-1-180x180.jpeg 180w, https:\/\/www.padreeustaquio.com.br\/wp-content\/uploads\/2024\/08\/Enc.-Temat.-criancas-PE-4-1-400x400.jpeg 400w, https:\/\/www.padreeustaquio.com.br\/wp-content\/uploads\/2024\/08\/Enc.-Temat.-criancas-PE-4-1-600x600.jpeg 600w\" sizes=\"(max-width: 150px) 100vw, 150px\" \/><\/a>\n\t\t\t<\/dt><\/dl>\n\t\t\t<br style='clear: both' \/>\n\t\t<\/div>","protected":false},"excerpt":{"rendered":"<p>Neste m\u00eas dedicado ao Beato Padre Eust\u00e1quio, o Santu\u00e1rio da Sa\u00fade e da Paz tem sido palco de uma s\u00e9rie de encontros tem\u00e1ticos voltados a aprofundar o conhecimento dos paroquianos sobre a vida e o legado do bem-aventurado. Esses encontros n\u00e3o apenas homenageiam Padre Eust\u00e1quio, mas tamb\u00e9m promovem a integra\u00e7\u00e3o e o fortalecimento da comunidade local. Neste s\u00e1bado, a Catequese de Primeira Eucaristia, com o\u00a0apoio da IAM (Inf\u00e2ncia e Adolesc\u00eancia Mission\u00e1ria), dos coroinhas e dos ac\u00f3litos, organizou um encontro especial que foi marcado por momentos de aprendizado, integra\u00e7\u00e3o e muita divers\u00e3o. O evento contou com a participa\u00e7\u00e3o do reitor do [&hellip;]<\/p>\n","protected":false},"author":2,"featured_media":11504,"comment_status":"open","ping_status":"closed","sticky":false,"template":"","format":"standard","meta":{"_acf_changed":false,"footnotes":""},"categories":[611],"tags":[],"class_list":["post-11503","post","type-post","status-publish","format-standard","has-post-thumbnail","hentry","category-noticias"],"acf":[],"yoast_head":"<!-- This site is optimized with the Yoast SEO plugin v27.2 - https:\/\/yoast.com\/product\/yoast-seo-wordpress\/ -->\n<title>Encontro tem\u00e1tico sobre Padre Eust\u00e1quio \u00e9 realizado pela catequese do Santu\u00e1rio da Sa\u00fade e da Paz<\/title>\n<meta name=\"description\" content=\"Neste m\u00eas dedicado ao Beato Padre Eust\u00e1quio, o Santu\u00e1rio da Sa\u00fade e da Paz tem sido palco de uma s\u00e9rie de encontros tem\u00e1ticos voltados a aprofundar o conhecimento dos paroquianos sobre a vida e o legado do bem-aventurado. Esses encontros n\u00e3o apenas homenageiam Padre Eust\u00e1quio, mas tamb\u00e9m promovem a integra\u00e7\u00e3o e o fortalecimento da comunidade local.\" \/>\n<meta name=\"robots\" content=\"index, follow, max-snippet:-1, max-image-preview:large, max-video-preview:-1\" \/>\n<link rel=\"canonical\" href=\"https:\/\/www.padreeustaquio.com.br\/es\/encuentro-tematico-sobre-el-padre-eustaquio-organizado-por-el-programa-de-catequesis-del-santuario-de-la-salud-y-la-paz\/\" \/>\n<meta property=\"og:locale\" content=\"es_ES\" \/>\n<meta property=\"og:type\" content=\"article\" \/>\n<meta property=\"og:title\" content=\"Encontro tem\u00e1tico sobre Padre Eust\u00e1quio \u00e9 realizado pela catequese do Santu\u00e1rio da Sa\u00fade e da Paz\" \/>\n<meta property=\"og:description\" content=\"Neste m\u00eas dedicado ao Beato Padre Eust\u00e1quio, o Santu\u00e1rio da Sa\u00fade e da Paz tem sido palco de uma s\u00e9rie de encontros tem\u00e1ticos voltados a aprofundar o conhecimento dos paroquianos sobre a vida e o legado do bem-aventurado. Esses encontros n\u00e3o apenas homenageiam Padre Eust\u00e1quio, mas tamb\u00e9m promovem a integra\u00e7\u00e3o e o fortalecimento da comunidade local.\" \/>\n<meta property=\"og:url\" content=\"https:\/\/www.padreeustaquio.com.br\/es\/encuentro-tematico-sobre-el-padre-eustaquio-organizado-por-el-programa-de-catequesis-del-santuario-de-la-salud-y-la-paz\/\" \/>\n<meta property=\"og:site_name\" content=\"Padre Eust\u00e1quio\" \/>\n<meta property=\"article:publisher\" content=\"https:\/\/www.facebook.com\/beatopadreeustaquio\/\" \/>\n<meta property=\"article:published_time\" content=\"2024-08-12T12:07:02+00:00\" \/>\n<meta property=\"article:modified_time\" content=\"2024-08-12T12:11:16+00:00\" \/>\n<meta property=\"og:image\" content=\"https:\/\/www.padreeustaquio.com.br\/wp-content\/uploads\/2024\/08\/Enc.-Temat.-criancas-PE-1.jpeg\" \/>\n\t<meta property=\"og:image:width\" content=\"1600\" \/>\n\t<meta property=\"og:image:height\" content=\"901\" \/>\n\t<meta property=\"og:image:type\" content=\"image\/jpeg\" \/>\n<meta name=\"author\" content=\"@sscc\" \/>\n<meta name=\"twitter:card\" content=\"summary_large_image\" \/>\n<meta name=\"twitter:creator\" content=\"@beatopeustaquio\" \/>\n<meta name=\"twitter:site\" content=\"@beatopeustaquio\" \/>\n<meta name=\"twitter:label1\" content=\"Escrito por\" \/>\n\t<meta name=\"twitter:data1\" content=\"@sscc\" \/>\n\t<meta name=\"twitter:label2\" content=\"Tiempo de lectura\" \/>\n\t<meta name=\"twitter:data2\" content=\"2 minutos\" \/>\n<script type=\"application\/ld+json\" class=\"yoast-schema-graph\">{\"@context\":\"https:\/\/schema.org\",\"@graph\":[{\"@type\":\"Article\",\"@id\":\"https:\/\/www.padreeustaquio.com.br\/encontro-tematico-sobre-padre-eustaquio-e-realizado-pela-catequese-do-santuario-da-saude-e-da-paz\/#article\",\"isPartOf\":{\"@id\":\"https:\/\/www.padreeustaquio.com.br\/encontro-tematico-sobre-padre-eustaquio-e-realizado-pela-catequese-do-santuario-da-saude-e-da-paz\/\"},\"author\":{\"name\":\"@sscc\",\"@id\":\"https:\/\/www.padreeustaquio.com.br\/#\/schema\/person\/a2a51db1d00f1a7af0204a0f1ddb1566\"},\"headline\":\"Encontro tem\u00e1tico sobre Padre Eust\u00e1quio \u00e9 realizado pela catequese do Santu\u00e1rio da Sa\u00fade e da Paz\",\"datePublished\":\"2024-08-12T12:07:02+00:00\",\"dateModified\":\"2024-08-12T12:11:16+00:00\",\"mainEntityOfPage\":{\"@id\":\"https:\/\/www.padreeustaquio.com.br\/encontro-tematico-sobre-padre-eustaquio-e-realizado-pela-catequese-do-santuario-da-saude-e-da-paz\/\"},\"wordCount\":295,\"commentCount\":0,\"publisher\":{\"@id\":\"https:\/\/www.padreeustaquio.com.br\/#organization\"},\"image\":{\"@id\":\"https:\/\/www.padreeustaquio.com.br\/encontro-tematico-sobre-padre-eustaquio-e-realizado-pela-catequese-do-santuario-da-saude-e-da-paz\/#primaryimage\"},\"thumbnailUrl\":\"https:\/\/www.padreeustaquio.com.br\/wp-content\/uploads\/2024\/08\/Enc.-Temat.-criancas-PE-1.jpeg\",\"articleSection\":[\"Not\u00edcias\"],\"inLanguage\":\"es\",\"potentialAction\":[{\"@type\":\"CommentAction\",\"name\":\"Comment\",\"target\":[\"https:\/\/www.padreeustaquio.com.br\/encontro-tematico-sobre-padre-eustaquio-e-realizado-pela-catequese-do-santuario-da-saude-e-da-paz\/#respond\"]}]},{\"@type\":\"WebPage\",\"@id\":\"https:\/\/www.padreeustaquio.com.br\/encontro-tematico-sobre-padre-eustaquio-e-realizado-pela-catequese-do-santuario-da-saude-e-da-paz\/\",\"url\":\"https:\/\/www.padreeustaquio.com.br\/encontro-tematico-sobre-padre-eustaquio-e-realizado-pela-catequese-do-santuario-da-saude-e-da-paz\/\",\"name\":\"Encontro tem\u00e1tico sobre Padre Eust\u00e1quio \u00e9 realizado pela catequese do Santu\u00e1rio da Sa\u00fade e da Paz\",\"isPartOf\":{\"@id\":\"https:\/\/www.padreeustaquio.com.br\/#website\"},\"primaryImageOfPage\":{\"@id\":\"https:\/\/www.padreeustaquio.com.br\/encontro-tematico-sobre-padre-eustaquio-e-realizado-pela-catequese-do-santuario-da-saude-e-da-paz\/#primaryimage\"},\"image\":{\"@id\":\"https:\/\/www.padreeustaquio.com.br\/encontro-tematico-sobre-padre-eustaquio-e-realizado-pela-catequese-do-santuario-da-saude-e-da-paz\/#primaryimage\"},\"thumbnailUrl\":\"https:\/\/www.padreeustaquio.com.br\/wp-content\/uploads\/2024\/08\/Enc.-Temat.-criancas-PE-1.jpeg\",\"datePublished\":\"2024-08-12T12:07:02+00:00\",\"dateModified\":\"2024-08-12T12:11:16+00:00\",\"description\":\"Neste m\u00eas dedicado ao Beato Padre Eust\u00e1quio, o Santu\u00e1rio da Sa\u00fade e da Paz tem sido palco de uma s\u00e9rie de encontros tem\u00e1ticos voltados a aprofundar o conhecimento dos paroquianos sobre a vida e o legado do bem-aventurado. Esses encontros n\u00e3o apenas homenageiam Padre Eust\u00e1quio, mas tamb\u00e9m promovem a integra\u00e7\u00e3o e o fortalecimento da comunidade local.\",\"breadcrumb\":{\"@id\":\"https:\/\/www.padreeustaquio.com.br\/encontro-tematico-sobre-padre-eustaquio-e-realizado-pela-catequese-do-santuario-da-saude-e-da-paz\/#breadcrumb\"},\"inLanguage\":\"es\",\"potentialAction\":[{\"@type\":\"ReadAction\",\"target\":[\"https:\/\/www.padreeustaquio.com.br\/encontro-tematico-sobre-padre-eustaquio-e-realizado-pela-catequese-do-santuario-da-saude-e-da-paz\/\"]}]},{\"@type\":\"ImageObject\",\"inLanguage\":\"es\",\"@id\":\"https:\/\/www.padreeustaquio.com.br\/encontro-tematico-sobre-padre-eustaquio-e-realizado-pela-catequese-do-santuario-da-saude-e-da-paz\/#primaryimage\",\"url\":\"https:\/\/www.padreeustaquio.com.br\/wp-content\/uploads\/2024\/08\/Enc.-Temat.-criancas-PE-1.jpeg\",\"contentUrl\":\"https:\/\/www.padreeustaquio.com.br\/wp-content\/uploads\/2024\/08\/Enc.-Temat.-criancas-PE-1.jpeg\",\"width\":1600,\"height\":901},{\"@type\":\"BreadcrumbList\",\"@id\":\"https:\/\/www.padreeustaquio.com.br\/encontro-tematico-sobre-padre-eustaquio-e-realizado-pela-catequese-do-santuario-da-saude-e-da-paz\/#breadcrumb\",\"itemListElement\":[{\"@type\":\"ListItem\",\"position\":1,\"name\":\"In\u00edcio\",\"item\":\"https:\/\/www.padreeustaquio.com.br\/\"},{\"@type\":\"ListItem\",\"position\":2,\"name\":\"Encontro tem\u00e1tico sobre Padre Eust\u00e1quio \u00e9 realizado pela catequese do Santu\u00e1rio da Sa\u00fade e da Paz\"}]},{\"@type\":\"WebSite\",\"@id\":\"https:\/\/www.padreeustaquio.com.br\/#website\",\"url\":\"https:\/\/www.padreeustaquio.com.br\/\",\"name\":\"Padre Eust\u00e1quio\",\"description\":\"Sa\u00fade e Paz\",\"publisher\":{\"@id\":\"https:\/\/www.padreeustaquio.com.br\/#organization\"},\"potentialAction\":[{\"@type\":\"SearchAction\",\"target\":{\"@type\":\"EntryPoint\",\"urlTemplate\":\"https:\/\/www.padreeustaquio.com.br\/?s={search_term_string}\"},\"query-input\":{\"@type\":\"PropertyValueSpecification\",\"valueRequired\":true,\"valueName\":\"search_term_string\"}}],\"inLanguage\":\"es\"},{\"@type\":\"Organization\",\"@id\":\"https:\/\/www.padreeustaquio.com.br\/#organization\",\"name\":\"Padre Eust\u00e1quio\",\"url\":\"https:\/\/www.padreeustaquio.com.br\/\",\"logo\":{\"@type\":\"ImageObject\",\"inLanguage\":\"es\",\"@id\":\"https:\/\/www.padreeustaquio.com.br\/#\/schema\/logo\/image\/\",\"url\":\"https:\/\/www.padreeustaquio.com.br\/wp-content\/uploads\/2019\/08\/marca.png\",\"contentUrl\":\"https:\/\/www.padreeustaquio.com.br\/wp-content\/uploads\/2019\/08\/marca.png\",\"width\":350,\"height\":400,\"caption\":\"Padre Eust\u00e1quio\"},\"image\":{\"@id\":\"https:\/\/www.padreeustaquio.com.br\/#\/schema\/logo\/image\/\"},\"sameAs\":[\"https:\/\/www.facebook.com\/beatopadreeustaquio\/\",\"https:\/\/x.com\/beatopeustaquio\",\"https:\/\/www.instagram.com\/beatopadreeustaquio\/\",\"https:\/\/www.youtube.com\/channel\/UCRhw7vfabnajwLxb1ZXMeIw\"]},{\"@type\":\"Person\",\"@id\":\"https:\/\/www.padreeustaquio.com.br\/#\/schema\/person\/a2a51db1d00f1a7af0204a0f1ddb1566\",\"name\":\"@sscc\",\"image\":{\"@type\":\"ImageObject\",\"inLanguage\":\"es\",\"@id\":\"https:\/\/secure.gravatar.com\/avatar\/68cfafa5f44617fea54071e215026e0ff06be366c3d54a8425f04fdcb86f8c5f?s=96&d=mm&r=g\",\"url\":\"https:\/\/secure.gravatar.com\/avatar\/68cfafa5f44617fea54071e215026e0ff06be366c3d54a8425f04fdcb86f8c5f?s=96&d=mm&r=g\",\"contentUrl\":\"https:\/\/secure.gravatar.com\/avatar\/68cfafa5f44617fea54071e215026e0ff06be366c3d54a8425f04fdcb86f8c5f?s=96&d=mm&r=g\",\"caption\":\"@sscc\"},\"url\":\"https:\/\/www.padreeustaquio.com.br\/es\/author\/sscc\/\"}]}<\/script>\n<!-- \/ Yoast SEO plugin. -->","yoast_head_json":{"title":"Un encuentro tem\u00e1tico sobre el Padre Eust\u00e1quio se realiza por parte del programa de catequesis del Santuario de Salud y Paz.","description":"Durante este mes dedicado al Beato Padre Eustaquio, el Santuario de la Salud y la Paz ha sido escenario de una serie de reuniones tem\u00e1ticas destinadas a profundizar el conocimiento de los feligreses sobre la vida y el legado del Beato. Estas reuniones no solo honran al Padre Eustaquio, sino que tambi\u00e9n promueven la integraci\u00f3n y el fortalecimiento de la comunidad local.","robots":{"index":"index","follow":"follow","max-snippet":"max-snippet:-1","max-image-preview":"max-image-preview:large","max-video-preview":"max-video-preview:-1"},"canonical":"https:\/\/www.padreeustaquio.com.br\/es\/encuentro-tematico-sobre-el-padre-eustaquio-organizado-por-el-programa-de-catequesis-del-santuario-de-la-salud-y-la-paz\/","og_locale":"es_ES","og_type":"article","og_title":"Encontro tem\u00e1tico sobre Padre Eust\u00e1quio \u00e9 realizado pela catequese do Santu\u00e1rio da Sa\u00fade e da Paz","og_description":"Neste m\u00eas dedicado ao Beato Padre Eust\u00e1quio, o Santu\u00e1rio da Sa\u00fade e da Paz tem sido palco de uma s\u00e9rie de encontros tem\u00e1ticos voltados a aprofundar o conhecimento dos paroquianos sobre a vida e o legado do bem-aventurado. Esses encontros n\u00e3o apenas homenageiam Padre Eust\u00e1quio, mas tamb\u00e9m promovem a integra\u00e7\u00e3o e o fortalecimento da comunidade local.","og_url":"https:\/\/www.padreeustaquio.com.br\/es\/encuentro-tematico-sobre-el-padre-eustaquio-organizado-por-el-programa-de-catequesis-del-santuario-de-la-salud-y-la-paz\/","og_site_name":"Padre Eust\u00e1quio","article_publisher":"https:\/\/www.facebook.com\/beatopadreeustaquio\/","article_published_time":"2024-08-12T12:07:02+00:00","article_modified_time":"2024-08-12T12:11:16+00:00","og_image":[{"width":1600,"height":901,"url":"https:\/\/www.padreeustaquio.com.br\/wp-content\/uploads\/2024\/08\/Enc.-Temat.-criancas-PE-1.jpeg","type":"image\/jpeg"}],"author":"@sscc","twitter_card":"summary_large_image","twitter_creator":"@beatopeustaquio","twitter_site":"@beatopeustaquio","twitter_misc":{"Escrito por":"@sscc","Tiempo de lectura":"2 minutos"},"schema":{"@context":"https:\/\/schema.org","@graph":[{"@type":"Article","@id":"https:\/\/www.padreeustaquio.com.br\/encontro-tematico-sobre-padre-eustaquio-e-realizado-pela-catequese-do-santuario-da-saude-e-da-paz\/#article","isPartOf":{"@id":"https:\/\/www.padreeustaquio.com.br\/encontro-tematico-sobre-padre-eustaquio-e-realizado-pela-catequese-do-santuario-da-saude-e-da-paz\/"},"author":{"name":"@sscc","@id":"https:\/\/www.padreeustaquio.com.br\/#\/schema\/person\/a2a51db1d00f1a7af0204a0f1ddb1566"},"headline":"Encontro tem\u00e1tico sobre Padre Eust\u00e1quio \u00e9 realizado pela catequese do Santu\u00e1rio da Sa\u00fade e da Paz","datePublished":"2024-08-12T12:07:02+00:00","dateModified":"2024-08-12T12:11:16+00:00","mainEntityOfPage":{"@id":"https:\/\/www.padreeustaquio.com.br\/encontro-tematico-sobre-padre-eustaquio-e-realizado-pela-catequese-do-santuario-da-saude-e-da-paz\/"},"wordCount":295,"commentCount":0,"publisher":{"@id":"https:\/\/www.padreeustaquio.com.br\/#organization"},"image":{"@id":"https:\/\/www.padreeustaquio.com.br\/encontro-tematico-sobre-padre-eustaquio-e-realizado-pela-catequese-do-santuario-da-saude-e-da-paz\/#primaryimage"},"thumbnailUrl":"https:\/\/www.padreeustaquio.com.br\/wp-content\/uploads\/2024\/08\/Enc.-Temat.-criancas-PE-1.jpeg","articleSection":["Not\u00edcias"],"inLanguage":"es","potentialAction":[{"@type":"CommentAction","name":"Comment","target":["https:\/\/www.padreeustaquio.com.br\/encontro-tematico-sobre-padre-eustaquio-e-realizado-pela-catequese-do-santuario-da-saude-e-da-paz\/#respond"]}]},{"@type":"WebPage","@id":"https:\/\/www.padreeustaquio.com.br\/encontro-tematico-sobre-padre-eustaquio-e-realizado-pela-catequese-do-santuario-da-saude-e-da-paz\/","url":"https:\/\/www.padreeustaquio.com.br\/encontro-tematico-sobre-padre-eustaquio-e-realizado-pela-catequese-do-santuario-da-saude-e-da-paz\/","name":"Un encuentro tem\u00e1tico sobre el Padre Eust\u00e1quio se realiza por parte del programa de catequesis del Santuario de Salud y Paz.","isPartOf":{"@id":"https:\/\/www.padreeustaquio.com.br\/#website"},"primaryImageOfPage":{"@id":"https:\/\/www.padreeustaquio.com.br\/encontro-tematico-sobre-padre-eustaquio-e-realizado-pela-catequese-do-santuario-da-saude-e-da-paz\/#primaryimage"},"image":{"@id":"https:\/\/www.padreeustaquio.com.br\/encontro-tematico-sobre-padre-eustaquio-e-realizado-pela-catequese-do-santuario-da-saude-e-da-paz\/#primaryimage"},"thumbnailUrl":"https:\/\/www.padreeustaquio.com.br\/wp-content\/uploads\/2024\/08\/Enc.-Temat.-criancas-PE-1.jpeg","datePublished":"2024-08-12T12:07:02+00:00","dateModified":"2024-08-12T12:11:16+00:00","description":"Durante este mes dedicado al Beato Padre Eustaquio, el Santuario de la Salud y la Paz ha sido escenario de una serie de reuniones tem\u00e1ticas destinadas a profundizar el conocimiento de los feligreses sobre la vida y el legado del Beato. Estas reuniones no solo honran al Padre Eustaquio, sino que tambi\u00e9n promueven la integraci\u00f3n y el fortalecimiento de la comunidad local.","breadcrumb":{"@id":"https:\/\/www.padreeustaquio.com.br\/encontro-tematico-sobre-padre-eustaquio-e-realizado-pela-catequese-do-santuario-da-saude-e-da-paz\/#breadcrumb"},"inLanguage":"es","potentialAction":[{"@type":"ReadAction","target":["https:\/\/www.padreeustaquio.com.br\/encontro-tematico-sobre-padre-eustaquio-e-realizado-pela-catequese-do-santuario-da-saude-e-da-paz\/"]}]},{"@type":"ImageObject","inLanguage":"es","@id":"https:\/\/www.padreeustaquio.com.br\/encontro-tematico-sobre-padre-eustaquio-e-realizado-pela-catequese-do-santuario-da-saude-e-da-paz\/#primaryimage","url":"https:\/\/www.padreeustaquio.com.br\/wp-content\/uploads\/2024\/08\/Enc.-Temat.-criancas-PE-1.jpeg","contentUrl":"https:\/\/www.padreeustaquio.com.br\/wp-content\/uploads\/2024\/08\/Enc.-Temat.-criancas-PE-1.jpeg","width":1600,"height":901},{"@type":"BreadcrumbList","@id":"https:\/\/www.padreeustaquio.com.br\/encontro-tematico-sobre-padre-eustaquio-e-realizado-pela-catequese-do-santuario-da-saude-e-da-paz\/#breadcrumb","itemListElement":[{"@type":"ListItem","position":1,"name":"In\u00edcio","item":"https:\/\/www.padreeustaquio.com.br\/"},{"@type":"ListItem","position":2,"name":"Encontro tem\u00e1tico sobre Padre Eust\u00e1quio \u00e9 realizado pela catequese do Santu\u00e1rio da Sa\u00fade e da Paz"}]},{"@type":"WebSite","@id":"https:\/\/www.padreeustaquio.com.br\/#website","url":"https:\/\/www.padreeustaquio.com.br\/","name":"Padre Eustace","description":"Salud y Paz","publisher":{"@id":"https:\/\/www.padreeustaquio.com.br\/#organization"},"potentialAction":[{"@type":"SearchAction","target":{"@type":"EntryPoint","urlTemplate":"https:\/\/www.padreeustaquio.com.br\/?s={search_term_string}"},"query-input":{"@type":"PropertyValueSpecification","valueRequired":true,"valueName":"search_term_string"}}],"inLanguage":"es"},{"@type":"Organization","@id":"https:\/\/www.padreeustaquio.com.br\/#organization","name":"Padre Eustace","url":"https:\/\/www.padreeustaquio.com.br\/","logo":{"@type":"ImageObject","inLanguage":"es","@id":"https:\/\/www.padreeustaquio.com.br\/#\/schema\/logo\/image\/","url":"https:\/\/www.padreeustaquio.com.br\/wp-content\/uploads\/2019\/08\/marca.png","contentUrl":"https:\/\/www.padreeustaquio.com.br\/wp-content\/uploads\/2019\/08\/marca.png","width":350,"height":400,"caption":"Padre Eust\u00e1quio"},"image":{"@id":"https:\/\/www.padreeustaquio.com.br\/#\/schema\/logo\/image\/"},"sameAs":["https:\/\/www.facebook.com\/beatopadreeustaquio\/","https:\/\/x.com\/beatopeustaquio","https:\/\/www.instagram.com\/beatopadreeustaquio\/","https:\/\/www.youtube.com\/channel\/UCRhw7vfabnajwLxb1ZXMeIw"]},{"@type":"Person","@id":"https:\/\/www.padreeustaquio.com.br\/#\/schema\/person\/a2a51db1d00f1a7af0204a0f1ddb1566","name":"@sscc","image":{"@type":"ImageObject","inLanguage":"es","@id":"https:\/\/secure.gravatar.com\/avatar\/68cfafa5f44617fea54071e215026e0ff06be366c3d54a8425f04fdcb86f8c5f?s=96&d=mm&r=g","url":"https:\/\/secure.gravatar.com\/avatar\/68cfafa5f44617fea54071e215026e0ff06be366c3d54a8425f04fdcb86f8c5f?s=96&d=mm&r=g","contentUrl":"https:\/\/secure.gravatar.com\/avatar\/68cfafa5f44617fea54071e215026e0ff06be366c3d54a8425f04fdcb86f8c5f?s=96&d=mm&r=g","caption":"@sscc"},"url":"https:\/\/www.padreeustaquio.com.br\/es\/author\/sscc\/"}]}},"_links":{"self":[{"href":"https:\/\/www.padreeustaquio.com.br\/es\/wp-json\/wp\/v2\/posts\/11503","targetHints":{"allow":["GET"]}}],"collection":[{"href":"https:\/\/www.padreeustaquio.com.br\/es\/wp-json\/wp\/v2\/posts"}],"about":[{"href":"https:\/\/www.padreeustaquio.com.br\/es\/wp-json\/wp\/v2\/types\/post"}],"author":[{"embeddable":true,"href":"https:\/\/www.padreeustaquio.com.br\/es\/wp-json\/wp\/v2\/users\/2"}],"replies":[{"embeddable":true,"href":"https:\/\/www.padreeustaquio.com.br\/es\/wp-json\/wp\/v2\/comments?post=11503"}],"version-history":[{"count":0,"href":"https:\/\/www.padreeustaquio.com.br\/es\/wp-json\/wp\/v2\/posts\/11503\/revisions"}],"wp:featuredmedia":[{"embeddable":true,"href":"https:\/\/www.padreeustaquio.com.br\/es\/wp-json\/wp\/v2\/media\/11504"}],"wp:attachment":[{"href":"https:\/\/www.padreeustaquio.com.br\/es\/wp-json\/wp\/v2\/media?parent=11503"}],"wp:term":[{"taxonomy":"category","embeddable":true,"href":"https:\/\/www.padreeustaquio.com.br\/es\/wp-json\/wp\/v2\/categories?post=11503"},{"taxonomy":"post_tag","embeddable":true,"href":"https:\/\/www.padreeustaquio.com.br\/es\/wp-json\/wp\/v2\/tags?post=11503"}],"curies":[{"name":"wp","href":"https:\/\/api.w.org\/{rel}","templated":true}]}}