{"id":11496,"date":"2024-08-08T09:23:55","date_gmt":"2024-08-08T12:23:55","guid":{"rendered":"https:\/\/www.padreeustaquio.com.br\/?p=11496"},"modified":"2024-08-08T09:48:36","modified_gmt":"2024-08-08T12:48:36","slug":"en-el-canal-de-youtube-se-mostrara-contenido-educativo-sobre-el-padre-eustaquio","status":"publish","type":"post","link":"https:\/\/www.padreeustaquio.com.br\/es\/en-el-canal-de-youtube-se-mostrara-contenido-educativo-sobre-el-padre-eustaquio\/","title":{"rendered":"Contenido educativo sobre el Padre Eust\u00e1quio estar\u00e1 disponible en el canal de YouTube."},"content":{"rendered":"<p>Los encuentros formativos sobre el Beato Padre Eustaquio, realizados en el Santuario de la Salud y la Paz durante las \u00faltimas semanas, fueron grabados y ser\u00e1n transmitidos en el Canal del Padre Eustaquio en YouTube.<\/p>\n<div id=\"attachment_11499\" style=\"width: 321px\" class=\"wp-caption alignleft\"><img fetchpriority=\"high\" decoding=\"async\" aria-describedby=\"caption-attachment-11499\" class=\"wp-image-11499\" src=\"https:\/\/www.padreeustaquio.com.br\/wp-content\/uploads\/2024\/08\/encontro-formativo-primeiro-dia-300x225.jpeg\" alt=\"\" width=\"311\" height=\"233\" srcset=\"https:\/\/www.padreeustaquio.com.br\/wp-content\/uploads\/2024\/08\/encontro-formativo-primeiro-dia-300x225.jpeg 300w, https:\/\/www.padreeustaquio.com.br\/wp-content\/uploads\/2024\/08\/encontro-formativo-primeiro-dia-1024x768.jpeg 1024w, https:\/\/www.padreeustaquio.com.br\/wp-content\/uploads\/2024\/08\/encontro-formativo-primeiro-dia-768x576.jpeg 768w, https:\/\/www.padreeustaquio.com.br\/wp-content\/uploads\/2024\/08\/encontro-formativo-primeiro-dia-1536x1152.jpeg 1536w, https:\/\/www.padreeustaquio.com.br\/wp-content\/uploads\/2024\/08\/encontro-formativo-primeiro-dia-180x135.jpeg 180w, https:\/\/www.padreeustaquio.com.br\/wp-content\/uploads\/2024\/08\/encontro-formativo-primeiro-dia-400x300.jpeg 400w, https:\/\/www.padreeustaquio.com.br\/wp-content\/uploads\/2024\/08\/encontro-formativo-primeiro-dia-600x450.jpeg 600w, https:\/\/www.padreeustaquio.com.br\/wp-content\/uploads\/2024\/08\/encontro-formativo-primeiro-dia-800x600.jpeg 800w, https:\/\/www.padreeustaquio.com.br\/wp-content\/uploads\/2024\/08\/encontro-formativo-primeiro-dia-1200x900.jpeg 1200w, https:\/\/www.padreeustaquio.com.br\/wp-content\/uploads\/2024\/08\/encontro-formativo-primeiro-dia.jpeg 1600w\" sizes=\"(max-width: 311px) 100vw, 311px\" \/><p id=\"caption-attachment-11499\" class=\"wp-caption-text\">Primer d\u00eda del Encuentro de Formaci\u00f3n (24 de julio)<\/p><\/div>\n<p>El primer d\u00eda, mi\u00e9rcoles 24 de julio, la capacitaci\u00f3n abarc\u00f3 toda la vida e historia del Padre Eust\u00e1quio, desde la creaci\u00f3n de la Congregaci\u00f3n en Francia, pasando por la historia de San Dami\u00e1n, hasta su peregrinaci\u00f3n por Europa y Brasil. Esta jornada de capacitaci\u00f3n fue impartida por el vicepostulador de la Causa de Canonizaci\u00f3n del Padre Eust\u00e1quio, Padre Vin\u00edcius Maciel, SS.CC.<\/p>\n<p>El mi\u00e9rcoles siguiente (31 de julio), la sesi\u00f3n de capacitaci\u00f3n se centr\u00f3 en la devoci\u00f3n al Sant\u00edsimo. Los participantes se reunieron para una visita guiada al Memorial Padre Eust\u00e1quio, dirigida por el investigador Leandro Castro. Posteriormente, el Padre Vinicius Maciel les dio la bienvenida al Aula Magna, quien profundiz\u00f3 en el tema del encuentro.<\/p>\n<div id=\"attachment_11501\" style=\"width: 310px\" class=\"wp-caption alignright\"><img decoding=\"async\" aria-describedby=\"caption-attachment-11501\" class=\"wp-image-11501 size-medium\" src=\"https:\/\/www.padreeustaquio.com.br\/wp-content\/uploads\/2024\/08\/encontro-formativo-segundo-dia-300x225.jpeg\" alt=\"Visita al Memorial el 2\u00ba d\u00eda de la reuni\u00f3n (31 de julio)\" width=\"300\" height=\"225\" srcset=\"https:\/\/www.padreeustaquio.com.br\/wp-content\/uploads\/2024\/08\/encontro-formativo-segundo-dia-300x225.jpeg 300w, https:\/\/www.padreeustaquio.com.br\/wp-content\/uploads\/2024\/08\/encontro-formativo-segundo-dia-1024x768.jpeg 1024w, https:\/\/www.padreeustaquio.com.br\/wp-content\/uploads\/2024\/08\/encontro-formativo-segundo-dia-768x576.jpeg 768w, https:\/\/www.padreeustaquio.com.br\/wp-content\/uploads\/2024\/08\/encontro-formativo-segundo-dia-1536x1152.jpeg 1536w, https:\/\/www.padreeustaquio.com.br\/wp-content\/uploads\/2024\/08\/encontro-formativo-segundo-dia-180x135.jpeg 180w, https:\/\/www.padreeustaquio.com.br\/wp-content\/uploads\/2024\/08\/encontro-formativo-segundo-dia-400x300.jpeg 400w, https:\/\/www.padreeustaquio.com.br\/wp-content\/uploads\/2024\/08\/encontro-formativo-segundo-dia-600x450.jpeg 600w, https:\/\/www.padreeustaquio.com.br\/wp-content\/uploads\/2024\/08\/encontro-formativo-segundo-dia-800x600.jpeg 800w, https:\/\/www.padreeustaquio.com.br\/wp-content\/uploads\/2024\/08\/encontro-formativo-segundo-dia-1200x900.jpeg 1200w, https:\/\/www.padreeustaquio.com.br\/wp-content\/uploads\/2024\/08\/encontro-formativo-segundo-dia.jpeg 1600w\" sizes=\"(max-width: 300px) 100vw, 300px\" \/><p id=\"caption-attachment-11501\" class=\"wp-caption-text\">Visita al Memorial el 2\u00ba d\u00eda de la reuni\u00f3n (31 de julio)<\/p><\/div>\n<p>El trabajo, dirigido a los l\u00edderes de la Iglesia, voluntarios de la Fiesta del Beato Padre Eust\u00e1quio y comunidad en general, fue grabado \u00edntegramente y est\u00e1 siendo editado por el equipo del Canal Padre Eust\u00e1quio para su transmisi\u00f3n el 30 de agosto, d\u00eda de la Fiesta del Beato.<\/p>\n<p>El material se mostrar\u00e1 durante el intervalo entre las misas en vivo del d\u00eda 30, pero despu\u00e9s tambi\u00e9n quedar\u00e1 colgado para que lo puedas ver cuando quieras.<\/p>","protected":false},"excerpt":{"rendered":"<p>Os encontros formativos sobre o Beato Padre Eust\u00e1quio, realizados no Santu\u00e1rio da Sa\u00fade e da Paz, nas \u00faltimas semanas, foi gravado e ser\u00e1 exibido no Canal Padre Eust\u00e1quio, no YouTube. No primeiro dia, quarta-feira (24\/07), a forma\u00e7\u00e3o abrangeu toda a vida e hist\u00f3ria de Padre Eust\u00e1quio, desde a cria\u00e7\u00e3o da Congrega\u00e7\u00e3o na Fran\u00e7a, passando pela hist\u00f3ria de S\u00e3o Dami\u00e3o, at\u00e9 a trajet\u00f3ria do Beato na Europa e no Brasil. Este dia de forma\u00e7\u00e3o foi ministrado pelo vice-postulador da Causa de Canoniza\u00e7\u00e3o de Padre Eust\u00e1quio, o padre Vin\u00edcius Maciel, SS.CC. Na quarta-feira seguinte (31\/07) a forma\u00e7\u00e3o falou sobre devo\u00e7\u00e3o ao Bem-aventurado. [&hellip;]<\/p>\n","protected":false},"author":2,"featured_media":11498,"comment_status":"open","ping_status":"closed","sticky":false,"template":"","format":"standard","meta":{"_acf_changed":false,"footnotes":""},"categories":[611],"tags":[],"class_list":["post-11496","post","type-post","status-publish","format-standard","has-post-thumbnail","hentry","category-noticias"],"acf":[],"yoast_head":"<!-- This site is optimized with the Yoast SEO plugin v27.2 - https:\/\/yoast.com\/product\/yoast-seo-wordpress\/ -->\n<title>Conte\u00fado formativo sobre Padre Eust\u00e1quio ser\u00e1 exibido pelo Canal no YouTube<\/title>\n<meta name=\"description\" content=\"Os encontros formativos sobre o Beato Padre Eust\u00e1quio, realizados no Santu\u00e1rio da Sa\u00fade e da Paz, nas \u00faltimas semanas, foi gravado e ser\u00e1 exibido no Canal Padre Eust\u00e1quio, no YouTube.\" \/>\n<meta name=\"robots\" content=\"index, follow, max-snippet:-1, max-image-preview:large, max-video-preview:-1\" \/>\n<link rel=\"canonical\" href=\"https:\/\/www.padreeustaquio.com.br\/es\/en-el-canal-de-youtube-se-mostrara-contenido-educativo-sobre-el-padre-eustaquio\/\" \/>\n<meta property=\"og:locale\" content=\"es_ES\" \/>\n<meta property=\"og:type\" content=\"article\" \/>\n<meta property=\"og:title\" content=\"Conte\u00fado formativo sobre Padre Eust\u00e1quio ser\u00e1 exibido pelo Canal no YouTube\" \/>\n<meta property=\"og:description\" content=\"Os encontros formativos sobre o Beato Padre Eust\u00e1quio, realizados no Santu\u00e1rio da Sa\u00fade e da Paz, nas \u00faltimas semanas, foi gravado e ser\u00e1 exibido no Canal Padre Eust\u00e1quio, no YouTube.\" \/>\n<meta property=\"og:url\" content=\"https:\/\/www.padreeustaquio.com.br\/es\/en-el-canal-de-youtube-se-mostrara-contenido-educativo-sobre-el-padre-eustaquio\/\" \/>\n<meta property=\"og:site_name\" content=\"Padre Eust\u00e1quio\" \/>\n<meta property=\"article:publisher\" content=\"https:\/\/www.facebook.com\/beatopadreeustaquio\/\" \/>\n<meta property=\"article:published_time\" content=\"2024-08-08T12:23:55+00:00\" \/>\n<meta property=\"article:modified_time\" content=\"2024-08-08T12:48:36+00:00\" \/>\n<meta property=\"og:image\" content=\"https:\/\/www.padreeustaquio.com.br\/wp-content\/uploads\/2024\/08\/encontro-formativo.jpeg\" \/>\n\t<meta property=\"og:image:width\" content=\"1600\" \/>\n\t<meta property=\"og:image:height\" content=\"1200\" \/>\n\t<meta property=\"og:image:type\" content=\"image\/jpeg\" \/>\n<meta name=\"author\" content=\"@sscc\" \/>\n<meta name=\"twitter:card\" content=\"summary_large_image\" \/>\n<meta name=\"twitter:creator\" content=\"@beatopeustaquio\" \/>\n<meta name=\"twitter:site\" content=\"@beatopeustaquio\" \/>\n<meta name=\"twitter:label1\" content=\"Escrito por\" \/>\n\t<meta name=\"twitter:data1\" content=\"@sscc\" \/>\n\t<meta name=\"twitter:label2\" content=\"Tiempo de lectura\" \/>\n\t<meta name=\"twitter:data2\" content=\"2 minutos\" \/>\n<script type=\"application\/ld+json\" class=\"yoast-schema-graph\">{\"@context\":\"https:\/\/schema.org\",\"@graph\":[{\"@type\":\"Article\",\"@id\":\"https:\/\/www.padreeustaquio.com.br\/conteudo-formativo-sobre-padre-eustaquio-sera-exibido-pelo-canal-no-youtube\/#article\",\"isPartOf\":{\"@id\":\"https:\/\/www.padreeustaquio.com.br\/conteudo-formativo-sobre-padre-eustaquio-sera-exibido-pelo-canal-no-youtube\/\"},\"author\":{\"name\":\"@sscc\",\"@id\":\"https:\/\/www.padreeustaquio.com.br\/#\/schema\/person\/a2a51db1d00f1a7af0204a0f1ddb1566\"},\"headline\":\"Conte\u00fado formativo sobre Padre Eust\u00e1quio ser\u00e1 exibido pelo Canal no YouTube\",\"datePublished\":\"2024-08-08T12:23:55+00:00\",\"dateModified\":\"2024-08-08T12:48:36+00:00\",\"mainEntityOfPage\":{\"@id\":\"https:\/\/www.padreeustaquio.com.br\/conteudo-formativo-sobre-padre-eustaquio-sera-exibido-pelo-canal-no-youtube\/\"},\"wordCount\":266,\"commentCount\":0,\"publisher\":{\"@id\":\"https:\/\/www.padreeustaquio.com.br\/#organization\"},\"image\":{\"@id\":\"https:\/\/www.padreeustaquio.com.br\/conteudo-formativo-sobre-padre-eustaquio-sera-exibido-pelo-canal-no-youtube\/#primaryimage\"},\"thumbnailUrl\":\"https:\/\/www.padreeustaquio.com.br\/wp-content\/uploads\/2024\/08\/encontro-formativo.jpeg\",\"articleSection\":[\"Not\u00edcias\"],\"inLanguage\":\"es\",\"potentialAction\":[{\"@type\":\"CommentAction\",\"name\":\"Comment\",\"target\":[\"https:\/\/www.padreeustaquio.com.br\/conteudo-formativo-sobre-padre-eustaquio-sera-exibido-pelo-canal-no-youtube\/#respond\"]}]},{\"@type\":\"WebPage\",\"@id\":\"https:\/\/www.padreeustaquio.com.br\/conteudo-formativo-sobre-padre-eustaquio-sera-exibido-pelo-canal-no-youtube\/\",\"url\":\"https:\/\/www.padreeustaquio.com.br\/conteudo-formativo-sobre-padre-eustaquio-sera-exibido-pelo-canal-no-youtube\/\",\"name\":\"Conte\u00fado formativo sobre Padre Eust\u00e1quio ser\u00e1 exibido pelo Canal no YouTube\",\"isPartOf\":{\"@id\":\"https:\/\/www.padreeustaquio.com.br\/#website\"},\"primaryImageOfPage\":{\"@id\":\"https:\/\/www.padreeustaquio.com.br\/conteudo-formativo-sobre-padre-eustaquio-sera-exibido-pelo-canal-no-youtube\/#primaryimage\"},\"image\":{\"@id\":\"https:\/\/www.padreeustaquio.com.br\/conteudo-formativo-sobre-padre-eustaquio-sera-exibido-pelo-canal-no-youtube\/#primaryimage\"},\"thumbnailUrl\":\"https:\/\/www.padreeustaquio.com.br\/wp-content\/uploads\/2024\/08\/encontro-formativo.jpeg\",\"datePublished\":\"2024-08-08T12:23:55+00:00\",\"dateModified\":\"2024-08-08T12:48:36+00:00\",\"description\":\"Os encontros formativos sobre o Beato Padre Eust\u00e1quio, realizados no Santu\u00e1rio da Sa\u00fade e da Paz, nas \u00faltimas semanas, foi gravado e ser\u00e1 exibido no Canal Padre Eust\u00e1quio, no YouTube.\",\"breadcrumb\":{\"@id\":\"https:\/\/www.padreeustaquio.com.br\/conteudo-formativo-sobre-padre-eustaquio-sera-exibido-pelo-canal-no-youtube\/#breadcrumb\"},\"inLanguage\":\"es\",\"potentialAction\":[{\"@type\":\"ReadAction\",\"target\":[\"https:\/\/www.padreeustaquio.com.br\/conteudo-formativo-sobre-padre-eustaquio-sera-exibido-pelo-canal-no-youtube\/\"]}]},{\"@type\":\"ImageObject\",\"inLanguage\":\"es\",\"@id\":\"https:\/\/www.padreeustaquio.com.br\/conteudo-formativo-sobre-padre-eustaquio-sera-exibido-pelo-canal-no-youtube\/#primaryimage\",\"url\":\"https:\/\/www.padreeustaquio.com.br\/wp-content\/uploads\/2024\/08\/encontro-formativo.jpeg\",\"contentUrl\":\"https:\/\/www.padreeustaquio.com.br\/wp-content\/uploads\/2024\/08\/encontro-formativo.jpeg\",\"width\":1600,\"height\":1200},{\"@type\":\"BreadcrumbList\",\"@id\":\"https:\/\/www.padreeustaquio.com.br\/conteudo-formativo-sobre-padre-eustaquio-sera-exibido-pelo-canal-no-youtube\/#breadcrumb\",\"itemListElement\":[{\"@type\":\"ListItem\",\"position\":1,\"name\":\"In\u00edcio\",\"item\":\"https:\/\/www.padreeustaquio.com.br\/\"},{\"@type\":\"ListItem\",\"position\":2,\"name\":\"Conte\u00fado formativo sobre Padre Eust\u00e1quio ser\u00e1 exibido pelo Canal no YouTube\"}]},{\"@type\":\"WebSite\",\"@id\":\"https:\/\/www.padreeustaquio.com.br\/#website\",\"url\":\"https:\/\/www.padreeustaquio.com.br\/\",\"name\":\"Padre Eust\u00e1quio\",\"description\":\"Sa\u00fade e Paz\",\"publisher\":{\"@id\":\"https:\/\/www.padreeustaquio.com.br\/#organization\"},\"potentialAction\":[{\"@type\":\"SearchAction\",\"target\":{\"@type\":\"EntryPoint\",\"urlTemplate\":\"https:\/\/www.padreeustaquio.com.br\/?s={search_term_string}\"},\"query-input\":{\"@type\":\"PropertyValueSpecification\",\"valueRequired\":true,\"valueName\":\"search_term_string\"}}],\"inLanguage\":\"es\"},{\"@type\":\"Organization\",\"@id\":\"https:\/\/www.padreeustaquio.com.br\/#organization\",\"name\":\"Padre Eust\u00e1quio\",\"url\":\"https:\/\/www.padreeustaquio.com.br\/\",\"logo\":{\"@type\":\"ImageObject\",\"inLanguage\":\"es\",\"@id\":\"https:\/\/www.padreeustaquio.com.br\/#\/schema\/logo\/image\/\",\"url\":\"https:\/\/www.padreeustaquio.com.br\/wp-content\/uploads\/2019\/08\/marca.png\",\"contentUrl\":\"https:\/\/www.padreeustaquio.com.br\/wp-content\/uploads\/2019\/08\/marca.png\",\"width\":350,\"height\":400,\"caption\":\"Padre Eust\u00e1quio\"},\"image\":{\"@id\":\"https:\/\/www.padreeustaquio.com.br\/#\/schema\/logo\/image\/\"},\"sameAs\":[\"https:\/\/www.facebook.com\/beatopadreeustaquio\/\",\"https:\/\/x.com\/beatopeustaquio\",\"https:\/\/www.instagram.com\/beatopadreeustaquio\/\",\"https:\/\/www.youtube.com\/channel\/UCRhw7vfabnajwLxb1ZXMeIw\"]},{\"@type\":\"Person\",\"@id\":\"https:\/\/www.padreeustaquio.com.br\/#\/schema\/person\/a2a51db1d00f1a7af0204a0f1ddb1566\",\"name\":\"@sscc\",\"image\":{\"@type\":\"ImageObject\",\"inLanguage\":\"es\",\"@id\":\"https:\/\/secure.gravatar.com\/avatar\/68cfafa5f44617fea54071e215026e0ff06be366c3d54a8425f04fdcb86f8c5f?s=96&d=mm&r=g\",\"url\":\"https:\/\/secure.gravatar.com\/avatar\/68cfafa5f44617fea54071e215026e0ff06be366c3d54a8425f04fdcb86f8c5f?s=96&d=mm&r=g\",\"contentUrl\":\"https:\/\/secure.gravatar.com\/avatar\/68cfafa5f44617fea54071e215026e0ff06be366c3d54a8425f04fdcb86f8c5f?s=96&d=mm&r=g\",\"caption\":\"@sscc\"},\"url\":\"https:\/\/www.padreeustaquio.com.br\/es\/author\/sscc\/\"}]}<\/script>\n<!-- \/ Yoast SEO plugin. -->","yoast_head_json":{"title":"Contenido educativo sobre el Padre Eust\u00e1quio estar\u00e1 disponible en el canal de YouTube.","description":"Los encuentros formativos sobre el Beato Padre Eustaquio, realizados en el Santuario de la Salud y la Paz durante las \u00faltimas semanas, fueron grabados y ser\u00e1n transmitidos en el Canal del Padre Eustaquio en YouTube.","robots":{"index":"index","follow":"follow","max-snippet":"max-snippet:-1","max-image-preview":"max-image-preview:large","max-video-preview":"max-video-preview:-1"},"canonical":"https:\/\/www.padreeustaquio.com.br\/es\/en-el-canal-de-youtube-se-mostrara-contenido-educativo-sobre-el-padre-eustaquio\/","og_locale":"es_ES","og_type":"article","og_title":"Conte\u00fado formativo sobre Padre Eust\u00e1quio ser\u00e1 exibido pelo Canal no YouTube","og_description":"Os encontros formativos sobre o Beato Padre Eust\u00e1quio, realizados no Santu\u00e1rio da Sa\u00fade e da Paz, nas \u00faltimas semanas, foi gravado e ser\u00e1 exibido no Canal Padre Eust\u00e1quio, no YouTube.","og_url":"https:\/\/www.padreeustaquio.com.br\/es\/en-el-canal-de-youtube-se-mostrara-contenido-educativo-sobre-el-padre-eustaquio\/","og_site_name":"Padre Eust\u00e1quio","article_publisher":"https:\/\/www.facebook.com\/beatopadreeustaquio\/","article_published_time":"2024-08-08T12:23:55+00:00","article_modified_time":"2024-08-08T12:48:36+00:00","og_image":[{"width":1600,"height":1200,"url":"https:\/\/www.padreeustaquio.com.br\/wp-content\/uploads\/2024\/08\/encontro-formativo.jpeg","type":"image\/jpeg"}],"author":"@sscc","twitter_card":"summary_large_image","twitter_creator":"@beatopeustaquio","twitter_site":"@beatopeustaquio","twitter_misc":{"Escrito por":"@sscc","Tiempo de lectura":"2 minutos"},"schema":{"@context":"https:\/\/schema.org","@graph":[{"@type":"Article","@id":"https:\/\/www.padreeustaquio.com.br\/conteudo-formativo-sobre-padre-eustaquio-sera-exibido-pelo-canal-no-youtube\/#article","isPartOf":{"@id":"https:\/\/www.padreeustaquio.com.br\/conteudo-formativo-sobre-padre-eustaquio-sera-exibido-pelo-canal-no-youtube\/"},"author":{"name":"@sscc","@id":"https:\/\/www.padreeustaquio.com.br\/#\/schema\/person\/a2a51db1d00f1a7af0204a0f1ddb1566"},"headline":"Conte\u00fado formativo sobre Padre Eust\u00e1quio ser\u00e1 exibido pelo Canal no YouTube","datePublished":"2024-08-08T12:23:55+00:00","dateModified":"2024-08-08T12:48:36+00:00","mainEntityOfPage":{"@id":"https:\/\/www.padreeustaquio.com.br\/conteudo-formativo-sobre-padre-eustaquio-sera-exibido-pelo-canal-no-youtube\/"},"wordCount":266,"commentCount":0,"publisher":{"@id":"https:\/\/www.padreeustaquio.com.br\/#organization"},"image":{"@id":"https:\/\/www.padreeustaquio.com.br\/conteudo-formativo-sobre-padre-eustaquio-sera-exibido-pelo-canal-no-youtube\/#primaryimage"},"thumbnailUrl":"https:\/\/www.padreeustaquio.com.br\/wp-content\/uploads\/2024\/08\/encontro-formativo.jpeg","articleSection":["Not\u00edcias"],"inLanguage":"es","potentialAction":[{"@type":"CommentAction","name":"Comment","target":["https:\/\/www.padreeustaquio.com.br\/conteudo-formativo-sobre-padre-eustaquio-sera-exibido-pelo-canal-no-youtube\/#respond"]}]},{"@type":"WebPage","@id":"https:\/\/www.padreeustaquio.com.br\/conteudo-formativo-sobre-padre-eustaquio-sera-exibido-pelo-canal-no-youtube\/","url":"https:\/\/www.padreeustaquio.com.br\/conteudo-formativo-sobre-padre-eustaquio-sera-exibido-pelo-canal-no-youtube\/","name":"Contenido educativo sobre el Padre Eust\u00e1quio estar\u00e1 disponible en el canal de YouTube.","isPartOf":{"@id":"https:\/\/www.padreeustaquio.com.br\/#website"},"primaryImageOfPage":{"@id":"https:\/\/www.padreeustaquio.com.br\/conteudo-formativo-sobre-padre-eustaquio-sera-exibido-pelo-canal-no-youtube\/#primaryimage"},"image":{"@id":"https:\/\/www.padreeustaquio.com.br\/conteudo-formativo-sobre-padre-eustaquio-sera-exibido-pelo-canal-no-youtube\/#primaryimage"},"thumbnailUrl":"https:\/\/www.padreeustaquio.com.br\/wp-content\/uploads\/2024\/08\/encontro-formativo.jpeg","datePublished":"2024-08-08T12:23:55+00:00","dateModified":"2024-08-08T12:48:36+00:00","description":"Los encuentros formativos sobre el Beato Padre Eustaquio, realizados en el Santuario de la Salud y la Paz durante las \u00faltimas semanas, fueron grabados y ser\u00e1n transmitidos en el Canal del Padre Eustaquio en YouTube.","breadcrumb":{"@id":"https:\/\/www.padreeustaquio.com.br\/conteudo-formativo-sobre-padre-eustaquio-sera-exibido-pelo-canal-no-youtube\/#breadcrumb"},"inLanguage":"es","potentialAction":[{"@type":"ReadAction","target":["https:\/\/www.padreeustaquio.com.br\/conteudo-formativo-sobre-padre-eustaquio-sera-exibido-pelo-canal-no-youtube\/"]}]},{"@type":"ImageObject","inLanguage":"es","@id":"https:\/\/www.padreeustaquio.com.br\/conteudo-formativo-sobre-padre-eustaquio-sera-exibido-pelo-canal-no-youtube\/#primaryimage","url":"https:\/\/www.padreeustaquio.com.br\/wp-content\/uploads\/2024\/08\/encontro-formativo.jpeg","contentUrl":"https:\/\/www.padreeustaquio.com.br\/wp-content\/uploads\/2024\/08\/encontro-formativo.jpeg","width":1600,"height":1200},{"@type":"BreadcrumbList","@id":"https:\/\/www.padreeustaquio.com.br\/conteudo-formativo-sobre-padre-eustaquio-sera-exibido-pelo-canal-no-youtube\/#breadcrumb","itemListElement":[{"@type":"ListItem","position":1,"name":"In\u00edcio","item":"https:\/\/www.padreeustaquio.com.br\/"},{"@type":"ListItem","position":2,"name":"Conte\u00fado formativo sobre Padre Eust\u00e1quio ser\u00e1 exibido pelo Canal no YouTube"}]},{"@type":"WebSite","@id":"https:\/\/www.padreeustaquio.com.br\/#website","url":"https:\/\/www.padreeustaquio.com.br\/","name":"Padre Eustace","description":"Salud y Paz","publisher":{"@id":"https:\/\/www.padreeustaquio.com.br\/#organization"},"potentialAction":[{"@type":"SearchAction","target":{"@type":"EntryPoint","urlTemplate":"https:\/\/www.padreeustaquio.com.br\/?s={search_term_string}"},"query-input":{"@type":"PropertyValueSpecification","valueRequired":true,"valueName":"search_term_string"}}],"inLanguage":"es"},{"@type":"Organization","@id":"https:\/\/www.padreeustaquio.com.br\/#organization","name":"Padre Eustace","url":"https:\/\/www.padreeustaquio.com.br\/","logo":{"@type":"ImageObject","inLanguage":"es","@id":"https:\/\/www.padreeustaquio.com.br\/#\/schema\/logo\/image\/","url":"https:\/\/www.padreeustaquio.com.br\/wp-content\/uploads\/2019\/08\/marca.png","contentUrl":"https:\/\/www.padreeustaquio.com.br\/wp-content\/uploads\/2019\/08\/marca.png","width":350,"height":400,"caption":"Padre Eust\u00e1quio"},"image":{"@id":"https:\/\/www.padreeustaquio.com.br\/#\/schema\/logo\/image\/"},"sameAs":["https:\/\/www.facebook.com\/beatopadreeustaquio\/","https:\/\/x.com\/beatopeustaquio","https:\/\/www.instagram.com\/beatopadreeustaquio\/","https:\/\/www.youtube.com\/channel\/UCRhw7vfabnajwLxb1ZXMeIw"]},{"@type":"Person","@id":"https:\/\/www.padreeustaquio.com.br\/#\/schema\/person\/a2a51db1d00f1a7af0204a0f1ddb1566","name":"@sscc","image":{"@type":"ImageObject","inLanguage":"es","@id":"https:\/\/secure.gravatar.com\/avatar\/68cfafa5f44617fea54071e215026e0ff06be366c3d54a8425f04fdcb86f8c5f?s=96&d=mm&r=g","url":"https:\/\/secure.gravatar.com\/avatar\/68cfafa5f44617fea54071e215026e0ff06be366c3d54a8425f04fdcb86f8c5f?s=96&d=mm&r=g","contentUrl":"https:\/\/secure.gravatar.com\/avatar\/68cfafa5f44617fea54071e215026e0ff06be366c3d54a8425f04fdcb86f8c5f?s=96&d=mm&r=g","caption":"@sscc"},"url":"https:\/\/www.padreeustaquio.com.br\/es\/author\/sscc\/"}]}},"_links":{"self":[{"href":"https:\/\/www.padreeustaquio.com.br\/es\/wp-json\/wp\/v2\/posts\/11496","targetHints":{"allow":["GET"]}}],"collection":[{"href":"https:\/\/www.padreeustaquio.com.br\/es\/wp-json\/wp\/v2\/posts"}],"about":[{"href":"https:\/\/www.padreeustaquio.com.br\/es\/wp-json\/wp\/v2\/types\/post"}],"author":[{"embeddable":true,"href":"https:\/\/www.padreeustaquio.com.br\/es\/wp-json\/wp\/v2\/users\/2"}],"replies":[{"embeddable":true,"href":"https:\/\/www.padreeustaquio.com.br\/es\/wp-json\/wp\/v2\/comments?post=11496"}],"version-history":[{"count":0,"href":"https:\/\/www.padreeustaquio.com.br\/es\/wp-json\/wp\/v2\/posts\/11496\/revisions"}],"wp:featuredmedia":[{"embeddable":true,"href":"https:\/\/www.padreeustaquio.com.br\/es\/wp-json\/wp\/v2\/media\/11498"}],"wp:attachment":[{"href":"https:\/\/www.padreeustaquio.com.br\/es\/wp-json\/wp\/v2\/media?parent=11496"}],"wp:term":[{"taxonomy":"category","embeddable":true,"href":"https:\/\/www.padreeustaquio.com.br\/es\/wp-json\/wp\/v2\/categories?post=11496"},{"taxonomy":"post_tag","embeddable":true,"href":"https:\/\/www.padreeustaquio.com.br\/es\/wp-json\/wp\/v2\/tags?post=11496"}],"curies":[{"name":"wp","href":"https:\/\/api.w.org\/{rel}","templated":true}]}}