{"id":11479,"date":"2024-07-31T06:52:10","date_gmt":"2024-07-31T09:52:10","guid":{"rendered":"https:\/\/www.padreeustaquio.com.br\/?p=11479"},"modified":"2024-07-31T08:27:29","modified_gmt":"2024-07-31T11:27:29","slug":"vicepostulador-entrega-obsequio-al-parroco-del-beato-padre-eustaquio-de-guarapari-es","status":"publish","type":"post","link":"https:\/\/www.padreeustaquio.com.br\/es\/vicepostulador-entrega-obsequio-al-parroco-del-beato-padre-eustaquio-de-guarapari-es\/","title":{"rendered":"Vicepostulador entrega obsequio al p\u00e1rroco de la Parroquia Beato Padre Eustaquio en Guarapari\/ES"},"content":{"rendered":"<p>El vicepostulador de la Causa de Canonizaci\u00f3n del Beato Padre Eustaquio, Padre Vinicius Maciel, SS.CC., entreg\u00f3 una r\u00e9plica de una escultura del Beato al p\u00e1rroco de la Parroquia del Beato Padre Eustaquio en Guarapari-ES, Padre Robson Lemos Pereira. Este obsequio refleja la importancia de la devoci\u00f3n al Beato y fortalece los lazos de fe y la unidad en la comunidad.<\/p>\n<p><strong>Un nuevo momento para la parroquia<\/strong><\/p>\n<p>La parroquia del Beato Padre Eustace vive un momento nuevo y significativo. El antiguo templo provisional se est\u00e1 preparando para la construcci\u00f3n de una nueva iglesia, un hito importante para la comunidad. Este nuevo edificio simboliza no solo el crecimiento f\u00edsico de la parroquia, sino tambi\u00e9n el fortalecimiento espiritual y la unidad de los fieles.<\/p>\n<p>Toda la comunidad est\u00e1 unida y comprometida con este proyecto, demostrando un verdadero esp\u00edritu de cooperaci\u00f3n y fe. La entrega de la r\u00e9plica de la escultura es una muestra del compromiso continuo con los valores y ense\u00f1anzas del Beato Padre Eustaquio. La nueva iglesia ser\u00e1 un espacio sagrado donde la comunidad podr\u00e1 seguir creciendo en su camino espiritual, celebrando la fe y las ense\u00f1anzas cristianas.<\/p>","protected":false},"excerpt":{"rendered":"<p>O vice-postulador da Causa de Canoniza\u00e7\u00e3o do Beato Padre Eust\u00e1quio, padre Vinicus Maciel, SS.CC., entregou uma r\u00e9plica de escultura do Beato ao p\u00e1roco da Par\u00f3quia Bem-Aventurado Padre Eust\u00e1quio, em Guarapari-ES, padre Robson Lemos Pereira. Esse presente reflete a import\u00e2ncia da devo\u00e7\u00e3o ao Bem-Aventurado e refor\u00e7a la\u00e7os de f\u00e9 e uni\u00e3o da comunidade. Um Novo Momento para a Par\u00f3quia A par\u00f3quia Bem-Aventurado Padre Eust\u00e1quio est\u00e1 vivendo um novo e significativo momento. A antiga sede da matriz provis\u00f3ria est\u00e1 em fase de prepara\u00e7\u00e3o para a constru\u00e7\u00e3o da nova igreja, um marco importante para a comunidade. Essa nova edifica\u00e7\u00e3o simboliza n\u00e3o apenas o [&hellip;]<\/p>\n","protected":false},"author":2,"featured_media":11481,"comment_status":"open","ping_status":"closed","sticky":false,"template":"","format":"standard","meta":{"_acf_changed":false,"footnotes":""},"categories":[611],"tags":[],"class_list":["post-11479","post","type-post","status-publish","format-standard","has-post-thumbnail","hentry","category-noticias"],"acf":[],"yoast_head":"<!-- This site is optimized with the Yoast SEO plugin v27.2 - https:\/\/yoast.com\/product\/yoast-seo-wordpress\/ -->\n<title>Vice-Postulador presenteia p\u00e1roco da Par\u00f3quia Bem-Aventurado Padre Eust\u00e1quio de Guarapari\/ES - Padre Eust\u00e1quio<\/title>\n<meta name=\"robots\" content=\"index, follow, max-snippet:-1, max-image-preview:large, max-video-preview:-1\" \/>\n<link rel=\"canonical\" href=\"https:\/\/www.padreeustaquio.com.br\/es\/vicepostulador-entrega-obsequio-al-parroco-del-beato-padre-eustaquio-de-guarapari-es\/\" \/>\n<meta property=\"og:locale\" content=\"es_ES\" \/>\n<meta property=\"og:type\" content=\"article\" \/>\n<meta property=\"og:title\" content=\"Vice-Postulador presenteia p\u00e1roco da Par\u00f3quia Bem-Aventurado Padre Eust\u00e1quio de Guarapari\/ES - Padre Eust\u00e1quio\" \/>\n<meta property=\"og:description\" content=\"O vice-postulador da Causa de Canoniza\u00e7\u00e3o do Beato Padre Eust\u00e1quio, padre Vinicus Maciel, SS.CC., entregou uma r\u00e9plica de escultura do Beato ao p\u00e1roco da Par\u00f3quia Bem-Aventurado Padre Eust\u00e1quio, em Guarapari-ES, padre Robson Lemos Pereira. Esse presente reflete a import\u00e2ncia da devo\u00e7\u00e3o ao Bem-Aventurado e refor\u00e7a la\u00e7os de f\u00e9 e uni\u00e3o da comunidade. Um Novo Momento para a Par\u00f3quia A par\u00f3quia Bem-Aventurado Padre Eust\u00e1quio est\u00e1 vivendo um novo e significativo momento. A antiga sede da matriz provis\u00f3ria est\u00e1 em fase de prepara\u00e7\u00e3o para a constru\u00e7\u00e3o da nova igreja, um marco importante para a comunidade. Essa nova edifica\u00e7\u00e3o simboliza n\u00e3o apenas o [&hellip;]\" \/>\n<meta property=\"og:url\" content=\"https:\/\/www.padreeustaquio.com.br\/es\/vicepostulador-entrega-obsequio-al-parroco-del-beato-padre-eustaquio-de-guarapari-es\/\" \/>\n<meta property=\"og:site_name\" content=\"Padre Eust\u00e1quio\" \/>\n<meta property=\"article:publisher\" content=\"https:\/\/www.facebook.com\/beatopadreeustaquio\/\" \/>\n<meta property=\"article:published_time\" content=\"2024-07-31T09:52:10+00:00\" \/>\n<meta property=\"article:modified_time\" content=\"2024-07-31T11:27:29+00:00\" \/>\n<meta property=\"og:image\" content=\"https:\/\/www.padreeustaquio.com.br\/wp-content\/uploads\/2024\/07\/pv-entrega-pe-ao-paroco-pr-e1722356580925.jpeg\" \/>\n\t<meta property=\"og:image:width\" content=\"1600\" \/>\n\t<meta property=\"og:image:height\" content=\"917\" \/>\n\t<meta property=\"og:image:type\" content=\"image\/jpeg\" \/>\n<meta name=\"author\" content=\"@sscc\" \/>\n<meta name=\"twitter:card\" content=\"summary_large_image\" \/>\n<meta name=\"twitter:creator\" content=\"@beatopeustaquio\" \/>\n<meta name=\"twitter:site\" content=\"@beatopeustaquio\" \/>\n<meta name=\"twitter:label1\" content=\"Escrito por\" \/>\n\t<meta name=\"twitter:data1\" content=\"@sscc\" \/>\n\t<meta name=\"twitter:label2\" content=\"Tiempo de lectura\" \/>\n\t<meta name=\"twitter:data2\" content=\"2 minutos\" \/>\n<script type=\"application\/ld+json\" class=\"yoast-schema-graph\">{\"@context\":\"https:\/\/schema.org\",\"@graph\":[{\"@type\":\"Article\",\"@id\":\"https:\/\/www.padreeustaquio.com.br\/vice-postulador-presenteia-paroco-da-paroquia-bem-aventurado-padre-eustaquio-de-guarapari-es\/#article\",\"isPartOf\":{\"@id\":\"https:\/\/www.padreeustaquio.com.br\/vice-postulador-presenteia-paroco-da-paroquia-bem-aventurado-padre-eustaquio-de-guarapari-es\/\"},\"author\":{\"name\":\"@sscc\",\"@id\":\"https:\/\/www.padreeustaquio.com.br\/#\/schema\/person\/a2a51db1d00f1a7af0204a0f1ddb1566\"},\"headline\":\"Vice-Postulador presenteia p\u00e1roco da Par\u00f3quia Bem-Aventurado Padre Eust\u00e1quio de Guarapari\/ES\",\"datePublished\":\"2024-07-31T09:52:10+00:00\",\"dateModified\":\"2024-07-31T11:27:29+00:00\",\"mainEntityOfPage\":{\"@id\":\"https:\/\/www.padreeustaquio.com.br\/vice-postulador-presenteia-paroco-da-paroquia-bem-aventurado-padre-eustaquio-de-guarapari-es\/\"},\"wordCount\":222,\"commentCount\":0,\"publisher\":{\"@id\":\"https:\/\/www.padreeustaquio.com.br\/#organization\"},\"image\":{\"@id\":\"https:\/\/www.padreeustaquio.com.br\/vice-postulador-presenteia-paroco-da-paroquia-bem-aventurado-padre-eustaquio-de-guarapari-es\/#primaryimage\"},\"thumbnailUrl\":\"https:\/\/www.padreeustaquio.com.br\/wp-content\/uploads\/2024\/07\/pv-entrega-pe-ao-paroco-pr-e1722356580925.jpeg\",\"articleSection\":[\"Not\u00edcias\"],\"inLanguage\":\"es\",\"potentialAction\":[{\"@type\":\"CommentAction\",\"name\":\"Comment\",\"target\":[\"https:\/\/www.padreeustaquio.com.br\/vice-postulador-presenteia-paroco-da-paroquia-bem-aventurado-padre-eustaquio-de-guarapari-es\/#respond\"]}]},{\"@type\":\"WebPage\",\"@id\":\"https:\/\/www.padreeustaquio.com.br\/vice-postulador-presenteia-paroco-da-paroquia-bem-aventurado-padre-eustaquio-de-guarapari-es\/\",\"url\":\"https:\/\/www.padreeustaquio.com.br\/vice-postulador-presenteia-paroco-da-paroquia-bem-aventurado-padre-eustaquio-de-guarapari-es\/\",\"name\":\"Vice-Postulador presenteia p\u00e1roco da Par\u00f3quia Bem-Aventurado Padre Eust\u00e1quio de Guarapari\/ES - Padre Eust\u00e1quio\",\"isPartOf\":{\"@id\":\"https:\/\/www.padreeustaquio.com.br\/#website\"},\"primaryImageOfPage\":{\"@id\":\"https:\/\/www.padreeustaquio.com.br\/vice-postulador-presenteia-paroco-da-paroquia-bem-aventurado-padre-eustaquio-de-guarapari-es\/#primaryimage\"},\"image\":{\"@id\":\"https:\/\/www.padreeustaquio.com.br\/vice-postulador-presenteia-paroco-da-paroquia-bem-aventurado-padre-eustaquio-de-guarapari-es\/#primaryimage\"},\"thumbnailUrl\":\"https:\/\/www.padreeustaquio.com.br\/wp-content\/uploads\/2024\/07\/pv-entrega-pe-ao-paroco-pr-e1722356580925.jpeg\",\"datePublished\":\"2024-07-31T09:52:10+00:00\",\"dateModified\":\"2024-07-31T11:27:29+00:00\",\"breadcrumb\":{\"@id\":\"https:\/\/www.padreeustaquio.com.br\/vice-postulador-presenteia-paroco-da-paroquia-bem-aventurado-padre-eustaquio-de-guarapari-es\/#breadcrumb\"},\"inLanguage\":\"es\",\"potentialAction\":[{\"@type\":\"ReadAction\",\"target\":[\"https:\/\/www.padreeustaquio.com.br\/vice-postulador-presenteia-paroco-da-paroquia-bem-aventurado-padre-eustaquio-de-guarapari-es\/\"]}]},{\"@type\":\"ImageObject\",\"inLanguage\":\"es\",\"@id\":\"https:\/\/www.padreeustaquio.com.br\/vice-postulador-presenteia-paroco-da-paroquia-bem-aventurado-padre-eustaquio-de-guarapari-es\/#primaryimage\",\"url\":\"https:\/\/www.padreeustaquio.com.br\/wp-content\/uploads\/2024\/07\/pv-entrega-pe-ao-paroco-pr-e1722356580925.jpeg\",\"contentUrl\":\"https:\/\/www.padreeustaquio.com.br\/wp-content\/uploads\/2024\/07\/pv-entrega-pe-ao-paroco-pr-e1722356580925.jpeg\",\"width\":1600,\"height\":917},{\"@type\":\"BreadcrumbList\",\"@id\":\"https:\/\/www.padreeustaquio.com.br\/vice-postulador-presenteia-paroco-da-paroquia-bem-aventurado-padre-eustaquio-de-guarapari-es\/#breadcrumb\",\"itemListElement\":[{\"@type\":\"ListItem\",\"position\":1,\"name\":\"In\u00edcio\",\"item\":\"https:\/\/www.padreeustaquio.com.br\/\"},{\"@type\":\"ListItem\",\"position\":2,\"name\":\"Vice-Postulador presenteia p\u00e1roco da Par\u00f3quia Bem-Aventurado Padre Eust\u00e1quio de Guarapari\/ES\"}]},{\"@type\":\"WebSite\",\"@id\":\"https:\/\/www.padreeustaquio.com.br\/#website\",\"url\":\"https:\/\/www.padreeustaquio.com.br\/\",\"name\":\"Padre Eust\u00e1quio\",\"description\":\"Sa\u00fade e Paz\",\"publisher\":{\"@id\":\"https:\/\/www.padreeustaquio.com.br\/#organization\"},\"potentialAction\":[{\"@type\":\"SearchAction\",\"target\":{\"@type\":\"EntryPoint\",\"urlTemplate\":\"https:\/\/www.padreeustaquio.com.br\/?s={search_term_string}\"},\"query-input\":{\"@type\":\"PropertyValueSpecification\",\"valueRequired\":true,\"valueName\":\"search_term_string\"}}],\"inLanguage\":\"es\"},{\"@type\":\"Organization\",\"@id\":\"https:\/\/www.padreeustaquio.com.br\/#organization\",\"name\":\"Padre Eust\u00e1quio\",\"url\":\"https:\/\/www.padreeustaquio.com.br\/\",\"logo\":{\"@type\":\"ImageObject\",\"inLanguage\":\"es\",\"@id\":\"https:\/\/www.padreeustaquio.com.br\/#\/schema\/logo\/image\/\",\"url\":\"https:\/\/www.padreeustaquio.com.br\/wp-content\/uploads\/2019\/08\/marca.png\",\"contentUrl\":\"https:\/\/www.padreeustaquio.com.br\/wp-content\/uploads\/2019\/08\/marca.png\",\"width\":350,\"height\":400,\"caption\":\"Padre Eust\u00e1quio\"},\"image\":{\"@id\":\"https:\/\/www.padreeustaquio.com.br\/#\/schema\/logo\/image\/\"},\"sameAs\":[\"https:\/\/www.facebook.com\/beatopadreeustaquio\/\",\"https:\/\/x.com\/beatopeustaquio\",\"https:\/\/www.instagram.com\/beatopadreeustaquio\/\",\"https:\/\/www.youtube.com\/channel\/UCRhw7vfabnajwLxb1ZXMeIw\"]},{\"@type\":\"Person\",\"@id\":\"https:\/\/www.padreeustaquio.com.br\/#\/schema\/person\/a2a51db1d00f1a7af0204a0f1ddb1566\",\"name\":\"@sscc\",\"image\":{\"@type\":\"ImageObject\",\"inLanguage\":\"es\",\"@id\":\"https:\/\/secure.gravatar.com\/avatar\/68cfafa5f44617fea54071e215026e0ff06be366c3d54a8425f04fdcb86f8c5f?s=96&d=mm&r=g\",\"url\":\"https:\/\/secure.gravatar.com\/avatar\/68cfafa5f44617fea54071e215026e0ff06be366c3d54a8425f04fdcb86f8c5f?s=96&d=mm&r=g\",\"contentUrl\":\"https:\/\/secure.gravatar.com\/avatar\/68cfafa5f44617fea54071e215026e0ff06be366c3d54a8425f04fdcb86f8c5f?s=96&d=mm&r=g\",\"caption\":\"@sscc\"},\"url\":\"https:\/\/www.padreeustaquio.com.br\/es\/author\/sscc\/\"}]}<\/script>\n<!-- \/ Yoast SEO plugin. -->","yoast_head_json":{"title":"Vicepostulador entrega obsequio a p\u00e1rroco de la Parroquia Beato Padre Eustaquio de Guarapari\/ES - Padre Eustaquio","robots":{"index":"index","follow":"follow","max-snippet":"max-snippet:-1","max-image-preview":"max-image-preview:large","max-video-preview":"max-video-preview:-1"},"canonical":"https:\/\/www.padreeustaquio.com.br\/es\/vicepostulador-entrega-obsequio-al-parroco-del-beato-padre-eustaquio-de-guarapari-es\/","og_locale":"es_ES","og_type":"article","og_title":"Vice-Postulador presenteia p\u00e1roco da Par\u00f3quia Bem-Aventurado Padre Eust\u00e1quio de Guarapari\/ES - Padre Eust\u00e1quio","og_description":"O vice-postulador da Causa de Canoniza\u00e7\u00e3o do Beato Padre Eust\u00e1quio, padre Vinicus Maciel, SS.CC., entregou uma r\u00e9plica de escultura do Beato ao p\u00e1roco da Par\u00f3quia Bem-Aventurado Padre Eust\u00e1quio, em Guarapari-ES, padre Robson Lemos Pereira. Esse presente reflete a import\u00e2ncia da devo\u00e7\u00e3o ao Bem-Aventurado e refor\u00e7a la\u00e7os de f\u00e9 e uni\u00e3o da comunidade. Um Novo Momento para a Par\u00f3quia A par\u00f3quia Bem-Aventurado Padre Eust\u00e1quio est\u00e1 vivendo um novo e significativo momento. A antiga sede da matriz provis\u00f3ria est\u00e1 em fase de prepara\u00e7\u00e3o para a constru\u00e7\u00e3o da nova igreja, um marco importante para a comunidade. Essa nova edifica\u00e7\u00e3o simboliza n\u00e3o apenas o [&hellip;]","og_url":"https:\/\/www.padreeustaquio.com.br\/es\/vicepostulador-entrega-obsequio-al-parroco-del-beato-padre-eustaquio-de-guarapari-es\/","og_site_name":"Padre Eust\u00e1quio","article_publisher":"https:\/\/www.facebook.com\/beatopadreeustaquio\/","article_published_time":"2024-07-31T09:52:10+00:00","article_modified_time":"2024-07-31T11:27:29+00:00","og_image":[{"width":1600,"height":917,"url":"https:\/\/www.padreeustaquio.com.br\/wp-content\/uploads\/2024\/07\/pv-entrega-pe-ao-paroco-pr-e1722356580925.jpeg","type":"image\/jpeg"}],"author":"@sscc","twitter_card":"summary_large_image","twitter_creator":"@beatopeustaquio","twitter_site":"@beatopeustaquio","twitter_misc":{"Escrito por":"@sscc","Tiempo de lectura":"2 minutos"},"schema":{"@context":"https:\/\/schema.org","@graph":[{"@type":"Article","@id":"https:\/\/www.padreeustaquio.com.br\/vice-postulador-presenteia-paroco-da-paroquia-bem-aventurado-padre-eustaquio-de-guarapari-es\/#article","isPartOf":{"@id":"https:\/\/www.padreeustaquio.com.br\/vice-postulador-presenteia-paroco-da-paroquia-bem-aventurado-padre-eustaquio-de-guarapari-es\/"},"author":{"name":"@sscc","@id":"https:\/\/www.padreeustaquio.com.br\/#\/schema\/person\/a2a51db1d00f1a7af0204a0f1ddb1566"},"headline":"Vice-Postulador presenteia p\u00e1roco da Par\u00f3quia Bem-Aventurado Padre Eust\u00e1quio de Guarapari\/ES","datePublished":"2024-07-31T09:52:10+00:00","dateModified":"2024-07-31T11:27:29+00:00","mainEntityOfPage":{"@id":"https:\/\/www.padreeustaquio.com.br\/vice-postulador-presenteia-paroco-da-paroquia-bem-aventurado-padre-eustaquio-de-guarapari-es\/"},"wordCount":222,"commentCount":0,"publisher":{"@id":"https:\/\/www.padreeustaquio.com.br\/#organization"},"image":{"@id":"https:\/\/www.padreeustaquio.com.br\/vice-postulador-presenteia-paroco-da-paroquia-bem-aventurado-padre-eustaquio-de-guarapari-es\/#primaryimage"},"thumbnailUrl":"https:\/\/www.padreeustaquio.com.br\/wp-content\/uploads\/2024\/07\/pv-entrega-pe-ao-paroco-pr-e1722356580925.jpeg","articleSection":["Not\u00edcias"],"inLanguage":"es","potentialAction":[{"@type":"CommentAction","name":"Comment","target":["https:\/\/www.padreeustaquio.com.br\/vice-postulador-presenteia-paroco-da-paroquia-bem-aventurado-padre-eustaquio-de-guarapari-es\/#respond"]}]},{"@type":"WebPage","@id":"https:\/\/www.padreeustaquio.com.br\/vice-postulador-presenteia-paroco-da-paroquia-bem-aventurado-padre-eustaquio-de-guarapari-es\/","url":"https:\/\/www.padreeustaquio.com.br\/vice-postulador-presenteia-paroco-da-paroquia-bem-aventurado-padre-eustaquio-de-guarapari-es\/","name":"Vicepostulador entrega obsequio a p\u00e1rroco de la Parroquia Beato Padre Eustaquio de Guarapari\/ES - Padre Eustaquio","isPartOf":{"@id":"https:\/\/www.padreeustaquio.com.br\/#website"},"primaryImageOfPage":{"@id":"https:\/\/www.padreeustaquio.com.br\/vice-postulador-presenteia-paroco-da-paroquia-bem-aventurado-padre-eustaquio-de-guarapari-es\/#primaryimage"},"image":{"@id":"https:\/\/www.padreeustaquio.com.br\/vice-postulador-presenteia-paroco-da-paroquia-bem-aventurado-padre-eustaquio-de-guarapari-es\/#primaryimage"},"thumbnailUrl":"https:\/\/www.padreeustaquio.com.br\/wp-content\/uploads\/2024\/07\/pv-entrega-pe-ao-paroco-pr-e1722356580925.jpeg","datePublished":"2024-07-31T09:52:10+00:00","dateModified":"2024-07-31T11:27:29+00:00","breadcrumb":{"@id":"https:\/\/www.padreeustaquio.com.br\/vice-postulador-presenteia-paroco-da-paroquia-bem-aventurado-padre-eustaquio-de-guarapari-es\/#breadcrumb"},"inLanguage":"es","potentialAction":[{"@type":"ReadAction","target":["https:\/\/www.padreeustaquio.com.br\/vice-postulador-presenteia-paroco-da-paroquia-bem-aventurado-padre-eustaquio-de-guarapari-es\/"]}]},{"@type":"ImageObject","inLanguage":"es","@id":"https:\/\/www.padreeustaquio.com.br\/vice-postulador-presenteia-paroco-da-paroquia-bem-aventurado-padre-eustaquio-de-guarapari-es\/#primaryimage","url":"https:\/\/www.padreeustaquio.com.br\/wp-content\/uploads\/2024\/07\/pv-entrega-pe-ao-paroco-pr-e1722356580925.jpeg","contentUrl":"https:\/\/www.padreeustaquio.com.br\/wp-content\/uploads\/2024\/07\/pv-entrega-pe-ao-paroco-pr-e1722356580925.jpeg","width":1600,"height":917},{"@type":"BreadcrumbList","@id":"https:\/\/www.padreeustaquio.com.br\/vice-postulador-presenteia-paroco-da-paroquia-bem-aventurado-padre-eustaquio-de-guarapari-es\/#breadcrumb","itemListElement":[{"@type":"ListItem","position":1,"name":"In\u00edcio","item":"https:\/\/www.padreeustaquio.com.br\/"},{"@type":"ListItem","position":2,"name":"Vice-Postulador presenteia p\u00e1roco da Par\u00f3quia Bem-Aventurado Padre Eust\u00e1quio de Guarapari\/ES"}]},{"@type":"WebSite","@id":"https:\/\/www.padreeustaquio.com.br\/#website","url":"https:\/\/www.padreeustaquio.com.br\/","name":"Padre Eustace","description":"Salud y Paz","publisher":{"@id":"https:\/\/www.padreeustaquio.com.br\/#organization"},"potentialAction":[{"@type":"SearchAction","target":{"@type":"EntryPoint","urlTemplate":"https:\/\/www.padreeustaquio.com.br\/?s={search_term_string}"},"query-input":{"@type":"PropertyValueSpecification","valueRequired":true,"valueName":"search_term_string"}}],"inLanguage":"es"},{"@type":"Organization","@id":"https:\/\/www.padreeustaquio.com.br\/#organization","name":"Padre Eustace","url":"https:\/\/www.padreeustaquio.com.br\/","logo":{"@type":"ImageObject","inLanguage":"es","@id":"https:\/\/www.padreeustaquio.com.br\/#\/schema\/logo\/image\/","url":"https:\/\/www.padreeustaquio.com.br\/wp-content\/uploads\/2019\/08\/marca.png","contentUrl":"https:\/\/www.padreeustaquio.com.br\/wp-content\/uploads\/2019\/08\/marca.png","width":350,"height":400,"caption":"Padre Eust\u00e1quio"},"image":{"@id":"https:\/\/www.padreeustaquio.com.br\/#\/schema\/logo\/image\/"},"sameAs":["https:\/\/www.facebook.com\/beatopadreeustaquio\/","https:\/\/x.com\/beatopeustaquio","https:\/\/www.instagram.com\/beatopadreeustaquio\/","https:\/\/www.youtube.com\/channel\/UCRhw7vfabnajwLxb1ZXMeIw"]},{"@type":"Person","@id":"https:\/\/www.padreeustaquio.com.br\/#\/schema\/person\/a2a51db1d00f1a7af0204a0f1ddb1566","name":"@sscc","image":{"@type":"ImageObject","inLanguage":"es","@id":"https:\/\/secure.gravatar.com\/avatar\/68cfafa5f44617fea54071e215026e0ff06be366c3d54a8425f04fdcb86f8c5f?s=96&d=mm&r=g","url":"https:\/\/secure.gravatar.com\/avatar\/68cfafa5f44617fea54071e215026e0ff06be366c3d54a8425f04fdcb86f8c5f?s=96&d=mm&r=g","contentUrl":"https:\/\/secure.gravatar.com\/avatar\/68cfafa5f44617fea54071e215026e0ff06be366c3d54a8425f04fdcb86f8c5f?s=96&d=mm&r=g","caption":"@sscc"},"url":"https:\/\/www.padreeustaquio.com.br\/es\/author\/sscc\/"}]}},"_links":{"self":[{"href":"https:\/\/www.padreeustaquio.com.br\/es\/wp-json\/wp\/v2\/posts\/11479","targetHints":{"allow":["GET"]}}],"collection":[{"href":"https:\/\/www.padreeustaquio.com.br\/es\/wp-json\/wp\/v2\/posts"}],"about":[{"href":"https:\/\/www.padreeustaquio.com.br\/es\/wp-json\/wp\/v2\/types\/post"}],"author":[{"embeddable":true,"href":"https:\/\/www.padreeustaquio.com.br\/es\/wp-json\/wp\/v2\/users\/2"}],"replies":[{"embeddable":true,"href":"https:\/\/www.padreeustaquio.com.br\/es\/wp-json\/wp\/v2\/comments?post=11479"}],"version-history":[{"count":0,"href":"https:\/\/www.padreeustaquio.com.br\/es\/wp-json\/wp\/v2\/posts\/11479\/revisions"}],"wp:featuredmedia":[{"embeddable":true,"href":"https:\/\/www.padreeustaquio.com.br\/es\/wp-json\/wp\/v2\/media\/11481"}],"wp:attachment":[{"href":"https:\/\/www.padreeustaquio.com.br\/es\/wp-json\/wp\/v2\/media?parent=11479"}],"wp:term":[{"taxonomy":"category","embeddable":true,"href":"https:\/\/www.padreeustaquio.com.br\/es\/wp-json\/wp\/v2\/categories?post=11479"},{"taxonomy":"post_tag","embeddable":true,"href":"https:\/\/www.padreeustaquio.com.br\/es\/wp-json\/wp\/v2\/tags?post=11479"}],"curies":[{"name":"wp","href":"https:\/\/api.w.org\/{rel}","templated":true}]}}