{"id":11469,"date":"2024-07-29T10:36:29","date_gmt":"2024-07-29T13:36:29","guid":{"rendered":"https:\/\/www.padreeustaquio.com.br\/?p=11469"},"modified":"2024-07-29T21:51:11","modified_gmt":"2024-07-30T00:51:11","slug":"rama-secular-de-los-pasionistas-visita-la-iglesia-del-padre-eustace-en-belo-horizonte","status":"publish","type":"post","link":"https:\/\/www.padreeustaquio.com.br\/es\/rama-secular-de-los-pasionistas-visita-la-iglesia-del-padre-eustace-en-belo-horizonte\/","title":{"rendered":"Rama secular de los Pasionistas visita la Iglesia de Padre Eust\u00e1quio en Belo Horizonte."},"content":{"rendered":"<p>La semana pasada, el Santuario de la Salud y la Paz, Iglesia del Beato Padre Eustaquio, fue escenario de un evento especial que reuni\u00f3 a la Rama Secular de los Pasionistas de diversas partes de Brasil. Fieles de Esp\u00edrito Santo, Bah\u00eda, S\u00e3o Paulo y Goi\u00e1s se reunieron para vivir una experiencia de fe y devoci\u00f3n al Beato Padre Eustaquio.<\/p>\n<p><img fetchpriority=\"high\" decoding=\"async\" class=\"size-medium wp-image-11472 alignleft\" src=\"https:\/\/www.padreeustaquio.com.br\/wp-content\/uploads\/2024\/07\/WhatsApp-Image-2024-07-29-at-10.39.15-225x300.jpeg\" alt=\"\" width=\"225\" height=\"300\" srcset=\"https:\/\/www.padreeustaquio.com.br\/wp-content\/uploads\/2024\/07\/WhatsApp-Image-2024-07-29-at-10.39.15-225x300.jpeg 225w, https:\/\/www.padreeustaquio.com.br\/wp-content\/uploads\/2024\/07\/WhatsApp-Image-2024-07-29-at-10.39.15-768x1024.jpeg 768w, https:\/\/www.padreeustaquio.com.br\/wp-content\/uploads\/2024\/07\/WhatsApp-Image-2024-07-29-at-10.39.15-1152x1536.jpeg 1152w, https:\/\/www.padreeustaquio.com.br\/wp-content\/uploads\/2024\/07\/WhatsApp-Image-2024-07-29-at-10.39.15.jpeg 1200w\" sizes=\"(max-width: 225px) 100vw, 225px\" \/>Durante la visita, los participantes tuvieron la oportunidad de explorar el Santuario en detalle, visitando el Memorial del Padre Eust\u00e1quio, donde se encuentra enterrado el Beato. La historia del Beato fue narrada por el investigador Leandro Castro, quien habl\u00f3 a los visitantes sobre la vida y los milagros atribuidos al Padre Eust\u00e1quio.<\/p>\n<p>La visita concluy\u00f3 con la bendici\u00f3n del Padre Edmar, rector del Santuario. El grupo estuvo bajo la gu\u00eda del Padre Marcos Ant\u00f4nio, quien acompa\u00f1\u00f3 a los visitantes durante toda la experiencia.<\/p>\n<p>Como recuerdo de esta visita \u00fanica, cada participante recibi\u00f3 una reliquia del Padre Eust\u00e1quio, simbolizando la importancia de este encuentro y reforzando la fe y la devoci\u00f3n de los presentes.<\/p>\n\n\t\t<style type=\"text\/css\">\n\t\t\t#gallery-1 {\n\t\t\t\tmargin: auto;\n\t\t\t}\n\t\t\t#gallery-1 .gallery-item {\n\t\t\t\tfloat: left;\n\t\t\t\tmargin-top: 10px;\n\t\t\t\ttext-align: center;\n\t\t\t\twidth: 33%;\n\t\t\t}\n\t\t\t#gallery-1 img {\n\t\t\t\tborder: 2px solid #cfcfcf;\n\t\t\t}\n\t\t\t#gallery-1 .gallery-caption {\n\t\t\t\tmargin-left: 0;\n\t\t\t}\n\t\t\t\/* see gallery_shortcode() in wp-includes\/media.php *\/\n\t\t<\/style>\n\t\t<div id='gallery-1' class='gallery galleryid-11469 gallery-columns-3 gallery-size-thumbnail'><dl class='gallery-item'>\n\t\t\t<dt class='gallery-icon landscape'>\n\t\t\t\t<a href='https:\/\/www.padreeustaquio.com.br\/es\/rama-secular-de-los-pasionistas-visita-la-iglesia-del-padre-eustace-en-belo-horizonte\/visita-dos-passionistas-a-igreja-do-padre-eustaquio-2\/'><img decoding=\"async\" width=\"150\" height=\"150\" src=\"https:\/\/www.padreeustaquio.com.br\/wp-content\/uploads\/2024\/07\/visita-dos-passionistas-a-Igreja-do-Padre-Eustaquio-2-150x150.jpeg\" class=\"attachment-thumbnail size-thumbnail\" alt=\"\" srcset=\"https:\/\/www.padreeustaquio.com.br\/wp-content\/uploads\/2024\/07\/visita-dos-passionistas-a-Igreja-do-Padre-Eustaquio-2-150x150.jpeg 150w, https:\/\/www.padreeustaquio.com.br\/wp-content\/uploads\/2024\/07\/visita-dos-passionistas-a-Igreja-do-Padre-Eustaquio-2-75x75.jpeg 75w, https:\/\/www.padreeustaquio.com.br\/wp-content\/uploads\/2024\/07\/visita-dos-passionistas-a-Igreja-do-Padre-Eustaquio-2-180x180.jpeg 180w, https:\/\/www.padreeustaquio.com.br\/wp-content\/uploads\/2024\/07\/visita-dos-passionistas-a-Igreja-do-Padre-Eustaquio-2-400x400.jpeg 400w, https:\/\/www.padreeustaquio.com.br\/wp-content\/uploads\/2024\/07\/visita-dos-passionistas-a-Igreja-do-Padre-Eustaquio-2-600x600.jpeg 600w\" sizes=\"(max-width: 150px) 100vw, 150px\" \/><\/a>\n\t\t\t<\/dt><\/dl><dl class='gallery-item'>\n\t\t\t<dt class='gallery-icon landscape'>\n\t\t\t\t<a href='https:\/\/www.padreeustaquio.com.br\/es\/rama-secular-de-los-pasionistas-visita-la-iglesia-del-padre-eustace-en-belo-horizonte\/visita-dos-passionistas-a-igreja-do-padre-eustaquio-1\/'><img decoding=\"async\" width=\"150\" height=\"150\" src=\"https:\/\/www.padreeustaquio.com.br\/wp-content\/uploads\/2024\/07\/visita-dos-passionistas-a-Igreja-do-Padre-Eustaquio-1-150x150.jpeg\" class=\"attachment-thumbnail size-thumbnail\" alt=\"\" srcset=\"https:\/\/www.padreeustaquio.com.br\/wp-content\/uploads\/2024\/07\/visita-dos-passionistas-a-Igreja-do-Padre-Eustaquio-1-150x150.jpeg 150w, https:\/\/www.padreeustaquio.com.br\/wp-content\/uploads\/2024\/07\/visita-dos-passionistas-a-Igreja-do-Padre-Eustaquio-1-75x75.jpeg 75w, https:\/\/www.padreeustaquio.com.br\/wp-content\/uploads\/2024\/07\/visita-dos-passionistas-a-Igreja-do-Padre-Eustaquio-1-180x180.jpeg 180w, https:\/\/www.padreeustaquio.com.br\/wp-content\/uploads\/2024\/07\/visita-dos-passionistas-a-Igreja-do-Padre-Eustaquio-1-400x400.jpeg 400w, https:\/\/www.padreeustaquio.com.br\/wp-content\/uploads\/2024\/07\/visita-dos-passionistas-a-Igreja-do-Padre-Eustaquio-1-600x600.jpeg 600w\" sizes=\"(max-width: 150px) 100vw, 150px\" \/><\/a>\n\t\t\t<\/dt><\/dl>\n\t\t\t<br style='clear: both' \/>\n\t\t<\/div>","protected":false},"excerpt":{"rendered":"<p>Na \u00faltima semana, o Santu\u00e1rio da Sa\u00fade e da Paz, Igreja do Beato Padre Eust\u00e1quio, foi palco de um evento especial que reuniu o Ramo Secular dos Passionistas de diversas partes do Brasil. Fi\u00e9is vindos do Esp\u00edrito Santo, Bahia, S\u00e3o Paulo e Goi\u00e1s se encontraram para uma experi\u00eancia de f\u00e9 e devo\u00e7\u00e3o ao Bem-aventurado Padre Eust\u00e1quio. Durante a visita, os participantes tiveram a oportunidade de conhecer o Santu\u00e1rio em detalhes, visitando o Memorial Padre Eust\u00e1quio, onde o Bem-aventurado est\u00e1 enterrado. A hist\u00f3ria do Beato foi narrada pelo pesquisador Leandro Castro, que falou aos visitantes sobre a vida e os milagres [&hellip;]<\/p>\n","protected":false},"author":2,"featured_media":11471,"comment_status":"open","ping_status":"closed","sticky":false,"template":"","format":"standard","meta":{"_acf_changed":false,"footnotes":""},"categories":[611],"tags":[],"class_list":["post-11469","post","type-post","status-publish","format-standard","has-post-thumbnail","hentry","category-noticias"],"acf":[],"yoast_head":"<!-- This site is optimized with the Yoast SEO plugin v27.2 - https:\/\/yoast.com\/product\/yoast-seo-wordpress\/ -->\n<title>Ramo Secular dos Passionistas visita o Igreja do Padre Eust\u00e1quio em Belo Horizonte<\/title>\n<meta name=\"description\" content=\"Na \u00faltima semana, o Santu\u00e1rio da Sa\u00fade e da Paz, Igreja do Beato Padre Eust\u00e1quio, foi palco de um evento especial que reuniu o Ramo Secular dos Passionistas de diversas partes do Brasil. Fi\u00e9is vindos do Esp\u00edrito Santo, Bahia, S\u00e3o Paulo e Goi\u00e1s se encontraram para uma experi\u00eancia de f\u00e9 e devo\u00e7\u00e3o ao Bem-aventurado Padre Eust\u00e1quio.\" \/>\n<meta name=\"robots\" content=\"index, follow, max-snippet:-1, max-image-preview:large, max-video-preview:-1\" \/>\n<link rel=\"canonical\" href=\"https:\/\/www.padreeustaquio.com.br\/es\/rama-secular-de-los-pasionistas-visita-la-iglesia-del-padre-eustace-en-belo-horizonte\/\" \/>\n<meta property=\"og:locale\" content=\"es_ES\" \/>\n<meta property=\"og:type\" content=\"article\" \/>\n<meta property=\"og:title\" content=\"Ramo Secular dos Passionistas visita o Igreja do Padre Eust\u00e1quio em Belo Horizonte\" \/>\n<meta property=\"og:description\" content=\"Na \u00faltima semana, o Santu\u00e1rio da Sa\u00fade e da Paz, Igreja do Beato Padre Eust\u00e1quio, foi palco de um evento especial que reuniu o Ramo Secular dos Passionistas de diversas partes do Brasil. Fi\u00e9is vindos do Esp\u00edrito Santo, Bahia, S\u00e3o Paulo e Goi\u00e1s se encontraram para uma experi\u00eancia de f\u00e9 e devo\u00e7\u00e3o ao Bem-aventurado Padre Eust\u00e1quio.\" \/>\n<meta property=\"og:url\" content=\"https:\/\/www.padreeustaquio.com.br\/es\/rama-secular-de-los-pasionistas-visita-la-iglesia-del-padre-eustace-en-belo-horizonte\/\" \/>\n<meta property=\"og:site_name\" content=\"Padre Eust\u00e1quio\" \/>\n<meta property=\"article:publisher\" content=\"https:\/\/www.facebook.com\/beatopadreeustaquio\/\" \/>\n<meta property=\"article:published_time\" content=\"2024-07-29T13:36:29+00:00\" \/>\n<meta property=\"article:modified_time\" content=\"2024-07-30T00:51:11+00:00\" \/>\n<meta property=\"og:image\" content=\"https:\/\/www.padreeustaquio.com.br\/wp-content\/uploads\/2024\/07\/visita-passionista.jpeg\" \/>\n\t<meta property=\"og:image:width\" content=\"1600\" \/>\n\t<meta property=\"og:image:height\" content=\"720\" \/>\n\t<meta property=\"og:image:type\" content=\"image\/jpeg\" \/>\n<meta name=\"author\" content=\"@sscc\" \/>\n<meta name=\"twitter:card\" content=\"summary_large_image\" \/>\n<meta name=\"twitter:creator\" content=\"@beatopeustaquio\" \/>\n<meta name=\"twitter:site\" content=\"@beatopeustaquio\" \/>\n<meta name=\"twitter:label1\" content=\"Escrito por\" \/>\n\t<meta name=\"twitter:data1\" content=\"@sscc\" \/>\n\t<meta name=\"twitter:label2\" content=\"Tiempo de lectura\" \/>\n\t<meta name=\"twitter:data2\" content=\"2 minutos\" \/>\n<script type=\"application\/ld+json\" class=\"yoast-schema-graph\">{\"@context\":\"https:\/\/schema.org\",\"@graph\":[{\"@type\":\"Article\",\"@id\":\"https:\/\/www.padreeustaquio.com.br\/ramo-secular-dos-passionistas-visita-o-igreja-do-padre-eustaquio-em-belo-horizonte\/#article\",\"isPartOf\":{\"@id\":\"https:\/\/www.padreeustaquio.com.br\/ramo-secular-dos-passionistas-visita-o-igreja-do-padre-eustaquio-em-belo-horizonte\/\"},\"author\":{\"name\":\"@sscc\",\"@id\":\"https:\/\/www.padreeustaquio.com.br\/#\/schema\/person\/a2a51db1d00f1a7af0204a0f1ddb1566\"},\"headline\":\"Ramo Secular dos Passionistas visita o Igreja do Padre Eust\u00e1quio em Belo Horizonte\",\"datePublished\":\"2024-07-29T13:36:29+00:00\",\"dateModified\":\"2024-07-30T00:51:11+00:00\",\"mainEntityOfPage\":{\"@id\":\"https:\/\/www.padreeustaquio.com.br\/ramo-secular-dos-passionistas-visita-o-igreja-do-padre-eustaquio-em-belo-horizonte\/\"},\"wordCount\":203,\"commentCount\":0,\"publisher\":{\"@id\":\"https:\/\/www.padreeustaquio.com.br\/#organization\"},\"image\":{\"@id\":\"https:\/\/www.padreeustaquio.com.br\/ramo-secular-dos-passionistas-visita-o-igreja-do-padre-eustaquio-em-belo-horizonte\/#primaryimage\"},\"thumbnailUrl\":\"https:\/\/www.padreeustaquio.com.br\/wp-content\/uploads\/2024\/07\/visita-passionista.jpeg\",\"articleSection\":[\"Not\u00edcias\"],\"inLanguage\":\"es\",\"potentialAction\":[{\"@type\":\"CommentAction\",\"name\":\"Comment\",\"target\":[\"https:\/\/www.padreeustaquio.com.br\/ramo-secular-dos-passionistas-visita-o-igreja-do-padre-eustaquio-em-belo-horizonte\/#respond\"]}]},{\"@type\":\"WebPage\",\"@id\":\"https:\/\/www.padreeustaquio.com.br\/ramo-secular-dos-passionistas-visita-o-igreja-do-padre-eustaquio-em-belo-horizonte\/\",\"url\":\"https:\/\/www.padreeustaquio.com.br\/ramo-secular-dos-passionistas-visita-o-igreja-do-padre-eustaquio-em-belo-horizonte\/\",\"name\":\"Ramo Secular dos Passionistas visita o Igreja do Padre Eust\u00e1quio em Belo Horizonte\",\"isPartOf\":{\"@id\":\"https:\/\/www.padreeustaquio.com.br\/#website\"},\"primaryImageOfPage\":{\"@id\":\"https:\/\/www.padreeustaquio.com.br\/ramo-secular-dos-passionistas-visita-o-igreja-do-padre-eustaquio-em-belo-horizonte\/#primaryimage\"},\"image\":{\"@id\":\"https:\/\/www.padreeustaquio.com.br\/ramo-secular-dos-passionistas-visita-o-igreja-do-padre-eustaquio-em-belo-horizonte\/#primaryimage\"},\"thumbnailUrl\":\"https:\/\/www.padreeustaquio.com.br\/wp-content\/uploads\/2024\/07\/visita-passionista.jpeg\",\"datePublished\":\"2024-07-29T13:36:29+00:00\",\"dateModified\":\"2024-07-30T00:51:11+00:00\",\"description\":\"Na \u00faltima semana, o Santu\u00e1rio da Sa\u00fade e da Paz, Igreja do Beato Padre Eust\u00e1quio, foi palco de um evento especial que reuniu o Ramo Secular dos Passionistas de diversas partes do Brasil. Fi\u00e9is vindos do Esp\u00edrito Santo, Bahia, S\u00e3o Paulo e Goi\u00e1s se encontraram para uma experi\u00eancia de f\u00e9 e devo\u00e7\u00e3o ao Bem-aventurado Padre Eust\u00e1quio.\",\"breadcrumb\":{\"@id\":\"https:\/\/www.padreeustaquio.com.br\/ramo-secular-dos-passionistas-visita-o-igreja-do-padre-eustaquio-em-belo-horizonte\/#breadcrumb\"},\"inLanguage\":\"es\",\"potentialAction\":[{\"@type\":\"ReadAction\",\"target\":[\"https:\/\/www.padreeustaquio.com.br\/ramo-secular-dos-passionistas-visita-o-igreja-do-padre-eustaquio-em-belo-horizonte\/\"]}]},{\"@type\":\"ImageObject\",\"inLanguage\":\"es\",\"@id\":\"https:\/\/www.padreeustaquio.com.br\/ramo-secular-dos-passionistas-visita-o-igreja-do-padre-eustaquio-em-belo-horizonte\/#primaryimage\",\"url\":\"https:\/\/www.padreeustaquio.com.br\/wp-content\/uploads\/2024\/07\/visita-passionista.jpeg\",\"contentUrl\":\"https:\/\/www.padreeustaquio.com.br\/wp-content\/uploads\/2024\/07\/visita-passionista.jpeg\",\"width\":1600,\"height\":720},{\"@type\":\"BreadcrumbList\",\"@id\":\"https:\/\/www.padreeustaquio.com.br\/ramo-secular-dos-passionistas-visita-o-igreja-do-padre-eustaquio-em-belo-horizonte\/#breadcrumb\",\"itemListElement\":[{\"@type\":\"ListItem\",\"position\":1,\"name\":\"In\u00edcio\",\"item\":\"https:\/\/www.padreeustaquio.com.br\/\"},{\"@type\":\"ListItem\",\"position\":2,\"name\":\"Ramo Secular dos Passionistas visita o Igreja do Padre Eust\u00e1quio em Belo Horizonte\"}]},{\"@type\":\"WebSite\",\"@id\":\"https:\/\/www.padreeustaquio.com.br\/#website\",\"url\":\"https:\/\/www.padreeustaquio.com.br\/\",\"name\":\"Padre Eust\u00e1quio\",\"description\":\"Sa\u00fade e Paz\",\"publisher\":{\"@id\":\"https:\/\/www.padreeustaquio.com.br\/#organization\"},\"potentialAction\":[{\"@type\":\"SearchAction\",\"target\":{\"@type\":\"EntryPoint\",\"urlTemplate\":\"https:\/\/www.padreeustaquio.com.br\/?s={search_term_string}\"},\"query-input\":{\"@type\":\"PropertyValueSpecification\",\"valueRequired\":true,\"valueName\":\"search_term_string\"}}],\"inLanguage\":\"es\"},{\"@type\":\"Organization\",\"@id\":\"https:\/\/www.padreeustaquio.com.br\/#organization\",\"name\":\"Padre Eust\u00e1quio\",\"url\":\"https:\/\/www.padreeustaquio.com.br\/\",\"logo\":{\"@type\":\"ImageObject\",\"inLanguage\":\"es\",\"@id\":\"https:\/\/www.padreeustaquio.com.br\/#\/schema\/logo\/image\/\",\"url\":\"https:\/\/www.padreeustaquio.com.br\/wp-content\/uploads\/2019\/08\/marca.png\",\"contentUrl\":\"https:\/\/www.padreeustaquio.com.br\/wp-content\/uploads\/2019\/08\/marca.png\",\"width\":350,\"height\":400,\"caption\":\"Padre Eust\u00e1quio\"},\"image\":{\"@id\":\"https:\/\/www.padreeustaquio.com.br\/#\/schema\/logo\/image\/\"},\"sameAs\":[\"https:\/\/www.facebook.com\/beatopadreeustaquio\/\",\"https:\/\/x.com\/beatopeustaquio\",\"https:\/\/www.instagram.com\/beatopadreeustaquio\/\",\"https:\/\/www.youtube.com\/channel\/UCRhw7vfabnajwLxb1ZXMeIw\"]},{\"@type\":\"Person\",\"@id\":\"https:\/\/www.padreeustaquio.com.br\/#\/schema\/person\/a2a51db1d00f1a7af0204a0f1ddb1566\",\"name\":\"@sscc\",\"image\":{\"@type\":\"ImageObject\",\"inLanguage\":\"es\",\"@id\":\"https:\/\/secure.gravatar.com\/avatar\/68cfafa5f44617fea54071e215026e0ff06be366c3d54a8425f04fdcb86f8c5f?s=96&d=mm&r=g\",\"url\":\"https:\/\/secure.gravatar.com\/avatar\/68cfafa5f44617fea54071e215026e0ff06be366c3d54a8425f04fdcb86f8c5f?s=96&d=mm&r=g\",\"contentUrl\":\"https:\/\/secure.gravatar.com\/avatar\/68cfafa5f44617fea54071e215026e0ff06be366c3d54a8425f04fdcb86f8c5f?s=96&d=mm&r=g\",\"caption\":\"@sscc\"},\"url\":\"https:\/\/www.padreeustaquio.com.br\/es\/author\/sscc\/\"}]}<\/script>\n<!-- \/ Yoast SEO plugin. -->","yoast_head_json":{"title":"Rama secular de los Pasionistas visita la Iglesia de Padre Eust\u00e1quio en Belo Horizonte.","description":"La semana pasada, el Santuario de la Salud y la Paz, Iglesia del Beato Padre Eustaquio, fue escenario de un evento especial que reuni\u00f3 a la Rama Secular de los Pasionistas de diversas partes de Brasil. Fieles de Esp\u00edrito Santo, Bah\u00eda, S\u00e3o Paulo y Goi\u00e1s se reunieron para vivir una experiencia de fe y devoci\u00f3n al Beato Padre Eustaquio.","robots":{"index":"index","follow":"follow","max-snippet":"max-snippet:-1","max-image-preview":"max-image-preview:large","max-video-preview":"max-video-preview:-1"},"canonical":"https:\/\/www.padreeustaquio.com.br\/es\/rama-secular-de-los-pasionistas-visita-la-iglesia-del-padre-eustace-en-belo-horizonte\/","og_locale":"es_ES","og_type":"article","og_title":"Ramo Secular dos Passionistas visita o Igreja do Padre Eust\u00e1quio em Belo Horizonte","og_description":"Na \u00faltima semana, o Santu\u00e1rio da Sa\u00fade e da Paz, Igreja do Beato Padre Eust\u00e1quio, foi palco de um evento especial que reuniu o Ramo Secular dos Passionistas de diversas partes do Brasil. Fi\u00e9is vindos do Esp\u00edrito Santo, Bahia, S\u00e3o Paulo e Goi\u00e1s se encontraram para uma experi\u00eancia de f\u00e9 e devo\u00e7\u00e3o ao Bem-aventurado Padre Eust\u00e1quio.","og_url":"https:\/\/www.padreeustaquio.com.br\/es\/rama-secular-de-los-pasionistas-visita-la-iglesia-del-padre-eustace-en-belo-horizonte\/","og_site_name":"Padre Eust\u00e1quio","article_publisher":"https:\/\/www.facebook.com\/beatopadreeustaquio\/","article_published_time":"2024-07-29T13:36:29+00:00","article_modified_time":"2024-07-30T00:51:11+00:00","og_image":[{"width":1600,"height":720,"url":"https:\/\/www.padreeustaquio.com.br\/wp-content\/uploads\/2024\/07\/visita-passionista.jpeg","type":"image\/jpeg"}],"author":"@sscc","twitter_card":"summary_large_image","twitter_creator":"@beatopeustaquio","twitter_site":"@beatopeustaquio","twitter_misc":{"Escrito por":"@sscc","Tiempo de lectura":"2 minutos"},"schema":{"@context":"https:\/\/schema.org","@graph":[{"@type":"Article","@id":"https:\/\/www.padreeustaquio.com.br\/ramo-secular-dos-passionistas-visita-o-igreja-do-padre-eustaquio-em-belo-horizonte\/#article","isPartOf":{"@id":"https:\/\/www.padreeustaquio.com.br\/ramo-secular-dos-passionistas-visita-o-igreja-do-padre-eustaquio-em-belo-horizonte\/"},"author":{"name":"@sscc","@id":"https:\/\/www.padreeustaquio.com.br\/#\/schema\/person\/a2a51db1d00f1a7af0204a0f1ddb1566"},"headline":"Ramo Secular dos Passionistas visita o Igreja do Padre Eust\u00e1quio em Belo Horizonte","datePublished":"2024-07-29T13:36:29+00:00","dateModified":"2024-07-30T00:51:11+00:00","mainEntityOfPage":{"@id":"https:\/\/www.padreeustaquio.com.br\/ramo-secular-dos-passionistas-visita-o-igreja-do-padre-eustaquio-em-belo-horizonte\/"},"wordCount":203,"commentCount":0,"publisher":{"@id":"https:\/\/www.padreeustaquio.com.br\/#organization"},"image":{"@id":"https:\/\/www.padreeustaquio.com.br\/ramo-secular-dos-passionistas-visita-o-igreja-do-padre-eustaquio-em-belo-horizonte\/#primaryimage"},"thumbnailUrl":"https:\/\/www.padreeustaquio.com.br\/wp-content\/uploads\/2024\/07\/visita-passionista.jpeg","articleSection":["Not\u00edcias"],"inLanguage":"es","potentialAction":[{"@type":"CommentAction","name":"Comment","target":["https:\/\/www.padreeustaquio.com.br\/ramo-secular-dos-passionistas-visita-o-igreja-do-padre-eustaquio-em-belo-horizonte\/#respond"]}]},{"@type":"WebPage","@id":"https:\/\/www.padreeustaquio.com.br\/ramo-secular-dos-passionistas-visita-o-igreja-do-padre-eustaquio-em-belo-horizonte\/","url":"https:\/\/www.padreeustaquio.com.br\/ramo-secular-dos-passionistas-visita-o-igreja-do-padre-eustaquio-em-belo-horizonte\/","name":"Rama secular de los Pasionistas visita la Iglesia de Padre Eust\u00e1quio en Belo Horizonte.","isPartOf":{"@id":"https:\/\/www.padreeustaquio.com.br\/#website"},"primaryImageOfPage":{"@id":"https:\/\/www.padreeustaquio.com.br\/ramo-secular-dos-passionistas-visita-o-igreja-do-padre-eustaquio-em-belo-horizonte\/#primaryimage"},"image":{"@id":"https:\/\/www.padreeustaquio.com.br\/ramo-secular-dos-passionistas-visita-o-igreja-do-padre-eustaquio-em-belo-horizonte\/#primaryimage"},"thumbnailUrl":"https:\/\/www.padreeustaquio.com.br\/wp-content\/uploads\/2024\/07\/visita-passionista.jpeg","datePublished":"2024-07-29T13:36:29+00:00","dateModified":"2024-07-30T00:51:11+00:00","description":"La semana pasada, el Santuario de la Salud y la Paz, Iglesia del Beato Padre Eustaquio, fue escenario de un evento especial que reuni\u00f3 a la Rama Secular de los Pasionistas de diversas partes de Brasil. Fieles de Esp\u00edrito Santo, Bah\u00eda, S\u00e3o Paulo y Goi\u00e1s se reunieron para vivir una experiencia de fe y devoci\u00f3n al Beato Padre Eustaquio.","breadcrumb":{"@id":"https:\/\/www.padreeustaquio.com.br\/ramo-secular-dos-passionistas-visita-o-igreja-do-padre-eustaquio-em-belo-horizonte\/#breadcrumb"},"inLanguage":"es","potentialAction":[{"@type":"ReadAction","target":["https:\/\/www.padreeustaquio.com.br\/ramo-secular-dos-passionistas-visita-o-igreja-do-padre-eustaquio-em-belo-horizonte\/"]}]},{"@type":"ImageObject","inLanguage":"es","@id":"https:\/\/www.padreeustaquio.com.br\/ramo-secular-dos-passionistas-visita-o-igreja-do-padre-eustaquio-em-belo-horizonte\/#primaryimage","url":"https:\/\/www.padreeustaquio.com.br\/wp-content\/uploads\/2024\/07\/visita-passionista.jpeg","contentUrl":"https:\/\/www.padreeustaquio.com.br\/wp-content\/uploads\/2024\/07\/visita-passionista.jpeg","width":1600,"height":720},{"@type":"BreadcrumbList","@id":"https:\/\/www.padreeustaquio.com.br\/ramo-secular-dos-passionistas-visita-o-igreja-do-padre-eustaquio-em-belo-horizonte\/#breadcrumb","itemListElement":[{"@type":"ListItem","position":1,"name":"In\u00edcio","item":"https:\/\/www.padreeustaquio.com.br\/"},{"@type":"ListItem","position":2,"name":"Ramo Secular dos Passionistas visita o Igreja do Padre Eust\u00e1quio em Belo Horizonte"}]},{"@type":"WebSite","@id":"https:\/\/www.padreeustaquio.com.br\/#website","url":"https:\/\/www.padreeustaquio.com.br\/","name":"Padre Eustace","description":"Salud y Paz","publisher":{"@id":"https:\/\/www.padreeustaquio.com.br\/#organization"},"potentialAction":[{"@type":"SearchAction","target":{"@type":"EntryPoint","urlTemplate":"https:\/\/www.padreeustaquio.com.br\/?s={search_term_string}"},"query-input":{"@type":"PropertyValueSpecification","valueRequired":true,"valueName":"search_term_string"}}],"inLanguage":"es"},{"@type":"Organization","@id":"https:\/\/www.padreeustaquio.com.br\/#organization","name":"Padre Eustace","url":"https:\/\/www.padreeustaquio.com.br\/","logo":{"@type":"ImageObject","inLanguage":"es","@id":"https:\/\/www.padreeustaquio.com.br\/#\/schema\/logo\/image\/","url":"https:\/\/www.padreeustaquio.com.br\/wp-content\/uploads\/2019\/08\/marca.png","contentUrl":"https:\/\/www.padreeustaquio.com.br\/wp-content\/uploads\/2019\/08\/marca.png","width":350,"height":400,"caption":"Padre Eust\u00e1quio"},"image":{"@id":"https:\/\/www.padreeustaquio.com.br\/#\/schema\/logo\/image\/"},"sameAs":["https:\/\/www.facebook.com\/beatopadreeustaquio\/","https:\/\/x.com\/beatopeustaquio","https:\/\/www.instagram.com\/beatopadreeustaquio\/","https:\/\/www.youtube.com\/channel\/UCRhw7vfabnajwLxb1ZXMeIw"]},{"@type":"Person","@id":"https:\/\/www.padreeustaquio.com.br\/#\/schema\/person\/a2a51db1d00f1a7af0204a0f1ddb1566","name":"@sscc","image":{"@type":"ImageObject","inLanguage":"es","@id":"https:\/\/secure.gravatar.com\/avatar\/68cfafa5f44617fea54071e215026e0ff06be366c3d54a8425f04fdcb86f8c5f?s=96&d=mm&r=g","url":"https:\/\/secure.gravatar.com\/avatar\/68cfafa5f44617fea54071e215026e0ff06be366c3d54a8425f04fdcb86f8c5f?s=96&d=mm&r=g","contentUrl":"https:\/\/secure.gravatar.com\/avatar\/68cfafa5f44617fea54071e215026e0ff06be366c3d54a8425f04fdcb86f8c5f?s=96&d=mm&r=g","caption":"@sscc"},"url":"https:\/\/www.padreeustaquio.com.br\/es\/author\/sscc\/"}]}},"_links":{"self":[{"href":"https:\/\/www.padreeustaquio.com.br\/es\/wp-json\/wp\/v2\/posts\/11469","targetHints":{"allow":["GET"]}}],"collection":[{"href":"https:\/\/www.padreeustaquio.com.br\/es\/wp-json\/wp\/v2\/posts"}],"about":[{"href":"https:\/\/www.padreeustaquio.com.br\/es\/wp-json\/wp\/v2\/types\/post"}],"author":[{"embeddable":true,"href":"https:\/\/www.padreeustaquio.com.br\/es\/wp-json\/wp\/v2\/users\/2"}],"replies":[{"embeddable":true,"href":"https:\/\/www.padreeustaquio.com.br\/es\/wp-json\/wp\/v2\/comments?post=11469"}],"version-history":[{"count":0,"href":"https:\/\/www.padreeustaquio.com.br\/es\/wp-json\/wp\/v2\/posts\/11469\/revisions"}],"wp:featuredmedia":[{"embeddable":true,"href":"https:\/\/www.padreeustaquio.com.br\/es\/wp-json\/wp\/v2\/media\/11471"}],"wp:attachment":[{"href":"https:\/\/www.padreeustaquio.com.br\/es\/wp-json\/wp\/v2\/media?parent=11469"}],"wp:term":[{"taxonomy":"category","embeddable":true,"href":"https:\/\/www.padreeustaquio.com.br\/es\/wp-json\/wp\/v2\/categories?post=11469"},{"taxonomy":"post_tag","embeddable":true,"href":"https:\/\/www.padreeustaquio.com.br\/es\/wp-json\/wp\/v2\/tags?post=11469"}],"curies":[{"name":"wp","href":"https:\/\/api.w.org\/{rel}","templated":true}]}}