{"id":11466,"date":"2024-07-25T21:15:55","date_gmt":"2024-07-26T00:15:55","guid":{"rendered":"https:\/\/www.padreeustaquio.com.br\/?p=11466"},"modified":"2024-07-25T21:15:55","modified_gmt":"2024-07-26T00:15:55","slug":"una-estampa-del-padre-eustaquio-se-utiliza-en-la-escenografia-de-una-opera-brasilena","status":"publish","type":"post","link":"https:\/\/www.padreeustaquio.com.br\/es\/una-estampa-del-padre-eustaquio-se-utiliza-en-la-escenografia-de-una-opera-brasilena\/","title":{"rendered":"Una estampa del Padre Eust\u00e1quio se utiliza en la escenograf\u00eda de una \u00f3pera brasile\u00f1a."},"content":{"rendered":"<p>La imagen del Beato Padre Eust\u00e1quio podr\u00e1 ser vista por los asistentes a la \u00f3pera &quot;Devoci\u00f3n&quot;. La obra, que refleja el esp\u00edritu devocional de Minas Gerais, retrata la construcci\u00f3n del Santuario de Congonhas y aborda temas como los sue\u00f1os, la identidad minera, el Ciclo del Oro y la influencia de los inmigrantes.<\/p>\n<p>Para los devotos del Padre Eust\u00e1quio presentes, esta fue una maravillosa sorpresa. El icono, expuesto en la escena, muestra la presencia del Beato no solo como s\u00edmbolo religioso, sino tambi\u00e9n como parte de la historia de Minas Gerais.<\/p>\n<p><strong>Sobre la \u00f3pera &quot;Devoci\u00f3n&quot;\u201c<\/strong><\/p>\n<p>La \u00f3pera \u201cDevoci\u00f3n\u201d es un proyecto de la Fundaci\u00f3n Cl\u00f3vis Salgado (FCS) que re\u00fane a todos los cuerpos art\u00edsticos de la instituci\u00f3n. La actuaci\u00f3n tiene lugar en el Grande Teatro Cemig Pal\u00e1cio das Artes. Con m\u00fasica compuesta por Jo\u00e3o Guilherme Ripper, libreto de Andr\u00e9 Cardoso, direcci\u00f3n musical de Ligia Amadio y escenograf\u00eda de Ronaldo Zero, la producci\u00f3n est\u00e1 inspirada en el libro \u201cCongonhas: de la fe de Feliciano al genio de Aleijadinho\u201d de Domingos da Costa.<\/p>\n<p>La \u00f3pera est\u00e1 protagonizada por el tenor Matheus Pompeu como Feliciano y la soprano Carla Caramujo como Merc\u00eas, un personaje ficticio. La producci\u00f3n resalta el rico patrimonio cultural de Minas Gerais a trav\u00e9s de la m\u00fasica, la danza y la poes\u00eda, y cuenta con un elenco de 150 artistas, entre ellos cinco cantantes invitados, coristas del Coro L\u00edrico de Minas Gerais, bailarines de la Compa\u00f1\u00eda de Danza del Palacio de las Artes y 70 m\u00fasicos de la Orquesta Sinf\u00f3nica de Minas Gerais. En total, participan en el proyecto aproximadamente 600 profesionales, con m\u00e1s de 250 vestuarios y cuatro escenograf\u00edas diferentes.<\/p>","protected":false},"excerpt":{"rendered":"<p>A estampa do Bem-aventurado Padre Eust\u00e1quio pode ser vista pelas pessoas que est\u00e3o prestigiando a \u00f3pera \u201cDevo\u00e7\u00e3o\u201d. A apresenta\u00e7\u00e3o, que fala um pouco sobre a devo\u00e7\u00e3o mineira, retrata a constru\u00e7\u00e3o do Santu\u00e1rio de Congonhas, e traz temas como sonhos, identidade mineira, o Ciclo do Ouro e a influ\u00eancia de imigrantes. Para os devotos de Padre Eust\u00e1quio que estiveram no local, esta foi uma surpresa maravilhosa. O \u00edcone, estampado no cen\u00e1rio, mostra a presen\u00e7a do Beato n\u00e3o s\u00f3 como s\u00edmbolo religioso, mas tamb\u00e9m como parte da hist\u00f3ria de Minas Gerais. Sobre a \u00f3pera \u201cDevo\u00e7\u00e3o&#8221; A \u00f3pera \u201cDevo\u00e7\u00e3o\u201d \u00e9 um projeto da [&hellip;]<\/p>\n","protected":false},"author":2,"featured_media":11467,"comment_status":"open","ping_status":"closed","sticky":false,"template":"","format":"standard","meta":{"_acf_changed":false,"footnotes":""},"categories":[611],"tags":[],"class_list":["post-11466","post","type-post","status-publish","format-standard","has-post-thumbnail","hentry","category-noticias"],"acf":[],"yoast_head":"<!-- This site is optimized with the Yoast SEO plugin v27.2 - https:\/\/yoast.com\/product\/yoast-seo-wordpress\/ -->\n<title>Estampa de Padre Eust\u00e1quio \u00e9 usada em cen\u00e1rio de \u00d3pera brasileira<\/title>\n<meta name=\"description\" content=\"A estampa do Bem-aventurado Padre Eust\u00e1quio pode ser vista pelas pessoas que est\u00e3o prestigiando a \u00f3pera \u201cDevo\u00e7\u00e3o\u201d. A apresenta\u00e7\u00e3o, que fala um pouco sobre a devo\u00e7\u00e3o mineira, retrata a constru\u00e7\u00e3o do Santu\u00e1rio de Congonhas, e traz temas como sonhos, identidade mineira, o Ciclo do Ouro e a influ\u00eancia de imigrantes.\" \/>\n<meta name=\"robots\" content=\"index, follow, max-snippet:-1, max-image-preview:large, max-video-preview:-1\" \/>\n<link rel=\"canonical\" href=\"https:\/\/www.padreeustaquio.com.br\/es\/una-estampa-del-padre-eustaquio-se-utiliza-en-la-escenografia-de-una-opera-brasilena\/\" \/>\n<meta property=\"og:locale\" content=\"es_ES\" \/>\n<meta property=\"og:type\" content=\"article\" \/>\n<meta property=\"og:title\" content=\"Estampa de Padre Eust\u00e1quio \u00e9 usada em cen\u00e1rio de \u00d3pera brasileira\" \/>\n<meta property=\"og:description\" content=\"A estampa do Bem-aventurado Padre Eust\u00e1quio pode ser vista pelas pessoas que est\u00e3o prestigiando a \u00f3pera \u201cDevo\u00e7\u00e3o\u201d. A apresenta\u00e7\u00e3o, que fala um pouco sobre a devo\u00e7\u00e3o mineira, retrata a constru\u00e7\u00e3o do Santu\u00e1rio de Congonhas, e traz temas como sonhos, identidade mineira, o Ciclo do Ouro e a influ\u00eancia de imigrantes.\" \/>\n<meta property=\"og:url\" content=\"https:\/\/www.padreeustaquio.com.br\/es\/una-estampa-del-padre-eustaquio-se-utiliza-en-la-escenografia-de-una-opera-brasilena\/\" \/>\n<meta property=\"og:site_name\" content=\"Padre Eust\u00e1quio\" \/>\n<meta property=\"article:publisher\" content=\"https:\/\/www.facebook.com\/beatopadreeustaquio\/\" \/>\n<meta property=\"article:published_time\" content=\"2024-07-26T00:15:55+00:00\" \/>\n<meta property=\"og:image\" content=\"https:\/\/www.padreeustaquio.com.br\/wp-content\/uploads\/2024\/07\/opera-DEVOCAO.jpg\" \/>\n\t<meta property=\"og:image:width\" content=\"718\" \/>\n\t<meta property=\"og:image:height\" content=\"718\" \/>\n\t<meta property=\"og:image:type\" content=\"image\/jpeg\" \/>\n<meta name=\"author\" content=\"@sscc\" \/>\n<meta name=\"twitter:card\" content=\"summary_large_image\" \/>\n<meta name=\"twitter:creator\" content=\"@beatopeustaquio\" \/>\n<meta name=\"twitter:site\" content=\"@beatopeustaquio\" \/>\n<meta name=\"twitter:label1\" content=\"Escrito por\" \/>\n\t<meta name=\"twitter:data1\" content=\"@sscc\" \/>\n\t<meta name=\"twitter:label2\" content=\"Tiempo de lectura\" \/>\n\t<meta name=\"twitter:data2\" content=\"2 minutos\" \/>\n<script type=\"application\/ld+json\" class=\"yoast-schema-graph\">{\"@context\":\"https:\/\/schema.org\",\"@graph\":[{\"@type\":\"Article\",\"@id\":\"https:\/\/www.padreeustaquio.com.br\/estampa-de-padre-eustaquio-e-usada-em-cenario-de-opera-brasileira\/#article\",\"isPartOf\":{\"@id\":\"https:\/\/www.padreeustaquio.com.br\/estampa-de-padre-eustaquio-e-usada-em-cenario-de-opera-brasileira\/\"},\"author\":{\"name\":\"@sscc\",\"@id\":\"https:\/\/www.padreeustaquio.com.br\/#\/schema\/person\/a2a51db1d00f1a7af0204a0f1ddb1566\"},\"headline\":\"Estampa de Padre Eust\u00e1quio \u00e9 usada em cen\u00e1rio de \u00d3pera brasileira\",\"datePublished\":\"2024-07-26T00:15:55+00:00\",\"mainEntityOfPage\":{\"@id\":\"https:\/\/www.padreeustaquio.com.br\/estampa-de-padre-eustaquio-e-usada-em-cenario-de-opera-brasileira\/\"},\"wordCount\":299,\"commentCount\":0,\"publisher\":{\"@id\":\"https:\/\/www.padreeustaquio.com.br\/#organization\"},\"image\":{\"@id\":\"https:\/\/www.padreeustaquio.com.br\/estampa-de-padre-eustaquio-e-usada-em-cenario-de-opera-brasileira\/#primaryimage\"},\"thumbnailUrl\":\"https:\/\/www.padreeustaquio.com.br\/wp-content\/uploads\/2024\/07\/opera-DEVOCAO.jpg\",\"articleSection\":[\"Not\u00edcias\"],\"inLanguage\":\"es\",\"potentialAction\":[{\"@type\":\"CommentAction\",\"name\":\"Comment\",\"target\":[\"https:\/\/www.padreeustaquio.com.br\/estampa-de-padre-eustaquio-e-usada-em-cenario-de-opera-brasileira\/#respond\"]}]},{\"@type\":\"WebPage\",\"@id\":\"https:\/\/www.padreeustaquio.com.br\/estampa-de-padre-eustaquio-e-usada-em-cenario-de-opera-brasileira\/\",\"url\":\"https:\/\/www.padreeustaquio.com.br\/estampa-de-padre-eustaquio-e-usada-em-cenario-de-opera-brasileira\/\",\"name\":\"Estampa de Padre Eust\u00e1quio \u00e9 usada em cen\u00e1rio de \u00d3pera brasileira\",\"isPartOf\":{\"@id\":\"https:\/\/www.padreeustaquio.com.br\/#website\"},\"primaryImageOfPage\":{\"@id\":\"https:\/\/www.padreeustaquio.com.br\/estampa-de-padre-eustaquio-e-usada-em-cenario-de-opera-brasileira\/#primaryimage\"},\"image\":{\"@id\":\"https:\/\/www.padreeustaquio.com.br\/estampa-de-padre-eustaquio-e-usada-em-cenario-de-opera-brasileira\/#primaryimage\"},\"thumbnailUrl\":\"https:\/\/www.padreeustaquio.com.br\/wp-content\/uploads\/2024\/07\/opera-DEVOCAO.jpg\",\"datePublished\":\"2024-07-26T00:15:55+00:00\",\"description\":\"A estampa do Bem-aventurado Padre Eust\u00e1quio pode ser vista pelas pessoas que est\u00e3o prestigiando a \u00f3pera \u201cDevo\u00e7\u00e3o\u201d. A apresenta\u00e7\u00e3o, que fala um pouco sobre a devo\u00e7\u00e3o mineira, retrata a constru\u00e7\u00e3o do Santu\u00e1rio de Congonhas, e traz temas como sonhos, identidade mineira, o Ciclo do Ouro e a influ\u00eancia de imigrantes.\",\"breadcrumb\":{\"@id\":\"https:\/\/www.padreeustaquio.com.br\/estampa-de-padre-eustaquio-e-usada-em-cenario-de-opera-brasileira\/#breadcrumb\"},\"inLanguage\":\"es\",\"potentialAction\":[{\"@type\":\"ReadAction\",\"target\":[\"https:\/\/www.padreeustaquio.com.br\/estampa-de-padre-eustaquio-e-usada-em-cenario-de-opera-brasileira\/\"]}]},{\"@type\":\"ImageObject\",\"inLanguage\":\"es\",\"@id\":\"https:\/\/www.padreeustaquio.com.br\/estampa-de-padre-eustaquio-e-usada-em-cenario-de-opera-brasileira\/#primaryimage\",\"url\":\"https:\/\/www.padreeustaquio.com.br\/wp-content\/uploads\/2024\/07\/opera-DEVOCAO.jpg\",\"contentUrl\":\"https:\/\/www.padreeustaquio.com.br\/wp-content\/uploads\/2024\/07\/opera-DEVOCAO.jpg\",\"width\":718,\"height\":718},{\"@type\":\"BreadcrumbList\",\"@id\":\"https:\/\/www.padreeustaquio.com.br\/estampa-de-padre-eustaquio-e-usada-em-cenario-de-opera-brasileira\/#breadcrumb\",\"itemListElement\":[{\"@type\":\"ListItem\",\"position\":1,\"name\":\"In\u00edcio\",\"item\":\"https:\/\/www.padreeustaquio.com.br\/\"},{\"@type\":\"ListItem\",\"position\":2,\"name\":\"Estampa de Padre Eust\u00e1quio \u00e9 usada em cen\u00e1rio de \u00d3pera brasileira\"}]},{\"@type\":\"WebSite\",\"@id\":\"https:\/\/www.padreeustaquio.com.br\/#website\",\"url\":\"https:\/\/www.padreeustaquio.com.br\/\",\"name\":\"Padre Eust\u00e1quio\",\"description\":\"Sa\u00fade e Paz\",\"publisher\":{\"@id\":\"https:\/\/www.padreeustaquio.com.br\/#organization\"},\"potentialAction\":[{\"@type\":\"SearchAction\",\"target\":{\"@type\":\"EntryPoint\",\"urlTemplate\":\"https:\/\/www.padreeustaquio.com.br\/?s={search_term_string}\"},\"query-input\":{\"@type\":\"PropertyValueSpecification\",\"valueRequired\":true,\"valueName\":\"search_term_string\"}}],\"inLanguage\":\"es\"},{\"@type\":\"Organization\",\"@id\":\"https:\/\/www.padreeustaquio.com.br\/#organization\",\"name\":\"Padre Eust\u00e1quio\",\"url\":\"https:\/\/www.padreeustaquio.com.br\/\",\"logo\":{\"@type\":\"ImageObject\",\"inLanguage\":\"es\",\"@id\":\"https:\/\/www.padreeustaquio.com.br\/#\/schema\/logo\/image\/\",\"url\":\"https:\/\/www.padreeustaquio.com.br\/wp-content\/uploads\/2019\/08\/marca.png\",\"contentUrl\":\"https:\/\/www.padreeustaquio.com.br\/wp-content\/uploads\/2019\/08\/marca.png\",\"width\":350,\"height\":400,\"caption\":\"Padre Eust\u00e1quio\"},\"image\":{\"@id\":\"https:\/\/www.padreeustaquio.com.br\/#\/schema\/logo\/image\/\"},\"sameAs\":[\"https:\/\/www.facebook.com\/beatopadreeustaquio\/\",\"https:\/\/x.com\/beatopeustaquio\",\"https:\/\/www.instagram.com\/beatopadreeustaquio\/\",\"https:\/\/www.youtube.com\/channel\/UCRhw7vfabnajwLxb1ZXMeIw\"]},{\"@type\":\"Person\",\"@id\":\"https:\/\/www.padreeustaquio.com.br\/#\/schema\/person\/a2a51db1d00f1a7af0204a0f1ddb1566\",\"name\":\"@sscc\",\"image\":{\"@type\":\"ImageObject\",\"inLanguage\":\"es\",\"@id\":\"https:\/\/secure.gravatar.com\/avatar\/68cfafa5f44617fea54071e215026e0ff06be366c3d54a8425f04fdcb86f8c5f?s=96&d=mm&r=g\",\"url\":\"https:\/\/secure.gravatar.com\/avatar\/68cfafa5f44617fea54071e215026e0ff06be366c3d54a8425f04fdcb86f8c5f?s=96&d=mm&r=g\",\"contentUrl\":\"https:\/\/secure.gravatar.com\/avatar\/68cfafa5f44617fea54071e215026e0ff06be366c3d54a8425f04fdcb86f8c5f?s=96&d=mm&r=g\",\"caption\":\"@sscc\"},\"url\":\"https:\/\/www.padreeustaquio.com.br\/es\/author\/sscc\/\"}]}<\/script>\n<!-- \/ Yoast SEO plugin. -->","yoast_head_json":{"title":"Una estampa del Padre Eust\u00e1quio se utiliza en la escenograf\u00eda de una \u00f3pera brasile\u00f1a.","description":"La imagen del Beato Padre Eust\u00e1quio podr\u00e1 ser vista por los asistentes a la \u00f3pera &quot;Devoci\u00f3n&quot;. La obra, que refleja el esp\u00edritu devocional de Minas Gerais, retrata la construcci\u00f3n del Santuario de Congonhas y aborda temas como los sue\u00f1os, la identidad minera, el Ciclo del Oro y la influencia de los inmigrantes.","robots":{"index":"index","follow":"follow","max-snippet":"max-snippet:-1","max-image-preview":"max-image-preview:large","max-video-preview":"max-video-preview:-1"},"canonical":"https:\/\/www.padreeustaquio.com.br\/es\/una-estampa-del-padre-eustaquio-se-utiliza-en-la-escenografia-de-una-opera-brasilena\/","og_locale":"es_ES","og_type":"article","og_title":"Estampa de Padre Eust\u00e1quio \u00e9 usada em cen\u00e1rio de \u00d3pera brasileira","og_description":"A estampa do Bem-aventurado Padre Eust\u00e1quio pode ser vista pelas pessoas que est\u00e3o prestigiando a \u00f3pera \u201cDevo\u00e7\u00e3o\u201d. A apresenta\u00e7\u00e3o, que fala um pouco sobre a devo\u00e7\u00e3o mineira, retrata a constru\u00e7\u00e3o do Santu\u00e1rio de Congonhas, e traz temas como sonhos, identidade mineira, o Ciclo do Ouro e a influ\u00eancia de imigrantes.","og_url":"https:\/\/www.padreeustaquio.com.br\/es\/una-estampa-del-padre-eustaquio-se-utiliza-en-la-escenografia-de-una-opera-brasilena\/","og_site_name":"Padre Eust\u00e1quio","article_publisher":"https:\/\/www.facebook.com\/beatopadreeustaquio\/","article_published_time":"2024-07-26T00:15:55+00:00","og_image":[{"width":718,"height":718,"url":"https:\/\/www.padreeustaquio.com.br\/wp-content\/uploads\/2024\/07\/opera-DEVOCAO.jpg","type":"image\/jpeg"}],"author":"@sscc","twitter_card":"summary_large_image","twitter_creator":"@beatopeustaquio","twitter_site":"@beatopeustaquio","twitter_misc":{"Escrito por":"@sscc","Tiempo de lectura":"2 minutos"},"schema":{"@context":"https:\/\/schema.org","@graph":[{"@type":"Article","@id":"https:\/\/www.padreeustaquio.com.br\/estampa-de-padre-eustaquio-e-usada-em-cenario-de-opera-brasileira\/#article","isPartOf":{"@id":"https:\/\/www.padreeustaquio.com.br\/estampa-de-padre-eustaquio-e-usada-em-cenario-de-opera-brasileira\/"},"author":{"name":"@sscc","@id":"https:\/\/www.padreeustaquio.com.br\/#\/schema\/person\/a2a51db1d00f1a7af0204a0f1ddb1566"},"headline":"Estampa de Padre Eust\u00e1quio \u00e9 usada em cen\u00e1rio de \u00d3pera brasileira","datePublished":"2024-07-26T00:15:55+00:00","mainEntityOfPage":{"@id":"https:\/\/www.padreeustaquio.com.br\/estampa-de-padre-eustaquio-e-usada-em-cenario-de-opera-brasileira\/"},"wordCount":299,"commentCount":0,"publisher":{"@id":"https:\/\/www.padreeustaquio.com.br\/#organization"},"image":{"@id":"https:\/\/www.padreeustaquio.com.br\/estampa-de-padre-eustaquio-e-usada-em-cenario-de-opera-brasileira\/#primaryimage"},"thumbnailUrl":"https:\/\/www.padreeustaquio.com.br\/wp-content\/uploads\/2024\/07\/opera-DEVOCAO.jpg","articleSection":["Not\u00edcias"],"inLanguage":"es","potentialAction":[{"@type":"CommentAction","name":"Comment","target":["https:\/\/www.padreeustaquio.com.br\/estampa-de-padre-eustaquio-e-usada-em-cenario-de-opera-brasileira\/#respond"]}]},{"@type":"WebPage","@id":"https:\/\/www.padreeustaquio.com.br\/estampa-de-padre-eustaquio-e-usada-em-cenario-de-opera-brasileira\/","url":"https:\/\/www.padreeustaquio.com.br\/estampa-de-padre-eustaquio-e-usada-em-cenario-de-opera-brasileira\/","name":"Una estampa del Padre Eust\u00e1quio se utiliza en la escenograf\u00eda de una \u00f3pera brasile\u00f1a.","isPartOf":{"@id":"https:\/\/www.padreeustaquio.com.br\/#website"},"primaryImageOfPage":{"@id":"https:\/\/www.padreeustaquio.com.br\/estampa-de-padre-eustaquio-e-usada-em-cenario-de-opera-brasileira\/#primaryimage"},"image":{"@id":"https:\/\/www.padreeustaquio.com.br\/estampa-de-padre-eustaquio-e-usada-em-cenario-de-opera-brasileira\/#primaryimage"},"thumbnailUrl":"https:\/\/www.padreeustaquio.com.br\/wp-content\/uploads\/2024\/07\/opera-DEVOCAO.jpg","datePublished":"2024-07-26T00:15:55+00:00","description":"La imagen del Beato Padre Eust\u00e1quio podr\u00e1 ser vista por los asistentes a la \u00f3pera &quot;Devoci\u00f3n&quot;. La obra, que refleja el esp\u00edritu devocional de Minas Gerais, retrata la construcci\u00f3n del Santuario de Congonhas y aborda temas como los sue\u00f1os, la identidad minera, el Ciclo del Oro y la influencia de los inmigrantes.","breadcrumb":{"@id":"https:\/\/www.padreeustaquio.com.br\/estampa-de-padre-eustaquio-e-usada-em-cenario-de-opera-brasileira\/#breadcrumb"},"inLanguage":"es","potentialAction":[{"@type":"ReadAction","target":["https:\/\/www.padreeustaquio.com.br\/estampa-de-padre-eustaquio-e-usada-em-cenario-de-opera-brasileira\/"]}]},{"@type":"ImageObject","inLanguage":"es","@id":"https:\/\/www.padreeustaquio.com.br\/estampa-de-padre-eustaquio-e-usada-em-cenario-de-opera-brasileira\/#primaryimage","url":"https:\/\/www.padreeustaquio.com.br\/wp-content\/uploads\/2024\/07\/opera-DEVOCAO.jpg","contentUrl":"https:\/\/www.padreeustaquio.com.br\/wp-content\/uploads\/2024\/07\/opera-DEVOCAO.jpg","width":718,"height":718},{"@type":"BreadcrumbList","@id":"https:\/\/www.padreeustaquio.com.br\/estampa-de-padre-eustaquio-e-usada-em-cenario-de-opera-brasileira\/#breadcrumb","itemListElement":[{"@type":"ListItem","position":1,"name":"In\u00edcio","item":"https:\/\/www.padreeustaquio.com.br\/"},{"@type":"ListItem","position":2,"name":"Estampa de Padre Eust\u00e1quio \u00e9 usada em cen\u00e1rio de \u00d3pera brasileira"}]},{"@type":"WebSite","@id":"https:\/\/www.padreeustaquio.com.br\/#website","url":"https:\/\/www.padreeustaquio.com.br\/","name":"Padre Eustace","description":"Salud y Paz","publisher":{"@id":"https:\/\/www.padreeustaquio.com.br\/#organization"},"potentialAction":[{"@type":"SearchAction","target":{"@type":"EntryPoint","urlTemplate":"https:\/\/www.padreeustaquio.com.br\/?s={search_term_string}"},"query-input":{"@type":"PropertyValueSpecification","valueRequired":true,"valueName":"search_term_string"}}],"inLanguage":"es"},{"@type":"Organization","@id":"https:\/\/www.padreeustaquio.com.br\/#organization","name":"Padre Eustace","url":"https:\/\/www.padreeustaquio.com.br\/","logo":{"@type":"ImageObject","inLanguage":"es","@id":"https:\/\/www.padreeustaquio.com.br\/#\/schema\/logo\/image\/","url":"https:\/\/www.padreeustaquio.com.br\/wp-content\/uploads\/2019\/08\/marca.png","contentUrl":"https:\/\/www.padreeustaquio.com.br\/wp-content\/uploads\/2019\/08\/marca.png","width":350,"height":400,"caption":"Padre Eust\u00e1quio"},"image":{"@id":"https:\/\/www.padreeustaquio.com.br\/#\/schema\/logo\/image\/"},"sameAs":["https:\/\/www.facebook.com\/beatopadreeustaquio\/","https:\/\/x.com\/beatopeustaquio","https:\/\/www.instagram.com\/beatopadreeustaquio\/","https:\/\/www.youtube.com\/channel\/UCRhw7vfabnajwLxb1ZXMeIw"]},{"@type":"Person","@id":"https:\/\/www.padreeustaquio.com.br\/#\/schema\/person\/a2a51db1d00f1a7af0204a0f1ddb1566","name":"@sscc","image":{"@type":"ImageObject","inLanguage":"es","@id":"https:\/\/secure.gravatar.com\/avatar\/68cfafa5f44617fea54071e215026e0ff06be366c3d54a8425f04fdcb86f8c5f?s=96&d=mm&r=g","url":"https:\/\/secure.gravatar.com\/avatar\/68cfafa5f44617fea54071e215026e0ff06be366c3d54a8425f04fdcb86f8c5f?s=96&d=mm&r=g","contentUrl":"https:\/\/secure.gravatar.com\/avatar\/68cfafa5f44617fea54071e215026e0ff06be366c3d54a8425f04fdcb86f8c5f?s=96&d=mm&r=g","caption":"@sscc"},"url":"https:\/\/www.padreeustaquio.com.br\/es\/author\/sscc\/"}]}},"_links":{"self":[{"href":"https:\/\/www.padreeustaquio.com.br\/es\/wp-json\/wp\/v2\/posts\/11466","targetHints":{"allow":["GET"]}}],"collection":[{"href":"https:\/\/www.padreeustaquio.com.br\/es\/wp-json\/wp\/v2\/posts"}],"about":[{"href":"https:\/\/www.padreeustaquio.com.br\/es\/wp-json\/wp\/v2\/types\/post"}],"author":[{"embeddable":true,"href":"https:\/\/www.padreeustaquio.com.br\/es\/wp-json\/wp\/v2\/users\/2"}],"replies":[{"embeddable":true,"href":"https:\/\/www.padreeustaquio.com.br\/es\/wp-json\/wp\/v2\/comments?post=11466"}],"version-history":[{"count":0,"href":"https:\/\/www.padreeustaquio.com.br\/es\/wp-json\/wp\/v2\/posts\/11466\/revisions"}],"wp:featuredmedia":[{"embeddable":true,"href":"https:\/\/www.padreeustaquio.com.br\/es\/wp-json\/wp\/v2\/media\/11467"}],"wp:attachment":[{"href":"https:\/\/www.padreeustaquio.com.br\/es\/wp-json\/wp\/v2\/media?parent=11466"}],"wp:term":[{"taxonomy":"category","embeddable":true,"href":"https:\/\/www.padreeustaquio.com.br\/es\/wp-json\/wp\/v2\/categories?post=11466"},{"taxonomy":"post_tag","embeddable":true,"href":"https:\/\/www.padreeustaquio.com.br\/es\/wp-json\/wp\/v2\/tags?post=11466"}],"curies":[{"name":"wp","href":"https:\/\/api.w.org\/{rel}","templated":true}]}}