{"id":11458,"date":"2024-07-17T09:00:52","date_gmt":"2024-07-17T12:00:52","guid":{"rendered":"https:\/\/www.padreeustaquio.com.br\/?p=11458"},"modified":"2024-07-17T09:04:08","modified_gmt":"2024-07-17T12:04:08","slug":"el-padre-marlon-mucio-celebra-la-santa-misa-en-la-iglesia-del-padre-eustaquio-en-belo-horizonte","status":"publish","type":"post","link":"https:\/\/www.padreeustaquio.com.br\/es\/el-padre-marlon-mucio-celebra-la-santa-misa-en-la-iglesia-del-padre-eustaquio-en-belo-horizonte\/","title":{"rendered":"El padre M\u00e1rlon M\u00facio celebra la Santa Misa en la Iglesia del Padre Eust\u00e1quio, en Belo Horizonte."},"content":{"rendered":"<p style=\"font-size: 19.4286px;\"><img fetchpriority=\"high\" decoding=\"async\" class=\"size-medium wp-image-11461 alignleft\" style=\"font-size: 19.4286px;\" src=\"https:\/\/www.padreeustaquio.com.br\/wp-content\/uploads\/2024\/07\/Missa-padre-Marlon-3-300x225.jpeg\" alt=\"\" width=\"300\" height=\"225\" srcset=\"https:\/\/www.padreeustaquio.com.br\/wp-content\/uploads\/2024\/07\/Missa-padre-Marlon-3-300x225.jpeg 300w, https:\/\/www.padreeustaquio.com.br\/wp-content\/uploads\/2024\/07\/Missa-padre-Marlon-3-1024x768.jpeg 1024w, https:\/\/www.padreeustaquio.com.br\/wp-content\/uploads\/2024\/07\/Missa-padre-Marlon-3-768x576.jpeg 768w, https:\/\/www.padreeustaquio.com.br\/wp-content\/uploads\/2024\/07\/Missa-padre-Marlon-3-180x135.jpeg 180w, https:\/\/www.padreeustaquio.com.br\/wp-content\/uploads\/2024\/07\/Missa-padre-Marlon-3-400x300.jpeg 400w, https:\/\/www.padreeustaquio.com.br\/wp-content\/uploads\/2024\/07\/Missa-padre-Marlon-3-600x450.jpeg 600w, https:\/\/www.padreeustaquio.com.br\/wp-content\/uploads\/2024\/07\/Missa-padre-Marlon-3-800x600.jpeg 800w, https:\/\/www.padreeustaquio.com.br\/wp-content\/uploads\/2024\/07\/Missa-padre-Marlon-3-1200x900.jpeg 1200w, https:\/\/www.padreeustaquio.com.br\/wp-content\/uploads\/2024\/07\/Missa-padre-Marlon-3.jpeg 1280w\" sizes=\"(max-width: 300px) 100vw, 300px\" \/><\/p>\n<p>En que\u00a0<span style=\"font-size: 1.21429rem;\">Lunes<\/span><span style=\"font-size: 1.21429rem;\">El martes 15, el Padre M\u00e1rlon M\u00facio regres\u00f3 a celebrar la Santa Misa en el Santuario Arquidiocesano de Salud y Paz, Iglesia del Beato Padre Eust\u00e1quio, despu\u00e9s de cinco a\u00f1os. Este religioso es el fundador de la Comunidad Miss\u00e3o Sede Santos y del Hospital de Enfermedades Raras de Taubat\u00e9, S\u00e3o Paulo.<br \/>\n<img decoding=\"async\" class=\"size-medium wp-image-11462 alignright\" src=\"https:\/\/www.padreeustaquio.com.br\/wp-content\/uploads\/2024\/07\/Missa-padre-Marlon-1-300x225.jpeg\" alt=\"\" width=\"300\" height=\"225\" srcset=\"https:\/\/www.padreeustaquio.com.br\/wp-content\/uploads\/2024\/07\/Missa-padre-Marlon-1-300x225.jpeg 300w, https:\/\/www.padreeustaquio.com.br\/wp-content\/uploads\/2024\/07\/Missa-padre-Marlon-1-1024x768.jpeg 1024w, https:\/\/www.padreeustaquio.com.br\/wp-content\/uploads\/2024\/07\/Missa-padre-Marlon-1-768x576.jpeg 768w, https:\/\/www.padreeustaquio.com.br\/wp-content\/uploads\/2024\/07\/Missa-padre-Marlon-1-180x135.jpeg 180w, https:\/\/www.padreeustaquio.com.br\/wp-content\/uploads\/2024\/07\/Missa-padre-Marlon-1-400x300.jpeg 400w, https:\/\/www.padreeustaquio.com.br\/wp-content\/uploads\/2024\/07\/Missa-padre-Marlon-1-600x450.jpeg 600w, https:\/\/www.padreeustaquio.com.br\/wp-content\/uploads\/2024\/07\/Missa-padre-Marlon-1-800x600.jpeg 800w, https:\/\/www.padreeustaquio.com.br\/wp-content\/uploads\/2024\/07\/Missa-padre-Marlon-1-1200x900.jpeg 1200w, https:\/\/www.padreeustaquio.com.br\/wp-content\/uploads\/2024\/07\/Missa-padre-Marlon-1.jpeg 1280w\" sizes=\"(max-width: 300px) 100vw, 300px\" \/><br \/>\n<\/span>La celebraci\u00f3n fue concelebrada por el vicepostulador de la Causa de Canonizaci\u00f3n del Beato Padre Eust\u00e1quio, Padre Vin\u00edcius Maciel, SS.CC.<\/p>\n<p style=\"font-size: 19.4286px;\"><span style=\"font-size: 1.21429rem;\">El padre M\u00e1rlon M\u00facio es devoto del beato padre Eust\u00e1quio y le atribuye muchas gracias recibidas. <\/span>La Misa fue transmitida por el Canal Padre Eust\u00e1quio en YouTube. <a href=\"https:\/\/www.youtube.com\/watch?v=ydzvccZ5mFE\">HAGA CLIC AQU\u00cd<\/a> \u00danase a nosotros mientras revivimos este momento de celebraci\u00f3n y espiritualidad.<\/p>\n<div id=\"attachment_11463\" style=\"width: 253px\" class=\"wp-caption aligncenter\"><img decoding=\"async\" aria-describedby=\"caption-attachment-11463\" class=\"size-medium wp-image-11463\" src=\"https:\/\/www.padreeustaquio.com.br\/wp-content\/uploads\/2024\/07\/Missa-padre-Marlon-4-243x300.jpeg\" alt=\"\" width=\"243\" height=\"300\" srcset=\"https:\/\/www.padreeustaquio.com.br\/wp-content\/uploads\/2024\/07\/Missa-padre-Marlon-4-243x300.jpeg 243w, https:\/\/www.padreeustaquio.com.br\/wp-content\/uploads\/2024\/07\/Missa-padre-Marlon-4-830x1024.jpeg 830w, https:\/\/www.padreeustaquio.com.br\/wp-content\/uploads\/2024\/07\/Missa-padre-Marlon-4-768x947.jpeg 768w, https:\/\/www.padreeustaquio.com.br\/wp-content\/uploads\/2024\/07\/Missa-padre-Marlon-4.jpeg 1038w\" sizes=\"(max-width: 243px) 100vw, 243px\" \/><p id=\"caption-attachment-11463\" class=\"wp-caption-text\">De izquierda a derecha: el t\u00edo y la madre del padre Marlon, el padre Vinicius, el padre Marlon, el padre Edmar y el padre del sacerdote visitante.<\/p><\/div>","protected":false},"excerpt":{"rendered":"<p>Nessa\u00a0segunda-feira, dia 15, Padre M\u00e1rlon M\u00facio voltou a celebrar a Santa Missa no Santu\u00e1rio Arquidiocesano da Sa\u00fade e da Paz, Igreja do Beato Padre Eust\u00e1quio, depois de cinco anos. O religioso \u00e9 fundador da Comunidade Miss\u00e3o Sede Santos e do Hospital de Doen\u00e7a Raras em Taubat\u00e9 &#8211; SP. A celebra\u00e7\u00e3o foi concelebrada pelo vice-postulador da Causa de Canoniza\u00e7\u00e3o do Beato Padre Eust\u00e1quio, o padre Vin\u00edcius Maciel, SS.CC. Padre M\u00e1rlon M\u00facio \u00e9 devoto do Bem-aventurado Padre Eust\u00e1quio e, atribui a ele muitas gra\u00e7as alcan\u00e7adas. A Missa foi transmitida pelo Canal Padre Eust\u00e1quio, no YouTube. CLIQUE AQUI e acompanhe conosco como foi [&hellip;]<\/p>\n","protected":false},"author":2,"featured_media":11460,"comment_status":"open","ping_status":"closed","sticky":false,"template":"","format":"standard","meta":{"_acf_changed":false,"footnotes":""},"categories":[611],"tags":[],"class_list":["post-11458","post","type-post","status-publish","format-standard","has-post-thumbnail","hentry","category-noticias"],"acf":[],"yoast_head":"<!-- This site is optimized with the Yoast SEO plugin v27.2 - https:\/\/yoast.com\/product\/yoast-seo-wordpress\/ -->\n<title>Padre M\u00e1rlon M\u00facio celebra Santa Missa na Igreja do Padre Eust\u00e1quio, em BH<\/title>\n<meta name=\"description\" content=\"Nessa segunda-feira, dia 15, Padre M\u00e1rlon M\u00facio voltou a celebrar a Santa Missa no Santu\u00e1rio Arquidiocesano da Sa\u00fade e da Paz, Igreja do Beato Padre Eust\u00e1quio, depois de cinco anos. O religioso \u00e9 fundador da Comunidade Miss\u00e3o Sede Santos e do Hospital de Doen\u00e7a Raras em Taubat\u00e9 - SP.\" \/>\n<meta name=\"robots\" content=\"index, follow, max-snippet:-1, max-image-preview:large, max-video-preview:-1\" \/>\n<link rel=\"canonical\" href=\"https:\/\/www.padreeustaquio.com.br\/es\/el-padre-marlon-mucio-celebra-la-santa-misa-en-la-iglesia-del-padre-eustaquio-en-belo-horizonte\/\" \/>\n<meta property=\"og:locale\" content=\"es_ES\" \/>\n<meta property=\"og:type\" content=\"article\" \/>\n<meta property=\"og:title\" content=\"Padre M\u00e1rlon M\u00facio celebra Santa Missa na Igreja do Padre Eust\u00e1quio, em BH\" \/>\n<meta property=\"og:description\" content=\"Nessa segunda-feira, dia 15, Padre M\u00e1rlon M\u00facio voltou a celebrar a Santa Missa no Santu\u00e1rio Arquidiocesano da Sa\u00fade e da Paz, Igreja do Beato Padre Eust\u00e1quio, depois de cinco anos. O religioso \u00e9 fundador da Comunidade Miss\u00e3o Sede Santos e do Hospital de Doen\u00e7a Raras em Taubat\u00e9 - SP.\" \/>\n<meta property=\"og:url\" content=\"https:\/\/www.padreeustaquio.com.br\/es\/el-padre-marlon-mucio-celebra-la-santa-misa-en-la-iglesia-del-padre-eustaquio-en-belo-horizonte\/\" \/>\n<meta property=\"og:site_name\" content=\"Padre Eust\u00e1quio\" \/>\n<meta property=\"article:publisher\" content=\"https:\/\/www.facebook.com\/beatopadreeustaquio\/\" \/>\n<meta property=\"article:published_time\" content=\"2024-07-17T12:00:52+00:00\" \/>\n<meta property=\"article:modified_time\" content=\"2024-07-17T12:04:08+00:00\" \/>\n<meta property=\"og:image\" content=\"https:\/\/www.padreeustaquio.com.br\/wp-content\/uploads\/2024\/07\/Missa-padre-Marlon-2-e1721217835703.jpeg\" \/>\n\t<meta property=\"og:image:width\" content=\"1268\" \/>\n\t<meta property=\"og:image:height\" content=\"600\" \/>\n\t<meta property=\"og:image:type\" content=\"image\/jpeg\" \/>\n<meta name=\"author\" content=\"@sscc\" \/>\n<meta name=\"twitter:card\" content=\"summary_large_image\" \/>\n<meta name=\"twitter:creator\" content=\"@beatopeustaquio\" \/>\n<meta name=\"twitter:site\" content=\"@beatopeustaquio\" \/>\n<meta name=\"twitter:label1\" content=\"Escrito por\" \/>\n\t<meta name=\"twitter:data1\" content=\"@sscc\" \/>\n\t<meta name=\"twitter:label2\" content=\"Tiempo de lectura\" \/>\n\t<meta name=\"twitter:data2\" content=\"2 minutos\" \/>\n<script type=\"application\/ld+json\" class=\"yoast-schema-graph\">{\"@context\":\"https:\/\/schema.org\",\"@graph\":[{\"@type\":\"Article\",\"@id\":\"https:\/\/www.padreeustaquio.com.br\/padre-marlon-mucio-celebra-santa-missa-na-igreja-do-padre-eustaquio-em-bh\/#article\",\"isPartOf\":{\"@id\":\"https:\/\/www.padreeustaquio.com.br\/padre-marlon-mucio-celebra-santa-missa-na-igreja-do-padre-eustaquio-em-bh\/\"},\"author\":{\"name\":\"@sscc\",\"@id\":\"https:\/\/www.padreeustaquio.com.br\/#\/schema\/person\/a2a51db1d00f1a7af0204a0f1ddb1566\"},\"headline\":\"Padre M\u00e1rlon M\u00facio celebra Santa Missa na Igreja do Padre Eust\u00e1quio, em BH\",\"datePublished\":\"2024-07-17T12:00:52+00:00\",\"dateModified\":\"2024-07-17T12:04:08+00:00\",\"mainEntityOfPage\":{\"@id\":\"https:\/\/www.padreeustaquio.com.br\/padre-marlon-mucio-celebra-santa-missa-na-igreja-do-padre-eustaquio-em-bh\/\"},\"wordCount\":176,\"commentCount\":0,\"publisher\":{\"@id\":\"https:\/\/www.padreeustaquio.com.br\/#organization\"},\"image\":{\"@id\":\"https:\/\/www.padreeustaquio.com.br\/padre-marlon-mucio-celebra-santa-missa-na-igreja-do-padre-eustaquio-em-bh\/#primaryimage\"},\"thumbnailUrl\":\"https:\/\/www.padreeustaquio.com.br\/wp-content\/uploads\/2024\/07\/Missa-padre-Marlon-2-e1721217835703.jpeg\",\"articleSection\":[\"Not\u00edcias\"],\"inLanguage\":\"es\",\"potentialAction\":[{\"@type\":\"CommentAction\",\"name\":\"Comment\",\"target\":[\"https:\/\/www.padreeustaquio.com.br\/padre-marlon-mucio-celebra-santa-missa-na-igreja-do-padre-eustaquio-em-bh\/#respond\"]}]},{\"@type\":\"WebPage\",\"@id\":\"https:\/\/www.padreeustaquio.com.br\/padre-marlon-mucio-celebra-santa-missa-na-igreja-do-padre-eustaquio-em-bh\/\",\"url\":\"https:\/\/www.padreeustaquio.com.br\/padre-marlon-mucio-celebra-santa-missa-na-igreja-do-padre-eustaquio-em-bh\/\",\"name\":\"Padre M\u00e1rlon M\u00facio celebra Santa Missa na Igreja do Padre Eust\u00e1quio, em BH\",\"isPartOf\":{\"@id\":\"https:\/\/www.padreeustaquio.com.br\/#website\"},\"primaryImageOfPage\":{\"@id\":\"https:\/\/www.padreeustaquio.com.br\/padre-marlon-mucio-celebra-santa-missa-na-igreja-do-padre-eustaquio-em-bh\/#primaryimage\"},\"image\":{\"@id\":\"https:\/\/www.padreeustaquio.com.br\/padre-marlon-mucio-celebra-santa-missa-na-igreja-do-padre-eustaquio-em-bh\/#primaryimage\"},\"thumbnailUrl\":\"https:\/\/www.padreeustaquio.com.br\/wp-content\/uploads\/2024\/07\/Missa-padre-Marlon-2-e1721217835703.jpeg\",\"datePublished\":\"2024-07-17T12:00:52+00:00\",\"dateModified\":\"2024-07-17T12:04:08+00:00\",\"description\":\"Nessa segunda-feira, dia 15, Padre M\u00e1rlon M\u00facio voltou a celebrar a Santa Missa no Santu\u00e1rio Arquidiocesano da Sa\u00fade e da Paz, Igreja do Beato Padre Eust\u00e1quio, depois de cinco anos. O religioso \u00e9 fundador da Comunidade Miss\u00e3o Sede Santos e do Hospital de Doen\u00e7a Raras em Taubat\u00e9 - SP.\",\"breadcrumb\":{\"@id\":\"https:\/\/www.padreeustaquio.com.br\/padre-marlon-mucio-celebra-santa-missa-na-igreja-do-padre-eustaquio-em-bh\/#breadcrumb\"},\"inLanguage\":\"es\",\"potentialAction\":[{\"@type\":\"ReadAction\",\"target\":[\"https:\/\/www.padreeustaquio.com.br\/padre-marlon-mucio-celebra-santa-missa-na-igreja-do-padre-eustaquio-em-bh\/\"]}]},{\"@type\":\"ImageObject\",\"inLanguage\":\"es\",\"@id\":\"https:\/\/www.padreeustaquio.com.br\/padre-marlon-mucio-celebra-santa-missa-na-igreja-do-padre-eustaquio-em-bh\/#primaryimage\",\"url\":\"https:\/\/www.padreeustaquio.com.br\/wp-content\/uploads\/2024\/07\/Missa-padre-Marlon-2-e1721217835703.jpeg\",\"contentUrl\":\"https:\/\/www.padreeustaquio.com.br\/wp-content\/uploads\/2024\/07\/Missa-padre-Marlon-2-e1721217835703.jpeg\",\"width\":1268,\"height\":600},{\"@type\":\"BreadcrumbList\",\"@id\":\"https:\/\/www.padreeustaquio.com.br\/padre-marlon-mucio-celebra-santa-missa-na-igreja-do-padre-eustaquio-em-bh\/#breadcrumb\",\"itemListElement\":[{\"@type\":\"ListItem\",\"position\":1,\"name\":\"In\u00edcio\",\"item\":\"https:\/\/www.padreeustaquio.com.br\/\"},{\"@type\":\"ListItem\",\"position\":2,\"name\":\"Padre M\u00e1rlon M\u00facio celebra Santa Missa na Igreja do Padre Eust\u00e1quio, em BH\"}]},{\"@type\":\"WebSite\",\"@id\":\"https:\/\/www.padreeustaquio.com.br\/#website\",\"url\":\"https:\/\/www.padreeustaquio.com.br\/\",\"name\":\"Padre Eust\u00e1quio\",\"description\":\"Sa\u00fade e Paz\",\"publisher\":{\"@id\":\"https:\/\/www.padreeustaquio.com.br\/#organization\"},\"potentialAction\":[{\"@type\":\"SearchAction\",\"target\":{\"@type\":\"EntryPoint\",\"urlTemplate\":\"https:\/\/www.padreeustaquio.com.br\/?s={search_term_string}\"},\"query-input\":{\"@type\":\"PropertyValueSpecification\",\"valueRequired\":true,\"valueName\":\"search_term_string\"}}],\"inLanguage\":\"es\"},{\"@type\":\"Organization\",\"@id\":\"https:\/\/www.padreeustaquio.com.br\/#organization\",\"name\":\"Padre Eust\u00e1quio\",\"url\":\"https:\/\/www.padreeustaquio.com.br\/\",\"logo\":{\"@type\":\"ImageObject\",\"inLanguage\":\"es\",\"@id\":\"https:\/\/www.padreeustaquio.com.br\/#\/schema\/logo\/image\/\",\"url\":\"https:\/\/www.padreeustaquio.com.br\/wp-content\/uploads\/2019\/08\/marca.png\",\"contentUrl\":\"https:\/\/www.padreeustaquio.com.br\/wp-content\/uploads\/2019\/08\/marca.png\",\"width\":350,\"height\":400,\"caption\":\"Padre Eust\u00e1quio\"},\"image\":{\"@id\":\"https:\/\/www.padreeustaquio.com.br\/#\/schema\/logo\/image\/\"},\"sameAs\":[\"https:\/\/www.facebook.com\/beatopadreeustaquio\/\",\"https:\/\/x.com\/beatopeustaquio\",\"https:\/\/www.instagram.com\/beatopadreeustaquio\/\",\"https:\/\/www.youtube.com\/channel\/UCRhw7vfabnajwLxb1ZXMeIw\"]},{\"@type\":\"Person\",\"@id\":\"https:\/\/www.padreeustaquio.com.br\/#\/schema\/person\/a2a51db1d00f1a7af0204a0f1ddb1566\",\"name\":\"@sscc\",\"image\":{\"@type\":\"ImageObject\",\"inLanguage\":\"es\",\"@id\":\"https:\/\/secure.gravatar.com\/avatar\/68cfafa5f44617fea54071e215026e0ff06be366c3d54a8425f04fdcb86f8c5f?s=96&d=mm&r=g\",\"url\":\"https:\/\/secure.gravatar.com\/avatar\/68cfafa5f44617fea54071e215026e0ff06be366c3d54a8425f04fdcb86f8c5f?s=96&d=mm&r=g\",\"contentUrl\":\"https:\/\/secure.gravatar.com\/avatar\/68cfafa5f44617fea54071e215026e0ff06be366c3d54a8425f04fdcb86f8c5f?s=96&d=mm&r=g\",\"caption\":\"@sscc\"},\"url\":\"https:\/\/www.padreeustaquio.com.br\/es\/author\/sscc\/\"}]}<\/script>\n<!-- \/ Yoast SEO plugin. -->","yoast_head_json":{"title":"El padre M\u00e1rlon M\u00facio celebra la Santa Misa en la Iglesia del Padre Eust\u00e1quio, en Belo Horizonte.","description":"Este lunes 15, el Padre M\u00e1rlon M\u00facio regres\u00f3 a celebrar la Santa Misa en el Santuario Arquidiocesano de Salud y Paz, Iglesia del Beato Padre Eust\u00e1quio, despu\u00e9s de cinco a\u00f1os. Este religioso es el fundador de la Comunidad Miss\u00e3o Sede Santos y del Hospital de Enfermedades Raras de Taubat\u00e9, SP.","robots":{"index":"index","follow":"follow","max-snippet":"max-snippet:-1","max-image-preview":"max-image-preview:large","max-video-preview":"max-video-preview:-1"},"canonical":"https:\/\/www.padreeustaquio.com.br\/es\/el-padre-marlon-mucio-celebra-la-santa-misa-en-la-iglesia-del-padre-eustaquio-en-belo-horizonte\/","og_locale":"es_ES","og_type":"article","og_title":"Padre M\u00e1rlon M\u00facio celebra Santa Missa na Igreja do Padre Eust\u00e1quio, em BH","og_description":"Nessa segunda-feira, dia 15, Padre M\u00e1rlon M\u00facio voltou a celebrar a Santa Missa no Santu\u00e1rio Arquidiocesano da Sa\u00fade e da Paz, Igreja do Beato Padre Eust\u00e1quio, depois de cinco anos. O religioso \u00e9 fundador da Comunidade Miss\u00e3o Sede Santos e do Hospital de Doen\u00e7a Raras em Taubat\u00e9 - SP.","og_url":"https:\/\/www.padreeustaquio.com.br\/es\/el-padre-marlon-mucio-celebra-la-santa-misa-en-la-iglesia-del-padre-eustaquio-en-belo-horizonte\/","og_site_name":"Padre Eust\u00e1quio","article_publisher":"https:\/\/www.facebook.com\/beatopadreeustaquio\/","article_published_time":"2024-07-17T12:00:52+00:00","article_modified_time":"2024-07-17T12:04:08+00:00","og_image":[{"width":1268,"height":600,"url":"https:\/\/www.padreeustaquio.com.br\/wp-content\/uploads\/2024\/07\/Missa-padre-Marlon-2-e1721217835703.jpeg","type":"image\/jpeg"}],"author":"@sscc","twitter_card":"summary_large_image","twitter_creator":"@beatopeustaquio","twitter_site":"@beatopeustaquio","twitter_misc":{"Escrito por":"@sscc","Tiempo de lectura":"2 minutos"},"schema":{"@context":"https:\/\/schema.org","@graph":[{"@type":"Article","@id":"https:\/\/www.padreeustaquio.com.br\/padre-marlon-mucio-celebra-santa-missa-na-igreja-do-padre-eustaquio-em-bh\/#article","isPartOf":{"@id":"https:\/\/www.padreeustaquio.com.br\/padre-marlon-mucio-celebra-santa-missa-na-igreja-do-padre-eustaquio-em-bh\/"},"author":{"name":"@sscc","@id":"https:\/\/www.padreeustaquio.com.br\/#\/schema\/person\/a2a51db1d00f1a7af0204a0f1ddb1566"},"headline":"Padre M\u00e1rlon M\u00facio celebra Santa Missa na Igreja do Padre Eust\u00e1quio, em BH","datePublished":"2024-07-17T12:00:52+00:00","dateModified":"2024-07-17T12:04:08+00:00","mainEntityOfPage":{"@id":"https:\/\/www.padreeustaquio.com.br\/padre-marlon-mucio-celebra-santa-missa-na-igreja-do-padre-eustaquio-em-bh\/"},"wordCount":176,"commentCount":0,"publisher":{"@id":"https:\/\/www.padreeustaquio.com.br\/#organization"},"image":{"@id":"https:\/\/www.padreeustaquio.com.br\/padre-marlon-mucio-celebra-santa-missa-na-igreja-do-padre-eustaquio-em-bh\/#primaryimage"},"thumbnailUrl":"https:\/\/www.padreeustaquio.com.br\/wp-content\/uploads\/2024\/07\/Missa-padre-Marlon-2-e1721217835703.jpeg","articleSection":["Not\u00edcias"],"inLanguage":"es","potentialAction":[{"@type":"CommentAction","name":"Comment","target":["https:\/\/www.padreeustaquio.com.br\/padre-marlon-mucio-celebra-santa-missa-na-igreja-do-padre-eustaquio-em-bh\/#respond"]}]},{"@type":"WebPage","@id":"https:\/\/www.padreeustaquio.com.br\/padre-marlon-mucio-celebra-santa-missa-na-igreja-do-padre-eustaquio-em-bh\/","url":"https:\/\/www.padreeustaquio.com.br\/padre-marlon-mucio-celebra-santa-missa-na-igreja-do-padre-eustaquio-em-bh\/","name":"El padre M\u00e1rlon M\u00facio celebra la Santa Misa en la Iglesia del Padre Eust\u00e1quio, en Belo Horizonte.","isPartOf":{"@id":"https:\/\/www.padreeustaquio.com.br\/#website"},"primaryImageOfPage":{"@id":"https:\/\/www.padreeustaquio.com.br\/padre-marlon-mucio-celebra-santa-missa-na-igreja-do-padre-eustaquio-em-bh\/#primaryimage"},"image":{"@id":"https:\/\/www.padreeustaquio.com.br\/padre-marlon-mucio-celebra-santa-missa-na-igreja-do-padre-eustaquio-em-bh\/#primaryimage"},"thumbnailUrl":"https:\/\/www.padreeustaquio.com.br\/wp-content\/uploads\/2024\/07\/Missa-padre-Marlon-2-e1721217835703.jpeg","datePublished":"2024-07-17T12:00:52+00:00","dateModified":"2024-07-17T12:04:08+00:00","description":"Este lunes 15, el Padre M\u00e1rlon M\u00facio regres\u00f3 a celebrar la Santa Misa en el Santuario Arquidiocesano de Salud y Paz, Iglesia del Beato Padre Eust\u00e1quio, despu\u00e9s de cinco a\u00f1os. Este religioso es el fundador de la Comunidad Miss\u00e3o Sede Santos y del Hospital de Enfermedades Raras de Taubat\u00e9, SP.","breadcrumb":{"@id":"https:\/\/www.padreeustaquio.com.br\/padre-marlon-mucio-celebra-santa-missa-na-igreja-do-padre-eustaquio-em-bh\/#breadcrumb"},"inLanguage":"es","potentialAction":[{"@type":"ReadAction","target":["https:\/\/www.padreeustaquio.com.br\/padre-marlon-mucio-celebra-santa-missa-na-igreja-do-padre-eustaquio-em-bh\/"]}]},{"@type":"ImageObject","inLanguage":"es","@id":"https:\/\/www.padreeustaquio.com.br\/padre-marlon-mucio-celebra-santa-missa-na-igreja-do-padre-eustaquio-em-bh\/#primaryimage","url":"https:\/\/www.padreeustaquio.com.br\/wp-content\/uploads\/2024\/07\/Missa-padre-Marlon-2-e1721217835703.jpeg","contentUrl":"https:\/\/www.padreeustaquio.com.br\/wp-content\/uploads\/2024\/07\/Missa-padre-Marlon-2-e1721217835703.jpeg","width":1268,"height":600},{"@type":"BreadcrumbList","@id":"https:\/\/www.padreeustaquio.com.br\/padre-marlon-mucio-celebra-santa-missa-na-igreja-do-padre-eustaquio-em-bh\/#breadcrumb","itemListElement":[{"@type":"ListItem","position":1,"name":"In\u00edcio","item":"https:\/\/www.padreeustaquio.com.br\/"},{"@type":"ListItem","position":2,"name":"Padre M\u00e1rlon M\u00facio celebra Santa Missa na Igreja do Padre Eust\u00e1quio, em BH"}]},{"@type":"WebSite","@id":"https:\/\/www.padreeustaquio.com.br\/#website","url":"https:\/\/www.padreeustaquio.com.br\/","name":"Padre Eustace","description":"Salud y Paz","publisher":{"@id":"https:\/\/www.padreeustaquio.com.br\/#organization"},"potentialAction":[{"@type":"SearchAction","target":{"@type":"EntryPoint","urlTemplate":"https:\/\/www.padreeustaquio.com.br\/?s={search_term_string}"},"query-input":{"@type":"PropertyValueSpecification","valueRequired":true,"valueName":"search_term_string"}}],"inLanguage":"es"},{"@type":"Organization","@id":"https:\/\/www.padreeustaquio.com.br\/#organization","name":"Padre Eustace","url":"https:\/\/www.padreeustaquio.com.br\/","logo":{"@type":"ImageObject","inLanguage":"es","@id":"https:\/\/www.padreeustaquio.com.br\/#\/schema\/logo\/image\/","url":"https:\/\/www.padreeustaquio.com.br\/wp-content\/uploads\/2019\/08\/marca.png","contentUrl":"https:\/\/www.padreeustaquio.com.br\/wp-content\/uploads\/2019\/08\/marca.png","width":350,"height":400,"caption":"Padre Eust\u00e1quio"},"image":{"@id":"https:\/\/www.padreeustaquio.com.br\/#\/schema\/logo\/image\/"},"sameAs":["https:\/\/www.facebook.com\/beatopadreeustaquio\/","https:\/\/x.com\/beatopeustaquio","https:\/\/www.instagram.com\/beatopadreeustaquio\/","https:\/\/www.youtube.com\/channel\/UCRhw7vfabnajwLxb1ZXMeIw"]},{"@type":"Person","@id":"https:\/\/www.padreeustaquio.com.br\/#\/schema\/person\/a2a51db1d00f1a7af0204a0f1ddb1566","name":"@sscc","image":{"@type":"ImageObject","inLanguage":"es","@id":"https:\/\/secure.gravatar.com\/avatar\/68cfafa5f44617fea54071e215026e0ff06be366c3d54a8425f04fdcb86f8c5f?s=96&d=mm&r=g","url":"https:\/\/secure.gravatar.com\/avatar\/68cfafa5f44617fea54071e215026e0ff06be366c3d54a8425f04fdcb86f8c5f?s=96&d=mm&r=g","contentUrl":"https:\/\/secure.gravatar.com\/avatar\/68cfafa5f44617fea54071e215026e0ff06be366c3d54a8425f04fdcb86f8c5f?s=96&d=mm&r=g","caption":"@sscc"},"url":"https:\/\/www.padreeustaquio.com.br\/es\/author\/sscc\/"}]}},"_links":{"self":[{"href":"https:\/\/www.padreeustaquio.com.br\/es\/wp-json\/wp\/v2\/posts\/11458","targetHints":{"allow":["GET"]}}],"collection":[{"href":"https:\/\/www.padreeustaquio.com.br\/es\/wp-json\/wp\/v2\/posts"}],"about":[{"href":"https:\/\/www.padreeustaquio.com.br\/es\/wp-json\/wp\/v2\/types\/post"}],"author":[{"embeddable":true,"href":"https:\/\/www.padreeustaquio.com.br\/es\/wp-json\/wp\/v2\/users\/2"}],"replies":[{"embeddable":true,"href":"https:\/\/www.padreeustaquio.com.br\/es\/wp-json\/wp\/v2\/comments?post=11458"}],"version-history":[{"count":0,"href":"https:\/\/www.padreeustaquio.com.br\/es\/wp-json\/wp\/v2\/posts\/11458\/revisions"}],"wp:featuredmedia":[{"embeddable":true,"href":"https:\/\/www.padreeustaquio.com.br\/es\/wp-json\/wp\/v2\/media\/11460"}],"wp:attachment":[{"href":"https:\/\/www.padreeustaquio.com.br\/es\/wp-json\/wp\/v2\/media?parent=11458"}],"wp:term":[{"taxonomy":"category","embeddable":true,"href":"https:\/\/www.padreeustaquio.com.br\/es\/wp-json\/wp\/v2\/categories?post=11458"},{"taxonomy":"post_tag","embeddable":true,"href":"https:\/\/www.padreeustaquio.com.br\/es\/wp-json\/wp\/v2\/tags?post=11458"}],"curies":[{"name":"wp","href":"https:\/\/api.w.org\/{rel}","templated":true}]}}