{"id":11455,"date":"2024-07-15T08:44:13","date_gmt":"2024-07-15T11:44:13","guid":{"rendered":"https:\/\/www.padreeustaquio.com.br\/?p=11455"},"modified":"2024-07-15T08:44:13","modified_gmt":"2024-07-15T11:44:13","slug":"devotos-se-preparan-para-celebrar-el-centenario-de-la-llegada-del-padre-eustaquio-a-brasil","status":"publish","type":"post","link":"https:\/\/www.padreeustaquio.com.br\/es\/devotos-se-preparan-para-celebrar-el-centenario-de-la-llegada-del-padre-eustaquio-a-brasil\/","title":{"rendered":"Devotos se preparan para celebrar el centenario de la llegada del Padre Eust\u00e1quio a Brasil."},"content":{"rendered":"<p>Este a\u00f1o se celebra una celebraci\u00f3n significativa: el 99.\u00ba aniversario de la llegada del Padre Eust\u00e1quio a Brasil. En mayo de 1925, el sacerdote pis\u00f3 suelo brasile\u00f1o junto a los Padres Gil van den Boogaart y Matias van Rooy, trayendo consigo la misi\u00f3n y los valores de la Congregaci\u00f3n de los Sagrados Corazones.<\/p>\n<p>El Padre Eust\u00e1quio, junto con sus compa\u00f1eros, fue uno de los tres fundadores de la primera comunidad de la Congregaci\u00f3n de los Sagrados Corazones en Brasil, ubicada en Romaria, en la regi\u00f3n del Tri\u00e1ngulo Minero. La llegada de estos religiosos marc\u00f3 el inicio de un camino de fe y dedicaci\u00f3n que impactar\u00eda profundamente a las comunidades de la regi\u00f3n.<\/p>\n<p>En 1925, los primeros miembros de la orden religiosa de los Sagrados Corazones se establecieron en la entonces Di\u00f3cesis de Uberaba (hoy Arquidi\u00f3cesis). Con un compromiso inquebrantable, se dedicaron a difundir el mensaje de amor, esperanza y caridad, caracter\u00edsticas fundamentales de la Congregaci\u00f3n.<\/p>\n<p>El legado del Padre Eust\u00e1quio y sus compa\u00f1eros sigue vigente. Su presencia no solo consolid\u00f3 la fe cat\u00f3lica en la regi\u00f3n, sino que tambi\u00e9n foment\u00f3 una cultura de servicio y solidaridad que ha perdurado a lo largo de las d\u00e9cadas. Se fundaron iglesias, escuelas y obras sociales, reflejando el esp\u00edritu de la Congregaci\u00f3n de los Sagrados Corazones y fortaleciendo a las comunidades locales.<\/p>\n<p>En agosto de este a\u00f1o, los devotos iniciar\u00e1n el a\u00f1o jubilar del centenario de su llegada a Brasil. Al conmemorar esta fecha, tambi\u00e9n celebramos la rica historia y el legado espiritual que nos dej\u00f3. Es un momento para reflexionar sobre los valores de fe y dedicaci\u00f3n que siguen inspirando a generaciones.<\/p>","protected":false},"excerpt":{"rendered":"<p>Este ano marca uma celebra\u00e7\u00e3o significativa: os 99 anos da chegada de Padre Eust\u00e1quio ao Brasil. Em maio de 1925, o sacerdote desembarcou em solo brasileiro ao lado dos padres Gil van den Boogaart e Matias van Rooy, trazendo consigo a miss\u00e3o e os valores da Congrega\u00e7\u00e3o dos Sagrados Cora\u00e7\u00f5es. Padre Eust\u00e1quio, juntamente com seus companheiros, foi um dos tr\u00eas fundadores da primeira comunidade da Congrega\u00e7\u00e3o dos Sagrados Cora\u00e7\u00f5es no Brasil, localizada em Romaria, no Tri\u00e2ngulo Mineiro. A chegada desses religiosos marcou o in\u00edcio de uma jornada de f\u00e9 e dedica\u00e7\u00e3o, que iria impactar profundamente as comunidades da regi\u00e3o. Em [&hellip;]<\/p>\n","protected":false},"author":2,"featured_media":11456,"comment_status":"open","ping_status":"closed","sticky":false,"template":"","format":"standard","meta":{"_acf_changed":false,"footnotes":""},"categories":[611],"tags":[],"class_list":["post-11455","post","type-post","status-publish","format-standard","has-post-thumbnail","hentry","category-noticias"],"acf":[],"yoast_head":"<!-- This site is optimized with the Yoast SEO plugin v27.2 - https:\/\/yoast.com\/product\/yoast-seo-wordpress\/ -->\n<title>Devotos se preparam para comemorar o Centen\u00e1rio da chegada de Pe Eust\u00e1quio ao Brasil<\/title>\n<meta name=\"description\" content=\"Este ano marca uma celebra\u00e7\u00e3o significativa: os 99 anos da chegada de Padre Eust\u00e1quio ao Brasil. Em maio de 1925, o sacerdote desembarcou em solo brasileiro ao lado dos padres Gil van den Boogaart e Matias van Rooy, trazendo consigo a miss\u00e3o e os valores da Congrega\u00e7\u00e3o dos Sagrados Cora\u00e7\u00f5es.\" \/>\n<meta name=\"robots\" content=\"index, follow, max-snippet:-1, max-image-preview:large, max-video-preview:-1\" \/>\n<link rel=\"canonical\" href=\"https:\/\/www.padreeustaquio.com.br\/es\/devotos-se-preparan-para-celebrar-el-centenario-de-la-llegada-del-padre-eustaquio-a-brasil\/\" \/>\n<meta property=\"og:locale\" content=\"es_ES\" \/>\n<meta property=\"og:type\" content=\"article\" \/>\n<meta property=\"og:title\" content=\"Devotos se preparam para comemorar o Centen\u00e1rio da chegada de Pe Eust\u00e1quio ao Brasil\" \/>\n<meta property=\"og:description\" content=\"Este ano marca uma celebra\u00e7\u00e3o significativa: os 99 anos da chegada de Padre Eust\u00e1quio ao Brasil. Em maio de 1925, o sacerdote desembarcou em solo brasileiro ao lado dos padres Gil van den Boogaart e Matias van Rooy, trazendo consigo a miss\u00e3o e os valores da Congrega\u00e7\u00e3o dos Sagrados Cora\u00e7\u00f5es.\" \/>\n<meta property=\"og:url\" content=\"https:\/\/www.padreeustaquio.com.br\/es\/devotos-se-preparan-para-celebrar-el-centenario-de-la-llegada-del-padre-eustaquio-a-brasil\/\" \/>\n<meta property=\"og:site_name\" content=\"Padre Eust\u00e1quio\" \/>\n<meta property=\"article:publisher\" content=\"https:\/\/www.facebook.com\/beatopadreeustaquio\/\" \/>\n<meta property=\"article:published_time\" content=\"2024-07-15T11:44:13+00:00\" \/>\n<meta property=\"og:image\" content=\"https:\/\/www.padreeustaquio.com.br\/wp-content\/uploads\/2024\/07\/chegada-dos-3.jpg\" \/>\n\t<meta property=\"og:image:width\" content=\"748\" \/>\n\t<meta property=\"og:image:height\" content=\"394\" \/>\n\t<meta property=\"og:image:type\" content=\"image\/jpeg\" \/>\n<meta name=\"author\" content=\"@sscc\" \/>\n<meta name=\"twitter:card\" content=\"summary_large_image\" \/>\n<meta name=\"twitter:creator\" content=\"@beatopeustaquio\" \/>\n<meta name=\"twitter:site\" content=\"@beatopeustaquio\" \/>\n<meta name=\"twitter:label1\" content=\"Escrito por\" \/>\n\t<meta name=\"twitter:data1\" content=\"@sscc\" \/>\n\t<meta name=\"twitter:label2\" content=\"Tiempo de lectura\" \/>\n\t<meta name=\"twitter:data2\" content=\"2 minutos\" \/>\n<script type=\"application\/ld+json\" class=\"yoast-schema-graph\">{\"@context\":\"https:\/\/schema.org\",\"@graph\":[{\"@type\":\"Article\",\"@id\":\"https:\/\/www.padreeustaquio.com.br\/devotos-se-preparam-para-comemorar-o-centenario-da-chegada-de-pe-eustaquio-ao-brasil\/#article\",\"isPartOf\":{\"@id\":\"https:\/\/www.padreeustaquio.com.br\/devotos-se-preparam-para-comemorar-o-centenario-da-chegada-de-pe-eustaquio-ao-brasil\/\"},\"author\":{\"name\":\"@sscc\",\"@id\":\"https:\/\/www.padreeustaquio.com.br\/#\/schema\/person\/a2a51db1d00f1a7af0204a0f1ddb1566\"},\"headline\":\"Devotos se preparam para comemorar o Centen\u00e1rio da chegada de Pe Eust\u00e1quio ao Brasil\",\"datePublished\":\"2024-07-15T11:44:13+00:00\",\"mainEntityOfPage\":{\"@id\":\"https:\/\/www.padreeustaquio.com.br\/devotos-se-preparam-para-comemorar-o-centenario-da-chegada-de-pe-eustaquio-ao-brasil\/\"},\"wordCount\":293,\"commentCount\":0,\"publisher\":{\"@id\":\"https:\/\/www.padreeustaquio.com.br\/#organization\"},\"image\":{\"@id\":\"https:\/\/www.padreeustaquio.com.br\/devotos-se-preparam-para-comemorar-o-centenario-da-chegada-de-pe-eustaquio-ao-brasil\/#primaryimage\"},\"thumbnailUrl\":\"https:\/\/www.padreeustaquio.com.br\/wp-content\/uploads\/2024\/07\/chegada-dos-3.jpg\",\"articleSection\":[\"Not\u00edcias\"],\"inLanguage\":\"es\",\"potentialAction\":[{\"@type\":\"CommentAction\",\"name\":\"Comment\",\"target\":[\"https:\/\/www.padreeustaquio.com.br\/devotos-se-preparam-para-comemorar-o-centenario-da-chegada-de-pe-eustaquio-ao-brasil\/#respond\"]}]},{\"@type\":\"WebPage\",\"@id\":\"https:\/\/www.padreeustaquio.com.br\/devotos-se-preparam-para-comemorar-o-centenario-da-chegada-de-pe-eustaquio-ao-brasil\/\",\"url\":\"https:\/\/www.padreeustaquio.com.br\/devotos-se-preparam-para-comemorar-o-centenario-da-chegada-de-pe-eustaquio-ao-brasil\/\",\"name\":\"Devotos se preparam para comemorar o Centen\u00e1rio da chegada de Pe Eust\u00e1quio ao Brasil\",\"isPartOf\":{\"@id\":\"https:\/\/www.padreeustaquio.com.br\/#website\"},\"primaryImageOfPage\":{\"@id\":\"https:\/\/www.padreeustaquio.com.br\/devotos-se-preparam-para-comemorar-o-centenario-da-chegada-de-pe-eustaquio-ao-brasil\/#primaryimage\"},\"image\":{\"@id\":\"https:\/\/www.padreeustaquio.com.br\/devotos-se-preparam-para-comemorar-o-centenario-da-chegada-de-pe-eustaquio-ao-brasil\/#primaryimage\"},\"thumbnailUrl\":\"https:\/\/www.padreeustaquio.com.br\/wp-content\/uploads\/2024\/07\/chegada-dos-3.jpg\",\"datePublished\":\"2024-07-15T11:44:13+00:00\",\"description\":\"Este ano marca uma celebra\u00e7\u00e3o significativa: os 99 anos da chegada de Padre Eust\u00e1quio ao Brasil. Em maio de 1925, o sacerdote desembarcou em solo brasileiro ao lado dos padres Gil van den Boogaart e Matias van Rooy, trazendo consigo a miss\u00e3o e os valores da Congrega\u00e7\u00e3o dos Sagrados Cora\u00e7\u00f5es.\",\"breadcrumb\":{\"@id\":\"https:\/\/www.padreeustaquio.com.br\/devotos-se-preparam-para-comemorar-o-centenario-da-chegada-de-pe-eustaquio-ao-brasil\/#breadcrumb\"},\"inLanguage\":\"es\",\"potentialAction\":[{\"@type\":\"ReadAction\",\"target\":[\"https:\/\/www.padreeustaquio.com.br\/devotos-se-preparam-para-comemorar-o-centenario-da-chegada-de-pe-eustaquio-ao-brasil\/\"]}]},{\"@type\":\"ImageObject\",\"inLanguage\":\"es\",\"@id\":\"https:\/\/www.padreeustaquio.com.br\/devotos-se-preparam-para-comemorar-o-centenario-da-chegada-de-pe-eustaquio-ao-brasil\/#primaryimage\",\"url\":\"https:\/\/www.padreeustaquio.com.br\/wp-content\/uploads\/2024\/07\/chegada-dos-3.jpg\",\"contentUrl\":\"https:\/\/www.padreeustaquio.com.br\/wp-content\/uploads\/2024\/07\/chegada-dos-3.jpg\",\"width\":748,\"height\":394},{\"@type\":\"BreadcrumbList\",\"@id\":\"https:\/\/www.padreeustaquio.com.br\/devotos-se-preparam-para-comemorar-o-centenario-da-chegada-de-pe-eustaquio-ao-brasil\/#breadcrumb\",\"itemListElement\":[{\"@type\":\"ListItem\",\"position\":1,\"name\":\"In\u00edcio\",\"item\":\"https:\/\/www.padreeustaquio.com.br\/\"},{\"@type\":\"ListItem\",\"position\":2,\"name\":\"Devotos se preparam para comemorar o Centen\u00e1rio da chegada de Pe Eust\u00e1quio ao Brasil\"}]},{\"@type\":\"WebSite\",\"@id\":\"https:\/\/www.padreeustaquio.com.br\/#website\",\"url\":\"https:\/\/www.padreeustaquio.com.br\/\",\"name\":\"Padre Eust\u00e1quio\",\"description\":\"Sa\u00fade e Paz\",\"publisher\":{\"@id\":\"https:\/\/www.padreeustaquio.com.br\/#organization\"},\"potentialAction\":[{\"@type\":\"SearchAction\",\"target\":{\"@type\":\"EntryPoint\",\"urlTemplate\":\"https:\/\/www.padreeustaquio.com.br\/?s={search_term_string}\"},\"query-input\":{\"@type\":\"PropertyValueSpecification\",\"valueRequired\":true,\"valueName\":\"search_term_string\"}}],\"inLanguage\":\"es\"},{\"@type\":\"Organization\",\"@id\":\"https:\/\/www.padreeustaquio.com.br\/#organization\",\"name\":\"Padre Eust\u00e1quio\",\"url\":\"https:\/\/www.padreeustaquio.com.br\/\",\"logo\":{\"@type\":\"ImageObject\",\"inLanguage\":\"es\",\"@id\":\"https:\/\/www.padreeustaquio.com.br\/#\/schema\/logo\/image\/\",\"url\":\"https:\/\/www.padreeustaquio.com.br\/wp-content\/uploads\/2019\/08\/marca.png\",\"contentUrl\":\"https:\/\/www.padreeustaquio.com.br\/wp-content\/uploads\/2019\/08\/marca.png\",\"width\":350,\"height\":400,\"caption\":\"Padre Eust\u00e1quio\"},\"image\":{\"@id\":\"https:\/\/www.padreeustaquio.com.br\/#\/schema\/logo\/image\/\"},\"sameAs\":[\"https:\/\/www.facebook.com\/beatopadreeustaquio\/\",\"https:\/\/x.com\/beatopeustaquio\",\"https:\/\/www.instagram.com\/beatopadreeustaquio\/\",\"https:\/\/www.youtube.com\/channel\/UCRhw7vfabnajwLxb1ZXMeIw\"]},{\"@type\":\"Person\",\"@id\":\"https:\/\/www.padreeustaquio.com.br\/#\/schema\/person\/a2a51db1d00f1a7af0204a0f1ddb1566\",\"name\":\"@sscc\",\"image\":{\"@type\":\"ImageObject\",\"inLanguage\":\"es\",\"@id\":\"https:\/\/secure.gravatar.com\/avatar\/68cfafa5f44617fea54071e215026e0ff06be366c3d54a8425f04fdcb86f8c5f?s=96&d=mm&r=g\",\"url\":\"https:\/\/secure.gravatar.com\/avatar\/68cfafa5f44617fea54071e215026e0ff06be366c3d54a8425f04fdcb86f8c5f?s=96&d=mm&r=g\",\"contentUrl\":\"https:\/\/secure.gravatar.com\/avatar\/68cfafa5f44617fea54071e215026e0ff06be366c3d54a8425f04fdcb86f8c5f?s=96&d=mm&r=g\",\"caption\":\"@sscc\"},\"url\":\"https:\/\/www.padreeustaquio.com.br\/es\/author\/sscc\/\"}]}<\/script>\n<!-- \/ Yoast SEO plugin. -->","yoast_head_json":{"title":"Devotos se preparan para celebrar el centenario de la llegada del Padre Eust\u00e1quio a Brasil.","description":"Este a\u00f1o se celebra una celebraci\u00f3n significativa: el 99.\u00ba aniversario de la llegada del Padre Eust\u00e1quio a Brasil. En mayo de 1925, el sacerdote pis\u00f3 suelo brasile\u00f1o junto a los Padres Gil van den Boogaart y Matias van Rooy, trayendo consigo la misi\u00f3n y los valores de la Congregaci\u00f3n de los Sagrados Corazones.","robots":{"index":"index","follow":"follow","max-snippet":"max-snippet:-1","max-image-preview":"max-image-preview:large","max-video-preview":"max-video-preview:-1"},"canonical":"https:\/\/www.padreeustaquio.com.br\/es\/devotos-se-preparan-para-celebrar-el-centenario-de-la-llegada-del-padre-eustaquio-a-brasil\/","og_locale":"es_ES","og_type":"article","og_title":"Devotos se preparam para comemorar o Centen\u00e1rio da chegada de Pe Eust\u00e1quio ao Brasil","og_description":"Este ano marca uma celebra\u00e7\u00e3o significativa: os 99 anos da chegada de Padre Eust\u00e1quio ao Brasil. Em maio de 1925, o sacerdote desembarcou em solo brasileiro ao lado dos padres Gil van den Boogaart e Matias van Rooy, trazendo consigo a miss\u00e3o e os valores da Congrega\u00e7\u00e3o dos Sagrados Cora\u00e7\u00f5es.","og_url":"https:\/\/www.padreeustaquio.com.br\/es\/devotos-se-preparan-para-celebrar-el-centenario-de-la-llegada-del-padre-eustaquio-a-brasil\/","og_site_name":"Padre Eust\u00e1quio","article_publisher":"https:\/\/www.facebook.com\/beatopadreeustaquio\/","article_published_time":"2024-07-15T11:44:13+00:00","og_image":[{"width":748,"height":394,"url":"https:\/\/www.padreeustaquio.com.br\/wp-content\/uploads\/2024\/07\/chegada-dos-3.jpg","type":"image\/jpeg"}],"author":"@sscc","twitter_card":"summary_large_image","twitter_creator":"@beatopeustaquio","twitter_site":"@beatopeustaquio","twitter_misc":{"Escrito por":"@sscc","Tiempo de lectura":"2 minutos"},"schema":{"@context":"https:\/\/schema.org","@graph":[{"@type":"Article","@id":"https:\/\/www.padreeustaquio.com.br\/devotos-se-preparam-para-comemorar-o-centenario-da-chegada-de-pe-eustaquio-ao-brasil\/#article","isPartOf":{"@id":"https:\/\/www.padreeustaquio.com.br\/devotos-se-preparam-para-comemorar-o-centenario-da-chegada-de-pe-eustaquio-ao-brasil\/"},"author":{"name":"@sscc","@id":"https:\/\/www.padreeustaquio.com.br\/#\/schema\/person\/a2a51db1d00f1a7af0204a0f1ddb1566"},"headline":"Devotos se preparam para comemorar o Centen\u00e1rio da chegada de Pe Eust\u00e1quio ao Brasil","datePublished":"2024-07-15T11:44:13+00:00","mainEntityOfPage":{"@id":"https:\/\/www.padreeustaquio.com.br\/devotos-se-preparam-para-comemorar-o-centenario-da-chegada-de-pe-eustaquio-ao-brasil\/"},"wordCount":293,"commentCount":0,"publisher":{"@id":"https:\/\/www.padreeustaquio.com.br\/#organization"},"image":{"@id":"https:\/\/www.padreeustaquio.com.br\/devotos-se-preparam-para-comemorar-o-centenario-da-chegada-de-pe-eustaquio-ao-brasil\/#primaryimage"},"thumbnailUrl":"https:\/\/www.padreeustaquio.com.br\/wp-content\/uploads\/2024\/07\/chegada-dos-3.jpg","articleSection":["Not\u00edcias"],"inLanguage":"es","potentialAction":[{"@type":"CommentAction","name":"Comment","target":["https:\/\/www.padreeustaquio.com.br\/devotos-se-preparam-para-comemorar-o-centenario-da-chegada-de-pe-eustaquio-ao-brasil\/#respond"]}]},{"@type":"WebPage","@id":"https:\/\/www.padreeustaquio.com.br\/devotos-se-preparam-para-comemorar-o-centenario-da-chegada-de-pe-eustaquio-ao-brasil\/","url":"https:\/\/www.padreeustaquio.com.br\/devotos-se-preparam-para-comemorar-o-centenario-da-chegada-de-pe-eustaquio-ao-brasil\/","name":"Devotos se preparan para celebrar el centenario de la llegada del Padre Eust\u00e1quio a Brasil.","isPartOf":{"@id":"https:\/\/www.padreeustaquio.com.br\/#website"},"primaryImageOfPage":{"@id":"https:\/\/www.padreeustaquio.com.br\/devotos-se-preparam-para-comemorar-o-centenario-da-chegada-de-pe-eustaquio-ao-brasil\/#primaryimage"},"image":{"@id":"https:\/\/www.padreeustaquio.com.br\/devotos-se-preparam-para-comemorar-o-centenario-da-chegada-de-pe-eustaquio-ao-brasil\/#primaryimage"},"thumbnailUrl":"https:\/\/www.padreeustaquio.com.br\/wp-content\/uploads\/2024\/07\/chegada-dos-3.jpg","datePublished":"2024-07-15T11:44:13+00:00","description":"Este a\u00f1o se celebra una celebraci\u00f3n significativa: el 99.\u00ba aniversario de la llegada del Padre Eust\u00e1quio a Brasil. En mayo de 1925, el sacerdote pis\u00f3 suelo brasile\u00f1o junto a los Padres Gil van den Boogaart y Matias van Rooy, trayendo consigo la misi\u00f3n y los valores de la Congregaci\u00f3n de los Sagrados Corazones.","breadcrumb":{"@id":"https:\/\/www.padreeustaquio.com.br\/devotos-se-preparam-para-comemorar-o-centenario-da-chegada-de-pe-eustaquio-ao-brasil\/#breadcrumb"},"inLanguage":"es","potentialAction":[{"@type":"ReadAction","target":["https:\/\/www.padreeustaquio.com.br\/devotos-se-preparam-para-comemorar-o-centenario-da-chegada-de-pe-eustaquio-ao-brasil\/"]}]},{"@type":"ImageObject","inLanguage":"es","@id":"https:\/\/www.padreeustaquio.com.br\/devotos-se-preparam-para-comemorar-o-centenario-da-chegada-de-pe-eustaquio-ao-brasil\/#primaryimage","url":"https:\/\/www.padreeustaquio.com.br\/wp-content\/uploads\/2024\/07\/chegada-dos-3.jpg","contentUrl":"https:\/\/www.padreeustaquio.com.br\/wp-content\/uploads\/2024\/07\/chegada-dos-3.jpg","width":748,"height":394},{"@type":"BreadcrumbList","@id":"https:\/\/www.padreeustaquio.com.br\/devotos-se-preparam-para-comemorar-o-centenario-da-chegada-de-pe-eustaquio-ao-brasil\/#breadcrumb","itemListElement":[{"@type":"ListItem","position":1,"name":"In\u00edcio","item":"https:\/\/www.padreeustaquio.com.br\/"},{"@type":"ListItem","position":2,"name":"Devotos se preparam para comemorar o Centen\u00e1rio da chegada de Pe Eust\u00e1quio ao Brasil"}]},{"@type":"WebSite","@id":"https:\/\/www.padreeustaquio.com.br\/#website","url":"https:\/\/www.padreeustaquio.com.br\/","name":"Padre Eustace","description":"Salud y Paz","publisher":{"@id":"https:\/\/www.padreeustaquio.com.br\/#organization"},"potentialAction":[{"@type":"SearchAction","target":{"@type":"EntryPoint","urlTemplate":"https:\/\/www.padreeustaquio.com.br\/?s={search_term_string}"},"query-input":{"@type":"PropertyValueSpecification","valueRequired":true,"valueName":"search_term_string"}}],"inLanguage":"es"},{"@type":"Organization","@id":"https:\/\/www.padreeustaquio.com.br\/#organization","name":"Padre Eustace","url":"https:\/\/www.padreeustaquio.com.br\/","logo":{"@type":"ImageObject","inLanguage":"es","@id":"https:\/\/www.padreeustaquio.com.br\/#\/schema\/logo\/image\/","url":"https:\/\/www.padreeustaquio.com.br\/wp-content\/uploads\/2019\/08\/marca.png","contentUrl":"https:\/\/www.padreeustaquio.com.br\/wp-content\/uploads\/2019\/08\/marca.png","width":350,"height":400,"caption":"Padre Eust\u00e1quio"},"image":{"@id":"https:\/\/www.padreeustaquio.com.br\/#\/schema\/logo\/image\/"},"sameAs":["https:\/\/www.facebook.com\/beatopadreeustaquio\/","https:\/\/x.com\/beatopeustaquio","https:\/\/www.instagram.com\/beatopadreeustaquio\/","https:\/\/www.youtube.com\/channel\/UCRhw7vfabnajwLxb1ZXMeIw"]},{"@type":"Person","@id":"https:\/\/www.padreeustaquio.com.br\/#\/schema\/person\/a2a51db1d00f1a7af0204a0f1ddb1566","name":"@sscc","image":{"@type":"ImageObject","inLanguage":"es","@id":"https:\/\/secure.gravatar.com\/avatar\/68cfafa5f44617fea54071e215026e0ff06be366c3d54a8425f04fdcb86f8c5f?s=96&d=mm&r=g","url":"https:\/\/secure.gravatar.com\/avatar\/68cfafa5f44617fea54071e215026e0ff06be366c3d54a8425f04fdcb86f8c5f?s=96&d=mm&r=g","contentUrl":"https:\/\/secure.gravatar.com\/avatar\/68cfafa5f44617fea54071e215026e0ff06be366c3d54a8425f04fdcb86f8c5f?s=96&d=mm&r=g","caption":"@sscc"},"url":"https:\/\/www.padreeustaquio.com.br\/es\/author\/sscc\/"}]}},"_links":{"self":[{"href":"https:\/\/www.padreeustaquio.com.br\/es\/wp-json\/wp\/v2\/posts\/11455","targetHints":{"allow":["GET"]}}],"collection":[{"href":"https:\/\/www.padreeustaquio.com.br\/es\/wp-json\/wp\/v2\/posts"}],"about":[{"href":"https:\/\/www.padreeustaquio.com.br\/es\/wp-json\/wp\/v2\/types\/post"}],"author":[{"embeddable":true,"href":"https:\/\/www.padreeustaquio.com.br\/es\/wp-json\/wp\/v2\/users\/2"}],"replies":[{"embeddable":true,"href":"https:\/\/www.padreeustaquio.com.br\/es\/wp-json\/wp\/v2\/comments?post=11455"}],"version-history":[{"count":0,"href":"https:\/\/www.padreeustaquio.com.br\/es\/wp-json\/wp\/v2\/posts\/11455\/revisions"}],"wp:featuredmedia":[{"embeddable":true,"href":"https:\/\/www.padreeustaquio.com.br\/es\/wp-json\/wp\/v2\/media\/11456"}],"wp:attachment":[{"href":"https:\/\/www.padreeustaquio.com.br\/es\/wp-json\/wp\/v2\/media?parent=11455"}],"wp:term":[{"taxonomy":"category","embeddable":true,"href":"https:\/\/www.padreeustaquio.com.br\/es\/wp-json\/wp\/v2\/categories?post=11455"},{"taxonomy":"post_tag","embeddable":true,"href":"https:\/\/www.padreeustaquio.com.br\/es\/wp-json\/wp\/v2\/tags?post=11455"}],"curies":[{"name":"wp","href":"https:\/\/api.w.org\/{rel}","templated":true}]}}