{"id":11437,"date":"2024-07-09T08:34:45","date_gmt":"2024-07-09T11:34:45","guid":{"rendered":"https:\/\/www.padreeustaquio.com.br\/?p=11437"},"modified":"2024-07-09T08:34:45","modified_gmt":"2024-07-09T11:34:45","slug":"el-padre-vanildo-ss-cc-fue-ordenado-en-una-ceremonia-en-el-espiritu-santo","status":"publish","type":"post","link":"https:\/\/www.padreeustaquio.com.br\/es\/el-padre-vanildo-ss-cc-fue-ordenado-en-una-ceremonia-en-el-espiritu-santo\/","title":{"rendered":"El Padre Vanildo, SS.CC, es ordenado sacerdote en ceremonia en Esp\u00edrito Santo."},"content":{"rendered":"<p>El nuevo sacerdote de la Congregaci\u00f3n de los Sagrados Corazones fue ordenado el fin de semana pasado. La celebraci\u00f3n eucar\u00edstica con el rito de ordenaci\u00f3n se celebr\u00f3 este domingo 7 de julio en la Comunidad de S\u00e3o Miguel Arcanjo en Guarapari, Esp\u00edrito Santo.<\/p>\n<p><img fetchpriority=\"high\" decoding=\"async\" class=\"wp-image-11438 alignleft\" src=\"https:\/\/www.padreeustaquio.com.br\/wp-content\/uploads\/2024\/07\/449957991_458693710429811_1541038272966810440_n-300x300.jpg\" alt=\"\" width=\"257\" height=\"257\" srcset=\"https:\/\/www.padreeustaquio.com.br\/wp-content\/uploads\/2024\/07\/449957991_458693710429811_1541038272966810440_n-300x300.jpg 300w, https:\/\/www.padreeustaquio.com.br\/wp-content\/uploads\/2024\/07\/449957991_458693710429811_1541038272966810440_n-150x150.jpg 150w, https:\/\/www.padreeustaquio.com.br\/wp-content\/uploads\/2024\/07\/449957991_458693710429811_1541038272966810440_n-75x75.jpg 75w, https:\/\/www.padreeustaquio.com.br\/wp-content\/uploads\/2024\/07\/449957991_458693710429811_1541038272966810440_n-180x180.jpg 180w, https:\/\/www.padreeustaquio.com.br\/wp-content\/uploads\/2024\/07\/449957991_458693710429811_1541038272966810440_n-400x400.jpg 400w, https:\/\/www.padreeustaquio.com.br\/wp-content\/uploads\/2024\/07\/449957991_458693710429811_1541038272966810440_n-600x600.jpg 600w, https:\/\/www.padreeustaquio.com.br\/wp-content\/uploads\/2024\/07\/449957991_458693710429811_1541038272966810440_n.jpg 720w\" sizes=\"(max-width: 257px) 100vw, 257px\" \/>La ordenaci\u00f3n del Padre Vanildo Lima Sena, SSCC, fue seguida de cerca por familiares, amigos y toda la comunidad, quienes llenaron el patio del lugar. Aproximadamente 800 personas estuvieron presentes, y muchas m\u00e1s vieron la ceremonia a trav\u00e9s del Canal Padre Eust\u00e1quio, que transmiti\u00f3 todo en YouTube. V\u00e9anla de nuevo con nosotros. <a href=\"https:\/\/www.youtube.com\/watch?v=hwY7rDhvUGk\">HAGA CLIC AQU\u00cd<\/a>!<\/p>\n<p><img decoding=\"async\" class=\"wp-image-11439 alignright\" src=\"https:\/\/www.padreeustaquio.com.br\/wp-content\/uploads\/2024\/07\/450218520_458693733763142_3990808616497411036_n-300x300.jpg\" alt=\"\" width=\"224\" height=\"224\" srcset=\"https:\/\/www.padreeustaquio.com.br\/wp-content\/uploads\/2024\/07\/450218520_458693733763142_3990808616497411036_n-300x300.jpg 300w, https:\/\/www.padreeustaquio.com.br\/wp-content\/uploads\/2024\/07\/450218520_458693733763142_3990808616497411036_n-150x150.jpg 150w, https:\/\/www.padreeustaquio.com.br\/wp-content\/uploads\/2024\/07\/450218520_458693733763142_3990808616497411036_n-75x75.jpg 75w, https:\/\/www.padreeustaquio.com.br\/wp-content\/uploads\/2024\/07\/450218520_458693733763142_3990808616497411036_n-180x180.jpg 180w, https:\/\/www.padreeustaquio.com.br\/wp-content\/uploads\/2024\/07\/450218520_458693733763142_3990808616497411036_n-400x400.jpg 400w, https:\/\/www.padreeustaquio.com.br\/wp-content\/uploads\/2024\/07\/450218520_458693733763142_3990808616497411036_n-600x600.jpg 600w, https:\/\/www.padreeustaquio.com.br\/wp-content\/uploads\/2024\/07\/450218520_458693733763142_3990808616497411036_n.jpg 720w\" sizes=\"(max-width: 224px) 100vw, 224px\" \/>Monse\u00f1or Andherson Franklin Lustoza de Souza, obispo auxiliar de la Arquidi\u00f3cesis de Vit\u00f3ria-ES, presidi\u00f3 la ordenaci\u00f3n, la primera de su vida episcopal. En sus palabras, el obispo Andherson se refiri\u00f3 a la misi\u00f3n del nuevo sacerdote, quien eligi\u00f3 el tema &quot;S\u00e9 en qui\u00e9n he depositado mi confianza&quot;. El obispo tambi\u00e9n record\u00f3 con gratitud su relaci\u00f3n con la Congregaci\u00f3n de los Sagrados Corazones.<\/p>\n<p><strong>Padre Vanildo, SS.CC<\/strong><\/p>\n<p>Vanildo Lima Sena, SS.CC. naci\u00f3 en la ciudad de Anchieta-ES, el 12 de diciembre de 1992. Hijo de Valdemir Jos\u00e9 Sena y Marilza Machado Lima Sena, ingres\u00f3 a la Congregaci\u00f3n de los Sagrados Corazones en 2016. Complet\u00f3 su noviciado en 2019 en Chaclacayo y profes\u00f3 sus primeros votos el 25 de enero de 2020, en la Capilla de Casa Anchieta en Boraceia-SP.<\/p>\n<p>Complet\u00f3 sus estudios de Teolog\u00eda en 2020 en la Facultad Jesuita. En 2021, complet\u00f3 su a\u00f1o pastoral en la Comunidad de los Sagrados Corazones en Tijuca, R\u00edo de Janeiro. En 2022, comenz\u00f3 a residir en la comunidad religiosa del Santuario de la Salud y la Paz en Belo Horizonte, donde ejerci\u00f3 la pastoral hasta noviembre de 2023. Emiti\u00f3 sus votos perpetuos el 27 de julio de 2023 en la Capilla S\u00e3o Jos\u00e9 Oper\u00e1rio en Pindamonhangaba, S\u00e3o Paulo.<\/p>\n<p>El 10 de noviembre de 2023, fue ordenado di\u00e1cono por el obispo Alo\u00edsio Pena Vitral en la Iglesia del Beato Padre Eust\u00e1quio en Belo Horizonte, Minas Gerais, y desde entonces ha desempe\u00f1ado su misi\u00f3n en Pedra Azul, en el Valle de Jequitinhonha. Ahora ordenado sacerdote, el reci\u00e9n ordenado mantendr\u00e1 su misi\u00f3n en Pedra Azul hasta que se le asigne un nuevo campo de apostolado.<\/p>\n\n\t\t<style type=\"text\/css\">\n\t\t\t#gallery-1 {\n\t\t\t\tmargin: auto;\n\t\t\t}\n\t\t\t#gallery-1 .gallery-item {\n\t\t\t\tfloat: left;\n\t\t\t\tmargin-top: 10px;\n\t\t\t\ttext-align: center;\n\t\t\t\twidth: 33%;\n\t\t\t}\n\t\t\t#gallery-1 img {\n\t\t\t\tborder: 2px solid #cfcfcf;\n\t\t\t}\n\t\t\t#gallery-1 .gallery-caption {\n\t\t\t\tmargin-left: 0;\n\t\t\t}\n\t\t\t\/* see gallery_shortcode() in wp-includes\/media.php *\/\n\t\t<\/style>\n\t\t<div id='gallery-1' class='gallery galleryid-11437 gallery-columns-3 gallery-size-thumbnail'><dl class='gallery-item'>\n\t\t\t<dt class='gallery-icon landscape'>\n\t\t\t\t<a href='https:\/\/www.padreeustaquio.com.br\/es\/el-padre-vanildo-ss-cc-fue-ordenado-en-una-ceremonia-en-el-espiritu-santo\/450218520_458693733763142_3990808616497411036_n-2\/'><img decoding=\"async\" width=\"150\" height=\"150\" src=\"https:\/\/www.padreeustaquio.com.br\/wp-content\/uploads\/2024\/07\/450218520_458693733763142_3990808616497411036_n-1-150x150.jpg\" class=\"attachment-thumbnail size-thumbnail\" alt=\"\" srcset=\"https:\/\/www.padreeustaquio.com.br\/wp-content\/uploads\/2024\/07\/450218520_458693733763142_3990808616497411036_n-1-150x150.jpg 150w, https:\/\/www.padreeustaquio.com.br\/wp-content\/uploads\/2024\/07\/450218520_458693733763142_3990808616497411036_n-1-300x300.jpg 300w, https:\/\/www.padreeustaquio.com.br\/wp-content\/uploads\/2024\/07\/450218520_458693733763142_3990808616497411036_n-1-75x75.jpg 75w, https:\/\/www.padreeustaquio.com.br\/wp-content\/uploads\/2024\/07\/450218520_458693733763142_3990808616497411036_n-1-180x180.jpg 180w, https:\/\/www.padreeustaquio.com.br\/wp-content\/uploads\/2024\/07\/450218520_458693733763142_3990808616497411036_n-1-400x400.jpg 400w, https:\/\/www.padreeustaquio.com.br\/wp-content\/uploads\/2024\/07\/450218520_458693733763142_3990808616497411036_n-1-600x600.jpg 600w, https:\/\/www.padreeustaquio.com.br\/wp-content\/uploads\/2024\/07\/450218520_458693733763142_3990808616497411036_n-1.jpg 720w\" sizes=\"(max-width: 150px) 100vw, 150px\" \/><\/a>\n\t\t\t<\/dt><\/dl><dl class='gallery-item'>\n\t\t\t<dt class='gallery-icon landscape'>\n\t\t\t\t<a href='https:\/\/www.padreeustaquio.com.br\/es\/el-padre-vanildo-ss-cc-fue-ordenado-en-una-ceremonia-en-el-espiritu-santo\/450085314_458693747096474_5485213355733084652_n\/'><img loading=\"lazy\" decoding=\"async\" width=\"150\" height=\"150\" src=\"https:\/\/www.padreeustaquio.com.br\/wp-content\/uploads\/2024\/07\/450085314_458693747096474_5485213355733084652_n-150x150.jpg\" class=\"attachment-thumbnail size-thumbnail\" alt=\"\" srcset=\"https:\/\/www.padreeustaquio.com.br\/wp-content\/uploads\/2024\/07\/450085314_458693747096474_5485213355733084652_n-150x150.jpg 150w, https:\/\/www.padreeustaquio.com.br\/wp-content\/uploads\/2024\/07\/450085314_458693747096474_5485213355733084652_n-300x300.jpg 300w, https:\/\/www.padreeustaquio.com.br\/wp-content\/uploads\/2024\/07\/450085314_458693747096474_5485213355733084652_n-75x75.jpg 75w, https:\/\/www.padreeustaquio.com.br\/wp-content\/uploads\/2024\/07\/450085314_458693747096474_5485213355733084652_n-180x180.jpg 180w, https:\/\/www.padreeustaquio.com.br\/wp-content\/uploads\/2024\/07\/450085314_458693747096474_5485213355733084652_n-400x400.jpg 400w, https:\/\/www.padreeustaquio.com.br\/wp-content\/uploads\/2024\/07\/450085314_458693747096474_5485213355733084652_n-600x600.jpg 600w, https:\/\/www.padreeustaquio.com.br\/wp-content\/uploads\/2024\/07\/450085314_458693747096474_5485213355733084652_n.jpg 720w\" sizes=\"(max-width: 150px) 100vw, 150px\" \/><\/a>\n\t\t\t<\/dt><\/dl><dl class='gallery-item'>\n\t\t\t<dt class='gallery-icon landscape'>\n\t\t\t\t<a href='https:\/\/www.padreeustaquio.com.br\/es\/el-padre-vanildo-ss-cc-fue-ordenado-en-una-ceremonia-en-el-espiritu-santo\/450258115_458693717096477_7521227644425064571_n\/'><img loading=\"lazy\" decoding=\"async\" width=\"150\" height=\"150\" src=\"https:\/\/www.padreeustaquio.com.br\/wp-content\/uploads\/2024\/07\/450258115_458693717096477_7521227644425064571_n-150x150.jpg\" class=\"attachment-thumbnail size-thumbnail\" alt=\"\" srcset=\"https:\/\/www.padreeustaquio.com.br\/wp-content\/uploads\/2024\/07\/450258115_458693717096477_7521227644425064571_n-150x150.jpg 150w, https:\/\/www.padreeustaquio.com.br\/wp-content\/uploads\/2024\/07\/450258115_458693717096477_7521227644425064571_n-300x300.jpg 300w, https:\/\/www.padreeustaquio.com.br\/wp-content\/uploads\/2024\/07\/450258115_458693717096477_7521227644425064571_n-75x75.jpg 75w, https:\/\/www.padreeustaquio.com.br\/wp-content\/uploads\/2024\/07\/450258115_458693717096477_7521227644425064571_n-180x180.jpg 180w, https:\/\/www.padreeustaquio.com.br\/wp-content\/uploads\/2024\/07\/450258115_458693717096477_7521227644425064571_n-400x400.jpg 400w, https:\/\/www.padreeustaquio.com.br\/wp-content\/uploads\/2024\/07\/450258115_458693717096477_7521227644425064571_n-600x600.jpg 600w, https:\/\/www.padreeustaquio.com.br\/wp-content\/uploads\/2024\/07\/450258115_458693717096477_7521227644425064571_n.jpg 720w\" sizes=\"(max-width: 150px) 100vw, 150px\" \/><\/a>\n\t\t\t<\/dt><\/dl><br style=\"clear: both\" \/><dl class='gallery-item'>\n\t\t\t<dt class='gallery-icon landscape'>\n\t\t\t\t<a href='https:\/\/www.padreeustaquio.com.br\/es\/el-padre-vanildo-ss-cc-fue-ordenado-en-una-ceremonia-en-el-espiritu-santo\/450119866_458693713763144_1669654131980108956_n\/'><img loading=\"lazy\" decoding=\"async\" width=\"150\" height=\"150\" src=\"https:\/\/www.padreeustaquio.com.br\/wp-content\/uploads\/2024\/07\/450119866_458693713763144_1669654131980108956_n-150x150.jpg\" class=\"attachment-thumbnail size-thumbnail\" alt=\"\" srcset=\"https:\/\/www.padreeustaquio.com.br\/wp-content\/uploads\/2024\/07\/450119866_458693713763144_1669654131980108956_n-150x150.jpg 150w, https:\/\/www.padreeustaquio.com.br\/wp-content\/uploads\/2024\/07\/450119866_458693713763144_1669654131980108956_n-300x300.jpg 300w, https:\/\/www.padreeustaquio.com.br\/wp-content\/uploads\/2024\/07\/450119866_458693713763144_1669654131980108956_n-75x75.jpg 75w, https:\/\/www.padreeustaquio.com.br\/wp-content\/uploads\/2024\/07\/450119866_458693713763144_1669654131980108956_n-180x180.jpg 180w, https:\/\/www.padreeustaquio.com.br\/wp-content\/uploads\/2024\/07\/450119866_458693713763144_1669654131980108956_n-400x400.jpg 400w, https:\/\/www.padreeustaquio.com.br\/wp-content\/uploads\/2024\/07\/450119866_458693713763144_1669654131980108956_n-600x600.jpg 600w, https:\/\/www.padreeustaquio.com.br\/wp-content\/uploads\/2024\/07\/450119866_458693713763144_1669654131980108956_n.jpg 720w\" sizes=\"(max-width: 150px) 100vw, 150px\" \/><\/a>\n\t\t\t<\/dt><\/dl><dl class='gallery-item'>\n\t\t\t<dt class='gallery-icon landscape'>\n\t\t\t\t<a href='https:\/\/www.padreeustaquio.com.br\/es\/el-padre-vanildo-ss-cc-fue-ordenado-en-una-ceremonia-en-el-espiritu-santo\/450259045_458693697096479_2090847349934153757_n\/'><img loading=\"lazy\" decoding=\"async\" width=\"150\" height=\"150\" src=\"https:\/\/www.padreeustaquio.com.br\/wp-content\/uploads\/2024\/07\/450259045_458693697096479_2090847349934153757_n-150x150.jpg\" class=\"attachment-thumbnail size-thumbnail\" alt=\"\" srcset=\"https:\/\/www.padreeustaquio.com.br\/wp-content\/uploads\/2024\/07\/450259045_458693697096479_2090847349934153757_n-150x150.jpg 150w, https:\/\/www.padreeustaquio.com.br\/wp-content\/uploads\/2024\/07\/450259045_458693697096479_2090847349934153757_n-300x300.jpg 300w, https:\/\/www.padreeustaquio.com.br\/wp-content\/uploads\/2024\/07\/450259045_458693697096479_2090847349934153757_n-75x75.jpg 75w, https:\/\/www.padreeustaquio.com.br\/wp-content\/uploads\/2024\/07\/450259045_458693697096479_2090847349934153757_n-180x180.jpg 180w, https:\/\/www.padreeustaquio.com.br\/wp-content\/uploads\/2024\/07\/450259045_458693697096479_2090847349934153757_n-400x400.jpg 400w, https:\/\/www.padreeustaquio.com.br\/wp-content\/uploads\/2024\/07\/450259045_458693697096479_2090847349934153757_n-600x600.jpg 600w, https:\/\/www.padreeustaquio.com.br\/wp-content\/uploads\/2024\/07\/450259045_458693697096479_2090847349934153757_n.jpg 720w\" sizes=\"(max-width: 150px) 100vw, 150px\" \/><\/a>\n\t\t\t<\/dt><\/dl><dl class='gallery-item'>\n\t\t\t<dt class='gallery-icon landscape'>\n\t\t\t\t<a href='https:\/\/www.padreeustaquio.com.br\/es\/el-padre-vanildo-ss-cc-fue-ordenado-en-una-ceremonia-en-el-espiritu-santo\/449957991_458693710429811_1541038272966810440_n-2\/'><img loading=\"lazy\" decoding=\"async\" width=\"150\" height=\"150\" src=\"https:\/\/www.padreeustaquio.com.br\/wp-content\/uploads\/2024\/07\/449957991_458693710429811_1541038272966810440_n-1-150x150.jpg\" class=\"attachment-thumbnail size-thumbnail\" alt=\"\" srcset=\"https:\/\/www.padreeustaquio.com.br\/wp-content\/uploads\/2024\/07\/449957991_458693710429811_1541038272966810440_n-1-150x150.jpg 150w, https:\/\/www.padreeustaquio.com.br\/wp-content\/uploads\/2024\/07\/449957991_458693710429811_1541038272966810440_n-1-300x300.jpg 300w, https:\/\/www.padreeustaquio.com.br\/wp-content\/uploads\/2024\/07\/449957991_458693710429811_1541038272966810440_n-1-75x75.jpg 75w, https:\/\/www.padreeustaquio.com.br\/wp-content\/uploads\/2024\/07\/449957991_458693710429811_1541038272966810440_n-1-180x180.jpg 180w, https:\/\/www.padreeustaquio.com.br\/wp-content\/uploads\/2024\/07\/449957991_458693710429811_1541038272966810440_n-1-400x400.jpg 400w, https:\/\/www.padreeustaquio.com.br\/wp-content\/uploads\/2024\/07\/449957991_458693710429811_1541038272966810440_n-1-600x600.jpg 600w, https:\/\/www.padreeustaquio.com.br\/wp-content\/uploads\/2024\/07\/449957991_458693710429811_1541038272966810440_n-1.jpg 720w\" sizes=\"(max-width: 150px) 100vw, 150px\" \/><\/a>\n\t\t\t<\/dt><\/dl><br style=\"clear: both\" \/><dl class='gallery-item'>\n\t\t\t<dt class='gallery-icon landscape'>\n\t\t\t\t<a href='https:\/\/www.padreeustaquio.com.br\/es\/el-padre-vanildo-ss-cc-fue-ordenado-en-una-ceremonia-en-el-espiritu-santo\/450258290_458693720429810_6312473680169048316_n\/'><img loading=\"lazy\" decoding=\"async\" width=\"150\" height=\"150\" src=\"https:\/\/www.padreeustaquio.com.br\/wp-content\/uploads\/2024\/07\/450258290_458693720429810_6312473680169048316_n-150x150.jpg\" class=\"attachment-thumbnail size-thumbnail\" alt=\"\" srcset=\"https:\/\/www.padreeustaquio.com.br\/wp-content\/uploads\/2024\/07\/450258290_458693720429810_6312473680169048316_n-150x150.jpg 150w, https:\/\/www.padreeustaquio.com.br\/wp-content\/uploads\/2024\/07\/450258290_458693720429810_6312473680169048316_n-300x300.jpg 300w, https:\/\/www.padreeustaquio.com.br\/wp-content\/uploads\/2024\/07\/450258290_458693720429810_6312473680169048316_n-75x75.jpg 75w, https:\/\/www.padreeustaquio.com.br\/wp-content\/uploads\/2024\/07\/450258290_458693720429810_6312473680169048316_n-180x180.jpg 180w, https:\/\/www.padreeustaquio.com.br\/wp-content\/uploads\/2024\/07\/450258290_458693720429810_6312473680169048316_n-400x400.jpg 400w, https:\/\/www.padreeustaquio.com.br\/wp-content\/uploads\/2024\/07\/450258290_458693720429810_6312473680169048316_n-600x600.jpg 600w, https:\/\/www.padreeustaquio.com.br\/wp-content\/uploads\/2024\/07\/450258290_458693720429810_6312473680169048316_n.jpg 720w\" sizes=\"(max-width: 150px) 100vw, 150px\" \/><\/a>\n\t\t\t<\/dt><\/dl><dl class='gallery-item'>\n\t\t\t<dt class='gallery-icon landscape'>\n\t\t\t\t<a href='https:\/\/www.padreeustaquio.com.br\/es\/el-padre-vanildo-ss-cc-fue-ordenado-en-una-ceremonia-en-el-espiritu-santo\/450457960_458693687096480_3536871296801334154_n\/'><img loading=\"lazy\" decoding=\"async\" width=\"150\" height=\"150\" src=\"https:\/\/www.padreeustaquio.com.br\/wp-content\/uploads\/2024\/07\/450457960_458693687096480_3536871296801334154_n-150x150.jpg\" class=\"attachment-thumbnail size-thumbnail\" alt=\"\" srcset=\"https:\/\/www.padreeustaquio.com.br\/wp-content\/uploads\/2024\/07\/450457960_458693687096480_3536871296801334154_n-150x150.jpg 150w, https:\/\/www.padreeustaquio.com.br\/wp-content\/uploads\/2024\/07\/450457960_458693687096480_3536871296801334154_n-300x300.jpg 300w, https:\/\/www.padreeustaquio.com.br\/wp-content\/uploads\/2024\/07\/450457960_458693687096480_3536871296801334154_n-75x75.jpg 75w, https:\/\/www.padreeustaquio.com.br\/wp-content\/uploads\/2024\/07\/450457960_458693687096480_3536871296801334154_n-180x180.jpg 180w, https:\/\/www.padreeustaquio.com.br\/wp-content\/uploads\/2024\/07\/450457960_458693687096480_3536871296801334154_n-400x400.jpg 400w, https:\/\/www.padreeustaquio.com.br\/wp-content\/uploads\/2024\/07\/450457960_458693687096480_3536871296801334154_n-600x600.jpg 600w, https:\/\/www.padreeustaquio.com.br\/wp-content\/uploads\/2024\/07\/450457960_458693687096480_3536871296801334154_n.jpg 720w\" sizes=\"(max-width: 150px) 100vw, 150px\" \/><\/a>\n\t\t\t<\/dt><\/dl><dl class='gallery-item'>\n\t\t\t<dt class='gallery-icon landscape'>\n\t\t\t\t<a href='https:\/\/www.padreeustaquio.com.br\/es\/el-padre-vanildo-ss-cc-fue-ordenado-en-una-ceremonia-en-el-espiritu-santo\/450180864_458693750429807_8885580120304343613_n\/'><img loading=\"lazy\" decoding=\"async\" width=\"150\" height=\"150\" src=\"https:\/\/www.padreeustaquio.com.br\/wp-content\/uploads\/2024\/07\/450180864_458693750429807_8885580120304343613_n-150x150.jpg\" class=\"attachment-thumbnail size-thumbnail\" alt=\"\" srcset=\"https:\/\/www.padreeustaquio.com.br\/wp-content\/uploads\/2024\/07\/450180864_458693750429807_8885580120304343613_n-150x150.jpg 150w, https:\/\/www.padreeustaquio.com.br\/wp-content\/uploads\/2024\/07\/450180864_458693750429807_8885580120304343613_n-300x300.jpg 300w, https:\/\/www.padreeustaquio.com.br\/wp-content\/uploads\/2024\/07\/450180864_458693750429807_8885580120304343613_n-75x75.jpg 75w, https:\/\/www.padreeustaquio.com.br\/wp-content\/uploads\/2024\/07\/450180864_458693750429807_8885580120304343613_n-180x180.jpg 180w, https:\/\/www.padreeustaquio.com.br\/wp-content\/uploads\/2024\/07\/450180864_458693750429807_8885580120304343613_n-400x400.jpg 400w, https:\/\/www.padreeustaquio.com.br\/wp-content\/uploads\/2024\/07\/450180864_458693750429807_8885580120304343613_n-600x600.jpg 600w, https:\/\/www.padreeustaquio.com.br\/wp-content\/uploads\/2024\/07\/450180864_458693750429807_8885580120304343613_n.jpg 720w\" sizes=\"(max-width: 150px) 100vw, 150px\" \/><\/a>\n\t\t\t<\/dt><\/dl><br style=\"clear: both\" \/>\n\t\t<\/div>","protected":false},"excerpt":{"rendered":"<p>O mais novo padre da Congrega\u00e7\u00e3o dos Sagrados Cora\u00e7\u00f5es foi ordenado sacerdote no \u00faltimo final de semana. A Celebra\u00e7\u00e3o Eucar\u00edstica com o rito de ordena\u00e7\u00e3o foi realizada nesse domingo, dia 7 de julho, na Comunidade S\u00e3o Miguel Arcanjo, em Guarapari, no Espirito Santo. A ordena\u00e7\u00e3o do agora Padre Vanildo Lima Sena, SSCC, foi acompanhada de perto por familiares, amigos e toda a comunidade que lotou a quadra do local. Cerca de 800 pessoas estiveram presentes e outras tantas acompanharam a cerim\u00f4nia pelo Canal Padre Eust\u00e1quio que transmitiu tudo pelo YouTube. Reveja conosco CLICANDO AQUI! Dom Andherson Franklin Lustoza de Souza, [&hellip;]<\/p>\n","protected":false},"author":2,"featured_media":11446,"comment_status":"open","ping_status":"closed","sticky":false,"template":"","format":"standard","meta":{"_acf_changed":false,"footnotes":""},"categories":[611],"tags":[],"class_list":["post-11437","post","type-post","status-publish","format-standard","has-post-thumbnail","hentry","category-noticias"],"acf":[],"yoast_head":"<!-- This site is optimized with the Yoast SEO plugin v27.2 - https:\/\/yoast.com\/product\/yoast-seo-wordpress\/ -->\n<title>Padre Vanildo, SS.CC \u00e9 ordenado em cerim\u00f4nia no Esp\u00edrito Santo<\/title>\n<meta name=\"description\" content=\"O mais novo padre da Congrega\u00e7\u00e3o dos Sagrados Cora\u00e7\u00f5es foi ordenado sacerdote no \u00faltimo final de semana. A Celebra\u00e7\u00e3o Eucar\u00edstica com o rito de ordena\u00e7\u00e3o foi realizada nesse domingo, dia 7 de julho, na Comunidade S\u00e3o Miguel Arcanjo, em Guarapari, no Espirito Santo.\" \/>\n<meta name=\"robots\" content=\"index, follow, max-snippet:-1, max-image-preview:large, max-video-preview:-1\" \/>\n<link rel=\"canonical\" href=\"https:\/\/www.padreeustaquio.com.br\/es\/el-padre-vanildo-ss-cc-fue-ordenado-en-una-ceremonia-en-el-espiritu-santo\/\" \/>\n<meta property=\"og:locale\" content=\"es_ES\" \/>\n<meta property=\"og:type\" content=\"article\" \/>\n<meta property=\"og:title\" content=\"Padre Vanildo, SS.CC \u00e9 ordenado em cerim\u00f4nia no Esp\u00edrito Santo\" \/>\n<meta property=\"og:description\" content=\"O mais novo padre da Congrega\u00e7\u00e3o dos Sagrados Cora\u00e7\u00f5es foi ordenado sacerdote no \u00faltimo final de semana. A Celebra\u00e7\u00e3o Eucar\u00edstica com o rito de ordena\u00e7\u00e3o foi realizada nesse domingo, dia 7 de julho, na Comunidade S\u00e3o Miguel Arcanjo, em Guarapari, no Espirito Santo.\" \/>\n<meta property=\"og:url\" content=\"https:\/\/www.padreeustaquio.com.br\/es\/el-padre-vanildo-ss-cc-fue-ordenado-en-una-ceremonia-en-el-espiritu-santo\/\" \/>\n<meta property=\"og:site_name\" content=\"Padre Eust\u00e1quio\" \/>\n<meta property=\"article:publisher\" content=\"https:\/\/www.facebook.com\/beatopadreeustaquio\/\" \/>\n<meta property=\"article:published_time\" content=\"2024-07-09T11:34:45+00:00\" \/>\n<meta property=\"og:image\" content=\"https:\/\/www.padreeustaquio.com.br\/wp-content\/uploads\/2024\/07\/450085314_458693747096474_5485213355733084652_n.jpg\" \/>\n\t<meta property=\"og:image:width\" content=\"720\" \/>\n\t<meta property=\"og:image:height\" content=\"720\" \/>\n\t<meta property=\"og:image:type\" content=\"image\/jpeg\" \/>\n<meta name=\"author\" content=\"@sscc\" \/>\n<meta name=\"twitter:card\" content=\"summary_large_image\" \/>\n<meta name=\"twitter:creator\" content=\"@beatopeustaquio\" \/>\n<meta name=\"twitter:site\" content=\"@beatopeustaquio\" \/>\n<meta name=\"twitter:label1\" content=\"Escrito por\" \/>\n\t<meta name=\"twitter:data1\" content=\"@sscc\" \/>\n\t<meta name=\"twitter:label2\" content=\"Tiempo de lectura\" \/>\n\t<meta name=\"twitter:data2\" content=\"3 minutos\" \/>\n<script type=\"application\/ld+json\" class=\"yoast-schema-graph\">{\"@context\":\"https:\/\/schema.org\",\"@graph\":[{\"@type\":\"Article\",\"@id\":\"https:\/\/www.padreeustaquio.com.br\/padre-vanildo-ss-cc-e-ordenado-em-cerimonia-no-espirito-santo\/#article\",\"isPartOf\":{\"@id\":\"https:\/\/www.padreeustaquio.com.br\/padre-vanildo-ss-cc-e-ordenado-em-cerimonia-no-espirito-santo\/\"},\"author\":{\"name\":\"@sscc\",\"@id\":\"https:\/\/www.padreeustaquio.com.br\/#\/schema\/person\/a2a51db1d00f1a7af0204a0f1ddb1566\"},\"headline\":\"Padre Vanildo, SS.CC \u00e9 ordenado em cerim\u00f4nia no Esp\u00edrito Santo\",\"datePublished\":\"2024-07-09T11:34:45+00:00\",\"mainEntityOfPage\":{\"@id\":\"https:\/\/www.padreeustaquio.com.br\/padre-vanildo-ss-cc-e-ordenado-em-cerimonia-no-espirito-santo\/\"},\"wordCount\":380,\"commentCount\":0,\"publisher\":{\"@id\":\"https:\/\/www.padreeustaquio.com.br\/#organization\"},\"image\":{\"@id\":\"https:\/\/www.padreeustaquio.com.br\/padre-vanildo-ss-cc-e-ordenado-em-cerimonia-no-espirito-santo\/#primaryimage\"},\"thumbnailUrl\":\"https:\/\/www.padreeustaquio.com.br\/wp-content\/uploads\/2024\/07\/450085314_458693747096474_5485213355733084652_n.jpg\",\"articleSection\":[\"Not\u00edcias\"],\"inLanguage\":\"es\",\"potentialAction\":[{\"@type\":\"CommentAction\",\"name\":\"Comment\",\"target\":[\"https:\/\/www.padreeustaquio.com.br\/padre-vanildo-ss-cc-e-ordenado-em-cerimonia-no-espirito-santo\/#respond\"]}]},{\"@type\":\"WebPage\",\"@id\":\"https:\/\/www.padreeustaquio.com.br\/padre-vanildo-ss-cc-e-ordenado-em-cerimonia-no-espirito-santo\/\",\"url\":\"https:\/\/www.padreeustaquio.com.br\/padre-vanildo-ss-cc-e-ordenado-em-cerimonia-no-espirito-santo\/\",\"name\":\"Padre Vanildo, SS.CC \u00e9 ordenado em cerim\u00f4nia no Esp\u00edrito Santo\",\"isPartOf\":{\"@id\":\"https:\/\/www.padreeustaquio.com.br\/#website\"},\"primaryImageOfPage\":{\"@id\":\"https:\/\/www.padreeustaquio.com.br\/padre-vanildo-ss-cc-e-ordenado-em-cerimonia-no-espirito-santo\/#primaryimage\"},\"image\":{\"@id\":\"https:\/\/www.padreeustaquio.com.br\/padre-vanildo-ss-cc-e-ordenado-em-cerimonia-no-espirito-santo\/#primaryimage\"},\"thumbnailUrl\":\"https:\/\/www.padreeustaquio.com.br\/wp-content\/uploads\/2024\/07\/450085314_458693747096474_5485213355733084652_n.jpg\",\"datePublished\":\"2024-07-09T11:34:45+00:00\",\"description\":\"O mais novo padre da Congrega\u00e7\u00e3o dos Sagrados Cora\u00e7\u00f5es foi ordenado sacerdote no \u00faltimo final de semana. A Celebra\u00e7\u00e3o Eucar\u00edstica com o rito de ordena\u00e7\u00e3o foi realizada nesse domingo, dia 7 de julho, na Comunidade S\u00e3o Miguel Arcanjo, em Guarapari, no Espirito Santo.\",\"breadcrumb\":{\"@id\":\"https:\/\/www.padreeustaquio.com.br\/padre-vanildo-ss-cc-e-ordenado-em-cerimonia-no-espirito-santo\/#breadcrumb\"},\"inLanguage\":\"es\",\"potentialAction\":[{\"@type\":\"ReadAction\",\"target\":[\"https:\/\/www.padreeustaquio.com.br\/padre-vanildo-ss-cc-e-ordenado-em-cerimonia-no-espirito-santo\/\"]}]},{\"@type\":\"ImageObject\",\"inLanguage\":\"es\",\"@id\":\"https:\/\/www.padreeustaquio.com.br\/padre-vanildo-ss-cc-e-ordenado-em-cerimonia-no-espirito-santo\/#primaryimage\",\"url\":\"https:\/\/www.padreeustaquio.com.br\/wp-content\/uploads\/2024\/07\/450085314_458693747096474_5485213355733084652_n.jpg\",\"contentUrl\":\"https:\/\/www.padreeustaquio.com.br\/wp-content\/uploads\/2024\/07\/450085314_458693747096474_5485213355733084652_n.jpg\",\"width\":720,\"height\":720},{\"@type\":\"BreadcrumbList\",\"@id\":\"https:\/\/www.padreeustaquio.com.br\/padre-vanildo-ss-cc-e-ordenado-em-cerimonia-no-espirito-santo\/#breadcrumb\",\"itemListElement\":[{\"@type\":\"ListItem\",\"position\":1,\"name\":\"In\u00edcio\",\"item\":\"https:\/\/www.padreeustaquio.com.br\/\"},{\"@type\":\"ListItem\",\"position\":2,\"name\":\"Padre Vanildo, SS.CC \u00e9 ordenado em cerim\u00f4nia no Esp\u00edrito Santo\"}]},{\"@type\":\"WebSite\",\"@id\":\"https:\/\/www.padreeustaquio.com.br\/#website\",\"url\":\"https:\/\/www.padreeustaquio.com.br\/\",\"name\":\"Padre Eust\u00e1quio\",\"description\":\"Sa\u00fade e Paz\",\"publisher\":{\"@id\":\"https:\/\/www.padreeustaquio.com.br\/#organization\"},\"potentialAction\":[{\"@type\":\"SearchAction\",\"target\":{\"@type\":\"EntryPoint\",\"urlTemplate\":\"https:\/\/www.padreeustaquio.com.br\/?s={search_term_string}\"},\"query-input\":{\"@type\":\"PropertyValueSpecification\",\"valueRequired\":true,\"valueName\":\"search_term_string\"}}],\"inLanguage\":\"es\"},{\"@type\":\"Organization\",\"@id\":\"https:\/\/www.padreeustaquio.com.br\/#organization\",\"name\":\"Padre Eust\u00e1quio\",\"url\":\"https:\/\/www.padreeustaquio.com.br\/\",\"logo\":{\"@type\":\"ImageObject\",\"inLanguage\":\"es\",\"@id\":\"https:\/\/www.padreeustaquio.com.br\/#\/schema\/logo\/image\/\",\"url\":\"https:\/\/www.padreeustaquio.com.br\/wp-content\/uploads\/2019\/08\/marca.png\",\"contentUrl\":\"https:\/\/www.padreeustaquio.com.br\/wp-content\/uploads\/2019\/08\/marca.png\",\"width\":350,\"height\":400,\"caption\":\"Padre Eust\u00e1quio\"},\"image\":{\"@id\":\"https:\/\/www.padreeustaquio.com.br\/#\/schema\/logo\/image\/\"},\"sameAs\":[\"https:\/\/www.facebook.com\/beatopadreeustaquio\/\",\"https:\/\/x.com\/beatopeustaquio\",\"https:\/\/www.instagram.com\/beatopadreeustaquio\/\",\"https:\/\/www.youtube.com\/channel\/UCRhw7vfabnajwLxb1ZXMeIw\"]},{\"@type\":\"Person\",\"@id\":\"https:\/\/www.padreeustaquio.com.br\/#\/schema\/person\/a2a51db1d00f1a7af0204a0f1ddb1566\",\"name\":\"@sscc\",\"image\":{\"@type\":\"ImageObject\",\"inLanguage\":\"es\",\"@id\":\"https:\/\/secure.gravatar.com\/avatar\/68cfafa5f44617fea54071e215026e0ff06be366c3d54a8425f04fdcb86f8c5f?s=96&d=mm&r=g\",\"url\":\"https:\/\/secure.gravatar.com\/avatar\/68cfafa5f44617fea54071e215026e0ff06be366c3d54a8425f04fdcb86f8c5f?s=96&d=mm&r=g\",\"contentUrl\":\"https:\/\/secure.gravatar.com\/avatar\/68cfafa5f44617fea54071e215026e0ff06be366c3d54a8425f04fdcb86f8c5f?s=96&d=mm&r=g\",\"caption\":\"@sscc\"},\"url\":\"https:\/\/www.padreeustaquio.com.br\/es\/author\/sscc\/\"}]}<\/script>\n<!-- \/ Yoast SEO plugin. -->","yoast_head_json":{"title":"El Padre Vanildo, SS.CC, es ordenado sacerdote en ceremonia en Esp\u00edrito Santo.","description":"El nuevo sacerdote de la Congregaci\u00f3n de los Sagrados Corazones fue ordenado el fin de semana pasado. La celebraci\u00f3n eucar\u00edstica con el rito de ordenaci\u00f3n se celebr\u00f3 este domingo 7 de julio en la Comunidad de S\u00e3o Miguel Arcanjo en Guarapari, Esp\u00edrito Santo.","robots":{"index":"index","follow":"follow","max-snippet":"max-snippet:-1","max-image-preview":"max-image-preview:large","max-video-preview":"max-video-preview:-1"},"canonical":"https:\/\/www.padreeustaquio.com.br\/es\/el-padre-vanildo-ss-cc-fue-ordenado-en-una-ceremonia-en-el-espiritu-santo\/","og_locale":"es_ES","og_type":"article","og_title":"Padre Vanildo, SS.CC \u00e9 ordenado em cerim\u00f4nia no Esp\u00edrito Santo","og_description":"O mais novo padre da Congrega\u00e7\u00e3o dos Sagrados Cora\u00e7\u00f5es foi ordenado sacerdote no \u00faltimo final de semana. A Celebra\u00e7\u00e3o Eucar\u00edstica com o rito de ordena\u00e7\u00e3o foi realizada nesse domingo, dia 7 de julho, na Comunidade S\u00e3o Miguel Arcanjo, em Guarapari, no Espirito Santo.","og_url":"https:\/\/www.padreeustaquio.com.br\/es\/el-padre-vanildo-ss-cc-fue-ordenado-en-una-ceremonia-en-el-espiritu-santo\/","og_site_name":"Padre Eust\u00e1quio","article_publisher":"https:\/\/www.facebook.com\/beatopadreeustaquio\/","article_published_time":"2024-07-09T11:34:45+00:00","og_image":[{"width":720,"height":720,"url":"https:\/\/www.padreeustaquio.com.br\/wp-content\/uploads\/2024\/07\/450085314_458693747096474_5485213355733084652_n.jpg","type":"image\/jpeg"}],"author":"@sscc","twitter_card":"summary_large_image","twitter_creator":"@beatopeustaquio","twitter_site":"@beatopeustaquio","twitter_misc":{"Escrito por":"@sscc","Tiempo de lectura":"3 minutos"},"schema":{"@context":"https:\/\/schema.org","@graph":[{"@type":"Article","@id":"https:\/\/www.padreeustaquio.com.br\/padre-vanildo-ss-cc-e-ordenado-em-cerimonia-no-espirito-santo\/#article","isPartOf":{"@id":"https:\/\/www.padreeustaquio.com.br\/padre-vanildo-ss-cc-e-ordenado-em-cerimonia-no-espirito-santo\/"},"author":{"name":"@sscc","@id":"https:\/\/www.padreeustaquio.com.br\/#\/schema\/person\/a2a51db1d00f1a7af0204a0f1ddb1566"},"headline":"Padre Vanildo, SS.CC \u00e9 ordenado em cerim\u00f4nia no Esp\u00edrito Santo","datePublished":"2024-07-09T11:34:45+00:00","mainEntityOfPage":{"@id":"https:\/\/www.padreeustaquio.com.br\/padre-vanildo-ss-cc-e-ordenado-em-cerimonia-no-espirito-santo\/"},"wordCount":380,"commentCount":0,"publisher":{"@id":"https:\/\/www.padreeustaquio.com.br\/#organization"},"image":{"@id":"https:\/\/www.padreeustaquio.com.br\/padre-vanildo-ss-cc-e-ordenado-em-cerimonia-no-espirito-santo\/#primaryimage"},"thumbnailUrl":"https:\/\/www.padreeustaquio.com.br\/wp-content\/uploads\/2024\/07\/450085314_458693747096474_5485213355733084652_n.jpg","articleSection":["Not\u00edcias"],"inLanguage":"es","potentialAction":[{"@type":"CommentAction","name":"Comment","target":["https:\/\/www.padreeustaquio.com.br\/padre-vanildo-ss-cc-e-ordenado-em-cerimonia-no-espirito-santo\/#respond"]}]},{"@type":"WebPage","@id":"https:\/\/www.padreeustaquio.com.br\/padre-vanildo-ss-cc-e-ordenado-em-cerimonia-no-espirito-santo\/","url":"https:\/\/www.padreeustaquio.com.br\/padre-vanildo-ss-cc-e-ordenado-em-cerimonia-no-espirito-santo\/","name":"El Padre Vanildo, SS.CC, es ordenado sacerdote en ceremonia en Esp\u00edrito Santo.","isPartOf":{"@id":"https:\/\/www.padreeustaquio.com.br\/#website"},"primaryImageOfPage":{"@id":"https:\/\/www.padreeustaquio.com.br\/padre-vanildo-ss-cc-e-ordenado-em-cerimonia-no-espirito-santo\/#primaryimage"},"image":{"@id":"https:\/\/www.padreeustaquio.com.br\/padre-vanildo-ss-cc-e-ordenado-em-cerimonia-no-espirito-santo\/#primaryimage"},"thumbnailUrl":"https:\/\/www.padreeustaquio.com.br\/wp-content\/uploads\/2024\/07\/450085314_458693747096474_5485213355733084652_n.jpg","datePublished":"2024-07-09T11:34:45+00:00","description":"El nuevo sacerdote de la Congregaci\u00f3n de los Sagrados Corazones fue ordenado el fin de semana pasado. La celebraci\u00f3n eucar\u00edstica con el rito de ordenaci\u00f3n se celebr\u00f3 este domingo 7 de julio en la Comunidad de S\u00e3o Miguel Arcanjo en Guarapari, Esp\u00edrito Santo.","breadcrumb":{"@id":"https:\/\/www.padreeustaquio.com.br\/padre-vanildo-ss-cc-e-ordenado-em-cerimonia-no-espirito-santo\/#breadcrumb"},"inLanguage":"es","potentialAction":[{"@type":"ReadAction","target":["https:\/\/www.padreeustaquio.com.br\/padre-vanildo-ss-cc-e-ordenado-em-cerimonia-no-espirito-santo\/"]}]},{"@type":"ImageObject","inLanguage":"es","@id":"https:\/\/www.padreeustaquio.com.br\/padre-vanildo-ss-cc-e-ordenado-em-cerimonia-no-espirito-santo\/#primaryimage","url":"https:\/\/www.padreeustaquio.com.br\/wp-content\/uploads\/2024\/07\/450085314_458693747096474_5485213355733084652_n.jpg","contentUrl":"https:\/\/www.padreeustaquio.com.br\/wp-content\/uploads\/2024\/07\/450085314_458693747096474_5485213355733084652_n.jpg","width":720,"height":720},{"@type":"BreadcrumbList","@id":"https:\/\/www.padreeustaquio.com.br\/padre-vanildo-ss-cc-e-ordenado-em-cerimonia-no-espirito-santo\/#breadcrumb","itemListElement":[{"@type":"ListItem","position":1,"name":"In\u00edcio","item":"https:\/\/www.padreeustaquio.com.br\/"},{"@type":"ListItem","position":2,"name":"Padre Vanildo, SS.CC \u00e9 ordenado em cerim\u00f4nia no Esp\u00edrito Santo"}]},{"@type":"WebSite","@id":"https:\/\/www.padreeustaquio.com.br\/#website","url":"https:\/\/www.padreeustaquio.com.br\/","name":"Padre Eustace","description":"Salud y Paz","publisher":{"@id":"https:\/\/www.padreeustaquio.com.br\/#organization"},"potentialAction":[{"@type":"SearchAction","target":{"@type":"EntryPoint","urlTemplate":"https:\/\/www.padreeustaquio.com.br\/?s={search_term_string}"},"query-input":{"@type":"PropertyValueSpecification","valueRequired":true,"valueName":"search_term_string"}}],"inLanguage":"es"},{"@type":"Organization","@id":"https:\/\/www.padreeustaquio.com.br\/#organization","name":"Padre Eustace","url":"https:\/\/www.padreeustaquio.com.br\/","logo":{"@type":"ImageObject","inLanguage":"es","@id":"https:\/\/www.padreeustaquio.com.br\/#\/schema\/logo\/image\/","url":"https:\/\/www.padreeustaquio.com.br\/wp-content\/uploads\/2019\/08\/marca.png","contentUrl":"https:\/\/www.padreeustaquio.com.br\/wp-content\/uploads\/2019\/08\/marca.png","width":350,"height":400,"caption":"Padre Eust\u00e1quio"},"image":{"@id":"https:\/\/www.padreeustaquio.com.br\/#\/schema\/logo\/image\/"},"sameAs":["https:\/\/www.facebook.com\/beatopadreeustaquio\/","https:\/\/x.com\/beatopeustaquio","https:\/\/www.instagram.com\/beatopadreeustaquio\/","https:\/\/www.youtube.com\/channel\/UCRhw7vfabnajwLxb1ZXMeIw"]},{"@type":"Person","@id":"https:\/\/www.padreeustaquio.com.br\/#\/schema\/person\/a2a51db1d00f1a7af0204a0f1ddb1566","name":"@sscc","image":{"@type":"ImageObject","inLanguage":"es","@id":"https:\/\/secure.gravatar.com\/avatar\/68cfafa5f44617fea54071e215026e0ff06be366c3d54a8425f04fdcb86f8c5f?s=96&d=mm&r=g","url":"https:\/\/secure.gravatar.com\/avatar\/68cfafa5f44617fea54071e215026e0ff06be366c3d54a8425f04fdcb86f8c5f?s=96&d=mm&r=g","contentUrl":"https:\/\/secure.gravatar.com\/avatar\/68cfafa5f44617fea54071e215026e0ff06be366c3d54a8425f04fdcb86f8c5f?s=96&d=mm&r=g","caption":"@sscc"},"url":"https:\/\/www.padreeustaquio.com.br\/es\/author\/sscc\/"}]}},"_links":{"self":[{"href":"https:\/\/www.padreeustaquio.com.br\/es\/wp-json\/wp\/v2\/posts\/11437","targetHints":{"allow":["GET"]}}],"collection":[{"href":"https:\/\/www.padreeustaquio.com.br\/es\/wp-json\/wp\/v2\/posts"}],"about":[{"href":"https:\/\/www.padreeustaquio.com.br\/es\/wp-json\/wp\/v2\/types\/post"}],"author":[{"embeddable":true,"href":"https:\/\/www.padreeustaquio.com.br\/es\/wp-json\/wp\/v2\/users\/2"}],"replies":[{"embeddable":true,"href":"https:\/\/www.padreeustaquio.com.br\/es\/wp-json\/wp\/v2\/comments?post=11437"}],"version-history":[{"count":0,"href":"https:\/\/www.padreeustaquio.com.br\/es\/wp-json\/wp\/v2\/posts\/11437\/revisions"}],"wp:featuredmedia":[{"embeddable":true,"href":"https:\/\/www.padreeustaquio.com.br\/es\/wp-json\/wp\/v2\/media\/11446"}],"wp:attachment":[{"href":"https:\/\/www.padreeustaquio.com.br\/es\/wp-json\/wp\/v2\/media?parent=11437"}],"wp:term":[{"taxonomy":"category","embeddable":true,"href":"https:\/\/www.padreeustaquio.com.br\/es\/wp-json\/wp\/v2\/categories?post=11437"},{"taxonomy":"post_tag","embeddable":true,"href":"https:\/\/www.padreeustaquio.com.br\/es\/wp-json\/wp\/v2\/tags?post=11437"}],"curies":[{"name":"wp","href":"https:\/\/api.w.org\/{rel}","templated":true}]}}