{"id":11434,"date":"2024-07-05T07:48:28","date_gmt":"2024-07-05T10:48:28","guid":{"rendered":"https:\/\/www.padreeustaquio.com.br\/?p=11434"},"modified":"2024-07-30T13:15:30","modified_gmt":"2024-07-30T16:15:30","slug":"el-canal-padre-eustaquio-transmitira-este-domingo-la-ordenacion-del-diacono-vanildo","status":"publish","type":"post","link":"https:\/\/www.padreeustaquio.com.br\/es\/el-canal-padre-eustaquio-transmitira-este-domingo-la-ordenacion-del-diacono-vanildo\/","title":{"rendered":"Canal Padre Eust\u00e1quio transmite la Ordenaci\u00f3n del Di\u00e1cono Vanildo."},"content":{"rendered":"<p>Este domingo 7 de julio, a las 10 horas, el Canal Padre Eust\u00e1quio transmitir\u00e1 en vivo la Ordenaci\u00f3n Presbiteral del Di\u00e1cono Vanildo Lima Sena, SSCC. La ceremonia se realizar\u00e1 en la comunidad S\u00e3o Miguel en Guarapari, Esp\u00edrito Santo. <a href=\"https:\/\/www.youtube.com\/watch?v=hwY7rDhvUGk\">HAGA CLIC AQU\u00cd<\/a> \u00a1Y seguidnos!<\/p>\n<p>Presidida por Dom Andherson Franklin Lustoza de Souza, obispo auxiliar de la Arquidi\u00f3cesis de Vit\u00f3ria-ES, la celebraci\u00f3n en la Parroquia S\u00e3o Jos\u00e9, en Guarapari, contar\u00e1 con la presencia de hermanos de la congregaci\u00f3n y amigos, adem\u00e1s de la familia del di\u00e1cono.<\/p>\n<p>La Santa Misa con la imposici\u00f3n de manos por parte del Obispo Andherson y la oraci\u00f3n consacratoria se llevar\u00e1 a cabo en la cancha de deportes de la comunidad y ser\u00e1 transmitida en vivo por el Canal Padre Eust\u00e1quio en YouTube.<\/p>\n<p><strong>Di\u00e1cono Vanildo Lima Sena, SSCC<\/strong><\/p>\n<p>Vanildo Lima Sena, SS.CC. naci\u00f3 en la ciudad de Anchieta-ES, el 12 de diciembre de 1992. Hijo de Valdemir Jos\u00e9 Sena y Marilza Machado Lima Sena, ingres\u00f3 a la Congregaci\u00f3n de los Sagrados Corazones en 2016. Complet\u00f3 su noviciado en 2019 en Chaclacayo y profes\u00f3 sus primeros votos el 25 de enero de 2020, en la Capilla de Casa Anchieta en Boraceia-SP.<\/p>\n<p>Complet\u00f3 sus estudios de Teolog\u00eda en 2020 en la Facultad Jesuita. En 2021, complet\u00f3 su a\u00f1o pastoral en la Comunidad de los Sagrados Corazones en Tijuca, R\u00edo de Janeiro. En 2022, comenz\u00f3 a residir en la comunidad religiosa del Santuario de la Salud y la Paz en Belo Horizonte, donde ejerci\u00f3 la pastoral hasta noviembre de 2023. Emiti\u00f3 sus votos perpetuos el 27 de julio de 2023 en la Capilla S\u00e3o Jos\u00e9 Oper\u00e1rio en Pindamonhangaba, S\u00e3o Paulo.<\/p>\n<p>El 10 de noviembre de 2023, fue ordenado di\u00e1cono por el obispo Alo\u00edsio Pena Vitral en la Iglesia del Beato Padre Eust\u00e1quio en Belo Horizonte, Minas Gerais. A partir de esa fecha, comenz\u00f3 su misi\u00f3n en Pedra Azul, en el Valle de Jequitinhonha, funci\u00f3n que contin\u00faa hasta la fecha.<\/p>","protected":false},"excerpt":{"rendered":"<p>Neste domingo, dia 7 de julho, \u00e0s 10h, o Canal Padre Eust\u00e1quio transmite, ao vivo, a Ordena\u00e7\u00e3o Presbiteral do Di\u00e1cono Vanildo Lima Sena, SSCC. A cerim\u00f4nia ser\u00e1 realizada na comunidade S\u00e3o Miguel, em Guarapari-ES. CLIQUE AQUI e acompanhe conosco! Presidida por Dom Andherson Franklin Lustoza de Souza, bispo auxiliar da Arquidiocese de Vit\u00f3ria-ES, a celebra\u00e7\u00e3o na Par\u00f3quia S\u00e3o Jos\u00e9 de Guarapari, contar\u00e1 com a presen\u00e7a dos irm\u00e3os de congrega\u00e7\u00e3o e amigos, al\u00e9m da fam\u00edlia do di\u00e1cono. A Santa Missa com a imposi\u00e7\u00e3o das m\u00e3os de Dom Andherson e ora\u00e7\u00e3o consecrat\u00f3ria acontecer\u00e1 na quadra poliesportiva da comunidade e ser\u00e1 transmitida, ao [&hellip;]<\/p>\n","protected":false},"author":2,"featured_media":11435,"comment_status":"open","ping_status":"closed","sticky":false,"template":"","format":"standard","meta":{"_acf_changed":false,"footnotes":""},"categories":[611],"tags":[],"class_list":["post-11434","post","type-post","status-publish","format-standard","has-post-thumbnail","hentry","category-noticias"],"acf":[],"yoast_head":"<!-- This site is optimized with the Yoast SEO plugin v27.2 - https:\/\/yoast.com\/product\/yoast-seo-wordpress\/ -->\n<title>Canal Padre Eust\u00e1quio exibe a Ordena\u00e7\u00e3o do Di\u00e1cono Vanildo<\/title>\n<meta name=\"description\" content=\"Neste domingo, dia 7 de julho, \u00e0s 10h, o Canal Padre Eust\u00e1quio transmite, ao vivo, a Ordena\u00e7\u00e3o Presbiteral do Di\u00e1cono Vanildo Lima Sena, SSCC. A cerim\u00f4nia ser\u00e1 realizada na comunidade S\u00e3o Miguel, em Guarapari-ES. CLIQUE AQUI e acompanhe conosco!\" \/>\n<meta name=\"robots\" content=\"index, follow, max-snippet:-1, max-image-preview:large, max-video-preview:-1\" \/>\n<link rel=\"canonical\" href=\"https:\/\/www.padreeustaquio.com.br\/es\/el-canal-padre-eustaquio-transmitira-este-domingo-la-ordenacion-del-diacono-vanildo\/\" \/>\n<meta property=\"og:locale\" content=\"es_ES\" \/>\n<meta property=\"og:type\" content=\"article\" \/>\n<meta property=\"og:title\" content=\"Canal Padre Eust\u00e1quio exibe a Ordena\u00e7\u00e3o do Di\u00e1cono Vanildo\" \/>\n<meta property=\"og:description\" content=\"Neste domingo, dia 7 de julho, \u00e0s 10h, o Canal Padre Eust\u00e1quio transmite, ao vivo, a Ordena\u00e7\u00e3o Presbiteral do Di\u00e1cono Vanildo Lima Sena, SSCC. A cerim\u00f4nia ser\u00e1 realizada na comunidade S\u00e3o Miguel, em Guarapari-ES. CLIQUE AQUI e acompanhe conosco!\" \/>\n<meta property=\"og:url\" content=\"https:\/\/www.padreeustaquio.com.br\/es\/el-canal-padre-eustaquio-transmitira-este-domingo-la-ordenacion-del-diacono-vanildo\/\" \/>\n<meta property=\"og:site_name\" content=\"Padre Eust\u00e1quio\" \/>\n<meta property=\"article:publisher\" content=\"https:\/\/www.facebook.com\/beatopadreeustaquio\/\" \/>\n<meta property=\"article:published_time\" content=\"2024-07-05T10:48:28+00:00\" \/>\n<meta property=\"article:modified_time\" content=\"2024-07-30T16:15:30+00:00\" \/>\n<meta property=\"og:image\" content=\"https:\/\/www.padreeustaquio.com.br\/wp-content\/uploads\/2024\/07\/07-VANILDO.jpg\" \/>\n\t<meta property=\"og:image:width\" content=\"1920\" \/>\n\t<meta property=\"og:image:height\" content=\"1080\" \/>\n\t<meta property=\"og:image:type\" content=\"image\/jpeg\" \/>\n<meta name=\"author\" content=\"@sscc\" \/>\n<meta name=\"twitter:card\" content=\"summary_large_image\" \/>\n<meta name=\"twitter:creator\" content=\"@beatopeustaquio\" \/>\n<meta name=\"twitter:site\" content=\"@beatopeustaquio\" \/>\n<meta name=\"twitter:label1\" content=\"Escrito por\" \/>\n\t<meta name=\"twitter:data1\" content=\"@sscc\" \/>\n\t<meta name=\"twitter:label2\" content=\"Tiempo de lectura\" \/>\n\t<meta name=\"twitter:data2\" content=\"2 minutos\" \/>\n<script type=\"application\/ld+json\" class=\"yoast-schema-graph\">{\"@context\":\"https:\/\/schema.org\",\"@graph\":[{\"@type\":\"Article\",\"@id\":\"https:\/\/www.padreeustaquio.com.br\/canal-padre-eustaquio-exibe-neste-domingo-a-ordenacao-do-diac-vanildo\/#article\",\"isPartOf\":{\"@id\":\"https:\/\/www.padreeustaquio.com.br\/canal-padre-eustaquio-exibe-neste-domingo-a-ordenacao-do-diac-vanildo\/\"},\"author\":{\"name\":\"@sscc\",\"@id\":\"https:\/\/www.padreeustaquio.com.br\/#\/schema\/person\/a2a51db1d00f1a7af0204a0f1ddb1566\"},\"headline\":\"Canal Padre Eust\u00e1quio exibe a Ordena\u00e7\u00e3o do Di\u00e1cono Vanildo\",\"datePublished\":\"2024-07-05T10:48:28+00:00\",\"dateModified\":\"2024-07-30T16:15:30+00:00\",\"mainEntityOfPage\":{\"@id\":\"https:\/\/www.padreeustaquio.com.br\/canal-padre-eustaquio-exibe-neste-domingo-a-ordenacao-do-diac-vanildo\/\"},\"wordCount\":315,\"commentCount\":0,\"publisher\":{\"@id\":\"https:\/\/www.padreeustaquio.com.br\/#organization\"},\"image\":{\"@id\":\"https:\/\/www.padreeustaquio.com.br\/canal-padre-eustaquio-exibe-neste-domingo-a-ordenacao-do-diac-vanildo\/#primaryimage\"},\"thumbnailUrl\":\"https:\/\/www.padreeustaquio.com.br\/wp-content\/uploads\/2024\/07\/07-VANILDO.jpg\",\"articleSection\":[\"Not\u00edcias\"],\"inLanguage\":\"es\",\"potentialAction\":[{\"@type\":\"CommentAction\",\"name\":\"Comment\",\"target\":[\"https:\/\/www.padreeustaquio.com.br\/canal-padre-eustaquio-exibe-neste-domingo-a-ordenacao-do-diac-vanildo\/#respond\"]}]},{\"@type\":\"WebPage\",\"@id\":\"https:\/\/www.padreeustaquio.com.br\/canal-padre-eustaquio-exibe-neste-domingo-a-ordenacao-do-diac-vanildo\/\",\"url\":\"https:\/\/www.padreeustaquio.com.br\/canal-padre-eustaquio-exibe-neste-domingo-a-ordenacao-do-diac-vanildo\/\",\"name\":\"Canal Padre Eust\u00e1quio exibe a Ordena\u00e7\u00e3o do Di\u00e1cono Vanildo\",\"isPartOf\":{\"@id\":\"https:\/\/www.padreeustaquio.com.br\/#website\"},\"primaryImageOfPage\":{\"@id\":\"https:\/\/www.padreeustaquio.com.br\/canal-padre-eustaquio-exibe-neste-domingo-a-ordenacao-do-diac-vanildo\/#primaryimage\"},\"image\":{\"@id\":\"https:\/\/www.padreeustaquio.com.br\/canal-padre-eustaquio-exibe-neste-domingo-a-ordenacao-do-diac-vanildo\/#primaryimage\"},\"thumbnailUrl\":\"https:\/\/www.padreeustaquio.com.br\/wp-content\/uploads\/2024\/07\/07-VANILDO.jpg\",\"datePublished\":\"2024-07-05T10:48:28+00:00\",\"dateModified\":\"2024-07-30T16:15:30+00:00\",\"description\":\"Neste domingo, dia 7 de julho, \u00e0s 10h, o Canal Padre Eust\u00e1quio transmite, ao vivo, a Ordena\u00e7\u00e3o Presbiteral do Di\u00e1cono Vanildo Lima Sena, SSCC. A cerim\u00f4nia ser\u00e1 realizada na comunidade S\u00e3o Miguel, em Guarapari-ES. CLIQUE AQUI e acompanhe conosco!\",\"breadcrumb\":{\"@id\":\"https:\/\/www.padreeustaquio.com.br\/canal-padre-eustaquio-exibe-neste-domingo-a-ordenacao-do-diac-vanildo\/#breadcrumb\"},\"inLanguage\":\"es\",\"potentialAction\":[{\"@type\":\"ReadAction\",\"target\":[\"https:\/\/www.padreeustaquio.com.br\/canal-padre-eustaquio-exibe-neste-domingo-a-ordenacao-do-diac-vanildo\/\"]}]},{\"@type\":\"ImageObject\",\"inLanguage\":\"es\",\"@id\":\"https:\/\/www.padreeustaquio.com.br\/canal-padre-eustaquio-exibe-neste-domingo-a-ordenacao-do-diac-vanildo\/#primaryimage\",\"url\":\"https:\/\/www.padreeustaquio.com.br\/wp-content\/uploads\/2024\/07\/07-VANILDO.jpg\",\"contentUrl\":\"https:\/\/www.padreeustaquio.com.br\/wp-content\/uploads\/2024\/07\/07-VANILDO.jpg\",\"width\":1920,\"height\":1080},{\"@type\":\"BreadcrumbList\",\"@id\":\"https:\/\/www.padreeustaquio.com.br\/canal-padre-eustaquio-exibe-neste-domingo-a-ordenacao-do-diac-vanildo\/#breadcrumb\",\"itemListElement\":[{\"@type\":\"ListItem\",\"position\":1,\"name\":\"In\u00edcio\",\"item\":\"https:\/\/www.padreeustaquio.com.br\/\"},{\"@type\":\"ListItem\",\"position\":2,\"name\":\"Canal Padre Eust\u00e1quio exibe a Ordena\u00e7\u00e3o do Di\u00e1cono Vanildo\"}]},{\"@type\":\"WebSite\",\"@id\":\"https:\/\/www.padreeustaquio.com.br\/#website\",\"url\":\"https:\/\/www.padreeustaquio.com.br\/\",\"name\":\"Padre Eust\u00e1quio\",\"description\":\"Sa\u00fade e Paz\",\"publisher\":{\"@id\":\"https:\/\/www.padreeustaquio.com.br\/#organization\"},\"potentialAction\":[{\"@type\":\"SearchAction\",\"target\":{\"@type\":\"EntryPoint\",\"urlTemplate\":\"https:\/\/www.padreeustaquio.com.br\/?s={search_term_string}\"},\"query-input\":{\"@type\":\"PropertyValueSpecification\",\"valueRequired\":true,\"valueName\":\"search_term_string\"}}],\"inLanguage\":\"es\"},{\"@type\":\"Organization\",\"@id\":\"https:\/\/www.padreeustaquio.com.br\/#organization\",\"name\":\"Padre Eust\u00e1quio\",\"url\":\"https:\/\/www.padreeustaquio.com.br\/\",\"logo\":{\"@type\":\"ImageObject\",\"inLanguage\":\"es\",\"@id\":\"https:\/\/www.padreeustaquio.com.br\/#\/schema\/logo\/image\/\",\"url\":\"https:\/\/www.padreeustaquio.com.br\/wp-content\/uploads\/2019\/08\/marca.png\",\"contentUrl\":\"https:\/\/www.padreeustaquio.com.br\/wp-content\/uploads\/2019\/08\/marca.png\",\"width\":350,\"height\":400,\"caption\":\"Padre Eust\u00e1quio\"},\"image\":{\"@id\":\"https:\/\/www.padreeustaquio.com.br\/#\/schema\/logo\/image\/\"},\"sameAs\":[\"https:\/\/www.facebook.com\/beatopadreeustaquio\/\",\"https:\/\/x.com\/beatopeustaquio\",\"https:\/\/www.instagram.com\/beatopadreeustaquio\/\",\"https:\/\/www.youtube.com\/channel\/UCRhw7vfabnajwLxb1ZXMeIw\"]},{\"@type\":\"Person\",\"@id\":\"https:\/\/www.padreeustaquio.com.br\/#\/schema\/person\/a2a51db1d00f1a7af0204a0f1ddb1566\",\"name\":\"@sscc\",\"image\":{\"@type\":\"ImageObject\",\"inLanguage\":\"es\",\"@id\":\"https:\/\/secure.gravatar.com\/avatar\/68cfafa5f44617fea54071e215026e0ff06be366c3d54a8425f04fdcb86f8c5f?s=96&d=mm&r=g\",\"url\":\"https:\/\/secure.gravatar.com\/avatar\/68cfafa5f44617fea54071e215026e0ff06be366c3d54a8425f04fdcb86f8c5f?s=96&d=mm&r=g\",\"contentUrl\":\"https:\/\/secure.gravatar.com\/avatar\/68cfafa5f44617fea54071e215026e0ff06be366c3d54a8425f04fdcb86f8c5f?s=96&d=mm&r=g\",\"caption\":\"@sscc\"},\"url\":\"https:\/\/www.padreeustaquio.com.br\/es\/author\/sscc\/\"}]}<\/script>\n<!-- \/ Yoast SEO plugin. -->","yoast_head_json":{"title":"Canal Padre Eust\u00e1quio transmite la Ordenaci\u00f3n del Di\u00e1cono Vanildo.","description":"Este domingo 7 de julio, a las 10:00 h, el Canal Padre Eust\u00e1quio transmitir\u00e1 en vivo la Ordenaci\u00f3n Presbiteral del Di\u00e1cono Vanildo Lima Sena, SSCC. La ceremonia se celebrar\u00e1 en la comunidad de S\u00e3o Miguel en Guarapari, ES. \u00a1Haz clic aqu\u00ed y s\u00edguenos!","robots":{"index":"index","follow":"follow","max-snippet":"max-snippet:-1","max-image-preview":"max-image-preview:large","max-video-preview":"max-video-preview:-1"},"canonical":"https:\/\/www.padreeustaquio.com.br\/es\/el-canal-padre-eustaquio-transmitira-este-domingo-la-ordenacion-del-diacono-vanildo\/","og_locale":"es_ES","og_type":"article","og_title":"Canal Padre Eust\u00e1quio exibe a Ordena\u00e7\u00e3o do Di\u00e1cono Vanildo","og_description":"Neste domingo, dia 7 de julho, \u00e0s 10h, o Canal Padre Eust\u00e1quio transmite, ao vivo, a Ordena\u00e7\u00e3o Presbiteral do Di\u00e1cono Vanildo Lima Sena, SSCC. A cerim\u00f4nia ser\u00e1 realizada na comunidade S\u00e3o Miguel, em Guarapari-ES. CLIQUE AQUI e acompanhe conosco!","og_url":"https:\/\/www.padreeustaquio.com.br\/es\/el-canal-padre-eustaquio-transmitira-este-domingo-la-ordenacion-del-diacono-vanildo\/","og_site_name":"Padre Eust\u00e1quio","article_publisher":"https:\/\/www.facebook.com\/beatopadreeustaquio\/","article_published_time":"2024-07-05T10:48:28+00:00","article_modified_time":"2024-07-30T16:15:30+00:00","og_image":[{"width":1920,"height":1080,"url":"https:\/\/www.padreeustaquio.com.br\/wp-content\/uploads\/2024\/07\/07-VANILDO.jpg","type":"image\/jpeg"}],"author":"@sscc","twitter_card":"summary_large_image","twitter_creator":"@beatopeustaquio","twitter_site":"@beatopeustaquio","twitter_misc":{"Escrito por":"@sscc","Tiempo de lectura":"2 minutos"},"schema":{"@context":"https:\/\/schema.org","@graph":[{"@type":"Article","@id":"https:\/\/www.padreeustaquio.com.br\/canal-padre-eustaquio-exibe-neste-domingo-a-ordenacao-do-diac-vanildo\/#article","isPartOf":{"@id":"https:\/\/www.padreeustaquio.com.br\/canal-padre-eustaquio-exibe-neste-domingo-a-ordenacao-do-diac-vanildo\/"},"author":{"name":"@sscc","@id":"https:\/\/www.padreeustaquio.com.br\/#\/schema\/person\/a2a51db1d00f1a7af0204a0f1ddb1566"},"headline":"Canal Padre Eust\u00e1quio exibe a Ordena\u00e7\u00e3o do Di\u00e1cono Vanildo","datePublished":"2024-07-05T10:48:28+00:00","dateModified":"2024-07-30T16:15:30+00:00","mainEntityOfPage":{"@id":"https:\/\/www.padreeustaquio.com.br\/canal-padre-eustaquio-exibe-neste-domingo-a-ordenacao-do-diac-vanildo\/"},"wordCount":315,"commentCount":0,"publisher":{"@id":"https:\/\/www.padreeustaquio.com.br\/#organization"},"image":{"@id":"https:\/\/www.padreeustaquio.com.br\/canal-padre-eustaquio-exibe-neste-domingo-a-ordenacao-do-diac-vanildo\/#primaryimage"},"thumbnailUrl":"https:\/\/www.padreeustaquio.com.br\/wp-content\/uploads\/2024\/07\/07-VANILDO.jpg","articleSection":["Not\u00edcias"],"inLanguage":"es","potentialAction":[{"@type":"CommentAction","name":"Comment","target":["https:\/\/www.padreeustaquio.com.br\/canal-padre-eustaquio-exibe-neste-domingo-a-ordenacao-do-diac-vanildo\/#respond"]}]},{"@type":"WebPage","@id":"https:\/\/www.padreeustaquio.com.br\/canal-padre-eustaquio-exibe-neste-domingo-a-ordenacao-do-diac-vanildo\/","url":"https:\/\/www.padreeustaquio.com.br\/canal-padre-eustaquio-exibe-neste-domingo-a-ordenacao-do-diac-vanildo\/","name":"Canal Padre Eust\u00e1quio transmite la Ordenaci\u00f3n del Di\u00e1cono Vanildo.","isPartOf":{"@id":"https:\/\/www.padreeustaquio.com.br\/#website"},"primaryImageOfPage":{"@id":"https:\/\/www.padreeustaquio.com.br\/canal-padre-eustaquio-exibe-neste-domingo-a-ordenacao-do-diac-vanildo\/#primaryimage"},"image":{"@id":"https:\/\/www.padreeustaquio.com.br\/canal-padre-eustaquio-exibe-neste-domingo-a-ordenacao-do-diac-vanildo\/#primaryimage"},"thumbnailUrl":"https:\/\/www.padreeustaquio.com.br\/wp-content\/uploads\/2024\/07\/07-VANILDO.jpg","datePublished":"2024-07-05T10:48:28+00:00","dateModified":"2024-07-30T16:15:30+00:00","description":"Este domingo 7 de julio, a las 10:00 h, el Canal Padre Eust\u00e1quio transmitir\u00e1 en vivo la Ordenaci\u00f3n Presbiteral del Di\u00e1cono Vanildo Lima Sena, SSCC. La ceremonia se celebrar\u00e1 en la comunidad de S\u00e3o Miguel en Guarapari, ES. \u00a1Haz clic aqu\u00ed y s\u00edguenos!","breadcrumb":{"@id":"https:\/\/www.padreeustaquio.com.br\/canal-padre-eustaquio-exibe-neste-domingo-a-ordenacao-do-diac-vanildo\/#breadcrumb"},"inLanguage":"es","potentialAction":[{"@type":"ReadAction","target":["https:\/\/www.padreeustaquio.com.br\/canal-padre-eustaquio-exibe-neste-domingo-a-ordenacao-do-diac-vanildo\/"]}]},{"@type":"ImageObject","inLanguage":"es","@id":"https:\/\/www.padreeustaquio.com.br\/canal-padre-eustaquio-exibe-neste-domingo-a-ordenacao-do-diac-vanildo\/#primaryimage","url":"https:\/\/www.padreeustaquio.com.br\/wp-content\/uploads\/2024\/07\/07-VANILDO.jpg","contentUrl":"https:\/\/www.padreeustaquio.com.br\/wp-content\/uploads\/2024\/07\/07-VANILDO.jpg","width":1920,"height":1080},{"@type":"BreadcrumbList","@id":"https:\/\/www.padreeustaquio.com.br\/canal-padre-eustaquio-exibe-neste-domingo-a-ordenacao-do-diac-vanildo\/#breadcrumb","itemListElement":[{"@type":"ListItem","position":1,"name":"In\u00edcio","item":"https:\/\/www.padreeustaquio.com.br\/"},{"@type":"ListItem","position":2,"name":"Canal Padre Eust\u00e1quio exibe a Ordena\u00e7\u00e3o do Di\u00e1cono Vanildo"}]},{"@type":"WebSite","@id":"https:\/\/www.padreeustaquio.com.br\/#website","url":"https:\/\/www.padreeustaquio.com.br\/","name":"Padre Eustace","description":"Salud y Paz","publisher":{"@id":"https:\/\/www.padreeustaquio.com.br\/#organization"},"potentialAction":[{"@type":"SearchAction","target":{"@type":"EntryPoint","urlTemplate":"https:\/\/www.padreeustaquio.com.br\/?s={search_term_string}"},"query-input":{"@type":"PropertyValueSpecification","valueRequired":true,"valueName":"search_term_string"}}],"inLanguage":"es"},{"@type":"Organization","@id":"https:\/\/www.padreeustaquio.com.br\/#organization","name":"Padre Eustace","url":"https:\/\/www.padreeustaquio.com.br\/","logo":{"@type":"ImageObject","inLanguage":"es","@id":"https:\/\/www.padreeustaquio.com.br\/#\/schema\/logo\/image\/","url":"https:\/\/www.padreeustaquio.com.br\/wp-content\/uploads\/2019\/08\/marca.png","contentUrl":"https:\/\/www.padreeustaquio.com.br\/wp-content\/uploads\/2019\/08\/marca.png","width":350,"height":400,"caption":"Padre Eust\u00e1quio"},"image":{"@id":"https:\/\/www.padreeustaquio.com.br\/#\/schema\/logo\/image\/"},"sameAs":["https:\/\/www.facebook.com\/beatopadreeustaquio\/","https:\/\/x.com\/beatopeustaquio","https:\/\/www.instagram.com\/beatopadreeustaquio\/","https:\/\/www.youtube.com\/channel\/UCRhw7vfabnajwLxb1ZXMeIw"]},{"@type":"Person","@id":"https:\/\/www.padreeustaquio.com.br\/#\/schema\/person\/a2a51db1d00f1a7af0204a0f1ddb1566","name":"@sscc","image":{"@type":"ImageObject","inLanguage":"es","@id":"https:\/\/secure.gravatar.com\/avatar\/68cfafa5f44617fea54071e215026e0ff06be366c3d54a8425f04fdcb86f8c5f?s=96&d=mm&r=g","url":"https:\/\/secure.gravatar.com\/avatar\/68cfafa5f44617fea54071e215026e0ff06be366c3d54a8425f04fdcb86f8c5f?s=96&d=mm&r=g","contentUrl":"https:\/\/secure.gravatar.com\/avatar\/68cfafa5f44617fea54071e215026e0ff06be366c3d54a8425f04fdcb86f8c5f?s=96&d=mm&r=g","caption":"@sscc"},"url":"https:\/\/www.padreeustaquio.com.br\/es\/author\/sscc\/"}]}},"_links":{"self":[{"href":"https:\/\/www.padreeustaquio.com.br\/es\/wp-json\/wp\/v2\/posts\/11434","targetHints":{"allow":["GET"]}}],"collection":[{"href":"https:\/\/www.padreeustaquio.com.br\/es\/wp-json\/wp\/v2\/posts"}],"about":[{"href":"https:\/\/www.padreeustaquio.com.br\/es\/wp-json\/wp\/v2\/types\/post"}],"author":[{"embeddable":true,"href":"https:\/\/www.padreeustaquio.com.br\/es\/wp-json\/wp\/v2\/users\/2"}],"replies":[{"embeddable":true,"href":"https:\/\/www.padreeustaquio.com.br\/es\/wp-json\/wp\/v2\/comments?post=11434"}],"version-history":[{"count":0,"href":"https:\/\/www.padreeustaquio.com.br\/es\/wp-json\/wp\/v2\/posts\/11434\/revisions"}],"wp:featuredmedia":[{"embeddable":true,"href":"https:\/\/www.padreeustaquio.com.br\/es\/wp-json\/wp\/v2\/media\/11435"}],"wp:attachment":[{"href":"https:\/\/www.padreeustaquio.com.br\/es\/wp-json\/wp\/v2\/media?parent=11434"}],"wp:term":[{"taxonomy":"category","embeddable":true,"href":"https:\/\/www.padreeustaquio.com.br\/es\/wp-json\/wp\/v2\/categories?post=11434"},{"taxonomy":"post_tag","embeddable":true,"href":"https:\/\/www.padreeustaquio.com.br\/es\/wp-json\/wp\/v2\/tags?post=11434"}],"curies":[{"name":"wp","href":"https:\/\/api.w.org\/{rel}","templated":true}]}}