{"id":11410,"date":"2024-06-28T13:20:14","date_gmt":"2024-06-28T16:20:14","guid":{"rendered":"https:\/\/www.padreeustaquio.com.br\/?p=11410"},"modified":"2024-06-28T13:20:14","modified_gmt":"2024-06-28T16:20:14","slug":"carlo-acutis-el-beato-milenial-sera-canonizado-por-el-papa-francisco","status":"publish","type":"post","link":"https:\/\/www.padreeustaquio.com.br\/es\/carlo-acutis-el-beato-milenial-sera-canonizado-por-el-papa-francisco\/","title":{"rendered":"Carlo Acutis: El beato \u2018Millennial\u2019 ser\u00e1 canonizado por el Papa Francisco."},"content":{"rendered":"<p>El mes pasado, la Iglesia Cat\u00f3lica reconoci\u00f3 el segundo milagro atribuido al beato italiano Carlo Acutis, quien san\u00f3 a una joven costarricense tras un accidente. Este reconocimiento conducir\u00e1 a la canonizaci\u00f3n de Acutis por la Iglesia Cat\u00f3lica. Conocido como el &quot;santo patrono de internet&quot;, Carlo Acutis fue un adolescente que us\u00f3 la web para evangelizar e inspirar a los fieles. Falleci\u00f3 en 2006 a los 15 a\u00f1os, pero su influencia sigue creciendo.<\/p>\n<p><strong>Milagro en Costa Rica<\/strong><\/p>\n<p>El segundo milagro atribuido a Carlo Acutis ocurri\u00f3 en 2022, cuando san\u00f3 a Valeria, una joven costarricense, tras un grave accidente de bicicleta. Con pocas posibilidades de sobrevivir, Valeria se cur\u00f3 milagrosamente d\u00edas despu\u00e9s de que su madre rezara ante la tumba de Acutis en As\u00eds, Italia. Este extraordinario acontecimiento llev\u00f3 al papa Francisco a reconocer oficialmente el milagro.<\/p>\n<p>Carlo Acutis fue beatificado en 2020 tras el reconocimiento de su primer milagro. En 2010, un ni\u00f1o de Campo Grande, Mato Grosso do Sul, toc\u00f3 una reliquia de Acutis y se cur\u00f3 de una grave afecci\u00f3n. El ni\u00f1o, que padec\u00eda un problema de p\u00e1ncreas, se recuper\u00f3 por completo tras tocar la vestimenta de Carlo Acutis durante una misa.<\/p>\n<p><strong>\u00bfQui\u00e9n fue Carlo Acutis?<\/strong><\/p>\n<p>Nacido en Londres el 3 de mayo de 1991, Carlo Acutis pas\u00f3 la mayor parte de su vida en Mil\u00e1n, Italia. Desde peque\u00f1o, demostr\u00f3 una profunda devoci\u00f3n religiosa, asistiendo a misa a diario y dedic\u00e1ndose al rosario y a la adoraci\u00f3n eucar\u00edstica. Adem\u00e1s de su fe, Acutis era un apasionado de la tecnolog\u00eda y pose\u00eda conocimientos avanzados de inform\u00e1tica para su edad.<\/p>\n<p>Combin\u00f3 estas dos pasiones creando un sitio web que catalogaba milagros y promov\u00eda la evangelizaci\u00f3n digital. Su habilidad y dedicaci\u00f3n a la fe y la tecnolog\u00eda le valieron el t\u00edtulo de &quot;santo patr\u00f3n de internet&quot;. Seg\u00fan su madre, Antonia Acutis, Carlo us\u00f3 sus dones para ayudar a los dem\u00e1s e inspirar a sus amigos y conocidos.<\/p>\n<p><img fetchpriority=\"high\" decoding=\"async\" class=\"size-medium wp-image-11411 alignleft\" src=\"https:\/\/www.padreeustaquio.com.br\/wp-content\/uploads\/2024\/06\/beato-carlo-acutis-300x225.jpeg\" alt=\"\" width=\"300\" height=\"225\" srcset=\"https:\/\/www.padreeustaquio.com.br\/wp-content\/uploads\/2024\/06\/beato-carlo-acutis-300x225.jpeg 300w, https:\/\/www.padreeustaquio.com.br\/wp-content\/uploads\/2024\/06\/beato-carlo-acutis-1024x768.jpeg 1024w, https:\/\/www.padreeustaquio.com.br\/wp-content\/uploads\/2024\/06\/beato-carlo-acutis-768x576.jpeg 768w, https:\/\/www.padreeustaquio.com.br\/wp-content\/uploads\/2024\/06\/beato-carlo-acutis-1536x1152.jpeg 1536w, https:\/\/www.padreeustaquio.com.br\/wp-content\/uploads\/2024\/06\/beato-carlo-acutis-180x135.jpeg 180w, https:\/\/www.padreeustaquio.com.br\/wp-content\/uploads\/2024\/06\/beato-carlo-acutis-400x300.jpeg 400w, https:\/\/www.padreeustaquio.com.br\/wp-content\/uploads\/2024\/06\/beato-carlo-acutis-600x450.jpeg 600w, https:\/\/www.padreeustaquio.com.br\/wp-content\/uploads\/2024\/06\/beato-carlo-acutis-800x600.jpeg 800w, https:\/\/www.padreeustaquio.com.br\/wp-content\/uploads\/2024\/06\/beato-carlo-acutis-1200x900.jpeg 1200w, https:\/\/www.padreeustaquio.com.br\/wp-content\/uploads\/2024\/06\/beato-carlo-acutis.jpeg 1600w\" sizes=\"(max-width: 300px) 100vw, 300px\" \/>Carlo Acutis fue diagnosticado con leucemia y muri\u00f3 el 12 de octubre de 2006, d\u00eda de Nuestra Se\u00f1ora de Aparecida, patrona de Brasil.<\/p>\n<p><em>*En abril de 2023, el vicepostulador de la Causa de Canonizaci\u00f3n del Beato Padre Eust\u00e1quio, Padre Vin\u00edcius Maciel, ss.cc., visit\u00f3 la tumba del Beato Carlo Acutis en As\u00eds (Italia). All\u00ed, el Padre Vin\u00edcius or\u00f3 por los j\u00f3venes y adolescentes para que se inspiraran en el ejemplo del futuro santo.<\/p>\n<p><\/em><\/p>","protected":false},"excerpt":{"rendered":"<p>A Igreja Cat\u00f3lica reconheceu, no m\u00eas passado, o segundo milagre atribu\u00eddo ao beato italiano Carlo Acutis, que curou uma jovem da Costa Rica ap\u00f3s um acidente. Este reconhecimento levar\u00e1 Acutis \u00e0 santifica\u00e7\u00e3o pela Igreja Cat\u00f3lica. Conhecido como o &#8220;padroeiro da internet&#8221;, Carlo Acutis foi um adolescente que usou a web para evangelizar e inspirar fi\u00e9is. Ele faleceu em 2006 aos 15 anos, mas sua influ\u00eancia continua a crescer. Milagre em Costa Rica O segundo milagre atribu\u00eddo a Carlo Acutis ocorreu em 2022, quando ele curou Valeria, uma jovem da Costa Rica, ap\u00f3s um grave acidente de bicicleta. Com poucas chances [&hellip;]<\/p>\n","protected":false},"author":2,"featured_media":11412,"comment_status":"open","ping_status":"closed","sticky":false,"template":"","format":"standard","meta":{"_acf_changed":false,"footnotes":""},"categories":[611],"tags":[],"class_list":["post-11410","post","type-post","status-publish","format-standard","has-post-thumbnail","hentry","category-noticias"],"acf":[],"yoast_head":"<!-- This site is optimized with the Yoast SEO plugin v27.2 - https:\/\/yoast.com\/product\/yoast-seo-wordpress\/ -->\n<title>Carlo Acutis: O Beato &#039;Millennial&#039; ser\u00e1 canonizado por Papa Francisco<\/title>\n<meta name=\"description\" content=\"A Igreja Cat\u00f3lica reconheceu, no m\u00eas passado, o segundo milagre atribu\u00eddo ao beato italiano Carlo Acutis, que curou uma jovem da Costa Rica ap\u00f3s um acidente. Este reconhecimento levar\u00e1 Acutis \u00e0 santifica\u00e7\u00e3o pela Igreja Cat\u00f3lica. Conhecido como o &quot;padroeiro da internet&quot;, Carlo Acutis foi um adolescente que usou a web para evangelizar e inspirar fi\u00e9is. Ele faleceu em 2006 aos 15 anos, mas sua influ\u00eancia continua a crescer.\" \/>\n<meta name=\"robots\" content=\"index, follow, max-snippet:-1, max-image-preview:large, max-video-preview:-1\" \/>\n<link rel=\"canonical\" href=\"https:\/\/www.padreeustaquio.com.br\/es\/carlo-acutis-el-beato-milenial-sera-canonizado-por-el-papa-francisco\/\" \/>\n<meta property=\"og:locale\" content=\"es_ES\" \/>\n<meta property=\"og:type\" content=\"article\" \/>\n<meta property=\"og:title\" content=\"Carlo Acutis: O Beato &#039;Millennial&#039; ser\u00e1 canonizado por Papa Francisco\" \/>\n<meta property=\"og:description\" content=\"A Igreja Cat\u00f3lica reconheceu, no m\u00eas passado, o segundo milagre atribu\u00eddo ao beato italiano Carlo Acutis, que curou uma jovem da Costa Rica ap\u00f3s um acidente. Este reconhecimento levar\u00e1 Acutis \u00e0 santifica\u00e7\u00e3o pela Igreja Cat\u00f3lica. Conhecido como o &quot;padroeiro da internet&quot;, Carlo Acutis foi um adolescente que usou a web para evangelizar e inspirar fi\u00e9is. Ele faleceu em 2006 aos 15 anos, mas sua influ\u00eancia continua a crescer.\" \/>\n<meta property=\"og:url\" content=\"https:\/\/www.padreeustaquio.com.br\/es\/carlo-acutis-el-beato-milenial-sera-canonizado-por-el-papa-francisco\/\" \/>\n<meta property=\"og:site_name\" content=\"Padre Eust\u00e1quio\" \/>\n<meta property=\"article:publisher\" content=\"https:\/\/www.facebook.com\/beatopadreeustaquio\/\" \/>\n<meta property=\"article:published_time\" content=\"2024-06-28T16:20:14+00:00\" \/>\n<meta property=\"og:image\" content=\"https:\/\/www.padreeustaquio.com.br\/wp-content\/uploads\/2024\/06\/pv-e-beato-carlo-acutis.jpg\" \/>\n\t<meta property=\"og:image:width\" content=\"748\" \/>\n\t<meta property=\"og:image:height\" content=\"394\" \/>\n\t<meta property=\"og:image:type\" content=\"image\/jpeg\" \/>\n<meta name=\"author\" content=\"@sscc\" \/>\n<meta name=\"twitter:card\" content=\"summary_large_image\" \/>\n<meta name=\"twitter:creator\" content=\"@beatopeustaquio\" \/>\n<meta name=\"twitter:site\" content=\"@beatopeustaquio\" \/>\n<meta name=\"twitter:label1\" content=\"Escrito por\" \/>\n\t<meta name=\"twitter:data1\" content=\"@sscc\" \/>\n\t<meta name=\"twitter:label2\" content=\"Tiempo de lectura\" \/>\n\t<meta name=\"twitter:data2\" content=\"3 minutos\" \/>\n<script type=\"application\/ld+json\" class=\"yoast-schema-graph\">{\"@context\":\"https:\/\/schema.org\",\"@graph\":[{\"@type\":\"Article\",\"@id\":\"https:\/\/www.padreeustaquio.com.br\/carlo-acutis-o-beato-millennial-sera-canonizado-por-papa-francisco\/#article\",\"isPartOf\":{\"@id\":\"https:\/\/www.padreeustaquio.com.br\/carlo-acutis-o-beato-millennial-sera-canonizado-por-papa-francisco\/\"},\"author\":{\"name\":\"@sscc\",\"@id\":\"https:\/\/www.padreeustaquio.com.br\/#\/schema\/person\/a2a51db1d00f1a7af0204a0f1ddb1566\"},\"headline\":\"Carlo Acutis: O Beato &#8216;Millennial&#8217; ser\u00e1 canonizado por Papa Francisco\",\"datePublished\":\"2024-06-28T16:20:14+00:00\",\"mainEntityOfPage\":{\"@id\":\"https:\/\/www.padreeustaquio.com.br\/carlo-acutis-o-beato-millennial-sera-canonizado-por-papa-francisco\/\"},\"wordCount\":419,\"commentCount\":0,\"publisher\":{\"@id\":\"https:\/\/www.padreeustaquio.com.br\/#organization\"},\"image\":{\"@id\":\"https:\/\/www.padreeustaquio.com.br\/carlo-acutis-o-beato-millennial-sera-canonizado-por-papa-francisco\/#primaryimage\"},\"thumbnailUrl\":\"https:\/\/www.padreeustaquio.com.br\/wp-content\/uploads\/2024\/06\/pv-e-beato-carlo-acutis.jpg\",\"articleSection\":[\"Not\u00edcias\"],\"inLanguage\":\"es\",\"potentialAction\":[{\"@type\":\"CommentAction\",\"name\":\"Comment\",\"target\":[\"https:\/\/www.padreeustaquio.com.br\/carlo-acutis-o-beato-millennial-sera-canonizado-por-papa-francisco\/#respond\"]}]},{\"@type\":\"WebPage\",\"@id\":\"https:\/\/www.padreeustaquio.com.br\/carlo-acutis-o-beato-millennial-sera-canonizado-por-papa-francisco\/\",\"url\":\"https:\/\/www.padreeustaquio.com.br\/carlo-acutis-o-beato-millennial-sera-canonizado-por-papa-francisco\/\",\"name\":\"Carlo Acutis: O Beato 'Millennial' ser\u00e1 canonizado por Papa Francisco\",\"isPartOf\":{\"@id\":\"https:\/\/www.padreeustaquio.com.br\/#website\"},\"primaryImageOfPage\":{\"@id\":\"https:\/\/www.padreeustaquio.com.br\/carlo-acutis-o-beato-millennial-sera-canonizado-por-papa-francisco\/#primaryimage\"},\"image\":{\"@id\":\"https:\/\/www.padreeustaquio.com.br\/carlo-acutis-o-beato-millennial-sera-canonizado-por-papa-francisco\/#primaryimage\"},\"thumbnailUrl\":\"https:\/\/www.padreeustaquio.com.br\/wp-content\/uploads\/2024\/06\/pv-e-beato-carlo-acutis.jpg\",\"datePublished\":\"2024-06-28T16:20:14+00:00\",\"description\":\"A Igreja Cat\u00f3lica reconheceu, no m\u00eas passado, o segundo milagre atribu\u00eddo ao beato italiano Carlo Acutis, que curou uma jovem da Costa Rica ap\u00f3s um acidente. Este reconhecimento levar\u00e1 Acutis \u00e0 santifica\u00e7\u00e3o pela Igreja Cat\u00f3lica. Conhecido como o \\\"padroeiro da internet\\\", Carlo Acutis foi um adolescente que usou a web para evangelizar e inspirar fi\u00e9is. Ele faleceu em 2006 aos 15 anos, mas sua influ\u00eancia continua a crescer.\",\"breadcrumb\":{\"@id\":\"https:\/\/www.padreeustaquio.com.br\/carlo-acutis-o-beato-millennial-sera-canonizado-por-papa-francisco\/#breadcrumb\"},\"inLanguage\":\"es\",\"potentialAction\":[{\"@type\":\"ReadAction\",\"target\":[\"https:\/\/www.padreeustaquio.com.br\/carlo-acutis-o-beato-millennial-sera-canonizado-por-papa-francisco\/\"]}]},{\"@type\":\"ImageObject\",\"inLanguage\":\"es\",\"@id\":\"https:\/\/www.padreeustaquio.com.br\/carlo-acutis-o-beato-millennial-sera-canonizado-por-papa-francisco\/#primaryimage\",\"url\":\"https:\/\/www.padreeustaquio.com.br\/wp-content\/uploads\/2024\/06\/pv-e-beato-carlo-acutis.jpg\",\"contentUrl\":\"https:\/\/www.padreeustaquio.com.br\/wp-content\/uploads\/2024\/06\/pv-e-beato-carlo-acutis.jpg\",\"width\":748,\"height\":394},{\"@type\":\"BreadcrumbList\",\"@id\":\"https:\/\/www.padreeustaquio.com.br\/carlo-acutis-o-beato-millennial-sera-canonizado-por-papa-francisco\/#breadcrumb\",\"itemListElement\":[{\"@type\":\"ListItem\",\"position\":1,\"name\":\"In\u00edcio\",\"item\":\"https:\/\/www.padreeustaquio.com.br\/\"},{\"@type\":\"ListItem\",\"position\":2,\"name\":\"Carlo Acutis: O Beato &#8216;Millennial&#8217; ser\u00e1 canonizado por Papa Francisco\"}]},{\"@type\":\"WebSite\",\"@id\":\"https:\/\/www.padreeustaquio.com.br\/#website\",\"url\":\"https:\/\/www.padreeustaquio.com.br\/\",\"name\":\"Padre Eust\u00e1quio\",\"description\":\"Sa\u00fade e Paz\",\"publisher\":{\"@id\":\"https:\/\/www.padreeustaquio.com.br\/#organization\"},\"potentialAction\":[{\"@type\":\"SearchAction\",\"target\":{\"@type\":\"EntryPoint\",\"urlTemplate\":\"https:\/\/www.padreeustaquio.com.br\/?s={search_term_string}\"},\"query-input\":{\"@type\":\"PropertyValueSpecification\",\"valueRequired\":true,\"valueName\":\"search_term_string\"}}],\"inLanguage\":\"es\"},{\"@type\":\"Organization\",\"@id\":\"https:\/\/www.padreeustaquio.com.br\/#organization\",\"name\":\"Padre Eust\u00e1quio\",\"url\":\"https:\/\/www.padreeustaquio.com.br\/\",\"logo\":{\"@type\":\"ImageObject\",\"inLanguage\":\"es\",\"@id\":\"https:\/\/www.padreeustaquio.com.br\/#\/schema\/logo\/image\/\",\"url\":\"https:\/\/www.padreeustaquio.com.br\/wp-content\/uploads\/2019\/08\/marca.png\",\"contentUrl\":\"https:\/\/www.padreeustaquio.com.br\/wp-content\/uploads\/2019\/08\/marca.png\",\"width\":350,\"height\":400,\"caption\":\"Padre Eust\u00e1quio\"},\"image\":{\"@id\":\"https:\/\/www.padreeustaquio.com.br\/#\/schema\/logo\/image\/\"},\"sameAs\":[\"https:\/\/www.facebook.com\/beatopadreeustaquio\/\",\"https:\/\/x.com\/beatopeustaquio\",\"https:\/\/www.instagram.com\/beatopadreeustaquio\/\",\"https:\/\/www.youtube.com\/channel\/UCRhw7vfabnajwLxb1ZXMeIw\"]},{\"@type\":\"Person\",\"@id\":\"https:\/\/www.padreeustaquio.com.br\/#\/schema\/person\/a2a51db1d00f1a7af0204a0f1ddb1566\",\"name\":\"@sscc\",\"image\":{\"@type\":\"ImageObject\",\"inLanguage\":\"es\",\"@id\":\"https:\/\/secure.gravatar.com\/avatar\/68cfafa5f44617fea54071e215026e0ff06be366c3d54a8425f04fdcb86f8c5f?s=96&d=mm&r=g\",\"url\":\"https:\/\/secure.gravatar.com\/avatar\/68cfafa5f44617fea54071e215026e0ff06be366c3d54a8425f04fdcb86f8c5f?s=96&d=mm&r=g\",\"contentUrl\":\"https:\/\/secure.gravatar.com\/avatar\/68cfafa5f44617fea54071e215026e0ff06be366c3d54a8425f04fdcb86f8c5f?s=96&d=mm&r=g\",\"caption\":\"@sscc\"},\"url\":\"https:\/\/www.padreeustaquio.com.br\/es\/author\/sscc\/\"}]}<\/script>\n<!-- \/ Yoast SEO plugin. -->","yoast_head_json":{"title":"Carlo Acutis: El beato 'Millennial' ser\u00e1 canonizado por el Papa Francisco.","description":"El mes pasado, la Iglesia Cat\u00f3lica reconoci\u00f3 el segundo milagro atribuido al beato italiano Carlo Acutis, quien san\u00f3 a una joven costarricense tras un accidente. Este reconocimiento conducir\u00e1 a la canonizaci\u00f3n de Acutis por la Iglesia Cat\u00f3lica. Conocido como el &quot;santo patrono de internet&quot;, Carlo Acutis fue un adolescente que us\u00f3 la web para evangelizar e inspirar a los fieles. Falleci\u00f3 en 2006 a los 15 a\u00f1os, pero su influencia sigue creciendo.","robots":{"index":"index","follow":"follow","max-snippet":"max-snippet:-1","max-image-preview":"max-image-preview:large","max-video-preview":"max-video-preview:-1"},"canonical":"https:\/\/www.padreeustaquio.com.br\/es\/carlo-acutis-el-beato-milenial-sera-canonizado-por-el-papa-francisco\/","og_locale":"es_ES","og_type":"article","og_title":"Carlo Acutis: O Beato 'Millennial' ser\u00e1 canonizado por Papa Francisco","og_description":"A Igreja Cat\u00f3lica reconheceu, no m\u00eas passado, o segundo milagre atribu\u00eddo ao beato italiano Carlo Acutis, que curou uma jovem da Costa Rica ap\u00f3s um acidente. Este reconhecimento levar\u00e1 Acutis \u00e0 santifica\u00e7\u00e3o pela Igreja Cat\u00f3lica. Conhecido como o \"padroeiro da internet\", Carlo Acutis foi um adolescente que usou a web para evangelizar e inspirar fi\u00e9is. Ele faleceu em 2006 aos 15 anos, mas sua influ\u00eancia continua a crescer.","og_url":"https:\/\/www.padreeustaquio.com.br\/es\/carlo-acutis-el-beato-milenial-sera-canonizado-por-el-papa-francisco\/","og_site_name":"Padre Eust\u00e1quio","article_publisher":"https:\/\/www.facebook.com\/beatopadreeustaquio\/","article_published_time":"2024-06-28T16:20:14+00:00","og_image":[{"width":748,"height":394,"url":"https:\/\/www.padreeustaquio.com.br\/wp-content\/uploads\/2024\/06\/pv-e-beato-carlo-acutis.jpg","type":"image\/jpeg"}],"author":"@sscc","twitter_card":"summary_large_image","twitter_creator":"@beatopeustaquio","twitter_site":"@beatopeustaquio","twitter_misc":{"Escrito por":"@sscc","Tiempo de lectura":"3 minutos"},"schema":{"@context":"https:\/\/schema.org","@graph":[{"@type":"Article","@id":"https:\/\/www.padreeustaquio.com.br\/carlo-acutis-o-beato-millennial-sera-canonizado-por-papa-francisco\/#article","isPartOf":{"@id":"https:\/\/www.padreeustaquio.com.br\/carlo-acutis-o-beato-millennial-sera-canonizado-por-papa-francisco\/"},"author":{"name":"@sscc","@id":"https:\/\/www.padreeustaquio.com.br\/#\/schema\/person\/a2a51db1d00f1a7af0204a0f1ddb1566"},"headline":"Carlo Acutis: O Beato &#8216;Millennial&#8217; ser\u00e1 canonizado por Papa Francisco","datePublished":"2024-06-28T16:20:14+00:00","mainEntityOfPage":{"@id":"https:\/\/www.padreeustaquio.com.br\/carlo-acutis-o-beato-millennial-sera-canonizado-por-papa-francisco\/"},"wordCount":419,"commentCount":0,"publisher":{"@id":"https:\/\/www.padreeustaquio.com.br\/#organization"},"image":{"@id":"https:\/\/www.padreeustaquio.com.br\/carlo-acutis-o-beato-millennial-sera-canonizado-por-papa-francisco\/#primaryimage"},"thumbnailUrl":"https:\/\/www.padreeustaquio.com.br\/wp-content\/uploads\/2024\/06\/pv-e-beato-carlo-acutis.jpg","articleSection":["Not\u00edcias"],"inLanguage":"es","potentialAction":[{"@type":"CommentAction","name":"Comment","target":["https:\/\/www.padreeustaquio.com.br\/carlo-acutis-o-beato-millennial-sera-canonizado-por-papa-francisco\/#respond"]}]},{"@type":"WebPage","@id":"https:\/\/www.padreeustaquio.com.br\/carlo-acutis-o-beato-millennial-sera-canonizado-por-papa-francisco\/","url":"https:\/\/www.padreeustaquio.com.br\/carlo-acutis-o-beato-millennial-sera-canonizado-por-papa-francisco\/","name":"Carlo Acutis: El beato 'Millennial' ser\u00e1 canonizado por el Papa Francisco.","isPartOf":{"@id":"https:\/\/www.padreeustaquio.com.br\/#website"},"primaryImageOfPage":{"@id":"https:\/\/www.padreeustaquio.com.br\/carlo-acutis-o-beato-millennial-sera-canonizado-por-papa-francisco\/#primaryimage"},"image":{"@id":"https:\/\/www.padreeustaquio.com.br\/carlo-acutis-o-beato-millennial-sera-canonizado-por-papa-francisco\/#primaryimage"},"thumbnailUrl":"https:\/\/www.padreeustaquio.com.br\/wp-content\/uploads\/2024\/06\/pv-e-beato-carlo-acutis.jpg","datePublished":"2024-06-28T16:20:14+00:00","description":"El mes pasado, la Iglesia Cat\u00f3lica reconoci\u00f3 el segundo milagro atribuido al beato italiano Carlo Acutis, quien san\u00f3 a una joven costarricense tras un accidente. Este reconocimiento conducir\u00e1 a la canonizaci\u00f3n de Acutis por la Iglesia Cat\u00f3lica. Conocido como el &quot;santo patrono de internet&quot;, Carlo Acutis fue un adolescente que us\u00f3 la web para evangelizar e inspirar a los fieles. Falleci\u00f3 en 2006 a los 15 a\u00f1os, pero su influencia sigue creciendo.","breadcrumb":{"@id":"https:\/\/www.padreeustaquio.com.br\/carlo-acutis-o-beato-millennial-sera-canonizado-por-papa-francisco\/#breadcrumb"},"inLanguage":"es","potentialAction":[{"@type":"ReadAction","target":["https:\/\/www.padreeustaquio.com.br\/carlo-acutis-o-beato-millennial-sera-canonizado-por-papa-francisco\/"]}]},{"@type":"ImageObject","inLanguage":"es","@id":"https:\/\/www.padreeustaquio.com.br\/carlo-acutis-o-beato-millennial-sera-canonizado-por-papa-francisco\/#primaryimage","url":"https:\/\/www.padreeustaquio.com.br\/wp-content\/uploads\/2024\/06\/pv-e-beato-carlo-acutis.jpg","contentUrl":"https:\/\/www.padreeustaquio.com.br\/wp-content\/uploads\/2024\/06\/pv-e-beato-carlo-acutis.jpg","width":748,"height":394},{"@type":"BreadcrumbList","@id":"https:\/\/www.padreeustaquio.com.br\/carlo-acutis-o-beato-millennial-sera-canonizado-por-papa-francisco\/#breadcrumb","itemListElement":[{"@type":"ListItem","position":1,"name":"In\u00edcio","item":"https:\/\/www.padreeustaquio.com.br\/"},{"@type":"ListItem","position":2,"name":"Carlo Acutis: O Beato &#8216;Millennial&#8217; ser\u00e1 canonizado por Papa Francisco"}]},{"@type":"WebSite","@id":"https:\/\/www.padreeustaquio.com.br\/#website","url":"https:\/\/www.padreeustaquio.com.br\/","name":"Padre Eustace","description":"Salud y Paz","publisher":{"@id":"https:\/\/www.padreeustaquio.com.br\/#organization"},"potentialAction":[{"@type":"SearchAction","target":{"@type":"EntryPoint","urlTemplate":"https:\/\/www.padreeustaquio.com.br\/?s={search_term_string}"},"query-input":{"@type":"PropertyValueSpecification","valueRequired":true,"valueName":"search_term_string"}}],"inLanguage":"es"},{"@type":"Organization","@id":"https:\/\/www.padreeustaquio.com.br\/#organization","name":"Padre Eustace","url":"https:\/\/www.padreeustaquio.com.br\/","logo":{"@type":"ImageObject","inLanguage":"es","@id":"https:\/\/www.padreeustaquio.com.br\/#\/schema\/logo\/image\/","url":"https:\/\/www.padreeustaquio.com.br\/wp-content\/uploads\/2019\/08\/marca.png","contentUrl":"https:\/\/www.padreeustaquio.com.br\/wp-content\/uploads\/2019\/08\/marca.png","width":350,"height":400,"caption":"Padre Eust\u00e1quio"},"image":{"@id":"https:\/\/www.padreeustaquio.com.br\/#\/schema\/logo\/image\/"},"sameAs":["https:\/\/www.facebook.com\/beatopadreeustaquio\/","https:\/\/x.com\/beatopeustaquio","https:\/\/www.instagram.com\/beatopadreeustaquio\/","https:\/\/www.youtube.com\/channel\/UCRhw7vfabnajwLxb1ZXMeIw"]},{"@type":"Person","@id":"https:\/\/www.padreeustaquio.com.br\/#\/schema\/person\/a2a51db1d00f1a7af0204a0f1ddb1566","name":"@sscc","image":{"@type":"ImageObject","inLanguage":"es","@id":"https:\/\/secure.gravatar.com\/avatar\/68cfafa5f44617fea54071e215026e0ff06be366c3d54a8425f04fdcb86f8c5f?s=96&d=mm&r=g","url":"https:\/\/secure.gravatar.com\/avatar\/68cfafa5f44617fea54071e215026e0ff06be366c3d54a8425f04fdcb86f8c5f?s=96&d=mm&r=g","contentUrl":"https:\/\/secure.gravatar.com\/avatar\/68cfafa5f44617fea54071e215026e0ff06be366c3d54a8425f04fdcb86f8c5f?s=96&d=mm&r=g","caption":"@sscc"},"url":"https:\/\/www.padreeustaquio.com.br\/es\/author\/sscc\/"}]}},"_links":{"self":[{"href":"https:\/\/www.padreeustaquio.com.br\/es\/wp-json\/wp\/v2\/posts\/11410","targetHints":{"allow":["GET"]}}],"collection":[{"href":"https:\/\/www.padreeustaquio.com.br\/es\/wp-json\/wp\/v2\/posts"}],"about":[{"href":"https:\/\/www.padreeustaquio.com.br\/es\/wp-json\/wp\/v2\/types\/post"}],"author":[{"embeddable":true,"href":"https:\/\/www.padreeustaquio.com.br\/es\/wp-json\/wp\/v2\/users\/2"}],"replies":[{"embeddable":true,"href":"https:\/\/www.padreeustaquio.com.br\/es\/wp-json\/wp\/v2\/comments?post=11410"}],"version-history":[{"count":0,"href":"https:\/\/www.padreeustaquio.com.br\/es\/wp-json\/wp\/v2\/posts\/11410\/revisions"}],"wp:featuredmedia":[{"embeddable":true,"href":"https:\/\/www.padreeustaquio.com.br\/es\/wp-json\/wp\/v2\/media\/11412"}],"wp:attachment":[{"href":"https:\/\/www.padreeustaquio.com.br\/es\/wp-json\/wp\/v2\/media?parent=11410"}],"wp:term":[{"taxonomy":"category","embeddable":true,"href":"https:\/\/www.padreeustaquio.com.br\/es\/wp-json\/wp\/v2\/categories?post=11410"},{"taxonomy":"post_tag","embeddable":true,"href":"https:\/\/www.padreeustaquio.com.br\/es\/wp-json\/wp\/v2\/tags?post=11410"}],"curies":[{"name":"wp","href":"https:\/\/api.w.org\/{rel}","templated":true}]}}