{"id":11401,"date":"2024-06-24T06:10:56","date_gmt":"2024-06-24T09:10:56","guid":{"rendered":"https:\/\/www.padreeustaquio.com.br\/?p=11401"},"modified":"2024-06-26T16:56:36","modified_gmt":"2024-06-26T19:56:36","slug":"el-padre-eustaquio-y-el-monasterio-carmelita-de-nuestra-senora-de-aparecida-en-belo-horizonte","status":"publish","type":"post","link":"https:\/\/www.padreeustaquio.com.br\/es\/el-padre-eustaquio-y-el-monasterio-carmelita-de-nuestra-senora-de-aparecida-en-belo-horizonte\/","title":{"rendered":"El Padre Eust\u00e1quio y el Monasterio Carmelita de Nuestra Se\u00f1ora de Aparecida, en Belo Horizonte"},"content":{"rendered":"<p>Antes de establecerse en la parroquia que se convertir\u00eda en un referente de fe en Belo Horizonte, la Parroquia de los Sagrados Corazones, el Padre Eust\u00e1quio visit\u00f3 el Monasterio Carmelita de Nuestra Se\u00f1ora de Aparecida, acompa\u00f1ado por el Padre Gil. Esta visita tuvo un prop\u00f3sito especial: pedir las oraciones de las hermanas Carmelitas por el \u00e9xito de su nueva misi\u00f3n.<\/p>\n<div id=\"attachment_11404\" style=\"width: 310px\" class=\"wp-caption alignleft\"><img fetchpriority=\"high\" decoding=\"async\" aria-describedby=\"caption-attachment-11404\" class=\"wp-image-11404 size-medium\" src=\"https:\/\/www.padreeustaquio.com.br\/wp-content\/uploads\/2024\/06\/padre-vinicius-e-sta-teresinha-300x225.jpeg\" alt=\"\" width=\"300\" height=\"225\" srcset=\"https:\/\/www.padreeustaquio.com.br\/wp-content\/uploads\/2024\/06\/padre-vinicius-e-sta-teresinha-300x225.jpeg 300w, https:\/\/www.padreeustaquio.com.br\/wp-content\/uploads\/2024\/06\/padre-vinicius-e-sta-teresinha-1024x768.jpeg 1024w, https:\/\/www.padreeustaquio.com.br\/wp-content\/uploads\/2024\/06\/padre-vinicius-e-sta-teresinha-768x576.jpeg 768w, https:\/\/www.padreeustaquio.com.br\/wp-content\/uploads\/2024\/06\/padre-vinicius-e-sta-teresinha-180x135.jpeg 180w, https:\/\/www.padreeustaquio.com.br\/wp-content\/uploads\/2024\/06\/padre-vinicius-e-sta-teresinha-400x300.jpeg 400w, https:\/\/www.padreeustaquio.com.br\/wp-content\/uploads\/2024\/06\/padre-vinicius-e-sta-teresinha-600x450.jpeg 600w, https:\/\/www.padreeustaquio.com.br\/wp-content\/uploads\/2024\/06\/padre-vinicius-e-sta-teresinha-800x600.jpeg 800w, https:\/\/www.padreeustaquio.com.br\/wp-content\/uploads\/2024\/06\/padre-vinicius-e-sta-teresinha-1200x900.jpeg 1200w, https:\/\/www.padreeustaquio.com.br\/wp-content\/uploads\/2024\/06\/padre-vinicius-e-sta-teresinha.jpeg 1280w\" sizes=\"(max-width: 300px) 100vw, 300px\" \/><p id=\"caption-attachment-11404\" class=\"wp-caption-text\">El padre Vinicius reza ante las reliquias de Santa Teresita durante una visita al monasterio carmelita.<\/p><\/div>\n<p>La semana pasada, el convento carmelita recibi\u00f3 la visita de las reliquias de Santa Teresita de Lisieux. En esa ocasi\u00f3n, el vicepostulador de la Causa de Canonizaci\u00f3n del Beato Padre Eustaquio, Padre Vin\u00edcius Maciel, SSCC, celebr\u00f3 una de las misas de preparaci\u00f3n para la recepci\u00f3n de las reliquias. Adem\u00e1s, el d\u00eda 19, el Padre Vin\u00edcius tambi\u00e9n vener\u00f3 las reliquias en la capilla del convento.<\/p>\n<p>El momento actual de unidad entre los sacerdotes de los Sagrados Corazones y las hermanas carmelitas se remonta a d\u00e9cadas atr\u00e1s, cuando las religiosas holandesas llegaron a Belo Horizonte. Seg\u00fan los registros hist\u00f3ricos del convento carmelita y el testimonio de la Hermana Gemma de la Eucarist\u00eda ante el Tribunal de la Causa de Beatificaci\u00f3n y Canonizaci\u00f3n del Padre Eust\u00e1quio, la primera visita de los sacerdotes la realiz\u00f3 el propio Padre Eust\u00e1quio el 5 de octubre de 1941.<\/p>\n<p><strong>Sirviendo como capell\u00e1n<\/strong><\/p>\n<div id=\"attachment_11406\" style=\"width: 235px\" class=\"wp-caption alignright\"><img decoding=\"async\" aria-describedby=\"caption-attachment-11406\" class=\"wp-image-11406 size-medium\" src=\"https:\/\/www.padreeustaquio.com.br\/wp-content\/uploads\/2024\/06\/capela-do-carmelo-bh-225x300.jpeg\" alt=\"\" width=\"225\" height=\"300\" srcset=\"https:\/\/www.padreeustaquio.com.br\/wp-content\/uploads\/2024\/06\/capela-do-carmelo-bh-225x300.jpeg 225w, https:\/\/www.padreeustaquio.com.br\/wp-content\/uploads\/2024\/06\/capela-do-carmelo-bh-768x1024.jpeg 768w, https:\/\/www.padreeustaquio.com.br\/wp-content\/uploads\/2024\/06\/capela-do-carmelo-bh-1152x1536.jpeg 1152w, https:\/\/www.padreeustaquio.com.br\/wp-content\/uploads\/2024\/06\/capela-do-carmelo-bh.jpeg 1200w\" sizes=\"(max-width: 225px) 100vw, 225px\" \/><p id=\"caption-attachment-11406\" class=\"wp-caption-text\">Capilla Carmelita en Belo Horizonte, Minas Gerais, Brasil<\/p><\/div>\n<p>Entre abril y junio de 1942, el Padre Eustace sirvi\u00f3 como capell\u00e1n del convento carmelita. Durante este per\u00edodo, ofici\u00f3 misa para las monjas, escuch\u00f3 sus confesiones y, en ocasiones especiales, entr\u00f3 al claustro para administrar la comuni\u00f3n a las hermanas enfermas. Esta estrecha interacci\u00f3n no solo fortaleci\u00f3 la espiritualidad de las hermanas, sino que tambi\u00e9n profundiz\u00f3 la propia devoci\u00f3n del Padre Eustace.<\/p>\n<p>En un significativo gesto de unidad espiritual, el Padre Eustace cre\u00f3 una tarjeta con las firmas de todas las monjas carmelitas. Esta tarjeta se coloc\u00f3 posteriormente en la piedra angular de la iglesia, hoy el Santuario de la Salud y la Paz, simbolizando el cimiento espiritual sobre el que se construir\u00eda la parroquia. Este acto reforz\u00f3 la importancia de las oraciones y el apoyo de las hermanas carmelitas en la misi\u00f3n del Padre Eustace.<\/p>\n<p><strong>Testimonio hist\u00f3rico<\/strong><\/p>\n<p>El 25 de junio de 1964, la Hermana Gemma de la Eucarist\u00eda prest\u00f3 testimonio ante el Tribunal de la Causa de Beatificaci\u00f3n y Canonizaci\u00f3n del Padre Eustace, destacando la importancia de la relaci\u00f3n entre el sacerdote y la Orden Carmelita. Su testimonio enfatiz\u00f3 la dedicaci\u00f3n y el cari\u00f1o del Padre Eustace por las hermanas, as\u00ed como su profunda conexi\u00f3n con la espiritualidad carmelita.<\/p>","protected":false},"excerpt":{"rendered":"<p>de Antes de estabelecer na par\u00f3quia que se tornaria um marco de f\u00e9 em Belo Horizonte, a Par\u00f3quia dos Sagrados Cora\u00e7\u00f5es, Padre Eust\u00e1quio visitou o Carmelo de Nossa Senhora Aparecida, acompanhado por Padre Gil. Essa visita tinha um prop\u00f3sito especial: pedir as ora\u00e7\u00f5es das irm\u00e3s carmelitas para o sucesso de sua nova miss\u00e3o. Na semana passada o Carmelo recebeu a visita das rel\u00edquias de Santa Teresinha e, na ocasi\u00e3o, o vice-postulador da Causa de Canoniza\u00e7\u00e3o do Beato Padre Eust\u00e1quio, o padre Vin\u00edcius Maciel, SSCC, celebrou uma das missas em prepara\u00e7\u00e3o \u00e0 recep\u00e7\u00e3o das rel\u00edquias. Al\u00e9m disso, no dia 19, padre [&hellip;]<\/p>\n","protected":false},"author":2,"featured_media":11403,"comment_status":"open","ping_status":"closed","sticky":false,"template":"","format":"standard","meta":{"_acf_changed":false,"footnotes":""},"categories":[611],"tags":[],"class_list":["post-11401","post","type-post","status-publish","format-standard","has-post-thumbnail","hentry","category-noticias"],"acf":[],"yoast_head":"<!-- This site is optimized with the Yoast SEO plugin v27.2 - https:\/\/yoast.com\/product\/yoast-seo-wordpress\/ -->\n<title>Padre Eust\u00e1quio e o Carmelo de Nossa Senhora Aparecida, em Belo Horizonte - Padre Eust\u00e1quio<\/title>\n<meta name=\"robots\" content=\"index, follow, max-snippet:-1, max-image-preview:large, max-video-preview:-1\" \/>\n<link rel=\"canonical\" href=\"https:\/\/www.padreeustaquio.com.br\/es\/el-padre-eustaquio-y-el-monasterio-carmelita-de-nuestra-senora-de-aparecida-en-belo-horizonte\/\" \/>\n<meta property=\"og:locale\" content=\"es_ES\" \/>\n<meta property=\"og:type\" content=\"article\" \/>\n<meta property=\"og:title\" content=\"Padre Eust\u00e1quio e o Carmelo de Nossa Senhora Aparecida, em Belo Horizonte - Padre Eust\u00e1quio\" \/>\n<meta property=\"og:description\" content=\"de Antes de estabelecer na par\u00f3quia que se tornaria um marco de f\u00e9 em Belo Horizonte, a Par\u00f3quia dos Sagrados Cora\u00e7\u00f5es, Padre Eust\u00e1quio visitou o Carmelo de Nossa Senhora Aparecida, acompanhado por Padre Gil. Essa visita tinha um prop\u00f3sito especial: pedir as ora\u00e7\u00f5es das irm\u00e3s carmelitas para o sucesso de sua nova miss\u00e3o. Na semana passada o Carmelo recebeu a visita das rel\u00edquias de Santa Teresinha e, na ocasi\u00e3o, o vice-postulador da Causa de Canoniza\u00e7\u00e3o do Beato Padre Eust\u00e1quio, o padre Vin\u00edcius Maciel, SSCC, celebrou uma das missas em prepara\u00e7\u00e3o \u00e0 recep\u00e7\u00e3o das rel\u00edquias. Al\u00e9m disso, no dia 19, padre [&hellip;]\" \/>\n<meta property=\"og:url\" content=\"https:\/\/www.padreeustaquio.com.br\/es\/el-padre-eustaquio-y-el-monasterio-carmelita-de-nuestra-senora-de-aparecida-en-belo-horizonte\/\" \/>\n<meta property=\"og:site_name\" content=\"Padre Eust\u00e1quio\" \/>\n<meta property=\"article:publisher\" content=\"https:\/\/www.facebook.com\/beatopadreeustaquio\/\" \/>\n<meta property=\"article:published_time\" content=\"2024-06-24T09:10:56+00:00\" \/>\n<meta property=\"article:modified_time\" content=\"2024-06-26T19:56:36+00:00\" \/>\n<meta property=\"og:image\" content=\"https:\/\/www.padreeustaquio.com.br\/wp-content\/uploads\/2024\/06\/carmelo-bh.jpg\" \/>\n\t<meta property=\"og:image:width\" content=\"448\" \/>\n\t<meta property=\"og:image:height\" content=\"299\" \/>\n\t<meta property=\"og:image:type\" content=\"image\/jpeg\" \/>\n<meta name=\"author\" content=\"@sscc\" \/>\n<meta name=\"twitter:card\" content=\"summary_large_image\" \/>\n<meta name=\"twitter:creator\" content=\"@beatopeustaquio\" \/>\n<meta name=\"twitter:site\" content=\"@beatopeustaquio\" \/>\n<meta name=\"twitter:label1\" content=\"Escrito por\" \/>\n\t<meta name=\"twitter:data1\" content=\"@sscc\" \/>\n\t<meta name=\"twitter:label2\" content=\"Tiempo de lectura\" \/>\n\t<meta name=\"twitter:data2\" content=\"3 minutos\" \/>\n<script type=\"application\/ld+json\" class=\"yoast-schema-graph\">{\"@context\":\"https:\/\/schema.org\",\"@graph\":[{\"@type\":\"Article\",\"@id\":\"https:\/\/www.padreeustaquio.com.br\/padre-eustaquio-e-o-carmelo-de-nossa-senhora-aparecida-em-belo-horizonte\/#article\",\"isPartOf\":{\"@id\":\"https:\/\/www.padreeustaquio.com.br\/padre-eustaquio-e-o-carmelo-de-nossa-senhora-aparecida-em-belo-horizonte\/\"},\"author\":{\"name\":\"@sscc\",\"@id\":\"https:\/\/www.padreeustaquio.com.br\/#\/schema\/person\/a2a51db1d00f1a7af0204a0f1ddb1566\"},\"headline\":\"Padre Eust\u00e1quio e o Carmelo de Nossa Senhora Aparecida, em Belo Horizonte\",\"datePublished\":\"2024-06-24T09:10:56+00:00\",\"dateModified\":\"2024-06-26T19:56:36+00:00\",\"mainEntityOfPage\":{\"@id\":\"https:\/\/www.padreeustaquio.com.br\/padre-eustaquio-e-o-carmelo-de-nossa-senhora-aparecida-em-belo-horizonte\/\"},\"wordCount\":476,\"commentCount\":0,\"publisher\":{\"@id\":\"https:\/\/www.padreeustaquio.com.br\/#organization\"},\"image\":{\"@id\":\"https:\/\/www.padreeustaquio.com.br\/padre-eustaquio-e-o-carmelo-de-nossa-senhora-aparecida-em-belo-horizonte\/#primaryimage\"},\"thumbnailUrl\":\"https:\/\/www.padreeustaquio.com.br\/wp-content\/uploads\/2024\/06\/carmelo-bh.jpg\",\"articleSection\":[\"Not\u00edcias\"],\"inLanguage\":\"es\",\"potentialAction\":[{\"@type\":\"CommentAction\",\"name\":\"Comment\",\"target\":[\"https:\/\/www.padreeustaquio.com.br\/padre-eustaquio-e-o-carmelo-de-nossa-senhora-aparecida-em-belo-horizonte\/#respond\"]}]},{\"@type\":\"WebPage\",\"@id\":\"https:\/\/www.padreeustaquio.com.br\/padre-eustaquio-e-o-carmelo-de-nossa-senhora-aparecida-em-belo-horizonte\/\",\"url\":\"https:\/\/www.padreeustaquio.com.br\/padre-eustaquio-e-o-carmelo-de-nossa-senhora-aparecida-em-belo-horizonte\/\",\"name\":\"Padre Eust\u00e1quio e o Carmelo de Nossa Senhora Aparecida, em Belo Horizonte - Padre Eust\u00e1quio\",\"isPartOf\":{\"@id\":\"https:\/\/www.padreeustaquio.com.br\/#website\"},\"primaryImageOfPage\":{\"@id\":\"https:\/\/www.padreeustaquio.com.br\/padre-eustaquio-e-o-carmelo-de-nossa-senhora-aparecida-em-belo-horizonte\/#primaryimage\"},\"image\":{\"@id\":\"https:\/\/www.padreeustaquio.com.br\/padre-eustaquio-e-o-carmelo-de-nossa-senhora-aparecida-em-belo-horizonte\/#primaryimage\"},\"thumbnailUrl\":\"https:\/\/www.padreeustaquio.com.br\/wp-content\/uploads\/2024\/06\/carmelo-bh.jpg\",\"datePublished\":\"2024-06-24T09:10:56+00:00\",\"dateModified\":\"2024-06-26T19:56:36+00:00\",\"breadcrumb\":{\"@id\":\"https:\/\/www.padreeustaquio.com.br\/padre-eustaquio-e-o-carmelo-de-nossa-senhora-aparecida-em-belo-horizonte\/#breadcrumb\"},\"inLanguage\":\"es\",\"potentialAction\":[{\"@type\":\"ReadAction\",\"target\":[\"https:\/\/www.padreeustaquio.com.br\/padre-eustaquio-e-o-carmelo-de-nossa-senhora-aparecida-em-belo-horizonte\/\"]}]},{\"@type\":\"ImageObject\",\"inLanguage\":\"es\",\"@id\":\"https:\/\/www.padreeustaquio.com.br\/padre-eustaquio-e-o-carmelo-de-nossa-senhora-aparecida-em-belo-horizonte\/#primaryimage\",\"url\":\"https:\/\/www.padreeustaquio.com.br\/wp-content\/uploads\/2024\/06\/carmelo-bh.jpg\",\"contentUrl\":\"https:\/\/www.padreeustaquio.com.br\/wp-content\/uploads\/2024\/06\/carmelo-bh.jpg\",\"width\":448,\"height\":299},{\"@type\":\"BreadcrumbList\",\"@id\":\"https:\/\/www.padreeustaquio.com.br\/padre-eustaquio-e-o-carmelo-de-nossa-senhora-aparecida-em-belo-horizonte\/#breadcrumb\",\"itemListElement\":[{\"@type\":\"ListItem\",\"position\":1,\"name\":\"In\u00edcio\",\"item\":\"https:\/\/www.padreeustaquio.com.br\/\"},{\"@type\":\"ListItem\",\"position\":2,\"name\":\"Padre Eust\u00e1quio e o Carmelo de Nossa Senhora Aparecida, em Belo Horizonte\"}]},{\"@type\":\"WebSite\",\"@id\":\"https:\/\/www.padreeustaquio.com.br\/#website\",\"url\":\"https:\/\/www.padreeustaquio.com.br\/\",\"name\":\"Padre Eust\u00e1quio\",\"description\":\"Sa\u00fade e Paz\",\"publisher\":{\"@id\":\"https:\/\/www.padreeustaquio.com.br\/#organization\"},\"potentialAction\":[{\"@type\":\"SearchAction\",\"target\":{\"@type\":\"EntryPoint\",\"urlTemplate\":\"https:\/\/www.padreeustaquio.com.br\/?s={search_term_string}\"},\"query-input\":{\"@type\":\"PropertyValueSpecification\",\"valueRequired\":true,\"valueName\":\"search_term_string\"}}],\"inLanguage\":\"es\"},{\"@type\":\"Organization\",\"@id\":\"https:\/\/www.padreeustaquio.com.br\/#organization\",\"name\":\"Padre Eust\u00e1quio\",\"url\":\"https:\/\/www.padreeustaquio.com.br\/\",\"logo\":{\"@type\":\"ImageObject\",\"inLanguage\":\"es\",\"@id\":\"https:\/\/www.padreeustaquio.com.br\/#\/schema\/logo\/image\/\",\"url\":\"https:\/\/www.padreeustaquio.com.br\/wp-content\/uploads\/2019\/08\/marca.png\",\"contentUrl\":\"https:\/\/www.padreeustaquio.com.br\/wp-content\/uploads\/2019\/08\/marca.png\",\"width\":350,\"height\":400,\"caption\":\"Padre Eust\u00e1quio\"},\"image\":{\"@id\":\"https:\/\/www.padreeustaquio.com.br\/#\/schema\/logo\/image\/\"},\"sameAs\":[\"https:\/\/www.facebook.com\/beatopadreeustaquio\/\",\"https:\/\/x.com\/beatopeustaquio\",\"https:\/\/www.instagram.com\/beatopadreeustaquio\/\",\"https:\/\/www.youtube.com\/channel\/UCRhw7vfabnajwLxb1ZXMeIw\"]},{\"@type\":\"Person\",\"@id\":\"https:\/\/www.padreeustaquio.com.br\/#\/schema\/person\/a2a51db1d00f1a7af0204a0f1ddb1566\",\"name\":\"@sscc\",\"image\":{\"@type\":\"ImageObject\",\"inLanguage\":\"es\",\"@id\":\"https:\/\/secure.gravatar.com\/avatar\/68cfafa5f44617fea54071e215026e0ff06be366c3d54a8425f04fdcb86f8c5f?s=96&d=mm&r=g\",\"url\":\"https:\/\/secure.gravatar.com\/avatar\/68cfafa5f44617fea54071e215026e0ff06be366c3d54a8425f04fdcb86f8c5f?s=96&d=mm&r=g\",\"contentUrl\":\"https:\/\/secure.gravatar.com\/avatar\/68cfafa5f44617fea54071e215026e0ff06be366c3d54a8425f04fdcb86f8c5f?s=96&d=mm&r=g\",\"caption\":\"@sscc\"},\"url\":\"https:\/\/www.padreeustaquio.com.br\/es\/author\/sscc\/\"}]}<\/script>\n<!-- \/ Yoast SEO plugin. -->","yoast_head_json":{"title":"Padre Eust\u00e1quio y el Monasterio Carmelita de Nuestra Se\u00f1ora de Aparecida, en Belo Horizonte - Padre Eust\u00e1quio","robots":{"index":"index","follow":"follow","max-snippet":"max-snippet:-1","max-image-preview":"max-image-preview:large","max-video-preview":"max-video-preview:-1"},"canonical":"https:\/\/www.padreeustaquio.com.br\/es\/el-padre-eustaquio-y-el-monasterio-carmelita-de-nuestra-senora-de-aparecida-en-belo-horizonte\/","og_locale":"es_ES","og_type":"article","og_title":"Padre Eust\u00e1quio e o Carmelo de Nossa Senhora Aparecida, em Belo Horizonte - Padre Eust\u00e1quio","og_description":"de Antes de estabelecer na par\u00f3quia que se tornaria um marco de f\u00e9 em Belo Horizonte, a Par\u00f3quia dos Sagrados Cora\u00e7\u00f5es, Padre Eust\u00e1quio visitou o Carmelo de Nossa Senhora Aparecida, acompanhado por Padre Gil. Essa visita tinha um prop\u00f3sito especial: pedir as ora\u00e7\u00f5es das irm\u00e3s carmelitas para o sucesso de sua nova miss\u00e3o. Na semana passada o Carmelo recebeu a visita das rel\u00edquias de Santa Teresinha e, na ocasi\u00e3o, o vice-postulador da Causa de Canoniza\u00e7\u00e3o do Beato Padre Eust\u00e1quio, o padre Vin\u00edcius Maciel, SSCC, celebrou uma das missas em prepara\u00e7\u00e3o \u00e0 recep\u00e7\u00e3o das rel\u00edquias. Al\u00e9m disso, no dia 19, padre [&hellip;]","og_url":"https:\/\/www.padreeustaquio.com.br\/es\/el-padre-eustaquio-y-el-monasterio-carmelita-de-nuestra-senora-de-aparecida-en-belo-horizonte\/","og_site_name":"Padre Eust\u00e1quio","article_publisher":"https:\/\/www.facebook.com\/beatopadreeustaquio\/","article_published_time":"2024-06-24T09:10:56+00:00","article_modified_time":"2024-06-26T19:56:36+00:00","og_image":[{"width":448,"height":299,"url":"https:\/\/www.padreeustaquio.com.br\/wp-content\/uploads\/2024\/06\/carmelo-bh.jpg","type":"image\/jpeg"}],"author":"@sscc","twitter_card":"summary_large_image","twitter_creator":"@beatopeustaquio","twitter_site":"@beatopeustaquio","twitter_misc":{"Escrito por":"@sscc","Tiempo de lectura":"3 minutos"},"schema":{"@context":"https:\/\/schema.org","@graph":[{"@type":"Article","@id":"https:\/\/www.padreeustaquio.com.br\/padre-eustaquio-e-o-carmelo-de-nossa-senhora-aparecida-em-belo-horizonte\/#article","isPartOf":{"@id":"https:\/\/www.padreeustaquio.com.br\/padre-eustaquio-e-o-carmelo-de-nossa-senhora-aparecida-em-belo-horizonte\/"},"author":{"name":"@sscc","@id":"https:\/\/www.padreeustaquio.com.br\/#\/schema\/person\/a2a51db1d00f1a7af0204a0f1ddb1566"},"headline":"Padre Eust\u00e1quio e o Carmelo de Nossa Senhora Aparecida, em Belo Horizonte","datePublished":"2024-06-24T09:10:56+00:00","dateModified":"2024-06-26T19:56:36+00:00","mainEntityOfPage":{"@id":"https:\/\/www.padreeustaquio.com.br\/padre-eustaquio-e-o-carmelo-de-nossa-senhora-aparecida-em-belo-horizonte\/"},"wordCount":476,"commentCount":0,"publisher":{"@id":"https:\/\/www.padreeustaquio.com.br\/#organization"},"image":{"@id":"https:\/\/www.padreeustaquio.com.br\/padre-eustaquio-e-o-carmelo-de-nossa-senhora-aparecida-em-belo-horizonte\/#primaryimage"},"thumbnailUrl":"https:\/\/www.padreeustaquio.com.br\/wp-content\/uploads\/2024\/06\/carmelo-bh.jpg","articleSection":["Not\u00edcias"],"inLanguage":"es","potentialAction":[{"@type":"CommentAction","name":"Comment","target":["https:\/\/www.padreeustaquio.com.br\/padre-eustaquio-e-o-carmelo-de-nossa-senhora-aparecida-em-belo-horizonte\/#respond"]}]},{"@type":"WebPage","@id":"https:\/\/www.padreeustaquio.com.br\/padre-eustaquio-e-o-carmelo-de-nossa-senhora-aparecida-em-belo-horizonte\/","url":"https:\/\/www.padreeustaquio.com.br\/padre-eustaquio-e-o-carmelo-de-nossa-senhora-aparecida-em-belo-horizonte\/","name":"Padre Eust\u00e1quio y el Monasterio Carmelita de Nuestra Se\u00f1ora de Aparecida, en Belo Horizonte - Padre Eust\u00e1quio","isPartOf":{"@id":"https:\/\/www.padreeustaquio.com.br\/#website"},"primaryImageOfPage":{"@id":"https:\/\/www.padreeustaquio.com.br\/padre-eustaquio-e-o-carmelo-de-nossa-senhora-aparecida-em-belo-horizonte\/#primaryimage"},"image":{"@id":"https:\/\/www.padreeustaquio.com.br\/padre-eustaquio-e-o-carmelo-de-nossa-senhora-aparecida-em-belo-horizonte\/#primaryimage"},"thumbnailUrl":"https:\/\/www.padreeustaquio.com.br\/wp-content\/uploads\/2024\/06\/carmelo-bh.jpg","datePublished":"2024-06-24T09:10:56+00:00","dateModified":"2024-06-26T19:56:36+00:00","breadcrumb":{"@id":"https:\/\/www.padreeustaquio.com.br\/padre-eustaquio-e-o-carmelo-de-nossa-senhora-aparecida-em-belo-horizonte\/#breadcrumb"},"inLanguage":"es","potentialAction":[{"@type":"ReadAction","target":["https:\/\/www.padreeustaquio.com.br\/padre-eustaquio-e-o-carmelo-de-nossa-senhora-aparecida-em-belo-horizonte\/"]}]},{"@type":"ImageObject","inLanguage":"es","@id":"https:\/\/www.padreeustaquio.com.br\/padre-eustaquio-e-o-carmelo-de-nossa-senhora-aparecida-em-belo-horizonte\/#primaryimage","url":"https:\/\/www.padreeustaquio.com.br\/wp-content\/uploads\/2024\/06\/carmelo-bh.jpg","contentUrl":"https:\/\/www.padreeustaquio.com.br\/wp-content\/uploads\/2024\/06\/carmelo-bh.jpg","width":448,"height":299},{"@type":"BreadcrumbList","@id":"https:\/\/www.padreeustaquio.com.br\/padre-eustaquio-e-o-carmelo-de-nossa-senhora-aparecida-em-belo-horizonte\/#breadcrumb","itemListElement":[{"@type":"ListItem","position":1,"name":"In\u00edcio","item":"https:\/\/www.padreeustaquio.com.br\/"},{"@type":"ListItem","position":2,"name":"Padre Eust\u00e1quio e o Carmelo de Nossa Senhora Aparecida, em Belo Horizonte"}]},{"@type":"WebSite","@id":"https:\/\/www.padreeustaquio.com.br\/#website","url":"https:\/\/www.padreeustaquio.com.br\/","name":"Padre Eustace","description":"Salud y Paz","publisher":{"@id":"https:\/\/www.padreeustaquio.com.br\/#organization"},"potentialAction":[{"@type":"SearchAction","target":{"@type":"EntryPoint","urlTemplate":"https:\/\/www.padreeustaquio.com.br\/?s={search_term_string}"},"query-input":{"@type":"PropertyValueSpecification","valueRequired":true,"valueName":"search_term_string"}}],"inLanguage":"es"},{"@type":"Organization","@id":"https:\/\/www.padreeustaquio.com.br\/#organization","name":"Padre Eustace","url":"https:\/\/www.padreeustaquio.com.br\/","logo":{"@type":"ImageObject","inLanguage":"es","@id":"https:\/\/www.padreeustaquio.com.br\/#\/schema\/logo\/image\/","url":"https:\/\/www.padreeustaquio.com.br\/wp-content\/uploads\/2019\/08\/marca.png","contentUrl":"https:\/\/www.padreeustaquio.com.br\/wp-content\/uploads\/2019\/08\/marca.png","width":350,"height":400,"caption":"Padre Eust\u00e1quio"},"image":{"@id":"https:\/\/www.padreeustaquio.com.br\/#\/schema\/logo\/image\/"},"sameAs":["https:\/\/www.facebook.com\/beatopadreeustaquio\/","https:\/\/x.com\/beatopeustaquio","https:\/\/www.instagram.com\/beatopadreeustaquio\/","https:\/\/www.youtube.com\/channel\/UCRhw7vfabnajwLxb1ZXMeIw"]},{"@type":"Person","@id":"https:\/\/www.padreeustaquio.com.br\/#\/schema\/person\/a2a51db1d00f1a7af0204a0f1ddb1566","name":"@sscc","image":{"@type":"ImageObject","inLanguage":"es","@id":"https:\/\/secure.gravatar.com\/avatar\/68cfafa5f44617fea54071e215026e0ff06be366c3d54a8425f04fdcb86f8c5f?s=96&d=mm&r=g","url":"https:\/\/secure.gravatar.com\/avatar\/68cfafa5f44617fea54071e215026e0ff06be366c3d54a8425f04fdcb86f8c5f?s=96&d=mm&r=g","contentUrl":"https:\/\/secure.gravatar.com\/avatar\/68cfafa5f44617fea54071e215026e0ff06be366c3d54a8425f04fdcb86f8c5f?s=96&d=mm&r=g","caption":"@sscc"},"url":"https:\/\/www.padreeustaquio.com.br\/es\/author\/sscc\/"}]}},"_links":{"self":[{"href":"https:\/\/www.padreeustaquio.com.br\/es\/wp-json\/wp\/v2\/posts\/11401","targetHints":{"allow":["GET"]}}],"collection":[{"href":"https:\/\/www.padreeustaquio.com.br\/es\/wp-json\/wp\/v2\/posts"}],"about":[{"href":"https:\/\/www.padreeustaquio.com.br\/es\/wp-json\/wp\/v2\/types\/post"}],"author":[{"embeddable":true,"href":"https:\/\/www.padreeustaquio.com.br\/es\/wp-json\/wp\/v2\/users\/2"}],"replies":[{"embeddable":true,"href":"https:\/\/www.padreeustaquio.com.br\/es\/wp-json\/wp\/v2\/comments?post=11401"}],"version-history":[{"count":0,"href":"https:\/\/www.padreeustaquio.com.br\/es\/wp-json\/wp\/v2\/posts\/11401\/revisions"}],"wp:featuredmedia":[{"embeddable":true,"href":"https:\/\/www.padreeustaquio.com.br\/es\/wp-json\/wp\/v2\/media\/11403"}],"wp:attachment":[{"href":"https:\/\/www.padreeustaquio.com.br\/es\/wp-json\/wp\/v2\/media?parent=11401"}],"wp:term":[{"taxonomy":"category","embeddable":true,"href":"https:\/\/www.padreeustaquio.com.br\/es\/wp-json\/wp\/v2\/categories?post=11401"},{"taxonomy":"post_tag","embeddable":true,"href":"https:\/\/www.padreeustaquio.com.br\/es\/wp-json\/wp\/v2\/tags?post=11401"}],"curies":[{"name":"wp","href":"https:\/\/api.w.org\/{rel}","templated":true}]}}