{"id":11385,"date":"2024-06-19T09:16:08","date_gmt":"2024-06-19T12:16:08","guid":{"rendered":"https:\/\/www.padreeustaquio.com.br\/?p=11385"},"modified":"2024-06-19T09:19:58","modified_gmt":"2024-06-19T12:19:58","slug":"el-vicepostulador-celebra-la-misa-en-el-monasterio-carmelita-en-preparacion-para-recibir-las-reliquias-de-santa-teresita","status":"publish","type":"post","link":"https:\/\/www.padreeustaquio.com.br\/es\/el-vicepostulador-celebra-la-misa-en-el-monasterio-carmelita-en-preparacion-para-recibir-las-reliquias-de-santa-teresita\/","title":{"rendered":"El vicepostulador celebra la Misa en el Carmelo en preparaci\u00f3n para recibir las reliquias de Santa Teresita."},"content":{"rendered":"<p>El vicepostulador de la Causa de Canonizaci\u00f3n del Beato Padre Eust\u00e1quio, Padre Vin\u00edcius Maciel, SSCC, presidi\u00f3 una de las misas de preparaci\u00f3n a la recepci\u00f3n de las reliquias de Santa Teresita, en el Monasterio Carmelita de Nuestra Se\u00f1ora de Aparecida, en el barrio de Cai\u00e7ara, Belo Horizonte.<\/p>\n<div id=\"attachment_11389\" style=\"width: 310px\" class=\"wp-caption alignleft\"><img fetchpriority=\"high\" decoding=\"async\" aria-describedby=\"caption-attachment-11389\" class=\"size-medium wp-image-11389\" src=\"https:\/\/www.padreeustaquio.com.br\/wp-content\/uploads\/2024\/06\/freiras-participam-300x225.jpeg\" alt=\"\" width=\"300\" height=\"225\" srcset=\"https:\/\/www.padreeustaquio.com.br\/wp-content\/uploads\/2024\/06\/freiras-participam-300x225.jpeg 300w, https:\/\/www.padreeustaquio.com.br\/wp-content\/uploads\/2024\/06\/freiras-participam-1024x768.jpeg 1024w, https:\/\/www.padreeustaquio.com.br\/wp-content\/uploads\/2024\/06\/freiras-participam-768x576.jpeg 768w, https:\/\/www.padreeustaquio.com.br\/wp-content\/uploads\/2024\/06\/freiras-participam-1536x1152.jpeg 1536w, https:\/\/www.padreeustaquio.com.br\/wp-content\/uploads\/2024\/06\/freiras-participam-180x135.jpeg 180w, https:\/\/www.padreeustaquio.com.br\/wp-content\/uploads\/2024\/06\/freiras-participam-400x300.jpeg 400w, https:\/\/www.padreeustaquio.com.br\/wp-content\/uploads\/2024\/06\/freiras-participam-600x450.jpeg 600w, https:\/\/www.padreeustaquio.com.br\/wp-content\/uploads\/2024\/06\/freiras-participam-800x600.jpeg 800w, https:\/\/www.padreeustaquio.com.br\/wp-content\/uploads\/2024\/06\/freiras-participam-1200x900.jpeg 1200w, https:\/\/www.padreeustaquio.com.br\/wp-content\/uploads\/2024\/06\/freiras-participam.jpeg 1600w\" sizes=\"(max-width: 300px) 100vw, 300px\" \/><p id=\"caption-attachment-11389\" class=\"wp-caption-text\">Monjas carmelitas de clausura participan en la Santa Misa con el vicepostulador.<\/p><\/div>\n<p>A la celebraci\u00f3n eucar\u00edstica asistieron las hermanas, que viven en clausura, y tambi\u00e9n los fieles que suelen participar en las misas en la capilla del convento. Durante su homil\u00eda, el vicepostulador habl\u00f3 sobre la santidad y cit\u00f3 el ejemplo de santa Teresita, heredado de sus padres y transmitido tambi\u00e9n a sus hermanas, y mencion\u00f3 los puntos en com\u00fan entre la santa y el beato Padre Eustaquio.<\/p>\n<p>Este mi\u00e9rcoles 19 de junio, las reliquias llegan al convento carmelita y estar\u00e1n expuestas para veneraci\u00f3n durante todo el d\u00eda. A las 19:00 h se celebrar\u00e1 la Santa Misa en la capilla del convento, abierta a toda la comunidad.<\/p>\n<p><img decoding=\"async\" class=\"size-medium wp-image-11390 alignright\" src=\"https:\/\/www.padreeustaquio.com.br\/wp-content\/uploads\/2024\/06\/padre-vinicius-no-carmelo-225x300.jpeg\" alt=\"\" width=\"225\" height=\"300\" srcset=\"https:\/\/www.padreeustaquio.com.br\/wp-content\/uploads\/2024\/06\/padre-vinicius-no-carmelo-225x300.jpeg 225w, https:\/\/www.padreeustaquio.com.br\/wp-content\/uploads\/2024\/06\/padre-vinicius-no-carmelo-768x1024.jpeg 768w, https:\/\/www.padreeustaquio.com.br\/wp-content\/uploads\/2024\/06\/padre-vinicius-no-carmelo-1152x1536.jpeg 1152w, https:\/\/www.padreeustaquio.com.br\/wp-content\/uploads\/2024\/06\/padre-vinicius-no-carmelo.jpeg 1200w\" sizes=\"(max-width: 225px) 100vw, 225px\" \/>Las reliquias llegaron a la Arquidi\u00f3cesis de Belo Horizonte el d\u00eda 13 y permanecer\u00e1n all\u00ed hasta ma\u00f1ana, 20 de junio, cuando partir\u00e1n hacia Divin\u00f3polis, en la regi\u00f3n centro-oeste de Minas Gerais. Las reliquias de Santa Teresita del Ni\u00f1o Jes\u00fas est\u00e1n visitando todos los conventos carmelitas de Brasil en una urna de peregrinaci\u00f3n. Durante su vida, la santa or\u00f3 por seminaristas y sacerdotes, siendo considerada la Madre Espiritual de muchos sacerdotes y promotora de vocaciones.<\/p>\n<p><strong>Oraci\u00f3n a Santa Teresita<\/strong><br \/>\nEl arzobispo Walmor escribi\u00f3 una oraci\u00f3n que acompa\u00f1ar\u00e1 a Santa Teresita de Lisieux durante su peregrinaci\u00f3n a la Arquidi\u00f3cesis de Belo Horizonte. Por lo tanto, habr\u00e1 varios momentos para orar juntos:<\/p>\n<div id=\"attachment_11391\" style=\"width: 310px\" class=\"wp-caption alignleft\"><img decoding=\"async\" aria-describedby=\"caption-attachment-11391\" class=\"wp-image-11391 size-medium\" src=\"https:\/\/www.padreeustaquio.com.br\/wp-content\/uploads\/2024\/06\/reliquia-e1718799553988-300x265.jpeg\" alt=\"\" width=\"300\" height=\"265\" srcset=\"https:\/\/www.padreeustaquio.com.br\/wp-content\/uploads\/2024\/06\/reliquia-e1718799553988-300x265.jpeg 300w, https:\/\/www.padreeustaquio.com.br\/wp-content\/uploads\/2024\/06\/reliquia-e1718799553988.jpeg 720w\" sizes=\"(max-width: 300px) 100vw, 300px\" \/><p id=\"caption-attachment-11391\" class=\"wp-caption-text\">Urna que contiene las reliquias de Santa Teresita de Lisieux<\/p><\/div>\n<p><em>Santa Teresita del Ni\u00f1o Jes\u00fas, Rosa del Carmelo<\/em><br \/>\n<em>Misionero amoroso, a trav\u00e9s del poder de la oraci\u00f3n, acomp\u00e1\u00f1anos e insp\u00edranos a recorrer el mundo en misi\u00f3n.<\/em><br \/>\n<em>Santa Teresita del Ni\u00f1o Jes\u00fas y del Santo Rostro, ruega por nosotros.<\/p>\n<p><\/em><\/p>\n<p>*con informaci\u00f3n de arquidiocesebh.org.br<\/p>\n<p>&nbsp;<\/p>","protected":false},"excerpt":{"rendered":"<p>O vice-postulador da Causa de Canoniza\u00e7\u00e3o do Beato Padre Eust\u00e1quio, o padre Vin\u00edcius Maciel, SSCC, presidiu uma das missas em prepara\u00e7\u00e3o para a recep\u00e7\u00e3o das rel\u00edquias de Santa Teresinha, no Carmelo Nossa Senhora Aparecida, bairro Cai\u00e7ara em BH. A Celebra\u00e7\u00e3o Eucar\u00edstica foi acompanhada pelas irm\u00e3s, que vivem na clausura, e tamb\u00e9m por fi\u00e9is que normalmente participam das missas na capela do convento. Durante sua homilia, o vice-postulador falou sobre santidade e citou o exemplo de Santa Teresinha, herdado dos pais e passado tamb\u00e9m \u00e0s suas irm\u00e3s, falando tamb\u00e9m sobre pontos comuns entre a santa e o bem-aventurado Padre Eust\u00e1quio. Nesta [&hellip;]<\/p>\n","protected":false},"author":2,"featured_media":11387,"comment_status":"open","ping_status":"closed","sticky":false,"template":"","format":"standard","meta":{"_acf_changed":false,"footnotes":""},"categories":[611],"tags":[],"class_list":["post-11385","post","type-post","status-publish","format-standard","has-post-thumbnail","hentry","category-noticias"],"acf":[],"yoast_head":"<!-- This site is optimized with the Yoast SEO plugin v27.2 - https:\/\/yoast.com\/product\/yoast-seo-wordpress\/ -->\n<title>Vice-postulador celebra no Carmelo em prepara\u00e7\u00e3o para receber rel\u00edquias de Santa Teresinha<\/title>\n<meta name=\"description\" content=\"O vice-postulador da Causa de Canoniza\u00e7\u00e3o do Beato Padre Eust\u00e1quio, o padre Vin\u00edcius Maciel, SSCC, presidiu uma das missas em prepara\u00e7\u00e3o para a recep\u00e7\u00e3o das rel\u00edquias de Santa Teresinha, no Carmelo Nossa Senhora Aparecida, bairro Cai\u00e7ara em BH.\" \/>\n<meta name=\"robots\" content=\"index, follow, max-snippet:-1, max-image-preview:large, max-video-preview:-1\" \/>\n<link rel=\"canonical\" href=\"https:\/\/www.padreeustaquio.com.br\/es\/el-vicepostulador-celebra-la-misa-en-el-monasterio-carmelita-en-preparacion-para-recibir-las-reliquias-de-santa-teresita\/\" \/>\n<meta property=\"og:locale\" content=\"es_ES\" \/>\n<meta property=\"og:type\" content=\"article\" \/>\n<meta property=\"og:title\" content=\"Vice-postulador celebra no Carmelo em prepara\u00e7\u00e3o para receber rel\u00edquias de Santa Teresinha\" \/>\n<meta property=\"og:description\" content=\"O vice-postulador da Causa de Canoniza\u00e7\u00e3o do Beato Padre Eust\u00e1quio, o padre Vin\u00edcius Maciel, SSCC, presidiu uma das missas em prepara\u00e7\u00e3o para a recep\u00e7\u00e3o das rel\u00edquias de Santa Teresinha, no Carmelo Nossa Senhora Aparecida, bairro Cai\u00e7ara em BH.\" \/>\n<meta property=\"og:url\" content=\"https:\/\/www.padreeustaquio.com.br\/es\/el-vicepostulador-celebra-la-misa-en-el-monasterio-carmelita-en-preparacion-para-recibir-las-reliquias-de-santa-teresita\/\" \/>\n<meta property=\"og:site_name\" content=\"Padre Eust\u00e1quio\" \/>\n<meta property=\"article:publisher\" content=\"https:\/\/www.facebook.com\/beatopadreeustaquio\/\" \/>\n<meta property=\"article:published_time\" content=\"2024-06-19T12:16:08+00:00\" \/>\n<meta property=\"article:modified_time\" content=\"2024-06-19T12:19:58+00:00\" \/>\n<meta property=\"og:image\" content=\"https:\/\/www.padreeustaquio.com.br\/wp-content\/uploads\/2024\/06\/missa-no-carmelo.jpeg\" \/>\n\t<meta property=\"og:image:width\" content=\"1600\" \/>\n\t<meta property=\"og:image:height\" content=\"1200\" \/>\n\t<meta property=\"og:image:type\" content=\"image\/jpeg\" \/>\n<meta name=\"author\" content=\"@sscc\" \/>\n<meta name=\"twitter:card\" content=\"summary_large_image\" \/>\n<meta name=\"twitter:creator\" content=\"@beatopeustaquio\" \/>\n<meta name=\"twitter:site\" content=\"@beatopeustaquio\" \/>\n<meta name=\"twitter:label1\" content=\"Escrito por\" \/>\n\t<meta name=\"twitter:data1\" content=\"@sscc\" \/>\n\t<meta name=\"twitter:label2\" content=\"Tiempo de lectura\" \/>\n\t<meta name=\"twitter:data2\" content=\"3 minutos\" \/>\n<script type=\"application\/ld+json\" class=\"yoast-schema-graph\">{\"@context\":\"https:\/\/schema.org\",\"@graph\":[{\"@type\":\"Article\",\"@id\":\"https:\/\/www.padreeustaquio.com.br\/vice-postulador-celebra-no-carmelo-em-preparacao-para-receber-reliquias-de-santa-teresinha\/#article\",\"isPartOf\":{\"@id\":\"https:\/\/www.padreeustaquio.com.br\/vice-postulador-celebra-no-carmelo-em-preparacao-para-receber-reliquias-de-santa-teresinha\/\"},\"author\":{\"name\":\"@sscc\",\"@id\":\"https:\/\/www.padreeustaquio.com.br\/#\/schema\/person\/a2a51db1d00f1a7af0204a0f1ddb1566\"},\"headline\":\"Vice-postulador celebra no Carmelo em prepara\u00e7\u00e3o para receber rel\u00edquias de Santa Teresinha\",\"datePublished\":\"2024-06-19T12:16:08+00:00\",\"dateModified\":\"2024-06-19T12:19:58+00:00\",\"mainEntityOfPage\":{\"@id\":\"https:\/\/www.padreeustaquio.com.br\/vice-postulador-celebra-no-carmelo-em-preparacao-para-receber-reliquias-de-santa-teresinha\/\"},\"wordCount\":355,\"commentCount\":0,\"publisher\":{\"@id\":\"https:\/\/www.padreeustaquio.com.br\/#organization\"},\"image\":{\"@id\":\"https:\/\/www.padreeustaquio.com.br\/vice-postulador-celebra-no-carmelo-em-preparacao-para-receber-reliquias-de-santa-teresinha\/#primaryimage\"},\"thumbnailUrl\":\"https:\/\/www.padreeustaquio.com.br\/wp-content\/uploads\/2024\/06\/missa-no-carmelo.jpeg\",\"articleSection\":[\"Not\u00edcias\"],\"inLanguage\":\"es\",\"potentialAction\":[{\"@type\":\"CommentAction\",\"name\":\"Comment\",\"target\":[\"https:\/\/www.padreeustaquio.com.br\/vice-postulador-celebra-no-carmelo-em-preparacao-para-receber-reliquias-de-santa-teresinha\/#respond\"]}]},{\"@type\":\"WebPage\",\"@id\":\"https:\/\/www.padreeustaquio.com.br\/vice-postulador-celebra-no-carmelo-em-preparacao-para-receber-reliquias-de-santa-teresinha\/\",\"url\":\"https:\/\/www.padreeustaquio.com.br\/vice-postulador-celebra-no-carmelo-em-preparacao-para-receber-reliquias-de-santa-teresinha\/\",\"name\":\"Vice-postulador celebra no Carmelo em prepara\u00e7\u00e3o para receber rel\u00edquias de Santa Teresinha\",\"isPartOf\":{\"@id\":\"https:\/\/www.padreeustaquio.com.br\/#website\"},\"primaryImageOfPage\":{\"@id\":\"https:\/\/www.padreeustaquio.com.br\/vice-postulador-celebra-no-carmelo-em-preparacao-para-receber-reliquias-de-santa-teresinha\/#primaryimage\"},\"image\":{\"@id\":\"https:\/\/www.padreeustaquio.com.br\/vice-postulador-celebra-no-carmelo-em-preparacao-para-receber-reliquias-de-santa-teresinha\/#primaryimage\"},\"thumbnailUrl\":\"https:\/\/www.padreeustaquio.com.br\/wp-content\/uploads\/2024\/06\/missa-no-carmelo.jpeg\",\"datePublished\":\"2024-06-19T12:16:08+00:00\",\"dateModified\":\"2024-06-19T12:19:58+00:00\",\"description\":\"O vice-postulador da Causa de Canoniza\u00e7\u00e3o do Beato Padre Eust\u00e1quio, o padre Vin\u00edcius Maciel, SSCC, presidiu uma das missas em prepara\u00e7\u00e3o para a recep\u00e7\u00e3o das rel\u00edquias de Santa Teresinha, no Carmelo Nossa Senhora Aparecida, bairro Cai\u00e7ara em BH.\",\"breadcrumb\":{\"@id\":\"https:\/\/www.padreeustaquio.com.br\/vice-postulador-celebra-no-carmelo-em-preparacao-para-receber-reliquias-de-santa-teresinha\/#breadcrumb\"},\"inLanguage\":\"es\",\"potentialAction\":[{\"@type\":\"ReadAction\",\"target\":[\"https:\/\/www.padreeustaquio.com.br\/vice-postulador-celebra-no-carmelo-em-preparacao-para-receber-reliquias-de-santa-teresinha\/\"]}]},{\"@type\":\"ImageObject\",\"inLanguage\":\"es\",\"@id\":\"https:\/\/www.padreeustaquio.com.br\/vice-postulador-celebra-no-carmelo-em-preparacao-para-receber-reliquias-de-santa-teresinha\/#primaryimage\",\"url\":\"https:\/\/www.padreeustaquio.com.br\/wp-content\/uploads\/2024\/06\/missa-no-carmelo.jpeg\",\"contentUrl\":\"https:\/\/www.padreeustaquio.com.br\/wp-content\/uploads\/2024\/06\/missa-no-carmelo.jpeg\",\"width\":1600,\"height\":1200},{\"@type\":\"BreadcrumbList\",\"@id\":\"https:\/\/www.padreeustaquio.com.br\/vice-postulador-celebra-no-carmelo-em-preparacao-para-receber-reliquias-de-santa-teresinha\/#breadcrumb\",\"itemListElement\":[{\"@type\":\"ListItem\",\"position\":1,\"name\":\"In\u00edcio\",\"item\":\"https:\/\/www.padreeustaquio.com.br\/\"},{\"@type\":\"ListItem\",\"position\":2,\"name\":\"Vice-postulador celebra no Carmelo em prepara\u00e7\u00e3o para receber rel\u00edquias de Santa Teresinha\"}]},{\"@type\":\"WebSite\",\"@id\":\"https:\/\/www.padreeustaquio.com.br\/#website\",\"url\":\"https:\/\/www.padreeustaquio.com.br\/\",\"name\":\"Padre Eust\u00e1quio\",\"description\":\"Sa\u00fade e Paz\",\"publisher\":{\"@id\":\"https:\/\/www.padreeustaquio.com.br\/#organization\"},\"potentialAction\":[{\"@type\":\"SearchAction\",\"target\":{\"@type\":\"EntryPoint\",\"urlTemplate\":\"https:\/\/www.padreeustaquio.com.br\/?s={search_term_string}\"},\"query-input\":{\"@type\":\"PropertyValueSpecification\",\"valueRequired\":true,\"valueName\":\"search_term_string\"}}],\"inLanguage\":\"es\"},{\"@type\":\"Organization\",\"@id\":\"https:\/\/www.padreeustaquio.com.br\/#organization\",\"name\":\"Padre Eust\u00e1quio\",\"url\":\"https:\/\/www.padreeustaquio.com.br\/\",\"logo\":{\"@type\":\"ImageObject\",\"inLanguage\":\"es\",\"@id\":\"https:\/\/www.padreeustaquio.com.br\/#\/schema\/logo\/image\/\",\"url\":\"https:\/\/www.padreeustaquio.com.br\/wp-content\/uploads\/2019\/08\/marca.png\",\"contentUrl\":\"https:\/\/www.padreeustaquio.com.br\/wp-content\/uploads\/2019\/08\/marca.png\",\"width\":350,\"height\":400,\"caption\":\"Padre Eust\u00e1quio\"},\"image\":{\"@id\":\"https:\/\/www.padreeustaquio.com.br\/#\/schema\/logo\/image\/\"},\"sameAs\":[\"https:\/\/www.facebook.com\/beatopadreeustaquio\/\",\"https:\/\/x.com\/beatopeustaquio\",\"https:\/\/www.instagram.com\/beatopadreeustaquio\/\",\"https:\/\/www.youtube.com\/channel\/UCRhw7vfabnajwLxb1ZXMeIw\"]},{\"@type\":\"Person\",\"@id\":\"https:\/\/www.padreeustaquio.com.br\/#\/schema\/person\/a2a51db1d00f1a7af0204a0f1ddb1566\",\"name\":\"@sscc\",\"image\":{\"@type\":\"ImageObject\",\"inLanguage\":\"es\",\"@id\":\"https:\/\/secure.gravatar.com\/avatar\/68cfafa5f44617fea54071e215026e0ff06be366c3d54a8425f04fdcb86f8c5f?s=96&d=mm&r=g\",\"url\":\"https:\/\/secure.gravatar.com\/avatar\/68cfafa5f44617fea54071e215026e0ff06be366c3d54a8425f04fdcb86f8c5f?s=96&d=mm&r=g\",\"contentUrl\":\"https:\/\/secure.gravatar.com\/avatar\/68cfafa5f44617fea54071e215026e0ff06be366c3d54a8425f04fdcb86f8c5f?s=96&d=mm&r=g\",\"caption\":\"@sscc\"},\"url\":\"https:\/\/www.padreeustaquio.com.br\/es\/author\/sscc\/\"}]}<\/script>\n<!-- \/ Yoast SEO plugin. -->","yoast_head_json":{"title":"El vicepostulador celebra la Misa en el Carmelo en preparaci\u00f3n para recibir las reliquias de Santa Teresita.","description":"El vicepostulador de la Causa de Canonizaci\u00f3n del Beato Padre Eust\u00e1quio, Padre Vin\u00edcius Maciel, SSCC, presidi\u00f3 una de las misas de preparaci\u00f3n a la recepci\u00f3n de las reliquias de Santa Teresita, en el Monasterio Carmelita de Nuestra Se\u00f1ora de Aparecida, en el barrio de Cai\u00e7ara, Belo Horizonte.","robots":{"index":"index","follow":"follow","max-snippet":"max-snippet:-1","max-image-preview":"max-image-preview:large","max-video-preview":"max-video-preview:-1"},"canonical":"https:\/\/www.padreeustaquio.com.br\/es\/el-vicepostulador-celebra-la-misa-en-el-monasterio-carmelita-en-preparacion-para-recibir-las-reliquias-de-santa-teresita\/","og_locale":"es_ES","og_type":"article","og_title":"Vice-postulador celebra no Carmelo em prepara\u00e7\u00e3o para receber rel\u00edquias de Santa Teresinha","og_description":"O vice-postulador da Causa de Canoniza\u00e7\u00e3o do Beato Padre Eust\u00e1quio, o padre Vin\u00edcius Maciel, SSCC, presidiu uma das missas em prepara\u00e7\u00e3o para a recep\u00e7\u00e3o das rel\u00edquias de Santa Teresinha, no Carmelo Nossa Senhora Aparecida, bairro Cai\u00e7ara em BH.","og_url":"https:\/\/www.padreeustaquio.com.br\/es\/el-vicepostulador-celebra-la-misa-en-el-monasterio-carmelita-en-preparacion-para-recibir-las-reliquias-de-santa-teresita\/","og_site_name":"Padre Eust\u00e1quio","article_publisher":"https:\/\/www.facebook.com\/beatopadreeustaquio\/","article_published_time":"2024-06-19T12:16:08+00:00","article_modified_time":"2024-06-19T12:19:58+00:00","og_image":[{"width":1600,"height":1200,"url":"https:\/\/www.padreeustaquio.com.br\/wp-content\/uploads\/2024\/06\/missa-no-carmelo.jpeg","type":"image\/jpeg"}],"author":"@sscc","twitter_card":"summary_large_image","twitter_creator":"@beatopeustaquio","twitter_site":"@beatopeustaquio","twitter_misc":{"Escrito por":"@sscc","Tiempo de lectura":"3 minutos"},"schema":{"@context":"https:\/\/schema.org","@graph":[{"@type":"Article","@id":"https:\/\/www.padreeustaquio.com.br\/vice-postulador-celebra-no-carmelo-em-preparacao-para-receber-reliquias-de-santa-teresinha\/#article","isPartOf":{"@id":"https:\/\/www.padreeustaquio.com.br\/vice-postulador-celebra-no-carmelo-em-preparacao-para-receber-reliquias-de-santa-teresinha\/"},"author":{"name":"@sscc","@id":"https:\/\/www.padreeustaquio.com.br\/#\/schema\/person\/a2a51db1d00f1a7af0204a0f1ddb1566"},"headline":"Vice-postulador celebra no Carmelo em prepara\u00e7\u00e3o para receber rel\u00edquias de Santa Teresinha","datePublished":"2024-06-19T12:16:08+00:00","dateModified":"2024-06-19T12:19:58+00:00","mainEntityOfPage":{"@id":"https:\/\/www.padreeustaquio.com.br\/vice-postulador-celebra-no-carmelo-em-preparacao-para-receber-reliquias-de-santa-teresinha\/"},"wordCount":355,"commentCount":0,"publisher":{"@id":"https:\/\/www.padreeustaquio.com.br\/#organization"},"image":{"@id":"https:\/\/www.padreeustaquio.com.br\/vice-postulador-celebra-no-carmelo-em-preparacao-para-receber-reliquias-de-santa-teresinha\/#primaryimage"},"thumbnailUrl":"https:\/\/www.padreeustaquio.com.br\/wp-content\/uploads\/2024\/06\/missa-no-carmelo.jpeg","articleSection":["Not\u00edcias"],"inLanguage":"es","potentialAction":[{"@type":"CommentAction","name":"Comment","target":["https:\/\/www.padreeustaquio.com.br\/vice-postulador-celebra-no-carmelo-em-preparacao-para-receber-reliquias-de-santa-teresinha\/#respond"]}]},{"@type":"WebPage","@id":"https:\/\/www.padreeustaquio.com.br\/vice-postulador-celebra-no-carmelo-em-preparacao-para-receber-reliquias-de-santa-teresinha\/","url":"https:\/\/www.padreeustaquio.com.br\/vice-postulador-celebra-no-carmelo-em-preparacao-para-receber-reliquias-de-santa-teresinha\/","name":"El vicepostulador celebra la Misa en el Carmelo en preparaci\u00f3n para recibir las reliquias de Santa Teresita.","isPartOf":{"@id":"https:\/\/www.padreeustaquio.com.br\/#website"},"primaryImageOfPage":{"@id":"https:\/\/www.padreeustaquio.com.br\/vice-postulador-celebra-no-carmelo-em-preparacao-para-receber-reliquias-de-santa-teresinha\/#primaryimage"},"image":{"@id":"https:\/\/www.padreeustaquio.com.br\/vice-postulador-celebra-no-carmelo-em-preparacao-para-receber-reliquias-de-santa-teresinha\/#primaryimage"},"thumbnailUrl":"https:\/\/www.padreeustaquio.com.br\/wp-content\/uploads\/2024\/06\/missa-no-carmelo.jpeg","datePublished":"2024-06-19T12:16:08+00:00","dateModified":"2024-06-19T12:19:58+00:00","description":"El vicepostulador de la Causa de Canonizaci\u00f3n del Beato Padre Eust\u00e1quio, Padre Vin\u00edcius Maciel, SSCC, presidi\u00f3 una de las misas de preparaci\u00f3n a la recepci\u00f3n de las reliquias de Santa Teresita, en el Monasterio Carmelita de Nuestra Se\u00f1ora de Aparecida, en el barrio de Cai\u00e7ara, Belo Horizonte.","breadcrumb":{"@id":"https:\/\/www.padreeustaquio.com.br\/vice-postulador-celebra-no-carmelo-em-preparacao-para-receber-reliquias-de-santa-teresinha\/#breadcrumb"},"inLanguage":"es","potentialAction":[{"@type":"ReadAction","target":["https:\/\/www.padreeustaquio.com.br\/vice-postulador-celebra-no-carmelo-em-preparacao-para-receber-reliquias-de-santa-teresinha\/"]}]},{"@type":"ImageObject","inLanguage":"es","@id":"https:\/\/www.padreeustaquio.com.br\/vice-postulador-celebra-no-carmelo-em-preparacao-para-receber-reliquias-de-santa-teresinha\/#primaryimage","url":"https:\/\/www.padreeustaquio.com.br\/wp-content\/uploads\/2024\/06\/missa-no-carmelo.jpeg","contentUrl":"https:\/\/www.padreeustaquio.com.br\/wp-content\/uploads\/2024\/06\/missa-no-carmelo.jpeg","width":1600,"height":1200},{"@type":"BreadcrumbList","@id":"https:\/\/www.padreeustaquio.com.br\/vice-postulador-celebra-no-carmelo-em-preparacao-para-receber-reliquias-de-santa-teresinha\/#breadcrumb","itemListElement":[{"@type":"ListItem","position":1,"name":"In\u00edcio","item":"https:\/\/www.padreeustaquio.com.br\/"},{"@type":"ListItem","position":2,"name":"Vice-postulador celebra no Carmelo em prepara\u00e7\u00e3o para receber rel\u00edquias de Santa Teresinha"}]},{"@type":"WebSite","@id":"https:\/\/www.padreeustaquio.com.br\/#website","url":"https:\/\/www.padreeustaquio.com.br\/","name":"Padre Eustace","description":"Salud y Paz","publisher":{"@id":"https:\/\/www.padreeustaquio.com.br\/#organization"},"potentialAction":[{"@type":"SearchAction","target":{"@type":"EntryPoint","urlTemplate":"https:\/\/www.padreeustaquio.com.br\/?s={search_term_string}"},"query-input":{"@type":"PropertyValueSpecification","valueRequired":true,"valueName":"search_term_string"}}],"inLanguage":"es"},{"@type":"Organization","@id":"https:\/\/www.padreeustaquio.com.br\/#organization","name":"Padre Eustace","url":"https:\/\/www.padreeustaquio.com.br\/","logo":{"@type":"ImageObject","inLanguage":"es","@id":"https:\/\/www.padreeustaquio.com.br\/#\/schema\/logo\/image\/","url":"https:\/\/www.padreeustaquio.com.br\/wp-content\/uploads\/2019\/08\/marca.png","contentUrl":"https:\/\/www.padreeustaquio.com.br\/wp-content\/uploads\/2019\/08\/marca.png","width":350,"height":400,"caption":"Padre Eust\u00e1quio"},"image":{"@id":"https:\/\/www.padreeustaquio.com.br\/#\/schema\/logo\/image\/"},"sameAs":["https:\/\/www.facebook.com\/beatopadreeustaquio\/","https:\/\/x.com\/beatopeustaquio","https:\/\/www.instagram.com\/beatopadreeustaquio\/","https:\/\/www.youtube.com\/channel\/UCRhw7vfabnajwLxb1ZXMeIw"]},{"@type":"Person","@id":"https:\/\/www.padreeustaquio.com.br\/#\/schema\/person\/a2a51db1d00f1a7af0204a0f1ddb1566","name":"@sscc","image":{"@type":"ImageObject","inLanguage":"es","@id":"https:\/\/secure.gravatar.com\/avatar\/68cfafa5f44617fea54071e215026e0ff06be366c3d54a8425f04fdcb86f8c5f?s=96&d=mm&r=g","url":"https:\/\/secure.gravatar.com\/avatar\/68cfafa5f44617fea54071e215026e0ff06be366c3d54a8425f04fdcb86f8c5f?s=96&d=mm&r=g","contentUrl":"https:\/\/secure.gravatar.com\/avatar\/68cfafa5f44617fea54071e215026e0ff06be366c3d54a8425f04fdcb86f8c5f?s=96&d=mm&r=g","caption":"@sscc"},"url":"https:\/\/www.padreeustaquio.com.br\/es\/author\/sscc\/"}]}},"_links":{"self":[{"href":"https:\/\/www.padreeustaquio.com.br\/es\/wp-json\/wp\/v2\/posts\/11385","targetHints":{"allow":["GET"]}}],"collection":[{"href":"https:\/\/www.padreeustaquio.com.br\/es\/wp-json\/wp\/v2\/posts"}],"about":[{"href":"https:\/\/www.padreeustaquio.com.br\/es\/wp-json\/wp\/v2\/types\/post"}],"author":[{"embeddable":true,"href":"https:\/\/www.padreeustaquio.com.br\/es\/wp-json\/wp\/v2\/users\/2"}],"replies":[{"embeddable":true,"href":"https:\/\/www.padreeustaquio.com.br\/es\/wp-json\/wp\/v2\/comments?post=11385"}],"version-history":[{"count":0,"href":"https:\/\/www.padreeustaquio.com.br\/es\/wp-json\/wp\/v2\/posts\/11385\/revisions"}],"wp:featuredmedia":[{"embeddable":true,"href":"https:\/\/www.padreeustaquio.com.br\/es\/wp-json\/wp\/v2\/media\/11387"}],"wp:attachment":[{"href":"https:\/\/www.padreeustaquio.com.br\/es\/wp-json\/wp\/v2\/media?parent=11385"}],"wp:term":[{"taxonomy":"category","embeddable":true,"href":"https:\/\/www.padreeustaquio.com.br\/es\/wp-json\/wp\/v2\/categories?post=11385"},{"taxonomy":"post_tag","embeddable":true,"href":"https:\/\/www.padreeustaquio.com.br\/es\/wp-json\/wp\/v2\/tags?post=11385"}],"curies":[{"name":"wp","href":"https:\/\/api.w.org\/{rel}","templated":true}]}}