{"id":11375,"date":"2024-06-13T08:58:42","date_gmt":"2024-06-13T11:58:42","guid":{"rendered":"https:\/\/www.padreeustaquio.com.br\/?p=11375"},"modified":"2024-06-13T14:20:05","modified_gmt":"2024-06-13T17:20:05","slug":"misa-en-honor-al-beato-padre-eustaquio-realizada-en-patrocinio","status":"publish","type":"post","link":"https:\/\/www.padreeustaquio.com.br\/es\/misa-en-honor-al-beato-padre-eustaquio-realizada-en-patrocinio\/","title":{"rendered":"Se celebra en Patroc\u00ednio misa en honor al Beato Padre Eustaquio."},"content":{"rendered":"<p>La comunidad del Beato Eustaquio en Patroc\u00ednio, Minas Gerais, celebr\u00f3 el d\u00eda dedicado al Beato Eustaquio en la casa de la familia Amaral. La celebraci\u00f3n eucar\u00edstica fue presidida por el Padre \u00c9lcio Mota, sscc, y marc\u00f3 un momento de fe y unidad para los presentes.<\/p>\n<p><img fetchpriority=\"high\" decoding=\"async\" class=\"size-medium wp-image-11377 alignleft\" src=\"https:\/\/www.padreeustaquio.com.br\/wp-content\/uploads\/2024\/06\/missa-pe-ptc-maio-4-300x300.jpeg\" alt=\"\" width=\"300\" height=\"300\" srcset=\"https:\/\/www.padreeustaquio.com.br\/wp-content\/uploads\/2024\/06\/missa-pe-ptc-maio-4-300x300.jpeg 300w, https:\/\/www.padreeustaquio.com.br\/wp-content\/uploads\/2024\/06\/missa-pe-ptc-maio-4-1024x1024.jpeg 1024w, https:\/\/www.padreeustaquio.com.br\/wp-content\/uploads\/2024\/06\/missa-pe-ptc-maio-4-150x150.jpeg 150w, https:\/\/www.padreeustaquio.com.br\/wp-content\/uploads\/2024\/06\/missa-pe-ptc-maio-4-768x768.jpeg 768w, https:\/\/www.padreeustaquio.com.br\/wp-content\/uploads\/2024\/06\/missa-pe-ptc-maio-4-75x75.jpeg 75w, https:\/\/www.padreeustaquio.com.br\/wp-content\/uploads\/2024\/06\/missa-pe-ptc-maio-4-180x180.jpeg 180w, https:\/\/www.padreeustaquio.com.br\/wp-content\/uploads\/2024\/06\/missa-pe-ptc-maio-4-400x400.jpeg 400w, https:\/\/www.padreeustaquio.com.br\/wp-content\/uploads\/2024\/06\/missa-pe-ptc-maio-4-600x600.jpeg 600w, https:\/\/www.padreeustaquio.com.br\/wp-content\/uploads\/2024\/06\/missa-pe-ptc-maio-4.jpeg 1440w\" sizes=\"(max-width: 300px) 100vw, 300px\" \/>Durante el mes de mayo, la imagen del Beato Padre Eust\u00e1quio, venerado en la comunidad que lleva su nombre, estuvo en el hogar de Matilde Amaral. Esta pr\u00e1ctica forma parte de una tradici\u00f3n continua de fe y devoci\u00f3n, donde la imagen del beato viaja mensualmente a los hogares de los fieles.<\/p>\n<p>En la residencia de Matilde se instal\u00f3 un altar especial para recibir la imagen del Beato Padre Eustaquio durante el mes de mayo.<\/p>\n<p style=\"font-size: 19.4286px;\"><img decoding=\"async\" class=\"size-medium wp-image-11378 alignright\" style=\"font-size: 19.4286px;\" src=\"https:\/\/www.padreeustaquio.com.br\/wp-content\/uploads\/2024\/06\/missa-pe-ptc-maio-3-300x300.jpeg\" alt=\"\" width=\"300\" height=\"300\" srcset=\"https:\/\/www.padreeustaquio.com.br\/wp-content\/uploads\/2024\/06\/missa-pe-ptc-maio-3-300x300.jpeg 300w, https:\/\/www.padreeustaquio.com.br\/wp-content\/uploads\/2024\/06\/missa-pe-ptc-maio-3-1024x1024.jpeg 1024w, https:\/\/www.padreeustaquio.com.br\/wp-content\/uploads\/2024\/06\/missa-pe-ptc-maio-3-150x150.jpeg 150w, https:\/\/www.padreeustaquio.com.br\/wp-content\/uploads\/2024\/06\/missa-pe-ptc-maio-3-768x768.jpeg 768w, https:\/\/www.padreeustaquio.com.br\/wp-content\/uploads\/2024\/06\/missa-pe-ptc-maio-3-75x75.jpeg 75w, https:\/\/www.padreeustaquio.com.br\/wp-content\/uploads\/2024\/06\/missa-pe-ptc-maio-3-180x180.jpeg 180w, https:\/\/www.padreeustaquio.com.br\/wp-content\/uploads\/2024\/06\/missa-pe-ptc-maio-3-400x400.jpeg 400w, https:\/\/www.padreeustaquio.com.br\/wp-content\/uploads\/2024\/06\/missa-pe-ptc-maio-3-600x600.jpeg 600w, https:\/\/www.padreeustaquio.com.br\/wp-content\/uploads\/2024\/06\/missa-pe-ptc-maio-3.jpeg 1440w\" sizes=\"(max-width: 300px) 100vw, 300px\" \/><\/p>\n<p>La comunidad de Beato Eust\u00e1quio contin\u00faa cultivando esta tradici\u00f3n, promoviendo<span style=\"font-size: 1.21429rem;\">Creando un ambiente de fe, unidad y espiritualidad. La celebraci\u00f3n en la casa de la familia Amaral fue un cap\u00edtulo m\u00e1s en esta hermosa historia de devoci\u00f3n comunitaria, reafirmando la importancia del Beato Padre Eust\u00e1quio en la vida de los fieles de Patroc\u00ednio.<\/span><\/p>","protected":false},"excerpt":{"rendered":"<p>A comunidade Beato Eust\u00e1quio, em Patroc\u00ednio, Minas Gerais, celebrou o dia dedicado ao Bem-aventurado na casa da fam\u00edlia Amaral. A celebra\u00e7\u00e3o Eucar\u00edstica foi presidida pelo Padre \u00c9lcio Mota, sscc, marcando um momento de f\u00e9 e uni\u00e3o para os presentes. Durante o m\u00eas de maio, a imagem do Beato Padre Eust\u00e1quio, reverenciada na comunidade que leva seu nome, esteve na casa de Matilde Amaral. Esta pr\u00e1tica faz parte de uma tradi\u00e7\u00e3o cont\u00ednua de f\u00e9 e devo\u00e7\u00e3o, onde a imagem do beato peregrina mensalmente pelas casas dos fi\u00e9is. Na resid\u00eancia de Matilde, um altar especial foi montado para receber a imagem do [&hellip;]<\/p>\n","protected":false},"author":2,"featured_media":11376,"comment_status":"open","ping_status":"closed","sticky":false,"template":"","format":"standard","meta":{"_acf_changed":false,"footnotes":""},"categories":[611],"tags":[],"class_list":["post-11375","post","type-post","status-publish","format-standard","has-post-thumbnail","hentry","category-noticias"],"acf":[],"yoast_head":"<!-- This site is optimized with the Yoast SEO plugin v27.2 - https:\/\/yoast.com\/product\/yoast-seo-wordpress\/ -->\n<title>Missa em honra ao Beato Padre Eust\u00e1quio \u00e9 realizada em Patroc\u00ednio<\/title>\n<meta name=\"description\" content=\"No final de maio, a comunidade Beato Eust\u00e1quio, em Patroc\u00ednio, Minas Gerais, celebrou o dia dedicado ao Bem-aventurado na casa da fam\u00edlia Amaral. A celebra\u00e7\u00e3o eucar\u00edstica foi presidida pelo Padre \u00c9lcio Mota, sscc, marcando um momento de f\u00e9 e uni\u00e3o para os presentes.\" \/>\n<meta name=\"robots\" content=\"index, follow, max-snippet:-1, max-image-preview:large, max-video-preview:-1\" \/>\n<link rel=\"canonical\" href=\"https:\/\/www.padreeustaquio.com.br\/es\/misa-en-honor-al-beato-padre-eustaquio-realizada-en-patrocinio\/\" \/>\n<meta property=\"og:locale\" content=\"es_ES\" \/>\n<meta property=\"og:type\" content=\"article\" \/>\n<meta property=\"og:title\" content=\"Missa em honra ao Beato Padre Eust\u00e1quio \u00e9 realizada em Patroc\u00ednio\" \/>\n<meta property=\"og:description\" content=\"No final de maio, a comunidade Beato Eust\u00e1quio, em Patroc\u00ednio, Minas Gerais, celebrou o dia dedicado ao Bem-aventurado na casa da fam\u00edlia Amaral. A celebra\u00e7\u00e3o eucar\u00edstica foi presidida pelo Padre \u00c9lcio Mota, sscc, marcando um momento de f\u00e9 e uni\u00e3o para os presentes.\" \/>\n<meta property=\"og:url\" content=\"https:\/\/www.padreeustaquio.com.br\/es\/misa-en-honor-al-beato-padre-eustaquio-realizada-en-patrocinio\/\" \/>\n<meta property=\"og:site_name\" content=\"Padre Eust\u00e1quio\" \/>\n<meta property=\"article:publisher\" content=\"https:\/\/www.facebook.com\/beatopadreeustaquio\/\" \/>\n<meta property=\"article:published_time\" content=\"2024-06-13T11:58:42+00:00\" \/>\n<meta property=\"article:modified_time\" content=\"2024-06-13T17:20:05+00:00\" \/>\n<meta property=\"og:image\" content=\"https:\/\/www.padreeustaquio.com.br\/wp-content\/uploads\/2024\/06\/missa-pe-ptc-maio-1.jpeg\" \/>\n\t<meta property=\"og:image:width\" content=\"1440\" \/>\n\t<meta property=\"og:image:height\" content=\"1440\" \/>\n\t<meta property=\"og:image:type\" content=\"image\/jpeg\" \/>\n<meta name=\"author\" content=\"@sscc\" \/>\n<meta name=\"twitter:card\" content=\"summary_large_image\" \/>\n<meta name=\"twitter:creator\" content=\"@beatopeustaquio\" \/>\n<meta name=\"twitter:site\" content=\"@beatopeustaquio\" \/>\n<meta name=\"twitter:label1\" content=\"Escrito por\" \/>\n\t<meta name=\"twitter:data1\" content=\"@sscc\" \/>\n\t<meta name=\"twitter:label2\" content=\"Tiempo de lectura\" \/>\n\t<meta name=\"twitter:data2\" content=\"2 minutos\" \/>\n<script type=\"application\/ld+json\" class=\"yoast-schema-graph\">{\"@context\":\"https:\/\/schema.org\",\"@graph\":[{\"@type\":\"Article\",\"@id\":\"https:\/\/www.padreeustaquio.com.br\/missa-em-honra-ao-beato-padre-eustaquio-e-realizada-em-patrocinio\/#article\",\"isPartOf\":{\"@id\":\"https:\/\/www.padreeustaquio.com.br\/missa-em-honra-ao-beato-padre-eustaquio-e-realizada-em-patrocinio\/\"},\"author\":{\"name\":\"@sscc\",\"@id\":\"https:\/\/www.padreeustaquio.com.br\/#\/schema\/person\/a2a51db1d00f1a7af0204a0f1ddb1566\"},\"headline\":\"Missa em honra ao Beato Padre Eust\u00e1quio \u00e9 realizada em Patroc\u00ednio\",\"datePublished\":\"2024-06-13T11:58:42+00:00\",\"dateModified\":\"2024-06-13T17:20:05+00:00\",\"mainEntityOfPage\":{\"@id\":\"https:\/\/www.padreeustaquio.com.br\/missa-em-honra-ao-beato-padre-eustaquio-e-realizada-em-patrocinio\/\"},\"wordCount\":196,\"commentCount\":0,\"publisher\":{\"@id\":\"https:\/\/www.padreeustaquio.com.br\/#organization\"},\"image\":{\"@id\":\"https:\/\/www.padreeustaquio.com.br\/missa-em-honra-ao-beato-padre-eustaquio-e-realizada-em-patrocinio\/#primaryimage\"},\"thumbnailUrl\":\"https:\/\/www.padreeustaquio.com.br\/wp-content\/uploads\/2024\/06\/missa-pe-ptc-maio-1.jpeg\",\"articleSection\":[\"Not\u00edcias\"],\"inLanguage\":\"es\",\"potentialAction\":[{\"@type\":\"CommentAction\",\"name\":\"Comment\",\"target\":[\"https:\/\/www.padreeustaquio.com.br\/missa-em-honra-ao-beato-padre-eustaquio-e-realizada-em-patrocinio\/#respond\"]}]},{\"@type\":\"WebPage\",\"@id\":\"https:\/\/www.padreeustaquio.com.br\/missa-em-honra-ao-beato-padre-eustaquio-e-realizada-em-patrocinio\/\",\"url\":\"https:\/\/www.padreeustaquio.com.br\/missa-em-honra-ao-beato-padre-eustaquio-e-realizada-em-patrocinio\/\",\"name\":\"Missa em honra ao Beato Padre Eust\u00e1quio \u00e9 realizada em Patroc\u00ednio\",\"isPartOf\":{\"@id\":\"https:\/\/www.padreeustaquio.com.br\/#website\"},\"primaryImageOfPage\":{\"@id\":\"https:\/\/www.padreeustaquio.com.br\/missa-em-honra-ao-beato-padre-eustaquio-e-realizada-em-patrocinio\/#primaryimage\"},\"image\":{\"@id\":\"https:\/\/www.padreeustaquio.com.br\/missa-em-honra-ao-beato-padre-eustaquio-e-realizada-em-patrocinio\/#primaryimage\"},\"thumbnailUrl\":\"https:\/\/www.padreeustaquio.com.br\/wp-content\/uploads\/2024\/06\/missa-pe-ptc-maio-1.jpeg\",\"datePublished\":\"2024-06-13T11:58:42+00:00\",\"dateModified\":\"2024-06-13T17:20:05+00:00\",\"description\":\"No final de maio, a comunidade Beato Eust\u00e1quio, em Patroc\u00ednio, Minas Gerais, celebrou o dia dedicado ao Bem-aventurado na casa da fam\u00edlia Amaral. A celebra\u00e7\u00e3o eucar\u00edstica foi presidida pelo Padre \u00c9lcio Mota, sscc, marcando um momento de f\u00e9 e uni\u00e3o para os presentes.\",\"breadcrumb\":{\"@id\":\"https:\/\/www.padreeustaquio.com.br\/missa-em-honra-ao-beato-padre-eustaquio-e-realizada-em-patrocinio\/#breadcrumb\"},\"inLanguage\":\"es\",\"potentialAction\":[{\"@type\":\"ReadAction\",\"target\":[\"https:\/\/www.padreeustaquio.com.br\/missa-em-honra-ao-beato-padre-eustaquio-e-realizada-em-patrocinio\/\"]}]},{\"@type\":\"ImageObject\",\"inLanguage\":\"es\",\"@id\":\"https:\/\/www.padreeustaquio.com.br\/missa-em-honra-ao-beato-padre-eustaquio-e-realizada-em-patrocinio\/#primaryimage\",\"url\":\"https:\/\/www.padreeustaquio.com.br\/wp-content\/uploads\/2024\/06\/missa-pe-ptc-maio-1.jpeg\",\"contentUrl\":\"https:\/\/www.padreeustaquio.com.br\/wp-content\/uploads\/2024\/06\/missa-pe-ptc-maio-1.jpeg\",\"width\":1440,\"height\":1440},{\"@type\":\"BreadcrumbList\",\"@id\":\"https:\/\/www.padreeustaquio.com.br\/missa-em-honra-ao-beato-padre-eustaquio-e-realizada-em-patrocinio\/#breadcrumb\",\"itemListElement\":[{\"@type\":\"ListItem\",\"position\":1,\"name\":\"In\u00edcio\",\"item\":\"https:\/\/www.padreeustaquio.com.br\/\"},{\"@type\":\"ListItem\",\"position\":2,\"name\":\"Missa em honra ao Beato Padre Eust\u00e1quio \u00e9 realizada em Patroc\u00ednio\"}]},{\"@type\":\"WebSite\",\"@id\":\"https:\/\/www.padreeustaquio.com.br\/#website\",\"url\":\"https:\/\/www.padreeustaquio.com.br\/\",\"name\":\"Padre Eust\u00e1quio\",\"description\":\"Sa\u00fade e Paz\",\"publisher\":{\"@id\":\"https:\/\/www.padreeustaquio.com.br\/#organization\"},\"potentialAction\":[{\"@type\":\"SearchAction\",\"target\":{\"@type\":\"EntryPoint\",\"urlTemplate\":\"https:\/\/www.padreeustaquio.com.br\/?s={search_term_string}\"},\"query-input\":{\"@type\":\"PropertyValueSpecification\",\"valueRequired\":true,\"valueName\":\"search_term_string\"}}],\"inLanguage\":\"es\"},{\"@type\":\"Organization\",\"@id\":\"https:\/\/www.padreeustaquio.com.br\/#organization\",\"name\":\"Padre Eust\u00e1quio\",\"url\":\"https:\/\/www.padreeustaquio.com.br\/\",\"logo\":{\"@type\":\"ImageObject\",\"inLanguage\":\"es\",\"@id\":\"https:\/\/www.padreeustaquio.com.br\/#\/schema\/logo\/image\/\",\"url\":\"https:\/\/www.padreeustaquio.com.br\/wp-content\/uploads\/2019\/08\/marca.png\",\"contentUrl\":\"https:\/\/www.padreeustaquio.com.br\/wp-content\/uploads\/2019\/08\/marca.png\",\"width\":350,\"height\":400,\"caption\":\"Padre Eust\u00e1quio\"},\"image\":{\"@id\":\"https:\/\/www.padreeustaquio.com.br\/#\/schema\/logo\/image\/\"},\"sameAs\":[\"https:\/\/www.facebook.com\/beatopadreeustaquio\/\",\"https:\/\/x.com\/beatopeustaquio\",\"https:\/\/www.instagram.com\/beatopadreeustaquio\/\",\"https:\/\/www.youtube.com\/channel\/UCRhw7vfabnajwLxb1ZXMeIw\"]},{\"@type\":\"Person\",\"@id\":\"https:\/\/www.padreeustaquio.com.br\/#\/schema\/person\/a2a51db1d00f1a7af0204a0f1ddb1566\",\"name\":\"@sscc\",\"image\":{\"@type\":\"ImageObject\",\"inLanguage\":\"es\",\"@id\":\"https:\/\/secure.gravatar.com\/avatar\/68cfafa5f44617fea54071e215026e0ff06be366c3d54a8425f04fdcb86f8c5f?s=96&d=mm&r=g\",\"url\":\"https:\/\/secure.gravatar.com\/avatar\/68cfafa5f44617fea54071e215026e0ff06be366c3d54a8425f04fdcb86f8c5f?s=96&d=mm&r=g\",\"contentUrl\":\"https:\/\/secure.gravatar.com\/avatar\/68cfafa5f44617fea54071e215026e0ff06be366c3d54a8425f04fdcb86f8c5f?s=96&d=mm&r=g\",\"caption\":\"@sscc\"},\"url\":\"https:\/\/www.padreeustaquio.com.br\/es\/author\/sscc\/\"}]}<\/script>\n<!-- \/ Yoast SEO plugin. -->","yoast_head_json":{"title":"Se celebra en Patroc\u00ednio misa en honor al Beato Padre Eustaquio.","description":"A finales de mayo, la comunidad del Beato Eustaquio en Patroc\u00ednio, Minas Gerais, celebr\u00f3 el d\u00eda dedicado al Beato Eustaquio en la casa de la familia Amaral. La celebraci\u00f3n eucar\u00edstica fue presidida por el Padre \u00c9lcio Mota, sscc, y marc\u00f3 un momento de fe y unidad para los presentes.","robots":{"index":"index","follow":"follow","max-snippet":"max-snippet:-1","max-image-preview":"max-image-preview:large","max-video-preview":"max-video-preview:-1"},"canonical":"https:\/\/www.padreeustaquio.com.br\/es\/misa-en-honor-al-beato-padre-eustaquio-realizada-en-patrocinio\/","og_locale":"es_ES","og_type":"article","og_title":"Missa em honra ao Beato Padre Eust\u00e1quio \u00e9 realizada em Patroc\u00ednio","og_description":"No final de maio, a comunidade Beato Eust\u00e1quio, em Patroc\u00ednio, Minas Gerais, celebrou o dia dedicado ao Bem-aventurado na casa da fam\u00edlia Amaral. A celebra\u00e7\u00e3o eucar\u00edstica foi presidida pelo Padre \u00c9lcio Mota, sscc, marcando um momento de f\u00e9 e uni\u00e3o para os presentes.","og_url":"https:\/\/www.padreeustaquio.com.br\/es\/misa-en-honor-al-beato-padre-eustaquio-realizada-en-patrocinio\/","og_site_name":"Padre Eust\u00e1quio","article_publisher":"https:\/\/www.facebook.com\/beatopadreeustaquio\/","article_published_time":"2024-06-13T11:58:42+00:00","article_modified_time":"2024-06-13T17:20:05+00:00","og_image":[{"width":1440,"height":1440,"url":"https:\/\/www.padreeustaquio.com.br\/wp-content\/uploads\/2024\/06\/missa-pe-ptc-maio-1.jpeg","type":"image\/jpeg"}],"author":"@sscc","twitter_card":"summary_large_image","twitter_creator":"@beatopeustaquio","twitter_site":"@beatopeustaquio","twitter_misc":{"Escrito por":"@sscc","Tiempo de lectura":"2 minutos"},"schema":{"@context":"https:\/\/schema.org","@graph":[{"@type":"Article","@id":"https:\/\/www.padreeustaquio.com.br\/missa-em-honra-ao-beato-padre-eustaquio-e-realizada-em-patrocinio\/#article","isPartOf":{"@id":"https:\/\/www.padreeustaquio.com.br\/missa-em-honra-ao-beato-padre-eustaquio-e-realizada-em-patrocinio\/"},"author":{"name":"@sscc","@id":"https:\/\/www.padreeustaquio.com.br\/#\/schema\/person\/a2a51db1d00f1a7af0204a0f1ddb1566"},"headline":"Missa em honra ao Beato Padre Eust\u00e1quio \u00e9 realizada em Patroc\u00ednio","datePublished":"2024-06-13T11:58:42+00:00","dateModified":"2024-06-13T17:20:05+00:00","mainEntityOfPage":{"@id":"https:\/\/www.padreeustaquio.com.br\/missa-em-honra-ao-beato-padre-eustaquio-e-realizada-em-patrocinio\/"},"wordCount":196,"commentCount":0,"publisher":{"@id":"https:\/\/www.padreeustaquio.com.br\/#organization"},"image":{"@id":"https:\/\/www.padreeustaquio.com.br\/missa-em-honra-ao-beato-padre-eustaquio-e-realizada-em-patrocinio\/#primaryimage"},"thumbnailUrl":"https:\/\/www.padreeustaquio.com.br\/wp-content\/uploads\/2024\/06\/missa-pe-ptc-maio-1.jpeg","articleSection":["Not\u00edcias"],"inLanguage":"es","potentialAction":[{"@type":"CommentAction","name":"Comment","target":["https:\/\/www.padreeustaquio.com.br\/missa-em-honra-ao-beato-padre-eustaquio-e-realizada-em-patrocinio\/#respond"]}]},{"@type":"WebPage","@id":"https:\/\/www.padreeustaquio.com.br\/missa-em-honra-ao-beato-padre-eustaquio-e-realizada-em-patrocinio\/","url":"https:\/\/www.padreeustaquio.com.br\/missa-em-honra-ao-beato-padre-eustaquio-e-realizada-em-patrocinio\/","name":"Se celebra en Patroc\u00ednio misa en honor al Beato Padre Eustaquio.","isPartOf":{"@id":"https:\/\/www.padreeustaquio.com.br\/#website"},"primaryImageOfPage":{"@id":"https:\/\/www.padreeustaquio.com.br\/missa-em-honra-ao-beato-padre-eustaquio-e-realizada-em-patrocinio\/#primaryimage"},"image":{"@id":"https:\/\/www.padreeustaquio.com.br\/missa-em-honra-ao-beato-padre-eustaquio-e-realizada-em-patrocinio\/#primaryimage"},"thumbnailUrl":"https:\/\/www.padreeustaquio.com.br\/wp-content\/uploads\/2024\/06\/missa-pe-ptc-maio-1.jpeg","datePublished":"2024-06-13T11:58:42+00:00","dateModified":"2024-06-13T17:20:05+00:00","description":"A finales de mayo, la comunidad del Beato Eustaquio en Patroc\u00ednio, Minas Gerais, celebr\u00f3 el d\u00eda dedicado al Beato Eustaquio en la casa de la familia Amaral. La celebraci\u00f3n eucar\u00edstica fue presidida por el Padre \u00c9lcio Mota, sscc, y marc\u00f3 un momento de fe y unidad para los presentes.","breadcrumb":{"@id":"https:\/\/www.padreeustaquio.com.br\/missa-em-honra-ao-beato-padre-eustaquio-e-realizada-em-patrocinio\/#breadcrumb"},"inLanguage":"es","potentialAction":[{"@type":"ReadAction","target":["https:\/\/www.padreeustaquio.com.br\/missa-em-honra-ao-beato-padre-eustaquio-e-realizada-em-patrocinio\/"]}]},{"@type":"ImageObject","inLanguage":"es","@id":"https:\/\/www.padreeustaquio.com.br\/missa-em-honra-ao-beato-padre-eustaquio-e-realizada-em-patrocinio\/#primaryimage","url":"https:\/\/www.padreeustaquio.com.br\/wp-content\/uploads\/2024\/06\/missa-pe-ptc-maio-1.jpeg","contentUrl":"https:\/\/www.padreeustaquio.com.br\/wp-content\/uploads\/2024\/06\/missa-pe-ptc-maio-1.jpeg","width":1440,"height":1440},{"@type":"BreadcrumbList","@id":"https:\/\/www.padreeustaquio.com.br\/missa-em-honra-ao-beato-padre-eustaquio-e-realizada-em-patrocinio\/#breadcrumb","itemListElement":[{"@type":"ListItem","position":1,"name":"In\u00edcio","item":"https:\/\/www.padreeustaquio.com.br\/"},{"@type":"ListItem","position":2,"name":"Missa em honra ao Beato Padre Eust\u00e1quio \u00e9 realizada em Patroc\u00ednio"}]},{"@type":"WebSite","@id":"https:\/\/www.padreeustaquio.com.br\/#website","url":"https:\/\/www.padreeustaquio.com.br\/","name":"Padre Eustace","description":"Salud y Paz","publisher":{"@id":"https:\/\/www.padreeustaquio.com.br\/#organization"},"potentialAction":[{"@type":"SearchAction","target":{"@type":"EntryPoint","urlTemplate":"https:\/\/www.padreeustaquio.com.br\/?s={search_term_string}"},"query-input":{"@type":"PropertyValueSpecification","valueRequired":true,"valueName":"search_term_string"}}],"inLanguage":"es"},{"@type":"Organization","@id":"https:\/\/www.padreeustaquio.com.br\/#organization","name":"Padre Eustace","url":"https:\/\/www.padreeustaquio.com.br\/","logo":{"@type":"ImageObject","inLanguage":"es","@id":"https:\/\/www.padreeustaquio.com.br\/#\/schema\/logo\/image\/","url":"https:\/\/www.padreeustaquio.com.br\/wp-content\/uploads\/2019\/08\/marca.png","contentUrl":"https:\/\/www.padreeustaquio.com.br\/wp-content\/uploads\/2019\/08\/marca.png","width":350,"height":400,"caption":"Padre Eust\u00e1quio"},"image":{"@id":"https:\/\/www.padreeustaquio.com.br\/#\/schema\/logo\/image\/"},"sameAs":["https:\/\/www.facebook.com\/beatopadreeustaquio\/","https:\/\/x.com\/beatopeustaquio","https:\/\/www.instagram.com\/beatopadreeustaquio\/","https:\/\/www.youtube.com\/channel\/UCRhw7vfabnajwLxb1ZXMeIw"]},{"@type":"Person","@id":"https:\/\/www.padreeustaquio.com.br\/#\/schema\/person\/a2a51db1d00f1a7af0204a0f1ddb1566","name":"@sscc","image":{"@type":"ImageObject","inLanguage":"es","@id":"https:\/\/secure.gravatar.com\/avatar\/68cfafa5f44617fea54071e215026e0ff06be366c3d54a8425f04fdcb86f8c5f?s=96&d=mm&r=g","url":"https:\/\/secure.gravatar.com\/avatar\/68cfafa5f44617fea54071e215026e0ff06be366c3d54a8425f04fdcb86f8c5f?s=96&d=mm&r=g","contentUrl":"https:\/\/secure.gravatar.com\/avatar\/68cfafa5f44617fea54071e215026e0ff06be366c3d54a8425f04fdcb86f8c5f?s=96&d=mm&r=g","caption":"@sscc"},"url":"https:\/\/www.padreeustaquio.com.br\/es\/author\/sscc\/"}]}},"_links":{"self":[{"href":"https:\/\/www.padreeustaquio.com.br\/es\/wp-json\/wp\/v2\/posts\/11375","targetHints":{"allow":["GET"]}}],"collection":[{"href":"https:\/\/www.padreeustaquio.com.br\/es\/wp-json\/wp\/v2\/posts"}],"about":[{"href":"https:\/\/www.padreeustaquio.com.br\/es\/wp-json\/wp\/v2\/types\/post"}],"author":[{"embeddable":true,"href":"https:\/\/www.padreeustaquio.com.br\/es\/wp-json\/wp\/v2\/users\/2"}],"replies":[{"embeddable":true,"href":"https:\/\/www.padreeustaquio.com.br\/es\/wp-json\/wp\/v2\/comments?post=11375"}],"version-history":[{"count":0,"href":"https:\/\/www.padreeustaquio.com.br\/es\/wp-json\/wp\/v2\/posts\/11375\/revisions"}],"wp:featuredmedia":[{"embeddable":true,"href":"https:\/\/www.padreeustaquio.com.br\/es\/wp-json\/wp\/v2\/media\/11376"}],"wp:attachment":[{"href":"https:\/\/www.padreeustaquio.com.br\/es\/wp-json\/wp\/v2\/media?parent=11375"}],"wp:term":[{"taxonomy":"category","embeddable":true,"href":"https:\/\/www.padreeustaquio.com.br\/es\/wp-json\/wp\/v2\/categories?post=11375"},{"taxonomy":"post_tag","embeddable":true,"href":"https:\/\/www.padreeustaquio.com.br\/es\/wp-json\/wp\/v2\/tags?post=11375"}],"curies":[{"name":"wp","href":"https:\/\/api.w.org\/{rel}","templated":true}]}}