{"id":11366,"date":"2024-06-07T06:51:05","date_gmt":"2024-06-07T09:51:05","guid":{"rendered":"https:\/\/www.padreeustaquio.com.br\/?p=11366"},"modified":"2024-06-06T16:17:53","modified_gmt":"2024-06-06T19:17:53","slug":"el-beato-padre-eustaquio-y-la-devocion-a-los-sagrados-corazones-de-jesus-y-maria","status":"publish","type":"post","link":"https:\/\/www.padreeustaquio.com.br\/es\/el-beato-padre-eustaquio-y-la-devocion-a-los-sagrados-corazones-de-jesus-y-maria\/","title":{"rendered":"El Beato Padre Eustaquio y la devoci\u00f3n a los Sagrados Corazones de Jes\u00fas y Mar\u00eda"},"content":{"rendered":"<p>Junio se conoce tradicionalmente como el mes dedicado a los Sagrados Corazones de Jes\u00fas y Mar\u00eda. Este per\u00edodo se caracteriza por intensas celebraciones y pr\u00e1cticas devocionales que exaltan el amor y la misericordia de los Sagrados Corazones. La devoci\u00f3n al Sagrado Coraz\u00f3n de Jes\u00fas se distingue por la contemplaci\u00f3n del amor incondicional y sacrificatorio de Cristo por la humanidad, mientras que el Inmaculado Coraz\u00f3n de Mar\u00eda es venerado como s\u00edmbolo de pureza, compasi\u00f3n e intercesi\u00f3n maternal.<\/p>\n<p><strong>Beato Padre Eustaquio: un ferviente devoto de los Sagrados Corazones<\/strong><\/p>\n<p>Entre los muchos que cultivaron una profunda devoci\u00f3n a los Sagrados Corazones, destaca el Beato Padre Eustaquio, sacerdote que dedic\u00f3 su vida a la Congregaci\u00f3n de los Sagrados Corazones. Desde joven, el Padre Eustaquio demostr\u00f3 una intensa espiritualidad y un amor especial por los Sagrados Corazones de Jes\u00fas y Mar\u00eda.<\/p>\n<p>Los archivos personales del Beato Padre Eustaquio revelan una rica colecci\u00f3n de objetos devocionales relacionados con los Sagrados Corazones. Entre estos objetos se encuentran numerosos escritos, medallas, im\u00e1genes y otros objetos sagrados que utiliz\u00f3 para profundizar su fe e inspirar a los fieles. Estos escritos son especialmente significativos porque reflejan su profunda comprensi\u00f3n teol\u00f3gica y espiritual del significado de los Sagrados Corazones.<\/p>\n<p>En uno de sus textos m\u00e1s conmovedores, el Beato Padre Eustaquio escribe sobre el Sagrado Coraz\u00f3n de Jes\u00fas como fuente de todas las gracias. Lo describe como un manantial inagotable de amor y misericordia, disponible para todos los que acuden a \u00e9l con fe y devoci\u00f3n. Seg\u00fan el Padre Eustaquio, el Sagrado Coraz\u00f3n es la manifestaci\u00f3n del amor divino, que se entrega incesantemente por la salvaci\u00f3n de la humanidad.<\/p>\n<p>En sus escritos, el Padre Eustace tambi\u00e9n enfatiza el papel del Inmaculado Coraz\u00f3n de Mar\u00eda como canal a trav\u00e9s del cual estas gracias fluyen hacia nosotros. En sus escritos, presenta a Mar\u00eda como la mediadora de todas las gracias, cuyo coraz\u00f3n puro e inmaculado est\u00e1 siempre en perfecta uni\u00f3n con el de su Hijo, Jes\u00fas. Para \u00e9l, la devoci\u00f3n al Inmaculado Coraz\u00f3n de Mar\u00eda es un camino seguro para acercarnos al Coraz\u00f3n de Jes\u00fas y recibir sus bendiciones.<\/p>\n<p>El ejemplo del Beato Padre Eustaquio sigue inspirando a muchos fieles de todo el mundo. Su vida de devoci\u00f3n a los Sagrados Corazones de Jes\u00fas y Mar\u00eda es un testimonio elocuente de profunda fe y amor incondicional a Dios. En junio, cuando la Iglesia celebra los Sagrados Corazones, las ense\u00f1anzas y la espiritualidad del Padre Eustaquio resuenan con mayor fuerza, invitando a todos los cristianos a redescubrir y renovar su devoci\u00f3n a estos s\u00edmbolos sagrados del amor divino y la intercesi\u00f3n maternal.<\/p>","protected":false},"excerpt":{"rendered":"<p>Junho \u00e9 tradicionalmente conhecido como o m\u00eas dedicado aos Sagrados Cora\u00e7\u00f5es de Jesus e de Maria. Este per\u00edodo \u00e9 marcado por intensas celebra\u00e7\u00f5es e pr\u00e1ticas devocionais que enaltecem o amor e a miseric\u00f3rdia dos Sagrados Cora\u00e7\u00f5es. A devo\u00e7\u00e3o ao Sagrado Cora\u00e7\u00e3o de Jesus destaca-se pela contempla\u00e7\u00e3o do amor incondicional e sacrificial de Cristo pela humanidade, enquanto o Imaculado Cora\u00e7\u00e3o de Maria \u00e9 venerado como s\u00edmbolo de pureza, compaix\u00e3o e intercess\u00e3o maternal. Beato Padre Eust\u00e1quio: um devoto fervoroso dos Sagrados Cora\u00e7\u00f5es Entre os muitos que nutriram profunda devo\u00e7\u00e3o aos Sagrados Cora\u00e7\u00f5es, destaca-se o Beato Padre Eust\u00e1quio, um sacerdote que dedicou sua [&hellip;]<\/p>\n","protected":false},"author":2,"featured_media":11367,"comment_status":"open","ping_status":"closed","sticky":false,"template":"","format":"standard","meta":{"_acf_changed":false,"footnotes":""},"categories":[611],"tags":[],"class_list":["post-11366","post","type-post","status-publish","format-standard","has-post-thumbnail","hentry","category-noticias"],"acf":[],"yoast_head":"<!-- This site is optimized with the Yoast SEO plugin v27.2 - https:\/\/yoast.com\/product\/yoast-seo-wordpress\/ -->\n<title>O Beato Padre Eust\u00e1quio e a devo\u00e7\u00e3o aos Sagrados Cora\u00e7\u00f5es de Jesus e de Maria<\/title>\n<meta name=\"description\" content=\"A devo\u00e7\u00e3o ao Sagrado Cora\u00e7\u00e3o de Jesus destaca-se pela contempla\u00e7\u00e3o do amor incondicional e sacrificial de Cristo pela humanidade, enquanto o Imaculado Cora\u00e7\u00e3o de Maria \u00e9 venerado como s\u00edmbolo de pureza, compaix\u00e3o e intercess\u00e3o maternal.\" \/>\n<meta name=\"robots\" content=\"index, follow, max-snippet:-1, max-image-preview:large, max-video-preview:-1\" \/>\n<link rel=\"canonical\" href=\"https:\/\/www.padreeustaquio.com.br\/es\/el-beato-padre-eustaquio-y-la-devocion-a-los-sagrados-corazones-de-jesus-y-maria\/\" \/>\n<meta property=\"og:locale\" content=\"es_ES\" \/>\n<meta property=\"og:type\" content=\"article\" \/>\n<meta property=\"og:title\" content=\"O Beato Padre Eust\u00e1quio e a devo\u00e7\u00e3o aos Sagrados Cora\u00e7\u00f5es de Jesus e de Maria\" \/>\n<meta property=\"og:description\" content=\"A devo\u00e7\u00e3o ao Sagrado Cora\u00e7\u00e3o de Jesus destaca-se pela contempla\u00e7\u00e3o do amor incondicional e sacrificial de Cristo pela humanidade, enquanto o Imaculado Cora\u00e7\u00e3o de Maria \u00e9 venerado como s\u00edmbolo de pureza, compaix\u00e3o e intercess\u00e3o maternal.\" \/>\n<meta property=\"og:url\" content=\"https:\/\/www.padreeustaquio.com.br\/es\/el-beato-padre-eustaquio-y-la-devocion-a-los-sagrados-corazones-de-jesus-y-maria\/\" \/>\n<meta property=\"og:site_name\" content=\"Padre Eust\u00e1quio\" \/>\n<meta property=\"article:publisher\" content=\"https:\/\/www.facebook.com\/beatopadreeustaquio\/\" \/>\n<meta property=\"article:published_time\" content=\"2024-06-07T09:51:05+00:00\" \/>\n<meta property=\"og:image\" content=\"https:\/\/www.padreeustaquio.com.br\/wp-content\/uploads\/2024\/06\/sagrados-coracoes-2024-e1717700794570.jpeg\" \/>\n\t<meta property=\"og:image:width\" content=\"1280\" \/>\n\t<meta property=\"og:image:height\" content=\"819\" \/>\n\t<meta property=\"og:image:type\" content=\"image\/jpeg\" \/>\n<meta name=\"author\" content=\"@sscc\" \/>\n<meta name=\"twitter:card\" content=\"summary_large_image\" \/>\n<meta name=\"twitter:creator\" content=\"@beatopeustaquio\" \/>\n<meta name=\"twitter:site\" content=\"@beatopeustaquio\" \/>\n<meta name=\"twitter:label1\" content=\"Escrito por\" \/>\n\t<meta name=\"twitter:data1\" content=\"@sscc\" \/>\n\t<meta name=\"twitter:label2\" content=\"Tiempo de lectura\" \/>\n\t<meta name=\"twitter:data2\" content=\"3 minutos\" \/>\n<script type=\"application\/ld+json\" class=\"yoast-schema-graph\">{\"@context\":\"https:\/\/schema.org\",\"@graph\":[{\"@type\":\"Article\",\"@id\":\"https:\/\/www.padreeustaquio.com.br\/o-beato-padre-eustaquio-e-a-devocao-aos-sagrados-coracoes-de-jesus-e-de-maria\/#article\",\"isPartOf\":{\"@id\":\"https:\/\/www.padreeustaquio.com.br\/o-beato-padre-eustaquio-e-a-devocao-aos-sagrados-coracoes-de-jesus-e-de-maria\/\"},\"author\":{\"name\":\"@sscc\",\"@id\":\"https:\/\/www.padreeustaquio.com.br\/#\/schema\/person\/a2a51db1d00f1a7af0204a0f1ddb1566\"},\"headline\":\"O Beato Padre Eust\u00e1quio e a devo\u00e7\u00e3o aos Sagrados Cora\u00e7\u00f5es de Jesus e de Maria\",\"datePublished\":\"2024-06-07T09:51:05+00:00\",\"mainEntityOfPage\":{\"@id\":\"https:\/\/www.padreeustaquio.com.br\/o-beato-padre-eustaquio-e-a-devocao-aos-sagrados-coracoes-de-jesus-e-de-maria\/\"},\"wordCount\":499,\"commentCount\":0,\"publisher\":{\"@id\":\"https:\/\/www.padreeustaquio.com.br\/#organization\"},\"image\":{\"@id\":\"https:\/\/www.padreeustaquio.com.br\/o-beato-padre-eustaquio-e-a-devocao-aos-sagrados-coracoes-de-jesus-e-de-maria\/#primaryimage\"},\"thumbnailUrl\":\"https:\/\/www.padreeustaquio.com.br\/wp-content\/uploads\/2024\/06\/sagrados-coracoes-2024-e1717700794570.jpeg\",\"articleSection\":[\"Not\u00edcias\"],\"inLanguage\":\"es\",\"potentialAction\":[{\"@type\":\"CommentAction\",\"name\":\"Comment\",\"target\":[\"https:\/\/www.padreeustaquio.com.br\/o-beato-padre-eustaquio-e-a-devocao-aos-sagrados-coracoes-de-jesus-e-de-maria\/#respond\"]}]},{\"@type\":\"WebPage\",\"@id\":\"https:\/\/www.padreeustaquio.com.br\/o-beato-padre-eustaquio-e-a-devocao-aos-sagrados-coracoes-de-jesus-e-de-maria\/\",\"url\":\"https:\/\/www.padreeustaquio.com.br\/o-beato-padre-eustaquio-e-a-devocao-aos-sagrados-coracoes-de-jesus-e-de-maria\/\",\"name\":\"O Beato Padre Eust\u00e1quio e a devo\u00e7\u00e3o aos Sagrados Cora\u00e7\u00f5es de Jesus e de Maria\",\"isPartOf\":{\"@id\":\"https:\/\/www.padreeustaquio.com.br\/#website\"},\"primaryImageOfPage\":{\"@id\":\"https:\/\/www.padreeustaquio.com.br\/o-beato-padre-eustaquio-e-a-devocao-aos-sagrados-coracoes-de-jesus-e-de-maria\/#primaryimage\"},\"image\":{\"@id\":\"https:\/\/www.padreeustaquio.com.br\/o-beato-padre-eustaquio-e-a-devocao-aos-sagrados-coracoes-de-jesus-e-de-maria\/#primaryimage\"},\"thumbnailUrl\":\"https:\/\/www.padreeustaquio.com.br\/wp-content\/uploads\/2024\/06\/sagrados-coracoes-2024-e1717700794570.jpeg\",\"datePublished\":\"2024-06-07T09:51:05+00:00\",\"description\":\"A devo\u00e7\u00e3o ao Sagrado Cora\u00e7\u00e3o de Jesus destaca-se pela contempla\u00e7\u00e3o do amor incondicional e sacrificial de Cristo pela humanidade, enquanto o Imaculado Cora\u00e7\u00e3o de Maria \u00e9 venerado como s\u00edmbolo de pureza, compaix\u00e3o e intercess\u00e3o maternal.\",\"breadcrumb\":{\"@id\":\"https:\/\/www.padreeustaquio.com.br\/o-beato-padre-eustaquio-e-a-devocao-aos-sagrados-coracoes-de-jesus-e-de-maria\/#breadcrumb\"},\"inLanguage\":\"es\",\"potentialAction\":[{\"@type\":\"ReadAction\",\"target\":[\"https:\/\/www.padreeustaquio.com.br\/o-beato-padre-eustaquio-e-a-devocao-aos-sagrados-coracoes-de-jesus-e-de-maria\/\"]}]},{\"@type\":\"ImageObject\",\"inLanguage\":\"es\",\"@id\":\"https:\/\/www.padreeustaquio.com.br\/o-beato-padre-eustaquio-e-a-devocao-aos-sagrados-coracoes-de-jesus-e-de-maria\/#primaryimage\",\"url\":\"https:\/\/www.padreeustaquio.com.br\/wp-content\/uploads\/2024\/06\/sagrados-coracoes-2024-e1717700794570.jpeg\",\"contentUrl\":\"https:\/\/www.padreeustaquio.com.br\/wp-content\/uploads\/2024\/06\/sagrados-coracoes-2024-e1717700794570.jpeg\",\"width\":1280,\"height\":819},{\"@type\":\"BreadcrumbList\",\"@id\":\"https:\/\/www.padreeustaquio.com.br\/o-beato-padre-eustaquio-e-a-devocao-aos-sagrados-coracoes-de-jesus-e-de-maria\/#breadcrumb\",\"itemListElement\":[{\"@type\":\"ListItem\",\"position\":1,\"name\":\"In\u00edcio\",\"item\":\"https:\/\/www.padreeustaquio.com.br\/\"},{\"@type\":\"ListItem\",\"position\":2,\"name\":\"O Beato Padre Eust\u00e1quio e a devo\u00e7\u00e3o aos Sagrados Cora\u00e7\u00f5es de Jesus e de Maria\"}]},{\"@type\":\"WebSite\",\"@id\":\"https:\/\/www.padreeustaquio.com.br\/#website\",\"url\":\"https:\/\/www.padreeustaquio.com.br\/\",\"name\":\"Padre Eust\u00e1quio\",\"description\":\"Sa\u00fade e Paz\",\"publisher\":{\"@id\":\"https:\/\/www.padreeustaquio.com.br\/#organization\"},\"potentialAction\":[{\"@type\":\"SearchAction\",\"target\":{\"@type\":\"EntryPoint\",\"urlTemplate\":\"https:\/\/www.padreeustaquio.com.br\/?s={search_term_string}\"},\"query-input\":{\"@type\":\"PropertyValueSpecification\",\"valueRequired\":true,\"valueName\":\"search_term_string\"}}],\"inLanguage\":\"es\"},{\"@type\":\"Organization\",\"@id\":\"https:\/\/www.padreeustaquio.com.br\/#organization\",\"name\":\"Padre Eust\u00e1quio\",\"url\":\"https:\/\/www.padreeustaquio.com.br\/\",\"logo\":{\"@type\":\"ImageObject\",\"inLanguage\":\"es\",\"@id\":\"https:\/\/www.padreeustaquio.com.br\/#\/schema\/logo\/image\/\",\"url\":\"https:\/\/www.padreeustaquio.com.br\/wp-content\/uploads\/2019\/08\/marca.png\",\"contentUrl\":\"https:\/\/www.padreeustaquio.com.br\/wp-content\/uploads\/2019\/08\/marca.png\",\"width\":350,\"height\":400,\"caption\":\"Padre Eust\u00e1quio\"},\"image\":{\"@id\":\"https:\/\/www.padreeustaquio.com.br\/#\/schema\/logo\/image\/\"},\"sameAs\":[\"https:\/\/www.facebook.com\/beatopadreeustaquio\/\",\"https:\/\/x.com\/beatopeustaquio\",\"https:\/\/www.instagram.com\/beatopadreeustaquio\/\",\"https:\/\/www.youtube.com\/channel\/UCRhw7vfabnajwLxb1ZXMeIw\"]},{\"@type\":\"Person\",\"@id\":\"https:\/\/www.padreeustaquio.com.br\/#\/schema\/person\/a2a51db1d00f1a7af0204a0f1ddb1566\",\"name\":\"@sscc\",\"image\":{\"@type\":\"ImageObject\",\"inLanguage\":\"es\",\"@id\":\"https:\/\/secure.gravatar.com\/avatar\/68cfafa5f44617fea54071e215026e0ff06be366c3d54a8425f04fdcb86f8c5f?s=96&d=mm&r=g\",\"url\":\"https:\/\/secure.gravatar.com\/avatar\/68cfafa5f44617fea54071e215026e0ff06be366c3d54a8425f04fdcb86f8c5f?s=96&d=mm&r=g\",\"contentUrl\":\"https:\/\/secure.gravatar.com\/avatar\/68cfafa5f44617fea54071e215026e0ff06be366c3d54a8425f04fdcb86f8c5f?s=96&d=mm&r=g\",\"caption\":\"@sscc\"},\"url\":\"https:\/\/www.padreeustaquio.com.br\/es\/author\/sscc\/\"}]}<\/script>\n<!-- \/ Yoast SEO plugin. -->","yoast_head_json":{"title":"El Beato Padre Eustaquio y la devoci\u00f3n a los Sagrados Corazones de Jes\u00fas y Mar\u00eda","description":"La devoci\u00f3n al Sagrado Coraz\u00f3n de Jes\u00fas se caracteriza por la contemplaci\u00f3n del amor incondicional y sacrificatorio de Cristo por la humanidad, mientras que el Inmaculado Coraz\u00f3n de Mar\u00eda es venerado como s\u00edmbolo de pureza, compasi\u00f3n e intercesi\u00f3n maternal.","robots":{"index":"index","follow":"follow","max-snippet":"max-snippet:-1","max-image-preview":"max-image-preview:large","max-video-preview":"max-video-preview:-1"},"canonical":"https:\/\/www.padreeustaquio.com.br\/es\/el-beato-padre-eustaquio-y-la-devocion-a-los-sagrados-corazones-de-jesus-y-maria\/","og_locale":"es_ES","og_type":"article","og_title":"O Beato Padre Eust\u00e1quio e a devo\u00e7\u00e3o aos Sagrados Cora\u00e7\u00f5es de Jesus e de Maria","og_description":"A devo\u00e7\u00e3o ao Sagrado Cora\u00e7\u00e3o de Jesus destaca-se pela contempla\u00e7\u00e3o do amor incondicional e sacrificial de Cristo pela humanidade, enquanto o Imaculado Cora\u00e7\u00e3o de Maria \u00e9 venerado como s\u00edmbolo de pureza, compaix\u00e3o e intercess\u00e3o maternal.","og_url":"https:\/\/www.padreeustaquio.com.br\/es\/el-beato-padre-eustaquio-y-la-devocion-a-los-sagrados-corazones-de-jesus-y-maria\/","og_site_name":"Padre Eust\u00e1quio","article_publisher":"https:\/\/www.facebook.com\/beatopadreeustaquio\/","article_published_time":"2024-06-07T09:51:05+00:00","og_image":[{"width":1280,"height":819,"url":"https:\/\/www.padreeustaquio.com.br\/wp-content\/uploads\/2024\/06\/sagrados-coracoes-2024-e1717700794570.jpeg","type":"image\/jpeg"}],"author":"@sscc","twitter_card":"summary_large_image","twitter_creator":"@beatopeustaquio","twitter_site":"@beatopeustaquio","twitter_misc":{"Escrito por":"@sscc","Tiempo de lectura":"3 minutos"},"schema":{"@context":"https:\/\/schema.org","@graph":[{"@type":"Article","@id":"https:\/\/www.padreeustaquio.com.br\/o-beato-padre-eustaquio-e-a-devocao-aos-sagrados-coracoes-de-jesus-e-de-maria\/#article","isPartOf":{"@id":"https:\/\/www.padreeustaquio.com.br\/o-beato-padre-eustaquio-e-a-devocao-aos-sagrados-coracoes-de-jesus-e-de-maria\/"},"author":{"name":"@sscc","@id":"https:\/\/www.padreeustaquio.com.br\/#\/schema\/person\/a2a51db1d00f1a7af0204a0f1ddb1566"},"headline":"O Beato Padre Eust\u00e1quio e a devo\u00e7\u00e3o aos Sagrados Cora\u00e7\u00f5es de Jesus e de Maria","datePublished":"2024-06-07T09:51:05+00:00","mainEntityOfPage":{"@id":"https:\/\/www.padreeustaquio.com.br\/o-beato-padre-eustaquio-e-a-devocao-aos-sagrados-coracoes-de-jesus-e-de-maria\/"},"wordCount":499,"commentCount":0,"publisher":{"@id":"https:\/\/www.padreeustaquio.com.br\/#organization"},"image":{"@id":"https:\/\/www.padreeustaquio.com.br\/o-beato-padre-eustaquio-e-a-devocao-aos-sagrados-coracoes-de-jesus-e-de-maria\/#primaryimage"},"thumbnailUrl":"https:\/\/www.padreeustaquio.com.br\/wp-content\/uploads\/2024\/06\/sagrados-coracoes-2024-e1717700794570.jpeg","articleSection":["Not\u00edcias"],"inLanguage":"es","potentialAction":[{"@type":"CommentAction","name":"Comment","target":["https:\/\/www.padreeustaquio.com.br\/o-beato-padre-eustaquio-e-a-devocao-aos-sagrados-coracoes-de-jesus-e-de-maria\/#respond"]}]},{"@type":"WebPage","@id":"https:\/\/www.padreeustaquio.com.br\/o-beato-padre-eustaquio-e-a-devocao-aos-sagrados-coracoes-de-jesus-e-de-maria\/","url":"https:\/\/www.padreeustaquio.com.br\/o-beato-padre-eustaquio-e-a-devocao-aos-sagrados-coracoes-de-jesus-e-de-maria\/","name":"El Beato Padre Eustaquio y la devoci\u00f3n a los Sagrados Corazones de Jes\u00fas y Mar\u00eda","isPartOf":{"@id":"https:\/\/www.padreeustaquio.com.br\/#website"},"primaryImageOfPage":{"@id":"https:\/\/www.padreeustaquio.com.br\/o-beato-padre-eustaquio-e-a-devocao-aos-sagrados-coracoes-de-jesus-e-de-maria\/#primaryimage"},"image":{"@id":"https:\/\/www.padreeustaquio.com.br\/o-beato-padre-eustaquio-e-a-devocao-aos-sagrados-coracoes-de-jesus-e-de-maria\/#primaryimage"},"thumbnailUrl":"https:\/\/www.padreeustaquio.com.br\/wp-content\/uploads\/2024\/06\/sagrados-coracoes-2024-e1717700794570.jpeg","datePublished":"2024-06-07T09:51:05+00:00","description":"La devoci\u00f3n al Sagrado Coraz\u00f3n de Jes\u00fas se caracteriza por la contemplaci\u00f3n del amor incondicional y sacrificatorio de Cristo por la humanidad, mientras que el Inmaculado Coraz\u00f3n de Mar\u00eda es venerado como s\u00edmbolo de pureza, compasi\u00f3n e intercesi\u00f3n maternal.","breadcrumb":{"@id":"https:\/\/www.padreeustaquio.com.br\/o-beato-padre-eustaquio-e-a-devocao-aos-sagrados-coracoes-de-jesus-e-de-maria\/#breadcrumb"},"inLanguage":"es","potentialAction":[{"@type":"ReadAction","target":["https:\/\/www.padreeustaquio.com.br\/o-beato-padre-eustaquio-e-a-devocao-aos-sagrados-coracoes-de-jesus-e-de-maria\/"]}]},{"@type":"ImageObject","inLanguage":"es","@id":"https:\/\/www.padreeustaquio.com.br\/o-beato-padre-eustaquio-e-a-devocao-aos-sagrados-coracoes-de-jesus-e-de-maria\/#primaryimage","url":"https:\/\/www.padreeustaquio.com.br\/wp-content\/uploads\/2024\/06\/sagrados-coracoes-2024-e1717700794570.jpeg","contentUrl":"https:\/\/www.padreeustaquio.com.br\/wp-content\/uploads\/2024\/06\/sagrados-coracoes-2024-e1717700794570.jpeg","width":1280,"height":819},{"@type":"BreadcrumbList","@id":"https:\/\/www.padreeustaquio.com.br\/o-beato-padre-eustaquio-e-a-devocao-aos-sagrados-coracoes-de-jesus-e-de-maria\/#breadcrumb","itemListElement":[{"@type":"ListItem","position":1,"name":"In\u00edcio","item":"https:\/\/www.padreeustaquio.com.br\/"},{"@type":"ListItem","position":2,"name":"O Beato Padre Eust\u00e1quio e a devo\u00e7\u00e3o aos Sagrados Cora\u00e7\u00f5es de Jesus e de Maria"}]},{"@type":"WebSite","@id":"https:\/\/www.padreeustaquio.com.br\/#website","url":"https:\/\/www.padreeustaquio.com.br\/","name":"Padre Eustace","description":"Salud y Paz","publisher":{"@id":"https:\/\/www.padreeustaquio.com.br\/#organization"},"potentialAction":[{"@type":"SearchAction","target":{"@type":"EntryPoint","urlTemplate":"https:\/\/www.padreeustaquio.com.br\/?s={search_term_string}"},"query-input":{"@type":"PropertyValueSpecification","valueRequired":true,"valueName":"search_term_string"}}],"inLanguage":"es"},{"@type":"Organization","@id":"https:\/\/www.padreeustaquio.com.br\/#organization","name":"Padre Eustace","url":"https:\/\/www.padreeustaquio.com.br\/","logo":{"@type":"ImageObject","inLanguage":"es","@id":"https:\/\/www.padreeustaquio.com.br\/#\/schema\/logo\/image\/","url":"https:\/\/www.padreeustaquio.com.br\/wp-content\/uploads\/2019\/08\/marca.png","contentUrl":"https:\/\/www.padreeustaquio.com.br\/wp-content\/uploads\/2019\/08\/marca.png","width":350,"height":400,"caption":"Padre Eust\u00e1quio"},"image":{"@id":"https:\/\/www.padreeustaquio.com.br\/#\/schema\/logo\/image\/"},"sameAs":["https:\/\/www.facebook.com\/beatopadreeustaquio\/","https:\/\/x.com\/beatopeustaquio","https:\/\/www.instagram.com\/beatopadreeustaquio\/","https:\/\/www.youtube.com\/channel\/UCRhw7vfabnajwLxb1ZXMeIw"]},{"@type":"Person","@id":"https:\/\/www.padreeustaquio.com.br\/#\/schema\/person\/a2a51db1d00f1a7af0204a0f1ddb1566","name":"@sscc","image":{"@type":"ImageObject","inLanguage":"es","@id":"https:\/\/secure.gravatar.com\/avatar\/68cfafa5f44617fea54071e215026e0ff06be366c3d54a8425f04fdcb86f8c5f?s=96&d=mm&r=g","url":"https:\/\/secure.gravatar.com\/avatar\/68cfafa5f44617fea54071e215026e0ff06be366c3d54a8425f04fdcb86f8c5f?s=96&d=mm&r=g","contentUrl":"https:\/\/secure.gravatar.com\/avatar\/68cfafa5f44617fea54071e215026e0ff06be366c3d54a8425f04fdcb86f8c5f?s=96&d=mm&r=g","caption":"@sscc"},"url":"https:\/\/www.padreeustaquio.com.br\/es\/author\/sscc\/"}]}},"_links":{"self":[{"href":"https:\/\/www.padreeustaquio.com.br\/es\/wp-json\/wp\/v2\/posts\/11366","targetHints":{"allow":["GET"]}}],"collection":[{"href":"https:\/\/www.padreeustaquio.com.br\/es\/wp-json\/wp\/v2\/posts"}],"about":[{"href":"https:\/\/www.padreeustaquio.com.br\/es\/wp-json\/wp\/v2\/types\/post"}],"author":[{"embeddable":true,"href":"https:\/\/www.padreeustaquio.com.br\/es\/wp-json\/wp\/v2\/users\/2"}],"replies":[{"embeddable":true,"href":"https:\/\/www.padreeustaquio.com.br\/es\/wp-json\/wp\/v2\/comments?post=11366"}],"version-history":[{"count":0,"href":"https:\/\/www.padreeustaquio.com.br\/es\/wp-json\/wp\/v2\/posts\/11366\/revisions"}],"wp:featuredmedia":[{"embeddable":true,"href":"https:\/\/www.padreeustaquio.com.br\/es\/wp-json\/wp\/v2\/media\/11367"}],"wp:attachment":[{"href":"https:\/\/www.padreeustaquio.com.br\/es\/wp-json\/wp\/v2\/media?parent=11366"}],"wp:term":[{"taxonomy":"category","embeddable":true,"href":"https:\/\/www.padreeustaquio.com.br\/es\/wp-json\/wp\/v2\/categories?post=11366"},{"taxonomy":"post_tag","embeddable":true,"href":"https:\/\/www.padreeustaquio.com.br\/es\/wp-json\/wp\/v2\/tags?post=11366"}],"curies":[{"name":"wp","href":"https:\/\/api.w.org\/{rel}","templated":true}]}}