{"id":11358,"date":"2024-06-05T07:45:58","date_gmt":"2024-06-05T10:45:58","guid":{"rendered":"https:\/\/www.padreeustaquio.com.br\/?p=11358"},"modified":"2024-06-04T14:04:51","modified_gmt":"2024-06-04T17:04:51","slug":"vicepostulador-de-la-causa-del-padre-eustaquio-participa-en-congreso-de-la-crb-en-fortaleza-ceara","status":"publish","type":"post","link":"https:\/\/www.padreeustaquio.com.br\/es\/vicepostulador-de-la-causa-del-padre-eustaquio-participa-en-congreso-de-la-crb-en-fortaleza-ceara\/","title":{"rendered":"Vicepostulador de la Causa del Padre Eust\u00e1quio participa en Congreso de la CRB en Fortaleza-CE"},"content":{"rendered":"<p>El Padre Marcus Vinicius Maciel, vicepostulador de la Causa de Canonizaci\u00f3n del Beato Padre Eust\u00e1quio, particip\u00f3 el pasado fin de semana en el Congreso Nacional de la CRB (Conferencia de Religiosos de Brasil). El evento celebr\u00f3 el 70.\u00ba aniversario de la instituci\u00f3n y reuni\u00f3 a aproximadamente 800 religiosos y religiosas de todo el pa\u00eds en Fortaleza (CE).<\/p>\n<p>El encuentro tuvo lugar del 30 de mayo al 2 de junio. El tema elegido para el debate a fondo fue &quot;Memoria, M\u00edstica, Profec\u00eda y Esperanza&quot;. El evento concluy\u00f3 con una misa presidida por el obispo auxiliar de Brasilia (DF) y secretario general de la Conferencia Nacional de Obispos de Brasil (CNBB), Mons. Ricardo Hoepers.<\/p>\n<p><img fetchpriority=\"high\" decoding=\"async\" class=\"wp-image-11360 alignleft\" src=\"https:\/\/www.padreeustaquio.com.br\/wp-content\/uploads\/2024\/06\/crb-300x200.jpg\" alt=\"\" width=\"329\" height=\"219\" srcset=\"https:\/\/www.padreeustaquio.com.br\/wp-content\/uploads\/2024\/06\/crb-300x200.jpg 300w, https:\/\/www.padreeustaquio.com.br\/wp-content\/uploads\/2024\/06\/crb-768x512.jpg 768w, https:\/\/www.padreeustaquio.com.br\/wp-content\/uploads\/2024\/06\/crb.jpg 799w\" sizes=\"(max-width: 329px) 100vw, 329px\" \/>En su homil\u00eda, destac\u00f3 que el recuerdo agradecido realizado durante el encuentro permiti\u00f3 \u201crecordar las maravillas de la acci\u00f3n de Dios en la historia de la CRB\u201d; que la \u201cm\u00edstica revivida\u201d dio aliento y fortaleci\u00f3 la fe; y que la \u201cprofec\u00eda recuperada nos impuls\u00f3 hacia la belleza de la locura de la cruz\u201d.<\/p>\n<p>Para \u00e9l, lo que emergi\u00f3 con m\u00e1s fuerza del encuentro fue &quot;la necesidad de que todos los religiosos y religiosas consagrados unan sus manos en este esp\u00edritu de intercongregaci\u00f3n y regresen a sus comunidades con sus carismas fortalecidos para el bien de toda la Iglesia, Cuerpo m\u00edstico de Cristo&quot;.<\/p>\n<p><strong>LO M\u00c1S DESTACADO DEL CONGRESO<\/strong><\/p>\n<p>El encuentro comenz\u00f3 con una Celebraci\u00f3n Eucar\u00edstica, presidida por el Arzobispo de Fortaleza y presidente de la Comisi\u00f3n Episcopal de Cultura y Educaci\u00f3n de la CNBB (Conferencia Nacional de Obispos de Brasil), Dom Greg\u00f3rio Paix\u00e3o, y concelebrada por 21 sacerdotes de diferentes estados del pa\u00eds. <a href=\"https:\/\/www.youtube.com\/watch?v=AdBYtxxk_GU\">La ceremonia fue transmitida en vivo por el Canal Padre Eust\u00e1quio.<\/a>. La santa misa tambi\u00e9n marc\u00f3 el inicio del evento, que incluy\u00f3 un mensaje del Papa Francisco para los religiosos y religiosas que sirven a la Iglesia en Brasil.<\/p>\n<p>Tambi\u00e9n durante el acto inaugural, se realiz\u00f3 una presentaci\u00f3n de alfombras elaboradas por los 20 cap\u00edtulos regionales del CRB Nacional, las cuales narraron la historia de la conferencia, retratando la diversidad y realidad de la instituci\u00f3n.<\/p>\n<p>El primer d\u00eda del Congreso del 70 Aniversario tambi\u00e9n incluy\u00f3 la proyecci\u00f3n de un documental con ex presidentes de la Conferencia de Religiosos, as\u00ed como m\u00fasica, fotograf\u00edas y v\u00eddeos que muestran las siete d\u00e9cadas de &quot;misticismo, profec\u00eda y esperanza&quot;.<\/p>\n<p><img decoding=\"async\" class=\"wp-image-11361 alignright\" src=\"https:\/\/www.padreeustaquio.com.br\/wp-content\/uploads\/2024\/06\/crb2-300x200.jpg\" alt=\"\" width=\"342\" height=\"228\" srcset=\"https:\/\/www.padreeustaquio.com.br\/wp-content\/uploads\/2024\/06\/crb2-300x200.jpg 300w, https:\/\/www.padreeustaquio.com.br\/wp-content\/uploads\/2024\/06\/crb2-768x512.jpg 768w, https:\/\/www.padreeustaquio.com.br\/wp-content\/uploads\/2024\/06\/crb2.jpg 1024w\" sizes=\"(max-width: 342px) 100vw, 342px\" \/>El segundo d\u00eda, el grupo religioso peregrin\u00f3 al Santuario de San Francisco de As\u00eds en Canind\u00e9. Ese d\u00eda, la <a href=\"https:\/\/www.youtube.com\/watch?v=fjoAyK0qk5k\">La Santa Misa tambi\u00e9n fue transmitida en vivo por el Canal Padre Eust\u00e1quio.<\/a>, en YouTube.<\/p>\n<p>El tercer d\u00eda, la profec\u00eda se destac\u00f3 con un momento de celebraci\u00f3n en honor a quienes dieron su vida por la causa del Evangelio. Entre los recordados se encontraban: la Hermana Dorothy, la Hermana Genoveva, el Obispo Pedro Casald\u00e1liga, el Obispo Tom\u00e1s Baldu\u00edno, el Padre Ezequiel Ramin, Chico Mendes, el Padre Josimo Morales y el Arzobispo Oscar Romero, entre otros.<\/p>\n<p>El tercer d\u00eda tambi\u00e9n brind\u00f3 a los participantes la oportunidad de interactuar en quince talleres tem\u00e1ticos. Se ofreci\u00f3 una conferencia de prensa con la presidenta de la CRB, Hermana Eliane Cordeiro; el obispo \u00c2ngelo Mezzari; y la secretaria ejecutiva de la Confederaci\u00f3n Latinoamericana de Religiosos (CLAR), Hermana Daniela Cannavina. La jornada concluy\u00f3 con una celebraci\u00f3n festiva y cultural.<br \/>\n<img decoding=\"async\" class=\"size-medium wp-image-11364 alignleft\" src=\"https:\/\/www.padreeustaquio.com.br\/wp-content\/uploads\/2024\/06\/Ze-Vicente-e-P.-Vinicius-300x225.jpeg\" alt=\"\" width=\"300\" height=\"225\" srcset=\"https:\/\/www.padreeustaquio.com.br\/wp-content\/uploads\/2024\/06\/Ze-Vicente-e-P.-Vinicius-300x225.jpeg 300w, https:\/\/www.padreeustaquio.com.br\/wp-content\/uploads\/2024\/06\/Ze-Vicente-e-P.-Vinicius-1024x768.jpeg 1024w, https:\/\/www.padreeustaquio.com.br\/wp-content\/uploads\/2024\/06\/Ze-Vicente-e-P.-Vinicius-768x576.jpeg 768w, https:\/\/www.padreeustaquio.com.br\/wp-content\/uploads\/2024\/06\/Ze-Vicente-e-P.-Vinicius-180x135.jpeg 180w, https:\/\/www.padreeustaquio.com.br\/wp-content\/uploads\/2024\/06\/Ze-Vicente-e-P.-Vinicius-400x300.jpeg 400w, https:\/\/www.padreeustaquio.com.br\/wp-content\/uploads\/2024\/06\/Ze-Vicente-e-P.-Vinicius-600x450.jpeg 600w, https:\/\/www.padreeustaquio.com.br\/wp-content\/uploads\/2024\/06\/Ze-Vicente-e-P.-Vinicius-800x600.jpeg 800w, https:\/\/www.padreeustaquio.com.br\/wp-content\/uploads\/2024\/06\/Ze-Vicente-e-P.-Vinicius-1200x900.jpeg 1200w, https:\/\/www.padreeustaquio.com.br\/wp-content\/uploads\/2024\/06\/Ze-Vicente-e-P.-Vinicius.jpeg 1280w\" sizes=\"(max-width: 300px) 100vw, 300px\" \/><br \/>\nAl finalizar el tercer d\u00eda de celebraciones por el 70.\u00ba aniversario de la Conferencia de Religiosos de Brasil (CRB), el ambiente se llen\u00f3 de alegr\u00eda y cultura. Las festividades contaron con la presencia especial de Z\u00e9 Vicente, cantante y compositor, quien aport\u00f3 su m\u00fasica y poes\u00eda al evento, brindando un momento de reflexi\u00f3n y emoci\u00f3n a todos los presentes.<\/p>\n<p>La presencia de Z\u00e9 Vicente, con su voz y sus cantos, trajo una energ\u00eda especial a la celebraci\u00f3n, transformando el evento en un momento inolvidable de comuni\u00f3n y agradecimiento.<\/p>\n<p><strong><em>**con informaci\u00f3n de CNBB y CRB Nacional<\/em><\/strong><\/p>","protected":false},"excerpt":{"rendered":"<p>O padre Marcus Vinicius Maciel, vice-postulador da Causa de Canoniza\u00e7\u00e3o do Beato Padre Eust\u00e1quio, participou nesse final de semana do Congresso Nacional da CRB (Confer\u00eancia dos Religiosos do Brasil). O evento celebrou 70 anos da institui\u00e7\u00e3o e reuniu cerca de 800 religiosos e religiosas de todo o pa\u00eds, em Fortaleza (CE). O encontro foi entre os dias 30 de maio e 2 de junho. A tem\u00e1tica escolhida para aprofundamento foi \u201cMem\u00f3ria, M\u00edstica, Profecia e Esperan\u00e7a\u201d. O evento foi encerrado com a missa presidida pelo bispo auxiliar de Bras\u00edlia (DF) e secret\u00e1rio-geral da Confer\u00eancia Nacional dos Bispos do Brasil (CNBB), dom [&hellip;]<\/p>\n","protected":false},"author":2,"featured_media":11359,"comment_status":"open","ping_status":"closed","sticky":false,"template":"","format":"standard","meta":{"_acf_changed":false,"footnotes":""},"categories":[611],"tags":[],"class_list":["post-11358","post","type-post","status-publish","format-standard","has-post-thumbnail","hentry","category-noticias"],"acf":[],"yoast_head":"<!-- This site is optimized with the Yoast SEO plugin v27.2 - https:\/\/yoast.com\/product\/yoast-seo-wordpress\/ -->\n<title>Vice-postulador da Causa de Padre Eust\u00e1quio participa de Congresso da CRB em Fortaleza-CE<\/title>\n<meta name=\"description\" content=\"O padre Marcus Vinicius Maciel, vice-postulador da Causa de Canoniza\u00e7\u00e3o do Beato Padre Eust\u00e1quio, participou nesse final de semana do Congresso Nacional da CRB (Confer\u00eancia dos Religiosos do Brasil). O evento celebrou 70 anos da institui\u00e7\u00e3o e reuniu cerca de 800 religiosos e religiosas de todo o pa\u00eds, em Fortaleza (CE).\" \/>\n<meta name=\"robots\" content=\"index, follow, max-snippet:-1, max-image-preview:large, max-video-preview:-1\" \/>\n<link rel=\"canonical\" href=\"https:\/\/www.padreeustaquio.com.br\/es\/vicepostulador-de-la-causa-del-padre-eustaquio-participa-en-congreso-de-la-crb-en-fortaleza-ceara\/\" \/>\n<meta property=\"og:locale\" content=\"es_ES\" \/>\n<meta property=\"og:type\" content=\"article\" \/>\n<meta property=\"og:title\" content=\"Vice-postulador da Causa de Padre Eust\u00e1quio participa de Congresso da CRB em Fortaleza-CE\" \/>\n<meta property=\"og:description\" content=\"O padre Marcus Vinicius Maciel, vice-postulador da Causa de Canoniza\u00e7\u00e3o do Beato Padre Eust\u00e1quio, participou nesse final de semana do Congresso Nacional da CRB (Confer\u00eancia dos Religiosos do Brasil). O evento celebrou 70 anos da institui\u00e7\u00e3o e reuniu cerca de 800 religiosos e religiosas de todo o pa\u00eds, em Fortaleza (CE).\" \/>\n<meta property=\"og:url\" content=\"https:\/\/www.padreeustaquio.com.br\/es\/vicepostulador-de-la-causa-del-padre-eustaquio-participa-en-congreso-de-la-crb-en-fortaleza-ceara\/\" \/>\n<meta property=\"og:site_name\" content=\"Padre Eust\u00e1quio\" \/>\n<meta property=\"article:publisher\" content=\"https:\/\/www.facebook.com\/beatopadreeustaquio\/\" \/>\n<meta property=\"article:published_time\" content=\"2024-06-05T10:45:58+00:00\" \/>\n<meta property=\"og:image\" content=\"https:\/\/www.padreeustaquio.com.br\/wp-content\/uploads\/2024\/06\/crb-caninde.jpg\" \/>\n\t<meta property=\"og:image:width\" content=\"1024\" \/>\n\t<meta property=\"og:image:height\" content=\"681\" \/>\n\t<meta property=\"og:image:type\" content=\"image\/jpeg\" \/>\n<meta name=\"author\" content=\"@sscc\" \/>\n<meta name=\"twitter:card\" content=\"summary_large_image\" \/>\n<meta name=\"twitter:creator\" content=\"@beatopeustaquio\" \/>\n<meta name=\"twitter:site\" content=\"@beatopeustaquio\" \/>\n<meta name=\"twitter:label1\" content=\"Escrito por\" \/>\n\t<meta name=\"twitter:data1\" content=\"@sscc\" \/>\n\t<meta name=\"twitter:label2\" content=\"Tiempo de lectura\" \/>\n\t<meta name=\"twitter:data2\" content=\"5 minutos\" \/>\n<script type=\"application\/ld+json\" class=\"yoast-schema-graph\">{\"@context\":\"https:\/\/schema.org\",\"@graph\":[{\"@type\":\"Article\",\"@id\":\"https:\/\/www.padreeustaquio.com.br\/vice-postulador-da-causa-de-padre-eustaquio-participa-de-congresso-da-crb-em-fortaleza-ce\/#article\",\"isPartOf\":{\"@id\":\"https:\/\/www.padreeustaquio.com.br\/vice-postulador-da-causa-de-padre-eustaquio-participa-de-congresso-da-crb-em-fortaleza-ce\/\"},\"author\":{\"name\":\"@sscc\",\"@id\":\"https:\/\/www.padreeustaquio.com.br\/#\/schema\/person\/a2a51db1d00f1a7af0204a0f1ddb1566\"},\"headline\":\"Vice-postulador da Causa de Padre Eust\u00e1quio participa de Congresso da CRB em Fortaleza-CE\",\"datePublished\":\"2024-06-05T10:45:58+00:00\",\"mainEntityOfPage\":{\"@id\":\"https:\/\/www.padreeustaquio.com.br\/vice-postulador-da-causa-de-padre-eustaquio-participa-de-congresso-da-crb-em-fortaleza-ce\/\"},\"wordCount\":661,\"commentCount\":0,\"publisher\":{\"@id\":\"https:\/\/www.padreeustaquio.com.br\/#organization\"},\"image\":{\"@id\":\"https:\/\/www.padreeustaquio.com.br\/vice-postulador-da-causa-de-padre-eustaquio-participa-de-congresso-da-crb-em-fortaleza-ce\/#primaryimage\"},\"thumbnailUrl\":\"https:\/\/www.padreeustaquio.com.br\/wp-content\/uploads\/2024\/06\/crb-caninde.jpg\",\"articleSection\":[\"Not\u00edcias\"],\"inLanguage\":\"es\",\"potentialAction\":[{\"@type\":\"CommentAction\",\"name\":\"Comment\",\"target\":[\"https:\/\/www.padreeustaquio.com.br\/vice-postulador-da-causa-de-padre-eustaquio-participa-de-congresso-da-crb-em-fortaleza-ce\/#respond\"]}]},{\"@type\":\"WebPage\",\"@id\":\"https:\/\/www.padreeustaquio.com.br\/vice-postulador-da-causa-de-padre-eustaquio-participa-de-congresso-da-crb-em-fortaleza-ce\/\",\"url\":\"https:\/\/www.padreeustaquio.com.br\/vice-postulador-da-causa-de-padre-eustaquio-participa-de-congresso-da-crb-em-fortaleza-ce\/\",\"name\":\"Vice-postulador da Causa de Padre Eust\u00e1quio participa de Congresso da CRB em Fortaleza-CE\",\"isPartOf\":{\"@id\":\"https:\/\/www.padreeustaquio.com.br\/#website\"},\"primaryImageOfPage\":{\"@id\":\"https:\/\/www.padreeustaquio.com.br\/vice-postulador-da-causa-de-padre-eustaquio-participa-de-congresso-da-crb-em-fortaleza-ce\/#primaryimage\"},\"image\":{\"@id\":\"https:\/\/www.padreeustaquio.com.br\/vice-postulador-da-causa-de-padre-eustaquio-participa-de-congresso-da-crb-em-fortaleza-ce\/#primaryimage\"},\"thumbnailUrl\":\"https:\/\/www.padreeustaquio.com.br\/wp-content\/uploads\/2024\/06\/crb-caninde.jpg\",\"datePublished\":\"2024-06-05T10:45:58+00:00\",\"description\":\"O padre Marcus Vinicius Maciel, vice-postulador da Causa de Canoniza\u00e7\u00e3o do Beato Padre Eust\u00e1quio, participou nesse final de semana do Congresso Nacional da CRB (Confer\u00eancia dos Religiosos do Brasil). O evento celebrou 70 anos da institui\u00e7\u00e3o e reuniu cerca de 800 religiosos e religiosas de todo o pa\u00eds, em Fortaleza (CE).\",\"breadcrumb\":{\"@id\":\"https:\/\/www.padreeustaquio.com.br\/vice-postulador-da-causa-de-padre-eustaquio-participa-de-congresso-da-crb-em-fortaleza-ce\/#breadcrumb\"},\"inLanguage\":\"es\",\"potentialAction\":[{\"@type\":\"ReadAction\",\"target\":[\"https:\/\/www.padreeustaquio.com.br\/vice-postulador-da-causa-de-padre-eustaquio-participa-de-congresso-da-crb-em-fortaleza-ce\/\"]}]},{\"@type\":\"ImageObject\",\"inLanguage\":\"es\",\"@id\":\"https:\/\/www.padreeustaquio.com.br\/vice-postulador-da-causa-de-padre-eustaquio-participa-de-congresso-da-crb-em-fortaleza-ce\/#primaryimage\",\"url\":\"https:\/\/www.padreeustaquio.com.br\/wp-content\/uploads\/2024\/06\/crb-caninde.jpg\",\"contentUrl\":\"https:\/\/www.padreeustaquio.com.br\/wp-content\/uploads\/2024\/06\/crb-caninde.jpg\",\"width\":1024,\"height\":681},{\"@type\":\"BreadcrumbList\",\"@id\":\"https:\/\/www.padreeustaquio.com.br\/vice-postulador-da-causa-de-padre-eustaquio-participa-de-congresso-da-crb-em-fortaleza-ce\/#breadcrumb\",\"itemListElement\":[{\"@type\":\"ListItem\",\"position\":1,\"name\":\"In\u00edcio\",\"item\":\"https:\/\/www.padreeustaquio.com.br\/\"},{\"@type\":\"ListItem\",\"position\":2,\"name\":\"Vice-postulador da Causa de Padre Eust\u00e1quio participa de Congresso da CRB em Fortaleza-CE\"}]},{\"@type\":\"WebSite\",\"@id\":\"https:\/\/www.padreeustaquio.com.br\/#website\",\"url\":\"https:\/\/www.padreeustaquio.com.br\/\",\"name\":\"Padre Eust\u00e1quio\",\"description\":\"Sa\u00fade e Paz\",\"publisher\":{\"@id\":\"https:\/\/www.padreeustaquio.com.br\/#organization\"},\"potentialAction\":[{\"@type\":\"SearchAction\",\"target\":{\"@type\":\"EntryPoint\",\"urlTemplate\":\"https:\/\/www.padreeustaquio.com.br\/?s={search_term_string}\"},\"query-input\":{\"@type\":\"PropertyValueSpecification\",\"valueRequired\":true,\"valueName\":\"search_term_string\"}}],\"inLanguage\":\"es\"},{\"@type\":\"Organization\",\"@id\":\"https:\/\/www.padreeustaquio.com.br\/#organization\",\"name\":\"Padre Eust\u00e1quio\",\"url\":\"https:\/\/www.padreeustaquio.com.br\/\",\"logo\":{\"@type\":\"ImageObject\",\"inLanguage\":\"es\",\"@id\":\"https:\/\/www.padreeustaquio.com.br\/#\/schema\/logo\/image\/\",\"url\":\"https:\/\/www.padreeustaquio.com.br\/wp-content\/uploads\/2019\/08\/marca.png\",\"contentUrl\":\"https:\/\/www.padreeustaquio.com.br\/wp-content\/uploads\/2019\/08\/marca.png\",\"width\":350,\"height\":400,\"caption\":\"Padre Eust\u00e1quio\"},\"image\":{\"@id\":\"https:\/\/www.padreeustaquio.com.br\/#\/schema\/logo\/image\/\"},\"sameAs\":[\"https:\/\/www.facebook.com\/beatopadreeustaquio\/\",\"https:\/\/x.com\/beatopeustaquio\",\"https:\/\/www.instagram.com\/beatopadreeustaquio\/\",\"https:\/\/www.youtube.com\/channel\/UCRhw7vfabnajwLxb1ZXMeIw\"]},{\"@type\":\"Person\",\"@id\":\"https:\/\/www.padreeustaquio.com.br\/#\/schema\/person\/a2a51db1d00f1a7af0204a0f1ddb1566\",\"name\":\"@sscc\",\"image\":{\"@type\":\"ImageObject\",\"inLanguage\":\"es\",\"@id\":\"https:\/\/secure.gravatar.com\/avatar\/68cfafa5f44617fea54071e215026e0ff06be366c3d54a8425f04fdcb86f8c5f?s=96&d=mm&r=g\",\"url\":\"https:\/\/secure.gravatar.com\/avatar\/68cfafa5f44617fea54071e215026e0ff06be366c3d54a8425f04fdcb86f8c5f?s=96&d=mm&r=g\",\"contentUrl\":\"https:\/\/secure.gravatar.com\/avatar\/68cfafa5f44617fea54071e215026e0ff06be366c3d54a8425f04fdcb86f8c5f?s=96&d=mm&r=g\",\"caption\":\"@sscc\"},\"url\":\"https:\/\/www.padreeustaquio.com.br\/es\/author\/sscc\/\"}]}<\/script>\n<!-- \/ Yoast SEO plugin. -->","yoast_head_json":{"title":"Vicepostulador de la Causa del Padre Eust\u00e1quio participa en Congreso de la CRB en Fortaleza-CE","description":"El Padre Marcus Vinicius Maciel, vicepostulador de la Causa de Canonizaci\u00f3n del Beato Padre Eust\u00e1quio, particip\u00f3 el pasado fin de semana en el Congreso Nacional de la CRB (Conferencia de Religiosos de Brasil). El evento celebr\u00f3 el 70.\u00ba aniversario de la instituci\u00f3n y reuni\u00f3 a aproximadamente 800 religiosos y religiosas de todo el pa\u00eds en Fortaleza (CE).","robots":{"index":"index","follow":"follow","max-snippet":"max-snippet:-1","max-image-preview":"max-image-preview:large","max-video-preview":"max-video-preview:-1"},"canonical":"https:\/\/www.padreeustaquio.com.br\/es\/vicepostulador-de-la-causa-del-padre-eustaquio-participa-en-congreso-de-la-crb-en-fortaleza-ceara\/","og_locale":"es_ES","og_type":"article","og_title":"Vice-postulador da Causa de Padre Eust\u00e1quio participa de Congresso da CRB em Fortaleza-CE","og_description":"O padre Marcus Vinicius Maciel, vice-postulador da Causa de Canoniza\u00e7\u00e3o do Beato Padre Eust\u00e1quio, participou nesse final de semana do Congresso Nacional da CRB (Confer\u00eancia dos Religiosos do Brasil). O evento celebrou 70 anos da institui\u00e7\u00e3o e reuniu cerca de 800 religiosos e religiosas de todo o pa\u00eds, em Fortaleza (CE).","og_url":"https:\/\/www.padreeustaquio.com.br\/es\/vicepostulador-de-la-causa-del-padre-eustaquio-participa-en-congreso-de-la-crb-en-fortaleza-ceara\/","og_site_name":"Padre Eust\u00e1quio","article_publisher":"https:\/\/www.facebook.com\/beatopadreeustaquio\/","article_published_time":"2024-06-05T10:45:58+00:00","og_image":[{"width":1024,"height":681,"url":"https:\/\/www.padreeustaquio.com.br\/wp-content\/uploads\/2024\/06\/crb-caninde.jpg","type":"image\/jpeg"}],"author":"@sscc","twitter_card":"summary_large_image","twitter_creator":"@beatopeustaquio","twitter_site":"@beatopeustaquio","twitter_misc":{"Escrito por":"@sscc","Tiempo de lectura":"5 minutos"},"schema":{"@context":"https:\/\/schema.org","@graph":[{"@type":"Article","@id":"https:\/\/www.padreeustaquio.com.br\/vice-postulador-da-causa-de-padre-eustaquio-participa-de-congresso-da-crb-em-fortaleza-ce\/#article","isPartOf":{"@id":"https:\/\/www.padreeustaquio.com.br\/vice-postulador-da-causa-de-padre-eustaquio-participa-de-congresso-da-crb-em-fortaleza-ce\/"},"author":{"name":"@sscc","@id":"https:\/\/www.padreeustaquio.com.br\/#\/schema\/person\/a2a51db1d00f1a7af0204a0f1ddb1566"},"headline":"Vice-postulador da Causa de Padre Eust\u00e1quio participa de Congresso da CRB em Fortaleza-CE","datePublished":"2024-06-05T10:45:58+00:00","mainEntityOfPage":{"@id":"https:\/\/www.padreeustaquio.com.br\/vice-postulador-da-causa-de-padre-eustaquio-participa-de-congresso-da-crb-em-fortaleza-ce\/"},"wordCount":661,"commentCount":0,"publisher":{"@id":"https:\/\/www.padreeustaquio.com.br\/#organization"},"image":{"@id":"https:\/\/www.padreeustaquio.com.br\/vice-postulador-da-causa-de-padre-eustaquio-participa-de-congresso-da-crb-em-fortaleza-ce\/#primaryimage"},"thumbnailUrl":"https:\/\/www.padreeustaquio.com.br\/wp-content\/uploads\/2024\/06\/crb-caninde.jpg","articleSection":["Not\u00edcias"],"inLanguage":"es","potentialAction":[{"@type":"CommentAction","name":"Comment","target":["https:\/\/www.padreeustaquio.com.br\/vice-postulador-da-causa-de-padre-eustaquio-participa-de-congresso-da-crb-em-fortaleza-ce\/#respond"]}]},{"@type":"WebPage","@id":"https:\/\/www.padreeustaquio.com.br\/vice-postulador-da-causa-de-padre-eustaquio-participa-de-congresso-da-crb-em-fortaleza-ce\/","url":"https:\/\/www.padreeustaquio.com.br\/vice-postulador-da-causa-de-padre-eustaquio-participa-de-congresso-da-crb-em-fortaleza-ce\/","name":"Vicepostulador de la Causa del Padre Eust\u00e1quio participa en Congreso de la CRB en Fortaleza-CE","isPartOf":{"@id":"https:\/\/www.padreeustaquio.com.br\/#website"},"primaryImageOfPage":{"@id":"https:\/\/www.padreeustaquio.com.br\/vice-postulador-da-causa-de-padre-eustaquio-participa-de-congresso-da-crb-em-fortaleza-ce\/#primaryimage"},"image":{"@id":"https:\/\/www.padreeustaquio.com.br\/vice-postulador-da-causa-de-padre-eustaquio-participa-de-congresso-da-crb-em-fortaleza-ce\/#primaryimage"},"thumbnailUrl":"https:\/\/www.padreeustaquio.com.br\/wp-content\/uploads\/2024\/06\/crb-caninde.jpg","datePublished":"2024-06-05T10:45:58+00:00","description":"El Padre Marcus Vinicius Maciel, vicepostulador de la Causa de Canonizaci\u00f3n del Beato Padre Eust\u00e1quio, particip\u00f3 el pasado fin de semana en el Congreso Nacional de la CRB (Conferencia de Religiosos de Brasil). El evento celebr\u00f3 el 70.\u00ba aniversario de la instituci\u00f3n y reuni\u00f3 a aproximadamente 800 religiosos y religiosas de todo el pa\u00eds en Fortaleza (CE).","breadcrumb":{"@id":"https:\/\/www.padreeustaquio.com.br\/vice-postulador-da-causa-de-padre-eustaquio-participa-de-congresso-da-crb-em-fortaleza-ce\/#breadcrumb"},"inLanguage":"es","potentialAction":[{"@type":"ReadAction","target":["https:\/\/www.padreeustaquio.com.br\/vice-postulador-da-causa-de-padre-eustaquio-participa-de-congresso-da-crb-em-fortaleza-ce\/"]}]},{"@type":"ImageObject","inLanguage":"es","@id":"https:\/\/www.padreeustaquio.com.br\/vice-postulador-da-causa-de-padre-eustaquio-participa-de-congresso-da-crb-em-fortaleza-ce\/#primaryimage","url":"https:\/\/www.padreeustaquio.com.br\/wp-content\/uploads\/2024\/06\/crb-caninde.jpg","contentUrl":"https:\/\/www.padreeustaquio.com.br\/wp-content\/uploads\/2024\/06\/crb-caninde.jpg","width":1024,"height":681},{"@type":"BreadcrumbList","@id":"https:\/\/www.padreeustaquio.com.br\/vice-postulador-da-causa-de-padre-eustaquio-participa-de-congresso-da-crb-em-fortaleza-ce\/#breadcrumb","itemListElement":[{"@type":"ListItem","position":1,"name":"In\u00edcio","item":"https:\/\/www.padreeustaquio.com.br\/"},{"@type":"ListItem","position":2,"name":"Vice-postulador da Causa de Padre Eust\u00e1quio participa de Congresso da CRB em Fortaleza-CE"}]},{"@type":"WebSite","@id":"https:\/\/www.padreeustaquio.com.br\/#website","url":"https:\/\/www.padreeustaquio.com.br\/","name":"Padre Eustace","description":"Salud y Paz","publisher":{"@id":"https:\/\/www.padreeustaquio.com.br\/#organization"},"potentialAction":[{"@type":"SearchAction","target":{"@type":"EntryPoint","urlTemplate":"https:\/\/www.padreeustaquio.com.br\/?s={search_term_string}"},"query-input":{"@type":"PropertyValueSpecification","valueRequired":true,"valueName":"search_term_string"}}],"inLanguage":"es"},{"@type":"Organization","@id":"https:\/\/www.padreeustaquio.com.br\/#organization","name":"Padre Eustace","url":"https:\/\/www.padreeustaquio.com.br\/","logo":{"@type":"ImageObject","inLanguage":"es","@id":"https:\/\/www.padreeustaquio.com.br\/#\/schema\/logo\/image\/","url":"https:\/\/www.padreeustaquio.com.br\/wp-content\/uploads\/2019\/08\/marca.png","contentUrl":"https:\/\/www.padreeustaquio.com.br\/wp-content\/uploads\/2019\/08\/marca.png","width":350,"height":400,"caption":"Padre Eust\u00e1quio"},"image":{"@id":"https:\/\/www.padreeustaquio.com.br\/#\/schema\/logo\/image\/"},"sameAs":["https:\/\/www.facebook.com\/beatopadreeustaquio\/","https:\/\/x.com\/beatopeustaquio","https:\/\/www.instagram.com\/beatopadreeustaquio\/","https:\/\/www.youtube.com\/channel\/UCRhw7vfabnajwLxb1ZXMeIw"]},{"@type":"Person","@id":"https:\/\/www.padreeustaquio.com.br\/#\/schema\/person\/a2a51db1d00f1a7af0204a0f1ddb1566","name":"@sscc","image":{"@type":"ImageObject","inLanguage":"es","@id":"https:\/\/secure.gravatar.com\/avatar\/68cfafa5f44617fea54071e215026e0ff06be366c3d54a8425f04fdcb86f8c5f?s=96&d=mm&r=g","url":"https:\/\/secure.gravatar.com\/avatar\/68cfafa5f44617fea54071e215026e0ff06be366c3d54a8425f04fdcb86f8c5f?s=96&d=mm&r=g","contentUrl":"https:\/\/secure.gravatar.com\/avatar\/68cfafa5f44617fea54071e215026e0ff06be366c3d54a8425f04fdcb86f8c5f?s=96&d=mm&r=g","caption":"@sscc"},"url":"https:\/\/www.padreeustaquio.com.br\/es\/author\/sscc\/"}]}},"_links":{"self":[{"href":"https:\/\/www.padreeustaquio.com.br\/es\/wp-json\/wp\/v2\/posts\/11358","targetHints":{"allow":["GET"]}}],"collection":[{"href":"https:\/\/www.padreeustaquio.com.br\/es\/wp-json\/wp\/v2\/posts"}],"about":[{"href":"https:\/\/www.padreeustaquio.com.br\/es\/wp-json\/wp\/v2\/types\/post"}],"author":[{"embeddable":true,"href":"https:\/\/www.padreeustaquio.com.br\/es\/wp-json\/wp\/v2\/users\/2"}],"replies":[{"embeddable":true,"href":"https:\/\/www.padreeustaquio.com.br\/es\/wp-json\/wp\/v2\/comments?post=11358"}],"version-history":[{"count":0,"href":"https:\/\/www.padreeustaquio.com.br\/es\/wp-json\/wp\/v2\/posts\/11358\/revisions"}],"wp:featuredmedia":[{"embeddable":true,"href":"https:\/\/www.padreeustaquio.com.br\/es\/wp-json\/wp\/v2\/media\/11359"}],"wp:attachment":[{"href":"https:\/\/www.padreeustaquio.com.br\/es\/wp-json\/wp\/v2\/media?parent=11358"}],"wp:term":[{"taxonomy":"category","embeddable":true,"href":"https:\/\/www.padreeustaquio.com.br\/es\/wp-json\/wp\/v2\/categories?post=11358"},{"taxonomy":"post_tag","embeddable":true,"href":"https:\/\/www.padreeustaquio.com.br\/es\/wp-json\/wp\/v2\/tags?post=11358"}],"curies":[{"name":"wp","href":"https:\/\/api.w.org\/{rel}","templated":true}]}}