{"id":11342,"date":"2024-05-29T18:13:17","date_gmt":"2024-05-29T21:13:17","guid":{"rendered":"https:\/\/www.padreeustaquio.com.br\/?p=11342"},"modified":"2024-05-29T18:13:17","modified_gmt":"2024-05-29T21:13:17","slug":"beato-padre-eustaquio-devoto-incondicional-de-jesus-eucaristia","status":"publish","type":"post","link":"https:\/\/www.padreeustaquio.com.br\/es\/beato-padre-eustaquio-devoto-incondicional-de-jesus-eucaristia\/","title":{"rendered":"Beato Padre Eustaquio: devoto incondicional de Jes\u00fas Eucarist\u00eda."},"content":{"rendered":"<p>Para nosotros, los cristianos, la Eucarist\u00eda es fuente de vida. Debemos buscarla con amor y fervor. En sus palabras, el Padre Eustace nos recuerda el poder transformador de la Eucarist\u00eda. \u00c9l ve el Pan de Vida como fuente de fortaleza, valent\u00eda, alegr\u00eda y consuelo.<\/p>\n<p><em>\u201cEl Pan Eucar\u00edstico trae coraje, alegr\u00eda y aliento a nuestras vidas\u2026 comulguen, comulguen siempre, busquen a Jes\u00fas con un coraz\u00f3n puro y con la confianza inquebrantable de una conciencia tranquila.\u201d<\/p>\n<p><\/em>Sigamos este ejemplo, buscando en la Eucarist\u00eda la fuerza para afrontar nuestras luchas diarias. Que el Pan Eucar\u00edstico, la Hostia Santa, nos alimente y nos sane, brind\u00e1ndonos la paz y la valent\u00eda que necesitamos. Lea el texto completo del Padre Eustaquio sobre la Eucarist\u00eda:<\/p>\n<p><em>Fue durante la \u00faltima guerra europea (1914-1918) cuando los padres recibieron por la noche el siguiente telegrama: &quot;Jos\u00e9, a morir. 4\u00aa Divisi\u00f3n&quot;.<\/em><\/p>\n<p><em>Es evidente que ambos c\u00f3nyuges tambi\u00e9n estaban aterrorizados, pues Jos\u00e9 lo amaba tanto y su amado hijo se estaba muriendo. \u00bfQu\u00e9 hicieron? La madre, d\u00e9bil y enferma, ya no pod\u00eda salir de casa, pero el padre, a\u00fan muy anciano, quer\u00eda visitar a su hijo, sin otro motivo.<\/p>\n<p>Amanec\u00eda cuando lleg\u00f3 adonde estaba su hijo, en una tienda de campa\u00f1a. Hab\u00eda caminado toda la noche, pero estaba all\u00ed para ver a su hijo, que ard\u00eda de fiebre y ya no abr\u00eda los ojos, excepto cuando su padre le hablaba:<\/em><br \/>\n<em>\u2013 Jos\u00e9, \u00a1aqu\u00ed est\u00e1 tu padre, el padre que hizo un largo viaje para volver a verte!<\/em><\/p>\n<p><em>El hijo pronunci\u00f3 unas palabras incomprensibles. Entonces, el padre, con toda su sencillez, sac\u00f3 un trozo de pan del bolsillo y, mostr\u00e1ndoselo con insistencia, dijo:<br \/>\n\u2013 \u201cToma, come esto, lo hizo tu madre con tanto sacrificio y amor para ti.\u201d.<\/em><\/p>\n<p><em>En ese momento, el joven, conmovido por los numerosos saludos de los d\u00edas pasados lejos de ella, dijo con voz d\u00e9bil:<\/em><br \/>\n<em>\u2014Mi buena madre, pan para el almuerzo que me envi\u00f3 mi buena madre. \u00bfEs posible aqu\u00ed? Habl\u00f3 as\u00ed y, entre l\u00e1grimas, comenz\u00f3 a comer el pan, recuper\u00e1ndose poco a poco, y he aqu\u00ed que el hijo, que cre\u00eda morir, pronto se recuper\u00f3, para sorpresa de todos.<br \/>\n<\/em><br \/>\n<em>Queridos hermanos y hermanas, esta verdadera historia podr\u00eda ser la de cualquiera de nosotros, porque todos somos combatientes, todos estamos en una verdadera guerra, y no es con el alma quebrantada y sin energ\u00edas, solo y sin la comodidad del hogar, sin el Pan Eucar\u00edstico, la Hostia Santa tambi\u00e9n de nuestra Madre Mar\u00eda, la Virgen Inmaculada, que el soldado puede sostener con valent\u00eda y orgullo esta ardua lucha hasta la victoria final.<\/p>\n<p>Oh, que nadie pasara sin poder decir, despu\u00e9s de comer este Pan: \u201cJes\u00fas m\u00edo y Madre m\u00eda del Cielo, no soy digno, pero a\u00fan as\u00ed Vos me cur\u00e1is, me aliment\u00e1is, me perdon\u00e1is\u201d.<\/em><\/p>\n<p><em>\u00a1J\u00f3venes, sean fuertes! \u00a1Ancianos, sean valientes, incluso al borde de la muerte! Tristes y abatidos, pobres y ricos, \u00a1sean alegres! Padres, busquen fuerza y \u00e1nimo para criar a sus hijos.<\/em><\/p>\n<p><em>Queridos hermanos y hermanas: \u2013 No sin raz\u00f3n os digo: comulgad, comulgad siempre, buscad a Jes\u00fas con coraz\u00f3n puro y con la confianza inquebrantable de la conciencia tranquila.<\/em><\/p>","protected":false},"excerpt":{"rendered":"<p>Para n\u00f3s, crist\u00e3os, a Eucaristia \u00e9 a fonte de vida. Devemos busc\u00e1-la com amor e afinco. Em suas palavras, Padre Eust\u00e1quio nos lembra do poder transformador da Eucaristia. Ele v\u00ea o P\u00e3o da Vida como uma fonte de for\u00e7a, coragem, alegria e consolo. \u201cO P\u00e3o Eucar\u00edstico traz coragem, alegria e alento para nossas vidas&#8230; comungai, comungai, sempre, buscai a Jesus com os cora\u00e7\u00f5es limpos e a confian\u00e7a inabal\u00e1vel de uma consci\u00eancia reta.\u201d Vamos seguir esse exemplo, buscando na Eucaristia a for\u00e7a para enfrentar nossas batalhas di\u00e1rias. Que o P\u00e3o Eucar\u00edstico, a Santa H\u00f3stia, nos nutra e nos cure, trazendo-nos a [&hellip;]<\/p>\n","protected":false},"author":2,"featured_media":11343,"comment_status":"open","ping_status":"closed","sticky":false,"template":"","format":"standard","meta":{"_acf_changed":false,"footnotes":""},"categories":[611],"tags":[],"class_list":["post-11342","post","type-post","status-publish","format-standard","has-post-thumbnail","hentry","category-noticias"],"acf":[],"yoast_head":"<!-- This site is optimized with the Yoast SEO plugin v27.2 - https:\/\/yoast.com\/product\/yoast-seo-wordpress\/ -->\n<title>Beato Padre Eust\u00e1quio: um devoto incondicional de Jesus Eucar\u00edstico<\/title>\n<meta name=\"description\" content=\"Para n\u00f3s, crist\u00e3os, a Eucaristia \u00e9 a fonte de vida. Devemos busc\u00e1-la com amor e afinco. Em suas palavras, Padre Eust\u00e1quio nos lembra do poder transformador da Eucaristia. Ele v\u00ea o P\u00e3o da Vida como uma fonte de for\u00e7a, coragem, alegria e consolo.\" \/>\n<meta name=\"robots\" content=\"index, follow, max-snippet:-1, max-image-preview:large, max-video-preview:-1\" \/>\n<link rel=\"canonical\" href=\"https:\/\/www.padreeustaquio.com.br\/es\/beato-padre-eustaquio-devoto-incondicional-de-jesus-eucaristia\/\" \/>\n<meta property=\"og:locale\" content=\"es_ES\" \/>\n<meta property=\"og:type\" content=\"article\" \/>\n<meta property=\"og:title\" content=\"Beato Padre Eust\u00e1quio: um devoto incondicional de Jesus Eucar\u00edstico\" \/>\n<meta property=\"og:description\" content=\"Para n\u00f3s, crist\u00e3os, a Eucaristia \u00e9 a fonte de vida. Devemos busc\u00e1-la com amor e afinco. Em suas palavras, Padre Eust\u00e1quio nos lembra do poder transformador da Eucaristia. Ele v\u00ea o P\u00e3o da Vida como uma fonte de for\u00e7a, coragem, alegria e consolo.\" \/>\n<meta property=\"og:url\" content=\"https:\/\/www.padreeustaquio.com.br\/es\/beato-padre-eustaquio-devoto-incondicional-de-jesus-eucaristia\/\" \/>\n<meta property=\"og:site_name\" content=\"Padre Eust\u00e1quio\" \/>\n<meta property=\"article:publisher\" content=\"https:\/\/www.facebook.com\/beatopadreeustaquio\/\" \/>\n<meta property=\"article:published_time\" content=\"2024-05-29T21:13:17+00:00\" \/>\n<meta property=\"og:image\" content=\"https:\/\/www.padreeustaquio.com.br\/wp-content\/uploads\/2024\/05\/padre-eustaquio-em-procissao-com-o-santissimo.jpeg\" \/>\n\t<meta property=\"og:image:width\" content=\"1600\" \/>\n\t<meta property=\"og:image:height\" content=\"1135\" \/>\n\t<meta property=\"og:image:type\" content=\"image\/jpeg\" \/>\n<meta name=\"author\" content=\"@sscc\" \/>\n<meta name=\"twitter:card\" content=\"summary_large_image\" \/>\n<meta name=\"twitter:creator\" content=\"@beatopeustaquio\" \/>\n<meta name=\"twitter:site\" content=\"@beatopeustaquio\" \/>\n<meta name=\"twitter:label1\" content=\"Escrito por\" \/>\n\t<meta name=\"twitter:data1\" content=\"@sscc\" \/>\n\t<meta name=\"twitter:label2\" content=\"Tiempo de lectura\" \/>\n\t<meta name=\"twitter:data2\" content=\"4 minutos\" \/>\n<script type=\"application\/ld+json\" class=\"yoast-schema-graph\">{\"@context\":\"https:\/\/schema.org\",\"@graph\":[{\"@type\":\"Article\",\"@id\":\"https:\/\/www.padreeustaquio.com.br\/beato-padre-eustaquio-um-devoto-incondicional-de-jesus-eucaristico\/#article\",\"isPartOf\":{\"@id\":\"https:\/\/www.padreeustaquio.com.br\/beato-padre-eustaquio-um-devoto-incondicional-de-jesus-eucaristico\/\"},\"author\":{\"name\":\"@sscc\",\"@id\":\"https:\/\/www.padreeustaquio.com.br\/#\/schema\/person\/a2a51db1d00f1a7af0204a0f1ddb1566\"},\"headline\":\"Beato Padre Eust\u00e1quio: um devoto incondicional de Jesus Eucar\u00edstico\",\"datePublished\":\"2024-05-29T21:13:17+00:00\",\"mainEntityOfPage\":{\"@id\":\"https:\/\/www.padreeustaquio.com.br\/beato-padre-eustaquio-um-devoto-incondicional-de-jesus-eucaristico\/\"},\"wordCount\":595,\"commentCount\":0,\"publisher\":{\"@id\":\"https:\/\/www.padreeustaquio.com.br\/#organization\"},\"image\":{\"@id\":\"https:\/\/www.padreeustaquio.com.br\/beato-padre-eustaquio-um-devoto-incondicional-de-jesus-eucaristico\/#primaryimage\"},\"thumbnailUrl\":\"https:\/\/www.padreeustaquio.com.br\/wp-content\/uploads\/2024\/05\/padre-eustaquio-em-procissao-com-o-santissimo.jpeg\",\"articleSection\":[\"Not\u00edcias\"],\"inLanguage\":\"es\",\"potentialAction\":[{\"@type\":\"CommentAction\",\"name\":\"Comment\",\"target\":[\"https:\/\/www.padreeustaquio.com.br\/beato-padre-eustaquio-um-devoto-incondicional-de-jesus-eucaristico\/#respond\"]}]},{\"@type\":\"WebPage\",\"@id\":\"https:\/\/www.padreeustaquio.com.br\/beato-padre-eustaquio-um-devoto-incondicional-de-jesus-eucaristico\/\",\"url\":\"https:\/\/www.padreeustaquio.com.br\/beato-padre-eustaquio-um-devoto-incondicional-de-jesus-eucaristico\/\",\"name\":\"Beato Padre Eust\u00e1quio: um devoto incondicional de Jesus Eucar\u00edstico\",\"isPartOf\":{\"@id\":\"https:\/\/www.padreeustaquio.com.br\/#website\"},\"primaryImageOfPage\":{\"@id\":\"https:\/\/www.padreeustaquio.com.br\/beato-padre-eustaquio-um-devoto-incondicional-de-jesus-eucaristico\/#primaryimage\"},\"image\":{\"@id\":\"https:\/\/www.padreeustaquio.com.br\/beato-padre-eustaquio-um-devoto-incondicional-de-jesus-eucaristico\/#primaryimage\"},\"thumbnailUrl\":\"https:\/\/www.padreeustaquio.com.br\/wp-content\/uploads\/2024\/05\/padre-eustaquio-em-procissao-com-o-santissimo.jpeg\",\"datePublished\":\"2024-05-29T21:13:17+00:00\",\"description\":\"Para n\u00f3s, crist\u00e3os, a Eucaristia \u00e9 a fonte de vida. Devemos busc\u00e1-la com amor e afinco. Em suas palavras, Padre Eust\u00e1quio nos lembra do poder transformador da Eucaristia. Ele v\u00ea o P\u00e3o da Vida como uma fonte de for\u00e7a, coragem, alegria e consolo.\",\"breadcrumb\":{\"@id\":\"https:\/\/www.padreeustaquio.com.br\/beato-padre-eustaquio-um-devoto-incondicional-de-jesus-eucaristico\/#breadcrumb\"},\"inLanguage\":\"es\",\"potentialAction\":[{\"@type\":\"ReadAction\",\"target\":[\"https:\/\/www.padreeustaquio.com.br\/beato-padre-eustaquio-um-devoto-incondicional-de-jesus-eucaristico\/\"]}]},{\"@type\":\"ImageObject\",\"inLanguage\":\"es\",\"@id\":\"https:\/\/www.padreeustaquio.com.br\/beato-padre-eustaquio-um-devoto-incondicional-de-jesus-eucaristico\/#primaryimage\",\"url\":\"https:\/\/www.padreeustaquio.com.br\/wp-content\/uploads\/2024\/05\/padre-eustaquio-em-procissao-com-o-santissimo.jpeg\",\"contentUrl\":\"https:\/\/www.padreeustaquio.com.br\/wp-content\/uploads\/2024\/05\/padre-eustaquio-em-procissao-com-o-santissimo.jpeg\",\"width\":1600,\"height\":1135},{\"@type\":\"BreadcrumbList\",\"@id\":\"https:\/\/www.padreeustaquio.com.br\/beato-padre-eustaquio-um-devoto-incondicional-de-jesus-eucaristico\/#breadcrumb\",\"itemListElement\":[{\"@type\":\"ListItem\",\"position\":1,\"name\":\"In\u00edcio\",\"item\":\"https:\/\/www.padreeustaquio.com.br\/\"},{\"@type\":\"ListItem\",\"position\":2,\"name\":\"Beato Padre Eust\u00e1quio: um devoto incondicional de Jesus Eucar\u00edstico\"}]},{\"@type\":\"WebSite\",\"@id\":\"https:\/\/www.padreeustaquio.com.br\/#website\",\"url\":\"https:\/\/www.padreeustaquio.com.br\/\",\"name\":\"Padre Eust\u00e1quio\",\"description\":\"Sa\u00fade e Paz\",\"publisher\":{\"@id\":\"https:\/\/www.padreeustaquio.com.br\/#organization\"},\"potentialAction\":[{\"@type\":\"SearchAction\",\"target\":{\"@type\":\"EntryPoint\",\"urlTemplate\":\"https:\/\/www.padreeustaquio.com.br\/?s={search_term_string}\"},\"query-input\":{\"@type\":\"PropertyValueSpecification\",\"valueRequired\":true,\"valueName\":\"search_term_string\"}}],\"inLanguage\":\"es\"},{\"@type\":\"Organization\",\"@id\":\"https:\/\/www.padreeustaquio.com.br\/#organization\",\"name\":\"Padre Eust\u00e1quio\",\"url\":\"https:\/\/www.padreeustaquio.com.br\/\",\"logo\":{\"@type\":\"ImageObject\",\"inLanguage\":\"es\",\"@id\":\"https:\/\/www.padreeustaquio.com.br\/#\/schema\/logo\/image\/\",\"url\":\"https:\/\/www.padreeustaquio.com.br\/wp-content\/uploads\/2019\/08\/marca.png\",\"contentUrl\":\"https:\/\/www.padreeustaquio.com.br\/wp-content\/uploads\/2019\/08\/marca.png\",\"width\":350,\"height\":400,\"caption\":\"Padre Eust\u00e1quio\"},\"image\":{\"@id\":\"https:\/\/www.padreeustaquio.com.br\/#\/schema\/logo\/image\/\"},\"sameAs\":[\"https:\/\/www.facebook.com\/beatopadreeustaquio\/\",\"https:\/\/x.com\/beatopeustaquio\",\"https:\/\/www.instagram.com\/beatopadreeustaquio\/\",\"https:\/\/www.youtube.com\/channel\/UCRhw7vfabnajwLxb1ZXMeIw\"]},{\"@type\":\"Person\",\"@id\":\"https:\/\/www.padreeustaquio.com.br\/#\/schema\/person\/a2a51db1d00f1a7af0204a0f1ddb1566\",\"name\":\"@sscc\",\"image\":{\"@type\":\"ImageObject\",\"inLanguage\":\"es\",\"@id\":\"https:\/\/secure.gravatar.com\/avatar\/68cfafa5f44617fea54071e215026e0ff06be366c3d54a8425f04fdcb86f8c5f?s=96&d=mm&r=g\",\"url\":\"https:\/\/secure.gravatar.com\/avatar\/68cfafa5f44617fea54071e215026e0ff06be366c3d54a8425f04fdcb86f8c5f?s=96&d=mm&r=g\",\"contentUrl\":\"https:\/\/secure.gravatar.com\/avatar\/68cfafa5f44617fea54071e215026e0ff06be366c3d54a8425f04fdcb86f8c5f?s=96&d=mm&r=g\",\"caption\":\"@sscc\"},\"url\":\"https:\/\/www.padreeustaquio.com.br\/es\/author\/sscc\/\"}]}<\/script>\n<!-- \/ Yoast SEO plugin. -->","yoast_head_json":{"title":"Beato Padre Eustaquio: devoto incondicional de Jes\u00fas Eucarist\u00eda.","description":"Para nosotros, los cristianos, la Eucarist\u00eda es fuente de vida. Debemos buscarla con amor y fervor. En sus palabras, el Padre Eustace nos recuerda el poder transformador de la Eucarist\u00eda. \u00c9l ve el Pan de Vida como fuente de fortaleza, valent\u00eda, alegr\u00eda y consuelo.","robots":{"index":"index","follow":"follow","max-snippet":"max-snippet:-1","max-image-preview":"max-image-preview:large","max-video-preview":"max-video-preview:-1"},"canonical":"https:\/\/www.padreeustaquio.com.br\/es\/beato-padre-eustaquio-devoto-incondicional-de-jesus-eucaristia\/","og_locale":"es_ES","og_type":"article","og_title":"Beato Padre Eust\u00e1quio: um devoto incondicional de Jesus Eucar\u00edstico","og_description":"Para n\u00f3s, crist\u00e3os, a Eucaristia \u00e9 a fonte de vida. Devemos busc\u00e1-la com amor e afinco. Em suas palavras, Padre Eust\u00e1quio nos lembra do poder transformador da Eucaristia. Ele v\u00ea o P\u00e3o da Vida como uma fonte de for\u00e7a, coragem, alegria e consolo.","og_url":"https:\/\/www.padreeustaquio.com.br\/es\/beato-padre-eustaquio-devoto-incondicional-de-jesus-eucaristia\/","og_site_name":"Padre Eust\u00e1quio","article_publisher":"https:\/\/www.facebook.com\/beatopadreeustaquio\/","article_published_time":"2024-05-29T21:13:17+00:00","og_image":[{"width":1600,"height":1135,"url":"https:\/\/www.padreeustaquio.com.br\/wp-content\/uploads\/2024\/05\/padre-eustaquio-em-procissao-com-o-santissimo.jpeg","type":"image\/jpeg"}],"author":"@sscc","twitter_card":"summary_large_image","twitter_creator":"@beatopeustaquio","twitter_site":"@beatopeustaquio","twitter_misc":{"Escrito por":"@sscc","Tiempo de lectura":"4 minutos"},"schema":{"@context":"https:\/\/schema.org","@graph":[{"@type":"Article","@id":"https:\/\/www.padreeustaquio.com.br\/beato-padre-eustaquio-um-devoto-incondicional-de-jesus-eucaristico\/#article","isPartOf":{"@id":"https:\/\/www.padreeustaquio.com.br\/beato-padre-eustaquio-um-devoto-incondicional-de-jesus-eucaristico\/"},"author":{"name":"@sscc","@id":"https:\/\/www.padreeustaquio.com.br\/#\/schema\/person\/a2a51db1d00f1a7af0204a0f1ddb1566"},"headline":"Beato Padre Eust\u00e1quio: um devoto incondicional de Jesus Eucar\u00edstico","datePublished":"2024-05-29T21:13:17+00:00","mainEntityOfPage":{"@id":"https:\/\/www.padreeustaquio.com.br\/beato-padre-eustaquio-um-devoto-incondicional-de-jesus-eucaristico\/"},"wordCount":595,"commentCount":0,"publisher":{"@id":"https:\/\/www.padreeustaquio.com.br\/#organization"},"image":{"@id":"https:\/\/www.padreeustaquio.com.br\/beato-padre-eustaquio-um-devoto-incondicional-de-jesus-eucaristico\/#primaryimage"},"thumbnailUrl":"https:\/\/www.padreeustaquio.com.br\/wp-content\/uploads\/2024\/05\/padre-eustaquio-em-procissao-com-o-santissimo.jpeg","articleSection":["Not\u00edcias"],"inLanguage":"es","potentialAction":[{"@type":"CommentAction","name":"Comment","target":["https:\/\/www.padreeustaquio.com.br\/beato-padre-eustaquio-um-devoto-incondicional-de-jesus-eucaristico\/#respond"]}]},{"@type":"WebPage","@id":"https:\/\/www.padreeustaquio.com.br\/beato-padre-eustaquio-um-devoto-incondicional-de-jesus-eucaristico\/","url":"https:\/\/www.padreeustaquio.com.br\/beato-padre-eustaquio-um-devoto-incondicional-de-jesus-eucaristico\/","name":"Beato Padre Eustaquio: devoto incondicional de Jes\u00fas Eucarist\u00eda.","isPartOf":{"@id":"https:\/\/www.padreeustaquio.com.br\/#website"},"primaryImageOfPage":{"@id":"https:\/\/www.padreeustaquio.com.br\/beato-padre-eustaquio-um-devoto-incondicional-de-jesus-eucaristico\/#primaryimage"},"image":{"@id":"https:\/\/www.padreeustaquio.com.br\/beato-padre-eustaquio-um-devoto-incondicional-de-jesus-eucaristico\/#primaryimage"},"thumbnailUrl":"https:\/\/www.padreeustaquio.com.br\/wp-content\/uploads\/2024\/05\/padre-eustaquio-em-procissao-com-o-santissimo.jpeg","datePublished":"2024-05-29T21:13:17+00:00","description":"Para nosotros, los cristianos, la Eucarist\u00eda es fuente de vida. Debemos buscarla con amor y fervor. En sus palabras, el Padre Eustace nos recuerda el poder transformador de la Eucarist\u00eda. \u00c9l ve el Pan de Vida como fuente de fortaleza, valent\u00eda, alegr\u00eda y consuelo.","breadcrumb":{"@id":"https:\/\/www.padreeustaquio.com.br\/beato-padre-eustaquio-um-devoto-incondicional-de-jesus-eucaristico\/#breadcrumb"},"inLanguage":"es","potentialAction":[{"@type":"ReadAction","target":["https:\/\/www.padreeustaquio.com.br\/beato-padre-eustaquio-um-devoto-incondicional-de-jesus-eucaristico\/"]}]},{"@type":"ImageObject","inLanguage":"es","@id":"https:\/\/www.padreeustaquio.com.br\/beato-padre-eustaquio-um-devoto-incondicional-de-jesus-eucaristico\/#primaryimage","url":"https:\/\/www.padreeustaquio.com.br\/wp-content\/uploads\/2024\/05\/padre-eustaquio-em-procissao-com-o-santissimo.jpeg","contentUrl":"https:\/\/www.padreeustaquio.com.br\/wp-content\/uploads\/2024\/05\/padre-eustaquio-em-procissao-com-o-santissimo.jpeg","width":1600,"height":1135},{"@type":"BreadcrumbList","@id":"https:\/\/www.padreeustaquio.com.br\/beato-padre-eustaquio-um-devoto-incondicional-de-jesus-eucaristico\/#breadcrumb","itemListElement":[{"@type":"ListItem","position":1,"name":"In\u00edcio","item":"https:\/\/www.padreeustaquio.com.br\/"},{"@type":"ListItem","position":2,"name":"Beato Padre Eust\u00e1quio: um devoto incondicional de Jesus Eucar\u00edstico"}]},{"@type":"WebSite","@id":"https:\/\/www.padreeustaquio.com.br\/#website","url":"https:\/\/www.padreeustaquio.com.br\/","name":"Padre Eustace","description":"Salud y Paz","publisher":{"@id":"https:\/\/www.padreeustaquio.com.br\/#organization"},"potentialAction":[{"@type":"SearchAction","target":{"@type":"EntryPoint","urlTemplate":"https:\/\/www.padreeustaquio.com.br\/?s={search_term_string}"},"query-input":{"@type":"PropertyValueSpecification","valueRequired":true,"valueName":"search_term_string"}}],"inLanguage":"es"},{"@type":"Organization","@id":"https:\/\/www.padreeustaquio.com.br\/#organization","name":"Padre Eustace","url":"https:\/\/www.padreeustaquio.com.br\/","logo":{"@type":"ImageObject","inLanguage":"es","@id":"https:\/\/www.padreeustaquio.com.br\/#\/schema\/logo\/image\/","url":"https:\/\/www.padreeustaquio.com.br\/wp-content\/uploads\/2019\/08\/marca.png","contentUrl":"https:\/\/www.padreeustaquio.com.br\/wp-content\/uploads\/2019\/08\/marca.png","width":350,"height":400,"caption":"Padre Eust\u00e1quio"},"image":{"@id":"https:\/\/www.padreeustaquio.com.br\/#\/schema\/logo\/image\/"},"sameAs":["https:\/\/www.facebook.com\/beatopadreeustaquio\/","https:\/\/x.com\/beatopeustaquio","https:\/\/www.instagram.com\/beatopadreeustaquio\/","https:\/\/www.youtube.com\/channel\/UCRhw7vfabnajwLxb1ZXMeIw"]},{"@type":"Person","@id":"https:\/\/www.padreeustaquio.com.br\/#\/schema\/person\/a2a51db1d00f1a7af0204a0f1ddb1566","name":"@sscc","image":{"@type":"ImageObject","inLanguage":"es","@id":"https:\/\/secure.gravatar.com\/avatar\/68cfafa5f44617fea54071e215026e0ff06be366c3d54a8425f04fdcb86f8c5f?s=96&d=mm&r=g","url":"https:\/\/secure.gravatar.com\/avatar\/68cfafa5f44617fea54071e215026e0ff06be366c3d54a8425f04fdcb86f8c5f?s=96&d=mm&r=g","contentUrl":"https:\/\/secure.gravatar.com\/avatar\/68cfafa5f44617fea54071e215026e0ff06be366c3d54a8425f04fdcb86f8c5f?s=96&d=mm&r=g","caption":"@sscc"},"url":"https:\/\/www.padreeustaquio.com.br\/es\/author\/sscc\/"}]}},"_links":{"self":[{"href":"https:\/\/www.padreeustaquio.com.br\/es\/wp-json\/wp\/v2\/posts\/11342","targetHints":{"allow":["GET"]}}],"collection":[{"href":"https:\/\/www.padreeustaquio.com.br\/es\/wp-json\/wp\/v2\/posts"}],"about":[{"href":"https:\/\/www.padreeustaquio.com.br\/es\/wp-json\/wp\/v2\/types\/post"}],"author":[{"embeddable":true,"href":"https:\/\/www.padreeustaquio.com.br\/es\/wp-json\/wp\/v2\/users\/2"}],"replies":[{"embeddable":true,"href":"https:\/\/www.padreeustaquio.com.br\/es\/wp-json\/wp\/v2\/comments?post=11342"}],"version-history":[{"count":0,"href":"https:\/\/www.padreeustaquio.com.br\/es\/wp-json\/wp\/v2\/posts\/11342\/revisions"}],"wp:featuredmedia":[{"embeddable":true,"href":"https:\/\/www.padreeustaquio.com.br\/es\/wp-json\/wp\/v2\/media\/11343"}],"wp:attachment":[{"href":"https:\/\/www.padreeustaquio.com.br\/es\/wp-json\/wp\/v2\/media?parent=11342"}],"wp:term":[{"taxonomy":"category","embeddable":true,"href":"https:\/\/www.padreeustaquio.com.br\/es\/wp-json\/wp\/v2\/categories?post=11342"},{"taxonomy":"post_tag","embeddable":true,"href":"https:\/\/www.padreeustaquio.com.br\/es\/wp-json\/wp\/v2\/tags?post=11342"}],"curies":[{"name":"wp","href":"https:\/\/api.w.org\/{rel}","templated":true}]}}