{"id":11331,"date":"2024-05-31T06:57:34","date_gmt":"2024-05-31T09:57:34","guid":{"rendered":"https:\/\/www.padreeustaquio.com.br\/?p=11331"},"modified":"2024-05-29T18:13:40","modified_gmt":"2024-05-29T21:13:40","slug":"un-mes-entero-dedicado-a-la-virgen-maria","status":"publish","type":"post","link":"https:\/\/www.padreeustaquio.com.br\/es\/un-mes-entero-dedicado-a-la-virgen-maria\/","title":{"rendered":"Un mes entero dedicado a la Virgen Mar\u00eda."},"content":{"rendered":"<p>La tradici\u00f3n de dedicar un mes a Mar\u00eda surgi\u00f3 alrededor del siglo XII. Era una \u00e9poca en la que se buscaba la protecci\u00f3n de la Virgen Mar\u00eda para las necesidades de la Iglesia de su Hijo. Por esta raz\u00f3n, Nuestra Se\u00f1ora es conocida como la Madre de la Iglesia, ya que intercede constantemente por las necesidades de su amado pueblo. Este mes de mayo, destacamos dos fechas importantes vinculadas a Nuestra Se\u00f1ora: el 13 de mayo, d\u00eda de Nuestra Se\u00f1ora de F\u00e1tima, y el 24 de mayo, d\u00eda de Nuestra Se\u00f1ora Auxiliadora.<\/p>\n<p>El segundo domingo de mayo tambi\u00e9n recordamos el D\u00eda de las Madres. Un momento especial para agradecer a Dios por todas las madres. Gracias al &quot;s\u00ed&quot; de Mar\u00eda, naci\u00f3 el Salvador.<\/p>\n<p>Mar\u00eda fue elegida por Dios entre todas las mujeres. Es como la luna que refleja toda la belleza del sol, que es Jes\u00fas. Mar\u00eda es la Madre del Amor Hermoso y es muy querida por el pueblo cristiano y por muchos no cristianos. Posee el arte m\u00e1s refinado de amar: el arte de amar como Jes\u00fas, porque \u00c9l es Amor. Santa Paulina aprendi\u00f3 de ella a dar a conocer, amar y adorar a Jes\u00fas en todo el mundo. Santa Teresita de Lisieux, iluminada por el Hijo de Mar\u00eda, afirm\u00f3: <em>\u201c&quot;En el coraz\u00f3n de la Iglesia yo ser\u00e9 amor.&quot;. <\/em>Y el Papa Francisco declar\u00f3:<em> \u201cMar\u00eda, Madre que nos acompa\u00f1a en el camino de la vida, es aquella que tuvo el coraje de entregar su vida al sue\u00f1o de Dios\u201d.<\/em><\/p>\n<p>En uno de los textos que dej\u00f3 el padre Eust\u00e1quio, dice: <em>\u201cEn verdad, Nuestra Se\u00f1ora es mi madre, tu madre, nuestra querida madre. Madre de la humanidad. Con la ayuda de esta madre, meditemos sobre el destino de la humanidad, sobre el fin del hombre. Considera que no est\u00e1s en el mundo por casualidad: se te ha asignado un prop\u00f3sito. Este prop\u00f3sito es la gloria de Dios. Fuimos creados para conocerlo, amarlo y servirlo.\u201d<\/em><\/p>\n<p>Que este mes de mayo nos permita acercarnos m\u00e1s a Mar\u00eda, nuestra Madre Celestial, y aprender de Ella c\u00f3mo amar y servir a Jes\u00fas en nuestras vidas.<\/p>","protected":false},"excerpt":{"rendered":"<p>A a tradi\u00e7\u00e3o de ter um m\u00eas dedicado a Maria surgiu por volta do s\u00e9culo XII. Era uma \u00e9poca em que a prote\u00e7\u00e3o da M\u00e3e Maria era solicitada para as necessidades da Igreja de seu Filho. Por essa raz\u00e3o, Nossa Senhora \u00e9 conhecida como M\u00e3e da Igreja, pois intercede constantemente pelas necessidades de seu povo amado. Neste m\u00eas de maio, destacamos duas datas importante ligadas \u00e0 Nossa Senhora, 13 de maio, dia de Nossa Senhora de F\u00e1tima, e 24, de Nossa Senhora Auxiliadora. No segundo domingo de maio, tamb\u00e9m recordamos o Dia das M\u00e3es. Um momento especial para agradecermos a [&hellip;]<\/p>\n","protected":false},"author":2,"featured_media":11332,"comment_status":"open","ping_status":"closed","sticky":false,"template":"","format":"standard","meta":{"_acf_changed":false,"footnotes":""},"categories":[611],"tags":[],"class_list":["post-11331","post","type-post","status-publish","format-standard","has-post-thumbnail","hentry","category-noticias"],"acf":[],"yoast_head":"<!-- This site is optimized with the Yoast SEO plugin v27.2 - https:\/\/yoast.com\/product\/yoast-seo-wordpress\/ -->\n<title>Um m\u00eas todo dedicado \u00e0 Virgem Maria<\/title>\n<meta name=\"description\" content=\"A a tradi\u00e7\u00e3o de ter um m\u00eas dedicado a Maria surgiu por volta do s\u00e9culo XII. Era uma \u00e9poca em que a prote\u00e7\u00e3o da M\u00e3e Maria era solicitada para as necessidades da Igreja de seu Filho.\" \/>\n<meta name=\"robots\" content=\"index, follow, max-snippet:-1, max-image-preview:large, max-video-preview:-1\" \/>\n<link rel=\"canonical\" href=\"https:\/\/www.padreeustaquio.com.br\/es\/un-mes-entero-dedicado-a-la-virgen-maria\/\" \/>\n<meta property=\"og:locale\" content=\"es_ES\" \/>\n<meta property=\"og:type\" content=\"article\" \/>\n<meta property=\"og:title\" content=\"Um m\u00eas todo dedicado \u00e0 Virgem Maria\" \/>\n<meta property=\"og:description\" content=\"A a tradi\u00e7\u00e3o de ter um m\u00eas dedicado a Maria surgiu por volta do s\u00e9culo XII. Era uma \u00e9poca em que a prote\u00e7\u00e3o da M\u00e3e Maria era solicitada para as necessidades da Igreja de seu Filho.\" \/>\n<meta property=\"og:url\" content=\"https:\/\/www.padreeustaquio.com.br\/es\/un-mes-entero-dedicado-a-la-virgen-maria\/\" \/>\n<meta property=\"og:site_name\" content=\"Padre Eust\u00e1quio\" \/>\n<meta property=\"article:publisher\" content=\"https:\/\/www.facebook.com\/beatopadreeustaquio\/\" \/>\n<meta property=\"article:published_time\" content=\"2024-05-31T09:57:34+00:00\" \/>\n<meta property=\"og:image\" content=\"https:\/\/www.padreeustaquio.com.br\/wp-content\/uploads\/2024\/05\/nossa-senhora-da-conceicao.jpeg\" \/>\n\t<meta property=\"og:image:width\" content=\"1600\" \/>\n\t<meta property=\"og:image:height\" content=\"1135\" \/>\n\t<meta property=\"og:image:type\" content=\"image\/jpeg\" \/>\n<meta name=\"author\" content=\"@sscc\" \/>\n<meta name=\"twitter:card\" content=\"summary_large_image\" \/>\n<meta name=\"twitter:creator\" content=\"@beatopeustaquio\" \/>\n<meta name=\"twitter:site\" content=\"@beatopeustaquio\" \/>\n<meta name=\"twitter:label1\" content=\"Escrito por\" \/>\n\t<meta name=\"twitter:data1\" content=\"@sscc\" \/>\n\t<meta name=\"twitter:label2\" content=\"Tiempo de lectura\" \/>\n\t<meta name=\"twitter:data2\" content=\"3 minutos\" \/>\n<script type=\"application\/ld+json\" class=\"yoast-schema-graph\">{\"@context\":\"https:\/\/schema.org\",\"@graph\":[{\"@type\":\"Article\",\"@id\":\"https:\/\/www.padreeustaquio.com.br\/um-mes-todo-dedicado-a-virgem-maria\/#article\",\"isPartOf\":{\"@id\":\"https:\/\/www.padreeustaquio.com.br\/um-mes-todo-dedicado-a-virgem-maria\/\"},\"author\":{\"name\":\"@sscc\",\"@id\":\"https:\/\/www.padreeustaquio.com.br\/#\/schema\/person\/a2a51db1d00f1a7af0204a0f1ddb1566\"},\"headline\":\"Um m\u00eas todo dedicado \u00e0 Virgem Maria\",\"datePublished\":\"2024-05-31T09:57:34+00:00\",\"mainEntityOfPage\":{\"@id\":\"https:\/\/www.padreeustaquio.com.br\/um-mes-todo-dedicado-a-virgem-maria\/\"},\"wordCount\":359,\"commentCount\":0,\"publisher\":{\"@id\":\"https:\/\/www.padreeustaquio.com.br\/#organization\"},\"image\":{\"@id\":\"https:\/\/www.padreeustaquio.com.br\/um-mes-todo-dedicado-a-virgem-maria\/#primaryimage\"},\"thumbnailUrl\":\"https:\/\/www.padreeustaquio.com.br\/wp-content\/uploads\/2024\/05\/nossa-senhora-da-conceicao.jpeg\",\"articleSection\":[\"Not\u00edcias\"],\"inLanguage\":\"es\",\"potentialAction\":[{\"@type\":\"CommentAction\",\"name\":\"Comment\",\"target\":[\"https:\/\/www.padreeustaquio.com.br\/um-mes-todo-dedicado-a-virgem-maria\/#respond\"]}]},{\"@type\":\"WebPage\",\"@id\":\"https:\/\/www.padreeustaquio.com.br\/um-mes-todo-dedicado-a-virgem-maria\/\",\"url\":\"https:\/\/www.padreeustaquio.com.br\/um-mes-todo-dedicado-a-virgem-maria\/\",\"name\":\"Um m\u00eas todo dedicado \u00e0 Virgem Maria\",\"isPartOf\":{\"@id\":\"https:\/\/www.padreeustaquio.com.br\/#website\"},\"primaryImageOfPage\":{\"@id\":\"https:\/\/www.padreeustaquio.com.br\/um-mes-todo-dedicado-a-virgem-maria\/#primaryimage\"},\"image\":{\"@id\":\"https:\/\/www.padreeustaquio.com.br\/um-mes-todo-dedicado-a-virgem-maria\/#primaryimage\"},\"thumbnailUrl\":\"https:\/\/www.padreeustaquio.com.br\/wp-content\/uploads\/2024\/05\/nossa-senhora-da-conceicao.jpeg\",\"datePublished\":\"2024-05-31T09:57:34+00:00\",\"description\":\"A a tradi\u00e7\u00e3o de ter um m\u00eas dedicado a Maria surgiu por volta do s\u00e9culo XII. Era uma \u00e9poca em que a prote\u00e7\u00e3o da M\u00e3e Maria era solicitada para as necessidades da Igreja de seu Filho.\",\"breadcrumb\":{\"@id\":\"https:\/\/www.padreeustaquio.com.br\/um-mes-todo-dedicado-a-virgem-maria\/#breadcrumb\"},\"inLanguage\":\"es\",\"potentialAction\":[{\"@type\":\"ReadAction\",\"target\":[\"https:\/\/www.padreeustaquio.com.br\/um-mes-todo-dedicado-a-virgem-maria\/\"]}]},{\"@type\":\"ImageObject\",\"inLanguage\":\"es\",\"@id\":\"https:\/\/www.padreeustaquio.com.br\/um-mes-todo-dedicado-a-virgem-maria\/#primaryimage\",\"url\":\"https:\/\/www.padreeustaquio.com.br\/wp-content\/uploads\/2024\/05\/nossa-senhora-da-conceicao.jpeg\",\"contentUrl\":\"https:\/\/www.padreeustaquio.com.br\/wp-content\/uploads\/2024\/05\/nossa-senhora-da-conceicao.jpeg\",\"width\":1600,\"height\":1135},{\"@type\":\"BreadcrumbList\",\"@id\":\"https:\/\/www.padreeustaquio.com.br\/um-mes-todo-dedicado-a-virgem-maria\/#breadcrumb\",\"itemListElement\":[{\"@type\":\"ListItem\",\"position\":1,\"name\":\"In\u00edcio\",\"item\":\"https:\/\/www.padreeustaquio.com.br\/\"},{\"@type\":\"ListItem\",\"position\":2,\"name\":\"Um m\u00eas todo dedicado \u00e0 Virgem Maria\"}]},{\"@type\":\"WebSite\",\"@id\":\"https:\/\/www.padreeustaquio.com.br\/#website\",\"url\":\"https:\/\/www.padreeustaquio.com.br\/\",\"name\":\"Padre Eust\u00e1quio\",\"description\":\"Sa\u00fade e Paz\",\"publisher\":{\"@id\":\"https:\/\/www.padreeustaquio.com.br\/#organization\"},\"potentialAction\":[{\"@type\":\"SearchAction\",\"target\":{\"@type\":\"EntryPoint\",\"urlTemplate\":\"https:\/\/www.padreeustaquio.com.br\/?s={search_term_string}\"},\"query-input\":{\"@type\":\"PropertyValueSpecification\",\"valueRequired\":true,\"valueName\":\"search_term_string\"}}],\"inLanguage\":\"es\"},{\"@type\":\"Organization\",\"@id\":\"https:\/\/www.padreeustaquio.com.br\/#organization\",\"name\":\"Padre Eust\u00e1quio\",\"url\":\"https:\/\/www.padreeustaquio.com.br\/\",\"logo\":{\"@type\":\"ImageObject\",\"inLanguage\":\"es\",\"@id\":\"https:\/\/www.padreeustaquio.com.br\/#\/schema\/logo\/image\/\",\"url\":\"https:\/\/www.padreeustaquio.com.br\/wp-content\/uploads\/2019\/08\/marca.png\",\"contentUrl\":\"https:\/\/www.padreeustaquio.com.br\/wp-content\/uploads\/2019\/08\/marca.png\",\"width\":350,\"height\":400,\"caption\":\"Padre Eust\u00e1quio\"},\"image\":{\"@id\":\"https:\/\/www.padreeustaquio.com.br\/#\/schema\/logo\/image\/\"},\"sameAs\":[\"https:\/\/www.facebook.com\/beatopadreeustaquio\/\",\"https:\/\/x.com\/beatopeustaquio\",\"https:\/\/www.instagram.com\/beatopadreeustaquio\/\",\"https:\/\/www.youtube.com\/channel\/UCRhw7vfabnajwLxb1ZXMeIw\"]},{\"@type\":\"Person\",\"@id\":\"https:\/\/www.padreeustaquio.com.br\/#\/schema\/person\/a2a51db1d00f1a7af0204a0f1ddb1566\",\"name\":\"@sscc\",\"image\":{\"@type\":\"ImageObject\",\"inLanguage\":\"es\",\"@id\":\"https:\/\/secure.gravatar.com\/avatar\/68cfafa5f44617fea54071e215026e0ff06be366c3d54a8425f04fdcb86f8c5f?s=96&d=mm&r=g\",\"url\":\"https:\/\/secure.gravatar.com\/avatar\/68cfafa5f44617fea54071e215026e0ff06be366c3d54a8425f04fdcb86f8c5f?s=96&d=mm&r=g\",\"contentUrl\":\"https:\/\/secure.gravatar.com\/avatar\/68cfafa5f44617fea54071e215026e0ff06be366c3d54a8425f04fdcb86f8c5f?s=96&d=mm&r=g\",\"caption\":\"@sscc\"},\"url\":\"https:\/\/www.padreeustaquio.com.br\/es\/author\/sscc\/\"}]}<\/script>\n<!-- \/ Yoast SEO plugin. -->","yoast_head_json":{"title":"Un mes entero dedicado a la Virgen Mar\u00eda.","description":"La tradici\u00f3n de dedicar un mes a Mar\u00eda surgi\u00f3 alrededor del siglo XII. Era una \u00e9poca en la que se invocaba la protecci\u00f3n de la Madre Mar\u00eda para las necesidades de la Iglesia de su Hijo.","robots":{"index":"index","follow":"follow","max-snippet":"max-snippet:-1","max-image-preview":"max-image-preview:large","max-video-preview":"max-video-preview:-1"},"canonical":"https:\/\/www.padreeustaquio.com.br\/es\/un-mes-entero-dedicado-a-la-virgen-maria\/","og_locale":"es_ES","og_type":"article","og_title":"Um m\u00eas todo dedicado \u00e0 Virgem Maria","og_description":"A a tradi\u00e7\u00e3o de ter um m\u00eas dedicado a Maria surgiu por volta do s\u00e9culo XII. Era uma \u00e9poca em que a prote\u00e7\u00e3o da M\u00e3e Maria era solicitada para as necessidades da Igreja de seu Filho.","og_url":"https:\/\/www.padreeustaquio.com.br\/es\/un-mes-entero-dedicado-a-la-virgen-maria\/","og_site_name":"Padre Eust\u00e1quio","article_publisher":"https:\/\/www.facebook.com\/beatopadreeustaquio\/","article_published_time":"2024-05-31T09:57:34+00:00","og_image":[{"width":1600,"height":1135,"url":"https:\/\/www.padreeustaquio.com.br\/wp-content\/uploads\/2024\/05\/nossa-senhora-da-conceicao.jpeg","type":"image\/jpeg"}],"author":"@sscc","twitter_card":"summary_large_image","twitter_creator":"@beatopeustaquio","twitter_site":"@beatopeustaquio","twitter_misc":{"Escrito por":"@sscc","Tiempo de lectura":"3 minutos"},"schema":{"@context":"https:\/\/schema.org","@graph":[{"@type":"Article","@id":"https:\/\/www.padreeustaquio.com.br\/um-mes-todo-dedicado-a-virgem-maria\/#article","isPartOf":{"@id":"https:\/\/www.padreeustaquio.com.br\/um-mes-todo-dedicado-a-virgem-maria\/"},"author":{"name":"@sscc","@id":"https:\/\/www.padreeustaquio.com.br\/#\/schema\/person\/a2a51db1d00f1a7af0204a0f1ddb1566"},"headline":"Um m\u00eas todo dedicado \u00e0 Virgem Maria","datePublished":"2024-05-31T09:57:34+00:00","mainEntityOfPage":{"@id":"https:\/\/www.padreeustaquio.com.br\/um-mes-todo-dedicado-a-virgem-maria\/"},"wordCount":359,"commentCount":0,"publisher":{"@id":"https:\/\/www.padreeustaquio.com.br\/#organization"},"image":{"@id":"https:\/\/www.padreeustaquio.com.br\/um-mes-todo-dedicado-a-virgem-maria\/#primaryimage"},"thumbnailUrl":"https:\/\/www.padreeustaquio.com.br\/wp-content\/uploads\/2024\/05\/nossa-senhora-da-conceicao.jpeg","articleSection":["Not\u00edcias"],"inLanguage":"es","potentialAction":[{"@type":"CommentAction","name":"Comment","target":["https:\/\/www.padreeustaquio.com.br\/um-mes-todo-dedicado-a-virgem-maria\/#respond"]}]},{"@type":"WebPage","@id":"https:\/\/www.padreeustaquio.com.br\/um-mes-todo-dedicado-a-virgem-maria\/","url":"https:\/\/www.padreeustaquio.com.br\/um-mes-todo-dedicado-a-virgem-maria\/","name":"Un mes entero dedicado a la Virgen Mar\u00eda.","isPartOf":{"@id":"https:\/\/www.padreeustaquio.com.br\/#website"},"primaryImageOfPage":{"@id":"https:\/\/www.padreeustaquio.com.br\/um-mes-todo-dedicado-a-virgem-maria\/#primaryimage"},"image":{"@id":"https:\/\/www.padreeustaquio.com.br\/um-mes-todo-dedicado-a-virgem-maria\/#primaryimage"},"thumbnailUrl":"https:\/\/www.padreeustaquio.com.br\/wp-content\/uploads\/2024\/05\/nossa-senhora-da-conceicao.jpeg","datePublished":"2024-05-31T09:57:34+00:00","description":"La tradici\u00f3n de dedicar un mes a Mar\u00eda surgi\u00f3 alrededor del siglo XII. Era una \u00e9poca en la que se invocaba la protecci\u00f3n de la Madre Mar\u00eda para las necesidades de la Iglesia de su Hijo.","breadcrumb":{"@id":"https:\/\/www.padreeustaquio.com.br\/um-mes-todo-dedicado-a-virgem-maria\/#breadcrumb"},"inLanguage":"es","potentialAction":[{"@type":"ReadAction","target":["https:\/\/www.padreeustaquio.com.br\/um-mes-todo-dedicado-a-virgem-maria\/"]}]},{"@type":"ImageObject","inLanguage":"es","@id":"https:\/\/www.padreeustaquio.com.br\/um-mes-todo-dedicado-a-virgem-maria\/#primaryimage","url":"https:\/\/www.padreeustaquio.com.br\/wp-content\/uploads\/2024\/05\/nossa-senhora-da-conceicao.jpeg","contentUrl":"https:\/\/www.padreeustaquio.com.br\/wp-content\/uploads\/2024\/05\/nossa-senhora-da-conceicao.jpeg","width":1600,"height":1135},{"@type":"BreadcrumbList","@id":"https:\/\/www.padreeustaquio.com.br\/um-mes-todo-dedicado-a-virgem-maria\/#breadcrumb","itemListElement":[{"@type":"ListItem","position":1,"name":"In\u00edcio","item":"https:\/\/www.padreeustaquio.com.br\/"},{"@type":"ListItem","position":2,"name":"Um m\u00eas todo dedicado \u00e0 Virgem Maria"}]},{"@type":"WebSite","@id":"https:\/\/www.padreeustaquio.com.br\/#website","url":"https:\/\/www.padreeustaquio.com.br\/","name":"Padre Eustace","description":"Salud y Paz","publisher":{"@id":"https:\/\/www.padreeustaquio.com.br\/#organization"},"potentialAction":[{"@type":"SearchAction","target":{"@type":"EntryPoint","urlTemplate":"https:\/\/www.padreeustaquio.com.br\/?s={search_term_string}"},"query-input":{"@type":"PropertyValueSpecification","valueRequired":true,"valueName":"search_term_string"}}],"inLanguage":"es"},{"@type":"Organization","@id":"https:\/\/www.padreeustaquio.com.br\/#organization","name":"Padre Eustace","url":"https:\/\/www.padreeustaquio.com.br\/","logo":{"@type":"ImageObject","inLanguage":"es","@id":"https:\/\/www.padreeustaquio.com.br\/#\/schema\/logo\/image\/","url":"https:\/\/www.padreeustaquio.com.br\/wp-content\/uploads\/2019\/08\/marca.png","contentUrl":"https:\/\/www.padreeustaquio.com.br\/wp-content\/uploads\/2019\/08\/marca.png","width":350,"height":400,"caption":"Padre Eust\u00e1quio"},"image":{"@id":"https:\/\/www.padreeustaquio.com.br\/#\/schema\/logo\/image\/"},"sameAs":["https:\/\/www.facebook.com\/beatopadreeustaquio\/","https:\/\/x.com\/beatopeustaquio","https:\/\/www.instagram.com\/beatopadreeustaquio\/","https:\/\/www.youtube.com\/channel\/UCRhw7vfabnajwLxb1ZXMeIw"]},{"@type":"Person","@id":"https:\/\/www.padreeustaquio.com.br\/#\/schema\/person\/a2a51db1d00f1a7af0204a0f1ddb1566","name":"@sscc","image":{"@type":"ImageObject","inLanguage":"es","@id":"https:\/\/secure.gravatar.com\/avatar\/68cfafa5f44617fea54071e215026e0ff06be366c3d54a8425f04fdcb86f8c5f?s=96&d=mm&r=g","url":"https:\/\/secure.gravatar.com\/avatar\/68cfafa5f44617fea54071e215026e0ff06be366c3d54a8425f04fdcb86f8c5f?s=96&d=mm&r=g","contentUrl":"https:\/\/secure.gravatar.com\/avatar\/68cfafa5f44617fea54071e215026e0ff06be366c3d54a8425f04fdcb86f8c5f?s=96&d=mm&r=g","caption":"@sscc"},"url":"https:\/\/www.padreeustaquio.com.br\/es\/author\/sscc\/"}]}},"_links":{"self":[{"href":"https:\/\/www.padreeustaquio.com.br\/es\/wp-json\/wp\/v2\/posts\/11331","targetHints":{"allow":["GET"]}}],"collection":[{"href":"https:\/\/www.padreeustaquio.com.br\/es\/wp-json\/wp\/v2\/posts"}],"about":[{"href":"https:\/\/www.padreeustaquio.com.br\/es\/wp-json\/wp\/v2\/types\/post"}],"author":[{"embeddable":true,"href":"https:\/\/www.padreeustaquio.com.br\/es\/wp-json\/wp\/v2\/users\/2"}],"replies":[{"embeddable":true,"href":"https:\/\/www.padreeustaquio.com.br\/es\/wp-json\/wp\/v2\/comments?post=11331"}],"version-history":[{"count":0,"href":"https:\/\/www.padreeustaquio.com.br\/es\/wp-json\/wp\/v2\/posts\/11331\/revisions"}],"wp:featuredmedia":[{"embeddable":true,"href":"https:\/\/www.padreeustaquio.com.br\/es\/wp-json\/wp\/v2\/media\/11332"}],"wp:attachment":[{"href":"https:\/\/www.padreeustaquio.com.br\/es\/wp-json\/wp\/v2\/media?parent=11331"}],"wp:term":[{"taxonomy":"category","embeddable":true,"href":"https:\/\/www.padreeustaquio.com.br\/es\/wp-json\/wp\/v2\/categories?post=11331"},{"taxonomy":"post_tag","embeddable":true,"href":"https:\/\/www.padreeustaquio.com.br\/es\/wp-json\/wp\/v2\/tags?post=11331"}],"curies":[{"name":"wp","href":"https:\/\/api.w.org\/{rel}","templated":true}]}}