{"id":11328,"date":"2024-05-24T06:43:22","date_gmt":"2024-05-24T09:43:22","guid":{"rendered":"https:\/\/www.padreeustaquio.com.br\/?p=11328"},"modified":"2024-05-22T14:57:12","modified_gmt":"2024-05-22T17:57:12","slug":"el-diacono-vanildo-sera-ordenado-presbitero-en-guarapari-es","status":"publish","type":"post","link":"https:\/\/www.padreeustaquio.com.br\/es\/el-diacono-vanildo-sera-ordenado-presbitero-en-guarapari-es\/","title":{"rendered":"El di\u00e1cono Vanildo ser\u00e1 ordenado sacerdote en Guarapari-ES."},"content":{"rendered":"<p>El di\u00e1cono Vanildo Lima Sena, hermano de la Congregaci\u00f3n de los Sagrados Corazones, ser\u00e1 ordenado sacerdote en julio. La ceremonia se celebrar\u00e1 el domingo 7, presidida por Dom Anderson Franklin Lustoza de Souza, obispo auxiliar de la Arquidi\u00f3cesis de Vit\u00f3ria-ES.<\/p>\n<p>La celebraci\u00f3n tendr\u00e1 lugar a las 10:00 h en la Comunidad de S\u00e3o Miguel Arcanjo, perteneciente a la Parroquia de S\u00e3o Jos\u00e9 de Guarapari. Adem\u00e1s de los feligreses y amigos, la familia del di\u00e1cono estar\u00e1 presente en este momento tan especial.<\/p>\n<p>La Santa Misa con la imposici\u00f3n de manos por parte del Obispo Anderson y la oraci\u00f3n consacratoria se llevar\u00e1 a cabo en la cancha de deportes de la comunidad y ser\u00e1 transmitida en vivo por el Canal Padre Eust\u00e1quio en YouTube.<\/p>","protected":false},"excerpt":{"rendered":"<p>O Di\u00e1cono Vanildo Lima Sena, irm\u00e3o na Congrega\u00e7\u00e3o dos Sagrados Cora\u00e7\u00f5es ser\u00e1 ordenado padre em julho. A cerim\u00f4nia ser\u00e1 realizada no domingo dia 7 com a presid\u00eancia de Dom Anderson Franklin Lustoza de Souza, bispo auxiliar da Arquidiocese de Vit\u00f3ria-ES. A celebra\u00e7\u00e3o ser\u00e1 \u00e0s 10h na Comunidade S\u00e3o Miguel Arcanjo, pertencente \u00e0 Par\u00f3quia S\u00e3o Jos\u00e9 de Guarapari. Al\u00e9m dos irm\u00e3os de congrega\u00e7\u00e3o e amigos, a fam\u00edlia do di\u00e1cono se far\u00e1 presente neste momento t\u00e3o especial. A Santa Missa com a imposi\u00e7\u00e3o das m\u00e3os de Dom Anderson e ora\u00e7\u00e3o consecrat\u00f3ria acontecer\u00e1 na quadra poliesportiva da comunidade e dever\u00e1 ter transmiss\u00e3o, ao [&hellip;]<\/p>\n","protected":false},"author":2,"featured_media":11329,"comment_status":"open","ping_status":"closed","sticky":false,"template":"","format":"standard","meta":{"_acf_changed":false,"footnotes":""},"categories":[611],"tags":[],"class_list":["post-11328","post","type-post","status-publish","format-standard","has-post-thumbnail","hentry","category-noticias"],"acf":[],"yoast_head":"<!-- This site is optimized with the Yoast SEO plugin v27.2 - https:\/\/yoast.com\/product\/yoast-seo-wordpress\/ -->\n<title>Di\u00e1cono Vanildo ser\u00e1 ordenado presb\u00edtero em Guarapari-ES<\/title>\n<meta name=\"description\" content=\"O Di\u00e1cono Vanildo Lima Sena, irm\u00e3o na Congrega\u00e7\u00e3o dos Sagrados Cora\u00e7\u00f5es ser\u00e1 ordenado padre em julho. A cerim\u00f4nia ser\u00e1 realizada no domingo dia 7 com a presid\u00eancia de Dom Anderson Franklin Lustoza de Souza, bispo auxiliar da Arquidiocese de Vit\u00f3ria-ES.\" \/>\n<meta name=\"robots\" content=\"index, follow, max-snippet:-1, max-image-preview:large, max-video-preview:-1\" \/>\n<link rel=\"canonical\" href=\"https:\/\/www.padreeustaquio.com.br\/es\/el-diacono-vanildo-sera-ordenado-presbitero-en-guarapari-es\/\" \/>\n<meta property=\"og:locale\" content=\"es_ES\" \/>\n<meta property=\"og:type\" content=\"article\" \/>\n<meta property=\"og:title\" content=\"Di\u00e1cono Vanildo ser\u00e1 ordenado presb\u00edtero em Guarapari-ES\" \/>\n<meta property=\"og:description\" content=\"O Di\u00e1cono Vanildo Lima Sena, irm\u00e3o na Congrega\u00e7\u00e3o dos Sagrados Cora\u00e7\u00f5es ser\u00e1 ordenado padre em julho. A cerim\u00f4nia ser\u00e1 realizada no domingo dia 7 com a presid\u00eancia de Dom Anderson Franklin Lustoza de Souza, bispo auxiliar da Arquidiocese de Vit\u00f3ria-ES.\" \/>\n<meta property=\"og:url\" content=\"https:\/\/www.padreeustaquio.com.br\/es\/el-diacono-vanildo-sera-ordenado-presbitero-en-guarapari-es\/\" \/>\n<meta property=\"og:site_name\" content=\"Padre Eust\u00e1quio\" \/>\n<meta property=\"article:publisher\" content=\"https:\/\/www.facebook.com\/beatopadreeustaquio\/\" \/>\n<meta property=\"article:published_time\" content=\"2024-05-24T09:43:22+00:00\" \/>\n<meta property=\"og:image\" content=\"https:\/\/www.padreeustaquio.com.br\/wp-content\/uploads\/2024\/05\/Diacono-Vanildo-sera-ordenado.jpg\" \/>\n\t<meta property=\"og:image:width\" content=\"748\" \/>\n\t<meta property=\"og:image:height\" content=\"394\" \/>\n\t<meta property=\"og:image:type\" content=\"image\/jpeg\" \/>\n<meta name=\"author\" content=\"@sscc\" \/>\n<meta name=\"twitter:card\" content=\"summary_large_image\" \/>\n<meta name=\"twitter:creator\" content=\"@beatopeustaquio\" \/>\n<meta name=\"twitter:site\" content=\"@beatopeustaquio\" \/>\n<meta name=\"twitter:label1\" content=\"Escrito por\" \/>\n\t<meta name=\"twitter:data1\" content=\"@sscc\" \/>\n\t<meta name=\"twitter:label2\" content=\"Tiempo de lectura\" \/>\n\t<meta name=\"twitter:data2\" content=\"1 minuto\" \/>\n<script type=\"application\/ld+json\" class=\"yoast-schema-graph\">{\"@context\":\"https:\/\/schema.org\",\"@graph\":[{\"@type\":\"Article\",\"@id\":\"https:\/\/www.padreeustaquio.com.br\/diacono-vanildo-sera-ordenado-presbitero-em-guarapari-es\/#article\",\"isPartOf\":{\"@id\":\"https:\/\/www.padreeustaquio.com.br\/diacono-vanildo-sera-ordenado-presbitero-em-guarapari-es\/\"},\"author\":{\"name\":\"@sscc\",\"@id\":\"https:\/\/www.padreeustaquio.com.br\/#\/schema\/person\/a2a51db1d00f1a7af0204a0f1ddb1566\"},\"headline\":\"Di\u00e1cono Vanildo ser\u00e1 ordenado presb\u00edtero em Guarapari-ES\",\"datePublished\":\"2024-05-24T09:43:22+00:00\",\"mainEntityOfPage\":{\"@id\":\"https:\/\/www.padreeustaquio.com.br\/diacono-vanildo-sera-ordenado-presbitero-em-guarapari-es\/\"},\"wordCount\":137,\"commentCount\":0,\"publisher\":{\"@id\":\"https:\/\/www.padreeustaquio.com.br\/#organization\"},\"image\":{\"@id\":\"https:\/\/www.padreeustaquio.com.br\/diacono-vanildo-sera-ordenado-presbitero-em-guarapari-es\/#primaryimage\"},\"thumbnailUrl\":\"https:\/\/www.padreeustaquio.com.br\/wp-content\/uploads\/2024\/05\/Diacono-Vanildo-sera-ordenado.jpg\",\"articleSection\":[\"Not\u00edcias\"],\"inLanguage\":\"es\",\"potentialAction\":[{\"@type\":\"CommentAction\",\"name\":\"Comment\",\"target\":[\"https:\/\/www.padreeustaquio.com.br\/diacono-vanildo-sera-ordenado-presbitero-em-guarapari-es\/#respond\"]}]},{\"@type\":\"WebPage\",\"@id\":\"https:\/\/www.padreeustaquio.com.br\/diacono-vanildo-sera-ordenado-presbitero-em-guarapari-es\/\",\"url\":\"https:\/\/www.padreeustaquio.com.br\/diacono-vanildo-sera-ordenado-presbitero-em-guarapari-es\/\",\"name\":\"Di\u00e1cono Vanildo ser\u00e1 ordenado presb\u00edtero em Guarapari-ES\",\"isPartOf\":{\"@id\":\"https:\/\/www.padreeustaquio.com.br\/#website\"},\"primaryImageOfPage\":{\"@id\":\"https:\/\/www.padreeustaquio.com.br\/diacono-vanildo-sera-ordenado-presbitero-em-guarapari-es\/#primaryimage\"},\"image\":{\"@id\":\"https:\/\/www.padreeustaquio.com.br\/diacono-vanildo-sera-ordenado-presbitero-em-guarapari-es\/#primaryimage\"},\"thumbnailUrl\":\"https:\/\/www.padreeustaquio.com.br\/wp-content\/uploads\/2024\/05\/Diacono-Vanildo-sera-ordenado.jpg\",\"datePublished\":\"2024-05-24T09:43:22+00:00\",\"description\":\"O Di\u00e1cono Vanildo Lima Sena, irm\u00e3o na Congrega\u00e7\u00e3o dos Sagrados Cora\u00e7\u00f5es ser\u00e1 ordenado padre em julho. A cerim\u00f4nia ser\u00e1 realizada no domingo dia 7 com a presid\u00eancia de Dom Anderson Franklin Lustoza de Souza, bispo auxiliar da Arquidiocese de Vit\u00f3ria-ES.\",\"breadcrumb\":{\"@id\":\"https:\/\/www.padreeustaquio.com.br\/diacono-vanildo-sera-ordenado-presbitero-em-guarapari-es\/#breadcrumb\"},\"inLanguage\":\"es\",\"potentialAction\":[{\"@type\":\"ReadAction\",\"target\":[\"https:\/\/www.padreeustaquio.com.br\/diacono-vanildo-sera-ordenado-presbitero-em-guarapari-es\/\"]}]},{\"@type\":\"ImageObject\",\"inLanguage\":\"es\",\"@id\":\"https:\/\/www.padreeustaquio.com.br\/diacono-vanildo-sera-ordenado-presbitero-em-guarapari-es\/#primaryimage\",\"url\":\"https:\/\/www.padreeustaquio.com.br\/wp-content\/uploads\/2024\/05\/Diacono-Vanildo-sera-ordenado.jpg\",\"contentUrl\":\"https:\/\/www.padreeustaquio.com.br\/wp-content\/uploads\/2024\/05\/Diacono-Vanildo-sera-ordenado.jpg\",\"width\":748,\"height\":394},{\"@type\":\"BreadcrumbList\",\"@id\":\"https:\/\/www.padreeustaquio.com.br\/diacono-vanildo-sera-ordenado-presbitero-em-guarapari-es\/#breadcrumb\",\"itemListElement\":[{\"@type\":\"ListItem\",\"position\":1,\"name\":\"In\u00edcio\",\"item\":\"https:\/\/www.padreeustaquio.com.br\/\"},{\"@type\":\"ListItem\",\"position\":2,\"name\":\"Di\u00e1cono Vanildo ser\u00e1 ordenado presb\u00edtero em Guarapari-ES\"}]},{\"@type\":\"WebSite\",\"@id\":\"https:\/\/www.padreeustaquio.com.br\/#website\",\"url\":\"https:\/\/www.padreeustaquio.com.br\/\",\"name\":\"Padre Eust\u00e1quio\",\"description\":\"Sa\u00fade e Paz\",\"publisher\":{\"@id\":\"https:\/\/www.padreeustaquio.com.br\/#organization\"},\"potentialAction\":[{\"@type\":\"SearchAction\",\"target\":{\"@type\":\"EntryPoint\",\"urlTemplate\":\"https:\/\/www.padreeustaquio.com.br\/?s={search_term_string}\"},\"query-input\":{\"@type\":\"PropertyValueSpecification\",\"valueRequired\":true,\"valueName\":\"search_term_string\"}}],\"inLanguage\":\"es\"},{\"@type\":\"Organization\",\"@id\":\"https:\/\/www.padreeustaquio.com.br\/#organization\",\"name\":\"Padre Eust\u00e1quio\",\"url\":\"https:\/\/www.padreeustaquio.com.br\/\",\"logo\":{\"@type\":\"ImageObject\",\"inLanguage\":\"es\",\"@id\":\"https:\/\/www.padreeustaquio.com.br\/#\/schema\/logo\/image\/\",\"url\":\"https:\/\/www.padreeustaquio.com.br\/wp-content\/uploads\/2019\/08\/marca.png\",\"contentUrl\":\"https:\/\/www.padreeustaquio.com.br\/wp-content\/uploads\/2019\/08\/marca.png\",\"width\":350,\"height\":400,\"caption\":\"Padre Eust\u00e1quio\"},\"image\":{\"@id\":\"https:\/\/www.padreeustaquio.com.br\/#\/schema\/logo\/image\/\"},\"sameAs\":[\"https:\/\/www.facebook.com\/beatopadreeustaquio\/\",\"https:\/\/x.com\/beatopeustaquio\",\"https:\/\/www.instagram.com\/beatopadreeustaquio\/\",\"https:\/\/www.youtube.com\/channel\/UCRhw7vfabnajwLxb1ZXMeIw\"]},{\"@type\":\"Person\",\"@id\":\"https:\/\/www.padreeustaquio.com.br\/#\/schema\/person\/a2a51db1d00f1a7af0204a0f1ddb1566\",\"name\":\"@sscc\",\"image\":{\"@type\":\"ImageObject\",\"inLanguage\":\"es\",\"@id\":\"https:\/\/secure.gravatar.com\/avatar\/68cfafa5f44617fea54071e215026e0ff06be366c3d54a8425f04fdcb86f8c5f?s=96&d=mm&r=g\",\"url\":\"https:\/\/secure.gravatar.com\/avatar\/68cfafa5f44617fea54071e215026e0ff06be366c3d54a8425f04fdcb86f8c5f?s=96&d=mm&r=g\",\"contentUrl\":\"https:\/\/secure.gravatar.com\/avatar\/68cfafa5f44617fea54071e215026e0ff06be366c3d54a8425f04fdcb86f8c5f?s=96&d=mm&r=g\",\"caption\":\"@sscc\"},\"url\":\"https:\/\/www.padreeustaquio.com.br\/es\/author\/sscc\/\"}]}<\/script>\n<!-- \/ Yoast SEO plugin. -->","yoast_head_json":{"title":"El di\u00e1cono Vanildo ser\u00e1 ordenado sacerdote en Guarapari-ES.","description":"El di\u00e1cono Vanildo Lima Sena, hermano de la Congregaci\u00f3n de los Sagrados Corazones, ser\u00e1 ordenado sacerdote en julio. La ceremonia se celebrar\u00e1 el domingo 7, presidida por Dom Anderson Franklin Lustoza de Souza, obispo auxiliar de la Arquidi\u00f3cesis de Vit\u00f3ria-ES.","robots":{"index":"index","follow":"follow","max-snippet":"max-snippet:-1","max-image-preview":"max-image-preview:large","max-video-preview":"max-video-preview:-1"},"canonical":"https:\/\/www.padreeustaquio.com.br\/es\/el-diacono-vanildo-sera-ordenado-presbitero-en-guarapari-es\/","og_locale":"es_ES","og_type":"article","og_title":"Di\u00e1cono Vanildo ser\u00e1 ordenado presb\u00edtero em Guarapari-ES","og_description":"O Di\u00e1cono Vanildo Lima Sena, irm\u00e3o na Congrega\u00e7\u00e3o dos Sagrados Cora\u00e7\u00f5es ser\u00e1 ordenado padre em julho. A cerim\u00f4nia ser\u00e1 realizada no domingo dia 7 com a presid\u00eancia de Dom Anderson Franklin Lustoza de Souza, bispo auxiliar da Arquidiocese de Vit\u00f3ria-ES.","og_url":"https:\/\/www.padreeustaquio.com.br\/es\/el-diacono-vanildo-sera-ordenado-presbitero-en-guarapari-es\/","og_site_name":"Padre Eust\u00e1quio","article_publisher":"https:\/\/www.facebook.com\/beatopadreeustaquio\/","article_published_time":"2024-05-24T09:43:22+00:00","og_image":[{"width":748,"height":394,"url":"https:\/\/www.padreeustaquio.com.br\/wp-content\/uploads\/2024\/05\/Diacono-Vanildo-sera-ordenado.jpg","type":"image\/jpeg"}],"author":"@sscc","twitter_card":"summary_large_image","twitter_creator":"@beatopeustaquio","twitter_site":"@beatopeustaquio","twitter_misc":{"Escrito por":"@sscc","Tiempo de lectura":"1 minuto"},"schema":{"@context":"https:\/\/schema.org","@graph":[{"@type":"Article","@id":"https:\/\/www.padreeustaquio.com.br\/diacono-vanildo-sera-ordenado-presbitero-em-guarapari-es\/#article","isPartOf":{"@id":"https:\/\/www.padreeustaquio.com.br\/diacono-vanildo-sera-ordenado-presbitero-em-guarapari-es\/"},"author":{"name":"@sscc","@id":"https:\/\/www.padreeustaquio.com.br\/#\/schema\/person\/a2a51db1d00f1a7af0204a0f1ddb1566"},"headline":"Di\u00e1cono Vanildo ser\u00e1 ordenado presb\u00edtero em Guarapari-ES","datePublished":"2024-05-24T09:43:22+00:00","mainEntityOfPage":{"@id":"https:\/\/www.padreeustaquio.com.br\/diacono-vanildo-sera-ordenado-presbitero-em-guarapari-es\/"},"wordCount":137,"commentCount":0,"publisher":{"@id":"https:\/\/www.padreeustaquio.com.br\/#organization"},"image":{"@id":"https:\/\/www.padreeustaquio.com.br\/diacono-vanildo-sera-ordenado-presbitero-em-guarapari-es\/#primaryimage"},"thumbnailUrl":"https:\/\/www.padreeustaquio.com.br\/wp-content\/uploads\/2024\/05\/Diacono-Vanildo-sera-ordenado.jpg","articleSection":["Not\u00edcias"],"inLanguage":"es","potentialAction":[{"@type":"CommentAction","name":"Comment","target":["https:\/\/www.padreeustaquio.com.br\/diacono-vanildo-sera-ordenado-presbitero-em-guarapari-es\/#respond"]}]},{"@type":"WebPage","@id":"https:\/\/www.padreeustaquio.com.br\/diacono-vanildo-sera-ordenado-presbitero-em-guarapari-es\/","url":"https:\/\/www.padreeustaquio.com.br\/diacono-vanildo-sera-ordenado-presbitero-em-guarapari-es\/","name":"El di\u00e1cono Vanildo ser\u00e1 ordenado sacerdote en Guarapari-ES.","isPartOf":{"@id":"https:\/\/www.padreeustaquio.com.br\/#website"},"primaryImageOfPage":{"@id":"https:\/\/www.padreeustaquio.com.br\/diacono-vanildo-sera-ordenado-presbitero-em-guarapari-es\/#primaryimage"},"image":{"@id":"https:\/\/www.padreeustaquio.com.br\/diacono-vanildo-sera-ordenado-presbitero-em-guarapari-es\/#primaryimage"},"thumbnailUrl":"https:\/\/www.padreeustaquio.com.br\/wp-content\/uploads\/2024\/05\/Diacono-Vanildo-sera-ordenado.jpg","datePublished":"2024-05-24T09:43:22+00:00","description":"El di\u00e1cono Vanildo Lima Sena, hermano de la Congregaci\u00f3n de los Sagrados Corazones, ser\u00e1 ordenado sacerdote en julio. La ceremonia se celebrar\u00e1 el domingo 7, presidida por Dom Anderson Franklin Lustoza de Souza, obispo auxiliar de la Arquidi\u00f3cesis de Vit\u00f3ria-ES.","breadcrumb":{"@id":"https:\/\/www.padreeustaquio.com.br\/diacono-vanildo-sera-ordenado-presbitero-em-guarapari-es\/#breadcrumb"},"inLanguage":"es","potentialAction":[{"@type":"ReadAction","target":["https:\/\/www.padreeustaquio.com.br\/diacono-vanildo-sera-ordenado-presbitero-em-guarapari-es\/"]}]},{"@type":"ImageObject","inLanguage":"es","@id":"https:\/\/www.padreeustaquio.com.br\/diacono-vanildo-sera-ordenado-presbitero-em-guarapari-es\/#primaryimage","url":"https:\/\/www.padreeustaquio.com.br\/wp-content\/uploads\/2024\/05\/Diacono-Vanildo-sera-ordenado.jpg","contentUrl":"https:\/\/www.padreeustaquio.com.br\/wp-content\/uploads\/2024\/05\/Diacono-Vanildo-sera-ordenado.jpg","width":748,"height":394},{"@type":"BreadcrumbList","@id":"https:\/\/www.padreeustaquio.com.br\/diacono-vanildo-sera-ordenado-presbitero-em-guarapari-es\/#breadcrumb","itemListElement":[{"@type":"ListItem","position":1,"name":"In\u00edcio","item":"https:\/\/www.padreeustaquio.com.br\/"},{"@type":"ListItem","position":2,"name":"Di\u00e1cono Vanildo ser\u00e1 ordenado presb\u00edtero em Guarapari-ES"}]},{"@type":"WebSite","@id":"https:\/\/www.padreeustaquio.com.br\/#website","url":"https:\/\/www.padreeustaquio.com.br\/","name":"Padre Eustace","description":"Salud y Paz","publisher":{"@id":"https:\/\/www.padreeustaquio.com.br\/#organization"},"potentialAction":[{"@type":"SearchAction","target":{"@type":"EntryPoint","urlTemplate":"https:\/\/www.padreeustaquio.com.br\/?s={search_term_string}"},"query-input":{"@type":"PropertyValueSpecification","valueRequired":true,"valueName":"search_term_string"}}],"inLanguage":"es"},{"@type":"Organization","@id":"https:\/\/www.padreeustaquio.com.br\/#organization","name":"Padre Eustace","url":"https:\/\/www.padreeustaquio.com.br\/","logo":{"@type":"ImageObject","inLanguage":"es","@id":"https:\/\/www.padreeustaquio.com.br\/#\/schema\/logo\/image\/","url":"https:\/\/www.padreeustaquio.com.br\/wp-content\/uploads\/2019\/08\/marca.png","contentUrl":"https:\/\/www.padreeustaquio.com.br\/wp-content\/uploads\/2019\/08\/marca.png","width":350,"height":400,"caption":"Padre Eust\u00e1quio"},"image":{"@id":"https:\/\/www.padreeustaquio.com.br\/#\/schema\/logo\/image\/"},"sameAs":["https:\/\/www.facebook.com\/beatopadreeustaquio\/","https:\/\/x.com\/beatopeustaquio","https:\/\/www.instagram.com\/beatopadreeustaquio\/","https:\/\/www.youtube.com\/channel\/UCRhw7vfabnajwLxb1ZXMeIw"]},{"@type":"Person","@id":"https:\/\/www.padreeustaquio.com.br\/#\/schema\/person\/a2a51db1d00f1a7af0204a0f1ddb1566","name":"@sscc","image":{"@type":"ImageObject","inLanguage":"es","@id":"https:\/\/secure.gravatar.com\/avatar\/68cfafa5f44617fea54071e215026e0ff06be366c3d54a8425f04fdcb86f8c5f?s=96&d=mm&r=g","url":"https:\/\/secure.gravatar.com\/avatar\/68cfafa5f44617fea54071e215026e0ff06be366c3d54a8425f04fdcb86f8c5f?s=96&d=mm&r=g","contentUrl":"https:\/\/secure.gravatar.com\/avatar\/68cfafa5f44617fea54071e215026e0ff06be366c3d54a8425f04fdcb86f8c5f?s=96&d=mm&r=g","caption":"@sscc"},"url":"https:\/\/www.padreeustaquio.com.br\/es\/author\/sscc\/"}]}},"_links":{"self":[{"href":"https:\/\/www.padreeustaquio.com.br\/es\/wp-json\/wp\/v2\/posts\/11328","targetHints":{"allow":["GET"]}}],"collection":[{"href":"https:\/\/www.padreeustaquio.com.br\/es\/wp-json\/wp\/v2\/posts"}],"about":[{"href":"https:\/\/www.padreeustaquio.com.br\/es\/wp-json\/wp\/v2\/types\/post"}],"author":[{"embeddable":true,"href":"https:\/\/www.padreeustaquio.com.br\/es\/wp-json\/wp\/v2\/users\/2"}],"replies":[{"embeddable":true,"href":"https:\/\/www.padreeustaquio.com.br\/es\/wp-json\/wp\/v2\/comments?post=11328"}],"version-history":[{"count":0,"href":"https:\/\/www.padreeustaquio.com.br\/es\/wp-json\/wp\/v2\/posts\/11328\/revisions"}],"wp:featuredmedia":[{"embeddable":true,"href":"https:\/\/www.padreeustaquio.com.br\/es\/wp-json\/wp\/v2\/media\/11329"}],"wp:attachment":[{"href":"https:\/\/www.padreeustaquio.com.br\/es\/wp-json\/wp\/v2\/media?parent=11328"}],"wp:term":[{"taxonomy":"category","embeddable":true,"href":"https:\/\/www.padreeustaquio.com.br\/es\/wp-json\/wp\/v2\/categories?post=11328"},{"taxonomy":"post_tag","embeddable":true,"href":"https:\/\/www.padreeustaquio.com.br\/es\/wp-json\/wp\/v2\/tags?post=11328"}],"curies":[{"name":"wp","href":"https:\/\/api.w.org\/{rel}","templated":true}]}}