{"id":11325,"date":"2024-05-22T14:26:24","date_gmt":"2024-05-22T17:26:24","guid":{"rendered":"https:\/\/www.padreeustaquio.com.br\/?p=11325"},"modified":"2024-05-22T14:43:04","modified_gmt":"2024-05-22T17:43:04","slug":"el-beato-padre-eustaquio-y-su-devocion-a-nuestra-senora","status":"publish","type":"post","link":"https:\/\/www.padreeustaquio.com.br\/es\/el-beato-padre-eustaquio-y-su-devocion-a-nuestra-senora\/","title":{"rendered":"El Beato Padre Eustaquio y su devoci\u00f3n a Nuestra Se\u00f1ora"},"content":{"rendered":"<p>No es de extra\u00f1ar que el Beato Padre Eustaquio, perteneciente a la Congregaci\u00f3n de los Sagrados Corazones de Jes\u00fas y Mar\u00eda, tuviera una verdadera y filial devoci\u00f3n a la Virgen Mar\u00eda.<\/p>\n<p>Son muchos los escritos del Sant\u00edsimo sobre Nuestra Se\u00f1ora, como por ejemplo \u00e9ste: <em>\u201cQuiera Dios que los cat\u00f3licos de nuestro tiempo se regocijen como eco celestial de sus oraciones aqu\u00ed en la tierra, especialmente de su rosario, rezando devotamente cada d\u00eda en alabanza de esa santa y buena Madre, de quien tanto hablamos y predicamos. Pero nunca es demasiado, nunca es suficiente, porque ella es la reina del rosario, la reina de la gracia, la fuente inagotable de bondad y de ayuda.<\/em><\/p>\n<p>La devoci\u00f3n del Beato Padre Eustaquio a la Madre de Jes\u00fas se puede ver tambi\u00e9n en el siguiente texto: <em>\u201cExamina si no hay un dolor, una cruz que busques alivio; p\u00eddelo, p\u00eddelo a tu madre, a tu Madre de Lourdes, y Ella te lo conceder\u00e1 con gran placer, con gran alegr\u00eda. Si visitamos en esp\u00edritu el lugar de los milagros, no olvidemos las palabras que nuestra madre dirigi\u00f3 tan solemnemente a Bernadette, para que las transmitiera a toda la posteridad: \u00a1Yo soy la Inmaculada Concepci\u00f3n!\u201d<\/em><\/p>\n<p>Para el Padre Eust\u00e1quio, cualquiera que sea el t\u00edtulo que reciba la Sant\u00edsima Virgen Mar\u00eda, siempre destacar\u00e1 uno:<\/p>\n<p><em>\u201cEn efecto, oyentes, lo encontramos todo en Nuestra Se\u00f1ora, y los t\u00edtulos que la letan\u00eda le atribuye deber\u00edan darnos plena confianza. Sin embargo, el t\u00edtulo que inspira mayor confianza es este de <strong>madre<\/strong>!\u201d<\/em><\/p>","protected":false},"excerpt":{"rendered":"<p>N\u00e3o \u00e9 de se admirar que o Beato Padre Eust\u00e1quio, pertencente \u00e0 Congrega\u00e7\u00e3o dos Sagrados Cora\u00e7\u00f5es de Jesus e de Maria, tivesse uma verdadeira e filial devo\u00e7\u00e3o \u00e0 Virgem Maria. H\u00e1 muitos escritos do Bem-aventurado sobre Nossa Senhora, como este por exemplo: \u201cpermita Deus que os cat\u00f3licos de nosso tempo se alegrem como eco celestial de suas ora\u00e7\u00f5es aqui na terra, mormente do seu ter\u00e7o, rezando devotadamente todos os dias em louvor daquela santa e boa M\u00e3e, de quem n\u00f3s tanto falamos e pregamos, mas nunca \u00e9 demais, nunca o bastante por ser ela a rainha do ros\u00e1rio, a rainha [&hellip;]<\/p>\n","protected":false},"author":2,"featured_media":8344,"comment_status":"open","ping_status":"closed","sticky":false,"template":"","format":"standard","meta":{"_acf_changed":false,"footnotes":""},"categories":[611],"tags":[],"class_list":["post-11325","post","type-post","status-publish","format-standard","has-post-thumbnail","hentry","category-noticias"],"acf":[],"yoast_head":"<!-- This site is optimized with the Yoast SEO plugin v27.2 - https:\/\/yoast.com\/product\/yoast-seo-wordpress\/ -->\n<title>O Beato Padre Eust\u00e1quio e sua devo\u00e7\u00e3o \u00e0 Nossa Senhora<\/title>\n<meta name=\"description\" content=\"N\u00e3o \u00e9 de se admirar que o Beato Padre Eust\u00e1quio, pertencente \u00e0 Congrega\u00e7\u00e3o dos Sagrados Cora\u00e7\u00f5es de Jesus e de Maria, tivesse uma verdadeira e filial devo\u00e7\u00e3o \u00e0 Virgem Maria.\" \/>\n<meta name=\"robots\" content=\"index, follow, max-snippet:-1, max-image-preview:large, max-video-preview:-1\" \/>\n<link rel=\"canonical\" href=\"https:\/\/www.padreeustaquio.com.br\/es\/el-beato-padre-eustaquio-y-su-devocion-a-nuestra-senora\/\" \/>\n<meta property=\"og:locale\" content=\"es_ES\" \/>\n<meta property=\"og:type\" content=\"article\" \/>\n<meta property=\"og:title\" content=\"O Beato Padre Eust\u00e1quio e sua devo\u00e7\u00e3o \u00e0 Nossa Senhora\" \/>\n<meta property=\"og:description\" content=\"N\u00e3o \u00e9 de se admirar que o Beato Padre Eust\u00e1quio, pertencente \u00e0 Congrega\u00e7\u00e3o dos Sagrados Cora\u00e7\u00f5es de Jesus e de Maria, tivesse uma verdadeira e filial devo\u00e7\u00e3o \u00e0 Virgem Maria.\" \/>\n<meta property=\"og:url\" content=\"https:\/\/www.padreeustaquio.com.br\/es\/el-beato-padre-eustaquio-y-su-devocion-a-nuestra-senora\/\" \/>\n<meta property=\"og:site_name\" content=\"Padre Eust\u00e1quio\" \/>\n<meta property=\"article:publisher\" content=\"https:\/\/www.facebook.com\/beatopadreeustaquio\/\" \/>\n<meta property=\"article:published_time\" content=\"2024-05-22T17:26:24+00:00\" \/>\n<meta property=\"article:modified_time\" content=\"2024-05-22T17:43:04+00:00\" \/>\n<meta property=\"og:image\" content=\"https:\/\/www.padreeustaquio.com.br\/wp-content\/uploads\/2022\/03\/gruta-de-nossa-senhora-de-lourdes-em-poa-sp.jpeg\" \/>\n\t<meta property=\"og:image:width\" content=\"620\" \/>\n\t<meta property=\"og:image:height\" content=\"454\" \/>\n\t<meta property=\"og:image:type\" content=\"image\/jpeg\" \/>\n<meta name=\"author\" content=\"@sscc\" \/>\n<meta name=\"twitter:card\" content=\"summary_large_image\" \/>\n<meta name=\"twitter:creator\" content=\"@beatopeustaquio\" \/>\n<meta name=\"twitter:site\" content=\"@beatopeustaquio\" \/>\n<meta name=\"twitter:label1\" content=\"Escrito por\" \/>\n\t<meta name=\"twitter:data1\" content=\"@sscc\" \/>\n\t<meta name=\"twitter:label2\" content=\"Tiempo de lectura\" \/>\n\t<meta name=\"twitter:data2\" content=\"2 minutos\" \/>\n<script type=\"application\/ld+json\" class=\"yoast-schema-graph\">{\"@context\":\"https:\/\/schema.org\",\"@graph\":[{\"@type\":\"Article\",\"@id\":\"https:\/\/www.padreeustaquio.com.br\/o-beato-padre-eustaquio-e-sua-devocao-a-nossa-senhora\/#article\",\"isPartOf\":{\"@id\":\"https:\/\/www.padreeustaquio.com.br\/o-beato-padre-eustaquio-e-sua-devocao-a-nossa-senhora\/\"},\"author\":{\"name\":\"@sscc\",\"@id\":\"https:\/\/www.padreeustaquio.com.br\/#\/schema\/person\/a2a51db1d00f1a7af0204a0f1ddb1566\"},\"headline\":\"O Beato Padre Eust\u00e1quio e sua devo\u00e7\u00e3o \u00e0 Nossa Senhora\",\"datePublished\":\"2024-05-22T17:26:24+00:00\",\"dateModified\":\"2024-05-22T17:43:04+00:00\",\"mainEntityOfPage\":{\"@id\":\"https:\/\/www.padreeustaquio.com.br\/o-beato-padre-eustaquio-e-sua-devocao-a-nossa-senhora\/\"},\"wordCount\":288,\"commentCount\":0,\"publisher\":{\"@id\":\"https:\/\/www.padreeustaquio.com.br\/#organization\"},\"image\":{\"@id\":\"https:\/\/www.padreeustaquio.com.br\/o-beato-padre-eustaquio-e-sua-devocao-a-nossa-senhora\/#primaryimage\"},\"thumbnailUrl\":\"https:\/\/www.padreeustaquio.com.br\/wp-content\/uploads\/2022\/03\/gruta-de-nossa-senhora-de-lourdes-em-poa-sp.jpeg\",\"articleSection\":[\"Not\u00edcias\"],\"inLanguage\":\"es\",\"potentialAction\":[{\"@type\":\"CommentAction\",\"name\":\"Comment\",\"target\":[\"https:\/\/www.padreeustaquio.com.br\/o-beato-padre-eustaquio-e-sua-devocao-a-nossa-senhora\/#respond\"]}]},{\"@type\":\"WebPage\",\"@id\":\"https:\/\/www.padreeustaquio.com.br\/o-beato-padre-eustaquio-e-sua-devocao-a-nossa-senhora\/\",\"url\":\"https:\/\/www.padreeustaquio.com.br\/o-beato-padre-eustaquio-e-sua-devocao-a-nossa-senhora\/\",\"name\":\"O Beato Padre Eust\u00e1quio e sua devo\u00e7\u00e3o \u00e0 Nossa Senhora\",\"isPartOf\":{\"@id\":\"https:\/\/www.padreeustaquio.com.br\/#website\"},\"primaryImageOfPage\":{\"@id\":\"https:\/\/www.padreeustaquio.com.br\/o-beato-padre-eustaquio-e-sua-devocao-a-nossa-senhora\/#primaryimage\"},\"image\":{\"@id\":\"https:\/\/www.padreeustaquio.com.br\/o-beato-padre-eustaquio-e-sua-devocao-a-nossa-senhora\/#primaryimage\"},\"thumbnailUrl\":\"https:\/\/www.padreeustaquio.com.br\/wp-content\/uploads\/2022\/03\/gruta-de-nossa-senhora-de-lourdes-em-poa-sp.jpeg\",\"datePublished\":\"2024-05-22T17:26:24+00:00\",\"dateModified\":\"2024-05-22T17:43:04+00:00\",\"description\":\"N\u00e3o \u00e9 de se admirar que o Beato Padre Eust\u00e1quio, pertencente \u00e0 Congrega\u00e7\u00e3o dos Sagrados Cora\u00e7\u00f5es de Jesus e de Maria, tivesse uma verdadeira e filial devo\u00e7\u00e3o \u00e0 Virgem Maria.\",\"breadcrumb\":{\"@id\":\"https:\/\/www.padreeustaquio.com.br\/o-beato-padre-eustaquio-e-sua-devocao-a-nossa-senhora\/#breadcrumb\"},\"inLanguage\":\"es\",\"potentialAction\":[{\"@type\":\"ReadAction\",\"target\":[\"https:\/\/www.padreeustaquio.com.br\/o-beato-padre-eustaquio-e-sua-devocao-a-nossa-senhora\/\"]}]},{\"@type\":\"ImageObject\",\"inLanguage\":\"es\",\"@id\":\"https:\/\/www.padreeustaquio.com.br\/o-beato-padre-eustaquio-e-sua-devocao-a-nossa-senhora\/#primaryimage\",\"url\":\"https:\/\/www.padreeustaquio.com.br\/wp-content\/uploads\/2022\/03\/gruta-de-nossa-senhora-de-lourdes-em-poa-sp.jpeg\",\"contentUrl\":\"https:\/\/www.padreeustaquio.com.br\/wp-content\/uploads\/2022\/03\/gruta-de-nossa-senhora-de-lourdes-em-poa-sp.jpeg\",\"width\":620,\"height\":454},{\"@type\":\"BreadcrumbList\",\"@id\":\"https:\/\/www.padreeustaquio.com.br\/o-beato-padre-eustaquio-e-sua-devocao-a-nossa-senhora\/#breadcrumb\",\"itemListElement\":[{\"@type\":\"ListItem\",\"position\":1,\"name\":\"In\u00edcio\",\"item\":\"https:\/\/www.padreeustaquio.com.br\/\"},{\"@type\":\"ListItem\",\"position\":2,\"name\":\"O Beato Padre Eust\u00e1quio e sua devo\u00e7\u00e3o \u00e0 Nossa Senhora\"}]},{\"@type\":\"WebSite\",\"@id\":\"https:\/\/www.padreeustaquio.com.br\/#website\",\"url\":\"https:\/\/www.padreeustaquio.com.br\/\",\"name\":\"Padre Eust\u00e1quio\",\"description\":\"Sa\u00fade e Paz\",\"publisher\":{\"@id\":\"https:\/\/www.padreeustaquio.com.br\/#organization\"},\"potentialAction\":[{\"@type\":\"SearchAction\",\"target\":{\"@type\":\"EntryPoint\",\"urlTemplate\":\"https:\/\/www.padreeustaquio.com.br\/?s={search_term_string}\"},\"query-input\":{\"@type\":\"PropertyValueSpecification\",\"valueRequired\":true,\"valueName\":\"search_term_string\"}}],\"inLanguage\":\"es\"},{\"@type\":\"Organization\",\"@id\":\"https:\/\/www.padreeustaquio.com.br\/#organization\",\"name\":\"Padre Eust\u00e1quio\",\"url\":\"https:\/\/www.padreeustaquio.com.br\/\",\"logo\":{\"@type\":\"ImageObject\",\"inLanguage\":\"es\",\"@id\":\"https:\/\/www.padreeustaquio.com.br\/#\/schema\/logo\/image\/\",\"url\":\"https:\/\/www.padreeustaquio.com.br\/wp-content\/uploads\/2019\/08\/marca.png\",\"contentUrl\":\"https:\/\/www.padreeustaquio.com.br\/wp-content\/uploads\/2019\/08\/marca.png\",\"width\":350,\"height\":400,\"caption\":\"Padre Eust\u00e1quio\"},\"image\":{\"@id\":\"https:\/\/www.padreeustaquio.com.br\/#\/schema\/logo\/image\/\"},\"sameAs\":[\"https:\/\/www.facebook.com\/beatopadreeustaquio\/\",\"https:\/\/x.com\/beatopeustaquio\",\"https:\/\/www.instagram.com\/beatopadreeustaquio\/\",\"https:\/\/www.youtube.com\/channel\/UCRhw7vfabnajwLxb1ZXMeIw\"]},{\"@type\":\"Person\",\"@id\":\"https:\/\/www.padreeustaquio.com.br\/#\/schema\/person\/a2a51db1d00f1a7af0204a0f1ddb1566\",\"name\":\"@sscc\",\"image\":{\"@type\":\"ImageObject\",\"inLanguage\":\"es\",\"@id\":\"https:\/\/secure.gravatar.com\/avatar\/68cfafa5f44617fea54071e215026e0ff06be366c3d54a8425f04fdcb86f8c5f?s=96&d=mm&r=g\",\"url\":\"https:\/\/secure.gravatar.com\/avatar\/68cfafa5f44617fea54071e215026e0ff06be366c3d54a8425f04fdcb86f8c5f?s=96&d=mm&r=g\",\"contentUrl\":\"https:\/\/secure.gravatar.com\/avatar\/68cfafa5f44617fea54071e215026e0ff06be366c3d54a8425f04fdcb86f8c5f?s=96&d=mm&r=g\",\"caption\":\"@sscc\"},\"url\":\"https:\/\/www.padreeustaquio.com.br\/es\/author\/sscc\/\"}]}<\/script>\n<!-- \/ Yoast SEO plugin. -->","yoast_head_json":{"title":"El Beato Padre Eustaquio y su devoci\u00f3n a Nuestra Se\u00f1ora","description":"No es de extra\u00f1ar que el Beato Padre Eustaquio, perteneciente a la Congregaci\u00f3n de los Sagrados Corazones de Jes\u00fas y Mar\u00eda, tuviera una verdadera y filial devoci\u00f3n a la Virgen Mar\u00eda.","robots":{"index":"index","follow":"follow","max-snippet":"max-snippet:-1","max-image-preview":"max-image-preview:large","max-video-preview":"max-video-preview:-1"},"canonical":"https:\/\/www.padreeustaquio.com.br\/es\/el-beato-padre-eustaquio-y-su-devocion-a-nuestra-senora\/","og_locale":"es_ES","og_type":"article","og_title":"O Beato Padre Eust\u00e1quio e sua devo\u00e7\u00e3o \u00e0 Nossa Senhora","og_description":"N\u00e3o \u00e9 de se admirar que o Beato Padre Eust\u00e1quio, pertencente \u00e0 Congrega\u00e7\u00e3o dos Sagrados Cora\u00e7\u00f5es de Jesus e de Maria, tivesse uma verdadeira e filial devo\u00e7\u00e3o \u00e0 Virgem Maria.","og_url":"https:\/\/www.padreeustaquio.com.br\/es\/el-beato-padre-eustaquio-y-su-devocion-a-nuestra-senora\/","og_site_name":"Padre Eust\u00e1quio","article_publisher":"https:\/\/www.facebook.com\/beatopadreeustaquio\/","article_published_time":"2024-05-22T17:26:24+00:00","article_modified_time":"2024-05-22T17:43:04+00:00","og_image":[{"width":620,"height":454,"url":"https:\/\/www.padreeustaquio.com.br\/wp-content\/uploads\/2022\/03\/gruta-de-nossa-senhora-de-lourdes-em-poa-sp.jpeg","type":"image\/jpeg"}],"author":"@sscc","twitter_card":"summary_large_image","twitter_creator":"@beatopeustaquio","twitter_site":"@beatopeustaquio","twitter_misc":{"Escrito por":"@sscc","Tiempo de lectura":"2 minutos"},"schema":{"@context":"https:\/\/schema.org","@graph":[{"@type":"Article","@id":"https:\/\/www.padreeustaquio.com.br\/o-beato-padre-eustaquio-e-sua-devocao-a-nossa-senhora\/#article","isPartOf":{"@id":"https:\/\/www.padreeustaquio.com.br\/o-beato-padre-eustaquio-e-sua-devocao-a-nossa-senhora\/"},"author":{"name":"@sscc","@id":"https:\/\/www.padreeustaquio.com.br\/#\/schema\/person\/a2a51db1d00f1a7af0204a0f1ddb1566"},"headline":"O Beato Padre Eust\u00e1quio e sua devo\u00e7\u00e3o \u00e0 Nossa Senhora","datePublished":"2024-05-22T17:26:24+00:00","dateModified":"2024-05-22T17:43:04+00:00","mainEntityOfPage":{"@id":"https:\/\/www.padreeustaquio.com.br\/o-beato-padre-eustaquio-e-sua-devocao-a-nossa-senhora\/"},"wordCount":288,"commentCount":0,"publisher":{"@id":"https:\/\/www.padreeustaquio.com.br\/#organization"},"image":{"@id":"https:\/\/www.padreeustaquio.com.br\/o-beato-padre-eustaquio-e-sua-devocao-a-nossa-senhora\/#primaryimage"},"thumbnailUrl":"https:\/\/www.padreeustaquio.com.br\/wp-content\/uploads\/2022\/03\/gruta-de-nossa-senhora-de-lourdes-em-poa-sp.jpeg","articleSection":["Not\u00edcias"],"inLanguage":"es","potentialAction":[{"@type":"CommentAction","name":"Comment","target":["https:\/\/www.padreeustaquio.com.br\/o-beato-padre-eustaquio-e-sua-devocao-a-nossa-senhora\/#respond"]}]},{"@type":"WebPage","@id":"https:\/\/www.padreeustaquio.com.br\/o-beato-padre-eustaquio-e-sua-devocao-a-nossa-senhora\/","url":"https:\/\/www.padreeustaquio.com.br\/o-beato-padre-eustaquio-e-sua-devocao-a-nossa-senhora\/","name":"El Beato Padre Eustaquio y su devoci\u00f3n a Nuestra Se\u00f1ora","isPartOf":{"@id":"https:\/\/www.padreeustaquio.com.br\/#website"},"primaryImageOfPage":{"@id":"https:\/\/www.padreeustaquio.com.br\/o-beato-padre-eustaquio-e-sua-devocao-a-nossa-senhora\/#primaryimage"},"image":{"@id":"https:\/\/www.padreeustaquio.com.br\/o-beato-padre-eustaquio-e-sua-devocao-a-nossa-senhora\/#primaryimage"},"thumbnailUrl":"https:\/\/www.padreeustaquio.com.br\/wp-content\/uploads\/2022\/03\/gruta-de-nossa-senhora-de-lourdes-em-poa-sp.jpeg","datePublished":"2024-05-22T17:26:24+00:00","dateModified":"2024-05-22T17:43:04+00:00","description":"No es de extra\u00f1ar que el Beato Padre Eustaquio, perteneciente a la Congregaci\u00f3n de los Sagrados Corazones de Jes\u00fas y Mar\u00eda, tuviera una verdadera y filial devoci\u00f3n a la Virgen Mar\u00eda.","breadcrumb":{"@id":"https:\/\/www.padreeustaquio.com.br\/o-beato-padre-eustaquio-e-sua-devocao-a-nossa-senhora\/#breadcrumb"},"inLanguage":"es","potentialAction":[{"@type":"ReadAction","target":["https:\/\/www.padreeustaquio.com.br\/o-beato-padre-eustaquio-e-sua-devocao-a-nossa-senhora\/"]}]},{"@type":"ImageObject","inLanguage":"es","@id":"https:\/\/www.padreeustaquio.com.br\/o-beato-padre-eustaquio-e-sua-devocao-a-nossa-senhora\/#primaryimage","url":"https:\/\/www.padreeustaquio.com.br\/wp-content\/uploads\/2022\/03\/gruta-de-nossa-senhora-de-lourdes-em-poa-sp.jpeg","contentUrl":"https:\/\/www.padreeustaquio.com.br\/wp-content\/uploads\/2022\/03\/gruta-de-nossa-senhora-de-lourdes-em-poa-sp.jpeg","width":620,"height":454},{"@type":"BreadcrumbList","@id":"https:\/\/www.padreeustaquio.com.br\/o-beato-padre-eustaquio-e-sua-devocao-a-nossa-senhora\/#breadcrumb","itemListElement":[{"@type":"ListItem","position":1,"name":"In\u00edcio","item":"https:\/\/www.padreeustaquio.com.br\/"},{"@type":"ListItem","position":2,"name":"O Beato Padre Eust\u00e1quio e sua devo\u00e7\u00e3o \u00e0 Nossa Senhora"}]},{"@type":"WebSite","@id":"https:\/\/www.padreeustaquio.com.br\/#website","url":"https:\/\/www.padreeustaquio.com.br\/","name":"Padre Eustace","description":"Salud y Paz","publisher":{"@id":"https:\/\/www.padreeustaquio.com.br\/#organization"},"potentialAction":[{"@type":"SearchAction","target":{"@type":"EntryPoint","urlTemplate":"https:\/\/www.padreeustaquio.com.br\/?s={search_term_string}"},"query-input":{"@type":"PropertyValueSpecification","valueRequired":true,"valueName":"search_term_string"}}],"inLanguage":"es"},{"@type":"Organization","@id":"https:\/\/www.padreeustaquio.com.br\/#organization","name":"Padre Eustace","url":"https:\/\/www.padreeustaquio.com.br\/","logo":{"@type":"ImageObject","inLanguage":"es","@id":"https:\/\/www.padreeustaquio.com.br\/#\/schema\/logo\/image\/","url":"https:\/\/www.padreeustaquio.com.br\/wp-content\/uploads\/2019\/08\/marca.png","contentUrl":"https:\/\/www.padreeustaquio.com.br\/wp-content\/uploads\/2019\/08\/marca.png","width":350,"height":400,"caption":"Padre Eust\u00e1quio"},"image":{"@id":"https:\/\/www.padreeustaquio.com.br\/#\/schema\/logo\/image\/"},"sameAs":["https:\/\/www.facebook.com\/beatopadreeustaquio\/","https:\/\/x.com\/beatopeustaquio","https:\/\/www.instagram.com\/beatopadreeustaquio\/","https:\/\/www.youtube.com\/channel\/UCRhw7vfabnajwLxb1ZXMeIw"]},{"@type":"Person","@id":"https:\/\/www.padreeustaquio.com.br\/#\/schema\/person\/a2a51db1d00f1a7af0204a0f1ddb1566","name":"@sscc","image":{"@type":"ImageObject","inLanguage":"es","@id":"https:\/\/secure.gravatar.com\/avatar\/68cfafa5f44617fea54071e215026e0ff06be366c3d54a8425f04fdcb86f8c5f?s=96&d=mm&r=g","url":"https:\/\/secure.gravatar.com\/avatar\/68cfafa5f44617fea54071e215026e0ff06be366c3d54a8425f04fdcb86f8c5f?s=96&d=mm&r=g","contentUrl":"https:\/\/secure.gravatar.com\/avatar\/68cfafa5f44617fea54071e215026e0ff06be366c3d54a8425f04fdcb86f8c5f?s=96&d=mm&r=g","caption":"@sscc"},"url":"https:\/\/www.padreeustaquio.com.br\/es\/author\/sscc\/"}]}},"_links":{"self":[{"href":"https:\/\/www.padreeustaquio.com.br\/es\/wp-json\/wp\/v2\/posts\/11325","targetHints":{"allow":["GET"]}}],"collection":[{"href":"https:\/\/www.padreeustaquio.com.br\/es\/wp-json\/wp\/v2\/posts"}],"about":[{"href":"https:\/\/www.padreeustaquio.com.br\/es\/wp-json\/wp\/v2\/types\/post"}],"author":[{"embeddable":true,"href":"https:\/\/www.padreeustaquio.com.br\/es\/wp-json\/wp\/v2\/users\/2"}],"replies":[{"embeddable":true,"href":"https:\/\/www.padreeustaquio.com.br\/es\/wp-json\/wp\/v2\/comments?post=11325"}],"version-history":[{"count":0,"href":"https:\/\/www.padreeustaquio.com.br\/es\/wp-json\/wp\/v2\/posts\/11325\/revisions"}],"wp:featuredmedia":[{"embeddable":true,"href":"https:\/\/www.padreeustaquio.com.br\/es\/wp-json\/wp\/v2\/media\/8344"}],"wp:attachment":[{"href":"https:\/\/www.padreeustaquio.com.br\/es\/wp-json\/wp\/v2\/media?parent=11325"}],"wp:term":[{"taxonomy":"category","embeddable":true,"href":"https:\/\/www.padreeustaquio.com.br\/es\/wp-json\/wp\/v2\/categories?post=11325"},{"taxonomy":"post_tag","embeddable":true,"href":"https:\/\/www.padreeustaquio.com.br\/es\/wp-json\/wp\/v2\/tags?post=11325"}],"curies":[{"name":"wp","href":"https:\/\/api.w.org\/{rel}","templated":true}]}}