{"id":11316,"date":"2024-05-15T15:39:16","date_gmt":"2024-05-15T18:39:16","guid":{"rendered":"https:\/\/www.padreeustaquio.com.br\/?p=11316"},"modified":"2024-05-15T15:39:16","modified_gmt":"2024-05-15T18:39:16","slug":"la-congregacion-de-los-sagrados-corazones-organiza-un-retiro-vocacional-este-fin-de-semana","status":"publish","type":"post","link":"https:\/\/www.padreeustaquio.com.br\/es\/la-congregacion-de-los-sagrados-corazones-organiza-un-retiro-vocacional-este-fin-de-semana\/","title":{"rendered":"La Congregaci\u00f3n de los Sagrados Corazones celebrar\u00e1 este fin de semana un retiro vocacional."},"content":{"rendered":"<p>El pr\u00f3ximo s\u00e1bado 18 de mayo a las 19:30 h se celebrar\u00e1 una reuni\u00f3n vocacional. La reuni\u00f3n ser\u00e1 en l\u00ednea y est\u00e1 dirigida a j\u00f3venes que alguna vez han considerado ser religiosos o sacerdotes.<\/p>\n<p>El encuentro forma parte de la misi\u00f3n de los Hermanos de los Sagrados Corazones de despertar vocaciones en hombres y mujeres que deseen descubrir este camino. El evento ser\u00e1 una oportunidad para aprender m\u00e1s sobre las vocaciones sacerdotales y religiosas y para plantear preguntas sobre el tema.<\/p>\n<p>Los interesados deber\u00e1n inscribirse previamente a trav\u00e9s del correo electr\u00f3nico vocacional@sscc.org.br o por el tel\u00e9fono (31) 99315-6664.<\/p>","protected":false},"excerpt":{"rendered":"<p>Um encontro vocacional ser\u00e1 realizado no pr\u00f3ximo s\u00e1bado, 18 de maio, \u00e0s 19h30. A reuni\u00e3o ser\u00e1 on-line e \u00e9 destinada aos jovens que algum dia j\u00e1 pensaram em ser irm\u00e3o ou irm\u00e3 religioso(a) ou padre. O encontro faz parte da miss\u00e3o dos irm\u00e3os dos Sagrados Cora\u00e7\u00f5es em despertar a voca\u00e7\u00e3o em homens e mulheres que desejam descobrir este caminho. O momento ser\u00e1 para conhecer mais sobre a voca\u00e7\u00e3o sacerdotal e religiosa e tirar d\u00favidas sobre o assunto. Os interessados devem se inscrever antecipadamente pelo email vocacional@sscc.org.br ou pelo telefone (31) 99315-6664.<\/p>","protected":false},"author":2,"featured_media":11317,"comment_status":"open","ping_status":"closed","sticky":false,"template":"","format":"standard","meta":{"_acf_changed":false,"footnotes":""},"categories":[611],"tags":[],"class_list":["post-11316","post","type-post","status-publish","format-standard","has-post-thumbnail","hentry","category-noticias"],"acf":[],"yoast_head":"<!-- This site is optimized with the Yoast SEO plugin v27.2 - https:\/\/yoast.com\/product\/yoast-seo-wordpress\/ -->\n<title>Congrega\u00e7\u00e3o dos Sagrados Cora\u00e7\u00f5es promove encontro vocacional neste fim de semana<\/title>\n<meta name=\"description\" content=\"Um encontro vocacional ser\u00e1 realizado no pr\u00f3ximo s\u00e1bado, 18 de maio, \u00e0s 19h30. A reuni\u00e3o ser\u00e1 on-line e \u00e9 destinada aos jovens que algum dia j\u00e1 pensaram em ser irm\u00e3o ou irm\u00e3 religioso(a) ou padre.\" \/>\n<meta name=\"robots\" content=\"index, follow, max-snippet:-1, max-image-preview:large, max-video-preview:-1\" \/>\n<link rel=\"canonical\" href=\"https:\/\/www.padreeustaquio.com.br\/es\/la-congregacion-de-los-sagrados-corazones-organiza-un-retiro-vocacional-este-fin-de-semana\/\" \/>\n<meta property=\"og:locale\" content=\"es_ES\" \/>\n<meta property=\"og:type\" content=\"article\" \/>\n<meta property=\"og:title\" content=\"Congrega\u00e7\u00e3o dos Sagrados Cora\u00e7\u00f5es promove encontro vocacional neste fim de semana\" \/>\n<meta property=\"og:description\" content=\"Um encontro vocacional ser\u00e1 realizado no pr\u00f3ximo s\u00e1bado, 18 de maio, \u00e0s 19h30. A reuni\u00e3o ser\u00e1 on-line e \u00e9 destinada aos jovens que algum dia j\u00e1 pensaram em ser irm\u00e3o ou irm\u00e3 religioso(a) ou padre.\" \/>\n<meta property=\"og:url\" content=\"https:\/\/www.padreeustaquio.com.br\/es\/la-congregacion-de-los-sagrados-corazones-organiza-un-retiro-vocacional-este-fin-de-semana\/\" \/>\n<meta property=\"og:site_name\" content=\"Padre Eust\u00e1quio\" \/>\n<meta property=\"article:publisher\" content=\"https:\/\/www.facebook.com\/beatopadreeustaquio\/\" \/>\n<meta property=\"article:published_time\" content=\"2024-05-15T18:39:16+00:00\" \/>\n<meta property=\"og:image\" content=\"https:\/\/www.padreeustaquio.com.br\/wp-content\/uploads\/2024\/05\/encontro-vocacional-2.jpg\" \/>\n\t<meta property=\"og:image:width\" content=\"748\" \/>\n\t<meta property=\"og:image:height\" content=\"394\" \/>\n\t<meta property=\"og:image:type\" content=\"image\/jpeg\" \/>\n<meta name=\"author\" content=\"@sscc\" \/>\n<meta name=\"twitter:card\" content=\"summary_large_image\" \/>\n<meta name=\"twitter:creator\" content=\"@beatopeustaquio\" \/>\n<meta name=\"twitter:site\" content=\"@beatopeustaquio\" \/>\n<meta name=\"twitter:label1\" content=\"Escrito por\" \/>\n\t<meta name=\"twitter:data1\" content=\"@sscc\" \/>\n\t<meta name=\"twitter:label2\" content=\"Tiempo de lectura\" \/>\n\t<meta name=\"twitter:data2\" content=\"1 minuto\" \/>\n<script type=\"application\/ld+json\" class=\"yoast-schema-graph\">{\"@context\":\"https:\/\/schema.org\",\"@graph\":[{\"@type\":\"Article\",\"@id\":\"https:\/\/www.padreeustaquio.com.br\/congregacao-dos-sagrados-coracoes-promove-encontro-vocacional-neste-fim-de-semana\/#article\",\"isPartOf\":{\"@id\":\"https:\/\/www.padreeustaquio.com.br\/congregacao-dos-sagrados-coracoes-promove-encontro-vocacional-neste-fim-de-semana\/\"},\"author\":{\"name\":\"@sscc\",\"@id\":\"https:\/\/www.padreeustaquio.com.br\/#\/schema\/person\/a2a51db1d00f1a7af0204a0f1ddb1566\"},\"headline\":\"Congrega\u00e7\u00e3o dos Sagrados Cora\u00e7\u00f5es promove encontro vocacional neste fim de semana\",\"datePublished\":\"2024-05-15T18:39:16+00:00\",\"mainEntityOfPage\":{\"@id\":\"https:\/\/www.padreeustaquio.com.br\/congregacao-dos-sagrados-coracoes-promove-encontro-vocacional-neste-fim-de-semana\/\"},\"wordCount\":115,\"commentCount\":0,\"publisher\":{\"@id\":\"https:\/\/www.padreeustaquio.com.br\/#organization\"},\"image\":{\"@id\":\"https:\/\/www.padreeustaquio.com.br\/congregacao-dos-sagrados-coracoes-promove-encontro-vocacional-neste-fim-de-semana\/#primaryimage\"},\"thumbnailUrl\":\"https:\/\/www.padreeustaquio.com.br\/wp-content\/uploads\/2024\/05\/encontro-vocacional-2.jpg\",\"articleSection\":[\"Not\u00edcias\"],\"inLanguage\":\"es\",\"potentialAction\":[{\"@type\":\"CommentAction\",\"name\":\"Comment\",\"target\":[\"https:\/\/www.padreeustaquio.com.br\/congregacao-dos-sagrados-coracoes-promove-encontro-vocacional-neste-fim-de-semana\/#respond\"]}]},{\"@type\":\"WebPage\",\"@id\":\"https:\/\/www.padreeustaquio.com.br\/congregacao-dos-sagrados-coracoes-promove-encontro-vocacional-neste-fim-de-semana\/\",\"url\":\"https:\/\/www.padreeustaquio.com.br\/congregacao-dos-sagrados-coracoes-promove-encontro-vocacional-neste-fim-de-semana\/\",\"name\":\"Congrega\u00e7\u00e3o dos Sagrados Cora\u00e7\u00f5es promove encontro vocacional neste fim de semana\",\"isPartOf\":{\"@id\":\"https:\/\/www.padreeustaquio.com.br\/#website\"},\"primaryImageOfPage\":{\"@id\":\"https:\/\/www.padreeustaquio.com.br\/congregacao-dos-sagrados-coracoes-promove-encontro-vocacional-neste-fim-de-semana\/#primaryimage\"},\"image\":{\"@id\":\"https:\/\/www.padreeustaquio.com.br\/congregacao-dos-sagrados-coracoes-promove-encontro-vocacional-neste-fim-de-semana\/#primaryimage\"},\"thumbnailUrl\":\"https:\/\/www.padreeustaquio.com.br\/wp-content\/uploads\/2024\/05\/encontro-vocacional-2.jpg\",\"datePublished\":\"2024-05-15T18:39:16+00:00\",\"description\":\"Um encontro vocacional ser\u00e1 realizado no pr\u00f3ximo s\u00e1bado, 18 de maio, \u00e0s 19h30. A reuni\u00e3o ser\u00e1 on-line e \u00e9 destinada aos jovens que algum dia j\u00e1 pensaram em ser irm\u00e3o ou irm\u00e3 religioso(a) ou padre.\",\"breadcrumb\":{\"@id\":\"https:\/\/www.padreeustaquio.com.br\/congregacao-dos-sagrados-coracoes-promove-encontro-vocacional-neste-fim-de-semana\/#breadcrumb\"},\"inLanguage\":\"es\",\"potentialAction\":[{\"@type\":\"ReadAction\",\"target\":[\"https:\/\/www.padreeustaquio.com.br\/congregacao-dos-sagrados-coracoes-promove-encontro-vocacional-neste-fim-de-semana\/\"]}]},{\"@type\":\"ImageObject\",\"inLanguage\":\"es\",\"@id\":\"https:\/\/www.padreeustaquio.com.br\/congregacao-dos-sagrados-coracoes-promove-encontro-vocacional-neste-fim-de-semana\/#primaryimage\",\"url\":\"https:\/\/www.padreeustaquio.com.br\/wp-content\/uploads\/2024\/05\/encontro-vocacional-2.jpg\",\"contentUrl\":\"https:\/\/www.padreeustaquio.com.br\/wp-content\/uploads\/2024\/05\/encontro-vocacional-2.jpg\",\"width\":748,\"height\":394},{\"@type\":\"BreadcrumbList\",\"@id\":\"https:\/\/www.padreeustaquio.com.br\/congregacao-dos-sagrados-coracoes-promove-encontro-vocacional-neste-fim-de-semana\/#breadcrumb\",\"itemListElement\":[{\"@type\":\"ListItem\",\"position\":1,\"name\":\"In\u00edcio\",\"item\":\"https:\/\/www.padreeustaquio.com.br\/\"},{\"@type\":\"ListItem\",\"position\":2,\"name\":\"Congrega\u00e7\u00e3o dos Sagrados Cora\u00e7\u00f5es promove encontro vocacional neste fim de semana\"}]},{\"@type\":\"WebSite\",\"@id\":\"https:\/\/www.padreeustaquio.com.br\/#website\",\"url\":\"https:\/\/www.padreeustaquio.com.br\/\",\"name\":\"Padre Eust\u00e1quio\",\"description\":\"Sa\u00fade e Paz\",\"publisher\":{\"@id\":\"https:\/\/www.padreeustaquio.com.br\/#organization\"},\"potentialAction\":[{\"@type\":\"SearchAction\",\"target\":{\"@type\":\"EntryPoint\",\"urlTemplate\":\"https:\/\/www.padreeustaquio.com.br\/?s={search_term_string}\"},\"query-input\":{\"@type\":\"PropertyValueSpecification\",\"valueRequired\":true,\"valueName\":\"search_term_string\"}}],\"inLanguage\":\"es\"},{\"@type\":\"Organization\",\"@id\":\"https:\/\/www.padreeustaquio.com.br\/#organization\",\"name\":\"Padre Eust\u00e1quio\",\"url\":\"https:\/\/www.padreeustaquio.com.br\/\",\"logo\":{\"@type\":\"ImageObject\",\"inLanguage\":\"es\",\"@id\":\"https:\/\/www.padreeustaquio.com.br\/#\/schema\/logo\/image\/\",\"url\":\"https:\/\/www.padreeustaquio.com.br\/wp-content\/uploads\/2019\/08\/marca.png\",\"contentUrl\":\"https:\/\/www.padreeustaquio.com.br\/wp-content\/uploads\/2019\/08\/marca.png\",\"width\":350,\"height\":400,\"caption\":\"Padre Eust\u00e1quio\"},\"image\":{\"@id\":\"https:\/\/www.padreeustaquio.com.br\/#\/schema\/logo\/image\/\"},\"sameAs\":[\"https:\/\/www.facebook.com\/beatopadreeustaquio\/\",\"https:\/\/x.com\/beatopeustaquio\",\"https:\/\/www.instagram.com\/beatopadreeustaquio\/\",\"https:\/\/www.youtube.com\/channel\/UCRhw7vfabnajwLxb1ZXMeIw\"]},{\"@type\":\"Person\",\"@id\":\"https:\/\/www.padreeustaquio.com.br\/#\/schema\/person\/a2a51db1d00f1a7af0204a0f1ddb1566\",\"name\":\"@sscc\",\"image\":{\"@type\":\"ImageObject\",\"inLanguage\":\"es\",\"@id\":\"https:\/\/secure.gravatar.com\/avatar\/68cfafa5f44617fea54071e215026e0ff06be366c3d54a8425f04fdcb86f8c5f?s=96&d=mm&r=g\",\"url\":\"https:\/\/secure.gravatar.com\/avatar\/68cfafa5f44617fea54071e215026e0ff06be366c3d54a8425f04fdcb86f8c5f?s=96&d=mm&r=g\",\"contentUrl\":\"https:\/\/secure.gravatar.com\/avatar\/68cfafa5f44617fea54071e215026e0ff06be366c3d54a8425f04fdcb86f8c5f?s=96&d=mm&r=g\",\"caption\":\"@sscc\"},\"url\":\"https:\/\/www.padreeustaquio.com.br\/es\/author\/sscc\/\"}]}<\/script>\n<!-- \/ Yoast SEO plugin. -->","yoast_head_json":{"title":"La Congregaci\u00f3n de los Sagrados Corazones celebrar\u00e1 este fin de semana un retiro vocacional.","description":"El pr\u00f3ximo s\u00e1bado 18 de mayo a las 19:30 h se celebrar\u00e1 una reuni\u00f3n vocacional. La reuni\u00f3n ser\u00e1 en l\u00ednea y est\u00e1 dirigida a j\u00f3venes que alguna vez han considerado ser religiosos o sacerdotes.","robots":{"index":"index","follow":"follow","max-snippet":"max-snippet:-1","max-image-preview":"max-image-preview:large","max-video-preview":"max-video-preview:-1"},"canonical":"https:\/\/www.padreeustaquio.com.br\/es\/la-congregacion-de-los-sagrados-corazones-organiza-un-retiro-vocacional-este-fin-de-semana\/","og_locale":"es_ES","og_type":"article","og_title":"Congrega\u00e7\u00e3o dos Sagrados Cora\u00e7\u00f5es promove encontro vocacional neste fim de semana","og_description":"Um encontro vocacional ser\u00e1 realizado no pr\u00f3ximo s\u00e1bado, 18 de maio, \u00e0s 19h30. A reuni\u00e3o ser\u00e1 on-line e \u00e9 destinada aos jovens que algum dia j\u00e1 pensaram em ser irm\u00e3o ou irm\u00e3 religioso(a) ou padre.","og_url":"https:\/\/www.padreeustaquio.com.br\/es\/la-congregacion-de-los-sagrados-corazones-organiza-un-retiro-vocacional-este-fin-de-semana\/","og_site_name":"Padre Eust\u00e1quio","article_publisher":"https:\/\/www.facebook.com\/beatopadreeustaquio\/","article_published_time":"2024-05-15T18:39:16+00:00","og_image":[{"width":748,"height":394,"url":"https:\/\/www.padreeustaquio.com.br\/wp-content\/uploads\/2024\/05\/encontro-vocacional-2.jpg","type":"image\/jpeg"}],"author":"@sscc","twitter_card":"summary_large_image","twitter_creator":"@beatopeustaquio","twitter_site":"@beatopeustaquio","twitter_misc":{"Escrito por":"@sscc","Tiempo de lectura":"1 minuto"},"schema":{"@context":"https:\/\/schema.org","@graph":[{"@type":"Article","@id":"https:\/\/www.padreeustaquio.com.br\/congregacao-dos-sagrados-coracoes-promove-encontro-vocacional-neste-fim-de-semana\/#article","isPartOf":{"@id":"https:\/\/www.padreeustaquio.com.br\/congregacao-dos-sagrados-coracoes-promove-encontro-vocacional-neste-fim-de-semana\/"},"author":{"name":"@sscc","@id":"https:\/\/www.padreeustaquio.com.br\/#\/schema\/person\/a2a51db1d00f1a7af0204a0f1ddb1566"},"headline":"Congrega\u00e7\u00e3o dos Sagrados Cora\u00e7\u00f5es promove encontro vocacional neste fim de semana","datePublished":"2024-05-15T18:39:16+00:00","mainEntityOfPage":{"@id":"https:\/\/www.padreeustaquio.com.br\/congregacao-dos-sagrados-coracoes-promove-encontro-vocacional-neste-fim-de-semana\/"},"wordCount":115,"commentCount":0,"publisher":{"@id":"https:\/\/www.padreeustaquio.com.br\/#organization"},"image":{"@id":"https:\/\/www.padreeustaquio.com.br\/congregacao-dos-sagrados-coracoes-promove-encontro-vocacional-neste-fim-de-semana\/#primaryimage"},"thumbnailUrl":"https:\/\/www.padreeustaquio.com.br\/wp-content\/uploads\/2024\/05\/encontro-vocacional-2.jpg","articleSection":["Not\u00edcias"],"inLanguage":"es","potentialAction":[{"@type":"CommentAction","name":"Comment","target":["https:\/\/www.padreeustaquio.com.br\/congregacao-dos-sagrados-coracoes-promove-encontro-vocacional-neste-fim-de-semana\/#respond"]}]},{"@type":"WebPage","@id":"https:\/\/www.padreeustaquio.com.br\/congregacao-dos-sagrados-coracoes-promove-encontro-vocacional-neste-fim-de-semana\/","url":"https:\/\/www.padreeustaquio.com.br\/congregacao-dos-sagrados-coracoes-promove-encontro-vocacional-neste-fim-de-semana\/","name":"La Congregaci\u00f3n de los Sagrados Corazones celebrar\u00e1 este fin de semana un retiro vocacional.","isPartOf":{"@id":"https:\/\/www.padreeustaquio.com.br\/#website"},"primaryImageOfPage":{"@id":"https:\/\/www.padreeustaquio.com.br\/congregacao-dos-sagrados-coracoes-promove-encontro-vocacional-neste-fim-de-semana\/#primaryimage"},"image":{"@id":"https:\/\/www.padreeustaquio.com.br\/congregacao-dos-sagrados-coracoes-promove-encontro-vocacional-neste-fim-de-semana\/#primaryimage"},"thumbnailUrl":"https:\/\/www.padreeustaquio.com.br\/wp-content\/uploads\/2024\/05\/encontro-vocacional-2.jpg","datePublished":"2024-05-15T18:39:16+00:00","description":"El pr\u00f3ximo s\u00e1bado 18 de mayo a las 19:30 h se celebrar\u00e1 una reuni\u00f3n vocacional. La reuni\u00f3n ser\u00e1 en l\u00ednea y est\u00e1 dirigida a j\u00f3venes que alguna vez han considerado ser religiosos o sacerdotes.","breadcrumb":{"@id":"https:\/\/www.padreeustaquio.com.br\/congregacao-dos-sagrados-coracoes-promove-encontro-vocacional-neste-fim-de-semana\/#breadcrumb"},"inLanguage":"es","potentialAction":[{"@type":"ReadAction","target":["https:\/\/www.padreeustaquio.com.br\/congregacao-dos-sagrados-coracoes-promove-encontro-vocacional-neste-fim-de-semana\/"]}]},{"@type":"ImageObject","inLanguage":"es","@id":"https:\/\/www.padreeustaquio.com.br\/congregacao-dos-sagrados-coracoes-promove-encontro-vocacional-neste-fim-de-semana\/#primaryimage","url":"https:\/\/www.padreeustaquio.com.br\/wp-content\/uploads\/2024\/05\/encontro-vocacional-2.jpg","contentUrl":"https:\/\/www.padreeustaquio.com.br\/wp-content\/uploads\/2024\/05\/encontro-vocacional-2.jpg","width":748,"height":394},{"@type":"BreadcrumbList","@id":"https:\/\/www.padreeustaquio.com.br\/congregacao-dos-sagrados-coracoes-promove-encontro-vocacional-neste-fim-de-semana\/#breadcrumb","itemListElement":[{"@type":"ListItem","position":1,"name":"In\u00edcio","item":"https:\/\/www.padreeustaquio.com.br\/"},{"@type":"ListItem","position":2,"name":"Congrega\u00e7\u00e3o dos Sagrados Cora\u00e7\u00f5es promove encontro vocacional neste fim de semana"}]},{"@type":"WebSite","@id":"https:\/\/www.padreeustaquio.com.br\/#website","url":"https:\/\/www.padreeustaquio.com.br\/","name":"Padre Eustace","description":"Salud y Paz","publisher":{"@id":"https:\/\/www.padreeustaquio.com.br\/#organization"},"potentialAction":[{"@type":"SearchAction","target":{"@type":"EntryPoint","urlTemplate":"https:\/\/www.padreeustaquio.com.br\/?s={search_term_string}"},"query-input":{"@type":"PropertyValueSpecification","valueRequired":true,"valueName":"search_term_string"}}],"inLanguage":"es"},{"@type":"Organization","@id":"https:\/\/www.padreeustaquio.com.br\/#organization","name":"Padre Eustace","url":"https:\/\/www.padreeustaquio.com.br\/","logo":{"@type":"ImageObject","inLanguage":"es","@id":"https:\/\/www.padreeustaquio.com.br\/#\/schema\/logo\/image\/","url":"https:\/\/www.padreeustaquio.com.br\/wp-content\/uploads\/2019\/08\/marca.png","contentUrl":"https:\/\/www.padreeustaquio.com.br\/wp-content\/uploads\/2019\/08\/marca.png","width":350,"height":400,"caption":"Padre Eust\u00e1quio"},"image":{"@id":"https:\/\/www.padreeustaquio.com.br\/#\/schema\/logo\/image\/"},"sameAs":["https:\/\/www.facebook.com\/beatopadreeustaquio\/","https:\/\/x.com\/beatopeustaquio","https:\/\/www.instagram.com\/beatopadreeustaquio\/","https:\/\/www.youtube.com\/channel\/UCRhw7vfabnajwLxb1ZXMeIw"]},{"@type":"Person","@id":"https:\/\/www.padreeustaquio.com.br\/#\/schema\/person\/a2a51db1d00f1a7af0204a0f1ddb1566","name":"@sscc","image":{"@type":"ImageObject","inLanguage":"es","@id":"https:\/\/secure.gravatar.com\/avatar\/68cfafa5f44617fea54071e215026e0ff06be366c3d54a8425f04fdcb86f8c5f?s=96&d=mm&r=g","url":"https:\/\/secure.gravatar.com\/avatar\/68cfafa5f44617fea54071e215026e0ff06be366c3d54a8425f04fdcb86f8c5f?s=96&d=mm&r=g","contentUrl":"https:\/\/secure.gravatar.com\/avatar\/68cfafa5f44617fea54071e215026e0ff06be366c3d54a8425f04fdcb86f8c5f?s=96&d=mm&r=g","caption":"@sscc"},"url":"https:\/\/www.padreeustaquio.com.br\/es\/author\/sscc\/"}]}},"_links":{"self":[{"href":"https:\/\/www.padreeustaquio.com.br\/es\/wp-json\/wp\/v2\/posts\/11316","targetHints":{"allow":["GET"]}}],"collection":[{"href":"https:\/\/www.padreeustaquio.com.br\/es\/wp-json\/wp\/v2\/posts"}],"about":[{"href":"https:\/\/www.padreeustaquio.com.br\/es\/wp-json\/wp\/v2\/types\/post"}],"author":[{"embeddable":true,"href":"https:\/\/www.padreeustaquio.com.br\/es\/wp-json\/wp\/v2\/users\/2"}],"replies":[{"embeddable":true,"href":"https:\/\/www.padreeustaquio.com.br\/es\/wp-json\/wp\/v2\/comments?post=11316"}],"version-history":[{"count":0,"href":"https:\/\/www.padreeustaquio.com.br\/es\/wp-json\/wp\/v2\/posts\/11316\/revisions"}],"wp:featuredmedia":[{"embeddable":true,"href":"https:\/\/www.padreeustaquio.com.br\/es\/wp-json\/wp\/v2\/media\/11317"}],"wp:attachment":[{"href":"https:\/\/www.padreeustaquio.com.br\/es\/wp-json\/wp\/v2\/media?parent=11316"}],"wp:term":[{"taxonomy":"category","embeddable":true,"href":"https:\/\/www.padreeustaquio.com.br\/es\/wp-json\/wp\/v2\/categories?post=11316"},{"taxonomy":"post_tag","embeddable":true,"href":"https:\/\/www.padreeustaquio.com.br\/es\/wp-json\/wp\/v2\/tags?post=11316"}],"curies":[{"name":"wp","href":"https:\/\/api.w.org\/{rel}","templated":true}]}}