{"id":11313,"date":"2024-05-12T08:24:44","date_gmt":"2024-05-12T11:24:44","guid":{"rendered":"https:\/\/www.padreeustaquio.com.br\/?p=11313"},"modified":"2024-05-13T08:29:21","modified_gmt":"2024-05-13T11:29:21","slug":"celebrando-el-dia-de-la-madre-inspirados-en-el-padre-eustaquio","status":"publish","type":"post","link":"https:\/\/www.padreeustaquio.com.br\/es\/celebrando-el-dia-de-la-madre-inspirados-en-el-padre-eustaquio\/","title":{"rendered":"Celebrando el D\u00eda de la Madre inspirados en el Padre Eust\u00e1quio"},"content":{"rendered":"<p>En uno de sus textos, el Padre Eust\u00e1quio ofrece una hermosa reflexi\u00f3n sobre la importancia de la madre cristiana y c\u00f3mo puede marcar la diferencia en la vida familiar. Este D\u00eda de la Madre, reflexionemos con el Padre Eust\u00e1quio sobre el papel de las madres en el hogar. Lea el texto completo:<\/p>\n<p><em><strong>La madre cristiana<\/p>\n<p><\/strong>Respecto a la madre cristiana, en el Libro del Eclesi\u00e1stico est\u00e1 escrito este proverbio (Eclesi\u00e1stico 26,21): \u201cComo el sol naciente brilla en los cielos de Dios, as\u00ed brilla la belleza de la mujer bondadosa, como un adorno en su casa\u201d.<\/em><\/p>\n<p><em>El sol es el centro de la naturaleza. Sus rayos la despiertan; las flores florecen, los p\u00e1jaros cantan alabando al Creador. Despierta al hombre, llam\u00e1ndolo a trabajar. Proporciona calor y hace crecer las plantas. Todo y todos est\u00e1n regulados por el sol.<\/em><\/p>\n<p><em>Cuando el sol brilla en el cielo, todo es alegre, pero cuando desaparece, todo es triste, fr\u00edo y sin vida.<\/em><\/p>\n<p><em>As\u00ed es una madre. Todos se re\u00fanen a su alrededor, y cuando ella est\u00e1 feliz, todos est\u00e1n felices, pero cuando est\u00e1 triste, todos est\u00e1n tristes. Si ella ya no est\u00e1, la familia se vuelve fr\u00eda, porque falta el elemento unificador que une a todos. \u00bfQu\u00e9 es un hogar sin una madre? Podr\u00eda decir: un reloj parado, un cuerpo sin vida... Su gu\u00eda trae orden y regularidad a la casa. Su amor y cuidado, que incluyen a todos, reconcilian los intereses opuestos de los miembros de una misma familia. Ella trae alegr\u00eda y paz, resignaci\u00f3n y amor mutuo a los corazones de sus seres queridos, iluminando la vida familiar como el sol.<\/em><\/p>\n<p><em>\u00a1Una madre verdaderamente cristiana es maravillosa! Su labor es silenciosa, sencilla e incluso oculta, pero sus efectos son p\u00fablicos. Estos efectos no se limitan al hogar, sino que se extienden a la iglesia, a la naci\u00f3n y al bien com\u00fan.<\/em><\/p>\n<p><em>\u00bfQu\u00e9 grandeza, qu\u00e9 nobleza, qu\u00e9 santidad se puede encontrar en el mundo que no tenga su origen en la Madre?<\/em><\/p>\n<p><em>Ella no solo educa, sino que sienta las bases del hogar. Est\u00e1 all\u00ed, sola, durante a\u00f1os y a\u00f1os, con su hijo. Puede moldear su coraz\u00f3n y su temperamento, su voluntad. Es la primera y m\u00e1s importante crianza.<\/em><\/p>\n<p><em>Por eso, San Agust\u00edn dijo de su madre: \u201cTodo lo que soy se lo debo a mi madre. Ella no solo me dio la vida para este mundo, sino tambi\u00e9n la vida de mi alma\u201c. \u00ab\u00bfC\u00f3mo ser\u00eda el Reino de Dios sin la madre cristiana? \u00bfAcaso no vemos en la Iglesia que santos como San Basilio, San Gregorio Nacianceno, San Juan Cris\u00f3stomo y San Ambrosio tuvieron madres santas?\u00bb.<\/em><\/p>\n<p><em>Elevemos nuestra voz al cielo y preguntemos a los santos a qui\u00e9n deben su santidad; ellos nos indicar\u00e1n muchos caminos de santidad, muchos medios de santificaci\u00f3n, pero entre ellos estar\u00e1 siempre: \u00a1mi santa Madre!<\/em><\/p>\n<p><em>S\u00ed, le debemos todo a Dios, pero \u00c9l nos lo da a trav\u00e9s de nuestras madres. Todo esto es cierto cuando se trata de una madre cristiana.\u201d<\/em><\/p>","protected":false},"excerpt":{"rendered":"<p>Em um dos textos do Padre Eust\u00e1quio, ele traz uma bel\u00edssima reflex\u00e3o sobre a import\u00e2ncia da m\u00e3e crist\u00e3 e como ela pode fazer diferen\u00e7a na vida da fam\u00edlia. Neste Dia das M\u00e3es, vamos refletir com Padre Eust\u00e1quio sobre o papel das m\u00e3es no lar. Leia o texto na \u00edntegra: A m\u00e3e Crist\u00e3 Da m\u00e3e crist\u00e3, est\u00e1 escrito este prov\u00e9rbio no livro do Eclesi\u00e1stico (Eclo 26,21): \u201cAssim como o sol levante brilha no c\u00e9u de Deus, assim brilha a beleza da mulher bondosa, como um ornamento em sua casa\u201d. O sol \u00e9 o ponto central da natureza. Ele desperta por seus [&hellip;]<\/p>\n","protected":false},"author":2,"featured_media":11314,"comment_status":"open","ping_status":"closed","sticky":false,"template":"","format":"standard","meta":{"_acf_changed":false,"footnotes":""},"categories":[611],"tags":[],"class_list":["post-11313","post","type-post","status-publish","format-standard","has-post-thumbnail","hentry","category-noticias"],"acf":[],"yoast_head":"<!-- This site is optimized with the Yoast SEO plugin v27.2 - https:\/\/yoast.com\/product\/yoast-seo-wordpress\/ -->\n<title>Vivendo o Dia das M\u00e3es inspirados em Padre Eust\u00e1quio<\/title>\n<meta name=\"description\" content=\"Em um dos textos do Padre Eust\u00e1quio, ele traz uma bel\u00edssima reflex\u00e3o sobre a import\u00e2ncia da m\u00e3e crist\u00e3 e como ela pode fazer diferen\u00e7a na vida da fam\u00edlia. Neste Dia das M\u00e3es, vamos refletir com Padre Eust\u00e1quio sobre o papel das m\u00e3es no lar.\" \/>\n<meta name=\"robots\" content=\"index, follow, max-snippet:-1, max-image-preview:large, max-video-preview:-1\" \/>\n<link rel=\"canonical\" href=\"https:\/\/www.padreeustaquio.com.br\/es\/celebrando-el-dia-de-la-madre-inspirados-en-el-padre-eustaquio\/\" \/>\n<meta property=\"og:locale\" content=\"es_ES\" \/>\n<meta property=\"og:type\" content=\"article\" \/>\n<meta property=\"og:title\" content=\"Vivendo o Dia das M\u00e3es inspirados em Padre Eust\u00e1quio\" \/>\n<meta property=\"og:description\" content=\"Em um dos textos do Padre Eust\u00e1quio, ele traz uma bel\u00edssima reflex\u00e3o sobre a import\u00e2ncia da m\u00e3e crist\u00e3 e como ela pode fazer diferen\u00e7a na vida da fam\u00edlia. Neste Dia das M\u00e3es, vamos refletir com Padre Eust\u00e1quio sobre o papel das m\u00e3es no lar.\" \/>\n<meta property=\"og:url\" content=\"https:\/\/www.padreeustaquio.com.br\/es\/celebrando-el-dia-de-la-madre-inspirados-en-el-padre-eustaquio\/\" \/>\n<meta property=\"og:site_name\" content=\"Padre Eust\u00e1quio\" \/>\n<meta property=\"article:publisher\" content=\"https:\/\/www.facebook.com\/beatopadreeustaquio\/\" \/>\n<meta property=\"article:published_time\" content=\"2024-05-12T11:24:44+00:00\" \/>\n<meta property=\"article:modified_time\" content=\"2024-05-13T11:29:21+00:00\" \/>\n<meta property=\"og:image\" content=\"https:\/\/www.padreeustaquio.com.br\/wp-content\/uploads\/2024\/05\/Mae-Crista.jpeg\" \/>\n\t<meta property=\"og:image:width\" content=\"1600\" \/>\n\t<meta property=\"og:image:height\" content=\"1135\" \/>\n\t<meta property=\"og:image:type\" content=\"image\/jpeg\" \/>\n<meta name=\"author\" content=\"@sscc\" \/>\n<meta name=\"twitter:card\" content=\"summary_large_image\" \/>\n<meta name=\"twitter:creator\" content=\"@beatopeustaquio\" \/>\n<meta name=\"twitter:site\" content=\"@beatopeustaquio\" \/>\n<meta name=\"twitter:label1\" content=\"Escrito por\" \/>\n\t<meta name=\"twitter:data1\" content=\"@sscc\" \/>\n\t<meta name=\"twitter:label2\" content=\"Tiempo de lectura\" \/>\n\t<meta name=\"twitter:data2\" content=\"3 minutos\" \/>\n<script type=\"application\/ld+json\" class=\"yoast-schema-graph\">{\"@context\":\"https:\/\/schema.org\",\"@graph\":[{\"@type\":\"Article\",\"@id\":\"https:\/\/www.padreeustaquio.com.br\/vivendo-o-dia-das-maes-inspirados-em-padre-eustaquio\/#article\",\"isPartOf\":{\"@id\":\"https:\/\/www.padreeustaquio.com.br\/vivendo-o-dia-das-maes-inspirados-em-padre-eustaquio\/\"},\"author\":{\"name\":\"@sscc\",\"@id\":\"https:\/\/www.padreeustaquio.com.br\/#\/schema\/person\/a2a51db1d00f1a7af0204a0f1ddb1566\"},\"headline\":\"Vivendo o Dia das M\u00e3es inspirados em Padre Eust\u00e1quio\",\"datePublished\":\"2024-05-12T11:24:44+00:00\",\"dateModified\":\"2024-05-13T11:29:21+00:00\",\"mainEntityOfPage\":{\"@id\":\"https:\/\/www.padreeustaquio.com.br\/vivendo-o-dia-das-maes-inspirados-em-padre-eustaquio\/\"},\"wordCount\":554,\"commentCount\":0,\"publisher\":{\"@id\":\"https:\/\/www.padreeustaquio.com.br\/#organization\"},\"image\":{\"@id\":\"https:\/\/www.padreeustaquio.com.br\/vivendo-o-dia-das-maes-inspirados-em-padre-eustaquio\/#primaryimage\"},\"thumbnailUrl\":\"https:\/\/www.padreeustaquio.com.br\/wp-content\/uploads\/2024\/05\/Mae-Crista.jpeg\",\"articleSection\":[\"Not\u00edcias\"],\"inLanguage\":\"es\",\"potentialAction\":[{\"@type\":\"CommentAction\",\"name\":\"Comment\",\"target\":[\"https:\/\/www.padreeustaquio.com.br\/vivendo-o-dia-das-maes-inspirados-em-padre-eustaquio\/#respond\"]}]},{\"@type\":\"WebPage\",\"@id\":\"https:\/\/www.padreeustaquio.com.br\/vivendo-o-dia-das-maes-inspirados-em-padre-eustaquio\/\",\"url\":\"https:\/\/www.padreeustaquio.com.br\/vivendo-o-dia-das-maes-inspirados-em-padre-eustaquio\/\",\"name\":\"Vivendo o Dia das M\u00e3es inspirados em Padre Eust\u00e1quio\",\"isPartOf\":{\"@id\":\"https:\/\/www.padreeustaquio.com.br\/#website\"},\"primaryImageOfPage\":{\"@id\":\"https:\/\/www.padreeustaquio.com.br\/vivendo-o-dia-das-maes-inspirados-em-padre-eustaquio\/#primaryimage\"},\"image\":{\"@id\":\"https:\/\/www.padreeustaquio.com.br\/vivendo-o-dia-das-maes-inspirados-em-padre-eustaquio\/#primaryimage\"},\"thumbnailUrl\":\"https:\/\/www.padreeustaquio.com.br\/wp-content\/uploads\/2024\/05\/Mae-Crista.jpeg\",\"datePublished\":\"2024-05-12T11:24:44+00:00\",\"dateModified\":\"2024-05-13T11:29:21+00:00\",\"description\":\"Em um dos textos do Padre Eust\u00e1quio, ele traz uma bel\u00edssima reflex\u00e3o sobre a import\u00e2ncia da m\u00e3e crist\u00e3 e como ela pode fazer diferen\u00e7a na vida da fam\u00edlia. Neste Dia das M\u00e3es, vamos refletir com Padre Eust\u00e1quio sobre o papel das m\u00e3es no lar.\",\"breadcrumb\":{\"@id\":\"https:\/\/www.padreeustaquio.com.br\/vivendo-o-dia-das-maes-inspirados-em-padre-eustaquio\/#breadcrumb\"},\"inLanguage\":\"es\",\"potentialAction\":[{\"@type\":\"ReadAction\",\"target\":[\"https:\/\/www.padreeustaquio.com.br\/vivendo-o-dia-das-maes-inspirados-em-padre-eustaquio\/\"]}]},{\"@type\":\"ImageObject\",\"inLanguage\":\"es\",\"@id\":\"https:\/\/www.padreeustaquio.com.br\/vivendo-o-dia-das-maes-inspirados-em-padre-eustaquio\/#primaryimage\",\"url\":\"https:\/\/www.padreeustaquio.com.br\/wp-content\/uploads\/2024\/05\/Mae-Crista.jpeg\",\"contentUrl\":\"https:\/\/www.padreeustaquio.com.br\/wp-content\/uploads\/2024\/05\/Mae-Crista.jpeg\",\"width\":1600,\"height\":1135},{\"@type\":\"BreadcrumbList\",\"@id\":\"https:\/\/www.padreeustaquio.com.br\/vivendo-o-dia-das-maes-inspirados-em-padre-eustaquio\/#breadcrumb\",\"itemListElement\":[{\"@type\":\"ListItem\",\"position\":1,\"name\":\"In\u00edcio\",\"item\":\"https:\/\/www.padreeustaquio.com.br\/\"},{\"@type\":\"ListItem\",\"position\":2,\"name\":\"Vivendo o Dia das M\u00e3es inspirados em Padre Eust\u00e1quio\"}]},{\"@type\":\"WebSite\",\"@id\":\"https:\/\/www.padreeustaquio.com.br\/#website\",\"url\":\"https:\/\/www.padreeustaquio.com.br\/\",\"name\":\"Padre Eust\u00e1quio\",\"description\":\"Sa\u00fade e Paz\",\"publisher\":{\"@id\":\"https:\/\/www.padreeustaquio.com.br\/#organization\"},\"potentialAction\":[{\"@type\":\"SearchAction\",\"target\":{\"@type\":\"EntryPoint\",\"urlTemplate\":\"https:\/\/www.padreeustaquio.com.br\/?s={search_term_string}\"},\"query-input\":{\"@type\":\"PropertyValueSpecification\",\"valueRequired\":true,\"valueName\":\"search_term_string\"}}],\"inLanguage\":\"es\"},{\"@type\":\"Organization\",\"@id\":\"https:\/\/www.padreeustaquio.com.br\/#organization\",\"name\":\"Padre Eust\u00e1quio\",\"url\":\"https:\/\/www.padreeustaquio.com.br\/\",\"logo\":{\"@type\":\"ImageObject\",\"inLanguage\":\"es\",\"@id\":\"https:\/\/www.padreeustaquio.com.br\/#\/schema\/logo\/image\/\",\"url\":\"https:\/\/www.padreeustaquio.com.br\/wp-content\/uploads\/2019\/08\/marca.png\",\"contentUrl\":\"https:\/\/www.padreeustaquio.com.br\/wp-content\/uploads\/2019\/08\/marca.png\",\"width\":350,\"height\":400,\"caption\":\"Padre Eust\u00e1quio\"},\"image\":{\"@id\":\"https:\/\/www.padreeustaquio.com.br\/#\/schema\/logo\/image\/\"},\"sameAs\":[\"https:\/\/www.facebook.com\/beatopadreeustaquio\/\",\"https:\/\/x.com\/beatopeustaquio\",\"https:\/\/www.instagram.com\/beatopadreeustaquio\/\",\"https:\/\/www.youtube.com\/channel\/UCRhw7vfabnajwLxb1ZXMeIw\"]},{\"@type\":\"Person\",\"@id\":\"https:\/\/www.padreeustaquio.com.br\/#\/schema\/person\/a2a51db1d00f1a7af0204a0f1ddb1566\",\"name\":\"@sscc\",\"image\":{\"@type\":\"ImageObject\",\"inLanguage\":\"es\",\"@id\":\"https:\/\/secure.gravatar.com\/avatar\/68cfafa5f44617fea54071e215026e0ff06be366c3d54a8425f04fdcb86f8c5f?s=96&d=mm&r=g\",\"url\":\"https:\/\/secure.gravatar.com\/avatar\/68cfafa5f44617fea54071e215026e0ff06be366c3d54a8425f04fdcb86f8c5f?s=96&d=mm&r=g\",\"contentUrl\":\"https:\/\/secure.gravatar.com\/avatar\/68cfafa5f44617fea54071e215026e0ff06be366c3d54a8425f04fdcb86f8c5f?s=96&d=mm&r=g\",\"caption\":\"@sscc\"},\"url\":\"https:\/\/www.padreeustaquio.com.br\/es\/author\/sscc\/\"}]}<\/script>\n<!-- \/ Yoast SEO plugin. -->","yoast_head_json":{"title":"Celebrando el D\u00eda de la Madre inspirados en el Padre Eust\u00e1quio","description":"En uno de sus textos, el Padre Eust\u00e1quio ofrece una hermosa reflexi\u00f3n sobre la importancia de la madre cristiana y c\u00f3mo puede marcar la diferencia en la vida familiar. En este D\u00eda de la Madre, reflexionemos con el Padre Eust\u00e1quio sobre el papel de las madres en el hogar.","robots":{"index":"index","follow":"follow","max-snippet":"max-snippet:-1","max-image-preview":"max-image-preview:large","max-video-preview":"max-video-preview:-1"},"canonical":"https:\/\/www.padreeustaquio.com.br\/es\/celebrando-el-dia-de-la-madre-inspirados-en-el-padre-eustaquio\/","og_locale":"es_ES","og_type":"article","og_title":"Vivendo o Dia das M\u00e3es inspirados em Padre Eust\u00e1quio","og_description":"Em um dos textos do Padre Eust\u00e1quio, ele traz uma bel\u00edssima reflex\u00e3o sobre a import\u00e2ncia da m\u00e3e crist\u00e3 e como ela pode fazer diferen\u00e7a na vida da fam\u00edlia. Neste Dia das M\u00e3es, vamos refletir com Padre Eust\u00e1quio sobre o papel das m\u00e3es no lar.","og_url":"https:\/\/www.padreeustaquio.com.br\/es\/celebrando-el-dia-de-la-madre-inspirados-en-el-padre-eustaquio\/","og_site_name":"Padre Eust\u00e1quio","article_publisher":"https:\/\/www.facebook.com\/beatopadreeustaquio\/","article_published_time":"2024-05-12T11:24:44+00:00","article_modified_time":"2024-05-13T11:29:21+00:00","og_image":[{"width":1600,"height":1135,"url":"https:\/\/www.padreeustaquio.com.br\/wp-content\/uploads\/2024\/05\/Mae-Crista.jpeg","type":"image\/jpeg"}],"author":"@sscc","twitter_card":"summary_large_image","twitter_creator":"@beatopeustaquio","twitter_site":"@beatopeustaquio","twitter_misc":{"Escrito por":"@sscc","Tiempo de lectura":"3 minutos"},"schema":{"@context":"https:\/\/schema.org","@graph":[{"@type":"Article","@id":"https:\/\/www.padreeustaquio.com.br\/vivendo-o-dia-das-maes-inspirados-em-padre-eustaquio\/#article","isPartOf":{"@id":"https:\/\/www.padreeustaquio.com.br\/vivendo-o-dia-das-maes-inspirados-em-padre-eustaquio\/"},"author":{"name":"@sscc","@id":"https:\/\/www.padreeustaquio.com.br\/#\/schema\/person\/a2a51db1d00f1a7af0204a0f1ddb1566"},"headline":"Vivendo o Dia das M\u00e3es inspirados em Padre Eust\u00e1quio","datePublished":"2024-05-12T11:24:44+00:00","dateModified":"2024-05-13T11:29:21+00:00","mainEntityOfPage":{"@id":"https:\/\/www.padreeustaquio.com.br\/vivendo-o-dia-das-maes-inspirados-em-padre-eustaquio\/"},"wordCount":554,"commentCount":0,"publisher":{"@id":"https:\/\/www.padreeustaquio.com.br\/#organization"},"image":{"@id":"https:\/\/www.padreeustaquio.com.br\/vivendo-o-dia-das-maes-inspirados-em-padre-eustaquio\/#primaryimage"},"thumbnailUrl":"https:\/\/www.padreeustaquio.com.br\/wp-content\/uploads\/2024\/05\/Mae-Crista.jpeg","articleSection":["Not\u00edcias"],"inLanguage":"es","potentialAction":[{"@type":"CommentAction","name":"Comment","target":["https:\/\/www.padreeustaquio.com.br\/vivendo-o-dia-das-maes-inspirados-em-padre-eustaquio\/#respond"]}]},{"@type":"WebPage","@id":"https:\/\/www.padreeustaquio.com.br\/vivendo-o-dia-das-maes-inspirados-em-padre-eustaquio\/","url":"https:\/\/www.padreeustaquio.com.br\/vivendo-o-dia-das-maes-inspirados-em-padre-eustaquio\/","name":"Celebrando el D\u00eda de la Madre inspirados en el Padre Eust\u00e1quio","isPartOf":{"@id":"https:\/\/www.padreeustaquio.com.br\/#website"},"primaryImageOfPage":{"@id":"https:\/\/www.padreeustaquio.com.br\/vivendo-o-dia-das-maes-inspirados-em-padre-eustaquio\/#primaryimage"},"image":{"@id":"https:\/\/www.padreeustaquio.com.br\/vivendo-o-dia-das-maes-inspirados-em-padre-eustaquio\/#primaryimage"},"thumbnailUrl":"https:\/\/www.padreeustaquio.com.br\/wp-content\/uploads\/2024\/05\/Mae-Crista.jpeg","datePublished":"2024-05-12T11:24:44+00:00","dateModified":"2024-05-13T11:29:21+00:00","description":"En uno de sus textos, el Padre Eust\u00e1quio ofrece una hermosa reflexi\u00f3n sobre la importancia de la madre cristiana y c\u00f3mo puede marcar la diferencia en la vida familiar. En este D\u00eda de la Madre, reflexionemos con el Padre Eust\u00e1quio sobre el papel de las madres en el hogar.","breadcrumb":{"@id":"https:\/\/www.padreeustaquio.com.br\/vivendo-o-dia-das-maes-inspirados-em-padre-eustaquio\/#breadcrumb"},"inLanguage":"es","potentialAction":[{"@type":"ReadAction","target":["https:\/\/www.padreeustaquio.com.br\/vivendo-o-dia-das-maes-inspirados-em-padre-eustaquio\/"]}]},{"@type":"ImageObject","inLanguage":"es","@id":"https:\/\/www.padreeustaquio.com.br\/vivendo-o-dia-das-maes-inspirados-em-padre-eustaquio\/#primaryimage","url":"https:\/\/www.padreeustaquio.com.br\/wp-content\/uploads\/2024\/05\/Mae-Crista.jpeg","contentUrl":"https:\/\/www.padreeustaquio.com.br\/wp-content\/uploads\/2024\/05\/Mae-Crista.jpeg","width":1600,"height":1135},{"@type":"BreadcrumbList","@id":"https:\/\/www.padreeustaquio.com.br\/vivendo-o-dia-das-maes-inspirados-em-padre-eustaquio\/#breadcrumb","itemListElement":[{"@type":"ListItem","position":1,"name":"In\u00edcio","item":"https:\/\/www.padreeustaquio.com.br\/"},{"@type":"ListItem","position":2,"name":"Vivendo o Dia das M\u00e3es inspirados em Padre Eust\u00e1quio"}]},{"@type":"WebSite","@id":"https:\/\/www.padreeustaquio.com.br\/#website","url":"https:\/\/www.padreeustaquio.com.br\/","name":"Padre Eustace","description":"Salud y Paz","publisher":{"@id":"https:\/\/www.padreeustaquio.com.br\/#organization"},"potentialAction":[{"@type":"SearchAction","target":{"@type":"EntryPoint","urlTemplate":"https:\/\/www.padreeustaquio.com.br\/?s={search_term_string}"},"query-input":{"@type":"PropertyValueSpecification","valueRequired":true,"valueName":"search_term_string"}}],"inLanguage":"es"},{"@type":"Organization","@id":"https:\/\/www.padreeustaquio.com.br\/#organization","name":"Padre Eustace","url":"https:\/\/www.padreeustaquio.com.br\/","logo":{"@type":"ImageObject","inLanguage":"es","@id":"https:\/\/www.padreeustaquio.com.br\/#\/schema\/logo\/image\/","url":"https:\/\/www.padreeustaquio.com.br\/wp-content\/uploads\/2019\/08\/marca.png","contentUrl":"https:\/\/www.padreeustaquio.com.br\/wp-content\/uploads\/2019\/08\/marca.png","width":350,"height":400,"caption":"Padre Eust\u00e1quio"},"image":{"@id":"https:\/\/www.padreeustaquio.com.br\/#\/schema\/logo\/image\/"},"sameAs":["https:\/\/www.facebook.com\/beatopadreeustaquio\/","https:\/\/x.com\/beatopeustaquio","https:\/\/www.instagram.com\/beatopadreeustaquio\/","https:\/\/www.youtube.com\/channel\/UCRhw7vfabnajwLxb1ZXMeIw"]},{"@type":"Person","@id":"https:\/\/www.padreeustaquio.com.br\/#\/schema\/person\/a2a51db1d00f1a7af0204a0f1ddb1566","name":"@sscc","image":{"@type":"ImageObject","inLanguage":"es","@id":"https:\/\/secure.gravatar.com\/avatar\/68cfafa5f44617fea54071e215026e0ff06be366c3d54a8425f04fdcb86f8c5f?s=96&d=mm&r=g","url":"https:\/\/secure.gravatar.com\/avatar\/68cfafa5f44617fea54071e215026e0ff06be366c3d54a8425f04fdcb86f8c5f?s=96&d=mm&r=g","contentUrl":"https:\/\/secure.gravatar.com\/avatar\/68cfafa5f44617fea54071e215026e0ff06be366c3d54a8425f04fdcb86f8c5f?s=96&d=mm&r=g","caption":"@sscc"},"url":"https:\/\/www.padreeustaquio.com.br\/es\/author\/sscc\/"}]}},"_links":{"self":[{"href":"https:\/\/www.padreeustaquio.com.br\/es\/wp-json\/wp\/v2\/posts\/11313","targetHints":{"allow":["GET"]}}],"collection":[{"href":"https:\/\/www.padreeustaquio.com.br\/es\/wp-json\/wp\/v2\/posts"}],"about":[{"href":"https:\/\/www.padreeustaquio.com.br\/es\/wp-json\/wp\/v2\/types\/post"}],"author":[{"embeddable":true,"href":"https:\/\/www.padreeustaquio.com.br\/es\/wp-json\/wp\/v2\/users\/2"}],"replies":[{"embeddable":true,"href":"https:\/\/www.padreeustaquio.com.br\/es\/wp-json\/wp\/v2\/comments?post=11313"}],"version-history":[{"count":0,"href":"https:\/\/www.padreeustaquio.com.br\/es\/wp-json\/wp\/v2\/posts\/11313\/revisions"}],"wp:featuredmedia":[{"embeddable":true,"href":"https:\/\/www.padreeustaquio.com.br\/es\/wp-json\/wp\/v2\/media\/11314"}],"wp:attachment":[{"href":"https:\/\/www.padreeustaquio.com.br\/es\/wp-json\/wp\/v2\/media?parent=11313"}],"wp:term":[{"taxonomy":"category","embeddable":true,"href":"https:\/\/www.padreeustaquio.com.br\/es\/wp-json\/wp\/v2\/categories?post=11313"},{"taxonomy":"post_tag","embeddable":true,"href":"https:\/\/www.padreeustaquio.com.br\/es\/wp-json\/wp\/v2\/tags?post=11313"}],"curies":[{"name":"wp","href":"https:\/\/api.w.org\/{rel}","templated":true}]}}