{"id":11308,"date":"2024-05-10T06:29:14","date_gmt":"2024-05-10T09:29:14","guid":{"rendered":"https:\/\/www.padreeustaquio.com.br\/?p=11308"},"modified":"2024-05-08T15:56:42","modified_gmt":"2024-05-08T18:56:42","slug":"san-damian-de-molokai-el-santo-que-inspiro-al-padre-eustace-y-que-se-celebra-hoy-en-dia","status":"publish","type":"post","link":"https:\/\/www.padreeustaquio.com.br\/es\/san-damian-de-molokai-el-santo-que-inspiro-al-padre-eustace-y-que-se-celebra-hoy-en-dia\/","title":{"rendered":"SAN DAMIAN DE MOLOKAI \u2013 Hoy se celebra el santo que inspir\u00f3 al Padre Eust\u00e1quio."},"content":{"rendered":"<p>Desde su infancia, el Padre Eustace se inspir\u00f3 en las historias y el hero\u00edsmo de San Dami\u00e1n de Molokai, conocido por su amor y cuidado hacia las personas que padec\u00edan la enfermedad de Hansen (lepra). Esta inspiraci\u00f3n lo impuls\u00f3 a seguir los pasos del santo, entrando en la vida religiosa y convirti\u00e9ndose en misionero.<\/p>\n<p><strong>\u00bfQui\u00e9n fue San Dami\u00e1n de Molokai?<\/strong><\/p>\n<p>Jozef de Veuster naci\u00f3 en Tremelo el 3 de enero de 1840. Al ingresar al noviciado de la Congregaci\u00f3n de los Sagrados Corazones de Jes\u00fas y Mar\u00eda, adopt\u00f3 el nombre de Dami\u00e1n. Influenciado por su hermano, quien deseaba ser misionero en tierras lejanas, Dami\u00e1n tambi\u00e9n sinti\u00f3 el llamado a la misi\u00f3n. Con el permiso de la congregaci\u00f3n, parti\u00f3 hacia el archipi\u00e9lago hawaiano, llegando a la capital, Honolulu. All\u00ed fue ordenado sacerdote y se dedic\u00f3 especialmente a los enfermos.<\/p>\n<p>En aquella \u00e9poca, los enfermos de lepra fueron enviados a vivir a una colonia en la isla de Molokai. Al comprender la necesidad de asistencia espiritual para estas personas, Damien se ofreci\u00f3 como voluntario para esta misi\u00f3n. Con el tiempo, transform\u00f3 la isla, construyendo una iglesia, un hospital, una enfermer\u00eda, una escuela y viviendas para los habitantes.<\/p>\n<p>En 1885, a los 49 a\u00f1os, Dami\u00e1n tambi\u00e9n contrajo lepra. A pesar de que le ofrecieron tratamiento fuera de la isla, lo rechaz\u00f3 y opt\u00f3 por permanecer entre los enfermos. Incluso en su sufrimiento, continu\u00f3 su obra de amor y fe. Antes de fallecer, presenci\u00f3 la llegada de nuevos misioneros y monjas, entre ellos la Beata Madre Marianna Cope, quien lo sucedi\u00f3 en el cuidado de los enfermos. Dami\u00e1n falleci\u00f3 el 15 de abril de 1889.<\/p>\n<p><strong>El reconocimiento de la santidad<\/strong><\/p>\n<p>Beatificado por San Juan Pablo II en 1995 y canonizado por el Papa Benedicto XVI en 2009, San Dami\u00e1n de Molokai es recordado por su coraje, generosidad y amor por los m\u00e1s necesitados.<\/p>\n<p>El 10 de mayo fue elegido como d\u00eda lit\u00fargico para recordar a San Dami\u00e1n de Molokai, marcando la fecha en que lleg\u00f3 a la isla para comenzar su trabajo con los leprosos.<\/p>\n<p>San Dami\u00e1n de Molokai sigue siendo un ejemplo vivo de c\u00f3mo el amor y la dedicaci\u00f3n pueden transformar vidas, incluso en las circunstancias m\u00e1s dif\u00edciles. Su vida nos inspira a servir a los necesitados con valent\u00eda, compasi\u00f3n y fe. M\u00e1s informaci\u00f3n. <a href=\"https:\/\/www.youtube.com\/watch?v=GltkBX-Vf-Q#:~:text=Senhor%2C%20tu%20est%C3%A1s%20a%20beira,pra%20sempre%20benditos%20e%20louvados!\">HIMNO A SAN DAMIAN DE MOLOKAI<\/a> con la versi\u00f3n portuguesa de la letra escrita por Guillermo Rosas.<\/p>","protected":false},"excerpt":{"rendered":"<p>Desde a sua inf\u00e2ncia, Padre Eust\u00e1quio foi inspirado pelas hist\u00f3rias e pelo hero\u00edsmo de S\u00e3o Dami\u00e3o de Molokai, conhecido por seu amor e cuidado \u00e0s pessoas que sofriam com a Hansen\u00edase (lepra). Essa inspira\u00e7\u00e3o o levou a seguir os passos do Santo, ingressando na vida religiosa e tornando-se um mission\u00e1rio. Quem foi S\u00e3o Dami\u00e3o de Molokai? Jozef de Veuster nasceu em Tremelo, no dia 3 de janeiro de 1840. Ao ingressar no noviciado da Congrega\u00e7\u00e3o dos Sagrados Cora\u00e7\u00f5es de Jesus e Maria, adotou o nome de Dami\u00e3o. Influenciado pelo seu irm\u00e3o, que tinha o desejo de se tornar mission\u00e1rio em [&hellip;]<\/p>\n","protected":false},"author":2,"featured_media":11311,"comment_status":"open","ping_status":"closed","sticky":false,"template":"","format":"standard","meta":{"_acf_changed":false,"footnotes":""},"categories":[611],"tags":[],"class_list":["post-11308","post","type-post","status-publish","format-standard","has-post-thumbnail","hentry","category-noticias"],"acf":[],"yoast_head":"<!-- This site is optimized with the Yoast SEO plugin v27.2 - https:\/\/yoast.com\/product\/yoast-seo-wordpress\/ -->\n<title>S\u00c3O DAMI\u00c3O DE MOLOKAI - Santo que inspirou Pe. Eust\u00e1quio \u00e9 celebrado hoje<\/title>\n<meta name=\"description\" content=\"Desde a sua inf\u00e2ncia, Padre Eust\u00e1quio foi inspirado pelas hist\u00f3rias e pelo hero\u00edsmo de S\u00e3o Dami\u00e3o de Molokai, conhecido por seu amor e cuidado \u00e0s pessoas que sofriam com a Hansen\u00edase (lepra). Essa inspira\u00e7\u00e3o o levou a seguir os passos do Santo, ingressando na vida religiosa e tornando-se um mission\u00e1rio.\" \/>\n<meta name=\"robots\" content=\"index, follow, max-snippet:-1, max-image-preview:large, max-video-preview:-1\" \/>\n<link rel=\"canonical\" href=\"https:\/\/www.padreeustaquio.com.br\/es\/san-damian-de-molokai-el-santo-que-inspiro-al-padre-eustace-y-que-se-celebra-hoy-en-dia\/\" \/>\n<meta property=\"og:locale\" content=\"es_ES\" \/>\n<meta property=\"og:type\" content=\"article\" \/>\n<meta property=\"og:title\" content=\"S\u00c3O DAMI\u00c3O DE MOLOKAI - Santo que inspirou Pe. Eust\u00e1quio \u00e9 celebrado hoje\" \/>\n<meta property=\"og:description\" content=\"Desde a sua inf\u00e2ncia, Padre Eust\u00e1quio foi inspirado pelas hist\u00f3rias e pelo hero\u00edsmo de S\u00e3o Dami\u00e3o de Molokai, conhecido por seu amor e cuidado \u00e0s pessoas que sofriam com a Hansen\u00edase (lepra). Essa inspira\u00e7\u00e3o o levou a seguir os passos do Santo, ingressando na vida religiosa e tornando-se um mission\u00e1rio.\" \/>\n<meta property=\"og:url\" content=\"https:\/\/www.padreeustaquio.com.br\/es\/san-damian-de-molokai-el-santo-que-inspiro-al-padre-eustace-y-que-se-celebra-hoy-en-dia\/\" \/>\n<meta property=\"og:site_name\" content=\"Padre Eust\u00e1quio\" \/>\n<meta property=\"article:publisher\" content=\"https:\/\/www.facebook.com\/beatopadreeustaquio\/\" \/>\n<meta property=\"article:published_time\" content=\"2024-05-10T09:29:14+00:00\" \/>\n<meta property=\"og:image\" content=\"https:\/\/www.padreeustaquio.com.br\/wp-content\/uploads\/2024\/05\/Sao-damiao-de-molokai.jpeg\" \/>\n\t<meta property=\"og:image:width\" content=\"639\" \/>\n\t<meta property=\"og:image:height\" content=\"392\" \/>\n\t<meta property=\"og:image:type\" content=\"image\/jpeg\" \/>\n<meta name=\"author\" content=\"@sscc\" \/>\n<meta name=\"twitter:card\" content=\"summary_large_image\" \/>\n<meta name=\"twitter:creator\" content=\"@beatopeustaquio\" \/>\n<meta name=\"twitter:site\" content=\"@beatopeustaquio\" \/>\n<meta name=\"twitter:label1\" content=\"Escrito por\" \/>\n\t<meta name=\"twitter:data1\" content=\"@sscc\" \/>\n\t<meta name=\"twitter:label2\" content=\"Tiempo de lectura\" \/>\n\t<meta name=\"twitter:data2\" content=\"3 minutos\" \/>\n<script type=\"application\/ld+json\" class=\"yoast-schema-graph\">{\"@context\":\"https:\/\/schema.org\",\"@graph\":[{\"@type\":\"Article\",\"@id\":\"https:\/\/www.padreeustaquio.com.br\/sao-damiao-de-molokai-santo-que-inspirou-pe-eustaquio-e-celebrado-hoje\/#article\",\"isPartOf\":{\"@id\":\"https:\/\/www.padreeustaquio.com.br\/sao-damiao-de-molokai-santo-que-inspirou-pe-eustaquio-e-celebrado-hoje\/\"},\"author\":{\"name\":\"@sscc\",\"@id\":\"https:\/\/www.padreeustaquio.com.br\/#\/schema\/person\/a2a51db1d00f1a7af0204a0f1ddb1566\"},\"headline\":\"S\u00c3O DAMI\u00c3O DE MOLOKAI &#8211; Santo que inspirou Pe. Eust\u00e1quio \u00e9 celebrado hoje\",\"datePublished\":\"2024-05-10T09:29:14+00:00\",\"mainEntityOfPage\":{\"@id\":\"https:\/\/www.padreeustaquio.com.br\/sao-damiao-de-molokai-santo-que-inspirou-pe-eustaquio-e-celebrado-hoje\/\"},\"wordCount\":429,\"commentCount\":0,\"publisher\":{\"@id\":\"https:\/\/www.padreeustaquio.com.br\/#organization\"},\"image\":{\"@id\":\"https:\/\/www.padreeustaquio.com.br\/sao-damiao-de-molokai-santo-que-inspirou-pe-eustaquio-e-celebrado-hoje\/#primaryimage\"},\"thumbnailUrl\":\"https:\/\/www.padreeustaquio.com.br\/wp-content\/uploads\/2024\/05\/Sao-damiao-de-molokai.jpeg\",\"articleSection\":[\"Not\u00edcias\"],\"inLanguage\":\"es\",\"potentialAction\":[{\"@type\":\"CommentAction\",\"name\":\"Comment\",\"target\":[\"https:\/\/www.padreeustaquio.com.br\/sao-damiao-de-molokai-santo-que-inspirou-pe-eustaquio-e-celebrado-hoje\/#respond\"]}]},{\"@type\":\"WebPage\",\"@id\":\"https:\/\/www.padreeustaquio.com.br\/sao-damiao-de-molokai-santo-que-inspirou-pe-eustaquio-e-celebrado-hoje\/\",\"url\":\"https:\/\/www.padreeustaquio.com.br\/sao-damiao-de-molokai-santo-que-inspirou-pe-eustaquio-e-celebrado-hoje\/\",\"name\":\"S\u00c3O DAMI\u00c3O DE MOLOKAI - Santo que inspirou Pe. Eust\u00e1quio \u00e9 celebrado hoje\",\"isPartOf\":{\"@id\":\"https:\/\/www.padreeustaquio.com.br\/#website\"},\"primaryImageOfPage\":{\"@id\":\"https:\/\/www.padreeustaquio.com.br\/sao-damiao-de-molokai-santo-que-inspirou-pe-eustaquio-e-celebrado-hoje\/#primaryimage\"},\"image\":{\"@id\":\"https:\/\/www.padreeustaquio.com.br\/sao-damiao-de-molokai-santo-que-inspirou-pe-eustaquio-e-celebrado-hoje\/#primaryimage\"},\"thumbnailUrl\":\"https:\/\/www.padreeustaquio.com.br\/wp-content\/uploads\/2024\/05\/Sao-damiao-de-molokai.jpeg\",\"datePublished\":\"2024-05-10T09:29:14+00:00\",\"description\":\"Desde a sua inf\u00e2ncia, Padre Eust\u00e1quio foi inspirado pelas hist\u00f3rias e pelo hero\u00edsmo de S\u00e3o Dami\u00e3o de Molokai, conhecido por seu amor e cuidado \u00e0s pessoas que sofriam com a Hansen\u00edase (lepra). Essa inspira\u00e7\u00e3o o levou a seguir os passos do Santo, ingressando na vida religiosa e tornando-se um mission\u00e1rio.\",\"breadcrumb\":{\"@id\":\"https:\/\/www.padreeustaquio.com.br\/sao-damiao-de-molokai-santo-que-inspirou-pe-eustaquio-e-celebrado-hoje\/#breadcrumb\"},\"inLanguage\":\"es\",\"potentialAction\":[{\"@type\":\"ReadAction\",\"target\":[\"https:\/\/www.padreeustaquio.com.br\/sao-damiao-de-molokai-santo-que-inspirou-pe-eustaquio-e-celebrado-hoje\/\"]}]},{\"@type\":\"ImageObject\",\"inLanguage\":\"es\",\"@id\":\"https:\/\/www.padreeustaquio.com.br\/sao-damiao-de-molokai-santo-que-inspirou-pe-eustaquio-e-celebrado-hoje\/#primaryimage\",\"url\":\"https:\/\/www.padreeustaquio.com.br\/wp-content\/uploads\/2024\/05\/Sao-damiao-de-molokai.jpeg\",\"contentUrl\":\"https:\/\/www.padreeustaquio.com.br\/wp-content\/uploads\/2024\/05\/Sao-damiao-de-molokai.jpeg\",\"width\":639,\"height\":392},{\"@type\":\"BreadcrumbList\",\"@id\":\"https:\/\/www.padreeustaquio.com.br\/sao-damiao-de-molokai-santo-que-inspirou-pe-eustaquio-e-celebrado-hoje\/#breadcrumb\",\"itemListElement\":[{\"@type\":\"ListItem\",\"position\":1,\"name\":\"In\u00edcio\",\"item\":\"https:\/\/www.padreeustaquio.com.br\/\"},{\"@type\":\"ListItem\",\"position\":2,\"name\":\"S\u00c3O DAMI\u00c3O DE MOLOKAI &#8211; Santo que inspirou Pe. Eust\u00e1quio \u00e9 celebrado hoje\"}]},{\"@type\":\"WebSite\",\"@id\":\"https:\/\/www.padreeustaquio.com.br\/#website\",\"url\":\"https:\/\/www.padreeustaquio.com.br\/\",\"name\":\"Padre Eust\u00e1quio\",\"description\":\"Sa\u00fade e Paz\",\"publisher\":{\"@id\":\"https:\/\/www.padreeustaquio.com.br\/#organization\"},\"potentialAction\":[{\"@type\":\"SearchAction\",\"target\":{\"@type\":\"EntryPoint\",\"urlTemplate\":\"https:\/\/www.padreeustaquio.com.br\/?s={search_term_string}\"},\"query-input\":{\"@type\":\"PropertyValueSpecification\",\"valueRequired\":true,\"valueName\":\"search_term_string\"}}],\"inLanguage\":\"es\"},{\"@type\":\"Organization\",\"@id\":\"https:\/\/www.padreeustaquio.com.br\/#organization\",\"name\":\"Padre Eust\u00e1quio\",\"url\":\"https:\/\/www.padreeustaquio.com.br\/\",\"logo\":{\"@type\":\"ImageObject\",\"inLanguage\":\"es\",\"@id\":\"https:\/\/www.padreeustaquio.com.br\/#\/schema\/logo\/image\/\",\"url\":\"https:\/\/www.padreeustaquio.com.br\/wp-content\/uploads\/2019\/08\/marca.png\",\"contentUrl\":\"https:\/\/www.padreeustaquio.com.br\/wp-content\/uploads\/2019\/08\/marca.png\",\"width\":350,\"height\":400,\"caption\":\"Padre Eust\u00e1quio\"},\"image\":{\"@id\":\"https:\/\/www.padreeustaquio.com.br\/#\/schema\/logo\/image\/\"},\"sameAs\":[\"https:\/\/www.facebook.com\/beatopadreeustaquio\/\",\"https:\/\/x.com\/beatopeustaquio\",\"https:\/\/www.instagram.com\/beatopadreeustaquio\/\",\"https:\/\/www.youtube.com\/channel\/UCRhw7vfabnajwLxb1ZXMeIw\"]},{\"@type\":\"Person\",\"@id\":\"https:\/\/www.padreeustaquio.com.br\/#\/schema\/person\/a2a51db1d00f1a7af0204a0f1ddb1566\",\"name\":\"@sscc\",\"image\":{\"@type\":\"ImageObject\",\"inLanguage\":\"es\",\"@id\":\"https:\/\/secure.gravatar.com\/avatar\/68cfafa5f44617fea54071e215026e0ff06be366c3d54a8425f04fdcb86f8c5f?s=96&d=mm&r=g\",\"url\":\"https:\/\/secure.gravatar.com\/avatar\/68cfafa5f44617fea54071e215026e0ff06be366c3d54a8425f04fdcb86f8c5f?s=96&d=mm&r=g\",\"contentUrl\":\"https:\/\/secure.gravatar.com\/avatar\/68cfafa5f44617fea54071e215026e0ff06be366c3d54a8425f04fdcb86f8c5f?s=96&d=mm&r=g\",\"caption\":\"@sscc\"},\"url\":\"https:\/\/www.padreeustaquio.com.br\/es\/author\/sscc\/\"}]}<\/script>\n<!-- \/ Yoast SEO plugin. -->","yoast_head_json":{"title":"SAN DAMIAN DE MOLOKAI - Hoy se celebra al santo que inspir\u00f3 al Padre Eust\u00e1quio.","description":"Desde su infancia, el Padre Eustace se inspir\u00f3 en las historias y el hero\u00edsmo de San Dami\u00e1n de Molokai, conocido por su amor y cuidado hacia las personas que padec\u00edan la enfermedad de Hansen (lepra). Esta inspiraci\u00f3n lo impuls\u00f3 a seguir los pasos del santo, entrando en la vida religiosa y convirti\u00e9ndose en misionero.","robots":{"index":"index","follow":"follow","max-snippet":"max-snippet:-1","max-image-preview":"max-image-preview:large","max-video-preview":"max-video-preview:-1"},"canonical":"https:\/\/www.padreeustaquio.com.br\/es\/san-damian-de-molokai-el-santo-que-inspiro-al-padre-eustace-y-que-se-celebra-hoy-en-dia\/","og_locale":"es_ES","og_type":"article","og_title":"S\u00c3O DAMI\u00c3O DE MOLOKAI - Santo que inspirou Pe. Eust\u00e1quio \u00e9 celebrado hoje","og_description":"Desde a sua inf\u00e2ncia, Padre Eust\u00e1quio foi inspirado pelas hist\u00f3rias e pelo hero\u00edsmo de S\u00e3o Dami\u00e3o de Molokai, conhecido por seu amor e cuidado \u00e0s pessoas que sofriam com a Hansen\u00edase (lepra). Essa inspira\u00e7\u00e3o o levou a seguir os passos do Santo, ingressando na vida religiosa e tornando-se um mission\u00e1rio.","og_url":"https:\/\/www.padreeustaquio.com.br\/es\/san-damian-de-molokai-el-santo-que-inspiro-al-padre-eustace-y-que-se-celebra-hoy-en-dia\/","og_site_name":"Padre Eust\u00e1quio","article_publisher":"https:\/\/www.facebook.com\/beatopadreeustaquio\/","article_published_time":"2024-05-10T09:29:14+00:00","og_image":[{"width":639,"height":392,"url":"https:\/\/www.padreeustaquio.com.br\/wp-content\/uploads\/2024\/05\/Sao-damiao-de-molokai.jpeg","type":"image\/jpeg"}],"author":"@sscc","twitter_card":"summary_large_image","twitter_creator":"@beatopeustaquio","twitter_site":"@beatopeustaquio","twitter_misc":{"Escrito por":"@sscc","Tiempo de lectura":"3 minutos"},"schema":{"@context":"https:\/\/schema.org","@graph":[{"@type":"Article","@id":"https:\/\/www.padreeustaquio.com.br\/sao-damiao-de-molokai-santo-que-inspirou-pe-eustaquio-e-celebrado-hoje\/#article","isPartOf":{"@id":"https:\/\/www.padreeustaquio.com.br\/sao-damiao-de-molokai-santo-que-inspirou-pe-eustaquio-e-celebrado-hoje\/"},"author":{"name":"@sscc","@id":"https:\/\/www.padreeustaquio.com.br\/#\/schema\/person\/a2a51db1d00f1a7af0204a0f1ddb1566"},"headline":"S\u00c3O DAMI\u00c3O DE MOLOKAI &#8211; Santo que inspirou Pe. Eust\u00e1quio \u00e9 celebrado hoje","datePublished":"2024-05-10T09:29:14+00:00","mainEntityOfPage":{"@id":"https:\/\/www.padreeustaquio.com.br\/sao-damiao-de-molokai-santo-que-inspirou-pe-eustaquio-e-celebrado-hoje\/"},"wordCount":429,"commentCount":0,"publisher":{"@id":"https:\/\/www.padreeustaquio.com.br\/#organization"},"image":{"@id":"https:\/\/www.padreeustaquio.com.br\/sao-damiao-de-molokai-santo-que-inspirou-pe-eustaquio-e-celebrado-hoje\/#primaryimage"},"thumbnailUrl":"https:\/\/www.padreeustaquio.com.br\/wp-content\/uploads\/2024\/05\/Sao-damiao-de-molokai.jpeg","articleSection":["Not\u00edcias"],"inLanguage":"es","potentialAction":[{"@type":"CommentAction","name":"Comment","target":["https:\/\/www.padreeustaquio.com.br\/sao-damiao-de-molokai-santo-que-inspirou-pe-eustaquio-e-celebrado-hoje\/#respond"]}]},{"@type":"WebPage","@id":"https:\/\/www.padreeustaquio.com.br\/sao-damiao-de-molokai-santo-que-inspirou-pe-eustaquio-e-celebrado-hoje\/","url":"https:\/\/www.padreeustaquio.com.br\/sao-damiao-de-molokai-santo-que-inspirou-pe-eustaquio-e-celebrado-hoje\/","name":"SAN DAMIAN DE MOLOKAI - Hoy se celebra al santo que inspir\u00f3 al Padre Eust\u00e1quio.","isPartOf":{"@id":"https:\/\/www.padreeustaquio.com.br\/#website"},"primaryImageOfPage":{"@id":"https:\/\/www.padreeustaquio.com.br\/sao-damiao-de-molokai-santo-que-inspirou-pe-eustaquio-e-celebrado-hoje\/#primaryimage"},"image":{"@id":"https:\/\/www.padreeustaquio.com.br\/sao-damiao-de-molokai-santo-que-inspirou-pe-eustaquio-e-celebrado-hoje\/#primaryimage"},"thumbnailUrl":"https:\/\/www.padreeustaquio.com.br\/wp-content\/uploads\/2024\/05\/Sao-damiao-de-molokai.jpeg","datePublished":"2024-05-10T09:29:14+00:00","description":"Desde su infancia, el Padre Eustace se inspir\u00f3 en las historias y el hero\u00edsmo de San Dami\u00e1n de Molokai, conocido por su amor y cuidado hacia las personas que padec\u00edan la enfermedad de Hansen (lepra). Esta inspiraci\u00f3n lo impuls\u00f3 a seguir los pasos del santo, entrando en la vida religiosa y convirti\u00e9ndose en misionero.","breadcrumb":{"@id":"https:\/\/www.padreeustaquio.com.br\/sao-damiao-de-molokai-santo-que-inspirou-pe-eustaquio-e-celebrado-hoje\/#breadcrumb"},"inLanguage":"es","potentialAction":[{"@type":"ReadAction","target":["https:\/\/www.padreeustaquio.com.br\/sao-damiao-de-molokai-santo-que-inspirou-pe-eustaquio-e-celebrado-hoje\/"]}]},{"@type":"ImageObject","inLanguage":"es","@id":"https:\/\/www.padreeustaquio.com.br\/sao-damiao-de-molokai-santo-que-inspirou-pe-eustaquio-e-celebrado-hoje\/#primaryimage","url":"https:\/\/www.padreeustaquio.com.br\/wp-content\/uploads\/2024\/05\/Sao-damiao-de-molokai.jpeg","contentUrl":"https:\/\/www.padreeustaquio.com.br\/wp-content\/uploads\/2024\/05\/Sao-damiao-de-molokai.jpeg","width":639,"height":392},{"@type":"BreadcrumbList","@id":"https:\/\/www.padreeustaquio.com.br\/sao-damiao-de-molokai-santo-que-inspirou-pe-eustaquio-e-celebrado-hoje\/#breadcrumb","itemListElement":[{"@type":"ListItem","position":1,"name":"In\u00edcio","item":"https:\/\/www.padreeustaquio.com.br\/"},{"@type":"ListItem","position":2,"name":"S\u00c3O DAMI\u00c3O DE MOLOKAI &#8211; Santo que inspirou Pe. Eust\u00e1quio \u00e9 celebrado hoje"}]},{"@type":"WebSite","@id":"https:\/\/www.padreeustaquio.com.br\/#website","url":"https:\/\/www.padreeustaquio.com.br\/","name":"Padre Eustace","description":"Salud y Paz","publisher":{"@id":"https:\/\/www.padreeustaquio.com.br\/#organization"},"potentialAction":[{"@type":"SearchAction","target":{"@type":"EntryPoint","urlTemplate":"https:\/\/www.padreeustaquio.com.br\/?s={search_term_string}"},"query-input":{"@type":"PropertyValueSpecification","valueRequired":true,"valueName":"search_term_string"}}],"inLanguage":"es"},{"@type":"Organization","@id":"https:\/\/www.padreeustaquio.com.br\/#organization","name":"Padre Eustace","url":"https:\/\/www.padreeustaquio.com.br\/","logo":{"@type":"ImageObject","inLanguage":"es","@id":"https:\/\/www.padreeustaquio.com.br\/#\/schema\/logo\/image\/","url":"https:\/\/www.padreeustaquio.com.br\/wp-content\/uploads\/2019\/08\/marca.png","contentUrl":"https:\/\/www.padreeustaquio.com.br\/wp-content\/uploads\/2019\/08\/marca.png","width":350,"height":400,"caption":"Padre Eust\u00e1quio"},"image":{"@id":"https:\/\/www.padreeustaquio.com.br\/#\/schema\/logo\/image\/"},"sameAs":["https:\/\/www.facebook.com\/beatopadreeustaquio\/","https:\/\/x.com\/beatopeustaquio","https:\/\/www.instagram.com\/beatopadreeustaquio\/","https:\/\/www.youtube.com\/channel\/UCRhw7vfabnajwLxb1ZXMeIw"]},{"@type":"Person","@id":"https:\/\/www.padreeustaquio.com.br\/#\/schema\/person\/a2a51db1d00f1a7af0204a0f1ddb1566","name":"@sscc","image":{"@type":"ImageObject","inLanguage":"es","@id":"https:\/\/secure.gravatar.com\/avatar\/68cfafa5f44617fea54071e215026e0ff06be366c3d54a8425f04fdcb86f8c5f?s=96&d=mm&r=g","url":"https:\/\/secure.gravatar.com\/avatar\/68cfafa5f44617fea54071e215026e0ff06be366c3d54a8425f04fdcb86f8c5f?s=96&d=mm&r=g","contentUrl":"https:\/\/secure.gravatar.com\/avatar\/68cfafa5f44617fea54071e215026e0ff06be366c3d54a8425f04fdcb86f8c5f?s=96&d=mm&r=g","caption":"@sscc"},"url":"https:\/\/www.padreeustaquio.com.br\/es\/author\/sscc\/"}]}},"_links":{"self":[{"href":"https:\/\/www.padreeustaquio.com.br\/es\/wp-json\/wp\/v2\/posts\/11308","targetHints":{"allow":["GET"]}}],"collection":[{"href":"https:\/\/www.padreeustaquio.com.br\/es\/wp-json\/wp\/v2\/posts"}],"about":[{"href":"https:\/\/www.padreeustaquio.com.br\/es\/wp-json\/wp\/v2\/types\/post"}],"author":[{"embeddable":true,"href":"https:\/\/www.padreeustaquio.com.br\/es\/wp-json\/wp\/v2\/users\/2"}],"replies":[{"embeddable":true,"href":"https:\/\/www.padreeustaquio.com.br\/es\/wp-json\/wp\/v2\/comments?post=11308"}],"version-history":[{"count":0,"href":"https:\/\/www.padreeustaquio.com.br\/es\/wp-json\/wp\/v2\/posts\/11308\/revisions"}],"wp:featuredmedia":[{"embeddable":true,"href":"https:\/\/www.padreeustaquio.com.br\/es\/wp-json\/wp\/v2\/media\/11311"}],"wp:attachment":[{"href":"https:\/\/www.padreeustaquio.com.br\/es\/wp-json\/wp\/v2\/media?parent=11308"}],"wp:term":[{"taxonomy":"category","embeddable":true,"href":"https:\/\/www.padreeustaquio.com.br\/es\/wp-json\/wp\/v2\/categories?post=11308"},{"taxonomy":"post_tag","embeddable":true,"href":"https:\/\/www.padreeustaquio.com.br\/es\/wp-json\/wp\/v2\/tags?post=11308"}],"curies":[{"name":"wp","href":"https:\/\/api.w.org\/{rel}","templated":true}]}}